{"id":9915,"date":"2021-04-21T03:04:26","date_gmt":"2021-04-21T01:04:26","guid":{"rendered":"https:\/\/www.freidenker.org\/?p=9915"},"modified":"2021-05-14T00:47:45","modified_gmt":"2021-05-13T22:47:45","slug":"kundgebungen-zum-135-geburtstag-von-ernst-thaelmann","status":"publish","type":"post","link":"https:\/\/www.freidenker.org\/?p=9915","title":{"rendered":"Kundgebungen zum 135. Geburtstag von Ernst Th\u00e4lmann"},"content":{"rendered":"<p>Anl\u00e4sslich des 135. Geburtstages von Ernst Th\u00e4lmann fanden am 17. und 18. April 2021 Kundgebungen am Ernst-Th\u00e4lmann-Denkmal in Berlin sowie vor dem Gel\u00e4nde der gesch\u00e4ndeten und zerst\u00f6rten Ernst-Th\u00e4lmann-Gedenkst\u00e4tte in Ziegenhals statt.<\/p>\n<p>Auf der Kundgebung am 17. April in Berlin sprach <em><strong>Hans Bauer<\/strong><\/em>, Vorsitzender der Gesellschaft zur Rechtlichen und Humanit\u00e4ren Unterst\u00fctzung (GRH) e.V. und Beiratsmitglied des Deutschen Freidenker-Verbandes. Der Hauptredner auf der Kundgebung am 18. April in Ziegenhals war <em><strong>Egon Krenz<\/strong><\/em>, ehemaliger Vorsitzender des Staatsrates der DDR.<\/p>\n<p>Wir dokumentieren hier beide Reden und ver\u00f6ffentlichen einige Bilder von den Veranstaltungen.<\/p>\n<p><span style=\"font-size: 10pt;\"><strong>Navigation<\/strong>:<\/span><br \/>\n<span style=\"font-size: 10pt;\"><a href=\"#r1\">Rede von Hans Bauer<\/a><\/span><br \/>\n<span style=\"font-size: 10pt;\"><a href=\"#g1\">Galerie, Berlin, 17.04.2021<\/a><\/span><br \/>\n<span style=\"font-size: 10pt;\"><a href=\"#r2\">Rede von Egon Krenz<\/a><\/span><br \/>\n<span style=\"font-size: 10pt;\"><a href=\"#g2\">Galerie, Ziegenhals, 18.04.2021<\/a><\/span><\/p>\n<hr \/>\n<h4><a id=\"r1\"><\/a>Aktionseinheit gegen Faschismus und Krieg &#8211; wichtigste Lehre im Th\u00e4lmannschen Sinne<\/h4>\n<p><em>Rede von <strong>Hans Bauer<\/strong> auf der Kundgebung am Ernst-Th\u00e4lmann-Denkmal in Berlin am 17. April 2021<\/em><\/p>\n<p>&nbsp;<\/p>\n<p>Liebe Genossinnen und Genossen, liebe Th\u00e4lmann-Freundinnen und -Freunde.<\/p>\n<p>Es ist mir eine Ehre, heute hier sprechen zu d\u00fcrfen. Und das sogar vor einem gereinigten Denkmal, wof\u00fcr wir besonders unseren Genossinnen und Genossen danken, die sich daf\u00fcr eingesetzt haben.<\/p>\n<p>Wir haben uns hier versammelt, um des 135. Geburtstages von Ernst Th\u00e4lmann zu gedenken. Wir gedenken des popul\u00e4ren Arbeiterf\u00fchrers, des Kommunisten und des antifaschistischen Widerstandsk\u00e4mpfers, der im August 1944 auf h\u00f6chstem Befehl im KZ Buchenwald ermordet wurde.<\/p>\n<p>Dieses Denkmal hier ist ein herausragendes Symbol des antifaschistischen Widerstandes. Aber auch der Deutsch-Sowjetischen Freundschaft. Es wurde von Lew Kerbel gestaltet, Ausdruck des hohen Stellenwertes des Antifaschismus in der DDR und der Verbundenheit mit der Sowjetunion.<\/p>\n<p>Antifaschismus war hier nicht nur Staatsdoktrin, in der sozialistischen Verfassung von 1968 verankert. Antifaschismus geh\u00f6rte in der DDR zum Alltagsleben.<\/p>\n<p><strong><em>&#8222;Nie wieder Faschismus, nie wieder Krieg, Ausrottung des Faschismus mit seinen Wurzeln&#8220;<\/em><\/strong><strong>,<\/strong> das war der Buchenwald-Schwur. Das war in der DDR Teil des F\u00fchlens, Denkens, Handelns vieler Menschen. Und es war praktische Staatspolitik.<\/p>\n<p>Denkm\u00e4ler in allen Regionen unseres Landes, Stra\u00dfen, Pl\u00e4tze, Kollektive, Schulklassen, zivile und milit\u00e4rische Einrichtungen, sie alle erinnerten mit Namen an Antifaschisten, auch an Ernst Th\u00e4lmann.<\/p>\n<p>Errichtet wurden sie als geschichtliche Zeugen, wie auch dieses Denkmal. Errichtet am Rande eines modernen Wohngebietes mit Park, stets gepflegt. Ich erinnere mich pers\u00f6nlich noch an seine Einweihung im Jahre 1986.<\/p>\n<p>All diese Ehrenorte waren Mahnung und zugleich Verpflichtung.<\/p>\n<p>Und heute?<\/p>\n<p>Die Gedenkst\u00e4tte in Ziegenhals wurde nach der Annektion der DDR geschleift.<\/p>\n<p>Das Th\u00e4lmann-Denkmal hier war zu schwergewichtig. Versuche, es auch zu schleifen, hat es gen\u00fcgend gegeben. Von Antikommunisten, wild gewordenen Kleinb\u00fcrgern und Reaktion\u00e4ren. Zwei Stelen, die zum Denkmal geh\u00f6ren, wurden entfernt. Zu politisch, instrumentalisiert, wie es hie\u00df. Bis heute wird aber weiter versucht, diesen Erinnerungsort zu entw\u00fcrdigen. Ungepflegt und besudelt stellt es sich zumeist dar.<\/p>\n<p>Ernst Th\u00e4lmann aber bleibt standhaft.<\/p>\n<p>Erst auf mehrfache Anfrage kamen Antwort und Ank\u00fcndigung des zust\u00e4ndigen Linken B\u00fcrgermeisters: Umgestaltung des Platzes mit Kommentierung ist vorgesehen. Also Umwidmung. Wir kennen ihre Methoden: Relativierung des antifaschistischen Widerstandes, besonders des kommunistischen, Verunglimpfung der Opfer des Faschismus, Verschweigen und Verdrehen historischer Tatsachen.<\/p>\n<p>Dagegen ist unser Widerstand notwendig, so wie gegen weitere Versuche der Umbenennung von Stra\u00dfen und Pl\u00e4tzen, von denen es noch sehr viele gibt. Wohl allein mit dem Namen Th\u00e4lmanns um die 600, nat\u00fcrlich in der DDR.<\/p>\n<p>Wie man die DDR entsorgt, zeigte das j\u00fcngste Beispiel in Halle. Der Name Sigmund J\u00e4hn war nicht w\u00fcrdig genug, um das Planetarium nach ihm zu nennen. Zu sehr mit der DDR verbunden.<\/p>\n<p>Was f\u00fcr eine Geschichtsl\u00fcge, Heute!<\/p>\n<p>Die BRD geb\u00e4rdet sich als &#8222;Aufarbeiter&#8220; der Vergangenheit. Deutscher Geschichte. Ihre braune Spur verschleiert sie durch Klitterung und L\u00fcge. Vom Faschismus wird ohnehin kaum gesprochen. Vom Nationalsozialismus ist die Rede, um den Sozialismus zu verunglimpfen. Selbst das Wort Neo-Faschismus ist eigentlich falsch; es ist kein neuer Faschismus, es ist der alte Faschismus , nur moderner, mit neuen Methoden, neuem Erscheinungsbild.<\/p>\n<p>Welche Heuchelei der heute Herrschenden.<\/p>\n<p>An der Wiege der BRD standen hochrangige faschistische Verbrecher: Globke, Speidel, Oberl\u00e4nder, Heusinger, L\u00fcbke, Filbinger\u00a0 &#8230; Jetzt konnten wir anl\u00e4sslich des 60. Jahrestages des Eichmann-Prozesses lesen, dass der\u00a0 wichtigste Komplize von Eichmann, der Gestapo-Chef von Wien, Huber, viele Jahre BND-Spion war und bis zum Tode 1975 unbehelligt in M\u00fcnchen lebte. Mit Sicherheit mit einer guten Beamten-Pension.<\/p>\n<p>Ja, die Saat ist aufgegangen, Die giftigen Fr\u00fcchte d\u00fcrfen wir weiter &#8222;genie\u00dfen&#8220;. Eine\u00a0 Antifaschismusklausel hat das GG nicht. Das BVerfG bescheinigt der faschistischen NPD vor Jahren Verfassungsfeindlichkeit, aber keine Gef\u00e4hrlichkeit. Deshalb erfolgte kein Verbot.<\/p>\n<p>Der deutsche Au\u00dfenminister Westerwelle besuchte den Maidan w\u00e4hrend des faschistischen Putsches. Bundesdeutsche Politiker bis in die h\u00f6chsten \u00c4mter relativieren die Verbrechen des Faschismus, Verf\u00e4lschen Kriegsursachen und Kriegsfolgen.<\/p>\n<p>Um von eigenen Verbrechen abzulenken, unterstellen sie der DDR Menschenrechtsverletzungen und alle m\u00f6glichen Verbrechen. Deutsche Hassprediger \u00e4u\u00dfern sich zumeist geschmeidiger, raffinierter; ihre Worte sind aber nicht weniger gef\u00e4hrlich. Auch <em>ihren<\/em> Worten folgen Taten. Ermutigen zu Taten.<\/p>\n<p>Rechtes Gedankengut ist unver\u00e4ndert bis in den Machtzentren des Staates pr\u00e4sent: Polizei, KSK, Bundeswehr, Verfassungsschutz.<\/p>\n<p>Unglaublich, der VS, von Faschisten gepr\u00e4gt, beobachtet heute antifaschistische Organisationen.<\/p>\n<p>Keine Einzelf\u00e4lle; es hat System. Ja, weil es diesem System innewohnt, dem System immanent ist.<\/p>\n<p>Ich denke, liebe Freunde, der <strong>Kampf gegen den Faschismus<\/strong> ist eine erste Verpflichtung, die sich aus Th\u00e4lmanns Verm\u00e4chtnis ergibt.<\/p>\n<p>Liebe GenossInnen und FreundInnen!<\/p>\n<p>Und es gibt besonders heute eine zweite Verpflichtung.<\/p>\n<p>Untrennbar mit dem Gedenken an Th\u00e4lmann verbunden ist das Verh\u00e4ltnis Deutschlands zu Russland. F\u00fcr Ernst Th\u00e4lmann war die Sowjetunion als erstes Land auf dem Wege zum Sozialismus Vorbild und Kompass f\u00fcr den Kampf der deutschen Arbeiterklasse und der KPD. Freundschaft und Verbundenheit mit der SU waren dabei f\u00fcr ihn vor allem Garanten f\u00fcr Frieden in Europa. Das lehrte die Geschichte.<\/p>\n<p>In der DDR wurde in diesem Sinne der Sowjetunion tiefe Dankbarkeit als Befreierin vom Faschismus bekundet. Sie hatte die gr\u00f6\u00dfte Last in der Antihitlerkoalition getragen und mit 27 Mio. Toten und einem verw\u00fcsteten Land die meisten Opfer zu beklagen. Der erfolgreiche sozialistische Aufbau der DDR war untrennbar mit der UdSSR verbunden. International hatte die Sowjetunion durch unz\u00e4hlige Friedensinitiativen entscheidenden Anteil daran, dass \u00fcber Jahrzehnte Frieden herrschte.<\/p>\n<p>Die DDR war dabei engster Verb\u00fcndeter; f\u00fcr die Mehrheit der Bev\u00f6lkerung war sie der &#8222;gro\u00dfe Bruder&#8220;.<\/p>\n<p>In der Bundesrepublik wurde auch hier eine gef\u00e4hrliche Traditionslinie fortgesetzt. &#8222;Befreiung der Ostgebiete&#8220;, &#8222;Kampf gegen den Bolschewismus&#8220; wurden zur Staatspolitik unter Adenauer. Kein Wunder, die alte BRD betrachtete sich als Fortsetzung des Deutschen Reiches und setzte in weiten Bereichen dessen Politik fort. Bei allem Auf und Ab der Beziehungen BRD-SU, wirkliche friedliche und freundschaftliche Beziehungen strebte die BRD nie an.<\/p>\n<p>Als die BRD durch Gorbatschows Verrat die Annektion der DDR\u00a0 betrieb, t\u00e4uschte sie &#8211; Beute witternd &#8211; freundschaftliche Beziehungen zur UdSSR\/Russland vor. Wie ernst es ihr tats\u00e4chlich war und ist, erlebten wir sp\u00e4testens mit dem neuen Selbstbewusstsein Russlands unter ihrem Pr\u00e4sidenten Wladimir Putin. Heute haben die Beziehungen nicht nur einen Tiefpunkt erreicht, sie bewegen sich sogar &#8211; und das im 80. Jahr des deutschen \u00dcberfalls auf die Sowjetunion &#8211; am Rande eines Krieges. Fast t\u00e4glich spitzt sich die Lage zu. Die Ukraine marschiert an der Grenze auf, fordert NATO-Beistand und droht Russland mit einem Krieg und mit dem Bau eigener Kernwaffen. Und Deutschland unterst\u00fctzt diese aggressive Politik.<\/p>\n<p>Das nun staatlich vereinte Deutschland hat international jedes Ma\u00df verloren. Nicht Frieden geht seit 1990 von Deutschland aus, sondern aggressives Verhalten gegen\u00fcber anderen V\u00f6lkern. An der Seite der USA m\u00f6chte es in der Welt eine F\u00fchrungsrolle einnehmen. Arrogant dr\u00fcckt es anderen V\u00f6lkern seine Wertvorstellungen auf, beteiligte sich an Kriegen, r\u00fcstet auf und schickt deutsche Soldaten in gegenw\u00e4rtig 13 L\u00e4nder der Welt. Die weitere st\u00e4ndige Anwesenheit US-amerikanischer Truppen in B\u00fcchel mit Atomwaffen und in Ramstein scheint selbstverst\u00e4ndlich zu sein.<\/p>\n<p>Und die Aufstockung der \u00fcber 30 000 US-Soldaten um weitere 500 wird von den deutschen Politikern noch begr\u00fc\u00dft.<\/p>\n<p>Gegen\u00fcber Russland bleibt Deutschland im Bunde mit anderen Imperialisten seiner feindseligen, ja feindlichen Politik treu. Vorschl\u00e4ge Putins, so bereits mehrfach nach\u00a0 einem <em>Europa von Wladiwostok bis Lissabon<\/em>, blieben unbeachtet. Deutschland spielt eine zentrale Rolle beim Aufmarsch von NATO-Truppen an Russlands Grenzen. Mit der bevorstehenden \u00dcbung <em>Europe Defense 2021<\/em> sollen bis zu 40 000 NATO-Soldaten mit milit\u00e4rischem Ger\u00e4t die Russische F\u00f6deration bedrohen.<\/p>\n<p>T\u00e4glich erleben wir, wie die imperialistische BRD verbal, \u00f6konomisch und milit\u00e4risch gemeinsam mit NATO und EU gegen Russland aufr\u00fcstet. Das Land und Einzelpersonen werden mit Sanktionen belegt, Diplomaten ausgewiesen, Wirtschaftsbeziehungen erschwert bzw. verhindert. Es gibt nichts B\u00f6ses, was Putins Russland nicht unterstellt wird. Gef\u00e4lschte Nachrichten werden in die Welt gesetzt, Wahrheiten verschwiegen, V\u00f6lkerrechtstatsachen unterschlagen. Eine gewaltige Manipulation durch Politik und abh\u00e4ngige Medien verdummt hierzulande die Menschen. Die Corona-Pandemie kommt dabei gerade recht.<\/p>\n<p>Im Zusammenhang mit der Krim, den neuen Republiken Donezk und Lugansk, Syrien, Navalny und Weiterem werden Verbrechen Russlands behauptet. Sachfragen und Prinzipien des Internationalen Rechts, wie\u00a0 Volkssouver\u00e4nit\u00e4t, legitimer Beistands auf Bitten einer rechtm\u00e4\u00dfigen Regierung,\u00a0 juristische Beweisf\u00fchrung, Rechtshilfe zwischen Staaten, vor allem aber das Prinzip der Nichteinmischung\u00a0 in die inneren Angelegenheiten anderer Staaten, bleiben gewollt unbeachtet, obwohl es die Verantwortlichen besser wissen, wie der deutsche Au\u00dfenminister, ein Spitzenjurist der BRD.<\/p>\n<p>Die \u00fcberwiegende Mehrheit der Bev\u00f6lkerung ist gegen weitere Militarisierung Deutschlands und gegen Feindschaft gegen Russland. Nicht nur ehemalige DDR-B\u00fcrger empfinden es als Beleidigung ihrer Gef\u00fchle, wie hierzulande mit Russland umgegangen wird. Besonders\u00a0 emp\u00f6rt uns und viele unserer Verb\u00fcndeten in den alten Bundesl\u00e4ndern, dass auch das DDR-Territorium als Aufmarschgebiet missbraucht wird. Nach wie vor ist hier die Verbundenheit zu Russland und den anderen ehemaligen V\u00f6lkern der Sowjetunion tief verwurzelt. Diese Verbundenheit lassen wir uns nicht nehmen.<\/p>\n<p>GenossInnen und FreundInnen!<\/p>\n<p>Wir \u00fcben feste Solidarit\u00e4t mit der Russischen F\u00f6deration und ihrem Pr\u00e4sidenten. Wir fordern auch von dieser Gedenkveranstaltung <strong>Frieden und Freundschaft mit Russland<\/strong>.<\/p>\n<p>Liebe Genossinnen und Genossen!<\/p>\n<p>Ernst Th\u00e4lmann k\u00e4mpfte als Vorsitzender der KPD f\u00fcr eine Partei, die als starke\u00a0 Kraft f\u00fcr die politischen K\u00e4mpfe legitimiert und f\u00e4hig ist. Durch Einheit und Klarheit auf marxistisch-leninistischer Grundlage. Er wies immer wieder auf den Zusammenhang zwischen Kriegspolitik und Profitinteressen des Kapitals sowie auf die notwendige Aktionseinheit hin, wie Wilhelm Pieck in einer Gedenkrede 1949 betonte.<\/p>\n<p>Deutsche Antifaschisten haben nach 1945 notwendige Schlussfolgerungen gezogen. Vor genau 75 Jahren gr\u00fcndete sich die SED. Unter ihrer F\u00fchrung wurde \u00fcber Jahrzehnte erfolgreich der sozialistische Friedensstaat DDR aufgebaut.<\/p>\n<p>Nutzen wir unsere Erfahrungen aus den gro\u00dfen Erfolgen, aber auch aus der schweren Niederlage 1990 f\u00fcr unsere heutigen K\u00e4mpfe!<\/p>\n<p><strong>Entlarvung von F\u00e4lschung und L\u00fcge sowie Aktionseinheit gegen Faschismus und Krieg, das muss aktuell unsere wichtigste Lehre im Th\u00e4lmannschen Sinne sein. <\/strong><\/p>\n<p>Bleiben wir trotz aller Widrigkeiten, gesellschaftlicher und pers\u00f6nlicher, solidarisch, standhaft und optimistisch! Wie es Ernst Th\u00e4lmann vorlebte und uns lehrte.<\/p>\n<p style=\"text-align: right;\"><em>Hans Bauer, Berlin, Rechtsanwalt,<br \/>\nist <\/em><em>Vorsitzender der Gesellschaft zur Rechtlichen und Humanit\u00e4ren Unterst\u00fctzung (GRH) e.V.<br \/>\nund <\/em><em>Beiratsmitglied des Deutschen Freidenker-Verbandes<\/em><\/p>\n<hr \/>\n<h5><a id=\"g1\"><\/a>Bildergalerie<\/h5>\n<p><em>Berlin, Ernst-Th\u00e4lmann-Park, 17. April 2021<\/em><\/p>\n<div class=\"tiled-gallery type-rectangular tiled-gallery-unresized\" data-original-width=\"800\" data-carousel-extra='{&quot;blog_id&quot;:1,&quot;permalink&quot;:&quot;https:\\\/\\\/www.freidenker.org\\\/?p=9915&quot;,&quot;likes_blog_id&quot;:139773280}' itemscope itemtype=\"http:\/\/schema.org\/ImageGallery\" > <div class=\"gallery-row\" style=\"width: 800px; height: 519px;\" data-original-width=\"800\" data-original-height=\"519\" > <div class=\"gallery-group images-2\" style=\"width: 344px; height: 519px;\" data-original-width=\"344\" data-original-height=\"519\" > <div class=\"tiled-gallery-item tiled-gallery-item-large\" itemprop=\"associatedMedia\" itemscope itemtype=\"http:\/\/schema.org\/ImageObject\"> <a href=\"https:\/\/www.freidenker.org\/?attachment_id=9960\" border=\"0\" itemprop=\"url\"> <meta itemprop=\"width\" content=\"340\"> <meta itemprop=\"height\" content=\"315\"> <img decoding=\"async\" class=\"\" data-attachment-id=\"9960\" data-orig-file=\"https:\/\/www.freidenker.org\/fw17\/wp-content\/uploads\/2021\/04\/Blumen.jpg\" data-orig-size=\"1920,1781\" data-comments-opened=\"\" data-image-meta=\"{&quot;aperture&quot;:&quot;5&quot;,&quot;credit&quot;:&quot;&quot;,&quot;camera&quot;:&quot;DC-GX9&quot;,&quot;caption&quot;:&quot;&quot;,&quot;created_timestamp&quot;:&quot;1618667839&quot;,&quot;copyright&quot;:&quot;&quot;,&quot;focal_length&quot;:&quot;14&quot;,&quot;iso&quot;:&quot;200&quot;,&quot;shutter_speed&quot;:&quot;0.005&quot;,&quot;title&quot;:&quot;&quot;,&quot;orientation&quot;:&quot;1&quot;}\" data-image-title=\"\" data-image-description=\"\" data-medium-file=\"https:\/\/i0.wp.com\/www.freidenker.org\/fw17\/wp-content\/uploads\/2021\/04\/Blumen.jpg?fit=300%2C278&#038;ssl=1\" data-large-file=\"https:\/\/i0.wp.com\/www.freidenker.org\/fw17\/wp-content\/uploads\/2021\/04\/Blumen.jpg?fit=800%2C742&#038;ssl=1\" src=\"https:\/\/i0.wp.com\/www.freidenker.org\/fw17\/wp-content\/uploads\/2021\/04\/Blumen.jpg?w=340&#038;h=315&#038;ssl=1\" srcset=\"https:\/\/i0.wp.com\/www.freidenker.org\/fw17\/wp-content\/uploads\/2021\/04\/Blumen.jpg?w=1920&amp;ssl=1 1920w, https:\/\/i0.wp.com\/www.freidenker.org\/fw17\/wp-content\/uploads\/2021\/04\/Blumen.jpg?resize=300%2C278&amp;ssl=1 300w, https:\/\/i0.wp.com\/www.freidenker.org\/fw17\/wp-content\/uploads\/2021\/04\/Blumen.jpg?resize=1024%2C950&amp;ssl=1 1024w, https:\/\/i0.wp.com\/www.freidenker.org\/fw17\/wp-content\/uploads\/2021\/04\/Blumen.jpg?resize=768%2C712&amp;ssl=1 768w, https:\/\/i0.wp.com\/www.freidenker.org\/fw17\/wp-content\/uploads\/2021\/04\/Blumen.jpg?resize=1536%2C1425&amp;ssl=1 1536w, https:\/\/i0.wp.com\/www.freidenker.org\/fw17\/wp-content\/uploads\/2021\/04\/Blumen.jpg?w=1600&amp;ssl=1 1600w\" width=\"340\" height=\"315\" loading=\"lazy\" data-original-width=\"340\" data-original-height=\"315\" itemprop=\"http:\/\/schema.org\/image\" title=\"\" alt=\"Berlin, Ernst-Th\u00e4lmann-Park, 17.04.2021\" style=\"width: 340px; height: 315px;\" \/> <\/a> <div class=\"tiled-gallery-caption\" itemprop=\"caption description\"> Berlin, Ernst-Th\u00e4lmann-Park, 17.04.2021 <\/div> <\/div> <div class=\"tiled-gallery-item tiled-gallery-item-large\" itemprop=\"associatedMedia\" itemscope itemtype=\"http:\/\/schema.org\/ImageObject\"> <a href=\"https:\/\/www.freidenker.org\/?attachment_id=9961\" border=\"0\" itemprop=\"url\"> <meta itemprop=\"width\" content=\"340\"> <meta itemprop=\"height\" content=\"196\"> <img decoding=\"async\" class=\"\" data-attachment-id=\"9961\" data-orig-file=\"https:\/\/www.freidenker.org\/fw17\/wp-content\/uploads\/2021\/04\/DDR-Fahnen.jpg\" data-orig-size=\"1920,1104\" data-comments-opened=\"\" data-image-meta=\"{&quot;aperture&quot;:&quot;7.1&quot;,&quot;credit&quot;:&quot;&quot;,&quot;camera&quot;:&quot;DC-GX9&quot;,&quot;caption&quot;:&quot;&quot;,&quot;created_timestamp&quot;:&quot;1618665473&quot;,&quot;copyright&quot;:&quot;&quot;,&quot;focal_length&quot;:&quot;32&quot;,&quot;iso&quot;:&quot;200&quot;,&quot;shutter_speed&quot;:&quot;0.003125&quot;,&quot;title&quot;:&quot;&quot;,&quot;orientation&quot;:&quot;1&quot;}\" data-image-title=\"\" data-image-description=\"\" data-medium-file=\"https:\/\/i0.wp.com\/www.freidenker.org\/fw17\/wp-content\/uploads\/2021\/04\/DDR-Fahnen.jpg?fit=300%2C173&#038;ssl=1\" data-large-file=\"https:\/\/i0.wp.com\/www.freidenker.org\/fw17\/wp-content\/uploads\/2021\/04\/DDR-Fahnen.jpg?fit=800%2C460&#038;ssl=1\" src=\"https:\/\/i0.wp.com\/www.freidenker.org\/fw17\/wp-content\/uploads\/2021\/04\/DDR-Fahnen.jpg?w=340&#038;h=196&#038;ssl=1\" srcset=\"https:\/\/i0.wp.com\/www.freidenker.org\/fw17\/wp-content\/uploads\/2021\/04\/DDR-Fahnen.jpg?w=1920&amp;ssl=1 1920w, https:\/\/i0.wp.com\/www.freidenker.org\/fw17\/wp-content\/uploads\/2021\/04\/DDR-Fahnen.jpg?resize=300%2C173&amp;ssl=1 300w, https:\/\/i0.wp.com\/www.freidenker.org\/fw17\/wp-content\/uploads\/2021\/04\/DDR-Fahnen.jpg?resize=1024%2C589&amp;ssl=1 1024w, https:\/\/i0.wp.com\/www.freidenker.org\/fw17\/wp-content\/uploads\/2021\/04\/DDR-Fahnen.jpg?resize=768%2C442&amp;ssl=1 768w, https:\/\/i0.wp.com\/www.freidenker.org\/fw17\/wp-content\/uploads\/2021\/04\/DDR-Fahnen.jpg?resize=1536%2C883&amp;ssl=1 1536w, https:\/\/i0.wp.com\/www.freidenker.org\/fw17\/wp-content\/uploads\/2021\/04\/DDR-Fahnen.jpg?w=1600&amp;ssl=1 1600w\" width=\"340\" height=\"196\" loading=\"lazy\" data-original-width=\"340\" data-original-height=\"196\" itemprop=\"http:\/\/schema.org\/image\" title=\"\" alt=\"Berlin, Ernst-Th\u00e4lmann-Park, 17.04.2021\" style=\"width: 340px; height: 196px;\" \/> <\/a> <div class=\"tiled-gallery-caption\" itemprop=\"caption description\"> Berlin, Ernst-Th\u00e4lmann-Park, 17.04.2021 <\/div> <\/div> <\/div> <!-- close group --> <div class=\"gallery-group images-1\" style=\"width: 456px; height: 519px;\" data-original-width=\"456\" data-original-height=\"519\" > <div class=\"tiled-gallery-item tiled-gallery-item-large\" itemprop=\"associatedMedia\" itemscope itemtype=\"http:\/\/schema.org\/ImageObject\"> <a href=\"https:\/\/www.freidenker.org\/?attachment_id=9962\" border=\"0\" itemprop=\"url\"> <meta itemprop=\"width\" content=\"452\"> <meta itemprop=\"height\" content=\"515\"> <img decoding=\"async\" class=\"\" data-attachment-id=\"9962\" data-orig-file=\"https:\/\/www.freidenker.org\/fw17\/wp-content\/uploads\/2021\/04\/Denkmal-Nahaufnahme.jpg\" data-orig-size=\"1687,1920\" data-comments-opened=\"\" data-image-meta=\"{&quot;aperture&quot;:&quot;8&quot;,&quot;credit&quot;:&quot;&quot;,&quot;camera&quot;:&quot;DC-GX9&quot;,&quot;caption&quot;:&quot;&quot;,&quot;created_timestamp&quot;:&quot;1618666127&quot;,&quot;copyright&quot;:&quot;&quot;,&quot;focal_length&quot;:&quot;30&quot;,&quot;iso&quot;:&quot;200&quot;,&quot;shutter_speed&quot;:&quot;0.0025&quot;,&quot;title&quot;:&quot;&quot;,&quot;orientation&quot;:&quot;1&quot;}\" data-image-title=\"\" data-image-description=\"\" data-medium-file=\"https:\/\/i0.wp.com\/www.freidenker.org\/fw17\/wp-content\/uploads\/2021\/04\/Denkmal-Nahaufnahme.jpg?fit=264%2C300&#038;ssl=1\" data-large-file=\"https:\/\/i0.wp.com\/www.freidenker.org\/fw17\/wp-content\/uploads\/2021\/04\/Denkmal-Nahaufnahme.jpg?fit=800%2C910&#038;ssl=1\" src=\"https:\/\/i0.wp.com\/www.freidenker.org\/fw17\/wp-content\/uploads\/2021\/04\/Denkmal-Nahaufnahme.jpg?w=452&#038;h=515&#038;ssl=1\" srcset=\"https:\/\/i0.wp.com\/www.freidenker.org\/fw17\/wp-content\/uploads\/2021\/04\/Denkmal-Nahaufnahme.jpg?w=1687&amp;ssl=1 1687w, https:\/\/i0.wp.com\/www.freidenker.org\/fw17\/wp-content\/uploads\/2021\/04\/Denkmal-Nahaufnahme.jpg?resize=264%2C300&amp;ssl=1 264w, https:\/\/i0.wp.com\/www.freidenker.org\/fw17\/wp-content\/uploads\/2021\/04\/Denkmal-Nahaufnahme.jpg?resize=900%2C1024&amp;ssl=1 900w, https:\/\/i0.wp.com\/www.freidenker.org\/fw17\/wp-content\/uploads\/2021\/04\/Denkmal-Nahaufnahme.jpg?resize=768%2C874&amp;ssl=1 768w, https:\/\/i0.wp.com\/www.freidenker.org\/fw17\/wp-content\/uploads\/2021\/04\/Denkmal-Nahaufnahme.jpg?resize=1350%2C1536&amp;ssl=1 1350w, https:\/\/i0.wp.com\/www.freidenker.org\/fw17\/wp-content\/uploads\/2021\/04\/Denkmal-Nahaufnahme.jpg?w=1600&amp;ssl=1 1600w\" width=\"452\" height=\"515\" loading=\"lazy\" data-original-width=\"452\" data-original-height=\"515\" itemprop=\"http:\/\/schema.org\/image\" title=\"\" alt=\"Berlin, Ernst-Th\u00e4lmann-Park, 17.04.2021\" style=\"width: 452px; height: 515px;\" \/> <\/a> <div class=\"tiled-gallery-caption\" itemprop=\"caption description\"> Berlin, Ernst-Th\u00e4lmann-Park, 17.04.2021 <\/div> <\/div> <\/div> <!-- close group --> <\/div> <!-- close row --> <div class=\"gallery-row\" style=\"width: 800px; height: 425px;\" data-original-width=\"800\" data-original-height=\"425\" > <div class=\"gallery-group images-1\" style=\"width: 531px; height: 425px;\" data-original-width=\"531\" data-original-height=\"425\" > <div class=\"tiled-gallery-item tiled-gallery-item-large\" itemprop=\"associatedMedia\" itemscope itemtype=\"http:\/\/schema.org\/ImageObject\"> <a href=\"https:\/\/www.freidenker.org\/?attachment_id=9963\" border=\"0\" itemprop=\"url\"> <meta itemprop=\"width\" content=\"527\"> <meta itemprop=\"height\" content=\"421\"> <img decoding=\"async\" class=\"\" data-attachment-id=\"9963\" data-orig-file=\"https:\/\/www.freidenker.org\/fw17\/wp-content\/uploads\/2021\/04\/Freidenkerfahne-1.jpg\" data-orig-size=\"1920,1534\" data-comments-opened=\"\" data-image-meta=\"{&quot;aperture&quot;:&quot;6.3&quot;,&quot;credit&quot;:&quot;&quot;,&quot;camera&quot;:&quot;DC-GX9&quot;,&quot;caption&quot;:&quot;&quot;,&quot;created_timestamp&quot;:&quot;1618666539&quot;,&quot;copyright&quot;:&quot;&quot;,&quot;focal_length&quot;:&quot;26&quot;,&quot;iso&quot;:&quot;200&quot;,&quot;shutter_speed&quot;:&quot;0.005&quot;,&quot;title&quot;:&quot;&quot;,&quot;orientation&quot;:&quot;1&quot;}\" data-image-title=\"\" data-image-description=\"\" data-medium-file=\"https:\/\/i0.wp.com\/www.freidenker.org\/fw17\/wp-content\/uploads\/2021\/04\/Freidenkerfahne-1.jpg?fit=300%2C240&#038;ssl=1\" data-large-file=\"https:\/\/i0.wp.com\/www.freidenker.org\/fw17\/wp-content\/uploads\/2021\/04\/Freidenkerfahne-1.jpg?fit=800%2C639&#038;ssl=1\" src=\"https:\/\/i0.wp.com\/www.freidenker.org\/fw17\/wp-content\/uploads\/2021\/04\/Freidenkerfahne-1.jpg?w=527&#038;h=421&#038;ssl=1\" srcset=\"https:\/\/i0.wp.com\/www.freidenker.org\/fw17\/wp-content\/uploads\/2021\/04\/Freidenkerfahne-1.jpg?w=1920&amp;ssl=1 1920w, https:\/\/i0.wp.com\/www.freidenker.org\/fw17\/wp-content\/uploads\/2021\/04\/Freidenkerfahne-1.jpg?resize=300%2C240&amp;ssl=1 300w, https:\/\/i0.wp.com\/www.freidenker.org\/fw17\/wp-content\/uploads\/2021\/04\/Freidenkerfahne-1.jpg?resize=1024%2C818&amp;ssl=1 1024w, https:\/\/i0.wp.com\/www.freidenker.org\/fw17\/wp-content\/uploads\/2021\/04\/Freidenkerfahne-1.jpg?resize=768%2C614&amp;ssl=1 768w, https:\/\/i0.wp.com\/www.freidenker.org\/fw17\/wp-content\/uploads\/2021\/04\/Freidenkerfahne-1.jpg?resize=1536%2C1227&amp;ssl=1 1536w, https:\/\/i0.wp.com\/www.freidenker.org\/fw17\/wp-content\/uploads\/2021\/04\/Freidenkerfahne-1.jpg?w=1600&amp;ssl=1 1600w\" width=\"527\" height=\"421\" loading=\"lazy\" data-original-width=\"527\" data-original-height=\"421\" itemprop=\"http:\/\/schema.org\/image\" title=\"\" alt=\"Berlin, Ernst-Th\u00e4lmann-Park, 17.04.2021\" style=\"width: 527px; height: 421px;\" \/> <\/a> <div class=\"tiled-gallery-caption\" itemprop=\"caption description\"> Berlin, Ernst-Th\u00e4lmann-Park, 17.04.2021 <\/div> <\/div> <\/div> <!-- close group --> <div class=\"gallery-group images-2\" style=\"width: 269px; height: 425px;\" data-original-width=\"269\" data-original-height=\"425\" > <div class=\"tiled-gallery-item tiled-gallery-item-large\" itemprop=\"associatedMedia\" itemscope itemtype=\"http:\/\/schema.org\/ImageObject\"> <a href=\"https:\/\/www.freidenker.org\/?attachment_id=9964\" border=\"0\" itemprop=\"url\"> <meta itemprop=\"width\" content=\"265\"> <meta itemprop=\"height\" content=\"184\"> <img decoding=\"async\" class=\"\" data-attachment-id=\"9964\" data-orig-file=\"https:\/\/www.freidenker.org\/fw17\/wp-content\/uploads\/2021\/04\/Freidenkerfahne-2.jpg\" data-orig-size=\"1920,1333\" data-comments-opened=\"\" data-image-meta=\"{&quot;aperture&quot;:&quot;5.4&quot;,&quot;credit&quot;:&quot;&quot;,&quot;camera&quot;:&quot;DC-GX9&quot;,&quot;caption&quot;:&quot;&quot;,&quot;created_timestamp&quot;:&quot;1618667110&quot;,&quot;copyright&quot;:&quot;&quot;,&quot;focal_length&quot;:&quot;73&quot;,&quot;iso&quot;:&quot;250&quot;,&quot;shutter_speed&quot;:&quot;0.00625&quot;,&quot;title&quot;:&quot;&quot;,&quot;orientation&quot;:&quot;1&quot;}\" data-image-title=\"\" data-image-description=\"\" data-medium-file=\"https:\/\/i0.wp.com\/www.freidenker.org\/fw17\/wp-content\/uploads\/2021\/04\/Freidenkerfahne-2.jpg?fit=300%2C208&#038;ssl=1\" data-large-file=\"https:\/\/i0.wp.com\/www.freidenker.org\/fw17\/wp-content\/uploads\/2021\/04\/Freidenkerfahne-2.jpg?fit=800%2C555&#038;ssl=1\" src=\"https:\/\/i0.wp.com\/www.freidenker.org\/fw17\/wp-content\/uploads\/2021\/04\/Freidenkerfahne-2.jpg?w=265&#038;h=184&#038;ssl=1\" srcset=\"https:\/\/i0.wp.com\/www.freidenker.org\/fw17\/wp-content\/uploads\/2021\/04\/Freidenkerfahne-2.jpg?w=1920&amp;ssl=1 1920w, https:\/\/i0.wp.com\/www.freidenker.org\/fw17\/wp-content\/uploads\/2021\/04\/Freidenkerfahne-2.jpg?resize=300%2C208&amp;ssl=1 300w, https:\/\/i0.wp.com\/www.freidenker.org\/fw17\/wp-content\/uploads\/2021\/04\/Freidenkerfahne-2.jpg?resize=1024%2C711&amp;ssl=1 1024w, https:\/\/i0.wp.com\/www.freidenker.org\/fw17\/wp-content\/uploads\/2021\/04\/Freidenkerfahne-2.jpg?resize=768%2C533&amp;ssl=1 768w, https:\/\/i0.wp.com\/www.freidenker.org\/fw17\/wp-content\/uploads\/2021\/04\/Freidenkerfahne-2.jpg?resize=1536%2C1066&amp;ssl=1 1536w, https:\/\/i0.wp.com\/www.freidenker.org\/fw17\/wp-content\/uploads\/2021\/04\/Freidenkerfahne-2.jpg?resize=392%2C272&amp;ssl=1 392w, https:\/\/i0.wp.com\/www.freidenker.org\/fw17\/wp-content\/uploads\/2021\/04\/Freidenkerfahne-2.jpg?resize=130%2C90&amp;ssl=1 130w, https:\/\/i0.wp.com\/www.freidenker.org\/fw17\/wp-content\/uploads\/2021\/04\/Freidenkerfahne-2.jpg?w=1600&amp;ssl=1 1600w\" width=\"265\" height=\"184\" loading=\"lazy\" data-original-width=\"265\" data-original-height=\"184\" itemprop=\"http:\/\/schema.org\/image\" title=\"\" alt=\"Berlin, Ernst-Th\u00e4lmann-Park, 17.04.2021\" style=\"width: 265px; height: 184px;\" \/> <\/a> <div class=\"tiled-gallery-caption\" itemprop=\"caption description\"> Berlin, Ernst-Th\u00e4lmann-Park, 17.04.2021 <\/div> <\/div> <div class=\"tiled-gallery-item tiled-gallery-item-large\" itemprop=\"associatedMedia\" itemscope itemtype=\"http:\/\/schema.org\/ImageObject\"> <a href=\"https:\/\/www.freidenker.org\/?attachment_id=9965\" border=\"0\" itemprop=\"url\"> <meta itemprop=\"width\" content=\"265\"> <meta itemprop=\"height\" content=\"233\"> <img decoding=\"async\" class=\"\" data-attachment-id=\"9965\" data-orig-file=\"https:\/\/www.freidenker.org\/fw17\/wp-content\/uploads\/2021\/04\/Plakat-Defender.jpg\" data-orig-size=\"1920,1695\" data-comments-opened=\"\" data-image-meta=\"{&quot;aperture&quot;:&quot;6.3&quot;,&quot;credit&quot;:&quot;&quot;,&quot;camera&quot;:&quot;DC-GX9&quot;,&quot;caption&quot;:&quot;&quot;,&quot;created_timestamp&quot;:&quot;1618666240&quot;,&quot;copyright&quot;:&quot;&quot;,&quot;focal_length&quot;:&quot;46&quot;,&quot;iso&quot;:&quot;200&quot;,&quot;shutter_speed&quot;:&quot;0.003125&quot;,&quot;title&quot;:&quot;&quot;,&quot;orientation&quot;:&quot;1&quot;}\" data-image-title=\"\" data-image-description=\"\" data-medium-file=\"https:\/\/i0.wp.com\/www.freidenker.org\/fw17\/wp-content\/uploads\/2021\/04\/Plakat-Defender.jpg?fit=300%2C265&#038;ssl=1\" data-large-file=\"https:\/\/i0.wp.com\/www.freidenker.org\/fw17\/wp-content\/uploads\/2021\/04\/Plakat-Defender.jpg?fit=800%2C706&#038;ssl=1\" src=\"https:\/\/i0.wp.com\/www.freidenker.org\/fw17\/wp-content\/uploads\/2021\/04\/Plakat-Defender.jpg?w=265&#038;h=233&#038;ssl=1\" srcset=\"https:\/\/i0.wp.com\/www.freidenker.org\/fw17\/wp-content\/uploads\/2021\/04\/Plakat-Defender.jpg?w=1920&amp;ssl=1 1920w, https:\/\/i0.wp.com\/www.freidenker.org\/fw17\/wp-content\/uploads\/2021\/04\/Plakat-Defender.jpg?resize=300%2C265&amp;ssl=1 300w, https:\/\/i0.wp.com\/www.freidenker.org\/fw17\/wp-content\/uploads\/2021\/04\/Plakat-Defender.jpg?resize=1024%2C904&amp;ssl=1 1024w, https:\/\/i0.wp.com\/www.freidenker.org\/fw17\/wp-content\/uploads\/2021\/04\/Plakat-Defender.jpg?resize=768%2C678&amp;ssl=1 768w, https:\/\/i0.wp.com\/www.freidenker.org\/fw17\/wp-content\/uploads\/2021\/04\/Plakat-Defender.jpg?resize=1536%2C1356&amp;ssl=1 1536w, https:\/\/i0.wp.com\/www.freidenker.org\/fw17\/wp-content\/uploads\/2021\/04\/Plakat-Defender.jpg?w=1600&amp;ssl=1 1600w\" width=\"265\" height=\"233\" loading=\"lazy\" data-original-width=\"265\" data-original-height=\"233\" itemprop=\"http:\/\/schema.org\/image\" title=\"\" alt=\"Berlin, Ernst-Th\u00e4lmann-Park, 17.04.2021: Die Verzierung des Denkmals mit dem Transparent besorgten die Berliner Freidenker\" style=\"width: 265px; height: 233px;\" \/> <\/a> <div class=\"tiled-gallery-caption\" itemprop=\"caption description\"> Berlin, Ernst-Th\u00e4lmann-Park, 17.04.2021: Die Verzierung des Denkmals mit dem Transparent besorgten die Berliner Freidenker <\/div> <\/div> <\/div> <!-- close group --> <\/div> <!-- close row --> <div class=\"gallery-row\" style=\"width: 800px; height: 244px;\" data-original-width=\"800\" data-original-height=\"244\" > <div class=\"gallery-group images-1\" style=\"width: 324px; height: 244px;\" data-original-width=\"324\" data-original-height=\"244\" > <div class=\"tiled-gallery-item tiled-gallery-item-large\" itemprop=\"associatedMedia\" itemscope itemtype=\"http:\/\/schema.org\/ImageObject\"> <a href=\"https:\/\/www.freidenker.org\/?attachment_id=9966\" border=\"0\" itemprop=\"url\"> <meta itemprop=\"width\" content=\"320\"> <meta itemprop=\"height\" content=\"240\"> <img decoding=\"async\" class=\"\" data-attachment-id=\"9966\" data-orig-file=\"https:\/\/www.freidenker.org\/fw17\/wp-content\/uploads\/2021\/04\/Redner-Hans-Bauer.jpg\" data-orig-size=\"1920,1444\" data-comments-opened=\"\" data-image-meta=\"{&quot;aperture&quot;:&quot;5.6&quot;,&quot;credit&quot;:&quot;&quot;,&quot;camera&quot;:&quot;DC-GX9&quot;,&quot;caption&quot;:&quot;&quot;,&quot;created_timestamp&quot;:&quot;1618665731&quot;,&quot;copyright&quot;:&quot;&quot;,&quot;focal_length&quot;:&quot;140&quot;,&quot;iso&quot;:&quot;250&quot;,&quot;shutter_speed&quot;:&quot;0.003125&quot;,&quot;title&quot;:&quot;&quot;,&quot;orientation&quot;:&quot;1&quot;}\" data-image-title=\"\" data-image-description=\"\" data-medium-file=\"https:\/\/i0.wp.com\/www.freidenker.org\/fw17\/wp-content\/uploads\/2021\/04\/Redner-Hans-Bauer.jpg?fit=300%2C226&#038;ssl=1\" data-large-file=\"https:\/\/i0.wp.com\/www.freidenker.org\/fw17\/wp-content\/uploads\/2021\/04\/Redner-Hans-Bauer.jpg?fit=800%2C602&#038;ssl=1\" src=\"https:\/\/i0.wp.com\/www.freidenker.org\/fw17\/wp-content\/uploads\/2021\/04\/Redner-Hans-Bauer.jpg?w=320&#038;h=240&#038;ssl=1\" srcset=\"https:\/\/i0.wp.com\/www.freidenker.org\/fw17\/wp-content\/uploads\/2021\/04\/Redner-Hans-Bauer.jpg?w=1920&amp;ssl=1 1920w, https:\/\/i0.wp.com\/www.freidenker.org\/fw17\/wp-content\/uploads\/2021\/04\/Redner-Hans-Bauer.jpg?resize=300%2C226&amp;ssl=1 300w, https:\/\/i0.wp.com\/www.freidenker.org\/fw17\/wp-content\/uploads\/2021\/04\/Redner-Hans-Bauer.jpg?resize=1024%2C770&amp;ssl=1 1024w, https:\/\/i0.wp.com\/www.freidenker.org\/fw17\/wp-content\/uploads\/2021\/04\/Redner-Hans-Bauer.jpg?resize=768%2C578&amp;ssl=1 768w, https:\/\/i0.wp.com\/www.freidenker.org\/fw17\/wp-content\/uploads\/2021\/04\/Redner-Hans-Bauer.jpg?resize=1536%2C1155&amp;ssl=1 1536w, https:\/\/i0.wp.com\/www.freidenker.org\/fw17\/wp-content\/uploads\/2021\/04\/Redner-Hans-Bauer.jpg?w=1600&amp;ssl=1 1600w\" width=\"320\" height=\"240\" loading=\"lazy\" data-original-width=\"320\" data-original-height=\"240\" itemprop=\"http:\/\/schema.org\/image\" title=\"\" alt=\"Berlin, Ernst-Th\u00e4lmann-Park, 17.04.2021: Hans Bauer w\u00e4hrend seiner Rede\" style=\"width: 320px; height: 240px;\" \/> <\/a> <div class=\"tiled-gallery-caption\" itemprop=\"caption description\"> Berlin, Ernst-Th\u00e4lmann-Park, 17.04.2021: Hans Bauer w\u00e4hrend seiner Rede <\/div> <\/div> <\/div> <!-- close group --> <div class=\"gallery-group images-1\" style=\"width: 204px; height: 244px;\" data-original-width=\"204\" data-original-height=\"244\" > <div class=\"tiled-gallery-item tiled-gallery-item-small\" itemprop=\"associatedMedia\" itemscope itemtype=\"http:\/\/schema.org\/ImageObject\"> <a href=\"https:\/\/www.freidenker.org\/?attachment_id=9967\" border=\"0\" itemprop=\"url\"> <meta itemprop=\"width\" content=\"200\"> <meta itemprop=\"height\" content=\"240\"> <img decoding=\"async\" class=\"\" data-attachment-id=\"9967\" data-orig-file=\"https:\/\/www.freidenker.org\/fw17\/wp-content\/uploads\/2021\/04\/Thaelmann-2.jpg\" data-orig-size=\"1595,1920\" data-comments-opened=\"\" data-image-meta=\"{&quot;aperture&quot;:&quot;8&quot;,&quot;credit&quot;:&quot;&quot;,&quot;camera&quot;:&quot;DC-GX9&quot;,&quot;caption&quot;:&quot;&quot;,&quot;created_timestamp&quot;:&quot;1618665505&quot;,&quot;copyright&quot;:&quot;&quot;,&quot;focal_length&quot;:&quot;14&quot;,&quot;iso&quot;:&quot;200&quot;,&quot;shutter_speed&quot;:&quot;0.0015625&quot;,&quot;title&quot;:&quot;&quot;,&quot;orientation&quot;:&quot;1&quot;}\" data-image-title=\"\" data-image-description=\"\" data-medium-file=\"https:\/\/i0.wp.com\/www.freidenker.org\/fw17\/wp-content\/uploads\/2021\/04\/Thaelmann-2.jpg?fit=249%2C300&#038;ssl=1\" data-large-file=\"https:\/\/i0.wp.com\/www.freidenker.org\/fw17\/wp-content\/uploads\/2021\/04\/Thaelmann-2.jpg?fit=800%2C963&#038;ssl=1\" src=\"https:\/\/i0.wp.com\/www.freidenker.org\/fw17\/wp-content\/uploads\/2021\/04\/Thaelmann-2.jpg?w=200&#038;h=240&#038;ssl=1\" srcset=\"https:\/\/i0.wp.com\/www.freidenker.org\/fw17\/wp-content\/uploads\/2021\/04\/Thaelmann-2.jpg?w=1595&amp;ssl=1 1595w, https:\/\/i0.wp.com\/www.freidenker.org\/fw17\/wp-content\/uploads\/2021\/04\/Thaelmann-2.jpg?resize=249%2C300&amp;ssl=1 249w, https:\/\/i0.wp.com\/www.freidenker.org\/fw17\/wp-content\/uploads\/2021\/04\/Thaelmann-2.jpg?resize=851%2C1024&amp;ssl=1 851w, https:\/\/i0.wp.com\/www.freidenker.org\/fw17\/wp-content\/uploads\/2021\/04\/Thaelmann-2.jpg?resize=768%2C924&amp;ssl=1 768w, https:\/\/i0.wp.com\/www.freidenker.org\/fw17\/wp-content\/uploads\/2021\/04\/Thaelmann-2.jpg?resize=1276%2C1536&amp;ssl=1 1276w\" width=\"200\" height=\"240\" loading=\"lazy\" data-original-width=\"200\" data-original-height=\"240\" itemprop=\"http:\/\/schema.org\/image\" title=\"\" alt=\"Berlin, Ernst-Th\u00e4lmann-Park, 17.04.2021\" style=\"width: 200px; height: 240px;\" \/> <\/a> <div class=\"tiled-gallery-caption\" itemprop=\"caption description\"> Berlin, Ernst-Th\u00e4lmann-Park, 17.04.2021 <\/div> <\/div> <\/div> <!-- close group --> <div class=\"gallery-group images-1\" style=\"width: 136px; height: 244px;\" data-original-width=\"136\" data-original-height=\"244\" > <div class=\"tiled-gallery-item tiled-gallery-item-small\" itemprop=\"associatedMedia\" itemscope itemtype=\"http:\/\/schema.org\/ImageObject\"> <a href=\"https:\/\/www.freidenker.org\/?attachment_id=9970\" border=\"0\" itemprop=\"url\"> <meta itemprop=\"width\" content=\"132\"> <meta itemprop=\"height\" content=\"240\"> <img decoding=\"async\" class=\"\" data-attachment-id=\"9970\" data-orig-file=\"https:\/\/www.freidenker.org\/fw17\/wp-content\/uploads\/2021\/04\/FB_IMG_1618742907584.jpg\" data-orig-size=\"528,960\" data-comments-opened=\"\" data-image-meta=\"{&quot;aperture&quot;:&quot;0&quot;,&quot;credit&quot;:&quot;&quot;,&quot;camera&quot;:&quot;&quot;,&quot;caption&quot;:&quot;&quot;,&quot;created_timestamp&quot;:&quot;0&quot;,&quot;copyright&quot;:&quot;&quot;,&quot;focal_length&quot;:&quot;0&quot;,&quot;iso&quot;:&quot;0&quot;,&quot;shutter_speed&quot;:&quot;0&quot;,&quot;title&quot;:&quot;&quot;,&quot;orientation&quot;:&quot;0&quot;}\" data-image-title=\"\" data-image-description=\"\" data-medium-file=\"https:\/\/i0.wp.com\/www.freidenker.org\/fw17\/wp-content\/uploads\/2021\/04\/FB_IMG_1618742907584.jpg?fit=165%2C300&#038;ssl=1\" data-large-file=\"https:\/\/i0.wp.com\/www.freidenker.org\/fw17\/wp-content\/uploads\/2021\/04\/FB_IMG_1618742907584.jpg?fit=528%2C960&#038;ssl=1\" src=\"https:\/\/i0.wp.com\/www.freidenker.org\/fw17\/wp-content\/uploads\/2021\/04\/FB_IMG_1618742907584.jpg?w=132&#038;h=240&#038;ssl=1\" srcset=\"https:\/\/i0.wp.com\/www.freidenker.org\/fw17\/wp-content\/uploads\/2021\/04\/FB_IMG_1618742907584.jpg?w=528&amp;ssl=1 528w, https:\/\/i0.wp.com\/www.freidenker.org\/fw17\/wp-content\/uploads\/2021\/04\/FB_IMG_1618742907584.jpg?resize=165%2C300&amp;ssl=1 165w\" width=\"132\" height=\"240\" loading=\"lazy\" data-original-width=\"132\" data-original-height=\"240\" itemprop=\"http:\/\/schema.org\/image\" title=\"\" alt=\"Berlin, Ernst-Th\u00e4lmann-Park, 17.04.2021\" style=\"width: 132px; height: 240px;\" \/> <\/a> <div class=\"tiled-gallery-caption\" itemprop=\"caption description\"> Berlin, Ernst-Th\u00e4lmann-Park, 17.04.2021 <\/div> <\/div> <\/div> <!-- close group --> <div class=\"gallery-group images-1\" style=\"width: 136px; height: 244px;\" data-original-width=\"136\" data-original-height=\"244\" > <div class=\"tiled-gallery-item tiled-gallery-item-small\" itemprop=\"associatedMedia\" itemscope itemtype=\"http:\/\/schema.org\/ImageObject\"> <a href=\"https:\/\/www.freidenker.org\/?attachment_id=9971\" border=\"0\" itemprop=\"url\"> <meta itemprop=\"width\" content=\"132\"> <meta itemprop=\"height\" content=\"240\"> <img decoding=\"async\" class=\"\" data-attachment-id=\"9971\" data-orig-file=\"https:\/\/www.freidenker.org\/fw17\/wp-content\/uploads\/2021\/04\/FB_IMG_1618742916004.jpg\" data-orig-size=\"528,960\" data-comments-opened=\"\" data-image-meta=\"{&quot;aperture&quot;:&quot;0&quot;,&quot;credit&quot;:&quot;&quot;,&quot;camera&quot;:&quot;&quot;,&quot;caption&quot;:&quot;&quot;,&quot;created_timestamp&quot;:&quot;0&quot;,&quot;copyright&quot;:&quot;&quot;,&quot;focal_length&quot;:&quot;0&quot;,&quot;iso&quot;:&quot;0&quot;,&quot;shutter_speed&quot;:&quot;0&quot;,&quot;title&quot;:&quot;&quot;,&quot;orientation&quot;:&quot;0&quot;}\" data-image-title=\"\" data-image-description=\"\" data-medium-file=\"https:\/\/i0.wp.com\/www.freidenker.org\/fw17\/wp-content\/uploads\/2021\/04\/FB_IMG_1618742916004.jpg?fit=165%2C300&#038;ssl=1\" data-large-file=\"https:\/\/i0.wp.com\/www.freidenker.org\/fw17\/wp-content\/uploads\/2021\/04\/FB_IMG_1618742916004.jpg?fit=528%2C960&#038;ssl=1\" src=\"https:\/\/i0.wp.com\/www.freidenker.org\/fw17\/wp-content\/uploads\/2021\/04\/FB_IMG_1618742916004.jpg?w=132&#038;h=240&#038;ssl=1\" srcset=\"https:\/\/i0.wp.com\/www.freidenker.org\/fw17\/wp-content\/uploads\/2021\/04\/FB_IMG_1618742916004.jpg?w=528&amp;ssl=1 528w, https:\/\/i0.wp.com\/www.freidenker.org\/fw17\/wp-content\/uploads\/2021\/04\/FB_IMG_1618742916004.jpg?resize=165%2C300&amp;ssl=1 165w\" width=\"132\" height=\"240\" loading=\"lazy\" data-original-width=\"132\" data-original-height=\"240\" itemprop=\"http:\/\/schema.org\/image\" title=\"\" alt=\"Berlin, Ernst-Th\u00e4lmann-Park, 17.04.2021: Klaus Linder, Vorsitzender des Freidenker-Landesverbandes Berlin\" style=\"width: 132px; height: 240px;\" \/> <\/a> <div class=\"tiled-gallery-caption\" itemprop=\"caption description\"> Berlin, Ernst-Th\u00e4lmann-Park, 17.04.2021: Klaus Linder, Vorsitzender des Freidenker-Landesverbandes Berlin <\/div> <\/div> <\/div> <!-- close group --> <\/div> <!-- close row --> <div class=\"gallery-row\" style=\"width: 800px; height: 344px;\" data-original-width=\"800\" data-original-height=\"344\" > <div class=\"gallery-group images-1\" style=\"width: 609px; height: 344px;\" data-original-width=\"609\" data-original-height=\"344\" > <div class=\"tiled-gallery-item tiled-gallery-item-large\" itemprop=\"associatedMedia\" itemscope itemtype=\"http:\/\/schema.org\/ImageObject\"> <a href=\"https:\/\/www.freidenker.org\/?attachment_id=9972\" border=\"0\" itemprop=\"url\"> <meta itemprop=\"width\" content=\"605\"> <meta itemprop=\"height\" content=\"340\"> <img decoding=\"async\" class=\"\" data-attachment-id=\"9972\" data-orig-file=\"https:\/\/www.freidenker.org\/fw17\/wp-content\/uploads\/2021\/04\/FB_IMG_1618742928922.jpg\" data-orig-size=\"960,540\" data-comments-opened=\"\" data-image-meta=\"{&quot;aperture&quot;:&quot;0&quot;,&quot;credit&quot;:&quot;&quot;,&quot;camera&quot;:&quot;&quot;,&quot;caption&quot;:&quot;&quot;,&quot;created_timestamp&quot;:&quot;0&quot;,&quot;copyright&quot;:&quot;&quot;,&quot;focal_length&quot;:&quot;0&quot;,&quot;iso&quot;:&quot;0&quot;,&quot;shutter_speed&quot;:&quot;0&quot;,&quot;title&quot;:&quot;&quot;,&quot;orientation&quot;:&quot;0&quot;}\" data-image-title=\"\" data-image-description=\"\" data-medium-file=\"https:\/\/i0.wp.com\/www.freidenker.org\/fw17\/wp-content\/uploads\/2021\/04\/FB_IMG_1618742928922.jpg?fit=300%2C169&#038;ssl=1\" data-large-file=\"https:\/\/i0.wp.com\/www.freidenker.org\/fw17\/wp-content\/uploads\/2021\/04\/FB_IMG_1618742928922.jpg?fit=800%2C450&#038;ssl=1\" src=\"https:\/\/i0.wp.com\/www.freidenker.org\/fw17\/wp-content\/uploads\/2021\/04\/FB_IMG_1618742928922.jpg?w=605&#038;h=340&#038;ssl=1\" srcset=\"https:\/\/i0.wp.com\/www.freidenker.org\/fw17\/wp-content\/uploads\/2021\/04\/FB_IMG_1618742928922.jpg?w=960&amp;ssl=1 960w, https:\/\/i0.wp.com\/www.freidenker.org\/fw17\/wp-content\/uploads\/2021\/04\/FB_IMG_1618742928922.jpg?resize=300%2C169&amp;ssl=1 300w, https:\/\/i0.wp.com\/www.freidenker.org\/fw17\/wp-content\/uploads\/2021\/04\/FB_IMG_1618742928922.jpg?resize=768%2C432&amp;ssl=1 768w\" width=\"605\" height=\"340\" loading=\"lazy\" data-original-width=\"605\" data-original-height=\"340\" itemprop=\"http:\/\/schema.org\/image\" title=\"\" alt=\"Berlin, Ernst-Th\u00e4lmann-Park, 17.04.2021\" style=\"width: 605px; height: 340px;\" \/> <\/a> <div class=\"tiled-gallery-caption\" itemprop=\"caption description\"> Berlin, Ernst-Th\u00e4lmann-Park, 17.04.2021 <\/div> <\/div> <\/div> <!-- close group --> <div class=\"gallery-group images-1\" style=\"width: 191px; height: 344px;\" data-original-width=\"191\" data-original-height=\"344\" > <div class=\"tiled-gallery-item tiled-gallery-item-small\" itemprop=\"associatedMedia\" itemscope itemtype=\"http:\/\/schema.org\/ImageObject\"> <a href=\"https:\/\/www.freidenker.org\/?attachment_id=9973\" border=\"0\" itemprop=\"url\"> <meta itemprop=\"width\" content=\"187\"> <meta itemprop=\"height\" content=\"340\"> <img decoding=\"async\" class=\"\" data-attachment-id=\"9973\" data-orig-file=\"https:\/\/www.freidenker.org\/fw17\/wp-content\/uploads\/2021\/04\/FB_IMG_1618742937544.jpg\" data-orig-size=\"528,960\" data-comments-opened=\"\" data-image-meta=\"{&quot;aperture&quot;:&quot;0&quot;,&quot;credit&quot;:&quot;&quot;,&quot;camera&quot;:&quot;&quot;,&quot;caption&quot;:&quot;&quot;,&quot;created_timestamp&quot;:&quot;0&quot;,&quot;copyright&quot;:&quot;&quot;,&quot;focal_length&quot;:&quot;0&quot;,&quot;iso&quot;:&quot;0&quot;,&quot;shutter_speed&quot;:&quot;0&quot;,&quot;title&quot;:&quot;&quot;,&quot;orientation&quot;:&quot;0&quot;}\" data-image-title=\"\" data-image-description=\"\" data-medium-file=\"https:\/\/i0.wp.com\/www.freidenker.org\/fw17\/wp-content\/uploads\/2021\/04\/FB_IMG_1618742937544.jpg?fit=165%2C300&#038;ssl=1\" data-large-file=\"https:\/\/i0.wp.com\/www.freidenker.org\/fw17\/wp-content\/uploads\/2021\/04\/FB_IMG_1618742937544.jpg?fit=528%2C960&#038;ssl=1\" src=\"https:\/\/i0.wp.com\/www.freidenker.org\/fw17\/wp-content\/uploads\/2021\/04\/FB_IMG_1618742937544.jpg?w=187&#038;h=340&#038;ssl=1\" srcset=\"https:\/\/i0.wp.com\/www.freidenker.org\/fw17\/wp-content\/uploads\/2021\/04\/FB_IMG_1618742937544.jpg?w=528&amp;ssl=1 528w, https:\/\/i0.wp.com\/www.freidenker.org\/fw17\/wp-content\/uploads\/2021\/04\/FB_IMG_1618742937544.jpg?resize=165%2C300&amp;ssl=1 165w\" width=\"187\" height=\"340\" loading=\"lazy\" data-original-width=\"187\" data-original-height=\"340\" itemprop=\"http:\/\/schema.org\/image\" title=\"\" alt=\"Berlin, Ernst-Th\u00e4lmann-Park, 17.04.2021: rechts im Bild Liane Kilinc vom LV Berlin\" style=\"width: 187px; height: 340px;\" \/> <\/a> <div class=\"tiled-gallery-caption\" itemprop=\"caption description\"> Berlin, Ernst-Th\u00e4lmann-Park, 17.04.2021: rechts im Bild Liane Kilinc vom LV Berlin <\/div> <\/div> <\/div> <!-- close group --> <\/div> <!-- close row --> <\/div>\n<p><span style=\"font-size: 10pt;\">Fotos: 1-8 Bruno Jeup, 9-12 anonym<\/span><\/p>\n<hr \/>\n<h4><a id=\"r2\"><\/a>Ehren wir Th\u00e4lmann, indem wir uns treu bleiben<\/h4>\n<p><em>Rede von <strong>Egon Krenz<\/strong>\u00a0anl\u00e4sslich des 135. Geburtstages von Ernst Th\u00e4lmann am 18. April 2021 in Ziegenhals<\/em><\/p>\n<p>&nbsp;<\/p>\n<p>Liebe Freunde, Genossinnen und Genossen, liebe Anwesende,<\/p>\n<p>wir halten Abstand.<\/p>\n<p>R\u00e4umlich!<\/p>\n<p>Nicht politisch.<\/p>\n<p>Wir haben das Wort nicht vergessen, das sich heute fast auf den Tag genau vor 75 Jahren Kommunisten und Sozialdemokraten auf dem Vereinigungsparteitag von SPD und KPD zur SED gaben:\u00a0Br\u00fcder, in eins nun die H\u00e4nde!<\/p>\n<p>Es ist geschichtlich anders gekommen als damals gewollt.\u00a0Trotz Niederlage bleibt aber wahr: Linke haben auch in der Gegenwart nur eine Chance, wenn sie das Gemeinsame suchen und das Trennende beiseiteschieben.<\/p>\n<p>Unsere politischen Gegner werden uns wieder als \u201eunverbesserlich\u201c diffamieren, als \u201eEwiggestrige\u201c, als Dogmatiker \u201ein kleinen Zirkeln\u201c, als \u201eGefangene unserer DDR-Vergangenheit\u201c.<\/p>\n<p>Nichts von dem sind wir. Wir sind eher die <strong>Ewigmorgigen,<\/strong> die sich Gedanken machen um die Zukunft unserer Kinder und Kindeskinder f\u00fcr ein Deutschland, von dem nur Frieden ausgeht, der inzwischen durch die Politik der USA und ihrer Verb\u00fcndeten mehr als br\u00fcchig geworden ist.<\/p>\n<p>Wir <strong>denken <\/strong>anl\u00e4sslich seines 135. Geburtstages an ihn, den Hafenarbeiter, den Kommunisten, den Parteivorsitzenden, den Abgeordneten des Deutschen Reichstages, den Pr\u00e4sidentschaftskandidaten der KPD, den H\u00e4ftling der Nazis,\u00a0wir <strong>gedenken<\/strong> unseres Genossen Ernst Th\u00e4lmann, den seine Anh\u00e4nger liebe- und achtungsvoll Teddy nannten.<\/p>\n<p>Ich h\u00f6re schon von rechts wie auch von links den Einwand: Er hat aber Fehler gemacht.\u00a0Ja, wer macht die denn nicht?!<\/p>\n<p><strong>H\u00f6her als seine<\/strong> Irrt\u00fcmer aber steht, dass die KPD unter seiner Leitung eine Massenpartei war und \u00fcber 5 Millionen Deutsche ihn w\u00e4hlten.<\/p>\n<p><strong>H\u00f6her als seine<\/strong> Irrt\u00fcmer steht die Warnung: Wer Hindenburg w\u00e4hlt, w\u00e4hlt Hitler und wer Hitler w\u00e4hlt, w\u00e4hlt Krieg!\u00a0Was w\u00e4re unserem Volk erspart geblieben, wenn Th\u00e4lmanns Rat verwirklicht worden w\u00e4re!<\/p>\n<p><strong>Und vor allem<\/strong> h\u00f6her als seine Irrt\u00fcmer steht seine Standhaftigkeit.<\/p>\n<p>Er gab das Wertvollste, was er hatte, sein Leben f\u00fcr ein nazifreies Deutschland. Er h\u00e4tte sein Leben retten k\u00f6nnen, wenn er denn abgeschworen, wenn er seine \u00dcberzeugung verleugnet h\u00e4tte.<\/p>\n<p>Er blieb sich und seiner Sache treu &#8211; bis in den Tod. Allein deshalb bleibt Th\u00e4lmann vor allen \u2013 wie wir in der DDR sangen &#8211; \u201eDeutschlands unsterblicher Sohn\u201c.<\/p>\n<p>Gerade auch deshalb ist es eine arglistige T\u00e4uschung schlimmster Art, wenn die AfD Plakate klebte mit dem Bildnis Th\u00e4lmanns und der Aussage \u201eTh\u00e4lmann w\u00fcrde AfD w\u00e4hlen.\u201c\u00a0Th\u00e4lmann und AfD schlie\u00dfen einander aus wie Feuer und Wasser. Nichts aber auch gar nichts kann einen Sympathisanten Th\u00e4lmanns dazu verleiten, seine Stimme der AfD zu geben.<\/p>\n<p>Wenn wir Th\u00e4lmann ehren, vergesse ich nicht, dass wir in einem Lande leben, in dem seine M\u00f6rder nie bestraft wurden und seine Partei, die KPD, noch immer widerrechtlich verboten ist.<\/p>\n<p>Wer Th\u00e4lmann gerecht werden will, sollte sich f\u00fcr die Aufhebung des Parteiverbots und die Rehabilitierung aller Opfer des Kalten Krieges einsetzen.\u00a0 Und nicht zu vergessen: Gegen die rechtswidrige Verfolgung der FDJ.<\/p>\n<p>Ein kompetenter Zeitzeuge, der aus b\u00fcrgerlichem Hause stammende Heinrich Mann, meinte zum 50. Geburtstag Th\u00e4lmanns, er geh\u00f6re zu den Helden, zu denen die proletarische Jugend aufblicken k\u00f6nne.<\/p>\n<p>W\u00f6rtlich: \u201eDer gefangene Ernst Th\u00e4lmann ist sehr stark, viel st\u00e4rker als seine Peiniger\u2026 Th\u00e4lmann ist ein wirklicher Arbeiter mit starken F\u00e4usten und einem gesunden Verstand. Der Feind, der ihn gefangen h\u00e4lt, stellt von allem das Gegenteil dar.\u201c<\/p>\n<p>J\u00e4hrlich wird in Deutschland der mutigen M\u00e4nner des 20. Juli 1944 gedacht, die ein Attentat auf Hitler wagten.\u00a0 Das war auch in der DDR so.\u00a0Wer aber heute Stauffenbergs gedenkt, darf Th\u00e4lmann nicht aus seiner Erinnerung streichen und den kommunistischen Widerstand gegen das Naziregime herabw\u00fcrdigen.<\/p>\n<p>Th\u00e4lmann war ein gl\u00fchender Anh\u00e4nger der Sowjetunion.\u00a0Wem auch sonst sollte ein deutscher Kommunist seine Solidarit\u00e4t geben, wenn nicht jenem Land, das die Oktoberrevolution wagte und einen ausbeutungsfreien Staat aufbaute?<\/p>\n<p>Es gibt ihn nun nicht mehr, den Sowjetstaat.\u00a0Auch wenn in Russland inzwischen kapitalistische Verh\u00e4ltnisse herrschen, bleibt doch wahr:\u00a0Ohne Russland wird es in der Welt und in Europa keinen Frieden geben.<\/p>\n<p>Das wusste schon der Eiserne Kanzler Bismarck \u2013 nur seine konservativen Nachkommen &#8211; die Nato-treuen Regierungen &#8211; ignorieren dies.\u00a0Sie erkl\u00e4ren Russland \u2013 wie das in dem taufrischen Dokument \u201eNATO 2030\u201c nachzulesen ist, zum \u201eFeind\u201c.<\/p>\n<p>Russland unser Feind?<\/p>\n<p>Das ist Kalter Krieg kurz vor einem hei\u00dfen!\u00a0Ich empfinde es als Schande, dass die Bundesregierung in Vasallentreu zu den USA dieser Politik folgt.<\/p>\n<p>Als knapp 8 &#8211; j\u00e4hriger habe ich noch Plakate gesehen, auf denen die Russen als \u201eUntermenschen\u201c dargestellt wurden.\u00a0\u00a0Ich f\u00fchle mich heute manchmal daran erinnert.\u00a0 \u00a0Die offizielle russophobe Hetze in diesem Lande ist unertr\u00e4glich.\u00a0An allem B\u00f6sen sind wieder einmal die \u201eRussen Schuld\u201c.<\/p>\n<p>Weil diese antirussische Ideologie das Denken der Regierenden bestimmt, lassen sie in der herrschenden Pandemie lieber Millionen Deutsche ohne Impfschutz statt Sputnik V anzuwenden, mit dem inzwischen in mehr als 50 L\u00e4ndern erfolgreich geimpft wird.<\/p>\n<p>DDR-B\u00fcrger kennen aus Erfahrung die Qualit\u00e4t sowjetischen Impfstoffs. Auch mit seiner Hilfe wurden in der DDR solche Krankheiten wie Pocken, Kinderl\u00e4hmung, Diphtherie, Tetanus, Keuchhusten, Tuberkulose und Masern so gut wie besiegt. Heute sind sie zum Teil wieder da.<\/p>\n<p>80 Jahre nach dem deutschen \u00dcberfall auf die Sowjetunion wird Russland zum Feind erkl\u00e4rt, sanktioniert Deutschland wieder Russland.<\/p>\n<p>Das ist mehr als geschichtsvergessen, haben doch 27 Millionen Sowjetmenschen ihr Leben auch f\u00fcr Deutschlands Freiheit vom Faschismus gegeben. Es ber\u00fchrt mich \u00e4u\u00dferst negativ, dass dies dem Deutschen Bundestag keine Gedenkstunde Wert ist.<\/p>\n<p>Vor f\u00fcnf Jahren erhielt ich von einem Studienfreund aus Moskau eine E-Mail, die immer wieder starke Emotionen in mir ausl\u00f6st. \u00a0\u201eWir haben den Gro\u00dfen Vaterl\u00e4ndischen Krieg gewonnen\u201c, schrieb er, \u201eund letztlich doch verloren. An unseren Grenzen steht die NATO. Fremde Truppen in der N\u00e4he unserer Heimaterde, das sollte es nach den furchtbaren Erfahrungen des deutschen \u00dcberfalls vom 22. Juni 1941 nie wieder geben. Daf\u00fcr starben Millionen meiner Landsleute. F\u00fcnfundsiebzig Jahre danach wird Russland von Deutschland wieder bestraft, nicht mit einem \u00dcberfall, aber mit einem Wirtschaftskrieg und mit \u00fcbler Hetze gegen mein Heimatland. \u201c\u00a0Soweit die Gedanken meines russischen Jugendfreundes.<\/p>\n<p>Die Russen haben aus ihrer Geschichte heraus ein gutes Gef\u00fchl daf\u00fcr, wer ihrem Land Gutes will und wer es dem\u00fctigt. \u00a0Man mag manches am heutigen Russland zu kritisieren haben, nichts, aber auch gar nichts kann rechtfertigen, dass auch deutsche Truppen an Russlands Grenzen stehen \u2013 egal unter welchem Vorwand.<\/p>\n<p>Nicht Russland hat die Nachkriegsgrenzen in Europa ver\u00e4ndert wie der deutsche Au\u00dfenminister unwissend zu wissen glaubt,\u00a0sondern\u00a0die NATO unter F\u00fchrung der USA.<\/p>\n<p>Die europ\u00e4ischen Nachkriegsgrenzen wurden im Februar 1945 von den drei Gro\u00dfen der Antihitler-Koalition in Jalta auf der schon damals russischen Krim festgestellt und verliefen quer durch Deutschland und Europa.\u00a0Die NATO hat sie von der Elbe und Werra an die russische Grenze verlegt. Das kann und wird Russland niemals akzeptieren k\u00f6nnen.<\/p>\n<p>Hohe ehemalige franz\u00f6sische Offiziere \u00fcben in einem bemerkenswerten offenen Brief scharfe Kritik an dem Plan \u00abNato 2030\u00bb.\u00a0Sie verurteilen die Unterordnung Europas unter die USA und heben hervor, dass dieser Plan zwar \u201efriedlich pr\u00e4sentiert\u201c, aber mit \u201eb\u00f6swilliger Absicht\u201c ausgearbeitet wurde.<\/p>\n<p><strong>Was erfahren wir in diesen in Tagen aus deutschen Medien?<\/strong><\/p>\n<p>Russland versch\u00e4rfe die Lage, weil es an <strong>seiner<\/strong> Grenze Truppenbewegungen gebe.<\/p>\n<p><strong>Was aber ist in Deutschland nicht oder nur oberfl\u00e4chlich zu h\u00f6ren, zu sehen oder zu lesen? <\/strong><\/p>\n<p>Dass die Ukraine das Minsker Abkommen verletzt. Seit Wochen ihre Truppen an der Grenze zu Russland zusammenzieht, dass seit Beginn dieses Jahres die nationalistischen Kreise in der Ukraine ermutigt und geradezu angestachelt werden, ihre aggressiven Ziele gegen\u00fcber dem Donbass und Russland auf der Krim mit Waffengewalt zu verfolgen.<\/p>\n<p>Der Beschuss des Donbass wurde ebenso verst\u00e4rkt, wie der Zufluss von immer mehr Waffen und \u201eAusbildern\u201c aus den USA und weiteren L\u00e4ndern in die Ukraine. Sie rufen nach dem Eingreifen der NATO.<\/p>\n<p>Besonders der neue amerikanische Pr\u00e4sident z\u00fcndelt und heizt den Konflikt an.\u00a0Welch ein Zynismus!\u00a0Die USA stationieren fern ihrer Heimat neue Soldaten, f\u00fchren das Man\u00f6ver Defender Europa 21 mit \u00fcber 31 000 Soldaten in Russlands N\u00e4he an und beklagen sich, dass Russland reagiert.<\/p>\n<p>Th\u00e4lmann zu ehren, das hei\u00dft f\u00fcr mich auch, seine Lebensart zu pflegen, sich gegen L\u00fcge und Verleumdung zu wehren, bei Schwierigkeiten nicht klein beizugeben, seine \u00dcberzeugung zu verteidigen.<\/p>\n<p>Es ist schwer, sich in dieser durcheinandergeratenen Welt und im Chaos Deutschlands zu Recht zu finden.\u00a0Aber: Es gibt einen Kompass. Die uralte Frage der Menschheit ist heute aktueller denn je: Wem dient etwas?\u00a0 Wem n\u00fctzt es?<\/p>\n<p>Benutzen wir diesen Kompass bei jeder unserer politischen Entscheidungen. Ehren wir Th\u00e4lmann, indem wir uns treu bleiben.<\/p>\n<p style=\"text-align: right;\"><em>Egon Krenz, Dierhagen, war u.a. Erster Sekret\u00e4r des Zentralrats der FDJ,<br \/>\nMitglied des Politb\u00fcros und Generalsekret\u00e4r des ZK der SED,<br \/>\nstellvertretender und zuletzt Vorsitzender des Staatsrates der DDR<\/em><\/p>\n<hr \/>\n<h5><a id=\"g2\"><\/a>Bildergalerie<\/h5>\n<p><em>Ziegenhals, 17. April 2021<\/em><\/p>\n<div class=\"tiled-gallery type-rectangular tiled-gallery-unresized\" data-original-width=\"800\" data-carousel-extra='{&quot;blog_id&quot;:1,&quot;permalink&quot;:&quot;https:\\\/\\\/www.freidenker.org\\\/?p=9915&quot;,&quot;likes_blog_id&quot;:139773280}' itemscope itemtype=\"http:\/\/schema.org\/ImageGallery\" > <div class=\"gallery-row\" style=\"width: 800px; height: 367px;\" data-original-width=\"800\" data-original-height=\"367\" > <div class=\"gallery-group images-1\" style=\"width: 561px; height: 367px;\" data-original-width=\"561\" data-original-height=\"367\" > <div class=\"tiled-gallery-item tiled-gallery-item-large\" itemprop=\"associatedMedia\" itemscope itemtype=\"http:\/\/schema.org\/ImageObject\"> <a href=\"https:\/\/www.freidenker.org\/?attachment_id=9947\" border=\"0\" itemprop=\"url\"> <meta itemprop=\"width\" content=\"557\"> <meta itemprop=\"height\" content=\"363\"> <img decoding=\"async\" class=\"\" data-attachment-id=\"9947\" data-orig-file=\"https:\/\/www.freidenker.org\/fw17\/wp-content\/uploads\/2021\/04\/Ehrung-Krenz-1.jpg\" data-orig-size=\"1920,1253\" data-comments-opened=\"\" data-image-meta=\"{&quot;aperture&quot;:&quot;5.6&quot;,&quot;credit&quot;:&quot;&quot;,&quot;camera&quot;:&quot;DC-GX9&quot;,&quot;caption&quot;:&quot;&quot;,&quot;created_timestamp&quot;:&quot;1618744190&quot;,&quot;copyright&quot;:&quot;&quot;,&quot;focal_length&quot;:&quot;140&quot;,&quot;iso&quot;:&quot;320&quot;,&quot;shutter_speed&quot;:&quot;0.003125&quot;,&quot;title&quot;:&quot;&quot;,&quot;orientation&quot;:&quot;1&quot;}\" data-image-title=\"\" data-image-description=\"\" data-medium-file=\"https:\/\/i0.wp.com\/www.freidenker.org\/fw17\/wp-content\/uploads\/2021\/04\/Ehrung-Krenz-1.jpg?fit=300%2C196&#038;ssl=1\" data-large-file=\"https:\/\/i0.wp.com\/www.freidenker.org\/fw17\/wp-content\/uploads\/2021\/04\/Ehrung-Krenz-1.jpg?fit=800%2C522&#038;ssl=1\" src=\"https:\/\/i0.wp.com\/www.freidenker.org\/fw17\/wp-content\/uploads\/2021\/04\/Ehrung-Krenz-1.jpg?w=557&#038;h=363&#038;ssl=1\" srcset=\"https:\/\/i0.wp.com\/www.freidenker.org\/fw17\/wp-content\/uploads\/2021\/04\/Ehrung-Krenz-1.jpg?w=1920&amp;ssl=1 1920w, https:\/\/i0.wp.com\/www.freidenker.org\/fw17\/wp-content\/uploads\/2021\/04\/Ehrung-Krenz-1.jpg?resize=300%2C196&amp;ssl=1 300w, https:\/\/i0.wp.com\/www.freidenker.org\/fw17\/wp-content\/uploads\/2021\/04\/Ehrung-Krenz-1.jpg?resize=1024%2C668&amp;ssl=1 1024w, https:\/\/i0.wp.com\/www.freidenker.org\/fw17\/wp-content\/uploads\/2021\/04\/Ehrung-Krenz-1.jpg?resize=768%2C501&amp;ssl=1 768w, https:\/\/i0.wp.com\/www.freidenker.org\/fw17\/wp-content\/uploads\/2021\/04\/Ehrung-Krenz-1.jpg?resize=1536%2C1002&amp;ssl=1 1536w, https:\/\/i0.wp.com\/www.freidenker.org\/fw17\/wp-content\/uploads\/2021\/04\/Ehrung-Krenz-1.jpg?w=1600&amp;ssl=1 1600w\" width=\"557\" height=\"363\" loading=\"lazy\" data-original-width=\"557\" data-original-height=\"363\" itemprop=\"http:\/\/schema.org\/image\" title=\"\" alt=\"Ziegenhals, 18.04.2021\" style=\"width: 557px; height: 363px;\" \/> <\/a> <div class=\"tiled-gallery-caption\" itemprop=\"caption description\"> Ziegenhals, 18.04.2021 <\/div> <\/div> <\/div> <!-- close group --> <div class=\"gallery-group images-2\" style=\"width: 239px; height: 367px;\" data-original-width=\"239\" data-original-height=\"367\" > <div class=\"tiled-gallery-item tiled-gallery-item-small\" itemprop=\"associatedMedia\" itemscope itemtype=\"http:\/\/schema.org\/ImageObject\"> <a href=\"https:\/\/www.freidenker.org\/?attachment_id=9949\" border=\"0\" itemprop=\"url\"> <meta itemprop=\"width\" content=\"235\"> <meta itemprop=\"height\" content=\"183\"> <img decoding=\"async\" class=\"\" data-attachment-id=\"9949\" data-orig-file=\"https:\/\/www.freidenker.org\/fw17\/wp-content\/uploads\/2021\/04\/Ehrung-Krenz-3.jpg\" data-orig-size=\"1920,1492\" data-comments-opened=\"\" data-image-meta=\"{&quot;aperture&quot;:&quot;5.4&quot;,&quot;credit&quot;:&quot;&quot;,&quot;camera&quot;:&quot;DC-GX9&quot;,&quot;caption&quot;:&quot;&quot;,&quot;created_timestamp&quot;:&quot;1618744241&quot;,&quot;copyright&quot;:&quot;&quot;,&quot;focal_length&quot;:&quot;97&quot;,&quot;iso&quot;:&quot;320&quot;,&quot;shutter_speed&quot;:&quot;0.004&quot;,&quot;title&quot;:&quot;&quot;,&quot;orientation&quot;:&quot;1&quot;}\" data-image-title=\"\" data-image-description=\"\" data-medium-file=\"https:\/\/i0.wp.com\/www.freidenker.org\/fw17\/wp-content\/uploads\/2021\/04\/Ehrung-Krenz-3.jpg?fit=300%2C233&#038;ssl=1\" data-large-file=\"https:\/\/i0.wp.com\/www.freidenker.org\/fw17\/wp-content\/uploads\/2021\/04\/Ehrung-Krenz-3.jpg?fit=800%2C622&#038;ssl=1\" src=\"https:\/\/i0.wp.com\/www.freidenker.org\/fw17\/wp-content\/uploads\/2021\/04\/Ehrung-Krenz-3.jpg?w=235&#038;h=183&#038;ssl=1\" srcset=\"https:\/\/i0.wp.com\/www.freidenker.org\/fw17\/wp-content\/uploads\/2021\/04\/Ehrung-Krenz-3.jpg?w=1920&amp;ssl=1 1920w, https:\/\/i0.wp.com\/www.freidenker.org\/fw17\/wp-content\/uploads\/2021\/04\/Ehrung-Krenz-3.jpg?resize=300%2C233&amp;ssl=1 300w, https:\/\/i0.wp.com\/www.freidenker.org\/fw17\/wp-content\/uploads\/2021\/04\/Ehrung-Krenz-3.jpg?resize=1024%2C796&amp;ssl=1 1024w, https:\/\/i0.wp.com\/www.freidenker.org\/fw17\/wp-content\/uploads\/2021\/04\/Ehrung-Krenz-3.jpg?resize=768%2C597&amp;ssl=1 768w, https:\/\/i0.wp.com\/www.freidenker.org\/fw17\/wp-content\/uploads\/2021\/04\/Ehrung-Krenz-3.jpg?resize=1536%2C1194&amp;ssl=1 1536w, https:\/\/i0.wp.com\/www.freidenker.org\/fw17\/wp-content\/uploads\/2021\/04\/Ehrung-Krenz-3.jpg?w=1600&amp;ssl=1 1600w\" width=\"235\" height=\"183\" loading=\"lazy\" data-original-width=\"235\" data-original-height=\"183\" itemprop=\"http:\/\/schema.org\/image\" title=\"\" alt=\"Ziegenhals, 18.04.2021\" style=\"width: 235px; height: 183px;\" \/> <\/a> <div class=\"tiled-gallery-caption\" itemprop=\"caption description\"> Ziegenhals, 18.04.2021 <\/div> <\/div> <div class=\"tiled-gallery-item tiled-gallery-item-small\" itemprop=\"associatedMedia\" itemscope itemtype=\"http:\/\/schema.org\/ImageObject\"> <a href=\"https:\/\/www.freidenker.org\/?attachment_id=9948\" border=\"0\" itemprop=\"url\"> <meta itemprop=\"width\" content=\"235\"> <meta itemprop=\"height\" content=\"176\"> <img decoding=\"async\" class=\"\" data-attachment-id=\"9948\" data-orig-file=\"https:\/\/www.freidenker.org\/fw17\/wp-content\/uploads\/2021\/04\/Ehrung-Krenz-2.jpg\" data-orig-size=\"1920,1442\" data-comments-opened=\"\" data-image-meta=\"{&quot;aperture&quot;:&quot;5.4&quot;,&quot;credit&quot;:&quot;&quot;,&quot;camera&quot;:&quot;DC-GX9&quot;,&quot;caption&quot;:&quot;&quot;,&quot;created_timestamp&quot;:&quot;1618744217&quot;,&quot;copyright&quot;:&quot;&quot;,&quot;focal_length&quot;:&quot;97&quot;,&quot;iso&quot;:&quot;200&quot;,&quot;shutter_speed&quot;:&quot;0.003125&quot;,&quot;title&quot;:&quot;&quot;,&quot;orientation&quot;:&quot;1&quot;}\" data-image-title=\"\" data-image-description=\"\" data-medium-file=\"https:\/\/i0.wp.com\/www.freidenker.org\/fw17\/wp-content\/uploads\/2021\/04\/Ehrung-Krenz-2.jpg?fit=300%2C225&#038;ssl=1\" data-large-file=\"https:\/\/i0.wp.com\/www.freidenker.org\/fw17\/wp-content\/uploads\/2021\/04\/Ehrung-Krenz-2.jpg?fit=800%2C601&#038;ssl=1\" src=\"https:\/\/i0.wp.com\/www.freidenker.org\/fw17\/wp-content\/uploads\/2021\/04\/Ehrung-Krenz-2.jpg?w=235&#038;h=176&#038;ssl=1\" srcset=\"https:\/\/i0.wp.com\/www.freidenker.org\/fw17\/wp-content\/uploads\/2021\/04\/Ehrung-Krenz-2.jpg?w=1920&amp;ssl=1 1920w, https:\/\/i0.wp.com\/www.freidenker.org\/fw17\/wp-content\/uploads\/2021\/04\/Ehrung-Krenz-2.jpg?resize=300%2C225&amp;ssl=1 300w, https:\/\/i0.wp.com\/www.freidenker.org\/fw17\/wp-content\/uploads\/2021\/04\/Ehrung-Krenz-2.jpg?resize=1024%2C769&amp;ssl=1 1024w, https:\/\/i0.wp.com\/www.freidenker.org\/fw17\/wp-content\/uploads\/2021\/04\/Ehrung-Krenz-2.jpg?resize=768%2C577&amp;ssl=1 768w, https:\/\/i0.wp.com\/www.freidenker.org\/fw17\/wp-content\/uploads\/2021\/04\/Ehrung-Krenz-2.jpg?resize=1536%2C1154&amp;ssl=1 1536w, https:\/\/i0.wp.com\/www.freidenker.org\/fw17\/wp-content\/uploads\/2021\/04\/Ehrung-Krenz-2.jpg?w=1600&amp;ssl=1 1600w\" width=\"235\" height=\"176\" loading=\"lazy\" data-original-width=\"235\" data-original-height=\"176\" itemprop=\"http:\/\/schema.org\/image\" title=\"\" alt=\"Ziegenhals, 18.04.2021\" style=\"width: 235px; height: 176px;\" \/> <\/a> <div class=\"tiled-gallery-caption\" itemprop=\"caption description\"> Ziegenhals, 18.04.2021 <\/div> <\/div> <\/div> <!-- close group --> <\/div> <!-- close row --> <div class=\"gallery-row\" style=\"width: 800px; height: 403px;\" data-original-width=\"800\" data-original-height=\"403\" > <div class=\"gallery-group images-2\" style=\"width: 274px; height: 403px;\" data-original-width=\"274\" data-original-height=\"403\" > <div class=\"tiled-gallery-item tiled-gallery-item-large\" itemprop=\"associatedMedia\" itemscope itemtype=\"http:\/\/schema.org\/ImageObject\"> <a href=\"https:\/\/www.freidenker.org\/?attachment_id=9950\" border=\"0\" itemprop=\"url\"> <meta itemprop=\"width\" content=\"270\"> <meta itemprop=\"height\" content=\"215\"> <img decoding=\"async\" class=\"\" data-attachment-id=\"9950\" data-orig-file=\"https:\/\/www.freidenker.org\/fw17\/wp-content\/uploads\/2021\/04\/Gedenkstein.jpg\" data-orig-size=\"1920,1527\" data-comments-opened=\"\" data-image-meta=\"{&quot;aperture&quot;:&quot;5.6&quot;,&quot;credit&quot;:&quot;&quot;,&quot;camera&quot;:&quot;DC-GX9&quot;,&quot;caption&quot;:&quot;&quot;,&quot;created_timestamp&quot;:&quot;1618744649&quot;,&quot;copyright&quot;:&quot;&quot;,&quot;focal_length&quot;:&quot;26&quot;,&quot;iso&quot;:&quot;200&quot;,&quot;shutter_speed&quot;:&quot;0.005&quot;,&quot;title&quot;:&quot;&quot;,&quot;orientation&quot;:&quot;1&quot;}\" data-image-title=\"\" data-image-description=\"\" data-medium-file=\"https:\/\/i0.wp.com\/www.freidenker.org\/fw17\/wp-content\/uploads\/2021\/04\/Gedenkstein.jpg?fit=300%2C239&#038;ssl=1\" data-large-file=\"https:\/\/i0.wp.com\/www.freidenker.org\/fw17\/wp-content\/uploads\/2021\/04\/Gedenkstein.jpg?fit=800%2C636&#038;ssl=1\" src=\"https:\/\/i0.wp.com\/www.freidenker.org\/fw17\/wp-content\/uploads\/2021\/04\/Gedenkstein.jpg?w=270&#038;h=215&#038;ssl=1\" srcset=\"https:\/\/i0.wp.com\/www.freidenker.org\/fw17\/wp-content\/uploads\/2021\/04\/Gedenkstein.jpg?w=1920&amp;ssl=1 1920w, https:\/\/i0.wp.com\/www.freidenker.org\/fw17\/wp-content\/uploads\/2021\/04\/Gedenkstein.jpg?resize=300%2C239&amp;ssl=1 300w, https:\/\/i0.wp.com\/www.freidenker.org\/fw17\/wp-content\/uploads\/2021\/04\/Gedenkstein.jpg?resize=1024%2C814&amp;ssl=1 1024w, https:\/\/i0.wp.com\/www.freidenker.org\/fw17\/wp-content\/uploads\/2021\/04\/Gedenkstein.jpg?resize=768%2C611&amp;ssl=1 768w, https:\/\/i0.wp.com\/www.freidenker.org\/fw17\/wp-content\/uploads\/2021\/04\/Gedenkstein.jpg?resize=1536%2C1222&amp;ssl=1 1536w, https:\/\/i0.wp.com\/www.freidenker.org\/fw17\/wp-content\/uploads\/2021\/04\/Gedenkstein.jpg?w=1600&amp;ssl=1 1600w\" width=\"270\" height=\"215\" loading=\"lazy\" data-original-width=\"270\" data-original-height=\"215\" itemprop=\"http:\/\/schema.org\/image\" title=\"\" alt=\"Ziegenhals, 18.04.2021: Gedenkstein\" style=\"width: 270px; height: 215px;\" \/> <\/a> <div class=\"tiled-gallery-caption\" itemprop=\"caption description\"> Ziegenhals, 18.04.2021: Gedenkstein <\/div> <\/div> <div class=\"tiled-gallery-item tiled-gallery-item-large\" itemprop=\"associatedMedia\" itemscope itemtype=\"http:\/\/schema.org\/ImageObject\"> <a href=\"https:\/\/www.freidenker.org\/?attachment_id=9951\" border=\"0\" itemprop=\"url\"> <meta itemprop=\"width\" content=\"270\"> <meta itemprop=\"height\" content=\"180\"> <img decoding=\"async\" class=\"\" data-attachment-id=\"9951\" data-orig-file=\"https:\/\/www.freidenker.org\/fw17\/wp-content\/uploads\/2021\/04\/Rede-Krenz-2.jpg\" data-orig-size=\"1920,1279\" data-comments-opened=\"\" data-image-meta=\"{&quot;aperture&quot;:&quot;5.6&quot;,&quot;credit&quot;:&quot;&quot;,&quot;camera&quot;:&quot;DC-GX9&quot;,&quot;caption&quot;:&quot;&quot;,&quot;created_timestamp&quot;:&quot;1618742927&quot;,&quot;copyright&quot;:&quot;&quot;,&quot;focal_length&quot;:&quot;14&quot;,&quot;iso&quot;:&quot;200&quot;,&quot;shutter_speed&quot;:&quot;0.003125&quot;,&quot;title&quot;:&quot;&quot;,&quot;orientation&quot;:&quot;1&quot;}\" data-image-title=\"\" data-image-description=\"\" data-medium-file=\"https:\/\/i0.wp.com\/www.freidenker.org\/fw17\/wp-content\/uploads\/2021\/04\/Rede-Krenz-2.jpg?fit=300%2C200&#038;ssl=1\" data-large-file=\"https:\/\/i0.wp.com\/www.freidenker.org\/fw17\/wp-content\/uploads\/2021\/04\/Rede-Krenz-2.jpg?fit=800%2C533&#038;ssl=1\" src=\"https:\/\/i0.wp.com\/www.freidenker.org\/fw17\/wp-content\/uploads\/2021\/04\/Rede-Krenz-2.jpg?w=270&#038;h=180&#038;ssl=1\" srcset=\"https:\/\/i0.wp.com\/www.freidenker.org\/fw17\/wp-content\/uploads\/2021\/04\/Rede-Krenz-2.jpg?w=1920&amp;ssl=1 1920w, https:\/\/i0.wp.com\/www.freidenker.org\/fw17\/wp-content\/uploads\/2021\/04\/Rede-Krenz-2.jpg?resize=300%2C200&amp;ssl=1 300w, https:\/\/i0.wp.com\/www.freidenker.org\/fw17\/wp-content\/uploads\/2021\/04\/Rede-Krenz-2.jpg?resize=1024%2C682&amp;ssl=1 1024w, https:\/\/i0.wp.com\/www.freidenker.org\/fw17\/wp-content\/uploads\/2021\/04\/Rede-Krenz-2.jpg?resize=768%2C512&amp;ssl=1 768w, https:\/\/i0.wp.com\/www.freidenker.org\/fw17\/wp-content\/uploads\/2021\/04\/Rede-Krenz-2.jpg?resize=1536%2C1023&amp;ssl=1 1536w, https:\/\/i0.wp.com\/www.freidenker.org\/fw17\/wp-content\/uploads\/2021\/04\/Rede-Krenz-2.jpg?w=1600&amp;ssl=1 1600w\" width=\"270\" height=\"180\" loading=\"lazy\" data-original-width=\"270\" data-original-height=\"180\" itemprop=\"http:\/\/schema.org\/image\" title=\"\" alt=\"Ziegenhals, 18.04.2021: Egon Krenz bei seiner Rede\" style=\"width: 270px; height: 180px;\" \/> <\/a> <div class=\"tiled-gallery-caption\" itemprop=\"caption description\"> Ziegenhals, 18.04.2021: Egon Krenz bei seiner Rede <\/div> <\/div> <\/div> <!-- close group --> <div class=\"gallery-group images-1\" style=\"width: 526px; height: 403px;\" data-original-width=\"526\" data-original-height=\"403\" > <div class=\"tiled-gallery-item tiled-gallery-item-large\" itemprop=\"associatedMedia\" itemscope itemtype=\"http:\/\/schema.org\/ImageObject\"> <a href=\"https:\/\/www.freidenker.org\/?attachment_id=9952\" border=\"0\" itemprop=\"url\"> <meta itemprop=\"width\" content=\"522\"> <meta itemprop=\"height\" content=\"399\"> <img decoding=\"async\" class=\"\" data-attachment-id=\"9952\" data-orig-file=\"https:\/\/www.freidenker.org\/fw17\/wp-content\/uploads\/2021\/04\/Rede-Krenz.jpg\" data-orig-size=\"1920,1469\" data-comments-opened=\"\" data-image-meta=\"{&quot;aperture&quot;:&quot;5.6&quot;,&quot;credit&quot;:&quot;&quot;,&quot;camera&quot;:&quot;DC-GX9&quot;,&quot;caption&quot;:&quot;&quot;,&quot;created_timestamp&quot;:&quot;1618742772&quot;,&quot;copyright&quot;:&quot;&quot;,&quot;focal_length&quot;:&quot;140&quot;,&quot;iso&quot;:&quot;400&quot;,&quot;shutter_speed&quot;:&quot;0.003125&quot;,&quot;title&quot;:&quot;&quot;,&quot;orientation&quot;:&quot;1&quot;}\" data-image-title=\"\" data-image-description=\"\" data-medium-file=\"https:\/\/i0.wp.com\/www.freidenker.org\/fw17\/wp-content\/uploads\/2021\/04\/Rede-Krenz.jpg?fit=300%2C230&#038;ssl=1\" data-large-file=\"https:\/\/i0.wp.com\/www.freidenker.org\/fw17\/wp-content\/uploads\/2021\/04\/Rede-Krenz.jpg?fit=800%2C612&#038;ssl=1\" src=\"https:\/\/i0.wp.com\/www.freidenker.org\/fw17\/wp-content\/uploads\/2021\/04\/Rede-Krenz.jpg?w=522&#038;h=399&#038;ssl=1\" srcset=\"https:\/\/i0.wp.com\/www.freidenker.org\/fw17\/wp-content\/uploads\/2021\/04\/Rede-Krenz.jpg?w=1920&amp;ssl=1 1920w, https:\/\/i0.wp.com\/www.freidenker.org\/fw17\/wp-content\/uploads\/2021\/04\/Rede-Krenz.jpg?resize=300%2C230&amp;ssl=1 300w, https:\/\/i0.wp.com\/www.freidenker.org\/fw17\/wp-content\/uploads\/2021\/04\/Rede-Krenz.jpg?resize=1024%2C783&amp;ssl=1 1024w, https:\/\/i0.wp.com\/www.freidenker.org\/fw17\/wp-content\/uploads\/2021\/04\/Rede-Krenz.jpg?resize=768%2C588&amp;ssl=1 768w, https:\/\/i0.wp.com\/www.freidenker.org\/fw17\/wp-content\/uploads\/2021\/04\/Rede-Krenz.jpg?resize=1536%2C1175&amp;ssl=1 1536w, https:\/\/i0.wp.com\/www.freidenker.org\/fw17\/wp-content\/uploads\/2021\/04\/Rede-Krenz.jpg?w=1600&amp;ssl=1 1600w\" width=\"522\" height=\"399\" loading=\"lazy\" data-original-width=\"522\" data-original-height=\"399\" itemprop=\"http:\/\/schema.org\/image\" title=\"\" alt=\"Ziegenhals, 18.04.2021: Egon Krenz bei seiner Rede\" style=\"width: 522px; height: 399px;\" \/> <\/a> <div class=\"tiled-gallery-caption\" itemprop=\"caption description\"> Ziegenhals, 18.04.2021: Egon Krenz bei seiner Rede <\/div> <\/div> <\/div> <!-- close group --> <\/div> <!-- close row --> <div class=\"gallery-row\" style=\"width: 800px; height: 319px;\" data-original-width=\"800\" data-original-height=\"319\" > <div class=\"gallery-group images-1\" style=\"width: 359px; height: 319px;\" data-original-width=\"359\" data-original-height=\"319\" > <div class=\"tiled-gallery-item tiled-gallery-item-large\" itemprop=\"associatedMedia\" itemscope itemtype=\"http:\/\/schema.org\/ImageObject\"> <a href=\"https:\/\/www.freidenker.org\/?attachment_id=9953\" border=\"0\" itemprop=\"url\"> <meta itemprop=\"width\" content=\"355\"> <meta itemprop=\"height\" content=\"315\"> <img decoding=\"async\" class=\"\" data-attachment-id=\"9953\" data-orig-file=\"https:\/\/www.freidenker.org\/fw17\/wp-content\/uploads\/2021\/04\/Rednerin.jpg\" data-orig-size=\"1920,1705\" data-comments-opened=\"\" data-image-meta=\"{&quot;aperture&quot;:&quot;5.6&quot;,&quot;credit&quot;:&quot;&quot;,&quot;camera&quot;:&quot;DC-GX9&quot;,&quot;caption&quot;:&quot;&quot;,&quot;created_timestamp&quot;:&quot;1618743931&quot;,&quot;copyright&quot;:&quot;&quot;,&quot;focal_length&quot;:&quot;140&quot;,&quot;iso&quot;:&quot;400&quot;,&quot;shutter_speed&quot;:&quot;0.003125&quot;,&quot;title&quot;:&quot;&quot;,&quot;orientation&quot;:&quot;1&quot;}\" data-image-title=\"\" data-image-description=\"\" data-medium-file=\"https:\/\/i0.wp.com\/www.freidenker.org\/fw17\/wp-content\/uploads\/2021\/04\/Rednerin.jpg?fit=300%2C266&#038;ssl=1\" data-large-file=\"https:\/\/i0.wp.com\/www.freidenker.org\/fw17\/wp-content\/uploads\/2021\/04\/Rednerin.jpg?fit=800%2C710&#038;ssl=1\" src=\"https:\/\/i0.wp.com\/www.freidenker.org\/fw17\/wp-content\/uploads\/2021\/04\/Rednerin.jpg?w=355&#038;h=315&#038;ssl=1\" srcset=\"https:\/\/i0.wp.com\/www.freidenker.org\/fw17\/wp-content\/uploads\/2021\/04\/Rednerin.jpg?w=1920&amp;ssl=1 1920w, https:\/\/i0.wp.com\/www.freidenker.org\/fw17\/wp-content\/uploads\/2021\/04\/Rednerin.jpg?resize=300%2C266&amp;ssl=1 300w, https:\/\/i0.wp.com\/www.freidenker.org\/fw17\/wp-content\/uploads\/2021\/04\/Rednerin.jpg?resize=1024%2C909&amp;ssl=1 1024w, https:\/\/i0.wp.com\/www.freidenker.org\/fw17\/wp-content\/uploads\/2021\/04\/Rednerin.jpg?resize=768%2C682&amp;ssl=1 768w, https:\/\/i0.wp.com\/www.freidenker.org\/fw17\/wp-content\/uploads\/2021\/04\/Rednerin.jpg?resize=1536%2C1364&amp;ssl=1 1536w, https:\/\/i0.wp.com\/www.freidenker.org\/fw17\/wp-content\/uploads\/2021\/04\/Rednerin.jpg?w=1600&amp;ssl=1 1600w\" width=\"355\" height=\"315\" loading=\"lazy\" data-original-width=\"355\" data-original-height=\"315\" itemprop=\"http:\/\/schema.org\/image\" title=\"\" alt=\"Ziegenhals, 18.04.2021\" style=\"width: 355px; height: 315px;\" \/> <\/a> <div class=\"tiled-gallery-caption\" itemprop=\"caption description\"> Ziegenhals, 18.04.2021 <\/div> <\/div> <\/div> <!-- close group --> <div class=\"gallery-group images-1\" style=\"width: 441px; height: 319px;\" data-original-width=\"441\" data-original-height=\"319\" > <div class=\"tiled-gallery-item tiled-gallery-item-large\" itemprop=\"associatedMedia\" itemscope itemtype=\"http:\/\/schema.org\/ImageObject\"> <a href=\"https:\/\/www.freidenker.org\/?attachment_id=9954\" border=\"0\" itemprop=\"url\"> <meta itemprop=\"width\" content=\"437\"> <meta itemprop=\"height\" content=\"315\"> <img decoding=\"async\" class=\"\" data-attachment-id=\"9954\" data-orig-file=\"https:\/\/www.freidenker.org\/fw17\/wp-content\/uploads\/2021\/04\/Totale.jpg\" data-orig-size=\"1920,1383\" data-comments-opened=\"\" data-image-meta=\"{&quot;aperture&quot;:&quot;6.3&quot;,&quot;credit&quot;:&quot;&quot;,&quot;camera&quot;:&quot;DC-GX9&quot;,&quot;caption&quot;:&quot;&quot;,&quot;created_timestamp&quot;:&quot;1618743003&quot;,&quot;copyright&quot;:&quot;&quot;,&quot;focal_length&quot;:&quot;14&quot;,&quot;iso&quot;:&quot;200&quot;,&quot;shutter_speed&quot;:&quot;0.003125&quot;,&quot;title&quot;:&quot;&quot;,&quot;orientation&quot;:&quot;1&quot;}\" data-image-title=\"\" data-image-description=\"\" data-medium-file=\"https:\/\/i0.wp.com\/www.freidenker.org\/fw17\/wp-content\/uploads\/2021\/04\/Totale.jpg?fit=300%2C216&#038;ssl=1\" data-large-file=\"https:\/\/i0.wp.com\/www.freidenker.org\/fw17\/wp-content\/uploads\/2021\/04\/Totale.jpg?fit=800%2C577&#038;ssl=1\" src=\"https:\/\/i0.wp.com\/www.freidenker.org\/fw17\/wp-content\/uploads\/2021\/04\/Totale.jpg?w=437&#038;h=315&#038;ssl=1\" srcset=\"https:\/\/i0.wp.com\/www.freidenker.org\/fw17\/wp-content\/uploads\/2021\/04\/Totale.jpg?w=1920&amp;ssl=1 1920w, https:\/\/i0.wp.com\/www.freidenker.org\/fw17\/wp-content\/uploads\/2021\/04\/Totale.jpg?resize=300%2C216&amp;ssl=1 300w, https:\/\/i0.wp.com\/www.freidenker.org\/fw17\/wp-content\/uploads\/2021\/04\/Totale.jpg?resize=1024%2C738&amp;ssl=1 1024w, https:\/\/i0.wp.com\/www.freidenker.org\/fw17\/wp-content\/uploads\/2021\/04\/Totale.jpg?resize=768%2C553&amp;ssl=1 768w, https:\/\/i0.wp.com\/www.freidenker.org\/fw17\/wp-content\/uploads\/2021\/04\/Totale.jpg?resize=1536%2C1106&amp;ssl=1 1536w, https:\/\/i0.wp.com\/www.freidenker.org\/fw17\/wp-content\/uploads\/2021\/04\/Totale.jpg?w=1600&amp;ssl=1 1600w\" width=\"437\" height=\"315\" loading=\"lazy\" data-original-width=\"437\" data-original-height=\"315\" itemprop=\"http:\/\/schema.org\/image\" title=\"\" alt=\"Ziegenhals, 18.04.2021\" style=\"width: 437px; height: 315px;\" \/> <\/a> <div class=\"tiled-gallery-caption\" itemprop=\"caption description\"> Ziegenhals, 18.04.2021 <\/div> <\/div> <\/div> <!-- close group --> <\/div> <!-- close row --> <\/div>\n<p><span style=\"font-size: 10pt;\">Fotos: Bruno Jeup<\/span><\/p>\n<hr \/>\n<p><span style=\"font-size: 10pt;\">Beitragsbild oben: Montage von Ralf Lux aus Fotos von Bruno Jeup<br \/>\nLinks: Ernst-Th\u00e4lmann-Denkmal in Berlin; rechts oben: Hans Bauer; rechts unten: Egon Krenz<\/span><\/p>\n","protected":false},"excerpt":{"rendered":"<p>Anl\u00e4sslich des 135. Geburtstages von Ernst Th\u00e4lmann fanden am 17. und 18. April 2021 Kundgebungen am Ernst-Th\u00e4lmann-Denkmal in Berlin sowie vor dem Gel\u00e4nde der gesch\u00e4ndeten und zerst\u00f6rten Ernst-Th\u00e4lmann-Gedenkst\u00e4tte in Ziegenhals statt.<br \/>\nAuf der Kundgebung am 17. April in Berlin sprach <b>Hans Bauer<\/b>, Vorsitzender der Gesellschaft zur Rechtlichen und Humanit\u00e4ren Unterst\u00fctzung (GRH) e.V. und Beiratsmitglied des Deutschen Freidenker-Verbandes. Der Hauptredner auf der Kundgebung am 18. April in Ziegenhals war <b>Egon Krenz<\/b>, ehemaliger Vorsitzender des Staatsrates der DDR.<br \/>\nWir dokumentieren hier beide Reden und ver\u00f6ffentlichen einige Bilder von den Veranstaltungen.<\/p>\n","protected":false},"author":3,"featured_media":9979,"comment_status":"closed","ping_status":"closed","sticky":false,"template":"","format":"standard","meta":{"colormag_page_container_layout":"default_layout","colormag_page_sidebar_layout":"default_layout","advanced_seo_description":"","jetpack_seo_html_title":"","jetpack_seo_noindex":false,"jetpack_post_was_ever_published":false,"footnotes":""},"categories":[13,20],"tags":[370,853,924,491,565,124,344],"class_list":["post-9915","post","type-post","status-publish","format-standard","has-post-thumbnail","hentry","category-frieden-antifaschismus-solidaritaet","category-zentrale-veranstaltungen","tag-antifaschismus","tag-ernst-thaelmann","tag-gedenken","tag-geschichte","tag-kommunismus","tag-politik","tag-solidaritaet"],"jetpack_featured_media_url":"https:\/\/i0.wp.com\/www.freidenker.org\/fw17\/wp-content\/uploads\/2021\/04\/thaelmann_2021_800x450_v3.jpg?fit=800%2C450&ssl=1","jetpack_shortlink":"https:\/\/wp.me\/p9stpK-2zV","jetpack-related-posts":[{"id":11690,"url":"https:\/\/www.freidenker.org\/?p=11690","url_meta":{"origin":9915,"position":0},"title":"Protest gegen Angriff auf Th\u00e4lmann","author":"Webredaktion","date":"28. November 2021","format":false,"excerpt":"An Ernst Th\u00e4lmann nehmen die Reaktion\u00e4re im Land nach wie vor Ansto\u00df\u00a0 - nicht nur in Berlin, aber dort besonders. ... Am 18. November 2021 wurde die lange angek\u00fcndigte rot-rot-gr\u00fcne Sch\u00e4ndung des Ernst-Th\u00e4lmann-Denkmals in Berlin durch Anbringung einer \u201ek\u00fcnstlerischen Kommentierung\u201c eingeleitet, indem die \u201eInstallation\u201c einer \u201eK\u00fcnstlerin\u201c bestehend aus f\u00fcnf Sockeln\u2026","rel":"","context":"In &quot;Frieden - Antifaschismus - Solidarit\u00e4t&quot;","block_context":{"text":"Frieden - Antifaschismus - Solidarit\u00e4t","link":"https:\/\/www.freidenker.org\/?cat=13"},"img":{"alt_text":"","src":"https:\/\/i0.wp.com\/www.freidenker.org\/fw17\/wp-content\/uploads\/2021\/11\/Thaelmann-Denkmal_2021-11_800x450.jpg?fit=800%2C450&ssl=1&resize=350%2C200","width":350,"height":200,"srcset":"https:\/\/i0.wp.com\/www.freidenker.org\/fw17\/wp-content\/uploads\/2021\/11\/Thaelmann-Denkmal_2021-11_800x450.jpg?fit=800%2C450&ssl=1&resize=350%2C200 1x, https:\/\/i0.wp.com\/www.freidenker.org\/fw17\/wp-content\/uploads\/2021\/11\/Thaelmann-Denkmal_2021-11_800x450.jpg?fit=800%2C450&ssl=1&resize=525%2C300 1.5x, https:\/\/i0.wp.com\/www.freidenker.org\/fw17\/wp-content\/uploads\/2021\/11\/Thaelmann-Denkmal_2021-11_800x450.jpg?fit=800%2C450&ssl=1&resize=700%2C400 2x"},"classes":[]},{"id":3244,"url":"https:\/\/www.freidenker.org\/?p=3244","url_meta":{"origin":9915,"position":1},"title":"Mit Ernst Th\u00e4lmann verteidigen wir den Antifaschismus","author":"Webredaktion","date":"19. April 2009","format":false,"excerpt":"Rede von Klaus Hartmann in Ziegenhals bei Berlin am 19. April 2009 Wir sind zusammengekommen, um des 123. Geburtstages von Ernst Th\u00e4lmann am 16. April zu gedenken. Wir ehren das Andenken, das Leben und das Lebenswerk dieses gro\u00dfen deutschen Arbeiterf\u00fchrers und Antifaschisten. Gegen den Zeitgeist, also den Geist der Herrschenden,\u2026","rel":"","context":"In &quot;Frieden - Antifaschismus - Solidarit\u00e4t&quot;","block_context":{"text":"Frieden - Antifaschismus - Solidarit\u00e4t","link":"https:\/\/www.freidenker.org\/?cat=13"},"img":{"alt_text":"","src":"https:\/\/i0.wp.com\/www.freidenker.org\/fw17\/wp-content\/uploads\/2009\/04\/10-2016-07-03-1-0599_800x445.jpg?fit=800%2C445&ssl=1&resize=350%2C200","width":350,"height":200,"srcset":"https:\/\/i0.wp.com\/www.freidenker.org\/fw17\/wp-content\/uploads\/2009\/04\/10-2016-07-03-1-0599_800x445.jpg?fit=800%2C445&ssl=1&resize=350%2C200 1x, https:\/\/i0.wp.com\/www.freidenker.org\/fw17\/wp-content\/uploads\/2009\/04\/10-2016-07-03-1-0599_800x445.jpg?fit=800%2C445&ssl=1&resize=525%2C300 1.5x, https:\/\/i0.wp.com\/www.freidenker.org\/fw17\/wp-content\/uploads\/2009\/04\/10-2016-07-03-1-0599_800x445.jpg?fit=800%2C445&ssl=1&resize=700%2C400 2x"},"classes":[]},{"id":7512,"url":"https:\/\/www.freidenker.org\/?p=7512","url_meta":{"origin":9915,"position":2},"title":"Internationales Antifaschistisches Riesengebirgstreffen 2020","author":"Webredaktion","date":"3. Februar 2020","format":false,"excerpt":"AUFRUF der deutschen Initiativgruppe zur Teilnahme am antifaschistischen Riesengebirgstreffen in Mal\u00e1 \u00dapa am Fu\u00dfe der Schneekoppe am 29.August 2020. H\u00f6hepunkte des Programms: - Internationale Kundgebung: 29. August 2020, 10.00 \u2013 12.00 Horn\u00ed Mal\u00e1 \u00d9pa - Schneekoppenbesteigung nach der Kundgebung - Internationales politisches Gespr\u00e4ch nach der Kundgebung - Tschechisch-deutsches Freundschaftstreffen am\u2026","rel":"","context":"In &quot;Zentrale Veranstaltungen&quot;","block_context":{"text":"Zentrale Veranstaltungen","link":"https:\/\/www.freidenker.org\/?cat=20"},"img":{"alt_text":"","src":"https:\/\/i0.wp.com\/www.freidenker.org\/fw17\/wp-content\/uploads\/2020\/02\/riesengebirgstreffen_2019_rfb-05-5_800x445.jpg?fit=800%2C445&ssl=1&resize=350%2C200","width":350,"height":200,"srcset":"https:\/\/i0.wp.com\/www.freidenker.org\/fw17\/wp-content\/uploads\/2020\/02\/riesengebirgstreffen_2019_rfb-05-5_800x445.jpg?fit=800%2C445&ssl=1&resize=350%2C200 1x, https:\/\/i0.wp.com\/www.freidenker.org\/fw17\/wp-content\/uploads\/2020\/02\/riesengebirgstreffen_2019_rfb-05-5_800x445.jpg?fit=800%2C445&ssl=1&resize=525%2C300 1.5x, https:\/\/i0.wp.com\/www.freidenker.org\/fw17\/wp-content\/uploads\/2020\/02\/riesengebirgstreffen_2019_rfb-05-5_800x445.jpg?fit=800%2C445&ssl=1&resize=700%2C400 2x"},"classes":[]},{"id":7741,"url":"https:\/\/www.freidenker.org\/?p=7741","url_meta":{"origin":9915,"position":3},"title":"FREIDENKER 1-20  \u2013 Was ist Faschismus &#8211; was Antifaschismus?","author":"Webredaktion","date":"19. M\u00e4rz 2020","format":false,"excerpt":"Die Ausgabe 1-20 des Verbandsorgans FREIDENKER hat das Schwerpunkt-Thema \u201eWas ist Faschismus - was Antifaschismus\u201c und enth\u00e4lt u.a. folgende Beitr\u00e4ge: - M\u00e4nne Gr\u00fc\u00df: Ernst Th\u00e4lmann und Antifaschismus heute - Interview mit Erika Baum: Lehren aus dem VII. Weltkongress f\u00fcr den Kampf gegen Faschismus und Krieg - Klaus Hartmann: Was Faschismus\u2026","rel":"","context":"In &quot;Frieden - Antifaschismus - Solidarit\u00e4t&quot;","block_context":{"text":"Frieden - Antifaschismus - Solidarit\u00e4t","link":"https:\/\/www.freidenker.org\/?cat=13"},"img":{"alt_text":"","src":"https:\/\/i0.wp.com\/www.freidenker.org\/fw17\/wp-content\/uploads\/2020\/03\/FD_2020-01_Titel_mR.jpg?fit=800%2C445&ssl=1&resize=350%2C200","width":350,"height":200,"srcset":"https:\/\/i0.wp.com\/www.freidenker.org\/fw17\/wp-content\/uploads\/2020\/03\/FD_2020-01_Titel_mR.jpg?fit=800%2C445&ssl=1&resize=350%2C200 1x, https:\/\/i0.wp.com\/www.freidenker.org\/fw17\/wp-content\/uploads\/2020\/03\/FD_2020-01_Titel_mR.jpg?fit=800%2C445&ssl=1&resize=525%2C300 1.5x, https:\/\/i0.wp.com\/www.freidenker.org\/fw17\/wp-content\/uploads\/2020\/03\/FD_2020-01_Titel_mR.jpg?fit=800%2C445&ssl=1&resize=700%2C400 2x"},"classes":[]},{"id":716,"url":"https:\/\/www.freidenker.org\/?p=716","url_meta":{"origin":9915,"position":4},"title":"FREIDENKER 2-09 &#8211; Aufkl\u00e4rung &#8211; Aktuelle Aufgaben &#8211; Verbandstag 2009","author":"Webmaster","date":"2. Juli 2009","format":false,"excerpt":"Die Ausgabe 2-09 des Verbandsorgans FREIDENKER hat das Schwerpunkt-Thema \u201eAufkl\u00e4rung - Aktuelle Aufgaben - Verbandstag 2009\u201c und enth\u00e4lt u.a folgende Beitr\u00e4ge: - Horst Schild: Le si\u00e8cle de lumi\u00e8res \u2013 das Zeitalter der Lichter - Wolf-Dieter Gudopp-von Behm: Anst\u00f6\u00dfe zum Thema \u201eAufkl\u00e4rung\u201c - Lorenz Knorr: Ex-Bundespr\u00e4sident Herzogs Beihilfe zur Geschichtsf\u00e4lschung -\u2026","rel":"","context":"In &quot;Verbandsorgan FREIDENKER&quot;","block_context":{"text":"Verbandsorgan FREIDENKER","link":"https:\/\/www.freidenker.org\/?cat=8"},"img":{"alt_text":"","src":"https:\/\/i0.wp.com\/www.freidenker.org\/fw17\/wp-content\/uploads\/2017\/12\/FD_2009-02_Titel_mR.jpg?fit=800%2C445&ssl=1&resize=350%2C200","width":350,"height":200,"srcset":"https:\/\/i0.wp.com\/www.freidenker.org\/fw17\/wp-content\/uploads\/2017\/12\/FD_2009-02_Titel_mR.jpg?fit=800%2C445&ssl=1&resize=350%2C200 1x, https:\/\/i0.wp.com\/www.freidenker.org\/fw17\/wp-content\/uploads\/2017\/12\/FD_2009-02_Titel_mR.jpg?fit=800%2C445&ssl=1&resize=525%2C300 1.5x, https:\/\/i0.wp.com\/www.freidenker.org\/fw17\/wp-content\/uploads\/2017\/12\/FD_2009-02_Titel_mR.jpg?fit=800%2C445&ssl=1&resize=700%2C400 2x"},"classes":[]},{"id":6946,"url":"https:\/\/www.freidenker.org\/?p=6946","url_meta":{"origin":9915,"position":5},"title":"Konzert: Ich schreibe, um zu leben","author":"Webredaktion","date":"12. September 2019","format":false,"excerpt":"Doppelkonzert am 25.09.2019 in Darmstadt Im ersten Teil des Konzertes tr\u00e4gt Johanna Arndt Briefe aus Gef\u00e4ngnissen von Rosa Luxemburg, Ernst Th\u00e4lmann, Dietrich Bonhoeffer und Mumia Abu Jamal vor und singt dazwischen Lieder von Hanns Eisler mit Texten von Bert Brecht und ein Lied von Mordechaj Gebirtig begleitet von Anna von\u2026","rel":"","context":"In &quot;Kultur &amp; Kunst&quot;","block_context":{"text":"Kultur &amp; Kunst","link":"https:\/\/www.freidenker.org\/?cat=913"},"img":{"alt_text":"","src":"https:\/\/i0.wp.com\/www.freidenker.org\/fw17\/wp-content\/uploads\/2019\/09\/johanna-Nicolas2.jpg?fit=800%2C445&ssl=1&resize=350%2C200","width":350,"height":200,"srcset":"https:\/\/i0.wp.com\/www.freidenker.org\/fw17\/wp-content\/uploads\/2019\/09\/johanna-Nicolas2.jpg?fit=800%2C445&ssl=1&resize=350%2C200 1x, https:\/\/i0.wp.com\/www.freidenker.org\/fw17\/wp-content\/uploads\/2019\/09\/johanna-Nicolas2.jpg?fit=800%2C445&ssl=1&resize=525%2C300 1.5x, https:\/\/i0.wp.com\/www.freidenker.org\/fw17\/wp-content\/uploads\/2019\/09\/johanna-Nicolas2.jpg?fit=800%2C445&ssl=1&resize=700%2C400 2x"},"classes":[]}],"_links":{"self":[{"href":"https:\/\/www.freidenker.org\/index.php?rest_route=\/wp\/v2\/posts\/9915","targetHints":{"allow":["GET"]}}],"collection":[{"href":"https:\/\/www.freidenker.org\/index.php?rest_route=\/wp\/v2\/posts"}],"about":[{"href":"https:\/\/www.freidenker.org\/index.php?rest_route=\/wp\/v2\/types\/post"}],"author":[{"embeddable":true,"href":"https:\/\/www.freidenker.org\/index.php?rest_route=\/wp\/v2\/users\/3"}],"replies":[{"embeddable":true,"href":"https:\/\/www.freidenker.org\/index.php?rest_route=%2Fwp%2Fv2%2Fcomments&post=9915"}],"version-history":[{"count":0,"href":"https:\/\/www.freidenker.org\/index.php?rest_route=\/wp\/v2\/posts\/9915\/revisions"}],"wp:featuredmedia":[{"embeddable":true,"href":"https:\/\/www.freidenker.org\/index.php?rest_route=\/wp\/v2\/media\/9979"}],"wp:attachment":[{"href":"https:\/\/www.freidenker.org\/index.php?rest_route=%2Fwp%2Fv2%2Fmedia&parent=9915"}],"wp:term":[{"taxonomy":"category","embeddable":true,"href":"https:\/\/www.freidenker.org\/index.php?rest_route=%2Fwp%2Fv2%2Fcategories&post=9915"},{"taxonomy":"post_tag","embeddable":true,"href":"https:\/\/www.freidenker.org\/index.php?rest_route=%2Fwp%2Fv2%2Ftags&post=9915"}],"curies":[{"name":"wp","href":"https:\/\/api.w.org\/{rel}","templated":true}]}}