{"id":9871,"date":"2021-04-12T23:18:53","date_gmt":"2021-04-12T21:18:53","guid":{"rendered":"https:\/\/www.freidenker.org\/?p=9871"},"modified":"2021-07-06T18:48:17","modified_gmt":"2021-07-06T16:48:17","slug":"nachruf-auf-ramsey-clark","status":"publish","type":"post","link":"https:\/\/www.freidenker.org\/?p=9871","title":{"rendered":"Nachruf auf Ramsey Clark"},"content":{"rendered":"<h5>Nachruf auf den edlen K\u00e4mpfer<\/h5>\n<h3>Ramsey Clark<\/h3>\n<p><strong>(18.12.1927 \u2013 09.04.2021)<\/strong><\/p>\n<p><em>Von <strong>Vladimir Kr\u0161ljanin<\/strong><\/em><\/p>\n<p><span style=\"font-size: 10pt;\">Belgrad, 10. April 2021<\/span><\/p>\n<p>Ramsey Clark, Co-Vorsitzender des Internationalen Komitees &#8222;Slobodan Milo\u0161evi\u0107&#8220; ist am Abend des 9. April 2021 in New York im Alter von 93 Jahren verstorben.<\/p>\n<p>Ramsey war einer der brillantesten und ehrlichsten Amerikaner unserer Zeit, ein Mann, der das Gesicht und die Seele Amerikas rettete, indem er die Opfer der US-Aggressionen auf der ganzen Welt verteidigte.<\/p>\n<p>Er hat die letzten f\u00fcnf Jahrzehnte seines Lebens diesem edlen Kampf gewidmet. Wir, die Serben, hatten die Ehre, dies in vollen Z\u00fcgen zu sp\u00fcren, und wir werden ihn f\u00fcr immer als einen unserer gr\u00f6\u00dften Freunde in Erinnerung behalten.<\/p>\n<p>W\u00e4hrend der Aggression 1999 gegen unser Land hat Ramsey Clark ein Volkstribunal organisiert, das die Verbrechen der NATO verurteilt und die Abschaffung der NATO gefordert hat. Ramsey traf Slobodan Milo\u0161evi\u0107, als Milo\u0161evi\u0107 1999 Pr\u00e4sident war, und sp\u00e4ter, im Jahr 2001, als er in Den Haag inhaftiert war. Ramsey kam am 28. Juni 2001 auf unsere Bitte hin nach Belgrad, um die Auslieferung von Slobodan Milosevic zu verhindern. Leider versp\u00e4tete er sich um ein paar Stunden, weil der serbische (und pro-USA-) Botschafter in Washington Milan St. Proti\u0107 sich weigerte, ihm ein Visum auszustellen. Ramsey sprach am 29. Juni 2001 auf einer gro\u00dfen Kundgebung in Belgrad vor dem Parlamentsgeb\u00e4ude, organisiert von der Sozialistischen Partei Serbiens.<\/p>\n<p>Er kam auch zu einem traurigen Anlass im Jahr 2006 nach Belgrad, um bei der Beerdigung von Slobodan Milo\u0161evi\u0107 zu sprechen: \u201eDie Geschichte wird beweisen, dass Milo\u0161evi\u0107 im Recht war. Anklagen sind nur Anklagen. Das Tribunal hatte keine Beweise.\u201c Zum letzten Mal kam er 2009 auf unsere Einladung nach Belgrad, um auf der Volkskundgebung auf dem Platz der Republik anl\u00e4sslich des 10. Jahrestages der NATO-Aggression zu sprechen. Es war ein kalter Abend am 24. M\u00e4rz 2009 in Belgrad, und Ramsey, damals 82 Jahre alt, hatte keinen Mantel mit auf die Reise genommen. Er kletterte auf die B\u00fchne und zog zwei Jacken an.<\/p>\n<p>Bewundernswerte menschliche Bescheidenheit, Einfachheit und W\u00e4rme, ein enorm gelehrter Jurist und talentierter Redner, dazu ein charmanter texanischer Akzent \u2013 das war Ramsey \u2013 aus der Zeit, als er als junger Beamter in der Kennedy- und Johnson-Administration t\u00e4tig war, und 1967-69 als Justizminister (Generalstaatsanwalt). Sp\u00e4ter k\u00e4mpfte er gegen alle US-amerikanischen Kriege, von Vietnam bis heute, einschlie\u00dflich der letzten drei Jahrzehnte als Gr\u00fcnder des Internationalen Aktionszentrums, sowie zwei Jahrzehnte als Co-Vorsitzender des Internationalen Komitees &#8222;Slobodan Milosevic.&#8220;<\/p>\n<p>Ramsey Clark erhielt die Ehrendoktorw\u00fcrde der Belgrader Universit\u00e4t und wurde mit dem h\u00f6chsten serbischen Orden, dem \u201eSretenski Orden\u201c, ausgezeichnet.<\/p>\n<p>Es war eine gro\u00dfe Freude und Ehre, mit einem so unvergesslichen, engagierten und gro\u00dfartigen Mann befreundet zu sein und zusammenzuarbeiten.<\/p>\n<p style=\"text-align: right;\"><em>Vladimir Kr\u0161ljanin ist Sekret\u00e4r des Internationalen Komitees \u201eSlobodan Milo\u0161evi\u0107\u201d<br \/>\nund Mitglied des Exekutivb\u00fcros der Weltunion der Freidenker<\/em><\/p>\n<p><span style=\"font-size: 10pt;\">Quelle der englischen \u00dcbersetzung:\u00a0<a href=\"https:\/\/milosevic.co\/1058\/vladimir-krsljanin-the-noble-fighter-ramsey-clark\/\">https:\/\/milosevic.co\/1058\/vladimir-krsljanin-the-noble-fighter-ramsey-clark\/<\/a><\/span><\/p>\n<hr \/>\n<p><span style=\"font-size: 14pt;\"><strong>Kundgebung am Platz der Republik, Belgrad, 24. M\u00e4rz 2009<\/strong><\/span><\/p>\n<figure id=\"attachment_9872\" aria-describedby=\"caption-attachment-9872\" style=\"width: 400px\" class=\"wp-caption alignnone\"><img data-recalc-dims=\"1\" loading=\"lazy\" decoding=\"async\" data-attachment-id=\"9872\" data-permalink=\"https:\/\/www.freidenker.org\/?attachment_id=9872\" data-orig-file=\"https:\/\/i0.wp.com\/www.freidenker.org\/fw17\/wp-content\/uploads\/2021\/04\/belgrad2009_ramsey_clark.jpg?fit=400%2C313&amp;ssl=1\" data-orig-size=\"400,313\" data-comments-opened=\"0\" data-image-meta=\"{&quot;aperture&quot;:&quot;0&quot;,&quot;credit&quot;:&quot;&quot;,&quot;camera&quot;:&quot;&quot;,&quot;caption&quot;:&quot;&quot;,&quot;created_timestamp&quot;:&quot;0&quot;,&quot;copyright&quot;:&quot;&quot;,&quot;focal_length&quot;:&quot;0&quot;,&quot;iso&quot;:&quot;0&quot;,&quot;shutter_speed&quot;:&quot;0&quot;,&quot;title&quot;:&quot;&quot;,&quot;orientation&quot;:&quot;0&quot;}\" data-image-title=\"belgrad2009_ramsey_clark\" data-image-description=\"\" data-image-caption=\"&lt;p&gt;Ramsey Clark, Velko Valkanov, Spasoje Smiljanic&lt;\/p&gt;\n\" data-large-file=\"https:\/\/i0.wp.com\/www.freidenker.org\/fw17\/wp-content\/uploads\/2021\/04\/belgrad2009_ramsey_clark.jpg?fit=400%2C313&amp;ssl=1\" class=\"wp-image-9872 size-full\" src=\"https:\/\/i0.wp.com\/www.freidenker.org\/fw17\/wp-content\/uploads\/2021\/04\/belgrad2009_ramsey_clark.jpg?resize=400%2C313&#038;ssl=1\" alt=\"\" width=\"400\" height=\"313\" srcset=\"https:\/\/i0.wp.com\/www.freidenker.org\/fw17\/wp-content\/uploads\/2021\/04\/belgrad2009_ramsey_clark.jpg?w=400&amp;ssl=1 400w, https:\/\/i0.wp.com\/www.freidenker.org\/fw17\/wp-content\/uploads\/2021\/04\/belgrad2009_ramsey_clark.jpg?resize=300%2C235&amp;ssl=1 300w\" sizes=\"auto, (max-width: 400px) 100vw, 400px\" \/><figcaption id=\"caption-attachment-9872\" class=\"wp-caption-text\"><span style=\"font-size: 10pt;\">Ramsey Clark, Velko Valkanov, Spasoje Smiljanic<\/span><\/figcaption><\/figure>\n<figure id=\"attachment_9873\" aria-describedby=\"caption-attachment-9873\" style=\"width: 400px\" class=\"wp-caption alignnone\"><img data-recalc-dims=\"1\" loading=\"lazy\" decoding=\"async\" data-attachment-id=\"9873\" data-permalink=\"https:\/\/www.freidenker.org\/?attachment_id=9873\" data-orig-file=\"https:\/\/i0.wp.com\/www.freidenker.org\/fw17\/wp-content\/uploads\/2021\/04\/belgrad2009_klaus_hartmann.jpg?fit=400%2C381&amp;ssl=1\" data-orig-size=\"400,381\" data-comments-opened=\"0\" data-image-meta=\"{&quot;aperture&quot;:&quot;0&quot;,&quot;credit&quot;:&quot;&quot;,&quot;camera&quot;:&quot;&quot;,&quot;caption&quot;:&quot;&quot;,&quot;created_timestamp&quot;:&quot;0&quot;,&quot;copyright&quot;:&quot;&quot;,&quot;focal_length&quot;:&quot;0&quot;,&quot;iso&quot;:&quot;0&quot;,&quot;shutter_speed&quot;:&quot;0&quot;,&quot;title&quot;:&quot;&quot;,&quot;orientation&quot;:&quot;0&quot;}\" data-image-title=\"belgrad2009_klaus_hartmann\" data-image-description=\"\" data-image-caption=\"&lt;p&gt;Klaus Hartmann&lt;\/p&gt;\n\" data-large-file=\"https:\/\/i0.wp.com\/www.freidenker.org\/fw17\/wp-content\/uploads\/2021\/04\/belgrad2009_klaus_hartmann.jpg?fit=400%2C381&amp;ssl=1\" class=\"wp-image-9873 size-full\" src=\"https:\/\/i0.wp.com\/www.freidenker.org\/fw17\/wp-content\/uploads\/2021\/04\/belgrad2009_klaus_hartmann.jpg?resize=400%2C381&#038;ssl=1\" alt=\"\" width=\"400\" height=\"381\" srcset=\"https:\/\/i0.wp.com\/www.freidenker.org\/fw17\/wp-content\/uploads\/2021\/04\/belgrad2009_klaus_hartmann.jpg?w=400&amp;ssl=1 400w, https:\/\/i0.wp.com\/www.freidenker.org\/fw17\/wp-content\/uploads\/2021\/04\/belgrad2009_klaus_hartmann.jpg?resize=300%2C286&amp;ssl=1 300w\" sizes=\"auto, (max-width: 400px) 100vw, 400px\" \/><figcaption id=\"caption-attachment-9873\" class=\"wp-caption-text\"><span style=\"font-size: 10pt;\">Klaus Hartmann<\/span><\/figcaption><\/figure>\n<hr \/>\n<p><span style=\"font-size: 10pt;\"><img data-recalc-dims=\"1\" loading=\"lazy\" decoding=\"async\" data-attachment-id=\"9632\" data-permalink=\"https:\/\/www.freidenker.org\/?attachment_id=9632\" data-orig-file=\"https:\/\/i0.wp.com\/www.freidenker.org\/fw17\/wp-content\/uploads\/2021\/02\/External_Link.png?fit=512%2C512&amp;ssl=1\" data-orig-size=\"512,512\" data-comments-opened=\"0\" data-image-meta=\"{&quot;aperture&quot;:&quot;0&quot;,&quot;credit&quot;:&quot;&quot;,&quot;camera&quot;:&quot;&quot;,&quot;caption&quot;:&quot;&quot;,&quot;created_timestamp&quot;:&quot;0&quot;,&quot;copyright&quot;:&quot;&quot;,&quot;focal_length&quot;:&quot;0&quot;,&quot;iso&quot;:&quot;0&quot;,&quot;shutter_speed&quot;:&quot;0&quot;,&quot;title&quot;:&quot;&quot;,&quot;orientation&quot;:&quot;0&quot;}\" data-image-title=\"External_Link icon\" data-image-description=\"\" data-image-caption=\"\" data-large-file=\"https:\/\/i0.wp.com\/www.freidenker.org\/fw17\/wp-content\/uploads\/2021\/02\/External_Link.png?fit=512%2C512&amp;ssl=1\" class=\"alignnone wp-image-9632\" src=\"https:\/\/i0.wp.com\/www.freidenker.org\/fw17\/wp-content\/uploads\/2021\/02\/External_Link.png?resize=24%2C24&#038;ssl=1\" alt=\"\" width=\"24\" height=\"24\" srcset=\"https:\/\/i0.wp.com\/www.freidenker.org\/fw17\/wp-content\/uploads\/2021\/02\/External_Link.png?resize=150%2C150&amp;ssl=1 150w, https:\/\/i0.wp.com\/www.freidenker.org\/fw17\/wp-content\/uploads\/2021\/02\/External_Link.png?resize=300%2C300&amp;ssl=1 300w, https:\/\/i0.wp.com\/www.freidenker.org\/fw17\/wp-content\/uploads\/2021\/02\/External_Link.png?w=512&amp;ssl=1 512w\" sizes=\"auto, (max-width: 24px) 100vw, 24px\" \/>\u00a0Siehe auch den Nachruf &#8222;<a href=\"https:\/\/jg-nachgetragen.blog\/2021\/05\/13\/ramsey-clark-1927-2021-antiimperialistischer-kaempfer-fuer-menschenrechte\/\" target=\"_blank\" rel=\"noopener\">Ramsey Clark (1927-2021) \u2013 antiimperialistischer K\u00e4mpfer f\u00fcr Menschenrechte<\/a>&#8220; von Joachim Guilliard vom 12.04.2021 auf dessen Blog.<\/span><\/p>\n<hr \/>\n<p><span style=\"font-size: 10pt;\">Beitragsbild oben: Ramsey Clark und Slobodan Milo\u0161evi\u0107<br \/>\nQuelle: <a href=\"https:\/\/milosevic.co\/1058\/vladimir-krsljanin-the-noble-fighter-ramsey-clark\/\" target=\"_blank\" rel=\"noopener\">ICSM<\/a><\/span><\/p>\n","protected":false},"excerpt":{"rendered":"<p><b>Nachruf von Vladimir Kr\u0161ljanin<\/b><br \/>\nRamsey Clark, Co-Vorsitzender des Internationalen Komitees &#8222;Slobodan Milo\u0161evi\u0107&#8220; ist am Abend des 9. April 2021 in New York im Alter von 93 Jahren verstorben. Ramsey war einer der brillantesten und ehrlichsten Amerikaner unserer Zeit, ein Mann, der das Gesicht und die Seele Amerikas rettete, indem er die Opfer der US-Aggressionen auf der ganzen Welt verteidigte. Er hat die letzten f\u00fcnf Jahrzehnte seines Lebens diesem edlen Kampf gewidmet. Wir, die Serben, hatten die Ehre, dies in vollen Z\u00fcgen zu sp\u00fcren, und wir werden ihn f\u00fcr immer als einen unserer gr\u00f6\u00dften Freunde in Erinnerung behalten.<\/p>\n","protected":false},"author":3,"featured_media":9874,"comment_status":"closed","ping_status":"closed","sticky":false,"template":"","format":"standard","meta":{"colormag_page_container_layout":"default_layout","colormag_page_sidebar_layout":"default_layout","advanced_seo_description":"","jetpack_seo_html_title":"","jetpack_seo_noindex":false,"jetpack_post_was_ever_published":false,"footnotes":""},"categories":[13,17],"tags":[590,746,269,48],"class_list":["post-9871","post","type-post","status-publish","format-standard","has-post-thumbnail","hentry","category-frieden-antifaschismus-solidaritaet","category-weltliche-trauerkultur","tag-jugoslawien","tag-kriegsverbrechen","tag-nato-ueberfall-auf-jugoslawien","tag-slobodan-milosevic"],"jetpack_featured_media_url":"https:\/\/i0.wp.com\/www.freidenker.org\/fw17\/wp-content\/uploads\/2021\/04\/Clark_Milosevic_800x450.jpg?fit=800%2C450&ssl=1","jetpack_shortlink":"https:\/\/wp.me\/p9stpK-2zd","jetpack-related-posts":[{"id":6243,"url":"https:\/\/www.freidenker.org\/?p=6243","url_meta":{"origin":9871,"position":0},"title":"Wir trauern um Mira Markovi\u0107","author":"Webredaktion","date":"19. April 2019","format":false,"excerpt":"Das Internationale Komitee Slobodan Milo\u0161evi\u0107 trauert umProf. Dr. Mira Markovi\u0107 (10. Juli 1942 \u2013 14. April 2019). Wir, die Mitglieder des ICSM, gedenken des \u00a0Lebens und Werks der Genossin Dr. Mira Markovi\u0107, die ihr ganzes Leben lang f\u00fcr ein sozialistisches Jugoslawien gearbeitet hat. Als Patriotin k\u00e4mpfte sie gemeinsam mit ihrem\u2026","rel":"","context":"In &quot;Weltliche Trauerkultur&quot;","block_context":{"text":"Weltliche Trauerkultur","link":"https:\/\/www.freidenker.org\/?cat=17"},"img":{"alt_text":"","src":"https:\/\/i0.wp.com\/www.freidenker.org\/fw17\/wp-content\/uploads\/2019\/04\/mira_markovic_800x445.jpg?fit=800%2C445&ssl=1&resize=350%2C200","width":350,"height":200,"srcset":"https:\/\/i0.wp.com\/www.freidenker.org\/fw17\/wp-content\/uploads\/2019\/04\/mira_markovic_800x445.jpg?fit=800%2C445&ssl=1&resize=350%2C200 1x, https:\/\/i0.wp.com\/www.freidenker.org\/fw17\/wp-content\/uploads\/2019\/04\/mira_markovic_800x445.jpg?fit=800%2C445&ssl=1&resize=525%2C300 1.5x, https:\/\/i0.wp.com\/www.freidenker.org\/fw17\/wp-content\/uploads\/2019\/04\/mira_markovic_800x445.jpg?fit=800%2C445&ssl=1&resize=700%2C400 2x"},"classes":[]},{"id":11320,"url":"https:\/\/www.freidenker.org\/?p=11320","url_meta":{"origin":9871,"position":1},"title":"Das politische Verm\u00e4chtnis von Slobodan Milo\u0161evi\u0107 weitertragen","author":"Webredaktion","date":"3. Oktober 2021","format":false,"excerpt":"Rede von Peter Betscher auf der internationalen Online Konferenz \"MILOSEVIC - GEGEN NATO-VERBRECHEN, F\u00dcR EINE NEUE WELT\" am 1. Oktober 2021 Hierzulande waren viele von der Illusion befangen, dass wegen seiner faschistischen Vergangenheit Deutschland sich an keinen Kriegen mehr beteiligen k\u00f6nne, obwohl die Zeichen schon l\u00e4ngst an der Wand standen.\u2026","rel":"","context":"In &quot;Frieden - Antifaschismus - Solidarit\u00e4t&quot;","block_context":{"text":"Frieden - Antifaschismus - Solidarit\u00e4t","link":"https:\/\/www.freidenker.org\/?cat=13"},"img":{"alt_text":"","src":"https:\/\/i0.wp.com\/www.freidenker.org\/fw17\/wp-content\/uploads\/2021\/10\/Milosevic-Konferenz_Betscher_800x450.jpg?fit=800%2C450&ssl=1&resize=350%2C200","width":350,"height":200,"srcset":"https:\/\/i0.wp.com\/www.freidenker.org\/fw17\/wp-content\/uploads\/2021\/10\/Milosevic-Konferenz_Betscher_800x450.jpg?fit=800%2C450&ssl=1&resize=350%2C200 1x, https:\/\/i0.wp.com\/www.freidenker.org\/fw17\/wp-content\/uploads\/2021\/10\/Milosevic-Konferenz_Betscher_800x450.jpg?fit=800%2C450&ssl=1&resize=525%2C300 1.5x, https:\/\/i0.wp.com\/www.freidenker.org\/fw17\/wp-content\/uploads\/2021\/10\/Milosevic-Konferenz_Betscher_800x450.jpg?fit=800%2C450&ssl=1&resize=700%2C400 2x"},"classes":[]},{"id":11314,"url":"https:\/\/www.freidenker.org\/?p=11314","url_meta":{"origin":9871,"position":2},"title":"Milo\u0161evi\u0107 2021: Zusammenarbeit und Freundschaft mit Russland und China!","author":"Webredaktion","date":"3. Oktober 2021","format":false,"excerpt":"Rede von Klaus Hartmann auf der internationalen Online Konferenz \"MILOSEVIC - GEGEN NATO-VERBRECHEN, F\u00dcR EINE NEUE WELT\" am 1. Oktober 2021 Geschichtliche Jahrestage haben f\u00fcr uns nicht nur die Bedeutung des Erinnerns, der Ehrung oder der Trauer. Sie sollen auch als Mahnung dienen und das geschichtliche Bewusstsein unserer Zeitgenossen und\u2026","rel":"","context":"In &quot;Frieden - Antifaschismus - Solidarit\u00e4t&quot;","block_context":{"text":"Frieden - Antifaschismus - Solidarit\u00e4t","link":"https:\/\/www.freidenker.org\/?cat=13"},"img":{"alt_text":"","src":"https:\/\/i0.wp.com\/www.freidenker.org\/fw17\/wp-content\/uploads\/2021\/10\/Milosevic-Konferenz_Hartmann_800x450.jpg?fit=800%2C450&ssl=1&resize=350%2C200","width":350,"height":200,"srcset":"https:\/\/i0.wp.com\/www.freidenker.org\/fw17\/wp-content\/uploads\/2021\/10\/Milosevic-Konferenz_Hartmann_800x450.jpg?fit=800%2C450&ssl=1&resize=350%2C200 1x, https:\/\/i0.wp.com\/www.freidenker.org\/fw17\/wp-content\/uploads\/2021\/10\/Milosevic-Konferenz_Hartmann_800x450.jpg?fit=800%2C450&ssl=1&resize=525%2C300 1.5x, https:\/\/i0.wp.com\/www.freidenker.org\/fw17\/wp-content\/uploads\/2021\/10\/Milosevic-Konferenz_Hartmann_800x450.jpg?fit=800%2C450&ssl=1&resize=700%2C400 2x"},"classes":[]},{"id":9704,"url":"https:\/\/www.freidenker.org\/?p=9704","url_meta":{"origin":9871,"position":3},"title":"\u201eWie Slobodan Milo\u0161evi\u0107 gestorben wurde\u201c","author":"Webredaktion","date":"14. M\u00e4rz 2021","format":false,"excerpt":"Beitrag von Peter Betscher Der Titel dieses Beitrags ist auch die \u00dcberschrift des letzten Kapitels des Buches \u201eDer Milo\u0161evi\u0107-Prozess\u201c des bulgarischen Journalisten Germinal Civikov. Er war der einzige Journalist, der den ganzen Prozess verfolgte und \u201eoft ganz allein im anfangs \u00fcberf\u00fcllten Zuschauerraum\u201c sa\u00df. Die Umst\u00e4nde von Milo\u0161evi\u0107s Tod wurden nie\u2026","rel":"","context":"In &quot;Frieden - Antifaschismus - Solidarit\u00e4t&quot;","block_context":{"text":"Frieden - Antifaschismus - Solidarit\u00e4t","link":"https:\/\/www.freidenker.org\/?cat=13"},"img":{"alt_text":"","src":"https:\/\/i0.wp.com\/www.freidenker.org\/fw17\/wp-content\/uploads\/2021\/03\/Milosevic_Rosen_mH_800x450.jpg?fit=800%2C450&ssl=1&resize=350%2C200","width":350,"height":200,"srcset":"https:\/\/i0.wp.com\/www.freidenker.org\/fw17\/wp-content\/uploads\/2021\/03\/Milosevic_Rosen_mH_800x450.jpg?fit=800%2C450&ssl=1&resize=350%2C200 1x, https:\/\/i0.wp.com\/www.freidenker.org\/fw17\/wp-content\/uploads\/2021\/03\/Milosevic_Rosen_mH_800x450.jpg?fit=800%2C450&ssl=1&resize=525%2C300 1.5x, https:\/\/i0.wp.com\/www.freidenker.org\/fw17\/wp-content\/uploads\/2021\/03\/Milosevic_Rosen_mH_800x450.jpg?fit=800%2C450&ssl=1&resize=700%2C400 2x"},"classes":[]},{"id":11334,"url":"https:\/\/www.freidenker.org\/?p=11334","url_meta":{"origin":9871,"position":4},"title":"Der Name Slobodan Milo\u0161evi\u0107 ist ein Symbol f\u00fcr den nationalen Widerstand gegen den Imperialismus","author":"Webredaktion","date":"4. Oktober 2021","format":false,"excerpt":"Rede von Sebastian Bahlo auf der internationalen Online Konferenz \"MILOSEVIC - GEGEN NATO-VERBRECHEN, F\u00dcR EINE NEUE WELT\" am 1. Oktober 2021 ... Der Name Slobodan Milo\u0161evi\u0107 hat eine wichtige Bedeutung f\u00fcr die Menschheit. Er war ein Politiker, wie man ihn zumindest in der westlichen Welt nicht mehr sieht. Geleitet von\u2026","rel":"","context":"In &quot;Frieden - Antifaschismus - Solidarit\u00e4t&quot;","block_context":{"text":"Frieden - Antifaschismus - Solidarit\u00e4t","link":"https:\/\/www.freidenker.org\/?cat=13"},"img":{"alt_text":"","src":"https:\/\/i0.wp.com\/www.freidenker.org\/fw17\/wp-content\/uploads\/2021\/10\/Milosevic-Konferenz_Bahlo_800x450.jpg?fit=800%2C450&ssl=1&resize=350%2C200","width":350,"height":200,"srcset":"https:\/\/i0.wp.com\/www.freidenker.org\/fw17\/wp-content\/uploads\/2021\/10\/Milosevic-Konferenz_Bahlo_800x450.jpg?fit=800%2C450&ssl=1&resize=350%2C200 1x, https:\/\/i0.wp.com\/www.freidenker.org\/fw17\/wp-content\/uploads\/2021\/10\/Milosevic-Konferenz_Bahlo_800x450.jpg?fit=800%2C450&ssl=1&resize=525%2C300 1.5x, https:\/\/i0.wp.com\/www.freidenker.org\/fw17\/wp-content\/uploads\/2021\/10\/Milosevic-Konferenz_Bahlo_800x450.jpg?fit=800%2C450&ssl=1&resize=700%2C400 2x"},"classes":[]},{"id":265,"url":"https:\/\/www.freidenker.org\/?p=265","url_meta":{"origin":9871,"position":5},"title":"Protestaktion in Den Haag &#8211; Zehnter Todestag S. Milo\u0161evic","author":"Webmaster","date":"8. M\u00e4rz 2016","format":false,"excerpt":"Am Freitag, den 11. M\u00e4rz 2016, j\u00e4hrt sich der Todestag des fr\u00fcheren serbischen und jugoslawischen Pr\u00e4sidenten Slobodan Milo\u0161evic zum zehnten Mal. Im M\u00e4rz 2006 wurde Milo\u0161evic Opfer der NATO-Siegerjustiz in Gestalt des v\u00f6lkerrechtswidrigen Haager Tribunals f\u00fcr das ehemalige Jugoslawien! Slobodan Milo\u0161evic entlarvte vor dem Tribunal die L\u00fcgen der Anklage und\u2026","rel":"","context":"In &quot;Frieden - Antifaschismus - Solidarit\u00e4t&quot;","block_context":{"text":"Frieden - Antifaschismus - Solidarit\u00e4t","link":"https:\/\/www.freidenker.org\/?cat=13"},"img":{"alt_text":"","src":"https:\/\/i0.wp.com\/www.freidenker.org\/fw17\/wp-content\/uploads\/2016\/07\/Den_Haag.jpg?fit=800%2C445&ssl=1&resize=350%2C200","width":350,"height":200,"srcset":"https:\/\/i0.wp.com\/www.freidenker.org\/fw17\/wp-content\/uploads\/2016\/07\/Den_Haag.jpg?fit=800%2C445&ssl=1&resize=350%2C200 1x, https:\/\/i0.wp.com\/www.freidenker.org\/fw17\/wp-content\/uploads\/2016\/07\/Den_Haag.jpg?fit=800%2C445&ssl=1&resize=525%2C300 1.5x, https:\/\/i0.wp.com\/www.freidenker.org\/fw17\/wp-content\/uploads\/2016\/07\/Den_Haag.jpg?fit=800%2C445&ssl=1&resize=700%2C400 2x"},"classes":[]}],"_links":{"self":[{"href":"https:\/\/www.freidenker.org\/index.php?rest_route=\/wp\/v2\/posts\/9871","targetHints":{"allow":["GET"]}}],"collection":[{"href":"https:\/\/www.freidenker.org\/index.php?rest_route=\/wp\/v2\/posts"}],"about":[{"href":"https:\/\/www.freidenker.org\/index.php?rest_route=\/wp\/v2\/types\/post"}],"author":[{"embeddable":true,"href":"https:\/\/www.freidenker.org\/index.php?rest_route=\/wp\/v2\/users\/3"}],"replies":[{"embeddable":true,"href":"https:\/\/www.freidenker.org\/index.php?rest_route=%2Fwp%2Fv2%2Fcomments&post=9871"}],"version-history":[{"count":0,"href":"https:\/\/www.freidenker.org\/index.php?rest_route=\/wp\/v2\/posts\/9871\/revisions"}],"wp:featuredmedia":[{"embeddable":true,"href":"https:\/\/www.freidenker.org\/index.php?rest_route=\/wp\/v2\/media\/9874"}],"wp:attachment":[{"href":"https:\/\/www.freidenker.org\/index.php?rest_route=%2Fwp%2Fv2%2Fmedia&parent=9871"}],"wp:term":[{"taxonomy":"category","embeddable":true,"href":"https:\/\/www.freidenker.org\/index.php?rest_route=%2Fwp%2Fv2%2Fcategories&post=9871"},{"taxonomy":"post_tag","embeddable":true,"href":"https:\/\/www.freidenker.org\/index.php?rest_route=%2Fwp%2Fv2%2Ftags&post=9871"}],"curies":[{"name":"wp","href":"https:\/\/api.w.org\/{rel}","templated":true}]}}