{"id":9822,"date":"2021-03-31T23:26:04","date_gmt":"2021-03-31T21:26:04","guid":{"rendered":"https:\/\/www.freidenker.org\/?p=9822"},"modified":"2021-10-30T15:26:30","modified_gmt":"2021-10-30T13:26:30","slug":"hvd-tritt-aus-dem-korso-aus","status":"publish","type":"post","link":"https:\/\/www.freidenker.org\/?p=9822","title":{"rendered":"HVD tritt aus dem KORSO aus"},"content":{"rendered":"<p><strong>Der Humanistische Verband Deutschlands (HVD) &#8211; 2008 Gr\u00fcndungsmitglied des Koordinierungsrates S\u00e4kularer Organisationen (KORSO) &#8211; hat am 27.03.2021 durch Beschluss seines Delegiertenrates auf Antrag des HVD-Bundesvorstandes entschieden, seine Mitgliedschaft im KORSO zu beenden.\u00a0<\/strong><\/p>\n<p><strong>Wir ver\u00f6ffentlichen hier die Presseerkl\u00e4rungen des HVD und des KORSO zu diesem Schritt sowie eine erste Stellungnahme des Vorsitzenden des Deutschen Freidenker-Verbandes, Klaus Hartmann.<\/strong><\/p>\n<p>Navigation:<\/p>\n<ul>\n<li><a href=\"#PM_HVD\">Presseerkl\u00e4rung des HVD-Bundesverbandes vom 29.03.2021<\/a><\/li>\n<li><a href=\"#PM_KORSO\">Pressemitteilung des Koordinierungsrates S\u00e4kularer Organisationen (KORSO) vom 29.03.2021<\/a><\/li>\n<li><a href=\"#SN_DFV\">Stellungnahme des Vorsitzenden des Deutschen Freidenker-Verbandes, Klaus Hartmann (E-Mail vom 28.03.2021)<\/a><\/li>\n<li><a href=\"#Links\">Weitere Links zum Thema<\/a><\/li>\n<\/ul>\n<hr \/>\n<p><em><strong><a id=\"PM_HVD\"><\/a>Presseerkl\u00e4rung des HVD-Bundesverbandes vom 29.03.2021<\/strong><\/em><\/p>\n<h4>Der Humanistische Verband Deutschlands beendet seine Mitgliedschaft im Koordinierungsrat s\u00e4kularer Organisationen<\/h4>\n<p><strong>Viele konfessionsfreie Menschen f\u00fchlen sich in unserer Gesellschaft nicht ausreichend wahrgenommen. Deshalb dr\u00e4ngen s\u00e4kulare Gruppierungen auf eine st\u00e4rkere Sichtbarkeit. Dazu will sich der Koordinierungsrat s\u00e4kularer Organisationen (KORSO) k\u00fcnftig st\u00e4rker als s\u00e4kulare Lobbyorganisation pr\u00e4sentieren. Der Humanistische Verband Deutschlands &#8211; Bundesverband (HVD) wird dabei nicht mehr vertreten sein.<\/strong><\/p>\n<p>Als der KORSO im Jahr 2008 von einigen Organisationen aus der freireligi\u00f6sen, atheistischen und humanistischen Szene gegr\u00fcndet wurde, setzten sich die Kr\u00e4fte durch, die von dem Koordinierungsrat in erster Linie eine Diskussion und Abstimmung unterschiedlicher Interessen in der weltanschaulichen Auseinandersetzung erwarteten. So werden etwa im Bereich des Religions- und Weltanschauungsunterrichtes kontr\u00e4re Positionen innerhalb des KORSO vertreten. W\u00e4hrend beispielsweise der HVD Berlin-Brandenburg allein in Berlin rund 70.000 Sch\u00fcler*innen in Humanistischer Lebenskunde unterrichtet, verlangen manche s\u00e4kularen Kr\u00e4fte eine Abschaffung jeglichen Religions- und Weltanschauungsunterrichtes.<\/p>\n<p>Diese unterschiedlichen Positionen konnten in den vergangenen Jahren innerhalb des KORSO nicht in eine gemeinsame Strategie \u00fcberf\u00fchrt werden. Der HVD Bundesverband h\u00e4lt es deswegen \u2013 inhaltlich und strategisch \u2013 f\u00fcr geboten, eigene Wege zu gehen. Die Unterschiedlichkeit der Organisationen und Standpunkte im KORSO m\u00fcnden immer wieder in eine \u201aVielfalt\u2018, die nicht mehr schl\u00fcssig darstellbar ist. Dazu erkl\u00e4rt HVD-Vorstandssprecher Erwin Kress: &#8222;F\u00fcr eine pr\u00e4zisere und fruchtbare Kommunikation nach au\u00dfen und politische Lobbyarbeit ben\u00f6tigen wir eine relevante inhaltliche Schnittmenge, sonst sind wir nicht gemeinsam sprechf\u00e4hig. Die \u00dcbereinstimmung in unseren Positionen ist aber f\u00fcr den HVD nicht ausreichend substanziell, um eine S<a href=\"https:\/\/www.korso-deutschland.de\/saekulare-lobby\/\">chwerpunktverschiebung des KORSO in Richtung Lobbyarbeit<\/a> mitgehen zu k\u00f6nnen.&#8220;<\/p>\n<p>Der HVD versteht den Wunsch vieler s\u00e4kularer Kr\u00e4fte nach mehr Sichtbarkeit der Anliegen von Konfessionsfreien. Er sieht die Notwendigkeit, dass religionsfreie Menschen die gleichen Chancen, die gleiche Anerkennung und den gleichen Zugang zu weltanschaulich profilierten Dienstleistungen und Unterst\u00fctzungsangeboten erhalten m\u00fcssen wie religi\u00f6se Menschen. Diesen Weg beschreitet er vor allem durch den konsequenten Aufbau eines praktisch-humanistischen Angebots. Er will Alternativen bieten, eine humanere Gesellschaft mitgestalten und in der Politik daf\u00fcr streiten, dass die Repr\u00e4sentanz religionsfreier Menschen zuk\u00fcnftig besser gew\u00e4hrleistet ist. Diese Ziele wird er auch zuk\u00fcnftig engagiert verfolgen.<\/p>\n<p>Der Delegiertenrat des HVD Bundesverbandes hat am 27. M\u00e4rz 2021 beschlossen, die Mitgliedschaft im KORSO zu beenden. Dazu erkl\u00e4rt Kress: &#8222;Mit diesem Schritt ziehen wir ein ehrliches Fazit aus vielen Jahren gemeinsamen Ringens, die die unterschiedlichen Betonungen und Interessensgegens\u00e4tze nicht aufheben konnten. Damit gewinnen unsere Positionen gr\u00f6\u00dfere Eindeutigkeit und Klarheit bei unseren B\u00fcndnispartnern in Politik und Gesellschaft, die zu Recht wissen wollen, wof\u00fcr wir stehen und wof\u00fcr wir uns einsetzen.&#8220;<\/p>\n<p>Unabh\u00e4ngig von dieser Entscheidung wird der HVD gemeinsame Positionen mit Akteuren im s\u00e4kularen Spektrum pflegen und ausbauen. Und er wird sich in gemeinsamem Engagement wiederfinden, wo immer dies m\u00f6glich ist. Ein prominentes Beispiel hierf\u00fcr ist die Gr\u00fcndung des Bertha-von-Suttner-Studienwerks, einem Kooperationsprojekt des Humanistischen Verbandes Deutschlands mit der Humanistischen Akademie Deutschlands, der Giordano-Bruno-Stiftung und der Bundesarbeitsgemeinschaft Humanistischer Studierender.<\/p>\n<p><span style=\"font-size: 10pt;\">Quelle: <a href=\"https:\/\/humanistisch.de\/x\/hvd-bundesverband\/presse\/2021037441\" target=\"_blank\" rel=\"noopener\">https:\/\/humanistisch.de\/x\/hvd-bundesverband\/presse\/2021037441<\/a><\/span><\/p>\n<hr \/>\n<p><em><strong><a id=\"PM_KORSO\"><\/a>Pressemitteilung des Koordinierungsrates S\u00e4kularer Organisationen (KORSO) vom 29.03.2021<\/strong><\/em><\/p>\n<h4>Strategische Partnerschaft statt Mitgliedschaft: HVD und KORSO gehen gemeinsam einen neuen Weg<\/h4>\n<p>In seinem Delegiertenrat am 27. M\u00e4rz beschloss der HVD den Austritt des Bundesverbands aus dem KORSO. Eine \u201eSpaltung\u201c des s\u00e4kularen Spektrums bedeute dies allerdings nicht, wie HVD-Bundesvorstandsmitglied Katrin Raczynski ausdr\u00fccklich festh\u00e4lt. Im <a href=\"https:\/\/hpd.de\/artikel\/strategische-partnerschaft-bleibt-bestehen-19142\">gemeinsamen Interview mit dem Humanistischen Pressedienst<\/a> betont Raczynski \u201egro\u00dfe Anerkennung f\u00fcr die unterschiedlichen im KORSO vertretenen Positionen, Akteure und Organisationen.\u201c<\/p>\n<p>Stattdessen planen HVD und KORSO nun eine strategische Partnerschaft. Wie eine Woche zuvor in einer <a href=\"https:\/\/www.korso-deutschland.de\/saekulare-lobby\/\">Videokonferenz<\/a> mit \u00fcber 50 Personen aus dem s\u00e4kularen Spektrum festgestellt wurde \u2013 darunter auch zahlreiche Mitglieder des HVD \u2013, befindet sich der KORSO derzeit in einem Prozess der strukturellen Weiterentwicklung. Die strategische Partnerschaft mit dem HVD ist ein Schritt in diese Richtung, weitere Partnerschaften sollen folgen.<\/p>\n<p>\u201eDass im s\u00e4kular-humanistischen Spektrum unterschiedliche Positionen sichtbar werden, die man nicht wegdiskutieren kann, ist ein Ergebnis der bisherigen Koordinationsarbeit des KORSO. Dass man diese aber auch gar nicht wegdiskutieren muss, ist ein weiteres Ergebnis. Gegens\u00e4tzliche Auffassungen sind kein Hindernis f\u00fcr zuk\u00fcnftige Zusammenarbeit, denn es existiert eine Vielzahl gemeinsamer Positionen, f\u00fcr die es sich kooperativ einzustehen lohnt\u201c, hebt der KORSO-Vorsitzende Dr. Rainer Rosenzweig hervor. Er begr\u00fc\u00dft daher die Offenheit des HVD f\u00fcr eine strategische Partnerschaft mit dem KORSO.<\/p>\n<p><span style=\"font-size: 10pt;\">Quelle: <a href=\"https:\/\/www.korso-deutschland.de\/strategische-partnerschaft-hvd-korso\/\" target=\"_blank\" rel=\"noopener\">https:\/\/www.korso-deutschland.de\/strategische-partnerschaft-hvd-korso\/<\/a><\/span><\/p>\n<hr \/>\n<p><em><strong><a id=\"SN_DFV\"><\/a>Stellungnahme des Vorsitzenden des Deutschen Freidenker-Verbandes, Klaus Hartmann (E-Mail vom 28.03.2021)<\/strong><\/em><\/p>\n<h4>Zusammenarbeit auf einer qualitativ neu bestimmten Grundlage st\u00e4rken<\/h4>\n<p>Liebe Freundinnen und Freunde,<\/p>\n<p>in der &#8222;nicht zur Ver\u00f6ffentlichung bestimmten&#8220; Erkl\u00e4rung [1] zum Austritt wird an erster\u00a0 Stelle der &#8222;Umbau des KORSO zu einem Lobbyverband, zu einem Zentralrat der Konfessionsfreien&#8220; genannt.<\/p>\n<p>Dem KORSO ging es nach unserem Daf\u00fcrhalten immer um die \u00f6ffentliche Vertretung der Interessen der Konfessionsfreien, ob daf\u00fcr das Wort Lobby gebraucht wird oder nicht. Dieses weckt m\u00f6glicherweise ungute Assoziationen, jedoch geht es der Sache nach um genau das: bei &#8222;der Politik&#8220; und den Medien die Interessen der Konfessionsfreien zur Geltung zu bringen.<\/p>\n<p>Was diese Interessen sind, dar\u00fcber gehen die Vorstellungen der Verb\u00e4nde auseinander, das war aber bei KORSO-Gr\u00fcndung bekannt, und es wurde von keiner Seite als Hindernis f\u00fcr die Zusammenarbeit betrachtet. Es war aber Anlass, in einer sehr gr\u00fcndlichen Befragung und Kommunikation die gemeinsamen Schnittmengen zu ermitteln, und diese wurden von allen Beteiligten als Grundlage der Zusammenarbeit best\u00e4tigt. Diese Best\u00e4tigung wird offenbar mit dem Austritt durch den HVD zur\u00fcckgezogen. Zudem war immer unstrittig, dass andere oder weitergehende Ziele als in der &#8222;KORSO-Schnittmenge&#8220; beschrieben, von jedem Verband selbstverst\u00e4ndlich im eigenen Namen weiterverfolgt werden k\u00f6nnen, die KORSO-Mitgliedschaft also hier keinerlei &#8222;Fesseln&#8220; anlegt.<\/p>\n<p>Die Benennung als &#8222;Zentralrat der Konfessionsfreien&#8220; ist kein Fait accompli, sondern nach unserem Verst\u00e4ndnis ein Diskussionsvorschlag mit dem Ziel, mehr Durchsetzungskraft zu erreichen. Der Deutsche Freidenker-Verband stimmt einer solchen Umbenennung nicht zu, denn die viele Jahre w\u00e4hrende Diskussion vor Gr\u00fcndung des KORSO ergab, dass die Benennung als Koordinierungsrat gerade die rechte Mitte zwischen Abstimmungserfordernis und Gemeinsamkeit sowie Autonomie und Eigenst\u00e4ndigkeit zum Ausdruck brachte. Das sollte nicht aufs Spiel gesetzt werden, und hinsichtlich der Durchsetzungskraft spielt der Name eher eine untergeordnete Rolle.<\/p>\n<p>Den HVD-Austritt sehen wir so, dass man nicht die gemeinsame Sache bef\u00f6rdern will, sondern verbandsegoistischen Motiven den Vorrang gibt. Diese Deutung legt die Meldung im Berliner Tagesspiegel &#8211; vier Tage vor dem Austrittsschreiben &#8211; \u00fcber den RBB-Aufsichtrat nahe: &#8222;<em>Doch auch der Humanistische Verband, die Interessenvertretung der Konfessionslosen, meldet Anspr\u00fcche auf einen Platz im Aufsichtsgremium an.<\/em>&#8220; [2]\u00a0Warum also die Gemeinsamkeit suchen, wenn man einen Alleinvertretungsanspruch anmelden kann?<\/p>\n<p>Die Mitgliedsverb\u00e4nde des KORSO sollten sich von dieser &#8211; bedauerlichen &#8211; Entwicklung nicht beirren lassen, sondern ihre Zusammenarbeit st\u00e4rken, am Besten auf einer qualitativ neu bestimmten Grundlage: Die vor Jahren ermittelte &#8222;Schnittmenge&#8220; der gemeinsamen Anliegen, Positionen und Ziele wurde ja gemeinsam mit dem nun ausgetretenen HVD bestimmt. Es ist keineswegs ausgeschlossen, dass eine erneute \u00dcberpr\u00fcfung zu einem Mehr an Gemeinsamkeiten f\u00fchrt.<\/p>\n<p>Herzliche Gr\u00fc\u00dfe<br \/>\nKlaus Hartmann<br \/>\nBundesvorsitzender<\/p>\n<p><span style=\"font-size: 10pt;\"><strong>Anmerkung und Quelle<\/strong><\/span><\/p>\n<p><span style=\"font-size: 10pt;\">[1] Die Information \u00fcber den Austritt des HVD aus dem KORSO wurde bereits am 27.03.2021 per Mail an die Mitgliedsverb\u00e4nde des KORSO gegeben. Die hier erw\u00e4hnte nicht \u00f6ffentliche Erkl\u00e4rung ist im Wesentlichen identisch mit der zwei Tage sp\u00e4ter ver\u00f6ffentlichten Presseerkl\u00e4rung des HVD (siehe oben)<br \/>\n<\/span><span style=\"font-size: 10pt;\">[2] <a href=\"https:\/\/www.tagesspiegel.de\/gesellschaft\/medien\/diskussionen-um-rbb-staatsvertrag-konfessionslose-wollen-gleichen-einfluss-auf-rbb-wie-kirchen\/27029598.html\" target=\"_blank\" rel=\"noopener\">https:\/\/www.tagesspiegel.de\/gesellschaft\/medien\/diskussionen-um-rbb-staatsvertrag-konfessionslose-wollen-gleichen-einfluss-auf-rbb-wie-kirchen\/27029598.html<\/a><\/span><\/p>\n<hr \/>\n<p><strong><a id=\"Links\"><\/a><img data-recalc-dims=\"1\" loading=\"lazy\" decoding=\"async\" data-attachment-id=\"9632\" data-permalink=\"https:\/\/www.freidenker.org\/?attachment_id=9632\" data-orig-file=\"https:\/\/i0.wp.com\/www.freidenker.org\/fw17\/wp-content\/uploads\/2021\/02\/External_Link.png?fit=512%2C512&amp;ssl=1\" data-orig-size=\"512,512\" data-comments-opened=\"0\" data-image-meta=\"{&quot;aperture&quot;:&quot;0&quot;,&quot;credit&quot;:&quot;&quot;,&quot;camera&quot;:&quot;&quot;,&quot;caption&quot;:&quot;&quot;,&quot;created_timestamp&quot;:&quot;0&quot;,&quot;copyright&quot;:&quot;&quot;,&quot;focal_length&quot;:&quot;0&quot;,&quot;iso&quot;:&quot;0&quot;,&quot;shutter_speed&quot;:&quot;0&quot;,&quot;title&quot;:&quot;&quot;,&quot;orientation&quot;:&quot;0&quot;}\" data-image-title=\"External_Link icon\" data-image-description=\"\" data-image-caption=\"\" data-large-file=\"https:\/\/i0.wp.com\/www.freidenker.org\/fw17\/wp-content\/uploads\/2021\/02\/External_Link.png?fit=512%2C512&amp;ssl=1\" class=\"alignnone wp-image-9632\" src=\"https:\/\/i0.wp.com\/www.freidenker.org\/fw17\/wp-content\/uploads\/2021\/02\/External_Link.png?resize=32%2C32&#038;ssl=1\" alt=\"\" width=\"32\" height=\"32\" srcset=\"https:\/\/i0.wp.com\/www.freidenker.org\/fw17\/wp-content\/uploads\/2021\/02\/External_Link.png?resize=150%2C150&amp;ssl=1 150w, https:\/\/i0.wp.com\/www.freidenker.org\/fw17\/wp-content\/uploads\/2021\/02\/External_Link.png?resize=300%2C300&amp;ssl=1 300w, https:\/\/i0.wp.com\/www.freidenker.org\/fw17\/wp-content\/uploads\/2021\/02\/External_Link.png?w=512&amp;ssl=1 512w\" sizes=\"auto, (max-width: 32px) 100vw, 32px\" \/> <em>Weitere Links zum Thema:<\/em><\/strong><\/p>\n<p><strong>Strategische Partnerschaft bleibt bestehen<\/strong><br \/>\nInterview des Humanistischen Pressedienstes (hpd) mit Rainer Rosenzweig (Vorsitzender des KORSO) und Katrin Raczynski (Bundesvorstandsmitglied des HVD) vom 29.03.2021:<br \/>\n<a href=\"https:\/\/hpd.de\/artikel\/strategische-partnerschaft-bleibt-bestehen-19142\">https:\/\/hpd.de\/artikel\/strategische-partnerschaft-bleibt-bestehen-19142<\/a><\/p>\n<p><strong>Pluralit\u00e4t &#8211; und zweierlei Neutralit\u00e4t<\/strong><br \/>\nKommentar von Helge Meves im Neuen Deutschland vom 29.03.2021:<br \/>\n<a href=\"https:\/\/www.neues-deutschland.de\/artikel\/1150182.humanistischer-verband-deutschland-pluralitaet-und-zweierlei-neutralitaet.html\">https:\/\/www.neues-deutschland.de\/artikel\/1150182.humanistischer-verband-deutschland-pluralitaet-und-zweierlei-neutralitaet.html<\/a><\/p>\n<p><strong>Auszeit mit Ansage<\/strong><br \/>\nKommentar von Daniela Wakonigg auf hpd.de vom 30.03.2021:<br \/>\n<a href=\"https:\/\/hpd.de\/artikel\/auszeit-ansage-19145\">https:\/\/hpd.de\/artikel\/auszeit-ansage-19145<\/a><\/p>\n<hr \/>\n<p><span style=\"font-size: 10pt;\">Bildcollage: Ralf Lux, unter Verwendung eines Fotos von:<br \/>\n<\/span><span style=\"font-size: 10pt;\"><a href=\"https:\/\/pixabay.com\/de\/photos\/spielen-zahlen-gr%C3%BCn-blau-spielen-4541731\/\" target=\"_blank\" rel=\"noopener\">pixabay.com<\/a> \/ <a class=\"hover_opacity\" href=\"https:\/\/pixabay.com\/de\/users\/ohmydearlife-11960660\/\">Ohmydearlife<\/a> \/ <a href=\"https:\/\/pixabay.com\/de\/service\/license\/\">Pixabay License<\/a><\/span><\/p>\n","protected":false},"excerpt":{"rendered":"<p>Der Humanistische Verband Deutschlands &#8211; 2008 Gr\u00fcndungsmitglied des Koordinierungsrates S\u00e4kularer Organisationen (KORSO) &#8211; hat am 27.03.2021 durch Beschluss seines Delegiertenrates auf Antrag des HVD-Bundesvorstandes entschieden, seine Mitgliedschaft im KORSO zu beenden.\u00a0<br \/>\nWir ver\u00f6ffentlichen hier die Presseerkl\u00e4rungen des HVD und des KORSO zu diesem Schritt sowie eine erste Stellungnahme des Vorsitzenden des Deutschen Freidenker-Verbandes, Klaus Hartmann.<\/p>\n","protected":false},"author":3,"featured_media":9832,"comment_status":"closed","ping_status":"closed","sticky":false,"template":"","format":"standard","meta":{"colormag_page_container_layout":"default_layout","colormag_page_sidebar_layout":"default_layout","advanced_seo_description":"","jetpack_seo_html_title":"","jetpack_seo_noindex":false,"jetpack_post_was_ever_published":false,"footnotes":""},"categories":[15],"tags":[1387,922,852,940],"class_list":["post-9822","post","type-post","status-publish","format-standard","has-post-thumbnail","hentry","category-religions-kirchenkritik","tag-hvd","tag-konfessionsfreiheit","tag-korso","tag-saekulare-organisationen"],"jetpack_featured_media_url":"https:\/\/i0.wp.com\/www.freidenker.org\/fw17\/wp-content\/uploads\/2021\/04\/hvd_korso_3_800x450.jpg?fit=800%2C450&ssl=1","jetpack_shortlink":"https:\/\/wp.me\/p9stpK-2yq","jetpack-related-posts":[{"id":6187,"url":"https:\/\/www.freidenker.org\/?p=6187","url_meta":{"origin":9822,"position":0},"title":"KORSO-Resolution zur Abl\u00f6sung der historischen Staatsleistungen an die Kirchen","author":"Webredaktion","date":"13. April 2019","format":false,"excerpt":"Vor 100 Jahren trat die Weimarer Reichsverfassung in Kraft, vor 70 Jahren das Grundgesetz der Bundesrepublik Deutschland. Anl\u00e4sslich dieses doppelten Verfassungsjubil\u00e4ums im Jahr 2019 stellt der Koordinierungsrat s\u00e4kularer Organisationen (KORSO e.V.) fest: Die Grundidee einer Entflechtung staatlicher und kirchlicher T\u00e4tigkeit war ein bedeutender zivilisatorischer Durchbruch im 20. Jahrhundert. Die durch\u2026","rel":"","context":"In &quot;Religions- &amp; Kirchenkritik, S\u00e4kulare Szene&quot;","block_context":{"text":"Religions- &amp; Kirchenkritik, S\u00e4kulare Szene","link":"https:\/\/www.freidenker.org\/?cat=15"},"img":{"alt_text":"","src":"https:\/\/i0.wp.com\/www.freidenker.org\/fw17\/wp-content\/uploads\/2019\/04\/korso-rv_2019-03-30_vorstand_800x445.jpg?fit=800%2C445&ssl=1&resize=350%2C200","width":350,"height":200,"srcset":"https:\/\/i0.wp.com\/www.freidenker.org\/fw17\/wp-content\/uploads\/2019\/04\/korso-rv_2019-03-30_vorstand_800x445.jpg?fit=800%2C445&ssl=1&resize=350%2C200 1x, https:\/\/i0.wp.com\/www.freidenker.org\/fw17\/wp-content\/uploads\/2019\/04\/korso-rv_2019-03-30_vorstand_800x445.jpg?fit=800%2C445&ssl=1&resize=525%2C300 1.5x, https:\/\/i0.wp.com\/www.freidenker.org\/fw17\/wp-content\/uploads\/2019\/04\/korso-rv_2019-03-30_vorstand_800x445.jpg?fit=800%2C445&ssl=1&resize=700%2C400 2x"},"classes":[]},{"id":9426,"url":"https:\/\/www.freidenker.org\/?p=9426","url_meta":{"origin":9822,"position":1},"title":"S\u00e4kulare Verst\u00e4ndigung zur Suizidhilfe","author":"Webredaktion","date":"29. Januar 2021","format":false,"excerpt":"Wortmeldung des Koordinierungsrates S\u00e4kularer Organisationen (KORSO) Nachdem das Bundesverfassungsgericht das umstrittene Gesetz \u00a7217 StGB im Februar 2020 gekippt hatte, kamen am vergangenen Freitag auf Einladung des KORSO 15 Vertreterinnen und Vertreter unterschiedlicher Organisationen aus dem s\u00e4kularen Spektrum per Videokonferenz zu einem Expertengespr\u00e4ch zusammen ... um \u00fcber s\u00e4kulare Positionen zur Suizidhilfe\u2026","rel":"","context":"In &quot;Arbeit &amp; Soziales&quot;","block_context":{"text":"Arbeit &amp; Soziales","link":"https:\/\/www.freidenker.org\/?cat=11"},"img":{"alt_text":"","src":"https:\/\/i0.wp.com\/www.freidenker.org\/fw17\/wp-content\/uploads\/2021\/01\/hospice-1821429_800x450.jpg?fit=800%2C450&ssl=1&resize=350%2C200","width":350,"height":200,"srcset":"https:\/\/i0.wp.com\/www.freidenker.org\/fw17\/wp-content\/uploads\/2021\/01\/hospice-1821429_800x450.jpg?fit=800%2C450&ssl=1&resize=350%2C200 1x, https:\/\/i0.wp.com\/www.freidenker.org\/fw17\/wp-content\/uploads\/2021\/01\/hospice-1821429_800x450.jpg?fit=800%2C450&ssl=1&resize=525%2C300 1.5x, https:\/\/i0.wp.com\/www.freidenker.org\/fw17\/wp-content\/uploads\/2021\/01\/hospice-1821429_800x450.jpg?fit=800%2C450&ssl=1&resize=700%2C400 2x"},"classes":[]},{"id":4300,"url":"https:\/\/www.freidenker.org\/?p=4300","url_meta":{"origin":9822,"position":2},"title":"\u00dcberlegungen zur Mitgliedschaft des DFV im KORSO","author":"Webredaktion","date":"18. September 2010","format":false,"excerpt":"Beitrag von Ralf Lux Nachdem jahrelang Diskussionen \u00fcber ein gemeinsames Gremium s\u00e4kularer Verb\u00e4nde zu keinem Erfolg f\u00fchrten, ging der eigentliche Gr\u00fcndungsprozess des KORSO im Jahre 2008 dann recht schnell vonstatten, so schnell, dass in unserem Verband keine Zeit mehr verblieb, das F\u00fcr und Wider einer Mitgliedschaft ausgiebig zu diskutieren. Die\u2026","rel":"","context":"In &quot;Positionen&quot;","block_context":{"text":"Positionen","link":"https:\/\/www.freidenker.org\/?cat=210"},"img":{"alt_text":"","src":"https:\/\/i0.wp.com\/www.freidenker.org\/fw17\/wp-content\/uploads\/2018\/01\/hands-korso_800x445.jpg?fit=800%2C445&ssl=1&resize=350%2C200","width":350,"height":200,"srcset":"https:\/\/i0.wp.com\/www.freidenker.org\/fw17\/wp-content\/uploads\/2018\/01\/hands-korso_800x445.jpg?fit=800%2C445&ssl=1&resize=350%2C200 1x, https:\/\/i0.wp.com\/www.freidenker.org\/fw17\/wp-content\/uploads\/2018\/01\/hands-korso_800x445.jpg?fit=800%2C445&ssl=1&resize=525%2C300 1.5x, https:\/\/i0.wp.com\/www.freidenker.org\/fw17\/wp-content\/uploads\/2018\/01\/hands-korso_800x445.jpg?fit=800%2C445&ssl=1&resize=700%2C400 2x"},"classes":[]},{"id":10913,"url":"https:\/\/www.freidenker.org\/?p=10913","url_meta":{"origin":9822,"position":3},"title":"Gemeinsam statt getrennt! KORSO fordert Reform des Religionsunterrichts an \u00f6ffentlichen Schulen","author":"Webredaktion","date":"27. Juli 2021","format":false,"excerpt":"Wortmeldung des\u00a0Koordinierungsrates s\u00e4kularer Organisationen KORSO e.V. vom 27.07.2021: Auf Einladung des KORSO kamen am vergangenen Freitag, 23. Juli 2021, 30 Vertreterinnen und Vertreter unterschiedlicher Organisationen aus dem s\u00e4kularen Spektrum per Videokonferenz zu einer Themenwerkstatt zusammen, um sich \u00fcber die Zukunft des Religionsunterrichts auszutauschen \u2013 aus s\u00e4kularer Perspektive. Nach ausf\u00fchrlicher Debatte\u2026","rel":"","context":"In &quot;Religions- &amp; Kirchenkritik, S\u00e4kulare Szene&quot;","block_context":{"text":"Religions- &amp; Kirchenkritik, S\u00e4kulare Szene","link":"https:\/\/www.freidenker.org\/?cat=15"},"img":{"alt_text":"","src":"https:\/\/i0.wp.com\/www.freidenker.org\/fw17\/wp-content\/uploads\/2021\/07\/korso-post_2021-07-24_01-religionsunterricht_800x450.jpg?fit=800%2C450&ssl=1&resize=350%2C200","width":350,"height":200,"srcset":"https:\/\/i0.wp.com\/www.freidenker.org\/fw17\/wp-content\/uploads\/2021\/07\/korso-post_2021-07-24_01-religionsunterricht_800x450.jpg?fit=800%2C450&ssl=1&resize=350%2C200 1x, https:\/\/i0.wp.com\/www.freidenker.org\/fw17\/wp-content\/uploads\/2021\/07\/korso-post_2021-07-24_01-religionsunterricht_800x450.jpg?fit=800%2C450&ssl=1&resize=525%2C300 1.5x, https:\/\/i0.wp.com\/www.freidenker.org\/fw17\/wp-content\/uploads\/2021\/07\/korso-post_2021-07-24_01-religionsunterricht_800x450.jpg?fit=800%2C450&ssl=1&resize=700%2C400 2x"},"classes":[]},{"id":9623,"url":"https:\/\/www.freidenker.org\/?p=9623","url_meta":{"origin":9822,"position":4},"title":"S\u00e4kulare Verst\u00e4ndigung zur Forderung nach Abl\u00f6sung der altrechtlichen Staatsleistungen","author":"Webredaktion","date":"24. Februar 2021","format":false,"excerpt":"Wortmeldung des Koordinierungsrates s\u00e4kularer Organisationen KORSO e.V. Am vergangenen Freitag, 19. Februar, fanden sich auf Einladung des KORSO 16 Vertreterinnen und Vertreter unterschiedlicher Organisationen aus dem s\u00e4kularen Spektrum per Videokonferenz zu einem Expertengespr\u00e4ch zusammen. Thema waren die so genannten \u201ealtrechtlichen Staatsleistungen\u201c.... Die Expertenrunde diskutierte einen Nachmittag lang die wichtigsten Aspekte\u2026","rel":"","context":"In &quot;Religions- &amp; Kirchenkritik, S\u00e4kulare Szene&quot;","block_context":{"text":"Religions- &amp; Kirchenkritik, S\u00e4kulare Szene","link":"https:\/\/www.freidenker.org\/?cat=15"},"img":{"alt_text":"","src":"https:\/\/i0.wp.com\/www.freidenker.org\/fw17\/wp-content\/uploads\/2021\/02\/korso-post_2021-02-22_02-staatsleistungen_800x450.jpg?fit=800%2C450&ssl=1&resize=350%2C200","width":350,"height":200,"srcset":"https:\/\/i0.wp.com\/www.freidenker.org\/fw17\/wp-content\/uploads\/2021\/02\/korso-post_2021-02-22_02-staatsleistungen_800x450.jpg?fit=800%2C450&ssl=1&resize=350%2C200 1x, https:\/\/i0.wp.com\/www.freidenker.org\/fw17\/wp-content\/uploads\/2021\/02\/korso-post_2021-02-22_02-staatsleistungen_800x450.jpg?fit=800%2C450&ssl=1&resize=525%2C300 1.5x, https:\/\/i0.wp.com\/www.freidenker.org\/fw17\/wp-content\/uploads\/2021\/02\/korso-post_2021-02-22_02-staatsleistungen_800x450.jpg?fit=800%2C450&ssl=1&resize=700%2C400 2x"},"classes":[]},{"id":4517,"url":"https:\/\/www.freidenker.org\/?p=4517","url_meta":{"origin":9822,"position":5},"title":"Selbstdarstellung des KORSO","author":"Webredaktion","date":"20. Dezember 2016","format":false,"excerpt":"Der Koordinierungsrat s\u00e4kularer Organisationen (KORSO) hat eine Selbstdarstellungsbrosch\u00fcre herausgegeben. Neben einem \u00dcberblick \u00fcber die Ziele und Forderungen des KORSO sind darin Kurzportraits aller Mitgliedsorganisationen enthalten. Aus dem Vorwort: Die Ziele und Strategien der s\u00e4kularen Organisationen sind keineswegs identisch. Sie sind zudem unterschiedlich alt, unterschiedlich gro\u00df, regional unterschiedlich entwickelt und in\u2026","rel":"","context":"In &quot;Publikationen f\u00fcr Freidenker&quot;","block_context":{"text":"Publikationen f\u00fcr Freidenker","link":"https:\/\/www.freidenker.org\/?cat=6"},"img":{"alt_text":"","src":"https:\/\/i0.wp.com\/www.freidenker.org\/fw17\/wp-content\/uploads\/2016\/12\/korso-broschuere_v5.jpg?fit=800%2C445&ssl=1&resize=350%2C200","width":350,"height":200,"srcset":"https:\/\/i0.wp.com\/www.freidenker.org\/fw17\/wp-content\/uploads\/2016\/12\/korso-broschuere_v5.jpg?fit=800%2C445&ssl=1&resize=350%2C200 1x, https:\/\/i0.wp.com\/www.freidenker.org\/fw17\/wp-content\/uploads\/2016\/12\/korso-broschuere_v5.jpg?fit=800%2C445&ssl=1&resize=525%2C300 1.5x, https:\/\/i0.wp.com\/www.freidenker.org\/fw17\/wp-content\/uploads\/2016\/12\/korso-broschuere_v5.jpg?fit=800%2C445&ssl=1&resize=700%2C400 2x"},"classes":[]}],"_links":{"self":[{"href":"https:\/\/www.freidenker.org\/index.php?rest_route=\/wp\/v2\/posts\/9822","targetHints":{"allow":["GET"]}}],"collection":[{"href":"https:\/\/www.freidenker.org\/index.php?rest_route=\/wp\/v2\/posts"}],"about":[{"href":"https:\/\/www.freidenker.org\/index.php?rest_route=\/wp\/v2\/types\/post"}],"author":[{"embeddable":true,"href":"https:\/\/www.freidenker.org\/index.php?rest_route=\/wp\/v2\/users\/3"}],"replies":[{"embeddable":true,"href":"https:\/\/www.freidenker.org\/index.php?rest_route=%2Fwp%2Fv2%2Fcomments&post=9822"}],"version-history":[{"count":0,"href":"https:\/\/www.freidenker.org\/index.php?rest_route=\/wp\/v2\/posts\/9822\/revisions"}],"wp:featuredmedia":[{"embeddable":true,"href":"https:\/\/www.freidenker.org\/index.php?rest_route=\/wp\/v2\/media\/9832"}],"wp:attachment":[{"href":"https:\/\/www.freidenker.org\/index.php?rest_route=%2Fwp%2Fv2%2Fmedia&parent=9822"}],"wp:term":[{"taxonomy":"category","embeddable":true,"href":"https:\/\/www.freidenker.org\/index.php?rest_route=%2Fwp%2Fv2%2Fcategories&post=9822"},{"taxonomy":"post_tag","embeddable":true,"href":"https:\/\/www.freidenker.org\/index.php?rest_route=%2Fwp%2Fv2%2Ftags&post=9822"}],"curies":[{"name":"wp","href":"https:\/\/api.w.org\/{rel}","templated":true}]}}