{"id":9746,"date":"2021-03-28T14:28:46","date_gmt":"2021-03-28T12:28:46","guid":{"rendered":"https:\/\/www.freidenker.org\/?p=9746"},"modified":"2021-04-27T02:10:12","modified_gmt":"2021-04-27T00:10:12","slug":"krisengebiet-ostukraine-donbass-braucht-unsere-solidaritaet","status":"publish","type":"post","link":"https:\/\/www.freidenker.org\/?p=9746","title":{"rendered":"Krisengebiet Ostukraine &#8211; Donbass braucht unsere Solidarit\u00e4t"},"content":{"rendered":"<p>Das <a href=\"http:\/\/www.zukunftdonbass.org\/\" target=\"_blank\" rel=\"noopener\">Aktionsb\u00fcndnis ZukunftDonbass e.V.<\/a> aus Th\u00fcringen engagiert sich seit 2016 f\u00fcr den Wiederaufbau der medizinischen Infrastruktur von Krankenh\u00e4usern in der Volksrepublik Lugansk.<\/p>\n<p>Seit Beginn seiner T\u00e4tigkeit hat der Verein mit Unterst\u00fctzung von vielen Menschen aus ganz Deutschland Medizinspenden in insgesamt 27 LKWs in die Ostukraine gebracht. Jetzt wird der 28. Hilfstransport vorbereitet.<\/p>\n<p>Das Aktionsb\u00fcndnis hat beim Deutschen Freidenker-Verband angefragt, ob wir die Spendenaktion f\u00fcr die Menschen im Donbass unterst\u00fctzen k\u00f6nnen, indem wir den Spendenaufruf ver\u00f6ffentlichen und somit weiterverbreiten.<\/p>\n<p>Dieser Bitte kommen wir gern nach und rufen unsere Mitglieder, Abonnenten und Sympathisanten auf, die Aktion zu unterst\u00fctzen.<\/p>\n<hr \/>\n<h4>\u00a0<img data-recalc-dims=\"1\" loading=\"lazy\" decoding=\"async\" data-attachment-id=\"9751\" data-permalink=\"https:\/\/www.freidenker.org\/?attachment_id=9751\" data-orig-file=\"https:\/\/i0.wp.com\/www.freidenker.org\/fw17\/wp-content\/uploads\/2021\/03\/donbass_12888460.jpeg?fit=641%2C369&amp;ssl=1\" data-orig-size=\"641,369\" data-comments-opened=\"0\" data-image-meta=\"{&quot;aperture&quot;:&quot;0&quot;,&quot;credit&quot;:&quot;&quot;,&quot;camera&quot;:&quot;&quot;,&quot;caption&quot;:&quot;&quot;,&quot;created_timestamp&quot;:&quot;0&quot;,&quot;copyright&quot;:&quot;&quot;,&quot;focal_length&quot;:&quot;0&quot;,&quot;iso&quot;:&quot;0&quot;,&quot;shutter_speed&quot;:&quot;0&quot;,&quot;title&quot;:&quot;&quot;,&quot;orientation&quot;:&quot;0&quot;}\" data-image-title=\"donbass_12888460\" data-image-description=\"\" data-image-caption=\"\" data-large-file=\"https:\/\/i0.wp.com\/www.freidenker.org\/fw17\/wp-content\/uploads\/2021\/03\/donbass_12888460.jpeg?fit=641%2C369&amp;ssl=1\" class=\"alignnone wp-image-9751 size-full\" src=\"https:\/\/i0.wp.com\/www.freidenker.org\/fw17\/wp-content\/uploads\/2021\/03\/donbass_12888460.jpeg?resize=641%2C369&#038;ssl=1\" alt=\"\" width=\"641\" height=\"369\" srcset=\"https:\/\/i0.wp.com\/www.freidenker.org\/fw17\/wp-content\/uploads\/2021\/03\/donbass_12888460.jpeg?w=641&amp;ssl=1 641w, https:\/\/i0.wp.com\/www.freidenker.org\/fw17\/wp-content\/uploads\/2021\/03\/donbass_12888460.jpeg?resize=300%2C173&amp;ssl=1 300w\" sizes=\"auto, (max-width: 641px) 100vw, 641px\" \/><\/h4>\n<h4><strong>Spenden und Sammelaktion f\u00fcr die Krankenh\u00e4user der Lugansker Volksrepublik<\/strong>\/ LNR\/ Ostukraine<\/h4>\n<p>Liebe Freunde,<\/p>\n<p>die Bewohner des Donbass\/ Ostukraine brauchen unsere Solidarit\u00e4t. Wir von AK ZukunftDonbass e.V. bereiten unseren <strong>28. Hilfstransport <\/strong>f\u00fcr die medizinischen Einrichtungen der LNR vor.<\/p>\n<p>Die gegenw\u00e4rtige Situation im Donbass ist sehr kritisch, sie steht auf der Kippe! Man spricht wieder von <strong>KRIEG<\/strong>. Seit Anfang Februar ist ein deutlicher Anstieg der Kampfhandlungen zu verzeichnen. <strong>Die OSCE SMM verzeichnete 2048 Verletzungen des Waffenstillstandes in der Zeit vom 08.02. \u2013 21.02.21 <\/strong>(im zweiw\u00f6chigen Zeitraum davor waren es 16791). Gleichzeitig werden in einzelnen Abschnitten der Demarkationslinie die ukrainischen Streitkr\u00e4fte verst\u00e4rkt und neu positioniert vor allem in den Regionen \u2013 Donezk, Gorlowka und n\u00f6rdlich von Lugansk \u2013 d.h. dort wo die Distanz zur Grenze der Russischen F\u00f6deration sehr gering ist.<\/p>\n<p>Das ukrainische Parlament bereitet au\u00dferdem ein neues Einberufungsgesetz vor und der Pr\u00e4sident des Europarates Charles Michel, der die Ukraine besuchte (02.-03.03.21) \u00e4u\u00dferte sich wie folgt: <em>\u201eThe full implementation of the Minsk agreements is essential.[&#8230;] We expect Russia to reciprocate Ukraine\u2019s constructive spirit. Russia is not a mediator. It\u2019s a party to this conflict. Any country must be free to choose its own course without foreign interference. Ukraine has freely chosen its own Euro-Atlantic course.\u201c<\/em> * In welchen Dimensionen der konstruktive Geist der Ukraine gerade \u201eunterwegs\u201c ist, ist wirklich eine spannende Frage. Russland als Konfliktpartei zu bezeichnen ist sehr fragw\u00fcrdig bzw. einseitig, denn dann m\u00fcsste man auch andere \u201ebeteiligte\u201c Konfliktparteien benennen.<\/p>\n<p><strong>Die Lage ist wirklich heikel \u2013 und f\u00fcr die Menschen im Donbass h\u00f6chst prek\u00e4r. Wir wollen und werden helfen!<\/strong><\/p>\n<p>Am <strong>24.02.21 <\/strong>konnten wir Schweikershain 20 Pflegebetten und Beistelltischchen abholen. In Erfurt steht bereits eine Teilspende der Uniklinik Jena und in Ruhla sind wieder med. Verbrauchsmaterialien aus dem niederl\u00e4ndischen UMC Radboud eingetroffen. Materialien welche die Krankenschwestern der dortigen Kinderstation sammeln. Au\u00dferdem werden wir einen Inkubator (Fr\u00fchchenkasten) und 1-2 Kompressoren f\u00fcr die Sauerstoffversorgung der neuen Patientenzimmer im Eisenbahner KH Lugansk mitschicken. Ebenso wollen wir ein Covid \u2013 19 Sendung zusammenstellen, d.h. PCR Tests, Masken u.a. Und! unsere lieben Freunde von den Deutsch \u2013 Russischen Seelen bringen am kommenden Samstag einen Kleinbus mit Spenden f\u00fcr Haushalte \u2013 E Herd, K\u00fchlschrank, Mobiliar, Kinderspielzeug und vieles mehr.<\/p>\n<p>Link zum Videointerview mit DrushbaFM:\u00a0<a href=\"https:\/\/www.youtube.com\/watch?v=hFhDVEO97z8\" target=\"_blank\" rel=\"noopener\">https:\/\/www.youtube.com\/watch?v=hFhDVEO97z8<\/a><\/p>\n<p><strong>Spendet f\u00fcr den 28.en LKW und die Beschaffung von medizinischen Ger\u00e4ten!<\/strong><\/p>\n<p><strong>Wir sammeln auch wieder Kleiderspenden, Hygieneartikel (Duschbad, Seife, Waschmittel etc.) Haushaltgegenst\u00e4nde in sauberem, gut erhaltenem und funktionsf\u00e4higem Zustand.<\/strong><\/p>\n<p><strong>Kontakt: Iwana Steinigk<br \/>\n<\/strong>per Mail: <a href=\"mailto:steinigki@zukunftdonbass.org\">steinigki@zukunftdonbass.org<\/a><\/p>\n<p><a href=\"http:\/\/www.zukunftdonbass.org\">www.zukunftdonbass.org<\/a><br \/>\nfacebook <a href=\"https:\/\/www.facebook.com\/aktiondonbass\/\" target=\"_blank\" rel=\"noopener\">#aktiondonbass<\/a><\/p>\n<p><img data-recalc-dims=\"1\" loading=\"lazy\" decoding=\"async\" data-attachment-id=\"9752\" data-permalink=\"https:\/\/www.freidenker.org\/?attachment_id=9752\" data-orig-file=\"https:\/\/i0.wp.com\/www.freidenker.org\/fw17\/wp-content\/uploads\/2021\/03\/donbass_12888461.jpg?fit=641%2C369&amp;ssl=1\" data-orig-size=\"641,369\" data-comments-opened=\"0\" data-image-meta=\"{&quot;aperture&quot;:&quot;0&quot;,&quot;credit&quot;:&quot;&quot;,&quot;camera&quot;:&quot;&quot;,&quot;caption&quot;:&quot;&quot;,&quot;created_timestamp&quot;:&quot;0&quot;,&quot;copyright&quot;:&quot;&quot;,&quot;focal_length&quot;:&quot;0&quot;,&quot;iso&quot;:&quot;0&quot;,&quot;shutter_speed&quot;:&quot;0&quot;,&quot;title&quot;:&quot;&quot;,&quot;orientation&quot;:&quot;0&quot;}\" data-image-title=\"donbass_12888461\" data-image-description=\"\" data-image-caption=\"\" data-large-file=\"https:\/\/i0.wp.com\/www.freidenker.org\/fw17\/wp-content\/uploads\/2021\/03\/donbass_12888461.jpg?fit=641%2C369&amp;ssl=1\" class=\"alignnone wp-image-9752 size-full\" src=\"https:\/\/i0.wp.com\/www.freidenker.org\/fw17\/wp-content\/uploads\/2021\/03\/donbass_12888461.jpg?resize=641%2C369&#038;ssl=1\" alt=\"\" width=\"641\" height=\"369\" srcset=\"https:\/\/i0.wp.com\/www.freidenker.org\/fw17\/wp-content\/uploads\/2021\/03\/donbass_12888461.jpg?w=641&amp;ssl=1 641w, https:\/\/i0.wp.com\/www.freidenker.org\/fw17\/wp-content\/uploads\/2021\/03\/donbass_12888461.jpg?resize=300%2C173&amp;ssl=1 300w\" sizes=\"auto, (max-width: 641px) 100vw, 641px\" \/><\/p>\n<hr \/>\n<p><strong>Die Spendenkonten findet ihr hier: <a href=\"http:\/\/www.zukunftdonbass.org\/spenden\/\" target=\"_blank\" rel=\"noopener\">http:\/\/www.zukunftdonbass.org\/spenden\/<\/a><\/strong><\/p>\n<hr \/>\n<h5>Downloads<\/h5>\n<p><img data-recalc-dims=\"1\" loading=\"lazy\" decoding=\"async\" data-attachment-id=\"1076\" data-permalink=\"https:\/\/www.freidenker.org\/?attachment_id=1076\" data-orig-file=\"https:\/\/i0.wp.com\/www.freidenker.org\/fw17\/wp-content\/uploads\/2017\/10\/pdf_icon-2.png?fit=32%2C32&amp;ssl=1\" data-orig-size=\"32,32\" data-comments-opened=\"0\" data-image-meta=\"{&quot;aperture&quot;:&quot;0&quot;,&quot;credit&quot;:&quot;&quot;,&quot;camera&quot;:&quot;&quot;,&quot;caption&quot;:&quot;&quot;,&quot;created_timestamp&quot;:&quot;0&quot;,&quot;copyright&quot;:&quot;&quot;,&quot;focal_length&quot;:&quot;0&quot;,&quot;iso&quot;:&quot;0&quot;,&quot;shutter_speed&quot;:&quot;0&quot;,&quot;title&quot;:&quot;&quot;,&quot;orientation&quot;:&quot;0&quot;}\" data-image-title=\"pdf_icon\" data-image-description=\"\" data-image-caption=\"\" data-large-file=\"https:\/\/i0.wp.com\/www.freidenker.org\/fw17\/wp-content\/uploads\/2017\/10\/pdf_icon-2.png?fit=32%2C32&amp;ssl=1\" class=\"alignnone size-full wp-image-1076\" src=\"https:\/\/i0.wp.com\/www.freidenker.org\/fw17\/wp-content\/uploads\/2017\/10\/pdf_icon-2.png?resize=32%2C32&#038;ssl=1\" alt=\"\" width=\"32\" height=\"32\" \/> Den <a href=\"https:\/\/www.freidenker.org\/fw17\/wp-content\/uploads\/2021\/03\/2021_Spendenaufruf_ZukunftDonbass.pdf\" target=\"_blank\" rel=\"noopener\">Aufruf als PDF-Dokument<\/a> ansehen oder herunterladen (PDF-Dokument, ca. 425 KB)<\/p>\n<p><img data-recalc-dims=\"1\" loading=\"lazy\" decoding=\"async\" data-attachment-id=\"1076\" data-permalink=\"https:\/\/www.freidenker.org\/?attachment_id=1076\" data-orig-file=\"https:\/\/i0.wp.com\/www.freidenker.org\/fw17\/wp-content\/uploads\/2017\/10\/pdf_icon-2.png?fit=32%2C32&amp;ssl=1\" data-orig-size=\"32,32\" data-comments-opened=\"0\" data-image-meta=\"{&quot;aperture&quot;:&quot;0&quot;,&quot;credit&quot;:&quot;&quot;,&quot;camera&quot;:&quot;&quot;,&quot;caption&quot;:&quot;&quot;,&quot;created_timestamp&quot;:&quot;0&quot;,&quot;copyright&quot;:&quot;&quot;,&quot;focal_length&quot;:&quot;0&quot;,&quot;iso&quot;:&quot;0&quot;,&quot;shutter_speed&quot;:&quot;0&quot;,&quot;title&quot;:&quot;&quot;,&quot;orientation&quot;:&quot;0&quot;}\" data-image-title=\"pdf_icon\" data-image-description=\"\" data-image-caption=\"\" data-large-file=\"https:\/\/i0.wp.com\/www.freidenker.org\/fw17\/wp-content\/uploads\/2017\/10\/pdf_icon-2.png?fit=32%2C32&amp;ssl=1\" class=\"alignnone size-full wp-image-1076\" src=\"https:\/\/i0.wp.com\/www.freidenker.org\/fw17\/wp-content\/uploads\/2017\/10\/pdf_icon-2.png?resize=32%2C32&#038;ssl=1\" alt=\"\" width=\"32\" height=\"32\" \/> <a href=\"https:\/\/www.freidenker.org\/fw17\/wp-content\/uploads\/2021\/03\/Ukraine_AktuellePolitischeLage_032021.pdf\" target=\"_blank\" rel=\"noopener\">Aktuelle Einsch\u00e4tzung des Aktionsb\u00fcndnisses ZukunftDonbass zur Lage in der Ukraine:<\/a> <strong>&#8222;Warum die Regierung Selenskij gerade den Boden unter den F\u00fcssen verliert und als Ablenkungsman\u00f6ver die Kampfverb\u00e4nde an der Frontlinie im Osten der Ukraine mobilisiert&#8220;<\/strong> (PDF-Dokument, ca. 207 KB)<\/p>\n<hr \/>\n<p><span style=\"font-size: 10pt;\">Bilder: <a href=\"http:\/\/www.zukunftdonbass.org\" target=\"_blank\" rel=\"noopener\"><span class=\"diyfeDecoration\">AK ZukunftDonbass e.V.<\/span><\/a><\/span><\/p>\n<p>&nbsp;<\/p>\n<p>&nbsp;<\/p>\n","protected":false},"excerpt":{"rendered":"<p>Das <b>Aktionsb\u00fcndnis ZukunftDonbass e.V.<\/b> aus Th\u00fcringen engagiert sich seit 2016 f\u00fcr den Wiederaufbau der medizinischen Infrastruktur von Krankenh\u00e4usern in der Volksrepublik Lugansk. Seit Beginn seiner T\u00e4tigkeit hat der Verein mit Unterst\u00fctzung von vielen Menschen aus ganz Deutschland Medizinspenden in insgesamt 27 LKWs in die Ostukraine gebracht. Jetzt wird der 28. Hilfstransport vorbereitet.<br \/>\nDas Aktionsb\u00fcndnis hat beim Deutschen Freidenker-Verband angefragt, ob wir die Spendenaktion f\u00fcr die Menschen im Donbass unterst\u00fctzen k\u00f6nnen, indem wir den Spendenaufruf ver\u00f6ffentlichen und somit weiterverbreiten. Dieser Bitte kommen wir gern nach und rufen unsere Mitglieder, Abonnenten und Sympathisanten auf, die Aktion zu unterst\u00fctzen.<\/p>\n","protected":false},"author":3,"featured_media":9750,"comment_status":"closed","ping_status":"closed","sticky":false,"template":"","format":"standard","meta":{"colormag_page_container_layout":"default_layout","colormag_page_sidebar_layout":"default_layout","advanced_seo_description":"","jetpack_seo_html_title":"","jetpack_seo_noindex":false,"jetpack_post_was_ever_published":false,"footnotes":""},"categories":[13],"tags":[1121,344,1203,1111],"class_list":["post-9746","post","type-post","status-publish","format-standard","has-post-thumbnail","hentry","category-frieden-antifaschismus-solidaritaet","tag-donbass","tag-solidaritaet","tag-spendenaufruf","tag-ukraine"],"jetpack_featured_media_url":"https:\/\/i0.wp.com\/www.freidenker.org\/fw17\/wp-content\/uploads\/2021\/03\/donbass_12888459_800x450.jpg?fit=800%2C450&ssl=1","jetpack_shortlink":"https:\/\/wp.me\/p9stpK-2xc","jetpack-related-posts":[{"id":13671,"url":"https:\/\/www.freidenker.org\/?p=13671","url_meta":{"origin":9746,"position":0},"title":"60 Tonnen Hilfsg\u00fcter in Donezk eingetroffen, finanziert auch durch deutsche Spenden","author":"Webredaktion","date":"2. Juli 2022","format":false,"excerpt":"Ein Gespr\u00e4ch von Ulrich Heyden mit Liane Kilinc Liane Kilinc aus Wandlitz organisiert seit acht Jahren humanit\u00e4re Hilfe f\u00fcr die Menschen in der international nicht anerkannten \u201eVolksrepublik\u201c Donezk. In diesen Tagen ist die Aktivistin in Moskau, wo sie den 40. Hilfstransport \u2013 drei Lastwagen mit jeweils 20 Tonnen Hilfsg\u00fctern \u2013\u2026","rel":"","context":"In &quot;Frieden - Antifaschismus - Solidarit\u00e4t&quot;","block_context":{"text":"Frieden - Antifaschismus - Solidarit\u00e4t","link":"https:\/\/www.freidenker.org\/?cat=13"},"img":{"alt_text":"","src":"https:\/\/i0.wp.com\/www.freidenker.org\/fw17\/wp-content\/uploads\/2022\/07\/Liane-Kilinc_Foto-Ulrich-Heyden-800x450-1.jpg?fit=800%2C450&ssl=1&resize=350%2C200","width":350,"height":200,"srcset":"https:\/\/i0.wp.com\/www.freidenker.org\/fw17\/wp-content\/uploads\/2022\/07\/Liane-Kilinc_Foto-Ulrich-Heyden-800x450-1.jpg?fit=800%2C450&ssl=1&resize=350%2C200 1x, https:\/\/i0.wp.com\/www.freidenker.org\/fw17\/wp-content\/uploads\/2022\/07\/Liane-Kilinc_Foto-Ulrich-Heyden-800x450-1.jpg?fit=800%2C450&ssl=1&resize=525%2C300 1.5x, https:\/\/i0.wp.com\/www.freidenker.org\/fw17\/wp-content\/uploads\/2022\/07\/Liane-Kilinc_Foto-Ulrich-Heyden-800x450-1.jpg?fit=800%2C450&ssl=1&resize=700%2C400 2x"},"classes":[]},{"id":6144,"url":"https:\/\/www.freidenker.org\/?p=6144","url_meta":{"origin":9746,"position":1},"title":"Kundgebung: Stopp dem Krieg im Donbass!","author":"Webredaktion","date":"3. April 2019","format":false,"excerpt":"Stopp dem Krieg im Donbass! Protest- und Mahnkundgebung am 14. April 2019 von 13:00 bis 14:00 Uhr Berlin Vor genau f\u00fcnf Jahren, am 14. April 2014, hat das durch einen Staatsstreich mit Unterst\u00fctzung der NATO und der EU an die Macht gekommene, von Faschisten gest\u00fctzte ukrainische Regime einen Krieg gegen\u2026","rel":"","context":"In &quot;Frieden - Antifaschismus - Solidarit\u00e4t&quot;","block_context":{"text":"Frieden - Antifaschismus - Solidarit\u00e4t","link":"https:\/\/www.freidenker.org\/?cat=13"},"img":{"alt_text":"","src":"https:\/\/i0.wp.com\/www.freidenker.org\/fw17\/wp-content\/uploads\/2019\/04\/Lysychansk_16.jpg?fit=800%2C445&ssl=1&resize=350%2C200","width":350,"height":200,"srcset":"https:\/\/i0.wp.com\/www.freidenker.org\/fw17\/wp-content\/uploads\/2019\/04\/Lysychansk_16.jpg?fit=800%2C445&ssl=1&resize=350%2C200 1x, https:\/\/i0.wp.com\/www.freidenker.org\/fw17\/wp-content\/uploads\/2019\/04\/Lysychansk_16.jpg?fit=800%2C445&ssl=1&resize=525%2C300 1.5x, https:\/\/i0.wp.com\/www.freidenker.org\/fw17\/wp-content\/uploads\/2019\/04\/Lysychansk_16.jpg?fit=800%2C445&ssl=1&resize=700%2C400 2x"},"classes":[]},{"id":5378,"url":"https:\/\/www.freidenker.org\/?p=5378","url_meta":{"origin":9746,"position":2},"title":"Wir trauern um Alexander Sachartschenko","author":"Webredaktion","date":"1. September 2018","format":false,"excerpt":"Alexander Sachartschenko wurde am 31.08.2018 Opfer eines terroristischen Attentats im Stadtzentrum von Donezk. Er war F\u00fchrer des antifaschistischen Widerstands im Donbass gegen die Kiewer Junta, die in einem Staatsstreich 2014 mit westlicher Unterst\u00fctzung in der Ukraine die Macht ergriff. Er organisierte die Verteidigung gegen die faschistischen Bataillone, die ihren m\u00f6rderischen\u2026","rel":"","context":"In &quot;Frieden - Antifaschismus - Solidarit\u00e4t&quot;","block_context":{"text":"Frieden - Antifaschismus - Solidarit\u00e4t","link":"https:\/\/www.freidenker.org\/?cat=13"},"img":{"alt_text":"","src":"https:\/\/i0.wp.com\/www.freidenker.org\/fw17\/wp-content\/uploads\/2018\/09\/Sachartschenko_800x445.jpg?fit=800%2C445&ssl=1&resize=350%2C200","width":350,"height":200,"srcset":"https:\/\/i0.wp.com\/www.freidenker.org\/fw17\/wp-content\/uploads\/2018\/09\/Sachartschenko_800x445.jpg?fit=800%2C445&ssl=1&resize=350%2C200 1x, https:\/\/i0.wp.com\/www.freidenker.org\/fw17\/wp-content\/uploads\/2018\/09\/Sachartschenko_800x445.jpg?fit=800%2C445&ssl=1&resize=525%2C300 1.5x, https:\/\/i0.wp.com\/www.freidenker.org\/fw17\/wp-content\/uploads\/2018\/09\/Sachartschenko_800x445.jpg?fit=800%2C445&ssl=1&resize=700%2C400 2x"},"classes":[]},{"id":6261,"url":"https:\/\/www.freidenker.org\/?p=6261","url_meta":{"origin":9746,"position":3},"title":"Video: Kundgebung &#8222;Stoppt den Krieg gegen den Donbass!&#8220;","author":"Webredaktion","date":"24. April 2019","format":false,"excerpt":"Video von der Protest- und Mahnkundgebung \"Stoppt den Krieg gegen den Donbass!\" am 14. April 2019 in Berlin Gegen den nach wie vor stattfindenden, aber schon fast vergessenen Krieg der ukrainischen Regierung gegen die Volksrepubliken im Donbass fand Mitte April 2019 in Berlin diese Protestkundgebung statt. Sie richtete sich besonders\u2026","rel":"","context":"In &quot;Frieden - Antifaschismus - Solidarit\u00e4t&quot;","block_context":{"text":"Frieden - Antifaschismus - Solidarit\u00e4t","link":"https:\/\/www.freidenker.org\/?cat=13"},"img":{"alt_text":"","src":"https:\/\/i0.wp.com\/www.freidenker.org\/fw17\/wp-content\/uploads\/2019\/04\/Kundgebung_Donbass_2019_800x445.jpg?fit=800%2C445&ssl=1&resize=350%2C200","width":350,"height":200,"srcset":"https:\/\/i0.wp.com\/www.freidenker.org\/fw17\/wp-content\/uploads\/2019\/04\/Kundgebung_Donbass_2019_800x445.jpg?fit=800%2C445&ssl=1&resize=350%2C200 1x, https:\/\/i0.wp.com\/www.freidenker.org\/fw17\/wp-content\/uploads\/2019\/04\/Kundgebung_Donbass_2019_800x445.jpg?fit=800%2C445&ssl=1&resize=525%2C300 1.5x, https:\/\/i0.wp.com\/www.freidenker.org\/fw17\/wp-content\/uploads\/2019\/04\/Kundgebung_Donbass_2019_800x445.jpg?fit=800%2C445&ssl=1&resize=700%2C400 2x"},"classes":[]},{"id":12595,"url":"https:\/\/www.freidenker.org\/?p=12595","url_meta":{"origin":9746,"position":4},"title":"Freidenker zu den Osterm\u00e4rschen 2022","author":"Webredaktion","date":"10. April 2022","format":false,"excerpt":"Anl\u00e4sslich der bevorstehenden Osterm\u00e4rsche hat der Deutsche Freidenker-Verband ein Faltblatt herausgegeben. Wir ver\u00f6ffentlichen hier den einleitenden Text und bieten das gesamte Faltblatt zum Download an. Ukraine: Nein zu Faschismus und Krieg Wann begann der Krieg in der Ukraine? Von \u201eQualit\u00e4tsmedien\u201c und NATO-Politikern, selbst aus der Friedensbewegung h\u00f6ren wir von einem\u2026","rel":"","context":"In &quot;Frieden - Antifaschismus - Solidarit\u00e4t&quot;","block_context":{"text":"Frieden - Antifaschismus - Solidarit\u00e4t","link":"https:\/\/www.freidenker.org\/?cat=13"},"img":{"alt_text":"","src":"https:\/\/i0.wp.com\/www.freidenker.org\/fw17\/wp-content\/uploads\/2022\/04\/Faltblatt_grafik_800x450.jpg?fit=800%2C450&ssl=1&resize=350%2C200","width":350,"height":200,"srcset":"https:\/\/i0.wp.com\/www.freidenker.org\/fw17\/wp-content\/uploads\/2022\/04\/Faltblatt_grafik_800x450.jpg?fit=800%2C450&ssl=1&resize=350%2C200 1x, https:\/\/i0.wp.com\/www.freidenker.org\/fw17\/wp-content\/uploads\/2022\/04\/Faltblatt_grafik_800x450.jpg?fit=800%2C450&ssl=1&resize=525%2C300 1.5x, https:\/\/i0.wp.com\/www.freidenker.org\/fw17\/wp-content\/uploads\/2022\/04\/Faltblatt_grafik_800x450.jpg?fit=800%2C450&ssl=1&resize=700%2C400 2x"},"classes":[]},{"id":12367,"url":"https:\/\/www.freidenker.org\/?p=12367","url_meta":{"origin":9746,"position":5},"title":"Erkl\u00e4rung der GRH","author":"Webredaktion","date":"4. M\u00e4rz 2022","format":false,"excerpt":"Erkl\u00e4rung der GRH - Gesellschaft zur Rechtlichen und Humanit\u00e4ren Unterst\u00fctzung e.V. Seit dem 24.2. 2022 herrscht in der Ukraine Krieg. Der russische Pr\u00e4sident Putin hatte den Befehl zu einer Milit\u00e4roperation gegeben. Unmittelbarer Anlass f\u00fcr diese Entscheidung war eine Zuspitzung der Situation um die beiden Republiken des Donbass Donezk und Lugansk.\u2026","rel":"","context":"In &quot;Frieden - Antifaschismus - Solidarit\u00e4t&quot;","block_context":{"text":"Frieden - Antifaschismus - Solidarit\u00e4t","link":"https:\/\/www.freidenker.org\/?cat=13"},"img":{"alt_text":"","src":"https:\/\/i0.wp.com\/www.freidenker.org\/fw17\/wp-content\/uploads\/2022\/03\/grh-erklaerung_800x450.jpg?fit=800%2C450&ssl=1&resize=350%2C200","width":350,"height":200,"srcset":"https:\/\/i0.wp.com\/www.freidenker.org\/fw17\/wp-content\/uploads\/2022\/03\/grh-erklaerung_800x450.jpg?fit=800%2C450&ssl=1&resize=350%2C200 1x, https:\/\/i0.wp.com\/www.freidenker.org\/fw17\/wp-content\/uploads\/2022\/03\/grh-erklaerung_800x450.jpg?fit=800%2C450&ssl=1&resize=525%2C300 1.5x, https:\/\/i0.wp.com\/www.freidenker.org\/fw17\/wp-content\/uploads\/2022\/03\/grh-erklaerung_800x450.jpg?fit=800%2C450&ssl=1&resize=700%2C400 2x"},"classes":[]}],"_links":{"self":[{"href":"https:\/\/www.freidenker.org\/index.php?rest_route=\/wp\/v2\/posts\/9746","targetHints":{"allow":["GET"]}}],"collection":[{"href":"https:\/\/www.freidenker.org\/index.php?rest_route=\/wp\/v2\/posts"}],"about":[{"href":"https:\/\/www.freidenker.org\/index.php?rest_route=\/wp\/v2\/types\/post"}],"author":[{"embeddable":true,"href":"https:\/\/www.freidenker.org\/index.php?rest_route=\/wp\/v2\/users\/3"}],"replies":[{"embeddable":true,"href":"https:\/\/www.freidenker.org\/index.php?rest_route=%2Fwp%2Fv2%2Fcomments&post=9746"}],"version-history":[{"count":0,"href":"https:\/\/www.freidenker.org\/index.php?rest_route=\/wp\/v2\/posts\/9746\/revisions"}],"wp:featuredmedia":[{"embeddable":true,"href":"https:\/\/www.freidenker.org\/index.php?rest_route=\/wp\/v2\/media\/9750"}],"wp:attachment":[{"href":"https:\/\/www.freidenker.org\/index.php?rest_route=%2Fwp%2Fv2%2Fmedia&parent=9746"}],"wp:term":[{"taxonomy":"category","embeddable":true,"href":"https:\/\/www.freidenker.org\/index.php?rest_route=%2Fwp%2Fv2%2Fcategories&post=9746"},{"taxonomy":"post_tag","embeddable":true,"href":"https:\/\/www.freidenker.org\/index.php?rest_route=%2Fwp%2Fv2%2Ftags&post=9746"}],"curies":[{"name":"wp","href":"https:\/\/api.w.org\/{rel}","templated":true}]}}