{"id":9715,"date":"2021-03-24T23:59:22","date_gmt":"2021-03-24T22:59:22","guid":{"rendered":"https:\/\/www.freidenker.org\/?p=9715"},"modified":"2021-04-27T02:09:56","modified_gmt":"2021-04-27T00:09:56","slug":"biden-ins-offene-messer-laufen-lassen","status":"publish","type":"post","link":"https:\/\/www.freidenker.org\/?p=9715","title":{"rendered":"\u201eBiden ins offene Messer laufen lassen\u201c"},"content":{"rendered":"<h5>Der US-Pr\u00e4sident macht den Flegel, unbekannte Hinterleute missbrauchen seine Senilit\u00e4t, und die Tagesschau beschweigt das Ganze<\/h5>\n<p><em>Von <strong>Friedhelm Klinkhammer<\/strong> und <strong>Volker Br\u00e4utigam<\/strong><\/em><\/p>\n<p><strong>Ist US-Pr\u00e4sident Joseph Biden bereits dement? Nicht erst, seit der 78-j\u00e4hrige \u2013 Spitzname: \u201eSleepy Joe\u201c (schl\u00e4friger Joe) \u2013 in einem Fernseh-Interview des US-Senders abc best\u00e4tigte, er halte Russlands Pr\u00e4sidenten Putin f\u00fcr einen seelenlosen M\u00f6rder <\/strong>(1, 2), <strong>meinen mehr als die H\u00e4lfte der US-B\u00fcrger <\/strong>(3) <strong>und alle gro\u00dfen Tageszeitungen in den USA <\/strong>(4, 5),<strong> ihr Staatsoberhaupt sei m\u00f6glicherweise amtsunf\u00e4hig. Eilmeldungen \u00fcber seine abgeschmackten Spr\u00fcche und seine Drohung, Putin werde \u201eden Preis zahlen\u201c m\u00fcssen, rauschten rund um den Globus. Nur die transatlantisch abgerichtete ARD-aktuell-Redaktion hielt an diesem 17. M\u00e4rz mit dem Biden-Kracher stundenlang hinterm Berg. <\/strong>(6)<strong> In der Hauptausgabe der Tagesschau um 20 Uhr kam kein Wort davon vor.<\/strong> <strong>Blindheit geh\u00f6rt halt zu den deutlichsten Symptomen, die der AgitProp-Virus bei infizierten Qualit\u00e4tsjournalisten hervorruft.<\/strong><\/p>\n<p>Erst um 22.35 Uhr in den Tagesthemen (7) und sp\u00e4ter im Nachtmagazin brachte die Redaktion die Geschichte auf den TV-Schirm \u2013 unter \u201eferner liefen\u201c. Lediglich auf tagesschau.de. war sie etwas fr\u00fcher zu lesen, um 19.51 Uhr, in einem reichlich tendenzi\u00f6sen Artikel. (8) Die zwingende Frage nach dem Geisteszustand des US-Pr\u00e4sidenten wurde in den ARD-aktuell-Angeboten nicht aufgeworfen.<\/p>\n<p>Als ob fast nix gewesen w\u00e4re, kam das hochbrisante Biden-Interview zudem erst im Schlussdrittel der Tagesthemen-Sendung an die Reihe. Die Meldung dauerte gerade mal 29 Sekunden, war eher als Nebens\u00e4chlichkeit formuliert und setzte einen negativen Akzent auf Moskau, nicht auf Washington:<\/p>\n<p style=\"padding-left: 40px;\"><em>Die Beziehungen zwischen den USA und Russland sind zunehmend angespannt. Gestern rief der Kreml seinen Botschafter nach Moskau zur\u00fcck. Es solle gekl\u00e4rt werden, wie eine irreversible Verschlechterung der Beziehungen verhindert werden k\u00f6nne. Hintergrund sind unter anderem Vorw\u00fcrfe, Russland habe sich in die US-Wahl im vergangenen Jahr eingemischt. Auch hatte US-Pr\u00e4sident Biden den russischen Pr\u00e4sidenten Putin in einem Interview als M\u00f6rder bezeichnet. <\/em>(Anm. 7)<\/p>\n<p><em>Ach ja, \u00e4h, hrm, \u00fcbrigens \u201ehatte Biden den Putin als M\u00f6rder bezeichnet \u2026\u201c Ist eine Redaktion, die eine Weltnachricht derma\u00dfen unterbelichtet und sachwidrig interpretiert, noch ganz bei Trost? <\/em><\/p>\n<p><em>Auf der Internet-Seite tagesschau.de zeigte sie umstandslos anklagend gleich auf Putin: \u201eEr wird den Preis bezahlen.\u201c (Anm. 8) <\/em>Eingebettet in den Text ist ein 2 Minuten und 17 Sekunden langes Schaltgespr\u00e4ch des Tagesthemen-Moderators Ingo Zamperoni mit dem Washington-Korrespondenten Jan Koch. Atlantik-Br\u00fccken-Zamperonis verklemmte, intellektuell klapperd\u00fcrre Gespr\u00e4chser\u00f6ffnung definiert das Gesamtniveau:<\/p>\n<p style=\"padding-left: 40px;\"><em>\u201eIst dieser Ausdruck, den wir da eben geh\u00f6rt haben, Ausdruck einer neuen h\u00e4rteren Gangart gegen\u00fcber Russland?\u201c <\/em><\/p>\n<p>Und der Echogeber in Washington antwortet entsprechend brav:<\/p>\n<p style=\"padding-left: 40px;\"><em>\u201eAlso man kann schon sagen, dass es eine neue Qualit\u00e4t hat, die Joe Biden da \u00e4 \u00e4\u00a0 <\/em>\u00a0vorlegte \u2026<\/p>\n<p>Auf weitere belanglose Zitate aus der Schwafelei verzichten wir hier und legen lieber diese Platte auf:<\/p>\n<p style=\"padding-left: 40px;\"><em>\u201e<\/em><em>Wir sind Deutschlands Nachrichtenmarke Nr. 1, und Sie haben einen Anspruch darauf, auf jedem Ausspielweg das beste Nachrichtenprodukt zu bekommen.\u201c\u00a0(9)<\/em><\/p>\n<p>Das behauptet die Chefredaktion der ARD-aktuell bis heute unverdrossen. Der gesetzliche Auftrag der ARD-aktuell lautet, \u201eFaktor und Medium des Prozesses freier, individueller und \u00f6ffentlicher Meinungsbildung\u201c zu sein. (10) Die Redaktion ist verpflichtet zur Objektivit\u00e4t, zur Vollst\u00e4ndigkeit, zur F\u00f6rderung des Friedens, zur Trennung von Nachricht und Meinung, zur Unparteilichkeit, zur Wahrung \u201eanerkannter journalistischer Grunds\u00e4tze\u201c. (11) Die hehren Kerns\u00e4tze des Rundfunkstaatsvertrages und die daraus hergeleitete arrogante Selbstdarstellung der ARD-aktuell-Chefs kontrastieren allerdings mit der Produktqualit\u00e4t von Tagesschau, Tagesthemen etc. wie das Schokoladen-Souffl\u00e9 mit dem Scheuerlappen.<\/p>\n<h5>Benehmen wie die Axt im Walde<\/h5>\n<p>Der 17. M\u00e4rz 2021 wird als der Tag in die Geschichte eingehen, an dem zum ersten Mal ein US-amerikanischer Pr\u00e4sident das Staatsoberhaupt der Russischen F\u00f6deration vor den Augen und Ohren der Welt einen seelenlosen M\u00f6rder nannte \u2013 und als das Datum eines weiteren Kardinalfehlers, den die Nachrichtenzentrale des Ersten Deutschen Fernsehens beging, weil ihre Redakteure nicht wie seri\u00f6se und selbst\u00e4ndig denkende Journalisten handelten, sondern wie beflissene Auftragsschreiber.<\/p>\n<p>Ihre Tagesschau-Hauptausgabe enthielt das gewohnte \u00dcberangebot an Aufgeregtheiten \u00fcber die deutsche Impfchaos-Truppe in Berlin, angereichert mit vielen unn\u00f6tigen O-T\u00f6nen, au\u00dferdem Reportagen \u00fcber die Wahlergebnisse in den Niederlanden, \u00fcber das Fl\u00fcchtlingsdrama an der Grenze zwischen Mexiko und den USA sowie \u00fcber Segelmeisterschaften im Pazifik (ohne Bilder!). Ansonsten Pillepalle. (12) Das Allerwichtigste, Bidens pomp\u00f6ser Fauxpas, fehlte.<\/p>\n<p>Die russische Regierung rief nach dem Biden-Klops ihren Botschafter aus Washington zur\u00fcck, um zu beraten, wie eine \u201eirreversible Verschlechterung der Beziehungen zu verhindern\u201c sei. Der R\u00fcckruf eines Botschafters zu Konsultationen im eigenen Land ist ein gravierendes diplomatisches Warnsignal, Anzeichen f\u00fcr eine erhebliche St\u00f6rung, eine gef\u00e4hrliche Eskalation. (13)\u00a0Die Tagesschau brachte dies Ereignis trotzdem nicht auf ihren Bildschirm.<\/p>\n<p>\u00dcblicherweise nehmen die Russen Propagandaattacken des Werte-Westens eher gelassen hin, gleichg\u00fcltig, ob sie aus US-amerikanischen, NATO-europ\u00e4ischen oder CDU-CSU-SPD-Gr\u00fcne-Giftspritzen kommen. Diesmal scheint allerdings auch f\u00fcr die Russen das Ma\u00df voll gewesen zu sein.<\/p>\n<p>An der unvertretbar d\u00fcrftigen Berichterstattung \u2013 man vergleiche sie mit dem ausgedehnten \u00dcberangebot an Propaganda f\u00fcr das kriminelle Gro\u00dfmaul Alexej Nawalny, den Nowitschok-\u00dcberlebensk\u00fcnstler \u2013 fiel besonders auf: Wichtige Informationen \u00fcber Bidens angeschlagene physische und geistige Gesundheit fehlten. Die Tagesschau erw\u00e4hnte weder seine desolate Verfassung, noch hinterfragte sie die x-mal aufgew\u00e4rmten Behauptungen der US-Geheimdienste \u00fcber russische \u201eWahl-Einmischung\u201c. Text auf tagesschau.de am 13. M\u00e4rz:<\/p>\n<p style=\"padding-left: 40px;\"><em>\u201eUS-Pr\u00e4sident Joe Biden hat Kremlchef Wladimir Putin Konsequenzen f\u00fcr die angebliche Einmischung in die US-Wahl im vergangenen November angedroht.\u201c\u00a0<\/em><\/p>\n<h5>Faule Geheimdienst-Eier<\/h5>\n<p>In keiner Phase der Berichterstattung versuchte ARD-aktuell, diesen Vorwurf zu hinterfragen, obwohl es f\u00fcr Antworten und vorliegende Gegenbeweise unendlich viel Platz zumindest auf tagesschau.de g\u00e4be. Ein professioneller Blick ins Internet bei Beachtung \u201ejournalistischer Grunds\u00e4tze\u201c (s. Anm. 11) h\u00e4tte gen\u00fcgt, um Bidens olle Kamelle von der \u201erussischen Einmischung in die US-Wahlen\u201c als dummdreiste Erfindung zu qualifizieren.<\/p>\n<p>Die gleichen nicht beweisbaren Vorw\u00fcrfe hatten die US-Demokraten bereits im Jahr 2016 erhoben, als ihre Kandidatin Hillary Clinton gegen den Republikaner Donald Trump verlor. Voriges Jahr hatte die Neuauflage der antirussischen Kampagne einen anderen Hintergrund: Damit sollten die f\u00fcr Biden sehr peinliche Ver\u00f6ffentlichungen (nicht nur im Internet und nicht nur aus russischen Quellen stammend!) \u00fcber sein und seines Sohnes Hunter korruptionsverd\u00e4chtiges Treiben in der Ukraine \u00fcbert\u00fcncht werden. (14, 15) Im Bericht des Direktors des Nationalen Geheimdienstes (ODNI), Avril Haines, hei\u00dft es allerdings gleich eingangs unmissverst\u00e4ndlich:<\/p>\n<p style=\"padding-left: 40px;\"><em>\u201e<\/em><em>Wir haben keine Anzeichen daf\u00fcr, dass ein ausl\u00e4ndischer Akteur versucht hat, einen technischen Aspekt des Abstimmungsprozesses bei den US-Wahlen 2020 zu \u00e4ndern, einschlie\u00dflich W\u00e4hlerregistrierung, Stimmabgabe, Stimmabgabe oder Berichterstattung \u00fcber Ergebnisse.\u201c<\/em> (16, \u00dcbersetzung d. Verf. S. dazu 17, 18 u. 19)<\/p>\n<p>Die auf Bestellung des Wei\u00dfen Hauses fabrizierten faulen Geheimdienst-Eier dienen zudem als Vorwand f\u00fcr aggressiv russlandfeindliche Politik; dass der Wertewesten zu so durchsichtigen L\u00fcgen greift, belegt seine Aggressivit\u00e4t und das Fehlen jeglicher Verst\u00e4ndigungsbereitschaft. Die Motive f\u00fcr seine B\u00f6sartigkeiten sind im Weltmachtanspruch der USA sichtbar. \u201eWir l\u00fcgen, wir betr\u00fcgen und wir stehlen\u201c br\u00fcstete sich der vormalige CIA-Chef und sp\u00e4tere Au\u00dfenminister Mike Pompeo. (20) Wie vieler solcher Dokumente bedarf es eigentlich noch, bis die Tagesschau ihr deutsches Publikum endlich von der aufgew\u00e4rmten Giftbr\u00fche \u201erussische Wahleinmischung\u201c verschont?<\/p>\n<p>ARD-aktuell spricht zwar von \u201eangeblicher\u201c Einmischung, aber dieser schw\u00e4chliche Versuch, die journalistische Jacke sauber zu halten, ist angesichts der Bezugnahme auf Geheimdienstinformationen gar zu d\u00fcnne. Dass Lug und Trug noch zum Harmlosesten auf der kriminellen Agenda der \u201eDienste\u201c z\u00e4hlen, d\u00fcrfte Allgemeinwissen sein.<\/p>\n<p style=\"padding-left: 40px;\"><em>\u201eWir sollten allen Informationen aus Verfassungsschutz\u00e4mtern prinzipiell den Glauben verweigern\u201c<\/em> (21),<\/p>\n<p>empfahl vor vielen Jahren Eckart Spoo, der langj\u00e4hrige Vorsitzende der Deutschen Journalisten-Union, Vorbild und absolute Ausnahmeerscheinung im deutschen Journalismus.\u00a0Soviel Anstand \/ Abstand wahrt ARD-aktuell leider nicht. Ihr ist jedes Mittel recht, sich an der regierungsoffiziellen Feindbildmalerei \u00fcber Russland und China zu beteiligen. (22)<\/p>\n<h5>Finger weg vom Roten Knopf<\/h5>\n<p>Die un\u00fcbersehbaren Anzeichen von k\u00f6rperlichem (23) und geistigem Verfall (24) des US-Pr\u00e4sidenten sind f\u00fcr Journalisten in aller Welt ein herausragendes Thema. Nur der Schlafwagen ARD-aktuell wahrte peinliches Stillschweigen dar\u00fcber. Die \u201eWashington Post\u201c:<\/p>\n<p style=\"padding-left: 40px;\"><em>\u201eEs ist nicht das erste Mal, dass Herr\u00a0Biden\u00a0die Namen von Kabinettsmitgliedern vergisst.\u00a0Im Dezember sprach er den Namen seines Personalvorschlages f\u00fcr das Gesundheitsministerium, Xavier Becerra, falsch aus.\u00a0Zu dieser Zeit\u00a0las er\u00a0\u2013 wie so ziemlich jedes Mal, wenn wir Mr.\u00a0Biden\u00a0\u00f6ffentlich sehen\u00a0\u2013 von einem Teleprompter vor.\u201c <\/em>(25, 26)<\/p>\n<p>Der US-amerikanischen \u00d6ffentlichkeit schwant nat\u00fcrlich l\u00e4ngst, warum ihr Staatsoberhaupt bis heute keine Pressekonferenz gegeben hat. Erst f\u00fcr den 25. M\u00e4rz, 65 Tage nach Amtsantritt, ist ein Gespr\u00e4ch mit Journalisten geplant. Es scheint, als wollten Bidens Hinterleute ihn vor der \u00d6ffentlichkeit verstecken.\u00a0(27) Bereits w\u00e4hrend des Wahlkampfes war der Mangel an Medienkontakten aufgefallen. (28)\u00a0Auf die Umfrage<\/p>\n<p style=\"padding-left: 40px;\"><em>\u201eWie sicher sind Sie, dass Joe Biden k\u00f6rperlich und geistig der Aufgabe gewachsen ist, Pr\u00e4sident der Vereinigten Staaten zu sein?\u201c<\/em> <em>\u00a0<\/em><\/p>\n<p>gab die H\u00e4lfte der Befragten an, \u201enicht zuversichtlich\u201c zu sein.\u00a0(29)<\/p>\n<p>33 demokratische Kongressabgeordnete, an ihrer Spitze Jimmy Panetta, Sohn des einstmaligen US-Verteidigungsministers Leon Panetta, forderten bereits, Biden solle den Finger vom Roten Knopf nehmen. Sie rieten nachdr\u00fccklich dazu, ihm die alleinige Befehlsgewalt \u00fcber das Atomwaffenarsenal der USA zu entziehen. (30) Sogar dieser absolut au\u00dfergew\u00f6hnliche Vorgang fiel den Schlafm\u00fctzen der ARD-aktuell nicht auf \u2013 oder sie dachten sich nichts weiter dabei, qualit\u00e4tsjournalistengem\u00e4\u00df.<\/p>\n<h5>Leise rieselt der Kalk<\/h5>\n<p>Der deutsche Psychiater Prof. Dr. med. Wolfgang Meins beschreibt das Problem der gesundheitlichen Beeintr\u00e4chtigung als sehr ernst, h\u00e4lt allerdings eine Abl\u00f6sung vom Pr\u00e4sidentenamt f\u00fcr schwierig:<\/p>\n<p style=\"padding-left: 40px;\"><em>\u201e<\/em><em>Das wird nicht ganz einfach, denn die Demokraten sind \u2013\u00a0\u00e4hnlich wie die Mainstream-Medien \u2013\u00a0in ein L\u00fcgengeb\u00e4ude verstrickt. Den zentralen Akteuren ist nat\u00fcrlich schon seit l\u00e4ngerem klar, wie ernst es um den Pr\u00e4sidenten bestellt ist. Aber geradezu besessen von ihrem Trump-Hass, haben sie Biden damals sehenden Auges ins offene Messer laufen lassen.\u201c<\/em> (31, 32, 33)<\/p>\n<p>\u00dcber Bidens sichtliche Anzeichen von Demenz wahrt die Tagesschau betuliches Schweigen. Bei seinem Amtsvorg\u00e4nger Donald Trump tat sie sich keinen Zwang an und trat die beweislosen Zweifel an seiner geistigen Gesundheit breit. (34)<\/p>\n<p>ARD-aktuell, ein\u00a0tendenzi\u00f6ser Saftladen? Aber nicht doch, wer denkt denn blo\u00df sowas \u2026 Wenn schon die Bundesregierung vor Washingtons Allm\u00e4chtigen buckelt, muss doch die Tageschau erst recht charakterlose Liebedienerei betreiben, weil\u2018s halt so ist? Na logisch, und Bidens Angriffsbefehle an die US-Bomberstaffeln im Nahen und Mittleren Osten muss der beste der besten deutschen Qualit\u00e4tsnachrichten-Anbieter als Normalit\u00e4t verh\u00f6kern, als ebensolche Selbstverst\u00e4ndlichkeit wie die m\u00f6rderische Sanktionspolitik, mit der die V\u00f6lker Syriens und Venezuelas ausgehungert und dazu gezwungen werden sollen, ihre Pr\u00e4sidenten endlich zu st\u00fcrzen.<\/p>\n<p>Biden, Pr\u00e4sident jenes Landes, das Folterlager in Guantanamo und noch viel schlimmere \u201eBlack Sites\u201c in aller Welt unterh\u00e4lt, auch in Europa (35), bezichtigt Russlands Staatsoberhaupt der Menschenrechtsverletzungen \u2013 und es gibt hier bei uns keinen medialen Aufschrei?<\/p>\n<p>Biden hat angeblich neue Regeln f\u00fcr die weltweiten US-Drohnenbombardements verf\u00fcgt. Untersagt hat er die Massaker keineswegs. (36) Im Schnitt kommt die US-Air Force auf 49 Bombenabw\u00fcrfe pro Tag. Die Steuerbefehle f\u00fcr ihre Angriffsfl\u00fcge werden \u00fcber die Schaltzentrale in der US-Garnison Ramstein\/Pfalz weitergegeben, in Komplizenschaft mit unserer Bundesregierung. Mit jeder Bombe werden durchschnittlich 28 Menschen umgebracht. Zu 90 Prozent sind die Opfer Zivilisten. Trotzdem wagt der grinsende Greis in Washington, seinen Konterpart in Moskau \u00f6ffentlich einen M\u00f6rder zu nennen?<\/p>\n<p>Welche hirnkranke, charakterlose Journaille konnte den alten Mann in eine solche Falle locken? Ach richtig, George Robert Stephanopoulos hei\u00dft der Kerl, er ist Hauptmoderator, quasi der Claus Kleber des rechtslastigen US-Senders abc. (s. Anm. 1)<\/p>\n<h5>Nachrichten unterschlagen<\/h5>\n<p>Pr\u00e4sident Putin hat bekanntlich inzwischen in unnachahmlich eleganter Form geantwortet. (37, 38) Er w\u00fcnsche Biden \u201egute Gesundheit\u201c, sagte er l\u00e4chelnd, und sprach dann sehr n\u00fcchtern und unaufgeregt \u00fcber die mehrhundertj\u00e4hrige US-Geschichte von Mordbrennerei und Blutvergie\u00dfen in aller Welt. Selbst unsere transatlantisch genormten Konzernmedien anerkannten, wer nach diesem \u201eSchlagabtausch\u201c der Sieger war: \u201eEins zu Null f\u00fcr Putin\u201c stand zum Beispiel im Intelligenzblatt \u201eDie Zeit\u201c zu lesen. (39)<\/p>\n<p>Nicht so moderat gab sich die Tagesschau. Sie hielt es lieber, ziemlich humorlos und leicht angefressen wirkend, mit der Scheinsachlichkeit:<\/p>\n<p style=\"padding-left: 40px;\"><em>\u201ePutin zeigt sich unbeeindruckt \u2026 Er bekr\u00e4ftigte, dass Moskau sich nicht von Washington einsch\u00fcchtern lassen werde\u201c.\u00a0<\/em>(40)<\/p>\n<p>Die Redaktion l\u00e4sst eben keine Gelegenheit aus, Putin als starrsinnig und bedrohlich darzustellen, auch nicht die d\u00fcrftigste. Selbst Bidens Amtsvorg\u00e4nger Donald Trump hat angesichts gegen Russland gerichteter Bezichtigungen mehr Freimut und Aufrichtigkeit gezeigt, und das will was hei\u00dfen:<\/p>\n<p style=\"padding-left: 40px;\"><em>\u201e<\/em><em>Es gibt viele M\u00f6rder \u2026 Denken Sie, unser Land ist so unschuldig?\u201c<\/em> (41).<\/p>\n<p>Die Tagesschau unterschlug demgegen\u00fcber eine weitere wesentliche Information: Putin hatte Biden zu einem sofortigen Gespr\u00e4ch eingeladen, allerdings unter der Bedingung, dass es in aller \u00d6ffentlichkeit gef\u00fchrt und live \u00fcbertragen werde. Na klar doch: Biden lehnte das Angebot prompt ab. (42) Oder besser gesagt: Diejenigen, die am Hampelmann Biden die Strippe ziehen, lie\u00dfen ihn das Gespr\u00e4ch ablehnen.<\/p>\n<p>Zu Zeiten eines US-Pr\u00e4sidenten Dschordsch Dabbeljuh Bush konnte man noch hoffen, es w\u00fcrden ihm erst Jerry Lewis und dann Walt Disneys Goofy im Amt nachfolgen. Es kam grausam anders. M\u00f6rderisch. Das berechtigt uns jedoch keineswegs, uns f\u00fcr moralisch h\u00f6herwertig zu halten. Unsere politischen Repr\u00e4sentanten haben sich l\u00e4ngst als kriminelle Komplizen der fiesen Figuren in Washington erwiesen. Die ARD-aktuell-Redakteure verhalten sich demgegen\u00fcber wie journalistische Schlappschw\u00e4nze.<\/p>\n<p>\u2018tschuldigung, Frau Hassel: Es muss nat\u00fcrlich \u201eSchlappschw\u00e4nz*innen\u201c hei\u00dfen.<\/p>\n<p><strong>\u00a0<\/strong><\/p>\n<p><strong>Quellen und Anmerkungen:<\/strong><\/p>\n<p>(1) <a href=\"https:\/\/abcnews.go.com\/Politics\/biden-talks-cuomo-putin-migrants-vaccine-abc-news\/story?id=76490303\">https:\/\/abcnews.go.com\/Politics\/biden-talks-cuomo-putin-migrants-vaccine-abc-news\/story?id=76490303<\/a><br \/>\n(2) <a href=\"http:\/\/thesaker.is\/uncle-shmuel-is-truly-brain-dead\/\">http:\/\/thesaker.is\/uncle-shmuel-is-truly-brain-dead\/<\/a><br \/>\n(3) <a href=\"https:\/\/stillnessinthestorm.com\/2021\/03\/poll-50-of-americans-have-questions-about-bidens-mental-health\/\">https:\/\/stillnessinthestorm.com\/2021\/03\/poll-50-of-americans-have-questions-about-bidens-mental-health\/<\/a><br \/>\n(4) <a href=\"https:\/\/nypost.com\/2021\/03\/19\/questions-about-bidens-physical-mental-health-ignored-by-press\/\">https:\/\/nypost.com\/2021\/03\/19\/questions-about-bidens-physical-mental-health-ignored-by-press\/<\/a><br \/>\n(5) <a href=\"https:\/\/www.washingtontimes.com\/news\/2021\/mar\/10\/its-time-question-bidens-mental-health\/\">https:\/\/www.washingtontimes.com\/news\/2021\/mar\/10\/its-time-question-bidens-mental-health\/<\/a><br \/>\n(6) Das abc-Interview wurde um 7 Uhr Ortszeit = 12 Uhr MEZ ausgestrahlt: <a href=\"https:\/\/abcnews.go.com\/Politics\/biden-tells-migrants-dont-abc-news-exclusive-interview\/story?id=76490159\/\">https:\/\/abcnews.go.com\/Politics\/biden-tells-migrants-dont-abc-news-exclusive-interview\/story?id=76490159\/<\/a> \u00a0 ARD-aktuell berichtete erstmals um 19.51 Uhr<br \/>\n(7) <a href=\"https:\/\/www.tagesschau.de\/multimedia\/sendung\/tt-8147.html\">https:\/\/www.tagesschau.de\/multimedia\/sendung\/tt-8147.html<\/a><br \/>\n(8) <a href=\"https:\/\/www.tagesschau.de\/ausland\/amerika\/biden-putin-drohung-101.html\">https:\/\/www.tagesschau.de\/ausland\/amerika\/biden-putin-drohung-101.html<\/a><br \/>\n(9) <a href=\"https:\/\/blog.tagesschau.de\/2020\/08\/05\/die-explosionen-in-beirut-in-der-tagesschau-und-den-tagesthemen\/\">https:\/\/blog.tagesschau.de\/2020\/08\/05\/die-explosionen-in-beirut-in-der-tagesschau-und-den-tagesthemen\/<\/a><br \/>\n(10) <a href=\"https:\/\/recht.nrw.de\/lmi\/owa\/br_bes_text?print=1&amp;anw_nr=2&amp;aufgehoben=N&amp;keyword=&amp;bes_id=6044&amp;show_preview=0\">https:\/\/recht.nrw.de\/lmi\/owa\/br_bes_text?print=1&amp;anw_nr=2&amp;aufgehoben=N&amp;keyword=&amp;bes_id=6044&amp;show_preview=0<\/a><br \/>\n(11) <a href=\"https:\/\/www.ard.de\/download\/538848\/Staatsvertrag_fuer_Rundfunk_und_Telemedien_in_der_Fassung_des_20__Aenderungsstaatsvertrags__vom_8__bis_16__12__2016.pdf\/\">https:\/\/www.ard.de\/download\/538848\/Staatsvertrag_fuer_Rundfunk_und_Telemedien_in_der_Fassung_des_20__Aenderungsstaatsvertrags__vom_8__bis_16__12__2016.pdf\/<\/a><br \/>\n(12) <a href=\"https:\/\/www.tagesschau.de\/multimedia\/sendung\/ts-41989.html\">https:\/\/www.tagesschau.de\/multimedia\/sendung\/ts-41989.html<\/a><br \/>\n(13) <a href=\"https:\/\/www.nzz.ch\/international\/diplomatie-was-griechenlands-botschafter-rueckruf-bedeutet-ld.1291460\">https:\/\/www.nzz.ch\/international\/diplomatie-was-griechenlands-botschafter-rueckruf-bedeutet-ld.1291460<\/a><br \/>\n(14) <a href=\"https:\/\/www.zeit.de\/politik\/ausland\/2020-05\/ukraine-joe-biden-telefon-mitschnitte-petro-poroschenko\">https:\/\/www.zeit.de\/politik\/ausland\/2020-05\/ukraine-joe-biden-telefon-mitschnitte-petro-poroschenko<\/a><br \/>\n(15) <a href=\"https:\/\/www.spiegel.de\/politik\/ausland\/ukraine-affaere-was-ueber-die-rolle-von-joe-und-hunter-biden-bekannt-ist-a-1288906.html\">https:\/\/www.spiegel.de\/politik\/ausland\/ukraine-affaere-was-ueber-die-rolle-von-joe-und-hunter-biden-bekannt-ist-a-1288906.html<\/a><br \/>\n(16) <a href=\"https:\/\/www.odni.gov\/files\/ODNI\/documents\/assessments\/ICA-declass-16MAR21.pdf\">https:\/\/www.odni.gov\/files\/ODNI\/documents\/assessments\/ICA-declass-16MAR21.pdf<\/a><br \/>\n(17) <a href=\"https:\/\/consortiumnews.com\/2021\/03\/20\/russiagate-rolls-on-giving-biden-political-cover\/\">https:\/\/consortiumnews.com\/2021\/03\/20\/russiagate-rolls-on-giving-biden-political-cover\/<\/a><br \/>\n(18) <a href=\"https:\/\/marsvonpadua.com\/2021\/03\/17\/schon-wieder-usa-werfen-russland-wahleinmischung-vor\/\">https:\/\/marsvonpadua.com\/2021\/03\/17\/schon-wieder-usa-werfen-russland-wahleinmischung-vor\/<\/a><br \/>\n(19) <a href=\"https:\/\/lawandcrime.com\/high-profile\/new-u-s-intelligence-community-report-confirms-2020-election-was-secure-despite-campaigns-by-putins-ussia-and-iran\/\">https:\/\/lawandcrime.com\/high-profile\/new-u-s-intelligence-community-report-confirms-2020-election-was-secure-despite-campaigns-by-putins-ussia-and-iran\/<\/a><br \/>\n(20) <a href=\"https:\/\/www.heise.de\/forum\/Telepolis\/Kommentare\/MH17-Ueber-was-wollen-Niederlande-und-Australien-mit-Russland-verhandeln\/Mike-Pompeo-r-luegen-wir-betruegen-und-wir-stehlen\/posting-34478691\/show\/\">https:\/\/www.heise.de\/forum\/Telepolis\/Kommentare\/MH17-Ueber-was-wollen-Niederlande-und-Australien-mit-Russland-verhandeln\/Mike-Pompeo-r-luegen-wir-betruegen-und-wir-stehlen\/posting-34478691\/show\/<\/a><br \/>\n(21) <a href=\"https:\/\/www.sueddeutsche.de\/medien\/geheimdienste-und-ournalisten-totaler-vertrauensverlust-1.1775427-2\">https:\/\/www.sueddeutsche.de\/medien\/geheimdienste-und-ournalisten-totaler-vertrauensverlust-1.1775427-2<\/a><br \/>\n(22) <a href=\"https:\/\/publikumskonferenz.de\/forum\/viewtopic.php?f=44&amp;t=2488\">https:\/\/publikumskonferenz.de\/forum\/viewtopic.php?f=44&amp;t=2488<\/a><br \/>\n(23) <a href=\"https:\/\/www.youtube.com\/watch?v=rwjmyZUA2O8\">https:\/\/www.youtube.com\/watch?v=rwjmyZUA2O8<\/a><br \/>\n(24) <a href=\"https:\/\/www.anti-spiegel.ru\/2021\/keine-einzige-pressekonferenz-und-immer-neue-aussetzer-bidens-demenz-wird-taeglich-offensichtlicher\/\">https:\/\/www.anti-spiegel.ru\/2021\/keine-einzige-pressekonferenz-und-immer-neue-aussetzer-bidens-demenz-wird-taeglich-offensichtlicher\/<\/a><br \/>\n(25) <a href=\"https:\/\/www.washingtontimes.com\/news\/2021\/mar\/10\/its-time-uestion-bidens-mental-health\/\">https:\/\/www.washingtontimes.com\/news\/2021\/mar\/10\/its-time-uestion-bidens-mental-health\/<\/a><br \/>\n(26) <a href=\"https:\/\/www.derwesten.de\/politik\/joe-biden-geruechte-dement-emenz-usa-praesident-gesundheit-arzt-krank-sleepy-joe-id230654766.html\">https:\/\/www.derwesten.de\/politik\/joe-biden-geruechte-dement-emenz-usa-praesident-gesundheit-arzt-krank-sleepy-joe-id230654766.html<\/a><br \/>\n(27) <a href=\"https:\/\/www.blick.ch\/ausland\/negativrekord-des-us-praesidenten-joe-biden-ist-bald-seit-acht-wochen-im-amt-ohne-eine-einzige-pressekonferenz-d16399198.html\">https:\/\/www.blick.ch\/ausland\/negativrekord-des-us-praesidenten-joe-biden-ist-bald-seit-acht-wochen-im-amt-ohne-eine-einzige-pressekonferenz-d16399198.html<\/a><br \/>\n(28) <a href=\"https:\/\/nypost.com\/2020\/09\/24\/the-ny-post-front-page-asks-can-you-ind-joe-biden\/\">https:\/\/nypost.com\/2020\/09\/24\/the-ny-post-front-page-asks-can-you-ind-joe-biden\/<\/a><br \/>\n(29) <a href=\"https:\/\/stillnessinthestorm.com\/2021\/03\/poll-50-of-americans-have-uestions-about-bidens-mental-health\/\">https:\/\/stillnessinthestorm.com\/2021\/03\/poll-50-of-americans-have-uestions-about-bidens-mental-health\/<\/a><br \/>\n(30) <a href=\"https:\/\/sciencefiles.org\/2021\/02\/24\/angst-vor-bidens-demenz-us-democrats-wollen-ihm-alleinigen-zugang-zu-nuklearwaffen-entziehen\/\">https:\/\/sciencefiles.org\/2021\/02\/24\/angst-vor-bidens-demenz-us-democrats-wollen-ihm-alleinigen-zugang-zu-nuklearwaffen-entziehen\/\u00a0<\/a><br \/>\n(31) <a href=\"https:\/\/sciencefiles.org\/2021\/02\/24\/angst-vor-bidens-demenz-us-emocrats-wollen-ihm-alleinigen-zugang-zu-nuklearwaffen-entziehen\/\">https:\/\/sciencefiles.org\/2021\/02\/24\/angst-vor-bidens-demenz-us-emocrats-wollen-ihm-alleinigen-zugang-zu-nuklearwaffen-entziehen\/<\/a><br \/>\n(32) <a href=\"https:\/\/19vierundachtzig.com\/2021\/03\/17\/verschwoerungsboss-joe-iden-so-putin-werde-fuer-seine-einmischung-in-die-us-wahlen-bezahlen\/\">https:\/\/19vierundachtzig.com\/2021\/03\/17\/verschwoerungsboss-joe-iden-so-putin-werde-fuer-seine-einmischung-in-die-us-wahlen-bezahlen\/<\/a><br \/>\n(33) <a href=\"https:\/\/www.achgut.com\/artikel\/demenz_wie_lange_ist_joe_biden_noch_zu_halten\">https:\/\/www.achgut.com\/artikel\/demenz_wie_lange_ist_joe_biden_noch_zu_halten<\/a><br \/>\n(34) <a href=\"https:\/\/www.tagesschau.de\/faktenfinder\/ausland\/psychologie-101.html\">https:\/\/www.tagesschau.de\/faktenfinder\/ausland\/psychologie-101.html<\/a><br \/>\n(35) <a href=\"https:\/\/www.zeit.de\/politik\/ausland\/2014-12\/polen-cia-folter-gefaengnis?utm_referrer=https%3A%2F%2Fwww.startpage.com\">https:\/\/www.zeit.de\/politik\/ausland\/2014-12\/polen-cia-folter-gefaengnis?utm_referrer=https%3A%2F%2Fwww.startpage.com<\/a><br \/>\n(36) <a href=\"https:\/\/parstoday.com\/de\/news\/world-i56644-pentagon_best\u00e4tigt_biden_legt_neue_regeln_f\u00fcr_drohnenangriffe_in_anderen_l\u00e4ndern_fest\">https:\/\/parstoday.com\/de\/news\/world-i56644-pentagon_best\u00e4tigt_biden_legt_neue_regeln_f\u00fcr_drohnenangriffe_in_anderen_l\u00e4ndern_fest<\/a><br \/>\n(37) <a href=\"http:\/\/thesaker.is\/putins-answer-to-biden\/\">http:\/\/thesaker.is\/putins-answer-to-biden\/<\/a><br \/>\n(38) <a href=\"https:\/\/ria.ru\/20210318\/putin-1601816394.html\">https:\/\/ria.ru\/20210318\/putin-1601816394.html<\/a><br \/>\n(39) <a href=\"https:\/\/www.zeit.de\/politik\/ausland\/2021-03\/wladimir-putin-joe-biden-russland-usa-diplomatische-beziehung-5vor8\">https:\/\/www.zeit.de\/politik\/ausland\/2021-03\/wladimir-putin-joe-biden-russland-usa-diplomatische-beziehung-5vor8<\/a><br \/>\n(40) <a href=\"https:\/\/www.tagesschau.de\/ausland\/asien\/russland-reaktionen-biden-103.html\">https:\/\/www.tagesschau.de\/ausland\/asien\/russland-reaktionen-biden-103.html<\/a><br \/>\n(41) <a href=\"https:\/\/www.spiegel.de\/politik\/ausland\/usa-donald-trump-nennt-wladimir-putin-einen-moerder-unter-vielen-a-1133253.html\">https:\/\/www.spiegel.de\/politik\/ausland\/usa-donald-trump-nennt-wladimir-putin-einen-moerder-unter-vielen-a-1133253.html<\/a><br \/>\n(42) <a href=\"https:\/\/aktuelle-nachrichten.app\/wie-erwartet-joe-biden-lehnt-live-uebertragenes-gespraech-mit-putin-ab\/\">https:\/\/aktuelle-nachrichten.app\/wie-erwartet-joe-biden-lehnt-live-uebertragenes-gespraech-mit-putin-ab\/<\/a><\/p>\n<p style=\"text-align: right;\"><em><strong>Das\u00a0Autoren-Team:\u00a0<\/strong><\/em><\/p>\n<p style=\"text-align: right;\"><em>Friedhelm Klinkhammer, Jahrgang\u00a01944, Jurist. 1975 bis 2008 Mitarbeiter des NDR, zeitweise Vorsitzender des NDR-Gesamtpersonalrats und des ver.di-Betriebsverbandes\u00a0sowie Referent einer Funkhausdirektorin.<\/em><\/p>\n<p style=\"text-align: right;\"><em>Volker Br\u00e4utigam, Jahrgang 1941, Redakteur. 1975 bis 1996 Mitarbeiter des NDR, zun\u00e4chst in der Tagesschau, von 1992 an in der Kulturredaktion f\u00fcr N3. Danach Lehrauftrag an der Fu-Jen-Universit\u00e4t\u00a0in Taipeh.<\/em><\/p>\n<p style=\"text-align: right;\"><em>Beide Autoren sind Mitglieder des Beirates des Deutschen Freidenker-Verbandes.<\/em><\/p>\n<p><span style=\"font-size: 10pt;\">Dieser Beitrag erschien am 23.03.2021 auch auf <a href=\"https:\/\/publikumskonferenz.de\/blog\/2021\/03\/23\/biden-ins-offene-messer-laufen-lassen\/\" target=\"_blank\" rel=\"noopener\">publikumskonferenz.de<\/a><\/span><\/p>\n<hr \/>\n<p><span style=\"font-size: 10pt;\">Bild oben: Joe Biden, 2020<br \/>\nFoto: Gage Skidmore from Surprise, AZ, <a href=\"https:\/\/creativecommons.org\/licenses\/by-sa\/2.0\">CC BY-SA 2.0<\/a><br \/>\nQuelle: <a href=\"https:\/\/commons.wikimedia.org\/wiki\/File:Joe_Biden_(49405323707).jpg\" target=\"_blank\" rel=\"noopener\">https:\/\/commons.wikimedia.org\/wiki\/File:Joe_Biden_(49405323707).jpg<\/a><\/span><\/p>\n","protected":false},"excerpt":{"rendered":"<p><b>Beitrag von Friedhelm Klinkhammer und Volker Br\u00e4utigam<\/b><br \/>\nIst US-Pr\u00e4sident Joseph Biden bereits dement? Nicht erst, seit der 78-j\u00e4hrige \u2013 Spitzname: \u201eSleepy Joe\u201c (schl\u00e4friger Joe) \u2013 in einem Fernseh-Interview des US-Senders abc best\u00e4tigte, er halte Russlands Pr\u00e4sidenten Putin f\u00fcr einen seelenlosen M\u00f6rder, meinen mehr als die H\u00e4lfte der US-B\u00fcrger und alle gro\u00dfen Tageszeitungen in den USA, ihr Staatsoberhaupt sei m\u00f6glicherweise amtsunf\u00e4hig.<br \/>\nEilmeldungen \u00fcber seine abgeschmackten Spr\u00fcche und seine Drohung, Putin werde \u201eden Preis zahlen\u201c m\u00fcssen, rauschten rund um den Globus. Nur die transatlantisch abgerichtete ARD-aktuell-Redaktion hielt an diesem 17. M\u00e4rz mit dem Biden-Kracher stundenlang hinterm Berg.<\/p>\n","protected":false},"author":3,"featured_media":9720,"comment_status":"closed","ping_status":"closed","sticky":false,"template":"","format":"standard","meta":{"colormag_page_container_layout":"default_layout","colormag_page_sidebar_layout":"default_layout","advanced_seo_description":"","jetpack_seo_html_title":"","jetpack_seo_noindex":false,"jetpack_post_was_ever_published":false,"footnotes":""},"categories":[12],"tags":[1094,1332,223,222,1126,185],"class_list":["post-9715","post","type-post","status-publish","format-standard","has-post-thumbnail","hentry","category-demokratie-medien-aufklaerung","tag-ard","tag-joe-biden","tag-putin","tag-russland","tag-tagesschau","tag-usa"],"jetpack_featured_media_url":"https:\/\/i0.wp.com\/www.freidenker.org\/fw17\/wp-content\/uploads\/2021\/03\/Joe_Biden_49405323707_800x450.jpg?fit=800%2C450&ssl=1","jetpack_shortlink":"https:\/\/wp.me\/p9stpK-2wH","jetpack-related-posts":[{"id":9866,"url":"https:\/\/www.freidenker.org\/?p=9866","url_meta":{"origin":9715,"position":0},"title":"Joe Biden im Tagesschau-Weichzeichner","author":"Webredaktion","date":"12. April 2021","format":false,"excerpt":"Beitrag von Friedhelm Klinkhammer und Volker Br\u00e4utigam Tagesschau-Meldung ohne gedankliche Vorleistung: \u201eDer Konflikt um die Ostukraine heizt die Spannungen zwischen den USA und Russland an.\u201c .... Von wem eigentlich die \u201eBerichte\u201c stammen, inwieweit sie zutreffen und welch tats\u00e4chlichem Zweck all das letztlich dient, kl\u00e4rt die Tagesschau nicht. Im Kontext wird\u2026","rel":"","context":"In &quot;Demokratie \u2013 Medien \u2013 Aufkl\u00e4rung&quot;","block_context":{"text":"Demokratie \u2013 Medien \u2013 Aufkl\u00e4rung","link":"https:\/\/www.freidenker.org\/?cat=12"},"img":{"alt_text":"","src":"https:\/\/i0.wp.com\/www.freidenker.org\/fw17\/wp-content\/uploads\/2021\/04\/Biden_weichgezeichnet_800x450.jpg?fit=800%2C450&ssl=1&resize=350%2C200","width":350,"height":200,"srcset":"https:\/\/i0.wp.com\/www.freidenker.org\/fw17\/wp-content\/uploads\/2021\/04\/Biden_weichgezeichnet_800x450.jpg?fit=800%2C450&ssl=1&resize=350%2C200 1x, https:\/\/i0.wp.com\/www.freidenker.org\/fw17\/wp-content\/uploads\/2021\/04\/Biden_weichgezeichnet_800x450.jpg?fit=800%2C450&ssl=1&resize=525%2C300 1.5x, https:\/\/i0.wp.com\/www.freidenker.org\/fw17\/wp-content\/uploads\/2021\/04\/Biden_weichgezeichnet_800x450.jpg?fit=800%2C450&ssl=1&resize=700%2C400 2x"},"classes":[]},{"id":21974,"url":"https:\/\/www.freidenker.org\/?p=21974","url_meta":{"origin":9715,"position":1},"title":"Braindead \u2013 Was die Tagesschau und Joe Biden gemeinsam haben","author":"Webredaktion","date":"29. Mai 2025","format":false,"excerpt":"Beitrag von Gert Ewen Ungar Vor rund einem Jahr ver\u00f6ffentlichte die Tagesschau einen Faktenfinder, mit dem sie auf Ger\u00fcchte um die geistige Gesundheit von Joe Biden reagierte. Verfasst hat den Faktencheck der Oberchecker Pascal Siggelkow. Siggelkow passt zur Tagesschau, denn auch ihm geht es nicht um Fakten, sondern um die\u2026","rel":"","context":"In &quot;Demokratie \u2013 Medien \u2013 Aufkl\u00e4rung&quot;","block_context":{"text":"Demokratie \u2013 Medien \u2013 Aufkl\u00e4rung","link":"https:\/\/www.freidenker.org\/?cat=12"},"img":{"alt_text":"","src":"https:\/\/i0.wp.com\/www.freidenker.org\/fw17\/wp-content\/uploads\/2025\/05\/Joe_Biden_49385647696_800x450.jpg?fit=800%2C450&ssl=1&resize=350%2C200","width":350,"height":200,"srcset":"https:\/\/i0.wp.com\/www.freidenker.org\/fw17\/wp-content\/uploads\/2025\/05\/Joe_Biden_49385647696_800x450.jpg?fit=800%2C450&ssl=1&resize=350%2C200 1x, https:\/\/i0.wp.com\/www.freidenker.org\/fw17\/wp-content\/uploads\/2025\/05\/Joe_Biden_49385647696_800x450.jpg?fit=800%2C450&ssl=1&resize=525%2C300 1.5x, https:\/\/i0.wp.com\/www.freidenker.org\/fw17\/wp-content\/uploads\/2025\/05\/Joe_Biden_49385647696_800x450.jpg?fit=800%2C450&ssl=1&resize=700%2C400 2x"},"classes":[]},{"id":20148,"url":"https:\/\/www.freidenker.org\/?p=20148","url_meta":{"origin":9715,"position":2},"title":"Joe Biden in Deutschland","author":"Webredaktion","date":"19. Oktober 2024","format":false,"excerpt":"Der US-Pr\u00e4sident besucht seine Kolonie Kommentar von\u00a0Wolfgang Bittner Urspr\u00fcnglich hatte sich US-Pr\u00e4sident Joseph (Joe) Biden f\u00fcr den 10. bis 13. Oktober in Berlin und Ramstein angesagt,[1] den Besuch jedoch kurzfristig verschoben, angeblich wegen des in Florida erwarteten Hurrikans Milton. Nun wurde bekannt, dass Biden seinen Abschiedsbesuch am 17. und 18.\u2026","rel":"","context":"In &quot;Demokratie \u2013 Medien \u2013 Aufkl\u00e4rung&quot;","block_context":{"text":"Demokratie \u2013 Medien \u2013 Aufkl\u00e4rung","link":"https:\/\/www.freidenker.org\/?cat=12"},"img":{"alt_text":"","src":"https:\/\/i0.wp.com\/www.freidenker.org\/fw17\/wp-content\/uploads\/2024\/10\/Joe_Biden_is_escorted_to_Air_Force_One_800x450.jpg?fit=800%2C450&ssl=1&resize=350%2C200","width":350,"height":200,"srcset":"https:\/\/i0.wp.com\/www.freidenker.org\/fw17\/wp-content\/uploads\/2024\/10\/Joe_Biden_is_escorted_to_Air_Force_One_800x450.jpg?fit=800%2C450&ssl=1&resize=350%2C200 1x, https:\/\/i0.wp.com\/www.freidenker.org\/fw17\/wp-content\/uploads\/2024\/10\/Joe_Biden_is_escorted_to_Air_Force_One_800x450.jpg?fit=800%2C450&ssl=1&resize=525%2C300 1.5x, https:\/\/i0.wp.com\/www.freidenker.org\/fw17\/wp-content\/uploads\/2024\/10\/Joe_Biden_is_escorted_to_Air_Force_One_800x450.jpg?fit=800%2C450&ssl=1&resize=700%2C400 2x"},"classes":[]},{"id":19620,"url":"https:\/\/www.freidenker.org\/?p=19620","url_meta":{"origin":9715,"position":3},"title":"Bidens gro\u00dfe Rede kollidiert mit der Realit\u00e4t","author":"Webredaktion","date":"2. August 2024","format":false,"excerpt":"Beitrag von Rainer Rupp Inmitten der politischen Turbulenzen und internationalen Spannungen stand Pr\u00e4sident Joe Biden k\u00fcrzlich im Rampenlicht und meldete sich mit einer bemerkenswerten Rede Mitte der Woche vom Wahlkampf 2024 ab. [...] Bidens Rede, die er ganz bestimmt nicht selbst geschrieben hat, sondern ein Produkt der pr\u00e4sidialen Puppenspieler im\u2026","rel":"","context":"In &quot;Demokratie \u2013 Medien \u2013 Aufkl\u00e4rung&quot;","block_context":{"text":"Demokratie \u2013 Medien \u2013 Aufkl\u00e4rung","link":"https:\/\/www.freidenker.org\/?cat=12"},"img":{"alt_text":"","src":"https:\/\/i0.wp.com\/www.freidenker.org\/fw17\/wp-content\/uploads\/2024\/08\/President_Joe_Biden_meets_with_Prime_Minister_Benjamin_Netanyahu_800x450.jpg?fit=800%2C450&ssl=1&resize=350%2C200","width":350,"height":200,"srcset":"https:\/\/i0.wp.com\/www.freidenker.org\/fw17\/wp-content\/uploads\/2024\/08\/President_Joe_Biden_meets_with_Prime_Minister_Benjamin_Netanyahu_800x450.jpg?fit=800%2C450&ssl=1&resize=350%2C200 1x, https:\/\/i0.wp.com\/www.freidenker.org\/fw17\/wp-content\/uploads\/2024\/08\/President_Joe_Biden_meets_with_Prime_Minister_Benjamin_Netanyahu_800x450.jpg?fit=800%2C450&ssl=1&resize=525%2C300 1.5x, https:\/\/i0.wp.com\/www.freidenker.org\/fw17\/wp-content\/uploads\/2024\/08\/President_Joe_Biden_meets_with_Prime_Minister_Benjamin_Netanyahu_800x450.jpg?fit=800%2C450&ssl=1&resize=700%2C400 2x"},"classes":[]},{"id":14711,"url":"https:\/\/www.freidenker.org\/?p=14711","url_meta":{"origin":9715,"position":4},"title":"Erneute \u00fcble Nachrichtenmanipulation in der Tagesschau","author":"Webredaktion","date":"20. November 2022","format":false,"excerpt":"Beitrag von Rainer Rupp Mit L\u00fcgen und Verdrehungen bzw. durch perfide Manipulation von offiziellen \u00c4u\u00dferungen des chinesischen Pr\u00e4sidenten Xi Jinping haben jetzt auch die USA vor dem Hintergrund des G20-Treffens im indonesischen Bali versucht, vor der Welt\u00f6ffentlichkeit den Eindruck zu erwecken, dass China gemeinsam mit den USA Pr\u00e4sident Wladimir Putin\u2026","rel":"","context":"In &quot;Demokratie \u2013 Medien \u2013 Aufkl\u00e4rung&quot;","block_context":{"text":"Demokratie \u2013 Medien \u2013 Aufkl\u00e4rung","link":"https:\/\/www.freidenker.org\/?cat=12"},"img":{"alt_text":"","src":"https:\/\/i0.wp.com\/www.freidenker.org\/fw17\/wp-content\/uploads\/2022\/11\/Potential-USA-sectors-China_800x450.jpg?fit=800%2C450&ssl=1&resize=350%2C200","width":350,"height":200,"srcset":"https:\/\/i0.wp.com\/www.freidenker.org\/fw17\/wp-content\/uploads\/2022\/11\/Potential-USA-sectors-China_800x450.jpg?fit=800%2C450&ssl=1&resize=350%2C200 1x, https:\/\/i0.wp.com\/www.freidenker.org\/fw17\/wp-content\/uploads\/2022\/11\/Potential-USA-sectors-China_800x450.jpg?fit=800%2C450&ssl=1&resize=525%2C300 1.5x, https:\/\/i0.wp.com\/www.freidenker.org\/fw17\/wp-content\/uploads\/2022\/11\/Potential-USA-sectors-China_800x450.jpg?fit=800%2C450&ssl=1&resize=700%2C400 2x"},"classes":[]},{"id":13284,"url":"https:\/\/www.freidenker.org\/?p=13284","url_meta":{"origin":9715,"position":5},"title":"Das Ziel ist ein Regime Change in Moskau","author":"Webredaktion","date":"29. Mai 2022","format":false,"excerpt":"Beitrag von Wolfgang Bittner Im Oktober 2014 br\u00fcstete sich der damalige US-Vizepr\u00e4sident Joseph Biden in einem Vortrag an der Harvard Kennedy School in Cambridge\/Massachusetts mit den Worten: \u201eWir haben Putin vor die einfache Wahl gestellt: Respektieren Sie die Souver\u00e4nit\u00e4t der Ukraine oder Sie werden sich zunehmenden Konsequenzen gegen\u00fcbersehen.\u201c Zu dieser\u2026","rel":"","context":"In &quot;Demokratie \u2013 Medien \u2013 Aufkl\u00e4rung&quot;","block_context":{"text":"Demokratie \u2013 Medien \u2013 Aufkl\u00e4rung","link":"https:\/\/www.freidenker.org\/?cat=12"},"img":{"alt_text":"","src":"https:\/\/i0.wp.com\/www.freidenker.org\/fw17\/wp-content\/uploads\/2022\/05\/regimechange_russland_800x450.jpg?fit=800%2C450&ssl=1&resize=350%2C200","width":350,"height":200,"srcset":"https:\/\/i0.wp.com\/www.freidenker.org\/fw17\/wp-content\/uploads\/2022\/05\/regimechange_russland_800x450.jpg?fit=800%2C450&ssl=1&resize=350%2C200 1x, https:\/\/i0.wp.com\/www.freidenker.org\/fw17\/wp-content\/uploads\/2022\/05\/regimechange_russland_800x450.jpg?fit=800%2C450&ssl=1&resize=525%2C300 1.5x, https:\/\/i0.wp.com\/www.freidenker.org\/fw17\/wp-content\/uploads\/2022\/05\/regimechange_russland_800x450.jpg?fit=800%2C450&ssl=1&resize=700%2C400 2x"},"classes":[]}],"_links":{"self":[{"href":"https:\/\/www.freidenker.org\/index.php?rest_route=\/wp\/v2\/posts\/9715","targetHints":{"allow":["GET"]}}],"collection":[{"href":"https:\/\/www.freidenker.org\/index.php?rest_route=\/wp\/v2\/posts"}],"about":[{"href":"https:\/\/www.freidenker.org\/index.php?rest_route=\/wp\/v2\/types\/post"}],"author":[{"embeddable":true,"href":"https:\/\/www.freidenker.org\/index.php?rest_route=\/wp\/v2\/users\/3"}],"replies":[{"embeddable":true,"href":"https:\/\/www.freidenker.org\/index.php?rest_route=%2Fwp%2Fv2%2Fcomments&post=9715"}],"version-history":[{"count":0,"href":"https:\/\/www.freidenker.org\/index.php?rest_route=\/wp\/v2\/posts\/9715\/revisions"}],"wp:featuredmedia":[{"embeddable":true,"href":"https:\/\/www.freidenker.org\/index.php?rest_route=\/wp\/v2\/media\/9720"}],"wp:attachment":[{"href":"https:\/\/www.freidenker.org\/index.php?rest_route=%2Fwp%2Fv2%2Fmedia&parent=9715"}],"wp:term":[{"taxonomy":"category","embeddable":true,"href":"https:\/\/www.freidenker.org\/index.php?rest_route=%2Fwp%2Fv2%2Fcategories&post=9715"},{"taxonomy":"post_tag","embeddable":true,"href":"https:\/\/www.freidenker.org\/index.php?rest_route=%2Fwp%2Fv2%2Ftags&post=9715"}],"curies":[{"name":"wp","href":"https:\/\/api.w.org\/{rel}","templated":true}]}}