{"id":9693,"date":"2021-03-12T00:05:45","date_gmt":"2021-03-11T23:05:45","guid":{"rendered":"https:\/\/www.freidenker.org\/?p=9693"},"modified":"2023-02-23T08:52:52","modified_gmt":"2023-02-23T07:52:52","slug":"heidelberger-wahlkampf-splitter","status":"publish","type":"post","link":"https:\/\/www.freidenker.org\/?p=9693","title":{"rendered":"Heidelberger Wahlkampf-Splitter"},"content":{"rendered":"<h5>Doppelte Ma\u00dfst\u00e4be im Kampf gegen rechts<\/h5>\n<p><em>von <strong>Hans-Joachim Kahlke<\/strong><\/em><\/p>\n<p>Die <a href=\"https:\/\/de.wikipedia.org\/wiki\/Benutzer:KarlV\/Transatlantifa\" target=\"_blank\" rel=\"noopener\">TransatlANTIFA<\/a> beklebt momentan in Heidelberg Ampeln u.\u00e4. mit einem Aufkleber &#8222;Den rechten Wahlkampf sabotieren!&#8220; Im Klartext hei\u00dft das, rechte Wahlkampf-Veranstaltungen sind wo halt m\u00f6glich zu blockieren bzw. zu sprengen, rechte Infost\u00e4nde plattzumachen, vor allem jedoch rechte Plakate zu zerst\u00f6ren.<\/p>\n<p>Wobei in der Logik der TransatlANTIFA nat\u00fcrlich nicht die bew\u00e4hrten 100%igen NATO- und Kriegstreiber-Parteien CDU\/SPD\/FDP\/GR\u00dcNE mit dem Stigmatisierungsverdikt &#8222;rechts&#8220; zu versehen sind, sondern einzig die in der Frage der NATO-Kriegsinterventionen in sich deutlich widerspr\u00fcchlichere und weniger hardcore-m\u00e4\u00dfige AfD.<\/p>\n<p>Dies muss man unabh\u00e4ngig davon konstatieren, ob im hypothetischen Fall einer Chance der AfD auf eine Regierungsbeteiligung im Bund diese Partei dann ihre Vorbehalte gegen die NATO-Kriegspolitik genauso schnell ad acta legen w\u00fcrde wie es die GR\u00dcNEN vorexerziert haben. (Eine Frage, die sich \u00fcbrigens genauso, wenn nicht noch mehr, auch f\u00fcr die sich und ihre W\u00e4hler verH\u00d6HNende LINKE stellt.)<\/p>\n<p>Nein, das Wesentliche ist, dass die TransatlANTIFA (und leider nicht nur sie), just jene rechte Partei, die kriegsm\u00e4\u00dfig bis auf weiteres nicht 100% auf Kurs ist, gegen\u00fcber den \u00fcbrigen rechten, stramm kriegswilligen Parteien zum herausgehobenen, notabene seiner demokratischen Rechte selbstverst\u00e4ndlich zu beraubenden, Hauptfeind erkl\u00e4rt.<\/p>\n<p>Letzten Freitag, am 5. M\u00e4rz, j\u00e4hrte sich bekanntlich der Geburtstag der gro\u00dfen Rosa Luxemburg zum 150. Mal. Sie, die als j\u00fcdische Polin im damaligen Russland geboren und aufgewachsen war und dann ihr politisches Wirkungsfeld in der deutschen Sozialdemokratie fand, verk\u00f6rperte par excellence den Internationalismus.<\/p>\n<p>Aber nie war Rosa Luxemburgs Internationalismus antideutsch oder antipolnisch oder antirussisch. Und so sehr sie den Chauvinismus, diesen von den Imperialisten zu ihrem Vehikel gemachten Nationalismus, bek\u00e4mpfte, so klar benannte sie dabei den Imperialismus als den eigentlichen T\u00e4ter, als den Verursacher der menschenabschlachtenden Kriege.<\/p>\n<p>Heute, zwei Weltkriege und zahlreiche (Neo-)Kolonial-Kriege sp\u00e4ter, l\u00e4uft die imperialistische Kriegstreiberei fast ganz ohne Nationalchauvinismus ab. Nicht mehr &#8222;Deutschland &#8222;wird den Leuten als Grund eingetrichtert, warum die Bomber starten m\u00fcssen, sondern &#8222;Menschenrechte&#8220;, &#8222;Terrorbek\u00e4mpfung&#8220;, &#8222;Rohstoffsicherung&#8220;. Und wer wei\u00df, irgendwann kommt vielleicht auch noch der &#8222;Klimaschutz&#8220; dazu.<\/p>\n<p>Doch auch der Chauvinismus, jener Wahn, mehr wert zu sein und deshalb mehr Rechte zu haben, ist f\u00fcr die Kriegstreiber weiterhin ein unverzichtbares Mittel. Jetzt allerdings nicht mehr der nationale, sondern eben der \u00fcbernationale Chauvinismus (gerne auch multikulturell und multiethnisch verst\u00e4rkt), jener Chauvinismus der &#8222;westlichen Werte&#8220; und ins besondere &#8222;Europas&#8220;.<\/p>\n<p>Und speziell der EU-Chauvinismus treibt auch im jetzigen baden-w\u00fcrttembergischen Landtagswahlkampf seine Bl\u00fcten: Da verlangt etwa die einschl\u00e4gige &#8222;Volt&#8220;-Liste auf ihren Plakaten doch tats\u00e4chlich &#8222;Europ\u00e4isch denken!&#8220;. Als ob denn ein nach Kontinenten sich unterscheidendes Denken nicht genauso Humbug w\u00e4re wie eine sich nach L\u00e4ndern unterscheidende Physik!<\/p>\n<p>Die Ungeheuerlichkeit dieses Verlangens nach einem &#8222;europ\u00e4ischen Denken&#8220; wird allerdings erst dann richtig klar, wenn man sich vergegenw\u00e4rtigt, was w\u00e4re, wenn etwa auf AfD-Plakaten aufgefordert w\u00fcrde &#8222;Deutsch denken!&#8220; Na, da w\u00fcrde der etablierte CDU\/SPD\/FDP\/GR\u00dcNE-Karren samt der LINKEn als f\u00fcnftes Rad am Wagen aber im Viereck springen!<\/p>\n<p>Hypersensibilit\u00e4t gegen\u00fcber dem Chauvinismus von gestern, und Blindheit gegen\u00fcber dem Chauvinismus von heute &#8211; das passt!<\/p>\n<p style=\"text-align: right;\"><em>Hans-Joachim Kahlke, Heidelberg, ist Mitglied des Deutschen Freidenker-Verbandes<\/em><\/p>\n<hr \/>\n<p><span style=\"font-size: 10pt;\">Bildcollage: Ralf Lux, unter Verwendung von:<\/span><\/p>\n<p><span style=\"font-size: 10pt;\">Heidelberg &#8211; Schloss und Alte Br\u00fccke<\/span><br \/>\n<span style=\"font-size: 10pt;\">Foto: Ackerboy &#8211; Own work, Public Domain<\/span><br \/>\n<span style=\"font-size: 10pt;\">Quelle: <a href=\"https:\/\/commons.wikimedia.org\/w\/index.php?curid=707085\" target=\"_blank\" rel=\"noopener\">https:\/\/commons.wikimedia.org\/w\/index.php?curid=707085<\/a><br \/>\n<\/span><\/p>\n<p><span style=\"font-size: 10pt;\">Plakat der Kampagne<em> antifascist actions<br \/>\n<\/em>Quelle: <a href=\"https:\/\/antifa-kampagne.info\/aktiv-werden\/materialien\/\" target=\"_blank\" rel=\"noopener\">https:\/\/antifa-kampagne.info\/aktiv-werden\/materialien\/<\/a><\/span><\/p>\n","protected":false},"excerpt":{"rendered":"<p><b>Beitrag von Hans-Joachim Kahlke<\/b><br \/>\nDie TransatlANTIFA beklebt momentan in Heidelberg Ampeln u.\u00e4. mit einem Aufkleber &#8222;Den rechten Wahlkampf sabotieren!&#8220; Im Klartext hei\u00dft das, rechte Wahlkampf-Veranstaltungen sind wo halt m\u00f6glich zu blockieren bzw. zu sprengen, rechte Infost\u00e4nde plattzumachen, vor allem jedoch rechte Plakate zu zerst\u00f6ren.<br \/>\nWobei in der Logik der TransatlANTIFA nat\u00fcrlich nicht die bew\u00e4hrten 100%igen NATO- und Kriegstreiber-Parteien CDU\/SPD\/FDP\/GR\u00dcNE mit dem Stigmatisierungsverdikt &#8222;rechts&#8220; zu versehen sind, sondern einzig die in der Frage der NATO-Kriegsinterventionen in sich deutlich widerspr\u00fcchlichere und weniger hardcore-m\u00e4\u00dfige AfD.<\/p>\n","protected":false},"author":3,"featured_media":9697,"comment_status":"closed","ping_status":"closed","sticky":false,"template":"","format":"standard","meta":{"colormag_page_container_layout":"default_layout","colormag_page_sidebar_layout":"default_layout","advanced_seo_description":"","jetpack_seo_html_title":"","jetpack_seo_noindex":false,"jetpack_post_was_ever_published":false,"footnotes":""},"categories":[12,937],"tags":[1031,1169,1382,728,1091,1725,1381,1251],"class_list":["post-9693","post","type-post","status-publish","format-standard","has-post-thumbnail","hentry","category-demokratie-medien-aufklaerung","category-zeit-der-verleumder-freidenker-fuer-klartext","tag-afd","tag-baden-wuerttemberg","tag-chauvinismus","tag-heidelberg","tag-links-rechts","tag-lv-baden-wuerttemberg","tag-transatlantifa","tag-wahlkampf"],"jetpack_featured_media_url":"https:\/\/i0.wp.com\/www.freidenker.org\/fw17\/wp-content\/uploads\/2021\/03\/Heidelberg_wahlkampfsplitter_800x450.jpg?fit=800%2C450&ssl=1","jetpack_shortlink":"https:\/\/wp.me\/p9stpK-2wl","jetpack-related-posts":[{"id":16711,"url":"https:\/\/www.freidenker.org\/?p=16711","url_meta":{"origin":9693,"position":0},"title":"Vortrag: US-Kapital gegen den Rest der Welt","author":"Webredaktion","date":"29. Juli 2023","format":false,"excerpt":"Vortrag von und Diskussion mit Dr. Werner R\u00fcgemer Donnerstag, 17. August 2023, 18:00 Uhr, WeltHaus Heidelberg, Willy-Brandt-Platz 5, 69115 Heidelberg Der US-gef\u00fchrte Kapitalismus ist im Niedergang: wirtschaftlich, menschen- und arbeitsrechtlich, politisch, moralisch und im internationalen Ansehen. Dies betrifft insbesondere die Mehrheit der abh\u00e4ngig Besch\u00e4ftigten mit sinkenden Arbeitseinkommen und Renten: Auch\u2026","rel":"","context":"In &quot;Veranstaltungen in den DFV-Landesverb\u00e4nden&quot;","block_context":{"text":"Veranstaltungen in den DFV-Landesverb\u00e4nden","link":"https:\/\/www.freidenker.org\/?cat=19"},"img":{"alt_text":"","src":"https:\/\/i0.wp.com\/www.freidenker.org\/fw17\/wp-content\/uploads\/2023\/07\/Veranst_HD_Ruegemer_2023-08_800x450.jpg?fit=800%2C450&ssl=1&resize=350%2C200","width":350,"height":200,"srcset":"https:\/\/i0.wp.com\/www.freidenker.org\/fw17\/wp-content\/uploads\/2023\/07\/Veranst_HD_Ruegemer_2023-08_800x450.jpg?fit=800%2C450&ssl=1&resize=350%2C200 1x, https:\/\/i0.wp.com\/www.freidenker.org\/fw17\/wp-content\/uploads\/2023\/07\/Veranst_HD_Ruegemer_2023-08_800x450.jpg?fit=800%2C450&ssl=1&resize=525%2C300 1.5x, https:\/\/i0.wp.com\/www.freidenker.org\/fw17\/wp-content\/uploads\/2023\/07\/Veranst_HD_Ruegemer_2023-08_800x450.jpg?fit=800%2C450&ssl=1&resize=700%2C400 2x"},"classes":[]},{"id":20639,"url":"https:\/\/www.freidenker.org\/?p=20639","url_meta":{"origin":9693,"position":1},"title":"Bundespr\u00e4sident Steinmeier und die Bedrohung der Demokratie","author":"Webredaktion","date":"3. Januar 2025","format":false,"excerpt":"Beitrag von Rainer Rupp Vergangene Woche hat Bundespr\u00e4sident Frank-Walter Steinmeier gem\u00e4\u00df seinen Pflichten die Aufl\u00f6sung des Bundestages und Neuwahlen im Februar verk\u00fcndet, aber nicht, ohne diese Aktion mit kaum verklausulierten Drohungen an das deutsche Volk zu begleiten: Denn f\u00fcr den Fall, dass die Leute \"falsch\" w\u00e4hlen, also rechte Parteien die\u2026","rel":"","context":"In &quot;Demokratie \u2013 Medien \u2013 Aufkl\u00e4rung&quot;","block_context":{"text":"Demokratie \u2013 Medien \u2013 Aufkl\u00e4rung","link":"https:\/\/www.freidenker.org\/?cat=12"},"img":{"alt_text":"","src":"https:\/\/i0.wp.com\/www.freidenker.org\/fw17\/wp-content\/uploads\/2025\/01\/Frank-Walter-Steinmeier_0482_800x450.jpg?fit=800%2C450&ssl=1&resize=350%2C200","width":350,"height":200,"srcset":"https:\/\/i0.wp.com\/www.freidenker.org\/fw17\/wp-content\/uploads\/2025\/01\/Frank-Walter-Steinmeier_0482_800x450.jpg?fit=800%2C450&ssl=1&resize=350%2C200 1x, https:\/\/i0.wp.com\/www.freidenker.org\/fw17\/wp-content\/uploads\/2025\/01\/Frank-Walter-Steinmeier_0482_800x450.jpg?fit=800%2C450&ssl=1&resize=525%2C300 1.5x, https:\/\/i0.wp.com\/www.freidenker.org\/fw17\/wp-content\/uploads\/2025\/01\/Frank-Walter-Steinmeier_0482_800x450.jpg?fit=800%2C450&ssl=1&resize=700%2C400 2x"},"classes":[]},{"id":20226,"url":"https:\/\/www.freidenker.org\/?p=20226","url_meta":{"origin":9693,"position":2},"title":"US-Wahlkampf: Der K\u00f6nig ist nackt","author":"Webredaktion","date":"9. November 2024","format":false,"excerpt":"Beitrag von Gert Ewen Ungar Ein unertr\u00e4glich langer US-Wahlkampf endete schlie\u00dflich mit der Wahl von Donald Trump. Es ist vorbei, das in \u00dcbersee aufgef\u00fchrte, einf\u00e4ltige Theater hat ein zumindest vorl\u00e4ufiges Ende. Die USA halten\u00a0sich selbst\u00a0f\u00fcr den Leuchtturm der Demokratie. Was sie darunter verstehen, haben sie der Welt in den vergangenen\u2026","rel":"","context":"In &quot;Demokratie \u2013 Medien \u2013 Aufkl\u00e4rung&quot;","block_context":{"text":"Demokratie \u2013 Medien \u2013 Aufkl\u00e4rung","link":"https:\/\/www.freidenker.org\/?cat=12"},"img":{"alt_text":"","src":"https:\/\/i0.wp.com\/www.freidenker.org\/fw17\/wp-content\/uploads\/2024\/11\/US-Wahlen_2024_Karte_g_800x450.jpg?fit=800%2C450&ssl=1&resize=350%2C200","width":350,"height":200,"srcset":"https:\/\/i0.wp.com\/www.freidenker.org\/fw17\/wp-content\/uploads\/2024\/11\/US-Wahlen_2024_Karte_g_800x450.jpg?fit=800%2C450&ssl=1&resize=350%2C200 1x, https:\/\/i0.wp.com\/www.freidenker.org\/fw17\/wp-content\/uploads\/2024\/11\/US-Wahlen_2024_Karte_g_800x450.jpg?fit=800%2C450&ssl=1&resize=525%2C300 1.5x, https:\/\/i0.wp.com\/www.freidenker.org\/fw17\/wp-content\/uploads\/2024\/11\/US-Wahlen_2024_Karte_g_800x450.jpg?fit=800%2C450&ssl=1&resize=700%2C400 2x"},"classes":[]},{"id":11254,"url":"https:\/\/www.freidenker.org\/?p=11254","url_meta":{"origin":9693,"position":3},"title":"Hofschranze des EU-Imperialismus","author":"Webredaktion","date":"28. September 2021","format":false,"excerpt":"Beitrag von Diether Dehm In dieser Woche erreichte mich eine Anfrage der Redaktion von \"ZDF Magazin Royale\": Man sei im Zuge einer Recherche \"an Informationen dar\u00fcber gelangt\", dass meine Facebookseite bei der Bewerbung einiger Wahlkampf-Posts auch Nutzer mit den Interessen \"RT\u201d, \u201cKenFM\u201d oder \u201cWladimir Wladimirowitsch Putin\" adressiere. Dar\u00fcber verlangte ein\u2026","rel":"","context":"In &quot;Zeit der Verleumder - Freidenker f\u00fcr Klartext&quot;","block_context":{"text":"Zeit der Verleumder - Freidenker f\u00fcr Klartext","link":"https:\/\/www.freidenker.org\/?cat=937"},"img":{"alt_text":"","src":"https:\/\/i0.wp.com\/www.freidenker.org\/fw17\/wp-content\/uploads\/2021\/09\/klartext_boehmermann_faksimile_800x450.jpg?fit=800%2C450&ssl=1&resize=350%2C200","width":350,"height":200,"srcset":"https:\/\/i0.wp.com\/www.freidenker.org\/fw17\/wp-content\/uploads\/2021\/09\/klartext_boehmermann_faksimile_800x450.jpg?fit=800%2C450&ssl=1&resize=350%2C200 1x, https:\/\/i0.wp.com\/www.freidenker.org\/fw17\/wp-content\/uploads\/2021\/09\/klartext_boehmermann_faksimile_800x450.jpg?fit=800%2C450&ssl=1&resize=525%2C300 1.5x, https:\/\/i0.wp.com\/www.freidenker.org\/fw17\/wp-content\/uploads\/2021\/09\/klartext_boehmermann_faksimile_800x450.jpg?fit=800%2C450&ssl=1&resize=700%2C400 2x"},"classes":[]},{"id":13532,"url":"https:\/\/www.freidenker.org\/?p=13532","url_meta":{"origin":9693,"position":4},"title":"Der Fall Alina Lipp oder L\u00fcneburg und der leise Faschismus","author":"Webredaktion","date":"18. Juni 2022","format":false,"excerpt":"Beitrag von Dagmar Henn Schon im Mai war ein Gerichtsbeschluss ergangen, durch den das deutsche Konto der freien Journalistin Alina Lipp beschlagnahmt worden war. Dieser wurde jetzt erst \u00f6ffentlich; er hat aber Bedeutung weit \u00fcber diesen Fall hinaus. Es bezeugt ein Ende demokratischen Rechts. Man soll ein Rechtssystem nicht nach\u2026","rel":"","context":"In &quot;Zeit der Verleumder - Freidenker f\u00fcr Klartext&quot;","block_context":{"text":"Zeit der Verleumder - Freidenker f\u00fcr Klartext","link":"https:\/\/www.freidenker.org\/?cat=937"},"img":{"alt_text":"","src":"https:\/\/i0.wp.com\/www.freidenker.org\/fw17\/wp-content\/uploads\/2022\/06\/klartext_Amtsgericht_Lueneburg_800x450.jpg?fit=800%2C450&ssl=1&resize=350%2C200","width":350,"height":200,"srcset":"https:\/\/i0.wp.com\/www.freidenker.org\/fw17\/wp-content\/uploads\/2022\/06\/klartext_Amtsgericht_Lueneburg_800x450.jpg?fit=800%2C450&ssl=1&resize=350%2C200 1x, https:\/\/i0.wp.com\/www.freidenker.org\/fw17\/wp-content\/uploads\/2022\/06\/klartext_Amtsgericht_Lueneburg_800x450.jpg?fit=800%2C450&ssl=1&resize=525%2C300 1.5x, https:\/\/i0.wp.com\/www.freidenker.org\/fw17\/wp-content\/uploads\/2022\/06\/klartext_Amtsgericht_Lueneburg_800x450.jpg?fit=800%2C450&ssl=1&resize=700%2C400 2x"},"classes":[]},{"id":2847,"url":"https:\/\/www.freidenker.org\/?p=2847","url_meta":{"origin":9693,"position":5},"title":"\u201eNicht rechts, nicht links\u201c?","author":"Webredaktion","date":"17. M\u00e4rz 2016","format":false,"excerpt":"Aus: FREIDENKER 1-16 \u201eNicht rechts, nicht links\u201c - in politischen Auseinandersetzungen und Bewegungen begegnet man dieser Aussage h\u00e4ufig. Sie ist aber oft sehr unterschiedlich motiviert, mit ihr k\u00f6nnen sehr verschiedene Zwecke gemeint sein. Die unterschiedlichen Motive und Zwecke muss man kennen und unterscheiden, weil man sich andernfalls sparen k\u00f6nnte, darauf\u2026","rel":"","context":"In &quot;Demokratie \u2013 Medien \u2013 Aufkl\u00e4rung&quot;","block_context":{"text":"Demokratie \u2013 Medien \u2013 Aufkl\u00e4rung","link":"https:\/\/www.freidenker.org\/?cat=12"},"img":{"alt_text":"","src":"https:\/\/i0.wp.com\/www.freidenker.org\/fw17\/wp-content\/uploads\/2017\/12\/board-2084777_800x445.jpg?fit=850%2C445&ssl=1&resize=350%2C200","width":350,"height":200,"srcset":"https:\/\/i0.wp.com\/www.freidenker.org\/fw17\/wp-content\/uploads\/2017\/12\/board-2084777_800x445.jpg?fit=850%2C445&ssl=1&resize=350%2C200 1x, https:\/\/i0.wp.com\/www.freidenker.org\/fw17\/wp-content\/uploads\/2017\/12\/board-2084777_800x445.jpg?fit=850%2C445&ssl=1&resize=525%2C300 1.5x, https:\/\/i0.wp.com\/www.freidenker.org\/fw17\/wp-content\/uploads\/2017\/12\/board-2084777_800x445.jpg?fit=850%2C445&ssl=1&resize=700%2C400 2x"},"classes":[]}],"_links":{"self":[{"href":"https:\/\/www.freidenker.org\/index.php?rest_route=\/wp\/v2\/posts\/9693","targetHints":{"allow":["GET"]}}],"collection":[{"href":"https:\/\/www.freidenker.org\/index.php?rest_route=\/wp\/v2\/posts"}],"about":[{"href":"https:\/\/www.freidenker.org\/index.php?rest_route=\/wp\/v2\/types\/post"}],"author":[{"embeddable":true,"href":"https:\/\/www.freidenker.org\/index.php?rest_route=\/wp\/v2\/users\/3"}],"replies":[{"embeddable":true,"href":"https:\/\/www.freidenker.org\/index.php?rest_route=%2Fwp%2Fv2%2Fcomments&post=9693"}],"version-history":[{"count":0,"href":"https:\/\/www.freidenker.org\/index.php?rest_route=\/wp\/v2\/posts\/9693\/revisions"}],"wp:featuredmedia":[{"embeddable":true,"href":"https:\/\/www.freidenker.org\/index.php?rest_route=\/wp\/v2\/media\/9697"}],"wp:attachment":[{"href":"https:\/\/www.freidenker.org\/index.php?rest_route=%2Fwp%2Fv2%2Fmedia&parent=9693"}],"wp:term":[{"taxonomy":"category","embeddable":true,"href":"https:\/\/www.freidenker.org\/index.php?rest_route=%2Fwp%2Fv2%2Fcategories&post=9693"},{"taxonomy":"post_tag","embeddable":true,"href":"https:\/\/www.freidenker.org\/index.php?rest_route=%2Fwp%2Fv2%2Ftags&post=9693"}],"curies":[{"name":"wp","href":"https:\/\/api.w.org\/{rel}","templated":true}]}}