{"id":9683,"date":"2021-03-09T03:50:21","date_gmt":"2021-03-09T02:50:21","guid":{"rendered":"https:\/\/www.freidenker.org\/?p=9683"},"modified":"2021-04-27T02:09:17","modified_gmt":"2021-04-27T00:09:17","slug":"mutti-ohne-mitgefuehl-merkels-dickfelligkeit","status":"publish","type":"post","link":"https:\/\/www.freidenker.org\/?p=9683","title":{"rendered":"Mutti ohne Mitgef\u00fchl: Merkels Dickfelligkeit"},"content":{"rendered":"<p><strong>Die Kanzlerin und ihre Kungelrunde w\u00e4hlen lieber den Lockdown als eine konsequente Impfstoff-Versorgung \u2013 Staatsversager nutzen die Tagesschau als Kosmetik-Salon<\/strong><\/p>\n<p><em>Von <strong>Friedhelm Klinkhammer<\/strong> und <strong>Volker Br\u00e4utigam<\/strong><\/em><\/p>\n<p><strong>Lehrer B\u00f6mmel (in der klassischen Filmkom\u00f6die \u201eDie Feuerzangenbowle\u201c): \u201eJetzt stelle mer ons \u00e4mol janz domm.\u201c Die Tagesschau-Redaktion macht das andauernd, sogar janz ohne B\u00f6mmel. Im Aufmacher ihrer 20 Uhr-Ausgabe am 4. M\u00e4rz berichtet sie beispielsweise: <\/strong><\/p>\n<p style=\"padding-left: 40px;\">\u201e<em>Nach zweieinhalb Monaten Lockdown haben Bund und L\u00e4nder den Weg zu Lockerungen geebnet. Daf\u00fcr verst\u00e4ndigten sie sich vergangene Nacht auf einen Stufenplan, der in verschiedenen Bereichen Schritt f\u00fcr Schritt den Alltag zur\u00fcckbringen soll.\u201c <\/em>(1)<\/p>\n<p><strong>Tats\u00e4chlich hatten Kanzlerin Merkel und ihr Versagerclub aber nur einen neuerlichen Beweis ihrer Unf\u00e4higkeit bei der Bew\u00e4ltigung der Pandemiefolgen erbracht. Und wie gewohnt hatte die Tagesschau darauf verzichtet, den Stufenplan als das zu benennen, was er ist: eine weitere Absurdit\u00e4t in der langen Reihe aberwitziger Fehlentscheidungen.<\/strong><\/p>\n<p>Ihr willk\u00fcrliches, durchgehend widerspr\u00fcchliches Lock-down-Regime mit allen seinen \u00fcblen Folgen f\u00e4llt inzwischen voll auf sie zur\u00fcck. Auch das Versagen ihres Gesundheitsministers Spahn geht letztlich auf ihre Kappe. Der einstige Kanzler-Aspirant ist l\u00e4ngst Watschenmann f\u00fcr Kabarettisten, hier f\u00fcr Gro\u00dfmeister Christian Ehring:<\/p>\n<p style=\"padding-left: 40px;\"><em>\u201eErst hat er zu wenige Masken bestellt, dann zu viele, dann die Corona-App gro\u00df angek\u00fcndigt und dann etwas rausgebracht, was gegen die Pandemie leider nicht viel besser wirkt als Candy Crush. Dann hat er zu wenig Impfstoff bestellt, dann den Impfpass vermasselt und dann noch f\u00fcr den 1. M\u00e4rz Schnelltests angek\u00fcndigt. Das wurde von der Kanzlerin blockiert, weil es in der Zeit nicht durchgesetzt werden konnte \u2026\u201c<\/em> (2)<\/p>\n<p>Es ist ein Merkmal des journalistischen Versagens der Tagesschau, dass sie es anderen Medien und schlie\u00dflich den Kabarettisten \u00fcberl\u00e4sst, unappetitliche Geschichten \u00fcber Spahn auszupacken. Es zeige sich, so Ehring in seiner Sendung \u201eextra3\u201c:<\/p>\n<p style=\"padding-left: 40px;\"><em>\u201e\u2026, dass Spahn auch in der Politik f\u00fcr absolute Hygiene sorgt: Eine Hand w\u00e4scht die andere.\u201c<\/em> (ebd.)<\/p>\n<p>Merkel h\u00e4tte diesen Mann l\u00e4ngst feuern m\u00fcssen. Auch er ist zu dickfellig, um unaufgefordert den Hut zu nehmen. F\u00fcr politischen Anstand hat er kein Gesp\u00fcr, da entspricht er dem Zeitgeist.<\/p>\n<h5>Organisiertes Staatsversagen<\/h5>\n<p>Unter Merkels Raute erhalten m\u00e4chtige Konzerne Unterst\u00fctzung in Milliardenh\u00f6he, w\u00e4hrend Mittel- und Kleinbetriebe absaufen, weite Teile der \u00e4rmeren Bev\u00f6lkerungsschicht unverantwortlich vernachl\u00e4ssigt werden und kulturelle Einrichtungen aufgeben m\u00fcssen. Vollmundig behauptete Kanzlerin Merkel im November 2020:<\/p>\n<p style=\"padding-left: 40px;\"><em>\u201eWir haben ein gro\u00dfes St\u00fcck des Weges zur\u00fcckgelegt \u2026 Impfstoffe werden nicht am Sankt-Nimmerleins-Tag<\/em>\u00a0zur Verf\u00fcgung stehen.\u201c (3)<\/p>\n<p>Jetzt, im M\u00e4rz 2021, sind weltweit bereits mehr als ein halbes Dutzend hochwirksamer Impfstoffe verf\u00fcgbar und werden in schnell wachsenden Mengen produziert. Doch Merkel ist noch immer meilenweit von der Erf\u00fcllung ihres Heilsversprechens entfernt. Ein Vierteljahr nach dessen Verk\u00fcndung sind kaum 5 Prozent der Bev\u00f6lkerung mit erster und zweiter Impfung versorgt. Die Kanzlerin aber sucht die Schuld daf\u00fcr bei anderen anstatt bei sich selbst:<\/p>\n<p style=\"padding-left: 40px;\"><em>\u201eWenn ich mal auspacke, was hier in dieser Runde f\u00fcr Fehler gelaufen sind, wenn ich das mal \u00f6ffentlich machen w\u00fcrde \u2026\u201c<\/em> (4)<\/p>\n<p>soll sie hinter verschlossenen T\u00fcren drohend angemerkt haben, als ob sie nicht die Richtlinienkompetenz und letztlich die Verantwortung f\u00fcr das Desaster h\u00e4tte. Spahns Fehlverhalten kann ihr nicht als Entlastung dienen, so drastisch es auch ist: Er nahm sich trotz aller dr\u00e4ngenden Amtspflichten die Zeit, den Einkauf einer Million\u00e4rsvilla zu arrangieren und weitere Immobiliengesch\u00e4fte zu t\u00e4tigen. (5) Als einige Journalisten Details recherchieren wollten, hetzte Spahn ihnen seine Anw\u00e4lte auf den Hals. (6) Auch dies \u00fcberging die Tagesschau.<\/p>\n<h5>Ein einziges Desaster<\/h5>\n<p>Nochmals: Die gesamtpolitische Verantwortung tr\u00e4gt Kanzlerin Merkel, daran ist auch angesichts folgender Ungeheuerlichkeit zu erinnern: Im Pandemiejahr 2020 wurden laut \u201eB\u00fcndnis Klinikrettung\u201c 20 Krankenh\u00e4user geschlossen, doppelt so viele wie im Schnitt der vorhergehenden Jahre, und 7309 Intensivbetten fielen weg. (7) Was machten die Tagesschau-Leute daraus? Obwohl grundgesetzlich in ihrer Freiheit abgesicherte Journalisten und nicht Kammerdiener und -zofen: Sie sprangen sie der Regierung mit verbalem Allzweckreiniger und Duftspray bei, als sei alles in bester Ordnung. (8)<\/p>\n<p>Anfang Februar stiftete die Kanzlerin abermals Unfrieden: Umfassende Lockerungen k\u00f6nne es erst bei einem Inzidenzwert von 35 geben, wegen der gef\u00e4hrlichen neuen Virus-Mutanten. Rolle vorw\u00e4rts und Rolle zur\u00fcck: Der Lockdown wurde dann bis zum 28. M\u00e4rz verl\u00e4ngert, als Voraussetzung f\u00fcr mehr \u00d6ffnung gilt aber statt 35 nun doch wieder der Inzidenzwert 50. Theater, Kinos, Opernh\u00e4user oder der Au\u00dfengastronomie k\u00f6nnen unter Umst\u00e4nden auch schon bei Inzidenzwerten zwischen 50 und 100 den Betrieb aufnehmen. Was gestern richtig war, ist heute falsch, denn eben noch hatte die Kanzlerin geklagt:<\/p>\n<p style=\"padding-left: 40px;\"><em>\u201eWir sind in der dritten Welle.\u201c<\/em> (10)<\/p>\n<p>Alarmistische Aufgeregtheit statt beruhigender Sachlichkeit. (11) Es h\u00f6rt sich an wie SPD-Lauterbach, der von hinten schon wieder hereingekommen ist, noch ehe man ihn vorne hinausgeworfen hat.<\/p>\n<p>\u00c4hnlich das Gezerre um den Schnelltest. Mitte Februar hatte Ank\u00fcndigungsminister Spahn f\u00fcr den 1. M\u00e4rz die kostenlose Abgabe von Schnelltests versprochen. (12) Kanzlerin Merkel pfiff ihn zur\u00fcck: Die Tests m\u00fcsse man \u201esorgf\u00e4ltig einphasen\u201c, erforderlich sei eine \u201emonatelange Teststrategie.\u201c (13) Da blieb Tante Trudi und Onkel Theobald nur der Seufzer: Lasst euch ruhig Zeit, ihr Lieben, es gehen ja t\u00e4glich nur ein paar hundert Covid-19-Patienten drauf \u2026<\/p>\n<p>Wie stellte sich ARD-aktuell als wichtigste deutsche Nachrichtenredaktion zu all dem? Sie bot s\u00fclzige Hofberichterstattung, auch \u00fcber das j\u00fcngste Treffen der Kanzlerin-L\u00e4nderchefs-Corona am 3. M\u00e4rz.<\/p>\n<p style=\"padding-left: 40px;\"><em>\u201eEin langer Tag, ein z\u00e4hes Ringen, eine m\u00fcde Kanzlerin, die versucht, Zuversicht auszustrahlen &#8230;\u00a0\u201c<\/em> (14)<\/p>\n<p>Emphatische Substanzlosigkeit, keine nennenswerte Kritik, keine journalistische Distanz. Den Politikern das Mikrofon unter die Nase halten, viel mehr hat ARD-aktuell nicht zu bieten. Keine \u00dcberpr\u00fcfung von Behauptungen, keine Analysen, die den Diskurs in rationale Bahnen lenken k\u00f6nnten. Nur selten wirklich kritische Kommentare (die Tagesschau kennzeichnet die neuerdings als \u201eMeinung\u201c):<\/p>\n<p style=\"padding-left: 40px;\"><em>\u201eDie neue Lockerungsstrategie der Bund-L\u00e4nder-Konferenz hei\u00dft Zuckerbrot und Peitsche. Doch so wirklich steigt niemand mehr durch, wann was wie erlaubt ist. Doch eines ist noch schlimmer. Es schwirrt der Kopf: 35 &#8211; 50 &#8211; 100.\u201c (15)<\/em><\/p>\n<h5>Qualit\u00e4tsjournalistische Selbstkastration<\/h5>\n<p>Ansonsten herrscht in der ARD-aktuell Redaktion strikte Selbstzensur, der Bericht eines anonymen Insiders best\u00e4tigt das Offensichtliche. (16)\u00a0Unter anderem, dass Ereignisse h\u00f6chstens als Nebens\u00e4chlichkeit unter \u201eferner liefen\u201c erw\u00e4hnt werden, wenn sie nicht ins transatlantische Weltbild passen, das die Tagesschau zu malen hat. Das ist eine besonders wirksame Form der Desinformation. Am 4. M\u00e4rz beispielsweise setzte die Redaktion folgende hochwichtige Nachricht ans Ende einer mehr als zehn Minuten langen, das Zuschauerinteresse narkotisierenden Corona-Berichterstattung:<\/p>\n<p style=\"padding-left: 40px;\"><em>\u201eUnterdessen hat die Europ\u00e4ische Arzneimittelagentur ein Pr\u00fcfverfahren zur m\u00f6glichen Zulassung des russischen Impfstoffs Sputnik V gestartet. Hintergrund seien Ergebnisse von Laborversuchen und klinischen Studien bei Erwachsenen, teilte die EMA mit. Die EU-Kommission stellte klar, dass sie derzeit nicht mit den Sputnik-Herstellern \u00fcber einen Liefervertrag verhandele. Ungarn und die Slowakei setzen das Vakzin bereits ein.\u201c <\/em>(s. Anm. 1)<\/p>\n<p>Unverfroren: Eine Information von solcher Tragweite wird als Kurzmeldung von gerade mal 25 Sekunden Dauer im Schlussdrittel der Sendung versteckt. \u201eDie EU-Kommission stellte klar, dass sie nicht mit den Sputnik-Herstellern verhandele\u201c. Ja ist es noch zu fassen? In der EU mangelt es an Impfstoff, aber Merkels Uschi l\u00e4sst die Russen wissen: \u201eDanke, kein Interesse!\u201c Und Kanzlerin Merkel widerspricht nicht, l\u00e4sst absichtlich eine erstklassige Versorgungschance aus und wird trotzdem nicht vom ARD-Hauptstadtstudio um Erkl\u00e4rung und Begr\u00fcndung gebeten?<\/p>\n<h5>Dem Gro\u00dfen Geld zu Diensten<\/h5>\n<p>Die Politiker bedienen die Profitinteressen der westlichen Pharmakonzerne (z. B. wird die Patentfreigabe f\u00fcr eine weltweite, massenhafte und preiswerte Impfstoffproduktion und -versorgung blockiert [17]) und die Tagesschau sendet als Nachrichten verpackte Werbebotschaften dar\u00fcber (typisches Argument: Arbeitspl\u00e4tze sichern)<em>.<\/em> Fundamentale Fragen im Interesse ihrer Zuschauer stellt die Redaktion nicht. Die Impfstoffe der westlichen Konzerne BionNTech, Moderna und AstraZeneca wurden sofort nach Antragstellung gepr\u00fcft, binnen 17 Tagen von der Arzneimittelbeh\u00f6rde EMA zugelassen und eine Woche sp\u00e4ter auch in Deutschland eingesetzt; warum beginnt die EMA dagegen erst jetzt, volle sechs Wochen nach Antragseingang, den russischen Impfstoff Sputnik V zu pr\u00fcfen? Wer stand da auf der Bremse?<\/p>\n<p>Warum zeigt Berlin nicht das geringste Interesse an den hochwirksamen und inzwischen weltweit, millionenfach und problemfrei eingesetzten Impfstoffen aus Russland und China?<\/p>\n<p>Kann es sein, dass Kanzlerin Merkel und ihr Gefolge das Versorgungsinteresse der Bundesb\u00fcrger dem Profitinteresse der westlichen Pharmakonzerne unterordnen und sich sogar auf dem Gebiet der Gesundheitsf\u00fcrsorge dem geopolitischen Interesse der USA beugen?<\/p>\n<p>Kann die deutsche Selbstverpflichtung, die Feindseligkeit der Amis gegen Russland und China nachzuahmen, wirklich so weit gehen, dass wir uns selbst ins Knie schie\u00dfen? Es passt allerdings dazu, dass sich die Bundesrepublik ohnehin als Schlachtfeld f\u00fcr einen Krieg mit Russland anbietet.<\/p>\n<p>Nein, die Tagesschau fragt sowas dringend Gebotenes nicht.<\/p>\n<p>Wie g\u00e4nzlich anders als unsere US-Statthalterin verh\u00e4lt sich das kleine Nicht-EU-Mitglied Serbien: Auf die Frage, warum seine Regierung auch chinesische und russische Impfstoffe zulasse, antwortete die Ministerpr\u00e4sidentin Ana Brnabic schlicht:<\/p>\n<p style=\"padding-left: 40px;\"><em>\u201eEs geht um Leben, nicht um Geopolitik.\u201c<\/em>\u00a0(18)<\/p>\n<p>In der glorreichen EU herrscht weiterhin Impfstoffmangel. Er geht auf Merkels Konto und auf das ihrer Freundin von der Leyen. (19) Die Kampfl\u00e4chlerin ist bekanntlich \u00c4rztin. Ihren Doktortitel erwarb sie mit einer nur 62 Seiten umfassenden Dissertation, die sie obendrein noch gegen starken Plagiats-Verdacht verteidigen musste. (20) Unser deutsches Damen-Duo strebt dennoch an, die europ\u00e4ische Immunisierung ausschlie\u00dflich westlichen Pharma-Konzernen zu \u00fcberantworten, und das, versteht sich, zu gigantisch hohen Preisen. Andere, wesentlich g\u00fcnstigere und qualitativ mindestens gleichwertige Produkte aus Indien, China und Russland sind nicht erw\u00fcnscht. Bei BioNTech, Moderna und AstraZeneca wurden f\u00fcr die 447 Millionen EU-B\u00fcrger insgesamt 1,15 Milliarden Impfdosen bestellt. Die \u00f6stliche Konkurrenz wird au\u00dfen vor gehalten.<\/p>\n<h5>Miesmacherei<\/h5>\n<p>Dass es in Deutschland keinen russischen oder chinesischen Impfstoff geben sollte, zeigten bereits die Kampagnen im Sommer vorigen Jahres.\u00a0\u201eHochriskantes Experiment\u201c titelte ARD-aktuell in ihrem Bericht \u00fcber die Entwicklung des \u201eSputnik V\u201c. (21) Der \u00c4rzte-Funktion\u00e4r Klaus Reinhardt, obwohl bereits durch anderen Corona-Unfug aufgefallen, wurde als Zeuge bem\u00fcht:<\/p>\n<p style=\"padding-left: 40px;\"><em>\u201e<\/em><em>Es dr\u00e4ngt sich der Eindruck auf, dass es sich um eine populistische Ma\u00dfnahme eines autorit\u00e4r regierten Staates handelt, der der Weltgemeinschaft seine wissenschaftliche Leistungsf\u00e4higkeit demonstrieren m\u00f6chte.\u201c<\/em> (22)<\/p>\n<p>ARD-aktuell\u00a0ignorierte einfach, dass es sich beim seinerzeitigen Verfahren\u00a0nicht um den Start einer allgemeinen Impfaktion handelte, sondern um die in Russland \u00fcbliche \u201eRegistrierung\u201c\u00a0eines Impfstoffes, mit dessen Erprobung erst danach gem\u00e4\u00df weltweit \u00fcblichem Verfahren begonnen werden sollte. (23)<\/p>\n<p>Als\u00a0einige Monate sp\u00e4ter\u00a0in der \u00e4ltesten und renommiertesten medizinischen Fachzeitschrift der Welt, The Lancet, Sputnik V als ein\u00a0hochwirksamer und problemfreier\u00a0Impfstoff\u00a0qualifiziert wurde (24), nahm sich ARD-aktuell etwas zur\u00fcck, wollte aber \u2013 weil ja integraler Bestandteil ihrer feindseligen Berichterstattung \u00fcber Russland \u2013 auf Falschinformation immer noch nicht verzichten:<\/p>\n<p style=\"padding-left: 40px;\"><em>\u201eDie Freigabe in\u00a0Russland erfolgte vor gut einem halben Jahr. Damals gab es international Kritik, weil die Erlaubnis f\u00fcr eine breite Anwendung in der Bev\u00f6lkerung vorlag\u201c. <\/em>(25)<\/p>\n<p>Die Tagesschau unterdr\u00fcckt mit Flei\u00df jede Nachricht dar\u00fcber, dass deutsche und EU-Instanzen nach wie vor die Zulassung des Sputnik V-Impfstoffs auszubremsen versuchen. Die Russen\u00a0hatten nach eigenen Angaben\u00a0ihren Antrag am 22. Dezember eingereicht\u00a0(in\u00a0bisher 42 L\u00e4ndern mit einer Gesamtbev\u00f6lkerung von 1,1 Milliarden Menschen ist Sputnik V inzwischen registriert und in Gebrauch).\u00a0Die EMA aber stellte sich wochenlang dumm und bestritt, \u00fcberhaupt einen Zulassungsantrag erhalten zu haben.\u00a0Erst als einzelne EU-Staaten\u00a0wegen der Impfstoff-Engp\u00e4sse\u00a0in Eigenregie Sputnik V\u00a0direkt in Russland einkauften und ihren B\u00fcrgern verabreichen lie\u00dfen \u2013 Ungarn, Slowakei, (in Vorbereitung: Tschechien, \u00d6sterreich, Niederlande) \u2013 fand sich die EMA am 4. M\u00e4rz bereit, die formelle \u00a0Zulassung\u00a0in der EU zu pr\u00fcfen.<\/p>\n<h5>Gegendruck aus allen Richtungen<\/h5>\n<p>Da hatten auch deutsche Politiker \u2013 genervt vom ungereimten, dilettantischen Lockdown-Regime der Kanzlerin \u2013 bereits Druck gemacht. Der Fraktionsvorsitzende der Linkspartei, Dietmar Bartsch:<\/p>\n<p style=\"padding-left: 40px;\"><em>\u201eDas Schl\u00fcsselthema ist<\/em>\u00a0<em>z\u00fcgiges Impfen.\u201c<\/em> (26)<\/p>\n<p>Sachsen-Anhalts Ministerpr\u00e4sident Reiner Haseloff:<\/p>\n<p style=\"padding-left: 40px;\"><em>\u201eMan sollte \u00fcber m\u00f6gliche Impfstoff-Lieferungen mit Russland reden &#8230; Ich bin als Kind schon mit einem russischen Pr\u00e4parat erfolgreich gegen Kinderl\u00e4hmung geimpft worden &#8230; Ich w\u00fcrde mich jederzeit mit Sputnik V impfen lassen.\u201c <\/em>(27)<\/p>\n<p>Der bayerische Ministerpr\u00e4sident Markus S\u00f6der:<\/p>\n<p style=\"padding-left: 40px;\"><em>\u201eIch h\u00f6re sogar, Sputnik soll besser sein als mancher Impfstoff, der bei uns schon geimpft wird.\u201c<\/em> (28)<\/p>\n<p>Russland hat sich l\u00e4ngst bereit erkl\u00e4rt, der EU 100 Millionen Dosen Sputnik V zur Verf\u00fcgung zu stellen. (29) Es wird jedoch mindestens bis Juni dauern, ehe deutsche Interessenten (von denen es einige Millionen gibt) sich damit versorgen lassen k\u00f6nnen \u2013 wenn \u00fcberhaupt. Denn transatlantisch lackierte Politiker wie Kanzlerin Merkel und EU-Kommissionspr\u00e4sidentin von der Leyen blockieren nach Kr\u00e4ften. Und die Tagesschau \u00fcbergeht diesen Skandal, den man angesichts der Corona-bedingten \u00dcbersterblichkeit nur noch als transatlantisches Politgangstertum bezeichnen kann.<\/p>\n<p>Glattweg unterschlug ARD-aktuell am 4. M\u00e4rz auch diese wesentliche Nachricht:<\/p>\n<p style=\"padding-left: 40px;\"><em>\u201eDer Bundestag <\/em><em>hat mit der Mehrheit der Regierungsparteien die Fortdauer einer \u201aepidemische Lage von nationaler Tragweite\u2018 festgestellt.\u201c<\/em> (30)<\/p>\n<p>Unser aller Parlament sicherte damit die Rechtsgrundlage f\u00fcr fortgesetzte Lockdown-Restriktionen. Die Volksvertreter verzichteten f\u00fcr weitere drei Monate auf ihr Beteiligungs- und Entscheidungsrecht und lassen unserer regierenden Versagertruppe freie Hand beim Weiterwursteln. Was Wunder, wenn sich der noch immer bedeutendste TV-Nachrichtenanbieter, die ARD-Tagesschau, nicht als Vierte Gewalt versteht, als kritisches Kontrollorgan der \u00d6ffentlichkeit. Die Redakteure der ARD-aktuell sind allerdings nicht die einzigen Journalisten mit Gummischlauch statt R\u00fcckgrat.<\/p>\n<p>&nbsp;<\/p>\n<p><strong>Quellen und Anmerkungen:<\/strong><\/p>\n<p>(1) <a href=\"https:\/\/www.tagesschau.de\/multimedia\/sendung\/ts-41787.html\">https:\/\/www.tagesschau.de\/multimedia\/sendung\/ts-41787.html<\/a><br \/>\n(2) <a href=\"https:\/\/www.ndr.de\/fernsehen\/sendungen\/extra_3\/rueckschau\/extra-3-vom-04032021,extradreisendung332.html\">https:\/\/www.ndr.de\/fernsehen\/sendungen\/extra_3\/rueckschau\/extra-3-vom-04032021,extradreisendung332.html<\/a> (ab ca. 10\u201830\u201c)<br \/>\n(3) <a href=\"https:\/\/www.welt.de\/politik\/deutschland\/article221277222\/Angela-Merkel-spricht-Buergern-in-Corona-Pandemie-Mut-zu.html\">https:\/\/www.welt.de\/politik\/deutschland\/article221277222\/Angela-Merkel-spricht-Buergern-in-Corona-Pandemie-Mut-zu.html<\/a><br \/>\n(4) <a href=\"https:\/\/www.msn.com\/de-de\/finanzen\/top-stories\/hauptstadtgefl\u00fcster-impf-krieg-zwischen-merkel-und-spahn\/ar-BB1cwhzm\">https:\/\/www.msn.com\/de-de\/finanzen\/top-stories\/hauptstadtgefl\u00fcster-impf-krieg-zwischen-merkel-und-spahn\/ar-BB1cwhzm<\/a><br \/>\n(5) <a href=\"https:\/\/www.stern.de\/politik\/deutschland\/jens-spahn-hat-mehr-immobilien-als-bisher-bekannt-9542138.html\">https:\/\/www.stern.de\/politik\/deutschland\/jens-spahn-hat-mehr-immobilien-als-bisher-bekannt-9542138.html<\/a><br \/>\n(6) <a href=\"https:\/\/www.welt.de\/politik\/deutschland\/article226986455\/Immobiliengeschaefte-Jens-Spahn-forscht-offenbar-Journalisten-hinterher.html\">https:\/\/www.welt.de\/politik\/deutschland\/article226986455\/Immobiliengeschaefte-Jens-Spahn-forscht-offenbar-Journalisten-hinterher.html<\/a><br \/>\n(7) <a href=\"https:\/\/www.aerzteblatt.de\/archiv\/212788\/Krankenhausschliessungen-Spahn-wuenscht-sich-mehr-Mut-bei-Debatte\">https:\/\/www.aerzteblatt.de\/archiv\/212788\/Krankenhausschliessungen-Spahn-wuenscht-sich-mehr-Mut-bei-Debatte<\/a><br \/>\n(8) <a href=\"https:\/\/www.freitag.de\/autoren\/elisvoss\/tagesschau-relativiert-klinikschliessungen\">https:\/\/www.freitag.de\/autoren\/elisvoss\/tagesschau-relativiert-klinikschliessungen<\/a><br \/>\n(9) <a href=\"https:\/\/www.gesetze-im-internet.de\/ifsg\/__28a.html\">https:\/\/www.gesetze-im-internet.de\/ifsg\/__28a.html<\/a><br \/>\n(10) <a href=\"https:\/\/www.spiegel.de\/consent-a-?targetUrl=https%3A%2F%2Fwww.spiegel.de%2Fpolitik%2Fausland%2Fcoronavirus-angela-merkel-sieht-deutschland-in-dritter-welle-a-2e8dc0f6-88db-44aa-8432-1cc8c687dbf\">https:\/\/www.spiegel.de\/consent-a-?targetUrl=https%3A%2F%2Fwww.spiegel.de%2Fpolitik%2Fausland%2Fcoronavirus-angela-merkel-sieht-deutschland-in-dritter-welle-a-2e8dc0f6-88db-44aa-8432-1cc8c687dbf<\/a>a<br \/>\n(11) <a href=\"https:\/\/www.br.de\/nachrichten\/wissen\/dritte-corona-welle-ein-wahrscheinliches-szenario,SPGnQe6\">https:\/\/www.br.de\/nachrichten\/wissen\/dritte-corona-welle-ein-wahrscheinliches-szenario,SPGnQe6<\/a><br \/>\n(12) <a href=\"https:\/\/www.tagesschau.de\/multimedia\/video\/video-824721.html\">https:\/\/www.tagesschau.de\/multimedia\/video\/video-824721.html<\/a><br \/>\n(13) <a href=\"https:\/\/rp-online.de\/politik\/deutschland\/corona-mpk-angela-merkel-kuendigt-staerker-regionalisierte-oeffnungsstrategie-an_aid-56564545\">https:\/\/rp-online.de\/politik\/deutschland\/corona-mpk-angela-merkel-kuendigt-staerker-regionalisierte-oeffnungsstrategie-an_aid-56564545<\/a><br \/>\n(14) <a href=\"https:\/\/www.tagesschau.de\/inland\/lockdown-verlaengerung-105.html\">https:\/\/www.tagesschau.de\/inland\/lockdown-verlaengerung-105.html<\/a><br \/>\n(15) <a href=\"https:\/\/www.tagesschau.de\/kommentar\/bund-laender-beschluesse-107.html\">https:\/\/www.tagesschau.de\/kommentar\/bund-laender-beschluesse-107.html<\/a><br \/>\n(16) <a href=\"https:\/\/multipolar-magazin.de\/artikel\/die-mainstream-blase\">https:\/\/multipolar-magazin.de\/artikel\/die-mainstream-blase<\/a><br \/>\n(17) <a href=\"https:\/\/www.german-foreign-policy.com\/news\/detail\/8544\/\">https:\/\/www.german-foreign-policy.com\/news\/detail\/8544\/<\/a><br \/>\n(18) <a href=\"https:\/\/www.focus.de\/politik\/ausland\/ministerpraesidentin-ana-brnabic-im-exklusiv-interview-mit-putin-impfstoff-ueberholt-serbien-eu-es-geht-um-leben-nicht-geopolitik_id_12935921.html\">https:\/\/www.focus.de\/politik\/ausland\/ministerpraesidentin-ana-brnabic-im-exklusiv-interview-mit-putin-impfstoff-ueberholt-serbien-eu-es-geht-um-leben-nicht-geopolitik_id_12935921.html<\/a><br \/>\n(19) <a href=\"https:\/\/lostineu.eu\/warum-das-impfdebakel-ohne-folgen-bleibt\/\">https:\/\/lostineu.eu\/warum-das-impfdebakel-ohne-folgen-bleibt\/<\/a><br \/>\n(20) <a href=\"https:\/\/www.bild.de\/ratgeber\/wissenschaft\/doktor\/kuerzeste-doktorarbeit-drei-seiten-medizin-42753172.bild.html\">https:\/\/www.bild.de\/ratgeber\/wissenschaft\/doktor\/kuerzeste-doktorarbeit-drei-seiten-medizin-42753172.bild.html<\/a><br \/>\n(21) <a href=\"https:\/\/www.tagesschau.de\/ausland\/russland-impfstoff-103.html\">https:\/\/www.tagesschau.de\/ausland\/russland-impfstoff-103.html<\/a><br \/>\n(22) <a href=\"https:\/\/www1.wdr.de\/nachrichten\/bundesaerztekammer-praesident-reinhardt-masken-100.html\">https:\/\/www1.wdr.de\/nachrichten\/bundesaerztekammer-praesident-reinhardt-masken-100.html<\/a><br \/>\n(23) <a href=\"https:\/\/www.anti-spiegel.ru\/2020\/aufregung-um-russischen-corona-impfstoff-die-fake-news-der-deutschen-qualitaetsmedien\/\">https:\/\/www.anti-spiegel.ru\/2020\/aufregung-um-russischen-corona-impfstoff-die-fake-news-der-deutschen-qualitaetsmedien\/<\/a><br \/>\n(24) <a href=\"https:\/\/www.thelancet.com\/journals\/lancet\/article\/PIIS0140-6736(21)00191-4\/fulltext\">https:\/\/www.thelancet.com\/journals\/lancet\/article\/PIIS0140-6736(21)00191-4\/fulltext<\/a><br \/>\n(25) <a href=\"https:\/\/www.tagesschau.de\/ausland\/asien\/impfstoff-russland-sputnik-wirksamkeit-101.html\">https:\/\/www.tagesschau.de\/ausland\/asien\/impfstoff-russland-sputnik-wirksamkeit-101.html<\/a><br \/>\n(26) <a href=\"https:\/\/www.welt.de\/politik\/deutschland\/article227574777\/Corona-Lockerungen-Regierung-schadet-Ansehen-Deutschlands-in-der-Welt-massiv.html\">https:\/\/www.welt.de\/politik\/deutschland\/article227574777\/Corona-Lockerungen-Regierung-schadet-Ansehen-Deutschlands-in-der-Welt-massiv.html<\/a><br \/>\n(27) <a href=\"https:\/\/www.onvista.de\/news\/haseloff-wirbt-fuer-einsatz-von-russischem-corona-impfstoff-sputnik-v-438362337\">https:\/\/www.onvista.de\/news\/haseloff-wirbt-fuer-einsatz-von-russischem-corona-impfstoff-sputnik-v-438362337<\/a><br \/>\n(28) <a href=\"https:\/\/www.zdf.de\/politik\/maybrit-illner\/tschentscher-und-soeder-zu-sputnik-v-4-februar-2021-100.html\">https:\/\/www.zdf.de\/politik\/maybrit-illner\/tschentscher-und-soeder-zu-sputnik-v-4-februar-2021-100.html<\/a><br \/>\n(29) <a href=\"https:\/\/www.rnd.de\/gesundheit\/sputnik-v-russland-stellt-eu-100-millionen-dosen-corona-impfstoff-in-aussicht-APZHXC2FJR4BAUWBY462XLCIJI.html\">https:\/\/www.rnd.de\/gesundheit\/sputnik-v-russland-stellt-eu-100-millionen-dosen-corona-impfstoff-in-aussicht-APZHXC2FJR4BAUWBY462XLCIJI.html<\/a><br \/>\n(30) <a href=\"https:\/\/deutsche-wirtschafts-nachrichten.de\/510139\/Bundestag-verlaengert-juristische-Grundlage-fuer-Sonderrechte-und-Corona-Restriktionen\">https:\/\/deutsche-wirtschafts-nachrichten.de\/510139\/Bundestag-verlaengert-juristische-Grundlage-fuer-Sonderrechte-und-Corona-Restriktionen<\/a><\/p>\n<p style=\"text-align: right;\"><em><strong>Das\u00a0Autoren-Team:\u00a0<\/strong><\/em><\/p>\n<p style=\"text-align: right;\"><em>Friedhelm Klinkhammer, Jahrgang\u00a01944, Jurist. 1975 bis 2008 Mitarbeiter des NDR, zeitweise Vorsitzender des NDR-Gesamtpersonalrats und des ver.di-Betriebsverbandes\u00a0sowie Referent einer Funkhausdirektorin.<\/em><\/p>\n<p style=\"text-align: right;\"><em>Volker Br\u00e4utigam, Jahrgang 1941, Redakteur. 1975 bis 1996 Mitarbeiter des NDR, zun\u00e4chst in der Tagesschau, von 1992 an in der Kulturredaktion f\u00fcr N3. Danach Lehrauftrag an der Fu-Jen-Universit\u00e4t\u00a0in Taipeh.<\/em><\/p>\n<p style=\"text-align: right;\"><em>Beide Autoren sind Mitglieder des Beirates des Deutschen Freidenker-Verbandes.<\/em><\/p>\n<p><span style=\"font-size: 10pt;\">Dieser Beitrag erschien am 08.03.2021 auch auf <a href=\"https:\/\/publikumskonferenz.de\/blog\/2021\/03\/08\/mutti-ohne-mitgefuehl-merkels-dickfelligkeit\/\" target=\"_blank\" rel=\"noopener\">publikumskonferenz.de<\/a><\/span><\/p>\n<hr \/>\n<p><span style=\"font-size: 10pt;\">Bild oben: Collage von Ralf Lux, unter Verwendung von:<\/span><\/p>\n<p><span style=\"font-size: 10pt;\">Viren: <a href=\"https:\/\/pixabay.com\/de\/illustrations\/corona-coronavirus-virus-blut-5174671\/\" target=\"_blank\" rel=\"noopener\">pixabay.com<\/a> \/ <a class=\"hover_opacity\" href=\"https:\/\/pixabay.com\/de\/users\/geralt-9301\/\">geralt<\/a> \/ <a href=\"https:\/\/pixabay.com\/de\/service\/license\/\">Pixabay License<\/a><\/span><br \/>\n<span style=\"font-size: 10pt;\">Merkel: <a href=\"https:\/\/pixabay.com\/de\/photos\/merkel-bundeskanzlerin-deutschland-2537927\/\" target=\"_blank\" rel=\"noopener\">pixabay.com<\/a> \/ <a class=\"hover_opacity\" href=\"https:\/\/pixabay.com\/de\/users\/geralt-9301\/\">geralt<\/a> \/ <a href=\"https:\/\/pixabay.com\/de\/service\/license\/\">Pixabay License<\/a><\/span><\/p>\n","protected":false},"excerpt":{"rendered":"<p><b>Beitrag von Friedhelm Klinkhammer und Volker Br\u00e4utigam<\/b><br \/>\nDie Tagesschau-Redaktion berichtete Im Aufmacher ihrer 20 Uhr-Ausgabe am 4. M\u00e4rz: \u201eNach zweieinhalb Monaten Lockdown haben Bund und L\u00e4nder den Weg zu Lockerungen geebnet. Daf\u00fcr verst\u00e4ndigten sie sich vergangene Nacht auf einen Stufenplan, der in verschiedenen Bereichen Schritt f\u00fcr Schritt den Alltag zur\u00fcckbringen soll.\u201c<br \/>\nTats\u00e4chlich hatten Kanzlerin Merkel und ihr Versagerclub aber nur einen neuerlichen Beweis ihrer Unf\u00e4higkeit bei der Bew\u00e4ltigung der Pandemiefolgen erbracht. Und wie gewohnt hatte die Tagesschau darauf verzichtet, den Stufenplan als das zu benennen, was er ist: eine weitere Absurdit\u00e4t in der langen Reihe aberwitziger Fehlentscheidungen.<\/p>\n","protected":false},"author":3,"featured_media":9685,"comment_status":"closed","ping_status":"closed","sticky":false,"template":"","format":"standard","meta":{"colormag_page_container_layout":"default_layout","colormag_page_sidebar_layout":"default_layout","advanced_seo_description":"","jetpack_seo_html_title":"","jetpack_seo_noindex":false,"jetpack_post_was_ever_published":false,"footnotes":""},"categories":[12],"tags":[682,1032,1256,1278,1351,1257,1126],"class_list":["post-9683","post","type-post","status-publish","format-standard","has-post-thumbnail","hentry","category-demokratie-medien-aufklaerung","tag-angela-merkel","tag-bundesregierung","tag-corona-virus","tag-impfung","tag-lockdown","tag-pandemie","tag-tagesschau"],"jetpack_featured_media_url":"https:\/\/i0.wp.com\/www.freidenker.org\/fw17\/wp-content\/uploads\/2021\/03\/Merkel_mit_Viren.jpg?fit=800%2C450&ssl=1","jetpack_shortlink":"https:\/\/wp.me\/p9stpK-2wb","jetpack-related-posts":[{"id":11728,"url":"https:\/\/www.freidenker.org\/?p=11728","url_meta":{"origin":9683,"position":0},"title":"Tagesschau-Spezialit\u00e4t: Feindbildpflege","author":"Webredaktion","date":"29. November 2021","format":false,"excerpt":"Beitrag von Friedhelm Klinkhammer und Volker Br\u00e4utigam ARD-aktuell berichtet \u00fcber eine Untersuchung, welche Politiker und Parteien am h\u00e4ufigsten Opfer von Falschmeldungen waren: die GR\u00dcNEN, diese \u2013 \u00c4rmsten.\u00a0Denen sich doch, wer merkt es nicht, so viele Journalisten verbunden f\u00fchlen.\u00a0Und wer produziert all die b\u00f6sen Fakenews? Der Russe nat\u00fcrlich. Kalter Kaffee, Napfs\u00fclze.\u00a0Wesentlich\u2026","rel":"","context":"In &quot;Demokratie \u2013 Medien \u2013 Aufkl\u00e4rung&quot;","block_context":{"text":"Demokratie \u2013 Medien \u2013 Aufkl\u00e4rung","link":"https:\/\/www.freidenker.org\/?cat=12"},"img":{"alt_text":"","src":"https:\/\/i0.wp.com\/www.freidenker.org\/fw17\/wp-content\/uploads\/2021\/11\/putin_graffiti-800x450-1.jpg?fit=800%2C450&ssl=1&resize=350%2C200","width":350,"height":200,"srcset":"https:\/\/i0.wp.com\/www.freidenker.org\/fw17\/wp-content\/uploads\/2021\/11\/putin_graffiti-800x450-1.jpg?fit=800%2C450&ssl=1&resize=350%2C200 1x, https:\/\/i0.wp.com\/www.freidenker.org\/fw17\/wp-content\/uploads\/2021\/11\/putin_graffiti-800x450-1.jpg?fit=800%2C450&ssl=1&resize=525%2C300 1.5x, https:\/\/i0.wp.com\/www.freidenker.org\/fw17\/wp-content\/uploads\/2021\/11\/putin_graffiti-800x450-1.jpg?fit=800%2C450&ssl=1&resize=700%2C400 2x"},"classes":[]},{"id":10616,"url":"https:\/\/www.freidenker.org\/?p=10616","url_meta":{"origin":9683,"position":1},"title":"Menschenrecht nach Tagesschau-Ma\u00df","author":"Webredaktion","date":"23. Juni 2021","format":false,"excerpt":"Beitrag von Friedhelm Klinkhammer und Volker Br\u00e4utigam In Wahlkampfzeiten wie diesen f\u00e4llt sie besonders ins Auge: unsere gnadenlose deutsche Rechthaberei, gekleidet in hehren Anspruch gegen\u00fcber anderen Staaten und deren Regierungen. Menschenrechte! Ihre Beachtung m\u00fcsse besonders von Russland und China gefordert und mit transatlantischer Sanktions-Gewalt durchgesetzt werden, belehren uns die herrschenden\u2026","rel":"","context":"In &quot;Demokratie \u2013 Medien \u2013 Aufkl\u00e4rung&quot;","block_context":{"text":"Demokratie \u2013 Medien \u2013 Aufkl\u00e4rung","link":"https:\/\/www.freidenker.org\/?cat=12"},"img":{"alt_text":"","src":"https:\/\/i0.wp.com\/www.freidenker.org\/fw17\/wp-content\/uploads\/2021\/06\/Spargelernte4_800x450.jpg?fit=800%2C450&ssl=1&resize=350%2C200","width":350,"height":200,"srcset":"https:\/\/i0.wp.com\/www.freidenker.org\/fw17\/wp-content\/uploads\/2021\/06\/Spargelernte4_800x450.jpg?fit=800%2C450&ssl=1&resize=350%2C200 1x, https:\/\/i0.wp.com\/www.freidenker.org\/fw17\/wp-content\/uploads\/2021\/06\/Spargelernte4_800x450.jpg?fit=800%2C450&ssl=1&resize=525%2C300 1.5x, https:\/\/i0.wp.com\/www.freidenker.org\/fw17\/wp-content\/uploads\/2021\/06\/Spargelernte4_800x450.jpg?fit=800%2C450&ssl=1&resize=700%2C400 2x"},"classes":[]},{"id":8110,"url":"https:\/\/www.freidenker.org\/?p=8110","url_meta":{"origin":9683,"position":2},"title":"Minister Heils echt sozialdemokratischer Tiefschlag","author":"Webredaktion","date":"17. Mai 2020","format":false,"excerpt":"Beitrag von Friedhelm Klinkhammer und Volker Br\u00e4utigam In den Nachrichtensendungen der ARD-aktuell h\u00e4ufen sich Meldungen \u00fcber die \u00f6konomischen Auswirkungen des Anti-Pandemie-Regimes \u2013 und \u00fcber die Forderungen der Wirtschaftslobby nach finanziellem Ersatz und Steuererleichterungen. Das sonst so gern behauptete \u201eUnternehmerrisiko\u201c taucht in diesem Zusammenhang nat\u00fcrlich nicht auf. Wer tats\u00e4chlich die schwersten\u2026","rel":"","context":"In &quot;Arbeit &amp; Soziales&quot;","block_context":{"text":"Arbeit &amp; Soziales","link":"https:\/\/www.freidenker.org\/?cat=11"},"img":{"alt_text":"","src":"https:\/\/i0.wp.com\/www.freidenker.org\/fw17\/wp-content\/uploads\/2020\/05\/Hubertus_Heil_1271_800x450.jpg?fit=800%2C450&ssl=1&resize=350%2C200","width":350,"height":200,"srcset":"https:\/\/i0.wp.com\/www.freidenker.org\/fw17\/wp-content\/uploads\/2020\/05\/Hubertus_Heil_1271_800x450.jpg?fit=800%2C450&ssl=1&resize=350%2C200 1x, https:\/\/i0.wp.com\/www.freidenker.org\/fw17\/wp-content\/uploads\/2020\/05\/Hubertus_Heil_1271_800x450.jpg?fit=800%2C450&ssl=1&resize=525%2C300 1.5x, https:\/\/i0.wp.com\/www.freidenker.org\/fw17\/wp-content\/uploads\/2020\/05\/Hubertus_Heil_1271_800x450.jpg?fit=800%2C450&ssl=1&resize=700%2C400 2x"},"classes":[]},{"id":24379,"url":"https:\/\/www.freidenker.org\/?p=24379","url_meta":{"origin":9683,"position":3},"title":"Gasspeicher leer","author":"Webredaktion","date":"9. Februar 2026","format":false,"excerpt":"Tagesschau: Russen schuldig Beitrag von Uli Gellermann Die Gasspeicher in Deutschland sind nur noch zu weniger als 40 Prozent gef\u00fcllt. Das passt super zu einem harten Winter. Speicher gibt es genug in Deutschland. Aber sie sind nicht so gef\u00fcllt wie in den Jahren zuvor. Woran liegt das? Die amtliche \u201eTagesschau\u201c\u2026","rel":"","context":"In &quot;Demokratie \u2013 Medien \u2013 Aufkl\u00e4rung&quot;","block_context":{"text":"Demokratie \u2013 Medien \u2013 Aufkl\u00e4rung","link":"https:\/\/www.freidenker.org\/?cat=12"},"img":{"alt_text":"","src":"https:\/\/i0.wp.com\/www.freidenker.org\/fw17\/wp-content\/uploads\/2026\/02\/Gasbehaelter_Aachen_2_800x450.jpg?fit=800%2C450&ssl=1&resize=350%2C200","width":350,"height":200,"srcset":"https:\/\/i0.wp.com\/www.freidenker.org\/fw17\/wp-content\/uploads\/2026\/02\/Gasbehaelter_Aachen_2_800x450.jpg?fit=800%2C450&ssl=1&resize=350%2C200 1x, https:\/\/i0.wp.com\/www.freidenker.org\/fw17\/wp-content\/uploads\/2026\/02\/Gasbehaelter_Aachen_2_800x450.jpg?fit=800%2C450&ssl=1&resize=525%2C300 1.5x, https:\/\/i0.wp.com\/www.freidenker.org\/fw17\/wp-content\/uploads\/2026\/02\/Gasbehaelter_Aachen_2_800x450.jpg?fit=800%2C450&ssl=1&resize=700%2C400 2x"},"classes":[]},{"id":11610,"url":"https:\/\/www.freidenker.org\/?p=11610","url_meta":{"origin":9683,"position":4},"title":"\u201eKlimaschutz\u201c: Die Kleinen Leute bezahlen, die Reichen zocken ab","author":"Webredaktion","date":"14. November 2021","format":false,"excerpt":"Beitrag von Friedhelm Klinkhammer und Volker Br\u00e4utigam Von alten Affen darf man keine neuen Grimassen erwarten und von ARD-aktuell keine systemkritischen Nachrichten. Die Redaktion beweist das t\u00e4glich. Besonders enervierend mit ihren konformistischen Berichten \u00fcber die schwachbr\u00fcstige Politik gegen die Klimakatastrophe: Hilfestellung f\u00fcrs Publikum, damit es das bisschen Wesentliche im substanzlosen\u2026","rel":"","context":"In &quot;Demokratie \u2013 Medien \u2013 Aufkl\u00e4rung&quot;","block_context":{"text":"Demokratie \u2013 Medien \u2013 Aufkl\u00e4rung","link":"https:\/\/www.freidenker.org\/?cat=12"},"img":{"alt_text":"","src":"https:\/\/i0.wp.com\/www.freidenker.org\/fw17\/wp-content\/uploads\/2021\/11\/klimaschutz_geld_800x450.jpg?fit=800%2C450&ssl=1&resize=350%2C200","width":350,"height":200,"srcset":"https:\/\/i0.wp.com\/www.freidenker.org\/fw17\/wp-content\/uploads\/2021\/11\/klimaschutz_geld_800x450.jpg?fit=800%2C450&ssl=1&resize=350%2C200 1x, https:\/\/i0.wp.com\/www.freidenker.org\/fw17\/wp-content\/uploads\/2021\/11\/klimaschutz_geld_800x450.jpg?fit=800%2C450&ssl=1&resize=525%2C300 1.5x, https:\/\/i0.wp.com\/www.freidenker.org\/fw17\/wp-content\/uploads\/2021\/11\/klimaschutz_geld_800x450.jpg?fit=800%2C450&ssl=1&resize=700%2C400 2x"},"classes":[]},{"id":6967,"url":"https:\/\/www.freidenker.org\/?p=6967","url_meta":{"origin":9683,"position":5},"title":"Die M\u00e4r von Deutschlands humanit\u00e4rer Au\u00dfenpolitik","author":"Webredaktion","date":"15. September 2019","format":false,"excerpt":"Beitrag von Friedhelm Klinkhammer und Volker Br\u00e4utigam Wir sind die Guten! Wei\u00df doch jeder. Deutschland tritt weltweit f\u00fcr Frieden, Freiheit, Humanit\u00e4t und Rechtswahrung ein. Unser Au\u00dfenminister Heiko Maas ist die menschgewordene Geradlinigkeit. Schaut, wie aufrecht er da steht und geht! \u2013 Glaubt man dem regelm\u00e4\u00dfig in der Tagesschau nachgebeteten \u201eDeutschland-Trend\u201c\u2026","rel":"","context":"In &quot;Demokratie \u2013 Medien \u2013 Aufkl\u00e4rung&quot;","block_context":{"text":"Demokratie \u2013 Medien \u2013 Aufkl\u00e4rung","link":"https:\/\/www.freidenker.org\/?cat=12"},"img":{"alt_text":"","src":"https:\/\/i0.wp.com\/www.freidenker.org\/fw17\/wp-content\/uploads\/2019\/09\/Heiko_Maas_SPD_MdB_by_Olaf_Kosinsky-7911_800x445.jpg?fit=800%2C445&ssl=1&resize=350%2C200","width":350,"height":200,"srcset":"https:\/\/i0.wp.com\/www.freidenker.org\/fw17\/wp-content\/uploads\/2019\/09\/Heiko_Maas_SPD_MdB_by_Olaf_Kosinsky-7911_800x445.jpg?fit=800%2C445&ssl=1&resize=350%2C200 1x, https:\/\/i0.wp.com\/www.freidenker.org\/fw17\/wp-content\/uploads\/2019\/09\/Heiko_Maas_SPD_MdB_by_Olaf_Kosinsky-7911_800x445.jpg?fit=800%2C445&ssl=1&resize=525%2C300 1.5x, https:\/\/i0.wp.com\/www.freidenker.org\/fw17\/wp-content\/uploads\/2019\/09\/Heiko_Maas_SPD_MdB_by_Olaf_Kosinsky-7911_800x445.jpg?fit=800%2C445&ssl=1&resize=700%2C400 2x"},"classes":[]}],"_links":{"self":[{"href":"https:\/\/www.freidenker.org\/index.php?rest_route=\/wp\/v2\/posts\/9683","targetHints":{"allow":["GET"]}}],"collection":[{"href":"https:\/\/www.freidenker.org\/index.php?rest_route=\/wp\/v2\/posts"}],"about":[{"href":"https:\/\/www.freidenker.org\/index.php?rest_route=\/wp\/v2\/types\/post"}],"author":[{"embeddable":true,"href":"https:\/\/www.freidenker.org\/index.php?rest_route=\/wp\/v2\/users\/3"}],"replies":[{"embeddable":true,"href":"https:\/\/www.freidenker.org\/index.php?rest_route=%2Fwp%2Fv2%2Fcomments&post=9683"}],"version-history":[{"count":0,"href":"https:\/\/www.freidenker.org\/index.php?rest_route=\/wp\/v2\/posts\/9683\/revisions"}],"wp:featuredmedia":[{"embeddable":true,"href":"https:\/\/www.freidenker.org\/index.php?rest_route=\/wp\/v2\/media\/9685"}],"wp:attachment":[{"href":"https:\/\/www.freidenker.org\/index.php?rest_route=%2Fwp%2Fv2%2Fmedia&parent=9683"}],"wp:term":[{"taxonomy":"category","embeddable":true,"href":"https:\/\/www.freidenker.org\/index.php?rest_route=%2Fwp%2Fv2%2Fcategories&post=9683"},{"taxonomy":"post_tag","embeddable":true,"href":"https:\/\/www.freidenker.org\/index.php?rest_route=%2Fwp%2Fv2%2Ftags&post=9683"}],"curies":[{"name":"wp","href":"https:\/\/api.w.org\/{rel}","templated":true}]}}