{"id":9641,"date":"2021-03-01T23:49:33","date_gmt":"2021-03-01T22:49:33","guid":{"rendered":"https:\/\/www.freidenker.org\/?p=9641"},"modified":"2021-04-27T02:16:14","modified_gmt":"2021-04-27T00:16:14","slug":"trauerrede-fuer-andre-mueller-sen","status":"publish","type":"post","link":"https:\/\/www.freidenker.org\/?p=9641","title":{"rendered":"Trauerrede f\u00fcr Andr\u00e9 M\u00fcller sen."},"content":{"rendered":"<p style=\"text-align: right;\"><em>K\u00f6ln, Friedhof Rodenkirchen, 05. Februar 2021<\/em><\/p>\n<p>Liebe Brigitte, liebe Freunde und Genossen, geehrte Trauerg\u00e4ste.<\/p>\n<p>Wir trauern um unseren Genossen Andr\u00e9 M\u00fcller sen.. Wir verlieren einen Vater, einen liebenswerten und wertvollen Menschen, einen zuverl\u00e4ssigen, standhaften Genossen; der Deutsche Freidenker-Verband verliert sein \u00e4ltestes Beiratsmitglied.<\/p>\n<p>Andr\u00e9 wurde am 8. M\u00e4rz 1925 geboren, in K\u00f6ln, in einer Arbeiterfamilie, unter dem Namen Willi Fetz.<\/p>\n<p>Den Andr\u00e9 M\u00fcller legte er sich als K\u00fcnstlernamen zu, urdeutsch der Nachname, aber als bewussten Bruch dazu den franz\u00f6sischen Vornamen, wie er verschmitzt erkl\u00e4rte. Der sen. kam sp\u00e4ter dazu, als Gag. Damit ein j\u00fcngerer Journalist namens Andr\u00e9 M\u00fcller keine Verwechslung f\u00fcrchten musste, machte es unserem Andr\u00e9 Vergn\u00fcgen, jetzt f\u00fcr dessen Vater gehalten zu werden.<\/p>\n<p>Ein weiteres Vergn\u00fcgen war f\u00fcr Andr\u00e9, dass er am Internationalen Frauentag Geburtstag hatte. \u201eWas k\u00f6nnte besser zu mir passen?\u201c, fragte er.<\/p>\n<p>Am 21. Januar 2021 ist Andr\u00e9 gestorben, 6 Wochen vor seinem 96. Geburtstag. Nat\u00fcrlich haben in den letzten Jahren die gesundheitlichen Einschr\u00e4nkungen zugenommen, zeitweise litt er auch unter starken Schmerzen. Aber im Grunde genommen f\u00fchlte er sich gesund \u2013 abgesehen von dem einen oder anderen \u201ekleinen Zipperlein\u201c, wie er es nannte. \u201eDenkt doch mal, ich bin jetzt 94, daf\u00fcr geht es mir doch bestens! 94? \u2013 nein, 95 bin ich ja schon, daf\u00fcr geht es mir doch gut, besser als vielen anderen\u201c, meinte er letztes Jahr.<\/p>\n<p>Und Andr\u00e9 war auch in diesem hohen Alter geistig hellwach, kleine Vergesslichkeiten vergessen wir gerne. Aber bei einem guten Essen, es musste nicht immer Kaviar sein, auch Austern, auch Wildenten wurden gerne genommen, bei gutem Wein, nicht nur einem, und beim Anblick sch\u00f6ner Frauen, da konnte Andr\u00e9 schw\u00e4rmen wie ein Junger, zumindest deutlich J\u00fcngerer.<\/p>\n<p>Und hellwach war er auch politisch, immer analysierend, dieses kriminelle System, Imperialismus ist sein Name. Ein \u201epolitischer Mensch\u201c war er praktisch von Kindesbeinen an:<\/p>\n<p>Politisch gesehen kommt er aus dem \u2013 man kann es \u201eArbeiteradel\u201c nennen: der Gro\u00dfvater Sozialdemokrat, der Vater Kommunist, und die Mutter j\u00fcdischer Abstammung. Die ideale Mischung, um von den deutschen Faschisten verfolgt und eingesperrt zu werden.<\/p>\n<p>Als in Deutschland die Regierungsmacht an die Nazipartei \u00fcbertragen wurde, war Willi 7 Jahre alt. Als Jugendlicher, w\u00e4hrend des Krieges, wurde er verhaftet. Aus dem Zwangsarbeitslager der \u201eOrganisation Todt\u201c bei Bedburg im Erftkreis gelang ihm die Flucht, und bis Kriegsende lebte er im Untergrund, zwischen den Ruinen des ausgebombten K\u00f6ln.<\/p>\n<p>Immer wieder musste Andr\u00e9 erkl\u00e4ren, dass er \u00fcber seine KZ-Erlebnisse nicht reden wollte. \u201eIch habe festgestellt, dass mein ganzes Leben nur dann gut ist, wenn ich in der Lage bin, das alles zu verdr\u00e4ngen.\u201c<\/p>\n<p>Das darf man nicht verwechseln mit dem Verdr\u00e4ngen des verbrecherischen Faschismus und seinem Hauptverbrechen, dem Krieg. Sein ganzes Leben und Wirken hat Andr\u00e9 dem Ziel gewidmet, das im Schwur von Buchenwald formuliert wird: \u201eDie Vernichtung des Nazismus mit seinen Wurzeln ist unsere Losung. Der Aufbau einer neuen Welt des Friedens und der Freiheit ist unser Ziel.\u201c<\/p>\n<p>Selbst im Kleinen, wie in einer eher unauff\u00e4lligen \u201eGeschichte des Herrn B.\u201c wurde diese Maxime erkennbar. Unter dem Titel \u201eFreundschaft\u201c hei\u00dft es da:<\/p>\n<p><em>In der Stadt M. wurde nach dem Krieg f\u00fcr ein Freikorps geworben. Ein Schulfreund von Herrn B. war eingetreten, und Herr B. schrieb ihm emp\u00f6rt, er werde im Fall seines Heldentodes nicht am Begr\u00e4bnis teilnehmen. Eine Woche sp\u00e4ter bereute Herr B. diesen Brief. Er schrieb einen neuen: \u201eIch habe es mir \u00fcberlegt. Dummheit ist kein Scheidungsgrund. Ich sehe Deinem Heldentod nunmehr fassungslos entgegen und werde zum Begr\u00e4bnis kommen.<br \/>\nDer Schulfreund trat aus dem Freikorps wieder aus.<\/em><\/p>\n<p>Nach der Befreiung vom Faschismus erlernte er das Tischlerhandwerk und wurde Mitglied der Kommunistischen Partei Deutschlands. Er k\u00e4mpfte gegen das Adenauer-Regime, den unterbliebenen Bruch mit der faschistischen Ideologie, den Aufstieg der Nazi-Kader in h\u00f6chste Staats\u00e4mter, den weiterhin als Staatsdoktrin geltenden Antikommunismus und insbesondere gegen die Wiederbewaffnung Westdeutschlands.<\/p>\n<p>Seine Begabung zum Schreiben und das Interesse f\u00fcr Kulturelles entdeckte die KPD, f\u00fcr deren Zeitung er Artikel ablieferte. Er wurde Kulturredakteur, Theaterkritiker und entwickelte sich als Autodidakt zum Dichter, zum Autor von Erz\u00e4hlungen, Romanen, Kinderb\u00fcchern, Anekdoten, Essays, Satiren und B\u00fchnenst\u00fccken. Einige Jahrzehnte \u00fcber lehrte er als Dramaturgie-Dozent an der Otto-Falckenberg-Schule in M\u00fcnchen.<\/p>\n<p>Die hier heute um Andr\u00e9 trauern, kennen die Stationen und auch viele Details seines Lebens. Daf\u00fcr steht am Anfang der Name von Bertolt Brecht, in dessen Bewunderung er sich mit Peter Hacks traf, mit ihm dann aber eine \u00fcber Brecht hinausweisende \u00c4sthetik entwickelte, in deren Mittelpunkt die Klassik stand. Das ist die lebenslange enge Freundschaft mit Hacks, \u00fcber die uns die in Jahrzehnten gef\u00fchrten Gespr\u00e4che protokolliert sind und die Briefe \u2013 endlich \u2013 in diesem Jahr vorgelegt werden sollen.<\/p>\n<p>Bei den Stichworten im pers\u00f6nlichen, privaten Bereich m\u00fcssen wir seine Frau, die Journalistin Anja Weintz hervorheben, deren Tod Andr\u00e9 sehr traf und bis zuletzt schmerzte, \u2013 und nat\u00fcrlich Brigitte, die \u201eneue Tochter\u201c, die beide adoptiert haben, der Sonnenschein der letzten Jahre.<\/p>\n<p>Wenn wir auf sein Schaffen, auf Andr\u00e9s Werk blicken, br\u00e4uchten wir schon ein Kolloquium, ein Seminar, um die Vielfalt seines Wirkens zu erfassen und ansatzweise zu w\u00fcrdigen.<\/p>\n<p>Mit einem Hinweis mache ich eine Ausnahme \u2013 immer und zu Recht wird hervorgehoben: mit der historisch-materialistische Interpretation von Shakespeares Dramen hat er Bahnbrechendes geleistet, uns einen Schl\u00fcssel zum gesellschaftspolitischen Verst\u00e4ndnis dieser Epoche geliefert und auch die B\u00fchnen ma\u00dfgeblich beeinflusst.<\/p>\n<p>Ich erw\u00e4hne das aus einem speziellen Grund: Wer ein gebildeter Marxist, ein philosophischer Materialist, ein Freidenker ist wie Andr\u00e9, der ist \u00fcberzeugt: Es gibt kein Leben nach dem Tod. Das Leben findet vor dem Tod statt. Und deshalb m\u00fcssen wir f\u00fcr dieses Leben k\u00e4mpfen, f\u00fcr ein besseres Leben, hier und heute.<\/p>\n<p>Seine illusionslose, seine realistische Haltung fasste er in die Antwort auf die Frage, <em>\u201ewie es mit dem Tode sei. Wissen Sie, sagte Herr B., mit dem Leben ist das so: Die Herzklappen \u00f6ffnen sich und schlie\u00dfen sich und \u00f6ffnen sich und schlie\u00dfen sich, und eines Tages \u00f6ffnen sie sich dann einfach nicht mehr\u201c<\/em>.<\/p>\n<p>Und das soll uns jetzt ein Trost sein?<\/p>\n<blockquote><p>Der Tod ist kein Ungl\u00fcck f\u00fcr den, der stirbt,<br \/>\nsondern f\u00fcr den, der \u00fcberlebt<\/p>\n<p>Karl Marx<\/p><\/blockquote>\n<p>Ein Mensch lebt in seinen Taten weiter, in seinem Wirken. Das von Andr\u00e9 war \u00fcberreich, er hat uns belehrt, ber\u00fchrt, ist uns nahegekommen. Deshalb haben wir ihn zumindest gesch\u00e4tzt, manche sagen: verehrt, geliebt.<\/p>\n<p>So wollen wir ihn in Erinnerung behalten. Und wir bem\u00fchen uns, seinen Idealen zu folgen, f\u00fcr sie zu k\u00e4mpfen:<\/p>\n<p><strong>Frieden \u2013 Gerechtigkeit \u2013 Kommunismus!<\/strong><\/p>\n<p>Doch da gibt es noch einen Wermutstropfen, den ich nicht verschweigen mag: Dass wir an diesem Tag nicht gut essen und trinken und fr\u00f6hlich feiern k\u00f6nnen \u2013 wie sich das Andr\u00e9 gew\u00fcnscht hat. \u201eKein Tr\u00fcbsal, keine Trauerminen will ich bei meiner Beerdigung sehen\u201c, hat er einmal gesagt.<\/p>\n<p>Ich denke, wir sind es ihm schuldig, auch diesen Wunsch zu erf\u00fcllen \u2013 indem wir die Feier nachholen, zu seinen Ehren, wenn es die sogenannten Umst\u00e4nde wieder zulassen.<\/p>\n<p style=\"text-align: right;\"><em>Klaus Hartmann, Bundesvorsitzender des Deutschen Freidenker-Verbandes<\/em><\/p>\n<p>&nbsp;<\/p>\n<p><span style=\"font-size: 10pt;\">Nachruf auf Andr\u00e9 M\u00fcller sen. siehe: <a href=\"https:\/\/www.freidenker.org\/?p=9497\">https:\/\/www.freidenker.org\/?p=9497<\/a><\/span><\/p>\n<hr \/>\n<p><span style=\"font-size: 10pt;\">Bild: Andr\u00e9 M\u00fcller sen. \u00a9\u00a0Eulenspiegel Verlag<\/span><\/p>\n","protected":false},"excerpt":{"rendered":"<p><b>Trauerrede von Klaus Hartmann f\u00fcr Andr\u00e9 M\u00fcller sen.<\/b><br \/>\nWir trauern um unseren Genossen Andr\u00e9 M\u00fcller sen.. Wir verlieren einen Vater, einen liebenswerten und wertvollen Menschen, einen zuverl\u00e4ssigen, standhaften Genossen; der Deutsche Freidenker-Verband verliert sein \u00e4ltestes Beiratsmitglied.<br \/>\nAndr\u00e9 wurde am 8. M\u00e4rz 1925 geboren, in K\u00f6ln, in einer Arbeiterfamilie, unter dem Namen Willi Fetz. Den Andr\u00e9 M\u00fcller legte er sich als K\u00fcnstlernamen zu, urdeutsch der Nachname, aber als bewussten Bruch dazu den franz\u00f6sischen Vornamen, wie er verschmitzt erkl\u00e4rte. Der sen. kam sp\u00e4ter dazu, als Gag. Damit ein j\u00fcngerer Journalist namens Andr\u00e9 M\u00fcller keine Verwechslung f\u00fcrchten musste, machte es unserem Andr\u00e9 Vergn\u00fcgen, jetzt f\u00fcr dessen Vater gehalten zu werden.<\/p>\n","protected":false},"author":3,"featured_media":9642,"comment_status":"closed","ping_status":"closed","sticky":false,"template":"","format":"standard","meta":{"colormag_page_container_layout":"default_layout","colormag_page_sidebar_layout":"default_layout","advanced_seo_description":"","jetpack_seo_html_title":"","jetpack_seo_noindex":false,"jetpack_post_was_ever_published":false,"footnotes":""},"categories":[913,17],"tags":[668,407,1363,25,1377,22],"class_list":["post-9641","post","type-post","status-publish","format-standard","has-post-thumbnail","hentry","category-kultur-kunst","category-weltliche-trauerkultur","tag-kultur","tag-kunst","tag-lv-nrw","tag-trauer","tag-trauerrede","tag-weltliche-trauerkultur"],"jetpack_featured_media_url":"https:\/\/i0.wp.com\/www.freidenker.org\/fw17\/wp-content\/uploads\/2021\/03\/andremuellersen_800x450.jpg?fit=800%2C449&ssl=1","jetpack_shortlink":"https:\/\/wp.me\/p9stpK-2vv","jetpack-related-posts":[{"id":9497,"url":"https:\/\/www.freidenker.org\/?p=9497","url_meta":{"origin":9641,"position":0},"title":"Wir trauern um Andr\u00e9 M\u00fcller sen.","author":"Webredaktion","date":"5. Februar 2021","format":false,"excerpt":"Nachruf auf Andr\u00e9 M\u00fcller sen. Andr\u00e9, geboren in einer kommunistischen Arbeiterfamilie und mit b\u00fcrgerlichem Namen Willi Fetz, erlernte das Tischlerhandwerk, bevor er Dichter, Theaterkritiker und Kulturredakteur wurde und sich als Autor von Erz\u00e4hlungen, Romanen, Kinderb\u00fcchern, Anekdoten, Satiren und B\u00fchnenst\u00fccken sowie als Dramaturgie-Dozent einen Namen machte. Zu seinen bedeutendsten Leistungen geh\u00f6rt\u2026","rel":"","context":"In &quot;Weltliche Trauerkultur&quot;","block_context":{"text":"Weltliche Trauerkultur","link":"https:\/\/www.freidenker.org\/?cat=17"},"img":{"alt_text":"","src":"https:\/\/i0.wp.com\/www.freidenker.org\/fw17\/wp-content\/uploads\/2021\/02\/andre_mueller_v2_800x450.jpg?fit=800%2C450&ssl=1&resize=350%2C200","width":350,"height":200,"srcset":"https:\/\/i0.wp.com\/www.freidenker.org\/fw17\/wp-content\/uploads\/2021\/02\/andre_mueller_v2_800x450.jpg?fit=800%2C450&ssl=1&resize=350%2C200 1x, https:\/\/i0.wp.com\/www.freidenker.org\/fw17\/wp-content\/uploads\/2021\/02\/andre_mueller_v2_800x450.jpg?fit=800%2C450&ssl=1&resize=525%2C300 1.5x, https:\/\/i0.wp.com\/www.freidenker.org\/fw17\/wp-content\/uploads\/2021\/02\/andre_mueller_v2_800x450.jpg?fit=800%2C450&ssl=1&resize=700%2C400 2x"},"classes":[]},{"id":11226,"url":"https:\/\/www.freidenker.org\/?p=11226","url_meta":{"origin":9641,"position":1},"title":"Wir trauern um Edi Mader","author":"Webredaktion","date":"24. September 2021","format":false,"excerpt":"Mit Edi verlieren wir einen aufrechten und vorbildlichen Menschen, einen liebenswerten Freund und zuverl\u00e4ssigen Genossen. In einer Arbeiterfamilie in Ulm geboren, zweieinhalb Jahre nach dem Machtantritt der Faschisten in bescheidenen Verh\u00e4ltnissen aufgewachsen, erlebte er als kleines Kind, wie sein Vater als Kommunist Schikanen der Nazis ausgesetzt war, mehrfach seine Arbeit\u2026","rel":"","context":"In &quot;Weltliche Trauerkultur&quot;","block_context":{"text":"Weltliche Trauerkultur","link":"https:\/\/www.freidenker.org\/?cat=17"},"img":{"alt_text":"","src":"https:\/\/i0.wp.com\/www.freidenker.org\/fw17\/wp-content\/uploads\/2021\/09\/Edi_Portrait_mR_800x450.jpg?fit=800%2C450&ssl=1&resize=350%2C200","width":350,"height":200,"srcset":"https:\/\/i0.wp.com\/www.freidenker.org\/fw17\/wp-content\/uploads\/2021\/09\/Edi_Portrait_mR_800x450.jpg?fit=800%2C450&ssl=1&resize=350%2C200 1x, https:\/\/i0.wp.com\/www.freidenker.org\/fw17\/wp-content\/uploads\/2021\/09\/Edi_Portrait_mR_800x450.jpg?fit=800%2C450&ssl=1&resize=525%2C300 1.5x, https:\/\/i0.wp.com\/www.freidenker.org\/fw17\/wp-content\/uploads\/2021\/09\/Edi_Portrait_mR_800x450.jpg?fit=800%2C450&ssl=1&resize=700%2C400 2x"},"classes":[]},{"id":3172,"url":"https:\/\/www.freidenker.org\/?p=3172","url_meta":{"origin":9641,"position":2},"title":"Kondolenzschreiben an die Botschaft Venezuelas","author":"Webredaktion","date":"22. November 2010","format":false,"excerpt":"Sehr geehrte Damen und Herren, liebe Genossinnen und Genossen, die Nachricht vom Tod Ihrer Exzellenz Frau Dr. Blancanieve Portocarrero de Guzm\u00e1n, Botschafterin der Bolivarischen Republik Venezuela in der Bundesrepublik Deutschland, hat uns tief getroffen. Wir hatten in den vergangenen Jahren das Gl\u00fcck und die Freude, Genossin Blancanieve als K\u00e4mpferin f\u00fcr\u2026","rel":"","context":"In &quot;Weltliche Trauerkultur&quot;","block_context":{"text":"Weltliche Trauerkultur","link":"https:\/\/www.freidenker.org\/?cat=17"},"img":{"alt_text":"","src":"https:\/\/i0.wp.com\/www.freidenker.org\/fw17\/wp-content\/uploads\/2010\/11\/sunset-539510_800x445.jpg?fit=800%2C445&ssl=1&resize=350%2C200","width":350,"height":200,"srcset":"https:\/\/i0.wp.com\/www.freidenker.org\/fw17\/wp-content\/uploads\/2010\/11\/sunset-539510_800x445.jpg?fit=800%2C445&ssl=1&resize=350%2C200 1x, https:\/\/i0.wp.com\/www.freidenker.org\/fw17\/wp-content\/uploads\/2010\/11\/sunset-539510_800x445.jpg?fit=800%2C445&ssl=1&resize=525%2C300 1.5x, https:\/\/i0.wp.com\/www.freidenker.org\/fw17\/wp-content\/uploads\/2010\/11\/sunset-539510_800x445.jpg?fit=800%2C445&ssl=1&resize=700%2C400 2x"},"classes":[]},{"id":3292,"url":"https:\/\/www.freidenker.org\/?p=3292","url_meta":{"origin":9641,"position":3},"title":"Ehrendes Gedenken: Prof. Dr. Hans-G\u00fcnter Eschke","author":"Webredaktion","date":"28. November 2007","format":false,"excerpt":"Nachrufe des Bundesvorsitzenden und der DFV-Ortsgruppe Jena auf Hans-G\u00fcnter Eschke Mit Hans-G\u00fcnter Eschke verliert der Deutsche Freidenker-Verband einen sehr verdienstvollen Freund und Genossen, einen Mitstreiter, der seine ganze Pers\u00f6nlichkeit in den Kampf um Aufkl\u00e4rung und Humanismus, gegen Irrationalismus und Volksverdummung einbrachte. Als Professor f\u00fcr Philosophie und anerkannter Hochschullehrer an der\u2026","rel":"","context":"In &quot;Weltliche Trauerkultur&quot;","block_context":{"text":"Weltliche Trauerkultur","link":"https:\/\/www.freidenker.org\/?cat=17"},"img":{"alt_text":"","src":"https:\/\/i0.wp.com\/www.freidenker.org\/fw17\/wp-content\/uploads\/2007\/11\/sunset-473604_800x445.jpg?fit=800%2C445&ssl=1&resize=350%2C200","width":350,"height":200,"srcset":"https:\/\/i0.wp.com\/www.freidenker.org\/fw17\/wp-content\/uploads\/2007\/11\/sunset-473604_800x445.jpg?fit=800%2C445&ssl=1&resize=350%2C200 1x, https:\/\/i0.wp.com\/www.freidenker.org\/fw17\/wp-content\/uploads\/2007\/11\/sunset-473604_800x445.jpg?fit=800%2C445&ssl=1&resize=525%2C300 1.5x, https:\/\/i0.wp.com\/www.freidenker.org\/fw17\/wp-content\/uploads\/2007\/11\/sunset-473604_800x445.jpg?fit=800%2C445&ssl=1&resize=700%2C400 2x"},"classes":[]},{"id":10426,"url":"https:\/\/www.freidenker.org\/?p=10426","url_meta":{"origin":9641,"position":4},"title":"Wir trauern um Dr. Werner Seppmann","author":"Webredaktion","date":"26. Mai 2021","format":false,"excerpt":"Mit Werner verliert die Linke in Deutschland einen bedeutenden marxistischen Philosophen und Soziologen, der Deutsche Freidenker-Verband verliert ein profiliertes Mitglied seines Beirats. Sein Schaffen folgte dem Ziel, die Marx\u2019sche Lehre als Instrument der gesellschaftlichen Erkenntnis, der Kapitalismuskritik und der sozialistischen Perspektive lebendig zu halten und als Instrument gegen die Unterwerfung\u2026","rel":"","context":"In &quot;Weltanschauung &amp; Philosophie&quot;","block_context":{"text":"Weltanschauung &amp; Philosophie","link":"https:\/\/www.freidenker.org\/?cat=16"},"img":{"alt_text":"","src":"https:\/\/i0.wp.com\/www.freidenker.org\/fw17\/wp-content\/uploads\/2021\/05\/werner_seppmann_mangroven_800x450.jpg?fit=800%2C450&ssl=1&resize=350%2C200","width":350,"height":200,"srcset":"https:\/\/i0.wp.com\/www.freidenker.org\/fw17\/wp-content\/uploads\/2021\/05\/werner_seppmann_mangroven_800x450.jpg?fit=800%2C450&ssl=1&resize=350%2C200 1x, https:\/\/i0.wp.com\/www.freidenker.org\/fw17\/wp-content\/uploads\/2021\/05\/werner_seppmann_mangroven_800x450.jpg?fit=800%2C450&ssl=1&resize=525%2C300 1.5x, https:\/\/i0.wp.com\/www.freidenker.org\/fw17\/wp-content\/uploads\/2021\/05\/werner_seppmann_mangroven_800x450.jpg?fit=800%2C450&ssl=1&resize=700%2C400 2x"},"classes":[]},{"id":3267,"url":"https:\/\/www.freidenker.org\/?p=3267","url_meta":{"origin":9641,"position":5},"title":"Freidenker trauern um Hans Lutter","author":"Webredaktion","date":"1. M\u00e4rz 2009","format":false,"excerpt":"Nachruf auf Hans Lutter Mit Hans Lutter verliert der Deutsche Freidenker-Verband einen Genossen, der sich gro\u00dfe Verdienste um unseren Verband, die marxistische Religionswissenschaft und den christlich-marxistischen Dialog erworben hat. Hans Lutter war Gr\u00fcndungsmitglied des Verbandes der Freidenker der DDR und ma\u00dfgeblich an der Zusammenf\u00fchrung der Freidenker aus den alten und\u2026","rel":"","context":"In &quot;Weltliche Trauerkultur&quot;","block_context":{"text":"Weltliche Trauerkultur","link":"https:\/\/www.freidenker.org\/?cat=17"},"img":{"alt_text":"","src":"https:\/\/i0.wp.com\/www.freidenker.org\/fw17\/wp-content\/uploads\/2009\/03\/tree-3072431_800x445.jpg?fit=800%2C445&ssl=1&resize=350%2C200","width":350,"height":200,"srcset":"https:\/\/i0.wp.com\/www.freidenker.org\/fw17\/wp-content\/uploads\/2009\/03\/tree-3072431_800x445.jpg?fit=800%2C445&ssl=1&resize=350%2C200 1x, https:\/\/i0.wp.com\/www.freidenker.org\/fw17\/wp-content\/uploads\/2009\/03\/tree-3072431_800x445.jpg?fit=800%2C445&ssl=1&resize=525%2C300 1.5x, https:\/\/i0.wp.com\/www.freidenker.org\/fw17\/wp-content\/uploads\/2009\/03\/tree-3072431_800x445.jpg?fit=800%2C445&ssl=1&resize=700%2C400 2x"},"classes":[]}],"_links":{"self":[{"href":"https:\/\/www.freidenker.org\/index.php?rest_route=\/wp\/v2\/posts\/9641","targetHints":{"allow":["GET"]}}],"collection":[{"href":"https:\/\/www.freidenker.org\/index.php?rest_route=\/wp\/v2\/posts"}],"about":[{"href":"https:\/\/www.freidenker.org\/index.php?rest_route=\/wp\/v2\/types\/post"}],"author":[{"embeddable":true,"href":"https:\/\/www.freidenker.org\/index.php?rest_route=\/wp\/v2\/users\/3"}],"replies":[{"embeddable":true,"href":"https:\/\/www.freidenker.org\/index.php?rest_route=%2Fwp%2Fv2%2Fcomments&post=9641"}],"version-history":[{"count":0,"href":"https:\/\/www.freidenker.org\/index.php?rest_route=\/wp\/v2\/posts\/9641\/revisions"}],"wp:featuredmedia":[{"embeddable":true,"href":"https:\/\/www.freidenker.org\/index.php?rest_route=\/wp\/v2\/media\/9642"}],"wp:attachment":[{"href":"https:\/\/www.freidenker.org\/index.php?rest_route=%2Fwp%2Fv2%2Fmedia&parent=9641"}],"wp:term":[{"taxonomy":"category","embeddable":true,"href":"https:\/\/www.freidenker.org\/index.php?rest_route=%2Fwp%2Fv2%2Fcategories&post=9641"},{"taxonomy":"post_tag","embeddable":true,"href":"https:\/\/www.freidenker.org\/index.php?rest_route=%2Fwp%2Fv2%2Ftags&post=9641"}],"curies":[{"name":"wp","href":"https:\/\/api.w.org\/{rel}","templated":true}]}}