{"id":9631,"date":"2021-02-25T00:48:55","date_gmt":"2021-02-24T23:48:55","guid":{"rendered":"https:\/\/www.freidenker.org\/?p=9631"},"modified":"2021-03-14T18:59:38","modified_gmt":"2021-03-14T17:59:38","slug":"stimmen-gegen-den-ausnahmezustand","status":"publish","type":"post","link":"https:\/\/www.freidenker.org\/?p=9631","title":{"rendered":"Stimmen gegen den Ausnahmezustand"},"content":{"rendered":"<p><em>Wie die Depressionen und die Pleiten mehren sich die Stimmen, die ein Ende des mit dem &#8222;Lockdown&#8220; verbundenen Entzugs von Grundrechten fordern. Unser Freund Hannes Hofbauer, Autor und Verleger aus Wien und regelm\u00e4\u00dfig bei Veranstaltungen der Freidenker zu Gast, hat mit seinem Kollegen Stefan Kraft einen Verein gegr\u00fcndet und eine Website online gestellt, um den Argumenten der Kritiker Geh\u00f6r zu verschaffen:<\/em><\/p>\n<p><span style=\"font-size: 14pt;\"><a href=\"https:\/\/keinzustand.at\/\"><img data-recalc-dims=\"1\" loading=\"lazy\" decoding=\"async\" data-attachment-id=\"9632\" data-permalink=\"https:\/\/www.freidenker.org\/?attachment_id=9632\" data-orig-file=\"https:\/\/i0.wp.com\/www.freidenker.org\/fw17\/wp-content\/uploads\/2021\/02\/External_Link.png?fit=512%2C512&amp;ssl=1\" data-orig-size=\"512,512\" data-comments-opened=\"0\" data-image-meta=\"{&quot;aperture&quot;:&quot;0&quot;,&quot;credit&quot;:&quot;&quot;,&quot;camera&quot;:&quot;&quot;,&quot;caption&quot;:&quot;&quot;,&quot;created_timestamp&quot;:&quot;0&quot;,&quot;copyright&quot;:&quot;&quot;,&quot;focal_length&quot;:&quot;0&quot;,&quot;iso&quot;:&quot;0&quot;,&quot;shutter_speed&quot;:&quot;0&quot;,&quot;title&quot;:&quot;&quot;,&quot;orientation&quot;:&quot;0&quot;}\" data-image-title=\"External_Link icon\" data-image-description=\"\" data-image-caption=\"\" data-large-file=\"https:\/\/i0.wp.com\/www.freidenker.org\/fw17\/wp-content\/uploads\/2021\/02\/External_Link.png?fit=512%2C512&amp;ssl=1\" class=\"alignnone wp-image-9632\" src=\"https:\/\/i0.wp.com\/www.freidenker.org\/fw17\/wp-content\/uploads\/2021\/02\/External_Link.png?resize=32%2C32&#038;ssl=1\" alt=\"\" width=\"32\" height=\"32\" srcset=\"https:\/\/i0.wp.com\/www.freidenker.org\/fw17\/wp-content\/uploads\/2021\/02\/External_Link.png?resize=150%2C150&amp;ssl=1 150w, https:\/\/i0.wp.com\/www.freidenker.org\/fw17\/wp-content\/uploads\/2021\/02\/External_Link.png?resize=300%2C300&amp;ssl=1 300w, https:\/\/i0.wp.com\/www.freidenker.org\/fw17\/wp-content\/uploads\/2021\/02\/External_Link.png?w=512&amp;ssl=1 512w\" sizes=\"auto, (max-width: 32px) 100vw, 32px\" \/><\/a>\u00a0<a href=\"https:\/\/keinzustand.at\/\" target=\"_blank\" rel=\"noopener\"><strong>https:\/\/keinzustand.at\/<\/strong><\/a><\/span><\/p>\n<p><em>Hier kommen u. a. die Freidenker-Beiratsmitglieder Annette Groth und Dr. Diether Dehm zu Wort, aber auch Freunde wie Wilhelm Langthaler und Germinal Civikov, mit denen wir seit vielen Jahren in der Friedens- und Internationalen Solidarit\u00e4tsbewegung eng zusammenarbeiten.<\/em><\/p>\n<p style=\"text-align: right;\"><em>Webredaktion<\/em><\/p>\n<hr \/>\n<p><strong>Zum Zweck des Unternehmens schreiben die Initiatoren:<\/strong><\/p>\n<p>Mit der Kurzformel &#8222;Das ist kein Zustand&#8220; legt man im allgemeinen Sprachgebrauch einen umfassenden Widerspruch gegen die Verh\u00e4ltnisse ein. Der seit bald einem Jahr herrschende de facto-Ausnahmezustand macht es notwendig, dagegen seine Stimme zu erheben. Die verordnete neue Normalit\u00e4t ist f\u00fcr viele von uns unertr\u00e4glich geworden.<\/p>\n<p>So gef\u00e4hrlich der Ausl\u00f6ser (das Virus) auch sein mag, der &#8222;Zustand&#8220;, in dem wir zu leben gezwungen werden, ist von Menschen gemacht, genauer: von Regierungen. Das Virus ist zum Instrument daf\u00fcr geworden, Ma\u00dfnahmen zur extremen Einschr\u00e4nkung des sozialen, kulturellen und wirtschaftlichen Lebens zu erlassen. &#8222;keinzustand.at&#8220; bietet Platz, dagegen Widerspruch einzulegen.<\/p>\n<p style=\"text-align: right;\"><strong><em>Hannes Hofbauer &amp; Stefan Kraft\u00a0f\u00fcr den &#8222;Verein f\u00fcr kulturelle Information&#8220;<\/em><\/strong><\/p>\n<p><span style=\"font-size: 10pt;\">Quelle: <a href=\"https:\/\/keinzustand.at\/projekt\/\" target=\"_blank\" rel=\"noopener\">https:\/\/keinzustand.at\/projekt\/<\/a><\/span><\/p>\n<hr \/>\n<p><span style=\"font-size: 10pt;\">Bild: <a href=\"https:\/\/pixabay.com\/de\/photos\/globus-corona-welt-maske-virus-5116641\/\" target=\"_blank\" rel=\"noopener\">pixabay.com<\/a> \/ <a class=\"hover_opacity\" href=\"https:\/\/pixabay.com\/de\/users\/neelam279-9820894\/\">neelam279<\/a> \/ <a href=\"https:\/\/pixabay.com\/de\/service\/license\/\">Pixabay License<\/a><\/span><\/p>\n","protected":false},"excerpt":{"rendered":"<p>Wie die Depressionen und die Pleiten mehren sich die Stimmen, die ein Ende des mit dem &#8222;Lockdown&#8220; verbundenen Entzugs von Grundrechten fordern. Unser Freund Hannes Hofbauer, Autor und Verleger aus Wien und regelm\u00e4\u00dfig bei Veranstaltungen der Freidenker zu Gast, hat mit seinem Kollegen Stefan Kraft einen Verein gegr\u00fcndet und eine Website online gestellt, um den Argumenten der Kritiker Geh\u00f6r zu verschaffen: <a href=\"https:\/\/keinzustand.at\/\">https:\/\/keinzustand.at\/<\/a><br \/>\nHier kommen u. a. die Freidenker-Beiratsmitglieder Annette Groth und Dr. Diether Dehm zu Wort, aber auch Freunde wie Wilhelm Langthaler und Germinal Civikov, mit denen wir seit vielen Jahren in der Friedens- und Internationalen Solidarit\u00e4tsbewegung eng zusammenarbeiten.<\/p>\n","protected":false},"author":3,"featured_media":9637,"comment_status":"closed","ping_status":"closed","sticky":false,"template":"","format":"standard","meta":{"colormag_page_container_layout":"default_layout","colormag_page_sidebar_layout":"default_layout","advanced_seo_description":"","jetpack_seo_html_title":"","jetpack_seo_noindex":false,"jetpack_post_was_ever_published":false,"footnotes":""},"categories":[11],"tags":[1376,1256,1273,577,1257,1157],"class_list":["post-9631","post","type-post","status-publish","format-standard","has-post-thumbnail","hentry","category-arbeit-soziales","tag-ausnahmezustand","tag-corona-virus","tag-demokratische-grundrechte","tag-gesundheitspolitik","tag-pandemie","tag-widersprueche"],"jetpack_featured_media_url":"https:\/\/i0.wp.com\/www.freidenker.org\/fw17\/wp-content\/uploads\/2021\/02\/globe-5116641_800x450.jpg?fit=800%2C450&ssl=1","jetpack_shortlink":"https:\/\/wp.me\/p9stpK-2vl","jetpack-related-posts":[{"id":7133,"url":"https:\/\/www.freidenker.org\/?p=7133","url_meta":{"origin":9631,"position":0},"title":"\u201eErm\u00e4chtigungsgesetz \u2013 Notstandsgesetze \u2013 Klimanotstand?\u201c","author":"Webredaktion","date":"31. Oktober 2019","format":false,"excerpt":"Referat von Klaus Hartmann auf der VV-Sitzung am 26.10.2019 in Magdeburg F\u00fcr das Thema des Referats gibt es zun\u00e4chst zwei Gr\u00fcnde: Im Zusammenhang mit der \u201eKlima\u201c-Thematik taucht immer wieder die Forderung auf, einen \u201eKlima-Notstand\u201c auszurufen. Es steht die Bef\u00fcrchtung, dass die Tragweite sowie die fatale Geschichte und Konsequenzen dieses Verlangens\u2026","rel":"","context":"In &quot;Demokratie \u2013 Medien \u2013 Aufkl\u00e4rung&quot;","block_context":{"text":"Demokratie \u2013 Medien \u2013 Aufkl\u00e4rung","link":"https:\/\/www.freidenker.org\/?cat=12"},"img":{"alt_text":"","src":"https:\/\/i0.wp.com\/www.freidenker.org\/fw17\/wp-content\/uploads\/2019\/10\/notstand_800x445.jpg?fit=800%2C445&ssl=1&resize=350%2C200","width":350,"height":200,"srcset":"https:\/\/i0.wp.com\/www.freidenker.org\/fw17\/wp-content\/uploads\/2019\/10\/notstand_800x445.jpg?fit=800%2C445&ssl=1&resize=350%2C200 1x, https:\/\/i0.wp.com\/www.freidenker.org\/fw17\/wp-content\/uploads\/2019\/10\/notstand_800x445.jpg?fit=800%2C445&ssl=1&resize=525%2C300 1.5x, https:\/\/i0.wp.com\/www.freidenker.org\/fw17\/wp-content\/uploads\/2019\/10\/notstand_800x445.jpg?fit=800%2C445&ssl=1&resize=700%2C400 2x"},"classes":[]},{"id":15012,"url":"https:\/\/www.freidenker.org\/?p=15012","url_meta":{"origin":9631,"position":1},"title":"Deutschland, ein rechtsfreier Raum","author":"Webredaktion","date":"20. Januar 2023","format":false,"excerpt":"Auszug aus dem Buch \u201eAusnahmezustand \u2013 Geopolitische Einsichten und Analysen unter Ber\u00fccksichtigung des Ukraine-Konflikts\" von Wolfgang Bittner Wer h\u00e4tte gedacht, dass in Deutschland eine Regierung an die Macht kommt, die den Ruin der Wirtschaft und die Verarmung weiter Teile der Gesellschaft betreibt? Wer h\u00e4tte sich vorstellen k\u00f6nnen, dass Grundrechte per\u2026","rel":"","context":"In &quot;Demokratie \u2013 Medien \u2013 Aufkl\u00e4rung&quot;","block_context":{"text":"Demokratie \u2013 Medien \u2013 Aufkl\u00e4rung","link":"https:\/\/www.freidenker.org\/?cat=12"},"img":{"alt_text":"","src":"https:\/\/i0.wp.com\/www.freidenker.org\/fw17\/wp-content\/uploads\/2023\/01\/bittner_ausnahmezustand_800x450.jpg?fit=800%2C450&ssl=1&resize=350%2C200","width":350,"height":200,"srcset":"https:\/\/i0.wp.com\/www.freidenker.org\/fw17\/wp-content\/uploads\/2023\/01\/bittner_ausnahmezustand_800x450.jpg?fit=800%2C450&ssl=1&resize=350%2C200 1x, https:\/\/i0.wp.com\/www.freidenker.org\/fw17\/wp-content\/uploads\/2023\/01\/bittner_ausnahmezustand_800x450.jpg?fit=800%2C450&ssl=1&resize=525%2C300 1.5x, https:\/\/i0.wp.com\/www.freidenker.org\/fw17\/wp-content\/uploads\/2023\/01\/bittner_ausnahmezustand_800x450.jpg?fit=800%2C450&ssl=1&resize=700%2C400 2x"},"classes":[]},{"id":24124,"url":"https:\/\/www.freidenker.org\/?p=24124","url_meta":{"origin":9631,"position":2},"title":"Alles wie gehabt: USA mit M\u00f6rder-Pr\u00e4sident an der Spitze","author":"Webredaktion","date":"3. Januar 2026","format":false,"excerpt":"Erkl\u00e4rung des Deutschen Freidenker-Verbandes, Kommuniqu\u00e9 der Regierung Venezuelas zur US-Aggression und Erkl\u00e4rung der Antiimperialistischen Koordination (AIK) Der Deutsche Freidenker-Verband verurteilt den v\u00f6lkerrechtswidrigen Angriffskrieg der USA gegen das souver\u00e4ne und freiheitsliebende Venezuela. Das Kidnapping des gew\u00e4hlten Pr\u00e4sidenten der Bolivarischen Republik Nicol\u00e1s Maduro ist ein krimineller Piratenakt. Der Einsatz brutaler milit\u00e4rischer Gewalt\u2026","rel":"","context":"In &quot;Frieden - Antifaschismus - Solidarit\u00e4t&quot;","block_context":{"text":"Frieden - Antifaschismus - Solidarit\u00e4t","link":"https:\/\/www.freidenker.org\/?cat=13"},"img":{"alt_text":"","src":"https:\/\/i0.wp.com\/www.freidenker.org\/fw17\/wp-content\/uploads\/2026\/01\/angriff_auf_venezuela_02_800x450.jpg?fit=800%2C450&ssl=1&resize=350%2C200","width":350,"height":200,"srcset":"https:\/\/i0.wp.com\/www.freidenker.org\/fw17\/wp-content\/uploads\/2026\/01\/angriff_auf_venezuela_02_800x450.jpg?fit=800%2C450&ssl=1&resize=350%2C200 1x, https:\/\/i0.wp.com\/www.freidenker.org\/fw17\/wp-content\/uploads\/2026\/01\/angriff_auf_venezuela_02_800x450.jpg?fit=800%2C450&ssl=1&resize=525%2C300 1.5x, https:\/\/i0.wp.com\/www.freidenker.org\/fw17\/wp-content\/uploads\/2026\/01\/angriff_auf_venezuela_02_800x450.jpg?fit=800%2C450&ssl=1&resize=700%2C400 2x"},"classes":[]},{"id":8165,"url":"https:\/\/www.freidenker.org\/?p=8165","url_meta":{"origin":9631,"position":3},"title":"Grundrechte verteidigen: Frieden, kein Krieg!","author":"Webredaktion","date":"2. Juni 2020","format":false,"excerpt":"Rede von Klaus Linder, Landesvorsitzender des Berliner Freidenker-Verbandes, auf der Kundgebung \u201eK\u00fcndigt Ramstein jetzt\u201c am 30. Mai 2020 in Berlin ... S\u00e4mtliche Widerspr\u00fcche, mit denen wir jetzt zu tun haben, selbst im Umgang mit einem Virus, sind ohne den \u00fcbergreifenden weltpolitischen Hauptgegensatz nicht erfassbar. Das ist der Widerspruch zwischen angreifenden,\u2026","rel":"","context":"In &quot;Frieden - Antifaschismus - Solidarit\u00e4t&quot;","block_context":{"text":"Frieden - Antifaschismus - Solidarit\u00e4t","link":"https:\/\/www.freidenker.org\/?cat=13"},"img":{"alt_text":"","src":"https:\/\/i0.wp.com\/www.freidenker.org\/fw17\/wp-content\/uploads\/2020\/06\/Linder_Ramstein_Kundgebung_Mai2020_800x450.jpg?fit=800%2C450&ssl=1&resize=350%2C200","width":350,"height":200,"srcset":"https:\/\/i0.wp.com\/www.freidenker.org\/fw17\/wp-content\/uploads\/2020\/06\/Linder_Ramstein_Kundgebung_Mai2020_800x450.jpg?fit=800%2C450&ssl=1&resize=350%2C200 1x, https:\/\/i0.wp.com\/www.freidenker.org\/fw17\/wp-content\/uploads\/2020\/06\/Linder_Ramstein_Kundgebung_Mai2020_800x450.jpg?fit=800%2C450&ssl=1&resize=525%2C300 1.5x, https:\/\/i0.wp.com\/www.freidenker.org\/fw17\/wp-content\/uploads\/2020\/06\/Linder_Ramstein_Kundgebung_Mai2020_800x450.jpg?fit=800%2C450&ssl=1&resize=700%2C400 2x"},"classes":[]},{"id":10632,"url":"https:\/\/www.freidenker.org\/?p=10632","url_meta":{"origin":9631,"position":4},"title":"Freidenker-Verbandstag: Vorsitzwechsel nach 33 Jahren","author":"Webredaktion","date":"29. Juni 2021","format":false,"excerpt":"Pressemitteilung vom 28.06.2021 Der am 26. und 27. Juni in Raunheim am Main tagende Verbandstag des Deutschen Freidenkerverbandes stand unter einem Motto, das schon 2019, also \u201evor Corona\u201c beschlossen worden war, doch die vor dem Corona-Hintergrund ergriffenen Ma\u00dfnahmen wurden schon zuvor in der Klimadebatte ins Gespr\u00e4ch gebracht. Der bisherige Verbandsvorsitzende\u2026","rel":"","context":"In &quot;Positionen&quot;","block_context":{"text":"Positionen","link":"https:\/\/www.freidenker.org\/?cat=210"},"img":{"alt_text":"","src":"https:\/\/i0.wp.com\/www.freidenker.org\/fw17\/wp-content\/uploads\/2021\/06\/VT_2021_Pressemitteilung_800x445.jpg?fit=800%2C445&ssl=1&resize=350%2C200","width":350,"height":200,"srcset":"https:\/\/i0.wp.com\/www.freidenker.org\/fw17\/wp-content\/uploads\/2021\/06\/VT_2021_Pressemitteilung_800x445.jpg?fit=800%2C445&ssl=1&resize=350%2C200 1x, https:\/\/i0.wp.com\/www.freidenker.org\/fw17\/wp-content\/uploads\/2021\/06\/VT_2021_Pressemitteilung_800x445.jpg?fit=800%2C445&ssl=1&resize=525%2C300 1.5x, https:\/\/i0.wp.com\/www.freidenker.org\/fw17\/wp-content\/uploads\/2021\/06\/VT_2021_Pressemitteilung_800x445.jpg?fit=800%2C445&ssl=1&resize=700%2C400 2x"},"classes":[]},{"id":21055,"url":"https:\/\/www.freidenker.org\/?p=21055","url_meta":{"origin":9631,"position":5},"title":"Das Ergebnis der Bundestagswahl: Mit Volldampf gegen den Eisberg","author":"Webredaktion","date":"1. M\u00e4rz 2025","format":false,"excerpt":"Beitrag von Dagmar Henn Letztendlich waren es nur 13.000 Stimmen, die eine Lage geschaffen haben, die das politische System Deutschlands vorerst vor tieferen Ersch\u00fctterungen bewahrt. Nur das politische System \u2012 f\u00fcr das Land bedeutet dieses Ergebnis das genaue Gegenteil. Dass das BSW den Einzug in den Bundestag nicht geschafft hat,\u2026","rel":"","context":"In &quot;Demokratie \u2013 Medien \u2013 Aufkl\u00e4rung&quot;","block_context":{"text":"Demokratie \u2013 Medien \u2013 Aufkl\u00e4rung","link":"https:\/\/www.freidenker.org\/?cat=12"},"img":{"alt_text":"","src":"https:\/\/i0.wp.com\/www.freidenker.org\/fw17\/wp-content\/uploads\/2025\/03\/glacier-1838363_800x450.jpg?fit=800%2C450&ssl=1&resize=350%2C200","width":350,"height":200,"srcset":"https:\/\/i0.wp.com\/www.freidenker.org\/fw17\/wp-content\/uploads\/2025\/03\/glacier-1838363_800x450.jpg?fit=800%2C450&ssl=1&resize=350%2C200 1x, https:\/\/i0.wp.com\/www.freidenker.org\/fw17\/wp-content\/uploads\/2025\/03\/glacier-1838363_800x450.jpg?fit=800%2C450&ssl=1&resize=525%2C300 1.5x, https:\/\/i0.wp.com\/www.freidenker.org\/fw17\/wp-content\/uploads\/2025\/03\/glacier-1838363_800x450.jpg?fit=800%2C450&ssl=1&resize=700%2C400 2x"},"classes":[]}],"_links":{"self":[{"href":"https:\/\/www.freidenker.org\/index.php?rest_route=\/wp\/v2\/posts\/9631","targetHints":{"allow":["GET"]}}],"collection":[{"href":"https:\/\/www.freidenker.org\/index.php?rest_route=\/wp\/v2\/posts"}],"about":[{"href":"https:\/\/www.freidenker.org\/index.php?rest_route=\/wp\/v2\/types\/post"}],"author":[{"embeddable":true,"href":"https:\/\/www.freidenker.org\/index.php?rest_route=\/wp\/v2\/users\/3"}],"replies":[{"embeddable":true,"href":"https:\/\/www.freidenker.org\/index.php?rest_route=%2Fwp%2Fv2%2Fcomments&post=9631"}],"version-history":[{"count":0,"href":"https:\/\/www.freidenker.org\/index.php?rest_route=\/wp\/v2\/posts\/9631\/revisions"}],"wp:featuredmedia":[{"embeddable":true,"href":"https:\/\/www.freidenker.org\/index.php?rest_route=\/wp\/v2\/media\/9637"}],"wp:attachment":[{"href":"https:\/\/www.freidenker.org\/index.php?rest_route=%2Fwp%2Fv2%2Fmedia&parent=9631"}],"wp:term":[{"taxonomy":"category","embeddable":true,"href":"https:\/\/www.freidenker.org\/index.php?rest_route=%2Fwp%2Fv2%2Fcategories&post=9631"},{"taxonomy":"post_tag","embeddable":true,"href":"https:\/\/www.freidenker.org\/index.php?rest_route=%2Fwp%2Fv2%2Ftags&post=9631"}],"curies":[{"name":"wp","href":"https:\/\/api.w.org\/{rel}","templated":true}]}}