{"id":9623,"date":"2021-02-24T23:29:36","date_gmt":"2021-02-24T22:29:36","guid":{"rendered":"https:\/\/www.freidenker.org\/?p=9623"},"modified":"2021-03-14T18:59:16","modified_gmt":"2021-03-14T17:59:16","slug":"saekulare-verstaendigung-zur-forderung-nach-abloesung-der-altrechtlichen-staatsleistungen","status":"publish","type":"post","link":"https:\/\/www.freidenker.org\/?p=9623","title":{"rendered":"S\u00e4kulare Verst\u00e4ndigung zur Forderung nach Abl\u00f6sung der altrechtlichen Staatsleistungen"},"content":{"rendered":"<p><em>Wortmeldung des <strong>Koordinierungsrates s\u00e4kularer Organisationen KORSO e.V.<\/strong> vom 22.02.2021:<\/em><\/p>\n<p>Am vergangenen Freitag, 19. Februar, fanden sich auf Einladung des KORSO 16 Vertreterinnen und Vertreter unterschiedlicher Organisationen aus dem s\u00e4kularen Spektrum per Videokonferenz zu einem Expertengespr\u00e4ch zusammen. Thema waren die so genannten \u201ealtrechtlichen Staatsleistungen\u201c: Seit \u00fcber 100 Jahren besteht ein <a href=\"https:\/\/www.korso-deutschland.de\/positionen\/staatsleistungen\/\" target=\"_blank\" rel=\"noopener noreferrer\">Verfassungsauftrag zur Abl\u00f6sung<\/a> dieser regelm\u00e4\u00dfigen j\u00e4hrlichen Zahlungen an die evangelische und die katholische Kirche. Dieser Verfassungsauftrag ist bis heute nicht erf\u00fcllt.<\/p>\n<p>Ein vorliegender <a href=\"https:\/\/hpd.de\/artikel\/gesetzentwurf-zur-abloesung-staatsleistungen-17834\" target=\"_blank\" rel=\"noopener noreferrer\">Gesetzentwurf<\/a> der drei Oppositionsfraktionen des Deutschen Bundestags, FDP, Linke und Gr\u00fcne kommt einer rechtlich unbegr\u00fcndeten Maximalforderung der Kirchen nahe und sieht enorme Transferzahlungen an die Kirchen aus dem allgemeinen Steueraufkommen vor. Dies ist aus s\u00e4kularer Perspektive nicht akzeptabel, wie Johann-Albrecht Haupt von der Humanistischen Union, einer der Initiatoren des <a href=\"https:\/\/staatsleistungen-beenden.de\/\" target=\"_blank\" rel=\"noopener noreferrer\"><em>B\u00fcndnisses Altrechtliche Staatsleistungen abl\u00f6sen! <\/em>(BAStA)<\/a>, erl\u00e4uterte. Der Gesetzentwurf sieht vor, dass am Ende 14 Bundesl\u00e4nder insgesamt bis zu 28 Milliarden Euro Staatsleistungen an die beiden Amtskirchen zu zahlen h\u00e4tten. Dies k\u00e4me nach Haupt einer faktischen Privilegierung der beiden Amtskirchen gegen\u00fcber anderen Religions- und Weltanschauungsgemeinschaften gleich sowie einer Finanzierung der Kirchen zunehmend auch durch kirchenfreie Steuerzahler. Der Gesetzentwurf missachte die religionssoziologische Lage, denn <a href=\"https:\/\/fowid.de\/meldung\/religionszugehoerigkeiten-2019\" target=\"_blank\" rel=\"noopener noreferrer\">nur noch knapp \u00fcber 50 Prozent der Bev\u00f6lkerung sind Kirchenmitglieder<\/a>. Dar\u00fcber hinaus ignoriere er den bereits bestehenden Reichtum der Kirchen und das ohnehin hohe Kirchensteueraufkommen von j\u00e4hrlich etwa 12,6 Milliarden Euro (2019).<\/p>\n<p>Die Expertenrunde diskutierte einen Nachmittag lang die wichtigsten Aspekte des komplexen Themas und war sich am Ende einig, dass aus s\u00e4kularer Sicht streng genommen keine weiteren Abl\u00f6sungszahlungen an die Kirchen mehr erfolgen d\u00fcrften. Dennoch sprach sich eine Mehrheit f\u00fcr einen Kompromissvorschlag aus. So versammelten sich die s\u00e4kularen Expertinnen und Experten hinter einem \u00c4nderungsantrag, den das <em>Institut f\u00fcr Weltanschauungsrecht ifw<\/em> im Dezember 2020 <a href=\"https:\/\/hpd.de\/artikel\/keine-10-milliarden-euro-fuer-kirchen-zur-abloesung-staatsleistungen-18800\">vorgelegt<\/a> hatte und der eine Neuberechnung der Abl\u00f6sungszahlungen vornimmt. Demnach ist die Abl\u00f6sung innerhalb von 5 Jahren mit einem Gesamtbetrag von rund 3 Milliarden Euro zu t\u00e4tigen. Nach Angaben der <em>ifw<\/em>-Leiterin Jacqueline Neumann kann dieser \u00c4nderungsantrag von Abgeordneten frei verwendet werden.<\/p>\n<p>Am 12. April wird nun eine Anh\u00f6rung im Innenausschuss des Deutschen Bundestages \u00fcber den Gesetzentwurf stattfinden. Ein <a href=\"https:\/\/fowid.de\/meldung\/religionszugehoerigkeiten-2019\" target=\"_blank\" rel=\"noopener noreferrer\">stetig wachsender Anteil<\/a> der B\u00fcrgerinnen und B\u00fcrger, bald die H\u00e4lfte aller Deutschen, f\u00fchlt sich von den Kirchen nicht mehr vertreten. Der KORSO fordert daher die Ber\u00fccksichtigung dieser gemeinsamen s\u00e4kularen Perspektive im politischen Diskussions- und Entscheidungsprozess und fordert die Anh\u00f6rung auch von Expertinnen oder Experten, die die altrechtlichen Staatsleistungen aus einer Perspektive betrachten, die nicht nur die Interessen der Kirchen, sondern auch die der gro\u00dfen Zahl s\u00e4kularer oder kirchenferner Menschen ber\u00fccksichtigt.<\/p>\n<p><span style=\"font-size: 10pt;\">Link zur Erstver\u00f6ffentlichung: <a href=\"https:\/\/www.korso-deutschland.de\/altrechtliche-staatsleistungen\/\" target=\"_blank\" rel=\"noopener\">https:\/\/www.korso-deutschland.de\/altrechtliche-staatsleistungen\/<\/a><\/span><\/p>\n<hr \/>\n<p><span style=\"font-size: 10pt;\">Bild: KORSO e.V.<\/span><\/p>\n","protected":false},"excerpt":{"rendered":"<p><b>Wortmeldung des Koordinierungsrates s\u00e4kularer Organisationen KORSO e.V. <\/b><br \/>\nAm vergangenen Freitag, 19. Februar, fanden sich auf Einladung des KORSO 16 Vertreterinnen und Vertreter unterschiedlicher Organisationen aus dem s\u00e4kularen Spektrum per Videokonferenz zu einem Expertengespr\u00e4ch zusammen. Thema waren die so genannten \u201ealtrechtlichen Staatsleistungen\u201c&#8230;.<br \/>\nDie Expertenrunde diskutierte einen Nachmittag lang die wichtigsten Aspekte des komplexen Themas und war sich am Ende einig, dass aus s\u00e4kularer Sicht streng genommen keine weiteren Abl\u00f6sungszahlungen an die Kirchen mehr erfolgen d\u00fcrften. Dennoch sprach sich eine Mehrheit f\u00fcr einen Kompromissvorschlag aus.<\/p>\n","protected":false},"author":3,"featured_media":9624,"comment_status":"closed","ping_status":"closed","sticky":false,"template":"","format":"standard","meta":{"colormag_page_container_layout":"default_layout","colormag_page_sidebar_layout":"default_layout","advanced_seo_description":"","jetpack_seo_html_title":"","jetpack_seo_noindex":false,"jetpack_post_was_ever_published":false,"footnotes":""},"categories":[15],"tags":[1302,1129,1303,54,1123,852],"class_list":["post-9623","post","type-post","status-publish","format-standard","has-post-thumbnail","hentry","category-religions-kirchenkritik","tag-abloesung-der-staatsleistungen","tag-basta","tag-gesetzentwurf","tag-kirche","tag-kirchenfinanzierung","tag-korso"],"jetpack_featured_media_url":"https:\/\/i0.wp.com\/www.freidenker.org\/fw17\/wp-content\/uploads\/2021\/02\/korso-post_2021-02-22_02-staatsleistungen_800x450.jpg?fit=800%2C450&ssl=1","jetpack_shortlink":"https:\/\/wp.me\/p9stpK-2vd","jetpack-related-posts":[{"id":10234,"url":"https:\/\/www.freidenker.org\/?p=10234","url_meta":{"origin":9623,"position":0},"title":"Altrechtliche Staatsleistungen: KORSO begr\u00fc\u00dft Ablehnung der vorliegenden Gesetzentw\u00fcrfe","author":"Webredaktion","date":"8. Mai 2021","format":false,"excerpt":"Wortmeldung des Koordinierungsrates s\u00e4kularer Organisationen KORSO e.V. Am 6. Mai 2021 hat der Deutsche Bundestag zwei Gesetzentw\u00fcrfe der Oppositionsparteien zur Abl\u00f6sung der altrechtlichen Staatsleistungen an die Kirchen mit breiter Mehrheit abgelehnt. Der KORSO begr\u00fc\u00dft diese Entscheidung und fordert nun eine breite gesellschaftliche Debatte dar\u00fcber, ob die damit verbundenen Zahlungen an\u2026","rel":"","context":"In &quot;Religions- &amp; Kirchenkritik, S\u00e4kulare Szene&quot;","block_context":{"text":"Religions- &amp; Kirchenkritik, S\u00e4kulare Szene","link":"https:\/\/www.freidenker.org\/?cat=15"},"img":{"alt_text":"","src":"https:\/\/i0.wp.com\/www.freidenker.org\/fw17\/wp-content\/uploads\/2021\/05\/korso-post_600px_2021-05-07_01-staatsleistungen_800x450.jpg?fit=800%2C450&ssl=1&resize=350%2C200","width":350,"height":200,"srcset":"https:\/\/i0.wp.com\/www.freidenker.org\/fw17\/wp-content\/uploads\/2021\/05\/korso-post_600px_2021-05-07_01-staatsleistungen_800x450.jpg?fit=800%2C450&ssl=1&resize=350%2C200 1x, https:\/\/i0.wp.com\/www.freidenker.org\/fw17\/wp-content\/uploads\/2021\/05\/korso-post_600px_2021-05-07_01-staatsleistungen_800x450.jpg?fit=800%2C450&ssl=1&resize=525%2C300 1.5x, https:\/\/i0.wp.com\/www.freidenker.org\/fw17\/wp-content\/uploads\/2021\/05\/korso-post_600px_2021-05-07_01-staatsleistungen_800x450.jpg?fit=800%2C450&ssl=1&resize=700%2C400 2x"},"classes":[]},{"id":8369,"url":"https:\/\/www.freidenker.org\/?p=8369","url_meta":{"origin":9623,"position":1},"title":"Ende der Staatsleistungen &#8211; Gesetzentwurf springt viel zu kurz","author":"Webredaktion","date":"14. M\u00e4rz 2020","format":false,"excerpt":"Am 13. M\u00e4rz 2020 wurde in Berlin ein gemeinsamer Entwurf f\u00fcr ein Grunds\u00e4tzegesetz zur Abl\u00f6sung der Staatsleistungen durch die kirchenpolitischen Sprecher von FDP, DIE LINKE und B\u00fcndnis 90\/Die Gr\u00fcnen vorgestellt. Der Gesetzentwurf sieht die Abschaffung der an die Kirchen gezahlten Staatsleistungen gegen eine Abl\u00f6sesumme von gut zehn Milliarden Euro vor.\u2026","rel":"","context":"In &quot;Religions- &amp; Kirchenkritik, S\u00e4kulare Szene&quot;","block_context":{"text":"Religions- &amp; Kirchenkritik, S\u00e4kulare Szene","link":"https:\/\/www.freidenker.org\/?cat=15"},"img":{"alt_text":"","src":"https:\/\/i0.wp.com\/www.freidenker.org\/fw17\/wp-content\/uploads\/2020\/07\/bibel_671107_original_R_by_Esther-Stosch_pixelio.de_800x450.jpg?fit=800%2C450&ssl=1&resize=350%2C200","width":350,"height":200,"srcset":"https:\/\/i0.wp.com\/www.freidenker.org\/fw17\/wp-content\/uploads\/2020\/07\/bibel_671107_original_R_by_Esther-Stosch_pixelio.de_800x450.jpg?fit=800%2C450&ssl=1&resize=350%2C200 1x, https:\/\/i0.wp.com\/www.freidenker.org\/fw17\/wp-content\/uploads\/2020\/07\/bibel_671107_original_R_by_Esther-Stosch_pixelio.de_800x450.jpg?fit=800%2C450&ssl=1&resize=525%2C300 1.5x, https:\/\/i0.wp.com\/www.freidenker.org\/fw17\/wp-content\/uploads\/2020\/07\/bibel_671107_original_R_by_Esther-Stosch_pixelio.de_800x450.jpg?fit=800%2C450&ssl=1&resize=700%2C400 2x"},"classes":[]},{"id":6210,"url":"https:\/\/www.freidenker.org\/?p=6210","url_meta":{"origin":9623,"position":2},"title":"BAStA &#8211; B\u00fcndnis Altrechtliche Staatsleistungen abschaffen","author":"Webredaktion","date":"14. April 2019","format":false,"excerpt":"Im Dezember 2018 hat sich das \"B\u00fcndnis Altrechtliche Staatsleistungen abschaffen\" gegr\u00fcndet.Der Verbandsvorstand des Deutschen Freidenker-Verbandes hat auf seiner Sitzung am 06.\/07.04.2019 beschlossen, dem B\u00fcndnis beizutreten. Der Beitrag enth\u00e4lt die B\u00fcndniserkl\u00e4rung \"Nach 100 Jahren:Staatsleistungen an die Kirchen beenden \u2013 jetzt!\", eine Auflistung der B\u00fcndnispartner, eine Information zur Veranstaltung \"100 Jahre Staatsleistungen\u2026","rel":"","context":"In &quot;Religions- &amp; Kirchenkritik, S\u00e4kulare Szene&quot;","block_context":{"text":"Religions- &amp; Kirchenkritik, S\u00e4kulare Szene","link":"https:\/\/www.freidenker.org\/?cat=15"},"img":{"alt_text":"","src":"https:\/\/i0.wp.com\/www.freidenker.org\/fw17\/wp-content\/uploads\/2019\/04\/basta_logo_800x445.jpg?fit=800%2C445&ssl=1&resize=350%2C200","width":350,"height":200,"srcset":"https:\/\/i0.wp.com\/www.freidenker.org\/fw17\/wp-content\/uploads\/2019\/04\/basta_logo_800x445.jpg?fit=800%2C445&ssl=1&resize=350%2C200 1x, https:\/\/i0.wp.com\/www.freidenker.org\/fw17\/wp-content\/uploads\/2019\/04\/basta_logo_800x445.jpg?fit=800%2C445&ssl=1&resize=525%2C300 1.5x, https:\/\/i0.wp.com\/www.freidenker.org\/fw17\/wp-content\/uploads\/2019\/04\/basta_logo_800x445.jpg?fit=800%2C445&ssl=1&resize=700%2C400 2x"},"classes":[]},{"id":9437,"url":"https:\/\/www.freidenker.org\/?p=9437","url_meta":{"origin":9623,"position":3},"title":"Den Griff in die Staatskasse abwenden","author":"Webredaktion","date":"29. Januar 2021","format":false,"excerpt":"Beitrag des Institutes f\u00fcr Weltanschauungsrecht (ifw) Die Kritikpunkte zum \"Entwurf eines Grunds\u00e4tzegesetzes zur Abl\u00f6sung der Staatsleistungen\" der Oppositionsfraktionen FDP, DIE LINKE und B\u00dcNDNIS 90\/DIE GR\u00dcNEN hat das Institut f\u00fcr Weltanschauungsrecht (ifw) am 14. Dezember 2020 in Form eines \u00c4nderungsantrags ver\u00f6ffentlicht. Basierend auf den Anspr\u00fcchen der Kirchen auf positive Staatsleistungen aus\u2026","rel":"","context":"In &quot;Religions- &amp; Kirchenkritik, S\u00e4kulare Szene&quot;","block_context":{"text":"Religions- &amp; Kirchenkritik, S\u00e4kulare Szene","link":"https:\/\/www.freidenker.org\/?cat=15"},"img":{"alt_text":"","src":"https:\/\/i0.wp.com\/www.freidenker.org\/fw17\/wp-content\/uploads\/2021\/01\/Kirche_Geld_800x450.jpg?fit=800%2C450&ssl=1&resize=350%2C200","width":350,"height":200,"srcset":"https:\/\/i0.wp.com\/www.freidenker.org\/fw17\/wp-content\/uploads\/2021\/01\/Kirche_Geld_800x450.jpg?fit=800%2C450&ssl=1&resize=350%2C200 1x, https:\/\/i0.wp.com\/www.freidenker.org\/fw17\/wp-content\/uploads\/2021\/01\/Kirche_Geld_800x450.jpg?fit=800%2C450&ssl=1&resize=525%2C300 1.5x, https:\/\/i0.wp.com\/www.freidenker.org\/fw17\/wp-content\/uploads\/2021\/01\/Kirche_Geld_800x450.jpg?fit=800%2C450&ssl=1&resize=700%2C400 2x"},"classes":[]},{"id":6984,"url":"https:\/\/www.freidenker.org\/?p=6984","url_meta":{"origin":9623,"position":4},"title":"BAStA-Pressemitteilung: 100\u00a0 Jahre Weimarer Verfassung &#8211; 100 Jahre Abl\u00f6sungsgebot","author":"Webredaktion","date":"11. August 2019","format":false,"excerpt":"100 Jahre Weimarer Verfassung \u2013 das hei\u00dft bisher auch 100 Jahre Nichtstun der Regierungen beim Verfassungsgebot der Abl\u00f6sung der Staatsleistungen an die Kirchen. Das B\u00fcndnis altrechtliche Staatsleistungen abschaffen (BAStA) will Bewegung in die Sache bringen und hat Parteien, Bundes- und Landtagsabgeordnete, Fraktionen, Regierungen, Landesrechnungsh\u00f6fe und Kirchen mit der Aufforderung angeschrieben,\u2026","rel":"","context":"In &quot;Religions- &amp; Kirchenkritik, S\u00e4kulare Szene&quot;","block_context":{"text":"Religions- &amp; Kirchenkritik, S\u00e4kulare Szene","link":"https:\/\/www.freidenker.org\/?cat=15"},"img":{"alt_text":"","src":"https:\/\/i0.wp.com\/www.freidenker.org\/fw17\/wp-content\/uploads\/2019\/09\/Haus-Weimarer_Republik_MG_9141_800x445.jpg?fit=800%2C445&ssl=1&resize=350%2C200","width":350,"height":200,"srcset":"https:\/\/i0.wp.com\/www.freidenker.org\/fw17\/wp-content\/uploads\/2019\/09\/Haus-Weimarer_Republik_MG_9141_800x445.jpg?fit=800%2C445&ssl=1&resize=350%2C200 1x, https:\/\/i0.wp.com\/www.freidenker.org\/fw17\/wp-content\/uploads\/2019\/09\/Haus-Weimarer_Republik_MG_9141_800x445.jpg?fit=800%2C445&ssl=1&resize=525%2C300 1.5x, https:\/\/i0.wp.com\/www.freidenker.org\/fw17\/wp-content\/uploads\/2019\/09\/Haus-Weimarer_Republik_MG_9141_800x445.jpg?fit=800%2C445&ssl=1&resize=700%2C400 2x"},"classes":[]},{"id":6187,"url":"https:\/\/www.freidenker.org\/?p=6187","url_meta":{"origin":9623,"position":5},"title":"KORSO-Resolution zur Abl\u00f6sung der historischen Staatsleistungen an die Kirchen","author":"Webredaktion","date":"13. April 2019","format":false,"excerpt":"Vor 100 Jahren trat die Weimarer Reichsverfassung in Kraft, vor 70 Jahren das Grundgesetz der Bundesrepublik Deutschland. Anl\u00e4sslich dieses doppelten Verfassungsjubil\u00e4ums im Jahr 2019 stellt der Koordinierungsrat s\u00e4kularer Organisationen (KORSO e.V.) fest: Die Grundidee einer Entflechtung staatlicher und kirchlicher T\u00e4tigkeit war ein bedeutender zivilisatorischer Durchbruch im 20. Jahrhundert. Die durch\u2026","rel":"","context":"In &quot;Religions- &amp; Kirchenkritik, S\u00e4kulare Szene&quot;","block_context":{"text":"Religions- &amp; Kirchenkritik, S\u00e4kulare Szene","link":"https:\/\/www.freidenker.org\/?cat=15"},"img":{"alt_text":"","src":"https:\/\/i0.wp.com\/www.freidenker.org\/fw17\/wp-content\/uploads\/2019\/04\/korso-rv_2019-03-30_vorstand_800x445.jpg?fit=800%2C445&ssl=1&resize=350%2C200","width":350,"height":200,"srcset":"https:\/\/i0.wp.com\/www.freidenker.org\/fw17\/wp-content\/uploads\/2019\/04\/korso-rv_2019-03-30_vorstand_800x445.jpg?fit=800%2C445&ssl=1&resize=350%2C200 1x, https:\/\/i0.wp.com\/www.freidenker.org\/fw17\/wp-content\/uploads\/2019\/04\/korso-rv_2019-03-30_vorstand_800x445.jpg?fit=800%2C445&ssl=1&resize=525%2C300 1.5x, https:\/\/i0.wp.com\/www.freidenker.org\/fw17\/wp-content\/uploads\/2019\/04\/korso-rv_2019-03-30_vorstand_800x445.jpg?fit=800%2C445&ssl=1&resize=700%2C400 2x"},"classes":[]}],"_links":{"self":[{"href":"https:\/\/www.freidenker.org\/index.php?rest_route=\/wp\/v2\/posts\/9623","targetHints":{"allow":["GET"]}}],"collection":[{"href":"https:\/\/www.freidenker.org\/index.php?rest_route=\/wp\/v2\/posts"}],"about":[{"href":"https:\/\/www.freidenker.org\/index.php?rest_route=\/wp\/v2\/types\/post"}],"author":[{"embeddable":true,"href":"https:\/\/www.freidenker.org\/index.php?rest_route=\/wp\/v2\/users\/3"}],"replies":[{"embeddable":true,"href":"https:\/\/www.freidenker.org\/index.php?rest_route=%2Fwp%2Fv2%2Fcomments&post=9623"}],"version-history":[{"count":0,"href":"https:\/\/www.freidenker.org\/index.php?rest_route=\/wp\/v2\/posts\/9623\/revisions"}],"wp:featuredmedia":[{"embeddable":true,"href":"https:\/\/www.freidenker.org\/index.php?rest_route=\/wp\/v2\/media\/9624"}],"wp:attachment":[{"href":"https:\/\/www.freidenker.org\/index.php?rest_route=%2Fwp%2Fv2%2Fmedia&parent=9623"}],"wp:term":[{"taxonomy":"category","embeddable":true,"href":"https:\/\/www.freidenker.org\/index.php?rest_route=%2Fwp%2Fv2%2Fcategories&post=9623"},{"taxonomy":"post_tag","embeddable":true,"href":"https:\/\/www.freidenker.org\/index.php?rest_route=%2Fwp%2Fv2%2Ftags&post=9623"}],"curies":[{"name":"wp","href":"https:\/\/api.w.org\/{rel}","templated":true}]}}