{"id":9608,"date":"2021-02-22T23:59:09","date_gmt":"2021-02-22T22:59:09","guid":{"rendered":"https:\/\/www.freidenker.org\/?p=9608"},"modified":"2021-03-11T20:51:02","modified_gmt":"2021-03-11T19:51:02","slug":"die-bornierte-falschheit-von-maas-und-merkel","status":"publish","type":"post","link":"https:\/\/www.freidenker.org\/?p=9608","title":{"rendered":"Die bornierte Falschheit von Maas und Merkel"},"content":{"rendered":"<p><strong>ARD-aktuell kaschiert ihre Doppelz\u00fcngigkeit und gef\u00e4hrliche Konfrontationspolitik gegen\u00fcber Russland und China<\/strong><\/p>\n<p><em>Von <strong>Friedhelm Klinkhammer<\/strong> und <strong>Volker Br\u00e4utigam<\/strong><\/em><\/p>\n<p><strong>F\u00fcr den Hausgebrauch formuliert unser aller Kanzlerin Angela Merkel ihren Kategorischen Imperativ: <em>\u201eRechtsextremismus m\u00fcssen wir in den Anf\u00e4ngen bek\u00e4mpfen, ohne jedes Tabu \u2026 sonst haben wir einen vollkommenen Verlust der Glaubw\u00fcrdigkeit.\u201c<\/em><\/strong> (1)<strong> Beachtet man allerdings, wie Merkels Regierungssprecher sich ahnungslos und nicht-wissend gegen\u00fcber dem Neonazismus und Rassismus im \u201ebefreundeten\u201c Ausland gibt <\/strong>(2)<strong> \u2013 <\/strong>\u201e<em>Adolf Hitler war der gr\u00f6\u00dfte Mensch, er hat direkte Demokratie praktiziert<\/em>\u201c (3, 4)<strong> \u2013 dann kann von Glaubw\u00fcrdigkeit gleich keine Rede mehr sein. Au\u00dfenminister Maas, \u201ewegen Auschwitz in die Politik gegangen\u201c <\/strong>(5)<strong>, belegt davon unbeschadet den Auschwitz-Befreier Russland mit Sanktionen und verlangt sogar, den Rassisten Nawalny <\/strong>(\u201e\u2026 diese Drecksjuden!\u201c [6])<strong> freizulassen. <\/strong>(7)<strong> Und die <em>Tagesschau<\/em>, l\u00e4ngst erhaben \u00fcber jeden Gedanken an kritisch-sauberen Journalismus, verschleiert all den Widersinn und die Doppelmoral der Bundesregierung. <\/strong><\/p>\n<p>Anl\u00e4sslich des Jahrestages der rassistisch motiverten Hanauer Morde tat sich die Kanzlerin mal wieder dicke und gab die Vork\u00e4mpferin gegen Rechts.<\/p>\n<p style=\"padding-left: 40px;\"><em>\u201eW<\/em><em>ir stellen uns denen, die versuchen, Deutschland zu spalten, mit aller Kraft und Entschlossenheit entgegen,&#8220;<\/em>(8)<\/p>\n<p>schnuffelte sie in ihrem w\u00f6chentlichen Selbstdarstellungs-Video, und die <em>Tagesschau<\/em> \u00fcbernahm den Ausschnitt geflissentlich. (ebd.) Die Hamburger vermieden hingegen sorgf\u00e4ltig, \u00fcber die vehemente Kritik der Holocaust-\u00dcberlebenden Esther Bejarano zu berichten. In einem Gru\u00dfwort an die Angeh\u00f6rigen der Opfer des Hanauer Massakers hatte Bejanaro \u00fcber die rassistischen Ausw\u00fcchse im deutschen Polizeiapparat geklagt:<\/p>\n<p style=\"padding-left: 40px;\"><em>\u201eSchlimmer noch: Einige Beamte und Beamtinnen sind Teil der Netzwerke. Betroffene werden stigmatisiert und kriminalisiert. Aber wir werden dagegen aufstehen.\u201c<\/em> (9)<\/p>\n<p>Solche Worte passen eben nicht zum regierungsamtlichen, im \u00f6ffentlich-rechtlichen Rundfunk gezeigten Bild vom wohlanst\u00e4ndigen deutschen Antifaschismus.<\/p>\n<h5>Geldhahn auf f\u00fcr UkroNazis<\/h5>\n<p>Angesichts der nazistischen Umtriebe in Kiew (s. Anm. 4) h\u00e4tten Berlin und auch Br\u00fcssel sofort reagieren und f\u00fcr die Ukraine den Geldhahn zudrehen m\u00fcssen. So hatte es der Bundestagsabgeordnete Andrej Hunko gefordert (10). Stattdessen flie\u00dfen aus deutschen und europ\u00e4ischen Steuermitteln Milliarden Euro nach Kiew:<\/p>\n<p style=\"padding-left: 40px;\"><em>\u201eDeutschland hat gro\u00dfes Interesse an einer stabilen, demokratischen und wirtschaftlich prosperierenden Ukraine. Seit 2014 hat Deutschland die Ukraine insgesamt mit \u00fcber 1,8 Mrd. EUR unterst\u00fctzt.\u201c (11)<\/em><\/p>\n<p><em>Eintausendachthundert Millionen Euro zahlte Deutschland bereits an die Regierung in Kiew. An ein politisches System, das den Nazi-Kollaborateur Stepan Bandera zum Nationalhelden k\u00fcrte. An einen Staat, dessen einst von seinen W\u00e4hlern bejubelter Pr\u00e4sident Wolodymyr Selensky kurzerhand drei oppositionelle Fernsehsender abschalten lie\u00df, weil deren russlandfreundliche Programmangebote ihm nicht passten. (12, 13) Diesen Frontalangriff auf die S\u00e4ulen der Demokratie, auf Rundfunk- und Meinungsfreiheit, kommentierte die Bundesregierung auch noch so:<\/em><\/p>\n<p style=\"padding-left: 40px;\"><em>Es ist legitim, dass die Ukraine ihre territoriale Integrit\u00e4t und nationale Sicherheit sch\u00fctzt und sich angesichts des Ausma\u00dfes von Desinformationskampagnen im Land gegen manipulierte Informationen wehrt.\u00a0<\/em>(14)<\/p>\n<p>Denn nur echt demokratisch gesinnte Regierende wissen, was echt wahr und was echt eine Gefahr f\u00fcr die nationale Sicherheit ist \u2013 und deshalb echt verboten geh\u00f6rt, gelle? Also unterst\u00fctzen unsere regierenden Antidemokraten ihre Gesinnungsfreunde und Nazi-Verehrer in Kiew. Und zwar auf diplomatisch-politischer Ebene genauso wie mit massenhaft Kohle. J\u00fcngste deutsche Quertreiberei ganz im Sinne der Ukronazis: Russland hatte in die OSZE eine Initiative eingebracht, um endlich die Umsetzung des Minsk-II-Abkommens zur Befriedung der Ukraine zu erreichen. Sie enthielt nur drei Punkte:<\/p>\n<p style=\"padding-left: 40px;\"><em>\u201eUnterst\u00fctzung des vom UN-Sicherheitsrat gebilligten Minsker Abkommens, Aufforderung nach baldiger Umsetzung und eine Aufforderung an die Strukturen der OSZE, dabei behilflich zu sein.\u201c <\/em>(15)<\/p>\n<p>V\u00f6llig unerwartet lehnten Kiew und seine westlichen Verb\u00fcndeten die Initiative ab \u2013 auch Deutschland. (ebd.) Und unsere \u00f6ffentlich-rechtliche <em>Tagesschau<\/em>? Macht einen gro\u00dfen Bogen um all diese Ungeheuerlichkeiten, wie es sich f\u00fcr einen echten Nachrichtendienstboten geh\u00f6rt.<\/p>\n<h5>Gelebte Perversionen<\/h5>\n<p>Kommen wir noch einmal auf das geradlinige Denken unseres gro\u00dfen Au\u00dfenministers Maas zur\u00fcck, der \u201ewegen Auschwitz\u201c in die Politik ging (nat\u00fcrlich nicht wegen der Karriereaussichten und der fetten Di\u00e4ten), ergo ein grundanst\u00e4ndiger Mensch sein muss. Wenn\u00b4s Covid-19-m\u00e4\u00dfig klemmt, verweigert er eben doch j\u00fcdischen Exilanten aus Russland die Einreise in die Bundesrepublik (16), allem geschichtsbewussten humanit\u00e4ren Anspruch zum Trotz. Dann d\u00fcrfen nur noch deutsche Sp\u00e4taussiedler, sogenannte Volksdeutsche, zu uns rein.<\/p>\n<p>Zweierlei Maas, hier haben wir\u00b4s in Reinform: Einerseits (wegen des kriminellen Nawalny) die Politik der Wirtschaftssanktionen gegen\u00fcber Russland anfeuern und andererseits mahnen:<\/p>\n<p style=\"padding-left: 40px;\"><em>\u201eEine wirtschaftliche Isolierung Russlands w\u00fcrde das Land nur weiter in die Arme Chinas treiben \u2026<\/em>(das)<em> ist nicht nur falsch, sondern gef\u00e4hrlich\u201c <\/em>(17).<\/p>\n<p>Das offenbart ein so irres Defizit an Logik, dass man sich unwillk\u00fcrlich fragt, wo der Notarzt bleibt. Hat dieser Au\u00dfenminister nicht seit seinem Amtsantritt unz\u00e4hlige Attacken gegen Russlands Regierung geritten? Hat er nicht wieder und wieder mit m\u00f6rderischer Sanktionspolitik das deutsch-russische Verh\u00e4ltnis schwerstens belastet, auch auf Kosten abertausender syrischer Menschenleben? Die gewaltfreie und dem Bev\u00f6lkerungswillen gem\u00e4\u00dfe Wiedereingliederung der Krim in die Russische F\u00f6deration sowie Russlands v\u00f6lkerrechtskonforme Unterst\u00fctzung Syriens reichen unserem Berliner Hampelmann aus, dem Kreml \u201eAggression\u201c vorzuwerfen und dagegen die \u201eEntschlossenheit des Westens\u201c einzufordern \u2013 ganz im Sinne seiner Strippenzieher in Washington. Die <em>Tagesschau<\/em> wirft ja trotz allem nicht die Frage auf: Wie tief k\u00f6nnen Hirnrisse eigentlich reichen?<\/p>\n<h5>Umsturz-Politik<\/h5>\n<p>In transatlantischem Kadavergehorsam unterst\u00fctzt unser Au\u00dfenminister die Anstrengungen der USA, den Verlust ihrer Weltherrschaft aufzuhalten und in Russland wieder ein gef\u00fcgiges Regime \u00e0 la Boris Jelzin zu installieren. Merkel und Maas sagen nicht selbst, dass das \u201eSystem Putin\u201c gest\u00fcrzt werden soll. Aber sie lassen widerspruchslos zu, dass es einer ihrer konservativen Prolieferanten sagt, der Pr\u00e4sident des Kieler Instituts f\u00fcr Weltwirtschaft, Gabriel Felbermayr:<\/p>\n<p style=\"padding-left: 40px;\"><em>\u201eDie Ziele, die wir gegen\u00fcber Russland haben, sind ja sehr gro\u00dfe. Wir wollen ja nicht weniger als einen Regimewandel in Russland, das ist sehr schwer zu erreichen mit wirtschaftlichem Druck.\u201c (18, 19)<\/em><\/p>\n<p><em>\u201ePutin muss weg \u2013 Nawalny for president!\u201c verfolgt das Ziel, Russland wieder dem Westen gef\u00fcgig zu machen und abermals zu Schleuderpreisen auf seine gigantischen Rohstoffreserven zuzugreifen. Spezialdemokrat Gernot Erler, vormals \u201eRussland-Beauftragter\u201c der Bundesregierung, kleidete die Hintergedanken in ein hinterfotziges Lob: <\/em><\/p>\n<p style=\"padding-left: 40px;\"><em>\u201eDer Westen respektierte Michail Gorbatschow als einen der V\u00e4ter der deutschen Einheit und sah Russland in der Jelzin-Zeit auf dem Weg zu Demokratie und Marktwirtschaft. Ein Weg, zu dem sich Pr\u00e4sident Putin bei seiner ber\u00fchmten Rede im Bundestag 2001 noch ausdr\u00fccklich bekannte&#8230;\u201c (20)<\/em><em>\u00a0<\/em><\/p>\n<p>Die Oligarchen des <em>\u201cWerte-Westens\u201d w\u00fcnschen sich die Zust\u00e4nde der Jelzin-Zeit zur\u00fcck, als vormals sowjetisches Staatseigentum von Wirtschaftsverbrechern wie<\/em>\u00a0Michail Chodorkowski\u00a0gepl\u00fcndert und Milliardenwerte ins westliche Ausland verschoben wurden, so dass die russische Bev\u00f6lkerung in Hunger und Elend versank.<\/p>\n<h5>Krawallny bis zum Geht-nicht-mehr<\/h5>\n<p>Mit Alexej Nawalny, einem ausgewiesenen Chodorkowski-Proteg\u00e9, lie\u00dfe sich das wohl wieder so einrichten. Er ist ja ebenfalls ein rechtskr\u00e4ftig verurteilter und derzeit erneut vor einer entsprechenden Anklage stehender Wirtschaftskrimineller. Dass der Europ\u00e4ische Gerichtshof f\u00fcr Menschenrechte, EGMR, die russischen Urteile gegen ihn und Chodorkowski als Willk\u00fcrakte einstufte, spricht eher gegen diese Richter als gegen Russland; der EGMR ist schlie\u00dflich un\u00fcbersehbar mit vormaligen Politikern besetzt und macht kein Hehl aus seiner Ein\u00e4ugigkeit. (21, 22) Zu einem \u00e4hnlichen Urteil wie dem f\u00fcr Nawalny hat der EGMR sich im Fall des in London eingekerkerten Journalisten Assange nicht aufgerafft.<\/p>\n<p><em>Ungez\u00e4hlte Male und trotz des \u00dcberdrusses der deutschen \u00d6ffentlichkeit haben Merkel und Maas \u2013 mit tatkr\u00e4ftiger Unterst\u00fctzung der Tagesschau-Redaktion \u2013 ihre Nawalny-Zirkusnummern aufgef\u00fchrt und ihn zu einem M\u00e4rtyrer f\u00fcr Freiheit und Menschenrechte stilisiert: <\/em><\/p>\n<p style=\"padding-left: 40px;\"><em>\u201e\u2026 <\/em><em>\u00a0Weil er Korruption und Bereicherung in h\u00f6chsten Kreisen anprangert. Weil er die Willk\u00fcr von Gerichten und Beh\u00f6rden beklagt. Weil er sich nicht den Mund verbieten l\u00e4sst.\u00a0Nawalny r\u00fcttelt damit an den zentralen Pfeilern, auf denen das System Putin seit mehr als 20\u00a0Jahren steht.\u201c <\/em><em>\u00a0<\/em>(23)<\/p>\n<p><em>Dass der Mann sich eben wieder als rechter Kotzbrocken in einem Gerichtssaal auff\u00fchrte und mit seinen widerw\u00e4rtigen Schm\u00e4hungen sogar hochbetagte Weltkrieg-II-Veteranen \u00fcberzog, konnte man in hunderten von Beitr\u00e4gen nationaler und internationaler Medien nachlesen (24, 25, 26), aber nicht von der Tagesschau erfahren. <\/em>Er beleidigte einen 94-J\u00e4hrigen derart geh\u00e4ssig, dass der greise Veteran zusammenbrach und am Fortgang der Verhandlung nicht mehr teilnehmen konnte. Dass Nawalny wegen seiner b\u00f6sartigen Ausf\u00e4lle zu einer f\u00fcr deutsche Verh\u00e4ltnisse milden Geldstrafe verurteilt wurde, skandalisierte die <em>Tagesschau <\/em>hingegen mit dicken Krokodilstr\u00e4nen im Knopfloch \u2013 sogar als Aufmacher in ihrer Hauptausgabe um 20 Uhr. (27)<\/p>\n<p>Vergessen die Zeiten, als Nawalny auch im \u00f6ffentlich-rechtlichen Rundfunk noch so dargestellt wurde, wie er sich selbst gab:<\/p>\n<p style=\"padding-left: 40px;\"><em>\u201eFr\u00fcher beschimpfte er B\u00fcrgerrechtler und Schwule. Die einen seien\u00a0\u201aquasiliberale Wichser\u2018\u00a0oder\u00a0\u201asenile Trickbetr\u00fcger\u2018, die anderen\u00a0\u201aSchwuchteln\u2018, die weggesperrt geh\u00f6rten.\u00a0\u2026 In der Sache bleibt er unver\u00e4ndert.\u201c <\/em>(28)<\/p>\n<p>Aus <em>Tagesschau<\/em>-Sicht ist Nawalny heute ein Held \u2013 und Heiko Maas ein angesehener Au\u00dfenminister. Gr\u00fcndlichere Beobachter kommen allerdings zu einer wesentlich n\u00fcchterneren Einsch\u00e4tzung:<\/p>\n<p style=\"padding-left: 40px;\"><em>\u201e\u2026 Heiko Maas ist in dieser Kampagne ein unredlicher Scharfmacher, der v\u00f6llig ohne Beleg die Behauptung aufstellte, dass es Indizien gebe, dass der Kreml hinter dem Giftanschlag stehe. Das war selbst<\/em><em>\u00a0<\/em><em>dem Ministerpr\u00e4sidenten von Sachsen, Michael Kretschmer, zuviel, der \u2026 zum Agieren von Maas anmerkte, dass \u201adieser<\/em><em>\u00a0<\/em><em>so<\/em><em>\u00a0<\/em><em>durchdrehe,<\/em><em>\u00a0<\/em><em>dass dies kein gutes Zeichen f\u00fcr dieses Land\u2018 sei.\u201c (29)<\/em><\/p>\n<h5>Das Ende vernunftgeleiteter Politik<\/h5>\n<p>Inzwischen steht fest, dass Maas \u2013 mit Merkels Billigung, denn sie bestimmt die Richtlinien der Politik \u2013 die einst freundschaftlichen Beziehungen Deutschlands zu Russland restlos zerst\u00f6rt hat. Der russische Au\u00dfenminister Lawrow:<\/p>\n<p style=\"padding-left: 40px;\"><em>\u201eDie deutsche Regierung untergr\u00e4bt das in Jahrzehnten aufgebaute Vertrauen, das Grundlage f\u00fcr die Freundschaft zwischen der UdSSR und der DDR sowie der Ostpolitik von Willy Brandt war. Heute sagt sich Berlin sowohl von der DDR als auch vom politischen Erbe von Willy Brandt los. Das Band des gegenseitigen Vertrauens ist zerrissen.\u201c <\/em>(30)<\/p>\n<p>Eine Meldung mit diesem Zitat h\u00e4tte in s\u00e4mtliche Ausgaben der <em>Tagesschau <\/em>geh\u00f6rt. Sie war ein journalistisches Muss. Doch ARD-aktuell versteckte sogar Lawrows Warnung, Russland werde die Beziehungen zur EU komplett abbrechen, falls sie ihre Sanktionspolitik weiter steigere, sorgf\u00e4ltig in einer stillen Ecke der tagesschau.de. (31)<\/p>\n<p><em>Unklar bleibt, welche Vorteile unsere Politiker und ihre medialen Wassertr\u00e4ger sich eigentlich von ihren plumpen Attacken gegen Russland versprechen. Einen ergiebigen Anwendungsbereich hat ihre b\u00f6swillige Feindbildpflege allerdings: Sie dient der Begr\u00fcndung und Rechtfertigung st\u00e4ndig steigender R\u00fcstungsausgaben, sichert also die satten Profite unseres milit\u00e4risch-industriellen Komple<\/em><em>xes.<\/em><em>\u00a0<\/em><em>Die Bundesregierung<\/em><em>\u00a0<\/em><em>meldete<\/em><em>\u00a0<\/em><em>der Br\u00fcsseler NATO-Zentrale<\/em><em>\u00a0<\/em><em>trotz der Corona-Epidemie<\/em><em>\u00a0<\/em><em>f\u00fcr das laufende Jahr \u201eVerteidigungs\u201causgaben von 53,03 Milliarden Euro.<\/em><em>\u00a0<\/em><em>Das sind fast zehn Prozent Steigerung innerhalb von nur zwei Jahren (32) und katapultiert Deutschland in die oberste Reihe jener L\u00e4nder, die ihre Milit\u00e4rhaushalte ma\u00dfgeblich steigern. (33) \u00a0<\/em><\/p>\n<h5>Die Musik spielt im Osten<\/h5>\n<p>Hatte unser diplomatisches Genie Heiko Maas nicht gerade noch davor gewarnt, \u201eRussland in die Arme Chinas zu treiben\u201c? (Anm. 17) Sch\u2026sch\u2026 schon passiert, Heiko: Der chinesische Au\u00dfenminister Wang Yi hat seinem russischen Kollegen Lawrow bereits im Dezember vorgeschlagen, \u00fcber ein formelles Milit\u00e4rb\u00fcndnis mit gegenseitigen Schutzgarantien nach dem Muster der NATO zu verhandeln. (34) Pr\u00e4sident Putin hat zugestimmt \u2013 und so k\u00f6nnte ein US-amerikanischer Albtraum wahr werden. (35) An sowas will die <em>Tagesschau<\/em> nat\u00fcrlich nicht r\u00fchren.<\/p>\n<p>M<em>ilit\u00e4rische Machtverschiebungen, das kapiert man sogar in den USA,<\/em><em>\u00a0<\/em>st\u00e4rken immer auch die Wirtschaftskraft der fraglichen <em>Partnerl\u00e4nder. Ganz besonders in diesem Fall: China fehlen Rohstoffe, die Russland im \u00dcberfluss hat, und Russland kann vom technologischen Spitzenstandard und der Leistungsst\u00e4rke der chinesischen Industrie profitieren. Gemeinsam werden sie weiter an<\/em><em>\u00a0<\/em><em>Wettbewerbsst\u00e4rke und globaler<\/em><em>\u00a0<\/em><em>Bedeutung gegen\u00fcber dem Westen gewinnen.<\/em> F\u00fcr China ist dabei von Vorteil, dass Russlands hochentwickelte Waffensysteme denen der USA zurzeit weit \u00fcberlegen sind. Ein Vorsprung, den das gesamte NATO-B\u00fcndnis in den n\u00e4chsten Jahren nicht wird aufholen k\u00f6nnen.<\/p>\n<p><em>Nichtsdestotrotz droht US-Pr\u00e4sident Biden verst\u00e4rkten Kampf \u201ef\u00fcr die Demokratie\u201c gegen Russland und China an: \u201eAmerika ist zur\u00fcck!\u201c (36) Und selbstverst\u00e4ndlich kommt das politische Funktionspersonal unserer (R\u00fcstungs-)Wirtschaft, angef\u00fchrt von Kanzlerin Merkel, eilfertig Bidens Forderung nach und apportiert ihm mit gekr\u00fcmmtem R\u00fccken eine Verl\u00e4ngerung der Bundeswehr- Eins\u00e4tze in Afghanistan und Afrika. (ebd.) Dabei sind 61 Prozent unserer deutschen Mitmenschen gegen diese vermaledeiten Auslandseins\u00e4tze. (37) Doch Oberdemokratin Merkel pariert trotzdem lieber den Amis.<\/em><\/p>\n<p><em>Biden, Merkel, Maas und alle Kalten Krieger ihres Schlages w\u00e4ren gut beraten, die Sichtweise der chinesischen Kommunisten wenigstens zur Kenntnis zu nehmen:<\/em><\/p>\n<p style=\"padding-left: 40px;\"><em>\u201eWashington und Br\u00fcssel<\/em><em>\u00a0<\/em><em>haben<\/em><em>\u00a0<\/em><em>an der strategischen \u00dcberlegung festgehalten, Russland zu schw\u00e4chen.\u00a0Wir glauben jedoch, dass Russland nicht von den USA und dem Westen besiegt wird.\u00a0Russland hat eine Widerstandsf\u00e4higkeit und Ausdauer, die sich die Westler nicht vorstellen k\u00f6nnen.\u00a0&#8230;\u00a0Wenn die USA und der Westen jetzt politische Probleme aufwerfen, werden Zeit und Gl\u00fcck nicht an ihrer Seite stehen.\u201d (38, \u00dcbers. d. Verf.)<\/em><\/p>\n<p>Es geh\u00f6rt schon eine Riesenportion deutsche Dummheit und Arroganz dazu, den russisch-chinesischen Block auch noch mit geradezu bescheuerten Regime-change- Provokationen (von Hongkong \u00fcber Minsk bis St. Petersburg) gegen sich aufzubringen. Das Merkel-Maas-Ensemble intrigiert ja nicht nur gegen China und Russland, sondern schmiert auch die Revoluzzer in Wei\u00dfrussland \u2013 zur Freude aller transatlantischen Bellizisten. Der Versuch, Wei\u00dfrussland von Russland abzuspalten, konnte nur die gegenteilige Konsequenz haben: Moskau und Minsk bei deren Verhandlungen \u00fcber eine Wiedervereinigung der beiden Staaten zu best\u00e4rken. (39)<\/p>\n<h5>Konfrontation auf Teufel komm raus<\/h5>\n<p>Das \u201etiefgreifende systematische Unverst\u00e4ndnis\u201c (40) der Bundesregierung hat l\u00e4ngst die Spitzenjournalisten der ARD-aktuell infiziert. Kommentarlos lie\u00dfen sie Heiko Maas <em>tagesschau<\/em>-\u00f6ffentlich nach Verl\u00e4ngerung des Mandats f\u00fcr den Bundeswehr-Einsatz in Afghanistan rufen. (41) Dass\u00a0er damit die milit\u00e4rische Ausrichtung Deutschlands auf die geostrategische Konfrontation der USA\/NATO mit Russland und China vorantreibt (42)\u00a0und unser Land zum Schlachtfeld werden kann, h\u00e4ngt\u00a0f\u00fcr <em>Tagesschau<\/em>-Redakteure von heute zu hoch.<\/p>\n<p>Es kommt halt immer anders \u2013 wenn man denkt. Am Denken hapert es jedoch bei unseren Berliner Strategen und ihrer medialen Hamburger Gefolgschaft. Rechnen wir also weiterhin mit verdeppten <em>Tagesschau<\/em>-Nachrichten \u00e0 la \u201eDie Lage spitzt sich weiter zu\u201c, bis Ramstein und B\u00fcchel in die Luft fliegen. Denn kein h\u00f6heres Wesen erbarmt sich unser.<\/p>\n<p><strong>\u00a0<\/strong><\/p>\n<p><strong>Quellen und A<\/strong><strong>nmerkungen:<\/strong><\/p>\n<p>(1) <a href=\"https:\/\/www.welt.de\/politik\/deutschland\/article195715397\/Angela-Merkel-warnt-nach-Luebcke-Mord-vor-Verlust-der-Glaubwuerdigkeit.html\">https:\/\/www.welt.de\/politik\/deutschland\/article195715397\/Angela-Merkel-warnt-nach-Luebcke-Mord-vor-Verlust-der-Glaubwuerdigkeit.html<\/a><br \/>\n(2) <a href=\"https:\/\/www.youtube.com\/watch?v=-f6B5ilLgkY\">https:\/\/www.youtube.com\/watch?v=-f6B5ilLgkY<\/a><br \/>\n(3) <a href=\"https:\/\/www.youtube.com\/watch?v=tof3OBZ3itM&amp;feature=youtu.be&amp;t=1251\">https:\/\/www.youtube.com\/watch?v=tof3OBZ3itM&amp;feature=youtu.be&amp;t=1251<\/a><br \/>\n(4) <a href=\"http:\/\/blauerbote.com\/2018\/09\/08\/hitler-war-ein-grosser-demokrat\/\">http:\/\/blauerbote.com\/2018\/09\/08\/hitler-war-ein-grosser-demokrat\/<\/a><br \/>\n(5) <a href=\"https:\/\/www.juedische-allgemeine.de\/politik\/ich-bin-wegen-auschwitz-in-die-politik-gegangen\/\">https:\/\/www.juedische-allgemeine.de\/politik\/ich-bin-wegen-auschwitz-in-die-politik-gegangen\/<\/a><br \/>\n(6) <a href=\"https:\/\/www.anti-spiegel.ru\/2021\/dritter-verhandlungstag-gegen-navalny-und-was-der-spiegel-daraus-macht\/\">https:\/\/www.anti-spiegel.ru\/2021\/dritter-verhandlungstag-gegen-navalny-und-was-der-spiegel-daraus-macht\/<\/a><br \/>\n(7) <a href=\"https:\/\/www.merkur.de\/politik\/maas-fuer-neue-russland-sanktionen-gegen-aus-fuer-pipeline-zr-90199502.html\">https:\/\/www.merkur.de\/politik\/maas-fuer-neue-russland-sanktionen-gegen-aus-fuer-pipeline-zr-90199502.html<\/a><br \/>\n(8) <a href=\"https:\/\/www.tagesschau.de\/inland\/merkel-hanau-rassismus-101.html\">https:\/\/www.tagesschau.de\/inland\/merkel-hanau-rassismus-101.html<\/a><br \/>\n(9) <a href=\"https:\/\/www.heise.de\/tp\/features\/Zerschlagung-rassistischer-Netzwerke-in-Behoerden-gefordert-5056940.html\">https:\/\/www.heise.de\/tp\/features\/Zerschlagung-rassistischer-Netzwerke-in-Behoerden-gefordert-5056940.html<\/a><br \/>\n(10) <a href=\"https:\/\/www.andrej-hunko.de\/component\/tags\/tag\/ukraine\">https:\/\/www.andrej-hunko.de\/component\/tags\/tag\/ukraine<\/a><br \/>\n(11) <a href=\"https:\/\/www.auswaertiges-amt.de\/de\/aussenpolitik\/laender\/ukraine-node\/bilaterale-beziehungen\/202760\">https:\/\/www.auswaertiges-amt.de\/de\/aussenpolitik\/laender\/ukraine-node\/bilaterale-beziehungen\/202760<\/a><br \/>\n(12) <a href=\"https:\/\/southfront.org\/land-of-freedom-and-democracy-after-shutting-down-opposition-tv-channels-kiev-regime-issues-treason-accusation-against-opposition-blogger\/\">https:\/\/southfront.org\/land-of-freedom-and-democracy-after-shutting-down-opposition-tv-channels-kiev-regime-issues-treason-accusation-against-opposition-blogger\/<\/a><br \/>\n(13) <a href=\"https:\/\/www.infosperber.ch\/freiheit-recht\/traurige-nachrichten-aus-der-ukraine\/\">https:\/\/www.infosperber.ch\/freiheit-recht\/traurige-nachrichten-aus-der-ukraine\/<\/a><br \/>\n(14) <a href=\"https:\/\/www.auswaertiges-amt.de\/de\/newsroom\/regierungspressekonferenz\/2440116#content_3\">https:\/\/www.auswaertiges-amt.de\/de\/newsroom\/regierungspressekonferenz\/2440116#content_3<\/a><br \/>\n(15) <a href=\"https:\/\/www.anti-spiegel.ru\/2021\/steht-das-ende-des-minsker-abkommens-bevor-deutschland-stimmt-gegen-initiative-zur-umsetzung-des-abkommens\/\">https:\/\/www.anti-spiegel.ru\/2021\/steht-das-ende-des-minsker-abkommens-bevor-deutschland-stimmt-gegen-initiative-zur-umsetzung-des-abkommens\/<\/a><br \/>\n(16) .\u00a0<a href=\"https:\/\/www.juedische-allgemeine.de\/politik\/keine-einreise-nach-deutschland-fuer-juden\/\">https:\/\/www.juedische-allgemeine.de\/politik\/keine-einreise-nach-deutschland-fuer-juden\/<\/a><br \/>\n(17) <a href=\"https:\/\/www.zdf.de\/nachrichten\/politik\/russland-nawalny-nord-stream-2-bundestag-100.html\">https:\/\/www.zdf.de\/nachrichten\/politik\/russland-nawalny-nord-stream-2-bundestag-100.html<\/a><br \/>\n(18) <a href=\"https:\/\/www.deutschlandfunk.de\/neue-eu-sanktionen-gegen-russland-europa-allein-kann-nicht.795.de.html?dram:article_id=492386\">https:\/\/www.deutschlandfunk.de\/neue-eu-sanktionen-gegen-russland-europa-allein-kann-nicht.795.de.html?dram:article_id=492386<\/a><br \/>\n(19) <a href=\"https:\/\/www.german-foreign-policy.com\/news\/detail\/8527\/\">https:\/\/www.german-foreign-policy.com\/news\/detail\/8527\/<\/a><br \/>\n(20) <a href=\"https:\/\/www.laender-analysen.de\/russland-analysen\/354\/den-eskalationsprozess-stoppen-ziele-der-deutschen-russlandpolitik\/\">https:\/\/www.laender-analysen.de\/russland-analysen\/354\/den-eskalationsprozess-stoppen-ziele-der-deutschen-russlandpolitik\/<\/a><br \/>\n(21) <a href=\"https:\/\/www.grin.com\/document\/285038\">https:\/\/www.grin.com\/document\/285038<\/a><br \/>\n(22) <a href=\"https:\/\/russische-botschaft.ru\/de\/2021\/02\/18\/stellungnahme-des-justizministers-der-russischen-foederation-konstantin-tschuitschenko-angesichts-des-egmr-beschlusses-von-17-februar-2021-2\/\">https:\/\/russische-botschaft.ru\/de\/2021\/02\/18\/stellungnahme-des-justizministers-der-russischen-foederation-konstantin-tschuitschenko-angesichts-des-egmr-beschlusses-von-17-februar-2021-2\/<\/a><br \/>\n(23) <a href=\"https:\/\/www.tagesschau.de\/kommentar\/nawalny-urteil-kommentar-101.html\">https:\/\/www.tagesschau.de\/kommentar\/nawalny-urteil-kommentar-101.html<\/a><br \/>\n(24) <a href=\"https:\/\/www.msn.com\/en-us\/news\/world\/navalny-in-court-again-accused-of-defaming-a-wwii-veteran\/ar-BB1dpFSE\">https:\/\/www.msn.com\/en-us\/news\/world\/navalny-in-court-again-accused-of-defaming-a-wwii-veteran\/ar-BB1dpFSE<\/a><br \/>\n(25) <a href=\"https:\/\/www.swissinfo.ch\/ger\/alle-news-in-kuerze\/nawalny-wegen-beleidigung-eines-veteranen-erneut-vor-gericht\/46348384\">https:\/\/www.swissinfo.ch\/ger\/alle-news-in-kuerze\/nawalny-wegen-beleidigung-eines-veteranen-erneut-vor-gericht\/46348384<\/a><br \/>\n(26) <a href=\"https:\/\/www.n-tv.de\/politik\/Nawalny-droht-Strafe-wegen-Diffamierung-article22364154.html\">https:\/\/www.n-tv.de\/politik\/Nawalny-droht-Strafe-wegen-Diffamierung-article22364154.html<\/a><br \/>\n(27) <a href=\"https:\/\/www.tagesschau.de\/multimedia\/sendung\/ts-41593.html\">https:\/\/www.tagesschau.de\/multimedia\/sendung\/ts-41593.html<\/a><br \/>\n(28) <a href=\"https:\/\/www.mdr.de\/nachrichten\/osteuropa\/politik\/nawalny-kritisch-klimeniouk-100.html\">https:\/\/www.mdr.de\/nachrichten\/osteuropa\/politik\/nawalny-kritisch-klimeniouk-100.html<\/a><br \/>\n(29) <a href=\"https:\/\/www.t-online.de\/nachrichten\/deutschland\/id_88603666\/streit-um-vergiftung-nawalnys-kretschmer-attackiert-maas-dreht-durch-.html\">https:\/\/www.t-online.de\/nachrichten\/deutschland\/id_88603666\/streit-um-vergiftung-nawalnys-kretschmer-attackiert-maas-dreht-durch-.html<\/a><br \/>\n(30) <a href=\"https:\/\/www.anti-spiegel.ru\/2020\/deutsch-russisches-verhaeltnis-beziehungen-zerstoert-band-des-vertrauens-zerschnitten\/\">https:\/\/www.anti-spiegel.ru\/2020\/deutsch-russisches-verhaeltnis-beziehungen-zerstoert-band-des-vertrauens-zerschnitten\/<\/a><br \/>\n(31) <a href=\"https:\/\/www.tagesschau.de\/ausland\/russland-aussenminister-lawrow-101.html\">https:\/\/www.tagesschau.de\/ausland\/russland-aussenminister-lawrow-101.html<\/a><br \/>\n(32) <a href=\"https:\/\/www.tagesschau.de\/inland\/ruestungsausgaben-deutschland-nato-101.html\">https:\/\/www.tagesschau.de\/inland\/ruestungsausgaben-deutschland-nato-101.html<\/a><br \/>\n(33) <a href=\"https:\/\/de.statista.com\/statistik\/daten\/studie\/157935\/umfrage\/laender-mit-den-hoechsten-militaerausgaben\/\">https:\/\/de.statista.com\/statistik\/daten\/studie\/157935\/umfrage\/laender-mit-den-hoechsten-militaerausgaben\/<\/a><br \/>\n(34) <a href=\"https:\/\/www.globaltimes.cn\/content\/1210830.shtml\">https:\/\/www.globaltimes.cn\/content\/1210830.shtml<\/a><br \/>\n(35) <a href=\"https:\/\/linkezeitung.de\/2021\/02\/12\/geopolitischer-albtraum-der-usa-schliessen-moskau-und-peking-noch-in-diesem-jahr-ein-militaerbuendnis\/\">https:\/\/linkezeitung.de\/2021\/02\/12\/geopolitischer-albtraum-der-usa-schliessen-moskau-und-peking-noch-in-diesem-jahr-ein-militaerbuendnis\/<\/a><br \/>\n<em>(36) <\/em><em><a href=\"https:\/\/www.merkur.de\/politik\/siko-muenchen-sicherheitskonferenz-2021-merkel-biden-trump-ischinger-rede-russland-bundeswehr-zr-90211036.html\">https:\/\/www.merkur.de\/politik\/siko-muenchen-sicherheitskonferenz-2021-merkel-biden-trump-ischinger-rede-russland-bundeswehr-zr-90211036.html<\/a><br \/>\n<\/em>(37) <a href=\"https:\/\/de.statista.com\/statistik\/daten\/studie\/289426\/umfrage\/umfrage-zum-ausbau-der-bundeswehr-auslandseinsaetze\/\">https:\/\/de.statista.com\/statistik\/daten\/studie\/289426\/umfrage\/umfrage-zum-ausbau-der-bundeswehr-auslandseinsaetze\/<\/a><br \/>\n(38) <a href=\"https:\/\/www.globaltimes.cn\/page\/202101\/1213795.shtml\">https:\/\/www.globaltimes.cn\/page\/202101\/1213795.shtml<\/a><br \/>\n(39) <a href=\"https:\/\/www.anti-spiegel.ru\/2021\/der-druck-des-westens-koennte-zur-wiedervereinigung-von-russland-und-weissrussland-fuehren\/\">https:\/\/www.anti-spiegel.ru\/2021\/der-druck-des-westens-koennte-zur-wiedervereinigung-von-russland-und-weissrussland-fuehren\/<\/a><br \/>\n(40) <a href=\"https:\/\/das-blaettchen.de\/2021\/02\/systematisches-unverstaendnis-55943.html\">https:\/\/das-blaettchen.de\/2021\/02\/systematisches-unverstaendnis-55943.html<\/a><br \/>\n(41) <a href=\"https:\/\/www.tagesschau.de\/inland\/maas-bundeswehr-afghanistan-101.html\">https:\/\/www.tagesschau.de\/inland\/maas-bundeswehr-afghanistan-101.html<\/a><br \/>\n(42) <a href=\"https:\/\/www.german-foreign-policy.com\/news\/detail\/8523\/\">https:\/\/www.german-foreign-policy.com\/news\/detail\/8523\/<\/a><\/p>\n<p style=\"text-align: right;\"><em><strong>Das\u00a0Autoren-Team:\u00a0<\/strong><\/em><\/p>\n<p style=\"text-align: right;\"><em>Friedhelm Klinkhammer, Jahrgang\u00a01944, Jurist. 1975 bis 2008 Mitarbeiter des NDR, zeitweise Vorsitzender des NDR-Gesamtpersonalrats und des ver.di-Betriebsverbandes\u00a0sowie Referent einer Funkhausdirektorin.<\/em><\/p>\n<p style=\"text-align: right;\"><em>Volker Br\u00e4utigam, Jahrgang 1941, Redakteur. 1975 bis 1996 Mitarbeiter des NDR, zun\u00e4chst in der Tagesschau, von 1992 an in der Kulturredaktion f\u00fcr N3. Danach Lehrauftrag an der Fu-Jen-Universit\u00e4t\u00a0in Taipeh.<\/em><\/p>\n<p style=\"text-align: right;\"><em>Beide Autoren sind Mitglieder des Beirates des Deutschen Freidenker-Verbandes.<\/em><\/p>\n<p><span style=\"font-size: 10pt;\">Dieser Beitrag erschien am 21.02.2021 auch auf <a href=\"https:\/\/publikumskonferenz.de\/blog\/2021\/02\/21\/die-bornierte-falschheit-von-maas-und-merkel\/\" target=\"_blank\" rel=\"noopener\">publikumskonferenz.de<\/a><\/span><\/p>\n<hr \/>\n<p><span style=\"font-size: 10pt;\">Bild oben:<\/span><\/p>\n<p><span style=\"font-size: 10pt;\">Angela Merkel, 2019\u00a0<\/span><br \/>\n<span style=\"font-size: 10pt;\">Foto: \u00a9 Raimond Spekking \/ CC BY-SA 4.0 (via Wikimedia Commons), <\/span><br \/>\n<span style=\"font-size: 10pt;\">Quelle: <a href=\"https:\/\/commons.wikimedia.org\/w\/index.php?curid=96378820\" target=\"_blank\" rel=\"noopener\">https:\/\/commons.wikimedia.org\/w\/index.php?curid=96378820<\/a><\/span><\/p>\n<p><span style=\"font-size: 10pt;\">Heiko Maas, 2017<\/span><br \/>\n<span style=\"font-size: 10pt;\">Foto: \u00a9 Superbass \/ CC BY-SA 4.0 (via Wikimedia Commons), <\/span><br \/>\n<span style=\"font-size: 10pt;\">Quelle: <a href=\"https:\/\/commons.wikimedia.org\/w\/index.php?curid=64459957\" target=\"_blank\" rel=\"noopener\">https:\/\/commons.wikimedia.org\/w\/index.php?curid=64459957<\/a><\/span><\/p>\n<p>&nbsp;<\/p>\n","protected":false},"excerpt":{"rendered":"<p><b>Beitrag von Friedhelm Klinkhammer und Volker Br\u00e4utigam<\/b><br \/>\nF\u00fcr den Hausgebrauch formuliert unser aller Kanzlerin Angela Merkel ihren Kategorischen Imperativ: \u201eRechtsextremismus m\u00fcssen wir in den Anf\u00e4ngen bek\u00e4mpfen, ohne jedes Tabu \u2026 sonst haben wir einen vollkommenen Verlust der Glaubw\u00fcrdigkeit.\u201c Beachtet man allerdings, wie Merkels Regierungssprecher sich ahnungslos und nicht-wissend gegen\u00fcber dem Neonazismus und Rassismus im \u201ebefreundeten\u201c Ausland gibt  \u2013 \u201eAdolf Hitler war der gr\u00f6\u00dfte Mensch, er hat direkte Demokratie praktiziert\u201c \u2013 dann kann von Glaubw\u00fcrdigkeit gleich keine Rede mehr sein. &#8230;. Und die Tagesschau, l\u00e4ngst erhaben \u00fcber jeden Gedanken an kritisch-sauberen Journalismus, verschleiert all den Widersinn und die Doppelmoral der Bundesregierung.<\/p>\n","protected":false},"author":3,"featured_media":9612,"comment_status":"closed","ping_status":"closed","sticky":false,"template":"","format":"standard","meta":{"colormag_page_container_layout":"default_layout","colormag_page_sidebar_layout":"default_layout","advanced_seo_description":"","jetpack_seo_html_title":"","jetpack_seo_noindex":false,"jetpack_post_was_ever_published":false,"footnotes":""},"categories":[12],"tags":[682,1094,699,222,1126],"class_list":["post-9608","post","type-post","status-publish","format-standard","has-post-thumbnail","hentry","category-demokratie-medien-aufklaerung","tag-angela-merkel","tag-ard","tag-aussenpolitik","tag-russland","tag-tagesschau"],"jetpack_featured_media_url":"https:\/\/i0.wp.com\/www.freidenker.org\/fw17\/wp-content\/uploads\/2021\/02\/maas_merkel_800x450_v2.jpg.jpg?fit=800%2C450&ssl=1","jetpack_shortlink":"https:\/\/wp.me\/p9stpK-2uY","jetpack-related-posts":[{"id":6804,"url":"https:\/\/www.freidenker.org\/?p=6804","url_meta":{"origin":9608,"position":0},"title":"Merkels verlogene Dialogbereitschaft mit Russland (Teil II)","author":"Webredaktion","date":"3. August 2019","format":false,"excerpt":"Beitrag von Rainer Rupp Im ersten Teil ging es um die vermeintliche \"Dialogbereitschaft\" der Bundesregierung gegen\u00fcber Russland. Im zweiten Teil soll aufgezeigt werden, warum \"Eliten\" von Berlin, \u00fcber Br\u00fcssel bis nach Washington an einer friedlichen Beilegung der Ukrainekrise nicht interessiert sind. Tats\u00e4chlich ist die \"Dialogbereitschaft\" mit Russland von Merkel und\u2026","rel":"","context":"In &quot;Frieden - Antifaschismus - Solidarit\u00e4t&quot;","block_context":{"text":"Frieden - Antifaschismus - Solidarit\u00e4t","link":"https:\/\/www.freidenker.org\/?cat=13"},"img":{"alt_text":"","src":"https:\/\/i0.wp.com\/www.freidenker.org\/fw17\/wp-content\/uploads\/2019\/08\/Merkel_Putin_02_800x445.jpg?fit=800%2C445&ssl=1&resize=350%2C200","width":350,"height":200,"srcset":"https:\/\/i0.wp.com\/www.freidenker.org\/fw17\/wp-content\/uploads\/2019\/08\/Merkel_Putin_02_800x445.jpg?fit=800%2C445&ssl=1&resize=350%2C200 1x, https:\/\/i0.wp.com\/www.freidenker.org\/fw17\/wp-content\/uploads\/2019\/08\/Merkel_Putin_02_800x445.jpg?fit=800%2C445&ssl=1&resize=525%2C300 1.5x, https:\/\/i0.wp.com\/www.freidenker.org\/fw17\/wp-content\/uploads\/2019\/08\/Merkel_Putin_02_800x445.jpg?fit=800%2C445&ssl=1&resize=700%2C400 2x"},"classes":[]},{"id":8801,"url":"https:\/\/www.freidenker.org\/?p=8801","url_meta":{"origin":9608,"position":1},"title":"Abgedreht: Merkel, Scholz, Maas, Navalny","author":"Webredaktion","date":"15. Oktober 2020","format":false,"excerpt":"Beitrag von Friedhelm Klinkhammer und Volker Br\u00e4utigam \u201eNicht der Krieg, der Frieden ist der Vater aller Dinge\u201c, fand Willy Brandt, erster der vier sozialdemokratischen Au\u00dfenminister in der 71j\u00e4hrigen Geschichte der Bundesrepublik \u2013 und deren einziger r\u00fchmlicher. Nach ihm und nach jahrzehntelanger Pause hielt die Degeneration der SPD auch Einzug im\u2026","rel":"","context":"In &quot;Demokratie \u2013 Medien \u2013 Aufkl\u00e4rung&quot;","block_context":{"text":"Demokratie \u2013 Medien \u2013 Aufkl\u00e4rung","link":"https:\/\/www.freidenker.org\/?cat=12"},"img":{"alt_text":"","src":"https:\/\/i0.wp.com\/www.freidenker.org\/fw17\/wp-content\/uploads\/2020\/10\/russland_sanktionen_800x450.jpg?fit=800%2C450&ssl=1&resize=350%2C200","width":350,"height":200,"srcset":"https:\/\/i0.wp.com\/www.freidenker.org\/fw17\/wp-content\/uploads\/2020\/10\/russland_sanktionen_800x450.jpg?fit=800%2C450&ssl=1&resize=350%2C200 1x, https:\/\/i0.wp.com\/www.freidenker.org\/fw17\/wp-content\/uploads\/2020\/10\/russland_sanktionen_800x450.jpg?fit=800%2C450&ssl=1&resize=525%2C300 1.5x, https:\/\/i0.wp.com\/www.freidenker.org\/fw17\/wp-content\/uploads\/2020\/10\/russland_sanktionen_800x450.jpg?fit=800%2C450&ssl=1&resize=700%2C400 2x"},"classes":[]},{"id":6754,"url":"https:\/\/www.freidenker.org\/?p=6754","url_meta":{"origin":9608,"position":2},"title":"Merkel zittert, Deutschland wankt","author":"Webredaktion","date":"23. Juli 2019","format":false,"excerpt":"Eine verheerende Bilanz nach 14 Jahren Merkel-Kanzlerschaft zieht Andreas Richter vom RT deutsch-Team. Tansatlantische Gefolgschaft, Gegnerschaft zu Russland, Bevormundung der EU, Niedriglohnsektor und Pfandflaschen sammeln, verfallende Infrastruktur und teurer, aber unsicher werdende Energieversorgung - das sind einige der Stichw\u00f6rter f\u00fcr einen Kurs, der \"ungebremst gegen die Wand\" steuert. Wir danken\u2026","rel":"","context":"In &quot;Demokratie \u2013 Medien \u2013 Aufkl\u00e4rung&quot;","block_context":{"text":"Demokratie \u2013 Medien \u2013 Aufkl\u00e4rung","link":"https:\/\/www.freidenker.org\/?cat=12"},"img":{"alt_text":"","src":"https:\/\/i0.wp.com\/www.freidenker.org\/fw17\/wp-content\/uploads\/2019\/07\/Angela_Merkel_v_Tobias_Koch_800x445.jpg?fit=800%2C445&ssl=1&resize=350%2C200","width":350,"height":200,"srcset":"https:\/\/i0.wp.com\/www.freidenker.org\/fw17\/wp-content\/uploads\/2019\/07\/Angela_Merkel_v_Tobias_Koch_800x445.jpg?fit=800%2C445&ssl=1&resize=350%2C200 1x, https:\/\/i0.wp.com\/www.freidenker.org\/fw17\/wp-content\/uploads\/2019\/07\/Angela_Merkel_v_Tobias_Koch_800x445.jpg?fit=800%2C445&ssl=1&resize=525%2C300 1.5x, https:\/\/i0.wp.com\/www.freidenker.org\/fw17\/wp-content\/uploads\/2019\/07\/Angela_Merkel_v_Tobias_Koch_800x445.jpg?fit=800%2C445&ssl=1&resize=700%2C400 2x"},"classes":[]},{"id":9410,"url":"https:\/\/www.freidenker.org\/?p=9410","url_meta":{"origin":9608,"position":3},"title":"Die sch\u00f6ne Maas-M\u00e4r der Tagesschau","author":"Webredaktion","date":"25. Januar 2021","format":false,"excerpt":"Beitrag von Friedhelm Klinkhammer und Volker Br\u00e4utigam Heiko Maas, der Allesk\u00f6nner: H\u00f6chste Zeit f\u00fcr die l\u00e4ngst verdiente W\u00fcrdigung. Hat er doch gerade erst eine politische Volte der Extraklasse vollbracht: dem vorigen US-Pr\u00e4sidenten bis zu dessen Abgang die Stiefel geleckt und nun gleich dem Neuen von oben herab angeboten, \u201emit den\u2026","rel":"","context":"In &quot;Demokratie \u2013 Medien \u2013 Aufkl\u00e4rung&quot;","block_context":{"text":"Demokratie \u2013 Medien \u2013 Aufkl\u00e4rung","link":"https:\/\/www.freidenker.org\/?cat=12"},"img":{"alt_text":"","src":"https:\/\/i0.wp.com\/www.freidenker.org\/fw17\/wp-content\/uploads\/2021\/01\/Heiko_Maas_dreifach_800x450.jpg?fit=800%2C450&ssl=1&resize=350%2C200","width":350,"height":200,"srcset":"https:\/\/i0.wp.com\/www.freidenker.org\/fw17\/wp-content\/uploads\/2021\/01\/Heiko_Maas_dreifach_800x450.jpg?fit=800%2C450&ssl=1&resize=350%2C200 1x, https:\/\/i0.wp.com\/www.freidenker.org\/fw17\/wp-content\/uploads\/2021\/01\/Heiko_Maas_dreifach_800x450.jpg?fit=800%2C450&ssl=1&resize=525%2C300 1.5x, https:\/\/i0.wp.com\/www.freidenker.org\/fw17\/wp-content\/uploads\/2021\/01\/Heiko_Maas_dreifach_800x450.jpg?fit=800%2C450&ssl=1&resize=700%2C400 2x"},"classes":[]},{"id":9683,"url":"https:\/\/www.freidenker.org\/?p=9683","url_meta":{"origin":9608,"position":4},"title":"Mutti ohne Mitgef\u00fchl: Merkels Dickfelligkeit","author":"Webredaktion","date":"9. M\u00e4rz 2021","format":false,"excerpt":"Beitrag von Friedhelm Klinkhammer und Volker Br\u00e4utigam Die Tagesschau-Redaktion berichtete Im Aufmacher ihrer 20 Uhr-Ausgabe am 4. M\u00e4rz: \u201eNach zweieinhalb Monaten Lockdown haben Bund und L\u00e4nder den Weg zu Lockerungen geebnet. Daf\u00fcr verst\u00e4ndigten sie sich vergangene Nacht auf einen Stufenplan, der in verschiedenen Bereichen Schritt f\u00fcr Schritt den Alltag zur\u00fcckbringen\u2026","rel":"","context":"In &quot;Demokratie \u2013 Medien \u2013 Aufkl\u00e4rung&quot;","block_context":{"text":"Demokratie \u2013 Medien \u2013 Aufkl\u00e4rung","link":"https:\/\/www.freidenker.org\/?cat=12"},"img":{"alt_text":"","src":"https:\/\/i0.wp.com\/www.freidenker.org\/fw17\/wp-content\/uploads\/2021\/03\/Merkel_mit_Viren.jpg?fit=800%2C450&ssl=1&resize=350%2C200","width":350,"height":200,"srcset":"https:\/\/i0.wp.com\/www.freidenker.org\/fw17\/wp-content\/uploads\/2021\/03\/Merkel_mit_Viren.jpg?fit=800%2C450&ssl=1&resize=350%2C200 1x, https:\/\/i0.wp.com\/www.freidenker.org\/fw17\/wp-content\/uploads\/2021\/03\/Merkel_mit_Viren.jpg?fit=800%2C450&ssl=1&resize=525%2C300 1.5x, https:\/\/i0.wp.com\/www.freidenker.org\/fw17\/wp-content\/uploads\/2021\/03\/Merkel_mit_Viren.jpg?fit=800%2C450&ssl=1&resize=700%2C400 2x"},"classes":[]},{"id":8160,"url":"https:\/\/www.freidenker.org\/?p=8160","url_meta":{"origin":9608,"position":5},"title":"Maas f\u00fcr \u201enukleare Teilhabe\u201c \u2013 bei der Selbstzerst\u00f6rung","author":"Webredaktion","date":"31. Mai 2020","format":false,"excerpt":"Beitrag von Friedhelm Klinkhammer und Volker Br\u00e4utigam Die gro\u00dfe Mehrheit der Bundesb\u00fcrger ist gegen die Stationierung von Atombomben auf deutschem Boden. F\u00fcr ein Verbot, hierzulande US-amerikanische Massenvernichtungswaffen zu lagern, sprechen sich 86 Prozent der Befragten aus. Das prinzipielle \u201eNein\u201c des Volkes besteht schon l\u00e4nger als ein halbes Jahrhundert. Entsprechend haben\u2026","rel":"","context":"In &quot;Demokratie \u2013 Medien \u2013 Aufkl\u00e4rung&quot;","block_context":{"text":"Demokratie \u2013 Medien \u2013 Aufkl\u00e4rung","link":"https:\/\/www.freidenker.org\/?cat=12"},"img":{"alt_text":"","src":"https:\/\/i0.wp.com\/www.freidenker.org\/fw17\/wp-content\/uploads\/2020\/05\/Ivy_Mike_Eniwetok-Atoll_800x450.jpg?fit=800%2C449&ssl=1&resize=350%2C200","width":350,"height":200,"srcset":"https:\/\/i0.wp.com\/www.freidenker.org\/fw17\/wp-content\/uploads\/2020\/05\/Ivy_Mike_Eniwetok-Atoll_800x450.jpg?fit=800%2C449&ssl=1&resize=350%2C200 1x, https:\/\/i0.wp.com\/www.freidenker.org\/fw17\/wp-content\/uploads\/2020\/05\/Ivy_Mike_Eniwetok-Atoll_800x450.jpg?fit=800%2C449&ssl=1&resize=525%2C300 1.5x, https:\/\/i0.wp.com\/www.freidenker.org\/fw17\/wp-content\/uploads\/2020\/05\/Ivy_Mike_Eniwetok-Atoll_800x450.jpg?fit=800%2C449&ssl=1&resize=700%2C400 2x"},"classes":[]}],"_links":{"self":[{"href":"https:\/\/www.freidenker.org\/index.php?rest_route=\/wp\/v2\/posts\/9608","targetHints":{"allow":["GET"]}}],"collection":[{"href":"https:\/\/www.freidenker.org\/index.php?rest_route=\/wp\/v2\/posts"}],"about":[{"href":"https:\/\/www.freidenker.org\/index.php?rest_route=\/wp\/v2\/types\/post"}],"author":[{"embeddable":true,"href":"https:\/\/www.freidenker.org\/index.php?rest_route=\/wp\/v2\/users\/3"}],"replies":[{"embeddable":true,"href":"https:\/\/www.freidenker.org\/index.php?rest_route=%2Fwp%2Fv2%2Fcomments&post=9608"}],"version-history":[{"count":0,"href":"https:\/\/www.freidenker.org\/index.php?rest_route=\/wp\/v2\/posts\/9608\/revisions"}],"wp:featuredmedia":[{"embeddable":true,"href":"https:\/\/www.freidenker.org\/index.php?rest_route=\/wp\/v2\/media\/9612"}],"wp:attachment":[{"href":"https:\/\/www.freidenker.org\/index.php?rest_route=%2Fwp%2Fv2%2Fmedia&parent=9608"}],"wp:term":[{"taxonomy":"category","embeddable":true,"href":"https:\/\/www.freidenker.org\/index.php?rest_route=%2Fwp%2Fv2%2Fcategories&post=9608"},{"taxonomy":"post_tag","embeddable":true,"href":"https:\/\/www.freidenker.org\/index.php?rest_route=%2Fwp%2Fv2%2Ftags&post=9608"}],"curies":[{"name":"wp","href":"https:\/\/api.w.org\/{rel}","templated":true}]}}