{"id":9603,"date":"2021-02-23T01:17:49","date_gmt":"2021-02-23T00:17:49","guid":{"rendered":"https:\/\/www.freidenker.org\/?p=9603"},"modified":"2021-03-14T18:58:46","modified_gmt":"2021-03-14T17:58:46","slug":"corona-und-die-rechtsentwicklung","status":"publish","type":"post","link":"https:\/\/www.freidenker.org\/?p=9603","title":{"rendered":"Corona und die Rechtsentwicklung"},"content":{"rendered":"<p>Der obrigkeitliche Umgang mit dem Virus und die Proteste dagegen haben verwirrende und gegens\u00e4tzliche Debatten ausgel\u00f6st, wohin die Reise politisch geht und worin die Gefahr einer Rechtsentwicklung zu erblicken ist.<\/p>\n<p>Wir dokumentieren dazu eine Stellungnahme der DKP Hannover; sie kommt zwar aus dem parteipolitischen Bereich, aber wir machen diese Ausnahme trotzdem, weil wir die Argumentation f\u00fcr sehr hilfreich halten, eine realistische Sicht auf die Ereignisse zu er\u00f6ffnen.<\/p>\n<p style=\"text-align: right;\"><i>Webredaktion<\/i><\/p>\n<hr \/>\n<p><strong>Diskussionsbeitrag des DKP Kreisvorstands Hannover zu den Corona- Ma\u00dfnahmen der Bundesregierung, der \u201eQuerdenken\u201c-Initiative und den Aktionen gegen \u201eQuerdenken\u201c<\/strong><\/p>\n<p>Januar 2021<\/p>\n<p>Der Kreisvorstand der DKP Hannover verurteilt die Politik von Bundesregierung, Landesregierung Niedersachsen und Region Hannover, die seit Beginn des COVID-19-Ausbruchs unter dem Schlagwort \u201ePandemiebek\u00e4mpfung\u201c ausge\u00fcbt wird. Kennzeichnend f\u00fcr diese Politik und deren Durchsetzung auch mit Hilfe der Mainstreammedien ist:<\/p>\n<ol>\n<li>Unf\u00e4higkeit und Versagen, COVID-19 effizient und unter sozialem, gesundheitspolitischem und finanziellem Schutz der gro\u00dfen Mehrheit der Bev\u00f6lkerung einzud\u00e4mmen und zu \u00fcberwinden.<\/li>\n<li>Unwilligkeit, die seit dem Ausbruch offensichtlich gewordenen verheerenden Folgen der neoliberalen Politik der letzten 30 Jahre zu stoppen und eine Umkehr einzuleiten: Weg von der Agenda-2010-Politik, vom Kaputtsparen und Abbauen der Kapazit\u00e4ten in Gesundheitsbeh\u00f6rden und im Gesundheitssystem insgesamt, hin zum Aufbau einer sozialenund Gesundheitsinfrastruktur in \u00f6ffentlicher Hand.<\/li>\n<li>Nutzung der COVID-19-Epidemie zur Bew\u00e4ltigung der bereits vor dem Ausbruch begonnenen Wirtschaftskrise im Interesse der Gro\u00dfbanken und Gro\u00dfkonzerne. Arbeitslosigkeit und Lohneinbu\u00dfen einerseits sowie Milliardenkredite zur Absicherung der Gewinne der Finanzoligarchie andererseits werden als alternativlose Folge einer Naturkatastrophe gerechtfertigt, obwohl sie eine bewusste Umverteilungspolitik von unten nach oben sind.<\/li>\n<li>Massive Angriffe auf demokratische Rechte wie etwa das Versammlungsrecht und ein reaktion\u00e4rer Umbau des Staates, wie er sich im neuen Infektionsschutzgesetz manifestiert; repressive und z.T. sinnlose Verbote und Verordnungen vor allem im pers\u00f6nlich-privaten Bereich inklusive Bildung, Freizeitaktivit\u00e4ten, Erholung und Konsum.<\/li>\n<li>Bek\u00e4mpfung von Opposition gegen diese Politik mit Diffamierung und \u00c4chtung wie z.B. das uferlose und pauschale \u00dcberziehen von Kritikern der Coronapolitik der Bundesregierung mit dem Vorwurf der \u201eVerschw\u00f6rungsideologie\u201c und der \u201eCoronaleugnung\u201c, ungeachtet der tats\u00e4chlichen Positionen und dem breiten Feld an existierenden alternativen Positionen.<\/li>\n<li>Eskalation des \u201eNeuen Kalten Krieges\u201c gegen Russland und China, und damit auch Verhinderung einer internationalen Zusammenarbeit zum Wohl der V\u00f6lker.<\/li>\n<\/ol>\n<p>Diese Politik l\u00e4sst sich im Wesentlichen davon leiten, die COVID-19-Epidemie zur Stabilisierung des sich in einer schweren Krise befindlichen kapitalistischen Systems zu nutzen. In dieser Situation artikulieren Teile der Bev\u00f6lkerung Kritik gegen einzelne Aspekte oder auch die gesamte offizielle Coronapolitik. Diese Kritik ist politisch nicht homogen, sie kommt aus verschiedensten Klassen und Schichten sowie verschiedensten politischen Lagern und mit verschiedenen Zielen. Eine Bewegung, die seit Monaten \u00f6ffentlich protestiert, firmiert unter dem Etikett \u201eQuerdenken\u201c. Nahezu alle gro\u00dfen Parteien sowie die Mainstreammedien haben sich vordergr\u00fcndig auf diese Bewegung eingeschossen.<\/p>\n<p>Sie erh\u00e4lt trotz politisch geringer Relevanz eine \u00fcberbordende Medienaufmerksamkeit. Im gesteuerten \u00f6ffentlichen Fokus der Wahrnehmung wird ihr das Monopol auf jegliche Opposition gegen die Coronapolitik zugesprochen. Sie ist zudem Objekt von sich als solchen bezeichnenden antifaschistischen Protesten \u2013 in den letzten Monaten auch in Hannover.<\/p>\n<p>Im Streit um die Einsch\u00e4tzung der \u201eQuerdenken\u201c-Bewegung werden unweigerlich die Fragen aufgeworfen:<\/p>\n<ul>\n<li>Was ist gegenw\u00e4rtig als rechte Politik zu bezeichnen?<\/li>\n<li>Was ist die Agenda der reaktion\u00e4rsten Kr\u00e4fte in unserem Land?<\/li>\n<li>Was f\u00fcr eine Politik bereitet gar objektiv k\u00fcnftigen faschistischen Herrschaftsformen den Weg?<\/li>\n<li>Wogegen muss sich daher antifaschistische Politik heute richten?<\/li>\n<\/ul>\n<p>Wir meinen, dass rechte Politik heute vor allem durch die folgenden Aspekte gekennzeichnet ist. Sie alle sind Ausdruck der derzeitigen Strategie der westlichen Staaten, d.h. vor allem der NATO und der EU. Angesichts ihrer tiefen Krise und der sich abzeichnenden multipolaren Weltordnung versuchen sie, das System des Monopolkapitalismus im Innern und nach au\u00dfen zu verteidigen und in die Offensive zu gelangen.<\/p>\n<ol>\n<li>Vorantreiben des Neuen Kalten Krieges der USA und der NATO gegen Russland und zunehmend auch gegen China zur Eind\u00e4mmung derer steigender \u00f6konomischer und politischer Bedeutung. Die Aufr\u00fcstungskampagne der NATO und die kontinuierliche Erh\u00f6hung des deutschen Milit\u00e4rbudgets wird ganz offen in diesen Kontext gestellt. Die aggressiver werdende Haltung Deutschlands gegen\u00fcber Russland wird begleitet von Geschichtsrevisionismus wie z.B. durch die Resolution des EU-Parlamentes, wonach die Sowjetunion eine Mitschuld am Zweiten Weltkrieg gehabt habe. Deutlich dr\u00fcckt sie sich auch in der Enthaltung der BRD bei der Abstimmung der UNO-Resolution \u00fcber den Kampf gegen die Heroisierung des Nazismus aus.<\/li>\n<li>Jagd auf neue, profitablere Anlagesph\u00e4ren und Auspl\u00fcnderung der Werkt\u00e4tigen zur Finanzierung staatsmonopolistischer, billionenschwerer Investitionsprogramme wie z.B. auf EU-Ebene der sog. \u201eGreen New Deal\u201c. Hierzu z\u00e4hlt ebenfalls die weitere Unterwerfung der sozialen- und Gesundheitsinfrastruktur inklusive Rentensystem unter die Kapitalverwertung.<\/li>\n<li>Jahrzehntelanger Demokratieabbau, dessen j\u00fcngste Ma\u00dfnahmen die Versch\u00e4rfung der Polizeigesetze der L\u00e4nder und der Grundrechtsabbau im Namen der \u201eCoronabek\u00e4mpfung\u201c waren. Wenngleich viele dieser Gesetze und Ma\u00dfnahmen in den Schubladen ruhen, gibt es f\u00fcr uns keinen Zweifel daran, dass ihr Zweck die Aufstandsbek\u00e4mpfung und -niederschlagung sowie die M\u00f6glichkeit zur Ausschaltung politischer Gegner im Namen von \u201eNotst\u00e4nden\u201c ist. Dieser reaktion\u00e4re Staatsumbau richtet sich vor allem gegen die Arbeiterbewegung und beg\u00fcnstigt k\u00fcnftige Entwicklungen hin zum Faschismus.<\/li>\n<li>Aufrechterhaltung und Ausbau der EU als Mittel zur Auspl\u00fcnderung der Werkt\u00e4tigen (z.B. durch Privatisierungen im Bereich \u00f6ffentlicher Infrastruktur) und zum Abbau nationalstaatlicher Souver\u00e4nit\u00e4t (z.B. durch teilweise Aushebelung von Verfassungen). Hierzu dient die Propaganda von der \u201eFriedensmacht EU\u201c.<\/li>\n<\/ol>\n<p>Wir meinen, dass die Frage nach den Haupttreibern dieser Entwicklung gestellt werden muss. Aus unserer Sicht sind die Haupttreiber zuallererst die Regierenden selbst, die gro\u00dfe Koalition unter Merkel und Scholz. Es sind die politischen Kr\u00e4fte, die die COVID-19-Epidemie nutzen, um jetzt Pfl\u00f6cke einzuschlagen, wenn es darum geht, demokratische und soziale Grundrechte bis zur Unkenntlichkeit zu verst\u00fcmmeln. Es sind auch die politischen Kr\u00e4fte in den Oppositionsparteien, die die Aggression gegen Russland und China und die Verf\u00e4lschung der Geschichte vorantreiben, besonders stark vertreten bei den Gr\u00fcnen. Es sind die Kr\u00e4fte, die die Werkzeuge zur Meinungsmanipulation unmittelbar bedienen, von \u00f6ffentlich-rechtlichen und privaten Medienanstalten bis zu den Meinungsfabriken von Bertelsmann\/Correctiv und den Internetkonzernen wie facebook, Google und twitter, die jeweils im Namen der tagesaktuellen Regierungslinie die \u00c4chtung abweichender Ansichten in den sozialen Medien organisieren. Die oben gestellten Fragen k\u00f6nnen aus unserer Sicht nur anhand einer Positionierung aller politischen Kr\u00e4fte, Parteien, Organisationen und Bewegungen entlang der dargestellten Aspekte rechter und reaktion\u00e4rer Politik beantwortet werden. Knapp gesagt: In der jetzigen Situation verdienen sowohl die politischen Kr\u00e4fte das Etikett \u201erechts\u201c, die gegen die Regierungen von Russland und China hetzen als auch die, die Merkels COVID-19-Politik zu Lasten der arbeitenden Menschen mit absichern.<\/p>\n<p>Wirre und geschichtsverf\u00e4lschende Aussagen sind bei \u201eQuerdenken\u201c-Aktivisten schnell zu finden. Allerdings ist auff\u00e4llig, dass der politische und mediale Mainstream sich auf diese Aussagen st\u00fcrzt und sie publikumswirksam zerrei\u00dft. \u201eQuerdenken\u201c wird von den Herrschenden daf\u00fcr benutzt, jegliche fundamentale Kritik an \u201eCoronama\u00dfnahmen\u201c, insbesondere an dem atemberaubenden Grundrechteabbau durch die Bundesregierung, \u201ein einen Sack zu stecken\u201c und kr\u00e4ftig draufzuschlagen. \u201eQuerdenken\u201c ist der durch den politischen und medialen Mainstream aufgestellte Pappkamerad, auf den mit eingedroschen werden darf (und soll), um jegliche Opposition gegen die Ma\u00dfnahmen der Bundesregierung einzusch\u00fcchtern, zu verunglimpfen und mundtot zu machen, w\u00e4hrend die Verursacher der Krise und des reaktion\u00e4ren Staatsumbaus so aus dem Sichtfeld linker Kr\u00e4fte schwinden. Es ist absurd, dass sich Kr\u00e4fte wie SPD und Gr\u00fcne angesichts der \u201eQuerdenken\u201c- Kundgebungen als antifaschistische Vork\u00e4mpfer geb\u00e4rden, w\u00e4hrend sie das antidemokratische Infektionsschutzgesetz durch Bundestag und Bundesrat peitschen und damit die ganz reale Rechtsentwicklung aktiv vorantreiben.<\/p>\n<p>Auff\u00e4llig ist dabei, dass \u201eQuerdenken\u201c zentrale Punkte mit den herrschenden politischen Kr\u00e4ften gemein hat: COVID-19 bzw. der Lockdown wird zur Ursache der Wirtschaftskrise hochstilisiert, obwohl die Krise bereits Ende 2019 heranrollte. China und die DDR werden attackiert. Soziale Fragen werden aus der Debatte um Grundrechte verbannt.<\/p>\n<p>An den Anti-Querdenker-Protesten, die den politisch wirksamsten und gef\u00e4hrlichsten Rechtskr\u00e4ften in diesem Land keineswegs schaden, sondern im Gegenteil deren Offensive, zuallererst in Gestalt der Politik der Bundesregierung \u2013 gewollt oder ungewollt \u2013 aus dem Fokus r\u00fccken, beteiligen wir uns daher nicht. Wir sehen unsere Aufgabe vordringlich darin, der laufenden K\u00fcrzungs- und Umverteilungspolitik der Herrschenden sowie ihren Angriffen auf demokratische Grundrechte, ob im Namen des \u201eSchicksals COVID-19\u201c oder im Namen eines \u201eGreen New Deals\u201c, konkrete Widerstandsperspektiven mit den Werkt\u00e4tigen und f\u00fcr die Werkt\u00e4tigen entgegenzuhalten.<\/p>\n<p>&nbsp;<\/p>\n<p>Anlagen<\/p>\n<p>&#8212;&#8211;<\/p>\n<p><span style=\"font-size: 10pt;\"><strong>B\u00fcndnis \u00bbAuf Die Pl\u00e4tze\u00ab ruft zur Kundgebung gegen \u00bbQuerdenken\u00ab am 21.11. in Hannover<\/strong><\/span><\/p>\n<p><span style=\"font-size: 10pt;\">19.November 2020<\/span><\/p>\n<p><span style=\"font-size: 10pt;\">Am Samstag, den 21.11. um 15 Uhr will die \u00bbQuerdenken\u00ab-Bewegung auf dem Opernplatz Hannover ernuet gegen die Pandemiema\u00dfnahmen demonstrieren. Das hannoversche B\u00fcndnis \u00bbAuf Die Pl\u00e4tze\u00ab ruft deshalb am selben Tag schon ab 14 Uhr zum Gegenprotest auf dem Rathenauplatz s\u00fcdlich des Holocaust-Mahnmals auf.<\/span><\/p>\n<p><span style=\"font-size: 10pt;\">\u00bbIn Berlin und Leipzig hat die Querdenken-Bewegung endg\u00fcltig die Maske fallen gelassen und ihren rechtsradikalen, demokratiefeindlichen Kern offenbart\u00ab, so eine Sprecherin des B\u00fcndnisses. \u00bbDie Corona-Auflagen oder jetzt das Infektionsschutzgesetz waren von Anfang nur Vorwand f\u00fcr die Proteste, um Teile der Bev\u00f6lkerung zu verunsichern und f\u00fcr einen Umsturz und die Abschaffung der Demokratie zu gewinnen. Auch wir haben durchaus Kritik an den Ma\u00dfnahmen und werden uns am Samstag dazu \u00e4u\u00dfern, aber wir werden auch sehr deutlich machen, was wir von \u00bbQuerdenken\u00ab halten.\u00ab<\/span><\/p>\n<p><span style=\"font-size: 10pt;\">Im B\u00fcndnis \u00bbAuf Die Pl\u00e4tze\u00ab finden sich seit Mai 2020 verschiedenste demokratische Parteien und deren Jugendorganisationen, politische Aktivist:innen und sozialengagierte Gruppen situtionsbezogen zusammen, um vor den faschistischen und antisemitischen Str\u00f6mungen in den Coronaleugner:innen-Gruppen zu warnen.<\/span><\/p>\n<hr \/>\n<p><span style=\"font-size: 14pt;\"><strong>Download<\/strong><\/span><\/p>\n<p>Der Artikel kann auch als PDF-Dokument angesehen und heruntergeladen werden:<\/p>\n<p><img data-recalc-dims=\"1\" loading=\"lazy\" decoding=\"async\" data-attachment-id=\"1076\" data-permalink=\"https:\/\/www.freidenker.org\/?attachment_id=1076\" data-orig-file=\"https:\/\/i0.wp.com\/www.freidenker.org\/fw17\/wp-content\/uploads\/2017\/10\/pdf_icon-2.png?fit=32%2C32&amp;ssl=1\" data-orig-size=\"32,32\" data-comments-opened=\"0\" data-image-meta=\"{&quot;aperture&quot;:&quot;0&quot;,&quot;credit&quot;:&quot;&quot;,&quot;camera&quot;:&quot;&quot;,&quot;caption&quot;:&quot;&quot;,&quot;created_timestamp&quot;:&quot;0&quot;,&quot;copyright&quot;:&quot;&quot;,&quot;focal_length&quot;:&quot;0&quot;,&quot;iso&quot;:&quot;0&quot;,&quot;shutter_speed&quot;:&quot;0&quot;,&quot;title&quot;:&quot;&quot;,&quot;orientation&quot;:&quot;0&quot;}\" data-image-title=\"pdf_icon\" data-image-description=\"\" data-image-caption=\"\" data-large-file=\"https:\/\/i0.wp.com\/www.freidenker.org\/fw17\/wp-content\/uploads\/2017\/10\/pdf_icon-2.png?fit=32%2C32&amp;ssl=1\" class=\"alignnone size-full wp-image-1076\" src=\"https:\/\/i0.wp.com\/www.freidenker.org\/fw17\/wp-content\/uploads\/2017\/10\/pdf_icon-2.png?resize=32%2C32&#038;ssl=1\" alt=\"\" width=\"32\" height=\"32\" \/> <a href=\"https:\/\/www.freidenker.org\/fw17\/wp-content\/uploads\/2021\/02\/Corona_DKP-Hannover.pdf\" target=\"_blank\" rel=\"noopener\">Diskussionsbeitrag des DKP Kreisvorstands Hannover zu den Corona- Ma\u00dfnahmen der Bundesregierung, der \u201eQuerdenken\u201c-Initiative und den Aktionen gegen \u201eQuerdenken\u201c<\/a> ( PDF-Dokument, ca. 517 KB)<\/p>\n<p>&nbsp;<\/p>\n<hr \/>\n<p><span style=\"font-size: 10pt;\">Bild oben: Screenshot Twitter<\/span><br \/>\n<span style=\"font-size: 10pt;\">Quelle: UZ (<a href=\"https:\/\/www.unsere-zeit.de\/wogegen-richten-wir-uns-141818\/\" target=\"_blank\" rel=\"noopener\">https:\/\/www.unsere-zeit.de\/wogegen-richten-wir-uns-141818\/<\/a>)<\/span><br \/>\n<span style=\"font-size: 10pt;\">Bildunterschrift dort: &#8222;Wer den Hauptgegner verkennt, macht die falschen Auseinandersetzungen zum Schwerpunkt und wird ungewollt zum Instrument der Herrschenden.&#8220;<\/span><\/p>\n","protected":false},"excerpt":{"rendered":"<p>Der obrigkeitliche Umgang mit dem Virus und die Proteste dagegen haben verwirrende und gegens\u00e4tzliche Debatten ausgel\u00f6st, wohin die Reise politisch geht und worin die Gefahr einer Rechtsentwicklung zu erblicken ist.<br \/>\nWir dokumentieren dazu eine Stellungnahme der <b>DKP Hannover<\/b>; sie kommt zwar aus dem parteipolitischen Bereich, aber wir machen diese Ausnahme trotzdem, weil wir die Argumentation f\u00fcr sehr hilfreich halten, eine realistische Sicht auf die Ereignisse zu er\u00f6ffnen.<\/p>\n","protected":false},"author":3,"featured_media":9606,"comment_status":"closed","ping_status":"closed","sticky":false,"template":"","format":"standard","meta":{"colormag_page_container_layout":"default_layout","colormag_page_sidebar_layout":"default_layout","advanced_seo_description":"","jetpack_seo_html_title":"","jetpack_seo_noindex":false,"jetpack_post_was_ever_published":false,"footnotes":""},"categories":[12],"tags":[217,1256,162,1357,1278,1165,1257,1375],"class_list":["post-9603","post","type-post","status-publish","format-standard","has-post-thumbnail","hentry","category-demokratie-medien-aufklaerung","tag-ausbeutung","tag-corona-virus","tag-demokratie","tag-impfpflicht","tag-impfung","tag-kalter-krieg","tag-pandemie","tag-querdenken-initiative"],"jetpack_featured_media_url":"https:\/\/i0.wp.com\/www.freidenker.org\/fw17\/wp-content\/uploads\/2021\/02\/zwangsimpfung_antifa_061001a_800x450.jpg?fit=800%2C450&ssl=1","jetpack_shortlink":"https:\/\/wp.me\/p9stpK-2uT","jetpack-related-posts":[{"id":22525,"url":"https:\/\/www.freidenker.org\/?p=22525","url_meta":{"origin":9603,"position":0},"title":"Causa Ballweg: Das B\u00f6hmermann-Gr\u00fcnen-Komplott gegen einen missliebigen B\u00fcrger","author":"Webredaktion","date":"3. August 2025","format":false,"excerpt":"Beitrag von Bernhard Loyen Der Unternehmer Michael Ballweg geriet in den Fokus der zerst\u00f6rerischen Koalition aus Medien und Politik. Erneut dabei war der ZDF-Hofnarr Jan B\u00f6hmermann, zudem Akteure aus dem Umfeld der Gr\u00fcnen. Von der unterstellten Steuerhinterziehung in H\u00f6he von 575.000 Euro blieben am Ende sage und schreibe 19,53 Euro\u2026","rel":"","context":"In &quot;Demokratie \u2013 Medien \u2013 Aufkl\u00e4rung&quot;","block_context":{"text":"Demokratie \u2013 Medien \u2013 Aufkl\u00e4rung","link":"https:\/\/www.freidenker.org\/?cat=12"},"img":{"alt_text":"","src":"https:\/\/i0.wp.com\/www.freidenker.org\/fw17\/wp-content\/uploads\/2025\/08\/Ballweg_boehmermann_v2_800x450.jpg?fit=800%2C450&ssl=1&resize=350%2C200","width":350,"height":200,"srcset":"https:\/\/i0.wp.com\/www.freidenker.org\/fw17\/wp-content\/uploads\/2025\/08\/Ballweg_boehmermann_v2_800x450.jpg?fit=800%2C450&ssl=1&resize=350%2C200 1x, https:\/\/i0.wp.com\/www.freidenker.org\/fw17\/wp-content\/uploads\/2025\/08\/Ballweg_boehmermann_v2_800x450.jpg?fit=800%2C450&ssl=1&resize=525%2C300 1.5x, https:\/\/i0.wp.com\/www.freidenker.org\/fw17\/wp-content\/uploads\/2025\/08\/Ballweg_boehmermann_v2_800x450.jpg?fit=800%2C450&ssl=1&resize=700%2C400 2x"},"classes":[]},{"id":12166,"url":"https:\/\/www.freidenker.org\/?p=12166","url_meta":{"origin":9603,"position":1},"title":"Nein zur COVID19-Impfpflicht \u2013 f\u00fcr freie Impfentscheidung!","author":"Webredaktion","date":"9. Februar 2022","format":false,"excerpt":"Erkl\u00e4rung des Kreisvorstands der DKP Hannover vom 6. Februar 2022 Nach Monaten repressiver und schikan\u00f6ser Ma\u00dfnahmen einer indirekten Impfpflicht (2G\/3G etc.), die sich am st\u00e4rksten gegen die arbeitende und lernende Bev\u00f6lkerung richten, beabsichtigen die herrschenden Kr\u00e4fte fast aller Parteien im Bundestag die Einf\u00fchrung einer COVID19-Impfpflicht. Diese Impfpflicht soll mit hohen\u2026","rel":"","context":"In &quot;Arbeit &amp; Soziales&quot;","block_context":{"text":"Arbeit &amp; Soziales","link":"https:\/\/www.freidenker.org\/?cat=11"},"img":{"alt_text":"","src":"https:\/\/i0.wp.com\/www.freidenker.org\/fw17\/wp-content\/uploads\/2022\/02\/impen_massen_800x450.jpg?fit=800%2C450&ssl=1&resize=350%2C200","width":350,"height":200,"srcset":"https:\/\/i0.wp.com\/www.freidenker.org\/fw17\/wp-content\/uploads\/2022\/02\/impen_massen_800x450.jpg?fit=800%2C450&ssl=1&resize=350%2C200 1x, https:\/\/i0.wp.com\/www.freidenker.org\/fw17\/wp-content\/uploads\/2022\/02\/impen_massen_800x450.jpg?fit=800%2C450&ssl=1&resize=525%2C300 1.5x, https:\/\/i0.wp.com\/www.freidenker.org\/fw17\/wp-content\/uploads\/2022\/02\/impen_massen_800x450.jpg?fit=800%2C450&ssl=1&resize=700%2C400 2x"},"classes":[]},{"id":15979,"url":"https:\/\/www.freidenker.org\/?p=15979","url_meta":{"origin":9603,"position":2},"title":"Meinungsfreiheit, Demokratie \u2013 in Deutschland oder in Ungarn?","author":"Webredaktion","date":"7. Mai 2023","format":false,"excerpt":"Auf Empfehlung der Freidenkergruppe Ungarn ver\u00f6ffentlichen wir Ausz\u00fcge aus dem Magazin der Budapester Zeitung (Nr. 9-2023). Anna Berg, eine lebenslustige Th\u00fcringerin, lebt wegen der als immer unertr\u00e4glicher empfundenen Zust\u00e4nde in Deutschland seit anderthalb Jahren in einem kleinen Ort am Balaton unweit von Keszthely. Mit ihrem ungarischen Mann zog sie Ende\u2026","rel":"","context":"In &quot;Demokratie \u2013 Medien \u2013 Aufkl\u00e4rung&quot;","block_context":{"text":"Demokratie \u2013 Medien \u2013 Aufkl\u00e4rung","link":"https:\/\/www.freidenker.org\/?cat=12"},"img":{"alt_text":"","src":"https:\/\/i0.wp.com\/www.freidenker.org\/fw17\/wp-content\/uploads\/2023\/05\/Ungarn_Deutschland_800x450.jpg?fit=800%2C450&ssl=1&resize=350%2C200","width":350,"height":200,"srcset":"https:\/\/i0.wp.com\/www.freidenker.org\/fw17\/wp-content\/uploads\/2023\/05\/Ungarn_Deutschland_800x450.jpg?fit=800%2C450&ssl=1&resize=350%2C200 1x, https:\/\/i0.wp.com\/www.freidenker.org\/fw17\/wp-content\/uploads\/2023\/05\/Ungarn_Deutschland_800x450.jpg?fit=800%2C450&ssl=1&resize=525%2C300 1.5x, https:\/\/i0.wp.com\/www.freidenker.org\/fw17\/wp-content\/uploads\/2023\/05\/Ungarn_Deutschland_800x450.jpg?fit=800%2C450&ssl=1&resize=700%2C400 2x"},"classes":[]},{"id":11202,"url":"https:\/\/www.freidenker.org\/?p=11202","url_meta":{"origin":9603,"position":3},"title":"Kriegsparteien sind nicht w\u00e4hlbar, weil sie eine Gefahr f\u00fcr den Frieden sind!","author":"Webredaktion","date":"18. September 2021","format":false,"excerpt":"Standpunkt der Initiative Kein Milit\u00e4r mehr! - Westf\u00e4lische Friedensinitiative, Hannover - M\u00fcnster\/Westf. Wer eine Zukunft ohne Krieg und ohne Wettr\u00fcsten will, muss andere als die etablierten Parteien w\u00e4hlen. Denn diese sind immer mehr zum Selbstbedienungsobjekt von Macht- und Geldgierigen geworden, die zwar viel versprechen aber\u00a0 alle\u00a0\u00a0Lehren aus zwei Weltkriegen vergessen\u2026","rel":"","context":"In &quot;Frieden - Antifaschismus - Solidarit\u00e4t&quot;","block_context":{"text":"Frieden - Antifaschismus - Solidarit\u00e4t","link":"https:\/\/www.freidenker.org\/?cat=13"},"img":{"alt_text":"","src":"https:\/\/i0.wp.com\/www.freidenker.org\/fw17\/wp-content\/uploads\/2021\/09\/keine_kriegsparteien_800x450.jpg?fit=800%2C450&ssl=1&resize=350%2C200","width":350,"height":200,"srcset":"https:\/\/i0.wp.com\/www.freidenker.org\/fw17\/wp-content\/uploads\/2021\/09\/keine_kriegsparteien_800x450.jpg?fit=800%2C450&ssl=1&resize=350%2C200 1x, https:\/\/i0.wp.com\/www.freidenker.org\/fw17\/wp-content\/uploads\/2021\/09\/keine_kriegsparteien_800x450.jpg?fit=800%2C450&ssl=1&resize=525%2C300 1.5x, https:\/\/i0.wp.com\/www.freidenker.org\/fw17\/wp-content\/uploads\/2021\/09\/keine_kriegsparteien_800x450.jpg?fit=800%2C450&ssl=1&resize=700%2C400 2x"},"classes":[]},{"id":11065,"url":"https:\/\/www.freidenker.org\/?p=11065","url_meta":{"origin":9603,"position":4},"title":"&#8222;Hebt den gesenkten Kopf wieder!&#8220;","author":"Webredaktion","date":"16. August 2021","format":false,"excerpt":"Gru\u00dfwort von Klaus Linder auf dem \"Drushba!-Friedensfest\" der DKP Brandenburg am 14.08.2021 Zu dieser\u00a0 Bundestagswahl unter Ausnahezustand\u00a0 hat immerhin die DKP die K-Frage positiv beantwortet: N\u00e4mlich, ob auf dem Wahlzettel die\u00a0 Partei stehen darf, die das \u201eK\u201c im Namen hat. Sie darf es und sie wird es. Herzliche Gratulation dazu\u2026","rel":"","context":"In &quot;Demokratie \u2013 Medien \u2013 Aufkl\u00e4rung&quot;","block_context":{"text":"Demokratie \u2013 Medien \u2013 Aufkl\u00e4rung","link":"https:\/\/www.freidenker.org\/?cat=12"},"img":{"alt_text":"","src":"https:\/\/i0.wp.com\/www.freidenker.org\/fw17\/wp-content\/uploads\/2021\/08\/Linder_Gruess_DKP-Sommerfest-20210814_800x450.jpg?fit=800%2C450&ssl=1&resize=350%2C200","width":350,"height":200,"srcset":"https:\/\/i0.wp.com\/www.freidenker.org\/fw17\/wp-content\/uploads\/2021\/08\/Linder_Gruess_DKP-Sommerfest-20210814_800x450.jpg?fit=800%2C450&ssl=1&resize=350%2C200 1x, https:\/\/i0.wp.com\/www.freidenker.org\/fw17\/wp-content\/uploads\/2021\/08\/Linder_Gruess_DKP-Sommerfest-20210814_800x450.jpg?fit=800%2C450&ssl=1&resize=525%2C300 1.5x, https:\/\/i0.wp.com\/www.freidenker.org\/fw17\/wp-content\/uploads\/2021\/08\/Linder_Gruess_DKP-Sommerfest-20210814_800x450.jpg?fit=800%2C450&ssl=1&resize=700%2C400 2x"},"classes":[]},{"id":21893,"url":"https:\/\/www.freidenker.org\/?p=21893","url_meta":{"origin":9603,"position":5},"title":"Wer verbietet, statt zu feiern, hat verloren","author":"Webredaktion","date":"20. Mai 2025","format":false,"excerpt":"Beitrag von Anke Wittkopp Der von oben verordnete Geschichtsrevisionismus gipfelte zum 80. Jubil\u00e4umstag der Befreiung Deutschlands vom Hitler-Faschismus in einer Farce. Die Stadt Hannover schmiss Mitglieder der Initiative Frieden mit Russland wegen antifaschistischer Symbole vom Ehrenfriedhof, um am Tag der Befreiung das Andenken der siegreichen Roten Armee aus den Augen\u2026","rel":"","context":"In &quot;Frieden - Antifaschismus - Solidarit\u00e4t&quot;","block_context":{"text":"Frieden - Antifaschismus - Solidarit\u00e4t","link":"https:\/\/www.freidenker.org\/?cat=13"},"img":{"alt_text":"","src":"https:\/\/i0.wp.com\/www.freidenker.org\/fw17\/wp-content\/uploads\/2025\/05\/TdB_Hannover_Frank_B_Russlandfahne_800x450.jpg?fit=800%2C450&ssl=1&resize=350%2C200","width":350,"height":200,"srcset":"https:\/\/i0.wp.com\/www.freidenker.org\/fw17\/wp-content\/uploads\/2025\/05\/TdB_Hannover_Frank_B_Russlandfahne_800x450.jpg?fit=800%2C450&ssl=1&resize=350%2C200 1x, https:\/\/i0.wp.com\/www.freidenker.org\/fw17\/wp-content\/uploads\/2025\/05\/TdB_Hannover_Frank_B_Russlandfahne_800x450.jpg?fit=800%2C450&ssl=1&resize=525%2C300 1.5x, https:\/\/i0.wp.com\/www.freidenker.org\/fw17\/wp-content\/uploads\/2025\/05\/TdB_Hannover_Frank_B_Russlandfahne_800x450.jpg?fit=800%2C450&ssl=1&resize=700%2C400 2x"},"classes":[]}],"_links":{"self":[{"href":"https:\/\/www.freidenker.org\/index.php?rest_route=\/wp\/v2\/posts\/9603","targetHints":{"allow":["GET"]}}],"collection":[{"href":"https:\/\/www.freidenker.org\/index.php?rest_route=\/wp\/v2\/posts"}],"about":[{"href":"https:\/\/www.freidenker.org\/index.php?rest_route=\/wp\/v2\/types\/post"}],"author":[{"embeddable":true,"href":"https:\/\/www.freidenker.org\/index.php?rest_route=\/wp\/v2\/users\/3"}],"replies":[{"embeddable":true,"href":"https:\/\/www.freidenker.org\/index.php?rest_route=%2Fwp%2Fv2%2Fcomments&post=9603"}],"version-history":[{"count":0,"href":"https:\/\/www.freidenker.org\/index.php?rest_route=\/wp\/v2\/posts\/9603\/revisions"}],"wp:featuredmedia":[{"embeddable":true,"href":"https:\/\/www.freidenker.org\/index.php?rest_route=\/wp\/v2\/media\/9606"}],"wp:attachment":[{"href":"https:\/\/www.freidenker.org\/index.php?rest_route=%2Fwp%2Fv2%2Fmedia&parent=9603"}],"wp:term":[{"taxonomy":"category","embeddable":true,"href":"https:\/\/www.freidenker.org\/index.php?rest_route=%2Fwp%2Fv2%2Fcategories&post=9603"},{"taxonomy":"post_tag","embeddable":true,"href":"https:\/\/www.freidenker.org\/index.php?rest_route=%2Fwp%2Fv2%2Ftags&post=9603"}],"curies":[{"name":"wp","href":"https:\/\/api.w.org\/{rel}","templated":true}]}}