{"id":9592,"date":"2021-02-17T23:05:44","date_gmt":"2021-02-17T22:05:44","guid":{"rendered":"https:\/\/www.freidenker.org\/?p=9592"},"modified":"2021-03-11T20:50:11","modified_gmt":"2021-03-11T19:50:11","slug":"us-medienbericht-deutsche-nonnen-vermieteten-waisenkinder-fuer-orgien","status":"publish","type":"post","link":"https:\/\/www.freidenker.org\/?p=9592","title":{"rendered":"US-Medienbericht: Deutsche Nonnen &#8222;vermieteten&#8220; Waisenkinder f\u00fcr Orgien"},"content":{"rendered":"<p><em>Redaktioneller Beitrag von <strong>RT DE<\/strong><\/em><\/p>\n<p><span style=\"font-size: 10pt;\">Erstver\u00f6ffentlichung am 04.02.2021 auf <a href=\"https:\/\/de.rt.com\/inland\/112742-us-webseite-behauptet-deutsche-nonnen-vermieteten-waisenkinder-fuer-orgien\/\" target=\"_blank\" rel=\"noopener\">RT DE<\/a><br \/>\nDer Beitrag kann auch als Podcast auf YouTube angeh\u00f6rt werden: <a href=\"https:\/\/www.youtube.com\/watch?v=amhS2qyKx3M\" target=\"_blank\" rel=\"noopener\">https:\/\/www.youtube.com\/watch?v=amhS2qyKx3M<\/a><br \/>\n<\/span><\/p>\n<p><strong>Das US-Nachrichtenportal &#8222;The Daily Beast&#8220; behauptet, Ausz\u00fcge aus dem vom K\u00f6lner Erzbischof Rainer Maria Woelki unter Verschluss gehaltenen Untersuchungsbericht zu Missbrauchsf\u00e4llen in der Erzdi\u00f6zese K\u00f6ln zugesandt bekommen zu haben \u2013 der mutma\u00dfliche Inhalt l\u00e4sst erschaudern. <\/strong><\/p>\n<p>Die katholische Erzdi\u00f6zese in K\u00f6ln steht schon seit L\u00e4ngerem schwer in der Kritik. 2020 sollte ein\u00a0Gutachten der M\u00fcnchner Anwaltskanzlei Westpfahl Spilker Wastl zu Missbrauchsvorw\u00fcrfen erscheinen, die zum Teil Jahrzehnte zur\u00fcckreichen. In Auftrag gegeben wurde\u00a0das\u00a0Gutachten vom K\u00f6lner Erzbischof Rainer Maria Woelki.<\/p>\n<p>Der Bericht sollte untersuchen, wie Bistumsverantwortliche in der Vergangenheit mit Vorw\u00fcrfen des sexuellen Missbrauchs von Kindern durch Priester umgegangen sind. Doch nach der Fertigstellung des\u00a0Gutachtens k\u00fcndigte Woelki pl\u00f6tzlich an, <a href=\"https:\/\/www.rundschau-online.de\/news\/aus-aller-welt\/-erhebliche-maengel--kardinal-woelki-will-missbrauchsgutachten-nicht-veroeffentlichen-37557362?cb=1612437228955\" target=\"_blank\" rel=\"noopener noreferrer\">ihn nicht ver\u00f6ffentlichen zu wollen<\/a>, weil er &#8222;erhebliche M\u00e4ngel aufweist&#8220;.\u00a0Das ist jedoch nicht\u00a0die einzige Auff\u00e4lligkeit in dieser Geschichte.<\/p>\n<p>Anfang 2021 kam es bei einem von dem Erzbistum geplanten Journalistengespr\u00e4ch zum Thema Missbrauch <a href=\"https:\/\/www1.wdr.de\/nachrichten\/rheinland\/keine-einsicht-in-gutachten-erzbistum-100.html\" target=\"_blank\" rel=\"noopener noreferrer\">zu einem Eklat<\/a>, nachdem die anwesenden Reporter nicht bereit waren, eine von der Kirche geforderte Verschwiegenheitserkl\u00e4rung zu unterschreiben. Das Gespr\u00e4ch wurde daraufhin abgebrochen. Geplant war urspr\u00fcnglich, dass die Journalisten die M\u00f6glichkeit erhalten sollten, ein teilweise geschw\u00e4rztes Exemplar des Rechtsgutachtens zu lesen.<\/p>\n<p>Nun behauptet das US-Webportal <em><a href=\"https:\/\/www.thedailybeast.com\/german-nuns-sold-orphaned-children-to-sexual-predators-says-report?ref=scroll\" target=\"_blank\" rel=\"noopener noreferrer\">The Daily Beast<\/a><\/em>, dass Ausz\u00fcge aus dem Gutachten &#8222;geleakt&#8220; worden seien \u2013 unter anderem auch an <em>The<\/em>\u00a0<em>Daily Beast<\/em>. Aus den geleakten Ausz\u00fcgen soll laut dem Webportal auch hervorgehen, dass Nonnen aus einem Kloster in Speyer zwischen den 1960er und 1970er Jahren Waisenkinder an Gesch\u00e4ftsleute und Geistliche &#8222;vermieteten&#8220;, die diese Kinder missbrauchten.\u00a0So ging es zum Teil wochenlang weiter, bevor die Kinder wieder &#8222;zur\u00fcckgegeben wurden&#8220;. Ein betroffener Junge soll berichtet haben, dass die Nonnen ihn oft bet\u00e4ubten, bevor sie ihn den T\u00e4tern in die &#8222;Wohnung lieferten&#8220;.<\/p>\n<p>Dem Bericht zufolge wurden die Waisenkinder zu den &#8222;Orgien&#8220; gezwungen und hinterher zudem noch &#8222;diszipliniert&#8220;, wenn ihre Kleidung &#8222;zerknittert&#8220; oder &#8222;mit Sperma bedeckt&#8220; war. Das Webportal schreibt weiter, dass das Gutachten herausgefunden habe, dass 175 Kinder, die meisten von ihnen Jungen im Alter zwischen 8 und 14 Jahren, \u00fcber zwei Jahrzehnte missbraucht worden seien. Bei einigen Kindern soll die Adoption oder auch die Unterbringung in einer Pflegefamilie absichtlich unterbunden worden sein, damit die Nonnen sie weiter &#8222;besch\u00e4ftigen&#8220; konnten.<\/p>\n<p>Laut <em>The Daily Beast<\/em>\u00a0werden in dem Untersuchungsbericht die Nonnen nicht explizit f\u00fcr ihre Taten verantwortlich gemacht. Stattdessen seien die Missbrauchsf\u00e4lle das Ergebnis von &#8222;systematischen&#8220; Managementfehlern und zu viel &#8222;Nachsicht&#8220; gegen\u00fcber den T\u00e4tern. Die mutma\u00dflichen neuen Enth\u00fcllungen zu der Missbrauchsaff\u00e4re sind ein weiteres h\u00e4ssliches Mosaik in dem fortdauernden Streit um das Gutachten. Der Jurist der Kanzlei Westpfahl Spilker Wastl,\u00a0Ulrich Wastl, kritisierte die Tatsache, dass der Bericht\u00a0noch immer unter Verschluss gehalten wird, aufs Sch\u00e4rfste. &#8222;Das ist ein Gewaltangriff&#8220;, sagte der Jurist in einem Interview mit der <em>Zeit<\/em>-Beilage <em>Christ &amp; Welt<\/em>. &#8222;Ein derartiges Verhalten haben wir noch nicht erlebt.&#8220;<\/p>\n<p>Er widersprach den Vorw\u00fcrfen von Kardinal Woelki, wonach der Bericht erhebliche M\u00e4ngel aufweise. &#8222;Wir haben nicht gepfuscht&#8220;, so Wastl. Den Widerstand gegen die Aufarbeitung sexualisierter Gewalt sieht der Anwalt auch in der pers\u00f6nlichen Verstrickung von Verantwortungstr\u00e4gern der katholischen Kirche begru\u0308ndet. &#8222;Der Reflex, die Institution sch\u00fctzen zu wollen, und das Bed\u00fcrfnis nach Selbstschutz gehen oft Hand in Hand.&#8220;<\/p>\n<p>Was f\u00fcr die Argumentation von Wastl spricht, ist die Tatsache, dass dieselbe Anwaltskanzlei f\u00fcr das Bistum Aachen ein \u00e4hnliches Gutachten erstellte und im November problemlos ver\u00f6ffentlichte. Bei den Verantwortlichen in Aachen sei der Wille da gewesen, &#8222;die Dinge aufzuarbeiten und das System zu verbessern&#8220;, sagte Wastl. Der Aachener Bischof Helmut Dieser habe sich v\u00f6llig aus der Arbeit der Gutachter herausgehalten. &#8222;Er akzeptierte, dass die Verantwortung bei uns liegt.&#8220; Nach seiner Erfahrung sei die katholische Kirche in zwei Lager gespalten, sagte Wastl: &#8222;Das eine denkt: Wir m\u00fcssen den Ruf der Kirche sch\u00fctzen, und dem ist vieles unterzuordnen. Das andere ist \u00fcberzeugt, dass die einzige Chance der katholischen Kirche darin liegt, reinen Tisch zu machen.&#8220;<\/p>\n<p>Wastl bot erneut an, das K\u00f6lner Gutachten auf der Webseite der Kanzlei zu ver\u00f6ffentlichen und daf\u00fcr die alleinige Verantwortung zu \u00fcbernehmen. &#8222;Das Erzbistum K\u00f6ln h\u00e4tte nach unserer Einsch\u00e4tzung keinerlei Haftungsrisiko.&#8220; Woelki hat dieses Angebot abgelehnt.<\/p>\n<p>In K\u00f6ln gibt es derweil vorl\u00e4ufig keine Termine mehr f\u00fcr Kirchenaustritte. Bis Ende April\u00a0sei alles ausgebucht, und die Termine f\u00fcr Mai w\u00fcrden erst am 1. M\u00e4rz freigeschaltet, wie ein Sprecher des Amtsgerichts am Mittwoch sagte. Pro Monat gibt es, abh\u00e4ngig von der Zahl der Werktage, rund 1.000 Online-Termine f\u00fcr einen Austritt aus der katholischen oder evangelischen Kirche.<\/p>\n<p>Derweil hat sich Woelki nach wochenlangem Schweigen am Donnerstag zu den Vorw\u00fcrfen gegen ihn und die katholische Kirche ge\u00e4u\u00dfert. Zwar r\u00e4umte er Fehler bei der Aufarbeitung der Vorw\u00fcrfe des sexuellen Missbrauchs gegen katholische Priester ein, indem er gegen\u00fcber der <em>K\u00f6lnischen Rundschau<\/em> erkl\u00e4rte: &#8222;Wir haben Fehler gemacht, wir haben Vertrauen verspielt, ich verstehe die Ungeduld.&#8220; Doch gleichzeitig machte er\u00a0weiterhin die Anwaltskanzlei f\u00fcr die Probleme verantwortlich: &#8222;Ein Fehler war, dass wir immer wieder den Zusagen der M\u00fcnchner Kanzlei vertraut haben, eine rechtssichere Aufarbeitung vorzulegen.&#8220;<\/p>\n<p>Woelki hatte den K\u00f6lner Strafrechtler Bj\u00f6rn Gercke damit beauftragt, ein neues Gutachten zu erarbeiten. Dieses soll am 18. M\u00e4rz vorgestellt werden. Bis dahin m\u00fcsse man sich noch gedulden, so Woelki. &#8222;Wir kl\u00e4ren auf, ich stehe zu meinem Versprechen&#8220;, versicherte er. Gercke habe 236 F\u00e4lle identifiziert und bearbeitet, wohingegen das Gutachten von Westpfahl Spilker Wastl nur 15 F\u00e4lle betrachte.<\/p>\n<p>Westpfahl Spilker Wastl begr\u00fcndete die Konzentration auf 15 F\u00e4lle damit, dass man bewusst nur 15 besonders schwere und exemplarische F\u00e4lle habe herausgreifen wollen. &#8222;Wir haben aufgepasst, ob wir sie so abstrahieren k\u00f6nnen, dass keine Betroffenen erkennbar sind&#8220;, hatte Wastl in\u00a0<em>Christ &amp; Welt<\/em> erkl\u00e4rt. Andernfalls k\u00f6nne dies f\u00fcr die Opfer mit einer Retraumatisierung verbunden sein.<\/p>\n<p>Woelki versicherte nun: &#8222;Gerckes Gutachten wird handwerklich sauber sein und es m\u00f6glich machen, mein Versprechen einzul\u00f6sen: Wir werden Namen von Verantwortlichen nennen.&#8220; Doch Gegenwind bekommt Woelki mittlerweile auch aus den eigenen Reihen. Gegen\u00fcber dem <em>K\u00f6lner Stadt-Anzeiger<\/em> und dem <em>Express<\/em> forderte der K\u00f6lner Stadtdechant Robert Kleine, sich zu Fehlern zu bekennen und Konsequenzen zu ziehen, und zwar schon vor dem 18. M\u00e4rz, wenn das neue Missbrauchsgutachten der K\u00f6lner Kanzlei Gercke Wollschl\u00e4ger ver\u00f6ffentlicht wird.<\/p>\n<p>Das Erzbistum habe zwar angek\u00fcndigt, es werde am 18. M\u00e4rz &#8222;alles offen legen und Namen nennen&#8220;, aber &#8222;die Namen kennt doch schon heute jeder&#8220;, so Kleine. &#8222;Alle wissen, wer im Erzbistum in verantwortlicher Position war: Erzbisch\u00f6fe, Generalvikare, Personalchefs.&#8220; Im bistumseigenen &#8222;Domradio&#8220; f\u00fcgte Kleine hinzu, dass er &#8222;nat\u00fcrlich nicht&#8220; auf Distanz zum Erzbischof habe gehen wollen. Es sei nur eine &#8222;Einladung&#8220; gewesen, &#8222;ganz genau hinzuschauen&#8220;.<\/p>\n<p>Laut einem Bericht der <em>FAZ<\/em> zeigt sich der Unmut innerhalb der Kirche \u00fcber den Umgang des Erzbischofs und seines Generalvikars Markus Hofmann mit der Aufarbeitung von sexuellem Missbrauch auch an zwei Briefen, die von ann\u00e4hernd sechzig Geistlichen unterschrieben worden sein sollen\u00a0und in denen der Umgang mit der Aufarbeitung sexuellen Missbrauchs scharf kritisiert werde.<\/p>\n<p>Die <em>FAZ<\/em> schreibt weiter, dass mehrere weitere einzelne Pfarrer ihren Loyalit\u00e4tskonflikt in pers\u00f6nlichen Schreiben mitgeteilt h\u00e4tten. &#8222;Wir f\u00fchlen uns der Kirche zutiefst verbunden, k\u00f6nnen uns aber nicht mit dem aktuellen Management der gegenw\u00e4rtigen Vertrauenskrise in unserem Erzbistum identifizieren&#8220;, soll es in einem der beiden Schreiben hei\u00dfen, das 34 Priester unterzeichnet haben. &#8222;Wir sind nicht bereit, bei dieser Entwicklung still resignierend zuzuschauen.&#8220; Die katholische Kirche d\u00fcrfe sich nicht &#8222;zur Sekte entwickeln&#8220;.<\/p>\n<p>&nbsp;<\/p>\n<p><span style=\"font-size: 10pt;\">Link zur Erstver\u00f6ffentlichung auf RT DE: <a href=\"https:\/\/de.rt.com\/inland\/112742-us-webseite-behauptet-deutsche-nonnen-vermieteten-waisenkinder-fuer-orgien\/\" target=\"_blank\" rel=\"noopener\">https:\/\/de.rt.com\/inland\/112742-us-webseite-behauptet-deutsche-nonnen-vermieteten-waisenkinder-fuer-orgien\/<\/a><\/span><\/p>\n<p>&nbsp;<\/p>\n<hr \/>\n<p><span style=\"font-size: 10pt;\">Bild: <a href=\"https:\/\/pixabay.com\/de\/photos\/junge-kind-traurig-alleine-sitzen-1636731\/\" target=\"_blank\" rel=\"noopener\">pixabay.com<\/a> \/ <a class=\"hover_opacity\" href=\"https:\/\/pixabay.com\/de\/users\/myriams-fotos-1627417\/\">Myriams-Fotos<\/a> \/ <a href=\"https:\/\/pixabay.com\/de\/service\/license\/\">Pixabay License<\/a><\/span><\/p>\n","protected":false},"excerpt":{"rendered":"<p><b>Beitrag von RT DE<\/b><br \/>\nDie katholische Erzdi\u00f6zese in K\u00f6ln steht schon seit L\u00e4ngerem schwer in der Kritik. 2020 sollte ein\u00a0Gutachten der M\u00fcnchner Anwaltskanzlei Westpfahl Spilker Wastl zu Missbrauchsvorw\u00fcrfen erscheinen, die zum Teil Jahrzehnte zur\u00fcckreichen. In Auftrag gegeben wurde\u00a0das\u00a0Gutachten vom K\u00f6lner Erzbischof Rainer Maria Woelki.\u00a0Der Bericht sollte untersuchen, wie Bistumsverantwortliche in der Vergangenheit mit Vorw\u00fcrfen des sexuellen Missbrauchs von Kindern durch Priester umgegangen sind. Doch nach der Fertigstellung des\u00a0Gutachtens k\u00fcndigte Woelki pl\u00f6tzlich an, ihn nicht ver\u00f6ffentlichen zu wollen, weil er &#8222;erhebliche M\u00e4ngel aufweist&#8220;.\u00a0<\/p>\n","protected":false},"author":3,"featured_media":9593,"comment_status":"closed","ping_status":"closed","sticky":false,"template":"","format":"standard","meta":{"colormag_page_container_layout":"default_layout","colormag_page_sidebar_layout":"default_layout","advanced_seo_description":"","jetpack_seo_html_title":"","jetpack_seo_noindex":false,"jetpack_post_was_ever_published":false,"footnotes":""},"categories":[15],"tags":[211,388,575,576],"class_list":["post-9592","post","type-post","status-publish","format-standard","has-post-thumbnail","hentry","category-religions-kirchenkritik","tag-aufklaerung","tag-katholische-kirche","tag-kindesmissbrauch","tag-missbrauchsskandale"],"jetpack_featured_media_url":"https:\/\/i0.wp.com\/www.freidenker.org\/fw17\/wp-content\/uploads\/2021\/02\/boy-1636731_800x450.jpg?fit=800%2C450&ssl=1","jetpack_shortlink":"https:\/\/wp.me\/p9stpK-2uI","jetpack-related-posts":[{"id":6727,"url":"https:\/\/www.freidenker.org\/?p=6727","url_meta":{"origin":9592,"position":0},"title":"Weder Fisch noch Fleisch","author":"Webredaktion","date":"17. Juli 2019","format":false,"excerpt":"Stellungnahme des Koordinierungsrats s\u00e4kularer Organisationen KORSO e.V. zum Urteil des K\u00f6lner Verwaltungsgerichts am 13. Juni 2019 \u00fcber eine Klage des Recherchenetzwerks \u201eCorrectiv\u201c gegen das K\u00f6lner Erzbistum. Ja, was ist sie denn nun, die katholische Kirche in Deutschland \u2013 eine staatliche Beh\u00f6rde oder eine private Vereinigung (mit besonderem Rechtsstatus)? Diese Frage\u2026","rel":"","context":"In &quot;Religions- &amp; Kirchenkritik, S\u00e4kulare Szene&quot;","block_context":{"text":"Religions- &amp; Kirchenkritik, S\u00e4kulare Szene","link":"https:\/\/www.freidenker.org\/?cat=15"},"img":{"alt_text":"","src":"https:\/\/i0.wp.com\/www.freidenker.org\/fw17\/wp-content\/uploads\/2019\/07\/internet-1593378_800x445.jpg?fit=800%2C445&ssl=1&resize=350%2C200","width":350,"height":200,"srcset":"https:\/\/i0.wp.com\/www.freidenker.org\/fw17\/wp-content\/uploads\/2019\/07\/internet-1593378_800x445.jpg?fit=800%2C445&ssl=1&resize=350%2C200 1x, https:\/\/i0.wp.com\/www.freidenker.org\/fw17\/wp-content\/uploads\/2019\/07\/internet-1593378_800x445.jpg?fit=800%2C445&ssl=1&resize=525%2C300 1.5x, https:\/\/i0.wp.com\/www.freidenker.org\/fw17\/wp-content\/uploads\/2019\/07\/internet-1593378_800x445.jpg?fit=800%2C445&ssl=1&resize=700%2C400 2x"},"classes":[]},{"id":6830,"url":"https:\/\/www.freidenker.org\/?p=6830","url_meta":{"origin":9592,"position":1},"title":"Ein Wunder oder Zahlenspiele?","author":"Webredaktion","date":"22. August 2019","format":false,"excerpt":"Beitrag von Andreas Peter Die R\u00f6misch-Katholische Kirche Deutschlands hat 2018 eine Rekordsumme an Kirchensteuer eingenommen. Das gab jetzt die Bischofskonferenz bekannt. Dies best\u00e4tigt \u00e4hnliche Zahlen der Evangelischen Kirche in Deutschland, die bereits seit April vorliegen. Die Rekordeinnahmen konnten trotz sinkender Mitgliederzahlen erzielt werden. Wie erkl\u00e4rt sich das? Die beiden gro\u00dfen\u2026","rel":"","context":"In &quot;Religions- &amp; Kirchenkritik, S\u00e4kulare Szene&quot;","block_context":{"text":"Religions- &amp; Kirchenkritik, S\u00e4kulare Szene","link":"https:\/\/www.freidenker.org\/?cat=15"},"img":{"alt_text":"","src":"https:\/\/i0.wp.com\/www.freidenker.org\/fw17\/wp-content\/uploads\/2019\/08\/church-3601975_800x445.jpg?fit=800%2C445&ssl=1&resize=350%2C200","width":350,"height":200,"srcset":"https:\/\/i0.wp.com\/www.freidenker.org\/fw17\/wp-content\/uploads\/2019\/08\/church-3601975_800x445.jpg?fit=800%2C445&ssl=1&resize=350%2C200 1x, https:\/\/i0.wp.com\/www.freidenker.org\/fw17\/wp-content\/uploads\/2019\/08\/church-3601975_800x445.jpg?fit=800%2C445&ssl=1&resize=525%2C300 1.5x, https:\/\/i0.wp.com\/www.freidenker.org\/fw17\/wp-content\/uploads\/2019\/08\/church-3601975_800x445.jpg?fit=800%2C445&ssl=1&resize=700%2C400 2x"},"classes":[]},{"id":642,"url":"https:\/\/www.freidenker.org\/?p=642","url_meta":{"origin":9592,"position":2},"title":"Klaus Hartmann: Aufstehen statt niederknien","author":"Webmaster","date":"17. September 2005","format":false,"excerpt":"Beitrag von Klaus Hartmann aus FREIDENKER 3-05 \"Weltjugendtag\" hei\u00dft die fromme Heerschau dieser Tage in K\u00f6ln, der Name jedoch ist Anma\u00dfung: Obwohl Hunderttausende erwartet werden, die \"Weltjugend\" ist das nicht \u2013 es ist ebenso wenig das Treffen von Atheisten wie von Buddhisten, Muslimen oder Hindus, Juden oder orthodoxen Chris\u00adten. Zumindest\u2026","rel":"","context":"In &quot;Religions- &amp; Kirchenkritik, S\u00e4kulare Szene&quot;","block_context":{"text":"Religions- &amp; Kirchenkritik, S\u00e4kulare Szene","link":"https:\/\/www.freidenker.org\/?cat=15"},"img":{"alt_text":"","src":"https:\/\/i0.wp.com\/www.freidenker.org\/fw17\/wp-content\/uploads\/2016\/08\/Papst.jpg?fit=800%2C445&ssl=1&resize=350%2C200","width":350,"height":200,"srcset":"https:\/\/i0.wp.com\/www.freidenker.org\/fw17\/wp-content\/uploads\/2016\/08\/Papst.jpg?fit=800%2C445&ssl=1&resize=350%2C200 1x, https:\/\/i0.wp.com\/www.freidenker.org\/fw17\/wp-content\/uploads\/2016\/08\/Papst.jpg?fit=800%2C445&ssl=1&resize=525%2C300 1.5x, https:\/\/i0.wp.com\/www.freidenker.org\/fw17\/wp-content\/uploads\/2016\/08\/Papst.jpg?fit=800%2C445&ssl=1&resize=700%2C400 2x"},"classes":[]},{"id":11987,"url":"https:\/\/www.freidenker.org\/?p=11987","url_meta":{"origin":9592,"position":3},"title":"Missbrauchsskandal und Kollateralschaden","author":"Webredaktion","date":"14. Januar 2022","format":false,"excerpt":"Beitrag von Dagmar Henn In wenigen Tagen soll ein neues Gutachten zu sexuellem Missbrauch im katholischen Erzbistum M\u00fcnchen und Freising vorgestellt werden. Seit dem Jahr 2010, also bereits seit \u00fcber zehn Jahren, wird insbesondere die katholische Kirche dieses Thema nicht mehr los. Es hat ihr einen gravierenden Einflussverlust beschert. Dass\u2026","rel":"","context":"In &quot;Religions- &amp; Kirchenkritik, S\u00e4kulare Szene&quot;","block_context":{"text":"Religions- &amp; Kirchenkritik, S\u00e4kulare Szene","link":"https:\/\/www.freidenker.org\/?cat=15"},"img":{"alt_text":"","src":"https:\/\/i0.wp.com\/www.freidenker.org\/fw17\/wp-content\/uploads\/2022\/01\/church-4019523_800x450.jpg?fit=800%2C450&ssl=1&resize=350%2C200","width":350,"height":200,"srcset":"https:\/\/i0.wp.com\/www.freidenker.org\/fw17\/wp-content\/uploads\/2022\/01\/church-4019523_800x450.jpg?fit=800%2C450&ssl=1&resize=350%2C200 1x, https:\/\/i0.wp.com\/www.freidenker.org\/fw17\/wp-content\/uploads\/2022\/01\/church-4019523_800x450.jpg?fit=800%2C450&ssl=1&resize=525%2C300 1.5x, https:\/\/i0.wp.com\/www.freidenker.org\/fw17\/wp-content\/uploads\/2022\/01\/church-4019523_800x450.jpg?fit=800%2C450&ssl=1&resize=700%2C400 2x"},"classes":[]},{"id":22612,"url":"https:\/\/www.freidenker.org\/?p=22612","url_meta":{"origin":9592,"position":4},"title":"Protestcamp des B\u00fcndnisses &#8222;Rheinmetall Entwaffnen&#8220; wird gerichtlich verboten","author":"Webredaktion","date":"19. August 2025","format":false,"excerpt":"Beitrag von Felicitas Rabe Dieses Jahr wurde das Protestcamp \"Rheinmetall Entwaffnen\" vom 26. bis zum 31. August in K\u00f6ln angemeldet. Wie die Aktivisten der gleichnamigen Initiative in der vergangenen Woche auf ihrer Webseite mitteilten, wurde das mehrt\u00e4gige Camp im K\u00f6lner Gr\u00fcng\u00fcrtel von der K\u00f6lner Polizei verboten. Die Verbotsverf\u00fcgung sei mit\u2026","rel":"","context":"In &quot;Demokratie \u2013 Medien \u2013 Aufkl\u00e4rung&quot;","block_context":{"text":"Demokratie \u2013 Medien \u2013 Aufkl\u00e4rung","link":"https:\/\/www.freidenker.org\/?cat=12"},"img":{"alt_text":"","src":"https:\/\/i0.wp.com\/www.freidenker.org\/fw17\/wp-content\/uploads\/2025\/08\/yes_we_camp_preko2025_800x450.jpg?fit=800%2C450&ssl=1&resize=350%2C200","width":350,"height":200,"srcset":"https:\/\/i0.wp.com\/www.freidenker.org\/fw17\/wp-content\/uploads\/2025\/08\/yes_we_camp_preko2025_800x450.jpg?fit=800%2C450&ssl=1&resize=350%2C200 1x, https:\/\/i0.wp.com\/www.freidenker.org\/fw17\/wp-content\/uploads\/2025\/08\/yes_we_camp_preko2025_800x450.jpg?fit=800%2C450&ssl=1&resize=525%2C300 1.5x, https:\/\/i0.wp.com\/www.freidenker.org\/fw17\/wp-content\/uploads\/2025\/08\/yes_we_camp_preko2025_800x450.jpg?fit=800%2C450&ssl=1&resize=700%2C400 2x"},"classes":[]},{"id":615,"url":"https:\/\/www.freidenker.org\/?p=615","url_meta":{"origin":9592,"position":5},"title":"Die Pius-L\u00fcge &#8211; Der Vatikan erkl\u00e4rt sich zum Holocaust","author":"Webmaster","date":"1. April 1998","format":false,"excerpt":"Beitrag von Emil Carlebach Deine Rede sei Ja, Ja und Nein, Nein \u2013 was dar\u00fcber ist, ist vom \u00dcbel. Dieses biblische Gebot kann den Kardin\u00e4len nicht vor Augen gestanden haben, als sie im M\u00e4rz 1998 ihre Erkl\u00e4rung zum Holocaust ver\u00f6ffentlichten, die den Vatikan und insbesondere den Papst Pius XII von\u2026","rel":"","context":"In &quot;Geschichte&quot;","block_context":{"text":"Geschichte","link":"https:\/\/www.freidenker.org\/?cat=1162"},"img":{"alt_text":"","src":"https:\/\/i0.wp.com\/www.freidenker.org\/fw17\/wp-content\/uploads\/2016\/08\/Bundesarchiv_Bild_102-00535_Bamberg_900_Jahr-Feier_der_Stadt.jpg?fit=800%2C445&ssl=1&resize=350%2C200","width":350,"height":200,"srcset":"https:\/\/i0.wp.com\/www.freidenker.org\/fw17\/wp-content\/uploads\/2016\/08\/Bundesarchiv_Bild_102-00535_Bamberg_900_Jahr-Feier_der_Stadt.jpg?fit=800%2C445&ssl=1&resize=350%2C200 1x, https:\/\/i0.wp.com\/www.freidenker.org\/fw17\/wp-content\/uploads\/2016\/08\/Bundesarchiv_Bild_102-00535_Bamberg_900_Jahr-Feier_der_Stadt.jpg?fit=800%2C445&ssl=1&resize=525%2C300 1.5x, https:\/\/i0.wp.com\/www.freidenker.org\/fw17\/wp-content\/uploads\/2016\/08\/Bundesarchiv_Bild_102-00535_Bamberg_900_Jahr-Feier_der_Stadt.jpg?fit=800%2C445&ssl=1&resize=700%2C400 2x"},"classes":[]}],"_links":{"self":[{"href":"https:\/\/www.freidenker.org\/index.php?rest_route=\/wp\/v2\/posts\/9592","targetHints":{"allow":["GET"]}}],"collection":[{"href":"https:\/\/www.freidenker.org\/index.php?rest_route=\/wp\/v2\/posts"}],"about":[{"href":"https:\/\/www.freidenker.org\/index.php?rest_route=\/wp\/v2\/types\/post"}],"author":[{"embeddable":true,"href":"https:\/\/www.freidenker.org\/index.php?rest_route=\/wp\/v2\/users\/3"}],"replies":[{"embeddable":true,"href":"https:\/\/www.freidenker.org\/index.php?rest_route=%2Fwp%2Fv2%2Fcomments&post=9592"}],"version-history":[{"count":0,"href":"https:\/\/www.freidenker.org\/index.php?rest_route=\/wp\/v2\/posts\/9592\/revisions"}],"wp:featuredmedia":[{"embeddable":true,"href":"https:\/\/www.freidenker.org\/index.php?rest_route=\/wp\/v2\/media\/9593"}],"wp:attachment":[{"href":"https:\/\/www.freidenker.org\/index.php?rest_route=%2Fwp%2Fv2%2Fmedia&parent=9592"}],"wp:term":[{"taxonomy":"category","embeddable":true,"href":"https:\/\/www.freidenker.org\/index.php?rest_route=%2Fwp%2Fv2%2Fcategories&post=9592"},{"taxonomy":"post_tag","embeddable":true,"href":"https:\/\/www.freidenker.org\/index.php?rest_route=%2Fwp%2Fv2%2Ftags&post=9592"}],"curies":[{"name":"wp","href":"https:\/\/api.w.org\/{rel}","templated":true}]}}