{"id":9572,"date":"2021-02-13T13:38:46","date_gmt":"2021-02-13T12:38:46","guid":{"rendered":"https:\/\/www.freidenker.org\/?p=9572"},"modified":"2021-03-11T20:49:54","modified_gmt":"2021-03-11T19:49:54","slug":"mutti-merkel-cdu-aufloesung-in-maennerbuende-und-in-den-staat","status":"publish","type":"post","link":"https:\/\/www.freidenker.org\/?p=9572","title":{"rendered":"\u201eMutti Merkel\u201c-CDU: Aufl\u00f6sung in M\u00e4nnerb\u00fcnde und in den Staat"},"content":{"rendered":"<p>Kurzes Nachspiel zu \u201e<a href=\"https:\/\/www.freidenker.org\/?p=9568\">Der neue CDU-Vorsitzende Armin Laschet: Gelernter Mehrfach-Populist \u2013 mit Hinterm\u00e4nnern<\/a>\u201c. Der Vater des NRW-Staatskanzlei-Chefs Nathanael Liminski, J\u00fcrgen Liminski, betrieb ein Netzwerk des politischen Katholizismus: Es reichte vom Deutschlandfunk bis Junge Freiheit. Und Merkel l\u00e4sst als letzte Amtshandlung das Bundeskanzleramt in ein \u201egigantisches Sicherheitsschloss\u201c erweitern.<\/p>\n<p><em>Von <strong>Werner R\u00fcgemer<\/strong><\/em><\/p>\n<p><span style=\"font-size: 10pt;\">(Erstver\u00f6ffentlichung am 10.02.2021 auf <a href=\"https:\/\/www.nachdenkseiten.de\/?p=69690\" target=\"_blank\" rel=\"noopener\">nachdenkseiten.de<\/a>)<\/span><\/p>\n<p><em>Dieser Beitrag ist auch als Audio-Podcast verf\u00fcgbar.<\/em><\/p>\n<audio class=\"wp-audio-shortcode\" id=\"audio-9572-1\" preload=\"none\" style=\"width: 100%;\" controls=\"controls\"><source type=\"audio\/mpeg\" src=\"https:\/\/www.nachdenkseiten.de\/upload\/podcast\/210210_Mutti_Merkel_CDU_Aufloesung_in_Maennerbuende_und_in_den_Staat_NDS.mp3?_=1\" \/><a href=\"https:\/\/www.nachdenkseiten.de\/upload\/podcast\/210210_Mutti_Merkel_CDU_Aufloesung_in_Maennerbuende_und_in_den_Staat_NDS.mp3\">https:\/\/www.nachdenkseiten.de\/upload\/podcast\/210210_Mutti_Merkel_CDU_Aufloesung_in_Maennerbuende_und_in_den_Staat_NDS.mp3<\/a><\/audio>\n<p><a href=\"https:\/\/www.nachdenkseiten.de\/upload\/podcast\/210210_Mutti_Merkel_CDU_Aufloesung_in_Maennerbuende_und_in_den_Staat_NDS.mp3\" target=\"_blank\" rel=\"noopener\"><span style=\"font-size: 10pt;\">MP3-Datei downloaden<\/span><\/a><span style=\"font-size: 10pt;\">\u00a0(Rechtsklick \u2192 \u201eZiel bzw. Link speichern unter\u201c)<\/span><\/p>\n<p>In dem Artikel hatte ich Nathanael Liminski als \u201eMann hinter Laschet\u201c geschildert, so wie ihn auch die FAZ betitelt hatte. Liminski wurde 2017 im Alter von 31 Jahren Chef der NRW-Staatskanzlei, dem Regierungszentrum von Ministerpr\u00e4sident Laschet (CDU). Einen so jungen Staatskanzlei-Chef hatte es bis dahin in Deutschland noch nicht gegeben. Der hatte als 20-J\u00e4hriger beim Welt-Jugend-Katholikentag in K\u00f6ln aus Begeisterung f\u00fcr den reaktion\u00e4ren deutschen Papst Benedikt XVI. die Kampfgruppe \u201eGeneration Benedikt\u201c gegr\u00fcndet, wurde Redenschreiber bei Ministerpr\u00e4sident Roland Koch (CDU) in Hessen, dann beim Bundesverteidigungsminister Thomas de Maizi\u00e8re (CDU), bevor ihn Laschet nach D\u00fcsseldorf holte. Liminski wie die F\u00fchrung der CDU-Jugendorganisation ist stramm rechts ausgerichtet, Friedrich Merz und Markus S\u00f6der sind ihre Idole. Deshalb wurde in der NRW-Staatskanzlei auch Merz als Mehrfach-Berater angesiedelt.<\/p>\n<p><strong>Vater J\u00fcrgen Liminski: Deutschlandfunk, Junge Freiheit\u2026<\/strong><\/p>\n<p>Ein Leser des Laschet-Portr\u00e4ts machte mich erstaunt darauf aufmerksam: Wissen Sie denn nicht, wer der Vater von Nathanael Liminski ist? Der Vater hei\u00dft J\u00fcrgen Liminski, war bis vor einiger Zeit Redakteur des Deutschlandfunks und schreibt regelm\u00e4\u00dfig in <em>Junge Freiheit!<\/em><\/p>\n<p>J\u00fcrgen Liminski war bis zu seiner Pensionierung 2015 Redakteur des DLF. Er moderierte politische Sendungen wie die <em>Informationen am Morgen<\/em>. Er schreibt auch nach seiner Pensionierung in katholischen und sonstigen rechten Postillen wie <em>Katholische Sonntagszeitung<\/em>, in der <em>Preu\u00dfischen Allgemeinen Zeitung<\/em>, in der S\u00fcdtiroler Zeitung <em>Dolomiten<\/em>, in der Online-Zeitung <em>FreieWelt.net<\/em> und regelm\u00e4\u00dfig auch in der <em>Jungen Freiheit<\/em>, die als zentrales Sprachrohr der \u201eNeuen Rechten\u201c gilt.[<a href=\"#foot_1\" name=\"note_1\">1<\/a>] Man k\u00f6nnte staunen, wie vielf\u00e4ltig die diffuse rechte Szene ist.<\/p>\n<p>J\u00fcrgen Liminski agierte und agiert als militanter katholischer Fundamentalist. \u201eVolk\u201c und \u201eFamilie\u201c sind seine Leitbegriffe. Mit seiner Frau stellte er im Buch <em>Abenteuer Familie \u2013 Erfolgreich erziehen: Liebe und was sonst noch n\u00f6tig ist <\/em>(Sankt Ulrich Verlag der Di\u00f6zese Augsburg, 2002) seine eigene Vorbild-Familie vor, die bei Bonn lebt: Die 10 Kinder haben biblische Namen: Nathanael wie Laschets Kanzleichef, dann Gwenael, David, eine Tochter tr\u00e4gt den hebr\u00e4ischen Vornamen Noemi; eine Ausnahme ist Arnaud: der Vorname bedeutet \u201eder wie ein Adler herrscht\u201c, berichtete bewundernd etwa der Bonner General-Anzeiger.[<a href=\"#foot_2\" name=\"note_2\">2<\/a>]<\/p>\n<p>\u201e<strong>M\u00fctter streiken nicht\u201c mit Opus Dei<\/strong><\/p>\n<p>Die Liminskis beklagen das \u201eGeburtendefizit, das durch die Abtreibungsmentalit\u00e4t versch\u00e4rft\u201c werde. \u201eDie Politik\u201c habe \u201eden Herd zum Feind der Frau erkl\u00e4rt\u201c. Dagegen m\u00fcsse \u201eMutter ein Beruf\u201c sein! \u201eM\u00fctter streiken nicht\u201c, erkl\u00e4ren die Liminiskis. Nach Kardinal Ratzinger sei \u201edie Familie Kern jeder Sozialordnung\u201c. Der DLF-Redakteur gr\u00fcndete mit Frau und Freunden das <em>Europ\u00e4ische Institut zur Aufwertung der Familie. <\/em>Er wurde Gesch\u00e4ftsf\u00fchrer im <em>Institut f\u00fcr Demographie, Allgemeinwohl und Familie<\/em> (iDAF): In den R\u00e4umen der CSU-Hanns Seidel-Stiftung tagte sie und die bayerische Familienministerin Christine Haderthauer trat zum Gru\u00dfwort an. Das Ministerium f\u00f6rdert die Zeitschrift <em>Familienbunt<\/em>, herausgegeben vom Erzbistum Augsburg. Liminski wie auch etwa der DLF-Mitarbeiter Reinhard Backes sind Mitglied im katholischen Elite-Bund Opus Dei.[<a href=\"#foot_3\" name=\"note_3\">3<\/a>] Dessen Deutschland-Zentrale sitzt seit Kardinal Frings in K\u00f6ln und betreibt dort nebenbei unauff\u00e4llig katholische Studenten- und M\u00e4nnerwohnheime.<\/p>\n<p><strong>Auch der Intendant des DLF ist (war) dabei<\/strong><\/p>\n<p>Von 2009 bis 2017 war Willi Steul Intendant des <em>DeutschlandRadio <\/em>(DLR). Von 1994 bis 1998 war er schon dessen Chefredakteur gewesen. DLR ist die Dachgesellschaft f\u00fcr drei \u00f6ffentlich-rechtliche Radiosender: <em>DLF<\/em> (K\u00f6ln), <em>DLF Nova<\/em> (Jugendsendungen, K\u00f6ln) und <em>DLF Kultur<\/em> (Berlin).<\/p>\n<p>Steul hat katholische Theologie und Journalismus studiert, am <em>Institut zur F\u00f6rderung des publizistischen Nachwuchses<\/em> (ifp) in M\u00fcnchen. Das ist die katholische Journalistenschule. Steul erhielt daf\u00fcr ein Stipendium der Deutschen Bischofskonferenz. Wie CDU-Generalsekret\u00e4r Paul Ziemiak ist auch Steul Alter Herr und Mitglied einer katholischen Studentenverbindung, der K.D.St.V. Ferdinandea-Prag zu Heidelberg.[<a href=\"#foot_4\" name=\"note_4\">4<\/a>]<\/p>\n<p>Intendant Steul war F\u00f6rdermitglied von J\u00fcrgen Liminskis <em>Institut f\u00fcr Demographie, Allgemeinwohl und Familie<\/em>. Der Journalist Stefan Niggemeier fragte beim DLF nach: Trifft es zu, dass Intendant Steul F\u00f6rdermitglied des iDAF ist? Antwort: \u201eHerr Steul und J\u00fcrgen Liminski kennen sich seit 1972 und gemeinsamen Studienzeiten.\u201c Nach Niggemeiers Anfrage wurde der Name Steul von der website des iDAF gel\u00f6scht.[<a href=\"#foot_5\" name=\"note_5\">5<\/a>]<\/p>\n<p><strong>CDU: Aufl\u00f6sung einer Volkspartei<\/strong><\/p>\n<p>\u201eMutti Merkel\u201c tut so, als h\u00e4tte sie mit der CDU wenig zu tun. Als Bundeskanzlerin h\u00e4lt Merkel die in ihrer F\u00fchrung ungekl\u00e4rte CDU als Regierungspartei (noch) auf dem Niveau einer gef\u00e4hrdeten \u201eVolks\u201cpartei, mit Hilfe von staatlichen wie privaten Leitmedien und von PR-Agenturen. In ihrer Vielfachrolle wirkt Merkel zunehmend verbraucht, noch formelhafter als zuvor schon, ja manchmal marionettenhaft.<\/p>\n<p>Die vor zwei Jahren gew\u00e4hlte Nachfolgerin Merkels als CDU-Vorsitzende, Annegret Kramp-Karrenbauer, st\u00fcrzte schnell ab. Der Anfang 2021 gew\u00e4hlte neue CDU-Vorsitzende Laschet ist eine ungekl\u00e4rte Zwischenl\u00f6sung. Aber die Macht-Maschinisten gleich in der zweiten Reihe sind die beiden Junge-Union-Fundis und rechtsgerichteten Fans von Friedrich Merz, Nathanael Liminski als Chef der NRW-Staatskanzlei und Paul Ziemiak als CDU-Generalsekret\u00e4r.<\/p>\n<p><strong>Den christlichen Gro\u00dfkirchen laufen die Schafe weg<\/strong><\/p>\n<p>Den beiden christlichen Gro\u00dfkirchen mit ihren zahlreichen Privilegien und staatlichen Funktionen \u2013 Ausnahmen vom Arbeitsrecht; hohe staatliche Subventionen; Begleitung der weltweiten Milit\u00e4reins\u00e4tze; keine Bestrafung von Priestern vor staatlichen Gerichten, selbst nicht bei sexuellem Missbrauch \u2013 laufen aus verschiedenen Gr\u00fcnden die Schafe und Sch\u00e4finnen weg. Damit auch ein traditioneller Teil der CDU-W\u00e4hlerInnen.<\/p>\n<p>Die Kirchenf\u00fchrer haben mit ihrer Zustimmung zu den vier Hartz-Gesetzen und zum niedrigen Mindest-Armutslohn zur Verarmung eines gro\u00dfen Teils der abh\u00e4ngig Besch\u00e4ftigten beigetragen. Und da kann man sich durch Austritt auch noch die Kirchensteuer sparen. Schon das Erzbistum unter dem verstorbenen Kardinal Meisner lie\u00df ermitteln: Die eigentlichen Kirchensteuerzahler sind die Besserverdiener, zudem eher in den \u00e4lteren Jahrg\u00e4ngen.<\/p>\n<p>Deshalb dringen in den deutschen Kirchen, wie in den USA und in Lateinamerika, die kleinen militanten Fundi-Sekten vor. Im reichsten katholischen deutschen Erzbistum, in K\u00f6ln, hatte Kardinal Meisner leere Kl\u00f6ster und schlecht besuchte Kirchen an ein Dutzend solcher Sekten vergeben: Eine davon predigt wie Liminski die kinderreiche Mutterschaft.[<a href=\"#foot_6\" name=\"note_6\">6<\/a>]<\/p>\n<p>\u201e<strong>Mutti Merkel\u201c: noch mehr M\u00e4nner <\/strong><\/p>\n<p>Angela Merkel galt f\u00fcr die CDU als Fortschritt: jung, aus dem Osten, weiblich. Doch sie wurde schrittweise eingefangen und verbraucht. Kardinal Meisner zwang sie \u00fcber BILD vor ihrer Wahl zur CDU-Vorsitzenden, eine ordentliche Ehe abzuschlie\u00dfen. Die Heiratsanzeige erschien nat\u00fcrlich in der FAZ (2.1.1999), und zwar die kleinste, die dort jemals ver\u00f6ffentlicht wurde: 8,4 x 2,4 Zentimeter.<\/p>\n<p>Und unter der gelobten weiblichen CDU-Vorsitzenden und dann Bundeskanzlerin nahm die vorher ohnehin gering angestiegene Zahl an weiblichen CDU-Abgeordneten wieder ab, die Zahl der m\u00e4nnlichen Abgeordneten nahm zu. Und die weibliche Nachfolgerin Kramp-Karrenbauer war schnell weg vom Fenster. Zuletzt stritten sich die drei M\u00e4nner Laschet, Merz und R\u00f6ttgen um den CDU-Vorsitz, und der m\u00f6gliche Kanzlerkandidat ist der CSU-Vorsitzende Markus S\u00f6der aus dem Freistaat Bayern.<\/p>\n<p>Und die kleine, aber zahlungskr\u00e4ftige Unternehmer-Fraktion mit ihrem Idol Friedrich Merz \u2013 bekanntlich wollte der die Vergewaltigung in der Ehe straflos lassen \u2013 meldet frecher denn je \u00f6ffentlich ihre Forderungen an.<\/p>\n<p>Bei dieser reaktion\u00e4ren Verm\u00e4nnlichung halfen auch Liminski, Steul, Ziemiak &amp; Co: \u201eMutter als Beruf\u201c. DLF-Redakteur J\u00fcrgen Liminiski hielt die Preisrede auf Ellen Kositza, die 2008 f\u00fcr ihr Buch \u201eGender ohne Ende\u201c den Gerhard-L\u00f6wenthal-Preis erhielt. In der Verlagsank\u00fcndigung f\u00fcr das Buch hei\u00dft es: \u201eGibt es noch M\u00e4nner, nach 40 Jahren Gleichheits-Feminismus, staatlich verordnetem gender mainstreaming und einer Verweiblichung des Verhandlungs-, Erziehungs- und F\u00fchrungsstils? Sto\u00dfen wir nicht \u00fcberall auf den Familientrottel, den Zahlvater und Frauenversteher?\u201c<\/p>\n<p><strong>Merkel-Truppe fl\u00fcchtet zu PR-Agenturen <\/strong><\/p>\n<p>Unter Merkel kauften die neuen, unregulierten Kapitalorganisatoren wie Blackrock, Vanguard, Blackstone, KKR, Carlyle, EQT &amp; Co sich in tausende der wichtigsten Unternehmen ein, trimmten sie auf zus\u00e4tzlichen Gewinn und weitere Senkung der Arbeitseinkommen. US-Kanzleien wie Freshfields und Unternehmensberater wie McKinsey und Accenture (in der Bundesagentur f\u00fcr Arbeit) bekamen und bekommen daf\u00fcr immer mehr Auftr\u00e4ge. M\u00e4nnerb\u00fcnde konnten zu ungeahnten Gro\u00dfbetr\u00fcgereien aufbl\u00fchen: Abgas-Betrug, Cum-Ex-Steuerbetrug, Wirecard. Gleichzeitig verf\u00e4llt die f\u00fcr die Bev\u00f6lkerungsmehrheit wichtige Infrastruktur oder wird verteuert.<\/p>\n<p>M\u00fchsam halten kann sich die Merkel-Truppe nur noch mithilfe von PR-Agenturen und professioneller Werbung. Die eigene Arbeit und Argumentation \u00fcberzeugen immer weniger. 2019 betrugen die Ausgaben der Bundesregierung f\u00fcr politische Werbe-Kampagnen schon 60 Millionen Euro, 2020 waren es 150 Millionen.[<a href=\"#foot_7\" name=\"note_7\">7<\/a>]<\/p>\n<p><strong>Merkel-Truppe fl\u00fcchtet in den noch gr\u00f6\u00dferen Staatsapparat <\/strong><\/p>\n<p>Gleichzeitig l\u00e4sst die Merkel-Truppe den Staatsapparat ausbauen, sprich das Bundeskanzleramt. Schon das im Hype der deutsch-kapitalistischen Vereinigung erbaute neue Bundeskanzleramt in Berlin war \u00fcberdimensioniert: Mit einer Geschossfl\u00e4che von 64.000 Quadratmetern ist es das gr\u00f6\u00dfte Regierungsgeb\u00e4ude der Erde, etwa achtmal so gro\u00df wie das Wei\u00dfe Haus in Washington. \u201eDas Kanzleramt steht abgeschlagen und einsam wie der Traum eines Dschungel-Despoten am Tiergarten,\u201c beklagt sogar die FAZ.[<a href=\"#foot_8\" name=\"note_8\">8<\/a>]<\/p>\n<p>Im Oktober 2020 aber lie\u00df die Merkel-Truppe verlauten, \u201eder gr\u00f6\u00dfte Regierungssitz der Welt sei leider zu klein, man m\u00fcsse ihn f\u00fcr 485 bis 600 Millionen Euro \u00fcber die Spree hinaus erweitern.\u201c (FAZ) Beim Einzug hatte das Amt 450 Mitarbeiter, unter Merkel wurden es 750. Aber auch das reicht der abst\u00fcrzenden \u201eMutti der Nation\u201c-Truppe nicht mehr.<\/p>\n<p><strong>Merkel-Truppe fl\u00fcchtet in ein \u201egigantisches Sicherheitsschloss\u201c <\/strong><\/p>\n<p>400 weitere Mitarbeiter sollen hinzukommen, und dazu auch ein Hubschrauberlandeplatz f\u00fcr unauff\u00e4llige wichtige Besucher, ein hauseigener Kindergarten, neun f\u00fcnfgeschossige Winterg\u00e4rten und zwei Br\u00fccken \u00fcber die Spree: und das Ganze als \u201egigantisches Sicherheitsschloss\u201c in den \u201eDimensionen eines Kleinstaats\u201c, so der staunende FAZ-Schreiber. Der Bundesrechnungshof hat unterw\u00fcrfig angemahnt, dass mit noch h\u00f6heren Kosten zu rechnen sei \u2013 alles egal. Die von W\u00e4hlern und Steuerzahlern immer weiter entfernte Merkel-Regierung \u201eballert Geld raus, als g\u00e4be es kein Morgen\u201c.(FAZ)<\/p>\n<p>Die FAZ rapportiert zwar kritisch-brav aus ihrem regierungsnahen Wissen. Aber die \u201eZeitung f\u00fcr Deutschland\u201c bzw. f\u00fcr die Interessen von BlackRock &amp; Co am Standort Deutschland stellt sich und ihr Publikum auf den aufsteigenden und noch nicht verbrauchten Populismus-Ersatz namens S\u00f6der ein. Und Mann Merz steht auch noch in Reserve, f\u00fcr alle F\u00e4lle: Warum nicht wie jetzt in Italien mit einem \u201eFinanzfachmann\u201c an der Spitze mit einer Expertenregierung ins neue Bundeskanzleramt einziehen?<\/p>\n<p>Leute, Menschen, M\u00e4nner, Frauen, Diversis, Deutsche, B\u00fcrgerInnen, Wahlberechtigte und Fl\u00fcchtende aller Nationen, abh\u00e4ngig Besch\u00e4ftigte und Nicht- und Teil- und Unter- und \u00dcberbesch\u00e4ftigte, DemokratInnen: Was wollt Ihr noch ertragen?<\/p>\n<p style=\"text-align: right;\"><em>Dr. Werner R\u00fcgemer, K\u00f6ln, ist Philosoph und Publizist sowie Mitglied des Deutschen Freidenker-Verbandes<\/em><\/p>\n<p><strong>Quellen<\/strong><\/p>\n<p>[<a href=\"#note_1\" name=\"foot_1\">\u00ab1<\/a>] J\u00fcrgen Liminiski in Wikipedia, abgerufen 8.2.2021<\/p>\n<p>[<a href=\"#note_2\" name=\"foot_2\">\u00ab2<\/a>] Ein Abenteuer Familie mit zehn Kindern, General-Anzeiger 7.2.2004<\/p>\n<p>[<a href=\"#note_3\" name=\"foot_3\">\u00ab3<\/a>] Ein Abenteuer Familie mit zehn Kindern, General-Anzeiger 7.2.2004\/Marvin Oppong: Ein absolutes Muss, Frankfurter Rundschau 30.12.2008<\/p>\n<p>[<a href=\"#note_4\" name=\"foot_4\">\u00ab4<\/a>] Willi Steul in Wikipedia, abgerufen 8.2.2021<\/p>\n<p>[<a href=\"#note_5\" name=\"foot_5\">\u00ab5<\/a>] Stefan-niggemeier.de\/blog\/?s=Liminski, 20.1.2014, abgerufen 8.2.2021<\/p>\n<p>[<a href=\"#note_6\" name=\"foot_6\">\u00ab6<\/a>] Werner R\u00fcgemer: Die Legende vom \u201eumstrittenen\u201c K\u00f6lner Kardinal Joachim Meisner, Nachdenkseiten 7.7.2017<\/p>\n<p>[<a href=\"#note_7\" name=\"foot_7\">\u00ab7<\/a>] Regierung gibt viel mehr f\u00fcr Werbung aus, FAZ 19.11.2020<\/p>\n<p>[<a href=\"#note_8\" name=\"foot_8\">\u00ab8<\/a>] Neuer deutscher Gr\u00f6\u00dfenwahnsinn, FAZ 17.10.2020<\/p>\n<p>&nbsp;<\/p>\n<p><span style=\"font-size: 10pt;\">Link zur Erstver\u00f6ffentlichung: <a href=\"https:\/\/www.nachdenkseiten.de\/?p=69690\" target=\"_blank\" rel=\"noopener\">https:\/\/www.nachdenkseiten.de\/?p=69690<\/a><\/span><\/p>\n<p>Siehe auch: \u201e<a href=\"https:\/\/www.freidenker.org\/?p=9568\">Der neue CDU-Vorsitzende Armin Laschet: Gelernter Mehrfach-Populist \u2013 mit Hinterm\u00e4nnern<\/a>\u201c<\/p>\n<hr \/>\n<p><span style=\"font-size: 10pt;\">Bild: NRW-Staatssekret\u00e4r Nathanael Liminski und CDU-Vorsitzender Armin Laschet<\/span><br \/>\n<span style=\"font-size: 10pt;\">Foto: \u00a9 Land NRW \/ <span class=\"views-field-field-asset-image-copyright\">R. Sondermann<br \/>\nQuelle: <a href=\"https:\/\/www.land.nrw\/de\/media\/image\/staatssekretaer-nathanael-liminski\" target=\"_blank\" rel=\"noopener\">https:\/\/www.land.nrw\/de\/media\/image\/staatssekretaer-nathanael-liminski<\/a><\/span><\/span><\/p>\n","protected":false},"excerpt":{"rendered":"<p><b>Beitrag von Werner R\u00fcgemer<\/b><br \/>\nKurzes Nachspiel zu \u201eDer neue CDU-Vorsitzende Armin Laschet: Gelernter Mehrfach-Populist \u2013 mit Hinterm\u00e4nnern\u201c. &#8230;<br \/>\nIn dem Artikel hatte ich Nathanael Liminski als \u201eMann hinter Laschet\u201c geschildert, so wie ihn auch die FAZ betitelt hatte. Liminski wurde 2017 im Alter von 31 Jahren Chef der NRW-Staatskanzlei, dem Regierungszentrum von Ministerpr\u00e4sident Laschet (CDU). Einen so jungen Staatskanzlei-Chef hatte es bis dahin in Deutschland noch nicht gegeben. &#8230; Liminski wie die F\u00fchrung der CDU-Jugendorganisation ist stramm rechts ausgerichtet, Friedrich Merz und Markus S\u00f6der sind ihre Idole. Deshalb wurde in der NRW-Staatskanzlei auch Merz als Mehrfach-Berater angesiedelt.<\/p>\n","protected":false},"author":3,"featured_media":9576,"comment_status":"closed","ping_status":"closed","sticky":false,"template":"","format":"standard","meta":{"colormag_page_container_layout":"default_layout","colormag_page_sidebar_layout":"default_layout","advanced_seo_description":"","jetpack_seo_html_title":"","jetpack_seo_noindex":false,"jetpack_post_was_ever_published":false,"footnotes":""},"categories":[12],"tags":[682,1032,1241,1374,1373,1372,1251],"class_list":["post-9572","post","type-post","status-publish","format-standard","has-post-thumbnail","hentry","category-demokratie-medien-aufklaerung","tag-angela-merkel","tag-bundesregierung","tag-cdu","tag-deutschlandfunk","tag-junge-union","tag-nrw","tag-wahlkampf"],"jetpack_featured_media_url":"https:\/\/i0.wp.com\/www.freidenker.org\/fw17\/wp-content\/uploads\/2021\/02\/Laschet_Liminski_rso170630-09-20014_foto_land_nrw_r._sondermann_800x450.jpg?fit=800%2C450&ssl=1","jetpack_shortlink":"https:\/\/wp.me\/p9stpK-2uo","jetpack-related-posts":[{"id":9568,"url":"https:\/\/www.freidenker.org\/?p=9568","url_meta":{"origin":9572,"position":0},"title":"Gelernter Mehrfach-Populist \u2013 mit Hinterm\u00e4nnern","author":"Webredaktion","date":"13. Februar 2021","format":false,"excerpt":"Beitrag von Werner R\u00fcgemer Langzeitkanzlerin Angela Merkel h\u00e4lt ihre ermattende Regierungspartei CDU m\u00fchsam \u00fcber knappem \u201eVolks\u201cpartei-Niveau. Der neue Parteivorsitzende Laschet soll die n\u00e4chste Bundestagswahl im September 2021 gewinnen. Er kann Populismus. Doch die unter Merkel still und komplizenhaft losgelassenen Kapitalm\u00e4chtigen fordern mehr offene Pr\u00e4senz. Laschet als \u201eDeutschlands next Mutti\u201c ist\u2026","rel":"","context":"In &quot;Demokratie \u2013 Medien \u2013 Aufkl\u00e4rung&quot;","block_context":{"text":"Demokratie \u2013 Medien \u2013 Aufkl\u00e4rung","link":"https:\/\/www.freidenker.org\/?cat=12"},"img":{"alt_text":"","src":"https:\/\/i0.wp.com\/www.freidenker.org\/fw17\/wp-content\/uploads\/2021\/02\/Laschet_2017-04-03_Wahlkampf-Plakat_800x450.jpg_v2.jpg?fit=800%2C450&ssl=1&resize=350%2C200","width":350,"height":200,"srcset":"https:\/\/i0.wp.com\/www.freidenker.org\/fw17\/wp-content\/uploads\/2021\/02\/Laschet_2017-04-03_Wahlkampf-Plakat_800x450.jpg_v2.jpg?fit=800%2C450&ssl=1&resize=350%2C200 1x, https:\/\/i0.wp.com\/www.freidenker.org\/fw17\/wp-content\/uploads\/2021\/02\/Laschet_2017-04-03_Wahlkampf-Plakat_800x450.jpg_v2.jpg?fit=800%2C450&ssl=1&resize=525%2C300 1.5x, https:\/\/i0.wp.com\/www.freidenker.org\/fw17\/wp-content\/uploads\/2021\/02\/Laschet_2017-04-03_Wahlkampf-Plakat_800x450.jpg_v2.jpg?fit=800%2C450&ssl=1&resize=700%2C400 2x"},"classes":[]},{"id":22559,"url":"https:\/\/www.freidenker.org\/?p=22559","url_meta":{"origin":9572,"position":1},"title":"Deutschland ist die BlackRock-Speerspitze in Europa","author":"Webredaktion","date":"6. August 2025","format":false,"excerpt":"Interview von Felicitas Rabe mit Dr. Werner R\u00fcgemer Werner R\u00fcgemer erkl\u00e4rt den langen Vorlauf des US-Einflusses auf die Wirtschaft in Deutschland und Europa. Inzwischen ist BlackRock einer der Hauptakteure bei der De-Industrialisierung Deutschlands und bei der Fortf\u00fchrung des Krieges in der Ukraine. Friedrich Merz ist daf\u00fcr ein wichtiges Werkzeug. Im\u2026","rel":"","context":"In &quot;Demokratie \u2013 Medien \u2013 Aufkl\u00e4rung&quot;","block_context":{"text":"Demokratie \u2013 Medien \u2013 Aufkl\u00e4rung","link":"https:\/\/www.freidenker.org\/?cat=12"},"img":{"alt_text":"","src":"https:\/\/i0.wp.com\/www.freidenker.org\/fw17\/wp-content\/uploads\/2025\/08\/BlackRock_hq51_jeh_800x450.jpg?fit=800%2C450&ssl=1&resize=350%2C200","width":350,"height":200,"srcset":"https:\/\/i0.wp.com\/www.freidenker.org\/fw17\/wp-content\/uploads\/2025\/08\/BlackRock_hq51_jeh_800x450.jpg?fit=800%2C450&ssl=1&resize=350%2C200 1x, https:\/\/i0.wp.com\/www.freidenker.org\/fw17\/wp-content\/uploads\/2025\/08\/BlackRock_hq51_jeh_800x450.jpg?fit=800%2C450&ssl=1&resize=525%2C300 1.5x, https:\/\/i0.wp.com\/www.freidenker.org\/fw17\/wp-content\/uploads\/2025\/08\/BlackRock_hq51_jeh_800x450.jpg?fit=800%2C450&ssl=1&resize=700%2C400 2x"},"classes":[]},{"id":11568,"url":"https:\/\/www.freidenker.org\/?p=11568","url_meta":{"origin":9572,"position":2},"title":"Noch mehr Mini-Jobs und endlich Einstieg in die Aktien-Rente","author":"Webredaktion","date":"7. November 2021","format":false,"excerpt":"Beitrag von Werner R\u00fcgemer \u201eWir wollen die Minijobs attraktiver machen\u201c: Bei allen sonstigen Streitpunkten konnten sich SPD, Gr\u00fcne und FDP darauf schnell einigen. Die Verdienstgrenze der Mini-Jobs soll von 450 Euro auf 520 Euro pro Monat angehoben werden, zudem mit der Aussicht, dass der Mindestlohn auf 12 Euro pro Stunde\u2026","rel":"","context":"In &quot;Arbeit &amp; Soziales&quot;","block_context":{"text":"Arbeit &amp; Soziales","link":"https:\/\/www.freidenker.org\/?cat=11"},"img":{"alt_text":"","src":"https:\/\/i0.wp.com\/www.freidenker.org\/fw17\/wp-content\/uploads\/2021\/11\/construction_worker_800x450.jpg?fit=800%2C450&ssl=1&resize=350%2C200","width":350,"height":200,"srcset":"https:\/\/i0.wp.com\/www.freidenker.org\/fw17\/wp-content\/uploads\/2021\/11\/construction_worker_800x450.jpg?fit=800%2C450&ssl=1&resize=350%2C200 1x, https:\/\/i0.wp.com\/www.freidenker.org\/fw17\/wp-content\/uploads\/2021\/11\/construction_worker_800x450.jpg?fit=800%2C450&ssl=1&resize=525%2C300 1.5x, https:\/\/i0.wp.com\/www.freidenker.org\/fw17\/wp-content\/uploads\/2021\/11\/construction_worker_800x450.jpg?fit=800%2C450&ssl=1&resize=700%2C400 2x"},"classes":[]},{"id":24152,"url":"https:\/\/www.freidenker.org\/?p=24152","url_meta":{"origin":9572,"position":3},"title":"Werner R\u00fcgemer \u00fcber Adenauers &#8222;Weichenstellung&#8220;: Deutschlands Unterwerfung unter die USA","author":"Webredaktion","date":"9. Januar 2026","format":false,"excerpt":"Felicitas Rabe interviewt Dr. Werner R\u00fcgemer Konrad Adenauer war 1949 der erste Regierungschef der neu gegr\u00fcndeten Bundesrepublik Deutschland. Am 5. Januar 2026 hatte er seinen 150. Geburtstag: Der angeblich bekannteste und beliebteste Deutsche wurde von allen Leitmedien gefeiert, auch von seinem gegenw\u00e4rtigen Nachfolger, Bundeskanzler Friedrich Merz. In seinem Buch \"Verh\u00e4ngnisvolle\u2026","rel":"","context":"In &quot;Demokratie \u2013 Medien \u2013 Aufkl\u00e4rung&quot;","block_context":{"text":"Demokratie \u2013 Medien \u2013 Aufkl\u00e4rung","link":"https:\/\/www.freidenker.org\/?cat=12"},"img":{"alt_text":"","src":"https:\/\/i0.wp.com\/www.freidenker.org\/fw17\/wp-content\/uploads\/2026\/01\/McCloy_Adenauer_Eisenhower_800x450.jpg?fit=800%2C450&ssl=1&resize=350%2C200","width":350,"height":200,"srcset":"https:\/\/i0.wp.com\/www.freidenker.org\/fw17\/wp-content\/uploads\/2026\/01\/McCloy_Adenauer_Eisenhower_800x450.jpg?fit=800%2C450&ssl=1&resize=350%2C200 1x, https:\/\/i0.wp.com\/www.freidenker.org\/fw17\/wp-content\/uploads\/2026\/01\/McCloy_Adenauer_Eisenhower_800x450.jpg?fit=800%2C450&ssl=1&resize=525%2C300 1.5x, https:\/\/i0.wp.com\/www.freidenker.org\/fw17\/wp-content\/uploads\/2026\/01\/McCloy_Adenauer_Eisenhower_800x450.jpg?fit=800%2C450&ssl=1&resize=700%2C400 2x"},"classes":[]},{"id":10456,"url":"https:\/\/www.freidenker.org\/?p=10456","url_meta":{"origin":9572,"position":4},"title":"Wohnen ist Menschenrecht","author":"Webredaktion","date":"28. Mai 2021","format":false,"excerpt":"Zwei Beitr\u00e4ge von Werner R\u00fcgemer Die Zahl der Sozialwohnungen geht seit zwei Jahrzehnten zur\u00fcck. Und ein gro\u00dfer Teil des \u00f6ffentlichen Wohnungsbestands wurde privatisiert, also meist zu Niedrigstpreisen an private Konzerne verkauft. ... Deshalb steigen nicht nur die Mieten, vor allem in den Ballungsgebieten, sondern auch die Nebenkosten. Da sollte der\u2026","rel":"","context":"In &quot;Arbeit &amp; Soziales&quot;","block_context":{"text":"Arbeit &amp; Soziales","link":"https:\/\/www.freidenker.org\/?cat=11"},"img":{"alt_text":"","src":"https:\/\/i0.wp.com\/www.freidenker.org\/fw17\/wp-content\/uploads\/2021\/05\/Mietendeckel_demonstration_Berlin_2021-04-15_52_800x450.jpg?fit=800%2C450&ssl=1&resize=350%2C200","width":350,"height":200,"srcset":"https:\/\/i0.wp.com\/www.freidenker.org\/fw17\/wp-content\/uploads\/2021\/05\/Mietendeckel_demonstration_Berlin_2021-04-15_52_800x450.jpg?fit=800%2C450&ssl=1&resize=350%2C200 1x, https:\/\/i0.wp.com\/www.freidenker.org\/fw17\/wp-content\/uploads\/2021\/05\/Mietendeckel_demonstration_Berlin_2021-04-15_52_800x450.jpg?fit=800%2C450&ssl=1&resize=525%2C300 1.5x, https:\/\/i0.wp.com\/www.freidenker.org\/fw17\/wp-content\/uploads\/2021\/05\/Mietendeckel_demonstration_Berlin_2021-04-15_52_800x450.jpg?fit=800%2C450&ssl=1&resize=700%2C400 2x"},"classes":[]},{"id":11287,"url":"https:\/\/www.freidenker.org\/?p=11287","url_meta":{"origin":9572,"position":5},"title":"Unter deutscher F\u00fchrung organisert die EU das ArbeitsUnrecht &#8211; \u201eCorona\u201c-versch\u00e4rft","author":"Webredaktion","date":"29. September 2021","format":false,"excerpt":"Beitrag von Werner R\u00fcgemer\u00a0aus FREIDENKER 3-21 Proteste zur Verteidigung demokratischer Rechte lassen oft einen zentralen Lebensbereich unbeachtet: die sozialen Rechte, die doch f\u00fcr die Lage der abh\u00e4ngig Besch\u00e4ftigten zentral sind. Seit ihren Vorstufen in der Montanunion der 1950er Jahre organisiert die EU im Interesse gro\u00dfer Kapitalisten die Ausbeutung und Entrechtung\u2026","rel":"","context":"In &quot;Arbeit &amp; Soziales&quot;","block_context":{"text":"Arbeit &amp; Soziales","link":"https:\/\/www.freidenker.org\/?cat=11"},"img":{"alt_text":"","src":"https:\/\/i0.wp.com\/www.freidenker.org\/fw17\/wp-content\/uploads\/2021\/09\/ruegemer_buchtitel_motiv_800x450.jpg?fit=800%2C450&ssl=1&resize=350%2C200","width":350,"height":200,"srcset":"https:\/\/i0.wp.com\/www.freidenker.org\/fw17\/wp-content\/uploads\/2021\/09\/ruegemer_buchtitel_motiv_800x450.jpg?fit=800%2C450&ssl=1&resize=350%2C200 1x, https:\/\/i0.wp.com\/www.freidenker.org\/fw17\/wp-content\/uploads\/2021\/09\/ruegemer_buchtitel_motiv_800x450.jpg?fit=800%2C450&ssl=1&resize=525%2C300 1.5x, https:\/\/i0.wp.com\/www.freidenker.org\/fw17\/wp-content\/uploads\/2021\/09\/ruegemer_buchtitel_motiv_800x450.jpg?fit=800%2C450&ssl=1&resize=700%2C400 2x"},"classes":[]}],"_links":{"self":[{"href":"https:\/\/www.freidenker.org\/index.php?rest_route=\/wp\/v2\/posts\/9572","targetHints":{"allow":["GET"]}}],"collection":[{"href":"https:\/\/www.freidenker.org\/index.php?rest_route=\/wp\/v2\/posts"}],"about":[{"href":"https:\/\/www.freidenker.org\/index.php?rest_route=\/wp\/v2\/types\/post"}],"author":[{"embeddable":true,"href":"https:\/\/www.freidenker.org\/index.php?rest_route=\/wp\/v2\/users\/3"}],"replies":[{"embeddable":true,"href":"https:\/\/www.freidenker.org\/index.php?rest_route=%2Fwp%2Fv2%2Fcomments&post=9572"}],"version-history":[{"count":0,"href":"https:\/\/www.freidenker.org\/index.php?rest_route=\/wp\/v2\/posts\/9572\/revisions"}],"wp:featuredmedia":[{"embeddable":true,"href":"https:\/\/www.freidenker.org\/index.php?rest_route=\/wp\/v2\/media\/9576"}],"wp:attachment":[{"href":"https:\/\/www.freidenker.org\/index.php?rest_route=%2Fwp%2Fv2%2Fmedia&parent=9572"}],"wp:term":[{"taxonomy":"category","embeddable":true,"href":"https:\/\/www.freidenker.org\/index.php?rest_route=%2Fwp%2Fv2%2Fcategories&post=9572"},{"taxonomy":"post_tag","embeddable":true,"href":"https:\/\/www.freidenker.org\/index.php?rest_route=%2Fwp%2Fv2%2Ftags&post=9572"}],"curies":[{"name":"wp","href":"https:\/\/api.w.org\/{rel}","templated":true}]}}