{"id":9552,"date":"2021-02-11T02:52:39","date_gmt":"2021-02-11T01:52:39","guid":{"rendered":"https:\/\/www.freidenker.org\/?p=9552"},"modified":"2021-02-25T01:08:16","modified_gmt":"2021-02-25T00:08:16","slug":"verurteilung-von-nawalny-in-russland-deutsche-rechtsauffassung-ist-falsch","status":"publish","type":"post","link":"https:\/\/www.freidenker.org\/?p=9552","title":{"rendered":"Verurteilung von Nawalny in Russland: Deutsche Rechtsauffassung ist falsch"},"content":{"rendered":"<p><strong>Im Fall Nawalny wird von deutscher Seite angef\u00fchrt, das Urteil, das zu der Strafe f\u00fchrte, die Alexei Nawalny jetzt in Russland absitzen muss, sei vom Europ\u00e4ischen Gerichtshof f\u00fcr Menschenrechte als politisch motiviert ger\u00fcgt worden. Doch diese Darstellung ist falsch.<\/strong><\/p>\n<p><em>von <strong>Gert Ewen Ungar<\/strong><\/em><\/p>\n<p><span style=\"font-size: 10pt;\">(Erstver\u00f6ffentlichung am 09.02.2021 auf <a href=\"https:\/\/de.rt.com\/meinung\/112902-verurteilung-von-nawalny-in-russland-brd-falsche-rechtsauffassung\/\" target=\"_blank\" rel=\"noopener\">RT DE<\/a>)<\/span><\/p>\n<p>Die Bew\u00e4hrungsstrafe, zu der Alexei Nawalny verurteilt worden war, wurde nach seiner R\u00fcckkehr nach Russland in eine Gef\u00e4ngnisstrafe umgewandelt, da er seine Bew\u00e4hrungsauflagen nicht eingehalten hat. Die EU und auch Deutschland sehen darin einen eklatanten Rechtsversto\u00df und werfen Russland vor, rechtsstaatliche Prinzipien nicht einzuhalten.<\/p>\n<p>Zahllose westliche Politiker sehen in Russland Willk\u00fcr und den autorit\u00e4ren Unrechtsstaat am Werk, der seine Widersacher ohne triftigen Grund ermordet oder durch politisch motivierte Prozesse hinter Gitter bringt.<\/p>\n<p>In Deutschland folgt das gesamte politische Establishment dieser Deutung und die Medien helfen eifrig mit beim Verbreiten dieses Standpunkts.<\/p>\n<p>Die deutsche Verteidigungsministerin Annegret Kramp-Karrenbauer h\u00e4lt das Vorgehen Russlands f\u00fcr zynisch. Sie f\u00fchrt aus, Nawalny habe seinen Auflagen nicht nachkommen k\u00f6nnen, da er in Deutschland im Koma lag.<\/p>\n<div><iframe id=\"twitter-widget-0\" class=\"\" style=\"position: static; visibility: visible; width: 550px; height: 221px; display: block; flex-grow: 1;\" title=\"Twitter Tweet\" src=\"https:\/\/platform.twitter.com\/embed\/Tweet.html?dnt=false&amp;embedId=twitter-widget-0&amp;frame=false&amp;hideCard=false&amp;hideThread=false&amp;id=1356660672915009537&amp;lang=de&amp;origin=https%3A%2F%2Fde.rt.com%2Fmeinung%2F112902-verurteilung-von-nawalny-in-russland-brd-falsche-rechtsauffassung%2F&amp;siteScreenName=ActualidadRT&amp;theme=light&amp;widgetsVersion=889aa01%3A1612811843556&amp;width=550px\" frameborder=\"0\" scrolling=\"no\" allowfullscreen=\"allowfullscreen\" data-tweet-id=\"1356660672915009537\"><\/iframe><\/div>\n<p>Allerdings geht es in der Anklage nun ausgerechnet nicht um den Zeitraum seines Krankenhausaufenthalts. Es geht um Verst\u00f6\u00dfe davor und auch danach. Schlie\u00dflich hielt sich Nawalny auch nach seiner Genesung noch geraume Zeit in Deutschland auf, ohne die zust\u00e4ndige Beh\u00f6rde in Russland zu kontaktieren. Darauf weist die russische Staatsanwaltschaft ausdr\u00fccklich hin. Die Russische Botschaft in Deutschland <a href=\"https:\/\/russische-botschaft.ru\/de\/2021\/01\/22\/pressmittelung-der-russischen-strafvollzugsbehoerde-fsin-zum-status-des-verurteilten-alexej-nawalny\/\">ver\u00f6ffentlichte<\/a>\u00a0deren Stellungnahme in deutscher \u00dcbersetzung. Die deutsche Verteidigungsministerin h\u00e4tte sich schlaumachen k\u00f6nnen \u2013 wenn sie es denn gewollt h\u00e4tte.<\/p>\n<p>Kanzlerin Angela Merkel lie\u00df ihren Pressesprecher mitteilen, die Gewalt gegen Demonstranten m\u00fcsse sofort aufh\u00f6ren und Nawalny freigelassen werden.<\/p>\n<div><iframe id=\"twitter-widget-1\" class=\"\" style=\"position: static; visibility: visible; width: 550px; height: 246px; display: block; flex-grow: 1;\" title=\"Twitter Tweet\" src=\"https:\/\/platform.twitter.com\/embed\/Tweet.html?dnt=false&amp;embedId=twitter-widget-1&amp;frame=false&amp;hideCard=false&amp;hideThread=false&amp;id=1356702205907251208&amp;lang=de&amp;origin=https%3A%2F%2Fde.rt.com%2Fmeinung%2F112902-verurteilung-von-nawalny-in-russland-brd-falsche-rechtsauffassung%2F&amp;siteScreenName=ActualidadRT&amp;theme=light&amp;widgetsVersion=889aa01%3A1612811843556&amp;width=550px\" frameborder=\"0\" scrolling=\"no\" allowfullscreen=\"allowfullscreen\" data-tweet-id=\"1356702205907251208\"><\/iframe><\/div>\n<p>Regierungssprecher Steffen Seibert f\u00fchrte die Position der Bundesregierung noch etwas genauer aus.<\/p>\n<div><iframe id=\"twitter-widget-2\" class=\"\" style=\"position: static; visibility: visible; width: 550px; height: 749px; display: block; flex-grow: 1;\" title=\"Twitter Tweet\" src=\"https:\/\/platform.twitter.com\/embed\/Tweet.html?dnt=false&amp;embedId=twitter-widget-2&amp;frame=false&amp;hideCard=false&amp;hideThread=false&amp;id=1356958316581294080&amp;lang=de&amp;origin=https%3A%2F%2Fde.rt.com%2Fmeinung%2F112902-verurteilung-von-nawalny-in-russland-brd-falsche-rechtsauffassung%2F&amp;siteScreenName=ActualidadRT&amp;theme=light&amp;widgetsVersion=889aa01%3A1612811843556&amp;width=550px\" frameborder=\"0\" scrolling=\"no\" allowfullscreen=\"allowfullscreen\" data-tweet-id=\"1356958316581294080\"><\/iframe><\/div>\n<p>Die Bew\u00e4hrungsstrafe, die jetzt in eine Haftstrafe umgewandelt wurde, sei bereits 2017 vom Europ\u00e4ischen Gerichtshof f\u00fcr Menschenrechte (EGMR) als politisch motiviert ger\u00fcgt worden, so Seibert.<\/p>\n<p>Auch Au\u00dfenminister Heiko Maas hob das Urteil des EGMR hervor, sieht in Russland das Prinzip der Rechtsstaatlichkeit verletzt und fordert Nawalnys sofortige Freilassung.<\/p>\n<div><iframe id=\"twitter-widget-3\" class=\"\" style=\"position: static; visibility: visible; width: 550px; height: 271px; display: block; flex-grow: 1;\" title=\"Twitter Tweet\" src=\"https:\/\/platform.twitter.com\/embed\/Tweet.html?dnt=false&amp;embedId=twitter-widget-3&amp;frame=false&amp;hideCard=false&amp;hideThread=false&amp;id=1356671332407255046&amp;lang=de&amp;origin=https%3A%2F%2Fde.rt.com%2Fmeinung%2F112902-verurteilung-von-nawalny-in-russland-brd-falsche-rechtsauffassung%2F&amp;siteScreenName=ActualidadRT&amp;theme=light&amp;widgetsVersion=889aa01%3A1612811843556&amp;width=550px\" frameborder=\"0\" scrolling=\"no\" allowfullscreen=\"allowfullscreen\" data-tweet-id=\"1356671332407255046\"><\/iframe><\/div>\n<p>Der hier von h\u00f6chster politischer Stelle vorgebrachte Vorwurf, das EGMR habe bei der Verurteilung Nawalnys schon 2017 eine politische Motivation erkannt, wird vielfach wiederholt und als Beweis daf\u00fcr angef\u00fchrt, dass Nawalny zu Unrecht im Gef\u00e4ngnis sitzt und die russische Opposition ganz generell der Willk\u00fcr des russischen Systems ausgesetzt sei.<\/p>\n<p>Das Problem ist nur, die Argumentation ist falsch.<\/p>\n<p>Das EGMR ist in seinem Urteil von 2017 eben nicht zu dem Ergebnis gekommen, die Verurteilung Nawalnys durch ein russisches Gericht sei politisch motiviert gewesen. Man kann davon ausgehen, dass es in der Bundesregierung so viel juristischen Sachverstand gibt, dass die Regierung das wei\u00df. Sie verbreitet also absichtlich Falschinformationen.<\/p>\n<p>Nawalny und sein Bruder Oleg waren wegen Geldw\u00e4sche und Betrugs angeklagt worden. Der Europ\u00e4ische Gerichtshof f\u00fcr Menschenrechte stellte fest, dass die beiden nicht vorhersehen konnten, dass die Ausstellung \u00fcberh\u00f6hter Rechnungen in Verbindung mit Absprachen und Insiderinformationen gegen\u00fcber dem franz\u00f6sischen Kosmetikkonzern Yves Rocher als betr\u00fcgerisch aufgefasst werden k\u00f6nnte.<\/p>\n<p>Artikel 18 der Konvention zum Schutz der Menschenrechte findet ausdr\u00fccklich keine Anwendung. Die Urteile gegen die Nawalnys sind zwar nach Auffassung des Gerichts im genannten Punkt unverh\u00e4ltnism\u00e4\u00dfig und erf\u00fcllen auch das Kriterium unfair zu sein, aber sie dienen ausschlie\u00dflich ihrem Zweck, sind also nicht politisch motiviert. Das EGMR-Urteil ist <a href=\"https:\/\/hudoc.echr.coe.int\/eng#%7B%22itemid%22:[%22001-177665%22]%7D\">hier<\/a> in G\u00e4nze und <a href=\"https:\/\/hudoc.echr.coe.int\/eng#%7B%22itemid%22:[%22003-5887483-7508215%22]%7D\">hier<\/a> zusammengefasst nachzulesen.<\/p>\n<p>Entsprechend f\u00e4llt der Vergleich aus. Den Nawalnys werden jeweils eine Entsch\u00e4digung in H\u00f6he von 10.000 Euro und die entstandenen Kosten f\u00fcr die Auslagen zugesprochen.<\/p>\n<p>Nun behauptet Bundespressesprecher Seibert in diesem Zusammenhang, Russland folge nicht rechtsstaatlichen Prinzipien, und f\u00fchrt in diesem Zusammenhang das Urteil des EGMR an.<\/p>\n<p>Der Urteilsspruch ist jedoch der Beweis f\u00fcr das genaue Gegenteil, denn das generelle Funktionieren des Rechtsstaats in Russland stellt das Gericht eben nicht infrage, sondern \u00fcberweist das Urteil gegen Nawalny wieder zur\u00fcck nach Russland. Das Gericht hat keinen Zweifel daran, dass Russland \u00fcber funktionierende rechtsstaatliche Strukturen verf\u00fcgt, die Urteile \u00fcberpr\u00fcfen und Fehler korrigieren k\u00f6nnen. Der Fall Nawalny ist hierf\u00fcr eigentlich das beste Beispiel. Nawalny konnte und kann die gegen ihn ergangene Urteile anfechten. Er macht auch ausgiebig Gebrauch davon. Mehrere Instanzen der \u00dcberpr\u00fcfung zu haben, ist aber gerade Kennzeichen eines Rechtsstaats.<\/p>\n<p>Erst im April 2019 erreichte Nawalny die Anerkennung des EGMR nach Artikel 18. Allerdings nicht in Bezug auf dieses Verfahren, sondern auf seinen Hausarrest. Ein russisches Gericht ordnete Hausarrest an und begr\u00fcndete diesen damit, Nawalny k\u00f6nne sich durch Flucht ins Ausland dem Prozess gegen ihn entziehen, Zeugen bedrohen und zum Aufruhr anstacheln. Der EGMR folgte in diesem Fall der Argumentation der russischen Seite nicht. Nawalny h\u00e4tte nicht erkennen lassen, dass er sich entziehen wollte. Der Hausarrest sei unverh\u00e4ltnism\u00e4\u00dfig lang und von zus\u00e4tzlichen Einschr\u00e4nkungen begleitet gewesen. Diese Einschr\u00e4nkung sei zwar von einem russischen Gericht wieder aufgehoben worden, aber es sei im Grundsatz ein Versto\u00df gegen die europ\u00e4ische Menschenrechtskonvention gewesen. Daher wurden Nawalny 20.000 Euro Schadenersatz zugesprochen.<\/p>\n<p>Auch hier wird deutlich, dass der in Deutschland erhobene Vorwurf, das Rechtssystem in Russland sei grunds\u00e4tzlich dysfunktional, nicht stichhaltig ist, denn es gibt Widerspruchsverfahren, die ergangene Urteile \u00fcberpr\u00fcfen und auch revidieren. Zudem setzt Russland die Urteile des EGMR um.<\/p>\n<p>Bei all den Klagen in Richtung Russland entsteht zudem der Eindruck, Deutschland w\u00fcrde nie vor dem EGMR verklagt und vom Gericht verurteilt. Das ist aber nicht der Fall. Auch die deutsche Rechtsprechung ist regelm\u00e4\u00dfig Gegenstand vor dem EGMR. Auch Deutschland ist in zahlreichen F\u00e4llen verurteilt worden, weil Urteile sich nicht in \u00dcbereinstimmung mit der Europ\u00e4ischen Menschenrechtskonvention befanden. Da geht es um Verst\u00f6\u00dfe gegen das <a href=\"https:\/\/www.tagesspiegel.de\/gesellschaft\/panorama\/magnus-gaefgen-ein-bisschen-folter\/1849786.html\">Folterverbot<\/a>, nicht geahndete Polizeigewalt, das Provozieren von Rechtsverst\u00f6\u00dfen durch V-M\u00e4nner und so weiter und so fort.<\/p>\n<p>Daraus aber abzuleiten, dass Deutschland ganz grunds\u00e4tzlich kein Rechtsstaat sei, ist falsch. Aber genau diese Argumentation machen sich in Deutschland Politik und Medien zu eigen, wenn es um Russland geht. Aus einzelnen Urteilen des EGMR, die zudem noch falsch wiedergegeben werden, wird auf ein grunds\u00e4tzlich dysfunktionales Rechtssystem in Russland geschlossen. Das ist absolut unlauter. Man kann in diesem Zusammenhang sehr wohl besseres Wissen unterstellen. Das hei\u00dft Politik und Medien t\u00e4uschen hier vors\u00e4tzlich.<\/p>\n<p>Dies bildet einen weiteren Mosaikstein in einem Bild, das zeigt, wie der Fall Nawalny von Politik und Medien benutzt wird, um gegen\u00fcber Russland zu eskalieren und das Verh\u00e4ltnis nicht nur weiter zu belasten, sondern aktiv zu zertr\u00fcmmern.<\/p>\n<p>Dass sich das politische Deutschland zu einer derartigen Intrige hergibt, ist sch\u00e4big. Es bezeugt eine tiefe moralische Verkommenheit auf oberster Regierungsebene und wird der Verantwortung Deutschlands im Hinblick auf das besondere Verh\u00e4ltnis zu Russland in keiner Weise gerecht. Deutschland verdankt Russland nicht nur die Befreiung vom Faschismus, sondern dar\u00fcber hinaus noch die Wiedervereinigung und m\u00f6chte \u00fcber den Bezug von russischem Gas als Energie-Drehkreuz seine Vormachtstellung in der EU weiter ausbauen.<\/p>\n<p>Mit der Abkehr von den Fakten im Fall Nawalny zeigt die Bundesregierung deutlich, dass Nawalny tats\u00e4chlich ein Instrument ausl\u00e4ndischer Interessen ist, das sich gegen Russland richtet. Das ausgerechnet Deutschland hier das aktive, aggressive Zentrum bildet, zeigt, wie wenig die deutschen Eliten in Politik und Medien bereit sind, aus der Geschichte zu lernen.<\/p>\n<p style=\"text-align: right;\"><em><strong>Gert-Ewen Ungar<\/strong>, Jahrgang 1969, studierte in Frankfurt am Main Philosophie und Germanistik, lebt jetzt in Berlin und arbeitet als P\u00e4dagoge in der Sozialpsychiatrie.<\/em><br \/>\n<em>Er ist regelm\u00e4\u00dfiger Autor bei RT DE.<\/em><\/p>\n<p><span style=\"font-size: 10pt;\">Link zur Erstver\u00f6ffentlichung auf RT DE:\u00a0<a href=\"https:\/\/de.rt.com\/meinung\/112902-verurteilung-von-nawalny-in-russland-brd-falsche-rechtsauffassung\/\" target=\"_blank\" rel=\"noopener\">https:\/\/de.rt.com\/meinung\/112902-verurteilung-von-nawalny-in-russland-brd-falsche-rechtsauffassung\/<\/a><\/span><\/p>\n<hr \/>\n<p><span style=\"font-size: 10pt;\">Bild oben: <span class=\"mw-mmv-title\">Nawalny im Gerichtsgeb\u00e4ude bei einem fr\u00fcheren Prozess (2011)<br \/>\nFoto: Nikita Batalov, <\/span>CC-BY-SA-3.0.<\/span><br \/>\n<span style=\"font-size: 10pt;\">Quelle: <a href=\"https:\/\/commons.wikimedia.org\/w\/index.php?curid=17597368\" target=\"_blank\" rel=\"noopener\">https:\/\/commons.wikimedia.org\/w\/index.php?curid=17597368<\/a><br \/>\nBearbeitung\/Effekt: Ralf Lux<\/span><\/p>\n","protected":false},"excerpt":{"rendered":"<p><b>Beitrag von Gert Ewen Ungar<\/b><br \/>\nZahllose westliche Politiker sehen in Russland Willk\u00fcr und den autorit\u00e4ren Unrechtsstaat am Werk, der seine Widersacher ohne triftigen Grund ermordet oder durch politisch motivierte Prozesse hinter Gitter bringt. In Deutschland folgt das gesamte politische Establishment dieser Deutung und die Medien helfen eifrig mit beim Verbreiten dieses Standpunkts. &#8230;.<br \/>\nDer hier von h\u00f6chster politischer Stelle vorgebrachte Vorwurf, das EGMR habe bei der Verurteilung Nawalnys schon 2017 eine politische Motivation erkannt, wird vielfach wiederholt und als Beweis daf\u00fcr angef\u00fchrt, dass Nawalny zu Unrecht im Gef\u00e4ngnis sitzt und die russische Opposition ganz generell der Willk\u00fcr des russischen Systems ausgesetzt sei. Das Problem ist nur, die Argumentation ist falsch.<\/p>\n","protected":false},"author":3,"featured_media":9560,"comment_status":"closed","ping_status":"closed","sticky":false,"template":"","format":"standard","meta":{"colormag_page_container_layout":"default_layout","colormag_page_sidebar_layout":"default_layout","advanced_seo_description":"","jetpack_seo_html_title":"","jetpack_seo_noindex":false,"jetpack_post_was_ever_published":false,"footnotes":""},"categories":[12],"tags":[211,1308,121,685,812,222],"class_list":["post-9552","post","type-post","status-publish","format-standard","has-post-thumbnail","hentry","category-demokratie-medien-aufklaerung","tag-aufklaerung","tag-justiz","tag-medien","tag-moskau","tag-protest","tag-russland"],"jetpack_featured_media_url":"https:\/\/i0.wp.com\/www.freidenker.org\/fw17\/wp-content\/uploads\/2021\/02\/nawalny_gericht_2011_bearb_800x450.jpg?fit=800%2C450&ssl=1","jetpack_shortlink":"https:\/\/wp.me\/p9stpK-2u4","jetpack-related-posts":[{"id":11208,"url":"https:\/\/www.freidenker.org\/?p=11208","url_meta":{"origin":9552,"position":0},"title":"Es wird Zeit, das Gift der Sanktionen in eine echte Kur umzuwandeln","author":"Webredaktion","date":"18. September 2021","format":false,"excerpt":"Beitrag von Tarik Cyril Amar Alexei Nawalny hat Recht mit seiner Position zu den Anti-Russland-Sanktionen. Seine eigene Situation beweist, dass sie nichts erreicht haben und kontraproduktiv sind. Der \"prominenteste H\u00e4ftling der Welt\" \u2013 wenn man die Inhaftierung von Julian Assange ignoriert \u2013 hat der New York Times ein langes Interview\u2026","rel":"","context":"In &quot;Demokratie \u2013 Medien \u2013 Aufkl\u00e4rung&quot;","block_context":{"text":"Demokratie \u2013 Medien \u2013 Aufkl\u00e4rung","link":"https:\/\/www.freidenker.org\/?cat=12"},"img":{"alt_text":"","src":"https:\/\/i0.wp.com\/www.freidenker.org\/fw17\/wp-content\/uploads\/2021\/09\/forest-2165356_800x450.jpg?fit=800%2C450&ssl=1&resize=350%2C200","width":350,"height":200,"srcset":"https:\/\/i0.wp.com\/www.freidenker.org\/fw17\/wp-content\/uploads\/2021\/09\/forest-2165356_800x450.jpg?fit=800%2C450&ssl=1&resize=350%2C200 1x, https:\/\/i0.wp.com\/www.freidenker.org\/fw17\/wp-content\/uploads\/2021\/09\/forest-2165356_800x450.jpg?fit=800%2C450&ssl=1&resize=525%2C300 1.5x, https:\/\/i0.wp.com\/www.freidenker.org\/fw17\/wp-content\/uploads\/2021\/09\/forest-2165356_800x450.jpg?fit=800%2C450&ssl=1&resize=700%2C400 2x"},"classes":[]},{"id":8650,"url":"https:\/\/www.freidenker.org\/?p=8650","url_meta":{"origin":9552,"position":1},"title":"&#8222;Br\u00fcssel dreht nicht das gro\u00dfe Rad, Br\u00fcssel dreht durch&#8220;","author":"Webredaktion","date":"21. September 2020","format":false,"excerpt":"Interview von RT Deutsch mit Willy Wimmer Der CDU-Politiker und ehemalige Staatssekret\u00e4r Willy Wimmer \u00e4u\u00dfert sich im RT-Interview zum Fall Nawalny und zu den Forderungen des EU-Parlaments nach h\u00e4rteren Sanktionen gegen Russland. F: Die Resolution wurde angenommen, aber erwarten Sie angesichts ihres unverbindlichen Charakters weitere ernsthafte Schritte gegen Russland? A:\u2026","rel":"","context":"In &quot;Demokratie \u2013 Medien \u2013 Aufkl\u00e4rung&quot;","block_context":{"text":"Demokratie \u2013 Medien \u2013 Aufkl\u00e4rung","link":"https:\/\/www.freidenker.org\/?cat=12"},"img":{"alt_text":"","src":"https:\/\/i0.wp.com\/www.freidenker.org\/fw17\/wp-content\/uploads\/2020\/09\/willy_wimmer_rt_800x450.jpg?fit=800%2C450&ssl=1&resize=350%2C200","width":350,"height":200,"srcset":"https:\/\/i0.wp.com\/www.freidenker.org\/fw17\/wp-content\/uploads\/2020\/09\/willy_wimmer_rt_800x450.jpg?fit=800%2C450&ssl=1&resize=350%2C200 1x, https:\/\/i0.wp.com\/www.freidenker.org\/fw17\/wp-content\/uploads\/2020\/09\/willy_wimmer_rt_800x450.jpg?fit=800%2C450&ssl=1&resize=525%2C300 1.5x, https:\/\/i0.wp.com\/www.freidenker.org\/fw17\/wp-content\/uploads\/2020\/09\/willy_wimmer_rt_800x450.jpg?fit=800%2C450&ssl=1&resize=700%2C400 2x"},"classes":[]},{"id":9506,"url":"https:\/\/www.freidenker.org\/?p=9506","url_meta":{"origin":9552,"position":2},"title":"Das zerbrochene Narrativ \u2013 Nawalny und die deutschen Medien","author":"Webredaktion","date":"6. Februar 2021","format":false,"excerpt":"Beitrag von Gert Ewen Ungar Es war eine interessante Woche, denn in vielen L\u00e4ndern Europas wurde demonstriert. Geh\u00f6rt haben viele sicher von den Protesten in Russland am Sonntag. Wer sich aufmerksam durch die Gazetten gek\u00e4mpft hat, hat vielleicht noch von den Demonstrationen in Frankreich und Polen gelesen. Die Proteste gegen\u2026","rel":"","context":"In &quot;Demokratie \u2013 Medien \u2013 Aufkl\u00e4rung&quot;","block_context":{"text":"Demokratie \u2013 Medien \u2013 Aufkl\u00e4rung","link":"https:\/\/www.freidenker.org\/?cat=12"},"img":{"alt_text":"","src":"https:\/\/i0.wp.com\/www.freidenker.org\/fw17\/wp-content\/uploads\/2021\/02\/navalny_presse.jpg?fit=800%2C450&ssl=1&resize=350%2C200","width":350,"height":200,"srcset":"https:\/\/i0.wp.com\/www.freidenker.org\/fw17\/wp-content\/uploads\/2021\/02\/navalny_presse.jpg?fit=800%2C450&ssl=1&resize=350%2C200 1x, https:\/\/i0.wp.com\/www.freidenker.org\/fw17\/wp-content\/uploads\/2021\/02\/navalny_presse.jpg?fit=800%2C450&ssl=1&resize=525%2C300 1.5x, https:\/\/i0.wp.com\/www.freidenker.org\/fw17\/wp-content\/uploads\/2021\/02\/navalny_presse.jpg?fit=800%2C450&ssl=1&resize=700%2C400 2x"},"classes":[]},{"id":8820,"url":"https:\/\/www.freidenker.org\/?p=8820","url_meta":{"origin":9552,"position":3},"title":"Die offizielle Nawalny-Verschw\u00f6rungstheorie","author":"Webredaktion","date":"18. Oktober 2020","format":false,"excerpt":"Ein Kommentar von Rainer Rupp Wie im \u201cSkripal-Fall\u201c im englischen Salisbury so entbehren auch die offiziellen Behauptungen der deutschen Bundesregierung bez\u00fcglich der angeblichen Vergiftung des rassistischen russischen Bloggers Nawalny mit dem als absolut t\u00f6dlich bekannten Nervengift Nowitschok jeglichen Tatsachengehalts. Allerdings haben all jene Kr\u00e4fte in Deutschland, die eine engere Zusammenarbeit\u2026","rel":"","context":"In &quot;Demokratie \u2013 Medien \u2013 Aufkl\u00e4rung&quot;","block_context":{"text":"Demokratie \u2013 Medien \u2013 Aufkl\u00e4rung","link":"https:\/\/www.freidenker.org\/?cat=12"},"img":{"alt_text":"","src":"https:\/\/i0.wp.com\/www.freidenker.org\/fw17\/wp-content\/uploads\/2020\/10\/Nawalny_Gift_800x450.jpg?fit=800%2C450&ssl=1&resize=350%2C200","width":350,"height":200,"srcset":"https:\/\/i0.wp.com\/www.freidenker.org\/fw17\/wp-content\/uploads\/2020\/10\/Nawalny_Gift_800x450.jpg?fit=800%2C450&ssl=1&resize=350%2C200 1x, https:\/\/i0.wp.com\/www.freidenker.org\/fw17\/wp-content\/uploads\/2020\/10\/Nawalny_Gift_800x450.jpg?fit=800%2C450&ssl=1&resize=525%2C300 1.5x, https:\/\/i0.wp.com\/www.freidenker.org\/fw17\/wp-content\/uploads\/2020\/10\/Nawalny_Gift_800x450.jpg?fit=800%2C450&ssl=1&resize=700%2C400 2x"},"classes":[]},{"id":18287,"url":"https:\/\/www.freidenker.org\/?p=18287","url_meta":{"origin":9552,"position":4},"title":"Nawalny \u2013 Heiligsprechung eines unverbesserlichen Rassisten","author":"Webredaktion","date":"23. Februar 2024","format":false,"excerpt":"Beitrag von Rainer Rupp \"De mortuis nihil, nisi bene.\" Das habe ich schon als Kind im Lateinunterricht gelernt und bedeutet: Man soll \"\u00fcber die Toten nichts, es sei denn Gutes\" sagen. Daran habe ich mich mein Leben lang gehalten. Im Fall der ver\u00f6ffentlichten Nachrufe auf Nawalny stehen mir jedoch angesichts\u2026","rel":"","context":"In &quot;Demokratie \u2013 Medien \u2013 Aufkl\u00e4rung&quot;","block_context":{"text":"Demokratie \u2013 Medien \u2013 Aufkl\u00e4rung","link":"https:\/\/www.freidenker.org\/?cat=12"},"img":{"alt_text":"","src":"https:\/\/i0.wp.com\/www.freidenker.org\/fw17\/wp-content\/uploads\/2024\/02\/Alexey_Navalny_2_800x450.jpg?fit=800%2C450&ssl=1&resize=350%2C200","width":350,"height":200,"srcset":"https:\/\/i0.wp.com\/www.freidenker.org\/fw17\/wp-content\/uploads\/2024\/02\/Alexey_Navalny_2_800x450.jpg?fit=800%2C450&ssl=1&resize=350%2C200 1x, https:\/\/i0.wp.com\/www.freidenker.org\/fw17\/wp-content\/uploads\/2024\/02\/Alexey_Navalny_2_800x450.jpg?fit=800%2C450&ssl=1&resize=525%2C300 1.5x, https:\/\/i0.wp.com\/www.freidenker.org\/fw17\/wp-content\/uploads\/2024\/02\/Alexey_Navalny_2_800x450.jpg?fit=800%2C450&ssl=1&resize=700%2C400 2x"},"classes":[]},{"id":8589,"url":"https:\/\/www.freidenker.org\/?p=8589","url_meta":{"origin":9552,"position":5},"title":"Nawalny-Nachrichten: Merkel erwirkt Denkverbot","author":"Webredaktion","date":"10. September 2020","format":false,"excerpt":"Beitrag von Friedhelm Klinkhammer und Volker Br\u00e4utigam Es ist unglaublich, was die deutsche Politelite und der ihr h\u00f6rige Medien-Mainstream der \u00d6ffentlichkeit mit der Nawalny-Nummer zugemutet haben. Selbst nach einer Woche lebt die Story immer noch: Der b\u00f6se Wladimir Putin und seine Geheimdienstkiller haben den \u201ef\u00fchrenden russischen Oppositionspolitiker\u201c Alexei Nawalny im\u2026","rel":"","context":"In &quot;Demokratie \u2013 Medien \u2013 Aufkl\u00e4rung&quot;","block_context":{"text":"Demokratie \u2013 Medien \u2013 Aufkl\u00e4rung","link":"https:\/\/www.freidenker.org\/?cat=12"},"img":{"alt_text":"","src":"https:\/\/i0.wp.com\/www.freidenker.org\/fw17\/wp-content\/uploads\/2020\/09\/ARD_ZDF_Gehirnwaesche_800x450_v2.jpg?fit=800%2C450&ssl=1&resize=350%2C200","width":350,"height":200,"srcset":"https:\/\/i0.wp.com\/www.freidenker.org\/fw17\/wp-content\/uploads\/2020\/09\/ARD_ZDF_Gehirnwaesche_800x450_v2.jpg?fit=800%2C450&ssl=1&resize=350%2C200 1x, https:\/\/i0.wp.com\/www.freidenker.org\/fw17\/wp-content\/uploads\/2020\/09\/ARD_ZDF_Gehirnwaesche_800x450_v2.jpg?fit=800%2C450&ssl=1&resize=525%2C300 1.5x, https:\/\/i0.wp.com\/www.freidenker.org\/fw17\/wp-content\/uploads\/2020\/09\/ARD_ZDF_Gehirnwaesche_800x450_v2.jpg?fit=800%2C450&ssl=1&resize=700%2C400 2x"},"classes":[]}],"_links":{"self":[{"href":"https:\/\/www.freidenker.org\/index.php?rest_route=\/wp\/v2\/posts\/9552","targetHints":{"allow":["GET"]}}],"collection":[{"href":"https:\/\/www.freidenker.org\/index.php?rest_route=\/wp\/v2\/posts"}],"about":[{"href":"https:\/\/www.freidenker.org\/index.php?rest_route=\/wp\/v2\/types\/post"}],"author":[{"embeddable":true,"href":"https:\/\/www.freidenker.org\/index.php?rest_route=\/wp\/v2\/users\/3"}],"replies":[{"embeddable":true,"href":"https:\/\/www.freidenker.org\/index.php?rest_route=%2Fwp%2Fv2%2Fcomments&post=9552"}],"version-history":[{"count":0,"href":"https:\/\/www.freidenker.org\/index.php?rest_route=\/wp\/v2\/posts\/9552\/revisions"}],"wp:featuredmedia":[{"embeddable":true,"href":"https:\/\/www.freidenker.org\/index.php?rest_route=\/wp\/v2\/media\/9560"}],"wp:attachment":[{"href":"https:\/\/www.freidenker.org\/index.php?rest_route=%2Fwp%2Fv2%2Fmedia&parent=9552"}],"wp:term":[{"taxonomy":"category","embeddable":true,"href":"https:\/\/www.freidenker.org\/index.php?rest_route=%2Fwp%2Fv2%2Fcategories&post=9552"},{"taxonomy":"post_tag","embeddable":true,"href":"https:\/\/www.freidenker.org\/index.php?rest_route=%2Fwp%2Fv2%2Ftags&post=9552"}],"curies":[{"name":"wp","href":"https:\/\/api.w.org\/{rel}","templated":true}]}}