{"id":9506,"date":"2021-02-06T10:49:08","date_gmt":"2021-02-06T09:49:08","guid":{"rendered":"https:\/\/www.freidenker.org\/?p=9506"},"modified":"2021-02-25T01:06:58","modified_gmt":"2021-02-25T00:06:58","slug":"das-zerbrochene-narrativ-nawalny-und-die-deutschen-medien","status":"publish","type":"post","link":"https:\/\/www.freidenker.org\/?p=9506","title":{"rendered":"Das zerbrochene Narrativ \u2013 Nawalny und die deutschen Medien"},"content":{"rendered":"<p><strong>Die deutschen Medien berichten einseitig. Europaweit gab es in der vergangenen Woche Proteste. Berichtet wurde vor allem \u00fcber jene in Russland. Dabei wird sichtbar: Der deutsche Journalismus hat seine aufkl\u00e4rende Funktion aufgegeben und st\u00fctzt Verschw\u00f6rungstheorien.<\/strong><\/p>\n<p><em>von <strong>Gert Ewen Ungar<\/strong><\/em><\/p>\n<p><span style=\"font-size: 10pt;\">Erstver\u00f6ffentlichung am 03.02.2021 auf <a href=\"https:\/\/de.rt.com\/meinung\/112622-zerbrochene-narrativ-nawalny-und-deutschen\/\" target=\"_blank\" rel=\"noopener noreferrer\">RT DE<\/a><\/span><\/p>\n<p>Es war eine interessante Woche, denn in vielen L\u00e4ndern Europas wurde demonstriert. Geh\u00f6rt haben viele sicher von den Protesten in Russland am Sonntag. Wer sich aufmerksam durch die Gazetten gek\u00e4mpft hat, hat vielleicht noch von den Demonstrationen in Frankreich und Polen gelesen. Die Proteste gegen die Grundrechtseinschr\u00e4nkungen durch die Corona-Ma\u00dfnahmen in Br\u00fcssel, Wien und Berlin haben es nur ganz am Rand in die Nachrichten geschafft. Auch die Landwirte, die fast eine ganze Woche in Berlin protestiert haben, waren den gro\u00dfen Medien ihrer Republik kaum eine Meldung wert. Den Landwirten ging es um faire Preise f\u00fcr ihre Produkte.<\/p>\n<div class=\"ReadMore-root Section-root Section-is1to3-xs_is1to1\" data-widgets=\"ReadMore\">\n<div class=\"Section-container Section-isRow-isTop-isWrap\">\n<article class=\"Card-root Card-is1to1 \">\n<div class=\"Card-imageWrap\">Eigentlich ein wichtiges Thema, das uns alle betrifft. Doch im Ranking der medialen Aufmerksamkeit findet sich das Anliegen der deutschen Landwirte ganz weit hinten. Das Anliegen des Bloggers Nawalny steht daf\u00fcr ganz weit vorn. Es lautet, m\u00f6glichst viele Menschen auf die Stra\u00dfen der russischen St\u00e4dte zu bringen \u2013 wof\u00fcr oder wogegen bleibt dabei weitgehend unklar. Es geht insgesamt gegen Putin, das reicht dem deutschen Mainstream f\u00fcr eine ganz breite Berichterstattung aus.<\/div>\n<\/article>\n<\/div>\n<\/div>\n<p>Wer am Sonntagabend <em>Spiegel Online<\/em> gelesen hat, bekam den Eindruck, das Allerwichtigste seien die Proteste in Russland gewesen. Die ersten vier Beitr\u00e4ge besch\u00e4ftigten sich ausschlie\u00dflich mit den Demonstrationen, zu denen der russische Blogger Nawalny aufgerufen hatte. \u00dcber die Proteste in Frankreich berichtet der <em>Spiegel<\/em> zwar auch, aber deutlich weniger pr\u00e4sent und wesentlich weniger alarmistisch.\u00a0Der Verfasser merkt im Text an, die franz\u00f6sische Polizei habe ein &#8222;<a href=\"https:\/\/www.spiegel.de\/politik\/ausland\/frankreich-zehntausende-protestieren-gegen-geplantes-sicherheitsgesetz-a-76917f49-8009-4582-9246-bed1b2102286\" target=\"_blank\" rel=\"noopener noreferrer\">Pr\u00fcgel-Imag\u200be<\/a>&#8222;.<\/p>\n<p>W\u00e4hrend der <em>Spiegel<\/em> ausufernde Polizeigewalt in Frankreich auf ein Image-Problem reduziert, sind sich die deutschen Kommentatoren in ihrer Verurteilung des Vorgehens der russischen Polizei weitgehend einig. Unverh\u00e4ltnism\u00e4\u00dfig sei in Russland der Einsatz von Polizeigewalt gewesen. Dabei waren weder Wasserwerfer noch Tr\u00e4nengas im Einsatz \u2013 inzwischen ein Standard bei Demonstrationen gegen eine jede Staatsmacht in der EU. Es w\u00e4re daher angemessener, vom Pr\u00fcgel-Image der russischen Polizei zu schreiben, denn es ist tats\u00e4chlich nur ein Image. Zumindest im direkten Vergleich mit ihren Kollegen in der EU. Es w\u00fcrde den realen Gegebenheiten mehr entsprechen, denn die franz\u00f6sische Polizei hat kein Pr\u00fcgel-Image. Sie pr\u00fcgelt! Und wurde daher schon mehrfach von der UNO <a href=\"https:\/\/www.nzz.ch\/international\/gelbwesten-proteste-uno-will-untersuchung-von-polizeigewalt-ld.1465067\" target=\"_blank\" rel=\"noopener noreferrer\">ermahn\u200bt<\/a>,\u200b die sich um die ausufernde Polizeigewalt in Frankreich sorgt. Die Polizei in der EU bedient sich nachweislich brachialer Mittel zur Durchsetzung der \u00f6ffentlichen Ordnung, die in Russland aktuell nicht angewandt werden. Die Opferzahlen polizeilicher Gewalt sind in der EU, in Frankreich vor allem, daher auch deutlich h\u00f6her als in Russland.<\/p>\n<div class=\"ReadMore-root Section-root Section-is1to3-xs_is1to1\" data-widgets=\"ReadMore\">\n<div class=\"Section-container Section-isRow-isTop-isWrap\">\n<article class=\"Card-root Card-is1to1 \">\n<div class=\"Card-imageWrap\">In den sozialen Netzwerken kursieren zudem zahlreiche Kurzclips, die zeigen, wie bei den Demonstrationen in Russland Provokateure unter den Demonstranten einen harten Polizeieinsatz zu provozieren versuchen, mutma\u00dflich um jene Bilder zu erzeugen, die der westliche Journalismus so liebt, wenn es um Russland geht. Auch die Teilnehmerzahlen geben die umfassende Berichterstattung zu den Protesten in der Russischen F\u00f6deration nicht her. <a href=\"https:\/\/www.theguardian.com\/world\/2021\/jan\/30\/tens-of-thousands-of-people-across-france-protest-against-new-security-bill\" target=\"_blank\" rel=\"noopener noreferrer\">Zehntausend\u200be<\/a>\u00a0haben in\u200b\u00a0Frankreich protestiert, in Russland waren es deutlich weniger. Und es waren auch im Vergleich zur Vorwoche deutlich weniger. In Frankreich geht seit geraumer Zeit eine gro\u00dfe Anzahl von Menschen auf die Stra\u00dfe, denn die sozio\u00f6konomische Entwicklung und die staatlichen Erm\u00e4chtigungen sind gef\u00e4hrlich f\u00fcr die Republik.<\/div>\n<\/article>\n<\/div>\n<\/div>\n<p>In Russland dagegen brechen die Teilnehmerzahlen innerhalb einer Woche ein. Und daf\u00fcr gibt es einen guten Grund.\u00a0In der Online-Ausgabe der <em>Zeit\u00a0<\/em><a href=\"https:\/\/www.zeit.de\/kultur\/2021-01\/palast-wladimir-putin-russland-architektur-stil-geschmack\" target=\"_blank\" rel=\"noopener noreferrer\">ver\u00f6ffentlich\u200bte <\/a>am 22. Januar\u200b Dirk Peitz einen Artikel \u00fcber ein Anwesen an der Schwarzmeerk\u00fcste, dessen Besitz Nawalny in einem zweist\u00fcndigen Film versucht, Putin zuzuschreiben. In einem nach allen Regeln der Kunst geframten Text, der Putin mit James-Bond-B\u00f6sewichten und deren Liebe zu ausgefallenen Immobilien vergleicht, kommt der <em>Zeit<\/em>-Autor zu dem Ergebnis, dass Putin zwar ein realer B\u00f6sewicht sei, daf\u00fcr aber im Gegensatz zu den ausgedachten Figuren in Bond-Filmen keinen Geschmack habe. Seine These \u00fcber Putins Geschmacklosigkeit beweist er mit einer Analyse der Innenausstattung des Geb\u00e4udes, wie sie Nawalny in seinem Film zeigt. Da ist viel historisierender Kitsch zu sehen, das stimmt schon. Die Eigentumsfrage l\u00e4sst Peitz einfach hinten runterfallen. Das von Nawalny gezeigte Zeug geh\u00f6rt Putin, weil Nawalny es sagt. Das Problem ist nur, es existiert einfach nicht. Es ist alles der Fantasie Nawalnys und seiner Mitarbeiter entsprungen.<\/p>\n<p>Wie das Rechercheteam <a href=\"https:\/\/www.youtube.com\/watch?v=vBcWdHe8j_g&amp;t=4s\" target=\"_blank\" rel=\"noopener noreferrer\">Mas\u200bh<\/a>\u00a0zeigt, ist das Geb\u00e4ude im Bau, das\u200b Nawalny bereits voll ausgestattet in seiner Dokumentation zeigt\u00a0\u2013 auch wenn er andeutet, es k\u00f6nnten lediglich Pl\u00e4ne der Architekten sein. Die Bilder der Ausstattung stammen aus dem Computer. Nawalny erw\u00e4hnte zwar, dass kleine Reparaturen notwendig seien und es Probleme mit Schimmel gebe, in der Realit\u00e4t gibt es aber gar keine Innenausstattung, lediglich kahle W\u00e4nde. Wenn es keine Innenausstattung gibt, gibt es auch keine Rechnungen daf\u00fcr. Das hei\u00dft, auch die Pr\u00e4sentation von Rechnungen, die exorbitante Preise f\u00fcr M\u00f6bel und Ausstattung beweisen sollen, sind mit ziemlicher Sicherheit frei erfunden und damit Fake. Inzwischen hat sich auch der Eigent\u00fcmer gemeldet. Das Geb\u00e4ude geh\u00f6rt nicht Putin, sondern ist ein entstehender Hotelkomplex des russischen Unternehmers Arkadi Rotenberg. Zwar kennen sich Rotenberg und Putin, allerdings ist es wesentlich einfacher, eine wirtschaftliche Verbindung zwischen Merkel und Jan Marsalek, dem Gr\u00fcnder des windigen Pleitekonzerns Wirecard, nachzuweisen, als zwischen Rotenberg und Putin. Schlie\u00dflich hat sich Merkel ganz offen f\u00fcr Wirecard in China stark gemacht.<\/p>\n<div class=\"ReadMore-root Section-root Section-is1to3-xs_is1to1\" data-widgets=\"ReadMore\">\n<div class=\"Section-container Section-isRow-isTop-isWrap\">\n<article class=\"Card-root Card-is1to1 \">\n<div class=\"Card-imageWrap\">Eigentlich sollte damit klar sein: Nawalny wurde vorgef\u00fchrt \u2013 von gutem Journalismus \u00fcbrigens, der seine Aufgabe ernst nimmt und die Behauptungen nicht einfach ungepr\u00fcft \u00fcbernimmt, wie es der deutsche Journalismus tut. Nawalnys Unglaubw\u00fcrdigkeit wurde \u00f6ffentlich, die Teilnehmerzahl der Demonstrationen sinkt entsprechend. Alles ganz normal und einfach zu erkl\u00e4ren. Die Enth\u00fcllungen \u00fcber die Enth\u00fcllung werden in Russland breit diskutiert. Deutschland erweist sich in dieser Hinsicht als lernresistent. In Deutschland wird an der Geschichte von Putins Palast festgehalten. Der ganze Fake ist schon l\u00e4ngst aufgeflogen, da ver\u00f6ffentlichen die Faktenchecker von <em>Correctiv<\/em> am 30. Januar auf <a href=\"https:\/\/www.youtube.com\/watch?v=U3YUBfL85M0\" target=\"_blank\" rel=\"noopener noreferrer\">YouTube<\/a> den Film Nawalnys auf\u200b ihrem Kanal und beteiligen sich damit an der Verbreitung einer ganz offenkundigen Verschw\u00f6rungstheorie. F\u00fcr <em>Correctiv<\/em> scheint zu gelten: Fakten bitte nur, wenn sie ins Narrativ passen. Ansonsten gibt man sich auch mit Fakes zufrieden. Journalistische Aufkl\u00e4rung \u00fcber Nawalnys Hoax f\u00e4llt in den deutschen Medien weitgehend aus.<\/div>\n<\/article>\n<\/div>\n<\/div>\n<p>W\u00e4hrend von der vermeintlichen Enth\u00fcllung Nawalnys relativ <a href=\"https:\/\/www.tagesschau.de\/multimedia\/audio\/audio-100971.html\" target=\"_blank\" rel=\"noopener noreferrer\">distanzlos<\/a> berichtet wurde und die Behauptungen der Dokumentation als <a href=\"https:\/\/www.tagesspiegel.de\/politik\/enthuellung-ueber-einen-palast-am-meer-im-reich-der-zaren\/26836394.html\">Fakten<\/a> \u00fcbernommen wurden, ringt sich der <a href=\"https:\/\/www.youtube.com\/watch?v=U3YUBfL85M0\" target=\"_blank\" rel=\"noopener noreferrer\">Mainstream<\/a>\u00a0angesichts\u200b der tats\u00e4chlichen <a href=\"https:\/\/www.tagesspiegel.de\/politik\/jetzt-ist-es-kein-geheimnis-mehr-angeblicher-eigentuemer-von-putins-palast-meldet-sich\/26867798.html\" target=\"_blank\" rel=\"noopener noreferrer\">Besitzverh\u00e4ltniss\u200be<\/a> zahllose Konjunktive ab.\u200b Gegen\u00fcber Putin gibt es keine Unschuldsvermutung. Nawalny dagegen wird mit medialem Nimbus gekr\u00f6nt. Was Nawalny angeht, wird in einem unglaublichen Ausma\u00df mediale Reinwaschung betrieben. Egal, ob auf Nawalnys rassistische Aussagen oder seine dunklen Finanzkan\u00e4le hingewiesen wird \u2013 Nawalny ist der deutschen Journaille heilig. Jede Differenzierung f\u00e4llt aus. Man hat sich gemein gemacht, damit allerdings jeden journalistischen Anspruch aufgegeben.<\/p>\n<div class=\"ReadMore-root Section-root Section-is1to3-xs_is1to1\" data-widgets=\"ReadMore\">\n<div class=\"Section-container Section-isRow-isTop-isWrap\">\n<article class=\"Card-root Card-is1to1 \">\n<div class=\"Card-imageWrap\">Entsprechend der Einseitigkeit der deutschen Medien reagiert auch die Politik. Die deutsche Verteidigungsministerin Annegret Kramp-Karrenbauer verurteilt in einem Tweet das Verhalten Russlands. Gegen\u00fcber dem Verhalten Frankreichs schweigt sie sich aus. Renata Alt, MdB und Mitglied des Ausw\u00e4rtigen Ausschusses, fordert inzwischen wie die Gr\u00fcnen den Abbruch der Arbeiten an Nord Stream 2. Die russophobe Scharfmacherin der FDP singt sonst das Loblied auf den Freihandel und das Unternehmertum, in diesem Fall macht sie jedoch eine Ausnahme.<\/div>\n<\/article>\n<\/div>\n<\/div>\n<p>Und nat\u00fcrlich h\u00fcllt sich auch Alt angesichts der ausufernden Polizeigewalt in anderen europ\u00e4ischen und westlichen L\u00e4ndern in Schweigen. Die doppelten Standards sind inzwischen deutlich sichtbar und lassen sich nicht mehr leugnen. Es zeigt sich eine unglaublich tiefe kognitive Dissonanz.<\/p>\n<p>So wird am Fall Nawalny auch sichtbar, in welchem Zustand sich die deutsche Politik und vor allem deutsche Medien befinden. Haltungsjournalismus durchzieht inzwischen das ganze Spektrum des deutschen Bl\u00e4tterwalds. Der Glaube, f\u00fcr die gute und richtige Sache zu stehen, hat journalistisches Bem\u00fchen um Fakten und Zusammenh\u00e4nge verdr\u00e4ngt.<\/p>\n<p>Der Versuch, durch einen \u00f6ffentlich-rechtlichen Rundfunk eine balancierte und ausgewogene Berichterstattung zu gew\u00e4hrleisten, ist ebenso gescheitert wie der Versuch, es den Markt regeln zu lassen. Die einstmalige Vielfalt der Presselandschaft in Deutschland ist durch einen Konzentrationsprozess auf einige wenige Medienkonzerne und damit auf wenige Chefredaktionen reduziert worden, die die Meinung vorgeben \u2013 alle bestens vernetzt und in den immergleichen transatlantischen Organisationen aktiv. So wird das nichts mit der Umsetzung des Anspruchs, freien und unabh\u00e4ngigen Journalismus zu pflegen.<\/p>\n<p>Mit der unterschiedlichen Bewertung von Protesten, je nachdem, wo sie stattfinden, und dem vehementen Festhalten am Nawalny-Narrativ zeigt der deutsche Journalismus nicht nur, wie wenig er journalistischen Grundregeln folgt, sondern auch, wie unreformierbar er ist. Es geht ihm um die Sache, die gute Sache, f\u00fcr die Deutschland und der Westen angeblich stehen. Mit dieser Sache macht er sich gemein und gibt daf\u00fcr seinen Anspruch auf, aufkl\u00e4rend zu sein, und damit kippt die gute Sache ins Schlechte. Es wird ein notwendiges Korrektiv genommen. Die Haltung hinter dem Haltungsjournalismus mag ja verst\u00e4ndlich und nachvollziehbar sein. Das Ergebnis ist dennoch f\u00fcr die Demokratie verheerend. Am Fall Nawalny und der Berichterstattung dar\u00fcber l\u00e4sst sich diese Schieflage in aller Pr\u00e4gnanz ablesen.<\/p>\n<p style=\"text-align: right;\"><em><strong>Gert-Ewen Ungar<\/strong>, Jahrgang 1969, studierte in Frankfurt am Main Philosophie und Germanistik, lebt jetzt in Berlin und arbeitet als P\u00e4dagoge in der Sozialpsychiatrie.<\/em><br \/>\n<em>Er ist regelm\u00e4\u00dfiger Autor bei RT DE.<\/em><\/p>\n<p><span style=\"font-size: 10pt;\">Link zur Erstver\u00f6ffentlichung auf RT DE: <a href=\"https:\/\/de.rt.com\/meinung\/112622-zerbrochene-narrativ-nawalny-und-deutschen\/\" target=\"_blank\" rel=\"noopener\">https:\/\/de.rt.com\/meinung\/112622-zerbrochene-narrativ-nawalny-und-deutschen\/<\/a><\/span><\/p>\n<hr \/>\n<p><span style=\"font-size: 10pt;\">Bild oben: <\/span><\/p>\n<p><span style=\"font-size: 10pt;\">links: Alexey Navalny<\/span><br \/>\n<span style=\"font-size: 10pt;\">Foto: Alexey Yushenkov \/ CC BY-SA 3.0 <\/span><br \/>\n<span style=\"font-size: 10pt;\">Quelle: <a href=\"https:\/\/commons.wikimedia.org\/w\/index.php?curid=11785301\" target=\"_blank\" rel=\"noopener\">https:\/\/commons.wikimedia.org\/w\/index.php?curid=11785301<\/a><\/span><\/p>\n<p><span style=\"font-size: 10pt;\">rechts: Zeitungen<\/span><br \/>\n<span style=\"font-size: 10pt;\">Foto: <a class=\"hover_opacity\" href=\"https:\/\/pixabay.com\/de\/users\/congerdesign-509903\/\">congerdesign<\/a> \/ <a href=\"https:\/\/pixabay.com\/de\/service\/license\/\">Pixabay License<\/a><\/span><br \/>\n<span style=\"font-size: 10pt;\">Quelle: <a href=\"https:\/\/pixabay.com\/de\/photos\/zeitungen-zeitungsstapel-presse-3488861\/\" target=\"_blank\" rel=\"noopener\">https:\/\/pixabay.com\/de\/photos\/zeitungen-zeitungsstapel-presse-3488861\/<\/a><\/span><\/p>\n","protected":false},"excerpt":{"rendered":"<p><b>Beitrag von Gert Ewen Ungar<\/b><br \/>\nEs war eine interessante Woche, denn in vielen L\u00e4ndern Europas wurde demonstriert. Geh\u00f6rt haben viele sicher von den Protesten in Russland am Sonntag. Wer sich aufmerksam durch die Gazetten gek\u00e4mpft hat, hat vielleicht noch von den Demonstrationen in Frankreich und Polen gelesen. Die Proteste gegen die Grundrechtseinschr\u00e4nkungen durch die Corona-Ma\u00dfnahmen in Br\u00fcssel, Wien und Berlin haben es nur ganz am Rand in die Nachrichten geschafft. Auch die Landwirte, die fast eine ganze Woche in Berlin protestiert haben, waren den gro\u00dfen Medien ihrer Republik kaum eine Meldung wert. Den Landwirten ging es um faire Preise f\u00fcr ihre Produkte.<\/p>\n","protected":false},"author":3,"featured_media":9507,"comment_status":"closed","ping_status":"closed","sticky":false,"template":"","format":"standard","meta":{"colormag_page_container_layout":"default_layout","colormag_page_sidebar_layout":"default_layout","advanced_seo_description":"","jetpack_seo_html_title":"","jetpack_seo_noindex":false,"jetpack_post_was_ever_published":false,"footnotes":""},"categories":[12],"tags":[211,964,685,1173,812,222,641],"class_list":["post-9506","post","type-post","status-publish","format-standard","has-post-thumbnail","hentry","category-demokratie-medien-aufklaerung","tag-aufklaerung","tag-medienhetze","tag-moskau","tag-polizeigewalt","tag-protest","tag-russland","tag-verschwoerungstheorie"],"jetpack_featured_media_url":"https:\/\/i0.wp.com\/www.freidenker.org\/fw17\/wp-content\/uploads\/2021\/02\/navalny_presse.jpg?fit=800%2C450&ssl=1","jetpack_shortlink":"https:\/\/wp.me\/p9stpK-2tk","jetpack-related-posts":[{"id":17980,"url":"https:\/\/www.freidenker.org\/?p=17980","url_meta":{"origin":9506,"position":0},"title":"Die Bauernproteste in russischen Medien","author":"Webredaktion","date":"23. Januar 2024","format":false,"excerpt":"Beitrag von Gert Ewen Ungar Es wird Lenin zugeschrieben, gesagt zu haben, wenn die Deutschen einen Bahnhof st\u00fcrmen wollen, kaufen sie vorher eine Bahnsteigkarte. Mit umso mehr Erstaunen nahm man in Russland die Bauernproteste und ihren enormen Umfang zur Kenntnis. Russische Medien haben breit \u00fcber die landesweiten Aktionen berichtet. Die\u2026","rel":"","context":"In &quot;Demokratie \u2013 Medien \u2013 Aufkl\u00e4rung&quot;","block_context":{"text":"Demokratie \u2013 Medien \u2013 Aufkl\u00e4rung","link":"https:\/\/www.freidenker.org\/?cat=12"},"img":{"alt_text":"","src":"https:\/\/i0.wp.com\/www.freidenker.org\/fw17\/wp-content\/uploads\/2024\/01\/Bauernproteste_Nordhausen-6890_800x450.jpg?fit=800%2C450&ssl=1&resize=350%2C200","width":350,"height":200,"srcset":"https:\/\/i0.wp.com\/www.freidenker.org\/fw17\/wp-content\/uploads\/2024\/01\/Bauernproteste_Nordhausen-6890_800x450.jpg?fit=800%2C450&ssl=1&resize=350%2C200 1x, https:\/\/i0.wp.com\/www.freidenker.org\/fw17\/wp-content\/uploads\/2024\/01\/Bauernproteste_Nordhausen-6890_800x450.jpg?fit=800%2C450&ssl=1&resize=525%2C300 1.5x, https:\/\/i0.wp.com\/www.freidenker.org\/fw17\/wp-content\/uploads\/2024\/01\/Bauernproteste_Nordhausen-6890_800x450.jpg?fit=800%2C450&ssl=1&resize=700%2C400 2x"},"classes":[]},{"id":22435,"url":"https:\/\/www.freidenker.org\/?p=22435","url_meta":{"origin":9506,"position":1},"title":"Ukraine-Proteste: Der Westen hat noch die Kontrolle \u00fcber die NGOs im Land","author":"Webredaktion","date":"25. Juli 2025","format":false,"excerpt":"Beitrag von Gert Ewen Ungar Wenn es um die Ukraine geht, erz\u00e4hlt die Tagesschau gerne sch\u00f6ne und ergreifende Geschichten. Mit der Realit\u00e4t haben diese als Journalismus getarnten R\u00fchrst\u00fccke in der Regel genauso viel zu tun wie die Schauerm\u00e4rchen, die deutsche Medien \u00fcber Russland erz\u00e4hlen: nichts.\u00a0Anl\u00e4sslich der aktuellen Proteste in der\u2026","rel":"","context":"In &quot;Demokratie \u2013 Medien \u2013 Aufkl\u00e4rung&quot;","block_context":{"text":"Demokratie \u2013 Medien \u2013 Aufkl\u00e4rung","link":"https:\/\/www.freidenker.org\/?cat=12"},"img":{"alt_text":"","src":"https:\/\/i0.wp.com\/www.freidenker.org\/fw17\/wp-content\/uploads\/2025\/07\/Proteste_Kiew_RT_800x450.jpg?fit=800%2C450&ssl=1&resize=350%2C200","width":350,"height":200,"srcset":"https:\/\/i0.wp.com\/www.freidenker.org\/fw17\/wp-content\/uploads\/2025\/07\/Proteste_Kiew_RT_800x450.jpg?fit=800%2C450&ssl=1&resize=350%2C200 1x, https:\/\/i0.wp.com\/www.freidenker.org\/fw17\/wp-content\/uploads\/2025\/07\/Proteste_Kiew_RT_800x450.jpg?fit=800%2C450&ssl=1&resize=525%2C300 1.5x, https:\/\/i0.wp.com\/www.freidenker.org\/fw17\/wp-content\/uploads\/2025\/07\/Proteste_Kiew_RT_800x450.jpg?fit=800%2C450&ssl=1&resize=700%2C400 2x"},"classes":[]},{"id":20409,"url":"https:\/\/www.freidenker.org\/?p=20409","url_meta":{"origin":9506,"position":2},"title":"Medien bereiten den Weg zum Krieg","author":"Webredaktion","date":"24. November 2024","format":false,"excerpt":"Beitrag von Thomas R\u00f6per Pr\u00e4sident Putin hat am Donnerstag in einer Rede angek\u00fcndigt, Russland sehe sich nach den Angriffen mit westlichen Waffen auf sein Gebiet berechtigt, Ziele in den L\u00e4ndern anzugreifen, die zu diesen Angriffen die Erlaubnis gegeben haben. Die deutschen Medien verschweigen das komplett. Ich bin von den deutschen\u2026","rel":"","context":"In &quot;Demokratie \u2013 Medien \u2013 Aufkl\u00e4rung&quot;","block_context":{"text":"Demokratie \u2013 Medien \u2013 Aufkl\u00e4rung","link":"https:\/\/www.freidenker.org\/?cat=12"},"img":{"alt_text":"","src":"https:\/\/i0.wp.com\/www.freidenker.org\/fw17\/wp-content\/uploads\/2024\/11\/Virtual_Studio_of_Tagesschau_800x450.jpg?fit=800%2C450&ssl=1&resize=350%2C200","width":350,"height":200,"srcset":"https:\/\/i0.wp.com\/www.freidenker.org\/fw17\/wp-content\/uploads\/2024\/11\/Virtual_Studio_of_Tagesschau_800x450.jpg?fit=800%2C450&ssl=1&resize=350%2C200 1x, https:\/\/i0.wp.com\/www.freidenker.org\/fw17\/wp-content\/uploads\/2024\/11\/Virtual_Studio_of_Tagesschau_800x450.jpg?fit=800%2C450&ssl=1&resize=525%2C300 1.5x, https:\/\/i0.wp.com\/www.freidenker.org\/fw17\/wp-content\/uploads\/2024\/11\/Virtual_Studio_of_Tagesschau_800x450.jpg?fit=800%2C450&ssl=1&resize=700%2C400 2x"},"classes":[]},{"id":15501,"url":"https:\/\/www.freidenker.org\/?p=15501","url_meta":{"origin":9506,"position":3},"title":"&#8222;Kriegste nicht zusammen im Kopf&#8220;","author":"Webredaktion","date":"16. M\u00e4rz 2023","format":false,"excerpt":"Beitrag von Gert Ewen Ungar Ina Ruck ist ARD-Moskau-Korrespondentin. Sie berichtet aus Russland und bedient sich dabei gern in Deutschland verbreiteten Klischees \u00fcber Russland und die Russen. Ihr wird oft Einseitigkeit in der Berichterstattung vorgeworfen und die Vorw\u00fcrfe sind begr\u00fcndet. Schon an ihrer Berichterstattung zu Nawalny wurde deutlich, dass Ruck\u2026","rel":"","context":"In &quot;Demokratie \u2013 Medien \u2013 Aufkl\u00e4rung&quot;","block_context":{"text":"Demokratie \u2013 Medien \u2013 Aufkl\u00e4rung","link":"https:\/\/www.freidenker.org\/?cat=12"},"img":{"alt_text":"","src":"https:\/\/i0.wp.com\/www.freidenker.org\/fw17\/wp-content\/uploads\/2023\/03\/ina_ruck_coll_800x450.jpg?fit=800%2C450&ssl=1&resize=350%2C200","width":350,"height":200,"srcset":"https:\/\/i0.wp.com\/www.freidenker.org\/fw17\/wp-content\/uploads\/2023\/03\/ina_ruck_coll_800x450.jpg?fit=800%2C450&ssl=1&resize=350%2C200 1x, https:\/\/i0.wp.com\/www.freidenker.org\/fw17\/wp-content\/uploads\/2023\/03\/ina_ruck_coll_800x450.jpg?fit=800%2C450&ssl=1&resize=525%2C300 1.5x, https:\/\/i0.wp.com\/www.freidenker.org\/fw17\/wp-content\/uploads\/2023\/03\/ina_ruck_coll_800x450.jpg?fit=800%2C450&ssl=1&resize=700%2C400 2x"},"classes":[]},{"id":16368,"url":"https:\/\/www.freidenker.org\/?p=16368","url_meta":{"origin":9506,"position":4},"title":"&#8222;Der Mann ist das gr\u00f6\u00dfte Geschenk!&#8220;","author":"Webredaktion","date":"28. Juni 2023","format":false,"excerpt":"Das russische Fernsehen \u00fcber die Reaktion in Europa auf den Putschversuch von Anti-Spiegel (d.i. Thomas R\u00f6per) Der Putschversuch in Russland wurde weltweit genau beobachtet. Interessant ist, wie in Russland \u00fcber die Reaktion in Europa berichtet wurde. Wie jeden Sonntag war der Bericht des Deutschland-Korrespondenten einer der interessantesten im w\u00f6chentlichen Nachrichtenr\u00fcckblick\u2026","rel":"","context":"In &quot;Demokratie \u2013 Medien \u2013 Aufkl\u00e4rung&quot;","block_context":{"text":"Demokratie \u2013 Medien \u2013 Aufkl\u00e4rung","link":"https:\/\/www.freidenker.org\/?cat=12"},"img":{"alt_text":"","src":"https:\/\/i0.wp.com\/www.freidenker.org\/fw17\/wp-content\/uploads\/2023\/06\/rostow-panzer_800x450.jpg?fit=800%2C450&ssl=1&resize=350%2C200","width":350,"height":200,"srcset":"https:\/\/i0.wp.com\/www.freidenker.org\/fw17\/wp-content\/uploads\/2023\/06\/rostow-panzer_800x450.jpg?fit=800%2C450&ssl=1&resize=350%2C200 1x, https:\/\/i0.wp.com\/www.freidenker.org\/fw17\/wp-content\/uploads\/2023\/06\/rostow-panzer_800x450.jpg?fit=800%2C450&ssl=1&resize=525%2C300 1.5x, https:\/\/i0.wp.com\/www.freidenker.org\/fw17\/wp-content\/uploads\/2023\/06\/rostow-panzer_800x450.jpg?fit=800%2C450&ssl=1&resize=700%2C400 2x"},"classes":[]},{"id":18154,"url":"https:\/\/www.freidenker.org\/?p=18154","url_meta":{"origin":9506,"position":5},"title":"Warum die Kampagne \u201egegen Rechts\u201c erstens orchestriert und zweitens verlogen ist","author":"Webredaktion","date":"12. Februar 2024","format":false,"excerpt":"Beitrag von Thomas R\u00f6per Ich werde in Russland derzeit \u00f6fter von verschiedenen Medien um Interviews gebeten, denn die Entwicklungen in Deutschland interessieren auch die Menschen in Russland. Eine Frage, die mir dabei immer wieder gestellt wird, ist, wie die deutsche \u00d6ffentlichkeit \u00fcber dieses oder jenes denkt. Und da muss ich\u2026","rel":"","context":"In &quot;Demokratie \u2013 Medien \u2013 Aufkl\u00e4rung&quot;","block_context":{"text":"Demokratie \u2013 Medien \u2013 Aufkl\u00e4rung","link":"https:\/\/www.freidenker.org\/?cat=12"},"img":{"alt_text":"","src":"https:\/\/i0.wp.com\/www.freidenker.org\/fw17\/wp-content\/uploads\/2024\/02\/ard-propaganda1_800x450.jpg?fit=800%2C450&ssl=1&resize=350%2C200","width":350,"height":200,"srcset":"https:\/\/i0.wp.com\/www.freidenker.org\/fw17\/wp-content\/uploads\/2024\/02\/ard-propaganda1_800x450.jpg?fit=800%2C450&ssl=1&resize=350%2C200 1x, https:\/\/i0.wp.com\/www.freidenker.org\/fw17\/wp-content\/uploads\/2024\/02\/ard-propaganda1_800x450.jpg?fit=800%2C450&ssl=1&resize=525%2C300 1.5x, https:\/\/i0.wp.com\/www.freidenker.org\/fw17\/wp-content\/uploads\/2024\/02\/ard-propaganda1_800x450.jpg?fit=800%2C450&ssl=1&resize=700%2C400 2x"},"classes":[]}],"_links":{"self":[{"href":"https:\/\/www.freidenker.org\/index.php?rest_route=\/wp\/v2\/posts\/9506","targetHints":{"allow":["GET"]}}],"collection":[{"href":"https:\/\/www.freidenker.org\/index.php?rest_route=\/wp\/v2\/posts"}],"about":[{"href":"https:\/\/www.freidenker.org\/index.php?rest_route=\/wp\/v2\/types\/post"}],"author":[{"embeddable":true,"href":"https:\/\/www.freidenker.org\/index.php?rest_route=\/wp\/v2\/users\/3"}],"replies":[{"embeddable":true,"href":"https:\/\/www.freidenker.org\/index.php?rest_route=%2Fwp%2Fv2%2Fcomments&post=9506"}],"version-history":[{"count":0,"href":"https:\/\/www.freidenker.org\/index.php?rest_route=\/wp\/v2\/posts\/9506\/revisions"}],"wp:featuredmedia":[{"embeddable":true,"href":"https:\/\/www.freidenker.org\/index.php?rest_route=\/wp\/v2\/media\/9507"}],"wp:attachment":[{"href":"https:\/\/www.freidenker.org\/index.php?rest_route=%2Fwp%2Fv2%2Fmedia&parent=9506"}],"wp:term":[{"taxonomy":"category","embeddable":true,"href":"https:\/\/www.freidenker.org\/index.php?rest_route=%2Fwp%2Fv2%2Fcategories&post=9506"},{"taxonomy":"post_tag","embeddable":true,"href":"https:\/\/www.freidenker.org\/index.php?rest_route=%2Fwp%2Fv2%2Ftags&post=9506"}],"curies":[{"name":"wp","href":"https:\/\/api.w.org\/{rel}","templated":true}]}}