{"id":9497,"date":"2021-02-05T00:28:59","date_gmt":"2021-02-04T23:28:59","guid":{"rendered":"https:\/\/www.freidenker.org\/?p=9497"},"modified":"2021-02-25T01:06:28","modified_gmt":"2021-02-25T00:06:28","slug":"wir-trauern-um-andre-mueller-sen","status":"publish","type":"post","link":"https:\/\/www.freidenker.org\/?p=9497","title":{"rendered":"Wir trauern um Andr\u00e9 M\u00fcller sen."},"content":{"rendered":"<div style=\"border: 3pt solid; padding: 20pt; text-align: center;\">\n<p><span style=\"font-size: 14pt;\">Wir trauern um<\/span><\/p>\n<p style=\"text-align: center;\"><span style=\"font-size: 18pt;\"><strong>Andr\u00e9 M\u00fcller sen.<\/strong><\/span><\/p>\n<p style=\"text-align: center;\"><span style=\"font-size: 14pt;\">8. M\u00e4rz 1925 \u2013 21. Januar 2021<\/span><\/p>\n<p style=\"text-align: justify;\">Andr\u00e9, geboren in einer kommunistischen Arbeiterfamilie und mit b\u00fcrgerlichem Namen Willi Fetz, erlernte das Tischlerhandwerk, bevor er Dichter, Theaterkritiker und Kulturredakteur wurde und sich als Autor von Erz\u00e4hlungen, Romanen, Kinderb\u00fcchern, Anekdoten, Satiren und B\u00fchnenst\u00fccken sowie als Dramaturgie-Dozent einen Namen machte. Zu seinen bedeutendsten Leistungen geh\u00f6rt die historisch-materialistische Interpretation von Shakespeares Dramen, mit der er einen Schl\u00fcssel zum gesellschaftspolitischen Verst\u00e4ndnis dieser Epoche liefert.<\/p>\n<p style=\"text-align: justify;\">Aus dem Zwangsarbeitslager, in das ihn die Faschisten verschleppten, gelang ihm die Flucht, ein Leben im Untergrund schloss sich an. 1945 engagierte sich in der KPD, k\u00e4mpfte gegen das Adenauer-Regime und lebte zeitweilig in der DDR. Seit den 1950er Jahren war er der engste Freund von Peter Hacks, mit dem er bis zu dessen Tod 2003 in fruchtbarem k\u00fcnstlerischen und politischen Austausch stand.<\/p>\n<p style=\"text-align: justify;\">Andr\u00e9 war sein Leben lang Kommunist, mal mit, mal ohne Parteibuch, ein entschiedener Gegner von Opportunismus und Revisionismus sowie bis zuletzt Mitglied des Beirats des Deutschen Freidenker-Verbandes.<\/p>\n<p style=\"text-align: justify;\">Andr\u00e9s Vorliebe f\u00fcr Scherze und Ironie und seine Liebe zu kulinarischen Gen\u00fcssen und gutem Wein machten Begegnungen mit ihm und seiner Frau Anja Weintz-Fetz in K\u00f6ln und auf ihrem Landsitz Juntersdorf in der Eifel zu lehrreichen, sinnenfrohen und unvergesslichen Erlebnissen.<\/p>\n<p><span style=\"font-size: 14pt;\"><strong>Deutscher Freidenker-Verband<\/strong><\/span><\/p>\n<p><strong>Verbandsvorstand<\/strong><\/p>\n<\/div>\n<p><span style=\"font-size: 10pt;\">Foto: Monika Krotter-Hartmann<\/span><\/p>\n","protected":false},"excerpt":{"rendered":"<p><b>Nachruf auf Andr\u00e9 M\u00fcller sen.<\/b><br \/>\nAndr\u00e9, geboren in einer kommunistischen Arbeiterfamilie und mit b\u00fcrgerlichem Namen Willi Fetz, erlernte das Tischlerhandwerk, bevor er Dichter, Theaterkritiker und Kulturredakteur wurde und sich als Autor von Erz\u00e4hlungen, Romanen, Kinderb\u00fcchern, Anekdoten, Satiren und B\u00fchnenst\u00fccken sowie als Dramaturgie-Dozent einen Namen machte. Zu seinen bedeutendsten Leistungen geh\u00f6rt die historisch-materialistische Interpretation von Shakespeares Dramen, mir der er einen Schl\u00fcssel zum gesellschaftspolitischen Verst\u00e4ndnis dieser Epoche liefert.<\/p>\n","protected":false},"author":3,"featured_media":9510,"comment_status":"closed","ping_status":"closed","sticky":false,"template":"","format":"standard","meta":{"colormag_page_container_layout":"default_layout","colormag_page_sidebar_layout":"default_layout","advanced_seo_description":"","jetpack_seo_html_title":"","jetpack_seo_noindex":false,"jetpack_post_was_ever_published":false,"footnotes":""},"categories":[17],"tags":[668,407,1363,700,25,22],"class_list":["post-9497","post","type-post","status-publish","format-standard","has-post-thumbnail","hentry","category-weltliche-trauerkultur","tag-kultur","tag-kunst","tag-lv-nrw","tag-nachruf","tag-trauer","tag-weltliche-trauerkultur"],"jetpack_featured_media_url":"https:\/\/i0.wp.com\/www.freidenker.org\/fw17\/wp-content\/uploads\/2021\/02\/andre_mueller_v2_800x450.jpg?fit=800%2C450&ssl=1","jetpack_shortlink":"https:\/\/wp.me\/p9stpK-2tb","jetpack-related-posts":[{"id":9641,"url":"https:\/\/www.freidenker.org\/?p=9641","url_meta":{"origin":9497,"position":0},"title":"Trauerrede f\u00fcr Andr\u00e9 M\u00fcller sen.","author":"Webredaktion","date":"1. M\u00e4rz 2021","format":false,"excerpt":"Trauerrede von Klaus Hartmann f\u00fcr Andr\u00e9 M\u00fcller sen. Wir trauern um unseren Genossen Andr\u00e9 M\u00fcller sen.. Wir verlieren einen Vater, einen liebenswerten und wertvollen Menschen, einen zuverl\u00e4ssigen, standhaften Genossen; der Deutsche Freidenker-Verband verliert sein \u00e4ltestes Beiratsmitglied. Andr\u00e9 wurde am 8. M\u00e4rz 1925 geboren, in K\u00f6ln, in einer Arbeiterfamilie, unter dem\u2026","rel":"","context":"In &quot;Kultur &amp; Kunst&quot;","block_context":{"text":"Kultur &amp; Kunst","link":"https:\/\/www.freidenker.org\/?cat=913"},"img":{"alt_text":"","src":"https:\/\/i0.wp.com\/www.freidenker.org\/fw17\/wp-content\/uploads\/2021\/03\/andremuellersen_800x450.jpg?fit=800%2C449&ssl=1&resize=350%2C200","width":350,"height":200,"srcset":"https:\/\/i0.wp.com\/www.freidenker.org\/fw17\/wp-content\/uploads\/2021\/03\/andremuellersen_800x450.jpg?fit=800%2C449&ssl=1&resize=350%2C200 1x, https:\/\/i0.wp.com\/www.freidenker.org\/fw17\/wp-content\/uploads\/2021\/03\/andremuellersen_800x450.jpg?fit=800%2C449&ssl=1&resize=525%2C300 1.5x, https:\/\/i0.wp.com\/www.freidenker.org\/fw17\/wp-content\/uploads\/2021\/03\/andremuellersen_800x450.jpg?fit=800%2C449&ssl=1&resize=700%2C400 2x"},"classes":[]},{"id":11226,"url":"https:\/\/www.freidenker.org\/?p=11226","url_meta":{"origin":9497,"position":1},"title":"Wir trauern um Edi Mader","author":"Webredaktion","date":"24. September 2021","format":false,"excerpt":"Mit Edi verlieren wir einen aufrechten und vorbildlichen Menschen, einen liebenswerten Freund und zuverl\u00e4ssigen Genossen. In einer Arbeiterfamilie in Ulm geboren, zweieinhalb Jahre nach dem Machtantritt der Faschisten in bescheidenen Verh\u00e4ltnissen aufgewachsen, erlebte er als kleines Kind, wie sein Vater als Kommunist Schikanen der Nazis ausgesetzt war, mehrfach seine Arbeit\u2026","rel":"","context":"In &quot;Weltliche Trauerkultur&quot;","block_context":{"text":"Weltliche Trauerkultur","link":"https:\/\/www.freidenker.org\/?cat=17"},"img":{"alt_text":"","src":"https:\/\/i0.wp.com\/www.freidenker.org\/fw17\/wp-content\/uploads\/2021\/09\/Edi_Portrait_mR_800x450.jpg?fit=800%2C450&ssl=1&resize=350%2C200","width":350,"height":200,"srcset":"https:\/\/i0.wp.com\/www.freidenker.org\/fw17\/wp-content\/uploads\/2021\/09\/Edi_Portrait_mR_800x450.jpg?fit=800%2C450&ssl=1&resize=350%2C200 1x, https:\/\/i0.wp.com\/www.freidenker.org\/fw17\/wp-content\/uploads\/2021\/09\/Edi_Portrait_mR_800x450.jpg?fit=800%2C450&ssl=1&resize=525%2C300 1.5x, https:\/\/i0.wp.com\/www.freidenker.org\/fw17\/wp-content\/uploads\/2021\/09\/Edi_Portrait_mR_800x450.jpg?fit=800%2C450&ssl=1&resize=700%2C400 2x"},"classes":[]},{"id":3267,"url":"https:\/\/www.freidenker.org\/?p=3267","url_meta":{"origin":9497,"position":2},"title":"Freidenker trauern um Hans Lutter","author":"Webredaktion","date":"1. M\u00e4rz 2009","format":false,"excerpt":"Nachruf auf Hans Lutter Mit Hans Lutter verliert der Deutsche Freidenker-Verband einen Genossen, der sich gro\u00dfe Verdienste um unseren Verband, die marxistische Religionswissenschaft und den christlich-marxistischen Dialog erworben hat. Hans Lutter war Gr\u00fcndungsmitglied des Verbandes der Freidenker der DDR und ma\u00dfgeblich an der Zusammenf\u00fchrung der Freidenker aus den alten und\u2026","rel":"","context":"In &quot;Weltliche Trauerkultur&quot;","block_context":{"text":"Weltliche Trauerkultur","link":"https:\/\/www.freidenker.org\/?cat=17"},"img":{"alt_text":"","src":"https:\/\/i0.wp.com\/www.freidenker.org\/fw17\/wp-content\/uploads\/2009\/03\/tree-3072431_800x445.jpg?fit=800%2C445&ssl=1&resize=350%2C200","width":350,"height":200,"srcset":"https:\/\/i0.wp.com\/www.freidenker.org\/fw17\/wp-content\/uploads\/2009\/03\/tree-3072431_800x445.jpg?fit=800%2C445&ssl=1&resize=350%2C200 1x, https:\/\/i0.wp.com\/www.freidenker.org\/fw17\/wp-content\/uploads\/2009\/03\/tree-3072431_800x445.jpg?fit=800%2C445&ssl=1&resize=525%2C300 1.5x, https:\/\/i0.wp.com\/www.freidenker.org\/fw17\/wp-content\/uploads\/2009\/03\/tree-3072431_800x445.jpg?fit=800%2C445&ssl=1&resize=700%2C400 2x"},"classes":[]},{"id":10426,"url":"https:\/\/www.freidenker.org\/?p=10426","url_meta":{"origin":9497,"position":3},"title":"Wir trauern um Dr. Werner Seppmann","author":"Webredaktion","date":"26. Mai 2021","format":false,"excerpt":"Mit Werner verliert die Linke in Deutschland einen bedeutenden marxistischen Philosophen und Soziologen, der Deutsche Freidenker-Verband verliert ein profiliertes Mitglied seines Beirats. Sein Schaffen folgte dem Ziel, die Marx\u2019sche Lehre als Instrument der gesellschaftlichen Erkenntnis, der Kapitalismuskritik und der sozialistischen Perspektive lebendig zu halten und als Instrument gegen die Unterwerfung\u2026","rel":"","context":"In &quot;Weltanschauung &amp; Philosophie&quot;","block_context":{"text":"Weltanschauung &amp; Philosophie","link":"https:\/\/www.freidenker.org\/?cat=16"},"img":{"alt_text":"","src":"https:\/\/i0.wp.com\/www.freidenker.org\/fw17\/wp-content\/uploads\/2021\/05\/werner_seppmann_mangroven_800x450.jpg?fit=800%2C450&ssl=1&resize=350%2C200","width":350,"height":200,"srcset":"https:\/\/i0.wp.com\/www.freidenker.org\/fw17\/wp-content\/uploads\/2021\/05\/werner_seppmann_mangroven_800x450.jpg?fit=800%2C450&ssl=1&resize=350%2C200 1x, https:\/\/i0.wp.com\/www.freidenker.org\/fw17\/wp-content\/uploads\/2021\/05\/werner_seppmann_mangroven_800x450.jpg?fit=800%2C450&ssl=1&resize=525%2C300 1.5x, https:\/\/i0.wp.com\/www.freidenker.org\/fw17\/wp-content\/uploads\/2021\/05\/werner_seppmann_mangroven_800x450.jpg?fit=800%2C450&ssl=1&resize=700%2C400 2x"},"classes":[]},{"id":6231,"url":"https:\/\/www.freidenker.org\/?p=6231","url_meta":{"origin":9497,"position":4},"title":"Wir trauern um Horst Schild","author":"Webredaktion","date":"16. April 2019","format":false,"excerpt":"Wir trauern um Dr. phil. habil. Horst Schild (7. Dezember 1940 \u2013 7. April 2019) Horst war Gr\u00fcndungsmitglied des Verbandes der Freidenker der DDR und gestaltete die beim Verbandstag 1991 in Braunschweig vollzogene Vereinigung zu einem gemeinsamen Deutschen Freidenker-Verband aktiv mit. Seitdem war er ununterbrochen f\u00fcr die Freidenker in Dresden\u2026","rel":"","context":"In &quot;Weltliche Trauerkultur&quot;","block_context":{"text":"Weltliche Trauerkultur","link":"https:\/\/www.freidenker.org\/?cat=17"},"img":{"alt_text":"","src":"https:\/\/i0.wp.com\/www.freidenker.org\/fw17\/wp-content\/uploads\/2019\/04\/horst_schild_nachruf_800x445.jpg?fit=800%2C445&ssl=1&resize=350%2C200","width":350,"height":200,"srcset":"https:\/\/i0.wp.com\/www.freidenker.org\/fw17\/wp-content\/uploads\/2019\/04\/horst_schild_nachruf_800x445.jpg?fit=800%2C445&ssl=1&resize=350%2C200 1x, https:\/\/i0.wp.com\/www.freidenker.org\/fw17\/wp-content\/uploads\/2019\/04\/horst_schild_nachruf_800x445.jpg?fit=800%2C445&ssl=1&resize=525%2C300 1.5x, https:\/\/i0.wp.com\/www.freidenker.org\/fw17\/wp-content\/uploads\/2019\/04\/horst_schild_nachruf_800x445.jpg?fit=800%2C445&ssl=1&resize=700%2C400 2x"},"classes":[]},{"id":9083,"url":"https:\/\/www.freidenker.org\/?p=9083","url_meta":{"origin":9497,"position":5},"title":"Wir trauern um Prof. Erich Buchholz","author":"Webredaktion","date":"25. Dezember 2020","format":false,"excerpt":"Nachruf auf Prof. Dr. jur. habil. Erich Buchholz, 08.02.1927 \u2013 11.12.2020 Erich Buchholz, in Berlin geboren und aufgewachsen, studierte 1948 bis 1952 Rechtswissenschaften an der Humboldt-Universit\u00e4t. Nach der Promotion 1953 und seiner Habilitation 1963 wurde er 1965 Professor und war von 1966 bis 1989 Dekan der Juristischen Fakult\u00e4t sowie Leiter\u2026","rel":"","context":"In &quot;Weltliche Trauerkultur&quot;","block_context":{"text":"Weltliche Trauerkultur","link":"https:\/\/www.freidenker.org\/?cat=17"},"img":{"alt_text":"","src":"https:\/\/i0.wp.com\/www.freidenker.org\/fw17\/wp-content\/uploads\/2020\/12\/Erich_Buchholz-1.jpg?fit=800%2C450&ssl=1&resize=350%2C200","width":350,"height":200,"srcset":"https:\/\/i0.wp.com\/www.freidenker.org\/fw17\/wp-content\/uploads\/2020\/12\/Erich_Buchholz-1.jpg?fit=800%2C450&ssl=1&resize=350%2C200 1x, https:\/\/i0.wp.com\/www.freidenker.org\/fw17\/wp-content\/uploads\/2020\/12\/Erich_Buchholz-1.jpg?fit=800%2C450&ssl=1&resize=525%2C300 1.5x, https:\/\/i0.wp.com\/www.freidenker.org\/fw17\/wp-content\/uploads\/2020\/12\/Erich_Buchholz-1.jpg?fit=800%2C450&ssl=1&resize=700%2C400 2x"},"classes":[]}],"_links":{"self":[{"href":"https:\/\/www.freidenker.org\/index.php?rest_route=\/wp\/v2\/posts\/9497","targetHints":{"allow":["GET"]}}],"collection":[{"href":"https:\/\/www.freidenker.org\/index.php?rest_route=\/wp\/v2\/posts"}],"about":[{"href":"https:\/\/www.freidenker.org\/index.php?rest_route=\/wp\/v2\/types\/post"}],"author":[{"embeddable":true,"href":"https:\/\/www.freidenker.org\/index.php?rest_route=\/wp\/v2\/users\/3"}],"replies":[{"embeddable":true,"href":"https:\/\/www.freidenker.org\/index.php?rest_route=%2Fwp%2Fv2%2Fcomments&post=9497"}],"version-history":[{"count":0,"href":"https:\/\/www.freidenker.org\/index.php?rest_route=\/wp\/v2\/posts\/9497\/revisions"}],"wp:featuredmedia":[{"embeddable":true,"href":"https:\/\/www.freidenker.org\/index.php?rest_route=\/wp\/v2\/media\/9510"}],"wp:attachment":[{"href":"https:\/\/www.freidenker.org\/index.php?rest_route=%2Fwp%2Fv2%2Fmedia&parent=9497"}],"wp:term":[{"taxonomy":"category","embeddable":true,"href":"https:\/\/www.freidenker.org\/index.php?rest_route=%2Fwp%2Fv2%2Fcategories&post=9497"},{"taxonomy":"post_tag","embeddable":true,"href":"https:\/\/www.freidenker.org\/index.php?rest_route=%2Fwp%2Fv2%2Ftags&post=9497"}],"curies":[{"name":"wp","href":"https:\/\/api.w.org\/{rel}","templated":true}]}}