{"id":9426,"date":"2021-01-29T03:47:15","date_gmt":"2021-01-29T02:47:15","guid":{"rendered":"https:\/\/www.freidenker.org\/?p=9426"},"modified":"2021-02-18T02:38:49","modified_gmt":"2021-02-18T01:38:49","slug":"saekulare-verstaendigung-zur-suizidhilfe","status":"publish","type":"post","link":"https:\/\/www.freidenker.org\/?p=9426","title":{"rendered":"S\u00e4kulare Verst\u00e4ndigung zur Suizidhilfe"},"content":{"rendered":"<p><em>Wortmeldung des <\/em><strong><em>Koordinierungsrates S\u00e4kularer Organisationen (KORSO)<\/em><\/strong><\/p>\n<p><img data-recalc-dims=\"1\" loading=\"lazy\" decoding=\"async\" data-attachment-id=\"9434\" data-permalink=\"https:\/\/www.freidenker.org\/?attachment_id=9434\" data-orig-file=\"https:\/\/i0.wp.com\/www.freidenker.org\/fw17\/wp-content\/uploads\/2021\/01\/korso-post_600px_2021-01-25_01-suizidhilfe-300x300-1.jpg?fit=300%2C300&amp;ssl=1\" data-orig-size=\"300,300\" data-comments-opened=\"0\" data-image-meta=\"{&quot;aperture&quot;:&quot;0&quot;,&quot;credit&quot;:&quot;&quot;,&quot;camera&quot;:&quot;&quot;,&quot;caption&quot;:&quot;&quot;,&quot;created_timestamp&quot;:&quot;0&quot;,&quot;copyright&quot;:&quot;&quot;,&quot;focal_length&quot;:&quot;0&quot;,&quot;iso&quot;:&quot;0&quot;,&quot;shutter_speed&quot;:&quot;0&quot;,&quot;title&quot;:&quot;&quot;,&quot;orientation&quot;:&quot;0&quot;}\" data-image-title=\"korso-post_600px_2021-01-25_01-suizidhilfe-300&amp;#215;300\" data-image-description=\"\" data-image-caption=\"\" data-large-file=\"https:\/\/i0.wp.com\/www.freidenker.org\/fw17\/wp-content\/uploads\/2021\/01\/korso-post_600px_2021-01-25_01-suizidhilfe-300x300-1.jpg?fit=300%2C300&amp;ssl=1\" class=\"alignleft wp-image-9434 size-full\" src=\"https:\/\/i0.wp.com\/www.freidenker.org\/fw17\/wp-content\/uploads\/2021\/01\/korso-post_600px_2021-01-25_01-suizidhilfe-300x300-1.jpg?resize=300%2C300&#038;ssl=1\" alt=\"\" width=\"300\" height=\"300\" srcset=\"https:\/\/i0.wp.com\/www.freidenker.org\/fw17\/wp-content\/uploads\/2021\/01\/korso-post_600px_2021-01-25_01-suizidhilfe-300x300-1.jpg?w=300&amp;ssl=1 300w, https:\/\/i0.wp.com\/www.freidenker.org\/fw17\/wp-content\/uploads\/2021\/01\/korso-post_600px_2021-01-25_01-suizidhilfe-300x300-1.jpg?resize=150%2C150&amp;ssl=1 150w\" sizes=\"auto, (max-width: 300px) 100vw, 300px\" \/>Nachdem das Bundesverfassungsgericht das umstrittene Gesetz \u00a7217 StGB im Februar 2020 <a href=\"https:\/\/www.korso-deutschland.de\/bundesverfassungsgericht-kippt-das-verbot-geschaeftsmaessiger-hilfe-beim-suizid\/\" target=\"_blank\" rel=\"noopener\">gekippt<\/a> hatte, kamen am vergangenen Freitag, 22. Januar, auf Einladung des KORSO 15 Vertreterinnen und Vertreter unterschiedlicher Organisationen aus dem s\u00e4kularen Spektrum per Videokonferenz zu einem Expertengespr\u00e4ch zusammen. Zum Thema \u201eSuizidhilfe \/ Autonomie am Lebensende\u201c waren neben der Deutschen Gesellschaft f\u00fcr Humanes Sterben (DGHS) und dem Verein \u201eDignitas \u2013 Menschenw\u00fcrdig leben \u2013 Menschenw\u00fcrdig sterben\u201c die S\u00e4kularen Sozis, die S\u00e4kularen Gr\u00fcnen sowie der Dachverband freier Weltanschauungsgemeinschaften (DFW), die Giordano-Bruno-Stiftung (gbs) und der Humanistische Verband Deutschlands (HVD) vertreten, um \u00fcber s\u00e4kulare Positionen zur Suizidhilfe zu beraten.<\/p>\n<p>Neben kleineren Differenzen in Detailfragen stellte die Expertenrunde eine Reihe gemeinsamer Grundhaltungen fest, die f\u00fcr eine s\u00e4kulare Perspektive charakteristisch zu sein scheinen. Die anwesenden Vertreterinnen und Vertreter der KORSO-Mitgliedsorganisationen verst\u00e4ndigten sich auf sechs gemeinsame Positionen, die der KORSO als Koordinierungsrat in der \u00f6ffentlichen Debatte stark machen will:<\/p>\n<ol>\n<li style=\"margin: 1em 0;\"><strong>Keine Strafrechtsregelung durch einen neuen \u00a7 217 StGB:<\/strong> Diejenigen Kr\u00e4fte, die das \u2013 inzwischen f\u00fcr verfassungswidrig erkl\u00e4rte \u2013 Gesetz damals entworfen und durch den Gesetzgebungsprozess gef\u00fchrt hatten, sind gerade dabei, erneut Strafrechtsregelungen zu diskutieren. Dem ist aus s\u00e4kularer Sicht deutlich zu widersprechen und entgegenzuwirken.<\/li>\n<li style=\"margin: 1em 0;\"><strong>Keine Beratungspflicht:<\/strong> Sofern gesetzliche Neuregelungen angestrebt werden, ist es Konsens im s\u00e4kularen Spektrum, dass Menschen, die einen Suizidwunsch \u00e4u\u00dfern, keine Beratungs<strong>pflicht<\/strong> auferlegt werden soll.<\/li>\n<li style=\"margin: 1em 0;\"><strong>St\u00e4rkung der Informationsm\u00f6glichkeiten:<\/strong> Stattdessen sollen Angebote geschaffen und ausgebaut werden, bei denen sich Suizidwillige sachlich und ergebnisoffen informieren k\u00f6nnen.<\/li>\n<li style=\"margin: 1em 0;\"><strong>Ausbildung von \u00c4rztinnen und \u00c4rzten:<\/strong> Als Ansprechpartner m\u00fcssen \u00c4rztinnen und \u00c4rzte ausreichend \u00fcber Angebote verf\u00fcgen, sich in Fragen der Autonomie am Lebensende fachlich fortzubilden.<\/li>\n<li style=\"margin: 1em 0;\"><strong>Keine Wartepflicht:<\/strong> Statt einer zeitlich festgelegten generellen Wartepflicht f\u00fcr Suizidwillige sind fallspezifische Sorgfaltskriterien einzuhalten.<\/li>\n<li style=\"margin: 1em 0;\"><strong>Keine pauschale Pathologisierung:<\/strong> Zu unterscheiden ist zwischen Verzweiflungs- und Bilanzsuiziden. Ein Suizidvorhaben ist kein hinreichendes Indiz f\u00fcr eine psychische St\u00f6rung.<\/li>\n<\/ol>\n<p>Vor dem Hintergrund eines <a href=\"https:\/\/fowid.de\/meldung\/religionszugehoerigkeiten-2019\" target=\"_blank\" rel=\"noopener\">stetig wachsenden Anteils<\/a> von Menschen, die sich von kirchlich dominierten Positionen nicht mehr vertreten sehen, fordert der KORSO die Ber\u00fccksichtigung dieser gemeinsamen s\u00e4kularen Perspektive im \u00f6ffentlichen Diskussions- und Entscheidungsprozess.<\/p>\n<p>&nbsp;<\/p>\n<p><span style=\"font-size: 10pt;\">Quelle der Erstver\u00f6ffentlichung: <a href=\"https:\/\/www.korso-deutschland.de\/suizidhilfe\/\" target=\"_blank\" rel=\"noopener\">https:\/\/www.korso-deutschland.de\/suizidhilfe\/<\/a><\/span><\/p>\n<hr \/>\n<p><span style=\"font-size: 12pt;\">Siehe zum Thema auch den Beitrag <a href=\"https:\/\/www.freidenker.org\/?p=7631\">F\u00fcr ein selbstbestimmtes und w\u00fcrdiges Sterben<\/a> auf unserer Webseite.<\/span><\/p>\n<hr \/>\n<p><span style=\"font-size: 10pt;\">Bild: <a href=\"https:\/\/pixabay.com\/de\/photos\/hospiz-pflege-patienten-1821429\/\" target=\"_blank\" rel=\"noopener\">pixabay.com<\/a> \/ <a class=\"hover_opacity\" href=\"https:\/\/pixabay.com\/de\/users\/truthseeker08-2411480\/\">truthseeker08<\/a> \/ <a href=\"https:\/\/pixabay.com\/de\/service\/license\/\">Pixabay License<\/a><\/span><\/p>\n","protected":false},"excerpt":{"rendered":"<p><b>Wortmeldung des Koordinierungsrates S\u00e4kularer Organisationen (KORSO)<\/b><br \/>\nNachdem das Bundesverfassungsgericht das umstrittene Gesetz \u00a7217 StGB im Februar 2020 gekippt hatte, kamen am vergangenen Freitag auf Einladung des KORSO 15 Vertreterinnen und Vertreter unterschiedlicher Organisationen aus dem s\u00e4kularen Spektrum per Videokonferenz zu einem Expertengespr\u00e4ch zusammen &#8230; um \u00fcber s\u00e4kulare Positionen zur Suizidhilfe zu beraten. &#8230;<br \/>\nDie anwesenden Vertreterinnen und Vertreter der KORSO-Mitgliedsorganisationen verst\u00e4ndigten sich auf sechs gemeinsame Positionen, die der KORSO als Koordinierungsrat in der \u00f6ffentlichen Debatte stark machen will:<\/p>\n","protected":false},"author":3,"featured_media":9429,"comment_status":"closed","ping_status":"closed","sticky":false,"template":"","format":"standard","meta":{"colormag_page_container_layout":"default_layout","colormag_page_sidebar_layout":"default_layout","advanced_seo_description":"","jetpack_seo_html_title":"","jetpack_seo_noindex":false,"jetpack_post_was_ever_published":false,"footnotes":""},"categories":[11,16],"tags":[1247,778,1246,1244,1245,1248],"class_list":["post-9426","post","type-post","status-publish","format-standard","has-post-thumbnail","hentry","category-arbeit-soziales","category-weltanschauung-philosophie","tag-bundesverfassungsgericht","tag-ethik-und-moral","tag-sterbebegleitung","tag-sterbehilfe","tag-sterben","tag-suizid"],"jetpack_featured_media_url":"https:\/\/i0.wp.com\/www.freidenker.org\/fw17\/wp-content\/uploads\/2021\/01\/hospice-1821429_800x450.jpg?fit=800%2C450&ssl=1","jetpack_shortlink":"https:\/\/wp.me\/p9stpK-2s2","jetpack-related-posts":[{"id":10913,"url":"https:\/\/www.freidenker.org\/?p=10913","url_meta":{"origin":9426,"position":0},"title":"Gemeinsam statt getrennt! KORSO fordert Reform des Religionsunterrichts an \u00f6ffentlichen Schulen","author":"Webredaktion","date":"27. Juli 2021","format":false,"excerpt":"Wortmeldung des\u00a0Koordinierungsrates s\u00e4kularer Organisationen KORSO e.V. vom 27.07.2021: Auf Einladung des KORSO kamen am vergangenen Freitag, 23. Juli 2021, 30 Vertreterinnen und Vertreter unterschiedlicher Organisationen aus dem s\u00e4kularen Spektrum per Videokonferenz zu einer Themenwerkstatt zusammen, um sich \u00fcber die Zukunft des Religionsunterrichts auszutauschen \u2013 aus s\u00e4kularer Perspektive. Nach ausf\u00fchrlicher Debatte\u2026","rel":"","context":"In &quot;Religions- &amp; Kirchenkritik, S\u00e4kulare Szene&quot;","block_context":{"text":"Religions- &amp; Kirchenkritik, S\u00e4kulare Szene","link":"https:\/\/www.freidenker.org\/?cat=15"},"img":{"alt_text":"","src":"https:\/\/i0.wp.com\/www.freidenker.org\/fw17\/wp-content\/uploads\/2021\/07\/korso-post_2021-07-24_01-religionsunterricht_800x450.jpg?fit=800%2C450&ssl=1&resize=350%2C200","width":350,"height":200,"srcset":"https:\/\/i0.wp.com\/www.freidenker.org\/fw17\/wp-content\/uploads\/2021\/07\/korso-post_2021-07-24_01-religionsunterricht_800x450.jpg?fit=800%2C450&ssl=1&resize=350%2C200 1x, https:\/\/i0.wp.com\/www.freidenker.org\/fw17\/wp-content\/uploads\/2021\/07\/korso-post_2021-07-24_01-religionsunterricht_800x450.jpg?fit=800%2C450&ssl=1&resize=525%2C300 1.5x, https:\/\/i0.wp.com\/www.freidenker.org\/fw17\/wp-content\/uploads\/2021\/07\/korso-post_2021-07-24_01-religionsunterricht_800x450.jpg?fit=800%2C450&ssl=1&resize=700%2C400 2x"},"classes":[]},{"id":9623,"url":"https:\/\/www.freidenker.org\/?p=9623","url_meta":{"origin":9426,"position":1},"title":"S\u00e4kulare Verst\u00e4ndigung zur Forderung nach Abl\u00f6sung der altrechtlichen Staatsleistungen","author":"Webredaktion","date":"24. Februar 2021","format":false,"excerpt":"Wortmeldung des Koordinierungsrates s\u00e4kularer Organisationen KORSO e.V. Am vergangenen Freitag, 19. Februar, fanden sich auf Einladung des KORSO 16 Vertreterinnen und Vertreter unterschiedlicher Organisationen aus dem s\u00e4kularen Spektrum per Videokonferenz zu einem Expertengespr\u00e4ch zusammen. Thema waren die so genannten \u201ealtrechtlichen Staatsleistungen\u201c.... Die Expertenrunde diskutierte einen Nachmittag lang die wichtigsten Aspekte\u2026","rel":"","context":"In &quot;Religions- &amp; Kirchenkritik, S\u00e4kulare Szene&quot;","block_context":{"text":"Religions- &amp; Kirchenkritik, S\u00e4kulare Szene","link":"https:\/\/www.freidenker.org\/?cat=15"},"img":{"alt_text":"","src":"https:\/\/i0.wp.com\/www.freidenker.org\/fw17\/wp-content\/uploads\/2021\/02\/korso-post_2021-02-22_02-staatsleistungen_800x450.jpg?fit=800%2C450&ssl=1&resize=350%2C200","width":350,"height":200,"srcset":"https:\/\/i0.wp.com\/www.freidenker.org\/fw17\/wp-content\/uploads\/2021\/02\/korso-post_2021-02-22_02-staatsleistungen_800x450.jpg?fit=800%2C450&ssl=1&resize=350%2C200 1x, https:\/\/i0.wp.com\/www.freidenker.org\/fw17\/wp-content\/uploads\/2021\/02\/korso-post_2021-02-22_02-staatsleistungen_800x450.jpg?fit=800%2C450&ssl=1&resize=525%2C300 1.5x, https:\/\/i0.wp.com\/www.freidenker.org\/fw17\/wp-content\/uploads\/2021\/02\/korso-post_2021-02-22_02-staatsleistungen_800x450.jpg?fit=800%2C450&ssl=1&resize=700%2C400 2x"},"classes":[]},{"id":11189,"url":"https:\/\/www.freidenker.org\/?p=11189","url_meta":{"origin":9426,"position":2},"title":"Schwangerschaftsabbruch ist Grundversorgung!","author":"Webredaktion","date":"5. September 2021","format":false,"excerpt":"Wortmeldung des\u00a0Koordinierungsrates s\u00e4kularer Organisationen KORSO e.V. vom 31.08.2021: Seit 150 Jahren k\u00e4mpfen Frauen nun schon gegen das Verbot und damit gegen die Kriminalisierung des Schwangerschaftsabbruchs. Dies schilderte die Historikerin und Sozialwissenschaftlerin Dr. Gisela Notz, eine der drei geladenen Expertinnen, sehr eindr\u00fccklich bei der Online-Themenwerkstatt des KORSO am 20. August vor\u2026","rel":"","context":"In &quot;Religions- &amp; Kirchenkritik, S\u00e4kulare Szene&quot;","block_context":{"text":"Religions- &amp; Kirchenkritik, S\u00e4kulare Szene","link":"https:\/\/www.freidenker.org\/?cat=15"},"img":{"alt_text":"","src":"https:\/\/i0.wp.com\/www.freidenker.org\/fw17\/wp-content\/uploads\/2021\/09\/korso-post_600px_2021-08-29_01-abtreibung_800x450.jpg?fit=800%2C450&ssl=1&resize=350%2C200","width":350,"height":200,"srcset":"https:\/\/i0.wp.com\/www.freidenker.org\/fw17\/wp-content\/uploads\/2021\/09\/korso-post_600px_2021-08-29_01-abtreibung_800x450.jpg?fit=800%2C450&ssl=1&resize=350%2C200 1x, https:\/\/i0.wp.com\/www.freidenker.org\/fw17\/wp-content\/uploads\/2021\/09\/korso-post_600px_2021-08-29_01-abtreibung_800x450.jpg?fit=800%2C450&ssl=1&resize=525%2C300 1.5x, https:\/\/i0.wp.com\/www.freidenker.org\/fw17\/wp-content\/uploads\/2021\/09\/korso-post_600px_2021-08-29_01-abtreibung_800x450.jpg?fit=800%2C450&ssl=1&resize=700%2C400 2x"},"classes":[]},{"id":10234,"url":"https:\/\/www.freidenker.org\/?p=10234","url_meta":{"origin":9426,"position":3},"title":"Altrechtliche Staatsleistungen: KORSO begr\u00fc\u00dft Ablehnung der vorliegenden Gesetzentw\u00fcrfe","author":"Webredaktion","date":"8. Mai 2021","format":false,"excerpt":"Wortmeldung des Koordinierungsrates s\u00e4kularer Organisationen KORSO e.V. Am 6. Mai 2021 hat der Deutsche Bundestag zwei Gesetzentw\u00fcrfe der Oppositionsparteien zur Abl\u00f6sung der altrechtlichen Staatsleistungen an die Kirchen mit breiter Mehrheit abgelehnt. Der KORSO begr\u00fc\u00dft diese Entscheidung und fordert nun eine breite gesellschaftliche Debatte dar\u00fcber, ob die damit verbundenen Zahlungen an\u2026","rel":"","context":"In &quot;Religions- &amp; Kirchenkritik, S\u00e4kulare Szene&quot;","block_context":{"text":"Religions- &amp; Kirchenkritik, S\u00e4kulare Szene","link":"https:\/\/www.freidenker.org\/?cat=15"},"img":{"alt_text":"","src":"https:\/\/i0.wp.com\/www.freidenker.org\/fw17\/wp-content\/uploads\/2021\/05\/korso-post_600px_2021-05-07_01-staatsleistungen_800x450.jpg?fit=800%2C450&ssl=1&resize=350%2C200","width":350,"height":200,"srcset":"https:\/\/i0.wp.com\/www.freidenker.org\/fw17\/wp-content\/uploads\/2021\/05\/korso-post_600px_2021-05-07_01-staatsleistungen_800x450.jpg?fit=800%2C450&ssl=1&resize=350%2C200 1x, https:\/\/i0.wp.com\/www.freidenker.org\/fw17\/wp-content\/uploads\/2021\/05\/korso-post_600px_2021-05-07_01-staatsleistungen_800x450.jpg?fit=800%2C450&ssl=1&resize=525%2C300 1.5x, https:\/\/i0.wp.com\/www.freidenker.org\/fw17\/wp-content\/uploads\/2021\/05\/korso-post_600px_2021-05-07_01-staatsleistungen_800x450.jpg?fit=800%2C450&ssl=1&resize=700%2C400 2x"},"classes":[]},{"id":4517,"url":"https:\/\/www.freidenker.org\/?p=4517","url_meta":{"origin":9426,"position":4},"title":"Selbstdarstellung des KORSO","author":"Webredaktion","date":"20. Dezember 2016","format":false,"excerpt":"Der Koordinierungsrat s\u00e4kularer Organisationen (KORSO) hat eine Selbstdarstellungsbrosch\u00fcre herausgegeben. Neben einem \u00dcberblick \u00fcber die Ziele und Forderungen des KORSO sind darin Kurzportraits aller Mitgliedsorganisationen enthalten. Aus dem Vorwort: Die Ziele und Strategien der s\u00e4kularen Organisationen sind keineswegs identisch. Sie sind zudem unterschiedlich alt, unterschiedlich gro\u00df, regional unterschiedlich entwickelt und in\u2026","rel":"","context":"In &quot;Publikationen f\u00fcr Freidenker&quot;","block_context":{"text":"Publikationen f\u00fcr Freidenker","link":"https:\/\/www.freidenker.org\/?cat=6"},"img":{"alt_text":"","src":"https:\/\/i0.wp.com\/www.freidenker.org\/fw17\/wp-content\/uploads\/2016\/12\/korso-broschuere_v5.jpg?fit=800%2C445&ssl=1&resize=350%2C200","width":350,"height":200,"srcset":"https:\/\/i0.wp.com\/www.freidenker.org\/fw17\/wp-content\/uploads\/2016\/12\/korso-broschuere_v5.jpg?fit=800%2C445&ssl=1&resize=350%2C200 1x, https:\/\/i0.wp.com\/www.freidenker.org\/fw17\/wp-content\/uploads\/2016\/12\/korso-broschuere_v5.jpg?fit=800%2C445&ssl=1&resize=525%2C300 1.5x, https:\/\/i0.wp.com\/www.freidenker.org\/fw17\/wp-content\/uploads\/2016\/12\/korso-broschuere_v5.jpg?fit=800%2C445&ssl=1&resize=700%2C400 2x"},"classes":[]},{"id":9822,"url":"https:\/\/www.freidenker.org\/?p=9822","url_meta":{"origin":9426,"position":5},"title":"HVD tritt aus dem KORSO aus","author":"Webredaktion","date":"31. M\u00e4rz 2021","format":false,"excerpt":"Der Humanistische Verband Deutschlands - 2008 Gr\u00fcndungsmitglied des Koordinierungsrates S\u00e4kularer Organisationen (KORSO) - hat am 27.03.2021 durch Beschluss seines Delegiertenrates auf Antrag des HVD-Bundesvorstandes entschieden, seine Mitgliedschaft im KORSO zu beenden.\u00a0 Wir ver\u00f6ffentlichen hier die Presseerkl\u00e4rungen des HVD und des KORSO zu diesem Schritt sowie eine erste Stellungnahme des Vorsitzenden\u2026","rel":"","context":"In &quot;Religions- &amp; Kirchenkritik, S\u00e4kulare Szene&quot;","block_context":{"text":"Religions- &amp; Kirchenkritik, S\u00e4kulare Szene","link":"https:\/\/www.freidenker.org\/?cat=15"},"img":{"alt_text":"","src":"https:\/\/i0.wp.com\/www.freidenker.org\/fw17\/wp-content\/uploads\/2021\/04\/hvd_korso_3_800x450.jpg?fit=800%2C450&ssl=1&resize=350%2C200","width":350,"height":200,"srcset":"https:\/\/i0.wp.com\/www.freidenker.org\/fw17\/wp-content\/uploads\/2021\/04\/hvd_korso_3_800x450.jpg?fit=800%2C450&ssl=1&resize=350%2C200 1x, https:\/\/i0.wp.com\/www.freidenker.org\/fw17\/wp-content\/uploads\/2021\/04\/hvd_korso_3_800x450.jpg?fit=800%2C450&ssl=1&resize=525%2C300 1.5x, https:\/\/i0.wp.com\/www.freidenker.org\/fw17\/wp-content\/uploads\/2021\/04\/hvd_korso_3_800x450.jpg?fit=800%2C450&ssl=1&resize=700%2C400 2x"},"classes":[]}],"_links":{"self":[{"href":"https:\/\/www.freidenker.org\/index.php?rest_route=\/wp\/v2\/posts\/9426","targetHints":{"allow":["GET"]}}],"collection":[{"href":"https:\/\/www.freidenker.org\/index.php?rest_route=\/wp\/v2\/posts"}],"about":[{"href":"https:\/\/www.freidenker.org\/index.php?rest_route=\/wp\/v2\/types\/post"}],"author":[{"embeddable":true,"href":"https:\/\/www.freidenker.org\/index.php?rest_route=\/wp\/v2\/users\/3"}],"replies":[{"embeddable":true,"href":"https:\/\/www.freidenker.org\/index.php?rest_route=%2Fwp%2Fv2%2Fcomments&post=9426"}],"version-history":[{"count":0,"href":"https:\/\/www.freidenker.org\/index.php?rest_route=\/wp\/v2\/posts\/9426\/revisions"}],"wp:featuredmedia":[{"embeddable":true,"href":"https:\/\/www.freidenker.org\/index.php?rest_route=\/wp\/v2\/media\/9429"}],"wp:attachment":[{"href":"https:\/\/www.freidenker.org\/index.php?rest_route=%2Fwp%2Fv2%2Fmedia&parent=9426"}],"wp:term":[{"taxonomy":"category","embeddable":true,"href":"https:\/\/www.freidenker.org\/index.php?rest_route=%2Fwp%2Fv2%2Fcategories&post=9426"},{"taxonomy":"post_tag","embeddable":true,"href":"https:\/\/www.freidenker.org\/index.php?rest_route=%2Fwp%2Fv2%2Ftags&post=9426"}],"curies":[{"name":"wp","href":"https:\/\/api.w.org\/{rel}","templated":true}]}}