{"id":9410,"date":"2021-01-25T01:44:14","date_gmt":"2021-01-25T00:44:14","guid":{"rendered":"https:\/\/www.freidenker.org\/?p=9410"},"modified":"2021-02-18T02:38:41","modified_gmt":"2021-02-18T01:38:41","slug":"die-schoene-maas-maer-der-tagesschau","status":"publish","type":"post","link":"https:\/\/www.freidenker.org\/?p=9410","title":{"rendered":"Die sch\u00f6ne Maas-M\u00e4r der Tagesschau"},"content":{"rendered":"<h5>Sogar eine Gru\u00dfadresse aus dem Berliner Witzfigurenkabinett an US-Pr\u00e4sident Biden wird ignoriert<\/h5>\n<p><em>Von <strong>Friedhelm Klinkhammer<\/strong> und <strong>Volker Br\u00e4utigam<\/strong><\/em><\/p>\n<p><strong>Heiko Maas, der Allesk\u00f6nner: H\u00f6chste Zeit f\u00fcr die l\u00e4ngst verdiente W\u00fcrdigung. Hat er doch gerade erst eine politische Volte der Extraklasse vollbracht: dem vorigen US-Pr\u00e4sidenten bis zu dessen Abgang die Stiefel geleckt <\/strong>(1, 2) <strong>und nun gleich dem Neuen von oben herab angeboten, \u201emit den USA an einem gemeinsamen Marshallplan f\u00fcr die Demokratie zu arbeiten\u201c. <\/strong>(3, 4)<strong> Bravissimo! Daf\u00fcr nun endlich auch unser Lob der <em>Tagesschau:<\/em> Sie hat den sicheren Blick f\u00fcr hohe politische Kunstfertigkeit. Deshalb darf Maas sich in ihren Nachrichten auch regelm\u00e4\u00dfig mit Selbstdarstellungsgas aufpumpen bis er schwebt. Oder Realsatire vom Feinsten bieten. Fernsehkonsument, was willst du mehr? <\/strong><\/p>\n<p>Doch, da w\u00e4re schon noch was: Die <em>Tagesschau<\/em> sollte endlich ber\u00fccksichtigen, dass Maas als gro\u00dfer deutscher Au\u00dfenminister in einem Atemzug mit Willy Brandt genannt werden will. Mindestens. Man erkennt seine wahre Gr\u00f6\u00dfe n\u00e4mlich nicht, wenn man sein au\u00dfenpolitisches Meisterwerk immer nur <em>Tagesschau<\/em>-selektiv betrachtet und es nicht als Gesamtkunstwerk w\u00fcrdigt. Betrachten wir es mit Ehrfurcht.<\/p>\n<p>Bekanntlich hat sich Sultan Erdogan im libyschen B\u00fcrgerkrieg auf Seiten des \u201einternational anerkannten\u201c Pr\u00e4sidenten Fayiz as-Sarradsch engagiert. Mithilfe t\u00fcrkischer S\u00f6ldner und umfangreicher Waffenlieferungen wurde der Siegeszug des von Russland, Frankreich (5) und \u00c4gypten unterst\u00fctzten Generals Haftar kurz vor der Hauptstadt Tripolis abgebremst. Die Fronten stehen, aber das Gemetzel geht weiter. Da f\u00fchlte sich Maas im Januar vorigen Jahres zum Vermittler von Weltrang berufen:<\/p>\n<blockquote><p><em>\u201eLibyen ist l\u00e4ngst zu einem Ort f\u00fcr einen Stellvertreterkrieg geworden und das wollen wir nicht l\u00e4nger akzeptieren. Deshalb haben wir den \u201a<\/em>Berliner Prozess<em>\u2018 gestartet\u201c<\/em> (6)<\/p><\/blockquote>\n<p>Drei Tage nach der diplomatischen Schaumschl\u00e4gerei in Berlin wurde in Libyen wieder scharf geschossen. Und zwar auch mit aus Deutschland gelieferten Waffen. Maas hat einfach nicht das Format, um in einem multinationalen Krieg auch nur eine kurzfristige Waffenruhe zu vermitteln. Erst neun Monate sp\u00e4ter einigten sich die Kriegsgegner auf einen Waffenstillstand und freie Wahlen innerhalb von 18 Monaten. (7) Einvernehmen gab es auch dar\u00fcber, dass die T\u00fcrkei ihr Milit\u00e4r und die Milizen abzieht. Stichtag daf\u00fcr war der soeben verstrichene 23. Januar.<\/p>\n<p>Der Verhandlungserfolg hatte viele V\u00e4ter: Vermittler waren die UN, Algerien, Tunesien und \u00c4gypten; parallele Verhandlungen zwischen der T\u00fcrkei und Russland waren ebenfalls hilfreich. Nur Deutschland spielte nicht die gro\u00dfe Rolle, die Au\u00dfenministerium und Konrad-Adenauer-Stiftung der \u00d6ffentlichkeit weiszumachen versuchten. (8)\u00a0Maas wirkte eher kontraproduktiv: Er wolle die Beziehungen zur T\u00fcrkei<\/p>\n<blockquote><p><em>\u201enachhaltig in eine konstruktive, nach vorne gerichtete Entwicklung bringen\u201c<\/em> (9),<\/p><\/blockquote>\n<p>t\u00f6nte er vollmundig, reiste nach Ankara und feierte dort Br\u00fcderschaft mit seinem t\u00fcrkischen Kollegen Mevl\u00fct \u00c7avu\u015fo\u011flu, dem Unterst\u00fctzer des libyschen Regierungschefs as-Sarradsch. (10)<\/p>\n<h5>Verkannter Friedensstifter<\/h5>\n<p>Das passte zur beanspruchten Vermittlerrolle wie die Faust aufs Auge. Zwar soll unser Heiko seinem Kungelbruder Mevl\u00fct Investitionen zugesagt haben, um sicherzustellen, dass die T\u00fcrken ihre S\u00f6ldnertruppen wirklich aus Libyen abziehen. (11) Sein Gastgeber \u201ebedankte\u201c sich jedoch damit, dass er 75 Dschihadisten aus Libyen herausholte und durch 200 neue S\u00f6ldner ersetzte. (12)<\/p>\n<p>Den libyschen B\u00fcrgerkriegsgeneral Haftar und dessen Unterst\u00fctzer Frankreich d\u00fcrfte Maas` \u201ekonstruktiver Beitrag\u201c denn auch sehr beeindruckt haben. Die griechische Regierung war angesichts des Aufzugs der t\u00fcrkischen Kriegsmarine in der \u00c4g\u00e4is und der aggressiven t\u00fcrkischen Suche nach unterseeischen Gasfeldern in der griechischen Wirtschaftszone sicher ebenfalls \u201ehocherfreut\u201c. \u00a0Ein echter Maas packt eben alles: In Tripolis vermitteln, den Krieg in Syrien antreiben, Russland provozieren, bei US- und NATO-Aggressionen im Nahen und Mittleren Osten assistieren und in Ankara antichambrieren, weil die T\u00fcrkei weiterhin als Bollwerk gegen syrische und afghanische Kriegsfl\u00fcchtlinge dienen soll. (13)<\/p>\n<p>Zwei Tage vor seinem Besuch in Ankara hatte\u00a0Maas noch lautstark die Festnahme des Merkel-Buben Nawalny in Moskau kritisiert, dessen \u201esofortige Freilassung\u201c verlangt und sich damit unverhohlen v\u00f6lkerrechtswidrig in die inneren Angelegenheiten Russlands eingemischt; dabei weigern er und seine Regierung sich zugleich beharrlich, Beweise f\u00fcr ihre Bezichtigungen im Fall Nawalny vorzulegen, auch gegen\u00fcber dem eigenen Parlament. (14) In Ankara \u201everga\u00df\u201c unser Vork\u00e4mpfer f\u00fcr die Freiheit der Andersdenkenden hingegen jedes kritische Wort \u00fcber die t\u00fcrkischen Menschenrechtsverletzungen. Der <em>Tagesschau<\/em> fallen solche Widerspr\u00fcchlichkeiten nat\u00fcrlich nicht auf.<\/p>\n<h5>Der Abwirtschafter<\/h5>\n<p>Blick zur\u00fcck: Heiko Maas, Volljurist ohne Berufserfahrung, wirtschaftete die Saar-SPD von einer unter Oskar Lafontaine jahrelang erfolgreich gef\u00fchrten Regierungspartei bis auf 20 Prozent runter. Er schaffte das Kunstst\u00fcck, in drei Landtagswahlen gegen CDU-Mittelma\u00df Annegret Kramp-Karrenbauer zu verlieren. Aus Sicht seiner Parteifreunde an der Saar qualifizierte ihn das jedoch als Direktkandidat f\u00fcr den Bundestag und zum Herausforderer des CDU-Platzhirschs Peter Altmaier. Dabei gehe es um<\/p>\n<blockquote><p><em>\u201emehr als ein Prestigeduell\u201c <\/em>(15),<\/p><\/blockquote>\n<p>behauptete Maas seinerzeit gro\u00dfspurig und verlor selbiges dann krachend mit nur 32 Prozent der Erststimmen. Er kam aber doch noch \u00fcber die SPD-Landesliste in den Bundestag. Als Regierungsmitglied \u2013 zun\u00e4chst im Justiz- und jetzt im Au\u00dfenressort \u2013 garantiert er an vorderer Stelle den Bedeutungsverlust der SPD. War sie schon bei der letzten Wahl auf einen Stimmenanteil von 20.5 Prozent geschrumpft, so werden ihr f\u00fcr die n\u00e4chste im September nur noch 15 Prozent prognostiziert. (16)<\/p>\n<h5>Der Selbstdarsteller<\/h5>\n<p>\u00dcberall, wo vermeintlich Sensationelles die \u00f6ffentliche Aufmerksamkeit fesselt, schiebt sich Heiko Maas ins Blickfeld der Kameras. Als sich vor zwei Jahren auf Madeira ein Busungl\u00fcck ereignete, war er sofort zur Stelle \u2013 als ob der deutsche Au\u00dfenminister nichts Wichtigeres zu tun h\u00e4tte, als die Folgen von Busungl\u00fccksf\u00e4llen f\u00fcr deutsche Touristen zu regeln. Die <em>Tagesschau<\/em> hielt ihm zwecks Vermarktung als \u201eK\u00fcmmerer\u201c das Mikrofon unter die Nase:<\/p>\n<blockquote><p><em>\u201eEs ist eine gro\u00dfartige Zusammenarbeit in einer schwierigen Zeit\u2026\u201d <\/em>(17)<\/p><\/blockquote>\n<p>Solche Beispiele seiner\u00a0Stillosigkeit gibt es zuhauf. Unvergessen sein Auftritt mit Hollywoodstar Angelina Jolie im UN-Sicherheitsrat. Dort durfte er eine Sitzung leiten, in der eine Resolution gegen \u201esexualisierte Gewalt in Kriegsgebieten\u201d verabschiedet wurde.\u00a0(18) Und wieder unterlie\u00df es die <em>Tagesschau<\/em>, darauf aufmerksam zu machen, dass Maas unterm Scheinheiligenschein posierte: Deutschland liefert Jahr f\u00fcr Jahr mehr Waffen in Kriegsgebiete und an \u00e4u\u00dferst fragw\u00fcrdige Kontrahenten. Wir sind deshalb nicht nur f\u00fcr sexualisierte Gewalt mitverantwortlich, sondern auch f\u00fcr entsetzliches Massensterben, Verst\u00fcmmeln, Verhungern und Verderben.<\/p>\n<h5>Der Bedenkenlose<\/h5>\n<p>Bei der erfolglosen, vom Westen gef\u00f6rderten \u201eRegenschirm-Revolution\u201c in Hongkong machte der Dauerstudent Joshua Wong als Aufr\u00fchrer und Anstifter zu gewaltsamen Demonstrationen von sich reden. Seine Hinterleute luden ihn nach Berlin ein; prompt traf sich unser Au\u00dfenminister mit ihm auf einer Party im Verlagshaus der BILD, also im Gral des ehrbaren Journalismus\u00b4. Dort lie\u00df sich Maas von <em>Tagesschau<\/em>-Reportern stolz beim Geplauder mit dem straff\u00e4llig gewordenen R\u00e4delsf\u00fchrer filmen. (19) Dieser diplomatische Tabubruch f\u00fchrte zu erheblicher Verstimmung mit der Regierung in Beijing. Die bestellte den deutschen Botschafter ein und qualifizierte Maas\u00b4 Auftritt als \u201eAkt der Respektlosigkeit\u201c. (20)<\/p>\n<p>Auch wenn er weder Sachkenntnis noch Zust\u00e4ndigkeiten hat und seine Meinung garantiert nicht gefragt ist, verzichtet Selbstdarsteller Maas nicht auf wichtigtuerische Zwischenrufe. Die gegen Covid-19 Geimpften sollten fr\u00fcher als die Nicht-Geimpften wieder ihre Grundrechte wahrnehmen und Kinos und Restaurants besuchen d\u00fcrfen, sagte er der <em>Bild am Sonntag \u2013 <\/em>was ihm prompt eine Erw\u00e4hnung in der <em>Tagesschau <\/em>einbrachte. (21) Dass bisher noch vollkommen unklar ist, ob die Geimpften nur selbst gegen das Virus gesch\u00fctzt sind und ihre Mitmenschen immer noch infizieren k\u00f6nnen, blieb unerw\u00e4hnt.<\/p>\n<p>Maas ist, im Gegensatz zu Partei- und Fraktionsf\u00fchrung der SPD und der Mehrheit der Bev\u00f6lkerung, f\u00fcr die Ausr\u00fcstung der Bundeswehr mit Kampfdrohnen. Auch das ist nicht sein Zust\u00e4ndigkeitsgebiet. Trotzdem zitiert ihn die <em>Tagesschau<\/em> gerne:<\/p>\n<blockquote><p><em>\u201eWenn es Material gibt, das zum Schutz deutscher Soldaten und Soldatinnen im Ausland wirklich erforderlich ist, sollte man es den Soldaten auch zur Verf\u00fcgung stellen.\u201c<\/em> (22)<\/p><\/blockquote>\n<p>ARD-aktuell berichtet ja auch nur scheinbar sachlich \u00fcber den \u201eDrohnen-Streit\u201c innerhalb der gro\u00dfen Koalition. Tats\u00e4chlich l\u00e4sst sie den Bef\u00fcrwortern den Vortritt, die Kontra-Positionen spielen nur eine nachgeordnete Rolle. (23)<\/p>\n<h5>Schirmherr f\u00fcr Terroristen<\/h5>\n<p>Ein Blick auf Deutschlands Syrien-Politik. Maas unterst\u00fctzt die v\u00f6lkerrechtswidrigen EU-Sanktionen zum Aushungern der Zivilbev\u00f6lkerung. Er hat die t\u00fcrkische Invasion in Nordsyrien, t\u00fcrkischen Landraub, Zwangsumsiedlungs- und Vertreibungspolitik und beispiellose Terrorakte der von Ankara finanzierten dschihadistischen Hilfstruppen nicht nur hingenommen, sondern z.B. die Umtriebe der \u201eWei\u00dfhelme\u201c wieder mit mehr als f\u00fcnf Millionen Euro geschmiert (24).<\/p>\n<blockquote><p><em>\u201e<\/em><em>Die Wei\u00dfhelme haben seit Beginn des Syrien-Konflikts mehr als 100 000 Menschen gerettet\u2026 Ihr Einsatz verdient Bewunderung und jeden Respekt, und wir haben ihn aus \u00dcberzeugung unterst\u00fctzt.\u201c\u00a0<\/em>(25)<\/p><\/blockquote>\n<p>L\u00e4ngst ist bekannt, dass die \u201eWei\u00dfhelme\u201c eng mit den dschihadistischen Kopfabschneidern in Syrien kooperieren. Ihre Aufgabe: f\u00fcr die US-gef\u00fchrte Kriegskoalition der \u201eWilligen\u201c und f\u00fcr die NATO Propagandavideos drehen, sie an unsere willf\u00e4hrigen Mainstream-Medien liefern und das M\u00e4rchen verbreiten, \u201eMachthaber\u201c Assad f\u00fchre Krieg gegen das eigene Volk. (26)<\/p>\n<p>Nach der gro\u00dfm\u00e4uligen Ank\u00fcndigung des Au\u00dfenministers (Anm. 25), auch Deutschland werde nach Jordanien gefl\u00fcchtete \u201eWei\u00dfhelme\u201c aufnehmen, dr\u00e4ngte die Regierung in Amman fast drei Jahre lang darauf, dass Berlin diese Zusage auch einl\u00f6st. Im fraglichen Asylverfahren hatte das Bundesinnenministerium jedoch den Syrer Chalid al-Saleh abgelehnt. Der Verfassungsschutz warnte nach Auswertung von Handy-Daten, al-Saleh sei als Chef der syrischen \u201eWei\u00dfhelme\u201c in Gr\u00e4ueltaten der Dschihadisten verwickelt und mutma\u00dflich an Terrorakten beteiligt gewesen. Zweieinhalb Jahre kloppten sich Maas und Seehofer, bis der Streit in aller Heimlichkeit zugunsten al-Salehs entschieden wurde, weil das Interesse an guten Beziehungen zu Jordanien und an Gesichtswahrung f\u00fcr Maas \u00fcberwog. (27, 28) Nun steht fest: Die Bundesregierung bietet sogar mordverd\u00e4chtigen Islamisten Zuflucht und bricht Rechtsnormen, nur weil unser angeberischer Au\u00dfenminister Zusagen macht, die er nicht geben durfte.<\/p>\n<p>ARD-aktuell hatte f\u00fcr diesen Paradefall politischen Versagens nat\u00fcrlich keine Zeile \u00fcbrig. Unter dem Stichwort \u201eChalid al-Saleh\u201c findet sich nichts auf <em>tagesschau.de<\/em>.<\/p>\n<h5>Gipfel der Peinlichkeit<\/h5>\n<p>Einen diplomatischen Bankrott der Extraklasse erzielte Maas mit der Anerkennung des kriminellen Hochstaplers Juan Guaid\u00f3 (29) als \u201e\u00dcbergangspr\u00e4sident\u201c Venezuelas. Gerade erst hatte der sonst so ver\u00e4chtlich betrachtete US-Pr\u00e4sident Trump den Guaid\u00f3 gek\u00fcrt, da zog Maas schon tags darauf liebedienerisch nach. Die Warnungen der Wissenschaftlichen Dienste des Bundestages schlug er abermals in den Wind. Sein nicht nur un\u00fcbliches und undiplomatisches, sondern v\u00f6lkerrechtswidriges Beharren<\/p>\n<blockquote><p><em>\u201eWir sind nicht neutral, wir stehen auf der Seite von Guaid\u00f3\u201c <\/em>(30)<em>, <\/em><\/p><\/blockquote>\n<p>disqualifizierte ihn ein weiteres Mal f\u00fcr sein Amt. Er durfte trotzdem bleiben. Mutti Merkel machte die Raute.<\/p>\n<p>Als Trumps Macht verlosch, Rektalvisiten beim scheidenden US-Herrscher nichts mehr versprachen und der EU-Au\u00dfenbeauftragte Josep Borrell sogar vermied, Juan Guaid\u00f3 wie bisher wenigstens noch als \u201ePr\u00e4sident der Nationalversammlung\u201c\u00a0zu titulieren (31), da erst \u00e4nderte auch Maas endlich den Kurs. Auf die Frage, ob die Bundesregierung Juan Guaid\u00f3 noch als venezolanischen Pr\u00e4sidenten anerkenne, versuchte sich der Sprecher des Au\u00dfenministers blo\u00df noch in Gesichtswahrung:<\/p>\n<blockquote><p><em>\u201eEs wird sich nichts daran \u00e4ndern, dass die Bundesregierung an der Seite der demokratischen Kr\u00e4fte in Venezuela unter F\u00fchrung von Juan Guaid\u00f3 steht.\u201c<\/em> (32)<\/p><\/blockquote>\n<h5>Politischer Bockmist<\/h5>\n<p>In Maas\u00b4 verheerender au\u00dfenpolitischer Bilanz stehen Minusposten zuhauf: Sein aggressiver Stuss \u00fcber den Umgang Beijings mit der uigurischen Minderheit in Xinjiang (reichhaltiges CIA-Reservoir f\u00fcr islamistische S\u00f6ldner) (33), sein sch\u00e4biges Verhalten gegen\u00fcber dem aus dem Amt geputschten bolivianischen Pr\u00e4sidenten Morales (34), sein ekliges Foto-Shooting mit dem durchgeknallten brasilianischen Pr\u00e4sidenten Bolsonaro (35), sein feiges Schweigen \u00fcber den britischen Umgang mit Julian Assange (36), sein Versagen beim peinlichen Versuch, f\u00fcr Deutschland einen st\u00e4ndigen Sitz im UN-Sicherheitsrat zu ergattern (37), sein niedertr\u00e4chtiger Stil gegen\u00fcber seinem Amtskollegen Lawrow und die schwere Sch\u00e4digung der deutsch-russischen Beziehungen (28), seine Stimmenthaltung beim UN-Beschluss \u00fcber das Atomwaffenverbot (39), sein Schweigen \u00fcber die ungez\u00e4hlten Kriegsverbrechen der USA (40) \u2026<\/p>\n<p>Kurzum: Der deutsche Ansehensverlust auf der Weltb\u00fchne, die Summe strategischer Fehler, die uns\u00e4glichen diplomatischen Patzer und Peinlichkeiten der letzten Jahre haben einen Sammelnamen: Maas.<\/p>\n<h5>Eine Pfeifensammlung<\/h5>\n<p>Dass Maas, die Fehlbesetzung, jederzeit seinem Hang zur Angeberei fr\u00f6nen und kistenweise Porzellan zerdeppern darf, ist typisch f\u00fcr dieses letzte Merkel-Kabinett:<\/p>\n<p>CSU-Verkehrsminister Scheuer darf 600 Euro-Millionen f\u00fcr kriminelle Vertr\u00e4ge mit Maut-Eintreibern verpulvern, Finanzminister Scholz mit \u201eWumms\u201c und Euro-Milliarden die reiche Autoindustrie (Verm\u00f6gen im Ausland gebunkert) verw\u00f6hnen, Kriegsministerin Kramp-Karrenbauer unabgesprochen US-Kampfflugzeuge bestellen, Landwirtschaftsministerin Kl\u00f6ckner sich als sch\u00e4dliche Null im Umwelt-, Verbraucher- und Tierschutz erweisen, Familienministerin Giffey ihren Doktortitel und ihr Gesicht verlieren, Wirtschaftsminister Altmaier als Krisen-Manager versagen und Gesundheitsminister Spahn mit einer Fehlentscheidung nach der anderen Schaden \u00fcber Land und Leute bringen: alles wurschtegal, jeder nach seiner Fasson und alle passend f\u00fcr ihr Gruselkabinett. Die <em>Tagesschau<\/em> nimmt ja nie das gro\u00dfe Ganze in den Blick.<\/p>\n<h5>Zu guter Letzt<\/h5>\n<p>Es verwundert also nicht mehr, dass die <em>Tagesschau<\/em> Maas auch bei seiner Halse nach dem Personalwechsel im Wei\u00dfen Haus das Mikrofon \u00fcberlie\u00df:<\/p>\n<blockquote><p><em>\u201eEuropa wird insgesamt mehr Verantwortung \u00fcbernehmen m\u00fcssen, das gilt nicht nur milit\u00e4risch, das gilt auch im diplomatischen Bereich und in vielen anderen Dingen.\u201c <\/em>(41),<\/p><\/blockquote>\n<p>Was Maas halt so schw\u00e4tzt, wenn der Tag lang ist. Der Mann ist zum Gl\u00fcck die l\u00e4ngste Zeit Au\u00dfenminister gewesen. Nur noch schlappe 35 Wochen bis zur Bundestagswahl, dann sind wir ihn los. Bis dahin k\u00f6nnen sich Tante Trudi und Onkel Theobald vor den Verdummungsangeboten der <em>Tagesschau<\/em> in den Alkohol fl\u00fcchten. Besser ein KO aus der Flasche als der aus der Wunderlampe.<\/p>\n<p><strong>Quellen und Anmerkungen:<\/strong><\/p>\n<ol>\n<li><a href=\"https:\/\/www.blickpunkt-lateinamerika.de\/artikel\/deutschland-erkennt-guaido-als-interimspraesident-an\/\">https:\/\/www.blickpunkt-lateinamerika.de\/artikel\/deutschland-erkennt-guaido-als-interimspraesident-an\/<\/a><\/li>\n<li><a href=\"https:\/\/www.tagesschau.de\/multimedia\/video\/video-812381.html\">https:\/\/www.tagesschau.de\/multimedia\/video\/video-812381.html<\/a><\/li>\n<li><a href=\"https:\/\/www.jungewelt.de\/artikel\/394017.usa-im-fokus-amtsenthebung-angestrebt.html\">https:\/\/www.jungewelt.de\/artikel\/394017.usa-im-fokus-amtsenthebung-angestrebt.html<\/a><\/li>\n<li><a href=\"https:\/\/www.bild.de\/politik\/ausland\/politik-ausland\/marshall-plan-fuer-die-demokratie-peinliches-maas-angebot-an-die-usa-74830856.bild.html\">https:\/\/www.bild.de\/politik\/ausland\/politik-ausland\/marshall-plan-fuer-die-demokratie-peinliches-maas-angebot-an-die-usa-74830856.bild.html<\/a><\/li>\n<li><a href=\"https:\/\/daserste.ndr.de\/panorama\/archiv\/2019\/Fataler-Streit-Deutschland-und-Frankreich-in-Libyen-ueber-Kreuz,fluchtursachenlibyen102.html\">https:\/\/daserste.ndr.de\/panorama\/archiv\/2019\/Fataler-Streit-Deutschland-und-Frankreich-in-Libyen-ueber-Kreuz,fluchtursachenlibyen102.html<\/a><\/li>\n<li><a href=\"https:\/\/www.auswaertiges-amt.de\/de\/aussenpolitik\/laender\/libyen-node\/berliner-libyen-konferenz\/2292766\">https:\/\/www.auswaertiges-amt.de\/de\/aussenpolitik\/laender\/libyen-node\/berliner-libyen-konferenz\/2292766<\/a><\/li>\n<li><a href=\"https:\/\/www.tagesschau.de\/ausland\/libyen-wahlen-105.html\">https:\/\/www.tagesschau.de\/ausland\/libyen-wahlen-105.html<\/a><\/li>\n<li><a href=\"https:\/\/www.kas.de\/de\/laenderberichte\/detail\/-\/content\/2021-libyens-schicksalsjahr\">https:\/\/www.kas.de\/de\/laenderberichte\/detail\/-\/content\/2021-libyens-schicksalsjahr<\/a><\/li>\n<li>\u00a0<a href=\"https:\/\/www.tagesschau.de\/multimedia\/video\/video-811293.html\">https:\/\/www.tagesschau.de\/multimedia\/video\/video-811293.html<\/a><\/li>\n<li><a href=\"https:\/\/www.heise.de\/tp\/features\/Lieber-Heiko-traf-lieben-Mevluet-5028673.html\">https:\/\/www.heise.de\/tp\/features\/Lieber-Heiko-traf-lieben-Mevluet-5028673.html<\/a><\/li>\n<li><a href=\"https:\/\/www.freitag.de\/autoren\/gela\/kurznachrichten-libyen-21-01.2021\">https:\/\/www.freitag.de\/autoren\/gela\/kurznachrichten-libyen-21-01.2021<\/a><\/li>\n<li><a href=\"https:\/\/libyareview.com\/9649\/sohr-new-batch-of-syrian-mercenaries-arrive-in-libya\/\">https:\/\/libyareview.com\/9649\/sohr-new-batch-of-syrian-mercenaries-arrive-in-libya\/<\/a><\/li>\n<li><a href=\"https:\/\/www.german-foreign-policy.com\/news\/detail\/8490\/\">https:\/\/www.german-foreign-policy.com\/news\/detail\/8490\/<\/a><\/li>\n<li><a href=\"https:\/\/www.linksfraktion.de\/presse\/pressemitteilungen\/detail\/fall-nawalny-bundesregierung-ignoriert-informationsrecht-der-abgeordneten\/\">https:\/\/www.linksfraktion.de\/presse\/pressemitteilungen\/detail\/fall-nawalny-bundesregierung-ignoriert-informationsrecht-der-abgeordneten\/<\/a><\/li>\n<li><a href=\"https:\/\/www.focus.de\/politik\/deutschland\/bundestagswahl_2017\/bundestagswahl-im-news-ticker-maas-wirft-altmaier-wahlkampfhilfe-fuer-afd-vor_id_7619348.html\">https:\/\/www.focus.de\/politik\/deutschland\/bundestagswahl_2017\/bundestagswahl-im-news-ticker-maas-wirft-altmaier-wahlkampfhilfe-fuer-afd-vor_id_7619348.html<\/a><\/li>\n<li><a href=\"https:\/\/www.bundestagswahl-2021.de\/umfragen\/\">https:\/\/www.bundestagswahl-2021.de\/umfragen\/<\/a><\/li>\n<li><a href=\"https:\/\/www.tagesschau.de\/multimedia\/audio\/audio-70015.html\">https:\/\/www.tagesschau.de\/multimedia\/audio\/audio-70015.html<\/a><\/li>\n<li><a href=\"https:\/\/www.tagesschau.de\/ausland\/maas-jolie-sexuelle-gewalt-101.html\">https:\/\/www.tagesschau.de\/ausland\/maas-jolie-sexuelle-gewalt-101.html<\/a><\/li>\n<li><a href=\"https:\/\/www.tagesschau.de\/multimedia\/video\/video-593783.html\">https:\/\/www.tagesschau.de\/multimedia\/video\/video-593783.html<\/a><\/li>\n<li><a href=\"https:\/\/www.spiegel.de\/politik\/ausland\/china-bestellt-deutschen-botschafter-wegen-heiko-maas-ein-a-1286306.html\">https:\/\/www.spiegel.de\/politik\/ausland\/china-bestellt-deutschen-botschafter-wegen-heiko-maas-ein-a-1286306.html<\/a><\/li>\n<li><a href=\"https:\/\/www.tagesschau.de\/inland\/faq-coronavirus-impfungen-privilegien-101.html\">https:\/\/www.tagesschau.de\/inland\/faq-coronavirus-impfungen-privilegien-101.html<\/a><\/li>\n<li><a href=\"https:\/\/www.tagesschau.de\/inland\/drohnen-diskussion-generalinspekteur-101.html\">https:\/\/www.tagesschau.de\/inland\/drohnen-diskussion-generalinspekteur-101.html<\/a><\/li>\n<li><a href=\"https:\/\/www.tagesschau.de\/inland\/drohnen-streit-wahlkampf-spd-101.html\">https:\/\/www.tagesschau.de\/inland\/drohnen-streit-wahlkampf-spd-101.html<\/a><\/li>\n<li><a href=\"https:\/\/www.anti-spiegel.ru\/2020\/klare-worte-aus-russland-ueber-die-deutsche-unterstuetzung-von-dschihadisten\/\">https:\/\/www.anti-spiegel.ru\/2020\/klare-worte-aus-russland-ueber-die-deutsche-unterstuetzung-von-dschihadisten\/<\/a><\/li>\n<li><a href=\"https:\/\/www.bild.de\/politik\/ausland\/syrien\/white-helmets-von-israel-gerettet-56391336.bild.html\">https:\/\/www.bild.de\/politik\/ausland\/syrien\/white-helmets-von-israel-gerettet-56391336.bild.html<\/a><\/li>\n<li><a href=\"https:\/\/www.heise.de\/tp\/features\/Warum-ich-die-Aufnahme-von-Mitgliedern-der-syrischen-Weisshelme-kritisiere-4123714.html\">https:\/\/www.heise.de\/tp\/features\/Warum-ich-die-Aufnahme-von-Mitgliedern-der-syrischen-Weisshelme-kritisiere-4123714.html<\/a><\/li>\n<li><a href=\"https:\/\/www.welt.de\/politik\/deutschland\/article222033934\/Syrien-Fuehrendes-Mitglied-der-Weisshelme-in-Deutschland-eingetroffen.html\">https:\/\/www.welt.de\/politik\/deutschland\/article222033934\/Syrien-Fuehrendes-Mitglied-der-Weisshelme-in-Deutschland-eingetroffen.html<\/a><\/li>\n<li><a href=\"https:\/\/www.bbc.com\/news\/world-europe-55234340\">https:\/\/www.bbc.com\/news\/world-europe-55234340<\/a><\/li>\n<li><a href=\"https:\/\/www.telesurenglish.net\/news\/Venezuela-Guaido-Has-Over-2-Billion-in-European-Bank-Accounts-20210118-0016.html\">https:\/\/www.telesurenglish.net\/news\/Venezuela-Guaido-Has-Over-2-Billion-in-European-Bank-Accounts-20210118-0016.html<\/a><\/li>\n<li><a href=\"https:\/\/consent.yahoo.com\/v2\/collectConsent?sessionId=3_cc-session_3ef85eda-399f-455b-9218-2f2ac865c055\">https:\/\/consent.yahoo.com\/v2\/collectConsent?sessionId=3_cc-session_3ef85eda-399f-455b-9218-2f2ac865c055<\/a><\/li>\n<li><a href=\"https:\/\/amerika21.de\/2021\/01\/246720\/venezuela-eu-weitere-anerkennung-guaido\">https:\/\/amerika21.de\/2021\/01\/246720\/venezuela-eu-weitere-anerkennung-guaido<\/a><\/li>\n<li><a href=\"https:\/\/www.auswaertiges-amt.de\/de\/newsroom\/regierungspressekonferenz\/2432696\">https:\/\/www.auswaertiges-amt.de\/de\/newsroom\/regierungspressekonferenz\/2432696<\/a><\/li>\n<li><a href=\"https:\/\/www.t-online.de\/nachrichten\/deutschland\/id_88497634\/heiko-maas-weist-chinas-drohungen-zurueck-und-fordert-un-mission.html\">https:\/\/www.t-online.de\/nachrichten\/deutschland\/id_88497634\/heiko-maas-weist-chinas-drohungen-zurueck-und-fordert-un-mission.html<\/a><\/li>\n<li><a href=\"https:\/\/www.freitag.de\/autoren\/wbranscheid\/offener-brief-an-heiko-maas\">https:\/\/www.freitag.de\/autoren\/wbranscheid\/offener-brief-an-heiko-maas<\/a><\/li>\n<li><a href=\"https:\/\/www.faz.net\/aktuell\/politik\/ausland\/brasilien-heiko-maas-trifft-jair-bolsonaro-16165226.html\">https:\/\/www.faz.net\/aktuell\/politik\/ausland\/brasilien-heiko-maas-trifft-jair-bolsonaro-16165226.html<\/a><\/li>\n<li><a href=\"http:\/\/www.nrhz.de\/flyer\/beitrag.php?id=27208\">http:\/\/www.nrhz.de\/flyer\/beitrag.php?id=27208<\/a><\/li>\n<li><a href=\"https:\/\/www.anti-spiegel.ru\/2020\/deutscher-uno-botschafter-christoph-heusgen-der-diplomatische-supergau\/\">https:\/\/www.anti-spiegel.ru\/2020\/deutscher-uno-botschafter-christoph-heusgen-der-diplomatische-supergau\/<\/a><\/li>\n<li><a href=\"https:\/\/theworldnews.net\/ch-news\/fall-nawalny-nimmt-kein-ende-russland-erlasst-sanktionen-gegen-deutsche-beamte\">https:\/\/theworldnews.net\/ch-news\/fall-nawalny-nimmt-kein-ende-russland-erlasst-sanktionen-gegen-deutsche-beamte<\/a><\/li>\n<li><a href=\"https:\/\/www.sevimdagdelen.de\/atomwaffenverbot-wissenschaftliche-dienste-widersprechen-bundesregierung\/\">https:\/\/www.sevimdagdelen.de\/atomwaffenverbot-wissenschaftliche-dienste-widersprechen-bundesregierung\/<\/a><\/li>\n<li><a href=\"https:\/\/www.linksfraktion.de\/themen\/nachrichten\/detail\/bundesregierung-macht-sich-zum-komplizen-von-us-kriegsverbrechen\/\">https:\/\/www.linksfraktion.de\/themen\/nachrichten\/detail\/bundesregierung-macht-sich-zum-komplizen-von-us-kriegsverbrechen\/<\/a><\/li>\n<li><a href=\"https:\/\/www.tagesschau.de\/inland\/deutsche-reaktionen-biden-101.html\">https:\/\/www.tagesschau.de\/inland\/deutsche-reaktionen-biden-101.html<\/a><\/li>\n<\/ol>\n<p style=\"text-align: right;\"><em><strong>Das\u00a0Autoren-Team:\u00a0<\/strong><\/em><\/p>\n<p style=\"text-align: right;\"><em>Friedhelm Klinkhammer, Jahrgang\u00a01944, Jurist. 1975 bis 2008 Mitarbeiter des NDR, zeitweise Vorsitzender des NDR-Gesamtpersonalrats und des ver.di-Betriebsverbandes\u00a0sowie Referent einer Funkhausdirektorin.<\/em><\/p>\n<p style=\"text-align: right;\"><em>Volker Br\u00e4utigam, Jahrgang 1941, Redakteur. 1975 bis 1996 Mitarbeiter des NDR, zun\u00e4chst in der Tagesschau, von 1992 an in der Kulturredaktion f\u00fcr N3. Danach Lehrauftrag an der Fu-Jen-Universit\u00e4t\u00a0in Taipeh.<\/em><\/p>\n<p style=\"text-align: right;\"><em>Beide Autoren sind Mitglieder des Beirates des Deutschen Freidenker-Verbandes.<\/em><\/p>\n<p><span style=\"font-size: 10pt;\">Dieser Beitrag erschien am 24.01.2021 auch auf <a href=\"https:\/\/publikumskonferenz.de\/blog\/2021\/01\/24\/die-schoene-maas-maer-der-tagesschau\/\" target=\"_blank\" rel=\"noopener\">publikumskonferenz.de<\/a><\/span><\/p>\n<hr \/>\n<p><span style=\"font-size: 10pt;\">Bild: Collage von Ralf Lux unter Verwendung von:<\/span><\/p>\n<p><span style=\"font-size: 10pt;\">Heiko Maas im Bundestag 2019<br \/>\nFoto: Olaf Kosinsky &#8211; Own work, <a href=\"https:\/\/creativecommons.org\/licenses\/by-sa\/3.0\/de\/deed.en\" target=\"_blank\" rel=\"noopener\">CC BY-SA 3.0 de<\/a><br \/>\nQuelle: <a href=\"https:\/\/commons.wikimedia.org\/w\/index.php?curid=78151521\" target=\"_blank\" rel=\"noopener\">https:\/\/commons.wikimedia.org\/w\/index.php?curid=78151521<\/a><br \/>\n<\/span><\/p>\n","protected":false},"excerpt":{"rendered":"<p><b>Beitrag von Friedhelm Klinkhammer und Volker Br\u00e4utigam<\/b><br \/>\nHeiko Maas, der Allesk\u00f6nner: H\u00f6chste Zeit f\u00fcr die l\u00e4ngst verdiente W\u00fcrdigung. Hat er doch gerade erst eine politische Volte der Extraklasse vollbracht: dem vorigen US-Pr\u00e4sidenten bis zu dessen Abgang die Stiefel geleckt  und nun gleich dem Neuen von oben herab angeboten, \u201emit den USA an einem gemeinsamen Marshallplan f\u00fcr die Demokratie zu arbeiten\u201c. Bravissimo! Daf\u00fcr nun endlich auch unser Lob der Tagesschau: Sie hat den sicheren Blick f\u00fcr hohe politische Kunstfertigkeit. Deshalb darf Maas sich in ihren Nachrichten auch regelm\u00e4\u00dfig mit Selbstdarstellungsgas aufpumpen bis er schwebt. Oder Realsatire vom Feinsten bieten.<\/p>\n","protected":false},"author":3,"featured_media":9413,"comment_status":"closed","ping_status":"closed","sticky":false,"template":"","format":"standard","meta":{"colormag_page_container_layout":"default_layout","colormag_page_sidebar_layout":"default_layout","advanced_seo_description":"","jetpack_seo_html_title":"","jetpack_seo_noindex":false,"jetpack_post_was_ever_published":false,"footnotes":""},"categories":[12],"tags":[1094,699,773,336,1126,655],"class_list":["post-9410","post","type-post","status-publish","format-standard","has-post-thumbnail","hentry","category-demokratie-medien-aufklaerung","tag-ard","tag-aussenpolitik","tag-libyen","tag-syrien","tag-tagesschau","tag-tuerkei"],"jetpack_featured_media_url":"https:\/\/i0.wp.com\/www.freidenker.org\/fw17\/wp-content\/uploads\/2021\/01\/Heiko_Maas_dreifach_800x450.jpg?fit=800%2C450&ssl=1","jetpack_shortlink":"https:\/\/wp.me\/p9stpK-2rM","jetpack-related-posts":[{"id":9608,"url":"https:\/\/www.freidenker.org\/?p=9608","url_meta":{"origin":9410,"position":0},"title":"Die bornierte Falschheit von Maas und Merkel","author":"Webredaktion","date":"22. Februar 2021","format":false,"excerpt":"Beitrag von Friedhelm Klinkhammer und Volker Br\u00e4utigam F\u00fcr den Hausgebrauch formuliert unser aller Kanzlerin Angela Merkel ihren Kategorischen Imperativ: \u201eRechtsextremismus m\u00fcssen wir in den Anf\u00e4ngen bek\u00e4mpfen, ohne jedes Tabu \u2026 sonst haben wir einen vollkommenen Verlust der Glaubw\u00fcrdigkeit.\u201c Beachtet man allerdings, wie Merkels Regierungssprecher sich ahnungslos und nicht-wissend gegen\u00fcber dem\u2026","rel":"","context":"In &quot;Demokratie \u2013 Medien \u2013 Aufkl\u00e4rung&quot;","block_context":{"text":"Demokratie \u2013 Medien \u2013 Aufkl\u00e4rung","link":"https:\/\/www.freidenker.org\/?cat=12"},"img":{"alt_text":"","src":"https:\/\/i0.wp.com\/www.freidenker.org\/fw17\/wp-content\/uploads\/2021\/02\/maas_merkel_800x450_v2.jpg.jpg?fit=800%2C450&ssl=1&resize=350%2C200","width":350,"height":200,"srcset":"https:\/\/i0.wp.com\/www.freidenker.org\/fw17\/wp-content\/uploads\/2021\/02\/maas_merkel_800x450_v2.jpg.jpg?fit=800%2C450&ssl=1&resize=350%2C200 1x, https:\/\/i0.wp.com\/www.freidenker.org\/fw17\/wp-content\/uploads\/2021\/02\/maas_merkel_800x450_v2.jpg.jpg?fit=800%2C450&ssl=1&resize=525%2C300 1.5x, https:\/\/i0.wp.com\/www.freidenker.org\/fw17\/wp-content\/uploads\/2021\/02\/maas_merkel_800x450_v2.jpg.jpg?fit=800%2C450&ssl=1&resize=700%2C400 2x"},"classes":[]},{"id":11173,"url":"https:\/\/www.freidenker.org\/?p=11173","url_meta":{"origin":9410,"position":1},"title":"\u201eTrauerspiel Afghanistan\u201c: Zweiter Akt","author":"Webredaktion","date":"5. September 2021","format":false,"excerpt":"Beitrag von\u00a0Friedhelm Klinkhammer\u00a0und\u00a0Volker Br\u00e4utigam Es ist schon beeindruckend, wie es unseren Mainstream-Medien unter F\u00fchrung ihres \u201eFlaggschiffs\u201c Tagesschau gelingt, selbst in Berichten von den aktuellen Panikszenen am Kabuler Flughafen von den Verbrechen der westlichen Besatzer in Afghanistan abzulenken und sie \u201cunsichtbar\u201d zu machen. Bis heute \u2013 und trotz der verdienten Niederlage\u2026","rel":"","context":"In &quot;Demokratie \u2013 Medien \u2013 Aufkl\u00e4rung&quot;","block_context":{"text":"Demokratie \u2013 Medien \u2013 Aufkl\u00e4rung","link":"https:\/\/www.freidenker.org\/?cat=12"},"img":{"alt_text":"","src":"https:\/\/i0.wp.com\/www.freidenker.org\/fw17\/wp-content\/uploads\/2021\/09\/Evacuation_at_Hamid_Karzai_International_Airport_210821-M-AU949-0155_800x450.jpg?fit=800%2C450&ssl=1&resize=350%2C200","width":350,"height":200,"srcset":"https:\/\/i0.wp.com\/www.freidenker.org\/fw17\/wp-content\/uploads\/2021\/09\/Evacuation_at_Hamid_Karzai_International_Airport_210821-M-AU949-0155_800x450.jpg?fit=800%2C450&ssl=1&resize=350%2C200 1x, https:\/\/i0.wp.com\/www.freidenker.org\/fw17\/wp-content\/uploads\/2021\/09\/Evacuation_at_Hamid_Karzai_International_Airport_210821-M-AU949-0155_800x450.jpg?fit=800%2C450&ssl=1&resize=525%2C300 1.5x, https:\/\/i0.wp.com\/www.freidenker.org\/fw17\/wp-content\/uploads\/2021\/09\/Evacuation_at_Hamid_Karzai_International_Airport_210821-M-AU949-0155_800x450.jpg?fit=800%2C450&ssl=1&resize=700%2C400 2x"},"classes":[]},{"id":7047,"url":"https:\/\/www.freidenker.org\/?p=7047","url_meta":{"origin":9410,"position":2},"title":"Gro\u00dfer Bahnhof f\u00fcr einen Gr\u00fcnschnabel","author":"Webredaktion","date":"2. Oktober 2019","format":false,"excerpt":"Beitrag von Friedhelm Klinkhammer und Volker Br\u00e4utigam Grundmuster der US-amerikanischen Chinapolitik: Soziale Sabotage. Politische, organisatorische und finanzielle Unterst\u00fctzung von Versuchen, zu destabilisieren und \u201eregime change\u201c herbeizuf\u00fchren, notfalls gewaltsam. Ob in Tibet, in Xingjiang oder in Hongkong: Immer und \u00fcberall finden die USA Leute, die sich infolge Beschr\u00e4nktheit oder gegen Geld\u2026","rel":"","context":"In &quot;Demokratie \u2013 Medien \u2013 Aufkl\u00e4rung&quot;","block_context":{"text":"Demokratie \u2013 Medien \u2013 Aufkl\u00e4rung","link":"https:\/\/www.freidenker.org\/?cat=12"},"img":{"alt_text":"","src":"https:\/\/i0.wp.com\/www.freidenker.org\/fw17\/wp-content\/uploads\/2019\/10\/umbrellas-2780384_800x445.jpg?fit=800%2C445&ssl=1&resize=350%2C200","width":350,"height":200,"srcset":"https:\/\/i0.wp.com\/www.freidenker.org\/fw17\/wp-content\/uploads\/2019\/10\/umbrellas-2780384_800x445.jpg?fit=800%2C445&ssl=1&resize=350%2C200 1x, https:\/\/i0.wp.com\/www.freidenker.org\/fw17\/wp-content\/uploads\/2019\/10\/umbrellas-2780384_800x445.jpg?fit=800%2C445&ssl=1&resize=525%2C300 1.5x, https:\/\/i0.wp.com\/www.freidenker.org\/fw17\/wp-content\/uploads\/2019\/10\/umbrellas-2780384_800x445.jpg?fit=800%2C445&ssl=1&resize=700%2C400 2x"},"classes":[]},{"id":6967,"url":"https:\/\/www.freidenker.org\/?p=6967","url_meta":{"origin":9410,"position":3},"title":"Die M\u00e4r von Deutschlands humanit\u00e4rer Au\u00dfenpolitik","author":"Webredaktion","date":"15. September 2019","format":false,"excerpt":"Beitrag von Friedhelm Klinkhammer und Volker Br\u00e4utigam Wir sind die Guten! Wei\u00df doch jeder. Deutschland tritt weltweit f\u00fcr Frieden, Freiheit, Humanit\u00e4t und Rechtswahrung ein. Unser Au\u00dfenminister Heiko Maas ist die menschgewordene Geradlinigkeit. Schaut, wie aufrecht er da steht und geht! \u2013 Glaubt man dem regelm\u00e4\u00dfig in der Tagesschau nachgebeteten \u201eDeutschland-Trend\u201c\u2026","rel":"","context":"In &quot;Demokratie \u2013 Medien \u2013 Aufkl\u00e4rung&quot;","block_context":{"text":"Demokratie \u2013 Medien \u2013 Aufkl\u00e4rung","link":"https:\/\/www.freidenker.org\/?cat=12"},"img":{"alt_text":"","src":"https:\/\/i0.wp.com\/www.freidenker.org\/fw17\/wp-content\/uploads\/2019\/09\/Heiko_Maas_SPD_MdB_by_Olaf_Kosinsky-7911_800x445.jpg?fit=800%2C445&ssl=1&resize=350%2C200","width":350,"height":200,"srcset":"https:\/\/i0.wp.com\/www.freidenker.org\/fw17\/wp-content\/uploads\/2019\/09\/Heiko_Maas_SPD_MdB_by_Olaf_Kosinsky-7911_800x445.jpg?fit=800%2C445&ssl=1&resize=350%2C200 1x, https:\/\/i0.wp.com\/www.freidenker.org\/fw17\/wp-content\/uploads\/2019\/09\/Heiko_Maas_SPD_MdB_by_Olaf_Kosinsky-7911_800x445.jpg?fit=800%2C445&ssl=1&resize=525%2C300 1.5x, https:\/\/i0.wp.com\/www.freidenker.org\/fw17\/wp-content\/uploads\/2019\/09\/Heiko_Maas_SPD_MdB_by_Olaf_Kosinsky-7911_800x445.jpg?fit=800%2C445&ssl=1&resize=700%2C400 2x"},"classes":[]},{"id":7763,"url":"https:\/\/www.freidenker.org\/?p=7763","url_meta":{"origin":9410,"position":4},"title":"Nichts ist gut mit den Taliban","author":"Webredaktion","date":"20. M\u00e4rz 2020","format":false,"excerpt":"Beitrag von Friedhelm Klinkhammer und Volker Br\u00e4utigam Welch ein Brimborium: Nach 18 Jahren Krieg in Afghanistan haben die USA mit den Taliban am 29. Februar ein \u201eFriedensabkommen\u201c geschlossen. Eine Regierungserkl\u00e4rung der Bundeskanzlerin gab es trotzdem nicht, Merkel war mal wieder abgetaucht. Statt ihrer durfte Au\u00dfenminister Heiko Maas seine Veranlagung zu\u2026","rel":"","context":"In &quot;Frieden - Antifaschismus - Solidarit\u00e4t&quot;","block_context":{"text":"Frieden - Antifaschismus - Solidarit\u00e4t","link":"https:\/\/www.freidenker.org\/?cat=13"},"img":{"alt_text":"","src":"https:\/\/i0.wp.com\/www.freidenker.org\/fw17\/wp-content\/uploads\/2020\/03\/fahnenuebergabe_800x445.jpg?fit=800%2C445&ssl=1&resize=350%2C200","width":350,"height":200,"srcset":"https:\/\/i0.wp.com\/www.freidenker.org\/fw17\/wp-content\/uploads\/2020\/03\/fahnenuebergabe_800x445.jpg?fit=800%2C445&ssl=1&resize=350%2C200 1x, https:\/\/i0.wp.com\/www.freidenker.org\/fw17\/wp-content\/uploads\/2020\/03\/fahnenuebergabe_800x445.jpg?fit=800%2C445&ssl=1&resize=525%2C300 1.5x, https:\/\/i0.wp.com\/www.freidenker.org\/fw17\/wp-content\/uploads\/2020\/03\/fahnenuebergabe_800x445.jpg?fit=800%2C445&ssl=1&resize=700%2C400 2x"},"classes":[]},{"id":8801,"url":"https:\/\/www.freidenker.org\/?p=8801","url_meta":{"origin":9410,"position":5},"title":"Abgedreht: Merkel, Scholz, Maas, Navalny","author":"Webredaktion","date":"15. Oktober 2020","format":false,"excerpt":"Beitrag von Friedhelm Klinkhammer und Volker Br\u00e4utigam \u201eNicht der Krieg, der Frieden ist der Vater aller Dinge\u201c, fand Willy Brandt, erster der vier sozialdemokratischen Au\u00dfenminister in der 71j\u00e4hrigen Geschichte der Bundesrepublik \u2013 und deren einziger r\u00fchmlicher. Nach ihm und nach jahrzehntelanger Pause hielt die Degeneration der SPD auch Einzug im\u2026","rel":"","context":"In &quot;Demokratie \u2013 Medien \u2013 Aufkl\u00e4rung&quot;","block_context":{"text":"Demokratie \u2013 Medien \u2013 Aufkl\u00e4rung","link":"https:\/\/www.freidenker.org\/?cat=12"},"img":{"alt_text":"","src":"https:\/\/i0.wp.com\/www.freidenker.org\/fw17\/wp-content\/uploads\/2020\/10\/russland_sanktionen_800x450.jpg?fit=800%2C450&ssl=1&resize=350%2C200","width":350,"height":200,"srcset":"https:\/\/i0.wp.com\/www.freidenker.org\/fw17\/wp-content\/uploads\/2020\/10\/russland_sanktionen_800x450.jpg?fit=800%2C450&ssl=1&resize=350%2C200 1x, https:\/\/i0.wp.com\/www.freidenker.org\/fw17\/wp-content\/uploads\/2020\/10\/russland_sanktionen_800x450.jpg?fit=800%2C450&ssl=1&resize=525%2C300 1.5x, https:\/\/i0.wp.com\/www.freidenker.org\/fw17\/wp-content\/uploads\/2020\/10\/russland_sanktionen_800x450.jpg?fit=800%2C450&ssl=1&resize=700%2C400 2x"},"classes":[]}],"_links":{"self":[{"href":"https:\/\/www.freidenker.org\/index.php?rest_route=\/wp\/v2\/posts\/9410","targetHints":{"allow":["GET"]}}],"collection":[{"href":"https:\/\/www.freidenker.org\/index.php?rest_route=\/wp\/v2\/posts"}],"about":[{"href":"https:\/\/www.freidenker.org\/index.php?rest_route=\/wp\/v2\/types\/post"}],"author":[{"embeddable":true,"href":"https:\/\/www.freidenker.org\/index.php?rest_route=\/wp\/v2\/users\/3"}],"replies":[{"embeddable":true,"href":"https:\/\/www.freidenker.org\/index.php?rest_route=%2Fwp%2Fv2%2Fcomments&post=9410"}],"version-history":[{"count":0,"href":"https:\/\/www.freidenker.org\/index.php?rest_route=\/wp\/v2\/posts\/9410\/revisions"}],"wp:featuredmedia":[{"embeddable":true,"href":"https:\/\/www.freidenker.org\/index.php?rest_route=\/wp\/v2\/media\/9413"}],"wp:attachment":[{"href":"https:\/\/www.freidenker.org\/index.php?rest_route=%2Fwp%2Fv2%2Fmedia&parent=9410"}],"wp:term":[{"taxonomy":"category","embeddable":true,"href":"https:\/\/www.freidenker.org\/index.php?rest_route=%2Fwp%2Fv2%2Fcategories&post=9410"},{"taxonomy":"post_tag","embeddable":true,"href":"https:\/\/www.freidenker.org\/index.php?rest_route=%2Fwp%2Fv2%2Ftags&post=9410"}],"curies":[{"name":"wp","href":"https:\/\/api.w.org\/{rel}","templated":true}]}}