{"id":9407,"date":"2021-01-24T21:14:23","date_gmt":"2021-01-24T20:14:23","guid":{"rendered":"https:\/\/www.freidenker.org\/?p=9407"},"modified":"2021-02-18T02:38:33","modified_gmt":"2021-02-18T01:38:33","slug":"auch-mit-joe-biden-osteuropa-bleibt-im-visier-der-usa","status":"publish","type":"post","link":"https:\/\/www.freidenker.org\/?p=9407","title":{"rendered":"Auch mit Joe Biden: Osteuropa bleibt im Visier der USA"},"content":{"rendered":"<p><strong>Bereits vor seiner Wahl zum US-Pr\u00e4sidenten hat Joe Biden den globalen F\u00fchrungsanspruch der USA bekr\u00e4ftigt. Zu dessen Umsetzung ist die Vorherrschaft in Eurasien laut dem US-Strategen Brzezinski unerl\u00e4sslich. Neben China steht dort vor allem Russland den US-Interessen im Weg &#8211; weshalb die neue Biden-Administration Osteuropa verst\u00e4rkt ins Visier nehmen wird.<\/strong><\/p>\n<p><em>von <strong>Prof. Dr. Anton Latzo<\/strong><\/em><\/p>\n<p><span style=\"font-size: 10pt;\">Erstver\u00f6ffentlichung am 23.01.2021 auf <a href=\"https:\/\/de.rt.com\/meinung\/112093-osteuropa-bleibt-im-visier-usa\/\" target=\"_blank\" rel=\"noopener\">RT DE<\/a><\/span><\/p>\n<p>Die au\u00dfenpolitische Praxis der USA nach dem zweiten Weltkrieg, einschlie\u00dflich der von Pr\u00e4sident Barack Obama und seinem Vize Joe Biden gef\u00fchrten Regierung, hat eine hegemoniale Politik verfolgt. Die USA haben sich von dem von Zbigniew Brzezinski formulierten Ziel, die &#8222;einzige&#8220; und sogar die &#8222;letzte&#8220; Weltmacht zu sein, auch jetzt nicht verabschiedet.<\/p>\n<p>Sie verfolgen auch mit dem am Mittwoch vereidigten Pr\u00e4sidenten Joe Biden das Konzept, wonach Eurasien &#8222;das Schachbrett (ist), auf dem der Kampf um globale Vorherrschaft auch in Zukunft ausgetragen wird&#8220;. Sie gehen davon aus, dass eine Macht, die in Eurasien die Vorherrschaft gewinnt, diese auch weltweit aus\u00fcben kann.<\/p>\n<p>Eurasien umfasst die Territorien von Lissabon bis Wladiwostok und schlie\u00dft bekanntlich China und Russland ein. &#8222;Eine Macht, die Eurasien beherrscht, w\u00fcrde \u00fcber zwei der drei h\u00f6chstentwickelten und wirtschaftlich produktivsten Regionen der Welt gebieten&#8220;, <a href=\"https:\/\/www.blaetter.de\/ausgabe\/2008\/juli\/die-welt-als-schachbrett\">hei\u00dft es<\/a> in Brzezinskis Werk &#8222;Die einzige Weltmacht: Amerikas Strategie der Vorherrschaft&#8220; von 1997.<\/p>\n<p>Deshalb m\u00fcsse das Ziel amerikanischer Au\u00dfenpolitik darin bestehen, zu sichern, &#8222;dass kein Staat oder keine Gruppe von Staaten die F\u00e4higkeit erlangt, die Vereinigten Staaten aus Eurasien zu vertreiben oder auch nur deren Schiedsrichterrolle entscheidend zu beeintr\u00e4chtigen&#8220;. Die USA m\u00fcssten &#8222;das Emporkommen eines Rivalen um die Macht \u2026 vereiteln&#8220;.<\/p>\n<p>Vor seiner Wahl zum Pr\u00e4sidenten der USA hat Joe Biden zwar erkl\u00e4rt, er wolle die Au\u00dfenpolitik neu ausrichten. Aber unter welchen Gesichtspunkten? Grunds\u00e4tzlich hie\u00df es in seinem <a href=\"https:\/\/www.google.com\/url?sa=t&amp;rct=j&amp;q=&amp;esrc=s&amp;source=web&amp;cd=&amp;cad=rja&amp;uact=8&amp;ved=2ahUKEwjQ3sex5aruAhWcDmMBHVi1CFoQFjAAegQIARAC&amp;url=https%3A%2F%2Fwww.foreignaffairs.com%2Farticles%2Funited-states%2F2020-01-23%2Fwhy-america-must-lead-again&amp;usg=AOvVaw1QC-4NO4huJuv-Aaj-jzdh\">programmatischen Artikel<\/a> in den <em>Foreign Affairs <\/em>(M\u00e4rz\/April 2020) unter der \u00dcberschrift &#8222;Warum Amerika wieder f\u00fchren muss&#8220;: &#8222;Als Nation m\u00fcssen wir der Welt beweisen, dass die Vereinigten Staaten bereit sind, wieder zu f\u00fchren.&#8220;<\/p>\n<p>Offensichtlich wird auch in Zukunft differenziert zwischen &#8222;demokratischen&#8220; Staaten, also Staaten, die kapitalistisch sind und den Intentionen der USA folgen, und den anderen Staaten, die auch an ihre nationalen Interessen denken \u2013 ganz zu schweigen von denen, die andere Wege bei der Gestaltung der gesellschaftlichen Verh\u00e4ltnisse wagen. Biden wolle Schritte unternehmen, &#8222;um das demokratische Fundament der Vereinigten Staaten zu st\u00e4rken und andere zum Handeln anzuregen&#8220;. Er wolle seine &#8222;demokratischen Mitstreiter auf der ganzen Welt einladen, die St\u00e4rkung der Demokratie wieder auf die globale Agenda zu setzen&#8220;.<\/p>\n<p>Dabei bezog er sich ausdr\u00fccklich auf die Beziehungen zu den Verb\u00fcndeten der USA und auf die R\u00fcckkehr in das Pariser Klimaabkommen sowie in die WHO. Auch zu Donald Trumps Austrittsdrohungen aus der WTO geht er auf Distanz.<\/p>\n<p>Im gleichen Beitrag stellte Biden klar, dass die politische Agenda seiner Administration &#8222;die Vereinigten Staaten wieder am Kopfende der Tafel platzieren&#8220; werde, von wo aus sie f\u00fchren werden und zwar &#8222;nicht nur durch unsere beispielhafte Macht, sondern durch die Macht unseres Beispiels&#8220;. Der Anspruch auf eine anhaltende und auszubauende Dominanz ist nicht zu \u00fcbersehen!<\/p>\n<p>Man wird die Macht aber &#8222;umsichtiger&#8220;, &#8222;\u00fcberlegter&#8220; und mit einem &#8222;freundlichen&#8220; Gesicht einzusetzen versuchen \u2013 was an der Substanz der Hegemonialpolitik nichts \u00e4ndert. &#8222;Wir k\u00f6nnen gleichzeitig stark und klug sein&#8220;, so Joe Biden. Er fuhr fort: &#8222;Es gibt einen gro\u00dfen Unterschied zwischen gro\u00df angelegten, unbefristeten Eins\u00e4tzen von Zehntausenden amerikanischer Kampftruppen, die beendet werden m\u00fcssen, und dem Einsatz einiger hundert Special Forces-Soldaten und Geheimdienstkapazit\u00e4ten zur Unterst\u00fctzung lokaler Partner gegen einen gemeinsamen Feind. Diese kleinen Missionen sind milit\u00e4risch, wirtschaftlich und politisch nachhaltig und f\u00f6rdern das nationale Interesse.&#8220;<\/p>\n<p>Bemerkenswert in diesem Zusammenhang ist auch, dass Biden die NATO als &#8222;ein Werteb\u00fcndnis&#8220; kennzeichnet. Sie sei nicht nur &#8222;das Herzst\u00fcck der nationalen Sicherheit der Vereinigten Staaten&#8220;, sondern auch &#8222;das Bollwerk des liberal-demokratischen Ideals \u2013 ein Werteb\u00fcndnis&#8220;. Dies sei &#8222;weitaus dauerhafter, zuverl\u00e4ssiger und leistungsf\u00e4higer als Partnerschaften, die auf Zwang oder Geld aufgebaut wurden&#8220;.<\/p>\n<p>Es ist auch daran zu erinnern, dass die USA ihre Beziehungen zu allen osteurop\u00e4ischen ehemaligen Warschauer Vertragsstaaten nicht nur im Rahmen ihrer NATO-Mitgliedschaft, sondern auch durch bilaterale strategische Partnerschaften gestalten. Da Biden sich darum bem\u00fchen will, die &#8222;Partnerschaften \u2026 f\u00fcr die Welt, mit der wir heute konfrontiert sind, neu zu definieren&#8220;, kann das ein Hinweis darauf sein, dass er beide S\u00e4ulen, NATO und bilaterale Partnerschaften, inhaltlich besser zusammenzuf\u00fchren und verzahnen will!<\/p>\n<p>Denn, &#8222;um der russischen Aggression entgegenzuwirken, m\u00fcssen wir die milit\u00e4rischen F\u00e4higkeiten des B\u00fcndnisses scharf halten und gleichzeitig seine F\u00e4higkeit erweitern, nicht-traditionelle Bedrohungen wie Korruption, Desinformation und Cyberkriminalit\u00e4t anzunehmen&#8220;, so Pr\u00e4sident Biden.<\/p>\n<p>Das hei\u00dft im Klartext: die NATO und ihre Mitglieder noch mehr auf die Linie der US-Au\u00dfenpolitik einzuschw\u00f6ren, um &#8222;Russland echte Kosten&#8220; aufzuerlegen &#8222;und uns der russischen Zivilgesellschaft stellen, die sich immer tapfer gegen das kleptokratische autorit\u00e4re System von Pr\u00e4sident Wladimir Putin gestellt hat&#8220;.<\/p>\n<p>Wichtig ist f\u00fcr die USA, dass der amerikanische Einfluss in allen ehemaligen Sowjetrepubliken gesichert ist, und dass diese L\u00e4nder, zusammen mit den ehemaligen Warschauer Vertragsstaaten, ein sicheres Gel\u00e4nde f\u00fcr ausl\u00e4ndisches Kapital sind und sich an das westliche Rechtsverst\u00e4ndnis anpassen. Damit l\u00e4sst sich sowohl die Ausbeutung der Arbeitskraft als auch der materiellen und geistigen Reicht\u00fcmer dieser L\u00e4nder absichern und auch der Missbrauch des Territoriums dieser Staaten als Br\u00fcckenkopf gegen Russland und den gesamten eurasischen Raum rechtfertigen!<\/p>\n<p>Dazu sind die USA bereit, wenn es diese Staaten nicht &#8222;freiwillig&#8220; tun, mit Mitteln der Desintegration eine innere bzw. regionale Ordnung durchzusetzen, wie es am Beispiel Jugoslawien und der Ukraine bewiesen wurde.<\/p>\n<p>Die n\u00e4chsten Jahre d\u00fcrften somit eine weitere Zuspitzung der Widerspr\u00fcche in Osteuropa bringen, nicht nur eine Zuspitzung der inneren Entwicklung der L\u00e4nder, sondern auch im Kampf um die Sicherung des Einflusses der USA in dieser Region. Denn die Vereinigten Staaten sind nicht nur an der Hegemonie im bilateralen Verh\u00e4ltnis zu diesen L\u00e4ndern interessiert.<\/p>\n<p>Wer die Region kontrolliert, hat unmittelbaren Zugang zu den russischen Grenzen von der Ostsee bis \u00fcber das Schwarze Meer hinaus. Derjenige kontrolliert aber auch einen gro\u00dfen Teil der Verbindungen der EU und ihrer M\u00e4chte zum &#8222;Gegner&#8220; Russland. Er hat auch die Kontrolle \u00fcber wichtige Verbindungsstr\u00e4nge der Seidenstra\u00dfe, die zwischen Westeuropa und dem &#8222;strategischen Rivalen&#8220; China verlaufen.<\/p>\n<p>Unter diesen Gesichtspunkten ist \u2013 bei Weiterf\u00fchrung der NATO-Politik und der bilateral vereinbarten milit\u00e4rischen Pr\u00e4senz der USA in der Region (besonders in Rum\u00e4nien, Polen, den baltischen Staaten und der Ukraine) \u2013 auch k\u00fcnftig mit der Politik der massiven Einmischung in die inneren Angelegenheiten der osteurop\u00e4ischen Staaten zu rechnen. Dabei werden auch die Instrumente der &#8222;Soft Power&#8220; mit dem breiten Netz von Nichtregierungsorganisationen erweiterte F\u00f6rderung durch die staatlichen Institutionen der USA erfahren. Die &#8222;Menschenrechte&#8220; sind ja schon l\u00e4nger ein beliebtes Instrument der Demokratischen Partei der USA.<\/p>\n<p>Auch \u00c4u\u00dferungen der wieder in das Au\u00dfenministerium an leitender Stelle zur\u00fcckgekehrten Victoria Nuland deuten in diese Richtung. Sie hat sich schon in der Regierung von Obama besondere Verdienste beim Eindringen der USA beispielsweise in die Ukraine erworben. Jetzt soll sie Staatssekret\u00e4rin f\u00fcr politische Angelegenheiten werden. Unter Au\u00dfenminister Anthony Blinken, der auch schon fr\u00fcher Spitzenberater von Vizepr\u00e4sident Biden war, bildet sie mit Wendy Shermann ein Trio in der Au\u00dfenpolitik, das die Kontinuit\u00e4t in der amerikanischen Hegemonial- und besonders der Europapolitik absichert und die vorher gemachten Erfahrungen und Kontakte einbringt.<\/p>\n<p>Nuland ist mit dem neuen US-Pr\u00e4sidenten auch durch die Politik verbunden, die beide in den ehemaligen Sowjetrepubliken \u2013 auch in pers\u00f6nlichem Interesse \u2013 betrieben haben. Besonders sind dabei die Vorg\u00e4nge in der Ukraine und in Moldawien sowie in Rum\u00e4nien bekannt geworden. Die aus der Vermengung zwischen pers\u00f6nlichen, gesch\u00e4ftlichen und politischen Aktivit\u00e4ten zum Zwecke der Erlangung pers\u00f6nlicher materieller Vorteile resultierenden Interessen von Biden und seinen Mitarbeitern verst\u00e4rken ihr Interesse, an der vor der Trump-Zeit verfolgten Politik anzukn\u00fcpfen und sie &#8222;ergebnisreich&#8220; fortzuf\u00fchren.<\/p>\n<p>Dar\u00fcber hinaus soll Antony Blinken <a href=\"https:\/\/www.oe24.at\/newsfeed\/kuenftiger-us-aussenminister-blinken-mit-ungarn-und-soros-bezug\/455249497\">laut Pressemeldungen<\/a> ein enges Verh\u00e4ltnis zum Milliard\u00e4r George Soros und dessen Stiftungen Open Society unterhalten, die in allen osteurop\u00e4ischen Staaten vertreten sind, Kader f\u00fcr die Politik und die gesellschaftlichen Institutionen dieser L\u00e4nder vorbereiten und \u00fcber diese aktiv in die Politik eingreifen. Die US-Geheimdienste bilden zudem ein besonders wichtiges Instrument.<\/p>\n<p>Insgesamt d\u00fcrften von der Politik der USA in Osteuropa auch unter Pr\u00e4sident Joe Biden keine positiven Wirkungen auf die Situation in diesen L\u00e4ndern und in Europa ausgehen. Es ist zu erwarten, dass die USA auch weiterhin den &#8222;parallelen Staat&#8220; aufbauen wird, um ihre politischen und milit\u00e4rischen Positionen in der Region zu erhalten, um sie im Kampf um die Erhaltung der internationalen Vorherrschaft einzusetzen. Dabei sind die Ziele der USA gegen Russland ein entscheidender Gesichtspunkt.<\/p>\n<p>Weitere Destabilisierung im Inneren der L\u00e4nder, ihre politische, milit\u00e4rische und \u00f6konomische Ausnutzung im Interesse der von den USA verfolgten internationalen Politik sowie eine weitere Verbreitung von Nationalismus und Russophobie sind die unausweichlichen Folgen dieser Politik! Bereits l\u00e4nger andauernde Krisen werden weiter bestehen und, bedingt durch den Ausbau der Region zum milit\u00e4rischen Aufmarschgebiet, an Sch\u00e4rfe zunehmen und die Gefahren des Einsatzes von Gewalt verst\u00e4rken. Eine andere Entwicklung erfordert eine grundlegende Wende in den Zielen und in der Politik der USA, die aber nicht abzusehen ist.<\/p>\n<p>Bis dahin werden die osteurop\u00e4ischen Staaten auf dem gro\u00dfen Schachbrett als einfache Schachfiguren missbraucht!<\/p>\n<p style=\"text-align: right;\"><em>Prof. Dr. Anton Latzo ist Historiker und Mitglied des Beirats des Deutschen Freidenker-Verbandes<\/em><\/p>\n<p><span style=\"font-size: 10pt;\">Link zur Erstver\u00f6ffentlichung: <a href=\"https:\/\/de.rt.com\/meinung\/112093-osteuropa-bleibt-im-visier-usa\/\" target=\"_blank\" rel=\"noopener\">https:\/\/de.rt.com\/meinung\/112093-osteuropa-bleibt-im-visier-usa\/<\/a><\/span><\/p>\n<hr \/>\n<p><span style=\"font-size: 10pt;\">Bild: Collage von Ralf Lux, unter Verwendung von:<\/span><br \/>\n<span style=\"font-size: 10pt;\">Adler: <a href=\"https:\/\/pixabay.com\/de\/vectors\/amerika-tier-wei%C3%9Fkopfseeadler-vogel-1298038\/\" target=\"_blank\" rel=\"noopener\">pixabay.com<\/a> \/ <a class=\"hover_opacity\" href=\"https:\/\/pixabay.com\/de\/users\/openclipart-vectors-30363\/\">OpenClipart-Vectors<\/a> \/ <a href=\"https:\/\/pixabay.com\/de\/service\/license\/\">Pixabay License<\/a><\/span><br \/>\n<span style=\"font-size: 10pt;\">Karte: Eigenes Foto (R\u00e4th Globus, ca. 1995)<\/span><\/p>\n","protected":false},"excerpt":{"rendered":"<p><b>Beitrag von Prof. Dr. Anton Latzo<\/b><br \/>\nDie au\u00dfenpolitische Praxis der USA nach dem zweiten Weltkrieg, einschlie\u00dflich der von Pr\u00e4sident Barack Obama und seinem Vize Joe Biden gef\u00fchrten Regierung, hat eine hegemoniale Politik verfolgt. Die USA haben sich von dem von Zbigniew Brzezinski formulierten Ziel, die &#8222;einzige&#8220; und sogar die &#8222;letzte&#8220; Weltmacht zu sein, auch jetzt nicht verabschiedet. Sie verfolgen auch mit dem am Mittwoch vereidigten Pr\u00e4sidenten Joe Biden das Konzept, wonach Eurasien &#8222;das Schachbrett (ist), auf dem der Kampf um globale Vorherrschaft auch in Zukunft ausgetragen wird&#8220;. <\/p>\n","protected":false},"author":3,"featured_media":9408,"comment_status":"closed","ping_status":"closed","sticky":false,"template":"","format":"standard","meta":{"colormag_page_container_layout":"default_layout","colormag_page_sidebar_layout":"default_layout","advanced_seo_description":"","jetpack_seo_html_title":"","jetpack_seo_noindex":false,"jetpack_post_was_ever_published":false,"footnotes":""},"categories":[13],"tags":[699,335,1332,56,1331,185],"class_list":["post-9407","post","type-post","status-publish","format-standard","has-post-thumbnail","hentry","category-frieden-antifaschismus-solidaritaet","tag-aussenpolitik","tag-frieden","tag-joe-biden","tag-nato","tag-osteuropa","tag-usa"],"jetpack_featured_media_url":"https:\/\/i0.wp.com\/www.freidenker.org\/fw17\/wp-content\/uploads\/2021\/01\/usa_osteuropa.jpg?fit=800%2C450&ssl=1","jetpack_shortlink":"https:\/\/wp.me\/p9stpK-2rJ","jetpack-related-posts":[{"id":9626,"url":"https:\/\/www.freidenker.org\/?p=9626","url_meta":{"origin":9407,"position":0},"title":"Im Kampf um die Vorherrschaft: Biden zeigt lachend die Z\u00e4hne","author":"Webredaktion","date":"24. Februar 2021","format":false,"excerpt":"Beitrag von Prof. Dr. Anton Latzo Es geht im Verh\u00e4ltnis USA-Russland um die Behauptung der USA als Hegemonialmacht, wozu das Verf\u00fcgen \u00fcber das eurasische Kernland von zentraler Bedeutung ist. Laut Z. Brzezi\u0144ski, dessen Rat die US-amerikanische Au\u00dfenpolitik seit Jahrzehnten befolgt, geht es um \"das Schachbrett, auf dem der Kampf um\u2026","rel":"","context":"In &quot;Frieden - Antifaschismus - Solidarit\u00e4t&quot;","block_context":{"text":"Frieden - Antifaschismus - Solidarit\u00e4t","link":"https:\/\/www.freidenker.org\/?cat=13"},"img":{"alt_text":"","src":"https:\/\/i0.wp.com\/www.freidenker.org\/fw17\/wp-content\/uploads\/2021\/02\/biden-5837244_800x450.jpg?fit=800%2C450&ssl=1&resize=350%2C200","width":350,"height":200,"srcset":"https:\/\/i0.wp.com\/www.freidenker.org\/fw17\/wp-content\/uploads\/2021\/02\/biden-5837244_800x450.jpg?fit=800%2C450&ssl=1&resize=350%2C200 1x, https:\/\/i0.wp.com\/www.freidenker.org\/fw17\/wp-content\/uploads\/2021\/02\/biden-5837244_800x450.jpg?fit=800%2C450&ssl=1&resize=525%2C300 1.5x, https:\/\/i0.wp.com\/www.freidenker.org\/fw17\/wp-content\/uploads\/2021\/02\/biden-5837244_800x450.jpg?fit=800%2C450&ssl=1&resize=700%2C400 2x"},"classes":[]},{"id":8971,"url":"https:\/\/www.freidenker.org\/?p=8971","url_meta":{"origin":9407,"position":1},"title":"Zur Au\u00dfenpolitik der USA unter Pr\u00e4sident Joe Biden","author":"Webredaktion","date":"8. Dezember 2020","format":false,"excerpt":"Beitrag von Prof. Dr. Anton Latzo \u201eMit Joe Biden wird es auch nicht besser\u201c, so Sergej Lawrow, der Au\u00dfenminister Russlands, kurz und b\u00fcndig. Biden hat seinerseits erkl\u00e4rt, dass er eine R\u00fcckkehr zur \u201eNormalit\u00e4t\u201c anstrebe. Diese soll laut USA-Pr\u00e4sident darin bestehen, dass die USA wieder bereit seien, die Welt anzuf\u00fchren. Die\u2026","rel":"","context":"In &quot;Frieden - Antifaschismus - Solidarit\u00e4t&quot;","block_context":{"text":"Frieden - Antifaschismus - Solidarit\u00e4t","link":"https:\/\/www.freidenker.org\/?cat=13"},"img":{"alt_text":"","src":"https:\/\/i0.wp.com\/www.freidenker.org\/fw17\/wp-content\/uploads\/2020\/12\/usa_adler_1008448_800x450.jpg?fit=800%2C450&ssl=1&resize=350%2C200","width":350,"height":200,"srcset":"https:\/\/i0.wp.com\/www.freidenker.org\/fw17\/wp-content\/uploads\/2020\/12\/usa_adler_1008448_800x450.jpg?fit=800%2C450&ssl=1&resize=350%2C200 1x, https:\/\/i0.wp.com\/www.freidenker.org\/fw17\/wp-content\/uploads\/2020\/12\/usa_adler_1008448_800x450.jpg?fit=800%2C450&ssl=1&resize=525%2C300 1.5x, https:\/\/i0.wp.com\/www.freidenker.org\/fw17\/wp-content\/uploads\/2020\/12\/usa_adler_1008448_800x450.jpg?fit=800%2C450&ssl=1&resize=700%2C400 2x"},"classes":[]},{"id":20148,"url":"https:\/\/www.freidenker.org\/?p=20148","url_meta":{"origin":9407,"position":2},"title":"Joe Biden in Deutschland","author":"Webredaktion","date":"19. Oktober 2024","format":false,"excerpt":"Der US-Pr\u00e4sident besucht seine Kolonie Kommentar von\u00a0Wolfgang Bittner Urspr\u00fcnglich hatte sich US-Pr\u00e4sident Joseph (Joe) Biden f\u00fcr den 10. bis 13. Oktober in Berlin und Ramstein angesagt,[1] den Besuch jedoch kurzfristig verschoben, angeblich wegen des in Florida erwarteten Hurrikans Milton. Nun wurde bekannt, dass Biden seinen Abschiedsbesuch am 17. und 18.\u2026","rel":"","context":"In &quot;Demokratie \u2013 Medien \u2013 Aufkl\u00e4rung&quot;","block_context":{"text":"Demokratie \u2013 Medien \u2013 Aufkl\u00e4rung","link":"https:\/\/www.freidenker.org\/?cat=12"},"img":{"alt_text":"","src":"https:\/\/i0.wp.com\/www.freidenker.org\/fw17\/wp-content\/uploads\/2024\/10\/Joe_Biden_is_escorted_to_Air_Force_One_800x450.jpg?fit=800%2C450&ssl=1&resize=350%2C200","width":350,"height":200,"srcset":"https:\/\/i0.wp.com\/www.freidenker.org\/fw17\/wp-content\/uploads\/2024\/10\/Joe_Biden_is_escorted_to_Air_Force_One_800x450.jpg?fit=800%2C450&ssl=1&resize=350%2C200 1x, https:\/\/i0.wp.com\/www.freidenker.org\/fw17\/wp-content\/uploads\/2024\/10\/Joe_Biden_is_escorted_to_Air_Force_One_800x450.jpg?fit=800%2C450&ssl=1&resize=525%2C300 1.5x, https:\/\/i0.wp.com\/www.freidenker.org\/fw17\/wp-content\/uploads\/2024\/10\/Joe_Biden_is_escorted_to_Air_Force_One_800x450.jpg?fit=800%2C450&ssl=1&resize=700%2C400 2x"},"classes":[]},{"id":19620,"url":"https:\/\/www.freidenker.org\/?p=19620","url_meta":{"origin":9407,"position":3},"title":"Bidens gro\u00dfe Rede kollidiert mit der Realit\u00e4t","author":"Webredaktion","date":"2. August 2024","format":false,"excerpt":"Beitrag von Rainer Rupp Inmitten der politischen Turbulenzen und internationalen Spannungen stand Pr\u00e4sident Joe Biden k\u00fcrzlich im Rampenlicht und meldete sich mit einer bemerkenswerten Rede Mitte der Woche vom Wahlkampf 2024 ab. [...] Bidens Rede, die er ganz bestimmt nicht selbst geschrieben hat, sondern ein Produkt der pr\u00e4sidialen Puppenspieler im\u2026","rel":"","context":"In &quot;Demokratie \u2013 Medien \u2013 Aufkl\u00e4rung&quot;","block_context":{"text":"Demokratie \u2013 Medien \u2013 Aufkl\u00e4rung","link":"https:\/\/www.freidenker.org\/?cat=12"},"img":{"alt_text":"","src":"https:\/\/i0.wp.com\/www.freidenker.org\/fw17\/wp-content\/uploads\/2024\/08\/President_Joe_Biden_meets_with_Prime_Minister_Benjamin_Netanyahu_800x450.jpg?fit=800%2C450&ssl=1&resize=350%2C200","width":350,"height":200,"srcset":"https:\/\/i0.wp.com\/www.freidenker.org\/fw17\/wp-content\/uploads\/2024\/08\/President_Joe_Biden_meets_with_Prime_Minister_Benjamin_Netanyahu_800x450.jpg?fit=800%2C450&ssl=1&resize=350%2C200 1x, https:\/\/i0.wp.com\/www.freidenker.org\/fw17\/wp-content\/uploads\/2024\/08\/President_Joe_Biden_meets_with_Prime_Minister_Benjamin_Netanyahu_800x450.jpg?fit=800%2C450&ssl=1&resize=525%2C300 1.5x, https:\/\/i0.wp.com\/www.freidenker.org\/fw17\/wp-content\/uploads\/2024\/08\/President_Joe_Biden_meets_with_Prime_Minister_Benjamin_Netanyahu_800x450.jpg?fit=800%2C450&ssl=1&resize=700%2C400 2x"},"classes":[]},{"id":8914,"url":"https:\/\/www.freidenker.org\/?p=8914","url_meta":{"origin":9407,"position":4},"title":"\u201eVerantwortung \u00fcbernehmen\u201c \u2013 Wie wir hinters Licht gef\u00fchrt werden","author":"Webredaktion","date":"21. November 2020","format":false,"excerpt":"Ein Kommentar von Rainer Rupp. Wer den Fehler macht, sich \u00fcber \u00d6ffentlichrechtliche- und Konzernmedien zu informieren, der ist inzwischen \u00fcberzeugt, dass die US-Pr\u00e4sidentschaftswahlen bereits vor zwei Wochen beendet waren und Joe Biden der Gewinner ist. Tats\u00e4chlich wird es noch einige weitere Wochen keinen klaren Sieger geben. Aber warum wird die\u2026","rel":"","context":"In &quot;Demokratie \u2013 Medien \u2013 Aufkl\u00e4rung&quot;","block_context":{"text":"Demokratie \u2013 Medien \u2013 Aufkl\u00e4rung","link":"https:\/\/www.freidenker.org\/?cat=12"},"img":{"alt_text":"","src":"https:\/\/i0.wp.com\/www.freidenker.org\/fw17\/wp-content\/uploads\/2020\/11\/trump_biden_coll_800x450.jpg?fit=800%2C450&ssl=1&resize=350%2C200","width":350,"height":200,"srcset":"https:\/\/i0.wp.com\/www.freidenker.org\/fw17\/wp-content\/uploads\/2020\/11\/trump_biden_coll_800x450.jpg?fit=800%2C450&ssl=1&resize=350%2C200 1x, https:\/\/i0.wp.com\/www.freidenker.org\/fw17\/wp-content\/uploads\/2020\/11\/trump_biden_coll_800x450.jpg?fit=800%2C450&ssl=1&resize=525%2C300 1.5x, https:\/\/i0.wp.com\/www.freidenker.org\/fw17\/wp-content\/uploads\/2020\/11\/trump_biden_coll_800x450.jpg?fit=800%2C450&ssl=1&resize=700%2C400 2x"},"classes":[]},{"id":20006,"url":"https:\/\/www.freidenker.org\/?p=20006","url_meta":{"origin":9407,"position":5},"title":"Die Marionettenshow im Wei\u00dfen Haus","author":"Webredaktion","date":"5. Oktober 2024","format":false,"excerpt":"Beitrag von Rainer Rupp Niemand, weder in Bonn noch in Berlin noch bei EU und NATO in Br\u00fcssel, wirklich niemand scheint sich daf\u00fcr zu interessieren, wer tats\u00e4chlich in Washington die Entscheidungen \u00fcber Krieg und Frieden f\u00e4llt. Stattdessen wird man an Andersens M\u00e4rchen vom nackten Kaiser mit seinen unsichtbaren, aber pr\u00e4chtigen\u2026","rel":"","context":"In &quot;Demokratie \u2013 Medien \u2013 Aufkl\u00e4rung&quot;","block_context":{"text":"Demokratie \u2013 Medien \u2013 Aufkl\u00e4rung","link":"https:\/\/www.freidenker.org\/?cat=12"},"img":{"alt_text":"","src":"https:\/\/i0.wp.com\/www.freidenker.org\/fw17\/wp-content\/uploads\/2024\/10\/Biden_Marionette_800x450.jpg?fit=800%2C450&ssl=1&resize=350%2C200","width":350,"height":200,"srcset":"https:\/\/i0.wp.com\/www.freidenker.org\/fw17\/wp-content\/uploads\/2024\/10\/Biden_Marionette_800x450.jpg?fit=800%2C450&ssl=1&resize=350%2C200 1x, https:\/\/i0.wp.com\/www.freidenker.org\/fw17\/wp-content\/uploads\/2024\/10\/Biden_Marionette_800x450.jpg?fit=800%2C450&ssl=1&resize=525%2C300 1.5x, https:\/\/i0.wp.com\/www.freidenker.org\/fw17\/wp-content\/uploads\/2024\/10\/Biden_Marionette_800x450.jpg?fit=800%2C450&ssl=1&resize=700%2C400 2x"},"classes":[]}],"_links":{"self":[{"href":"https:\/\/www.freidenker.org\/index.php?rest_route=\/wp\/v2\/posts\/9407","targetHints":{"allow":["GET"]}}],"collection":[{"href":"https:\/\/www.freidenker.org\/index.php?rest_route=\/wp\/v2\/posts"}],"about":[{"href":"https:\/\/www.freidenker.org\/index.php?rest_route=\/wp\/v2\/types\/post"}],"author":[{"embeddable":true,"href":"https:\/\/www.freidenker.org\/index.php?rest_route=\/wp\/v2\/users\/3"}],"replies":[{"embeddable":true,"href":"https:\/\/www.freidenker.org\/index.php?rest_route=%2Fwp%2Fv2%2Fcomments&post=9407"}],"version-history":[{"count":0,"href":"https:\/\/www.freidenker.org\/index.php?rest_route=\/wp\/v2\/posts\/9407\/revisions"}],"wp:featuredmedia":[{"embeddable":true,"href":"https:\/\/www.freidenker.org\/index.php?rest_route=\/wp\/v2\/media\/9408"}],"wp:attachment":[{"href":"https:\/\/www.freidenker.org\/index.php?rest_route=%2Fwp%2Fv2%2Fmedia&parent=9407"}],"wp:term":[{"taxonomy":"category","embeddable":true,"href":"https:\/\/www.freidenker.org\/index.php?rest_route=%2Fwp%2Fv2%2Fcategories&post=9407"},{"taxonomy":"post_tag","embeddable":true,"href":"https:\/\/www.freidenker.org\/index.php?rest_route=%2Fwp%2Fv2%2Ftags&post=9407"}],"curies":[{"name":"wp","href":"https:\/\/api.w.org\/{rel}","templated":true}]}}