{"id":9369,"date":"2021-01-23T17:51:22","date_gmt":"2021-01-23T16:51:22","guid":{"rendered":"https:\/\/www.freidenker.org\/?p=9369"},"modified":"2021-02-18T02:38:05","modified_gmt":"2021-02-18T01:38:05","slug":"urteil-gegen-den-missbraeuchlichen-antisemitismus-vorwurf","status":"publish","type":"post","link":"https:\/\/www.freidenker.org\/?p=9369","title":{"rendered":"Urteil gegen den missbr\u00e4uchlichen &#8222;Antisemitismus&#8220;-Vorwurf"},"content":{"rendered":"<p>Unser Genosse <strong><em>Klaus Ried<\/em><\/strong> aus M\u00fcnchen hat vor dem Bayerischen Verwaltungsgerichtshof einen beachtlichen Teilerfolg f\u00fcr die Meinungsfreiheit erzielt. Unter dem Vorwand des &#8222;Antisemitismus&#8220;\u00a0 wurden st\u00e4dtische R\u00e4ume in M\u00fcnchen f\u00fcr eine israelkritische Veranstaltung\u00a0 verweigert.<\/p>\n<p>Klaus Ried schreibt dazu u.a.:<\/p>\n<p style=\"padding-left: 40px;\"><em>Gegen das Urteil hat die Stadt M\u00fcnchen inzwischen Revision beim Bundesverwaltungsgericht in Leipzig eingelegt. Die Stadt M\u00fcnchen bezieht sich bei der Verweigerung \u00f6ffentlicher R\u00e4ume (Stadtratsbeschlusses vom 13.12.2017) auf die &#8222;Nicht-Definition&#8220; zum Antisemitismus (sogenannte Arbeitsdefinition Antisemitismus der IHRA &#8211; International Holocaust Remembrance Alliance). Auf diese &#8222;Nicht-Definition&#8220; beziehen sich auch alle anderen gleichgelagerten Beschl\u00fcsse von Kommunen sowie die Bundesregierung und der Bundestag.<\/em><\/p>\n<p style=\"padding-left: 40px;\"><em>Bei den meisten Diskussionen zu diesem Themenkomplex reden die Kontrahenten vollkommen aneinander vorbei, weil sie &#8211; unausgesprochen &#8211; von v\u00f6llig unterschiedlichen Vorstellungen ausgehen, was Antisemitismus ist, eine Gespenster-Diskussion, die logischerweise zu keinem konstruktiven Ergebnis f\u00fchren kann und die der demokratischen Meinungsbildung enorm schadet.<\/em><\/p>\n<p style=\"padding-left: 40px;\"><em>Obwohl sie von etlichen Wissenschaftlern (darunter auch rund 240 israelische bzw. j\u00fcdische) &#8211; zum Teil mit vernichtendem Urteil &#8211; zur\u00fcckgewiesen wurde und der urspr\u00fcngliche Mitverfasser Kenneth Stern vielfach vor dem politischen Mi\u00dfbrauch gewarnt hat, ist sie in der politischen Diskussion noch immer der &#8222;Goldstandard&#8220;. Ganz aktuell wurde sie im November vom Bundesverband RIAS e.V. (&#8222;with support of the German Presidency of the Council of the European Union&#8220;) in einer 48 Seiten starken Brosch\u00fcre mit Kommentaren neu ver\u00f6ffentlicht.<\/em><\/p>\n<p style=\"padding-left: 40px;\"><em>Die\u00a0 &#8222;Nicht-Definition&#8220; zum Antisemitismus geh\u00f6rt auf den M\u00fcllhaufen der Geschichte: Sie entwertet und sabotiert den notwendigen Kampf gegen den realen Antisemitismus und dient lediglich als Vorwand, um alle Kritiker der israelischen Regierungspolitik, darunter nicht zuletzt zahlreiche Israelis, mundtot zu machen.<\/em><\/p>\n<h5>Was bedeutet &#8222;Nichtdefinition&#8220;?<\/h5>\n<p>Tats\u00e4chlich hat die <strong>Internationale Allianz zum Holocaustgedenken<\/strong> auf ihrem Plenum (31 Staaten) am 26. Mai 2016 in Bukarest eine &#8222;Arbeitsdefinition&#8220; von Antisemitismus beschlossen. Sie lautet:<\/p>\n<blockquote><p><em><strong>\u201eAntisemitismus ist eine bestimmte Wahrnehmung von J\u00fcdinnen und Juden, die sich als Hass gegen\u00fcber J\u00fcdinnen und Juden ausdr\u00fccken kann. Der Antisemitismus richtet sich in Wort oder Tat gegen j\u00fcdische oder nichtj\u00fcdische Einzelpersonen und\/oder deren Eigentum sowie gegen j\u00fcdische Gemeindeinstitutionen oder religi\u00f6se Einrichtungen.\u201c<\/strong><\/em><\/p><\/blockquote>\n<p>Diese beiden S\u00e4tze sind die beschlossene Arbeitsdefinition. Sie wurde am gleichen Tag durch den rum\u00e4nischen Vorsitz des Plenums ver\u00f6ffentlicht.<\/p>\n<p>In dieser Ver\u00f6ffentlichung werden dann &#8222;Beispiele zur Veranschaulichung&#8220; angef\u00fchrt, insgesamt 11 Beispiele, von denen sich 7 um Israel drehen. [1]<\/p>\n<p>Diese waren aber nicht Gegenstand des Beschlusses, und sind folglich nicht Bestandteil der Definition.<\/p>\n<p>Das gibt sogar die Bundesregierung zu, die in der Bundespressekonferenz v. 20. September 2017 verlautbarte:<\/p>\n<p style=\"padding-left: 40px;\"><em><strong>&#8222;Das Kabinett hat heute die von der Internationalen Allianz f\u00fcr Holocaust-Gedenken verabschiedete Arbeitsdefinition von Antisemitismus in einer erweiterten Form zur Kenntnis genommen.&#8220;<\/strong> [2]<\/em><\/p>\n<p>In einer &#8222;erweiterten Form&#8220;? Man lese und staune:<\/p>\n<p style=\"padding-left: 40px;\"><strong><em>&#8222;Die Definition lautet in der erweiterten Form wie folgt:<\/em><\/strong><\/p>\n<blockquote><p><em><strong>\u201eAntisemitismus ist eine bestimmte Wahrnehmung von Juden, die sich als Hass gegen\u00fcber Juden ausdr\u00fccken kann. Der Antisemitismus richtet sich in Wort oder Tat gegen j\u00fcdische oder nichtj\u00fcdische Einzelpersonen und\/oder deren Eigentum sowie gegen j\u00fcdische Gemeindeinstitutionen oder religi\u00f6se Einrichtungen. Dar\u00fcber hinaus kann auch der Staat Israel, der dabei als j\u00fcdisches Kollektiv verstanden wird, Ziel solcher Angriffe sein.\u201c&#8220;<\/strong><\/em><\/p><\/blockquote>\n<p>Kaum zu glauben: Da beschlie\u00dft ein Plenum von 31 Staaten eine Arbeitsdefinition, und die Bundesregierung f\u00e4lscht einfach den Beschluss, indem sie noch einen weiteren Satz hineinschmuggelt! Das begr\u00fcndet sie so unschuldig wie scheinheilig mit den Worten:<\/p>\n<p style=\"padding-left: 40px;\"><strong><em>&#8222;Mit der Kabinettsbefassung verfolgt die Bundesregierung das Ziel, erneut die Verantwortung Deutschlands bei der Bek\u00e4mpfung von Antisemitismus zu betonen. Dar\u00fcber hinaus soll sie gegen\u00fcber unseren Partnern und internationalen Organisationen der au\u00dfenpolitischen Glaubw\u00fcrdigkeit noch st\u00e4rker Gewicht verleihen.&#8220;<\/em><\/strong><\/p>\n<p>&#8222;Der au\u00dfenpolitischen Glaubw\u00fcrdigkeit noch st\u00e4rker Gewicht verleihen&#8220; &#8211; darin liegt wohl das Geheimnis. Dass die Bundesregierung zu Menschenrechtsverletzungen, Kriegsverbrechen und Verst\u00f6\u00dfen Israels gegen das Internationale Recht schweigt, ist wohl der Kern jener &#8222;Glaubw\u00fcrdigkeit&#8220;.<\/p>\n<p>Doch dass mit Hilfe solcher Volten in Deutschland die Meinungsfreiheit &#8211; auch j\u00fcdischer &#8211; Kritiker der israelischen Regierungspolitik ausgehebelt werden soll, ist nicht hinnehmbar und auch mit rechtsstaatlichen Prinzipien unvereinbar.<\/p>\n<p>Es ist zu hoffen, dass beim anstehenden Verfahren beim Bundesverwaltungsgericht der Rosst\u00e4uschertrick um Definition und Nicht-Definition geb\u00fchrend gew\u00fcrdigt wird.<\/p>\n<p style=\"text-align: right;\"><em>Klaus Hartmann, Bundesvorsitzender des Deutschen Freidenker-Verbandes<\/em><\/p>\n<p><strong>Quellen<\/strong><\/p>\n<p>[1] <a href=\"https:\/\/www.holocaustremembrance.com\/sites\/default\/files\/press_release_document_antisemitism.pdf\" target=\"_blank\" rel=\"noopener\">https:\/\/www.holocaustremembrance.com\/sites\/default\/files\/press_release_document_antisemitism.pdf<\/a><\/p>\n<p>[2] <a href=\"https:\/\/www.bundesregierung.de\/breg-de\/aktuelles\/pressekonferenzen\/regierungspressekonferenz-vom-20-september-848278\" target=\"_blank\" rel=\"noopener\">https:\/\/www.bundesregierung.de\/breg-de\/aktuelles\/pressekonferenzen\/regierungspressekonferenz-vom-20-september-848278<\/a><\/p>\n<hr \/>\n<h5>Download<\/h5>\n<p><img data-recalc-dims=\"1\" loading=\"lazy\" decoding=\"async\" data-attachment-id=\"1076\" data-permalink=\"https:\/\/www.freidenker.org\/?attachment_id=1076\" data-orig-file=\"https:\/\/i0.wp.com\/www.freidenker.org\/fw17\/wp-content\/uploads\/2017\/10\/pdf_icon-2.png?fit=32%2C32&amp;ssl=1\" data-orig-size=\"32,32\" data-comments-opened=\"0\" data-image-meta=\"{&quot;aperture&quot;:&quot;0&quot;,&quot;credit&quot;:&quot;&quot;,&quot;camera&quot;:&quot;&quot;,&quot;caption&quot;:&quot;&quot;,&quot;created_timestamp&quot;:&quot;0&quot;,&quot;copyright&quot;:&quot;&quot;,&quot;focal_length&quot;:&quot;0&quot;,&quot;iso&quot;:&quot;0&quot;,&quot;shutter_speed&quot;:&quot;0&quot;,&quot;title&quot;:&quot;&quot;,&quot;orientation&quot;:&quot;0&quot;}\" data-image-title=\"pdf_icon\" data-image-description=\"\" data-image-caption=\"\" data-large-file=\"https:\/\/i0.wp.com\/www.freidenker.org\/fw17\/wp-content\/uploads\/2017\/10\/pdf_icon-2.png?fit=32%2C32&amp;ssl=1\" class=\"alignnone size-full wp-image-1076\" src=\"https:\/\/i0.wp.com\/www.freidenker.org\/fw17\/wp-content\/uploads\/2017\/10\/pdf_icon-2.png?resize=32%2C32&#038;ssl=1\" alt=\"\" width=\"32\" height=\"32\" \/> <a href=\"https:\/\/www.freidenker.org\/fw17\/wp-content\/uploads\/2021\/01\/Urteil-BayVGH-2020_11_17.pdf\" target=\"_blank\" rel=\"noopener\">Das Urteil des Bayerischen VGH<\/a>\u00a0 (PDF-Dokument, ca. 2 MB)<\/p>\n<hr \/>\n<h5>Buchtipp<\/h5>\n<p>Zur Vertiefung:<\/p>\n<p>Omri Boehm, &#8222;<strong>Israel &#8211; eine Utopie<\/strong>&#8220; , erschienen 2020 im Propyl\u00e4en Verlag (Berlin)<br \/>\nPreis \u20ac 20, ISBN: 9783549100073<\/p>\n<p><img data-recalc-dims=\"1\" loading=\"lazy\" decoding=\"async\" data-attachment-id=\"9371\" data-permalink=\"https:\/\/www.freidenker.org\/?attachment_id=9371\" data-orig-file=\"https:\/\/i0.wp.com\/www.freidenker.org\/fw17\/wp-content\/uploads\/2021\/01\/israel_utopie_400px_mR.jpg?fit=243%2C400&amp;ssl=1\" data-orig-size=\"243,400\" data-comments-opened=\"0\" data-image-meta=\"{&quot;aperture&quot;:&quot;0&quot;,&quot;credit&quot;:&quot;&quot;,&quot;camera&quot;:&quot;&quot;,&quot;caption&quot;:&quot;&quot;,&quot;created_timestamp&quot;:&quot;0&quot;,&quot;copyright&quot;:&quot;&quot;,&quot;focal_length&quot;:&quot;0&quot;,&quot;iso&quot;:&quot;0&quot;,&quot;shutter_speed&quot;:&quot;0&quot;,&quot;title&quot;:&quot;&quot;,&quot;orientation&quot;:&quot;1&quot;}\" data-image-title=\"israel_utopie_400px_mR\" data-image-description=\"\" data-image-caption=\"\" data-large-file=\"https:\/\/i0.wp.com\/www.freidenker.org\/fw17\/wp-content\/uploads\/2021\/01\/israel_utopie_400px_mR.jpg?fit=243%2C400&amp;ssl=1\" class=\"alignnone wp-image-9371 size-full\" src=\"https:\/\/i0.wp.com\/www.freidenker.org\/fw17\/wp-content\/uploads\/2021\/01\/israel_utopie_400px_mR.jpg?resize=243%2C400&#038;ssl=1\" alt=\"\" width=\"243\" height=\"400\" srcset=\"https:\/\/i0.wp.com\/www.freidenker.org\/fw17\/wp-content\/uploads\/2021\/01\/israel_utopie_400px_mR.jpg?w=243&amp;ssl=1 243w, https:\/\/i0.wp.com\/www.freidenker.org\/fw17\/wp-content\/uploads\/2021\/01\/israel_utopie_400px_mR.jpg?resize=182%2C300&amp;ssl=1 182w\" sizes=\"auto, (max-width: 243px) 100vw, 243px\" \/><\/p>\n<p>Boehm wurde in Haifa geboren, studierte in Tel Aviv und diente beim israelischen Geheimdienst Shin Bet.\u00a0In Yale promovierte er \u00fcber Kants Kritik an Spinoza und lehrt derzeit an der New School for Social Research in New York.<\/p>\n<hr \/>\n<p><span style=\"font-size: 10pt;\">Bild oben: Bayerischer Verwaltungsgerichtshof, M\u00fcnchen, Ludwigstr. 23<br \/>\nFoto: By Rufus46 &#8211; Own work, <a href=\"https:\/\/creativecommons.org\/licenses\/by-sa\/3.0\" target=\"_blank\" rel=\"noopener\">CC BY-SA 3.0<\/a>,<br \/>\nQuelle: <a href=\"https:\/\/commons.wikimedia.org\/w\/index.php?curid=28584075\" target=\"_blank\" rel=\"noopener\">https:\/\/commons.wikimedia.org\/w\/index.php?curid=28584075<\/a><\/span><\/p>\n<p>&nbsp;<\/p>\n","protected":false},"excerpt":{"rendered":"<p>Unser Genosse Klaus Ried aus M\u00fcnchen hat vor dem Bayerischen Verwaltungsgerichtshof einen beachtlichen Teilerfolg f\u00fcr die Meinungsfreiheit erzielt. Unter dem Vorwand des &#8222;Antisemitismus&#8220;\u00a0 wurden st\u00e4dtische R\u00e4ume in M\u00fcnchen f\u00fcr eine israelkritische Veranstaltung\u00a0 verweigert.<br \/>\nKlaus Ried schreibt dazu u.a.: &#8230; Bei den meisten Diskussionen zu diesem Themenkomplex reden die Kontrahenten vollkommen aneinander vorbei, weil sie &#8211; unausgesprochen &#8211; von v\u00f6llig unterschiedlichen Vorstellungen ausgehen, was Antisemitismus ist, eine Gespenster-Diskussion, die logischerweise zu keinem konstruktiven Ergebnis f\u00fchren kann und die der demokratischen Meinungsbildung enorm schadet.<\/p>\n","protected":false},"author":3,"featured_media":9372,"comment_status":"closed","ping_status":"closed","sticky":false,"template":"","format":"standard","meta":{"colormag_page_container_layout":"default_layout","colormag_page_sidebar_layout":"default_layout","advanced_seo_description":"","jetpack_seo_html_title":"","jetpack_seo_noindex":false,"jetpack_post_was_ever_published":false,"footnotes":""},"categories":[12,937],"tags":[512,211,1255,393,395,835],"class_list":["post-9369","post","type-post","status-publish","format-standard","has-post-thumbnail","hentry","category-demokratie-medien-aufklaerung","category-zeit-der-verleumder-freidenker-fuer-klartext","tag-antisemitismus","tag-aufklaerung","tag-gerichtsprozess","tag-israel","tag-meinungsfreiheit","tag-muenchen"],"jetpack_featured_media_url":"https:\/\/i0.wp.com\/www.freidenker.org\/fw17\/wp-content\/uploads\/2021\/01\/klartext_Bayrischer_VGH.jpg?fit=800%2C445&ssl=1","jetpack_shortlink":"https:\/\/wp.me\/p9stpK-2r7","jetpack-related-posts":[{"id":12054,"url":"https:\/\/www.freidenker.org\/?p=12054","url_meta":{"origin":9369,"position":0},"title":"Urteil aus Leipzig: Meinungsfreiheit gilt auch f\u00fcr M\u00fcnchen","author":"Webredaktion","date":"25. Januar 2022","format":false,"excerpt":"Zu seinem juristischen Sieg \u00fcber den Versuch, der Stadt M\u00fcnchen, Israelkritik zu verbieten, ver\u00f6ffentlicht Klaus Ried, Mitglied des Deutschen Freidenker-Verbandes, eine Pressemitteilung Das Bundesverwaltungsgericht (BVerwG) in Leipzig hat heute die Revision der Stadt M\u00fcnchen gegen ein Urteil des Bayerischen Verwaltungsgerichtshofs (BayVGH) vom 17. November 2020 zur\u00fcckgewiesen, nach dem die Stadt\u2026","rel":"","context":"In &quot;Demokratie \u2013 Medien \u2013 Aufkl\u00e4rung&quot;","block_context":{"text":"Demokratie \u2013 Medien \u2013 Aufkl\u00e4rung","link":"https:\/\/www.freidenker.org\/?cat=12"},"img":{"alt_text":"","src":"https:\/\/i0.wp.com\/www.freidenker.org\/fw17\/wp-content\/uploads\/2022\/01\/Bundesverwaltungsgericht_800x450.jpg?fit=800%2C450&ssl=1&resize=350%2C200","width":350,"height":200,"srcset":"https:\/\/i0.wp.com\/www.freidenker.org\/fw17\/wp-content\/uploads\/2022\/01\/Bundesverwaltungsgericht_800x450.jpg?fit=800%2C450&ssl=1&resize=350%2C200 1x, https:\/\/i0.wp.com\/www.freidenker.org\/fw17\/wp-content\/uploads\/2022\/01\/Bundesverwaltungsgericht_800x450.jpg?fit=800%2C450&ssl=1&resize=525%2C300 1.5x, https:\/\/i0.wp.com\/www.freidenker.org\/fw17\/wp-content\/uploads\/2022\/01\/Bundesverwaltungsgericht_800x450.jpg?fit=800%2C450&ssl=1&resize=700%2C400 2x"},"classes":[]},{"id":18532,"url":"https:\/\/www.freidenker.org\/?p=18532","url_meta":{"origin":9369,"position":1},"title":"Shelly Steinberg: Mein Brief an Claudia Roth","author":"Webredaktion","date":"10. M\u00e4rz 2024","format":false,"excerpt":"Brief von Shelly Steinberg Shelly Steinberg schrieb an Claudia Roth, Beauftragte der Bundesregierung f\u00fcr Kultur und Medien, da sie \"sprach- und fassungslos\" sei angesichts der Reaktionen auf die Reden auf der Berlinale 2024. Shelly Steinberg ist J\u00fcdin; in Israel geboren, mit ihren Eltern nach M\u00fcnchen gekommen, hat in Israel und\u2026","rel":"","context":"In &quot;Demokratie \u2013 Medien \u2013 Aufkl\u00e4rung&quot;","block_context":{"text":"Demokratie \u2013 Medien \u2013 Aufkl\u00e4rung","link":"https:\/\/www.freidenker.org\/?cat=12"},"img":{"alt_text":"","src":"https:\/\/i0.wp.com\/www.freidenker.org\/fw17\/wp-content\/uploads\/2024\/03\/Shelly-Steinberg_800x450.jpg?fit=800%2C450&ssl=1&resize=350%2C200","width":350,"height":200,"srcset":"https:\/\/i0.wp.com\/www.freidenker.org\/fw17\/wp-content\/uploads\/2024\/03\/Shelly-Steinberg_800x450.jpg?fit=800%2C450&ssl=1&resize=350%2C200 1x, https:\/\/i0.wp.com\/www.freidenker.org\/fw17\/wp-content\/uploads\/2024\/03\/Shelly-Steinberg_800x450.jpg?fit=800%2C450&ssl=1&resize=525%2C300 1.5x, https:\/\/i0.wp.com\/www.freidenker.org\/fw17\/wp-content\/uploads\/2024\/03\/Shelly-Steinberg_800x450.jpg?fit=800%2C450&ssl=1&resize=700%2C400 2x"},"classes":[]},{"id":5473,"url":"https:\/\/www.freidenker.org\/?p=5473","url_meta":{"origin":9369,"position":2},"title":"\u201eUmdefinition des Antisemitismus\u201c?","author":"Webredaktion","date":"7. Oktober 2018","format":false,"excerpt":"Einladung zur Diskussionsveranstaltung mit Annette Groth, ehem. MdB Die LINKE am 13.10.2018 in Magdeburg. \u201eIn Nordrhein-Westfalen ist kein Platz f\u00fcr die antisemitische BDS-Bewegung\u201c, lautet ein gemeinsamer Antrag der Landtagsfraktionen von CDU, FDP, SPD und Gr\u00fcnen in Nordrhein-Westfalen. Die AfD-Abspaltung \u201eBlaue Partei\u201c verurteilt die \u201eAktionen der BDS-Bewegung in ihrer offensiven und\u2026","rel":"","context":"In &quot;Frieden - Antifaschismus - Solidarit\u00e4t&quot;","block_context":{"text":"Frieden - Antifaschismus - Solidarit\u00e4t","link":"https:\/\/www.freidenker.org\/?cat=13"},"img":{"alt_text":"","src":"https:\/\/i0.wp.com\/www.freidenker.org\/fw17\/wp-content\/uploads\/2018\/10\/Groth_Annette_800x445.jpg?fit=800%2C445&ssl=1&resize=350%2C200","width":350,"height":200,"srcset":"https:\/\/i0.wp.com\/www.freidenker.org\/fw17\/wp-content\/uploads\/2018\/10\/Groth_Annette_800x445.jpg?fit=800%2C445&ssl=1&resize=350%2C200 1x, https:\/\/i0.wp.com\/www.freidenker.org\/fw17\/wp-content\/uploads\/2018\/10\/Groth_Annette_800x445.jpg?fit=800%2C445&ssl=1&resize=525%2C300 1.5x, https:\/\/i0.wp.com\/www.freidenker.org\/fw17\/wp-content\/uploads\/2018\/10\/Groth_Annette_800x445.jpg?fit=800%2C445&ssl=1&resize=700%2C400 2x"},"classes":[]},{"id":752,"url":"https:\/\/www.freidenker.org\/?p=752","url_meta":{"origin":9369,"position":3},"title":"FREIDENKER 4-11 &#8211; &#8222;Antizionismus&#8220; = &#8222;Antisemitismus&#8220;?","author":"Webmaster","date":"16. Dezember 2011","format":false,"excerpt":"Die Ausgabe 4-11 des Verbandsorgans FREIDENKER hat das Schwerpunkt-Thema \u201eAntizionismus = Antisemitismus?\u201c und enth\u00e4lt u.a folgende Beitr\u00e4ge: Susanne Witt-Stahl: \u201eSieg oder Holocaust\u201c - Evelyn Hecht-Galinski: Holocaust-Missbrauch f\u00fcr Kriegsdrohung gegen Iran - Jan Bretschneider: Antizionismus = Antisemitismus? Versuch einer Kl\u00e4rung - Klaus von Raussendorff: Judentum \u2013 Judaismus \u2013 Zionismus \u2013 Israel\u2026","rel":"","context":"In &quot;Verbandsorgan FREIDENKER&quot;","block_context":{"text":"Verbandsorgan FREIDENKER","link":"https:\/\/www.freidenker.org\/?cat=8"},"img":{"alt_text":"","src":"https:\/\/i0.wp.com\/www.freidenker.org\/fw17\/wp-content\/uploads\/2017\/12\/FD_2011-04_Titel_mR.jpg?fit=800%2C445&ssl=1&resize=350%2C200","width":350,"height":200,"srcset":"https:\/\/i0.wp.com\/www.freidenker.org\/fw17\/wp-content\/uploads\/2017\/12\/FD_2011-04_Titel_mR.jpg?fit=800%2C445&ssl=1&resize=350%2C200 1x, https:\/\/i0.wp.com\/www.freidenker.org\/fw17\/wp-content\/uploads\/2017\/12\/FD_2011-04_Titel_mR.jpg?fit=800%2C445&ssl=1&resize=525%2C300 1.5x, https:\/\/i0.wp.com\/www.freidenker.org\/fw17\/wp-content\/uploads\/2017\/12\/FD_2011-04_Titel_mR.jpg?fit=800%2C445&ssl=1&resize=700%2C400 2x"},"classes":[]},{"id":3122,"url":"https:\/\/www.freidenker.org\/?p=3122","url_meta":{"origin":9369,"position":4},"title":"Ein Pl\u00e4doyer","author":"Webredaktion","date":"17. Dezember 2011","format":false,"excerpt":"Beitrag von Klaus Hartmann aus FREIDENKER 4-11 Der Vorwurf, \u201eAntisemit\u201c zu sein, geh\u00f6rt zu den schwersten politischen Anklagen. Heute wird der Vorwurf aber insbesondere gegen Menschen erhoben, die gegen israelische Besatzung und Kriegsverbrechen in Pal\u00e4stina protestieren. Besonders \u201eantisemitisch\u201c seien die \u201ekritischen Juden\u201c, die ihren Kriegstreiber-Regierungen nicht huldigen, f\u00fcr sie muss\u2026","rel":"","context":"In &quot;Demokratie \u2013 Medien \u2013 Aufkl\u00e4rung&quot;","block_context":{"text":"Demokratie \u2013 Medien \u2013 Aufkl\u00e4rung","link":"https:\/\/www.freidenker.org\/?cat=12"},"img":{"alt_text":"","src":"https:\/\/i0.wp.com\/www.freidenker.org\/fw17\/wp-content\/uploads\/2011\/12\/2005-08-14-1-5505_800x445.jpg?fit=800%2C445&ssl=1&resize=350%2C200","width":350,"height":200,"srcset":"https:\/\/i0.wp.com\/www.freidenker.org\/fw17\/wp-content\/uploads\/2011\/12\/2005-08-14-1-5505_800x445.jpg?fit=800%2C445&ssl=1&resize=350%2C200 1x, https:\/\/i0.wp.com\/www.freidenker.org\/fw17\/wp-content\/uploads\/2011\/12\/2005-08-14-1-5505_800x445.jpg?fit=800%2C445&ssl=1&resize=525%2C300 1.5x, https:\/\/i0.wp.com\/www.freidenker.org\/fw17\/wp-content\/uploads\/2011\/12\/2005-08-14-1-5505_800x445.jpg?fit=800%2C445&ssl=1&resize=700%2C400 2x"},"classes":[]},{"id":15606,"url":"https:\/\/www.freidenker.org\/?p=15606","url_meta":{"origin":9369,"position":5},"title":"Solidarit\u00e4t mit Daniele Ganser","author":"Webredaktion","date":"27. M\u00e4rz 2023","format":false,"excerpt":"In einer Reihe von St\u00e4dten, in denen Vortragsveranstaltungen des Schweizer Historikers und Friedensforschers Dr. Daniele Ganser angek\u00fcndigt wurden, verlangten \"B\u00fcndnisse\" von Pseudoantifaschisten von Stadtverwaltungen und Hallenbetreibern die Absage der Veranstaltungen. In \"Offenen Briefen\" u. a. Texten wird Ganser mit den sattsam bekannten Diffamierungsvokabeln (Antiamerikaner, Verschw\u00f6rungstheoretiker, Corona-Leugner, Antisemit etc.) \u00fcbersch\u00fcttet. In\u2026","rel":"","context":"In &quot;Zeit der Verleumder - Freidenker f\u00fcr Klartext&quot;","block_context":{"text":"Zeit der Verleumder - Freidenker f\u00fcr Klartext","link":"https:\/\/www.freidenker.org\/?cat=937"},"img":{"alt_text":"","src":"https:\/\/i0.wp.com\/www.freidenker.org\/fw17\/wp-content\/uploads\/2023\/03\/klartext_Daniele_Ganser_Dortmund_2023_800x450.jpg?fit=800%2C450&ssl=1&resize=350%2C200","width":350,"height":200,"srcset":"https:\/\/i0.wp.com\/www.freidenker.org\/fw17\/wp-content\/uploads\/2023\/03\/klartext_Daniele_Ganser_Dortmund_2023_800x450.jpg?fit=800%2C450&ssl=1&resize=350%2C200 1x, https:\/\/i0.wp.com\/www.freidenker.org\/fw17\/wp-content\/uploads\/2023\/03\/klartext_Daniele_Ganser_Dortmund_2023_800x450.jpg?fit=800%2C450&ssl=1&resize=525%2C300 1.5x, https:\/\/i0.wp.com\/www.freidenker.org\/fw17\/wp-content\/uploads\/2023\/03\/klartext_Daniele_Ganser_Dortmund_2023_800x450.jpg?fit=800%2C450&ssl=1&resize=700%2C400 2x"},"classes":[]}],"_links":{"self":[{"href":"https:\/\/www.freidenker.org\/index.php?rest_route=\/wp\/v2\/posts\/9369","targetHints":{"allow":["GET"]}}],"collection":[{"href":"https:\/\/www.freidenker.org\/index.php?rest_route=\/wp\/v2\/posts"}],"about":[{"href":"https:\/\/www.freidenker.org\/index.php?rest_route=\/wp\/v2\/types\/post"}],"author":[{"embeddable":true,"href":"https:\/\/www.freidenker.org\/index.php?rest_route=\/wp\/v2\/users\/3"}],"replies":[{"embeddable":true,"href":"https:\/\/www.freidenker.org\/index.php?rest_route=%2Fwp%2Fv2%2Fcomments&post=9369"}],"version-history":[{"count":0,"href":"https:\/\/www.freidenker.org\/index.php?rest_route=\/wp\/v2\/posts\/9369\/revisions"}],"wp:featuredmedia":[{"embeddable":true,"href":"https:\/\/www.freidenker.org\/index.php?rest_route=\/wp\/v2\/media\/9372"}],"wp:attachment":[{"href":"https:\/\/www.freidenker.org\/index.php?rest_route=%2Fwp%2Fv2%2Fmedia&parent=9369"}],"wp:term":[{"taxonomy":"category","embeddable":true,"href":"https:\/\/www.freidenker.org\/index.php?rest_route=%2Fwp%2Fv2%2Fcategories&post=9369"},{"taxonomy":"post_tag","embeddable":true,"href":"https:\/\/www.freidenker.org\/index.php?rest_route=%2Fwp%2Fv2%2Ftags&post=9369"}],"curies":[{"name":"wp","href":"https:\/\/api.w.org\/{rel}","templated":true}]}}