{"id":9336,"date":"2021-01-21T23:41:44","date_gmt":"2021-01-21T22:41:44","guid":{"rendered":"https:\/\/www.freidenker.org\/?p=9336"},"modified":"2021-02-18T02:37:46","modified_gmt":"2021-02-18T01:37:46","slug":"haarige-angelegenheit-lockdown-verlaengerung","status":"publish","type":"post","link":"https:\/\/www.freidenker.org\/?p=9336","title":{"rendered":"Haarige Angelegenheit: Lockdown-Verl\u00e4ngerung"},"content":{"rendered":"<figure id=\"attachment_9337\" aria-describedby=\"caption-attachment-9337\" style=\"width: 391px\" class=\"wp-caption alignright\"><img data-recalc-dims=\"1\" loading=\"lazy\" decoding=\"async\" data-attachment-id=\"9337\" data-permalink=\"https:\/\/www.freidenker.org\/?attachment_id=9337\" data-orig-file=\"https:\/\/i0.wp.com\/www.freidenker.org\/fw17\/wp-content\/uploads\/2021\/01\/00_rapunzel.jpg?fit=391%2C599&amp;ssl=1\" data-orig-size=\"391,599\" data-comments-opened=\"0\" data-image-meta=\"{&quot;aperture&quot;:&quot;0&quot;,&quot;credit&quot;:&quot;&quot;,&quot;camera&quot;:&quot;&quot;,&quot;caption&quot;:&quot;&quot;,&quot;created_timestamp&quot;:&quot;0&quot;,&quot;copyright&quot;:&quot;&quot;,&quot;focal_length&quot;:&quot;0&quot;,&quot;iso&quot;:&quot;0&quot;,&quot;shutter_speed&quot;:&quot;0&quot;,&quot;title&quot;:&quot;&quot;,&quot;orientation&quot;:&quot;0&quot;}\" data-image-title=\"00_rapunzel\" data-image-description=\"\" data-image-caption=\"\" data-large-file=\"https:\/\/i0.wp.com\/www.freidenker.org\/fw17\/wp-content\/uploads\/2021\/01\/00_rapunzel.jpg?fit=391%2C599&amp;ssl=1\" class=\"wp-image-9337 size-full\" src=\"https:\/\/i0.wp.com\/www.freidenker.org\/fw17\/wp-content\/uploads\/2021\/01\/00_rapunzel.jpg?resize=391%2C599&#038;ssl=1\" alt=\"\" width=\"391\" height=\"599\" srcset=\"https:\/\/i0.wp.com\/www.freidenker.org\/fw17\/wp-content\/uploads\/2021\/01\/00_rapunzel.jpg?w=391&amp;ssl=1 391w, https:\/\/i0.wp.com\/www.freidenker.org\/fw17\/wp-content\/uploads\/2021\/01\/00_rapunzel.jpg?resize=196%2C300&amp;ssl=1 196w\" sizes=\"auto, (max-width: 391px) 100vw, 391px\" \/><figcaption id=\"caption-attachment-9337\" class=\"wp-caption-text\"><span style=\"font-size: 10pt;\">Paul Hey, 1910: Illustration \u201eRapunzel\u201c (gemeinfrei)<\/span><\/figcaption><\/figure>\n<p><em>Von Klaus Hartmann<\/em><\/p>\n<p><strong>Das Thema ist ernsthafter als die Darstellung, mit der es behandelt wird: Brechen die Politiker, die uns mit \u201eCorona-Regeln\u201c begl\u00fccken, etwa ihre eigenen Vorschriften?<\/strong><\/p>\n<p>Der Lockdown: Wer nicht englisch kann, fragte sich, als das Wort im letzten Jahr Karriere machte: Hat das was mit einer Locke zu tun? Zumal zur gleichen Zeit die Warnung vor einer \u201ezweiten Welle\u201c aufkam, und von Prof. Dr. Hendrik Streeck wei\u00df man gar: \u201eVirologe spricht von Corona-\u201aDauerwelle\u2018.\u201c (Bild, 28.06.2020).<\/p>\n<p>F\u00fcr das englische Wort Lockdown gibt es verschiedene \u00dcbersetzungen: im engeren Sinne \u201eSperrung\u201c, \u201eAbriegelung\u201c, auch \u201eEinsperren\u201c, \u201eAbsperren\u201c, \u201eAusgangssperre\u201c.<\/p>\n<p>Wie ein langes Wegsperren wirkt, wissen wir schon aus dem M\u00e4rchen der Gebr\u00fcder Grimm: Rapunzel sa\u00df so lange im Turm, dass sie ihr Haar herunter (\u201edown\u201c) lassen konnte. Denn ihre Haare wuchsen in der Gefangenschaft weiter.<\/p>\n<p>Bei den Politikern vom Corona-Kabarett scheint das aber offensichtlich anders zu sein.<\/p>\n<p>Auch wenn ihre \u201eMa\u00dfnahmen\u201c als nicht-evidenzbasiert, von Panik getrieben, ja sogar als \u201ekopflos\u201c kritisiert werden \u2013 f\u00fcr einen Haarschnitt scheint ihr Kopf immer noch gut zu sein, sogar w\u00e4hrend des \u201eLockdown\u201c.<\/p>\n<p>Zur Einstimmung beschlossen am 28. Oktober 2020 die Bundeskanzlerin und die 16 Ministerpr\u00e4sidenten (auch K\u00f6nigin und die 16 Zwerge genannt) den sogenannten \u201eLockdown light\u201c ab 02. November: Kultur, Sport, Hotels, Gastronomie zu, Friseure blieben ge\u00f6ffnet \u2013 das sollte bis Ende November gelten. Doch schon zur Monatsmitte kam die mediale Einstimmung auf eine Verl\u00e4ngerung, die dann am 25.11.2020 von der illustren Runde beschlossen wurde, \u201ezun\u00e4chst bis zum 20. Dezember\u201c.<\/p>\n<p>Am 13. Dezember 2020 wurde das St\u00fcck des gro\u00dfen Erfolges wegen wiederholt \u2013 und aus \u201elight\u201c wurde \u201ehart\u201c (wer es nicht hart genug fand, nannte es \u201emedium\u201c): Schulen, Kitas, Einzelhandel und \u2013 Friseursalons! dicht, ab 16. Dezember und \u201evoraussichtlich\u201c bis 10. Januar 2021. Zum Alkoholverbot \u201ein der \u00d6ffentlichkeit\u201c kamen ein \u201eB\u00f6llerverbot\u201c und ein Versammlungsverbot zu Silvester. Am 31. Dezember z\u00fcndeten die Verordner dann doch einen Knaller, sie forderten n\u00e4mlich eine weitere Verl\u00e4ngerung bis Ende Januar, ein n\u00e4chstes Treffen wurde f\u00fcr 05. Januar 2021 terminiert. Dort kam es nicht nur zur \u201eplanm\u00e4\u00dfigen\u201c Verl\u00e4ngerung bis Ende Januar, sondern auch vielerorts zur Einschr\u00e4nkung des Bewegungsradius auf 15 Kilometer und weiteren Kontakteinschr\u00e4nkungen: Angeh\u00f6rige eines Hausstandes und mit maximal einer weiteren Person.<\/p>\n<p>Neues Jahr, neues Gl\u00fcck: Am 16. Januar 2021 drohte Merkel weitere \u201eacht bis zehn sehr harte Wochen\u201c an, und am 19. Januar beschloss ein neuer \u201eBund-L\u00e4nder-Gipfel\u201c die Verpflichtung zu luftdichteren Masken und weiteren Annehmlichkeiten nebst der Verl\u00e4ngerung des Zusperrens bis erst mal 14. Februar 2021.<\/p>\n<p>Wie sinnhaft auch immer, aber eins bedr\u00fcckt echt: die Friseursalons bleiben geschlossen. Vom 16. Dezember bis 19. Januar waren es schon 35 Tage, also f\u00fcnf Wochen, und da die Haare pro Monat um ca. 1 cm wachsen, tr\u00e4gt das gemeine Volk allm\u00e4hlich wieder die sprichw\u00f6rtliche \u201eCorona-Matte\u201c.<\/p>\n<h5>Aber was macht das mit den Frisuren der Obertanen?<\/h5>\n<p>Scheinbar nichts \u2013 keine \u00dcberl\u00e4ngen feststellbar:<\/p>\n<table style=\"border-collapse: collapse; width: 100%;\">\n<tbody>\n<tr>\n<td style=\"width: 50%; vertical-align: top;\"><img data-recalc-dims=\"1\" loading=\"lazy\" decoding=\"async\" data-attachment-id=\"9338\" data-permalink=\"https:\/\/www.freidenker.org\/?attachment_id=9338\" data-orig-file=\"https:\/\/i0.wp.com\/www.freidenker.org\/fw17\/wp-content\/uploads\/2021\/01\/01_ramelow.jpg?fit=400%2C225&amp;ssl=1\" data-orig-size=\"400,225\" data-comments-opened=\"0\" data-image-meta=\"{&quot;aperture&quot;:&quot;0&quot;,&quot;credit&quot;:&quot;&quot;,&quot;camera&quot;:&quot;&quot;,&quot;caption&quot;:&quot;&quot;,&quot;created_timestamp&quot;:&quot;0&quot;,&quot;copyright&quot;:&quot;&quot;,&quot;focal_length&quot;:&quot;0&quot;,&quot;iso&quot;:&quot;0&quot;,&quot;shutter_speed&quot;:&quot;0&quot;,&quot;title&quot;:&quot;&quot;,&quot;orientation&quot;:&quot;1&quot;}\" data-image-title=\"01_ramelow\" data-image-description=\"\" data-image-caption=\"\" data-large-file=\"https:\/\/i0.wp.com\/www.freidenker.org\/fw17\/wp-content\/uploads\/2021\/01\/01_ramelow.jpg?fit=400%2C225&amp;ssl=1\" class=\"alignnone wp-image-9338 size-full\" src=\"https:\/\/i0.wp.com\/www.freidenker.org\/fw17\/wp-content\/uploads\/2021\/01\/01_ramelow.jpg?resize=400%2C225&#038;ssl=1\" alt=\"\" width=\"400\" height=\"225\" srcset=\"https:\/\/i0.wp.com\/www.freidenker.org\/fw17\/wp-content\/uploads\/2021\/01\/01_ramelow.jpg?w=400&amp;ssl=1 400w, https:\/\/i0.wp.com\/www.freidenker.org\/fw17\/wp-content\/uploads\/2021\/01\/01_ramelow.jpg?resize=300%2C169&amp;ssl=1 300w\" sizes=\"auto, (max-width: 400px) 100vw, 400px\" \/><\/p>\n<p>Th\u00fcringens Ministerpr\u00e4sident Bodo Ramelow, \u201eDie Linke\u201c, ist wahnsinnig optimistisch: \u201eAb Ostern hoffentlich besseres Wetter\u201c<\/p>\n<p><span style=\"font-size: 10pt;\">(Bodo Ramelow nach der Konferenz mit der Bundes\u00adkanzlerin am 5.1.2021, Foto Freistaat Th\u00fcringen)<\/span><\/td>\n<td style=\"width: 50%; vertical-align: top;\"><img data-recalc-dims=\"1\" loading=\"lazy\" decoding=\"async\" data-attachment-id=\"9354\" data-permalink=\"https:\/\/www.freidenker.org\/?attachment_id=9354\" data-orig-file=\"https:\/\/i0.wp.com\/www.freidenker.org\/fw17\/wp-content\/uploads\/2021\/01\/02_kretschmann-1.jpg?fit=400%2C225&amp;ssl=1\" data-orig-size=\"400,225\" data-comments-opened=\"0\" data-image-meta=\"{&quot;aperture&quot;:&quot;0&quot;,&quot;credit&quot;:&quot;&quot;,&quot;camera&quot;:&quot;&quot;,&quot;caption&quot;:&quot;&quot;,&quot;created_timestamp&quot;:&quot;0&quot;,&quot;copyright&quot;:&quot;&quot;,&quot;focal_length&quot;:&quot;0&quot;,&quot;iso&quot;:&quot;0&quot;,&quot;shutter_speed&quot;:&quot;0&quot;,&quot;title&quot;:&quot;&quot;,&quot;orientation&quot;:&quot;1&quot;}\" data-image-title=\"02_kretschmann\" data-image-description=\"\" data-image-caption=\"\" data-large-file=\"https:\/\/i0.wp.com\/www.freidenker.org\/fw17\/wp-content\/uploads\/2021\/01\/02_kretschmann-1.jpg?fit=400%2C225&amp;ssl=1\" class=\"alignnone wp-image-9354 size-full\" src=\"https:\/\/i0.wp.com\/www.freidenker.org\/fw17\/wp-content\/uploads\/2021\/01\/02_kretschmann-1.jpg?resize=400%2C225&#038;ssl=1\" alt=\"\" width=\"400\" height=\"225\" srcset=\"https:\/\/i0.wp.com\/www.freidenker.org\/fw17\/wp-content\/uploads\/2021\/01\/02_kretschmann-1.jpg?w=400&amp;ssl=1 400w, https:\/\/i0.wp.com\/www.freidenker.org\/fw17\/wp-content\/uploads\/2021\/01\/02_kretschmann-1.jpg?resize=300%2C169&amp;ssl=1 300w\" sizes=\"auto, (max-width: 400px) 100vw, 400px\" \/><\/p>\n<p>Auch in Baden W\u00fcrttemberg kein Millimeter zu viel \u2026<\/p>\n<p><span style=\"font-size: 10pt;\">(Ministerpr\u00e4sident Winfried Kretschmann am 08.01.2021, Foto: Staatsministerium Baden-W\u00fcrttemberg)<\/span><\/td>\n<\/tr>\n<\/tbody>\n<\/table>\n<p>Zuletzt machte Heiko Maas mit seiner Forderung nach Privilegien f\u00fcr Geimpfte Schlagzeilen.<\/p>\n<p>Die forderte er nicht f\u00fcr seinen Zust\u00e4ndigkeitsbereich, das Ausland, sondern in Deutschland. \u201eCorona-Geimpfte sollen fr\u00fcher in Restaurants und Kinos d\u00fcrfen\u201c, meldeten die Medien. Gemeint war mit \u201efr\u00fcher\u201c nicht vormittags, sondern dass Nichtgeimpfte g\u00e4nzlich ausgesperrt bleiben sollen.<\/p>\n<p>Eindrucksvoller kann man das Dementi einer Impfpflicht gar nicht dementieren.<\/p>\n<table style=\"border-collapse: collapse; width: 100%;\">\n<tbody>\n<tr>\n<td style=\"width: 50%; vertical-align: top;\">Wenig bis gar nicht beachtet wurde dabei allerdings seine aktuelle Kurzhaarfrisur:<\/p>\n<p><img data-recalc-dims=\"1\" loading=\"lazy\" decoding=\"async\" data-attachment-id=\"9340\" data-permalink=\"https:\/\/www.freidenker.org\/?attachment_id=9340\" data-orig-file=\"https:\/\/i0.wp.com\/www.freidenker.org\/fw17\/wp-content\/uploads\/2021\/01\/03_maas.jpg?fit=400%2C225&amp;ssl=1\" data-orig-size=\"400,225\" data-comments-opened=\"0\" data-image-meta=\"{&quot;aperture&quot;:&quot;0&quot;,&quot;credit&quot;:&quot;&quot;,&quot;camera&quot;:&quot;&quot;,&quot;caption&quot;:&quot;&quot;,&quot;created_timestamp&quot;:&quot;0&quot;,&quot;copyright&quot;:&quot;&quot;,&quot;focal_length&quot;:&quot;0&quot;,&quot;iso&quot;:&quot;0&quot;,&quot;shutter_speed&quot;:&quot;0&quot;,&quot;title&quot;:&quot;&quot;,&quot;orientation&quot;:&quot;1&quot;}\" data-image-title=\"03_maas\" data-image-description=\"\" data-image-caption=\"\" data-large-file=\"https:\/\/i0.wp.com\/www.freidenker.org\/fw17\/wp-content\/uploads\/2021\/01\/03_maas.jpg?fit=400%2C225&amp;ssl=1\" class=\"alignnone wp-image-9340 size-full\" src=\"https:\/\/i0.wp.com\/www.freidenker.org\/fw17\/wp-content\/uploads\/2021\/01\/03_maas.jpg?resize=400%2C225&#038;ssl=1\" alt=\"\" width=\"400\" height=\"225\" srcset=\"https:\/\/i0.wp.com\/www.freidenker.org\/fw17\/wp-content\/uploads\/2021\/01\/03_maas.jpg?w=400&amp;ssl=1 400w, https:\/\/i0.wp.com\/www.freidenker.org\/fw17\/wp-content\/uploads\/2021\/01\/03_maas.jpg?resize=300%2C169&amp;ssl=1 300w\" sizes=\"auto, (max-width: 400px) 100vw, 400px\" \/><\/p>\n<p><span style=\"font-size: 10pt;\">(Diskussion \u00fcber &#8222;R\u00fcckkehr zur Normalit\u00e4t&#8220; nach Impfung &#8211; <\/span><span style=\"font-size: 10pt;\">Screenshot ard-tagesthemen 22:45 Uhr, 17.01.2021)<\/span><\/td>\n<td style=\"width: 50%; vertical-align: top;\">Schon am 14. Januar 2021 stand er im deutschen Bundestag unverkennbar am Mikrofon:<\/p>\n<p><img data-recalc-dims=\"1\" loading=\"lazy\" decoding=\"async\" data-attachment-id=\"9341\" data-permalink=\"https:\/\/www.freidenker.org\/?attachment_id=9341\" data-orig-file=\"https:\/\/i0.wp.com\/www.freidenker.org\/fw17\/wp-content\/uploads\/2021\/01\/04_maas.jpg?fit=400%2C225&amp;ssl=1\" data-orig-size=\"400,225\" data-comments-opened=\"0\" data-image-meta=\"{&quot;aperture&quot;:&quot;0&quot;,&quot;credit&quot;:&quot;&quot;,&quot;camera&quot;:&quot;&quot;,&quot;caption&quot;:&quot;&quot;,&quot;created_timestamp&quot;:&quot;0&quot;,&quot;copyright&quot;:&quot;&quot;,&quot;focal_length&quot;:&quot;0&quot;,&quot;iso&quot;:&quot;0&quot;,&quot;shutter_speed&quot;:&quot;0&quot;,&quot;title&quot;:&quot;&quot;,&quot;orientation&quot;:&quot;1&quot;}\" data-image-title=\"04_maas\" data-image-description=\"\" data-image-caption=\"\" data-large-file=\"https:\/\/i0.wp.com\/www.freidenker.org\/fw17\/wp-content\/uploads\/2021\/01\/04_maas.jpg?fit=400%2C225&amp;ssl=1\" class=\"alignnone wp-image-9341 size-full\" src=\"https:\/\/i0.wp.com\/www.freidenker.org\/fw17\/wp-content\/uploads\/2021\/01\/04_maas.jpg?resize=400%2C225&#038;ssl=1\" alt=\"\" width=\"400\" height=\"225\" srcset=\"https:\/\/i0.wp.com\/www.freidenker.org\/fw17\/wp-content\/uploads\/2021\/01\/04_maas.jpg?w=400&amp;ssl=1 400w, https:\/\/i0.wp.com\/www.freidenker.org\/fw17\/wp-content\/uploads\/2021\/01\/04_maas.jpg?resize=300%2C169&amp;ssl=1 300w\" sizes=\"auto, (max-width: 400px) 100vw, 400px\" \/><\/p>\n<p>Weniger w\u00e4re \u2026 Glatze.<\/p>\n<p><span style=\"font-size: 10pt;\">(Screenshot RT DE)<\/span><\/td>\n<\/tr>\n<\/tbody>\n<\/table>\n<h5><strong><img data-recalc-dims=\"1\" loading=\"lazy\" decoding=\"async\" data-attachment-id=\"9342\" data-permalink=\"https:\/\/www.freidenker.org\/?attachment_id=9342\" data-orig-file=\"https:\/\/i0.wp.com\/www.freidenker.org\/fw17\/wp-content\/uploads\/2021\/01\/05_lauterbach.jpg?fit=220%2C330&amp;ssl=1\" data-orig-size=\"220,330\" data-comments-opened=\"0\" data-image-meta=\"{&quot;aperture&quot;:&quot;0&quot;,&quot;credit&quot;:&quot;&quot;,&quot;camera&quot;:&quot;&quot;,&quot;caption&quot;:&quot;&quot;,&quot;created_timestamp&quot;:&quot;0&quot;,&quot;copyright&quot;:&quot;&quot;,&quot;focal_length&quot;:&quot;0&quot;,&quot;iso&quot;:&quot;0&quot;,&quot;shutter_speed&quot;:&quot;0&quot;,&quot;title&quot;:&quot;&quot;,&quot;orientation&quot;:&quot;0&quot;}\" data-image-title=\"05_lauterbach\" data-image-description=\"\" data-image-caption=\"\" data-large-file=\"https:\/\/i0.wp.com\/www.freidenker.org\/fw17\/wp-content\/uploads\/2021\/01\/05_lauterbach.jpg?fit=220%2C330&amp;ssl=1\" class=\"alignright wp-image-9342 size-full\" src=\"https:\/\/i0.wp.com\/www.freidenker.org\/fw17\/wp-content\/uploads\/2021\/01\/05_lauterbach.jpg?resize=220%2C330&#038;ssl=1\" alt=\"\" width=\"220\" height=\"330\" srcset=\"https:\/\/i0.wp.com\/www.freidenker.org\/fw17\/wp-content\/uploads\/2021\/01\/05_lauterbach.jpg?w=220&amp;ssl=1 220w, https:\/\/i0.wp.com\/www.freidenker.org\/fw17\/wp-content\/uploads\/2021\/01\/05_lauterbach.jpg?resize=200%2C300&amp;ssl=1 200w\" sizes=\"auto, (max-width: 220px) 100vw, 220px\" \/><\/strong>Ziemlich durch den Wind, so kennt man ihn<\/h5>\n<p>Auf allen Kan\u00e4len n\u00f6lt uns der Karl Lauterbach entgegen, jetzt tr\u00e4umt er sogar von einer \u201eneuen Pandemie\u201c.<\/p>\n<p>Er wird penetrant als \u201eEpidemiologe\u201c bezeichnet, obwohl er das nicht ist. Seinen Dr. med. machte er mit Studien beim Kernforschungszentrum J\u00fclich zur Feststellung von Radioaktivit\u00e4t mittels Gammaskop, einen weiteren Dr. nach Studium der \u201eGesundheits\u00f6konomie\u201c \u2013 was ihn zum Aufsichtsrat bei den Rh\u00f6n-Kliniken pr\u00e4destinierte. Erst 2010 erhielt er die Approbation zum Arzt, war aber nie als solcher t\u00e4tig. \u201eEpidemiologie\u201c stand (neben \u201eGesundheits\u00f6konomie\u201c) nur im Namen eines Instituts der Universit\u00e4t K\u00f6ln, das er (noch ohne Approbation) ein Jahr lang leitete.<\/p>\n<p>Seine \u2013 Frisur kann man ja nicht sagen, wom\u00f6glich legt er selbst Hand an sich. Also seine Haare sind jedenfalls \u2026<\/p>\n<table style=\"border-collapse: collapse; width: 100%;\">\n<tbody>\n<tr>\n<td style=\"width: 50%; vertical-align: top;\">kurz genug:<\/p>\n<p><img data-recalc-dims=\"1\" loading=\"lazy\" decoding=\"async\" data-attachment-id=\"9343\" data-permalink=\"https:\/\/www.freidenker.org\/?attachment_id=9343\" data-orig-file=\"https:\/\/i0.wp.com\/www.freidenker.org\/fw17\/wp-content\/uploads\/2021\/01\/06_lauterbach.jpg?fit=400%2C225&amp;ssl=1\" data-orig-size=\"400,225\" data-comments-opened=\"0\" data-image-meta=\"{&quot;aperture&quot;:&quot;0&quot;,&quot;credit&quot;:&quot;&quot;,&quot;camera&quot;:&quot;&quot;,&quot;caption&quot;:&quot;&quot;,&quot;created_timestamp&quot;:&quot;0&quot;,&quot;copyright&quot;:&quot;&quot;,&quot;focal_length&quot;:&quot;0&quot;,&quot;iso&quot;:&quot;0&quot;,&quot;shutter_speed&quot;:&quot;0&quot;,&quot;title&quot;:&quot;&quot;,&quot;orientation&quot;:&quot;1&quot;}\" data-image-title=\"06_lauterbach\" data-image-description=\"\" data-image-caption=\"\" data-large-file=\"https:\/\/i0.wp.com\/www.freidenker.org\/fw17\/wp-content\/uploads\/2021\/01\/06_lauterbach.jpg?fit=400%2C225&amp;ssl=1\" class=\"alignnone wp-image-9343 size-full\" src=\"https:\/\/i0.wp.com\/www.freidenker.org\/fw17\/wp-content\/uploads\/2021\/01\/06_lauterbach.jpg?resize=400%2C225&#038;ssl=1\" alt=\"\" width=\"400\" height=\"225\" srcset=\"https:\/\/i0.wp.com\/www.freidenker.org\/fw17\/wp-content\/uploads\/2021\/01\/06_lauterbach.jpg?w=400&amp;ssl=1 400w, https:\/\/i0.wp.com\/www.freidenker.org\/fw17\/wp-content\/uploads\/2021\/01\/06_lauterbach.jpg?resize=300%2C169&amp;ssl=1 300w\" sizes=\"auto, (max-width: 400px) 100vw, 400px\" \/><\/p>\n<p><span style=\"font-size: 10pt;\">(ZDF-Talksendung \u00bbMaybrit Illner\u00ab vom 17. Dezember 2020)<\/span><\/td>\n<td style=\"width: 50%; vertical-align: top;\">\u2026 und Wochen sp\u00e4ter auch nicht l\u00e4nger:<\/p>\n<p><img data-recalc-dims=\"1\" loading=\"lazy\" decoding=\"async\" data-attachment-id=\"9344\" data-permalink=\"https:\/\/www.freidenker.org\/?attachment_id=9344\" data-orig-file=\"https:\/\/i0.wp.com\/www.freidenker.org\/fw17\/wp-content\/uploads\/2021\/01\/07_lauterbach.jpg?fit=400%2C225&amp;ssl=1\" data-orig-size=\"400,225\" data-comments-opened=\"0\" data-image-meta=\"{&quot;aperture&quot;:&quot;0&quot;,&quot;credit&quot;:&quot;&quot;,&quot;camera&quot;:&quot;&quot;,&quot;caption&quot;:&quot;&quot;,&quot;created_timestamp&quot;:&quot;0&quot;,&quot;copyright&quot;:&quot;&quot;,&quot;focal_length&quot;:&quot;0&quot;,&quot;iso&quot;:&quot;0&quot;,&quot;shutter_speed&quot;:&quot;0&quot;,&quot;title&quot;:&quot;&quot;,&quot;orientation&quot;:&quot;1&quot;}\" data-image-title=\"07_lauterbach\" data-image-description=\"\" data-image-caption=\"\" data-large-file=\"https:\/\/i0.wp.com\/www.freidenker.org\/fw17\/wp-content\/uploads\/2021\/01\/07_lauterbach.jpg?fit=400%2C225&amp;ssl=1\" class=\"alignnone wp-image-9344 size-full\" src=\"https:\/\/i0.wp.com\/www.freidenker.org\/fw17\/wp-content\/uploads\/2021\/01\/07_lauterbach.jpg?resize=400%2C225&#038;ssl=1\" alt=\"\" width=\"400\" height=\"225\" srcset=\"https:\/\/i0.wp.com\/www.freidenker.org\/fw17\/wp-content\/uploads\/2021\/01\/07_lauterbach.jpg?w=400&amp;ssl=1 400w, https:\/\/i0.wp.com\/www.freidenker.org\/fw17\/wp-content\/uploads\/2021\/01\/07_lauterbach.jpg?resize=300%2C169&amp;ssl=1 300w\" sizes=\"auto, (max-width: 400px) 100vw, 400px\" \/><\/p>\n<p><span style=\"font-size: 10pt;\">(ZDF-Talksendung \u00bbMaybrit Illner\u00ab vom 14. Januar 2021)<\/span><\/td>\n<\/tr>\n<\/tbody>\n<\/table>\n<p>Damit steht er aber nicht allein.<\/p>\n<p>In der selben Sendung (14. Januar 2021) zugeschaltet:<\/p>\n<table style=\"border-collapse: collapse; width: 100%;\">\n<tbody>\n<tr>\n<td style=\"width: 50%; vertical-align: top;\"><img data-recalc-dims=\"1\" loading=\"lazy\" decoding=\"async\" data-attachment-id=\"9345\" data-permalink=\"https:\/\/www.freidenker.org\/?attachment_id=9345\" data-orig-file=\"https:\/\/i0.wp.com\/www.freidenker.org\/fw17\/wp-content\/uploads\/2021\/01\/08_kretschmer.jpg?fit=400%2C225&amp;ssl=1\" data-orig-size=\"400,225\" data-comments-opened=\"0\" data-image-meta=\"{&quot;aperture&quot;:&quot;0&quot;,&quot;credit&quot;:&quot;&quot;,&quot;camera&quot;:&quot;&quot;,&quot;caption&quot;:&quot;&quot;,&quot;created_timestamp&quot;:&quot;0&quot;,&quot;copyright&quot;:&quot;&quot;,&quot;focal_length&quot;:&quot;0&quot;,&quot;iso&quot;:&quot;0&quot;,&quot;shutter_speed&quot;:&quot;0&quot;,&quot;title&quot;:&quot;&quot;,&quot;orientation&quot;:&quot;1&quot;}\" data-image-title=\"08_kretschmer\" data-image-description=\"\" data-image-caption=\"\" data-large-file=\"https:\/\/i0.wp.com\/www.freidenker.org\/fw17\/wp-content\/uploads\/2021\/01\/08_kretschmer.jpg?fit=400%2C225&amp;ssl=1\" class=\"alignnone wp-image-9345 size-full\" src=\"https:\/\/i0.wp.com\/www.freidenker.org\/fw17\/wp-content\/uploads\/2021\/01\/08_kretschmer.jpg?resize=400%2C225&#038;ssl=1\" alt=\"\" width=\"400\" height=\"225\" srcset=\"https:\/\/i0.wp.com\/www.freidenker.org\/fw17\/wp-content\/uploads\/2021\/01\/08_kretschmer.jpg?w=400&amp;ssl=1 400w, https:\/\/i0.wp.com\/www.freidenker.org\/fw17\/wp-content\/uploads\/2021\/01\/08_kretschmer.jpg?resize=300%2C169&amp;ssl=1 300w\" sizes=\"auto, (max-width: 400px) 100vw, 400px\" \/><\/p>\n<p>Sachsens Ministerpr\u00e4sident Kretschmer, weiterhin korrekt Kurzhaar-frisiert<\/td>\n<td style=\"width: 50%; vertical-align: top;\"><img data-recalc-dims=\"1\" loading=\"lazy\" decoding=\"async\" data-attachment-id=\"9346\" data-permalink=\"https:\/\/www.freidenker.org\/?attachment_id=9346\" data-orig-file=\"https:\/\/i0.wp.com\/www.freidenker.org\/fw17\/wp-content\/uploads\/2021\/01\/09_wieler.jpg?fit=400%2C225&amp;ssl=1\" data-orig-size=\"400,225\" data-comments-opened=\"0\" data-image-meta=\"{&quot;aperture&quot;:&quot;0&quot;,&quot;credit&quot;:&quot;&quot;,&quot;camera&quot;:&quot;&quot;,&quot;caption&quot;:&quot;&quot;,&quot;created_timestamp&quot;:&quot;0&quot;,&quot;copyright&quot;:&quot;&quot;,&quot;focal_length&quot;:&quot;0&quot;,&quot;iso&quot;:&quot;0&quot;,&quot;shutter_speed&quot;:&quot;0&quot;,&quot;title&quot;:&quot;&quot;,&quot;orientation&quot;:&quot;1&quot;}\" data-image-title=\"09_wieler\" data-image-description=\"\" data-image-caption=\"\" data-large-file=\"https:\/\/i0.wp.com\/www.freidenker.org\/fw17\/wp-content\/uploads\/2021\/01\/09_wieler.jpg?fit=400%2C225&amp;ssl=1\" class=\"alignnone wp-image-9346 size-full\" src=\"https:\/\/i0.wp.com\/www.freidenker.org\/fw17\/wp-content\/uploads\/2021\/01\/09_wieler.jpg?resize=400%2C225&#038;ssl=1\" alt=\"\" width=\"400\" height=\"225\" srcset=\"https:\/\/i0.wp.com\/www.freidenker.org\/fw17\/wp-content\/uploads\/2021\/01\/09_wieler.jpg?w=400&amp;ssl=1 400w, https:\/\/i0.wp.com\/www.freidenker.org\/fw17\/wp-content\/uploads\/2021\/01\/09_wieler.jpg?resize=300%2C169&amp;ssl=1 300w\" sizes=\"auto, (max-width: 400px) 100vw, 400px\" \/><\/p>\n<p>\u201eKontakte noch st\u00e4rker beschr\u00e4nken\u201c forderte der Tierarzt mit dem superakkuraten aktuellen Haarschnitt, Prof. Lothar Wieler (RKI)<\/p>\n<p><span style=\"font-size: 10pt;\">(Screenshot ard-nachtmagazin 15.01.2021)<\/span><\/td>\n<\/tr>\n<\/tbody>\n<\/table>\n<h5>Das n\u00e4rrische Dreigestirn<\/h5>\n<p>Als Trost f\u00fcr die ausfallende Karnevals-Saison hat sich die CDU was Besonderes einfallen lassen: Sie pr\u00e4sentierte bei einem virtuellen Parteitag am 16.\/17. Januar 2021 das bekannte n\u00e4rrische Dreigestirn, wie man es vom K\u00f6lner Karneval kennt. Deshalb mussten die drei Jecken auch zwingend aus Nordrhein-Westfalen kommen.<\/p>\n<p>Und das Bonbon (die Kamelle) f\u00fcr die \u00d6ffentlichkeit: Die Delegierten \u2013 1001 war ihre m\u00e4rchenhafte Zahl, durften (virtuell) entscheiden, wer in der n\u00e4chsten Kampagne welche Position einnehmen darf.<\/p>\n<p><img data-recalc-dims=\"1\" loading=\"lazy\" decoding=\"async\" data-attachment-id=\"9416\" data-permalink=\"https:\/\/www.freidenker.org\/?attachment_id=9416\" data-orig-file=\"https:\/\/i0.wp.com\/www.freidenker.org\/fw17\/wp-content\/uploads\/2021\/01\/laschet_mit_kappe2.jpg?fit=468%2C530&amp;ssl=1\" data-orig-size=\"468,530\" data-comments-opened=\"0\" data-image-meta=\"{&quot;aperture&quot;:&quot;0&quot;,&quot;credit&quot;:&quot;&quot;,&quot;camera&quot;:&quot;&quot;,&quot;caption&quot;:&quot;&quot;,&quot;created_timestamp&quot;:&quot;0&quot;,&quot;copyright&quot;:&quot;&quot;,&quot;focal_length&quot;:&quot;0&quot;,&quot;iso&quot;:&quot;0&quot;,&quot;shutter_speed&quot;:&quot;0&quot;,&quot;title&quot;:&quot;&quot;,&quot;orientation&quot;:&quot;0&quot;}\" data-image-title=\"laschet_mit_kappe2\" data-image-description=\"\" data-image-caption=\"\" data-large-file=\"https:\/\/i0.wp.com\/www.freidenker.org\/fw17\/wp-content\/uploads\/2021\/01\/laschet_mit_kappe2.jpg?fit=468%2C530&amp;ssl=1\" class=\"wp-image-9416 size-full aligncenter\" src=\"https:\/\/i0.wp.com\/www.freidenker.org\/fw17\/wp-content\/uploads\/2021\/01\/laschet_mit_kappe2.jpg?resize=468%2C530&#038;ssl=1\" alt=\"\" width=\"468\" height=\"530\" srcset=\"https:\/\/i0.wp.com\/www.freidenker.org\/fw17\/wp-content\/uploads\/2021\/01\/laschet_mit_kappe2.jpg?w=468&amp;ssl=1 468w, https:\/\/i0.wp.com\/www.freidenker.org\/fw17\/wp-content\/uploads\/2021\/01\/laschet_mit_kappe2.jpg?resize=265%2C300&amp;ssl=1 265w\" sizes=\"auto, (max-width: 468px) 100vw, 468px\" \/><\/p>\n<p style=\"text-align: center;\">Die Krone des Prinzen errang: Armin der Letzte, der sich schon ganz furchtbar auf den Job freut.<\/p>\n<table style=\"border-collapse: collapse; width: 100%;\">\n<tbody>\n<tr>\n<td style=\"width: 50%; vertical-align: top;\"><img data-recalc-dims=\"1\" loading=\"lazy\" decoding=\"async\" data-attachment-id=\"9349\" data-permalink=\"https:\/\/www.freidenker.org\/?attachment_id=9349\" data-orig-file=\"https:\/\/i0.wp.com\/www.freidenker.org\/fw17\/wp-content\/uploads\/2021\/01\/12_roettgen.jpg?fit=400%2C271&amp;ssl=1\" data-orig-size=\"400,271\" data-comments-opened=\"0\" data-image-meta=\"{&quot;aperture&quot;:&quot;0&quot;,&quot;credit&quot;:&quot;&quot;,&quot;camera&quot;:&quot;&quot;,&quot;caption&quot;:&quot;&quot;,&quot;created_timestamp&quot;:&quot;0&quot;,&quot;copyright&quot;:&quot;&quot;,&quot;focal_length&quot;:&quot;0&quot;,&quot;iso&quot;:&quot;0&quot;,&quot;shutter_speed&quot;:&quot;0&quot;,&quot;title&quot;:&quot;&quot;,&quot;orientation&quot;:&quot;1&quot;}\" data-image-title=\"12_r\u00f6ttgen\" data-image-description=\"\" data-image-caption=\"\" data-large-file=\"https:\/\/i0.wp.com\/www.freidenker.org\/fw17\/wp-content\/uploads\/2021\/01\/12_roettgen.jpg?fit=400%2C271&amp;ssl=1\" class=\"alignnone wp-image-9349 size-full\" src=\"https:\/\/i0.wp.com\/www.freidenker.org\/fw17\/wp-content\/uploads\/2021\/01\/12_roettgen.jpg?resize=400%2C271&#038;ssl=1\" alt=\"\" width=\"400\" height=\"271\" srcset=\"https:\/\/i0.wp.com\/www.freidenker.org\/fw17\/wp-content\/uploads\/2021\/01\/12_roettgen.jpg?w=400&amp;ssl=1 400w, https:\/\/i0.wp.com\/www.freidenker.org\/fw17\/wp-content\/uploads\/2021\/01\/12_roettgen.jpg?resize=300%2C203&amp;ssl=1 300w\" sizes=\"auto, (max-width: 400px) 100vw, 400px\" \/><\/p>\n<p>Und Bauer wurde, also eher Bauernopfer (im ersten Wahlgang raus):<br \/>\nNorbert, der unerbittliche Transatlantiker<\/td>\n<td style=\"width: 50%; vertical-align: top;\"><img data-recalc-dims=\"1\" loading=\"lazy\" decoding=\"async\" data-attachment-id=\"9350\" data-permalink=\"https:\/\/www.freidenker.org\/?attachment_id=9350\" data-orig-file=\"https:\/\/i0.wp.com\/www.freidenker.org\/fw17\/wp-content\/uploads\/2021\/01\/13_merz.jpg?fit=400%2C270&amp;ssl=1\" data-orig-size=\"400,270\" data-comments-opened=\"0\" data-image-meta=\"{&quot;aperture&quot;:&quot;0&quot;,&quot;credit&quot;:&quot;&quot;,&quot;camera&quot;:&quot;&quot;,&quot;caption&quot;:&quot;&quot;,&quot;created_timestamp&quot;:&quot;0&quot;,&quot;copyright&quot;:&quot;&quot;,&quot;focal_length&quot;:&quot;0&quot;,&quot;iso&quot;:&quot;0&quot;,&quot;shutter_speed&quot;:&quot;0&quot;,&quot;title&quot;:&quot;&quot;,&quot;orientation&quot;:&quot;1&quot;}\" data-image-title=\"13_merz\" data-image-description=\"\" data-image-caption=\"\" data-large-file=\"https:\/\/i0.wp.com\/www.freidenker.org\/fw17\/wp-content\/uploads\/2021\/01\/13_merz.jpg?fit=400%2C270&amp;ssl=1\" class=\"alignnone wp-image-9350 size-full\" src=\"https:\/\/i0.wp.com\/www.freidenker.org\/fw17\/wp-content\/uploads\/2021\/01\/13_merz.jpg?resize=400%2C270&#038;ssl=1\" alt=\"\" width=\"400\" height=\"270\" srcset=\"https:\/\/i0.wp.com\/www.freidenker.org\/fw17\/wp-content\/uploads\/2021\/01\/13_merz.jpg?w=400&amp;ssl=1 400w, https:\/\/i0.wp.com\/www.freidenker.org\/fw17\/wp-content\/uploads\/2021\/01\/13_merz.jpg?resize=300%2C203&amp;ssl=1 300w\" sizes=\"auto, (max-width: 400px) 100vw, 400px\" \/><\/p>\n<p>Schlie\u00dflich die Jungfrau (manche meinen: zickende alte Jungfer), von ihr wusste schon der Dichter: <em>Der Friederich, der Friederich, das ist ein arger W\u00fcterich<\/em>.<\/td>\n<\/tr>\n<\/tbody>\n<\/table>\n<p><span style=\"font-size: 10pt;\">(Alle Screenshots aus der Live-\u00dcbertragung von RT DE, Collage Laschet: Ralf Lux)<\/span><\/p>\n<p>Und wieder der besonderen Aufmerksamkeit empfohlen: Die Frisuren, alle drei sehr ordentlich.<\/p>\n<p>&nbsp;<\/p>\n<h5>Maximal d\u00fcrfen sich 5 Personen treffen:<\/h5>\n<p><img data-recalc-dims=\"1\" loading=\"lazy\" decoding=\"async\" data-attachment-id=\"9351\" data-permalink=\"https:\/\/www.freidenker.org\/?attachment_id=9351\" data-orig-file=\"https:\/\/i0.wp.com\/www.freidenker.org\/fw17\/wp-content\/uploads\/2021\/01\/14_cdu-parteitag.jpg?fit=800%2C386&amp;ssl=1\" data-orig-size=\"800,386\" data-comments-opened=\"0\" data-image-meta=\"{&quot;aperture&quot;:&quot;0&quot;,&quot;credit&quot;:&quot;&quot;,&quot;camera&quot;:&quot;&quot;,&quot;caption&quot;:&quot;&quot;,&quot;created_timestamp&quot;:&quot;0&quot;,&quot;copyright&quot;:&quot;&quot;,&quot;focal_length&quot;:&quot;0&quot;,&quot;iso&quot;:&quot;0&quot;,&quot;shutter_speed&quot;:&quot;0&quot;,&quot;title&quot;:&quot;&quot;,&quot;orientation&quot;:&quot;1&quot;}\" data-image-title=\"14_cdu-parteitag\" data-image-description=\"\" data-image-caption=\"\" data-large-file=\"https:\/\/i0.wp.com\/www.freidenker.org\/fw17\/wp-content\/uploads\/2021\/01\/14_cdu-parteitag.jpg?fit=800%2C386&amp;ssl=1\" class=\"wp-image-9351 size-full aligncenter\" src=\"https:\/\/i0.wp.com\/www.freidenker.org\/fw17\/wp-content\/uploads\/2021\/01\/14_cdu-parteitag.jpg?resize=800%2C386&#038;ssl=1\" alt=\"\" width=\"800\" height=\"386\" srcset=\"https:\/\/i0.wp.com\/www.freidenker.org\/fw17\/wp-content\/uploads\/2021\/01\/14_cdu-parteitag.jpg?w=800&amp;ssl=1 800w, https:\/\/i0.wp.com\/www.freidenker.org\/fw17\/wp-content\/uploads\/2021\/01\/14_cdu-parteitag.jpg?resize=300%2C145&amp;ssl=1 300w, https:\/\/i0.wp.com\/www.freidenker.org\/fw17\/wp-content\/uploads\/2021\/01\/14_cdu-parteitag.jpg?resize=768%2C371&amp;ssl=1 768w\" sizes=\"auto, (max-width: 800px) 100vw, 800px\" \/><\/p>\n<p>Das haben sie zum Parteitagsauftakt gerade so geschafft. Aber: aus einem Hausstand m\u00fcssen sie sein, plus eine weitere Person! Preisfrage: welche vier in der Manege \u2013 Norbert R\u00f6ttgen, Annegret Kramp-Karrenbauer, Friedrich Merz, Armin Laschet und Paul Ziemiak \u2013 wohnen zusammen? Und wer ist \u201edie weitere Person\u201c mit der eigenen Wohnung? Wie man erkennen kann, ver\u00e4ndert \u201eCorona\u201c die Lebensgewohnheiten tiefgreifend.<\/p>\n<h5>Wo gehobelt wird, \u2026<\/h5>\n<p>Harald Esser, Pr\u00e4sident des Zentralverbandes des Deutschen Friseurhandwerks nennt in einem Interview der Deutschen Presse-Agentur die Strafen f\u00fcr \u201eCorona-Haarschnitte\u201c: \u201emindestens 250 Euro, die f\u00fcr jede Seite dann f\u00e4llig werden. Das geht dann bis 2500 Euro bei Wiederholung \u2013 und auch bis zu 25.000, wenn da ein System hintersteht\u201c. In NRW kostet es gleich 1000 Euro.<\/p>\n<table style=\"border-collapse: collapse; width: 100%;\">\n<tbody>\n<tr>\n<td style=\"width: 50%; vertical-align: top;\"><span style=\"font-size: 10pt;\">(Augsburger Allgemeine, 19.01.2021)<\/span><br \/>\n<strong>Proteste in Bayern: Friseure wollen zur\u00fcck in ihre Salons<\/strong><img data-recalc-dims=\"1\" loading=\"lazy\" decoding=\"async\" data-attachment-id=\"9352\" data-permalink=\"https:\/\/www.freidenker.org\/?attachment_id=9352\" data-orig-file=\"https:\/\/i0.wp.com\/www.freidenker.org\/fw17\/wp-content\/uploads\/2021\/01\/15_friseure.jpg?fit=400%2C224&amp;ssl=1\" data-orig-size=\"400,224\" data-comments-opened=\"0\" data-image-meta=\"{&quot;aperture&quot;:&quot;0&quot;,&quot;credit&quot;:&quot;&quot;,&quot;camera&quot;:&quot;&quot;,&quot;caption&quot;:&quot;&quot;,&quot;created_timestamp&quot;:&quot;0&quot;,&quot;copyright&quot;:&quot;&quot;,&quot;focal_length&quot;:&quot;0&quot;,&quot;iso&quot;:&quot;0&quot;,&quot;shutter_speed&quot;:&quot;0&quot;,&quot;title&quot;:&quot;&quot;,&quot;orientation&quot;:&quot;1&quot;}\" data-image-title=\"15_friseure\" data-image-description=\"\" data-image-caption=\"\" data-large-file=\"https:\/\/i0.wp.com\/www.freidenker.org\/fw17\/wp-content\/uploads\/2021\/01\/15_friseure.jpg?fit=400%2C224&amp;ssl=1\" class=\"alignnone wp-image-9352 size-full\" src=\"https:\/\/i0.wp.com\/www.freidenker.org\/fw17\/wp-content\/uploads\/2021\/01\/15_friseure.jpg?resize=400%2C224&#038;ssl=1\" alt=\"\" width=\"400\" height=\"224\" srcset=\"https:\/\/i0.wp.com\/www.freidenker.org\/fw17\/wp-content\/uploads\/2021\/01\/15_friseure.jpg?w=400&amp;ssl=1 400w, https:\/\/i0.wp.com\/www.freidenker.org\/fw17\/wp-content\/uploads\/2021\/01\/15_friseure.jpg?resize=300%2C168&amp;ssl=1 300w\" sizes=\"auto, (max-width: 400px) 100vw, 400px\" \/>Am Abend des 18. Januar 2021 gab es Demonstrationen gegen die Zwangsschlie\u00dfungen u.a. in Memmingen, Marktoberdorf, Regensburg und Sonthofen. Ihre Botschaft \u201eWir machen sch\u00f6n, nicht krank\u201c drang leider nicht bis zum Corona-Kabarett in Berlin durch.<\/td>\n<td style=\"width: 50%; vertical-align: top;\">Wie man sieht, hat er offenbar keinen Bedarf an ge\u00f6ffneten Salons:<\/p>\n<p><img data-recalc-dims=\"1\" loading=\"lazy\" decoding=\"async\" data-attachment-id=\"9355\" data-permalink=\"https:\/\/www.freidenker.org\/?attachment_id=9355\" data-orig-file=\"https:\/\/i0.wp.com\/www.freidenker.org\/fw17\/wp-content\/uploads\/2021\/01\/16_spahn-1.jpg?fit=400%2C225&amp;ssl=1\" data-orig-size=\"400,225\" data-comments-opened=\"0\" data-image-meta=\"{&quot;aperture&quot;:&quot;0&quot;,&quot;credit&quot;:&quot;&quot;,&quot;camera&quot;:&quot;&quot;,&quot;caption&quot;:&quot;&quot;,&quot;created_timestamp&quot;:&quot;0&quot;,&quot;copyright&quot;:&quot;&quot;,&quot;focal_length&quot;:&quot;0&quot;,&quot;iso&quot;:&quot;0&quot;,&quot;shutter_speed&quot;:&quot;0&quot;,&quot;title&quot;:&quot;&quot;,&quot;orientation&quot;:&quot;1&quot;}\" data-image-title=\"16_spahn\" data-image-description=\"\" data-image-caption=\"\" data-large-file=\"https:\/\/i0.wp.com\/www.freidenker.org\/fw17\/wp-content\/uploads\/2021\/01\/16_spahn-1.jpg?fit=400%2C225&amp;ssl=1\" class=\"alignnone wp-image-9355 size-full\" src=\"https:\/\/i0.wp.com\/www.freidenker.org\/fw17\/wp-content\/uploads\/2021\/01\/16_spahn-1.jpg?resize=400%2C225&#038;ssl=1\" alt=\"\" width=\"400\" height=\"225\" srcset=\"https:\/\/i0.wp.com\/www.freidenker.org\/fw17\/wp-content\/uploads\/2021\/01\/16_spahn-1.jpg?w=400&amp;ssl=1 400w, https:\/\/i0.wp.com\/www.freidenker.org\/fw17\/wp-content\/uploads\/2021\/01\/16_spahn-1.jpg?resize=300%2C169&amp;ssl=1 300w\" sizes=\"auto, (max-width: 400px) 100vw, 400px\" \/><\/p>\n<p>Bankkaufmann und Pharmalobbyist Jens Spahn. Im September 2020 sagte der Gesundheitsminister-Darsteller noch:<br \/>\n<em>\u201eMan w\u00fcrde mit dem Wissen heute, das kann ich Ihnen sagen, keine Friseure mehr schlie\u00dfen und keinen Einzelhandel mehr schlie\u00dfen.\u201c<\/em> \u2013 Was geb\u2018 ich auf mein Geschw\u00e4tz von gestern\u2026<\/td>\n<\/tr>\n<\/tbody>\n<\/table>\n<p style=\"text-align: right;\"><em>Klaus Hartmann ist Bundesvorsitzender des Deutschen Freidenker-Verbandes<\/em><\/p>\n<hr \/>\n<p><span style=\"font-size: 10pt;\">Bild oben: Auschnitt aus Paul Hey, 1910: Illustration \u201eRapunzel\u201c (gemeinfrei)<\/span><\/p>\n","protected":false},"excerpt":{"rendered":"<p><b>Beitrag von Klaus Hartmann<\/b><br \/>\nDas Thema ist ernsthafter als die Darstellung, mit der es behandelt wird: Brechen die Politiker, die uns mit \u201eCorona-Regeln\u201c begl\u00fccken, etwa ihre eigenen Vorschriften?<br \/>\nDer Lockdown: Wer nicht englisch kann, fragte sich, als das Wort im letzten Jahr Karriere machte: Hat das was mit einer Locke zu tun? &#8230; F\u00fcr das englische Wort Lockdown gibt es verschiedene \u00dcbersetzungen: im engeren Sinne \u201eSperrung\u201c, \u201eAbriegelung\u201c, auch \u201eEinsperren\u201c, \u201eAbsperren\u201c, \u201eAusgangssperre\u201c. Wie ein langes Wegsperren wirkt, wissen wir schon aus dem M\u00e4rchen der Gebr\u00fcder Grimm: Rapunzel sa\u00df so lange im Turm, dass sie ihr Haar herunter (\u201edown\u201c) lassen konnte. Denn ihre Haare wuchsen in der Gefangenschaft weiter.<\/p>\n","protected":false},"author":3,"featured_media":9361,"comment_status":"closed","ping_status":"closed","sticky":false,"template":"","format":"standard","meta":{"colormag_page_container_layout":"default_layout","colormag_page_sidebar_layout":"default_layout","advanced_seo_description":"","jetpack_seo_html_title":"","jetpack_seo_noindex":false,"jetpack_post_was_ever_published":false,"footnotes":""},"categories":[11],"tags":[1241,1256,1273,1351,1257,619,1075],"class_list":["post-9336","post","type-post","status-publish","format-standard","has-post-thumbnail","hentry","category-arbeit-soziales","tag-cdu","tag-corona-virus","tag-demokratische-grundrechte","tag-lockdown","tag-pandemie","tag-satire","tag-wahl"],"jetpack_featured_media_url":"https:\/\/i0.wp.com\/www.freidenker.org\/fw17\/wp-content\/uploads\/2021\/01\/rapunzel_v2_800x450.jpg?fit=800%2C450&ssl=1","jetpack_shortlink":"https:\/\/wp.me\/p9stpK-2qA","jetpack-related-posts":[{"id":8807,"url":"https:\/\/www.freidenker.org\/?p=8807","url_meta":{"origin":9336,"position":0},"title":"Lockdown 2020 \u2013 Mehr als eine Buchbesprechung","author":"Webredaktion","date":"17. Oktober 2020","format":false,"excerpt":"Rezension von Wolf Wetzel Das Buch \u201eLOCKDOWN 2020. Wie ein Virus dazu benutzt wird, die Gesellschaft zu ver\u00e4ndern\u201c (Hg. Hannes Hofbauer & Stefan Kraft) ... enth\u00e4lt zwanzig Beitr\u00e4ge, die das breite Feld abdecken, das Corona nicht entdeckt hat, sondern vorfindet. Es bringt biopolitische, staatstheoretische, \u00f6konomische und gesellschaftliche \u00dcberlegungen zusammen. Und\u2026","rel":"","context":"In &quot;Arbeit &amp; Soziales&quot;","block_context":{"text":"Arbeit &amp; Soziales","link":"https:\/\/www.freidenker.org\/?cat=11"},"img":{"alt_text":"","src":"https:\/\/i0.wp.com\/www.freidenker.org\/fw17\/wp-content\/uploads\/2020\/10\/Lockdown2020_titelcollage_800x450.jpg?fit=800%2C450&ssl=1&resize=350%2C200","width":350,"height":200,"srcset":"https:\/\/i0.wp.com\/www.freidenker.org\/fw17\/wp-content\/uploads\/2020\/10\/Lockdown2020_titelcollage_800x450.jpg?fit=800%2C450&ssl=1&resize=350%2C200 1x, https:\/\/i0.wp.com\/www.freidenker.org\/fw17\/wp-content\/uploads\/2020\/10\/Lockdown2020_titelcollage_800x450.jpg?fit=800%2C450&ssl=1&resize=525%2C300 1.5x, https:\/\/i0.wp.com\/www.freidenker.org\/fw17\/wp-content\/uploads\/2020\/10\/Lockdown2020_titelcollage_800x450.jpg?fit=800%2C450&ssl=1&resize=700%2C400 2x"},"classes":[]},{"id":9155,"url":"https:\/\/www.freidenker.org\/?p=9155","url_meta":{"origin":9336,"position":1},"title":"Corona kontrovers","author":"Webredaktion","date":"3. Januar 2021","format":false,"excerpt":"Beitrag von Klaus Hartmann Angesichts unterschiedlicher Einsch\u00e4tzungen, Streit und Spaltungsgefahren hat sich der Deutsche Freidenker-Verband in seiner Stellungnahme \u201eDie sogenannte Corona-Krise\u201c (April 2020) f\u00fcr Diskussionen ausgesprochen, \u201edie rational und erkenntnisf\u00f6rdernd sind, die kontrovers sein d\u00fcrfen, aber im Geist des gegenseitigen Respekts und der Toleranz gef\u00fchrt werden, als kulturvoller Meinungsstreit\u201c. Es\u2026","rel":"","context":"In &quot;Demokratie \u2013 Medien \u2013 Aufkl\u00e4rung&quot;","block_context":{"text":"Demokratie \u2013 Medien \u2013 Aufkl\u00e4rung","link":"https:\/\/www.freidenker.org\/?cat=12"},"img":{"alt_text":"","src":"https:\/\/i0.wp.com\/www.freidenker.org\/fw17\/wp-content\/uploads\/2021\/01\/corona_sieben_schwaben_800x445.jpg?fit=800%2C450&ssl=1&resize=350%2C200","width":350,"height":200,"srcset":"https:\/\/i0.wp.com\/www.freidenker.org\/fw17\/wp-content\/uploads\/2021\/01\/corona_sieben_schwaben_800x445.jpg?fit=800%2C450&ssl=1&resize=350%2C200 1x, https:\/\/i0.wp.com\/www.freidenker.org\/fw17\/wp-content\/uploads\/2021\/01\/corona_sieben_schwaben_800x445.jpg?fit=800%2C450&ssl=1&resize=525%2C300 1.5x, https:\/\/i0.wp.com\/www.freidenker.org\/fw17\/wp-content\/uploads\/2021\/01\/corona_sieben_schwaben_800x445.jpg?fit=800%2C450&ssl=1&resize=700%2C400 2x"},"classes":[]},{"id":9834,"url":"https:\/\/www.freidenker.org\/?p=9834","url_meta":{"origin":9336,"position":2},"title":"Oster GLock down","author":"Webredaktion","date":"3. April 2021","format":false,"excerpt":"Beitrag von Klaus Hartmann Nach Monaten der Hoffnungslosigkeit \u2013 erinnern wir uns noch? Im November 2020 hie\u00df es, neue Einschr\u00e4nkungen sollten \u201eWeihnachten retten\u201c \u2013 titelte ntv am 22.03.2021: \u201e\u201aPhase der Hoffnungen\u2018 ist vorbei\u201c. An diesem Tag tagte das neue und offenkundig m\u00e4chtigste Verfassungsorgan Deutschlands (das Grundgesetz muss noch angepasst werden):\u2026","rel":"","context":"In &quot;Demokratie \u2013 Medien \u2013 Aufkl\u00e4rung&quot;","block_context":{"text":"Demokratie \u2013 Medien \u2013 Aufkl\u00e4rung","link":"https:\/\/www.freidenker.org\/?cat=12"},"img":{"alt_text":"","src":"https:\/\/i0.wp.com\/www.freidenker.org\/fw17\/wp-content\/uploads\/2021\/04\/osterglockdown_800x450.jpg?fit=800%2C450&ssl=1&resize=350%2C200","width":350,"height":200,"srcset":"https:\/\/i0.wp.com\/www.freidenker.org\/fw17\/wp-content\/uploads\/2021\/04\/osterglockdown_800x450.jpg?fit=800%2C450&ssl=1&resize=350%2C200 1x, https:\/\/i0.wp.com\/www.freidenker.org\/fw17\/wp-content\/uploads\/2021\/04\/osterglockdown_800x450.jpg?fit=800%2C450&ssl=1&resize=525%2C300 1.5x, https:\/\/i0.wp.com\/www.freidenker.org\/fw17\/wp-content\/uploads\/2021\/04\/osterglockdown_800x450.jpg?fit=800%2C450&ssl=1&resize=700%2C400 2x"},"classes":[]},{"id":18566,"url":"https:\/\/www.freidenker.org\/?p=18566","url_meta":{"origin":9336,"position":3},"title":"Corona-Risikobewertung wurde politisch k\u00fcnstlich &#8222;hochskaliert&#8220;","author":"Webredaktion","date":"20. M\u00e4rz 2024","format":false,"excerpt":"Beitrag von Bernhard Loyen Es finden sich weiterhin unterschiedliche Gruppierungen von B\u00fcrgern, was das\u00a0Thema Corona-Aufarbeitung und R\u00fcckbetrachtung betrifft. Der giftige Corona-Spaltpilz bl\u00fcht weiterhin in den Fugen der Gesellschaft. Dazu mehr am Ende des Artikels. Diese Betrachtung erfolgt rund ein Jahr nachdem der unantastbare und skrupellose Karl Lauterbach\u00a0Anfang April 2023 vollkommen\u2026","rel":"","context":"In &quot;Demokratie \u2013 Medien \u2013 Aufkl\u00e4rung&quot;","block_context":{"text":"Demokratie \u2013 Medien \u2013 Aufkl\u00e4rung","link":"https:\/\/www.freidenker.org\/?cat=12"},"img":{"alt_text":"","src":"https:\/\/i0.wp.com\/www.freidenker.org\/fw17\/wp-content\/uploads\/2024\/03\/Spahn-Karikatur_800x450.jpg?fit=800%2C450&ssl=1&resize=350%2C200","width":350,"height":200,"srcset":"https:\/\/i0.wp.com\/www.freidenker.org\/fw17\/wp-content\/uploads\/2024\/03\/Spahn-Karikatur_800x450.jpg?fit=800%2C450&ssl=1&resize=350%2C200 1x, https:\/\/i0.wp.com\/www.freidenker.org\/fw17\/wp-content\/uploads\/2024\/03\/Spahn-Karikatur_800x450.jpg?fit=800%2C450&ssl=1&resize=525%2C300 1.5x, https:\/\/i0.wp.com\/www.freidenker.org\/fw17\/wp-content\/uploads\/2024\/03\/Spahn-Karikatur_800x450.jpg?fit=800%2C450&ssl=1&resize=700%2C400 2x"},"classes":[]},{"id":15492,"url":"https:\/\/www.freidenker.org\/?p=15492","url_meta":{"origin":9336,"position":4},"title":"Impfsch\u00e4den und Freiheitsrechte: Medien best\u00e4tigen die Corona-Kritiker","author":"Webredaktion","date":"14. M\u00e4rz 2023","format":false,"excerpt":"Beitrag von Thomas R\u00f6per Um zu verstehen, was die derzeitigen Medienberichte \u00fcber Hunderttausende Impfsch\u00e4den und \u00fcber das Eingest\u00e4ndnis, dass die Corona-Ma\u00dfnahmen \"unsinnig, \u00fcberzogen, rechtswidrig\" waren (Spiegel), bedeuten, m\u00fcssen wir uns noch einmal an die leidige Corona-Zeit erinnern. ... Die Thesen der Querdenker waren erstens, dass COVID-19 keine gef\u00e4hrliche Seuche, sondern\u2026","rel":"","context":"In &quot;Demokratie \u2013 Medien \u2013 Aufkl\u00e4rung&quot;","block_context":{"text":"Demokratie \u2013 Medien \u2013 Aufkl\u00e4rung","link":"https:\/\/www.freidenker.org\/?cat=12"},"img":{"alt_text":"","src":"https:\/\/i0.wp.com\/www.freidenker.org\/fw17\/wp-content\/uploads\/2023\/03\/sitzplatz-abstandhalter_800x450.jpg?fit=800%2C450&ssl=1&resize=350%2C200","width":350,"height":200,"srcset":"https:\/\/i0.wp.com\/www.freidenker.org\/fw17\/wp-content\/uploads\/2023\/03\/sitzplatz-abstandhalter_800x450.jpg?fit=800%2C450&ssl=1&resize=350%2C200 1x, https:\/\/i0.wp.com\/www.freidenker.org\/fw17\/wp-content\/uploads\/2023\/03\/sitzplatz-abstandhalter_800x450.jpg?fit=800%2C450&ssl=1&resize=525%2C300 1.5x, https:\/\/i0.wp.com\/www.freidenker.org\/fw17\/wp-content\/uploads\/2023\/03\/sitzplatz-abstandhalter_800x450.jpg?fit=800%2C450&ssl=1&resize=700%2C400 2x"},"classes":[]},{"id":9365,"url":"https:\/\/www.freidenker.org\/?p=9365","url_meta":{"origin":9336,"position":5},"title":"Lockdown: Kein Hauch von Plan","author":"Webredaktion","date":"22. Januar 2021","format":false,"excerpt":"Video von Lisa Fitz Als Anfang November 2020 der neue Lockdown, zun\u00e4chst in der \"Light\"-Version in Serie ging, bemerkte die Kabarettistin Lisa Fitz: immer noch das gleiche diffuse Polit-Gefasel wie im Fr\u00fchjahr 2020. Kein Plan, die Gef\u00e4hrdeten zu sch\u00fctzen, aber ganze Wirtschaftszweige ruinieren. Auch das ist eine Machstrategie: M\u00fcndige B\u00fcrger\u2026","rel":"","context":"In &quot;Demokratie \u2013 Medien \u2013 Aufkl\u00e4rung&quot;","block_context":{"text":"Demokratie \u2013 Medien \u2013 Aufkl\u00e4rung","link":"https:\/\/www.freidenker.org\/?cat=12"},"img":{"alt_text":"","src":"https:\/\/i0.wp.com\/www.freidenker.org\/fw17\/wp-content\/uploads\/2021\/01\/Lisa_Fitz_Auftritt_Bad_Griesbach_Kurhaus_2018_800x450.jpg?fit=800%2C450&ssl=1&resize=350%2C200","width":350,"height":200,"srcset":"https:\/\/i0.wp.com\/www.freidenker.org\/fw17\/wp-content\/uploads\/2021\/01\/Lisa_Fitz_Auftritt_Bad_Griesbach_Kurhaus_2018_800x450.jpg?fit=800%2C450&ssl=1&resize=350%2C200 1x, https:\/\/i0.wp.com\/www.freidenker.org\/fw17\/wp-content\/uploads\/2021\/01\/Lisa_Fitz_Auftritt_Bad_Griesbach_Kurhaus_2018_800x450.jpg?fit=800%2C450&ssl=1&resize=525%2C300 1.5x, https:\/\/i0.wp.com\/www.freidenker.org\/fw17\/wp-content\/uploads\/2021\/01\/Lisa_Fitz_Auftritt_Bad_Griesbach_Kurhaus_2018_800x450.jpg?fit=800%2C450&ssl=1&resize=700%2C400 2x"},"classes":[]}],"_links":{"self":[{"href":"https:\/\/www.freidenker.org\/index.php?rest_route=\/wp\/v2\/posts\/9336","targetHints":{"allow":["GET"]}}],"collection":[{"href":"https:\/\/www.freidenker.org\/index.php?rest_route=\/wp\/v2\/posts"}],"about":[{"href":"https:\/\/www.freidenker.org\/index.php?rest_route=\/wp\/v2\/types\/post"}],"author":[{"embeddable":true,"href":"https:\/\/www.freidenker.org\/index.php?rest_route=\/wp\/v2\/users\/3"}],"replies":[{"embeddable":true,"href":"https:\/\/www.freidenker.org\/index.php?rest_route=%2Fwp%2Fv2%2Fcomments&post=9336"}],"version-history":[{"count":0,"href":"https:\/\/www.freidenker.org\/index.php?rest_route=\/wp\/v2\/posts\/9336\/revisions"}],"wp:featuredmedia":[{"embeddable":true,"href":"https:\/\/www.freidenker.org\/index.php?rest_route=\/wp\/v2\/media\/9361"}],"wp:attachment":[{"href":"https:\/\/www.freidenker.org\/index.php?rest_route=%2Fwp%2Fv2%2Fmedia&parent=9336"}],"wp:term":[{"taxonomy":"category","embeddable":true,"href":"https:\/\/www.freidenker.org\/index.php?rest_route=%2Fwp%2Fv2%2Fcategories&post=9336"},{"taxonomy":"post_tag","embeddable":true,"href":"https:\/\/www.freidenker.org\/index.php?rest_route=%2Fwp%2Fv2%2Ftags&post=9336"}],"curies":[{"name":"wp","href":"https:\/\/api.w.org\/{rel}","templated":true}]}}