{"id":9198,"date":"2021-01-11T21:07:15","date_gmt":"2021-01-11T20:07:15","guid":{"rendered":"https:\/\/www.freidenker.org\/?p=9198"},"modified":"2021-01-30T20:04:10","modified_gmt":"2021-01-30T19:04:10","slug":"die-zuschauer-verachtung-der-tagesschau","status":"publish","type":"post","link":"https:\/\/www.freidenker.org\/?p=9198","title":{"rendered":"Die Zuschauer-Verachtung der Tagesschau"},"content":{"rendered":"<h5>Statt sauberer Information k\u00fcbelt ARD-aktuell ihre Doppelmoral \u00fcber\u2018s Publikum \/ Hauptsache, ihre primitiven Feindbilder wirken<\/h5>\n<p><em>Von Friedhelm Klinkhammer und Volker Br\u00e4utigam<\/em><\/p>\n<p><strong>\u201eWas ist das?\u201c, fragt der TV-Reklame-Sprecher und hebt eine Klob\u00fcrste ins Bild: \u201eIst es A: ein Lockenwickler? Oder B: ein Kleiderb\u00fcgel? Wenn Sie die Antwort wissen und gleich die 0900\u2026 anrufen, k\u00f6nnen Sie 200 Euro gewinnen.\u201c \u00c4hnlich verf\u00e4hrt die <em>Tagesschau.<\/em> Sie nimmt einen B\u00fcchsenspanner <\/strong>(1) <strong>ins Bild \u2013 ist das A: der Kriegsminister, oder B: ein Sozialdemokrat? \u2013 und l\u00e4sst den Heiko Maas sein NATO-konformes, antirussisches oder antichinesisches Gift absondern. Die im Schnitt 11,77 Millionen Zuschauer <\/strong>(2)<strong> sollen sich mittels solcher \u201eNachrichten\u201c ein eigenes Urteil bilden k\u00f6nnen. Das wird ihnen als Gewinn versprochen. Sie brauchen nicht mehr kostenpflichtig zu telefonieren, sie zahlen ja schon Rundfunkbeitrag. <\/strong><\/p>\n<p>Die <em>Tagesschau<\/em> richtet mit ihrer Berichterstattung gewaltigen mentalen Schaden an. Der selbstherrlichen Aussage, eine deutsch gef\u00fchrte Europ\u00e4ische Union k\u00f6nne \u201eeine \u00e4hnlich starke Rolle in der Weltpolitik spielen\u201c wie die USA und China, stimmt mittlerweile beinahe die H\u00e4lfte der Deutschen zu. In der Altersgruppe der 18- bis 29-J\u00e4hrigen sind es sogar 70 Prozent. (3) Tagesschau-Meldung:<\/p>\n<blockquote><p><em>Die EU und China haben ihre wirtschaftlichen Beziehungen neu geregelt. \u2026 Die chinesische Regierung verpflichtet sich au\u00dferdem, internationalen Abkommen gegen Zwangsarbeit beizutreten. <strong>Kritiker bef\u00fcrchten allerdings, dass sich China nicht daran h\u00e4lt. <\/strong><\/em>(4)<\/p><\/blockquote>\n<p>Wer sind die Kritiker? Welche nachvollziehbaren Begr\u00fcndungen haben sie? ARD-aktuell fragt nicht danach. Ihr haltloser Schlenker erf\u00fcllt aber seinen agitatorischen Zweck.<\/p>\n<p>Am 28. Dezember wurde die 37-j\u00e4hrige chinesische Juristin Zhang Zhan wegen ihrer Kritik an beh\u00f6rdlichen Ma\u00dfnahmen gegen die Covid-19-Pandemie von einem chinesischen Gericht zu vier Jahren Gef\u00e4ngnis verurteilt. Wie konnte man \u2013 ohne jegliche Kenntnis von Details und Hintergr\u00fcnden \u2013 so tun, als sei das eine weltersch\u00fctternde Nachricht \u00fcber chinesischen Staatsterror? Die Berichterstattung der ARD-aktuell \u00fcber die sogenannte \u201eB\u00fcrgerjournalistin\u201c (5) geriet zum klassischen Propagandafilm.<\/p>\n<p>Zhang Zhan war zu Beginn der Covid-Krise im Februar vorigen Jahres nach Wuhan gereist, kurz bevor dieses Virus-Epizentrum komplett unter Quarant\u00e4ne gestellt und abgeriegelt wurde. \u00dcber chinesische und internationale Social-Media-Plattformen ver\u00f6ffentlichte sie Videos, die ein Bild vom Ausma\u00df der Pandemie und beh\u00f6rdlichem Falschverhalten vermitteln sollten. Sie lie\u00df sich auch beim versuchten Durchbrechen einer Quarant\u00e4nesperre filmen. Die Beh\u00f6rden unternahmen zun\u00e4chst nichts gegen die Bloggerin; alle Aufmerksamkeit galt dem Bem\u00fchen, die Infektionsketten zu brechen und die gro\u00dfe Zahl der Erkrankten zu versorgen, unter anderem mit der Errichtung von Gro\u00dfkrankenh\u00e4usern innerhalb weniger Tage.<\/p>\n<p>Erst im Mai wurde Zhang festgenommen, weil sie sich mit den antichinesischen Medien <em>Radio Free Asia<\/em> und <em>Epoch Times<\/em> in Verbindung gesetzt und dort sehr aggressive Kritik lanciert hatte. (6, 7)<\/p>\n<p>Der Fall Zhang passte nat\u00fcrlich wunderbar zur antichinesischen Linie der ARD-aktuell. Deren Studio Shanghai stellte Zhang flugs als bedauernswertes Opfer chinesischer Beh\u00f6rdenwillk\u00fcr dar, als Ikone der Meinungsfreiheit (8): Urspr\u00fcnglich schlichte Bloggerin, wurde sie schnell zur \u201cB\u00fcrgerjournalistin\u201d hochstilisiert. Im Erguss des Korrespondenten Stefan Wurzel \u2013 der Mann f\u00e4llt schlie\u00dflich seit langem regelm\u00e4\u00dfig mit plump chinafeindlicher Propaganda auf \u2013 gibt es so gut wie keine handfesten Fakten. Er st\u00fctzt sich ausschlie\u00dflich auf die subjektiv gef\u00e4rbten, \u00fcbertreibenden Informationen aus dem Umfeld der Bloggerin.<\/p>\n<p>So wird die Bemerkung eines ihrer Anw\u00e4lte hervorgehoben, Zhangs Gesundheitszustand sei \u201eextrem schlecht\u201c. Sie habe \u201ebest\u00fcrzt gewirkt\u201c (obwohl ihr Vorgehen doch darauf abzielte, beh\u00f6rdliche Reaktionen zu provozieren). Jeder Tag sei \u201eFolter\u201c f\u00fcr sie. Die Hongkonger \u201e<em>South China Morning Post<\/em>\u201c melde \u2013 so will Wurzel gelesen haben \u2013 Zhang habe im Rollstuhl in den Gerichtssaal gebracht werden m\u00fcssen.<\/p>\n<p>Warum macht ein hochbezahlter ARD-Korrespondent in Shanghai parteiische, nicht \u00fcberpr\u00fcfte \u00c4u\u00dferungen von Dritten zur Grundlage seines Beitrags f\u00fcrs Erste Deutsche Fernsehen, anstatt selbst an Ort und Stelle zu recherchieren? Jedes provinzielle K\u00e4seblatt in Deutschland konnte an die gleichen Pseudo-Infos der West-Agenturen gelangen: Die Bloggerin sei beschuldigt worden, \u201eStreit gesch\u00fcrt und Unruhe gestiftet\u201c zu haben. Tats\u00e4chlich wurde Zhang Zhan zur Rechenschaft gezogen, weil sie laut Anklageschrift \u201eeine gro\u00dfe Menge an falschen Informationen\u201c auf WeChat, Twitter und YouTube verschickt, \u201eInterviews mit den \u00dcberseemedien <em>Radio Free Asia<\/em> und <em>Epoch Times<\/em> angenommen und b\u00f6swillig aufr\u00fchrerisch \u00fcber die epidemische Situation in Wuhan\u201c berichtet habe. (9)<\/p>\n<p>\u201eB\u00f6swilliges Aufw\u00fchlen\u201c ist sinngem\u00e4\u00df der gleiche Vorwurf, den Bundespr\u00e4sident Steinmeier (10) und Kanzlerin Merkel (11) den Kritikern der deutschen Anti-Pandemie-Politik machen und der in den staatstragenden Massenmedien kolportiert wird. Gerichtet ist er an Zeitgenossen, die sich gegen den kommunikationspolitisch katastrophalen Umgang der Regierung mit der Pandemie wehren, gegen seine Ineffizienz sowie seine sozialen und wirtschaftlichen Nebenwirkungen. Aber in der Berichterstattung \u00fcber chinesische und \u00fcber deutsche Kritiker der Anti-Pandemie-Ma\u00dfnahmen gelten ersichtlich Doppelstandards.<\/p>\n<p>Der chinesischen Staatsf\u00fchrung ist es mit ihrem rundum harschen Vorgehen gelungen, die Zahl der Covid-19-Toten unter 5 000 zu halten (12) und eine \u201ezweite Welle\u201c ganz zu verhindern. In Deutschland haben wir hingegen schon mehr als 38 000 Tote (ebd.), und ein Ende ist nicht abzusehen. Erst recht beeindruckend, wenn man diese Zahlen im Verh\u00e4ltnis zur jeweiligen Gesamtbev\u00f6lkerung sieht (China: pro 1 Million Einwohner 3,5 Covid-Tote. Deutschland: 460 Covid-Tote). Kanzlerin Merkel \u2013 \u201eNat\u00fcrlich haben wir die schwersten Monate der Pandemie noch vor uns\u201c (13) \u00ad\u2013 und ihre Entourage aber werden von <em>Tagesschau<\/em> &amp; Co. als Top-Pandemie-Manager dargestellt; auf die chinesischen Kommunisten wird demgegen\u00fcber verbal geballert, was das Zeug h\u00e4lt.<\/p>\n<p>Noch gibt es in Deutschland gegen Corona-Verharmloser und Quertreiber keine Strafprozesse. Das macht jedoch unsere Beh\u00f6rden sowie die ihnen kritiklos folgenden Leit- und Konzernmedien l\u00e4ngst nicht zu Gralsh\u00fctern der Demokratie. Eine zwielichtige, mit demokratischen Grunds\u00e4tzen unvereinbare Institution, der sogenannte Verfassungsschutz, wurde auf die Kritiker angesetzt. (14) Und wie zu \u00fcbelsten Zeiten der Berufsverbote werden die Betroffenen nun beruflich schikaniert, zu Rechtsextremisten gestempelt und aus dem weitgehend normierten gesellschaftlichen Diskurs gedr\u00e4ngt.<\/p>\n<p>Ein kritischer Konsument der Nachrichten \u00fcber die Verurteilung der \u201eB\u00fcrgerjournalistin\u201c Zhang Zhan bemerkt die Parallelen zu anderen F\u00e4llen, bei denen die Medien des \u201eWerte-Westens\u201c sich Identifikationsfiguren f\u00fcr ihre Propaganda-Kampagnen gegen nicht genehme Staaten suchten. Politische Positionen lassen sich nun mal besser und nachhaltiger ins Weltbild des Publikums einpr\u00e4gen, wenn man personifiziert, sich die entsprechenden \u201eHelden\u201c und \u201eOpfer\u201c k\u00fcrt: \u201eFreiheitsk\u00e4mpfer\u201c, \u201eMenschenrechtsaktivisten\u201c, \u201ef\u00fchrende Oppositionspolitiker\u201c.<\/p>\n<p>Namen sind Nachrichten: Juan Guaid\u00f3 aus Venezuela, Swetlana Tichanowskaja aus Wei\u00dfrussland, Julia Timoschenko aus der Ukraine, Alexei Nawalny aus Russland, Joshua Wong aus Hongkong, und \u2013 nach dem Aktionsk\u00fcnstler Ai Wei-wei (u.v.a.) aus China \u2013 nun eben auch Zhang Zhan. Von unseren regierungsfrommen Mainstream-Medien werden sie zu Ikonen gemacht, obwohl sie auch nach deutschem Recht als Straft\u00e4ter g\u00e4lten \u2013 Landesverrat, Hochverrat, Betrug und Untreue, Landfriedensbruch, Steuer- und W\u00e4hrungskriminalit\u00e4t, Widerstand gegen die Staatsgewalt etc. \u2013\u00a0 und vergleichbare deutsche \u201eAktivisten\u201c die Staatspolizei am Hals h\u00e4tten.<\/p>\n<p>Bei den Aktionen jener \u201eHelden der Freiheit\u201c handelt es sich nicht, wie die \u00d6ffentlichkeit glauben soll, um das individuelle Aufbegehren einzelner Mitmenschen. Sie sind jeweils ausgesucht, immer fremdbestimmt und fremdfinanziert. Hinter ihnen stehen zumeist fremde Regierungen, Geheimdienste, Plutokraten und von diesen bezahlte \u201eNicht-Regierungs-Organisationen\u201c, die selbstverst\u00e4ndlich ganz andere Ziele verfolgen als die Durchsetzung von Demokratie und Menschrechten.<\/p>\n<p>Ob <em>BBC<\/em>, <em>New York Times, Washington Post, Reuters, Tagesschau<\/em> oder <em>Die Welt<\/em>: Einheitliches Format, gleicher Tenor. In der antichinesischen Stimmungsmache mit dem Fall Zhang kommen die \u00fcblichen, aufdringlich emotionalisierenden Begriffe und Floskeln vor wie \u201eFolter\u201c, \u201ekurzer Gerichtstermin\u201c (das assoziiert \u201ekurzen Prozess gemacht\u201c), \u201ezum Schweigen bringen\u201c, \u201eextrem grausame Unterdr\u00fcckung\u201c usw. (15, 16, 17, 18).<\/p>\n<p>In Venezuela versuchten die USA, ihre Marionette Juan Guaid\u00f3 gegen Pr\u00e4sident Maduro aufzubauen. Vergeblich, dieser auch von der Bundesregierung v\u00f6lkerrechtswidrig \u201eals \u00dcbergangspr\u00e4sident anerkannte\u201c Salonrevoluzzer erwies sich als korruptes Gro\u00dfmaul, das Maduro nicht das Wasser reichen konnte. (19)<\/p>\n<p>\u00dcber Nawalny, den gesalbten Liebling der Bundeskanzlerin und ihres Gruselkabinetts, ist \u00c4hnliches zu sagen. Er dient unserem garantiert ideenfreien Au\u00dfenminister Maas als Vorwand f\u00fcr dummdreiste Versuche, dem russischen Pr\u00e4sidenten Putin an den Karren zu fahren. Nawalny bereist derzeit, obwohl seit einem Monat ohne formelle Aufenthaltsberechtigung (20), als quasi \u00fcbergesetzlicher Staatsgast unsere Republik und logiert samt Entourage in teuren Nobelherbergen. Er tr\u00e4gt keine Novitschok-farbenen Unterhosen mehr, ist putzmunter und k\u00f6nnte l\u00e4ngst nach Russland heimkehren. Doch nicht nur die <em>Tagesschau<\/em> verschweigt, dass er in Russland neuerlich Schlagzeilen wegen Betrugsverdachts macht. Er soll Spenden an seine \u201egemeinn\u00fctzigen\u201c Organisationen in H\u00f6he von 3,9 Millionen Dollar f\u00fcr pers\u00f6nliche Zwecke veruntreut haben. (ebd.) Sein politischer Erfolgs-Saldo: Deutschlands Verh\u00e4ltnis zu Russland ist vollkommen zerr\u00fcttet. (21)<\/p>\n<p>In Wei\u00dfrussland gab es f\u00fcr die \u201eWestliche Wertegemeinschaft\u201c bisher ebenfalls nichts zu ernten. Wie es scheint, geht der Opposition gegen den autorit\u00e4ren Lukaschenko trotz massiver finanzieller Hilfe durch die EU die Puste aus. (22) Die unverbl\u00fcmte Unterst\u00fctzung der EU-Favoritin Swetlana Tichanowskaja durch Merkel und ihre Br\u00fcsseler Landgr\u00e4fin von der Leyen hat vielen Wei\u00dfrussen die Augen \u00fcber die hinterh\u00e4ltige EU-Einmischung ge\u00f6ffnet. Sie ahnen zumindest, dass sie bei einem erfolgreichen Umsturz in Minsk von der Merkel-EU und dem gesamten transatlantischen Westen genauso im Stich gelassen w\u00fcrden wie ihre Nachbarn in der Ukraine. Die NATO will Russland einschn\u00fcren, nicht aber dessen Nachbarn p\u00e4ppeln.<\/p>\n<p>In China versuchen die USA seit 70 Jahren vergeblich, Tibeter und muslimische Uiguren gegen die kommunistische Zentralregierung aufzuwiegeln. (23) Gel\u00e4nge es, das autonome Tibet an der S\u00fcdwestgrenze und die ebenfalls autonome Provinz Xinjiang an der Nordwestgrenze aus dem \u201eReich der Mitte\u201c herauszubrechen, w\u00e4re das Ende der Volksrepublik China nahe. Gegenw\u00e4rtig konzentriert sich Washington jedoch darauf, seine \u201eSoft Power\u201c-Organisationen im autonomen Hongkong wirken zu lassen, zum Beispiel die \u201eDenkfabrik\u201c <em>National Endowment for Democracy,<\/em> NED. Sie wurde in der Amtszeit des US-Pr\u00e4sidenten Ronald Reagan gegr\u00fcndet, zur F\u00f6rderung von Umst\u00fcrzen im \u201eReich des B\u00f6sen\u201c. (24) Seit 2014 hat die NED viele Milliarden US-Dollar f\u00fcr pro-westliche Unabh\u00e4ngigkeitsmarschierer bereitgestellt, wie z.B. f\u00fcr den Ukraine-Putsch. (25)<\/p>\n<p>Im Falle Zhang hat das \u201e<em>Network of Chinese Human Rights Defenders<\/em>\u201c, CHRD, entscheidende Mitsprache. Die Netzwerker pr\u00e4sentieren auf ihrer Homepage die Zhang als \u201eVerteidigerin der Menschenrechte\u201c und berichten, sie habe sich im Vorjahr auch an den Demonstrationen in Hongkong beteiligt. (26)<\/p>\n<p>CHRD? \u201eJa da schau her\u201c, meint der Bayer, und der Sachse sagt: \u201eNu gugge mal da!\u201c Denn das CHRD hat seinen Sitz in Washington und wird von der US-Regierung finanziert. Endzweck ist die F\u00f6rderung eines Regime Change in Beijing. Auf seinen Steuerformularen gibt CHRD die gleiche Washingtoner Adresse an wie die Organisation <em>Human Rights Watch<\/em>. (27) Dass auch dieser Verein weniger \u00fcber Menschenrechte wacht als umst\u00fcrzlerische W\u00fchlarbeit leistet, nicht nur in China, sondern auch in Lateinamerika, Syrien und Russland, ist hinl\u00e4nglich bekannt. (28)<\/p>\n<p>Es spricht einiges daf\u00fcr, dass Zhang Zhan das willige Opfer einer westlichen Inszenierung ist. Als Juristin musste sie wissen: Wer sich in der Volksrepublik so feindseligen ausl\u00e4ndischen Medien wie dem ebenfalls in Washington ans\u00e4ssigen \u201e<em>Radio Free Asia\u201c<\/em> andient und sich mit der \u201e<em>Epoch Times\u201c <\/em>als Gespr\u00e4chspartner einl\u00e4sst, dem Organ der verbotenen Falun Gong-Bewegung, der \u00fcberschreitet die Rote Linie.<\/p>\n<p>ARD-aktuell h\u00e4tte von ihrem Korrespondenten Stefan Wurzel in Shanghai eine vollst\u00e4ndige und informative Beschreibung des Falls Zhang anfordern sollen statt ihn den westlichen Agenturen und Pressekonzernen nachplappern zu lassen. Es w\u00e4re \u00fcber die Person Zhang Zhan zu recherchieren gewesen, \u00fcber ihre Ausbildung, ihr gesellschaftliches Umfeld, ihre bisherigen T\u00e4tigkeiten, ihren Lebensunterhalt als Nicht-Anw\u00e4ltin und ihre Entwicklung zur professionellen \u201eAktivistin\u201c.<\/p>\n<p>Selbstkritisch m\u00fcsste die <em>Tagesschau<\/em>-Redaktion sich fragen, ob ihre umfang- und doppelmoralreiche Zhang-Propaganda angemessen war \u2013 im Vergleich beispielsweise zu ihrem d\u00fcrftigen Angebot \u00fcber den saudischen Blogger Raif Muhammad Badawi (29). Der sitzt wegen seiner Kritik am K\u00f6nigshaus seit 2013 eine zehnj\u00e4hrige Gef\u00e4ngnisstrafe ab und wurde au\u00dferdem zu 1000 Peitschenhieben verurteilt; er wird in halbj\u00e4hrlichen Raten \u00f6ffentlich ausgepeitscht. (30) Freilich, zu Riad unterh\u00e4lt Berlin freundschaftliche Beziehungen, zu Beijing nur kritische\u2026<\/p>\n<p>Die <em>tagesschau.de<\/em>-Artikel \u00fcber den Fall Zhang entsprechen auch nicht den (gesetzesgleichen) Vorgaben des Rundfunkstaatsvertrages, mit Internet-Angeboten \u201ehochwertige Inhalte\u201c zu bieten. ARD-aktuell berichtet ja nur, was auch in den kommerziellen Medien zu lesen ist; von der geforderten \u201eeigenst\u00e4ndigen journalistischen Leistung\u201c (31) kann keine Rede sein.<\/p>\n<p>Just als das harte Urteil gegen die Bloggerin Zhang verk\u00fcndet wurde, stand ein Investitionsabkommen zwischen China und der EU vor dem Abschluss. Um das Investitionsabkommen nicht zu gef\u00e4hrden, hielt man aber auf Seiten der noch von Deutschland gef\u00fchrten EU das Maul. Das Abkommen wurde schnell und noch auf den letzten Dr\u00fccker unterschrieben, obwohl der designierte US-Pr\u00e4sident Biden in Br\u00fcssel interveniert und verlangt hatte, mit der Unterzeichnung bis nach seiner Amtseinf\u00fchrung zu warten und es dann erst noch mit ihm zu beraten. (32) Kapitalistisches Eigeninteresse der Deutschland-EU siegte \u00fcber gewohnten Kadavergehorsam gegen\u00fcber den Amis \u2013 und \u00fcberwog Menschenrechtsfragen.<\/p>\n<p>In einem Kommentar zum Umgang der Merkel-EU mit der VR China nahm die ARD-aktuell wie \u00fcblich die \u201ep\u00f6sen Chin\u00f6sen\u201c wieder aufs Korn. Am Schluss hie\u00df es zwar, der Wohlstand der Deutschen h\u00e4nge auch von China ab, doch nach diesem Lichtblick folgte die Aufforderung, die EU solle genauso hartn\u00e4ckig verhandeln, \u201ewenn es um die Themen Menschenrechte und Werte\u201c gehe. (33) D\u00fcmmer geht\u00b4s nimmer: Die ARD-aktuell hat bis heute nicht realisiert, dass das V\u00f6lkerrecht eine Einmischung in die inneren Angelegenheiten eines Landes ausschlie\u00dft, und dass sich Beijing solche Einmischung mit demselben Recht verbittet, wie es sich selbst einer \u00f6ffentlichen Einmischung z.B. in deutsche und europ\u00e4ische Migrationsfragen enth\u00e4lt.<\/p>\n<p>Es passt ins Gesamtbild, dass ARD-aktuell am Schicksal eines wirklichen \u201eHelden der Pressefreiheit\u201c, n\u00e4mlich Julian Assange, weitgehend Desinteresse demonstriert.<\/p>\n<p>&nbsp;<\/p>\n<p><strong>Quellen und Anmerkungen:<\/strong><\/p>\n<p>(1) <a href=\"https:\/\/www.heise.de\/tp\/features\/Maas-fuer-nukleare-Teilhabe-und-Abruestung-5005552.html?wt_mc=nl.tp-aktuell.taeglich\">https:\/\/www.heise.de\/tp\/features\/Maas-fuer-nukleare-Teilhabe-und-Abruestung-5005552.html?wt_mc=nl.tp-aktuell.taeglich<\/a><\/p>\n<p>(2) <a href=\"https:\/\/www.faz.net\/aktuell\/feuilleton\/medien\/journalismus-in-corona-zeiten-ist-die-kritik-berechtigt-17121657.html\">https:\/\/www.faz.net\/aktuell\/feuilleton\/medien\/journalismus-in-corona-zeiten-ist-die-kritik-berechtigt-17121657.html<\/a><\/p>\n<p>(3) <a href=\"https:\/\/www.german-foreign-policy.com\/news\/detail\/8479\/\">https:\/\/www.german-foreign-policy.com\/news\/detail\/8479\/<\/a><\/p>\n<p>(4) <a href=\"https:\/\/www.tagesschau.de\/multimedia\/sendung\/ts-40779.html\">https:\/\/www.tagesschau.de\/multimedia\/sendung\/ts-40779.html<\/a><\/p>\n<p>(5) <a href=\"https:\/\/www.tagesschau.de\/ausland\/china-anklage-buergerrechtlerin-101.html\">https:\/\/www.tagesschau.de\/ausland\/china-anklage-buergerrechtlerin-101.html<\/a><\/p>\n<p>(6) <a href=\"https:\/\/www.nzz.ch\/international\/die-kritische-chinesische-journalistin-zhang-zhan-muss-fuer-vier-jahre-in-haft-ld.1594045\">https:\/\/www.nzz.ch\/international\/die-kritische-chinesische-journalistin-zhang-zhan-muss-fuer-vier-jahre-in-haft-ld.1594045<\/a><\/p>\n<p>(7) <a href=\"https:\/\/www.youtube.com\/watch?v=ruK6KhXC3Pg\" target=\"_blank\" rel=\"noopener\">https:\/\/www.youtube.com\/watch?v=ruK6KhXC3Pg<\/a><\/p>\n<p>(8) <a href=\"https:\/\/www.tagesschau.de\/ausland\/china-prozess-bloggerin-101.html\">https:\/\/www.tagesschau.de\/ausland\/china-prozess-bloggerin-101.html<\/a><\/p>\n<p>(9) <a href=\"https:\/\/www.moonofalabama.org\/2020\/12\/the-mighty-wurlitzer-us-financed-human-rights-organizations-create-anti-chinese-headlines.html\">https:\/\/www.moonofalabama.org\/2020\/12\/the-mighty-wurlitzer-us-financed-human-rights-organizations-create-anti-chinese-headlines.html<\/a><\/p>\n<p>(10) <a href=\"https:\/\/www.fr.de\/politik\/leipzig-querdenker-corona-demo-grabkerze-bodo-ramelow-agriff-polizei-journalisten-demonstration-zr-90093006.html\">https:\/\/www.fr.de\/politik\/leipzig-querdenker-corona-demo-grabkerze-bodo-ramelow-agriff-polizei-journalisten-demonstration-zr-90093006.html<\/a><\/p>\n<p>(11) <a href=\"https:\/\/www.finanzen.at\/nachrichten\/aktien\/merkel-denken-der-querdenker-ist-angriff-auf-europaeische-lebensweise-1029892939\">https:\/\/www.finanzen.at\/nachrichten\/aktien\/merkel-denken-der-querdenker-ist-angriff-auf-europaeische-lebensweise-1029892939<\/a><\/p>\n<p>(12) <a href=\"https:\/\/covid19.who.int\/table\">https:\/\/covid19.who.int\/table<\/a><\/p>\n<p>(13) <a href=\"https:\/\/deutsche-wirtschafts-nachrichten.de\/508684\/Merkel-Haben-schwerste-Monate-der-Pandemie-noch-vor-uns\">https:\/\/deutsche-wirtschafts-nachrichten.de\/508684\/Merkel-Haben-schwerste-Monate-der-Pandemie-noch-vor-uns<\/a><\/p>\n<p>(14) <a href=\"https:\/\/www.tagesschau.de\/inland\/soeder-querdenker-verfassungsschutz-101.html\">https:\/\/www.tagesschau.de\/inland\/soeder-querdenker-verfassungsschutz-101.html<\/a><\/p>\n<p>(15) <a href=\"https:\/\/www.tagesschau.de\/ausland\/china-prozess-bloggerin-101.html\">https:\/\/www.tagesschau.de\/ausland\/china-prozess-bloggerin-101.html<\/a><\/p>\n<p>(16) <a href=\"https:\/\/www.stern.de\/politik\/ausland\/kritische-corona-berichte--chinesische-bloggerin-zu-vier-jahren-gefaengnis-verurteilt-9547214.htm\">https:\/\/www.stern.de\/politik\/ausland\/kritische-corona-berichte\u2013chinesische-bloggerin-zu-vier-jahren-gefaengnis-verurteilt-9547214.htm<\/a><\/p>\n<p>(17) <a href=\"https:\/\/www.welt.de\/politik\/ausland\/article223325482\/China-Bloggerin-wegen-kritischer-Corona-Berichte-zu-vier-Jahren-Gefaengnis-verurteilt.html\">https:\/\/www.welt.de\/politik\/ausland\/article223325482\/China-Bloggerin-wegen-kritischer-Corona-Berichte-zu-vier-Jahren-Gefaengnis-verurteilt.html<\/a><\/p>\n<p>(18) <a href=\"https:\/\/www.nytimes.com\/2020\/12\/28\/world\/asia\/china-Zhang-Zhan-covid-convicted.html\">https:\/\/www.nytimes.com\/2020\/12\/28\/world\/asia\/china-Zhang-Zhan-covid-convicted.html<\/a><\/p>\n<p>(19) <a href=\"https:\/\/amerika21.de\/analyse\/241431\/venezuela-guaido-raubzug\">https:\/\/amerika21.de\/analyse\/241431\/venezuela-guaido-raubzug<\/a><\/p>\n<p>(20) <a href=\"https:\/\/www.anti-spiegel.ru\/2020\/neue-strafverfahren-gegen-navalny-und-seine-mitarbeiterin-was-wird-ihnen-vorgeworfen\/\">https:\/\/www.anti-spiegel.ru\/2020\/neue-strafverfahren-gegen-navalny-und-seine-mitarbeiterin-was-wird-ihnen-vorgeworfen\/<\/a><\/p>\n<p>(21) <a href=\"https:\/\/www.focus.de\/politik\/ausland\/fall-nawalny-russland-verhaengt-sanktionen-gegen-deutschland_id_12342585.html\">https:\/\/www.focus.de\/politik\/ausland\/fall-nawalny-russland-verhaengt-sanktionen-gegen-deutschland_id_12342585.html<\/a><\/p>\n<p>(22) \u00a0<a href=\"https:\/\/www.vol.at\/eu-staats-und-regierungschef-beraten-ueber-weissrussland\/6710925\">https:\/\/www.vol.at\/eu-staats-und-regierungschef-beraten-ueber-weissrussland\/6710925<\/a><\/p>\n<p>(23) <a href=\"https:\/\/einarschlereth.blogspot.com\/2019\/12\/70-jahre-us-destabilisierung-chinas-us.html\">https:\/\/einarschlereth.blogspot.com\/2019\/12\/70-jahre-us-destabilisierung-chinas-us.html<\/a><\/p>\n<p>(24) <a href=\"https:\/\/news.cgtn.com\/news\/2019-08-27\/Why-is-the-NED-fueling-the-Hong-Kong-protests--JtMb2yKKWc\/index.html\">https:\/\/news.cgtn.com\/news\/2019-08-27\/Why-is-the-NED-fueling-the-Hong-Kong-protests\u2013JtMb2yKKWc\/index.html<\/a><\/p>\n<p>(25) <a href=\"https:\/\/link.springer.com\/chapter\/10.1007%2F978-3-658-18099-7_9\">https:\/\/link.springer.com\/chapter\/10.1007%2F978-3-658-18099-7_9<\/a><\/p>\n<p>(26) <a href=\"https:\/\/www.nchrd.org\/2020\/09\/zhang-zhan\/\">https:\/\/www.nchrd.org\/2020\/09\/zhang-zhan\/<\/a><\/p>\n<p>(27) <a href=\"http:\/\/www.informationclearinghouse.info\/56098.htm\">http:\/\/www.informationclearinghouse.info\/56098.htm<\/a><\/p>\n<p>(28) <a href=\"https:\/\/amerika21.de\/dokument\/101902\/offener-brief-hrw\">https:\/\/amerika21.de\/dokument\/101902\/offener-brief-hrw<\/a><\/p>\n<p>(29) <a href=\"https:\/\/www.tagesschau.de\/suche2.html?query=+Raif+Badawi+\">https:\/\/www.tagesschau.de\/suche2.html?query=+Raif+Badawi+<\/a><\/p>\n<p>(30) <a href=\"https:\/\/www.dw.com\/de\/raif-badawi-weiter-hoffnung-auf-freilassung\/a-51990920\">https:\/\/www.dw.com\/de\/raif-badawi-weiter-hoffnung-auf-freilassung\/a-51990920<\/a><\/p>\n<p>(31) <a href=\"http:\/\/www.presserecht.de\/index.php?option=com_content&amp;task=view&amp;id=506&amp;Itemid=28\">http:\/\/www.presserecht.de\/index.php?option=com_content&amp;task=view&amp;id=506&amp;Itemid=28<\/a><\/p>\n<p>(32) <a href=\"https:\/\/cloudutil.player.fm\/series\/fareed-zakaria-gps-1825759\/january-3-2021-on-gps-exclusive-interview-with-president-elect-bidens-incoming-national-security-adviser-jake-sullivan\">https:\/\/cloudutil.player.fm\/series\/fareed-zakaria-gps-1825759\/january-3-2021-on-gps-exclusive-interview-with-president-elect-bidens-incoming-national-security-adviser-jake-sullivan<\/a><\/p>\n<p>(33) <a href=\"https:\/\/www.tagesschau.de\/multimedia\/video\/video-803273.html\">https:\/\/www.tagesschau.de\/multimedia\/video\/video-803273.html<\/a><\/p>\n<p><strong>\u00a0<\/strong><\/p>\n<p style=\"text-align: right;\"><em><strong>Das\u00a0Autoren-Team:\u00a0<\/strong><\/em><\/p>\n<p style=\"text-align: right;\"><em>Friedhelm Klinkhammer, Jahrgang\u00a01944, Jurist. 1975 bis 2008 Mitarbeiter des NDR, zeitweise Vorsitzender des NDR-Gesamtpersonalrats und des ver.di-Betriebsverbandes\u00a0sowie Referent einer Funkhausdirektorin.<\/em><\/p>\n<p style=\"text-align: right;\"><em>Volker Br\u00e4utigam, Jahrgang 1941, Redakteur. 1975 bis 1996 Mitarbeiter des NDR, zun\u00e4chst in der Tagesschau, von 1992 an in der Kulturredaktion f\u00fcr N3. Danach Lehrauftrag an der Fu-Jen-Universit\u00e4t\u00a0in Taipeh.<\/em><\/p>\n<p style=\"text-align: right;\"><em>Beide Autoren sind Mitglieder des Beirates des Deutschen Freidenker-Verbandes.<\/em><\/p>\n<p><span style=\"font-size: 10pt;\">Dieser Beitrag erschien am 08.01.2021 auch auf <a href=\"https:\/\/publikumskonferenz.de\/blog\/2021\/01\/08\/die-zuschauer-verachtung-der-tagesschau\/\" target=\"_blank\" rel=\"noopener\">publikumskonferenz.de<\/a><\/span><\/p>\n<hr \/>\n<p><span style=\"font-size: 10pt;\">Bild: <span class=\"mw-mmv-title\">Provisorisches Hilfskrankenhaus in Wuhan, China im Februar 2020<br \/>\nFoto: <\/span>Von \u6c6e\u6c50 &#8211; Eigenes Werk, <a href=\"https:\/\/creativecommons.org\/licenses\/by-sa\/4.0\/deed.en\" target=\"_blank\" rel=\"noopener\">CC BY-SA 4.0<\/a> <\/span><br \/>\n<span style=\"font-size: 10pt;\">Quelle: <a href=\"https:\/\/commons.wikimedia.org\/w\/index.php?curid=86911970\" target=\"_blank\" rel=\"noopener\">https:\/\/commons.wikimedia.org\/w\/index.php?curid=86911970<\/a><\/span><\/p>\n","protected":false},"excerpt":{"rendered":"<p><b>Beitrag von Friedhelm Klinkhammer und Volker Br\u00e4utigam<\/b><br \/>\nDie Tagesschau richtet mit ihrer Berichterstattung gewaltigen mentalen Schaden an. Der selbstherrlichen Aussage, eine deutsch gef\u00fchrte Europ\u00e4ische Union k\u00f6nne \u201eeine \u00e4hnlich starke Rolle in der Weltpolitik spielen\u201c wie die USA und China, stimmt mittlerweile beinahe die H\u00e4lfte der Deutschen zu. In der Altersgruppe der 18- bis 29-J\u00e4hrigen sind es sogar 70 Prozent. Tagesschau-Meldung: <i>Die EU und China haben ihre wirtschaftlichen Beziehungen neu geregelt. \u2026 Die chinesische Regierung verpflichtet sich au\u00dferdem, internationalen Abkommen gegen Zwangsarbeit beizutreten. Kritiker bef\u00fcrchten allerdings, dass sich China nicht daran h\u00e4lt.<\/i><br \/>\nWer sind die Kritiker? Welche nachvollziehbaren Begr\u00fcndungen haben sie? ARD-aktuell fragt nicht danach. <\/p>\n","protected":false},"author":3,"featured_media":9203,"comment_status":"closed","ping_status":"closed","sticky":false,"template":"","format":"standard","meta":{"colormag_page_container_layout":"default_layout","colormag_page_sidebar_layout":"default_layout","advanced_seo_description":"","jetpack_seo_html_title":"","jetpack_seo_noindex":false,"jetpack_post_was_ever_published":false,"footnotes":""},"categories":[12],"tags":[1094,413,1256,182,596,637,222,1126],"class_list":["post-9198","post","type-post","status-publish","format-standard","has-post-thumbnail","hentry","category-demokratie-medien-aufklaerung","tag-ard","tag-china","tag-corona-virus","tag-eu","tag-pressefreiheit","tag-propaganda","tag-russland","tag-tagesschau"],"jetpack_featured_media_url":"https:\/\/i0.wp.com\/www.freidenker.org\/fw17\/wp-content\/uploads\/2021\/01\/Wuhan_Notkrankenhaus_07_800x450.jpg?fit=800%2C450&ssl=1","jetpack_shortlink":"https:\/\/wp.me\/p9stpK-2om","jetpack-related-posts":[{"id":10616,"url":"https:\/\/www.freidenker.org\/?p=10616","url_meta":{"origin":9198,"position":0},"title":"Menschenrecht nach Tagesschau-Ma\u00df","author":"Webredaktion","date":"23. Juni 2021","format":false,"excerpt":"Beitrag von Friedhelm Klinkhammer und Volker Br\u00e4utigam In Wahlkampfzeiten wie diesen f\u00e4llt sie besonders ins Auge: unsere gnadenlose deutsche Rechthaberei, gekleidet in hehren Anspruch gegen\u00fcber anderen Staaten und deren Regierungen. Menschenrechte! Ihre Beachtung m\u00fcsse besonders von Russland und China gefordert und mit transatlantischer Sanktions-Gewalt durchgesetzt werden, belehren uns die herrschenden\u2026","rel":"","context":"In &quot;Demokratie \u2013 Medien \u2013 Aufkl\u00e4rung&quot;","block_context":{"text":"Demokratie \u2013 Medien \u2013 Aufkl\u00e4rung","link":"https:\/\/www.freidenker.org\/?cat=12"},"img":{"alt_text":"","src":"https:\/\/i0.wp.com\/www.freidenker.org\/fw17\/wp-content\/uploads\/2021\/06\/Spargelernte4_800x450.jpg?fit=800%2C450&ssl=1&resize=350%2C200","width":350,"height":200,"srcset":"https:\/\/i0.wp.com\/www.freidenker.org\/fw17\/wp-content\/uploads\/2021\/06\/Spargelernte4_800x450.jpg?fit=800%2C450&ssl=1&resize=350%2C200 1x, https:\/\/i0.wp.com\/www.freidenker.org\/fw17\/wp-content\/uploads\/2021\/06\/Spargelernte4_800x450.jpg?fit=800%2C450&ssl=1&resize=525%2C300 1.5x, https:\/\/i0.wp.com\/www.freidenker.org\/fw17\/wp-content\/uploads\/2021\/06\/Spargelernte4_800x450.jpg?fit=800%2C450&ssl=1&resize=700%2C400 2x"},"classes":[]},{"id":22435,"url":"https:\/\/www.freidenker.org\/?p=22435","url_meta":{"origin":9198,"position":1},"title":"Ukraine-Proteste: Der Westen hat noch die Kontrolle \u00fcber die NGOs im Land","author":"Webredaktion","date":"25. Juli 2025","format":false,"excerpt":"Beitrag von Gert Ewen Ungar Wenn es um die Ukraine geht, erz\u00e4hlt die Tagesschau gerne sch\u00f6ne und ergreifende Geschichten. Mit der Realit\u00e4t haben diese als Journalismus getarnten R\u00fchrst\u00fccke in der Regel genauso viel zu tun wie die Schauerm\u00e4rchen, die deutsche Medien \u00fcber Russland erz\u00e4hlen: nichts.\u00a0Anl\u00e4sslich der aktuellen Proteste in der\u2026","rel":"","context":"In &quot;Demokratie \u2013 Medien \u2013 Aufkl\u00e4rung&quot;","block_context":{"text":"Demokratie \u2013 Medien \u2013 Aufkl\u00e4rung","link":"https:\/\/www.freidenker.org\/?cat=12"},"img":{"alt_text":"","src":"https:\/\/i0.wp.com\/www.freidenker.org\/fw17\/wp-content\/uploads\/2025\/07\/Proteste_Kiew_RT_800x450.jpg?fit=800%2C450&ssl=1&resize=350%2C200","width":350,"height":200,"srcset":"https:\/\/i0.wp.com\/www.freidenker.org\/fw17\/wp-content\/uploads\/2025\/07\/Proteste_Kiew_RT_800x450.jpg?fit=800%2C450&ssl=1&resize=350%2C200 1x, https:\/\/i0.wp.com\/www.freidenker.org\/fw17\/wp-content\/uploads\/2025\/07\/Proteste_Kiew_RT_800x450.jpg?fit=800%2C450&ssl=1&resize=525%2C300 1.5x, https:\/\/i0.wp.com\/www.freidenker.org\/fw17\/wp-content\/uploads\/2025\/07\/Proteste_Kiew_RT_800x450.jpg?fit=800%2C450&ssl=1&resize=700%2C400 2x"},"classes":[]},{"id":5998,"url":"https:\/\/www.freidenker.org\/?p=5998","url_meta":{"origin":9198,"position":2},"title":"Venezuela \u2013 Pfeif auf Grundgesetz und V\u00f6lkerrecht","author":"Webredaktion","date":"7. M\u00e4rz 2019","format":false,"excerpt":"Beitrag von Friedhelm Klinkhammer und Volker Br\u00e4utigam. Deutsche Politik in Bezug auf Venezuela und das V\u00f6lkerrecht \u2013 gibt es da nichts Problematisches, nichts Anst\u00f6\u00dfiges? Nichts von nachrichtlichem Wert? Sind ein Bruch mit der UN-Charta und grundgesetzwidrige Politik kein Thema f\u00fcr die Tagesschau? Die Bundesregierung hat wie zahlreiche andere Staaten einen\u2026","rel":"","context":"In &quot;Frieden - Antifaschismus - Solidarit\u00e4t&quot;","block_context":{"text":"Frieden - Antifaschismus - Solidarit\u00e4t","link":"https:\/\/www.freidenker.org\/?cat=13"},"img":{"alt_text":"","src":"https:\/\/i0.wp.com\/www.freidenker.org\/fw17\/wp-content\/uploads\/2019\/03\/Venezuela_800x445.jpg?fit=800%2C445&ssl=1&resize=350%2C200","width":350,"height":200,"srcset":"https:\/\/i0.wp.com\/www.freidenker.org\/fw17\/wp-content\/uploads\/2019\/03\/Venezuela_800x445.jpg?fit=800%2C445&ssl=1&resize=350%2C200 1x, https:\/\/i0.wp.com\/www.freidenker.org\/fw17\/wp-content\/uploads\/2019\/03\/Venezuela_800x445.jpg?fit=800%2C445&ssl=1&resize=525%2C300 1.5x, https:\/\/i0.wp.com\/www.freidenker.org\/fw17\/wp-content\/uploads\/2019\/03\/Venezuela_800x445.jpg?fit=800%2C445&ssl=1&resize=700%2C400 2x"},"classes":[]},{"id":15167,"url":"https:\/\/www.freidenker.org\/?p=15167","url_meta":{"origin":9198,"position":3},"title":"&#8222;Faktenfinder&#8220; der Tagesschau: Diffamierungskampagne gegen Alina Lipp geht weiter","author":"Webredaktion","date":"5. Februar 2023","format":false,"excerpt":"Beitrag von Gert Ewen Ungar Die Tagesschau behauptet von sich, das Flaggschiff des deutschen Journalismus zu sein und hohe Standards in der Berichterstattung zu befolgen. Mit dieser vollmundigen Selbstwahrnehmung korrespondiert die Realit\u00e4t immer weniger. Insbesondere in Krisenzeiten zeigt sich die Tagesschau wie viele andere deutsche Medien auch extrem anf\u00e4llig f\u00fcr\u2026","rel":"","context":"In &quot;Demokratie \u2013 Medien \u2013 Aufkl\u00e4rung&quot;","block_context":{"text":"Demokratie \u2013 Medien \u2013 Aufkl\u00e4rung","link":"https:\/\/www.freidenker.org\/?cat=12"},"img":{"alt_text":"","src":"https:\/\/i0.wp.com\/www.freidenker.org\/fw17\/wp-content\/uploads\/2023\/02\/alina_lipp_donbass_800x450.jpg?fit=800%2C450&ssl=1&resize=350%2C200","width":350,"height":200,"srcset":"https:\/\/i0.wp.com\/www.freidenker.org\/fw17\/wp-content\/uploads\/2023\/02\/alina_lipp_donbass_800x450.jpg?fit=800%2C450&ssl=1&resize=350%2C200 1x, https:\/\/i0.wp.com\/www.freidenker.org\/fw17\/wp-content\/uploads\/2023\/02\/alina_lipp_donbass_800x450.jpg?fit=800%2C450&ssl=1&resize=525%2C300 1.5x, https:\/\/i0.wp.com\/www.freidenker.org\/fw17\/wp-content\/uploads\/2023\/02\/alina_lipp_donbass_800x450.jpg?fit=800%2C450&ssl=1&resize=700%2C400 2x"},"classes":[]},{"id":8457,"url":"https:\/\/www.freidenker.org\/?p=8457","url_meta":{"origin":9198,"position":4},"title":"Neudeutsche Raubz\u00fcge in der Ukraine","author":"Webredaktion","date":"27. Juli 2020","format":false,"excerpt":"Beitrag von Friedhelm Klinkhammer und Volker Br\u00e4utigam Ukraine? Gibt\u00b4s da was? Die umfangreichsten Berichte der Tagesschau \u00fcber den osteurop\u00e4ischen Krisenstaat handeln im Juli von einer glimpflich abgegangenen Geiselnahme im west-ukrainischen Luzk. \u201eUnblutig beendet\u201c, hei\u00dft das in der verluderten Boulevard-Sprache, der sich auch die Redaktion ARD-aktuell bedient. Desinformation und Angebote zur\u2026","rel":"","context":"In &quot;Demokratie \u2013 Medien \u2013 Aufkl\u00e4rung&quot;","block_context":{"text":"Demokratie \u2013 Medien \u2013 Aufkl\u00e4rung","link":"https:\/\/www.freidenker.org\/?cat=12"},"img":{"alt_text":"","src":"https:\/\/i0.wp.com\/www.freidenker.org\/fw17\/wp-content\/uploads\/2020\/07\/selenskyi_pompeo_2020_800x450.jpg?fit=800%2C450&ssl=1&resize=350%2C200","width":350,"height":200,"srcset":"https:\/\/i0.wp.com\/www.freidenker.org\/fw17\/wp-content\/uploads\/2020\/07\/selenskyi_pompeo_2020_800x450.jpg?fit=800%2C450&ssl=1&resize=350%2C200 1x, https:\/\/i0.wp.com\/www.freidenker.org\/fw17\/wp-content\/uploads\/2020\/07\/selenskyi_pompeo_2020_800x450.jpg?fit=800%2C450&ssl=1&resize=525%2C300 1.5x, https:\/\/i0.wp.com\/www.freidenker.org\/fw17\/wp-content\/uploads\/2020\/07\/selenskyi_pompeo_2020_800x450.jpg?fit=800%2C450&ssl=1&resize=700%2C400 2x"},"classes":[]},{"id":7047,"url":"https:\/\/www.freidenker.org\/?p=7047","url_meta":{"origin":9198,"position":5},"title":"Gro\u00dfer Bahnhof f\u00fcr einen Gr\u00fcnschnabel","author":"Webredaktion","date":"2. Oktober 2019","format":false,"excerpt":"Beitrag von Friedhelm Klinkhammer und Volker Br\u00e4utigam Grundmuster der US-amerikanischen Chinapolitik: Soziale Sabotage. Politische, organisatorische und finanzielle Unterst\u00fctzung von Versuchen, zu destabilisieren und \u201eregime change\u201c herbeizuf\u00fchren, notfalls gewaltsam. Ob in Tibet, in Xingjiang oder in Hongkong: Immer und \u00fcberall finden die USA Leute, die sich infolge Beschr\u00e4nktheit oder gegen Geld\u2026","rel":"","context":"In &quot;Demokratie \u2013 Medien \u2013 Aufkl\u00e4rung&quot;","block_context":{"text":"Demokratie \u2013 Medien \u2013 Aufkl\u00e4rung","link":"https:\/\/www.freidenker.org\/?cat=12"},"img":{"alt_text":"","src":"https:\/\/i0.wp.com\/www.freidenker.org\/fw17\/wp-content\/uploads\/2019\/10\/umbrellas-2780384_800x445.jpg?fit=800%2C445&ssl=1&resize=350%2C200","width":350,"height":200,"srcset":"https:\/\/i0.wp.com\/www.freidenker.org\/fw17\/wp-content\/uploads\/2019\/10\/umbrellas-2780384_800x445.jpg?fit=800%2C445&ssl=1&resize=350%2C200 1x, https:\/\/i0.wp.com\/www.freidenker.org\/fw17\/wp-content\/uploads\/2019\/10\/umbrellas-2780384_800x445.jpg?fit=800%2C445&ssl=1&resize=525%2C300 1.5x, https:\/\/i0.wp.com\/www.freidenker.org\/fw17\/wp-content\/uploads\/2019\/10\/umbrellas-2780384_800x445.jpg?fit=800%2C445&ssl=1&resize=700%2C400 2x"},"classes":[]}],"_links":{"self":[{"href":"https:\/\/www.freidenker.org\/index.php?rest_route=\/wp\/v2\/posts\/9198","targetHints":{"allow":["GET"]}}],"collection":[{"href":"https:\/\/www.freidenker.org\/index.php?rest_route=\/wp\/v2\/posts"}],"about":[{"href":"https:\/\/www.freidenker.org\/index.php?rest_route=\/wp\/v2\/types\/post"}],"author":[{"embeddable":true,"href":"https:\/\/www.freidenker.org\/index.php?rest_route=\/wp\/v2\/users\/3"}],"replies":[{"embeddable":true,"href":"https:\/\/www.freidenker.org\/index.php?rest_route=%2Fwp%2Fv2%2Fcomments&post=9198"}],"version-history":[{"count":0,"href":"https:\/\/www.freidenker.org\/index.php?rest_route=\/wp\/v2\/posts\/9198\/revisions"}],"wp:featuredmedia":[{"embeddable":true,"href":"https:\/\/www.freidenker.org\/index.php?rest_route=\/wp\/v2\/media\/9203"}],"wp:attachment":[{"href":"https:\/\/www.freidenker.org\/index.php?rest_route=%2Fwp%2Fv2%2Fmedia&parent=9198"}],"wp:term":[{"taxonomy":"category","embeddable":true,"href":"https:\/\/www.freidenker.org\/index.php?rest_route=%2Fwp%2Fv2%2Fcategories&post=9198"},{"taxonomy":"post_tag","embeddable":true,"href":"https:\/\/www.freidenker.org\/index.php?rest_route=%2Fwp%2Fv2%2Ftags&post=9198"}],"curies":[{"name":"wp","href":"https:\/\/api.w.org\/{rel}","templated":true}]}}