{"id":9189,"date":"2021-01-11T01:55:16","date_gmt":"2021-01-11T00:55:16","guid":{"rendered":"https:\/\/www.freidenker.org\/?p=9189"},"modified":"2021-01-30T20:03:47","modified_gmt":"2021-01-30T19:03:47","slug":"video-kabarettistischer-jahresrueckblick-2020-von-jane-zahn","status":"publish","type":"post","link":"https:\/\/www.freidenker.org\/?p=9189","title":{"rendered":"Video: Kabarettistischer Jahresr\u00fcckblick 2020 von Jane Zahn"},"content":{"rendered":"<p>Sonst hat die Kabarettistin und Liedermacherin <strong>Jane Zahn<\/strong> immer auf der B\u00fchne ihren kabarettistischen Jahresr\u00fcckblick zelebriert, mit viel Spa\u00df f\u00fcr das Publikum, das Schokoladen-Euros f\u00fcr richtiges Zitieren bekam oder entscheiden musste, ob eine Meldung \u201eecht\u201c oder \u201eerlogen\u201c war &#8211; es war jedenfalls immer viel los bei diesen Vorstellungen.<\/p>\n<p>Dieses Jahr war nichts los auf der B\u00fchne, daf\u00fcr ist die B\u00fchne jetzt ins Internet gegangen. Auf youtube ist der R\u00fcckblick in 4 Teilen abgestottert zu sehen.<\/p>\n<hr \/>\n<p>Klofrau Rosa aus dem Reichstag er\u00f6ffnet den <strong>ersten Teil<\/strong> mit ihren Vaschw\u00f6rungstheorien, bis Frau Zahn selbst das Szepter in die Hand nimmt und das \u201eHabgier\u201c-Virus an den Pranger stellt.\u00a0Eine Mutation erleben die Zuschauer auch gleich mit: \u201eIch bin das Virus\u201c singt eine kaum noch zu erkennende Jane Zahn. Und sie erkl\u00e4rt auch, was das Gute an diesem Jahr war.<\/p>\n<div class=\"jetpack-video-wrapper\"><span class=\"embed-youtube\" style=\"text-align:center; display: block;\"><iframe loading=\"lazy\" class=\"youtube-player\" width=\"800\" height=\"450\" src=\"https:\/\/www.youtube.com\/embed\/1NyGST6rlRY?version=3&#038;rel=1&#038;showsearch=0&#038;showinfo=1&#038;iv_load_policy=1&#038;fs=1&#038;hl=de-DE&#038;autohide=2&#038;wmode=transparent\" allowfullscreen=\"true\" style=\"border:0;\" sandbox=\"allow-scripts allow-same-origin allow-popups allow-presentation allow-popups-to-escape-sandbox\"><\/iframe><\/span><\/div>\n<hr \/>\n<p>Der <strong>2. Teil<\/strong> bringt das Motto des Jahres und zerlegt einen Spruch von Frau Merkel.<\/p>\n<div class=\"jetpack-video-wrapper\"><span class=\"embed-youtube\" style=\"text-align:center; display: block;\"><iframe loading=\"lazy\" class=\"youtube-player\" width=\"800\" height=\"450\" src=\"https:\/\/www.youtube.com\/embed\/updEwoY3fIo?version=3&#038;rel=1&#038;showsearch=0&#038;showinfo=1&#038;iv_load_policy=1&#038;fs=1&#038;hl=de-DE&#038;autohide=2&#038;wmode=transparent\" allowfullscreen=\"true\" style=\"border:0;\" sandbox=\"allow-scripts allow-same-origin allow-popups allow-presentation allow-popups-to-escape-sandbox\"><\/iframe><\/span><\/div>\n<hr \/>\n<p>\u201eTote Zahlen\u201c im <strong>3. Teil<\/strong> hinterfragt gewisse Corona-Statistiken, und das \u201eM\u00e4rchen vom sehr, sehr reichen Mann\u201c geht dem Song \u201eUmFAIRteilen!\u201c voraus &#8211; der auch ein M\u00e4rchen ist, das aber wahr werden kann.<\/p>\n<div class=\"jetpack-video-wrapper\"><span class=\"embed-youtube\" style=\"text-align:center; display: block;\"><iframe loading=\"lazy\" class=\"youtube-player\" width=\"800\" height=\"450\" src=\"https:\/\/www.youtube.com\/embed\/0cTIldPae38?version=3&#038;rel=1&#038;showsearch=0&#038;showinfo=1&#038;iv_load_policy=1&#038;fs=1&#038;hl=de-DE&#038;autohide=2&#038;wmode=transparent\" allowfullscreen=\"true\" style=\"border:0;\" sandbox=\"allow-scripts allow-same-origin allow-popups allow-presentation allow-popups-to-escape-sandbox\"><\/iframe><\/span><\/div>\n<hr \/>\n<p>Wem wir \u201eGlauben schenken\u201c k\u00f6nnten, er\u00f6rtert der <strong>4. und letzte Teil<\/strong>, der auch mit einem Ausblick auf 2021 endet &#8211; wie ihn eine k\u00fcnstliche Intelligenz, die auf Satiren spezialisiert wurde, es sieht. Und weil wir keine KI sind, sondern Menschen, die zum Leben auch etwas Hoffnung brauchen, steht am Schluss das Lied \u201eWie wundervoll w\u00e4re die Welt\u201c- wenn wir sie dazu machen.<\/p>\n<div class=\"jetpack-video-wrapper\"><span class=\"embed-youtube\" style=\"text-align:center; display: block;\"><iframe loading=\"lazy\" class=\"youtube-player\" width=\"800\" height=\"450\" src=\"https:\/\/www.youtube.com\/embed\/JKKNDOAV7aI?version=3&#038;rel=1&#038;showsearch=0&#038;showinfo=1&#038;iv_load_policy=1&#038;fs=1&#038;hl=de-DE&#038;autohide=2&#038;wmode=transparent\" allowfullscreen=\"true\" style=\"border:0;\" sandbox=\"allow-scripts allow-same-origin allow-popups allow-presentation allow-popups-to-escape-sandbox\"><\/iframe><\/span><\/div>\n<hr \/>\n<p>Die Direktlinks zu YouTube:<\/p>\n<p>Teil 1: <a href=\"https:\/\/youtu.be\/1NyGST6rlRY\" target=\"_blank\" rel=\"noopener\">https:\/\/youtu.be\/1NyGST6rlRY<\/a><br \/>\nTeil 2: <a href=\"https:\/\/youtu.be\/updEwoY3fIo\" target=\"_blank\" rel=\"noopener\">https:\/\/youtu.be\/updEwoY3fIo<\/a><br \/>\nTeil 3: <a href=\"https:\/\/youtu.be\/0cTIldPae38\" target=\"_blank\" rel=\"noopener\">https:\/\/youtu.be\/0cTIldPae38<\/a><br \/>\nTeil 4: <a href=\"https:\/\/youtu.be\/JKKNDOAV7aI\" target=\"_blank\" rel=\"noopener\">https:\/\/youtu.be\/JKKNDOAV7aI<\/a><\/p>\n<p>Um Likes wird gebeten \u2026.<\/p>\n<p style=\"text-align: right;\"><em>Jane Zahn, Kabarettistin und Liedermacherin aus Rheinsberg ist Mitglied des Deutschen Freidenker-Verbandes<\/em><\/p>\n<p>Link zur Webseite der K\u00fcnstlerin: <a href=\"http:\/\/www.janezahn.de\/\" target=\"_blank\" rel=\"noopener\">http:\/\/www.janezahn.de\/<\/a><\/p>\n<hr \/>\n<p><span style=\"font-size: 10pt;\">Bild oben: Screenshot aus dem Video, Teil 1<\/span><\/p>\n","protected":false},"excerpt":{"rendered":"<p>Sonst hat die Kabarettistin und Liedermacherin Jane Zahn immer auf der B\u00fchne ihren kabarettistischen Jahresr\u00fcckblick zelebriert, mit viel Spa\u00df f\u00fcr das Publikum, das Schokoladen-Euros f\u00fcr richtiges Zitieren bekam oder entscheiden musste, ob eine Meldung \u201eecht\u201c oder \u201eerlogen\u201c war \u2013 es war jedenfalls immer viel los bei diesen Vorstellungen.<br \/>\nDieses Jahr war nichts los auf der B\u00fchne, daf\u00fcr ist die B\u00fchne jetzt ins Internet gegangen. Auf youtube ist der R\u00fcckblick in 4 Teilen abgestottert zu sehen.<br \/>\nKlofrau Rosa aus dem Reichstag er\u00f6ffnet den ersten Teil mit ihren Vaschw\u00f6rungstheorien, bis Frau Zahn selbst das Szepter in die Hand nimmt und das \u201eHabgier\u201c-Virus an den Pranger stellt.\u00a0&#8230;<\/p>\n","protected":false},"author":3,"featured_media":9191,"comment_status":"closed","ping_status":"closed","sticky":false,"template":"","format":"standard","meta":{"colormag_page_container_layout":"default_layout","colormag_page_sidebar_layout":"default_layout","advanced_seo_description":"","jetpack_seo_html_title":"","jetpack_seo_noindex":false,"jetpack_post_was_ever_published":false,"footnotes":""},"categories":[913],"tags":[1256,335,942,939,1231,641],"class_list":["post-9189","post","type-post","status-publish","format-standard","has-post-thumbnail","hentry","category-kultur-kunst","tag-corona-virus","tag-frieden","tag-kabarett","tag-musik","tag-sozialpolitik","tag-verschwoerungstheorie"],"jetpack_featured_media_url":"https:\/\/i0.wp.com\/www.freidenker.org\/fw17\/wp-content\/uploads\/2021\/01\/jane_zahn_2020.jpg?fit=800%2C450&ssl=1","jetpack_shortlink":"https:\/\/wp.me\/p9stpK-2od","jetpack-related-posts":[{"id":20926,"url":"https:\/\/www.freidenker.org\/?p=20926","url_meta":{"origin":9189,"position":0},"title":"Jane Zahn: \u201eKRIEG ich FRIEDEN?\u201c","author":"Webredaktion","date":"10. Februar 2025","format":false,"excerpt":"Aktuelles politisches Kabarett von und mit Jane Zahn Premiere 08. M\u00e4rz 2025 in Offenbach (Frauentag-Veranstaltung der DKP) - Premiere in Rheinsberg: 21. M\u00e4rz 2025 in der Musikbrennerei Rheinsberg Eine bitterb\u00f6se Satire-Kanonade zum Zeitgeschehen mit Texten und Songs von Jane Zahn. Politisches Kabarett ohne Politiker - aber mit zwerchfellersch\u00fctternden Denkanst\u00f6\u00dfen\u00a0 und\u2026","rel":"","context":"In &quot;Demokratie \u2013 Medien \u2013 Aufkl\u00e4rung&quot;","block_context":{"text":"Demokratie \u2013 Medien \u2013 Aufkl\u00e4rung","link":"https:\/\/www.freidenker.org\/?cat=12"},"img":{"alt_text":"","src":"https:\/\/i0.wp.com\/www.freidenker.org\/fw17\/wp-content\/uploads\/2025\/02\/Jane_Zahn_Krieg_ich_Frieden_800x450.jpg?fit=800%2C450&ssl=1&resize=350%2C200","width":350,"height":200,"srcset":"https:\/\/i0.wp.com\/www.freidenker.org\/fw17\/wp-content\/uploads\/2025\/02\/Jane_Zahn_Krieg_ich_Frieden_800x450.jpg?fit=800%2C450&ssl=1&resize=350%2C200 1x, https:\/\/i0.wp.com\/www.freidenker.org\/fw17\/wp-content\/uploads\/2025\/02\/Jane_Zahn_Krieg_ich_Frieden_800x450.jpg?fit=800%2C450&ssl=1&resize=525%2C300 1.5x, https:\/\/i0.wp.com\/www.freidenker.org\/fw17\/wp-content\/uploads\/2025\/02\/Jane_Zahn_Krieg_ich_Frieden_800x450.jpg?fit=800%2C450&ssl=1&resize=700%2C400 2x"},"classes":[]},{"id":4279,"url":"https:\/\/www.freidenker.org\/?p=4279","url_meta":{"origin":9189,"position":1},"title":"Bericht vom Linken Liedersommer 2013 auf der Burg Waldeck","author":"Webredaktion","date":"30. Juni 2013","format":false,"excerpt":"Bericht von Jane Zahn Wieder 130 Teilnehmer \u2013 wie es einer auf der Auswertungsdiskussion formulierte: \u201eDas ist heutzutage schon ein Erfolg!\u201c \u2013 beim Linken Liedersommer im Hunsr\u00fcck. Das legendenumwobene, traditionsreiche Gel\u00e4nde neben der Burg Waldeck war erf\u00fcllt von Musik, Gesang, Diskussionen, gesch\u00e4ftigem Betrieb. Mit 8 Workshop-Angeboten von \u201e150 Jahre Arbeiterlieder\u201c\u2026","rel":"","context":"In &quot;Kultur &amp; Kunst&quot;","block_context":{"text":"Kultur &amp; Kunst","link":"https:\/\/www.freidenker.org\/?cat=913"},"img":{"alt_text":"","src":"https:\/\/i0.wp.com\/www.freidenker.org\/fw17\/wp-content\/uploads\/2018\/01\/01-2013-06-21-23-af-0992_800x445.jpg?fit=800%2C445&ssl=1&resize=350%2C200","width":350,"height":200,"srcset":"https:\/\/i0.wp.com\/www.freidenker.org\/fw17\/wp-content\/uploads\/2018\/01\/01-2013-06-21-23-af-0992_800x445.jpg?fit=800%2C445&ssl=1&resize=350%2C200 1x, https:\/\/i0.wp.com\/www.freidenker.org\/fw17\/wp-content\/uploads\/2018\/01\/01-2013-06-21-23-af-0992_800x445.jpg?fit=800%2C445&ssl=1&resize=525%2C300 1.5x, https:\/\/i0.wp.com\/www.freidenker.org\/fw17\/wp-content\/uploads\/2018\/01\/01-2013-06-21-23-af-0992_800x445.jpg?fit=800%2C445&ssl=1&resize=700%2C400 2x"},"classes":[]},{"id":3066,"url":"https:\/\/www.freidenker.org\/?p=3066","url_meta":{"origin":9189,"position":2},"title":"Selbstbestimmungsrecht und Bundesarbeitsgericht","author":"Webredaktion","date":"1. Mai 2013","format":false,"excerpt":"Heilige Kindersch\u00e4nder sind\u2019s zufrieden Nicht aus Zweifel an Gottes Gnade oder der Jungfrauengeburt trat ein 60j\u00e4hriger Sonderp\u00e4dagoge in Mannheim aus der Kirche aus. Es war nur seine Entt\u00e4uschung \u00fcber die \u201aMissbrauchsf\u00e4lle\u2018, also die Sexualstraftaten der Gottesdiener, die ihn 2011 bewogen, die Katholische Kirche zu verlassen. Die war bisher sein Arbeitgeber,\u2026","rel":"","context":"In &quot;Arbeit &amp; Soziales&quot;","block_context":{"text":"Arbeit &amp; Soziales","link":"https:\/\/www.freidenker.org\/?cat=11"},"img":{"alt_text":"","src":"https:\/\/i0.wp.com\/www.freidenker.org\/fw17\/wp-content\/uploads\/2013\/05\/BAG_Erfurt_800x445.jpg?fit=800%2C445&ssl=1&resize=350%2C200","width":350,"height":200,"srcset":"https:\/\/i0.wp.com\/www.freidenker.org\/fw17\/wp-content\/uploads\/2013\/05\/BAG_Erfurt_800x445.jpg?fit=800%2C445&ssl=1&resize=350%2C200 1x, https:\/\/i0.wp.com\/www.freidenker.org\/fw17\/wp-content\/uploads\/2013\/05\/BAG_Erfurt_800x445.jpg?fit=800%2C445&ssl=1&resize=525%2C300 1.5x, https:\/\/i0.wp.com\/www.freidenker.org\/fw17\/wp-content\/uploads\/2013\/05\/BAG_Erfurt_800x445.jpg?fit=800%2C445&ssl=1&resize=700%2C400 2x"},"classes":[]},{"id":3204,"url":"https:\/\/www.freidenker.org\/?p=3204","url_meta":{"origin":9189,"position":3},"title":"Linker Liedersommer gegen Ausbeutung und Krieg","author":"Webredaktion","date":"18. Juni 2010","format":false,"excerpt":"Dokumentiert: Interviews und Berichte vom Linken Liedersommer 2010 von jW und UZ Der linke Liedersommer auf der legend\u00e4ren Burg Waldeck im Hunsr\u00fcck stand am Wochenende unter dem Motto \u00bbLinke Lieder gegen Ausbeutung und Krieg\u00ab. In sp\u00e4teren Stunden mangelte es nicht an Lagerfeuerromantik, gepr\u00e4gt aber war die Veranstaltung von Aufkl\u00e4rungs- und\u2026","rel":"","context":"In &quot;Kultur &amp; Kunst&quot;","block_context":{"text":"Kultur &amp; Kunst","link":"https:\/\/www.freidenker.org\/?cat=913"},"img":{"alt_text":"","src":"https:\/\/i0.wp.com\/www.freidenker.org\/fw17\/wp-content\/uploads\/2010\/06\/2010-06-12-1-0151_800x445.jpg?fit=800%2C445&ssl=1&resize=350%2C200","width":350,"height":200,"srcset":"https:\/\/i0.wp.com\/www.freidenker.org\/fw17\/wp-content\/uploads\/2010\/06\/2010-06-12-1-0151_800x445.jpg?fit=800%2C445&ssl=1&resize=350%2C200 1x, https:\/\/i0.wp.com\/www.freidenker.org\/fw17\/wp-content\/uploads\/2010\/06\/2010-06-12-1-0151_800x445.jpg?fit=800%2C445&ssl=1&resize=525%2C300 1.5x, https:\/\/i0.wp.com\/www.freidenker.org\/fw17\/wp-content\/uploads\/2010\/06\/2010-06-12-1-0151_800x445.jpg?fit=800%2C445&ssl=1&resize=700%2C400 2x"},"classes":[]},{"id":7913,"url":"https:\/\/www.freidenker.org\/?p=7913","url_meta":{"origin":9189,"position":4},"title":"Freidenker beim Alternativen Ostermarsch 2020","author":"Webredaktion","date":"15. April 2020","format":false,"excerpt":"Aufgrund der Corona-Krise konnten die Osterm\u00e4rsche 2020 nicht wie gewohnt stattfinden. Verschiedene Friedensgruppen hatten daher dazu aufgerufen, den Protest dieses Jahr haupts\u00e4chlich zu Hause und virtuell stattfinden zu lassen. An den Aktionen waren nat\u00fcrlich auch Freidenker beteiligt. Es folgen ein Lied, eine kleine Fotogalerie\u00a0 und zwei nicht gehaltene Reden von\u2026","rel":"","context":"In &quot;Frieden - Antifaschismus - Solidarit\u00e4t&quot;","block_context":{"text":"Frieden - Antifaschismus - Solidarit\u00e4t","link":"https:\/\/www.freidenker.org\/?cat=13"},"img":{"alt_text":"","src":"https:\/\/i0.wp.com\/www.freidenker.org\/fw17\/wp-content\/uploads\/2020\/04\/Ostermarsch2020_800x446.jpg?fit=800%2C446&ssl=1&resize=350%2C200","width":350,"height":200,"srcset":"https:\/\/i0.wp.com\/www.freidenker.org\/fw17\/wp-content\/uploads\/2020\/04\/Ostermarsch2020_800x446.jpg?fit=800%2C446&ssl=1&resize=350%2C200 1x, https:\/\/i0.wp.com\/www.freidenker.org\/fw17\/wp-content\/uploads\/2020\/04\/Ostermarsch2020_800x446.jpg?fit=800%2C446&ssl=1&resize=525%2C300 1.5x, https:\/\/i0.wp.com\/www.freidenker.org\/fw17\/wp-content\/uploads\/2020\/04\/Ostermarsch2020_800x446.jpg?fit=800%2C446&ssl=1&resize=700%2C400 2x"},"classes":[]},{"id":18944,"url":"https:\/\/www.freidenker.org\/?p=18944","url_meta":{"origin":9189,"position":5},"title":"Vor 79 Jahren: Tag der Begegnung in Torgau","author":"Webredaktion","date":"8. Mai 2024","format":false,"excerpt":"Rede von Kaus Hartmann und Bildergalerie Das Zusammentreffen von Soldaten der Roten Armee und US-Soldaten an der Elbe am 25. April 1945 wurde auch 2024 wieder gefeiert: Offiziell von der Stadt und zwei Tage sp\u00e4ter am 27. April 2024 mit einer Demonstration und verschiedenen Kundgebungen. [...] Zu der Demonstration der\u2026","rel":"","context":"In &quot;Frieden - Antifaschismus - Solidarit\u00e4t&quot;","block_context":{"text":"Frieden - Antifaschismus - Solidarit\u00e4t","link":"https:\/\/www.freidenker.org\/?cat=13"},"img":{"alt_text":"","src":"https:\/\/i0.wp.com\/www.freidenker.org\/fw17\/wp-content\/uploads\/2024\/05\/torgau_2024_hartmann_rede_800x450.jpg?fit=800%2C450&ssl=1&resize=350%2C200","width":350,"height":200,"srcset":"https:\/\/i0.wp.com\/www.freidenker.org\/fw17\/wp-content\/uploads\/2024\/05\/torgau_2024_hartmann_rede_800x450.jpg?fit=800%2C450&ssl=1&resize=350%2C200 1x, https:\/\/i0.wp.com\/www.freidenker.org\/fw17\/wp-content\/uploads\/2024\/05\/torgau_2024_hartmann_rede_800x450.jpg?fit=800%2C450&ssl=1&resize=525%2C300 1.5x, https:\/\/i0.wp.com\/www.freidenker.org\/fw17\/wp-content\/uploads\/2024\/05\/torgau_2024_hartmann_rede_800x450.jpg?fit=800%2C450&ssl=1&resize=700%2C400 2x"},"classes":[]}],"_links":{"self":[{"href":"https:\/\/www.freidenker.org\/index.php?rest_route=\/wp\/v2\/posts\/9189","targetHints":{"allow":["GET"]}}],"collection":[{"href":"https:\/\/www.freidenker.org\/index.php?rest_route=\/wp\/v2\/posts"}],"about":[{"href":"https:\/\/www.freidenker.org\/index.php?rest_route=\/wp\/v2\/types\/post"}],"author":[{"embeddable":true,"href":"https:\/\/www.freidenker.org\/index.php?rest_route=\/wp\/v2\/users\/3"}],"replies":[{"embeddable":true,"href":"https:\/\/www.freidenker.org\/index.php?rest_route=%2Fwp%2Fv2%2Fcomments&post=9189"}],"version-history":[{"count":0,"href":"https:\/\/www.freidenker.org\/index.php?rest_route=\/wp\/v2\/posts\/9189\/revisions"}],"wp:featuredmedia":[{"embeddable":true,"href":"https:\/\/www.freidenker.org\/index.php?rest_route=\/wp\/v2\/media\/9191"}],"wp:attachment":[{"href":"https:\/\/www.freidenker.org\/index.php?rest_route=%2Fwp%2Fv2%2Fmedia&parent=9189"}],"wp:term":[{"taxonomy":"category","embeddable":true,"href":"https:\/\/www.freidenker.org\/index.php?rest_route=%2Fwp%2Fv2%2Fcategories&post=9189"},{"taxonomy":"post_tag","embeddable":true,"href":"https:\/\/www.freidenker.org\/index.php?rest_route=%2Fwp%2Fv2%2Ftags&post=9189"}],"curies":[{"name":"wp","href":"https:\/\/api.w.org\/{rel}","templated":true}]}}