{"id":9101,"date":"2020-12-30T13:17:39","date_gmt":"2020-12-30T12:17:39","guid":{"rendered":"https:\/\/www.freidenker.org\/?p=9101"},"modified":"2021-12-27T02:25:44","modified_gmt":"2021-12-27T01:25:44","slug":"freidenker-4-20-die-gedanken-sind-frei","status":"publish","type":"post","link":"https:\/\/www.freidenker.org\/?p=9101","title":{"rendered":"FREIDENKER 4-20 \u2013 Die Gedanken sind frei?"},"content":{"rendered":"<p>FREIDENKER Nr. 4-20 , Dezember 2020, 79. Jahrgang<\/p>\n<h5 class=\"entry-title\">Die Gedanken sind frei?<\/h5>\n<p><span style=\"font-size: 14pt;\">Bewusstseinsformierung &#8211; Wahrheitsagenturen &#8211; Gedankenkontrolle<\/span><\/p>\n<p>Inhalt:<\/p>\n<p><strong>Editorial<\/strong><\/p>\n<p><strong>Thema<\/strong><\/p>\n<ul>\n<li>Klaus Hartmann<br \/>\nPolitisch korrekt NATO-kompatibel<\/li>\n<li>Stefania Maurizi<br \/>\n<a href=\"https:\/\/www.freidenker.org\/?p=9107\">Julian Assange: ein unglaubliches Versagen des Journalismus<\/a><br \/>\n( <img data-recalc-dims=\"1\" loading=\"lazy\" decoding=\"async\" data-attachment-id=\"1072\" data-permalink=\"https:\/\/www.freidenker.org\/?attachment_id=1072\" data-orig-file=\"https:\/\/i0.wp.com\/www.freidenker.org\/fw17\/wp-content\/uploads\/2017\/10\/pdf_icon-e1509487447542.png?fit=16%2C16&amp;ssl=1\" data-orig-size=\"16,16\" data-comments-opened=\"0\" data-image-meta=\"{&quot;aperture&quot;:&quot;0&quot;,&quot;credit&quot;:&quot;&quot;,&quot;camera&quot;:&quot;&quot;,&quot;caption&quot;:&quot;&quot;,&quot;created_timestamp&quot;:&quot;0&quot;,&quot;copyright&quot;:&quot;&quot;,&quot;focal_length&quot;:&quot;0&quot;,&quot;iso&quot;:&quot;0&quot;,&quot;shutter_speed&quot;:&quot;0&quot;,&quot;title&quot;:&quot;&quot;,&quot;orientation&quot;:&quot;0&quot;}\" data-image-title=\"pdf_icon_16\" data-image-description=\"\" data-image-caption=\"\" data-large-file=\"https:\/\/i0.wp.com\/www.freidenker.org\/fw17\/wp-content\/uploads\/2017\/10\/pdf_icon-e1509487447542.png?fit=16%2C16&amp;ssl=1\" class=\"alignnone size-full wp-image-1072\" src=\"https:\/\/i0.wp.com\/www.freidenker.org\/fw17\/wp-content\/uploads\/2017\/10\/pdf_icon-e1509487447542.png?resize=16%2C16&#038;ssl=1\" alt=\"\" width=\"16\" height=\"16\" \/> <a href=\"https:\/\/www.freidenker.org\/fw17\/wp-content\/uploads\/2020\/12\/Freidenker_2020-04_Maurizi-AssangeVersagenDesJournalismus.pdf\" target=\"_blank\" rel=\"noopener\">PDF-Dokument<\/a>, ca. 563 KB)<\/li>\n<li>Hermann Ploppa<br \/>\n<a href=\"https:\/\/www.freidenker.org\/?p=9109\">Wikipedia als Kammerton A des transatlantischen Wahrheitsministeriums<\/a><br \/>\n( <img data-recalc-dims=\"1\" loading=\"lazy\" decoding=\"async\" data-attachment-id=\"1072\" data-permalink=\"https:\/\/www.freidenker.org\/?attachment_id=1072\" data-orig-file=\"https:\/\/i0.wp.com\/www.freidenker.org\/fw17\/wp-content\/uploads\/2017\/10\/pdf_icon-e1509487447542.png?fit=16%2C16&amp;ssl=1\" data-orig-size=\"16,16\" data-comments-opened=\"0\" data-image-meta=\"{&quot;aperture&quot;:&quot;0&quot;,&quot;credit&quot;:&quot;&quot;,&quot;camera&quot;:&quot;&quot;,&quot;caption&quot;:&quot;&quot;,&quot;created_timestamp&quot;:&quot;0&quot;,&quot;copyright&quot;:&quot;&quot;,&quot;focal_length&quot;:&quot;0&quot;,&quot;iso&quot;:&quot;0&quot;,&quot;shutter_speed&quot;:&quot;0&quot;,&quot;title&quot;:&quot;&quot;,&quot;orientation&quot;:&quot;0&quot;}\" data-image-title=\"pdf_icon_16\" data-image-description=\"\" data-image-caption=\"\" data-large-file=\"https:\/\/i0.wp.com\/www.freidenker.org\/fw17\/wp-content\/uploads\/2017\/10\/pdf_icon-e1509487447542.png?fit=16%2C16&amp;ssl=1\" class=\"alignnone size-full wp-image-1072\" src=\"https:\/\/i0.wp.com\/www.freidenker.org\/fw17\/wp-content\/uploads\/2017\/10\/pdf_icon-e1509487447542.png?resize=16%2C16&#038;ssl=1\" alt=\"\" width=\"16\" height=\"16\" \/> <a href=\"https:\/\/www.freidenker.org\/fw17\/wp-content\/uploads\/2020\/12\/Freidenker_2020-04_Ploppa-WikipediaAlsKammertonA.pdf\" target=\"_blank\" rel=\"noopener\">PDF-Dokument<\/a>, ca. 365 KB)<\/li>\n<li>Dokumentation von Markus Fiedler und Frank Michael Speer:<br \/>\nDie dunkle Seite der Wikipedia<\/li>\n<li>Corona: Medien-Realit\u00e4t und Verfassung<\/li>\n<li>Friedhelm Klinkhammer und Volker Br\u00e4utigam<br \/>\nDie Tagesschau ver\u00fcbt h\u00e4usliche Gewalt<\/li>\n<li>\u201eErlanger Erkl\u00e4rung\u201c<br \/>\nF\u00fcr einen Publikumsrat: Partizipative Strukturen f\u00fcr eine moderne Gesellschaft!<\/li>\n<\/ul>\n<p><strong>Meldungen, Meinungen<\/strong><\/p>\n<ul>\n<li>M\u00e4nne Gr\u00fc\u00df<br \/>\n<a href=\"https:\/\/www.freidenker.org\/?p=8975\">Grundrechte im Ausnahmezustand<\/a><\/li>\n<\/ul>\n<p><strong>Chronik<\/strong><\/p>\n<ul>\n<li>Tagung des Verbandvorstandes<\/li>\n<li>Hinweise zur Datenverarbeitung im Deutschen Freidenker-Verband<\/li>\n<li><a href=\"https:\/\/www.freidenker.org\/?p=8839\">K\u00f6lner Karlspreis f\u00fcr Sabiene Jahn und Julian Assange<\/a><\/li>\n<li>Abgesang auf die EU<\/li>\n<li>1. November: Versp\u00e4tete Jugendfeier 2020 in Hessen<\/li>\n<li><a href=\"https:\/\/www.freidenker.org\/?p=8658\">Konzert mit Gina Pietsch<\/a><\/li>\n<li><a href=\"https:\/\/www.freidenker.org\/?p=8772\">Roland-Vogt-Friedenspreis<\/a><\/li>\n<li>Wir trauern um Prof. Dr. Aldo Bernardini<\/li>\n<\/ul>\n<p><strong>B\u00fccher f\u00fcr Freidenker<\/strong><\/p>\n<ul>\n<li>Thomas R\u00f6per:<br \/>\nSpieglein, Spieglein in der Hand: wer l\u00fcgt am meisten im ganzen Land?<\/li>\n<li>Edlinger, Fritz \/ Baraki, Matin (Hg.):<br \/>\nKrise am Golf. Hintergr\u00fcnde, Analysen, Berichte<\/li>\n<li>H\u00f6rz, Helga E. \/ H\u00f6rz, Herbert:<br \/>\nFrieden \u2013 Geschenk oder Aufgabe? Erfahrungen, Analysen, Aktionen.<\/li>\n<\/ul>\n<p><img data-recalc-dims=\"1\" loading=\"lazy\" decoding=\"async\" data-attachment-id=\"9102\" data-permalink=\"https:\/\/www.freidenker.org\/?attachment_id=9102\" data-orig-file=\"https:\/\/i0.wp.com\/www.freidenker.org\/fw17\/wp-content\/uploads\/2020\/12\/fd_2020-04_640px.jpg?fit=455%2C642&amp;ssl=1\" data-orig-size=\"455,642\" data-comments-opened=\"0\" data-image-meta=\"{&quot;aperture&quot;:&quot;0&quot;,&quot;credit&quot;:&quot;&quot;,&quot;camera&quot;:&quot;&quot;,&quot;caption&quot;:&quot;&quot;,&quot;created_timestamp&quot;:&quot;0&quot;,&quot;copyright&quot;:&quot;&quot;,&quot;focal_length&quot;:&quot;0&quot;,&quot;iso&quot;:&quot;0&quot;,&quot;shutter_speed&quot;:&quot;0&quot;,&quot;title&quot;:&quot;&quot;,&quot;orientation&quot;:&quot;1&quot;}\" data-image-title=\"fd_2020-04_640px\" data-image-description=\"\" data-image-caption=\"\" data-large-file=\"https:\/\/i0.wp.com\/www.freidenker.org\/fw17\/wp-content\/uploads\/2020\/12\/fd_2020-04_640px.jpg?fit=455%2C642&amp;ssl=1\" class=\"alignnone wp-image-9102 size-full\" src=\"https:\/\/i0.wp.com\/www.freidenker.org\/fw17\/wp-content\/uploads\/2020\/12\/fd_2020-04_640px.jpg?resize=455%2C642&#038;ssl=1\" alt=\"\" width=\"455\" height=\"642\" srcset=\"https:\/\/i0.wp.com\/www.freidenker.org\/fw17\/wp-content\/uploads\/2020\/12\/fd_2020-04_640px.jpg?w=455&amp;ssl=1 455w, https:\/\/i0.wp.com\/www.freidenker.org\/fw17\/wp-content\/uploads\/2020\/12\/fd_2020-04_640px.jpg?resize=213%2C300&amp;ssl=1 213w\" sizes=\"auto, (max-width: 455px) 100vw, 455px\" \/><\/p>\n<hr \/>\n<p><strong>Online-Ausgabe:<\/strong><\/p>\n<p>Das Heft kann hier als PDF-Dokument angesehen und heruntergeladen werden:<\/p>\n<p><img data-recalc-dims=\"1\" loading=\"lazy\" decoding=\"async\" data-attachment-id=\"1076\" data-permalink=\"https:\/\/www.freidenker.org\/?attachment_id=1076\" data-orig-file=\"https:\/\/i0.wp.com\/www.freidenker.org\/fw17\/wp-content\/uploads\/2017\/10\/pdf_icon-2.png?fit=32%2C32&amp;ssl=1\" data-orig-size=\"32,32\" data-comments-opened=\"0\" data-image-meta=\"{&quot;aperture&quot;:&quot;0&quot;,&quot;credit&quot;:&quot;&quot;,&quot;camera&quot;:&quot;&quot;,&quot;caption&quot;:&quot;&quot;,&quot;created_timestamp&quot;:&quot;0&quot;,&quot;copyright&quot;:&quot;&quot;,&quot;focal_length&quot;:&quot;0&quot;,&quot;iso&quot;:&quot;0&quot;,&quot;shutter_speed&quot;:&quot;0&quot;,&quot;title&quot;:&quot;&quot;,&quot;orientation&quot;:&quot;0&quot;}\" data-image-title=\"pdf_icon\" data-image-description=\"\" data-image-caption=\"\" data-large-file=\"https:\/\/i0.wp.com\/www.freidenker.org\/fw17\/wp-content\/uploads\/2017\/10\/pdf_icon-2.png?fit=32%2C32&amp;ssl=1\" class=\"alignnone size-full wp-image-1076\" src=\"https:\/\/i0.wp.com\/www.freidenker.org\/fw17\/wp-content\/uploads\/2017\/10\/pdf_icon-2.png?resize=32%2C32&#038;ssl=1\" alt=\"\" width=\"32\" height=\"32\" \/> <a href=\"https:\/\/www.freidenker.org\/fw17\/wp-content\/uploads\/2021\/12\/Freidenker_2020-04_online.pdf\" target=\"_blank\" rel=\"noopener\">Verbandsorgan FREIDENKER 4-20 im PDF-Format<\/a> (ca. 3,1 MB)<\/p>\n<p>Zum <a href=\"https:\/\/www.freidenker.org\/?page_id=1682\">\u00dcberblick \u00fcber alle Online-Ausgaben<\/a><\/p>\n","protected":false},"excerpt":{"rendered":"<p><b>Die Ausgabe 4-20 des Verbandsorgans FREIDENKER hat das Schwerpunkt-Thema \u201eDie Gedanken sind frei?\u201c und enth\u00e4lt u.a. folgende Beitr\u00e4ge:<\/b><br \/>\n&#8211; Klaus Hartmann: Politisch korrekt NATO-kompatibel<br \/>\n&#8211; Stefania Maurizi: Julian Assange: ein unglaubliches Versagen des Journalismus<br \/>\n&#8211; Hermann Ploppa: Wikipedia als Kammerton A des transatlantischen Wahrheitsministeriums<br \/>\n&#8211; Dokumentation von Markus Fiedler und Frank Michael Speer: Die dunkle Seite der Wikipedia<br \/>\n&#8211; Corona &#8211; Medien-Realit\u00e4t und Verfassung<br \/>\n&#8211; Friedhelm Klinkhammer und Volker Br\u00e4utigam: Die Tagesschau ver\u00fcbt h\u00e4usliche Gewalt<br \/>\n&#8211; \u201eErlanger Erkl\u00e4rung\u201c &#8211; F\u00fcr einen Publikumsrat: Partizipative Strukturen f\u00fcr eine moderne Gesellschaft!<\/p>\n","protected":false},"author":3,"featured_media":9103,"comment_status":"closed","ping_status":"closed","sticky":false,"template":"","format":"standard","meta":{"colormag_page_container_layout":"default_layout","colormag_page_sidebar_layout":"default_layout","advanced_seo_description":"","jetpack_seo_html_title":"","jetpack_seo_noindex":false,"jetpack_post_was_ever_published":false,"footnotes":""},"categories":[8],"tags":[1137,602,121,395,1257,1126,641,1138,1348],"class_list":["post-9101","post","type-post","status-publish","format-standard","has-post-thumbnail","hentry","category-verbandsorgan-freidenker","tag-assange","tag-fake-news","tag-medien","tag-meinungsfreiheit","tag-pandemie","tag-tagesschau","tag-verschwoerungstheorie","tag-wikileaks","tag-wikipedia"],"jetpack_featured_media_url":"https:\/\/i0.wp.com\/www.freidenker.org\/fw17\/wp-content\/uploads\/2020\/12\/FD_2020-04_Titel_mR.jpg?fit=800%2C445&ssl=1","jetpack_shortlink":"https:\/\/wp.me\/p9stpK-2mN","jetpack-related-posts":[{"id":8263,"url":"https:\/\/www.freidenker.org\/?p=8263","url_meta":{"origin":9101,"position":0},"title":"FREIDENKER 2-20 EXTRA \u2013 Ein \u201etiefer Staat\u201c?","author":"Webredaktion","date":"18. Juni 2020","format":false,"excerpt":"Die EXTRA-Ausgabe 2-20 des Verbandsorgans FREIDENKER hat das Schwerpunkt-Thema \u201eKrisen, Kriege & die Machthaber im \"Westen\" \u2013 Ein \"tiefer Staat\"?\u201c und enth\u00e4lt die Redebeitr\u00e4ge der Konferenz des Deutschen Freidenker-Verbandes vom 16. November 2019 in Stuttgart Darin: - Klaus Hartmann: Ein \u201etiefer Staat\u201c \u2013 gibt\u2019s das \u00fcberhaupt? - Ullrich Mies: Wer\u2026","rel":"","context":"In &quot;Demokratie \u2013 Medien \u2013 Aufkl\u00e4rung&quot;","block_context":{"text":"Demokratie \u2013 Medien \u2013 Aufkl\u00e4rung","link":"https:\/\/www.freidenker.org\/?cat=12"},"img":{"alt_text":"","src":"https:\/\/i0.wp.com\/www.freidenker.org\/fw17\/wp-content\/uploads\/2020\/06\/FD_2020-02_Titel_mR.jpg?fit=800%2C445&ssl=1&resize=350%2C200","width":350,"height":200,"srcset":"https:\/\/i0.wp.com\/www.freidenker.org\/fw17\/wp-content\/uploads\/2020\/06\/FD_2020-02_Titel_mR.jpg?fit=800%2C445&ssl=1&resize=350%2C200 1x, https:\/\/i0.wp.com\/www.freidenker.org\/fw17\/wp-content\/uploads\/2020\/06\/FD_2020-02_Titel_mR.jpg?fit=800%2C445&ssl=1&resize=525%2C300 1.5x, https:\/\/i0.wp.com\/www.freidenker.org\/fw17\/wp-content\/uploads\/2020\/06\/FD_2020-02_Titel_mR.jpg?fit=800%2C445&ssl=1&resize=700%2C400 2x"},"classes":[]},{"id":8839,"url":"https:\/\/www.freidenker.org\/?p=8839","url_meta":{"origin":9101,"position":1},"title":"F\u00fcr aufrechten, wahrheitsgem\u00e4\u00dfen Journalismus","author":"Webredaktion","date":"24. Oktober 2020","format":false,"excerpt":"Beitrag der NRhZ-Redaktion sowie Rede von Annette Groth In Kooperation mit Assange-Aktionsgruppen und dem Bundesverband Arbeiterfotografie hat die Neue Rheinische Zeitung (NRhZ) am 16. Oktober 2020 den K\u00f6lner Karlspreis f\u00fcr Engagierte Literatur und Publizistik an die Eventmanagerin und K\u00fcnstlerin Sabiene Jahn und den WikiLeaks-Gr\u00fcnder Julian Assange verliehen. Stellvertretend f\u00fcr den\u2026","rel":"","context":"In &quot;Demokratie \u2013 Medien \u2013 Aufkl\u00e4rung&quot;","block_context":{"text":"Demokratie \u2013 Medien \u2013 Aufkl\u00e4rung","link":"https:\/\/www.freidenker.org\/?cat=12"},"img":{"alt_text":"","src":"https:\/\/i0.wp.com\/www.freidenker.org\/fw17\/wp-content\/uploads\/2020\/10\/karlspreis_2020-10-16-1-40918_800x450.jpg?fit=800%2C450&ssl=1&resize=350%2C200","width":350,"height":200,"srcset":"https:\/\/i0.wp.com\/www.freidenker.org\/fw17\/wp-content\/uploads\/2020\/10\/karlspreis_2020-10-16-1-40918_800x450.jpg?fit=800%2C450&ssl=1&resize=350%2C200 1x, https:\/\/i0.wp.com\/www.freidenker.org\/fw17\/wp-content\/uploads\/2020\/10\/karlspreis_2020-10-16-1-40918_800x450.jpg?fit=800%2C450&ssl=1&resize=525%2C300 1.5x, https:\/\/i0.wp.com\/www.freidenker.org\/fw17\/wp-content\/uploads\/2020\/10\/karlspreis_2020-10-16-1-40918_800x450.jpg?fit=800%2C450&ssl=1&resize=700%2C400 2x"},"classes":[]},{"id":9107,"url":"https:\/\/www.freidenker.org\/?p=9107","url_meta":{"origin":9101,"position":2},"title":"Julian Assange: ein unglaubliches Versagen des Journalismus","author":"Webredaktion","date":"30. Dezember 2020","format":false,"excerpt":"Interview mit Stefania Maurizi aus FREIDENKER 4-20 Ich m\u00f6chte in einer Welt leben, in der man Kriegsverbrechen aufdecken kann, ohne seine Freiheit zu verlieren, wie es bei Julian Assange der Fall ist. Wenn wir solche Gesellschaften nicht aufbauen, wird das niemand f\u00fcr uns tun, wir m\u00fcssen daf\u00fcr k\u00e4mpfen, dass es\u2026","rel":"","context":"In &quot;Demokratie \u2013 Medien \u2013 Aufkl\u00e4rung&quot;","block_context":{"text":"Demokratie \u2013 Medien \u2013 Aufkl\u00e4rung","link":"https:\/\/www.freidenker.org\/?cat=12"},"img":{"alt_text":"","src":"https:\/\/i0.wp.com\/www.freidenker.org\/fw17\/wp-content\/uploads\/2020\/12\/Assange_Wikileaks.jpg?fit=800%2C450&ssl=1&resize=350%2C200","width":350,"height":200,"srcset":"https:\/\/i0.wp.com\/www.freidenker.org\/fw17\/wp-content\/uploads\/2020\/12\/Assange_Wikileaks.jpg?fit=800%2C450&ssl=1&resize=350%2C200 1x, https:\/\/i0.wp.com\/www.freidenker.org\/fw17\/wp-content\/uploads\/2020\/12\/Assange_Wikileaks.jpg?fit=800%2C450&ssl=1&resize=525%2C300 1.5x, https:\/\/i0.wp.com\/www.freidenker.org\/fw17\/wp-content\/uploads\/2020\/12\/Assange_Wikileaks.jpg?fit=800%2C450&ssl=1&resize=700%2C400 2x"},"classes":[]},{"id":7702,"url":"https:\/\/www.freidenker.org\/?p=7702","url_meta":{"origin":9101,"position":3},"title":"Den Prozess gegen Julian Assange sofort abbrechen!","author":"Webredaktion","date":"16. M\u00e4rz 2020","format":false,"excerpt":"Beitrag von Anneliese Fikentscher und Andreas Neumann \u00dcber dem Haupteingang zum Londoner Gef\u00e4ngnis, in dem Wikileaks-Gr\u00fcnder Julian Assange zurzeit unter menschenverachtenden Bedingungen festgehalten wird, ist zu lesen: \"HMP Belmarsh\". Das bedeutet: \"Her Majesty's Prison Belmarsh\" \u2013 \"Das Gef\u00e4ngnis ihrer Majest\u00e4t\" der K\u00f6nigin von England. Und das Gericht, an dem \u00fcber\u2026","rel":"","context":"In &quot;Demokratie \u2013 Medien \u2013 Aufkl\u00e4rung&quot;","block_context":{"text":"Demokratie \u2013 Medien \u2013 Aufkl\u00e4rung","link":"https:\/\/www.freidenker.org\/?cat=12"},"img":{"alt_text":"","src":"https:\/\/i0.wp.com\/www.freidenker.org\/fw17\/wp-content\/uploads\/2020\/03\/belmarsh_2020-02-24_800x445.jpg?fit=800%2C445&ssl=1&resize=350%2C200","width":350,"height":200,"srcset":"https:\/\/i0.wp.com\/www.freidenker.org\/fw17\/wp-content\/uploads\/2020\/03\/belmarsh_2020-02-24_800x445.jpg?fit=800%2C445&ssl=1&resize=350%2C200 1x, https:\/\/i0.wp.com\/www.freidenker.org\/fw17\/wp-content\/uploads\/2020\/03\/belmarsh_2020-02-24_800x445.jpg?fit=800%2C445&ssl=1&resize=525%2C300 1.5x, https:\/\/i0.wp.com\/www.freidenker.org\/fw17\/wp-content\/uploads\/2020\/03\/belmarsh_2020-02-24_800x445.jpg?fit=800%2C445&ssl=1&resize=700%2C400 2x"},"classes":[]},{"id":13793,"url":"https:\/\/www.freidenker.org\/?p=13793","url_meta":{"origin":9101,"position":4},"title":"K\u00e4mpfen wir Julian Assange frei!","author":"Webredaktion","date":"22. Juli 2022","format":false,"excerpt":"Die finale Version auf deutsch Text: Diether Dehm, Musik: Michael Letz Dank Eurer zahlreichen Vorschl\u00e4ge haben wir nun die finale deutsche Version des Songs f\u00fcr Julian Assange fertig bekommen. Diese Version hat auch weiterhin den Refrain zu Beginn jeder Strophe und eine eing\u00e4ngige Melodie, die zur Weiterverbreitung einl\u00e4dt. Julian Assange\u2026","rel":"","context":"In &quot;Demokratie \u2013 Medien \u2013 Aufkl\u00e4rung&quot;","block_context":{"text":"Demokratie \u2013 Medien \u2013 Aufkl\u00e4rung","link":"https:\/\/www.freidenker.org\/?cat=12"},"img":{"alt_text":"","src":"https:\/\/i0.wp.com\/www.freidenker.org\/fw17\/wp-content\/uploads\/2022\/07\/Dehm_Assange_freikaempfen_800x450.jpg?fit=800%2C450&ssl=1&resize=350%2C200","width":350,"height":200,"srcset":"https:\/\/i0.wp.com\/www.freidenker.org\/fw17\/wp-content\/uploads\/2022\/07\/Dehm_Assange_freikaempfen_800x450.jpg?fit=800%2C450&ssl=1&resize=350%2C200 1x, https:\/\/i0.wp.com\/www.freidenker.org\/fw17\/wp-content\/uploads\/2022\/07\/Dehm_Assange_freikaempfen_800x450.jpg?fit=800%2C450&ssl=1&resize=525%2C300 1.5x, https:\/\/i0.wp.com\/www.freidenker.org\/fw17\/wp-content\/uploads\/2022\/07\/Dehm_Assange_freikaempfen_800x450.jpg?fit=800%2C450&ssl=1&resize=700%2C400 2x"},"classes":[]},{"id":9452,"url":"https:\/\/www.freidenker.org\/?p=9452","url_meta":{"origin":9101,"position":5},"title":"Der beschr\u00e4nkte Debattenraum","author":"Webredaktion","date":"31. Januar 2021","format":false,"excerpt":"Amnesty International und der Fall Julian Assange - Beitrag von Ansgar Schneider und Thespina Lazaridu. Am 26. November 2020 richteten sich 152 Erstunterzeichner eines Offenen Briefes, darunter zahlreiche Freidenker und die Autoren dieses Beitrages sowie auch der Herausgeber und Autoren der NachDenkSeiten, an Amnesty International Deutschland (AID). Darin wurde AID\u2026","rel":"","context":"In &quot;Frieden - Antifaschismus - Solidarit\u00e4t&quot;","block_context":{"text":"Frieden - Antifaschismus - Solidarit\u00e4t","link":"https:\/\/www.freidenker.org\/?cat=13"},"img":{"alt_text":"","src":"https:\/\/i0.wp.com\/www.freidenker.org\/fw17\/wp-content\/uploads\/2021\/01\/amnesty_assange_800x450.jpg?fit=800%2C450&ssl=1&resize=350%2C200","width":350,"height":200,"srcset":"https:\/\/i0.wp.com\/www.freidenker.org\/fw17\/wp-content\/uploads\/2021\/01\/amnesty_assange_800x450.jpg?fit=800%2C450&ssl=1&resize=350%2C200 1x, https:\/\/i0.wp.com\/www.freidenker.org\/fw17\/wp-content\/uploads\/2021\/01\/amnesty_assange_800x450.jpg?fit=800%2C450&ssl=1&resize=525%2C300 1.5x, https:\/\/i0.wp.com\/www.freidenker.org\/fw17\/wp-content\/uploads\/2021\/01\/amnesty_assange_800x450.jpg?fit=800%2C450&ssl=1&resize=700%2C400 2x"},"classes":[]}],"_links":{"self":[{"href":"https:\/\/www.freidenker.org\/index.php?rest_route=\/wp\/v2\/posts\/9101","targetHints":{"allow":["GET"]}}],"collection":[{"href":"https:\/\/www.freidenker.org\/index.php?rest_route=\/wp\/v2\/posts"}],"about":[{"href":"https:\/\/www.freidenker.org\/index.php?rest_route=\/wp\/v2\/types\/post"}],"author":[{"embeddable":true,"href":"https:\/\/www.freidenker.org\/index.php?rest_route=\/wp\/v2\/users\/3"}],"replies":[{"embeddable":true,"href":"https:\/\/www.freidenker.org\/index.php?rest_route=%2Fwp%2Fv2%2Fcomments&post=9101"}],"version-history":[{"count":0,"href":"https:\/\/www.freidenker.org\/index.php?rest_route=\/wp\/v2\/posts\/9101\/revisions"}],"wp:featuredmedia":[{"embeddable":true,"href":"https:\/\/www.freidenker.org\/index.php?rest_route=\/wp\/v2\/media\/9103"}],"wp:attachment":[{"href":"https:\/\/www.freidenker.org\/index.php?rest_route=%2Fwp%2Fv2%2Fmedia&parent=9101"}],"wp:term":[{"taxonomy":"category","embeddable":true,"href":"https:\/\/www.freidenker.org\/index.php?rest_route=%2Fwp%2Fv2%2Fcategories&post=9101"},{"taxonomy":"post_tag","embeddable":true,"href":"https:\/\/www.freidenker.org\/index.php?rest_route=%2Fwp%2Fv2%2Ftags&post=9101"}],"curies":[{"name":"wp","href":"https:\/\/api.w.org\/{rel}","templated":true}]}}