{"id":9095,"date":"2020-12-25T14:40:23","date_gmt":"2020-12-25T13:40:23","guid":{"rendered":"https:\/\/www.freidenker.org\/?p=9095"},"modified":"2021-01-11T21:12:14","modified_gmt":"2021-01-11T20:12:14","slug":"saekulare-weihnacht-aufklaerung-bringt-hoffnung-und-licht-in-dunkler-zeit","status":"publish","type":"post","link":"https:\/\/www.freidenker.org\/?p=9095","title":{"rendered":"S\u00e4kulare Weihnacht: Aufkl\u00e4rung bringt Hoffnung und Licht in dunkler Zeit"},"content":{"rendered":"<h5>Stellungnahme des Koordinierungsrats s\u00e4kularer Organisationen KORSO e.V.<\/h5>\n<p>Das bevorstehende Weihnachtsfest soll in besonderer Weise eine Zeit der Ruhe und Besinnung, der Familie und der Mitmenschlichkeit werden. Weihnachten wird jedoch von Politik und Medien noch immer fast ausschlie\u00dflich als christliches Fest dargestellt. Die dahinterstehende verengte Sichtweise ist historisch angreifbar, kulturell einseitig und gesellschaftspolitisch verfehlt.<\/p>\n<p>Der Koordinierungsrat s\u00e4kularer Organisationen stellt fest:<\/p>\n<ul>\n<li><strong>Der nat\u00fcrliche Anlass des Weihnachtsfestes ist die Wintersonnenwende.<\/strong> Wenn die Tage wieder l\u00e4nger werden, stellt dies einen Kraftquell f\u00fcr alle dar. Die Weihnachtsgeschichte dagegen ist eine Legende f\u00fcr Gl\u00e4ubige. Die Geburt Jesu wurde erst in der Sp\u00e4tantike auf Feiertermine des Sonnengottes bzw. des Mithraskultes gelegt und hat nach historisch-kritischen Erkenntnissen nicht in Bethlehem stattgefunden. Das s\u00e4kulare Menschenbild der Aufkl\u00e4rung kennt neben dem Verstand durchaus auch das Gef\u00fchl, neben dem Sachlichen auch das Poetische, neben dem Verst\u00e4ndnis der Fakten auch die Freude an der Fiktion. Es bleibt jedoch stets darauf zu achten, beides nicht zu verwechseln.<\/li>\n<\/ul>\n<ul>\n<li>Zentrale Elemente der Ausgestaltung dieser Festzeit wie etwa der Genuss von Lebkuchen und Pl\u00e4tzchen oder der geschm\u00fcckte Tannenbaum sind keineswegs christlichen Ursprungs, sondern entspringen nat\u00fcrlichen Bed\u00fcrfnissen der Menschen in der Winterzeit auf der Nordhalbkugel. Naturverbundenheit durch immergr\u00fcne Zweige, Kr\u00e4nze und B\u00e4ume im Wohnbereich, W\u00e4rme und Helligkeit durch Kerzen und Leuchtschmuck, Zeit f\u00fcr Familie und Freunde, Besinnung, Verbundenheit und Liebe sind s\u00e4kulare Feiermotive. <strong>Eine einseitig christliche Vereinnahmung des Weihnachtsfestes ist daher abzulehnen.<\/strong><\/li>\n<\/ul>\n<ul>\n<li>Generell ist daran zu erinnern, dass <strong>menschliches Feierbed\u00fcrfnis und symbolische Feierkultur nicht von Religionsstiftern erfunden wurden und nicht von Religionsvertretern gepachtet werden k\u00f6nnen<\/strong>. Der Geist der Aufkl\u00e4rung gebietet vielmehr den Respekt vor einer bewussten Innerlichkeit, die keiner religi\u00f6sen Au\u00dfenprojektion bedarf.<\/li>\n<\/ul>\n<ul>\n<li><strong>Weihnachten ist von jeher das Fest des Friedens. Es verweist somit auf die humanistischen Ideale der Verst\u00e4ndigung und Gemeinschaft zwischen allen Menschen. <\/strong>Dieses Ideal durchbricht starre Gruppenidentit\u00e4ten und steht \u00fcber den partikularen Interessen einzelner Glaubensgemeinschaften. Weihnachten ist grenz\u00fcberschreitend und menschheitsverbindend. Der Weihnachtsfriede weitet den kulturellen Horizont hin zur planetaren Schicksalsgemeinschaft und zur internationalen Solidarit\u00e4t.<\/li>\n<\/ul>\n<ul>\n<li><strong>In einer aufgekl\u00e4rten, s\u00e4kularen Gesellschaft k\u00f6nnen die inneren Ursachen menschlicher Hoffnung nicht mehr religi\u00f6s vereinnahmt werden. <\/strong>Die Alternative zu Konsumrausch und Gef\u00fchlsverflachung liegt keineswegs allein in der Versenkung in eine musikalisch umrahmte Legende. Ein Gro\u00dfteil der heutigen Menschen wartet nicht auf das Jesuskind, sondern auf Probleml\u00f6sungen. Sonderregelungen f\u00fcr Gottesdienste in Pandemiezeiten sind daher abzulehnen.<\/li>\n<\/ul>\n<p><a href=\"https:\/\/i0.wp.com\/www.korso-deutschland.de\/media\/2020\/12\/korso-post_600px_2020-12-20_weihnachten.jpg?ssl=1\"><img data-recalc-dims=\"1\" loading=\"lazy\" decoding=\"async\" class=\"size-medium wp-image-2293 alignnone\" src=\"https:\/\/i0.wp.com\/www.korso-deutschland.de\/media\/2020\/12\/korso-post_600px_2020-12-20_weihnachten-300x300.jpg?resize=300%2C300&#038;ssl=1\" sizes=\"auto, (max-width: 300px) 100vw, 300px\" srcset=\"https:\/\/www.korso-deutschland.de\/media\/2020\/12\/korso-post_600px_2020-12-20_weihnachten-300x300.jpg 300w, https:\/\/www.korso-deutschland.de\/media\/2020\/12\/korso-post_600px_2020-12-20_weihnachten-150x150.jpg 150w, https:\/\/www.korso-deutschland.de\/media\/2020\/12\/korso-post_600px_2020-12-20_weihnachten.jpg 600w\" alt=\"\" width=\"300\" height=\"300\" \/><\/a><\/p>\n<p><span style=\"font-size: 10pt;\">Quelle der Erstver\u00f6ffentlichung am 20.12.2020: <a href=\"https:\/\/www.korso-deutschland.de\/saekulare-weihnacht\/\" target=\"_blank\" rel=\"noopener\">https:\/\/www.korso-deutschland.de\/saekulare-weihnacht\/<\/a><\/span><\/p>\n<hr \/>\n<p><span style=\"font-size: 10pt;\">Bild oben: <a href=\"https:\/\/pixabay.com\/de\/photos\/engel-figurine-schmuck-engelsfigur-564351\/\" target=\"_blank\" rel=\"noopener\">pixabay.com<\/a> \/ <a class=\"hover_opacity\" href=\"https:\/\/pixabay.com\/de\/users\/cegoh-94852\/\">cegoh<\/a> \/ <a href=\"https:\/\/pixabay.com\/de\/service\/license\/\">Pixabay License<\/a><br \/>\n<\/span><\/p>\n","protected":false},"excerpt":{"rendered":"<p><b>Stellungnahme des Koordinierungsrats s\u00e4kularer Organisationen KORSO e.V.<\/b><br \/>\nDas bevorstehende Weihnachtsfest soll in besonderer Weise eine Zeit der Ruhe und Besinnung, der Familie und der Mitmenschlichkeit werden. Weihnachten wird jedoch von Politik und Medien noch immer fast ausschlie\u00dflich als christliches Fest dargestellt. Die dahinterstehende verengte Sichtweise ist historisch angreifbar, kulturell einseitig und gesellschaftspolitisch verfehlt. &#8230; Ein Gro\u00dfteil der heutigen Menschen wartet nicht auf das Jesuskind, sondern auf Probleml\u00f6sungen. Sonderregelungen f\u00fcr Gottesdienste in Pandemiezeiten sind daher abzulehnen.<\/p>\n","protected":false},"author":3,"featured_media":9097,"comment_status":"closed","ping_status":"closed","sticky":false,"template":"","format":"standard","meta":{"colormag_page_container_layout":"default_layout","colormag_page_sidebar_layout":"default_layout","advanced_seo_description":"","jetpack_seo_html_title":"","jetpack_seo_noindex":false,"jetpack_post_was_ever_published":false,"footnotes":""},"categories":[15],"tags":[211,1347,371,1125,838,1346],"class_list":["post-9095","post","type-post","status-publish","format-standard","has-post-thumbnail","hentry","category-religions-kirchenkritik","tag-aufklaerung","tag-fest-und-feierkultur","tag-religion","tag-saekularitaet-des-staates","tag-weihnachten","tag-wintersonnenwende"],"jetpack_featured_media_url":"https:\/\/i0.wp.com\/www.freidenker.org\/fw17\/wp-content\/uploads\/2020\/12\/angel-564351_800x450.jpg?fit=800%2C450&ssl=1","jetpack_shortlink":"https:\/\/wp.me\/p9stpK-2mH","jetpack-related-posts":[{"id":4517,"url":"https:\/\/www.freidenker.org\/?p=4517","url_meta":{"origin":9095,"position":0},"title":"Selbstdarstellung des KORSO","author":"Webredaktion","date":"20. Dezember 2016","format":false,"excerpt":"Der Koordinierungsrat s\u00e4kularer Organisationen (KORSO) hat eine Selbstdarstellungsbrosch\u00fcre herausgegeben. Neben einem \u00dcberblick \u00fcber die Ziele und Forderungen des KORSO sind darin Kurzportraits aller Mitgliedsorganisationen enthalten. Aus dem Vorwort: Die Ziele und Strategien der s\u00e4kularen Organisationen sind keineswegs identisch. Sie sind zudem unterschiedlich alt, unterschiedlich gro\u00df, regional unterschiedlich entwickelt und in\u2026","rel":"","context":"In &quot;Publikationen f\u00fcr Freidenker&quot;","block_context":{"text":"Publikationen f\u00fcr Freidenker","link":"https:\/\/www.freidenker.org\/?cat=6"},"img":{"alt_text":"","src":"https:\/\/i0.wp.com\/www.freidenker.org\/fw17\/wp-content\/uploads\/2016\/12\/korso-broschuere_v5.jpg?fit=800%2C445&ssl=1&resize=350%2C200","width":350,"height":200,"srcset":"https:\/\/i0.wp.com\/www.freidenker.org\/fw17\/wp-content\/uploads\/2016\/12\/korso-broschuere_v5.jpg?fit=800%2C445&ssl=1&resize=350%2C200 1x, https:\/\/i0.wp.com\/www.freidenker.org\/fw17\/wp-content\/uploads\/2016\/12\/korso-broschuere_v5.jpg?fit=800%2C445&ssl=1&resize=525%2C300 1.5x, https:\/\/i0.wp.com\/www.freidenker.org\/fw17\/wp-content\/uploads\/2016\/12\/korso-broschuere_v5.jpg?fit=800%2C445&ssl=1&resize=700%2C400 2x"},"classes":[]},{"id":9426,"url":"https:\/\/www.freidenker.org\/?p=9426","url_meta":{"origin":9095,"position":1},"title":"S\u00e4kulare Verst\u00e4ndigung zur Suizidhilfe","author":"Webredaktion","date":"29. Januar 2021","format":false,"excerpt":"Wortmeldung des Koordinierungsrates S\u00e4kularer Organisationen (KORSO) Nachdem das Bundesverfassungsgericht das umstrittene Gesetz \u00a7217 StGB im Februar 2020 gekippt hatte, kamen am vergangenen Freitag auf Einladung des KORSO 15 Vertreterinnen und Vertreter unterschiedlicher Organisationen aus dem s\u00e4kularen Spektrum per Videokonferenz zu einem Expertengespr\u00e4ch zusammen ... um \u00fcber s\u00e4kulare Positionen zur Suizidhilfe\u2026","rel":"","context":"In &quot;Arbeit &amp; Soziales&quot;","block_context":{"text":"Arbeit &amp; Soziales","link":"https:\/\/www.freidenker.org\/?cat=11"},"img":{"alt_text":"","src":"https:\/\/i0.wp.com\/www.freidenker.org\/fw17\/wp-content\/uploads\/2021\/01\/hospice-1821429_800x450.jpg?fit=800%2C450&ssl=1&resize=350%2C200","width":350,"height":200,"srcset":"https:\/\/i0.wp.com\/www.freidenker.org\/fw17\/wp-content\/uploads\/2021\/01\/hospice-1821429_800x450.jpg?fit=800%2C450&ssl=1&resize=350%2C200 1x, https:\/\/i0.wp.com\/www.freidenker.org\/fw17\/wp-content\/uploads\/2021\/01\/hospice-1821429_800x450.jpg?fit=800%2C450&ssl=1&resize=525%2C300 1.5x, https:\/\/i0.wp.com\/www.freidenker.org\/fw17\/wp-content\/uploads\/2021\/01\/hospice-1821429_800x450.jpg?fit=800%2C450&ssl=1&resize=700%2C400 2x"},"classes":[]},{"id":6187,"url":"https:\/\/www.freidenker.org\/?p=6187","url_meta":{"origin":9095,"position":2},"title":"KORSO-Resolution zur Abl\u00f6sung der historischen Staatsleistungen an die Kirchen","author":"Webredaktion","date":"13. April 2019","format":false,"excerpt":"Vor 100 Jahren trat die Weimarer Reichsverfassung in Kraft, vor 70 Jahren das Grundgesetz der Bundesrepublik Deutschland. Anl\u00e4sslich dieses doppelten Verfassungsjubil\u00e4ums im Jahr 2019 stellt der Koordinierungsrat s\u00e4kularer Organisationen (KORSO e.V.) fest: Die Grundidee einer Entflechtung staatlicher und kirchlicher T\u00e4tigkeit war ein bedeutender zivilisatorischer Durchbruch im 20. Jahrhundert. Die durch\u2026","rel":"","context":"In &quot;Religions- &amp; Kirchenkritik, S\u00e4kulare Szene&quot;","block_context":{"text":"Religions- &amp; Kirchenkritik, S\u00e4kulare Szene","link":"https:\/\/www.freidenker.org\/?cat=15"},"img":{"alt_text":"","src":"https:\/\/i0.wp.com\/www.freidenker.org\/fw17\/wp-content\/uploads\/2019\/04\/korso-rv_2019-03-30_vorstand_800x445.jpg?fit=800%2C445&ssl=1&resize=350%2C200","width":350,"height":200,"srcset":"https:\/\/i0.wp.com\/www.freidenker.org\/fw17\/wp-content\/uploads\/2019\/04\/korso-rv_2019-03-30_vorstand_800x445.jpg?fit=800%2C445&ssl=1&resize=350%2C200 1x, https:\/\/i0.wp.com\/www.freidenker.org\/fw17\/wp-content\/uploads\/2019\/04\/korso-rv_2019-03-30_vorstand_800x445.jpg?fit=800%2C445&ssl=1&resize=525%2C300 1.5x, https:\/\/i0.wp.com\/www.freidenker.org\/fw17\/wp-content\/uploads\/2019\/04\/korso-rv_2019-03-30_vorstand_800x445.jpg?fit=800%2C445&ssl=1&resize=700%2C400 2x"},"classes":[]},{"id":9623,"url":"https:\/\/www.freidenker.org\/?p=9623","url_meta":{"origin":9095,"position":3},"title":"S\u00e4kulare Verst\u00e4ndigung zur Forderung nach Abl\u00f6sung der altrechtlichen Staatsleistungen","author":"Webredaktion","date":"24. Februar 2021","format":false,"excerpt":"Wortmeldung des Koordinierungsrates s\u00e4kularer Organisationen KORSO e.V. Am vergangenen Freitag, 19. Februar, fanden sich auf Einladung des KORSO 16 Vertreterinnen und Vertreter unterschiedlicher Organisationen aus dem s\u00e4kularen Spektrum per Videokonferenz zu einem Expertengespr\u00e4ch zusammen. Thema waren die so genannten \u201ealtrechtlichen Staatsleistungen\u201c.... Die Expertenrunde diskutierte einen Nachmittag lang die wichtigsten Aspekte\u2026","rel":"","context":"In &quot;Religions- &amp; Kirchenkritik, S\u00e4kulare Szene&quot;","block_context":{"text":"Religions- &amp; Kirchenkritik, S\u00e4kulare Szene","link":"https:\/\/www.freidenker.org\/?cat=15"},"img":{"alt_text":"","src":"https:\/\/i0.wp.com\/www.freidenker.org\/fw17\/wp-content\/uploads\/2021\/02\/korso-post_2021-02-22_02-staatsleistungen_800x450.jpg?fit=800%2C450&ssl=1&resize=350%2C200","width":350,"height":200,"srcset":"https:\/\/i0.wp.com\/www.freidenker.org\/fw17\/wp-content\/uploads\/2021\/02\/korso-post_2021-02-22_02-staatsleistungen_800x450.jpg?fit=800%2C450&ssl=1&resize=350%2C200 1x, https:\/\/i0.wp.com\/www.freidenker.org\/fw17\/wp-content\/uploads\/2021\/02\/korso-post_2021-02-22_02-staatsleistungen_800x450.jpg?fit=800%2C450&ssl=1&resize=525%2C300 1.5x, https:\/\/i0.wp.com\/www.freidenker.org\/fw17\/wp-content\/uploads\/2021\/02\/korso-post_2021-02-22_02-staatsleistungen_800x450.jpg?fit=800%2C450&ssl=1&resize=700%2C400 2x"},"classes":[]},{"id":10913,"url":"https:\/\/www.freidenker.org\/?p=10913","url_meta":{"origin":9095,"position":4},"title":"Gemeinsam statt getrennt! KORSO fordert Reform des Religionsunterrichts an \u00f6ffentlichen Schulen","author":"Webredaktion","date":"27. Juli 2021","format":false,"excerpt":"Wortmeldung des\u00a0Koordinierungsrates s\u00e4kularer Organisationen KORSO e.V. vom 27.07.2021: Auf Einladung des KORSO kamen am vergangenen Freitag, 23. Juli 2021, 30 Vertreterinnen und Vertreter unterschiedlicher Organisationen aus dem s\u00e4kularen Spektrum per Videokonferenz zu einer Themenwerkstatt zusammen, um sich \u00fcber die Zukunft des Religionsunterrichts auszutauschen \u2013 aus s\u00e4kularer Perspektive. Nach ausf\u00fchrlicher Debatte\u2026","rel":"","context":"In &quot;Religions- &amp; Kirchenkritik, S\u00e4kulare Szene&quot;","block_context":{"text":"Religions- &amp; Kirchenkritik, S\u00e4kulare Szene","link":"https:\/\/www.freidenker.org\/?cat=15"},"img":{"alt_text":"","src":"https:\/\/i0.wp.com\/www.freidenker.org\/fw17\/wp-content\/uploads\/2021\/07\/korso-post_2021-07-24_01-religionsunterricht_800x450.jpg?fit=800%2C450&ssl=1&resize=350%2C200","width":350,"height":200,"srcset":"https:\/\/i0.wp.com\/www.freidenker.org\/fw17\/wp-content\/uploads\/2021\/07\/korso-post_2021-07-24_01-religionsunterricht_800x450.jpg?fit=800%2C450&ssl=1&resize=350%2C200 1x, https:\/\/i0.wp.com\/www.freidenker.org\/fw17\/wp-content\/uploads\/2021\/07\/korso-post_2021-07-24_01-religionsunterricht_800x450.jpg?fit=800%2C450&ssl=1&resize=525%2C300 1.5x, https:\/\/i0.wp.com\/www.freidenker.org\/fw17\/wp-content\/uploads\/2021\/07\/korso-post_2021-07-24_01-religionsunterricht_800x450.jpg?fit=800%2C450&ssl=1&resize=700%2C400 2x"},"classes":[]},{"id":9822,"url":"https:\/\/www.freidenker.org\/?p=9822","url_meta":{"origin":9095,"position":5},"title":"HVD tritt aus dem KORSO aus","author":"Webredaktion","date":"31. M\u00e4rz 2021","format":false,"excerpt":"Der Humanistische Verband Deutschlands - 2008 Gr\u00fcndungsmitglied des Koordinierungsrates S\u00e4kularer Organisationen (KORSO) - hat am 27.03.2021 durch Beschluss seines Delegiertenrates auf Antrag des HVD-Bundesvorstandes entschieden, seine Mitgliedschaft im KORSO zu beenden.\u00a0 Wir ver\u00f6ffentlichen hier die Presseerkl\u00e4rungen des HVD und des KORSO zu diesem Schritt sowie eine erste Stellungnahme des Vorsitzenden\u2026","rel":"","context":"In &quot;Religions- &amp; Kirchenkritik, S\u00e4kulare Szene&quot;","block_context":{"text":"Religions- &amp; Kirchenkritik, S\u00e4kulare Szene","link":"https:\/\/www.freidenker.org\/?cat=15"},"img":{"alt_text":"","src":"https:\/\/i0.wp.com\/www.freidenker.org\/fw17\/wp-content\/uploads\/2021\/04\/hvd_korso_3_800x450.jpg?fit=800%2C450&ssl=1&resize=350%2C200","width":350,"height":200,"srcset":"https:\/\/i0.wp.com\/www.freidenker.org\/fw17\/wp-content\/uploads\/2021\/04\/hvd_korso_3_800x450.jpg?fit=800%2C450&ssl=1&resize=350%2C200 1x, https:\/\/i0.wp.com\/www.freidenker.org\/fw17\/wp-content\/uploads\/2021\/04\/hvd_korso_3_800x450.jpg?fit=800%2C450&ssl=1&resize=525%2C300 1.5x, https:\/\/i0.wp.com\/www.freidenker.org\/fw17\/wp-content\/uploads\/2021\/04\/hvd_korso_3_800x450.jpg?fit=800%2C450&ssl=1&resize=700%2C400 2x"},"classes":[]}],"_links":{"self":[{"href":"https:\/\/www.freidenker.org\/index.php?rest_route=\/wp\/v2\/posts\/9095","targetHints":{"allow":["GET"]}}],"collection":[{"href":"https:\/\/www.freidenker.org\/index.php?rest_route=\/wp\/v2\/posts"}],"about":[{"href":"https:\/\/www.freidenker.org\/index.php?rest_route=\/wp\/v2\/types\/post"}],"author":[{"embeddable":true,"href":"https:\/\/www.freidenker.org\/index.php?rest_route=\/wp\/v2\/users\/3"}],"replies":[{"embeddable":true,"href":"https:\/\/www.freidenker.org\/index.php?rest_route=%2Fwp%2Fv2%2Fcomments&post=9095"}],"version-history":[{"count":0,"href":"https:\/\/www.freidenker.org\/index.php?rest_route=\/wp\/v2\/posts\/9095\/revisions"}],"wp:featuredmedia":[{"embeddable":true,"href":"https:\/\/www.freidenker.org\/index.php?rest_route=\/wp\/v2\/media\/9097"}],"wp:attachment":[{"href":"https:\/\/www.freidenker.org\/index.php?rest_route=%2Fwp%2Fv2%2Fmedia&parent=9095"}],"wp:term":[{"taxonomy":"category","embeddable":true,"href":"https:\/\/www.freidenker.org\/index.php?rest_route=%2Fwp%2Fv2%2Fcategories&post=9095"},{"taxonomy":"post_tag","embeddable":true,"href":"https:\/\/www.freidenker.org\/index.php?rest_route=%2Fwp%2Fv2%2Ftags&post=9095"}],"curies":[{"name":"wp","href":"https:\/\/api.w.org\/{rel}","templated":true}]}}