{"id":9078,"date":"2020-12-25T15:07:16","date_gmt":"2020-12-25T14:07:16","guid":{"rendered":"https:\/\/www.freidenker.org\/?p=9078"},"modified":"2021-01-25T02:09:23","modified_gmt":"2021-01-25T01:09:23","slug":"medizin-gegen-politischen-brechreiz","status":"publish","type":"post","link":"https:\/\/www.freidenker.org\/?p=9078","title":{"rendered":"Medizin gegen politischen Brechreiz"},"content":{"rendered":"<p>In der Rubrik\u00a0<strong>Tagesdosis<\/strong> wurde am 19.12.2020 bei <a href=\"https:\/\/kenfm.de\/medizin-gegen-politischen-brechreiz-von-rainer-rupp\/\" target=\"_blank\" rel=\"noopener noreferrer\">KenFM<\/a> der Beitrag \u201e<strong>Medizin gegen politischen Brechreiz\u201c <\/strong>von\u00a0<em><strong>Rainer Rupp<\/strong><\/em>, Mitglied des Beirates des Deutschen Freidenker-Verbandes, ver\u00f6ffentlicht.<\/p>\n<p>Den Beitrag als Audio-Datei anh\u00f6ren:<\/p>\n<audio class=\"wp-audio-shortcode\" id=\"audio-9078-1\" preload=\"none\" style=\"width: 100%;\" controls=\"controls\"><source type=\"audio\/mpeg\" src=\"https:\/\/kenfm.de\/multimedia_kenfm\/podcast\/tagesdosis-20201219.mp3?_=1\" \/><a href=\"https:\/\/kenfm.de\/multimedia_kenfm\/podcast\/tagesdosis-20201219.mp3\">https:\/\/kenfm.de\/multimedia_kenfm\/podcast\/tagesdosis-20201219.mp3<\/a><\/audio>\n<p>&nbsp;<\/p>\n<p>Der Beitrag ist auch als Video verf\u00fcgbar:<br \/>\nKenTube: <a href=\"https:\/\/tube.kenfm.de\/videos\/watch\/af024007-b550-4d08-a7c2-d0c5065cae91\" target=\"_blank\" rel=\"noopener\">https:\/\/tube.kenfm.de\/videos\/watch\/af024007-b550-4d08-a7c2-d0c5065cae91<\/a><\/p>\n<h4>Medizin gegen politischen Brechreiz (Tagesdosis vom 11.12.2020)<\/h4>\n<p><em>Ein Kommentar <strong>von Rainer Rupp<\/strong><\/em><\/p>\n<p>Bei KenFM werden die Gr\u00fcnde f\u00fcr das erneut weitverbreitete und wachsende politische Unwohlsein in unserem Land regelm\u00e4\u00dfig thematisiert. Gegen einen dieser Gr\u00fcnde, n\u00e4mlich gegen die irrationale und den Interessen unseres Landes zuwiderlaufende Aggressivit\u00e4t der Bundesregierung gegen Russland, schlage ich im zweiten Teil der heutigen Tagesdosis ein heilsames Medikament vor. Denn wenn m\u00f6glichst viele Menschen mitmachen, k\u00f6nnen wir noch vor Jahresende ganz ohne Mundschutz und ohne Massendemos ein nicht zu \u00fcbersehendes Zeichen gelebter V\u00f6lkerfreundschaft setzen.<\/p>\n<p>Zun\u00e4chst zur Erinnerung einen kurzen Blick auf die aktuelle Lage:<\/p>\n<p>Wer die offiziellen Stellungnahmen unserer Politiker h\u00f6rt, oder die selbsternannten \u201eQualit\u00e4tsmedien\u201c in unserem Land verfolgt, dem d\u00fcrfte nicht entgangen sein, dass die zunehmende mediale und politische Hetze gegen Russland und seine Regierung immer krankhaftere und daher gef\u00e4hrlichere Z\u00fcge angenommen hat. Im Vergleich zur mehr als provokativen, ann\u00e4hernd irren aktuellen Berliner Politik gegen\u00fcber Moskau hatte sich sogar die Au\u00dfenpolitik der Bonner Republik mitten im Kalten Krieg positiv abgehoben. Damals war das Ost-West-Verh\u00e4ltnis zwar konfrontativ gewesen, aber zugleich war es gepr\u00e4gt von gegenseitigem Respekt und politischem Anstand. Eine milit\u00e4rische Provokation und Eskalation wurde damals von der deutschen Politik gemieden, heute ist es genau das Gegenteil.<\/p>\n<p>Heute lautet das Gebot der Stunde: <em>\u201eAufr\u00fcstung, statt gegenseitiger Sicherheit durch Verhandlungen\u201c.<\/em> Das ist auch voll und ganz die Meinung der deutschen Kriegsministerin Annegret Kramp-Karrenbauer. Denn auch diese Dame ist von der Vorstellung durchdrungen, dass die unkultivierten russischen Horden aus den Tiefen Sibiriens nur eine Sprache verstehen, n\u00e4mlich die der Knute. Deshalb meint die Kramp-Karrenbauer aus tiefster \u00dcberzeugung, dass wir Deutsche\u00a0 <em>\u201ein guter deutscher Tradition\u201c<\/em> nur aus \u201e<em>einer Position der St\u00e4rke\u201c<\/em> mit den Russen <em>\u201everhandeln\u201c<\/em> d\u00fcrften.<\/p>\n<p>Es sind vor allem die transatlantischen Marionetten in der deutschen Bundesregierung und ihre Presstituierten in den sogenannten \u201eQualit\u00e4tsmedien\u201c, die diese Entwicklung sch\u00fcren und forcieren. Sich im vorauseilenden Gehorsam aktuell bei der neuen US-Oligarchen-Bande in Washington regelrecht anbiedern. Mit den neuesten wissenschaftlichen Erkenntnissen der Massenmanipulation und Demagogie soll das deutsche Volk erneut gegen die \u201eunzivilisierten\u201c Russen angestachelt werden. Denn die Russen wollen sich nicht ein- und unterordnen in die westliche Un-Wertegemeinschaft, die das V\u00f6lkerecht mit F\u00fc\u00dfen tritt.<\/p>\n<p>Diese westliche Un-Wertegemeinschaft hat in den letzten 30 Jahren im Namen von Demokratie und Menschenrechten mit ihren humanit\u00e4ren Angriffskriegen eine Spur der Verw\u00fcstung, des Elends und des Todes in Dutzenden von L\u00e4ndern, speziell im arabischen Raum, hinterlassen. Und die verantwortlichen politischen Eliten klopfen sich ob solcher \u201eErfolge\u201c unter dem Jubel der \u201eQualit\u00e4tsmedien\u201c weiterhin gegenseitig auf die Schulter.<\/p>\n<p>Derzeit erlebt die Gro\u00dfkotzigkeit der deutschen Herrenmenschen-\u201eElite\u201c eine gef\u00e4hrliche Wiederkehr, nicht nur gegen\u00fcber den V\u00f6lkern S\u00fcdeuropas sondern vor allem gegen\u00fcber der gro\u00dfen Kulturnation im Osten, die Giganten wie Leo Tolstoi, Peter Tschaikowsky und viele andere, auch von uns Deutschen geliebte Schriftsteller, Philosophen und Musiker hervorgebracht hat. Ebenso wie gro\u00dfartige Mathematiker und Ingenieure.<\/p>\n<p>Angesichts so viel gef\u00e4hrlicher Dummheit und \u00dcberheblichkeit, personifiziert durch die aktuelle Verteidigungsministerin AKK, durch Au\u00dfenminister Heiko Maas, Kanzlerin Angela Merkel und Ursula von der Leyen an der Spitze der EU, die alle die Aufr\u00fcstung gegen Russland offensichtlich betreiben, w\u00e4re es da nicht toll, wenn wir noch vor Jahresende ein starkes Zeichen setzen k\u00f6nnten, dass wir uns der Politik der Merkel-Demokratur und ihrer Wassertr\u00e4ger ohne Wenn und Aber widersetzen?<\/p>\n<p><strong>Hier mein Vorschlag:<\/strong><\/p>\n<p>In den Staaten, die aus der Sowjetunion hervorgegangen sind, vor allem aber in Russland, leben heute noch 75 hochbetagte Veteraninnen und Veteranen des Gro\u00dfen Vaterl\u00e4ndischen Krieges.<\/p>\n<p>Sie waren dabei und haben unter Einsatz ihres Lebens und ihrer Gesundheit mitgeholfen, unter hohen eigenen Verlusten nicht nur ihr Heimatland Russland, Ukraine und Wei\u00dfrussland, sondern auch ganz Osteuropa von den m\u00f6rderischen Eliten des deutschen Herrenmenschentums und deren bestialischen Einsatztruppen zu befreien.<\/p>\n<p>W\u00e4re es nicht ein symboltr\u00e4chtiges Signal gegen die von Berlin aktuell betriebene Politik, wenn wir, \u2013 und damit meine ich alle KenFM Abonnenten, Leser und H\u00f6rer, \u2013 diesen noch verblieben 75 Heldinnen und Helden der Freiheit ein Weihnachtsgeschenk machen w\u00fcrden, das selbst unsere sonst blinden \u201eQualit\u00e4tsmedien\u201c nur schwer ignorieren k\u00f6nnten?<\/p>\n<p>K\u00fcrzlich bin ich von einer privaten Initiative auf die M\u00f6glichkeit einer Weihnachtsspende f\u00fcr die noch lebenden Veteraninnen und Veteranen angesprochen worden, was ich sehr gern getan habe. Viele von ihnen leben in kargen Umst\u00e4nden und durch die Corona-bedingten Einschr\u00e4nkungen ist ihre Lage nicht besser geworden. Mit den Spenden sollen vor allem die alters- und gesundheitsbedingten Probleme erleichtert werden, f\u00fcr die sonst kein Geld da ist. Dann wuchs in mir ein weiterf\u00fchrender Gedanke:<\/p>\n<p>Man stelle sich vor, welchen Eindruck das in Berlin, bei der NATO und auch anderswo hinterlassen w\u00fcrde, wenn im Beisein der internationalen Presse eine private, deutsche Initiative einem Vertreter der noch lebenden Heldinnen und Helden des Gro\u00dfen Vaterl\u00e4ndischen Krieges in der Russischen Botschaft in Berlin einen dicken Scheck als Weihnachtsgeschenk \u00fcberreichen w\u00fcrde, zu dem vor allem viele Tausende der vom politischen und medialen Mainstream verteufelten KenFM-Leser- und H\u00f6rergemeinschaft beigetragen h\u00e4tten. Wer wird von diesem Bild der praktisch gelebten V\u00f6lkerfreundschaft nicht vitalisiert? Und wir k\u00f6nnen es mit Euch gemeinsam in die Tat umsetzen; durch eine Spende an die Veteraninnen und Veteranen.<\/p>\n<p>Da das russisch-orthodoxe Weihnachtsfest wegen des julianischen Kalenders sp\u00e4ter als bei uns stattfindet, n\u00e4mlich am 6. und 7. Januar, k\u00f6nnen Spenden bis sp\u00e4testen 31.12.2020 \u00fcberwiesen werden, und zwar auf das zu diesem Zweck speziell eingerichtete Spendenkonto des staatlich anerkannten, gemeinn\u00fctzigen Vereins der \u201eGlinka-Gesellschaft Berlin e. V.\u201c, bei der Bank f\u00fcr Sozialwirtschaft AG.<\/p>\n<p>Jede Spende z\u00e4hlt, egal wie gro\u00df, auch 2 Euro.<\/p>\n<p>Denn jede Spende ist ein Ausdruck gelebter Solidarit\u00e4t, eine Demonstration gegen die Kriegsvorbereitungen der Berliner Falken und ein Zeichen, dass auch Du mit der erkl\u00e4rten Berliner Politik absolut nicht einverstanden bist:<\/p>\n<p>Noch einmal der aktuelle Ansatz von Frau Kramp-Karrenbauer: <a href=\"https:\/\/www.zeit.de\/politik\/ausland\/2020-11\/russland-annegret-kramp-karrenbauer-moskau-igor-konaschenkow-unfaehigkeit-vorwurf\" target=\"_blank\" rel=\"noopener\"><em>\u201eIn guter deutscher Tradition nur aus einer Position der St\u00e4rke mit Russland zu verhandeln\u201c<\/em><\/a> (1).<\/p>\n<p>Wem bei diesen Worten aus dem Munde der deutschen Kriegsministerin nicht ein Schauer \u00fcber den R\u00fccken l\u00e4uft, der kennt die schlimmsten Trag\u00f6dien der deutschen Geschichte nicht. Mit diesem Argument, n\u00e4mlich nur aus einer Position der St\u00e4rke den angeblichen \u201eFrieden\u201c sichern zu k\u00f6nnen, wurde in Deutschland die Bev\u00f6lkerung bereits wiederholt hinters Licht gef\u00fchrt, zuerst, um sie auf den Ersten und dann auf den Zweiten Weltkrieg vorzubereiten.<\/p>\n<p>Angesichts des Menschen verachtenden Zynismus der saarl\u00e4ndischen CDU-Dame AKK kann ich nur noch an den Spruch des Malers Max Liebermann denken, der am 30. Januar 1933 aus gegebenem Anlass der NAZI-Machtergreifung gesagt hat <em>\u201eIch kann nicht so viel fressen, wie ich kotzen m\u00f6chte.\u201c<\/em><\/p>\n<p>Als Gegenmittel gegen diesen, in unserem Land aktuell wieder weit verbreiteten Brechreiz, empfehle ich eine dicke Spende f\u00fcr die russischen Veteranen. Die ben\u00f6tigten Bankdaten sind im Schriftartikel auf der Homepage von KenFM hinterlegt:<\/p>\n<p style=\"padding-left: 40px;\"><em>Konto der Empf\u00e4nger: Glinka-Gesellschaft Berlin e. V. <\/em><\/p>\n<p style=\"padding-left: 40px;\"><em>IBAN: DE16 1002 0500 0001 1176 00<\/em><\/p>\n<p style=\"padding-left: 40px;\">BIC: \u00a0BFSWDE33BER \u00a0(Bank f\u00fcr Sozialwirtschaft, Berlin)<\/p>\n<p style=\"padding-left: 40px;\"><em>Vermerk: \u201eRussische Veteranen\u201c<\/em><\/p>\n<p>Spenden sollten bis sp\u00e4testen 31.12.2020 \u00fcberwiesen werden. Bei gr\u00f6\u00dferen Spenden kann auf Wunsch auch eine Spendenbescheinigung ausgestellt werden.<\/p>\n<p><strong>Quelle:<\/strong><\/p>\n<p>1. <a href=\"https:\/\/www.zeit.de\/politik\/ausland\/2020-11\/russland-annegret-kramp-karrenbauer-moskau-igor-konaschenkow-unfaehigkeit-vorwurf\" target=\"_blank\" rel=\"noopener\">https:\/\/www.zeit.de\/politik\/ausland\/2020-11\/russland-annegret-kramp-karrenbauer-moskau-igor-konaschenkow-unfaehigkeit-vorwurf<\/a><\/p>\n<p style=\"text-align: right;\"><em>Rainer Rupp ist Mitglied des Beirats des Deutschen Freidenker-Verbandes<\/em><\/p>\n<p><span style=\"font-size: 10pt;\">Link zur Erstver\u00f6ffentlichung bei KenFM: <a href=\"https:\/\/kenfm.de\/medizin-gegen-politischen-brechreiz-von-rainer-rupp\/\" target=\"_blank\" rel=\"noopener\">https:\/\/kenfm.de\/medizin-gegen-politischen-brechreiz-von-rainer-rupp\/<\/a><\/span><\/p>\n<hr \/>\n<p>\u00dcber die Spendenaktion berichtet auch RT DE: <strong><a href=\"https:\/\/de.rt.com\/europa\/110842-schoss-ist-fruchtbar-noch-spendenaufruf\/\" target=\"_blank\" rel=\"noopener\">https:\/\/de.rt.com\/europa\/110842-schoss-ist-fruchtbar-noch-spendenaufruf\/<\/a><\/strong><\/p>\n<p>Siehe auch: Aufruf &#8222;<strong>Eure Solidarit\u00e4t ist gefragt<\/strong>&#8220; auf unserer Webseite: <a href=\"https:\/\/www.freidenker.org\/?p=8953\">https:\/\/www.freidenker.org\/?p=8953<\/a><\/p>\n<hr \/>\n<p><span style=\"font-size: 10pt;\">Beitragsbild oben: Der russische Pr\u00e4sident Wladimir Putin mit Kriegsveteranen w\u00e4hrend der Milit\u00e4rparade anl\u00e4sslich des 75. Jahrestages des Sieges im Gro\u00dfen Vaterl\u00e4ndischen Krieg am 24.06.2020 in Moskau.<br \/>\nFoto: <a href=\"http:\/\/kremlin.ru\/events\/president\/news\/63560\/photos\/64129\" target=\"_blank\" rel=\"noopener\">kremlin.ru<\/a><br \/>\n<\/span><\/p>\n<p>&nbsp;<\/p>\n","protected":false},"excerpt":{"rendered":"<p><b>Ein Kommentar von Rainer Rupp<\/b><br \/>\nBei KenFM werden die Gr\u00fcnde f\u00fcr das erneut weitverbreitete und wachsende politische Unwohlsein in unserem Land regelm\u00e4\u00dfig thematisiert. Gegen einen dieser Gr\u00fcnde, n\u00e4mlich gegen die irrationale und den Interessen unseres Landes zuwiderlaufende Aggressivit\u00e4t der Bundesregierung gegen Russland, schlage ich im zweiten Teil der heutigen Tagesdosis ein heilsames Medikament vor. Denn wenn m\u00f6glichst viele Menschen mitmachen, k\u00f6nnen wir noch vor Jahresende ganz ohne Mundschutz und ohne Massendemos ein nicht zu \u00fcbersehendes Zeichen gelebter V\u00f6lkerfreundschaft setzen.<\/p>\n","protected":false},"author":3,"featured_media":9082,"comment_status":"closed","ping_status":"closed","sticky":false,"template":"","format":"standard","meta":{"colormag_page_container_layout":"default_layout","colormag_page_sidebar_layout":"default_layout","advanced_seo_description":"","jetpack_seo_html_title":"","jetpack_seo_noindex":false,"jetpack_post_was_ever_published":false,"footnotes":""},"categories":[13],"tags":[648,431,222,1168,344,430],"class_list":["post-9078","post","type-post","status-publish","format-standard","has-post-thumbnail","hentry","category-frieden-antifaschismus-solidaritaet","tag-2-weltkrieg","tag-rote-armee","tag-russland","tag-russophobie","tag-solidaritaet","tag-sowjetunion"],"jetpack_featured_media_url":"https:\/\/i0.wp.com\/www.freidenker.org\/fw17\/wp-content\/uploads\/2020\/12\/putin_veteranen_kremlin_800x450.jpg?fit=800%2C450&ssl=1","jetpack_shortlink":"https:\/\/wp.me\/p9stpK-2mq","jetpack-related-posts":[{"id":6702,"url":"https:\/\/www.freidenker.org\/?p=6702","url_meta":{"origin":9078,"position":0},"title":"USA-Iran: Makabrer Tanz am Rande des Abgrunds","author":"Webredaktion","date":"14. Juli 2019","format":false,"excerpt":"In der Rubrik Tagesdosis wurde am 12.07.2019 bei KenFM der Beitrag \u201eUSA-Iran: Makabrer Tanz am Rande des Abgrunds\u201c von Rainer Rupp, Mitglied des Beirats des Deutschen Freidenker-Verbandes, ver\u00f6ffentlicht. Weder Trump noch Iran wollen einen hei\u00dfen Krieg. Nicht nur die Weltwirtschaft, und damit auch die US-Wirtschaft, w\u00fcrden durch den Krieg schwer\u2026","rel":"","context":"In &quot;Frieden - Antifaschismus - Solidarit\u00e4t&quot;","block_context":{"text":"Frieden - Antifaschismus - Solidarit\u00e4t","link":"https:\/\/www.freidenker.org\/?cat=13"},"img":{"alt_text":"","src":"https:\/\/i0.wp.com\/www.freidenker.org\/fw17\/wp-content\/uploads\/2019\/07\/iran-usa-ziel-geopolitik-agnes-karikaturen-800x445.jpg?fit=800%2C445&ssl=1&resize=350%2C200","width":350,"height":200,"srcset":"https:\/\/i0.wp.com\/www.freidenker.org\/fw17\/wp-content\/uploads\/2019\/07\/iran-usa-ziel-geopolitik-agnes-karikaturen-800x445.jpg?fit=800%2C445&ssl=1&resize=350%2C200 1x, https:\/\/i0.wp.com\/www.freidenker.org\/fw17\/wp-content\/uploads\/2019\/07\/iran-usa-ziel-geopolitik-agnes-karikaturen-800x445.jpg?fit=800%2C445&ssl=1&resize=525%2C300 1.5x, https:\/\/i0.wp.com\/www.freidenker.org\/fw17\/wp-content\/uploads\/2019\/07\/iran-usa-ziel-geopolitik-agnes-karikaturen-800x445.jpg?fit=800%2C445&ssl=1&resize=700%2C400 2x"},"classes":[]},{"id":8894,"url":"https:\/\/www.freidenker.org\/?p=8894","url_meta":{"origin":9078,"position":1},"title":"Eine Alternative zum westlichen Neoliberalismus","author":"Webredaktion","date":"15. November 2020","format":false,"excerpt":"Ein Kommentar von Rainer Rupp. Bis zum 14. Dezember 2020, der Tag, an dem die Wahlm\u00e4nner der US-Bundesstaaten sich zum Electoral College versammeln und den US-Pr\u00e4sidenten f\u00fcr die n\u00e4chsten 4 Jahre w\u00e4hlen, sind es noch \u00fcber vier Wochen hin. Bis zu dem Zeitpunkt ist Joe Biden noch nicht Pr\u00e4sident, auch\u2026","rel":"","context":"In &quot;Demokratie \u2013 Medien \u2013 Aufkl\u00e4rung&quot;","block_context":{"text":"Demokratie \u2013 Medien \u2013 Aufkl\u00e4rung","link":"https:\/\/www.freidenker.org\/?cat=12"},"img":{"alt_text":"","src":"https:\/\/i0.wp.com\/www.freidenker.org\/fw17\/wp-content\/uploads\/2020\/11\/Putin_und_Jinping_800x450.jpg?fit=800%2C450&ssl=1&resize=350%2C200","width":350,"height":200,"srcset":"https:\/\/i0.wp.com\/www.freidenker.org\/fw17\/wp-content\/uploads\/2020\/11\/Putin_und_Jinping_800x450.jpg?fit=800%2C450&ssl=1&resize=350%2C200 1x, https:\/\/i0.wp.com\/www.freidenker.org\/fw17\/wp-content\/uploads\/2020\/11\/Putin_und_Jinping_800x450.jpg?fit=800%2C450&ssl=1&resize=525%2C300 1.5x, https:\/\/i0.wp.com\/www.freidenker.org\/fw17\/wp-content\/uploads\/2020\/11\/Putin_und_Jinping_800x450.jpg?fit=800%2C450&ssl=1&resize=700%2C400 2x"},"classes":[]},{"id":9722,"url":"https:\/\/www.freidenker.org\/?p=9722","url_meta":{"origin":9078,"position":2},"title":"Die Wurzeln des Neuen Kalten Kriegs gegen Russland","author":"Webredaktion","date":"25. M\u00e4rz 2021","format":false,"excerpt":"Ein Kommentar von Rainer Rupp Um die Urspr\u00fcnge und Ursachen des \u201eNeuen Kalten Kriegs\u201c gegen Russland zu verstehen, m\u00fcssen wir zur\u00fcck in die Jahre 1990\/1991. Das war die Zeit, in der die Vereinigten Staaten als einzige verbliebene Supermacht damit begannen, ihre Vision f\u00fcr die postsowjetische Welt zu formulieren, die entsprechenden\u2026","rel":"","context":"In &quot;Frieden - Antifaschismus - Solidarit\u00e4t&quot;","block_context":{"text":"Frieden - Antifaschismus - Solidarit\u00e4t","link":"https:\/\/www.freidenker.org\/?cat=13"},"img":{"alt_text":"","src":"https:\/\/i0.wp.com\/www.freidenker.org\/fw17\/wp-content\/uploads\/2021\/03\/tree-3309057_800x450.jpg?fit=800%2C450&ssl=1&resize=350%2C200","width":350,"height":200,"srcset":"https:\/\/i0.wp.com\/www.freidenker.org\/fw17\/wp-content\/uploads\/2021\/03\/tree-3309057_800x450.jpg?fit=800%2C450&ssl=1&resize=350%2C200 1x, https:\/\/i0.wp.com\/www.freidenker.org\/fw17\/wp-content\/uploads\/2021\/03\/tree-3309057_800x450.jpg?fit=800%2C450&ssl=1&resize=525%2C300 1.5x, https:\/\/i0.wp.com\/www.freidenker.org\/fw17\/wp-content\/uploads\/2021\/03\/tree-3309057_800x450.jpg?fit=800%2C450&ssl=1&resize=700%2C400 2x"},"classes":[]},{"id":8871,"url":"https:\/\/www.freidenker.org\/?p=8871","url_meta":{"origin":9078,"position":3},"title":"Ein Modernes M\u00e4rchen","author":"Webredaktion","date":"3. November 2020","format":false,"excerpt":"Ein Kommentar von Rainer Rupp. Es war einmal ein Kaiser, der lebte ganz weit weg auf der anderen Seite des atlantischen Ozeans. Was er am liebsten machte war Kriege f\u00fchren, um sein Reich immer weiter rund um die Welt auszudehnen. Deshalb war er immer auf der Suche nach Vorw\u00e4nden und\u2026","rel":"","context":"In &quot;Frieden - Antifaschismus - Solidarit\u00e4t&quot;","block_context":{"text":"Frieden - Antifaschismus - Solidarit\u00e4t","link":"https:\/\/www.freidenker.org\/?cat=13"},"img":{"alt_text":"","src":"https:\/\/i0.wp.com\/www.freidenker.org\/fw17\/wp-content\/uploads\/2020\/11\/statue-of-liberty-992552_800x450.jpg?fit=800%2C450&ssl=1&resize=350%2C200","width":350,"height":200,"srcset":"https:\/\/i0.wp.com\/www.freidenker.org\/fw17\/wp-content\/uploads\/2020\/11\/statue-of-liberty-992552_800x450.jpg?fit=800%2C450&ssl=1&resize=350%2C200 1x, https:\/\/i0.wp.com\/www.freidenker.org\/fw17\/wp-content\/uploads\/2020\/11\/statue-of-liberty-992552_800x450.jpg?fit=800%2C450&ssl=1&resize=525%2C300 1.5x, https:\/\/i0.wp.com\/www.freidenker.org\/fw17\/wp-content\/uploads\/2020\/11\/statue-of-liberty-992552_800x450.jpg?fit=800%2C450&ssl=1&resize=700%2C400 2x"},"classes":[]},{"id":5849,"url":"https:\/\/www.freidenker.org\/?p=5849","url_meta":{"origin":9078,"position":4},"title":"Berlin und EU schleimen sich ein bei Trump","author":"Webredaktion","date":"12. Februar 2019","format":false,"excerpt":"In der Rubrik Tagesdosis wurde am 01.02.2019 bei KenFM der Beitrag \u201eBerlin und EU schleimen sich ein bei Trump\u201c von Rainer Rupp, Mitglied des Beirats des Deutschen Freidenker-Verbandes, ver\u00f6ffentlicht. Nur wenige Tage nach Bekanntwerden, dass Trump sich vergangenes Jahr bei seinen Beratern mehrmals dar\u00fcber ge\u00e4u\u00dfert hatte, aus der NATO aussteigen\u2026","rel":"","context":"In &quot;Demokratie \u2013 Medien \u2013 Aufkl\u00e4rung&quot;","block_context":{"text":"Demokratie \u2013 Medien \u2013 Aufkl\u00e4rung","link":"https:\/\/www.freidenker.org\/?cat=12"},"img":{"alt_text":"","src":"https:\/\/i0.wp.com\/www.freidenker.org\/fw17\/wp-content\/uploads\/2019\/02\/kenfm_berlin-eu-trump_800x445.jpg?fit=800%2C445&ssl=1&resize=350%2C200","width":350,"height":200,"srcset":"https:\/\/i0.wp.com\/www.freidenker.org\/fw17\/wp-content\/uploads\/2019\/02\/kenfm_berlin-eu-trump_800x445.jpg?fit=800%2C445&ssl=1&resize=350%2C200 1x, https:\/\/i0.wp.com\/www.freidenker.org\/fw17\/wp-content\/uploads\/2019\/02\/kenfm_berlin-eu-trump_800x445.jpg?fit=800%2C445&ssl=1&resize=525%2C300 1.5x, https:\/\/i0.wp.com\/www.freidenker.org\/fw17\/wp-content\/uploads\/2019\/02\/kenfm_berlin-eu-trump_800x445.jpg?fit=800%2C445&ssl=1&resize=700%2C400 2x"},"classes":[]},{"id":7880,"url":"https:\/\/www.freidenker.org\/?p=7880","url_meta":{"origin":9078,"position":5},"title":"Israelische Soldaten zerst\u00f6ren pal\u00e4stinensische Behelfsklinik","author":"Webredaktion","date":"5. April 2020","format":false,"excerpt":"In der Rubrik Tagesdosis wurde am 03.04.2020 bei KenFM der Beitrag \u201eIsraelische Soldaten bestehlen und zerst\u00f6ren pal\u00e4stinensische Behelfsklinik gegen Covid-19\u201c von Rainer Rupp ver\u00f6ffentlicht. Unvorstellbar aber wahr, w\u00e4hrend sich der Corona Virus auch in den besetzten Gebieten verbreitet, hatte die israelische Soldateska nichts Besseres zu tun, als mit Planierraupen, Hebekr\u00e4nen\u2026","rel":"","context":"In &quot;Arbeit &amp; Soziales&quot;","block_context":{"text":"Arbeit &amp; Soziales","link":"https:\/\/www.freidenker.org\/?cat=11"},"img":{"alt_text":"","src":"https:\/\/i0.wp.com\/www.freidenker.org\/fw17\/wp-content\/uploads\/2020\/04\/pal%C3%A4stina_klinik_800x449.jpg?fit=800%2C449&ssl=1&resize=350%2C200","width":350,"height":200,"srcset":"https:\/\/i0.wp.com\/www.freidenker.org\/fw17\/wp-content\/uploads\/2020\/04\/pal%C3%A4stina_klinik_800x449.jpg?fit=800%2C449&ssl=1&resize=350%2C200 1x, https:\/\/i0.wp.com\/www.freidenker.org\/fw17\/wp-content\/uploads\/2020\/04\/pal%C3%A4stina_klinik_800x449.jpg?fit=800%2C449&ssl=1&resize=525%2C300 1.5x, https:\/\/i0.wp.com\/www.freidenker.org\/fw17\/wp-content\/uploads\/2020\/04\/pal%C3%A4stina_klinik_800x449.jpg?fit=800%2C449&ssl=1&resize=700%2C400 2x"},"classes":[]}],"_links":{"self":[{"href":"https:\/\/www.freidenker.org\/index.php?rest_route=\/wp\/v2\/posts\/9078","targetHints":{"allow":["GET"]}}],"collection":[{"href":"https:\/\/www.freidenker.org\/index.php?rest_route=\/wp\/v2\/posts"}],"about":[{"href":"https:\/\/www.freidenker.org\/index.php?rest_route=\/wp\/v2\/types\/post"}],"author":[{"embeddable":true,"href":"https:\/\/www.freidenker.org\/index.php?rest_route=\/wp\/v2\/users\/3"}],"replies":[{"embeddable":true,"href":"https:\/\/www.freidenker.org\/index.php?rest_route=%2Fwp%2Fv2%2Fcomments&post=9078"}],"version-history":[{"count":0,"href":"https:\/\/www.freidenker.org\/index.php?rest_route=\/wp\/v2\/posts\/9078\/revisions"}],"wp:featuredmedia":[{"embeddable":true,"href":"https:\/\/www.freidenker.org\/index.php?rest_route=\/wp\/v2\/media\/9082"}],"wp:attachment":[{"href":"https:\/\/www.freidenker.org\/index.php?rest_route=%2Fwp%2Fv2%2Fmedia&parent=9078"}],"wp:term":[{"taxonomy":"category","embeddable":true,"href":"https:\/\/www.freidenker.org\/index.php?rest_route=%2Fwp%2Fv2%2Fcategories&post=9078"},{"taxonomy":"post_tag","embeddable":true,"href":"https:\/\/www.freidenker.org\/index.php?rest_route=%2Fwp%2Fv2%2Ftags&post=9078"}],"curies":[{"name":"wp","href":"https:\/\/api.w.org\/{rel}","templated":true}]}}