{"id":9040,"date":"2020-12-19T19:16:46","date_gmt":"2020-12-19T18:16:46","guid":{"rendered":"https:\/\/www.freidenker.org\/?p=9040"},"modified":"2021-01-11T21:11:11","modified_gmt":"2021-01-11T20:11:11","slug":"spanien-amazon-infiltriert-streik-mit-privatspionen","status":"publish","type":"post","link":"https:\/\/www.freidenker.org\/?p=9040","title":{"rendered":"Spanien: Amazon infiltriert Streik mit Privatspionen"},"content":{"rendered":"<h5>Gewerkschaft geht gerichtlich dagegen vor<\/h5>\n<p><em>von <strong>Klaus Hartmann<\/strong><\/em><\/p>\n<p><strong><em>In memoriam Christian Kr\u00e4hling <\/em><\/strong>(<a href=\"https:\/\/www.freidenker.org\/?p=9013\">https:\/\/www.freidenker.org\/?p=9013<\/a>)<\/p>\n<p><em>Unser am 10.12.2020 verstorbene Genosse und Streikf\u00fchrer bei Amazon Bad Hersfeld war auch unabl\u00e4ssig aktiv, um die Solidarit\u00e4t der Amazon-Besch\u00e4ftigten international zu organisieren, so auch mit den gewerkschaftlichen Interessenvertretern in Spanien.<\/em><\/p>\n<p><em>Jetzt (02.12.2020) ver\u00f6ffentlichte der <\/em>Business Insider<em> einen Bericht<a href=\"#_ftn1\" name=\"_ftnref1\">[1]<\/a> \u00fcber die Amazon- Machenschaften gegen die Streikenden am \u201eBlack Friday\u201c 2019 in Barcelona:<\/em><\/p>\n<p>Private Spione infiltrierten und fotografierten einen Arbeiterstreik im Amazon-Lagerhaus nahe Barcelona am Schwarzen Freitag 2019, berichtete ein spanisches Medienunternehmen. Die Spione standen unter Vertrag bei der Pinkerton Agency, einer Firma, die Amazon daf\u00fcr angeheuert hatte.<\/p>\n<p>Wie die Tageszeitung <em>El Diario<\/em> berichtete, stellten die Detektiv-Spione ein 51-seitiges Dokument zusammen, das Fotos von Gewerkschaftern, Arbeitern und Journalisten enthielt, die an dem Streik teilgenommen hatten. Der hatte in einem Lagerhaus in der N\u00e4he von Barcelona als Teil einer breiteren Streikbewegung der Frachtarbeiter in der Provinz Katalonien stattgefunden.<\/p>\n<p>Laut einem Bericht vom November 2020 hat Amazon schon in der Vergangenheit Pinkerton-Spione eingesetzt, um Lagerarbeiter und Aktionen der organisierten Arbeiter bei dem Unternehmen auszuspionieren. Ein Auszug aus dem Dokument lautet z.B.: \u201eWir beobachteten eine Gruppe von Leuten, die sich versammelten und Westen der Gewerkschaften CCOO und UGT trugen. Sie wurden f\u00fcr eine m\u00f6gliche Identifizierung bei sp\u00e4teren Veranstaltungen aufgezeichnet.\u201c Entsprechende heimlich gemachten Fotos waren beigef\u00fcgt.<\/p>\n<p>Die spanische Gewerkschaft CCOO<a href=\"#_ftn2\" name=\"_ftnref2\">[2]<\/a> hat einen Richter um die Beschlagnahmung von Unterlagen im Zusammenhang mit dem Bericht gebeten und sagte, sie erw\u00e4ge rechtliche Schritte gegen Amazon. Ein Amazon-Sprecher sagte gegen\u00fcber El Diario, das E-Commerce-Unternehmen habe weder Pinkerton noch eine andere Agentur beauftragt, den Streik auszuspionieren. Wahrscheinlich wird sich Amazon vor einem spanischen Gericht verantworten m\u00fcssen. Aber die Sache hat noch eine weitaus gr\u00f6\u00dfere Dimension.<\/p>\n<p>Laut <em>El Diario<\/em> waren die Privatdetektive, die das Dokument \u00fcber den Streik bei Amazon zusammengestellt hatten, pro forma bei der spanischen Firma Castor &amp; Polux angestellt worden, die anscheinend von der Pinkerton Agency f\u00fcr solche Schweinereien schon \u00f6fters unter Vertrag genommen worden war. In einem Bericht von \u201e<em>Motherboard<\/em>\u201c<a href=\"#_ftn3\" name=\"_ftnref3\">[3]<\/a> vom November hie\u00df es, dass Amazon die Pinkerton Agency besch\u00e4ftigt, um Gewerkschaftsaktivit\u00e4ten in ganz Europa zu \u00fcberwachen.<a href=\"#_ftn4\" name=\"_ftnref4\">[4]<\/a> Unter Berufung auf die Vertraulichkeit seiner Kunden lehnte Castor &amp; Polux gegen\u00fcber <em>El Diario<\/em> jeden Kommentar.<\/p>\n<p>Die spanische Gewerkschaft CCOO hat inzwischen rechtliche Schritte gegen Amazon angek\u00fcndigt. Ricard Bellera, CCOO-Sekret\u00e4r f\u00fcr Arbeit und Wirtschaft in Katalonien, hat gegen\u00fcber <em>Business Insider<\/em> best\u00e4tigt, dass die Gewerkschaft einen Richter gebeten habe, sowohl den 51-seitigen Bericht der Detektive, \u00fcber den <em>El Diario<\/em> berichtet hatte, als auch alle anderen Dokumente, die eine Vereinbarung zwischen Castor &amp; Polux und Amazon belegen, zu beschlagnahmen. Er f\u00fcgte hinzu, sollte sich die Ausspionierung als wahr erweisen, w\u00fcrde dies beweisen, dass Amazon die spanischen Verfassungsgesetze zum Versammlungsrecht und zum Datenschutz gebrochen hat.<\/p>\n<p>Dagegen versuchte ein Amazon-Sprecher in einer Stellungnahme gegen\u00fcber Business Insider den Verdacht auf einen schweren Rechtsbruch herunterzuspielen und als ganz normales Verhalten multinationaler Unternehmen darzustellen, die ihr Inventar sch\u00fctzen wollen. Er sagte:<\/p>\n<p>\u201eWie jedes multinationale Unternehmen halten wir ein gewisses Ma\u00df an Sicherheit innerhalb unseres Betriebs aufrecht, um unsere Mitarbeiter, Geb\u00e4ude und unser Inventar zu sch\u00fctzen \u2013 es w\u00e4re unverantwortlich, wenn wir dies nicht tun w\u00fcrden. Wir haben ein internes Untersuchungsteam, das mit den Strafverfolgungsbeh\u00f6rden zusammenarbeitet, um Fehlverhalten in unserem Unternehmen aufzudecken, und wie Sie es erwarten w\u00fcrden, ist jede unserer Aktivit\u00e4ten vollst\u00e4ndig im Einklang mit den lokalen Gesetzen und werden mit dem vollen Wissen und der Unterst\u00fctzung der lokalen Beh\u00f6rden durchgef\u00fchrt. Jeder Versuch, diese Aktivit\u00e4ten zu sensationalisieren und zu suggerieren, wir w\u00fcrden etwas Ruchloses tun, ist unverantwortlich und falsch.\u201c<\/p>\n<p>Allerdings handelt sich nicht um den ersten Bericht \u00fcber die Infiltrierung eines europ\u00e4ischen Amazon-Lagers durch Geheimagenten. Wie <em>Motherboard<\/em> berichtete, waren Pinkerton-Agenten im Jahr 2019 auch in einem Lagerhaus in Polen eingesetzt worden, um zu untersuchen, ob das lokale Amazon-Management gegen\u00fcber Kandidaten bei Bewerbungsgespr\u00e4chen zu nachl\u00e4ssig waren. Zum Zeitpunkt des Berichts sagte Amazon-Sprecherin Lisa Levandowski gegen\u00fcber <em>Business Insider<\/em>, dass das Unternehmen mit Pinkerton zusammenarbeitet, um \u201ehochwertige Sendungen im Transit zu sichern\u201c, nicht um Informationen \u00fcber Lagerarbeiter zu sammeln, und dass alle Aktivit\u00e4ten \u201evollst\u00e4ndig im Einklang mit den lokalen Gesetzen stehen.\u201c<\/p>\n<p>Christy Hoffman, die Generalsekret\u00e4rin der internationalen Gewerkschaft UNI Global Union, sieht das anders. Gegen\u00fcber <em>Business Insider<\/em> hat sie unterstrichen, dass Amazon \u201eseine immense Macht und Ressourcen nutzt, um Arbeiter auszuspionieren, die ihre Arbeitsbedingungen verbessern wollen.\u201c<\/p>\n<p>\u201eSo schlimm das Ausspionieren von Arbeitern auch ist, es geschieht nicht in einem luftleeren Raum. Es gibt hier ein Muster \u2013 Amazons enormer Appetit auf Wachstum ist schlecht f\u00fcr unsere Gesellschaft. Deshalb sind am Schwarzen Freitag immer mehr Menschen, die an die W\u00fcrde der Arbeit und die Politik des Gemeinwohls glauben, in den Streik getreten, um Amazon die Stirn zu bieten und Ver\u00e4nderungen zu fordern\u201c, f\u00fcgte sie hinzu.<\/p>\n<p>In diesem Jahr haben Amazon-Arbeiter und Aktivistengruppen in 15 L\u00e4ndern am Black Friday Proteste gegen das Unternehmen veranstaltet, um unter dem Slogan \u201eMake Amazon Pay\u201c bessere L\u00f6hne und Sozialleistungen, ein Ende der \u00dcberwachung von Arbeitern und Gewerkschaften sowie ein Engagement f\u00fcr Nachhaltigkeit zu fordern.<a href=\"#_ftn5\" name=\"_ftnref5\">[5]<\/a><\/p>\n<p style=\"text-align: right;\"><em>Klaus Hartmann ist Bundesvorsitzender des Deutschen Freidenker-Verbandes<\/em><\/p>\n<p><a href=\"#_ftnref1\" name=\"_ftn1\">[1]<\/a> <a href=\"https:\/\/www.businessinsider.com\/amazon-pinkerton-agency-spies-union-strike-spain-ccoo-legal-action-2020-12?r=DE&amp;IR=T\">https:\/\/www.businessinsider.com\/amazon-pinkerton-agency-spies-union-strike-spain-ccoo-legal-action-2020-12?r=DE&amp;IR=T<\/a><\/p>\n<p><a href=\"#_ftnref2\" name=\"_ftn2\">[2]<\/a> ccoo = Comisiones Obreras, \u201eArbeiterkommissionen\u201c, zweitgr\u00f6\u00dfte spanische Gewerkschaft mit kommunistischen Wurzeln<\/p>\n<p><a href=\"#_ftnref3\" name=\"_ftn3\">[3]<\/a> <a href=\"https:\/\/www.vice.com\/en\/article\/5dp3yn\/amazon-leaked-reports-expose-spying-warehouse-workers-labor-union-environmental-groups-social-movements\">https:\/\/www.vice.com\/en\/article\/5dp3yn\/amazon-leaked-reports-expose-spying-warehouse-workers-labor-union-environmental-groups-social-movements<\/a><\/p>\n<p><a href=\"#_ftnref4\" name=\"_ftn4\">[4]<\/a> <a href=\"https:\/\/www.businessinsider.com\/amazon-pinkerton-spies-worker-labor-unions-2020-11\">https:\/\/www.businessinsider.com\/amazon-pinkerton-spies-worker-labor-unions-2020-11<\/a><\/p>\n<p><a href=\"#_ftnref5\" name=\"_ftn5\">[5]<\/a> <a href=\"https:\/\/www.businessinsider.com\/make-amazon-pay-black-friday-protests-pay-conditions-2020-11\">https:\/\/www.businessinsider.com\/make-amazon-pay-black-friday-protests-pay-conditions-2020-11<\/a><\/p>\n<hr \/>\n<h4>Galerie: Christian Kr\u00e4hling (1977-2020)<\/h4>\n<div class=\"tiled-gallery type-rectangular tiled-gallery-unresized\" data-original-width=\"800\" data-carousel-extra='{&quot;blog_id&quot;:1,&quot;permalink&quot;:&quot;https:\\\/\\\/www.freidenker.org\\\/?p=9040&quot;,&quot;likes_blog_id&quot;:139773280}' itemscope itemtype=\"http:\/\/schema.org\/ImageGallery\" > <div class=\"gallery-row\" style=\"width: 800px; height: 357px;\" data-original-width=\"800\" data-original-height=\"357\" > <div class=\"gallery-group images-1\" style=\"width: 534px; height: 357px;\" data-original-width=\"534\" data-original-height=\"357\" > <div class=\"tiled-gallery-item tiled-gallery-item-large\" itemprop=\"associatedMedia\" itemscope itemtype=\"http:\/\/schema.org\/ImageObject\"> <a href=\"https:\/\/www.freidenker.org\/?attachment_id=9042\" border=\"0\" itemprop=\"url\"> <meta itemprop=\"width\" content=\"530\"> <meta itemprop=\"height\" content=\"353\"> <img decoding=\"async\" class=\"\" data-attachment-id=\"9042\" data-orig-file=\"https:\/\/www.freidenker.org\/fw17\/wp-content\/uploads\/2020\/12\/5d0b52545c2981dcb0657e847609f4b0.jpg\" data-orig-size=\"2048,1365\" data-comments-opened=\"\" data-image-meta=\"{&quot;aperture&quot;:&quot;0&quot;,&quot;credit&quot;:&quot;&quot;,&quot;camera&quot;:&quot;&quot;,&quot;caption&quot;:&quot;&quot;,&quot;created_timestamp&quot;:&quot;0&quot;,&quot;copyright&quot;:&quot;freigegeben fuer gewerkschaftliche Zwecke&quot;,&quot;focal_length&quot;:&quot;0&quot;,&quot;iso&quot;:&quot;0&quot;,&quot;shutter_speed&quot;:&quot;0&quot;,&quot;title&quot;:&quot;&quot;,&quot;orientation&quot;:&quot;0&quot;}\" data-image-title=\"5d0b52545c2981dcb0657e847609f4b0\" data-image-description=\"\" data-medium-file=\"https:\/\/i0.wp.com\/www.freidenker.org\/fw17\/wp-content\/uploads\/2020\/12\/5d0b52545c2981dcb0657e847609f4b0.jpg?fit=300%2C200&#038;ssl=1\" data-large-file=\"https:\/\/i0.wp.com\/www.freidenker.org\/fw17\/wp-content\/uploads\/2020\/12\/5d0b52545c2981dcb0657e847609f4b0.jpg?fit=800%2C534&#038;ssl=1\" src=\"https:\/\/i0.wp.com\/www.freidenker.org\/fw17\/wp-content\/uploads\/2020\/12\/5d0b52545c2981dcb0657e847609f4b0.jpg?w=530&#038;h=353&#038;ssl=1\" srcset=\"https:\/\/i0.wp.com\/www.freidenker.org\/fw17\/wp-content\/uploads\/2020\/12\/5d0b52545c2981dcb0657e847609f4b0.jpg?w=2048&amp;ssl=1 2048w, https:\/\/i0.wp.com\/www.freidenker.org\/fw17\/wp-content\/uploads\/2020\/12\/5d0b52545c2981dcb0657e847609f4b0.jpg?resize=300%2C200&amp;ssl=1 300w, https:\/\/i0.wp.com\/www.freidenker.org\/fw17\/wp-content\/uploads\/2020\/12\/5d0b52545c2981dcb0657e847609f4b0.jpg?resize=1024%2C683&amp;ssl=1 1024w, https:\/\/i0.wp.com\/www.freidenker.org\/fw17\/wp-content\/uploads\/2020\/12\/5d0b52545c2981dcb0657e847609f4b0.jpg?resize=768%2C512&amp;ssl=1 768w, https:\/\/i0.wp.com\/www.freidenker.org\/fw17\/wp-content\/uploads\/2020\/12\/5d0b52545c2981dcb0657e847609f4b0.jpg?resize=1536%2C1024&amp;ssl=1 1536w, https:\/\/i0.wp.com\/www.freidenker.org\/fw17\/wp-content\/uploads\/2020\/12\/5d0b52545c2981dcb0657e847609f4b0.jpg?w=1600&amp;ssl=1 1600w\" width=\"530\" height=\"353\" loading=\"lazy\" data-original-width=\"530\" data-original-height=\"353\" itemprop=\"http:\/\/schema.org\/image\" title=\"5d0b52545c2981dcb0657e847609f4b0\" alt=\"Christian Kr\u00e4hling\" style=\"width: 530px; height: 353px;\" \/> <\/a> <div class=\"tiled-gallery-caption\" itemprop=\"caption description\"> Christian Kr\u00e4hling <\/div> <\/div> <\/div> <!-- close group --> <div class=\"gallery-group images-2\" style=\"width: 266px; height: 357px;\" data-original-width=\"266\" data-original-height=\"357\" > <div class=\"tiled-gallery-item tiled-gallery-item-large\" itemprop=\"associatedMedia\" itemscope itemtype=\"http:\/\/schema.org\/ImageObject\"> <a href=\"https:\/\/www.freidenker.org\/?attachment_id=9043\" border=\"0\" itemprop=\"url\"> <meta itemprop=\"width\" content=\"262\"> <meta itemprop=\"height\" content=\"175\"> <img decoding=\"async\" class=\"\" data-attachment-id=\"9043\" data-orig-file=\"https:\/\/www.freidenker.org\/fw17\/wp-content\/uploads\/2020\/12\/33ca13e73025a9329b2c0a6532e3bf2b.jpg\" data-orig-size=\"2048,1365\" data-comments-opened=\"\" data-image-meta=\"{&quot;aperture&quot;:&quot;0&quot;,&quot;credit&quot;:&quot;&quot;,&quot;camera&quot;:&quot;&quot;,&quot;caption&quot;:&quot;&quot;,&quot;created_timestamp&quot;:&quot;0&quot;,&quot;copyright&quot;:&quot;&quot;,&quot;focal_length&quot;:&quot;0&quot;,&quot;iso&quot;:&quot;0&quot;,&quot;shutter_speed&quot;:&quot;0&quot;,&quot;title&quot;:&quot;&quot;,&quot;orientation&quot;:&quot;0&quot;}\" data-image-title=\"33ca13e73025a9329b2c0a6532e3bf2b\" data-image-description=\"\" data-medium-file=\"https:\/\/i0.wp.com\/www.freidenker.org\/fw17\/wp-content\/uploads\/2020\/12\/33ca13e73025a9329b2c0a6532e3bf2b.jpg?fit=300%2C200&#038;ssl=1\" data-large-file=\"https:\/\/i0.wp.com\/www.freidenker.org\/fw17\/wp-content\/uploads\/2020\/12\/33ca13e73025a9329b2c0a6532e3bf2b.jpg?fit=800%2C534&#038;ssl=1\" src=\"https:\/\/i0.wp.com\/www.freidenker.org\/fw17\/wp-content\/uploads\/2020\/12\/33ca13e73025a9329b2c0a6532e3bf2b.jpg?w=262&#038;h=175&#038;ssl=1\" srcset=\"https:\/\/i0.wp.com\/www.freidenker.org\/fw17\/wp-content\/uploads\/2020\/12\/33ca13e73025a9329b2c0a6532e3bf2b.jpg?w=2048&amp;ssl=1 2048w, https:\/\/i0.wp.com\/www.freidenker.org\/fw17\/wp-content\/uploads\/2020\/12\/33ca13e73025a9329b2c0a6532e3bf2b.jpg?resize=300%2C200&amp;ssl=1 300w, https:\/\/i0.wp.com\/www.freidenker.org\/fw17\/wp-content\/uploads\/2020\/12\/33ca13e73025a9329b2c0a6532e3bf2b.jpg?resize=1024%2C683&amp;ssl=1 1024w, https:\/\/i0.wp.com\/www.freidenker.org\/fw17\/wp-content\/uploads\/2020\/12\/33ca13e73025a9329b2c0a6532e3bf2b.jpg?resize=768%2C512&amp;ssl=1 768w, https:\/\/i0.wp.com\/www.freidenker.org\/fw17\/wp-content\/uploads\/2020\/12\/33ca13e73025a9329b2c0a6532e3bf2b.jpg?resize=1536%2C1024&amp;ssl=1 1536w, https:\/\/i0.wp.com\/www.freidenker.org\/fw17\/wp-content\/uploads\/2020\/12\/33ca13e73025a9329b2c0a6532e3bf2b.jpg?w=1600&amp;ssl=1 1600w\" width=\"262\" height=\"175\" loading=\"lazy\" data-original-width=\"262\" data-original-height=\"175\" itemprop=\"http:\/\/schema.org\/image\" title=\"33ca13e73025a9329b2c0a6532e3bf2b\" alt=\"Christian Kr\u00e4hling\" style=\"width: 262px; height: 175px;\" \/> <\/a> <div class=\"tiled-gallery-caption\" itemprop=\"caption description\"> Christian Kr\u00e4hling <\/div> <\/div> <div class=\"tiled-gallery-item tiled-gallery-item-large\" itemprop=\"associatedMedia\" itemscope itemtype=\"http:\/\/schema.org\/ImageObject\"> <a href=\"https:\/\/www.freidenker.org\/?attachment_id=9044\" border=\"0\" itemprop=\"url\"> <meta itemprop=\"width\" content=\"262\"> <meta itemprop=\"height\" content=\"174\"> <img decoding=\"async\" class=\"\" data-attachment-id=\"9044\" data-orig-file=\"https:\/\/www.freidenker.org\/fw17\/wp-content\/uploads\/2020\/12\/37e0dbf83b3626c53ef148e4a7621c44.jpg\" data-orig-size=\"2048,1365\" data-comments-opened=\"\" data-image-meta=\"{&quot;aperture&quot;:&quot;0&quot;,&quot;credit&quot;:&quot;&quot;,&quot;camera&quot;:&quot;&quot;,&quot;caption&quot;:&quot;&quot;,&quot;created_timestamp&quot;:&quot;0&quot;,&quot;copyright&quot;:&quot;Frei f\\u00fcr gewerkschaftliche Zwecke\\rFototeam ver.di Hessen, Andreas Gangl&quot;,&quot;focal_length&quot;:&quot;0&quot;,&quot;iso&quot;:&quot;0&quot;,&quot;shutter_speed&quot;:&quot;0&quot;,&quot;title&quot;:&quot;&quot;,&quot;orientation&quot;:&quot;0&quot;}\" data-image-title=\"37e0dbf83b3626c53ef148e4a7621c44\" data-image-description=\"\" data-medium-file=\"https:\/\/i0.wp.com\/www.freidenker.org\/fw17\/wp-content\/uploads\/2020\/12\/37e0dbf83b3626c53ef148e4a7621c44.jpg?fit=300%2C200&#038;ssl=1\" data-large-file=\"https:\/\/i0.wp.com\/www.freidenker.org\/fw17\/wp-content\/uploads\/2020\/12\/37e0dbf83b3626c53ef148e4a7621c44.jpg?fit=800%2C534&#038;ssl=1\" src=\"https:\/\/i0.wp.com\/www.freidenker.org\/fw17\/wp-content\/uploads\/2020\/12\/37e0dbf83b3626c53ef148e4a7621c44.jpg?w=262&#038;h=174&#038;ssl=1\" srcset=\"https:\/\/i0.wp.com\/www.freidenker.org\/fw17\/wp-content\/uploads\/2020\/12\/37e0dbf83b3626c53ef148e4a7621c44.jpg?w=2048&amp;ssl=1 2048w, https:\/\/i0.wp.com\/www.freidenker.org\/fw17\/wp-content\/uploads\/2020\/12\/37e0dbf83b3626c53ef148e4a7621c44.jpg?resize=300%2C200&amp;ssl=1 300w, https:\/\/i0.wp.com\/www.freidenker.org\/fw17\/wp-content\/uploads\/2020\/12\/37e0dbf83b3626c53ef148e4a7621c44.jpg?resize=1024%2C683&amp;ssl=1 1024w, https:\/\/i0.wp.com\/www.freidenker.org\/fw17\/wp-content\/uploads\/2020\/12\/37e0dbf83b3626c53ef148e4a7621c44.jpg?resize=768%2C512&amp;ssl=1 768w, https:\/\/i0.wp.com\/www.freidenker.org\/fw17\/wp-content\/uploads\/2020\/12\/37e0dbf83b3626c53ef148e4a7621c44.jpg?resize=1536%2C1024&amp;ssl=1 1536w, https:\/\/i0.wp.com\/www.freidenker.org\/fw17\/wp-content\/uploads\/2020\/12\/37e0dbf83b3626c53ef148e4a7621c44.jpg?w=1600&amp;ssl=1 1600w\" width=\"262\" height=\"174\" loading=\"lazy\" data-original-width=\"262\" data-original-height=\"174\" itemprop=\"http:\/\/schema.org\/image\" title=\"37e0dbf83b3626c53ef148e4a7621c44\" alt=\"Christian Kr\u00e4hling\" style=\"width: 262px; height: 174px;\" \/> <\/a> <div class=\"tiled-gallery-caption\" itemprop=\"caption description\"> Christian Kr\u00e4hling <\/div> <\/div> <\/div> <!-- close group --> <\/div> <!-- close row --> <div class=\"gallery-row\" style=\"width: 800px; height: 364px;\" data-original-width=\"800\" data-original-height=\"364\" > <div class=\"gallery-group images-2\" style=\"width: 255px; height: 364px;\" data-original-width=\"255\" data-original-height=\"364\" > <div class=\"tiled-gallery-item tiled-gallery-item-large\" itemprop=\"associatedMedia\" itemscope itemtype=\"http:\/\/schema.org\/ImageObject\"> <a href=\"https:\/\/www.freidenker.org\/?attachment_id=9045\" border=\"0\" itemprop=\"url\"> <meta itemprop=\"width\" content=\"251\"> <meta itemprop=\"height\" content=\"188\"> <img decoding=\"async\" class=\"\" data-attachment-id=\"9045\" data-orig-file=\"https:\/\/www.freidenker.org\/fw17\/wp-content\/uploads\/2020\/12\/55a59f435c1b5b6faf6fd6cb100c8120.jpg\" data-orig-size=\"2048,1536\" data-comments-opened=\"\" data-image-meta=\"{&quot;aperture&quot;:&quot;0&quot;,&quot;credit&quot;:&quot;&quot;,&quot;camera&quot;:&quot;&quot;,&quot;caption&quot;:&quot;&quot;,&quot;created_timestamp&quot;:&quot;0&quot;,&quot;copyright&quot;:&quot;&quot;,&quot;focal_length&quot;:&quot;0&quot;,&quot;iso&quot;:&quot;0&quot;,&quot;shutter_speed&quot;:&quot;0&quot;,&quot;title&quot;:&quot;&quot;,&quot;orientation&quot;:&quot;0&quot;}\" data-image-title=\"55a59f435c1b5b6faf6fd6cb100c8120\" data-image-description=\"\" data-medium-file=\"https:\/\/i0.wp.com\/www.freidenker.org\/fw17\/wp-content\/uploads\/2020\/12\/55a59f435c1b5b6faf6fd6cb100c8120.jpg?fit=300%2C225&#038;ssl=1\" data-large-file=\"https:\/\/i0.wp.com\/www.freidenker.org\/fw17\/wp-content\/uploads\/2020\/12\/55a59f435c1b5b6faf6fd6cb100c8120.jpg?fit=800%2C600&#038;ssl=1\" src=\"https:\/\/i0.wp.com\/www.freidenker.org\/fw17\/wp-content\/uploads\/2020\/12\/55a59f435c1b5b6faf6fd6cb100c8120.jpg?w=251&#038;h=188&#038;ssl=1\" srcset=\"https:\/\/i0.wp.com\/www.freidenker.org\/fw17\/wp-content\/uploads\/2020\/12\/55a59f435c1b5b6faf6fd6cb100c8120.jpg?w=2048&amp;ssl=1 2048w, https:\/\/i0.wp.com\/www.freidenker.org\/fw17\/wp-content\/uploads\/2020\/12\/55a59f435c1b5b6faf6fd6cb100c8120.jpg?resize=300%2C225&amp;ssl=1 300w, https:\/\/i0.wp.com\/www.freidenker.org\/fw17\/wp-content\/uploads\/2020\/12\/55a59f435c1b5b6faf6fd6cb100c8120.jpg?resize=1024%2C768&amp;ssl=1 1024w, https:\/\/i0.wp.com\/www.freidenker.org\/fw17\/wp-content\/uploads\/2020\/12\/55a59f435c1b5b6faf6fd6cb100c8120.jpg?resize=768%2C576&amp;ssl=1 768w, https:\/\/i0.wp.com\/www.freidenker.org\/fw17\/wp-content\/uploads\/2020\/12\/55a59f435c1b5b6faf6fd6cb100c8120.jpg?resize=1536%2C1152&amp;ssl=1 1536w, https:\/\/i0.wp.com\/www.freidenker.org\/fw17\/wp-content\/uploads\/2020\/12\/55a59f435c1b5b6faf6fd6cb100c8120.jpg?w=1600&amp;ssl=1 1600w\" width=\"251\" height=\"188\" loading=\"lazy\" data-original-width=\"251\" data-original-height=\"188\" itemprop=\"http:\/\/schema.org\/image\" title=\"55a59f435c1b5b6faf6fd6cb100c8120\" alt=\"Christian Kr\u00e4hling\" style=\"width: 251px; height: 188px;\" \/> <\/a> <div class=\"tiled-gallery-caption\" itemprop=\"caption description\"> Christian Kr\u00e4hling <\/div> <\/div> <div class=\"tiled-gallery-item tiled-gallery-item-large\" itemprop=\"associatedMedia\" itemscope itemtype=\"http:\/\/schema.org\/ImageObject\"> <a href=\"https:\/\/www.freidenker.org\/?attachment_id=9046\" border=\"0\" itemprop=\"url\"> <meta itemprop=\"width\" content=\"251\"> <meta itemprop=\"height\" content=\"168\"> <img decoding=\"async\" class=\"\" data-attachment-id=\"9046\" data-orig-file=\"https:\/\/www.freidenker.org\/fw17\/wp-content\/uploads\/2020\/12\/53970e0cfa2abebfda5e1399eef9c30c.jpg\" data-orig-size=\"2048,1365\" data-comments-opened=\"\" data-image-meta=\"{&quot;aperture&quot;:&quot;0&quot;,&quot;credit&quot;:&quot;&quot;,&quot;camera&quot;:&quot;&quot;,&quot;caption&quot;:&quot;&quot;,&quot;created_timestamp&quot;:&quot;0&quot;,&quot;copyright&quot;:&quot;frei f\\u00fcr Gewerkschaften&quot;,&quot;focal_length&quot;:&quot;0&quot;,&quot;iso&quot;:&quot;0&quot;,&quot;shutter_speed&quot;:&quot;0&quot;,&quot;title&quot;:&quot;&quot;,&quot;orientation&quot;:&quot;0&quot;}\" data-image-title=\"53970e0cfa2abebfda5e1399eef9c30c\" data-image-description=\"\" data-medium-file=\"https:\/\/i0.wp.com\/www.freidenker.org\/fw17\/wp-content\/uploads\/2020\/12\/53970e0cfa2abebfda5e1399eef9c30c.jpg?fit=300%2C200&#038;ssl=1\" data-large-file=\"https:\/\/i0.wp.com\/www.freidenker.org\/fw17\/wp-content\/uploads\/2020\/12\/53970e0cfa2abebfda5e1399eef9c30c.jpg?fit=800%2C534&#038;ssl=1\" src=\"https:\/\/i0.wp.com\/www.freidenker.org\/fw17\/wp-content\/uploads\/2020\/12\/53970e0cfa2abebfda5e1399eef9c30c.jpg?w=251&#038;h=168&#038;ssl=1\" srcset=\"https:\/\/i0.wp.com\/www.freidenker.org\/fw17\/wp-content\/uploads\/2020\/12\/53970e0cfa2abebfda5e1399eef9c30c.jpg?w=2048&amp;ssl=1 2048w, https:\/\/i0.wp.com\/www.freidenker.org\/fw17\/wp-content\/uploads\/2020\/12\/53970e0cfa2abebfda5e1399eef9c30c.jpg?resize=300%2C200&amp;ssl=1 300w, https:\/\/i0.wp.com\/www.freidenker.org\/fw17\/wp-content\/uploads\/2020\/12\/53970e0cfa2abebfda5e1399eef9c30c.jpg?resize=1024%2C683&amp;ssl=1 1024w, https:\/\/i0.wp.com\/www.freidenker.org\/fw17\/wp-content\/uploads\/2020\/12\/53970e0cfa2abebfda5e1399eef9c30c.jpg?resize=768%2C512&amp;ssl=1 768w, https:\/\/i0.wp.com\/www.freidenker.org\/fw17\/wp-content\/uploads\/2020\/12\/53970e0cfa2abebfda5e1399eef9c30c.jpg?resize=1536%2C1024&amp;ssl=1 1536w, https:\/\/i0.wp.com\/www.freidenker.org\/fw17\/wp-content\/uploads\/2020\/12\/53970e0cfa2abebfda5e1399eef9c30c.jpg?w=1600&amp;ssl=1 1600w\" width=\"251\" height=\"168\" loading=\"lazy\" data-original-width=\"251\" data-original-height=\"168\" itemprop=\"http:\/\/schema.org\/image\" title=\"53970e0cfa2abebfda5e1399eef9c30c\" alt=\"Christian Kr\u00e4hling\" style=\"width: 251px; height: 168px;\" \/> <\/a> <div class=\"tiled-gallery-caption\" itemprop=\"caption description\"> Christian Kr\u00e4hling <\/div> <\/div> <\/div> <!-- close group --> <div class=\"gallery-group images-1\" style=\"width: 545px; height: 364px;\" data-original-width=\"545\" data-original-height=\"364\" > <div class=\"tiled-gallery-item tiled-gallery-item-large\" itemprop=\"associatedMedia\" itemscope itemtype=\"http:\/\/schema.org\/ImageObject\"> <a href=\"https:\/\/www.freidenker.org\/?attachment_id=9047\" border=\"0\" itemprop=\"url\"> <meta itemprop=\"width\" content=\"541\"> <meta itemprop=\"height\" content=\"360\"> <img decoding=\"async\" class=\"\" data-attachment-id=\"9047\" data-orig-file=\"https:\/\/www.freidenker.org\/fw17\/wp-content\/uploads\/2020\/12\/9026497692cde621c8698530980ea974.jpg\" data-orig-size=\"2048,1365\" data-comments-opened=\"\" data-image-meta=\"{&quot;aperture&quot;:&quot;0&quot;,&quot;credit&quot;:&quot;&quot;,&quot;camera&quot;:&quot;&quot;,&quot;caption&quot;:&quot;&quot;,&quot;created_timestamp&quot;:&quot;0&quot;,&quot;copyright&quot;:&quot;freigegeben fuer gewerkschaftliche Zwecke&quot;,&quot;focal_length&quot;:&quot;0&quot;,&quot;iso&quot;:&quot;0&quot;,&quot;shutter_speed&quot;:&quot;0&quot;,&quot;title&quot;:&quot;&quot;,&quot;orientation&quot;:&quot;0&quot;}\" data-image-title=\"9026497692cde621c8698530980ea974\" data-image-description=\"\" data-medium-file=\"https:\/\/i0.wp.com\/www.freidenker.org\/fw17\/wp-content\/uploads\/2020\/12\/9026497692cde621c8698530980ea974.jpg?fit=300%2C200&#038;ssl=1\" data-large-file=\"https:\/\/i0.wp.com\/www.freidenker.org\/fw17\/wp-content\/uploads\/2020\/12\/9026497692cde621c8698530980ea974.jpg?fit=800%2C534&#038;ssl=1\" src=\"https:\/\/i0.wp.com\/www.freidenker.org\/fw17\/wp-content\/uploads\/2020\/12\/9026497692cde621c8698530980ea974.jpg?w=541&#038;h=360&#038;ssl=1\" srcset=\"https:\/\/i0.wp.com\/www.freidenker.org\/fw17\/wp-content\/uploads\/2020\/12\/9026497692cde621c8698530980ea974.jpg?w=2048&amp;ssl=1 2048w, https:\/\/i0.wp.com\/www.freidenker.org\/fw17\/wp-content\/uploads\/2020\/12\/9026497692cde621c8698530980ea974.jpg?resize=300%2C200&amp;ssl=1 300w, https:\/\/i0.wp.com\/www.freidenker.org\/fw17\/wp-content\/uploads\/2020\/12\/9026497692cde621c8698530980ea974.jpg?resize=1024%2C683&amp;ssl=1 1024w, https:\/\/i0.wp.com\/www.freidenker.org\/fw17\/wp-content\/uploads\/2020\/12\/9026497692cde621c8698530980ea974.jpg?resize=768%2C512&amp;ssl=1 768w, https:\/\/i0.wp.com\/www.freidenker.org\/fw17\/wp-content\/uploads\/2020\/12\/9026497692cde621c8698530980ea974.jpg?resize=1536%2C1024&amp;ssl=1 1536w, https:\/\/i0.wp.com\/www.freidenker.org\/fw17\/wp-content\/uploads\/2020\/12\/9026497692cde621c8698530980ea974.jpg?w=1600&amp;ssl=1 1600w\" width=\"541\" height=\"360\" loading=\"lazy\" data-original-width=\"541\" data-original-height=\"360\" itemprop=\"http:\/\/schema.org\/image\" title=\"9026497692cde621c8698530980ea974\" alt=\"Christian Kr\u00e4hling\" style=\"width: 541px; height: 360px;\" \/> <\/a> <div class=\"tiled-gallery-caption\" itemprop=\"caption description\"> Christian Kr\u00e4hling <\/div> <\/div> <\/div> <!-- close group --> <\/div> <!-- close row --> <div class=\"gallery-row\" style=\"width: 800px; height: 268px;\" data-original-width=\"800\" data-original-height=\"268\" > <div class=\"gallery-group images-1\" style=\"width: 400px; height: 268px;\" data-original-width=\"400\" data-original-height=\"268\" > <div class=\"tiled-gallery-item tiled-gallery-item-large\" itemprop=\"associatedMedia\" itemscope itemtype=\"http:\/\/schema.org\/ImageObject\"> <a href=\"https:\/\/www.freidenker.org\/?attachment_id=9048\" border=\"0\" itemprop=\"url\"> <meta itemprop=\"width\" content=\"396\"> <meta itemprop=\"height\" content=\"264\"> <img decoding=\"async\" class=\"\" data-attachment-id=\"9048\" data-orig-file=\"https:\/\/www.freidenker.org\/fw17\/wp-content\/uploads\/2020\/12\/a4292fca1dd248501312bd70bc74886e.jpg\" data-orig-size=\"2048,1365\" data-comments-opened=\"\" data-image-meta=\"{&quot;aperture&quot;:&quot;0&quot;,&quot;credit&quot;:&quot;&quot;,&quot;camera&quot;:&quot;&quot;,&quot;caption&quot;:&quot;&quot;,&quot;created_timestamp&quot;:&quot;0&quot;,&quot;copyright&quot;:&quot;freigegeben fuer gewerkschaftliche Zwecke&quot;,&quot;focal_length&quot;:&quot;0&quot;,&quot;iso&quot;:&quot;0&quot;,&quot;shutter_speed&quot;:&quot;0&quot;,&quot;title&quot;:&quot;&quot;,&quot;orientation&quot;:&quot;0&quot;}\" data-image-title=\"a4292fca1dd248501312bd70bc74886e\" data-image-description=\"\" data-medium-file=\"https:\/\/i0.wp.com\/www.freidenker.org\/fw17\/wp-content\/uploads\/2020\/12\/a4292fca1dd248501312bd70bc74886e.jpg?fit=300%2C200&#038;ssl=1\" data-large-file=\"https:\/\/i0.wp.com\/www.freidenker.org\/fw17\/wp-content\/uploads\/2020\/12\/a4292fca1dd248501312bd70bc74886e.jpg?fit=800%2C534&#038;ssl=1\" src=\"https:\/\/i0.wp.com\/www.freidenker.org\/fw17\/wp-content\/uploads\/2020\/12\/a4292fca1dd248501312bd70bc74886e.jpg?w=396&#038;h=264&#038;ssl=1\" srcset=\"https:\/\/i0.wp.com\/www.freidenker.org\/fw17\/wp-content\/uploads\/2020\/12\/a4292fca1dd248501312bd70bc74886e.jpg?w=2048&amp;ssl=1 2048w, https:\/\/i0.wp.com\/www.freidenker.org\/fw17\/wp-content\/uploads\/2020\/12\/a4292fca1dd248501312bd70bc74886e.jpg?resize=300%2C200&amp;ssl=1 300w, https:\/\/i0.wp.com\/www.freidenker.org\/fw17\/wp-content\/uploads\/2020\/12\/a4292fca1dd248501312bd70bc74886e.jpg?resize=1024%2C683&amp;ssl=1 1024w, https:\/\/i0.wp.com\/www.freidenker.org\/fw17\/wp-content\/uploads\/2020\/12\/a4292fca1dd248501312bd70bc74886e.jpg?resize=768%2C512&amp;ssl=1 768w, https:\/\/i0.wp.com\/www.freidenker.org\/fw17\/wp-content\/uploads\/2020\/12\/a4292fca1dd248501312bd70bc74886e.jpg?resize=1536%2C1024&amp;ssl=1 1536w, https:\/\/i0.wp.com\/www.freidenker.org\/fw17\/wp-content\/uploads\/2020\/12\/a4292fca1dd248501312bd70bc74886e.jpg?w=1600&amp;ssl=1 1600w\" width=\"396\" height=\"264\" loading=\"lazy\" data-original-width=\"396\" data-original-height=\"264\" itemprop=\"http:\/\/schema.org\/image\" title=\"a4292fca1dd248501312bd70bc74886e\" alt=\"Christian Kr\u00e4hling\" style=\"width: 396px; height: 264px;\" \/> <\/a> <div class=\"tiled-gallery-caption\" itemprop=\"caption description\"> Christian Kr\u00e4hling <\/div> <\/div> <\/div> <!-- close group --> <div class=\"gallery-group images-1\" style=\"width: 400px; height: 268px;\" data-original-width=\"400\" data-original-height=\"268\" > <div class=\"tiled-gallery-item tiled-gallery-item-large\" itemprop=\"associatedMedia\" itemscope itemtype=\"http:\/\/schema.org\/ImageObject\"> <a href=\"https:\/\/www.freidenker.org\/?attachment_id=9049\" border=\"0\" itemprop=\"url\"> <meta itemprop=\"width\" content=\"396\"> <meta itemprop=\"height\" content=\"264\"> <img decoding=\"async\" class=\"\" data-attachment-id=\"9049\" data-orig-file=\"https:\/\/www.freidenker.org\/fw17\/wp-content\/uploads\/2020\/12\/a2004727cf3c7bc9afae0b22c1017a7c.jpg\" data-orig-size=\"2048,1365\" data-comments-opened=\"\" data-image-meta=\"{&quot;aperture&quot;:&quot;0&quot;,&quot;credit&quot;:&quot;&quot;,&quot;camera&quot;:&quot;&quot;,&quot;caption&quot;:&quot;&quot;,&quot;created_timestamp&quot;:&quot;0&quot;,&quot;copyright&quot;:&quot;freigegeben fuer gewerkschaftliche Zwecke&quot;,&quot;focal_length&quot;:&quot;0&quot;,&quot;iso&quot;:&quot;0&quot;,&quot;shutter_speed&quot;:&quot;0&quot;,&quot;title&quot;:&quot;&quot;,&quot;orientation&quot;:&quot;0&quot;}\" data-image-title=\"a2004727cf3c7bc9afae0b22c1017a7c\" data-image-description=\"\" data-medium-file=\"https:\/\/i0.wp.com\/www.freidenker.org\/fw17\/wp-content\/uploads\/2020\/12\/a2004727cf3c7bc9afae0b22c1017a7c.jpg?fit=300%2C200&#038;ssl=1\" data-large-file=\"https:\/\/i0.wp.com\/www.freidenker.org\/fw17\/wp-content\/uploads\/2020\/12\/a2004727cf3c7bc9afae0b22c1017a7c.jpg?fit=800%2C534&#038;ssl=1\" src=\"https:\/\/i0.wp.com\/www.freidenker.org\/fw17\/wp-content\/uploads\/2020\/12\/a2004727cf3c7bc9afae0b22c1017a7c.jpg?w=396&#038;h=264&#038;ssl=1\" srcset=\"https:\/\/i0.wp.com\/www.freidenker.org\/fw17\/wp-content\/uploads\/2020\/12\/a2004727cf3c7bc9afae0b22c1017a7c.jpg?w=2048&amp;ssl=1 2048w, https:\/\/i0.wp.com\/www.freidenker.org\/fw17\/wp-content\/uploads\/2020\/12\/a2004727cf3c7bc9afae0b22c1017a7c.jpg?resize=300%2C200&amp;ssl=1 300w, https:\/\/i0.wp.com\/www.freidenker.org\/fw17\/wp-content\/uploads\/2020\/12\/a2004727cf3c7bc9afae0b22c1017a7c.jpg?resize=1024%2C683&amp;ssl=1 1024w, https:\/\/i0.wp.com\/www.freidenker.org\/fw17\/wp-content\/uploads\/2020\/12\/a2004727cf3c7bc9afae0b22c1017a7c.jpg?resize=768%2C512&amp;ssl=1 768w, https:\/\/i0.wp.com\/www.freidenker.org\/fw17\/wp-content\/uploads\/2020\/12\/a2004727cf3c7bc9afae0b22c1017a7c.jpg?resize=1536%2C1024&amp;ssl=1 1536w, https:\/\/i0.wp.com\/www.freidenker.org\/fw17\/wp-content\/uploads\/2020\/12\/a2004727cf3c7bc9afae0b22c1017a7c.jpg?w=1600&amp;ssl=1 1600w\" width=\"396\" height=\"264\" loading=\"lazy\" data-original-width=\"396\" data-original-height=\"264\" itemprop=\"http:\/\/schema.org\/image\" title=\"a2004727cf3c7bc9afae0b22c1017a7c\" alt=\"Christian Kr\u00e4hling\" style=\"width: 396px; height: 264px;\" \/> <\/a> <div class=\"tiled-gallery-caption\" itemprop=\"caption description\"> Christian Kr\u00e4hling <\/div> <\/div> <\/div> <!-- close group --> <\/div> <!-- close row --> <div class=\"gallery-row\" style=\"width: 800px; height: 135px;\" data-original-width=\"800\" data-original-height=\"135\" > <div class=\"gallery-group images-1\" style=\"width: 200px; height: 135px;\" data-original-width=\"200\" data-original-height=\"135\" > <div class=\"tiled-gallery-item tiled-gallery-item-small\" itemprop=\"associatedMedia\" itemscope itemtype=\"http:\/\/schema.org\/ImageObject\"> <a href=\"https:\/\/www.freidenker.org\/?attachment_id=9050\" border=\"0\" itemprop=\"url\"> <meta itemprop=\"width\" content=\"196\"> <meta itemprop=\"height\" content=\"131\"> <img decoding=\"async\" class=\"\" data-attachment-id=\"9050\" data-orig-file=\"https:\/\/www.freidenker.org\/fw17\/wp-content\/uploads\/2020\/12\/beeba44adbbe7ae115161d0983c05d04.jpg\" data-orig-size=\"2048,1365\" data-comments-opened=\"\" data-image-meta=\"{&quot;aperture&quot;:&quot;0&quot;,&quot;credit&quot;:&quot;&quot;,&quot;camera&quot;:&quot;&quot;,&quot;caption&quot;:&quot;&quot;,&quot;created_timestamp&quot;:&quot;0&quot;,&quot;copyright&quot;:&quot;(c) andreas.gangl@gershausen.de&quot;,&quot;focal_length&quot;:&quot;0&quot;,&quot;iso&quot;:&quot;0&quot;,&quot;shutter_speed&quot;:&quot;0&quot;,&quot;title&quot;:&quot;&quot;,&quot;orientation&quot;:&quot;0&quot;}\" data-image-title=\"beeba44adbbe7ae115161d0983c05d04\" data-image-description=\"\" data-medium-file=\"https:\/\/i0.wp.com\/www.freidenker.org\/fw17\/wp-content\/uploads\/2020\/12\/beeba44adbbe7ae115161d0983c05d04.jpg?fit=300%2C200&#038;ssl=1\" data-large-file=\"https:\/\/i0.wp.com\/www.freidenker.org\/fw17\/wp-content\/uploads\/2020\/12\/beeba44adbbe7ae115161d0983c05d04.jpg?fit=800%2C534&#038;ssl=1\" src=\"https:\/\/i0.wp.com\/www.freidenker.org\/fw17\/wp-content\/uploads\/2020\/12\/beeba44adbbe7ae115161d0983c05d04.jpg?w=196&#038;h=131&#038;ssl=1\" srcset=\"https:\/\/i0.wp.com\/www.freidenker.org\/fw17\/wp-content\/uploads\/2020\/12\/beeba44adbbe7ae115161d0983c05d04.jpg?w=2048&amp;ssl=1 2048w, https:\/\/i0.wp.com\/www.freidenker.org\/fw17\/wp-content\/uploads\/2020\/12\/beeba44adbbe7ae115161d0983c05d04.jpg?resize=300%2C200&amp;ssl=1 300w, https:\/\/i0.wp.com\/www.freidenker.org\/fw17\/wp-content\/uploads\/2020\/12\/beeba44adbbe7ae115161d0983c05d04.jpg?resize=1024%2C683&amp;ssl=1 1024w, https:\/\/i0.wp.com\/www.freidenker.org\/fw17\/wp-content\/uploads\/2020\/12\/beeba44adbbe7ae115161d0983c05d04.jpg?resize=768%2C512&amp;ssl=1 768w, https:\/\/i0.wp.com\/www.freidenker.org\/fw17\/wp-content\/uploads\/2020\/12\/beeba44adbbe7ae115161d0983c05d04.jpg?resize=1536%2C1024&amp;ssl=1 1536w, https:\/\/i0.wp.com\/www.freidenker.org\/fw17\/wp-content\/uploads\/2020\/12\/beeba44adbbe7ae115161d0983c05d04.jpg?w=1600&amp;ssl=1 1600w\" width=\"196\" height=\"131\" loading=\"lazy\" data-original-width=\"196\" data-original-height=\"131\" itemprop=\"http:\/\/schema.org\/image\" title=\"beeba44adbbe7ae115161d0983c05d04\" alt=\"Christian Kr\u00e4hling\" style=\"width: 196px; height: 131px;\" \/> <\/a> <div class=\"tiled-gallery-caption\" itemprop=\"caption description\"> Christian Kr\u00e4hling <\/div> <\/div> <\/div> <!-- close group --> <div class=\"gallery-group images-1\" style=\"width: 200px; height: 135px;\" data-original-width=\"200\" data-original-height=\"135\" > <div class=\"tiled-gallery-item tiled-gallery-item-small\" itemprop=\"associatedMedia\" itemscope itemtype=\"http:\/\/schema.org\/ImageObject\"> <a href=\"https:\/\/www.freidenker.org\/?attachment_id=9051\" border=\"0\" itemprop=\"url\"> <meta itemprop=\"width\" content=\"196\"> <meta itemprop=\"height\" content=\"131\"> <img decoding=\"async\" class=\"\" data-attachment-id=\"9051\" data-orig-file=\"https:\/\/www.freidenker.org\/fw17\/wp-content\/uploads\/2020\/12\/da563e3fa958c7c427fc2b563b1abcbd.jpg\" data-orig-size=\"2048,1365\" data-comments-opened=\"\" data-image-meta=\"{&quot;aperture&quot;:&quot;0&quot;,&quot;credit&quot;:&quot;&quot;,&quot;camera&quot;:&quot;&quot;,&quot;caption&quot;:&quot;&quot;,&quot;created_timestamp&quot;:&quot;0&quot;,&quot;copyright&quot;:&quot;&quot;,&quot;focal_length&quot;:&quot;0&quot;,&quot;iso&quot;:&quot;0&quot;,&quot;shutter_speed&quot;:&quot;0&quot;,&quot;title&quot;:&quot;&quot;,&quot;orientation&quot;:&quot;0&quot;}\" data-image-title=\"da563e3fa958c7c427fc2b563b1abcbd\" data-image-description=\"\" data-medium-file=\"https:\/\/i0.wp.com\/www.freidenker.org\/fw17\/wp-content\/uploads\/2020\/12\/da563e3fa958c7c427fc2b563b1abcbd.jpg?fit=300%2C200&#038;ssl=1\" data-large-file=\"https:\/\/i0.wp.com\/www.freidenker.org\/fw17\/wp-content\/uploads\/2020\/12\/da563e3fa958c7c427fc2b563b1abcbd.jpg?fit=800%2C534&#038;ssl=1\" src=\"https:\/\/i0.wp.com\/www.freidenker.org\/fw17\/wp-content\/uploads\/2020\/12\/da563e3fa958c7c427fc2b563b1abcbd.jpg?w=196&#038;h=131&#038;ssl=1\" srcset=\"https:\/\/i0.wp.com\/www.freidenker.org\/fw17\/wp-content\/uploads\/2020\/12\/da563e3fa958c7c427fc2b563b1abcbd.jpg?w=2048&amp;ssl=1 2048w, https:\/\/i0.wp.com\/www.freidenker.org\/fw17\/wp-content\/uploads\/2020\/12\/da563e3fa958c7c427fc2b563b1abcbd.jpg?resize=300%2C200&amp;ssl=1 300w, https:\/\/i0.wp.com\/www.freidenker.org\/fw17\/wp-content\/uploads\/2020\/12\/da563e3fa958c7c427fc2b563b1abcbd.jpg?resize=1024%2C683&amp;ssl=1 1024w, https:\/\/i0.wp.com\/www.freidenker.org\/fw17\/wp-content\/uploads\/2020\/12\/da563e3fa958c7c427fc2b563b1abcbd.jpg?resize=768%2C512&amp;ssl=1 768w, https:\/\/i0.wp.com\/www.freidenker.org\/fw17\/wp-content\/uploads\/2020\/12\/da563e3fa958c7c427fc2b563b1abcbd.jpg?resize=1536%2C1024&amp;ssl=1 1536w, https:\/\/i0.wp.com\/www.freidenker.org\/fw17\/wp-content\/uploads\/2020\/12\/da563e3fa958c7c427fc2b563b1abcbd.jpg?w=1600&amp;ssl=1 1600w\" width=\"196\" height=\"131\" loading=\"lazy\" data-original-width=\"196\" data-original-height=\"131\" itemprop=\"http:\/\/schema.org\/image\" title=\"da563e3fa958c7c427fc2b563b1abcbd\" alt=\"Christian Kr\u00e4hling\" style=\"width: 196px; height: 131px;\" \/> <\/a> <div class=\"tiled-gallery-caption\" itemprop=\"caption description\"> Christian Kr\u00e4hling <\/div> <\/div> <\/div> <!-- close group --> <div class=\"gallery-group images-1\" style=\"width: 200px; height: 135px;\" data-original-width=\"200\" data-original-height=\"135\" > <div class=\"tiled-gallery-item tiled-gallery-item-small\" itemprop=\"associatedMedia\" itemscope itemtype=\"http:\/\/schema.org\/ImageObject\"> <a href=\"https:\/\/www.freidenker.org\/?attachment_id=9052\" border=\"0\" itemprop=\"url\"> <meta itemprop=\"width\" content=\"196\"> <meta itemprop=\"height\" content=\"131\"> <img decoding=\"async\" class=\"\" data-attachment-id=\"9052\" data-orig-file=\"https:\/\/www.freidenker.org\/fw17\/wp-content\/uploads\/2020\/12\/e60e9327ae78294ea23381f99f4fd7f6.jpg\" data-orig-size=\"2048,1365\" data-comments-opened=\"\" data-image-meta=\"{&quot;aperture&quot;:&quot;0&quot;,&quot;credit&quot;:&quot;&quot;,&quot;camera&quot;:&quot;&quot;,&quot;caption&quot;:&quot;&quot;,&quot;created_timestamp&quot;:&quot;0&quot;,&quot;copyright&quot;:&quot;Frei f\\u00fcr Gewerkschaftliche Zwecke&quot;,&quot;focal_length&quot;:&quot;0&quot;,&quot;iso&quot;:&quot;0&quot;,&quot;shutter_speed&quot;:&quot;0&quot;,&quot;title&quot;:&quot;&quot;,&quot;orientation&quot;:&quot;0&quot;}\" data-image-title=\"e60e9327ae78294ea23381f99f4fd7f6\" data-image-description=\"\" data-medium-file=\"https:\/\/i0.wp.com\/www.freidenker.org\/fw17\/wp-content\/uploads\/2020\/12\/e60e9327ae78294ea23381f99f4fd7f6.jpg?fit=300%2C200&#038;ssl=1\" data-large-file=\"https:\/\/i0.wp.com\/www.freidenker.org\/fw17\/wp-content\/uploads\/2020\/12\/e60e9327ae78294ea23381f99f4fd7f6.jpg?fit=800%2C534&#038;ssl=1\" src=\"https:\/\/i0.wp.com\/www.freidenker.org\/fw17\/wp-content\/uploads\/2020\/12\/e60e9327ae78294ea23381f99f4fd7f6.jpg?w=196&#038;h=131&#038;ssl=1\" srcset=\"https:\/\/i0.wp.com\/www.freidenker.org\/fw17\/wp-content\/uploads\/2020\/12\/e60e9327ae78294ea23381f99f4fd7f6.jpg?w=2048&amp;ssl=1 2048w, https:\/\/i0.wp.com\/www.freidenker.org\/fw17\/wp-content\/uploads\/2020\/12\/e60e9327ae78294ea23381f99f4fd7f6.jpg?resize=300%2C200&amp;ssl=1 300w, https:\/\/i0.wp.com\/www.freidenker.org\/fw17\/wp-content\/uploads\/2020\/12\/e60e9327ae78294ea23381f99f4fd7f6.jpg?resize=1024%2C683&amp;ssl=1 1024w, https:\/\/i0.wp.com\/www.freidenker.org\/fw17\/wp-content\/uploads\/2020\/12\/e60e9327ae78294ea23381f99f4fd7f6.jpg?resize=768%2C512&amp;ssl=1 768w, https:\/\/i0.wp.com\/www.freidenker.org\/fw17\/wp-content\/uploads\/2020\/12\/e60e9327ae78294ea23381f99f4fd7f6.jpg?resize=1536%2C1024&amp;ssl=1 1536w, https:\/\/i0.wp.com\/www.freidenker.org\/fw17\/wp-content\/uploads\/2020\/12\/e60e9327ae78294ea23381f99f4fd7f6.jpg?w=1600&amp;ssl=1 1600w\" width=\"196\" height=\"131\" loading=\"lazy\" data-original-width=\"196\" data-original-height=\"131\" itemprop=\"http:\/\/schema.org\/image\" title=\"e60e9327ae78294ea23381f99f4fd7f6\" alt=\"Christian Kr\u00e4hling\" style=\"width: 196px; height: 131px;\" \/> <\/a> <div class=\"tiled-gallery-caption\" itemprop=\"caption description\"> Christian Kr\u00e4hling <\/div> <\/div> <\/div> <!-- close group --> <div class=\"gallery-group images-1\" style=\"width: 200px; height: 135px;\" data-original-width=\"200\" data-original-height=\"135\" > <div class=\"tiled-gallery-item tiled-gallery-item-small\" itemprop=\"associatedMedia\" itemscope itemtype=\"http:\/\/schema.org\/ImageObject\"> <a href=\"https:\/\/www.freidenker.org\/?attachment_id=9053\" border=\"0\" itemprop=\"url\"> <meta itemprop=\"width\" content=\"196\"> <meta itemprop=\"height\" content=\"131\"> <img decoding=\"async\" class=\"\" data-attachment-id=\"9053\" data-orig-file=\"https:\/\/www.freidenker.org\/fw17\/wp-content\/uploads\/2020\/12\/f93877c20df566ed635591c838d6f5a7.jpg\" data-orig-size=\"2048,1365\" data-comments-opened=\"\" data-image-meta=\"{&quot;aperture&quot;:&quot;0&quot;,&quot;credit&quot;:&quot;&quot;,&quot;camera&quot;:&quot;&quot;,&quot;caption&quot;:&quot;&quot;,&quot;created_timestamp&quot;:&quot;0&quot;,&quot;copyright&quot;:&quot;(c) andreas.gangl@gershausen.de&quot;,&quot;focal_length&quot;:&quot;0&quot;,&quot;iso&quot;:&quot;0&quot;,&quot;shutter_speed&quot;:&quot;0&quot;,&quot;title&quot;:&quot;&quot;,&quot;orientation&quot;:&quot;0&quot;}\" data-image-title=\"f93877c20df566ed635591c838d6f5a7\" data-image-description=\"\" data-medium-file=\"https:\/\/i0.wp.com\/www.freidenker.org\/fw17\/wp-content\/uploads\/2020\/12\/f93877c20df566ed635591c838d6f5a7.jpg?fit=300%2C200&#038;ssl=1\" data-large-file=\"https:\/\/i0.wp.com\/www.freidenker.org\/fw17\/wp-content\/uploads\/2020\/12\/f93877c20df566ed635591c838d6f5a7.jpg?fit=800%2C534&#038;ssl=1\" src=\"https:\/\/i0.wp.com\/www.freidenker.org\/fw17\/wp-content\/uploads\/2020\/12\/f93877c20df566ed635591c838d6f5a7.jpg?w=196&#038;h=131&#038;ssl=1\" srcset=\"https:\/\/i0.wp.com\/www.freidenker.org\/fw17\/wp-content\/uploads\/2020\/12\/f93877c20df566ed635591c838d6f5a7.jpg?w=2048&amp;ssl=1 2048w, https:\/\/i0.wp.com\/www.freidenker.org\/fw17\/wp-content\/uploads\/2020\/12\/f93877c20df566ed635591c838d6f5a7.jpg?resize=300%2C200&amp;ssl=1 300w, https:\/\/i0.wp.com\/www.freidenker.org\/fw17\/wp-content\/uploads\/2020\/12\/f93877c20df566ed635591c838d6f5a7.jpg?resize=1024%2C683&amp;ssl=1 1024w, https:\/\/i0.wp.com\/www.freidenker.org\/fw17\/wp-content\/uploads\/2020\/12\/f93877c20df566ed635591c838d6f5a7.jpg?resize=768%2C512&amp;ssl=1 768w, https:\/\/i0.wp.com\/www.freidenker.org\/fw17\/wp-content\/uploads\/2020\/12\/f93877c20df566ed635591c838d6f5a7.jpg?resize=1536%2C1024&amp;ssl=1 1536w, https:\/\/i0.wp.com\/www.freidenker.org\/fw17\/wp-content\/uploads\/2020\/12\/f93877c20df566ed635591c838d6f5a7.jpg?w=1600&amp;ssl=1 1600w\" width=\"196\" height=\"131\" loading=\"lazy\" data-original-width=\"196\" data-original-height=\"131\" itemprop=\"http:\/\/schema.org\/image\" title=\"f93877c20df566ed635591c838d6f5a7\" alt=\"Christian Kr\u00e4hling\" style=\"width: 196px; height: 131px;\" \/> <\/a> <div class=\"tiled-gallery-caption\" itemprop=\"caption description\"> Christian Kr\u00e4hling <\/div> <\/div> <\/div> <!-- close group --> <\/div> <!-- close row --> <\/div>\n<p>Alle Fotos: \u00a9 Andreas Gangl<\/p>\n<hr \/>\n<p>Beitragsbild oben: Christian Kr\u00e4hling. Foto: \u00a9 Andreas Gangl<\/p>\n","protected":false},"excerpt":{"rendered":"<p><b>Beitrag von Klaus Hartmann &#8211; In memoriam Christian Kr\u00e4hling<\/b><br \/>\nUnser am 10.12.2020 verstorbene Genosse und Streikf\u00fchrer bei Amazon Bad Hersfeld war auch unabl\u00e4ssig aktiv, um die Solidarit\u00e4t der Amazon-Besch\u00e4ftigten international zu organisieren, so auch mit den gewerkschaftlichen Interessenvertretern in Spanien. Jetzt (02.12.2020) ver\u00f6ffentlichte der Business Insider einen Bericht \u00fcber die Amazon- Machenschaften gegen die Streikenden am \u201eBlack Friday\u201c 2019 in Barcelona:<br \/>\nPrivate Spione infiltrierten und fotografierten einen Arbeiterstreik im Amazon-Lagerhaus nahe Barcelona am Schwarzen Freitag 2019. Die Spione standen unter Vertrag bei der Pinkerton Agency, einer Firma, die Amazon daf\u00fcr angeheuert hatte.<\/p>\n","protected":false},"author":3,"featured_media":9055,"comment_status":"closed","ping_status":"closed","sticky":false,"template":"","format":"standard","meta":{"colormag_page_container_layout":"default_layout","colormag_page_sidebar_layout":"default_layout","advanced_seo_description":"","jetpack_seo_html_title":"","jetpack_seo_noindex":false,"jetpack_post_was_ever_published":false,"footnotes":""},"categories":[11],"tags":[1341,731,358,1342,848,1343],"class_list":["post-9040","post","type-post","status-publish","format-standard","has-post-thumbnail","hentry","category-arbeit-soziales","tag-amazon","tag-arbeitsrecht","tag-gewerkschaft","tag-spanien","tag-streik","tag-ueberwachung"],"jetpack_featured_media_url":"https:\/\/i0.wp.com\/www.freidenker.org\/fw17\/wp-content\/uploads\/2020\/12\/christian_kraehling_stangl_800x450.jpg?fit=800%2C450&ssl=1","jetpack_shortlink":"https:\/\/wp.me\/p9stpK-2lO","jetpack-related-posts":[{"id":9013,"url":"https:\/\/www.freidenker.org\/?p=9013","url_meta":{"origin":9040,"position":0},"title":"Christian Kr\u00e4hling lebt nicht mehr","author":"Webredaktion","date":"13. Dezember 2020","format":false,"excerpt":"Nachrufe von Ernst \"Ernesto\" Schwarz und Monika Krotter Hartmann Christian Kr\u00e4hling, Betriebsrat, Gewerkschafter, Streikf\u00fchrer bei Amazon Bad Hersfeld und Mitglied des Deutschen Freidenker-Verbandes, ist am Donnerstag, den\u00a0 10. Dezember 2020, seinem 43. Geburtstag gestorben. Das ist ein schwerer Verlust f\u00fcr die Arbeiterbewegung nicht nur in Deutschland. Vor fast acht Jahren\u2026","rel":"","context":"In &quot;Arbeit &amp; Soziales&quot;","block_context":{"text":"Arbeit &amp; Soziales","link":"https:\/\/www.freidenker.org\/?cat=11"},"img":{"alt_text":"","src":"https:\/\/i0.wp.com\/www.freidenker.org\/fw17\/wp-content\/uploads\/2020\/12\/christian_kraehling_800x450.jpg?fit=800%2C450&ssl=1&resize=350%2C200","width":350,"height":200,"srcset":"https:\/\/i0.wp.com\/www.freidenker.org\/fw17\/wp-content\/uploads\/2020\/12\/christian_kraehling_800x450.jpg?fit=800%2C450&ssl=1&resize=350%2C200 1x, https:\/\/i0.wp.com\/www.freidenker.org\/fw17\/wp-content\/uploads\/2020\/12\/christian_kraehling_800x450.jpg?fit=800%2C450&ssl=1&resize=525%2C300 1.5x, https:\/\/i0.wp.com\/www.freidenker.org\/fw17\/wp-content\/uploads\/2020\/12\/christian_kraehling_800x450.jpg?fit=800%2C450&ssl=1&resize=700%2C400 2x"},"classes":[]},{"id":413,"url":"https:\/\/www.freidenker.org\/?p=413","url_meta":{"origin":9040,"position":1},"title":"Den politischen Streik durchsetzen!","author":"Webmaster","date":"17. September 2011","format":false,"excerpt":"Beitrag von Renate M\u00fcnder aus FREIDENKER 3-11 Die Kollegen der Druckerei des S\u00fcddeutschen Verlags f\u00fchrten jahrelang bei vielen Demonstrationen ein Transparent mit sich: \u201eF\u00fcr den Generalstreik!\u201c Unter dem Eindruck der Streiks in Frankreich, Italien, Griechenland usw. gab es die Stimmung vieler Kolleginnen und Kollegen wieder \u2013 aber eine gro\u00dfe Wirkung\u2026","rel":"","context":"In &quot;Demokratie \u2013 Medien \u2013 Aufkl\u00e4rung&quot;","block_context":{"text":"Demokratie \u2013 Medien \u2013 Aufkl\u00e4rung","link":"https:\/\/www.freidenker.org\/?cat=12"},"img":{"alt_text":"","src":"https:\/\/i0.wp.com\/www.freidenker.org\/fw17\/wp-content\/uploads\/2016\/08\/Demonstration.jpg?fit=800%2C445&ssl=1&resize=350%2C200","width":350,"height":200,"srcset":"https:\/\/i0.wp.com\/www.freidenker.org\/fw17\/wp-content\/uploads\/2016\/08\/Demonstration.jpg?fit=800%2C445&ssl=1&resize=350%2C200 1x, https:\/\/i0.wp.com\/www.freidenker.org\/fw17\/wp-content\/uploads\/2016\/08\/Demonstration.jpg?fit=800%2C445&ssl=1&resize=525%2C300 1.5x, https:\/\/i0.wp.com\/www.freidenker.org\/fw17\/wp-content\/uploads\/2016\/08\/Demonstration.jpg?fit=800%2C445&ssl=1&resize=700%2C400 2x"},"classes":[]},{"id":21660,"url":"https:\/\/www.freidenker.org\/?p=21660","url_meta":{"origin":9040,"position":2},"title":"Zu fr\u00fch gefeiert: Spaniens Umstellung auf Gr\u00fcne Energie und der Blackout","author":"Webredaktion","date":"2. Mai 2025","format":false,"excerpt":"Beitrag von Rainer Rupp Am 16.\u00a0April 2025 erreichte\u00a0Spanien einen historischen Meilenstein, als das nationale Stromnetz an einem Wochentag erstmals vollst\u00e4ndig mit erneuerbaren Energien betrieben wurde. Dieses Ereignis wurde weithin als bedeutender Schritt hin zu nachhaltiger Energie gefeiert, wobei Wind-, Solar- und Wasserkraft 100\u00a0Prozent des Strombedarfs auf der Halbinsel deckten. Konkret\u2026","rel":"","context":"In &quot;Arbeit &amp; Soziales&quot;","block_context":{"text":"Arbeit &amp; Soziales","link":"https:\/\/www.freidenker.org\/?cat=11"},"img":{"alt_text":"","src":"https:\/\/i0.wp.com\/www.freidenker.org\/fw17\/wp-content\/uploads\/2025\/05\/El_centro_urbano_de_Vigo_800x450.jpg?fit=800%2C450&ssl=1&resize=350%2C200","width":350,"height":200,"srcset":"https:\/\/i0.wp.com\/www.freidenker.org\/fw17\/wp-content\/uploads\/2025\/05\/El_centro_urbano_de_Vigo_800x450.jpg?fit=800%2C450&ssl=1&resize=350%2C200 1x, https:\/\/i0.wp.com\/www.freidenker.org\/fw17\/wp-content\/uploads\/2025\/05\/El_centro_urbano_de_Vigo_800x450.jpg?fit=800%2C450&ssl=1&resize=525%2C300 1.5x, https:\/\/i0.wp.com\/www.freidenker.org\/fw17\/wp-content\/uploads\/2025\/05\/El_centro_urbano_de_Vigo_800x450.jpg?fit=800%2C450&ssl=1&resize=700%2C400 2x"},"classes":[]},{"id":6958,"url":"https:\/\/www.freidenker.org\/?p=6958","url_meta":{"origin":9040,"position":3},"title":"Das Lied, das Milliard\u00e4ren gef\u00e4hrlich werden wird","author":"Webredaktion","date":"20. Juni 2019","format":false,"excerpt":"Interview mit Ernst \"Ernesto\" Schwarz zum 8. Linken Liedersommer Ich bin seit einem halben Jahrhundert auf der Suche nach und am Sammeln von Arbeiter- und generell revolution\u00e4ren Liedern und Volksliedern. Als es im Vorfeld des Jugoslawienkriegs und der bevorstehenden Verarmungsma\u00dfnahmen der Kriegsparteien CDU, SPD, Gr\u00fcne, FDP keine neuen aktuellen Lieder\u2026","rel":"","context":"In &quot;Kultur &amp; Kunst&quot;","block_context":{"text":"Kultur &amp; Kunst","link":"https:\/\/www.freidenker.org\/?cat=913"},"img":{"alt_text":"","src":"https:\/\/i0.wp.com\/www.freidenker.org\/fw17\/wp-content\/uploads\/2019\/09\/ernesto_liliso-2019_800x445-1.jpg?fit=800%2C445&ssl=1&resize=350%2C200","width":350,"height":200,"srcset":"https:\/\/i0.wp.com\/www.freidenker.org\/fw17\/wp-content\/uploads\/2019\/09\/ernesto_liliso-2019_800x445-1.jpg?fit=800%2C445&ssl=1&resize=350%2C200 1x, https:\/\/i0.wp.com\/www.freidenker.org\/fw17\/wp-content\/uploads\/2019\/09\/ernesto_liliso-2019_800x445-1.jpg?fit=800%2C445&ssl=1&resize=525%2C300 1.5x, https:\/\/i0.wp.com\/www.freidenker.org\/fw17\/wp-content\/uploads\/2019\/09\/ernesto_liliso-2019_800x445-1.jpg?fit=800%2C445&ssl=1&resize=700%2C400 2x"},"classes":[]},{"id":17640,"url":"https:\/\/www.freidenker.org\/?p=17640","url_meta":{"origin":9040,"position":4},"title":"Gewerkschaft und &#8222;Klimasch\u00fctzer&#8220; \u2013 ein B\u00fcndnis zwischen Kalb und Metzger","author":"Webredaktion","date":"12. Dezember 2023","format":false,"excerpt":"Beitrag von Dagmar Henn Man h\u00e4tte es im Grunde ahnen k\u00f6nnen, als der Gr\u00fcne Frank Bsirske zum Vorsitzenden der zweitgr\u00f6\u00dften deutschen Gewerkschaft Verdi wurde. Aber damals war noch nicht ganz so klar, worauf diese gesamte gr\u00fcne Politik hinausl\u00e4uft. Inzwischen liegt das auf dem Tisch. Noch h\u00f6here Mieten, noch weniger Wohnungen,\u2026","rel":"","context":"In &quot;Arbeit &amp; Soziales&quot;","block_context":{"text":"Arbeit &amp; Soziales","link":"https:\/\/www.freidenker.org\/?cat=11"},"img":{"alt_text":"","src":"https:\/\/i0.wp.com\/www.freidenker.org\/fw17\/wp-content\/uploads\/2023\/12\/Gewerkschaft_Klima_800x450.jpg?fit=800%2C450&ssl=1&resize=350%2C200","width":350,"height":200,"srcset":"https:\/\/i0.wp.com\/www.freidenker.org\/fw17\/wp-content\/uploads\/2023\/12\/Gewerkschaft_Klima_800x450.jpg?fit=800%2C450&ssl=1&resize=350%2C200 1x, https:\/\/i0.wp.com\/www.freidenker.org\/fw17\/wp-content\/uploads\/2023\/12\/Gewerkschaft_Klima_800x450.jpg?fit=800%2C450&ssl=1&resize=525%2C300 1.5x, https:\/\/i0.wp.com\/www.freidenker.org\/fw17\/wp-content\/uploads\/2023\/12\/Gewerkschaft_Klima_800x450.jpg?fit=800%2C450&ssl=1&resize=700%2C400 2x"},"classes":[]},{"id":11000,"url":"https:\/\/www.freidenker.org\/?p=11000","url_meta":{"origin":9040,"position":5},"title":"Streik bei Deutscher Bahn: Solidarit\u00e4t mit der GDL \u2013 aus vielen Gr\u00fcnden!","author":"Webredaktion","date":"13. August 2021","format":false,"excerpt":"Beitrag von Werner R\u00fcgemer Gem\u00e4\u00dfigter kann die GDL nicht sein: Sie verlangt nur dasselbe, was im Tarifvertrag f\u00fcr den \u00f6ffentlichen Dienst schon vereinbart wurde. Dabei werden die GDL-Forderungen \u00f6ffentlich meist noch falsch und unvollst\u00e4ndig dargestellt: .... Obwohl sich die DB als Teil des \u00f6ffentlichen Dienstes aufspielt, lehnt der Vorstand beide\u2026","rel":"","context":"In &quot;Arbeit &amp; Soziales&quot;","block_context":{"text":"Arbeit &amp; Soziales","link":"https:\/\/www.freidenker.org\/?cat=11"},"img":{"alt_text":"","src":"https:\/\/i0.wp.com\/www.freidenker.org\/fw17\/wp-content\/uploads\/2021\/08\/S-Bahn_Stellingen_GDL_Streik_800x450.jpg?fit=800%2C450&ssl=1&resize=350%2C200","width":350,"height":200,"srcset":"https:\/\/i0.wp.com\/www.freidenker.org\/fw17\/wp-content\/uploads\/2021\/08\/S-Bahn_Stellingen_GDL_Streik_800x450.jpg?fit=800%2C450&ssl=1&resize=350%2C200 1x, https:\/\/i0.wp.com\/www.freidenker.org\/fw17\/wp-content\/uploads\/2021\/08\/S-Bahn_Stellingen_GDL_Streik_800x450.jpg?fit=800%2C450&ssl=1&resize=525%2C300 1.5x, https:\/\/i0.wp.com\/www.freidenker.org\/fw17\/wp-content\/uploads\/2021\/08\/S-Bahn_Stellingen_GDL_Streik_800x450.jpg?fit=800%2C450&ssl=1&resize=700%2C400 2x"},"classes":[]}],"_links":{"self":[{"href":"https:\/\/www.freidenker.org\/index.php?rest_route=\/wp\/v2\/posts\/9040","targetHints":{"allow":["GET"]}}],"collection":[{"href":"https:\/\/www.freidenker.org\/index.php?rest_route=\/wp\/v2\/posts"}],"about":[{"href":"https:\/\/www.freidenker.org\/index.php?rest_route=\/wp\/v2\/types\/post"}],"author":[{"embeddable":true,"href":"https:\/\/www.freidenker.org\/index.php?rest_route=\/wp\/v2\/users\/3"}],"replies":[{"embeddable":true,"href":"https:\/\/www.freidenker.org\/index.php?rest_route=%2Fwp%2Fv2%2Fcomments&post=9040"}],"version-history":[{"count":0,"href":"https:\/\/www.freidenker.org\/index.php?rest_route=\/wp\/v2\/posts\/9040\/revisions"}],"wp:featuredmedia":[{"embeddable":true,"href":"https:\/\/www.freidenker.org\/index.php?rest_route=\/wp\/v2\/media\/9055"}],"wp:attachment":[{"href":"https:\/\/www.freidenker.org\/index.php?rest_route=%2Fwp%2Fv2%2Fmedia&parent=9040"}],"wp:term":[{"taxonomy":"category","embeddable":true,"href":"https:\/\/www.freidenker.org\/index.php?rest_route=%2Fwp%2Fv2%2Fcategories&post=9040"},{"taxonomy":"post_tag","embeddable":true,"href":"https:\/\/www.freidenker.org\/index.php?rest_route=%2Fwp%2Fv2%2Ftags&post=9040"}],"curies":[{"name":"wp","href":"https:\/\/api.w.org\/{rel}","templated":true}]}}