{"id":9026,"date":"2020-12-19T19:15:02","date_gmt":"2020-12-19T18:15:02","guid":{"rendered":"https:\/\/www.freidenker.org\/?p=9026"},"modified":"2021-01-11T21:11:28","modified_gmt":"2021-01-11T20:11:28","slug":"die-erfolgsgeschichte-der-gehirnwaescher","status":"publish","type":"post","link":"https:\/\/www.freidenker.org\/?p=9026","title":{"rendered":"Die Erfolgsgeschichte der Gehirnw\u00e4scher"},"content":{"rendered":"<h5>Dauerberieselung mit kriegstreibender AgitProp hat b\u00f6se Folgen \/ Liedermachers Realsatire: \u201eDa kann man wieder sehen wie der Russe provoziert\u201c (*)<\/h5>\n<div class=\"jetpack-video-wrapper\"><span class=\"embed-youtube\" style=\"text-align:center; display: block;\"><iframe loading=\"lazy\" class=\"youtube-player\" width=\"800\" height=\"450\" src=\"https:\/\/www.youtube.com\/embed\/3NfdowVg1CU?version=3&#038;rel=1&#038;showsearch=0&#038;showinfo=1&#038;iv_load_policy=1&#038;fs=1&#038;hl=de-DE&#038;autohide=2&#038;wmode=transparent\" allowfullscreen=\"true\" style=\"border:0;\" sandbox=\"allow-scripts allow-same-origin allow-popups allow-presentation allow-popups-to-escape-sandbox\"><\/iframe><\/span><\/div>\n<p><em>Von <strong>Friedhelm Klinkhammer<\/strong> und <strong>Volker Br\u00e4utigam<\/strong><\/em><\/p>\n<p><strong><em>\u201eDeutschland wird au\u00dfenpolitisch gebraucht\u201c. \u201eWir m\u00fcssen jetzt mehr Verantwortung in der Welt \u00fcbernehmen.\u201c <\/em>K\u00f6nnen Sie absch\u00e4tzen, wie oft Sie diese Standards\u00e4tze unserer regierenden Phrasendrescher schon geh\u00f6rt haben? <em>\u201eWas das allerdings genau hei\u00dft, ist noch nicht klar umrissen,<\/em>\u201c behauptet die <em>Tagesschau<\/em> <\/strong>(1). <strong>F\u00e4lschlicherweise, denn das \u00fcberhebliche Gequatsche der Bef\u00fcrworter von mehr deutscher Kriegsbeteiligung weltweit hat in den Nachrichten des \u00f6ffentlich-rechtlichen Rundfunks eine gut erkennbare Funktion: Es soll uns im Glauben best\u00e4rken, \u201edie Guten\u201c zu sein. Der Weihnachtsmann kommt schlie\u00dflich auch in diesem Jahr wieder durch den Schornstein, und die <em>Tagesschau<\/em> beschert uns immer die reine Wahrheit. \u00a0<\/strong><\/p>\n<p>So erkl\u00e4rt sich der Aberwitz, dass politische Fehlz\u00fcnder wie Heiko Maas und Annegret Kramp-Karrenbauer sich \u00fcber ihren ersten Tag hinaus im Ministeramt halten konnten. Und dass mehr als die H\u00e4lfte aller Mitb\u00fcrger \u201emit der Arbeit der Bundesregierung zufrieden\u201c ist. (2) Nur so erkl\u00e4rt sich unser abwegiges Selbstbild: Wir stufen unser Land im Vergleich z.B. mit Frankreich oder England als \u201cdemokratischer\u201d ein.\u00a082 Prozent unserer Landsleute sind davon \u00fcberzeugt, dass wir ein gutes Image in der Welt haben.\u00a0(3)<\/p>\n<p>Dass uns die anderen V\u00f6lker viel kritischer sehen, erfahren wir schlie\u00dflich nicht aus der <em>Tagesschau<\/em>: \u201eZu dominant. Zu belehrend. Zu ungeduldig. Besserwisserisch, gef\u00fchllos und egozentrisch\u201c. So werden wir nicht nur in s\u00fcdeurop\u00e4ischen L\u00e4ndern wie Griechenland, Italien und Spanien empfunden. Dieses Negativ-Image haben wir beinahe weltweit. \u201eSelbst in L\u00e4ndern, in denen Deutschland traditionell ein hohes Ansehen genie\u00dft.\u201d (4) Ein bemerkenswerter Widerspruch zwischen Fremd- und Selbsteinsch\u00e4tzung.<\/p>\n<p>Machtpolitiker, Bellizisten und journalistische H\u00f6flinge versuchen\u00a0immer wieder, als Grund f\u00fcr unser Ansehensdefizit im Ausland die fehlende Bereitschaft zu Kriegseins\u00e4tzen vorzuschieben und damit den prinzipiellen Friedenswunsch der Bev\u00f6lkerung zu diskreditieren. Ein Tageszeitungskommentar unter dem Titel \u201eDeutsche Selbst\u00fcbersch\u00e4tzung\u201c: \u201eBei den Friedensmissionen der Vereinten Nationen zahlt Deutschland zwar viel, \u00fcberl\u00e4sst es aber in erster Linie Entwicklungsl\u00e4ndern, Soldaten und Polizisten zu entsenden.\u201c (6) Die indirekte Unterstellung, Deutschland kaufe sich von angeblichen Pflichten zur Kriegsf\u00fchrung frei, wiederholt sich in den gleichgeschalteten Medien h\u00e4ufig und in vielerlei Gestalt.<\/p>\n<p>Der R\u00fcstungsindustrie verbundene Politiker und einschl\u00e4gige \u201eDenkfabriken\u201c propagieren unentwegt die absurde Auffassung, dass vermehrte Bereitschaft zu Kriegseins\u00e4tzen das Ansehen Deutschlands in der Welt verbessere. Nicht ohne Folgen: Vor Jahren betrachteten noch zwei Drittel der Befragten\u00a0den\u00a0Schutz der Menschenrechte als wichtigstes Ziel der deutschen Au\u00dfenpolitik. (7) Nur 18 Prozent\u00a0traten f\u00fcr st\u00e4rkeres Engagement der Bundeswehr\u00a0im Ausland ein. (8) Seither hat sich diesbez\u00fcglich viel ver\u00e4ndert; steter Tropfen h\u00f6hlt den Stein.<\/p>\n<h5>Unsere US-Marionetten<\/h5>\n<p>Wie eifrig unsere militaristischen Wadenbei\u00dfer f\u00fcr Gewaltbereitschaft werben, zeigte sich auf der\u00a0sogenannten M\u00fcnchener Sicherheitskonferenz 2014 besonders eindrucksvoll. Joachim Gauck, damals Bundespr\u00e4sident, Frank-Walter Steinmeier, seinerzeit Au\u00dfenminister, und Ursula von der Leyen in der Funktion als Kriegsministerin forderten unisono, Deutschland solle \u201emehr Verantwortung in der Welt \u00fcbernehmen\u201c. Das ist das Mantra der kaltherzigen Bef\u00fcrworter deutscher Kriegsbeteiligung. Sie wollen mit ihrer Schaumschl\u00e4gerei den Deutschen die Friedensliebe austreiben und verfolgen ihre imperialistischen Ideen von \u201enotfalls\u201c milit\u00e4rischer Gewaltanwendung unerm\u00fcdlich. Pflichtgem\u00e4\u00df bejubelte der gesamte deutsche Mainstream die demonstrative Kriegsbereitschaft unserer US-Lakaien, vorneweg selbstverst\u00e4ndlich die ARD-aktuell:<\/p>\n<p style=\"padding-left: 40px;\"><em>\u201e\u2026 Verb\u00fcndete und Nachbarn hatten lange darauf gewartet &#8230;\u201c<\/em> (9)<\/p>\n<p>Aber klar. Unsere Nachbarn sehnen sich bekanntlich schon immer danach, dass wir Deutschen in die Knobelbecher steigen und zu den Waffen greifen. Damit daran kein Hauch von Zweifel bleibt, narkotisiert die <em>Tagesschau <\/em>auch allerletzte selbstst\u00e4ndig Denkende. Wie damals, so heute:<\/p>\n<p style=\"padding-left: 40px;\"><em>\u201eDeutschland darf sich nicht mehr wegducken \u2026 Erschreckend schwach \u2026 Wer \u00fcberzeugend diplomatisch vermitteln will, muss auch einen Waffenstillstand \u00fcberwachen, muss als Ultima Ratio auch milit\u00e4risch drohen k\u00f6nnen\u201c. <\/em>(10)<\/p>\n<p>Unterm staatsvertraglich gepflegten Friedensrasen l\u00e4sst das Hauptstadtstudio der ARD-aktuell den Maulwurf toben und bezieht f\u00fcr\u2018s satte Gr\u00fcn eine Farbe aus der Denkfabrik <em>European Council on Foreign Relations<\/em> (ECFR):<\/p>\n<p style=\"padding-left: 40px;\"><em>\u201eDie Politik muss der Bev\u00f6lkerung besser erkl\u00e4ren, warum deutsche Soldaten \u00fcberall in der Welt eingesetzt werden. Warum das etwa im Interesse der Exportnation Deutschland ist, wenn Seewege aufrechterhalten werden\u201c. <\/em>(11)<\/p>\n<p>Mit sp\u00fcrbarem Behagen referiert Hauptstadtstudio-Korrespondentin Ariane Reimers (NDR) auch das unaufrichtige Ges\u00e4usel der Bundeskanzlerin<\/p>\n<p style=\"padding-left: 40px;\"><em>\u201eAmerika erwartet von uns \u2013 und zu Recht \u2013 st\u00e4rkere eigene Anstrengungen, um f\u00fcr unsere Sicherheit zu sorgen und f\u00fcr unsere \u00dcberzeugungen in der Welt einzutreten\u201c<\/em><\/p>\n<p>und setzt hinter Merkels wolkiges Geschwafel (man t\u00e4usche sich nicht, es steckt voll unausgesprochener Aggressionsbereitschaft) den Hinweis:<\/p>\n<p style=\"padding-left: 40px;\"><em>\u201eVerteidigungsministerin Annegret Kramp-Karrenbauer pr\u00e4zisiert, Europa m\u00fcsse mehr Pr\u00e4senz und gegebenenfalls auch milit\u00e4rische Macht in seiner direkten Nachbarschaft zeigen &#8230; im Baltikum, in Zentral- und Osteuropa, im Mittleren Osten, in Nordafrika und der Sahel-Zone.\u201c<\/em> (ebd.)<\/p>\n<p>Damit auch unsere treue Tante Trudi und der liebe Onkel Seppl aufm Sofa kapieren, worauf dieses \u00e4u\u00dferst raumgreifende und herrische Verst\u00e4ndnis von Nachbarschaft hinausl\u00e4uft, hilft Qualit\u00e4tsjournalistin Reimers weiter:<\/p>\n<p style=\"padding-left: 40px;\"><em>\u201e&#8230;der Satz <\/em>\u201amehr Verantwortung \u00fcbernehmen\u2018 <em>muss gef\u00fcllt sein \u2013 im Idealfall mit einer sicherheitspolitischen Debatte, &#8230; aber auch mit dem &#8222;Sich-ehrlich-machen&#8220;, dass Sicherheit und Souver\u00e4nit\u00e4t auch Geld kosten,\u201d<\/em><\/p>\n<p>nicht ohne zu bedauern:<\/p>\n<p style=\"padding-left: 40px;\">\u201eDer Weg dahin ist in jeder Hinsicht noch weit.\u201c (ebd.)<\/p>\n<h5>Schweineborsten weichquasseln<\/h5>\n<p>Stimmt, wir sind immer noch nicht soweit, obwohl ARD-aktuell sich doch soviel M\u00fche gibt, die deutsche Kriegsbereitschaft herbeizuhecheln. Mit allen qualit\u00e4tsjournalistischen Mitteln: D\u00e4monisierung vermeintlich gegnerischer Staatsm\u00e4nner, Unterstellungen, Feindbildmalerei, Halbwahrheiten (\u201eFake News\u201c), Nachrichtenunterdr\u00fcckung, Agitation, kurz: mit Desinformation \u00fcber alle Kan\u00e4le.<\/p>\n<p>Die <em>Tagesschau<\/em> tut best\u00e4ndig so, als reisten Heiko Maas und die \u201eAKK\u201c warmherzig auf Weltfriedens-Ticket, obgleich die beiden nebst Chefin Merkel dabei soviel Gef\u00fchlsk\u00e4lte ausstrahlen, dass es zum Eisw\u00fcrfel-Pinkeln reicht. Russland und China wurden zu Schurkenstaaten stilisiert, ihre Pr\u00e4sidenten Putin und Xi dienen als Pappkameraden, auf die mit allem geballert wird, was sich zu pseudoargumentativer Munition verwenden l\u00e4sst. Selbst der oberste Repr\u00e4sentant unserer Republik, Spezialdemokrat Steinmeier, beteiligt sich regelm\u00e4\u00dfig am Schie\u00dfbudenbetrieb: Russland habe<\/p>\n<p style=\"padding-left: 40px;\"><em>\u201emilit\u00e4rische Gewalt und die gewaltsame Verschiebung von Grenzen auf dem europ\u00e4ischen Kontinent wieder zum Mittel der Politik gemacht\u201c<\/em><\/p>\n<p>und China beachte das V\u00f6lkerrecht<\/p>\n<p style=\"padding-left: 40px;\"><em>\u201enur selektiv, wo es den eigenen Interessen nicht zuwiderl\u00e4uft.\u201c\u00a0<\/em>(12)<\/p>\n<p>Steinmeier\u00a0hat ein sehr pers\u00f6nliches Interesse am Erfolg seines antirussischen Narrativs. Es macht vergessen, dass\u00a0er selbst\u00a0in der Ukraine-Krise von Anbeginn\u00a0den hinterh\u00e4ltigen Schuft gegeben hat: Ein paar Stunden, nachdem er eine Vereinbarung mit dem ukrainischen Pr\u00e4sidenten Viktor Janukowitsch zur Deeskalation getroffen hatte, brach er diese Absprache (13), machte sich mit den gewaltt\u00e4tigen rechtsextremistischen Kr\u00e4ften des Maidan-Putsches gemein (14, 15) und lie\u00df zu, dass die rechtm\u00e4\u00dfig gew\u00e4hlte Regierung gest\u00fcrzt und der verfassungsgem\u00e4\u00df gew\u00e4hlte Pr\u00e4sident\u00a0aus dem Land vertrieben wurden.<\/p>\n<p>Steinmeier\u00a0ignoriert wie das Berliner Kabinett und die gesamte Westliche Wertegemeinschaft bis heute, dass die Krim nicht annektiert wurde, sondern\u00a0ihre Bev\u00f6lkerung sich in freien Wahlen f\u00fcr den Wechsel in die Russische F\u00f6deration\u00a0entschied und dass der gewaltlos erfolgte. F\u00fcr die Erinnerung an das Blutvergie\u00dfen bei der v\u00f6lkerrechtswidrigen Sezession des Kosovo im Zuge des verbrecherischen Angriffskriegs gegen Jugoslawien (16) und daran, dass er sich dabei als Schr\u00f6ders Schlimmfinger (17) mitschuldig machte,\u00a0ist in der oberen Schublade unseres edelsten Politm\u00f6bels kein Platz mehr frei. Den Balken im eigenen Auge sieht man bekanntlich nicht, erst recht, wenn man Steinmeier hei\u00dft.<\/p>\n<h5>Das sind die Fakten \u2026<\/h5>\n<p>Trotz mehrheitlich l\u00e4ngst fehlender Zustimmung der Bev\u00f6lkerung bleibt die Bundesregierung (vorerst noch) beim Milit\u00e4reinsatz in Afghanistan. Sie bel\u00e4sst unter Bruch des V\u00f6lkerrechts die Bundeswehr auch im Irak, und zwar gegen den ausdr\u00fccklichen Willen des dortigen Parlaments und der Regierung in Bagdad. Sie unterst\u00fctzte die USA beim vernichtenden Bombardement und Massaker der Zivilbev\u00f6lkerung von Mossul. Sie duldet die gezielten Massenmorde per Drohnen vom US-St\u00fctzpunkt Ramstein und damit von deutschem Boden aus; sie setzt rechtswidrig, ohne Zustimmung des Bundestags, Bundeswehreinheiten in Niger und Kamerun ein (18, 19). Sie vertieft das Elend der venezolanischen Bev\u00f6lkerung mittels Unterst\u00fctzung der US-Sanktionspolitik und der v\u00f6lkerrechtswidrigen Anerkennung der US-Marionette\u00a0Juan Guaid\u00f3, des selbsternannten \u201e\u00dcbergangspr\u00e4sidenten\u201c bis auf den heutigen Tag. (20)<\/p>\n<h5>\u2026 und so werden sie frisiert<\/h5>\n<p>Die\u00a0best\u00e4ndigen Propagandalieferungen \u2013 nicht nur \u2013 der <em>Tagesschau <\/em>geben Russland und China\u00a0als uns bedrohende Feinde aus, weil sie nicht bereit sind, sich dem politischen, weltwirtschaftlichen und geostrategischen Vormachtanspruch Washingtons zu unterwerfen. Ein Blick auf die Milit\u00e4rausgaben der 29 NATO-Mitgliedsstaaten im Jahr 2019 \u2013 1,035 Billionen US-Dollar (21) \u2013 sowie auf die rund um den Globus verteilten 1000 US-Milit\u00e4rbasen (22) zeigt beim Vergleich mit den Milit\u00e4raufwendungen Russlands und Chinas, wer da wen bedroht. China gab daf\u00fcr 261 Milliarden aus, Russland nur 65,1 Milliarden US-Dollar (23).<\/p>\n<p>Wieviel b\u00f6ser Wille ist n\u00f6tig, um angesichts dieser Daten eine chinesische oder russische Bedrohung zu erfinden?<\/p>\n<p><em>Tagesschau<\/em>-Meldung am 7. Dezember 2020:<\/p>\n<p style=\"padding-left: 40px;\"><em>\u201eDie Ausgaben<\/em> (sic!)<em> f\u00fcr R\u00fcstungsg\u00fcter sind im vergangenen Jahr weltweit gestiegen. Das geht aus Angaben des Friedensforschungsinstituts SIPRI in Schweden hervor. Demnach <\/em>(sic!)<em> lag der Umsatz der 25 gr\u00f6\u00dften Unternehmen 2018 bei umgerechnet 274 Milliarden Euro. 2019 waren es 297 Milliarden, 8,5 Prozent mehr als im Vorjahr. Die meisten der gr\u00f6\u00dften Waffenproduzenten sind US-Unternehmen, chinesische Firmen rangieren auf Platz zwei gefolgt von Produzenten in Russland.\u201c<\/em> (24)<\/p>\n<p>Welchen Eindruck gewinnt der Zuschauer? Diesen: Die USA sind zwar Spitzenreiter bei den R\u00fcstungsausgaben, aber Chinesen und Russen folgen dichtauf. Tante Trudi und Onkel Theodor bemerken wahrscheinlich nicht einmal, dass die <em>Tagesschau<\/em> hier die R\u00fcstungsausgaben der L\u00e4nder mit den Ums\u00e4tzen ihrer jeweiligen R\u00fcstungswirtschaft gleichsetzt und die Unvergleichbarkeit wahrscheinlich nicht mal selbst bemerkt.<\/p>\n<p>Eine journalistisch korrekte Meldung, gesch\u00f6pft aus der gleichen SIPRI-Quelle, h\u00e4tte einen g\u00e4nzlich anderen Eindruck vermittelt und ungef\u00e4hr so ausgesehen:<\/p>\n<p style=\"padding-left: 40px;\">Die <strong>Ums\u00e4tze der R\u00fcstungswirtschaft <\/strong>sind im vergangenen Jahr erneut weltweit gestiegen. Das geht aus den (hier in Euro umgerechneten) Angaben des Friedensforschungsinstituts SIPRI in Schweden hervor. Danach erzielten allein die 25 gr\u00f6\u00dften Unternehmen schon 297 Milliarden Euro. US-Waffenschmieden hatten daran mit 181 Milliarden Euro den gr\u00f6\u00dften Anteil, rund 61 Prozent. China hatte in diesem Feld mit 47,5 Milliarden Euro nur 16 Prozent Anteil, Russland erreichte mit 11,8 Milliarden Euro lediglich 3,9 Prozent.\u00a0(25)<\/p>\n<p>Die gigantische US-R\u00fcstungswirtschaft \u00fcberragt &#8211; objektiv betrachtet &#8211; ihre chinesische und russische Konkurrenten himmelhoch. Und noch etwas, werte <em>Tagesschau<\/em>-D\u00f6del: Im vorigen Jahr lagen die <strong>weltweit gestiegenen<\/strong> R\u00fcstungs<strong>ausgaben,<\/strong> die ihr in eurem Bericht anf\u00e4nglich ansprecht, bei <strong>1,92 Billionen Dollar,<\/strong> wie ihr am 27. April selbst gemeldet hattet. (26)<\/p>\n<p>Die best\u00e4ndig herbeifantasierten absurden Bedrohungszenarien, in denen Russland und China den b\u00f6sen Schwarzen Mann darstellen, beeinflussen nat\u00fcrlich die \u00f6ffentliche Meinung. Nahezu die H\u00e4lfte der Deutschen betrachtet Russland mittlerweile als \u201ebedrohlich\u201c.\u00a0 42 Prozent halten den wachsenden Einfluss der VR China f\u00fcr negativ. Die Befragten st\u00fctzen ihr Urteil nicht auf eigene Kenntnis von Land und Leuten, sondern auf die \u201eInformationen\u201c der transatlantisch dressierten und weitestgehend gleichgeschalteten Massenmedien. Deren st\u00e4ndig wiederholte AgitProp wirkt unausweichlich meinungspr\u00e4gend und bewusstseinsbildend. (27)<\/p>\n<p>Zwischen Berlin und Br\u00fcssel einerseits und Beijing andererseits liegen fast 9000 Kilometer (Luftlinie). Inwiefern China (von der anderen Seite dieser Welt) Deutschland milit\u00e4risch bedroht, und welches Interesse das \u201eReich der Mitte\u201c damit verfolgen k\u00f6nnte, m\u00f6gen die G\u00f6tter wissen; der deutsch-chinesische Handel bl\u00fcht, beide Seiten ziehen betr\u00e4chtliche Vorteile daraus. Trotzdem verkneift sich die <em>Tagesschau <\/em>nicht, pure NATO-Propaganda als realit\u00e4tsgetreue Nachricht anzubieten und\u00a0die Volksrepublik China als \u201em\u00f6gliche Bedrohung\u201c einzustufen. (28)<\/p>\n<h5>Heiko, wo bleibt Heiko?<\/h5>\n<p>Selbst in dem hier angesprochen kindischen Kurztext auf <em>Tagesschau.de<\/em> musste der gr\u00f6\u00dfte deutsche Au\u00dfenminister aller Zeiten noch eigens erw\u00e4hnt und als erfolgreicher Diplomat gefeiert werden:<\/p>\n<p style=\"padding-left: 40px;\"><em>\u201eWie von der Bundesregierung verlangt und erwartet, schaffte es auch eine Initiative von Au\u00dfenminister Heiko Maas in die Abschlusserkl\u00e4rung. Maas hatte sich f\u00fcr eine bessere politische Koordinierung unter den NATO-Partnern stark gemacht. Die Mitgliedstaaten konnten sich allerdings noch nicht auf die Einberufung einer Arbeitsgruppe verst\u00e4ndigen.\u201c\u00a0<\/em>(ebd.)<\/p>\n<p>Saustark mal wieder, unser Initiativling, was? Nur die Bildung einer Arbeitsgruppe hat er nicht gestemmt. Die zahlreichen Anl\u00e4sse, \u00fcber ihn zu spotten, sollten allerdings nicht \u00fcber den Schaden hinwegt\u00e4uschen, den dieser Spezialdemokrat und seine aggressive CDU-Pfadfinderin AKK anrichten k\u00f6nnen. Zum Beispiel beim Zerdeppern des chinesischen Porzellans durch deutsche Kanonenbootpolitik im S\u00fcdchinesischen Meer. (29)<\/p>\n<p>2014 ergab eine Umfrage, dass\u00a058 Prozent der Angesprochenen meinten, Deutschland solle Konflikte lieber mit Diplomatie und Geld l\u00f6sen als mit Waffen. Nur 20 Prozent sahen das anders.\u00a02016 hatte sich der Anteil der entschieden Friedliebenden auf 52 Prozent verringert. In einer aktuellen Umfrage der K\u00f6rber-Stiftung sprachen sich nur noch 49 Prozent f\u00fcr unbedingte Gewaltlosigkeit aus. Die Frage \u201eSollte sich Deutschland an milit\u00e4rischen Missionen zum Schutz offener See- und Handelswege beteiligen?\u201c beantworten inzwischen 49 Prozent mit ja und nur noch 43 Prozent mit nein.\u00a0(30, 31) Das Umfrageergebnis zeigt, wie gef\u00e4hrlich sich die militaristische Dauerberieselung auf die Bev\u00f6lkerung auswirkt.<\/p>\n<h5>Nebenwirkungen der Pandemie<\/h5>\n<p>Dem propagandistischen Erfolg der Militaristen schl\u00e4gt kaum mehr relevanter Widerstand entgegen. Wo er sich trotz der b\u00f6sen Stimmungsmache noch formiert, wird er totgeschwiegen. Nat\u00fcrlich auch von der <em>Tagesschau. <\/em>In Zeiten der \u00dcberflutung mit Corona-Informationen und der t\u00e4glich 600 Todesopfer f\u00e4llt es leicht, Nachrichten \u00fcber Friedensbewegte zu unterdr\u00fccken.<\/p>\n<p>Ausf\u00fchrlich berichtete die <em>Tagesschau<\/em> \u00fcber die Haushaltsdebatte im Bundestag und widmete der hohen Staatsverschuldung zur Bew\u00e4ltigung der wirtschaftlichen und sozialen Pandemiefolgen viel Aufmerksamkeit. (32) Dass Merkel und ihre Entourage hinter den Corona-Kulissen die R\u00fcstungsausgaben drastisch nach oben treiben, blieb der \u00d6ffentlichkeit weitestgehend verborgen. Der kleine Rest der Aufmerksamen wurde wie gehabt mit der Schauerm\u00e4r vom b\u00f6sen Russen abgespeist.<\/p>\n<p>Pillepalle wie die Weigerung Sachsen-Anhalts, der Erh\u00f6hung des Rundfunkbeitrags um 86 Cent zuzustimmen (ebd.), hatten f\u00fcr die <em>Tagesschau<\/em> mehr Gewicht als das Menschenrecht auf Frieden.<\/p>\n<p>Rupert Polenz \u00fcber die Turbulenzen im Landtag Sachsen-Anhalts:<\/p>\n<p style=\"padding-left: 40px;\"><em>\u201eWir brauchen Qualit\u00e4tsjournalismus, damit wir den Fake News nicht auf den Leim gehen. In der Informationsflut des Internet brauchen wir journalistisch-unabh\u00e4ngige Filter, die Quellen \u00fcberpr\u00fcfen, Informationen einordnen und uns Orientierungsm\u00f6glichkeiten geben.\u201c <\/em>(33)<\/p>\n<p>Ja, journalistische Unabh\u00e4ngigkeit br\u00e4uchten wir wohl, finden sie aber garantiert nicht in den Nachrichtenredaktionen des \u00f6ffentlich-rechtlichen Rundfunks. Deren konformistische Qualit\u00e4tsjournalisten leimen mit ihren regierungsfrommen Fake News die \u00d6ffentlichkeit nicht minder. Polenz, vormals Stipendiat der Konrad-Adenauer-Stiftung, Parteikarrierist, ein halbes Jahr lang sogar CDU-Generalsekret\u00e4r, Beirat der Atlantischen Initiative, ist bis heute Mitglied des CDU-Freundeskreises im ZDF-Fernsehrat; er t\u00e4te gut daran, vor dessen T\u00fcre zu kehren.<\/p>\n<p>Zum Schluss eine l\u00e4ngst \u00fcberf\u00e4llige Laudatio: Die ARD-<em>Tagesschau<\/em> wurde zusammen mit ZDF-<em>heute <\/em>zum \u201eSprachpanscher\u201c des Jahres gek\u00fcrt, verdienterma\u00dfen. (34) Zum Dank haben beide dar\u00fcber auch nicht berichtet. Dabei war der Preis nur wegen des hemmungslosen Gebrauchs von Anglizismen und Gender-Manierismen vergeben worden, nicht f\u00fcr hirnrissige Sprachbilder und Realit\u00e4tsverzerrungen, in denen unsere \u00f6ffentlich-rechtliche Journaille schwelgt.<\/p>\n<p>Aufmacher-Satz der 20-Uhr-<em>Tagesschau<\/em> am 7. Dezember:<\/p>\n<p style=\"padding-left: 40px;\"><em>\u201eDie Diskussion \u00fcber eine weitere Versch\u00e4rfung der Corona-Ma\u00dfnahmen vor Weihnachten <strong>nimmt an Fahrt auf<\/strong>.\u201c \u00a0<\/em>(35)<\/p>\n<p>Ach ja? Im BMW oder im ICE? Wurscht. Vor soviel Sprachgewalt muss man einfach die Waffen strecken.<\/p>\n<p>&nbsp;<\/p>\n<p><strong>Quellen und Anmerkungen: <\/strong><\/p>\n<p><em>(*) <a href=\"https:\/\/www.youtube.com\/watch?v=3NfdowVg1CU\">https:\/\/www.youtube.com\/watch?v=3NfdowVg1CU<\/a><\/em><\/p>\n<p>(1) <a href=\"https:\/\/www.tagesschau.de\/inland\/sicherheitspolitik-bab-101.html\">https:\/\/www.tagesschau.de\/inland\/sicherheitspolitik-bab-101.html<\/a><br \/>\n(2) <a href=\"https:\/\/de.statista.com\/statistik\/daten\/studie\/2953\/umfrage\/zufriedenheit-mit-der-arbeit-der-bundesregierung\/\">https:\/\/de.statista.com\/statistik\/daten\/studie\/2953\/umfrage\/zufriedenheit-mit-der-arbeit-der-bundesregierung\/<\/a><br \/>\n(3) <a href=\"https:\/\/de.statista.com\/statistik\/daten\/studie\/234150\/umfrage\/umfrage-zum-image-von-deutschland-in-laendern-der-eu\/#professional\">https:\/\/de.statista.com\/statistik\/daten\/studie\/234150\/umfrage\/umfrage-zum-image-von-deutschland-in-laendern-der-eu\/#professional<\/a><br \/>\n(4) <a href=\"https:\/\/www.dw.com\/de\/das-bild-der-deutschen-in-der-welt\/a-16693350\">https:\/\/www.dw.com\/de\/das-bild-der-deutschen-in-der-welt\/a-16693350<\/a><br \/>\n(5) <a href=\"https:\/\/taz.de\/Gastkommentar-Vorsitz-Sicherheitsrat\/!5582229\/\">https:\/\/taz.de\/Gastkommentar-Vorsitz-Sicherheitsrat\/!5582229\/<\/a><br \/>\n(6) <a href=\"https:\/\/www.gppi.net\/2019\/04\/03\/deutsche-selbstueberschaetzung\">https:\/\/www.gppi.net\/2019\/04\/03\/deutsche-selbstueberschaetzung<\/a><br \/>\n(7) <a href=\"https:\/\/www.menschenrechte.org\/de\/2014\/07\/23\/menschenrechte-realpolitisch-denken\/\">https:\/\/www.menschenrechte.org\/de\/2014\/07\/23\/menschenrechte-realpolitisch-denken\/<\/a><br \/>\n(8) <a href=\"https:\/\/www.freitag.de\/autoren\/vorabmeldung\/deutsche-gegen-militaer-einsaetze-im-ausland\">https:\/\/www.freitag.de\/autoren\/vorabmeldung\/deutsche-gegen-militaer-einsaetze-im-ausland<\/a><br \/>\n(9) <a href=\"https:\/\/www.tagesschau.de\/multimedia\/video\/video1369820.html\">https:\/\/www.tagesschau.de\/multimedia\/video\/video1369820.html<\/a><br \/>\n(10) <a href=\"http:\/\/wahlomat.tagesschau.de\/kommentar\/sicherheitskonferenz-kommentar-101.html\">http:\/\/wahlomat.tagesschau.de\/kommentar\/sicherheitskonferenz-kommentar-101.html<\/a><br \/>\n(11) <a href=\"https:\/\/www.tagesschau.de\/inland\/sicherheitspolitik-bab-101.html\">https:\/\/www.tagesschau.de\/inland\/sicherheitspolitik-bab-101.html<\/a><br \/>\n(12) <a href=\"https:\/\/www.tagesschau.de\/inland\/msc-steinmeier-101.html\">https:\/\/www.tagesschau.de\/inland\/msc-steinmeier-101.html<\/a><br \/>\n(13) <a href=\"https:\/\/www.spiegel.de\/politik\/ausland\/ukraine-janukowitsch-fuehlt-sich-von-steinmeier-und-eu-getaeuscht-a-962240.html\">https:\/\/www.spiegel.de\/politik\/ausland\/ukraine-janukowitsch-fuehlt-sich-von-steinmeier-und-eu-getaeuscht-a-962240.html<\/a><br \/>\n(14) <a href=\"https:\/\/www.tagesspiegel.de\/meinung\/ukraine-die-neue-deutsche-aussenpolitik-hat-ihren-preis\/9530758.html\">https:\/\/www.tagesspiegel.de\/meinung\/ukraine-die-neue-deutsche-aussenpolitik-hat-ihren-preis\/9530758.html<\/a><br \/>\n(15) <a href=\"https:\/\/www.dw.com\/de\/zwischen-hoffen-und-bangen-in-kiew\/a-17448315\">https:\/\/www.dw.com\/de\/zwischen-hoffen-und-bangen-in-kiew\/a-17448315<\/a><br \/>\n(16) <a href=\"https:\/\/www.heise.de\/tp\/features\/1999-Der-Holocaust-als-Rechtfertigung-fuer-einen-Angriffskrieg-4347074.html\">https:\/\/www.heise.de\/tp\/features\/1999-Der-Holocaust-als-Rechtfertigung-fuer-einen-Angriffskrieg-4347074.html<\/a><br \/>\n(17) <a href=\"https:\/\/www.weser-kurier.de\/bremen\/bremen-fotos_galerie,-Gerhard-Schroeder-und-seine-engsten-Vertrauten-_mediagalid,35412.html\">https:\/\/www.weser-kurier.de\/bremen\/bremen-fotos_galerie,-Gerhard-Schroeder-und-seine-engsten-Vertrauten-_mediagalid,35412.html<\/a><br \/>\n(18) <a href=\"https:\/\/www.welt-sichten.org\/artikel\/36370\/was-macht-die-bundeswehr-im-niger-und-kamerun\">https:\/\/www.welt-sichten.org\/artikel\/36370\/was-macht-die-bundeswehr-im-niger-und-kamerun<\/a><br \/>\n(19) <a href=\"https:\/\/www.bmvg.de\/de\/aktuelles\/besucht-truppe-generalinspekteur-bundeswehr-afrika-niger-mali-211298\">https:\/\/www.bmvg.de\/de\/aktuelles\/besucht-truppe-generalinspekteur-bundeswehr-afrika-niger-mali-211298<\/a><br \/>\n(20) <a href=\"https:\/\/www.german-foreign-policy.com\/news\/detail\/8467\/\">https:\/\/www.german-foreign-policy.com\/news\/detail\/8467\/<\/a><br \/>\n(21)<a href=\"https:\/\/www.nato.int\/nato_static_fl2014\/assets\/pdf\/pdf_2019_06\/20190625_PR2019-069-EN.pdf\">https:\/\/www.nato.int\/nato_static_fl2014\/assets\/pdf\/pdf_2019_06\/20190625_PR2019-069-EN.pdf<\/a><br \/>\n(22) <a href=\"https:\/\/www.nachdenkseiten.de\/?p=37010\">https:\/\/www.nachdenkseiten.de\/?p=37010<\/a><br \/>\n(23) <a href=\"https:\/\/www.sipri.org\/media\/press-release\/2020\/global-military-expenditure-sees-largest-annual-increase-decade-says-sipri-reaching-1917-billion\">https:\/\/www.sipri.org\/media\/press-release\/2020\/global-military-expenditure-sees-largest-annual-increase-decade-says-sipri-reaching-1917-billion<\/a><br \/>\n(24) <a href=\"https:\/\/www.tagesschau.de\/multimedia\/sendung\/ts-40415.html\">https:\/\/www.tagesschau.de\/multimedia\/sendung\/ts-40415.html<\/a><br \/>\n(25) <a href=\"https:\/\/www.sipri.org\/media\/press-release\/2020\/global-arms-industry-sales-top-25-companies-85-cent-big-players-active-global-south\">https:\/\/www.sipri.org\/media\/press-release\/2020\/global-arms-industry-sales-top-25-companies-85-cent-big-players-active-global-south<\/a><br \/>\n(26) <a href=\"https:\/\/www.tagesschau.de\/multimedia\/sendung\/ts-36813.html\">https:\/\/www.tagesschau.de\/multimedia\/sendung\/ts-36813.html<\/a><br \/>\n(27) <a href=\"https:\/\/www.koerber-stiftung.de\/fileadmin\/user_upload\/koerber-stiftung\/redaktion\/fokusthema_russland-in-europa\/pdf\/2016\/Umfrage_Tabellenband_Deutschland.pdf\">https:\/\/www.koerber-stiftung.de\/fileadmin\/user_upload\/koerber-stiftung\/redaktion\/fokusthema_russland-in-europa\/pdf\/2016\/Umfrage_Tabellenband_Deutschland.pdf<\/a><br \/>\n(28) <a href=\"https:\/\/www.tagesschau.de\/ausland\/nato-gipfel-151.html\">https:\/\/www.tagesschau.de\/ausland\/nato-gipfel-151.html<\/a><br \/>\n(29)<a href=\"https:\/\/www.ndr.de\/nachrichten\/info\/sendungen\/streitkraefte_und_strategien\/Indo-Pazifik-bald-Operationsgebiet-der-Bundeswehr,streitkraefte638.html\">https:\/\/www.ndr.de\/nachrichten\/info\/sendungen\/streitkraefte_und_strategien\/Indo-Pazifik-bald-Operationsgebiet-der-Bundeswehr,streitkraefte638.html<\/a><br \/>\n(30) <a href=\"https:\/\/www.koerber-stiftung.de\/fileadmin\/user_upload\/koerber-stiftung\/redaktion\/handlungsfeld_internationale-verstaendigung\/pdf\/2019\/Umfrage_Einmischen_oder_zuru__ckhalten.pdf\">https:\/\/www.koerber-stiftung.de\/fileadmin\/user_upload\/koerber-stiftung\/redaktion\/handlungsfeld_internationale-verstaendigung\/pdf\/2019\/Umfrage_Einmischen_oder_zuru__ckhalten.pdf<\/a><br \/>\n(31) <a href=\"https:\/\/www.koerber-stiftung.de\/fileadmin\/user_upload\/koerber-stiftung\/redaktion\/berliner-forum-aussenpolitik\/pdf\/2017\/The-Berlin-Pulse.pdf\">https:\/\/www.koerber-stiftung.de\/fileadmin\/user_upload\/koerber-stiftung\/redaktion\/berliner-forum-aussenpolitik\/pdf\/2017\/The-Berlin-Pulse.pdf<\/a><br \/>\n(32) <a href=\"https:\/\/www.tagesschau.de\/multimedia\/sendung\/ts-40435.html\">https:\/\/www.tagesschau.de\/multimedia\/sendung\/ts-40435.html<\/a><br \/>\n(33) <a href=\"https:\/\/www.mdr.de\/sachsen-anhalt\/landespolitik\/koalitionsstreit-erhoehung-rundfunkbeitrag-gastbeitrag-zur-rundfunkfreiheit-100.html\">https:\/\/www.mdr.de\/sachsen-anhalt\/landespolitik\/koalitionsstreit-erhoehung-rundfunkbeitrag-gastbeitrag-zur-rundfunkfreiheit-100.html<\/a><br \/>\n(34) <a href=\"https:\/\/vds-ev.de\/pressemitteilungen\/tagesschau-und-heute-nachrichten-sind-die-sprachpanscher-2020\/\">https:\/\/vds-ev.de\/pressemitteilungen\/tagesschau-und-heute-nachrichten-sind-die-sprachpanscher-2020\/<\/a><br \/>\n(35) <a href=\"https:\/\/www.tagesschau.de\/multimedia\/sendung\/ts-40415.html\">https:\/\/www.tagesschau.de\/multimedia\/sendung\/ts-40415.html<\/a><\/p>\n<p style=\"text-align: right;\"><em><strong>Das\u00a0Autoren-Team:\u00a0<\/strong><\/em><\/p>\n<p style=\"text-align: right;\"><em>Friedhelm Klinkhammer, Jahrgang\u00a01944, Jurist. 1975 bis 2008 Mitarbeiter des NDR, zeitweise Vorsitzender des NDR-Gesamtpersonalrats und des ver.di-Betriebsverbandes\u00a0sowie Referent einer Funkhausdirektorin.<\/em><\/p>\n<p style=\"text-align: right;\"><em>Volker Br\u00e4utigam, Jahrgang 1941, Redakteur. 1975 bis 1996 Mitarbeiter des NDR, zun\u00e4chst in der Tagesschau, von 1992 an in der Kulturredaktion f\u00fcr N3. Danach Lehrauftrag an der Fu-Jen-Universit\u00e4t\u00a0in Taipeh.<\/em><\/p>\n<p style=\"text-align: right;\"><em>Beide Autoren sind Mitglieder des Beirates des Deutschen Freidenker-Verbandes.<\/em><\/p>\n<p><span style=\"font-size: 10pt;\">Dieser Beitrag erschien am 11.12.2020 auch auf <a href=\"https:\/\/publikumskonferenz.de\/blog\/2020\/12\/11\/die-erfolgsgeschichte-der-gehirnwaescher\/\" target=\"_blank\" rel=\"noopener noreferrer\">publikumskonferenz.de<\/a><\/span><\/p>\n<hr \/>\n<p><span style=\"font-size: 10pt;\">Bild: \u00dcbernommen von <a href=\"https:\/\/publikumskonferenz.de\/blog\/2020\/12\/11\/die-erfolgsgeschichte-der-gehirnwaescher\/\" target=\"_blank\" rel=\"noopener noreferrer\">publikumskonferenz.de<\/a><\/span><\/p>\n","protected":false},"excerpt":{"rendered":"<p><b>Beitrag von Friedhelm Klinkhammer und Volker Br\u00e4utigam<\/b><br \/>\n\u201eDeutschland wird au\u00dfenpolitisch gebraucht\u201c. \u201eWir m\u00fcssen jetzt mehr Verantwortung in der Welt \u00fcbernehmen.\u201c K\u00f6nnen Sie absch\u00e4tzen, wie oft Sie diese Standards\u00e4tze unserer regierenden Phrasendrescher schon geh\u00f6rt haben? \u201eWas das allerdings genau hei\u00dft, ist noch nicht klar umrissen,\u201c behauptet die Tagesschau. F\u00e4lschlicherweise, denn das \u00fcberhebliche Gequatsche der Bef\u00fcrworter von mehr deutscher Kriegsbeteiligung weltweit hat in den Nachrichten des \u00f6ffentlich-rechtlichen Rundfunks eine gut erkennbare Funktion: Es soll uns im Glauben best\u00e4rken, \u201edie Guten\u201c zu sein. <\/p>\n","protected":false},"author":3,"featured_media":9031,"comment_status":"closed","ping_status":"closed","sticky":false,"template":"","format":"standard","meta":{"colormag_page_container_layout":"default_layout","colormag_page_sidebar_layout":"default_layout","advanced_seo_description":"","jetpack_seo_html_title":"","jetpack_seo_noindex":false,"jetpack_post_was_ever_published":false,"footnotes":""},"categories":[12],"tags":[1094,699,413,1166,339,222,1126],"class_list":["post-9026","post","type-post","status-publish","format-standard","has-post-thumbnail","hentry","category-demokratie-medien-aufklaerung","tag-ard","tag-aussenpolitik","tag-china","tag-gehirnwaesche","tag-kriegspropaganda","tag-russland","tag-tagesschau"],"jetpack_featured_media_url":"https:\/\/i0.wp.com\/www.freidenker.org\/fw17\/wp-content\/uploads\/2020\/12\/Gehirn-e1599559920805_800x450.jpg?fit=800%2C450&ssl=1","jetpack_shortlink":"https:\/\/wp.me\/p9stpK-2lA","jetpack-related-posts":[{"id":21974,"url":"https:\/\/www.freidenker.org\/?p=21974","url_meta":{"origin":9026,"position":0},"title":"Braindead \u2013 Was die Tagesschau und Joe Biden gemeinsam haben","author":"Webredaktion","date":"29. Mai 2025","format":false,"excerpt":"Beitrag von Gert Ewen Ungar Vor rund einem Jahr ver\u00f6ffentlichte die Tagesschau einen Faktenfinder, mit dem sie auf Ger\u00fcchte um die geistige Gesundheit von Joe Biden reagierte. Verfasst hat den Faktencheck der Oberchecker Pascal Siggelkow. Siggelkow passt zur Tagesschau, denn auch ihm geht es nicht um Fakten, sondern um die\u2026","rel":"","context":"In &quot;Demokratie \u2013 Medien \u2013 Aufkl\u00e4rung&quot;","block_context":{"text":"Demokratie \u2013 Medien \u2013 Aufkl\u00e4rung","link":"https:\/\/www.freidenker.org\/?cat=12"},"img":{"alt_text":"","src":"https:\/\/i0.wp.com\/www.freidenker.org\/fw17\/wp-content\/uploads\/2025\/05\/Joe_Biden_49385647696_800x450.jpg?fit=800%2C450&ssl=1&resize=350%2C200","width":350,"height":200,"srcset":"https:\/\/i0.wp.com\/www.freidenker.org\/fw17\/wp-content\/uploads\/2025\/05\/Joe_Biden_49385647696_800x450.jpg?fit=800%2C450&ssl=1&resize=350%2C200 1x, https:\/\/i0.wp.com\/www.freidenker.org\/fw17\/wp-content\/uploads\/2025\/05\/Joe_Biden_49385647696_800x450.jpg?fit=800%2C450&ssl=1&resize=525%2C300 1.5x, https:\/\/i0.wp.com\/www.freidenker.org\/fw17\/wp-content\/uploads\/2025\/05\/Joe_Biden_49385647696_800x450.jpg?fit=800%2C450&ssl=1&resize=700%2C400 2x"},"classes":[]},{"id":22435,"url":"https:\/\/www.freidenker.org\/?p=22435","url_meta":{"origin":9026,"position":1},"title":"Ukraine-Proteste: Der Westen hat noch die Kontrolle \u00fcber die NGOs im Land","author":"Webredaktion","date":"25. Juli 2025","format":false,"excerpt":"Beitrag von Gert Ewen Ungar Wenn es um die Ukraine geht, erz\u00e4hlt die Tagesschau gerne sch\u00f6ne und ergreifende Geschichten. Mit der Realit\u00e4t haben diese als Journalismus getarnten R\u00fchrst\u00fccke in der Regel genauso viel zu tun wie die Schauerm\u00e4rchen, die deutsche Medien \u00fcber Russland erz\u00e4hlen: nichts.\u00a0Anl\u00e4sslich der aktuellen Proteste in der\u2026","rel":"","context":"In &quot;Demokratie \u2013 Medien \u2013 Aufkl\u00e4rung&quot;","block_context":{"text":"Demokratie \u2013 Medien \u2013 Aufkl\u00e4rung","link":"https:\/\/www.freidenker.org\/?cat=12"},"img":{"alt_text":"","src":"https:\/\/i0.wp.com\/www.freidenker.org\/fw17\/wp-content\/uploads\/2025\/07\/Proteste_Kiew_RT_800x450.jpg?fit=800%2C450&ssl=1&resize=350%2C200","width":350,"height":200,"srcset":"https:\/\/i0.wp.com\/www.freidenker.org\/fw17\/wp-content\/uploads\/2025\/07\/Proteste_Kiew_RT_800x450.jpg?fit=800%2C450&ssl=1&resize=350%2C200 1x, https:\/\/i0.wp.com\/www.freidenker.org\/fw17\/wp-content\/uploads\/2025\/07\/Proteste_Kiew_RT_800x450.jpg?fit=800%2C450&ssl=1&resize=525%2C300 1.5x, https:\/\/i0.wp.com\/www.freidenker.org\/fw17\/wp-content\/uploads\/2025\/07\/Proteste_Kiew_RT_800x450.jpg?fit=800%2C450&ssl=1&resize=700%2C400 2x"},"classes":[]},{"id":15167,"url":"https:\/\/www.freidenker.org\/?p=15167","url_meta":{"origin":9026,"position":2},"title":"&#8222;Faktenfinder&#8220; der Tagesschau: Diffamierungskampagne gegen Alina Lipp geht weiter","author":"Webredaktion","date":"5. Februar 2023","format":false,"excerpt":"Beitrag von Gert Ewen Ungar Die Tagesschau behauptet von sich, das Flaggschiff des deutschen Journalismus zu sein und hohe Standards in der Berichterstattung zu befolgen. Mit dieser vollmundigen Selbstwahrnehmung korrespondiert die Realit\u00e4t immer weniger. Insbesondere in Krisenzeiten zeigt sich die Tagesschau wie viele andere deutsche Medien auch extrem anf\u00e4llig f\u00fcr\u2026","rel":"","context":"In &quot;Demokratie \u2013 Medien \u2013 Aufkl\u00e4rung&quot;","block_context":{"text":"Demokratie \u2013 Medien \u2013 Aufkl\u00e4rung","link":"https:\/\/www.freidenker.org\/?cat=12"},"img":{"alt_text":"","src":"https:\/\/i0.wp.com\/www.freidenker.org\/fw17\/wp-content\/uploads\/2023\/02\/alina_lipp_donbass_800x450.jpg?fit=800%2C450&ssl=1&resize=350%2C200","width":350,"height":200,"srcset":"https:\/\/i0.wp.com\/www.freidenker.org\/fw17\/wp-content\/uploads\/2023\/02\/alina_lipp_donbass_800x450.jpg?fit=800%2C450&ssl=1&resize=350%2C200 1x, https:\/\/i0.wp.com\/www.freidenker.org\/fw17\/wp-content\/uploads\/2023\/02\/alina_lipp_donbass_800x450.jpg?fit=800%2C450&ssl=1&resize=525%2C300 1.5x, https:\/\/i0.wp.com\/www.freidenker.org\/fw17\/wp-content\/uploads\/2023\/02\/alina_lipp_donbass_800x450.jpg?fit=800%2C450&ssl=1&resize=700%2C400 2x"},"classes":[]},{"id":20409,"url":"https:\/\/www.freidenker.org\/?p=20409","url_meta":{"origin":9026,"position":3},"title":"Medien bereiten den Weg zum Krieg","author":"Webredaktion","date":"24. November 2024","format":false,"excerpt":"Beitrag von Thomas R\u00f6per Pr\u00e4sident Putin hat am Donnerstag in einer Rede angek\u00fcndigt, Russland sehe sich nach den Angriffen mit westlichen Waffen auf sein Gebiet berechtigt, Ziele in den L\u00e4ndern anzugreifen, die zu diesen Angriffen die Erlaubnis gegeben haben. Die deutschen Medien verschweigen das komplett. Ich bin von den deutschen\u2026","rel":"","context":"In &quot;Demokratie \u2013 Medien \u2013 Aufkl\u00e4rung&quot;","block_context":{"text":"Demokratie \u2013 Medien \u2013 Aufkl\u00e4rung","link":"https:\/\/www.freidenker.org\/?cat=12"},"img":{"alt_text":"","src":"https:\/\/i0.wp.com\/www.freidenker.org\/fw17\/wp-content\/uploads\/2024\/11\/Virtual_Studio_of_Tagesschau_800x450.jpg?fit=800%2C450&ssl=1&resize=350%2C200","width":350,"height":200,"srcset":"https:\/\/i0.wp.com\/www.freidenker.org\/fw17\/wp-content\/uploads\/2024\/11\/Virtual_Studio_of_Tagesschau_800x450.jpg?fit=800%2C450&ssl=1&resize=350%2C200 1x, https:\/\/i0.wp.com\/www.freidenker.org\/fw17\/wp-content\/uploads\/2024\/11\/Virtual_Studio_of_Tagesschau_800x450.jpg?fit=800%2C450&ssl=1&resize=525%2C300 1.5x, https:\/\/i0.wp.com\/www.freidenker.org\/fw17\/wp-content\/uploads\/2024\/11\/Virtual_Studio_of_Tagesschau_800x450.jpg?fit=800%2C450&ssl=1&resize=700%2C400 2x"},"classes":[]},{"id":5650,"url":"https:\/\/www.freidenker.org\/?p=5650","url_meta":{"origin":9026,"position":4},"title":"Zu den vorweihnachtlichen Morden in Stra\u00dfburg","author":"Webredaktion","date":"20. Dezember 2018","format":false,"excerpt":"Beitrag von Friedhelm Klinkhammer und Volker Br\u00e4utigam Was ein rechter Staatsfunk ist, zeigt die ARD-aktuell-Redaktion einmal mehr, inhaltlich und sprachlich, in ihrem Bericht \u00fcber die Stra\u00dfburger Trag\u00f6die: Der (mutma\u00dfliche) M\u00f6rder ist tot \/ Die Ordnung ist wiederhergestellt \/ Der Weihnachtsmarkt hat wieder ge\u00f6ffnet \/ Jetzt aber Friede auf Erden und\u2026","rel":"","context":"In &quot;Demokratie \u2013 Medien \u2013 Aufkl\u00e4rung&quot;","block_context":{"text":"Demokratie \u2013 Medien \u2013 Aufkl\u00e4rung","link":"https:\/\/www.freidenker.org\/?cat=12"},"img":{"alt_text":"","src":"https:\/\/i0.wp.com\/www.freidenker.org\/fw17\/wp-content\/uploads\/2018\/12\/tv-2829992_800x445.jpg?fit=800%2C445&ssl=1&resize=350%2C200","width":350,"height":200,"srcset":"https:\/\/i0.wp.com\/www.freidenker.org\/fw17\/wp-content\/uploads\/2018\/12\/tv-2829992_800x445.jpg?fit=800%2C445&ssl=1&resize=350%2C200 1x, https:\/\/i0.wp.com\/www.freidenker.org\/fw17\/wp-content\/uploads\/2018\/12\/tv-2829992_800x445.jpg?fit=800%2C445&ssl=1&resize=525%2C300 1.5x, https:\/\/i0.wp.com\/www.freidenker.org\/fw17\/wp-content\/uploads\/2018\/12\/tv-2829992_800x445.jpg?fit=800%2C445&ssl=1&resize=700%2C400 2x"},"classes":[]},{"id":14034,"url":"https:\/\/www.freidenker.org\/?p=14034","url_meta":{"origin":9026,"position":5},"title":"Die Tagesschau droht, und die Regierung erh\u00f6ht die Angstdosis","author":"Webredaktion","date":"26. August 2022","format":false,"excerpt":"Beitrag von Dagmar Henn Journalisten sind eitel. Daher muss ich sagen: Wenn die Tagesschau nach all den Sperrungen, die gegen abweichende Medien verh\u00e4ngt werden, immer noch schreibt, \"die Bundesregierung tut sich schwer im Kampf gegen Moskaus L\u00fcgen\", dann ist die erste Reaktion Befriedigung. Schlie\u00dflich ist Sinn und Zweck dieser T\u00e4tigkeit,\u2026","rel":"","context":"In &quot;Demokratie \u2013 Medien \u2013 Aufkl\u00e4rung&quot;","block_context":{"text":"Demokratie \u2013 Medien \u2013 Aufkl\u00e4rung","link":"https:\/\/www.freidenker.org\/?cat=12"},"img":{"alt_text":"","src":"https:\/\/i0.wp.com\/www.freidenker.org\/fw17\/wp-content\/uploads\/2022\/08\/Tagesschau_8d58ff8c65_c_800x450.jpg?fit=799%2C450&ssl=1&resize=350%2C200","width":350,"height":200,"srcset":"https:\/\/i0.wp.com\/www.freidenker.org\/fw17\/wp-content\/uploads\/2022\/08\/Tagesschau_8d58ff8c65_c_800x450.jpg?fit=799%2C450&ssl=1&resize=350%2C200 1x, https:\/\/i0.wp.com\/www.freidenker.org\/fw17\/wp-content\/uploads\/2022\/08\/Tagesschau_8d58ff8c65_c_800x450.jpg?fit=799%2C450&ssl=1&resize=525%2C300 1.5x, https:\/\/i0.wp.com\/www.freidenker.org\/fw17\/wp-content\/uploads\/2022\/08\/Tagesschau_8d58ff8c65_c_800x450.jpg?fit=799%2C450&ssl=1&resize=700%2C400 2x"},"classes":[]}],"_links":{"self":[{"href":"https:\/\/www.freidenker.org\/index.php?rest_route=\/wp\/v2\/posts\/9026","targetHints":{"allow":["GET"]}}],"collection":[{"href":"https:\/\/www.freidenker.org\/index.php?rest_route=\/wp\/v2\/posts"}],"about":[{"href":"https:\/\/www.freidenker.org\/index.php?rest_route=\/wp\/v2\/types\/post"}],"author":[{"embeddable":true,"href":"https:\/\/www.freidenker.org\/index.php?rest_route=\/wp\/v2\/users\/3"}],"replies":[{"embeddable":true,"href":"https:\/\/www.freidenker.org\/index.php?rest_route=%2Fwp%2Fv2%2Fcomments&post=9026"}],"version-history":[{"count":0,"href":"https:\/\/www.freidenker.org\/index.php?rest_route=\/wp\/v2\/posts\/9026\/revisions"}],"wp:featuredmedia":[{"embeddable":true,"href":"https:\/\/www.freidenker.org\/index.php?rest_route=\/wp\/v2\/media\/9031"}],"wp:attachment":[{"href":"https:\/\/www.freidenker.org\/index.php?rest_route=%2Fwp%2Fv2%2Fmedia&parent=9026"}],"wp:term":[{"taxonomy":"category","embeddable":true,"href":"https:\/\/www.freidenker.org\/index.php?rest_route=%2Fwp%2Fv2%2Fcategories&post=9026"},{"taxonomy":"post_tag","embeddable":true,"href":"https:\/\/www.freidenker.org\/index.php?rest_route=%2Fwp%2Fv2%2Ftags&post=9026"}],"curies":[{"name":"wp","href":"https:\/\/api.w.org\/{rel}","templated":true}]}}