{"id":9013,"date":"2020-12-13T19:54:26","date_gmt":"2020-12-13T18:54:26","guid":{"rendered":"https:\/\/www.freidenker.org\/?p=9013"},"modified":"2023-02-19T15:46:30","modified_gmt":"2023-02-19T14:46:30","slug":"christian-kraehling-gewerkschaftlicher-aktivist-genosse-dichter-und-freund-lebt-nicht-mehr","status":"publish","type":"post","link":"https:\/\/www.freidenker.org\/?p=9013","title":{"rendered":"Christian Kr\u00e4hling lebt nicht mehr"},"content":{"rendered":"<h4>Christian Kr\u00e4hling (10.12.1977 &#8211; 10.12.2020), gewerkschaftlicher Aktivist, Genosse, Dichter, Freund, liebevoller Vater, lebt nicht mehr<\/h4>\n<hr \/>\n<p>Christian Kr\u00e4hling, Betriebsrat, Gewerkschafter, Streikf\u00fchrer bei Amazon Bad Hersfeld und Mitglied des Deutschen Freidenker-Verbandes, ist am Donnerstag, den\u00a0 10. Dezember 2020, seinem 43. Geburtstag gestorben.<\/p>\n<p>Am Mittwoch war er noch bei der Arbeit (Amazon Bad Hersfeld). Tags drauf ist er nicht zu einer Betriebsratssitzung erschienen. Er war auch telefonisch unerreichbar. Das hatte es bei solchen Terminen bei ihm noch nie gegeben. Die Kollegen waren beunruhigt, einer fuhr zu ihm. Am Donnerstag Nachmittag wurde er leblos in seiner Wohnung gefunden.<\/p>\n<p>Das ist ein schwerer Verlust f\u00fcr die Arbeiterbewegung nicht nur in Deutschland. Vor fast acht Jahren war er Mitinitiator der bis jetzt immer wieder durchgef\u00fchrten Streiks bei Amazon in Bad Hersfeld, er trug wesentlich dazu bei, dass der Funke \u00fcbersprang auf andere deutsche Standorte. Der Sprecher der gewerkschaftlichen Vertrauensleute wirkte mit an der Vernetzung mit Aktiven in Polen, Slowakei, Spanien, Frankreich, Schweden, Italien, USA, China.<\/p>\n<p>Wenn er erfuhr, dass am n\u00e4chsten Streik in Frankreich oder USA eine Aktion stattfand, schrieb er manchmal noch in der Nacht ein Streiklied in englischer oder franz\u00f6sischer Sprache und schickte es noch rechtzeitig hin.<\/p>\n<p>Die Initiative OKG (Organisieren, K\u00e4mpfen, Gewinnen) Kassel hat geschrieben:<\/p>\n<blockquote><p><i>&#8222;&#8230;\u00a0 GewerkschafterInnen weltweit werden trauern, von Spanien, Polen, USA, Frankreich, China\u2026 du hast keine Grenzen gekannt, <\/i><i>nicht korrumpierbar, immer bescheiden, immer mit Witz, immer unerschrocken, Dichter, K\u00e4mpfer, Freund, Genosse, liebevoller Vater. <\/i><i><br \/>\n<\/i><i>Du warst einer der Gro\u00dfen der Arbeiterbewegung &#8230;&#8220;<\/i><\/p><\/blockquote>\n<p>Ich glaube, sie haben mit dem letzten Satz nicht \u00fcbertrieben. Viele seiner wunderbaren Gedichte habe ich gelesen. Er, der auch Freidenkergenosse war, starb mindestens ein halbes Jahrhundert zu fr\u00fch.<\/p>\n<p>Wenn wir ihn jetzt fragen k\u00f6nnten, was w\u00fcrde er uns jetzt mit einem Schmunzeln raten?<\/p>\n<p style=\"text-align: center;\"><span style=\"font-size: 14pt;\"><strong>&#8222;Weitermachen, Durchhalten, Siegen!&#8220;<\/strong><\/span><\/p>\n<p style=\"text-align: right;\"><strong><em>Ernst &#8222;Ernesto&#8220; Schwarz<\/em><\/strong><\/p>\n<hr \/>\n<p>Die Nachricht ist unfassbar und traurig: Unser Freund und Genosse Christian Kr\u00e4hling ist pl\u00f6tzlich und unerwartet gestorben.<\/p>\n<p>Seit vielen Jahren hat er den &#8222;Linken Liedersommer &#8211; Lieder gegen Ausbeutung und Krieg&#8220; der Freidenker besucht und mit Ernst Schwarz aktiv daran teilgenommen, er ist selbst Mitglied im DFV geworden, Ernesto hat viele seiner Gedichte bekannt gemacht, weil er sie vertont und gesungen hat &#8211; nicht zuletzt bei der Jugendfeier 2020 im B\u00fcrgerhaus Bornheim. Vorher hatten Christian und Ernst bei einem der Vorbereitungstreffen vom jahrelangen Arbeitskampf um einen Tarifvertrag bei Amazon berichtet, Bilder von den Streiks gezeigt und ihre gemeinsamen Lieder gesungen und mit den Jugendlichen dar\u00fcber gesprochen.<\/p>\n<p>Als wir am 03.08.2019 den 65. Geburtstag von Klaus im Wiener Hof in Offenbach feierten, haben Christian und Ernesto die Feier mit einem Vortrags- und Kulturprogramm bereichert. Wie gern w\u00fcrde ich das noch einmal erleben und in seinem Beisein, seinen Mut und seine Zuversicht sp\u00fcren, seine Ausdauer bewundern, \u00fcber seine Gewitztheit lachen.<\/p>\n<p>Wir werden Christian sehr vermissen und wir werden ihn in unserer Erinnerung bewahren!<\/p>\n<p style=\"text-align: right;\"><em><strong>Monika Krotter-Hartmann<\/strong><\/em><\/p>\n<hr \/>\n<h4 style=\"text-align: center;\">Ganz egal<\/h4>\n<p style=\"text-align: center;\"><em>Text: Christian Kr\u00e4hling <\/em><br \/>\n<em>Musik: frei nach Element of Crime<\/em><\/p>\n<p style=\"text-align: center;\">Die Pflegekraft kann ihre Miete kaum bezahlen<br \/>\nObwohl sie schuftet jeden Tag im Krankenhaus.<br \/>\nDer Eigent\u00fcmer wohnt in einem sch\u00f6nen Schlosse,<br \/>\nDoch f\u00fcr die Pflegekraft sieht es nicht rosig aus.<\/p>\n<p style=\"text-align: center;\">Ein Leiharbeiter produziert Profit am Flie\u00dfband<br \/>\nUnd er macht \u00dcberstunden noch nach langer Schicht<br \/>\nUnd seine kleinen Kinder seh\u2019n ihn nur noch selten<br \/>\nUnd der karge Lohn reicht vorn und hinten nicht!<\/p>\n<p style=\"text-align: center;\">Ganz egal, wie man es auch betrachtet:<br \/>\nAm Ende kommt die Revolution!<\/p>\n<p style=\"text-align: center;\">Der Paketkurier gibt Gas f\u00fcr seine Bosse<br \/>\nUnd opfert Lebenszeit f\u00fcr dummen Wohlstandsm\u00fcll.<br \/>\nDie Existenz ist ihm dadurch nicht ganz gesichert,<br \/>\nObwohl er nur bescheid\u2019nes Leben f\u00fchren will!<\/p>\n<p style=\"text-align: center;\">Der reiche Mann kaut Hummer schon am fr\u00fchen Morgen,<br \/>\nDen hat ein armer Fischer ihm zu Tisch gebracht!<br \/>\nKinderarmut ist jetzt ganz normal geworden<br \/>\nUnd mit Krieg wird nach wie vor Profit gemacht!<\/p>\n<p style=\"text-align: center;\">Ganz egal, wie man es auch betrachtet:<br \/>\nAm Ende kommt die Revolution!<\/p>\n<p style=\"text-align: center;\">Die Mieten steigen und Benzin wird immer teurer.<br \/>\nUnd das Wasser woll\u2019n sie auch privatisier\u2018n!<br \/>\nUnd Du f\u00fchrst Dein Leben nur noch f\u00fcr die Wirtschaft<br \/>\nUnd sollst Profit f\u00fcr uns\u2019re Herren generier\u2019n.<\/p>\n<p style=\"text-align: center;\">Wieviel Ausbeutung ist heut\u2018 noch zu ertragen,<br \/>\nBevor man endlich einmal sagt: Ich bin daf\u00fcr,<br \/>\nDie Dreckseliten jetzt mal einfach zu enteignen!<br \/>\nUnd wann kommt denn der Gedanke auch zu Dir?<\/p>\n<p style=\"text-align: center;\">Ganz egal, wie man es auch betrachtet:<br \/>\nAm Ende kommt die Revolution!<\/p>\n<hr \/>\n<p><span style=\"font-size: 10pt;\">Foto: \u00a9 Andreas Gangl<\/span><\/p>\n","protected":false},"excerpt":{"rendered":"<p><b>Nachrufe von Ernst &#8222;Ernesto&#8220; Schwarz und Monika Krotter Hartmann<\/b><br \/>\nChristian Kr\u00e4hling, Betriebsrat, Gewerkschafter, Streikf\u00fchrer bei Amazon Bad Hersfeld und Mitglied des Deutschen Freidenker-Verbandes, ist am Donnerstag, den\u00a0 10. Dezember 2020, seinem 43. Geburtstag gestorben.<br \/>\nDas ist ein schwerer Verlust f\u00fcr die Arbeiterbewegung nicht nur in Deutschland. Vor fast acht Jahren war er Mitinitiator der bis jetzt immer wieder durchgef\u00fchrten Streiks bei Amazon in Bad Hersfeld, er trug wesentlich dazu bei, dass der Funke \u00fcbersprang auf andere deutsche Standorte. Der Sprecher der gewerkschaftlichen Vertrauensleute wirkte mit an der Vernetzung mit Aktiven in Polen, Slowakei, Spanien, Frankreich, Schweden, Italien, USA, China.<\/p>\n","protected":false},"author":3,"featured_media":9017,"comment_status":"closed","ping_status":"closed","sticky":false,"template":"","format":"standard","meta":{"colormag_page_container_layout":"default_layout","colormag_page_sidebar_layout":"default_layout","advanced_seo_description":"","jetpack_seo_html_title":"","jetpack_seo_noindex":false,"jetpack_post_was_ever_published":false,"footnotes":""},"categories":[11,17],"tags":[1057,27,1067,700,25],"class_list":["post-9013","post","type-post","status-publish","format-standard","has-post-thumbnail","hentry","category-arbeit-soziales","category-weltliche-trauerkultur","tag-arbeiterbewegung","tag-deutscher-freidenker-verband","tag-lv-hessen","tag-nachruf","tag-trauer"],"jetpack_featured_media_url":"https:\/\/i0.wp.com\/www.freidenker.org\/fw17\/wp-content\/uploads\/2020\/12\/christian_kraehling_800x450.jpg?fit=800%2C450&ssl=1","jetpack_shortlink":"https:\/\/wp.me\/p9stpK-2ln","jetpack-related-posts":[{"id":9128,"url":"https:\/\/www.freidenker.org\/?p=9128","url_meta":{"origin":9013,"position":0},"title":"Abschied von Christian Kr\u00e4hling","author":"Webredaktion","date":"30. Dezember 2020","format":false,"excerpt":"Trauerrede von Ernst \u201eErnesto\u201c Schwarz f\u00fcr Christian Kr\u00e4hling (10. Dezember 1977 \u2013 10. Dezember 2020) Die Familie trauert um ihren liebevollen Vater, Sohn und Bruder. \u00a0Wir trauern um einen lieben Freund, Kollegen und Genossen, wie wir uns kaum einen besseren w\u00fcnschen konnten. Wir trauern um einen K\u00e4mpfer f\u00fcr eine wirklich\u2026","rel":"","context":"In &quot;Arbeit &amp; Soziales&quot;","block_context":{"text":"Arbeit &amp; Soziales","link":"https:\/\/www.freidenker.org\/?cat=11"},"img":{"alt_text":"","src":"https:\/\/i0.wp.com\/www.freidenker.org\/fw17\/wp-content\/uploads\/2020\/12\/christian_kraehling_trauerfeier.jpg?fit=800%2C450&ssl=1&resize=350%2C200","width":350,"height":200,"srcset":"https:\/\/i0.wp.com\/www.freidenker.org\/fw17\/wp-content\/uploads\/2020\/12\/christian_kraehling_trauerfeier.jpg?fit=800%2C450&ssl=1&resize=350%2C200 1x, https:\/\/i0.wp.com\/www.freidenker.org\/fw17\/wp-content\/uploads\/2020\/12\/christian_kraehling_trauerfeier.jpg?fit=800%2C450&ssl=1&resize=525%2C300 1.5x, https:\/\/i0.wp.com\/www.freidenker.org\/fw17\/wp-content\/uploads\/2020\/12\/christian_kraehling_trauerfeier.jpg?fit=800%2C450&ssl=1&resize=700%2C400 2x"},"classes":[]},{"id":9040,"url":"https:\/\/www.freidenker.org\/?p=9040","url_meta":{"origin":9013,"position":1},"title":"Spanien: Amazon infiltriert Streik mit Privatspionen","author":"Webredaktion","date":"19. Dezember 2020","format":false,"excerpt":"Beitrag von Klaus Hartmann - In memoriam Christian Kr\u00e4hling Unser am 10.12.2020 verstorbene Genosse und Streikf\u00fchrer bei Amazon Bad Hersfeld war auch unabl\u00e4ssig aktiv, um die Solidarit\u00e4t der Amazon-Besch\u00e4ftigten international zu organisieren, so auch mit den gewerkschaftlichen Interessenvertretern in Spanien. Jetzt (02.12.2020) ver\u00f6ffentlichte der Business Insider einen Bericht \u00fcber die\u2026","rel":"","context":"In &quot;Arbeit &amp; Soziales&quot;","block_context":{"text":"Arbeit &amp; Soziales","link":"https:\/\/www.freidenker.org\/?cat=11"},"img":{"alt_text":"","src":"https:\/\/i0.wp.com\/www.freidenker.org\/fw17\/wp-content\/uploads\/2020\/12\/christian_kraehling_stangl_800x450.jpg?fit=800%2C450&ssl=1&resize=350%2C200","width":350,"height":200,"srcset":"https:\/\/i0.wp.com\/www.freidenker.org\/fw17\/wp-content\/uploads\/2020\/12\/christian_kraehling_stangl_800x450.jpg?fit=800%2C450&ssl=1&resize=350%2C200 1x, https:\/\/i0.wp.com\/www.freidenker.org\/fw17\/wp-content\/uploads\/2020\/12\/christian_kraehling_stangl_800x450.jpg?fit=800%2C450&ssl=1&resize=525%2C300 1.5x, https:\/\/i0.wp.com\/www.freidenker.org\/fw17\/wp-content\/uploads\/2020\/12\/christian_kraehling_stangl_800x450.jpg?fit=800%2C450&ssl=1&resize=700%2C400 2x"},"classes":[]},{"id":6958,"url":"https:\/\/www.freidenker.org\/?p=6958","url_meta":{"origin":9013,"position":2},"title":"Das Lied, das Milliard\u00e4ren gef\u00e4hrlich werden wird","author":"Webredaktion","date":"20. Juni 2019","format":false,"excerpt":"Interview mit Ernst \"Ernesto\" Schwarz zum 8. Linken Liedersommer Ich bin seit einem halben Jahrhundert auf der Suche nach und am Sammeln von Arbeiter- und generell revolution\u00e4ren Liedern und Volksliedern. Als es im Vorfeld des Jugoslawienkriegs und der bevorstehenden Verarmungsma\u00dfnahmen der Kriegsparteien CDU, SPD, Gr\u00fcne, FDP keine neuen aktuellen Lieder\u2026","rel":"","context":"In &quot;Kultur &amp; Kunst&quot;","block_context":{"text":"Kultur &amp; Kunst","link":"https:\/\/www.freidenker.org\/?cat=913"},"img":{"alt_text":"","src":"https:\/\/i0.wp.com\/www.freidenker.org\/fw17\/wp-content\/uploads\/2019\/09\/ernesto_liliso-2019_800x445-1.jpg?fit=800%2C445&ssl=1&resize=350%2C200","width":350,"height":200,"srcset":"https:\/\/i0.wp.com\/www.freidenker.org\/fw17\/wp-content\/uploads\/2019\/09\/ernesto_liliso-2019_800x445-1.jpg?fit=800%2C445&ssl=1&resize=350%2C200 1x, https:\/\/i0.wp.com\/www.freidenker.org\/fw17\/wp-content\/uploads\/2019\/09\/ernesto_liliso-2019_800x445-1.jpg?fit=800%2C445&ssl=1&resize=525%2C300 1.5x, https:\/\/i0.wp.com\/www.freidenker.org\/fw17\/wp-content\/uploads\/2019\/09\/ernesto_liliso-2019_800x445-1.jpg?fit=800%2C445&ssl=1&resize=700%2C400 2x"},"classes":[]},{"id":6315,"url":"https:\/\/www.freidenker.org\/?p=6315","url_meta":{"origin":9013,"position":3},"title":"Lieder gegen Ausbeutung und Krieg","author":"Webredaktion","date":"8. Mai 2019","format":false,"excerpt":"Pressemitteilung zum 8. Kulturseminar und Linken Liedersommer 2019 Zu seinem 8. Kulturseminar l\u00e4dt der Deutsche Freidenker-Verband erstmals an einen anderen Ort als der traditionellen Burg Waldeck ein, n\u00e4mlich ins Naturfreundehaus Rahnenhof bei Hertlingshausen in der Pfalz, vom 21. bis 23. Juni 2019. ... Der \u201eLinke Liedersommer\u201c hat traditionell das Verh\u00e4ltnis\u2026","rel":"","context":"In &quot;Kultur &amp; Kunst&quot;","block_context":{"text":"Kultur &amp; Kunst","link":"https:\/\/www.freidenker.org\/?cat=913"},"img":{"alt_text":"","src":"https:\/\/i0.wp.com\/www.freidenker.org\/fw17\/wp-content\/uploads\/2019\/05\/liliso_2013_800x445_v2.jpg?fit=800%2C447&ssl=1&resize=350%2C200","width":350,"height":200,"srcset":"https:\/\/i0.wp.com\/www.freidenker.org\/fw17\/wp-content\/uploads\/2019\/05\/liliso_2013_800x445_v2.jpg?fit=800%2C447&ssl=1&resize=350%2C200 1x, https:\/\/i0.wp.com\/www.freidenker.org\/fw17\/wp-content\/uploads\/2019\/05\/liliso_2013_800x445_v2.jpg?fit=800%2C447&ssl=1&resize=525%2C300 1.5x, https:\/\/i0.wp.com\/www.freidenker.org\/fw17\/wp-content\/uploads\/2019\/05\/liliso_2013_800x445_v2.jpg?fit=800%2C447&ssl=1&resize=700%2C400 2x"},"classes":[]},{"id":18504,"url":"https:\/\/www.freidenker.org\/?p=18504","url_meta":{"origin":9013,"position":4},"title":"Kiesewetter, die Taurus und ein neuer See am Landwehrkanal","author":"Webredaktion","date":"8. M\u00e4rz 2024","format":false,"excerpt":"Beitrag von Dagmar Henn Unzweifelhaft, es gibt Dumme. Und dann gibt es solche, die sich dumm stellen. Wie Roderich Kiesewetter, einer der sichtbarsten Kriegstreiber der CDU im Bundestag. Denn viele andere m\u00f6gen allerlei Dinge \u00fcber die Taurus-Marschflugk\u00f6rper glauben und aus diesen Gr\u00fcnden irgendwelches Zeug erz\u00e4hlen; aber Kiesewetter war nicht immer\u2026","rel":"","context":"In &quot;Demokratie \u2013 Medien \u2013 Aufkl\u00e4rung&quot;","block_context":{"text":"Demokratie \u2013 Medien \u2013 Aufkl\u00e4rung","link":"https:\/\/www.freidenker.org\/?cat=12"},"img":{"alt_text":"","src":"https:\/\/i0.wp.com\/www.freidenker.org\/fw17\/wp-content\/uploads\/2024\/03\/Roderich_Kiesewetter_-_17._Jahreskonferenz_der_Kyjiwer_Gespraeche_800x450.jpg?fit=800%2C450&ssl=1&resize=350%2C200","width":350,"height":200,"srcset":"https:\/\/i0.wp.com\/www.freidenker.org\/fw17\/wp-content\/uploads\/2024\/03\/Roderich_Kiesewetter_-_17._Jahreskonferenz_der_Kyjiwer_Gespraeche_800x450.jpg?fit=800%2C450&ssl=1&resize=350%2C200 1x, https:\/\/i0.wp.com\/www.freidenker.org\/fw17\/wp-content\/uploads\/2024\/03\/Roderich_Kiesewetter_-_17._Jahreskonferenz_der_Kyjiwer_Gespraeche_800x450.jpg?fit=800%2C450&ssl=1&resize=525%2C300 1.5x, https:\/\/i0.wp.com\/www.freidenker.org\/fw17\/wp-content\/uploads\/2024\/03\/Roderich_Kiesewetter_-_17._Jahreskonferenz_der_Kyjiwer_Gespraeche_800x450.jpg?fit=800%2C450&ssl=1&resize=700%2C400 2x"},"classes":[]},{"id":14673,"url":"https:\/\/www.freidenker.org\/?p=14673","url_meta":{"origin":9013,"position":5},"title":"Der Kanzler mit dem kurzen Ged\u00e4chtnis: Olaf Scholz in Vietnam","author":"Webredaktion","date":"15. November 2022","format":false,"excerpt":"Beitrag von Dagmar Henn Olaf Scholz h\u00e4tte es besser wissen m\u00fcssen. Aber vermutlich hatte er gehofft, wenn ihn die Chinesen schon nicht lieben, dann wenigstens die Vietnamesen, schon allein, weil deren Verh\u00e4ltnis untereinander nicht ganz frei von Komplikationen ist. Jedenfalls hat er, Pressemeldungen zufolge, in Vietnam erkl\u00e4rt, er w\u00fcnsche sich\u2026","rel":"","context":"In &quot;Demokratie \u2013 Medien \u2013 Aufkl\u00e4rung&quot;","block_context":{"text":"Demokratie \u2013 Medien \u2013 Aufkl\u00e4rung","link":"https:\/\/www.freidenker.org\/?cat=12"},"img":{"alt_text":"","src":"https:\/\/i0.wp.com\/www.freidenker.org\/fw17\/wp-content\/uploads\/2022\/11\/Ho_Chi_Minh_Mausoleum_7360943118_800x450.jpg?fit=800%2C450&ssl=1&resize=350%2C200","width":350,"height":200,"srcset":"https:\/\/i0.wp.com\/www.freidenker.org\/fw17\/wp-content\/uploads\/2022\/11\/Ho_Chi_Minh_Mausoleum_7360943118_800x450.jpg?fit=800%2C450&ssl=1&resize=350%2C200 1x, https:\/\/i0.wp.com\/www.freidenker.org\/fw17\/wp-content\/uploads\/2022\/11\/Ho_Chi_Minh_Mausoleum_7360943118_800x450.jpg?fit=800%2C450&ssl=1&resize=525%2C300 1.5x, https:\/\/i0.wp.com\/www.freidenker.org\/fw17\/wp-content\/uploads\/2022\/11\/Ho_Chi_Minh_Mausoleum_7360943118_800x450.jpg?fit=800%2C450&ssl=1&resize=700%2C400 2x"},"classes":[]}],"_links":{"self":[{"href":"https:\/\/www.freidenker.org\/index.php?rest_route=\/wp\/v2\/posts\/9013","targetHints":{"allow":["GET"]}}],"collection":[{"href":"https:\/\/www.freidenker.org\/index.php?rest_route=\/wp\/v2\/posts"}],"about":[{"href":"https:\/\/www.freidenker.org\/index.php?rest_route=\/wp\/v2\/types\/post"}],"author":[{"embeddable":true,"href":"https:\/\/www.freidenker.org\/index.php?rest_route=\/wp\/v2\/users\/3"}],"replies":[{"embeddable":true,"href":"https:\/\/www.freidenker.org\/index.php?rest_route=%2Fwp%2Fv2%2Fcomments&post=9013"}],"version-history":[{"count":0,"href":"https:\/\/www.freidenker.org\/index.php?rest_route=\/wp\/v2\/posts\/9013\/revisions"}],"wp:featuredmedia":[{"embeddable":true,"href":"https:\/\/www.freidenker.org\/index.php?rest_route=\/wp\/v2\/media\/9017"}],"wp:attachment":[{"href":"https:\/\/www.freidenker.org\/index.php?rest_route=%2Fwp%2Fv2%2Fmedia&parent=9013"}],"wp:term":[{"taxonomy":"category","embeddable":true,"href":"https:\/\/www.freidenker.org\/index.php?rest_route=%2Fwp%2Fv2%2Fcategories&post=9013"},{"taxonomy":"post_tag","embeddable":true,"href":"https:\/\/www.freidenker.org\/index.php?rest_route=%2Fwp%2Fv2%2Ftags&post=9013"}],"curies":[{"name":"wp","href":"https:\/\/api.w.org\/{rel}","templated":true}]}}