{"id":8987,"date":"2020-12-13T13:30:17","date_gmt":"2020-12-13T12:30:17","guid":{"rendered":"https:\/\/www.freidenker.org\/?p=8987"},"modified":"2021-01-11T21:09:45","modified_gmt":"2021-01-11T20:09:45","slug":"umgang-mit-russland-in-bester-deutscher-tradition","status":"publish","type":"post","link":"https:\/\/www.freidenker.org\/?p=8987","title":{"rendered":"Umgang mit Russland in \u201ebester deutscher Tradition\u201c!"},"content":{"rendered":"<p>In der Rubrik <strong>Tagesdosis<\/strong> wurde am 4.12.2020 bei <a href=\"https:\/\/kenfm.de\/umgang-mit-russland-in-bester-deutscher-tradition-von-rainer-rupp\/\" target=\"_blank\" rel=\"noopener noreferrer\">KenFM<\/a> der Beitrag \u201eUmgang mit Russland in \u201ebester deutscher Tradition\u201c!<strong>\u201c <\/strong>von <em><strong>Rainer Rupp<\/strong><\/em>, Mitglied des Beirates des Deutschen Freidenker-Verbandes, ver\u00f6ffentlicht.<\/p>\n<p>Den Beitrag als Audio-Datei anh\u00f6ren:<\/p>\n<audio class=\"wp-audio-shortcode\" id=\"audio-8987-1\" preload=\"none\" style=\"width: 100%;\" controls=\"controls\"><source type=\"audio\/mpeg\" src=\"https:\/\/kenfm.de\/multimedia_kenfm\/podcast\/tagesdosis-20201204.mp3?_=1\" \/><a href=\"https:\/\/kenfm.de\/multimedia_kenfm\/podcast\/tagesdosis-20201204.mp3\">https:\/\/kenfm.de\/multimedia_kenfm\/podcast\/tagesdosis-20201204.mp3<\/a><\/audio>\n<p>&nbsp;<\/p>\n<p>Der Beitrag ist auch als Video verf\u00fcgbar:<br \/>\nKenTube: <a href=\"https:\/\/tube.kenfm.de\/videos\/watch\/64791998-168b-45c5-beb4-39c36cfd0137\" target=\"_blank\" rel=\"noopener\">https:\/\/tube.kenfm.de\/videos\/watch\/64791998-168b-45c5-beb4-39c36cfd0137<\/a><\/p>\n<h4>Umgang mit Russland in \u201ebester deutscher Tradition\u201c!\u00a0 (Tagesdosis vom 04.12.2020)<\/h4>\n<p><i>Ein Kommentar <\/i><b><i>von Rainer Rupp.<\/i><\/b><\/p>\n<p>Anfang der Woche hatten die Au\u00dfenminister der Nordatlantischen Terror Organisation NATO ihr allj\u00e4hrliches Treffen abgehalten, diesmal Corona-konform per Videokonferenz. Im Visier der NATO-Angriffspolitiker haben stets die L\u00e4nder gestanden, die sich noch nicht aus freien St\u00fccken den Forderungen der westlichen Un-Wertegemeinschaft unterworfen und ihre nationale Souver\u00e4nit\u00e4t im Interesse der transnationalen Finanzkonzerne aufgegeben haben. Das trifft vor allen anderen auf Russland und China zu. Erwartungsgem\u00e4\u00df hat gar direkt zum Beginn der Konferenz NATO-Generalsekret\u00e4r Jens Stoltenberg den Leitgedanken der westlichen Angriffskrieger explizit in den Vordergrund ger\u00fcckt, n\u00e4mlich dass \u201eChina und Russland eine steigende Bedrohung f\u00fcr die westliche Allianz darstellen\u201c.<\/p>\n<p>In der Logik der militaristischen Expansionisten ist das nur folgerichtig. Denn wenn man den Russen mit schweren NATO-Waffen immer n\u00e4her auf den Pelz r\u00fcckt und auch deutsche Panzer an der estonisch\/russischen Grenze nur noch 160 Kilometer von St. Petersburg entfernt den Angriff, \u2014 nein, Entschuldigung, \u2014\u00a0 die Verteidigung der Freien Welt \u00fcben, dann k\u00f6nnte das russische Milit\u00e4r nerv\u00f6s werden und die friedlichen Bem\u00fchungen der westlichen Demokratien f\u00fcr ungez\u00fcgelte, freie M\u00e4rkte und Recht auf maximale Ausbeutung missverstehen und milit\u00e4risch \u00fcberreagieren. Deshalb muss die Nordatlantische Terror Organisation dringend aufr\u00fcsten, um f\u00fcr solche Situationen besser vorbereitet zu sein.<\/p>\n<p>Folglich lautet das Gebot der Konferenz: \u201eAufr\u00fcstung, statt gegenseitige Sicherheit durch Verhandlungen\u201c. Das ist auch voll und ganz die Meinung der deutschen Kriegsministerin Annegret Krampf-Knarrenbauer. Denn auch diese Dame ist von der Vorstellung durchdrungen, dass die unkultivierten russischen Horden aus den Tiefen Sibiriens nur eine Sprache verstehen, n\u00e4mlich die der Knute. Deshalb meint die Knarrenbauer aus tiefster \u00dcberzeugung, dass wir Deutsche <em>\u201ein bester deutscher Tradition<\/em>\u201c nur aus \u201e<em>einer Position der St\u00e4rke<\/em>\u201c mit den Russen verhandeln d\u00fcrften.<\/p>\n<p>In bester deutscher Tradition nur aus einer Position der St\u00e4rke verhandeln? Wem bei diesen Worten aus dem Munde der deutschen Kriegsministerin nicht ein Schauer \u00fcber den R\u00fccken l\u00e4uft, der kennt die schlimmsten Trag\u00f6dien der deutschen Geschichte nicht. Mit diesem Argument, n\u00e4mlich nur aus einer Position der St\u00e4rke den Frieden zu sichern, wurde in Deutschland die Bev\u00f6lkerung wiederholt hinters Licht gef\u00fchrt, um sie auf den Ersten und den Zweiten Weltkrieg vorzubereitet. Wenn dieses gef\u00e4hrliche Spiel mit dem Untergang im Einklang mit \u201ebester deutscher Tradition\u201c steht, wie das Frau Knarrenbauer behauptet, dann f\u00e4llt mir angesichts dieses Menschenverachtenden Zynismus der saarl\u00e4ndischen CDU-Dame nur noch der Spruch des Malers Max Liebermann ein, der am 30. Januar 1933 aus gegebenem Anlass gesagt hat <em>\u201eIch kann nicht so viel fressen, wie ich kotzen m\u00f6chte.\u201c\u00a0<\/em><\/p>\n<p>Um sicher zu stellen, dass niemand glaubt, das uns\u00e4gliche Zitat der Knarrenbauer sei ein Fake oder aus dem Zusammenhang zitiert, soll hiernach aus dem Protokoll der 194. Sitzung des Deutschen Bundestags, 19. Wahlperiode, in Berlin am Mittwoch, den 25. November 2020 von den Seiten 24467 und 24468 zitiert werden. (<a href=\"https:\/\/dip21.bundestag.de\/dip21\/btp\/19\/19194.pdf\" target=\"_blank\" rel=\"noopener\">Der Internetlink zu dem offiziellen Dokument ist hier<\/a>)<\/p>\n<p>In dieser Sitzung forderte die FDP-Abgeordnete Dr. Marie-Agnes Strack-Zimmermann die Knarrenbauer auf zu erkl\u00e4ren, was sie damit gemeint habe, als sie in ihrer Grundsatzrede eine Woche zuvor an der Helmut-Schmidt-Universit\u00e4t in Hamburg davon gesprochen hatte, \u201e<em>dass man der Bev\u00f6lkerung in Deutschland auch unbequeme Wahrheiten dar\u00fcber, was passiert, zumuten m\u00fcsse, gerade in Fragen der Sicherheitspolitik\u201c. Sie forderte die Karrenbauer auf, jetzt diese Wahrheiten zu benennen, welche \u201edie Bev\u00f6lkerung bis dato Ihrer Meinung nach nicht wei\u00df und dringend erfahren sollte\u201c.\u00a0<\/em><\/p>\n<p>Nach einem einleitenden, nichtsagenden Geschwafel von fast knapp hundert Worten wurde Ministerin Knarrenbauer etwas konkreter und sagte: dass<\/p>\n<p style=\"padding-left: 40px;\"><em>\u201emit Blick auf die Sicherheitsarchitektur (wir) auf der einen Seite sehen, dass Bedrohungen auch in unserer Nachbarschaft gewachsen sind, und dass wir auf der anderen Seite sehen, dass wir nach wie vor eine hohe Abh\u00e4ngigkeit etwa von den F\u00e4higkeiten der amerikanischen Seite haben. Wer diesen Bedrohungen etwas entgegensetzen will, um aus einer Position der St\u00e4rke heraus in alter deutscher Tradition eben auch gute Verhandlungen f\u00fchren zu k\u00f6nnen, und das nicht nur mit der amerikanischen Seite tun will, der muss mehr (milit\u00e4risch) investieren und europ\u00e4isch mehr tun.\u201c\u00a0<\/em><\/p>\n<p>Daraufhin stellte Dr. Alexander S. Neu von DIE LINKE der AKK eine Frage:<\/p>\n<p style=\"padding-left: 40px;\"><em><b>\u201e<\/b>Frau Ministerin, Sie haben ja gerade die Frage von Geld aufgeworfen. Die europ\u00e4ischen NATO-Mitgliedstaaten geben laut SIPRI etwa 279 Milliarden Dollar f\u00fcr ihre Armeen aus, viermal so viel wie die Russische F\u00f6deration und 20 Milliarden Dollar mehr als die Russische F\u00f6deration und die Volksrepublik China zusammen. Wievielmal mehr sollen dann eigentlich die europ\u00e4ischen Mitgliedstaaten ausgeben, auch Deutschland, um ein \u00dcberlegenheitsgef\u00fchl generieren zu k\u00f6nnen?\u201c<\/em><\/p>\n<p>Auf diese Frage antwortete die Knarrenbauer:<\/p>\n<p style=\"padding-left: 40px;\"><em>\u201eUnabh\u00e4ngig von der Summe, die Sie genannt haben, ist es Fakt, dass die russische Seite massiv in die Modernisierung ihrer Streitkr\u00e4fte investiert hat, dass sie \u00fcber neue Waffen verf\u00fcgt, dass die Bedrohung sehr viel evidenter geworden ist. Ich empfehle dazu Gespr\u00e4che auch mit den Kollegen aus den baltischen Staaten, aus Schweden, aus Mittel- und aus Osteuropa. Wenn wir aus einer Position der St\u00e4rke heraus hier in Verhandlungen \u2013 auch in Abr\u00fcstungsverhandlungen \u2013 kommen wollen, dann m\u00fcssen wir unsere Position st\u00e4rken. Auch das war immer eine gute Tradition deutscher Au\u00dfenpolitik, und das sollte sie f\u00fcr die Zukunft auch bleiben.\u201c<\/em><\/p>\n<p>Danach folgt im Protokoll die Anmerkung: <em>\u201eBeifall bei der CDU\/CSU sowie des Abg. Dr. Eberhard Brecht [SPD]<\/em><\/p>\n<p>Zwei Tage nach dieser uns\u00e4glichen AKK-Aussage im Bundestag meldete sich das russische Verteidigungsministerium am 27. November mit einem <a href=\"https:\/\/www.facebook.com\/mod.mil.rus\/posts\/2812419595667445\" target=\"_blank\" rel=\"noopener\">Kommentar<\/a> ihres Sprechers Generalmajor Igor Konaschenkow zu Wort. Hier folgt der lesenswerte Text:<\/p>\n<p style=\"padding-left: 40px;\"><em>\u201eWir wollten uns nicht mit einer Antwort beeilen, weil wir damit rechneten, dass vern\u00fcnftig denkende Politiker in Deutschland eingedenk der Ergebnisse, zu denen die Befolgung solcher Aufrufe gef\u00fchrt hatten, die Ministerin selbst berichtigen w\u00fcrden. Leider war dem nicht so.\u201c<\/em><\/p>\n<p style=\"padding-left: 40px;\"><em>\u201eDeswegen m\u00fcssen wir nicht zum ersten Mal feststellen, dass die Erkl\u00e4rungen einzelner Politiker der Bundesrepublik Deutschland in Bezug auf den Dialogaufbau mit Russland an die Versuche eines Grundsch\u00fclers erinnern, sein Unwissen im Thema durch die Lautst\u00e4rke des artikulierten Unsinns auszugleichen\u201c.<\/em><\/p>\n<blockquote><p><em>\u201eFrau Annegret Kramp-Karrenbauer bekleidet das Amt der Verteidigungsministerin Deutschlands erst seit k\u00fcrzerer Zeit. Wie auch ihre Vorg\u00e4ngerin demonstriert sie jedoch Unf\u00e4higkeit, irgendetwas Bedeutendes f\u00fcr die wirkliche Festigung der Sicherheit in Europa vorzuschlagen.\u201c<\/em><\/p><\/blockquote>\n<p style=\"padding-left: 40px;\"><em>\u201eWir m\u00fcssen Frau Kramp-Karrenbauer daran erinnern, dass ausgerechnet die neulich von ihr im Bundestag vorgeschlagene \u201agute Position der deutschen Au\u00dfenpolitik\u2018, den Dialog \u201aaus einer Position der St\u00e4rke heraus\u2018 zu f\u00fchren, im 20. Jahrhundert mehrmals zu tragischen Folgen f\u00fcr die ganze Welt, f\u00fcr Deutschland und das deutsche Volk gef\u00fchrt hat.\u201c<\/em><\/p>\n<p>Nochmals zwei Tage sp\u00e4ter, am 29. November hat auch die Sprecherin des russischen Au\u00dfenministeriums Marija Sacharowa zu der Aussage von AKK \u00fcber den notwendigen Umgang mit Russland Stellung genommen. Dabei ging Frau Sacharowa zun\u00e4chst auf die von AKK betonte \u201eAbh\u00e4ngigkeit\u201c der Bundesrepublik von den USA ein. Hier folgt der Text des russischen Au\u00dfenministeriums:<\/p>\n<p style=\"padding-left: 40px;\"><em>\u201eDeutschland befindet sich bis jetzt in einer zweifelhaft guten, aber bestimmt sehr interessanten Position \u2013 der \u201aeines abh\u00e4ngigen Landes im Sicherheitsbereich\u2018. Das ist bemerkenswerterweise nicht meine Schlussfolgerung. Ich zitiere dabei Annegret selbst, die zugegeben hat, dass die BRD ohne die USA im Milit\u00e4rbereich ganz und gar haltlos ist.\u201c\u00a0<\/em><\/p>\n<p style=\"padding-left: 40px;\"><em>\u201eVon welcher \u201aPosition der St\u00e4rke\u2018 kann dann die Rede sein? Gemeint ist offenbar nicht die eigene St\u00e4rke. Oder hat Kramp-Karrenbauer die Schl\u00fcssel zum Pentagon? Urteilt man danach, wie die US-Botschafter mit ihren deutschen Kollegen sprechen, so stimmt gerade das Gegenteil.\u201c<\/em><\/p>\n<p style=\"padding-left: 40px;\"><em>\u201eWollen wir die Tatsachen betrachten.\u201c<\/em><\/p>\n<p style=\"padding-left: 40px;\"><em>\u201eAuf dem Territorium Deutschlands ist das (nach Japan) gr\u00f6\u00dfte US-Auslandskontingent stationiert. Das zeugt von dem Charakter der US-Pr\u00e4senz in der BRD. Denn in anderen L\u00e4ndern des europ\u00e4ischen Kontinents gibt es um das Zigfache weniger US-St\u00fctzpunkte.\u201c<\/em><\/p>\n<p style=\"padding-left: 40px;\"><em>\u201eWelche Rede kann von einer \u201aSt\u00e4rke der deutschen Au\u00dfenpolitik\u2018 sein, da Washington die Bundeskanzlerin abgeh\u00f6rt hat, w\u00e4hrend Berlin lediglich \u2019stark\u2018 zur\u00fcckgel\u00e4chelt hat?\u201c<\/em><\/p>\n<p style=\"padding-left: 40px;\"><em>\u201eErst vor kurzem hat Deutschland seine Unzufriedenheit mit den Pl\u00e4nen der USA bekundet, die US-Truppen teilweise in andere L\u00e4nder zu verlagern. Das ist stark, da kann man nichts sagen.\u201c<\/em><\/p>\n<p style=\"padding-left: 40px;\"><em>\u201eOder nehmen wir als Beispiel die US-Atomwaffen, die in der BRD lagern. Das mag zwar eine St\u00e4rke sein, aber keine eigene. Nat\u00fcrlich l\u00e4sst man Berlin zu den \u201agemeinsamen Atommissionen\u2018 der NATO-Mitgliedsstaaten (Nuclear Sharing) zu, aber nur unter Kontrolle, obwohl diese Veranstaltung eigentlich dem Geist und dem Buchstaben des Vertrags \u00fcber die Nichtverbreitung von Kernwaffen widerspricht.\u201c\u00a0<\/em><\/p>\n<blockquote><p><em>\u201eWenn die St\u00e4rke da ist, aber nicht deine ist, wenn du sie nicht kontrollieren kannst und wenn man dich nicht \u00fcber sie verf\u00fcgen l\u00e4sst, w\u00e4hrend du Angst hast, sie einzub\u00fc\u00dfen, dann ist das ein Anzeichen der Abh\u00e4ngigkeit. Mit einfachen Worten: Die Position ist schwach.\u201c<\/em><\/p><\/blockquote>\n<p>Da bleibt nur noch anzuf\u00fcgen: Wo die Russen Recht haben, haben sie Recht!<\/p>\n<p style=\"text-align: right;\"><em>Rainer Rupp ist Mitglied des Beirats des Deutschen Freidenker-Verbandes<\/em><\/p>\n<p><span style=\"font-size: 10pt;\">Link zur Erstver\u00f6ffentlichung bei KenFM: <a href=\"https:\/\/kenfm.de\/umgang-mit-russland-in-bester-deutscher-tradition-von-rainer-rupp\/\" target=\"_blank\" rel=\"noopener\">https:\/\/kenfm.de\/umgang-mit-russland-in-bester-deutscher-tradition-von-rainer-rupp\/<\/a><\/span><\/p>\n<hr \/>\n<p><span style=\"font-size: 10pt;\">Bild: Annegret Kramp-Karrenbauer auf dem CDU Bundesparteitag Dezember 2014 in K\u00f6ln<br \/>\nFoto: Olaf Kosinsky, <a href=\"https:\/\/creativecommons.org\/licenses\/by-sa\/3.0\/de\/deed.en\" target=\"_blank\" rel=\"noopener\">CC BY-SA 3.0 DE<\/a><br \/>\nQuelle: <a href=\"https:\/\/commons.wikimedia.org\/wiki\/File:Kramp-Karrenbauer_CDU_Parteitag_2014_by_Olaf_Kosinsky-13.jpg\" target=\"_blank\" rel=\"noopener\">https:\/\/commons.wikimedia.org\/wiki\/File:Kramp-Karrenbauer_CDU_Parteitag_2014_by_Olaf_Kosinsky-13.jpg<\/a><br \/>\n<\/span><\/p>\n","protected":false},"excerpt":{"rendered":"<p><b>Ein Kommentar von Rainer Rupp.<\/b><br \/>\nAnfang der Woche hatten die Au\u00dfenminister der Nordatlantischen Terror Organisation NATO ihr allj\u00e4hrliches Treffen abgehalten, diesmal Corona-konform per Videokonferenz. Im Visier der NATO-Angriffspolitiker haben stets die L\u00e4nder gestanden, die sich noch nicht aus freien St\u00fccken den Forderungen der westlichen Un-Wertegemeinschaft unterworfen und ihre nationale Souver\u00e4nit\u00e4t im Interesse der transnationalen Finanzkonzerne aufgegeben haben. Das trifft vor allen anderen auf Russland und China zu. Erwartungsgem\u00e4\u00df hat gar direkt zum Beginn der Konferenz NATO-Generalsekret\u00e4r Jens Stoltenberg den Leitgedanken der westlichen Angriffskrieger explizit in den Vordergrund ger\u00fcckt, n\u00e4mlich dass \u201eChina und Russland eine steigende Bedrohung f\u00fcr die westliche Allianz darstellen\u201c.<\/p>\n","protected":false},"author":3,"featured_media":8990,"comment_status":"closed","ping_status":"closed","sticky":false,"template":"","format":"standard","meta":{"colormag_page_container_layout":"default_layout","colormag_page_sidebar_layout":"default_layout","advanced_seo_description":"","jetpack_seo_html_title":"","jetpack_seo_noindex":false,"jetpack_post_was_ever_published":false,"footnotes":""},"categories":[13],"tags":[699,477,413,335,56,222,1092],"class_list":["post-8987","post","type-post","status-publish","format-standard","has-post-thumbnail","hentry","category-frieden-antifaschismus-solidaritaet","tag-aussenpolitik","tag-bundestag","tag-china","tag-frieden","tag-nato","tag-russland","tag-ruestungswettlauf"],"jetpack_featured_media_url":"https:\/\/i0.wp.com\/www.freidenker.org\/fw17\/wp-content\/uploads\/2020\/12\/Kramp-Karrenbauer_CDU_Parteitag_2014_by_Olaf_Kosinsky-13_800x445.jpg?fit=800%2C450&ssl=1","jetpack_shortlink":"https:\/\/wp.me\/p9stpK-2kX","jetpack-related-posts":[{"id":9078,"url":"https:\/\/www.freidenker.org\/?p=9078","url_meta":{"origin":8987,"position":0},"title":"Medizin gegen politischen Brechreiz","author":"Webredaktion","date":"25. Dezember 2020","format":false,"excerpt":"Ein Kommentar von Rainer Rupp Bei KenFM werden die Gr\u00fcnde f\u00fcr das erneut weitverbreitete und wachsende politische Unwohlsein in unserem Land regelm\u00e4\u00dfig thematisiert. Gegen einen dieser Gr\u00fcnde, n\u00e4mlich gegen die irrationale und den Interessen unseres Landes zuwiderlaufende Aggressivit\u00e4t der Bundesregierung gegen Russland, schlage ich im zweiten Teil der heutigen Tagesdosis\u2026","rel":"","context":"In &quot;Frieden - Antifaschismus - Solidarit\u00e4t&quot;","block_context":{"text":"Frieden - Antifaschismus - Solidarit\u00e4t","link":"https:\/\/www.freidenker.org\/?cat=13"},"img":{"alt_text":"","src":"https:\/\/i0.wp.com\/www.freidenker.org\/fw17\/wp-content\/uploads\/2020\/12\/putin_veteranen_kremlin_800x450.jpg?fit=800%2C450&ssl=1&resize=350%2C200","width":350,"height":200,"srcset":"https:\/\/i0.wp.com\/www.freidenker.org\/fw17\/wp-content\/uploads\/2020\/12\/putin_veteranen_kremlin_800x450.jpg?fit=800%2C450&ssl=1&resize=350%2C200 1x, https:\/\/i0.wp.com\/www.freidenker.org\/fw17\/wp-content\/uploads\/2020\/12\/putin_veteranen_kremlin_800x450.jpg?fit=800%2C450&ssl=1&resize=525%2C300 1.5x, https:\/\/i0.wp.com\/www.freidenker.org\/fw17\/wp-content\/uploads\/2020\/12\/putin_veteranen_kremlin_800x450.jpg?fit=800%2C450&ssl=1&resize=700%2C400 2x"},"classes":[]},{"id":7712,"url":"https:\/\/www.freidenker.org\/?p=7712","url_meta":{"origin":8987,"position":1},"title":"\u201eUSA und Nato \u00fcben Angriffskrieg gegen Russland\u201c","author":"Webredaktion","date":"17. M\u00e4rz 2020","format":false,"excerpt":"Bericht von Tilo Gr\u00e4ser \u00fcber einen Vortrag von Rainer Rupp Hinter der neuen Konfrontationspolitik der f\u00fchrenden westlichen Staaten gegen\u00fcber Russland, aber auch gegen China, stecken alte Gedanken. Das machte Rainer Rupp, ehemaliger Top-Spion der DDR bei der Nato, am Mittwoch in Berlin deutlich. Darauf beruhen aus seiner Sicht auch die\u2026","rel":"","context":"In &quot;Frieden - Antifaschismus - Solidarit\u00e4t&quot;","block_context":{"text":"Frieden - Antifaschismus - Solidarit\u00e4t","link":"https:\/\/www.freidenker.org\/?cat=13"},"img":{"alt_text":"","src":"https:\/\/i0.wp.com\/www.freidenker.org\/fw17\/wp-content\/uploads\/2020\/03\/rupp_berlin_2020_800x445.jpg?fit=800%2C445&ssl=1&resize=350%2C200","width":350,"height":200,"srcset":"https:\/\/i0.wp.com\/www.freidenker.org\/fw17\/wp-content\/uploads\/2020\/03\/rupp_berlin_2020_800x445.jpg?fit=800%2C445&ssl=1&resize=350%2C200 1x, https:\/\/i0.wp.com\/www.freidenker.org\/fw17\/wp-content\/uploads\/2020\/03\/rupp_berlin_2020_800x445.jpg?fit=800%2C445&ssl=1&resize=525%2C300 1.5x, https:\/\/i0.wp.com\/www.freidenker.org\/fw17\/wp-content\/uploads\/2020\/03\/rupp_berlin_2020_800x445.jpg?fit=800%2C445&ssl=1&resize=700%2C400 2x"},"classes":[]},{"id":9722,"url":"https:\/\/www.freidenker.org\/?p=9722","url_meta":{"origin":8987,"position":2},"title":"Die Wurzeln des Neuen Kalten Kriegs gegen Russland","author":"Webredaktion","date":"25. M\u00e4rz 2021","format":false,"excerpt":"Ein Kommentar von Rainer Rupp Um die Urspr\u00fcnge und Ursachen des \u201eNeuen Kalten Kriegs\u201c gegen Russland zu verstehen, m\u00fcssen wir zur\u00fcck in die Jahre 1990\/1991. Das war die Zeit, in der die Vereinigten Staaten als einzige verbliebene Supermacht damit begannen, ihre Vision f\u00fcr die postsowjetische Welt zu formulieren, die entsprechenden\u2026","rel":"","context":"In &quot;Frieden - Antifaschismus - Solidarit\u00e4t&quot;","block_context":{"text":"Frieden - Antifaschismus - Solidarit\u00e4t","link":"https:\/\/www.freidenker.org\/?cat=13"},"img":{"alt_text":"","src":"https:\/\/i0.wp.com\/www.freidenker.org\/fw17\/wp-content\/uploads\/2021\/03\/tree-3309057_800x450.jpg?fit=800%2C450&ssl=1&resize=350%2C200","width":350,"height":200,"srcset":"https:\/\/i0.wp.com\/www.freidenker.org\/fw17\/wp-content\/uploads\/2021\/03\/tree-3309057_800x450.jpg?fit=800%2C450&ssl=1&resize=350%2C200 1x, https:\/\/i0.wp.com\/www.freidenker.org\/fw17\/wp-content\/uploads\/2021\/03\/tree-3309057_800x450.jpg?fit=800%2C450&ssl=1&resize=525%2C300 1.5x, https:\/\/i0.wp.com\/www.freidenker.org\/fw17\/wp-content\/uploads\/2021\/03\/tree-3309057_800x450.jpg?fit=800%2C450&ssl=1&resize=700%2C400 2x"},"classes":[]},{"id":8355,"url":"https:\/\/www.freidenker.org\/?p=8355","url_meta":{"origin":8987,"position":3},"title":"Im falschen Film: \u201eNATO 2030\u201c","author":"Webredaktion","date":"27. Juni 2020","format":false,"excerpt":"Ein Kommentar von Rainer Rupp. Nachdem die europ\u00e4ischen Staaten im organisatorischen Rahmen der Nordatlantischen Vertragsorganisation NATO in den letzten 30 Jahren den USA dabei geholfen haben, mit v\u00f6lkerrechtswidrigen Angriffskriegen den Balkan, Afghanistan, den Nahen Osten und Nordafrika in die Luft zu sprengen und in Kriegs- und Spannungszonen aufzuteilen, ... haben\u2026","rel":"","context":"In &quot;Frieden - Antifaschismus - Solidarit\u00e4t&quot;","block_context":{"text":"Frieden - Antifaschismus - Solidarit\u00e4t","link":"https:\/\/www.freidenker.org\/?cat=13"},"img":{"alt_text":"","src":"https:\/\/i0.wp.com\/www.freidenker.org\/fw17\/wp-content\/uploads\/2020\/06\/nato_hauptquartier_konferenz_800x450.jpg?fit=800%2C450&ssl=1&resize=350%2C200","width":350,"height":200,"srcset":"https:\/\/i0.wp.com\/www.freidenker.org\/fw17\/wp-content\/uploads\/2020\/06\/nato_hauptquartier_konferenz_800x450.jpg?fit=800%2C450&ssl=1&resize=350%2C200 1x, https:\/\/i0.wp.com\/www.freidenker.org\/fw17\/wp-content\/uploads\/2020\/06\/nato_hauptquartier_konferenz_800x450.jpg?fit=800%2C450&ssl=1&resize=525%2C300 1.5x, https:\/\/i0.wp.com\/www.freidenker.org\/fw17\/wp-content\/uploads\/2020\/06\/nato_hauptquartier_konferenz_800x450.jpg?fit=800%2C450&ssl=1&resize=700%2C400 2x"},"classes":[]},{"id":7481,"url":"https:\/\/www.freidenker.org\/?p=7481","url_meta":{"origin":8987,"position":4},"title":"\u201eKeine Bedrohung? Dann schaff eine!\u201c","author":"Webredaktion","date":"29. Januar 2020","format":false,"excerpt":"Ex-DDR-Spion erkl\u00e4rt Zweck von Nato-Gro\u00df\u00fcbungen - Interview mit Rainer Rupp von Paul Linke Auf dem H\u00f6hepunkt des Kalten Krieges arbeitete Reiner Rupp in einer f\u00fchrenden Position f\u00fcr die Nato. Dabei verhinderte er durch seine Informanten-T\u00e4tigkeit f\u00fcr die DDR m\u00f6glicherweise einen Atomkrieg. 37 Jahre danach warnt der Ex-Spion vor einem \u00e4hnlichen\u2026","rel":"","context":"In &quot;Frieden - Antifaschismus - Solidarit\u00e4t&quot;","block_context":{"text":"Frieden - Antifaschismus - Solidarit\u00e4t","link":"https:\/\/www.freidenker.org\/?cat=13"},"img":{"alt_text":"","src":"https:\/\/i0.wp.com\/www.freidenker.org\/fw17\/wp-content\/uploads\/2020\/02\/The_U.S._Army_-_www.Army_.mil_262_800x445.jpg?fit=800%2C445&ssl=1&resize=350%2C200","width":350,"height":200,"srcset":"https:\/\/i0.wp.com\/www.freidenker.org\/fw17\/wp-content\/uploads\/2020\/02\/The_U.S._Army_-_www.Army_.mil_262_800x445.jpg?fit=800%2C445&ssl=1&resize=350%2C200 1x, https:\/\/i0.wp.com\/www.freidenker.org\/fw17\/wp-content\/uploads\/2020\/02\/The_U.S._Army_-_www.Army_.mil_262_800x445.jpg?fit=800%2C445&ssl=1&resize=525%2C300 1.5x, https:\/\/i0.wp.com\/www.freidenker.org\/fw17\/wp-content\/uploads\/2020\/02\/The_U.S._Army_-_www.Army_.mil_262_800x445.jpg?fit=800%2C445&ssl=1&resize=700%2C400 2x"},"classes":[]},{"id":7105,"url":"https:\/\/www.freidenker.org\/?p=7105","url_meta":{"origin":8987,"position":5},"title":"NATO-B\u00fcndnisfall in Nordsyrien? \u2013 Verr\u00fcckter geht\u2018s nicht.","author":"Webredaktion","date":"29. Oktober 2019","format":false,"excerpt":"In der Rubrik Tagesdosis wurde am 18.10.2019 bei KenFM der Beitrag \u201eNATO-B\u00fcndnisfall in Nordsyrien? - Verr\u00fcckter geht's nicht.\u201c von Rainer Rupp, Mitglied des Beirats des Deutschen Freidenker-Verbandes, ver\u00f6ffentlicht. Letzte Woche hat die T\u00fcrkei ihre lange geplante Milit\u00e4roffensive in Nordsyrien begonnen. Erkl\u00e4rtes Ziel ist es, die von den Amerikanern bewaffneten und\u2026","rel":"","context":"In &quot;Frieden - Antifaschismus - Solidarit\u00e4t&quot;","block_context":{"text":"Frieden - Antifaschismus - Solidarit\u00e4t","link":"https:\/\/www.freidenker.org\/?cat=13"},"img":{"alt_text":"","src":"https:\/\/i0.wp.com\/www.freidenker.org\/fw17\/wp-content\/uploads\/2019\/10\/nato-fahnen_800x445.jpg?fit=800%2C445&ssl=1&resize=350%2C200","width":350,"height":200,"srcset":"https:\/\/i0.wp.com\/www.freidenker.org\/fw17\/wp-content\/uploads\/2019\/10\/nato-fahnen_800x445.jpg?fit=800%2C445&ssl=1&resize=350%2C200 1x, https:\/\/i0.wp.com\/www.freidenker.org\/fw17\/wp-content\/uploads\/2019\/10\/nato-fahnen_800x445.jpg?fit=800%2C445&ssl=1&resize=525%2C300 1.5x, https:\/\/i0.wp.com\/www.freidenker.org\/fw17\/wp-content\/uploads\/2019\/10\/nato-fahnen_800x445.jpg?fit=800%2C445&ssl=1&resize=700%2C400 2x"},"classes":[]}],"_links":{"self":[{"href":"https:\/\/www.freidenker.org\/index.php?rest_route=\/wp\/v2\/posts\/8987","targetHints":{"allow":["GET"]}}],"collection":[{"href":"https:\/\/www.freidenker.org\/index.php?rest_route=\/wp\/v2\/posts"}],"about":[{"href":"https:\/\/www.freidenker.org\/index.php?rest_route=\/wp\/v2\/types\/post"}],"author":[{"embeddable":true,"href":"https:\/\/www.freidenker.org\/index.php?rest_route=\/wp\/v2\/users\/3"}],"replies":[{"embeddable":true,"href":"https:\/\/www.freidenker.org\/index.php?rest_route=%2Fwp%2Fv2%2Fcomments&post=8987"}],"version-history":[{"count":0,"href":"https:\/\/www.freidenker.org\/index.php?rest_route=\/wp\/v2\/posts\/8987\/revisions"}],"wp:featuredmedia":[{"embeddable":true,"href":"https:\/\/www.freidenker.org\/index.php?rest_route=\/wp\/v2\/media\/8990"}],"wp:attachment":[{"href":"https:\/\/www.freidenker.org\/index.php?rest_route=%2Fwp%2Fv2%2Fmedia&parent=8987"}],"wp:term":[{"taxonomy":"category","embeddable":true,"href":"https:\/\/www.freidenker.org\/index.php?rest_route=%2Fwp%2Fv2%2Fcategories&post=8987"},{"taxonomy":"post_tag","embeddable":true,"href":"https:\/\/www.freidenker.org\/index.php?rest_route=%2Fwp%2Fv2%2Ftags&post=8987"}],"curies":[{"name":"wp","href":"https:\/\/api.w.org\/{rel}","templated":true}]}}