{"id":8982,"date":"2020-12-13T13:50:44","date_gmt":"2020-12-13T12:50:44","guid":{"rendered":"https:\/\/www.freidenker.org\/?p=8982"},"modified":"2021-01-11T21:09:35","modified_gmt":"2021-01-11T20:09:35","slug":"corona-leugner-unter-sich-ohne-maske-feiern-mit-elon-musk","status":"publish","type":"post","link":"https:\/\/www.freidenker.org\/?p=8982","title":{"rendered":"Corona-Leugner unter sich: Ohne Maske feiern mit Elon Musk"},"content":{"rendered":"<p><em>von <strong>Werner R\u00fcgemer<\/strong><\/em><\/p>\n<p><span style=\"font-size: 10pt;\"><em>(Erstver\u00f6ffentlichung am 07.12.2020 auf <a href=\"https:\/\/www.nachdenkseiten.de\/?p=67747\" target=\"_blank\" rel=\"noopener noreferrer\">nachdenkseiten.de<\/a>)<\/em><\/span><\/p>\n<p>Nach Facebook-Chef Mark Zuckerberg und Amazon-Chef Jeff Bezos erhielt in diesem Jahr Tesla-Chef Elon Musk den Gro\u00dfen Preis des gr\u00f6\u00dften deutschen Zeitungskonzerns, den Springer Award. Die Welt \/ Welt am Sonntag vom 5.\/6. Dezember 2020 berichteten auf f\u00fcnf Zeitungsseiten \u00fcber den \u201eAbend f\u00fcr Elon Musk \u2013 Der Unternehmer und Vision\u00e4r wurde in Berlin mit dem Axel Springer Award geehrt\u201c. Davon wurde auch eine englische Sonderausgabe verteilt.<br \/>\n<span id=\"more-67747\"><\/span><br \/>\n<strong>\u201eAusgangssperren sind faschistisch\u201c<\/strong><\/p>\n<p>Preistr\u00e4ger Elon Musk ist ein prominenter Corona-Leugner: \u201eEr verharmloste die Pandemie oft, nannte die Angst vor dem Virus \u2018dumm\u2019 und Ausgangssperren \u2018faschistisch\u2019. Im M\u00e4rz widersetzte er sich sogar Beh\u00f6rden, die seine Fabrik schlie\u00dfen und die Arbeiter zum Schutz nach Hause schicken wollten\u2026 ein bewusster Versto\u00df gegen die Corona-Regeln des Bundesstaates Kalifornien.\u201c So stellen die Springer-Medien den Preistr\u00e4ger vor. Musk ist zudem \u2013 wie seine Vorg\u00e4nger-Preistr\u00e4ger Zuckerberg und Bezos \u2013 ein militanter Hasser von Gewerkschaften und Tarifvertr\u00e4gen.<\/p>\n<p>Der prominenteste Corona-Leugner nach US-Pr\u00e4sident Donald Trump bekommt also den Springer Award \u2013 w\u00e4hrend dieselben Medien gegen \u201eCorona-Leugner\u201c in Deutschland hetzen und jede noch so vern\u00fcnftige Kritik an bestimmten Corona-Ma\u00dfnahmen als rechtsradikal oder gar antisemitisch verteufeln. Aber Musk darf Ausgangssperren als \u201efaschistisch\u201c bezeichnen und seine Arbeiter der Infektionsgefahr aussetzen: Er hat sich f\u00fcr den Springer Award verdient gemacht. Ist doch logisch, oder? Verstehen Sie das nicht?<\/p>\n<p><strong>\u201eDer Unternehmer des 21. Jahrhunderts\u201c<\/strong><\/p>\n<p>Springer-Chef D\u00f6pfner lobte in seinem Gru\u00dfwort Musk als den \u201eidealtypischen Unternehmer des 21. Jahrhunderts\u201c: Er verbinde Kreativit\u00e4t mit Verkaufsgenialit\u00e4t. Er brachte das Bezahlsystem Paypal zum Erfolg, er brach mithilfe seiner Firma Space X die Vorherrschaft der Russen beim Raketentransport zur Weltraumf\u00e4hre im All. Mit seiner Gigafactory f\u00fcr Elektroautos in Gr\u00fcnheide\/Brandenburg zeige er den lahmen Deutschen, wie man mit \u201eunfassbarer Baugeschwindigkeit\u201c eine Fabrik in die freie Landschaft hinzaubert. Und das Wunderwerk des Vision\u00e4rs werde noch mit der Ank\u00fcndigung gekr\u00f6nt, dass an diesem Standort auch \u201edie gr\u00f6\u00dfte Batteriefabrik der Welt\u201c entstehen werde.<\/p>\n<p>D\u00f6pfner zum Schluss: \u201eMoney makes the world go round, Geld ist der Treibstoff der Welt. Das stimmt. Doch der Motor unserer Zivilisation ist die Kreativit\u00e4t. Beides in Kombination erm\u00f6glicht au\u00dfergew\u00f6hnlichen Pers\u00f6nlichkeiten, die Welt zu ver\u00e4ndern. Zum Besseren. Herzlichen Gl\u00fcckwunsch, Elon Musk!\u201c<\/p>\n<p><strong>Preisredner: Gesundheitsminister Spahn<\/strong><\/p>\n<p>Der oberste Corona-Manager Deutschlands, Gesundheitsminister Jens Spahn, hielt die Laudatio, die Preisrede. Titel: \u201eEr wollte die Welt ein bisschen ver\u00e4ndern und hat sie revolutioniert.\u201c<\/p>\n<p>Pflichtgem\u00e4\u00df wiederholte Spahn sein Regierungsbekenntnis: Seit Monaten k\u00e4mpfen Regierungen weltweit gegen das Virus, auch mit ganz harten Methoden, die vielen Menschen Leid zuf\u00fcgen m\u00fcsse. Aber wir k\u00f6nnten jetzt optimistisch sein. Der Impfstoff unter anderem von Biontech und Pfizer bringe die Erl\u00f6sung, damit k\u00f6nne das Virus besiegt werden. \u201eImpfen ist Fortschritt.\u201c<\/p>\n<p>Und bei Fortschritt, so Spahn weiter, m\u00fcsse man heute an einen Vision\u00e4r, an einen Unternehmer denken: an Elon Musk. \u201eUnd Fortschritt \u2013 das ist ein Wort, bei dem viele Menschen heute einen Namen im Sinn haben: Elon Musk.\u201c Ja, da gibt es aber den Haken, wenn auch einen ganz kleinen: Musk ist nicht nur Corona-Leugner, sondern auch Impfgegner. Das macht aber f\u00fcr einen guten deutschen Gesundheitsminister von der christlich lackierten Regierungspartei \u00fcberhaupt nichts aus. Spahn l\u00e4sst sich, wie die FAZ berichtete, f\u00fcr sowas vom \u201ePopulismus-Experten Timo Lochocki\u201c beraten: Bei den einen, den Corona-Schafen, redet man so, und bei den anderen, den Chefs, redet man anders.<\/p>\n<p>So ging, in zarten Andeutungen, Spahn auf die eigentlich nicht so passende Seite des zu preisenden Fortschritts-F\u00fchrers ein. Der Gesundheitsminister deutete h\u00f6flich, sehr h\u00f6flich an: \u201eSelbst will sich Elon Musk, so war zu lesen, jedoch nicht impfen lassen. Ich wei\u00df auch: Elon Musk sieht viele Ma\u00dfnahmen kritisch, die wir als Regierungen zur Eind\u00e4mmung der Pandemie treffen.\u201c Aber das darf der. Auch der deutsche Gesundheitsminister \u00fcbt daran, wie die Springer-Medien und Springer-Chef D\u00f6pfner, keine Kritik. Spahn lobt das als Beitrag zur Diskussionskultur (die er anderen grunds\u00e4tzlich verweigert).<\/p>\n<p>Im Gegenteil: Spahn \u00fcberschl\u00e4gt sich in unterw\u00fcrfiger Bewunderung. Er lobt wie D\u00f6pfner die Firmen von Musk von Paypal \u00fcber Tesla, Space X und Hyperloop (Bef\u00f6rderung von Personen und G\u00fctern in engen R\u00f6hren mit 1.220 Kilometern pro Stunde). Der Gesundheitsminister f\u00fcgt aus seinem Gesch\u00e4ftsbereich noch bewundernd hinzu: Der Vorbild-Unternehmer des 21. Jahrhunderts will auch die menschlichen Gehirne mit Computern verbinden \u2013 dazu lasse Musk in der Firma Neurolink forschen. Au\u00dferdem stelle Tesla RNA-Bioreaktoren f\u00fcr das deutsch-niederl\u00e4ndische Unternehmen CureVac, das ebenfalls an einem Corona-Impfstoff arbeite.<\/p>\n<p>Spahn zum Ende, wie Preisgeber D\u00f6pfner mit der Ermahnung, dass die lahmen Deutschen sich den Preistr\u00e4ger zum Vorbild nehmen: \u201eWir haben in Deutschland viel von dieser vision\u00e4ren Kraft, die Sie antreibt, Herr Musk. Wir brauchen nur h\u00e4ufiger wieder den Mut, selbst daran zu glauben. Sie sind ein gutes Vorbild daf\u00fcr. Herzlichen Gl\u00fcckwunsch zum Axel Springer Award 2020! Viel Erfolg auf Ihrem weiteren Weg. Bleiben Sie gesund!\u201c<\/p>\n<p><strong>Verleih-Party ohne Maske<\/strong><\/p>\n<p>Wie man h\u00f6rt, blieb Musk gesund, wie auch die anderen Teilnehmer der Verleih-Party. Der Konferenzsaal im 19. Stock des Berliner Springer-Hochhauses war in ein Raumschiff umgebaut. Musk wurde mit einer Multimedia-Reise zum Mars geehrt. Der Raumfahrt-Vision\u00e4r will ja den Mars besiedeln, falls der Planet Erde (wegen der Aktivit\u00e4ten von Fortschrittsf\u00fchrern wie seinesgleichen) draufgehen und unbewohnbar werden sollte. Ob die jetzt freundlich hinterherhechelnden Lobredner dann mit zum Mars mitgenommen werden, wurde bei der Veranstaltung nicht gekl\u00e4rt.<\/p>\n<p>Aber auf der B\u00fchne \u00fcberreichten die angemietete TV-Moderatorin Barbara Sch\u00f6neberger, angetan mit einem Raumanzug, zusammen mit dem DJ Sven Sp\u00e4th dem Preistr\u00e4ger eine Schallplatte mit dem Remix des von Musk selbst inszenierten Songs \u201eDon\u2019t Doubt Ur Vibe\u201c. Dabei kamen sich die drei ohne gro\u00dfen Abstand lobpreisend und dankend ganz sch\u00f6n nahe, und ohne Maske.<\/p>\n<p>Und im Raum sa\u00df die Prominenz mit D\u00f6pfner, W\u00f6hrmann\/Verm\u00f6gensverwaltung DWS-Deutsche Bank, de Bok\/Deutsche Post DHL, Schumacher\/Oeking\/Essing von Philipp Morris, Reppert\/Share Now, Kittelmann\/Nationalgalerie Berlin, Kaeser\/Siemens, Gr\u00fcnderin Verena Pausder, Dieckmann\/Ex-BILD undsoweiter \u2013 alle ohne Maske. Stolz werden sie auf den bunten Fotos in der Ausgabe Die Welt\/Welt am Sonntag vom 5.\/6. Dezember 2020 pr\u00e4sentiert.<\/p>\n<p><em>Nachbemerkung:<\/em> Am selben Tag wurden die Veranstalter und Teilnehmer der Kundgebungen zur Abr\u00fcstung auf den \u00f6ffentlichen Pl\u00e4tzen in ganz Deutschland von Ordnungskr\u00e4ften und Polizei peinlich genau kontrolliert: Auch in frischer Luft Abstand halten! Masken vor Mund und Nase! Sonst Strafe und Aufl\u00f6sung! Corona-Leugner ohne Maske dabei?<\/p>\n<p style=\"text-align: right;\"><em>Werner R\u00fcgemer lebt in K\u00f6ln und arbeitet als Publizist, Buchautor, Referent, Berater und Stadtf\u00fchrer<\/em><\/p>\n<p><span style=\"font-size: 10pt;\">Erstver\u00f6ffentlichung am 07.12.2020 auf <a href=\"https:\/\/www.nachdenkseiten.de\/?p=67747\" target=\"_blank\" rel=\"noopener noreferrer\">nachdenkseiten.de<\/a><br \/>\n<\/span><span style=\"font-size: 10pt;\">Mit freundlicher Genehmigung des Autors<\/span><\/p>\n<hr \/>\n<p><span style=\"font-size: 10pt;\">Bildcollage: Ralf Lux unter Verwendung von:<br \/>\nBild: <span class=\"\">Elon Musk bei der Pressekonferenz nach dem Start von SpaceX Falcon Heavy Flight 1, 2018<\/span><\/span><br \/>\n<span style=\"font-size: 10pt;\">Foto: Daniel Oberhaus , <a href=\"https:\/\/www.flickr.com\/photos\/163370954@N08\/46339127625\/\" target=\"_blank\" rel=\"noopener noreferrer\">https:\/\/www.flickr.com\/photos\/163370954@N08\/46339127625\/<\/a>, <a href=\"https:\/\/creativecommons.org\/licenses\/by-sa\/4.0\/deed.en\" target=\"_blank\" rel=\"noopener noreferrer\">CC BY-SA 4.0<\/a>, <\/span><br \/>\n<span style=\"font-size: 10pt;\">Quelle: <a href=\"https:\/\/commons.wikimedia.org\/w\/index.php?curid=77017161\" target=\"_blank\" rel=\"noopener noreferrer\">https:\/\/commons.wikimedia.org\/w\/index.php?curid=77017161<\/a><\/span><\/p>\n","protected":false},"excerpt":{"rendered":"<p><b>Beitrag von Werner R\u00fcgemer<\/b><br \/>\nNach Facebook-Chef Mark Zuckerberg und Amazon-Chef Jeff Bezos erhielt in diesem Jahr Tesla-Chef Elon Musk den Gro\u00dfen Preis des gr\u00f6\u00dften deutschen Zeitungskonzerns, den Springer Award. &#8230;<br \/>\nPreistr\u00e4ger Elon Musk ist ein prominenter Corona-Leugner: \u201eEr verharmloste die Pandemie oft, nannte die Angst vor dem Virus \u2018dumm\u2019 und Ausgangssperren \u2018faschistisch\u2019. Im M\u00e4rz widersetzte er sich sogar Beh\u00f6rden, die seine Fabrik schlie\u00dfen und die Arbeiter zum Schutz nach Hause schicken wollten\u2026 ein bewusster Versto\u00df gegen die Corona-Regeln des Bundesstaates Kalifornien. &#8230; <\/p>\n","protected":false},"author":3,"featured_media":8993,"comment_status":"closed","ping_status":"closed","sticky":false,"template":"","format":"standard","meta":{"colormag_page_container_layout":"default_layout","colormag_page_sidebar_layout":"default_layout","advanced_seo_description":"","jetpack_seo_html_title":"","jetpack_seo_noindex":false,"jetpack_post_was_ever_published":false,"footnotes":""},"categories":[12],"tags":[1256,1310,1278,1257,1325,122,633],"class_list":["post-8982","post","type-post","status-publish","format-standard","has-post-thumbnail","hentry","category-demokratie-medien-aufklaerung","tag-corona-virus","tag-elon-musk","tag-impfung","tag-pandemie","tag-preisverleihung","tag-wirtschaft","tag-wissenschaftlich-technischer-fortschritt"],"jetpack_featured_media_url":"https:\/\/i0.wp.com\/www.freidenker.org\/fw17\/wp-content\/uploads\/2020\/12\/Elon_Musk_coll_800x450.jpg?fit=800%2C450&ssl=1","jetpack_shortlink":"https:\/\/wp.me\/p9stpK-2kS","jetpack-related-posts":[{"id":10200,"url":"https:\/\/www.freidenker.org\/?p=10200","url_meta":{"origin":8982,"position":0},"title":"Zwei Gaukler vom Feinsten: E-lon Musk und Kobold Baerbock","author":"Webredaktion","date":"5. Mai 2021","format":false,"excerpt":"Auftritt von Lisa Fitz in der SWR-Sp\u00e4tschicht am 23. 04. 2021 Einer der drei reichsten M\u00e4nner der Welt, \"der Vison\u00e4r Elon Musk\" baut ein Tesla-Werk! In Brandenburg!! Das ist f\u00fcr die Regional-Fuzzis dort wie der Popo von Jennifer Lopez auf ihrer Wohnzimmer-Couch! Die \"Giga-Factory\" wird mit 530.000 Quadratmetern das gr\u00f6\u00dfte\u2026","rel":"","context":"In &quot;Arbeit &amp; Soziales&quot;","block_context":{"text":"Arbeit &amp; Soziales","link":"https:\/\/www.freidenker.org\/?cat=11"},"img":{"alt_text":"","src":"https:\/\/i0.wp.com\/www.freidenker.org\/fw17\/wp-content\/uploads\/2021\/05\/fitz_musk_v04_800x450.jpg?fit=800%2C450&ssl=1&resize=350%2C200","width":350,"height":200,"srcset":"https:\/\/i0.wp.com\/www.freidenker.org\/fw17\/wp-content\/uploads\/2021\/05\/fitz_musk_v04_800x450.jpg?fit=800%2C450&ssl=1&resize=350%2C200 1x, https:\/\/i0.wp.com\/www.freidenker.org\/fw17\/wp-content\/uploads\/2021\/05\/fitz_musk_v04_800x450.jpg?fit=800%2C450&ssl=1&resize=525%2C300 1.5x, https:\/\/i0.wp.com\/www.freidenker.org\/fw17\/wp-content\/uploads\/2021\/05\/fitz_musk_v04_800x450.jpg?fit=800%2C450&ssl=1&resize=700%2C400 2x"},"classes":[]},{"id":20689,"url":"https:\/\/www.freidenker.org\/?p=20689","url_meta":{"origin":8982,"position":1},"title":"Elon Musk und seine Wahlbeeinflussung","author":"Webredaktion","date":"15. Januar 2025","format":false,"excerpt":"Ein Oligarch mischt sich in die Politik ein Beitrag von Wolfgang Bittner Der Multimilliard\u00e4r Elon Musk hat die Kanzlerkandidatin der AfD, Alice Weidel, am 9. Januar 2025 auf seinem Nachrichtendienst X interviewt und die Partei mit den Worten \u201eNur die AfD kann Deutschland retten\u201c zur Wahl empfohlen. Dasselbe hatte er\u2026","rel":"","context":"In &quot;Demokratie \u2013 Medien \u2013 Aufkl\u00e4rung&quot;","block_context":{"text":"Demokratie \u2013 Medien \u2013 Aufkl\u00e4rung","link":"https:\/\/www.freidenker.org\/?cat=12"},"img":{"alt_text":"","src":"https:\/\/i0.wp.com\/www.freidenker.org\/fw17\/wp-content\/uploads\/2025\/01\/Trump_UFC_2024_03_cropped_800x450.jpg?fit=800%2C450&ssl=1&resize=350%2C200","width":350,"height":200,"srcset":"https:\/\/i0.wp.com\/www.freidenker.org\/fw17\/wp-content\/uploads\/2025\/01\/Trump_UFC_2024_03_cropped_800x450.jpg?fit=800%2C450&ssl=1&resize=350%2C200 1x, https:\/\/i0.wp.com\/www.freidenker.org\/fw17\/wp-content\/uploads\/2025\/01\/Trump_UFC_2024_03_cropped_800x450.jpg?fit=800%2C450&ssl=1&resize=525%2C300 1.5x, https:\/\/i0.wp.com\/www.freidenker.org\/fw17\/wp-content\/uploads\/2025\/01\/Trump_UFC_2024_03_cropped_800x450.jpg?fit=800%2C450&ssl=1&resize=700%2C400 2x"},"classes":[]},{"id":17249,"url":"https:\/\/www.freidenker.org\/?p=17249","url_meta":{"origin":8982,"position":2},"title":"Elon Musk und Deutschlands Problem mit der Meinungsfreiheit","author":"Webredaktion","date":"11. Oktober 2023","format":false,"excerpt":"Beitrag von Gert Ewen Ungar So unterhaltsam der Vorgang an sich ist, so deutlich zeigt er, auf welch bedenklichem Weg sich Deutschland befindet. Der Multimilliard\u00e4r und Eigent\u00fcmer des Kurznachrichtendienstes X (vormals Twitter) hat sich mit dem Au\u00dfenministerium einen kleinen Schlagabtausch geliefert. Es ging im Kern darum, dass die deutsche Regierung\u2026","rel":"","context":"In &quot;Demokratie \u2013 Medien \u2013 Aufkl\u00e4rung&quot;","block_context":{"text":"Demokratie \u2013 Medien \u2013 Aufkl\u00e4rung","link":"https:\/\/www.freidenker.org\/?cat=12"},"img":{"alt_text":"","src":"https:\/\/i0.wp.com\/www.freidenker.org\/fw17\/wp-content\/uploads\/2023\/10\/Elon_Musk_Colorado_2022_800x450.jpg?fit=800%2C450&ssl=1&resize=350%2C200","width":350,"height":200,"srcset":"https:\/\/i0.wp.com\/www.freidenker.org\/fw17\/wp-content\/uploads\/2023\/10\/Elon_Musk_Colorado_2022_800x450.jpg?fit=800%2C450&ssl=1&resize=350%2C200 1x, https:\/\/i0.wp.com\/www.freidenker.org\/fw17\/wp-content\/uploads\/2023\/10\/Elon_Musk_Colorado_2022_800x450.jpg?fit=800%2C450&ssl=1&resize=525%2C300 1.5x, https:\/\/i0.wp.com\/www.freidenker.org\/fw17\/wp-content\/uploads\/2023\/10\/Elon_Musk_Colorado_2022_800x450.jpg?fit=800%2C450&ssl=1&resize=700%2C400 2x"},"classes":[]},{"id":8509,"url":"https:\/\/www.freidenker.org\/?p=8509","url_meta":{"origin":8982,"position":3},"title":"Die Privatisierung des Imperialismus","author":"Webredaktion","date":"9. August 2020","format":false,"excerpt":"Kommentar von Rainer Rupp Der als technologisches Wunderkind verehrte Elon Musk ist ein Idol der so genannten Gr\u00fcnen Revolution, denn der US-Oligarch ist Hersteller von Tesla, dem \u201eRolls Royce\u201c unter den Elektro-Autos. Dass diese Luxuskarosse immer wieder durch spontane Selbstentz\u00fcndung mit kaum l\u00f6schbaren Feuern von sich reden macht, tut dem\u2026","rel":"","context":"In &quot;Demokratie \u2013 Medien \u2013 Aufkl\u00e4rung&quot;","block_context":{"text":"Demokratie \u2013 Medien \u2013 Aufkl\u00e4rung","link":"https:\/\/www.freidenker.org\/?cat=12"},"img":{"alt_text":"","src":"https:\/\/i0.wp.com\/www.freidenker.org\/fw17\/wp-content\/uploads\/2020\/08\/Elon_Musks_Tesla_Roadster_800x450.jpg?fit=800%2C450&ssl=1&resize=350%2C200","width":350,"height":200,"srcset":"https:\/\/i0.wp.com\/www.freidenker.org\/fw17\/wp-content\/uploads\/2020\/08\/Elon_Musks_Tesla_Roadster_800x450.jpg?fit=800%2C450&ssl=1&resize=350%2C200 1x, https:\/\/i0.wp.com\/www.freidenker.org\/fw17\/wp-content\/uploads\/2020\/08\/Elon_Musks_Tesla_Roadster_800x450.jpg?fit=800%2C450&ssl=1&resize=525%2C300 1.5x, https:\/\/i0.wp.com\/www.freidenker.org\/fw17\/wp-content\/uploads\/2020\/08\/Elon_Musks_Tesla_Roadster_800x450.jpg?fit=800%2C450&ssl=1&resize=700%2C400 2x"},"classes":[]},{"id":17905,"url":"https:\/\/www.freidenker.org\/?p=17905","url_meta":{"origin":8982,"position":4},"title":"Gedankengleichschaltung im 21. Jahrhundert","author":"Webredaktion","date":"20. Januar 2024","format":false,"excerpt":"Wie Narrative zu Machtinstrumenten werden Beitrag von Tom J. Wellbrock War man versucht, so etwas wie eine progressive Kraft in all dem Wahnsinn der letzten Jahre zu erkennen, muss man seit dem 7. Oktober 2023 konstatieren, dass es diese Kraft nicht mehr gibt. Das Narrativ des Antisemitismus hat zu einer\u2026","rel":"","context":"In &quot;Demokratie \u2013 Medien \u2013 Aufkl\u00e4rung&quot;","block_context":{"text":"Demokratie \u2013 Medien \u2013 Aufkl\u00e4rung","link":"https:\/\/www.freidenker.org\/?cat=12"},"img":{"alt_text":"","src":"https:\/\/i0.wp.com\/www.freidenker.org\/fw17\/wp-content\/uploads\/2024\/01\/Great_Reset_51920725474_800x450.jpg?fit=800%2C450&ssl=1&resize=350%2C200","width":350,"height":200,"srcset":"https:\/\/i0.wp.com\/www.freidenker.org\/fw17\/wp-content\/uploads\/2024\/01\/Great_Reset_51920725474_800x450.jpg?fit=800%2C450&ssl=1&resize=350%2C200 1x, https:\/\/i0.wp.com\/www.freidenker.org\/fw17\/wp-content\/uploads\/2024\/01\/Great_Reset_51920725474_800x450.jpg?fit=800%2C450&ssl=1&resize=525%2C300 1.5x, https:\/\/i0.wp.com\/www.freidenker.org\/fw17\/wp-content\/uploads\/2024\/01\/Great_Reset_51920725474_800x450.jpg?fit=800%2C450&ssl=1&resize=700%2C400 2x"},"classes":[]},{"id":20686,"url":"https:\/\/www.freidenker.org\/?p=20686","url_meta":{"origin":8982,"position":5},"title":"Elon Musk schockiert deutsches Polit-Establishment","author":"Webredaktion","date":"15. Januar 2025","format":false,"excerpt":"Beitrag von\u00a0Wolfgang Effenberger Nach dem eindeutigen Wahlsieg von Donald Trump am 5. November 2024 tritt der Vertraute des \"Presedent-Elect\", Elon Musk, nun immer mehr durch \u00f6ffentliche Kommentare und Empfehlungen zu der f\u00fcr den 23. Februar 2025 angesetzten deutschen Bundestagswahl hervor. Seit Tagen gibt der 53-J\u00e4hrige Musk der AfD Sch\u00fctzenhilfe, schaltet\u2026","rel":"","context":"In &quot;Demokratie \u2013 Medien \u2013 Aufkl\u00e4rung&quot;","block_context":{"text":"Demokratie \u2013 Medien \u2013 Aufkl\u00e4rung","link":"https:\/\/www.freidenker.org\/?cat=12"},"img":{"alt_text":"","src":"https:\/\/i0.wp.com\/www.freidenker.org\/fw17\/wp-content\/uploads\/2025\/01\/Elon_Musk_at_a_Press_Conference_2_800x450.jpg?fit=800%2C450&ssl=1&resize=350%2C200","width":350,"height":200,"srcset":"https:\/\/i0.wp.com\/www.freidenker.org\/fw17\/wp-content\/uploads\/2025\/01\/Elon_Musk_at_a_Press_Conference_2_800x450.jpg?fit=800%2C450&ssl=1&resize=350%2C200 1x, https:\/\/i0.wp.com\/www.freidenker.org\/fw17\/wp-content\/uploads\/2025\/01\/Elon_Musk_at_a_Press_Conference_2_800x450.jpg?fit=800%2C450&ssl=1&resize=525%2C300 1.5x, https:\/\/i0.wp.com\/www.freidenker.org\/fw17\/wp-content\/uploads\/2025\/01\/Elon_Musk_at_a_Press_Conference_2_800x450.jpg?fit=800%2C450&ssl=1&resize=700%2C400 2x"},"classes":[]}],"_links":{"self":[{"href":"https:\/\/www.freidenker.org\/index.php?rest_route=\/wp\/v2\/posts\/8982","targetHints":{"allow":["GET"]}}],"collection":[{"href":"https:\/\/www.freidenker.org\/index.php?rest_route=\/wp\/v2\/posts"}],"about":[{"href":"https:\/\/www.freidenker.org\/index.php?rest_route=\/wp\/v2\/types\/post"}],"author":[{"embeddable":true,"href":"https:\/\/www.freidenker.org\/index.php?rest_route=\/wp\/v2\/users\/3"}],"replies":[{"embeddable":true,"href":"https:\/\/www.freidenker.org\/index.php?rest_route=%2Fwp%2Fv2%2Fcomments&post=8982"}],"version-history":[{"count":0,"href":"https:\/\/www.freidenker.org\/index.php?rest_route=\/wp\/v2\/posts\/8982\/revisions"}],"wp:featuredmedia":[{"embeddable":true,"href":"https:\/\/www.freidenker.org\/index.php?rest_route=\/wp\/v2\/media\/8993"}],"wp:attachment":[{"href":"https:\/\/www.freidenker.org\/index.php?rest_route=%2Fwp%2Fv2%2Fmedia&parent=8982"}],"wp:term":[{"taxonomy":"category","embeddable":true,"href":"https:\/\/www.freidenker.org\/index.php?rest_route=%2Fwp%2Fv2%2Fcategories&post=8982"},{"taxonomy":"post_tag","embeddable":true,"href":"https:\/\/www.freidenker.org\/index.php?rest_route=%2Fwp%2Fv2%2Ftags&post=8982"}],"curies":[{"name":"wp","href":"https:\/\/api.w.org\/{rel}","templated":true}]}}