{"id":8979,"date":"2020-12-09T00:53:32","date_gmt":"2020-12-08T23:53:32","guid":{"rendered":"https:\/\/www.freidenker.org\/?p=8979"},"modified":"2021-01-11T21:09:52","modified_gmt":"2021-01-11T20:09:52","slug":"ja-gehts-noch","status":"publish","type":"post","link":"https:\/\/www.freidenker.org\/?p=8979","title":{"rendered":"Ja geht\u2019s noch?"},"content":{"rendered":"<div class=\"beitrag\">\n<h5>Schluss mit den Provokationen gegen Russland und China durch die deutsche Politik!<\/h5>\n<p><em>Rede von <strong>Ingrid Koschmieder<\/strong> auf der Berliner Friedenstour am 28.11.2020 anl\u00e4sslich der Aktionswoche \u201eAbr\u00fcsten statt Aufr\u00fcsten\u201c.<\/em><\/p>\n<p>Hallo! Warum stehen wir hier? Mit unserem Corso m\u00f6chten wir, Berliner Friedensbewegte, darauf aufmerksam machen, dass in knapp zwei Wochen, am 11.12.2020, im Bundestag \u00fcber den Haushalt (Staatsausgaben) f\u00fcr das n\u00e4chste Jahr entschieden wird. Knapp 47 Milliarden Euro Steuergelder sollen laut Plan der Regierungskoalition f\u00fcr R\u00fcstung und Milit\u00e4r verwendet werden. Das bedeutet, trotz Wirtschaftseinbruch in diesem Ressort einen Zuwachs von \u00fcber 1,7 Milliarden zum Vorjahr. Sie nennen es Sicherheit und Verteidigung.<\/p>\n<p>Wir normalen Leute haben mit Covid19 eigentlich schon genug Probleme. Noch ist nicht klar, wie lange die Pandemie dauert! Oder wie einschneidend die weltweiten Folgen von Corona f\u00fcr uns sein werden. Und welche sozialen und wirtschaftlichen H\u00e4rten die Politik hier am Ende f\u00fcr zumutbar h\u00e4lt! Auch deswegen hat sich die Friedensbewegung entschlossen in vielen St\u00e4dten Alarm zu schlagen. Trotz Wirtschaftskrise und pandemiebedingten Einschr\u00e4nkungen, sollen vom n\u00e4chsten BT-Haushalt fast 10% verwendet werden, um Milit\u00e4r und Aufr\u00fcstung zu \u201est\u00e4rken\u201c, wie \u201eVerteidigungs\u201c-ministerin Kramp-Karrenbauer es so gern ausdr\u00fcckt.<\/p>\n<p>Daf\u00fcr ist beispielsweise geplant, bereits f\u00fcr \u00dcberwachungsfl\u00fcge genutzte Drohnen zu bewaffnen, d.h. mit Raketen auszustatten. Angeblich zur Sicherheit der Bundeswehrsoldaten in Auslandseins\u00e4tzen. Dumm nur, dass bekannt ist, dass seit vielen Jahren kein einziger Soldat direkt im Einsatz get\u00f6tet wurde. Durch Selbstmorde aber schon. Wozu also bewaffnete Drohnen? Weil andere in der Nato sie auch haben? Weil R\u00fcstungslobbyisten erfolgreich waren? Um als Milit\u00e4r Herr \u00fcber Leben und Tod \u00fcber die da unten in armen L\u00e4ndern wie Afghanistan, Mali und Syrien spielen zu k\u00f6nnen?<\/p>\n<p>Milliarden Euro sind auch f\u00fcr ein besonderes Lieblingsthema der deutschen Politik reserviert, f\u00fcr die Fortf\u00fchrung der \u201eNuklearen Teilhabe\u201c! Die Deutschen d\u00fcrfen ja eigentlich gar keine Atomwaffen haben, schon die alte BRD trat 1969 dem Atomwaffensperrvertrag bei \u2013 und das ist gut so! Aber die USA machen den Atombombeneinsatz m\u00f6glich, indem sie mit deutscher Genehmigung Atombomben bei uns lagern. Wenn die USA eines Tages das Zeichen geben, d\u00fcrfen daf\u00fcr trainierte Bundeswehrpiloten die Bomben in einem Kamikaze-Job nach Russland tragen, was mutma\u00dflich den dritten Weltkrieg ausl\u00f6st. Die jetzigen Tr\u00e4gerflugzeuge gelten als in 5 Jahren zu alt und so braucht es neue Bomber, die praktischerweise in den USA zu kaufen sind, was die transatlantischen Bindungen festigen w\u00fcrde (und manche an Belohnungen f\u00fcr die deutschen Mustersch\u00fcler denken l\u00e4sst?). Daf\u00fcr brauchen Frau Merkel und Frau Kramp-Karrenbauer eben siebeneinhalb Milliarden \u2013 Nutzung, Wartung und Modernisierung z\u00e4hlen extra! Faktisch w\u00e4re es so einfach, das Leben f\u00fcr uns alle sicherer zu machen: Deutschland k\u00f6nnte sich entschlie\u00dfen und nach Kanada und Griechenland die nukleare Teilhabe beenden und von der Beschaffung neuer Tr\u00e4gersysteme absehen. In Italien, den Niederlanden, Belgien und der T\u00fcrkei \u2013 wo weitere Atombomben gelagert sind \u2013 w\u00fcrde man das mit gro\u00dfem Interesse verfolgen!<\/p>\n<p>Etwa 40% des \u201eVerteidigungs-\u201cBudgets sind Personalkosten, kein Wunder bei den vielen Auslandseins\u00e4tzen! Die Bundeswehr ist keine Verteidigungsarmee mehr, wie nach dem 2.WK hoch und heilig versprochen, sondern in eine Einsatzarmee umstrukturiert worden und typischerweise sind deutsche Truppen dort im Einsatz, wo NATO-Staaten vorher daf\u00fcr gesorgt oder zumindest mitgeholfen haben, dass fremde Truppen dort was zu tun haben. \u201eVerantwortung \u00fcbernehmen\u201c wird das genannt. Auf dem Balkan und im Baltikum, in Afghanistan, in Irak und in Syrien, im Mittelmeer und in Mali, am Horn von Afrika und \u2013 vielleicht will die Bundeswehr ja auch bald im indopazifischen Raum bei den Chinesen ein bisschen mithelfen, f\u00fcr Ordnung zu sorgen. Das kann nicht so weitergehen!<\/p>\n<p>Unser Milit\u00e4r hat mit L\u00e4ndern, die uns nicht bedrohen und angreifen, nichts zu schaffen. Unser Milit\u00e4r ist auch nicht daf\u00fcr da, Teil einer umfassenden Bedrohungskulisse gegen ein Nachbarland zu sein, n\u00e4mlich Russland, das uns nicht nur nichts getan hat, sondern im Gegenteil uns zahllose, kaum erwiderte Kooperationsangebote machte \u2013 uns, die wir vor noch nicht all zu langer Zeit gegen Polen und die Sowjetunion einen entsetzlichen Raub- und Vernichtungskrieg f\u00fchrten, der in Teilen genozidale Z\u00fcge trug. Was ist nur in die deutsche Politik gefahren, dass sie mit wachsender Lautst\u00e4rke die Russen br\u00fcskiert und provoziert? Daf\u00fcr ja selbst \u00f6konomische Nachteile durch ein Teil-Embargo im Kauf nimmt. Ja, geht\u2019s noch?<\/p>\n<p>Weitere r\u00fcstungspolitische Vorhaben, teils als Gemeinschaftsprojekte mit anderen Staaten, sind gro\u00dfe Transporthubschrauber, Panzer, Euro-Drohnen und Kampfflugzeuge. Auch da fragt sich: wof\u00fcr werden diese milit\u00e4rischen Megapotentiale gebraucht? Welche Regionen auf der Erde sollen damit \u00fcberzogen werden k\u00f6nnen? Ist das wirklich das, was wir Menschen in Deutschland, wir Deutsche tun und verantworten wollen und k\u00f6nnen?<\/p>\n<p>Klar ist: Mehr f\u00fcrs Milit\u00e4r, mehr R\u00fcstung f\u00fchrt zu mehr Kriegsgefahr \u2026 mit Kriegsverbrechen inklusive \u2026 und am Ende h\u00e4lt die Bev\u00f6lkerung in den angegriffenen L\u00e4ndern wie auch hier den Kopf daf\u00fcr hin! Das wollen wir nicht! Runter mit der R\u00fcstung! Ein Hoch f\u00fcr Frieden und V\u00f6lkerverst\u00e4ndigung!<\/p>\n<p>Welche Situation haben wir jetzt? Der Parit\u00e4tische Wohlfahrtsverband formuliert es aktuell so: Deutschland zeige sich \u201eals ein in gro\u00dfer Ungleichheit zerrissenes Land, in dem die Gruppe der \u00fcber mangelndes Einkommen Marginalisierten seit 2006 im Trend best\u00e4ndig zunimmt. Volkswirtschaftliche Erfolge kommen nicht bei den Armen an, sondern vergr\u00f6\u00dfern in ihrer Verteilungswirkung ganz offensichtlich noch Ungleichheit und Ausgrenzung. Die Auswirkungen der Corona-Krise d\u00fcrften diesen Trend noch einmal sp\u00fcrbar beschleunigen.\u201c Bezeichnenderweise betitelt der PW seinen diesj\u00e4hrigen Armutsbericht mit \u201eGegen Armut hilft Geld\u201c! Und, m\u00f6chte ich hinzuf\u00fcgen: die Haltung dazu. \u201eGest\u00e4rkt werden\u201c sollte bei uns nicht das Milit\u00e4rbudget, sondern die Angleichung der Lebensbedingungen, das gesellschaftliche Gef\u00fcge, der Zusammenhalt! Wir haben bei uns jedenfalls sehr viel in Ordnung zu bringen, angefangen damit, uns zu fragen, wie wir als Gesellschaft leben wollen.<\/p>\n<p>In einer Rede f\u00fcr den Frieden f\u00fchrte Bertolt Brecht 1952 aus:<\/p>\n<p style=\"padding-left: 40px;\">\u00bbDas Ged\u00e4chtnis der Menschheit f\u00fcr erduldete Leiden ist erstaunlich kurz. Ihre Vorstellungsgabe f\u00fcr kommende Leiden ist fast noch geringer. Die Beschreibungen, die der New Yorker von den Gr\u00e4ueln der Atombombe erhielt, erschreckten ihn anscheinend nur wenig. Der Hamburger ist noch umringt von Ruinen, und doch z\u00f6gert er, die Hand gegen einen neuen Krieg zu erheben. Die weltweiten Schrecken der vierziger Jahre scheinen vergessen. Der Regen von gestern macht uns nicht nass, sagen viele. Diese Abgestumpftheit ist es, die wir zu bek\u00e4mpfen haben, ihr \u00e4u\u00dferster Grad ist der Tod. Allzu viele kommen uns schon heute vor wie Tote, wie Leute, die schon hinter sich haben, was sie vor sich haben, so wenig tun sie dagegen. Und doch wird nichts mich davon \u00fcberzeugen, dass es aussichtslos ist, der Vernunft gegen ihre Feinde beizustehen. Lasst uns das tausendmal Gesagte immer wieder sagen, damit es nicht einmal zu wenig gesagt wurde! Lasst uns die Warnungen erneuern, und wenn sie schon wie Asche im Mund sind! Denn der Menschheit drohen Kriege, gegen welche die vergangenen wie armselige Versuche sind, und sie werden kommen ohne jeden Zweifel, wenn denen, die sie in aller \u00d6ffentlichkeit vorbereiten, nicht die H\u00e4nde zerschlagen werden.\u00ab<\/p>\n<p>Diese Gedanken sind aktuell wie nie zuvor.<\/p>\n<p>In einer Woche, am Sa 5.12. um 13.30 Uhr wollen wir uns mit vielen anderen zwischen Kanzleramt und Bundestag treffen um unseren Protest zu zeigen, mit Reden, Aktionen und einer Menschenkette! Kommen Sie dorthin, werdet Teil eines Protests f\u00fcr Vernunft, f\u00fcr Frieden und einer Welt der Solidarit\u00e4t, nicht des Krieges!<\/p>\n<p style=\"text-align: right;\"><em>Ingrid Koschmieder ist Mitglied des Deutschen Freidenker-Verbandes, Landesverband Berlin<\/em><\/p>\n<hr \/>\n<p><span style=\"font-size: 10pt;\">Bild: Aktionstag &#8222;Abr\u00fcstung und neue Entspannungspolitik&#8220; am 05.12.2020 in Berlin vor dem Bundeskanzleramt<br \/>\nFoto: <span class=\"d2edcug0 hpfvmrgz qv66sw1b c1et5uql rrkovp55 a8c37x1j keod5gw0 nxhoafnm aigsh9s9 d3f4x2em fe6kdd0r mau55g9w c8b282yb iv3no6db jq4qci2q a3bd9o3v knj5qynh m9osqain\" dir=\"auto\">Aufstehen-Gruppe Anti-War Cafe Berlin<\/span><\/span><br \/>\n<span style=\"font-size: 10pt;\">Quelle: <a href=\"https:\/\/www.facebook.com\/Aufstehen-Anti-War-Cafe-Berlin-2499083953439386\/photos\/a.4107751489239283\/4107748289239603\" target=\"_blank\" rel=\"noopener noreferrer\">https:\/\/www.facebook.com\/Aufstehen-Anti-War-Cafe-Berlin-2499083953439386\/photos\/a.4107751489239283\/4107748289239603<\/a><\/span><\/p>\n<p>&nbsp;<\/p>\n<\/div>\n","protected":false},"excerpt":{"rendered":"<p><b>Rede von Ingrid Koschmieder auf der Berliner Friedenstour am 28.11.2020 anl\u00e4sslich der Aktionswoche \u201eAbr\u00fcsten statt Aufr\u00fcsten\u201c.<\/b><br \/>\nMit unserem Corso m\u00f6chten wir, Berliner Friedensbewegte, darauf aufmerksam machen, dass in knapp zwei Wochen, am 11.12.2020, im Bundestag \u00fcber den Haushalt (Staatsausgaben) f\u00fcr das n\u00e4chste Jahr entschieden wird. Knapp 47 Milliarden Euro Steuergelder sollen laut Plan der Regierungskoalition f\u00fcr R\u00fcstung und Milit\u00e4r verwendet werden. Das bedeutet, trotz Wirtschaftseinbruch in diesem Ressort einen Zuwachs von \u00fcber 1,7 Milliarden zum Vorjahr. Sie nennen es Sicherheit und Verteidigung.<\/p>\n","protected":false},"author":3,"featured_media":8980,"comment_status":"closed","ping_status":"closed","sticky":false,"template":"","format":"standard","meta":{"colormag_page_container_layout":"default_layout","colormag_page_sidebar_layout":"default_layout","advanced_seo_description":"","jetpack_seo_html_title":"","jetpack_seo_noindex":false,"jetpack_post_was_ever_published":false,"footnotes":""},"categories":[13],"tags":[335,43,57,1340,812,422],"class_list":["post-8979","post","type-post","status-publish","format-standard","has-post-thumbnail","hentry","category-frieden-antifaschismus-solidaritaet","tag-frieden","tag-friedensbewegung","tag-kriegsgefahr","tag-militaeretat","tag-protest","tag-ruestung"],"jetpack_featured_media_url":"https:\/\/i0.wp.com\/www.freidenker.org\/fw17\/wp-content\/uploads\/2020\/12\/abruesten_statt_aufruesten_2020-12-05_800x450.jpg?fit=800%2C450&ssl=1","jetpack_shortlink":"https:\/\/wp.me\/p9stpK-2kP","jetpack-related-posts":[{"id":20959,"url":"https:\/\/www.freidenker.org\/?p=20959","url_meta":{"origin":8979,"position":0},"title":"Wie Mark Rutte f\u00fcr Kanonen statt Butter wirbt","author":"Webredaktion","date":"14. Februar 2025","format":false,"excerpt":"Beitrag von Dagmar Henn NATO-Generalsekret\u00e4r Mark Rutte hat in einem Interview mit der Bild am Sonntag (BamS) den Deutschen wieder einmal erkl\u00e4rt, wie viel Geld sie f\u00fcr Panzer und \u00e4hnliche Dinge aufzuwenden h\u00e4tten. Der Holl\u00e4nder greift dabei auf jene Floskel zur\u00fcck, mit der schon Anfang des vergangenen Jahrhunderts Lateinlehrer f\u00fcr\u2026","rel":"","context":"In &quot;Demokratie \u2013 Medien \u2013 Aufkl\u00e4rung&quot;","block_context":{"text":"Demokratie \u2013 Medien \u2013 Aufkl\u00e4rung","link":"https:\/\/www.freidenker.org\/?cat=12"},"img":{"alt_text":"","src":"https:\/\/i0.wp.com\/www.freidenker.org\/fw17\/wp-content\/uploads\/2025\/02\/mark_rutte_2024_800x450.jpg?fit=800%2C450&ssl=1&resize=350%2C200","width":350,"height":200,"srcset":"https:\/\/i0.wp.com\/www.freidenker.org\/fw17\/wp-content\/uploads\/2025\/02\/mark_rutte_2024_800x450.jpg?fit=800%2C450&ssl=1&resize=350%2C200 1x, https:\/\/i0.wp.com\/www.freidenker.org\/fw17\/wp-content\/uploads\/2025\/02\/mark_rutte_2024_800x450.jpg?fit=800%2C450&ssl=1&resize=525%2C300 1.5x, https:\/\/i0.wp.com\/www.freidenker.org\/fw17\/wp-content\/uploads\/2025\/02\/mark_rutte_2024_800x450.jpg?fit=800%2C450&ssl=1&resize=700%2C400 2x"},"classes":[]},{"id":9887,"url":"https:\/\/www.freidenker.org\/?p=9887","url_meta":{"origin":8979,"position":1},"title":"Galerie: Freidenker bei den Osterm\u00e4rschen 2021","author":"Webredaktion","date":"18. April 2021","format":false,"excerpt":"In rund 100 St\u00e4dten fanden \u00fcber Ostern Aktionen f\u00fcr Frieden und Abr\u00fcstung statt. Trotz der durch die Corona-Ma\u00dfnahmen schwierigen Umst\u00e4nde beteiligten sich zahlreiche Menschen an den Veranstaltungen, die teils als Demonstrationen, teils als Kundgebungen und teils virtuell stattfanden. ... Im Mittelpunkt der Aktionen standen die Forderung nach der Senkung der\u2026","rel":"","context":"In &quot;Frieden - Antifaschismus - Solidarit\u00e4t&quot;","block_context":{"text":"Frieden - Antifaschismus - Solidarit\u00e4t","link":"https:\/\/www.freidenker.org\/?cat=13"},"img":{"alt_text":"","src":"https:\/\/i0.wp.com\/www.freidenker.org\/fw17\/wp-content\/uploads\/2021\/04\/ostermarsch2021_800x450.jpg?fit=800%2C450&ssl=1&resize=350%2C200","width":350,"height":200,"srcset":"https:\/\/i0.wp.com\/www.freidenker.org\/fw17\/wp-content\/uploads\/2021\/04\/ostermarsch2021_800x450.jpg?fit=800%2C450&ssl=1&resize=350%2C200 1x, https:\/\/i0.wp.com\/www.freidenker.org\/fw17\/wp-content\/uploads\/2021\/04\/ostermarsch2021_800x450.jpg?fit=800%2C450&ssl=1&resize=525%2C300 1.5x, https:\/\/i0.wp.com\/www.freidenker.org\/fw17\/wp-content\/uploads\/2021\/04\/ostermarsch2021_800x450.jpg?fit=800%2C450&ssl=1&resize=700%2C400 2x"},"classes":[]},{"id":21427,"url":"https:\/\/www.freidenker.org\/?p=21427","url_meta":{"origin":8979,"position":2},"title":"\u201eKanonen und Butter sind eine Illusion\u201c","author":"Webredaktion","date":"11. April 2025","format":false,"excerpt":"Interview von Chris H\u00fcppmeier mit Michael Quetting Frage: Wie bewerten Sie die aktuelle Entwicklung in den Gewerkschaften, insbesondere mit Blick auf die zunehmende Militarisierung? Michael Quetting: Unsere Antworten als Gewerkschaften sind leider nicht auf der H\u00f6he der Zeit. Unter der Militarisierung haben und werden abh\u00e4ngig Besch\u00e4ftigte und Rentner gelitten und\u2026","rel":"","context":"In &quot;Frieden - Antifaschismus - Solidarit\u00e4t&quot;","block_context":{"text":"Frieden - Antifaschismus - Solidarit\u00e4t","link":"https:\/\/www.freidenker.org\/?cat=13"},"img":{"alt_text":"","src":"https:\/\/i0.wp.com\/www.freidenker.org\/fw17\/wp-content\/uploads\/2025\/04\/quetting_140301_Interview_b_800x450.jpg?fit=800%2C450&ssl=1&resize=350%2C200","width":350,"height":200,"srcset":"https:\/\/i0.wp.com\/www.freidenker.org\/fw17\/wp-content\/uploads\/2025\/04\/quetting_140301_Interview_b_800x450.jpg?fit=800%2C450&ssl=1&resize=350%2C200 1x, https:\/\/i0.wp.com\/www.freidenker.org\/fw17\/wp-content\/uploads\/2025\/04\/quetting_140301_Interview_b_800x450.jpg?fit=800%2C450&ssl=1&resize=525%2C300 1.5x, https:\/\/i0.wp.com\/www.freidenker.org\/fw17\/wp-content\/uploads\/2025\/04\/quetting_140301_Interview_b_800x450.jpg?fit=800%2C450&ssl=1&resize=700%2C400 2x"},"classes":[]},{"id":8857,"url":"https:\/\/www.freidenker.org\/?p=8857","url_meta":{"origin":8979,"position":3},"title":"Aktions\u00adtag \u00a0f\u00fcr \u201eAb\u00adr\u00fc\u00adstung und neue Ent\u00adspan\u00adnungs\u00adpoli\u00adtik\u201c am 5. De\u00adzem\u00adber 2020","author":"Webredaktion","date":"26. Oktober 2020","format":false,"excerpt":"In der Woche beginnend mit dem 7.12.2020 soll der Bundeshaushalt f\u00fcr 2021 verabschiedet werden. Der \u201eVerteidigungshaushalt\u201c soll erneut um 2,6% steigen, 50 Milliarden Euro f\u00fcr R\u00fcstung drohen! Deshalb ruft\u00a0 die \u201eInitiative abr\u00fcsten statt aufr\u00fcsten\u201c zum bundes\u00adweiten de\u00adzen\u00adtra\u00adlen Aktions\u00adtag am 05.12.2020 auf. Der Deutsche Freidenker-Verband unterst\u00fctzt den Aufruf und ruft zur\u2026","rel":"","context":"In &quot;Frieden - Antifaschismus - Solidarit\u00e4t&quot;","block_context":{"text":"Frieden - Antifaschismus - Solidarit\u00e4t","link":"https:\/\/www.freidenker.org\/?cat=13"},"img":{"alt_text":"","src":"https:\/\/i0.wp.com\/www.freidenker.org\/fw17\/wp-content\/uploads\/2020\/10\/abruesten_statt_aufruesten_800x450.jpg?fit=800%2C450&ssl=1&resize=350%2C200","width":350,"height":200,"srcset":"https:\/\/i0.wp.com\/www.freidenker.org\/fw17\/wp-content\/uploads\/2020\/10\/abruesten_statt_aufruesten_800x450.jpg?fit=800%2C450&ssl=1&resize=350%2C200 1x, https:\/\/i0.wp.com\/www.freidenker.org\/fw17\/wp-content\/uploads\/2020\/10\/abruesten_statt_aufruesten_800x450.jpg?fit=800%2C450&ssl=1&resize=525%2C300 1.5x, https:\/\/i0.wp.com\/www.freidenker.org\/fw17\/wp-content\/uploads\/2020\/10\/abruesten_statt_aufruesten_800x450.jpg?fit=800%2C450&ssl=1&resize=700%2C400 2x"},"classes":[]},{"id":5114,"url":"https:\/\/www.freidenker.org\/?p=5114","url_meta":{"origin":8979,"position":4},"title":"Frieden mit Russland &#8211; Kein 3. Weltkrieg","author":"Webredaktion","date":"14. Mai 2018","format":false,"excerpt":"Keine neue Ostfront - Macht uns Russland nicht zum Feind - Aufr\u00fcstung und NATO-Aufmarsch stoppen! - Raus aus der NATO! - NATO raus! - Kein 3. Weltkrieg Die Toten von zwei Weltkriegen mahnen uns: Wir brauchen keinen Milit\u00e4raufmarsch gegen Russland, keine neue Ostfront. Wir brauchen eine neue Entspannungspolitik und eine\u2026","rel":"","context":"In &quot;Frieden - Antifaschismus - Solidarit\u00e4t&quot;","block_context":{"text":"Frieden - Antifaschismus - Solidarit\u00e4t","link":"https:\/\/www.freidenker.org\/?cat=13"},"img":{"alt_text":"","src":"https:\/\/i0.wp.com\/www.freidenker.org\/fw17\/wp-content\/uploads\/2018\/05\/Frieden_mit_Russland_komp_mR.jpg?fit=800%2C445&ssl=1&resize=350%2C200","width":350,"height":200,"srcset":"https:\/\/i0.wp.com\/www.freidenker.org\/fw17\/wp-content\/uploads\/2018\/05\/Frieden_mit_Russland_komp_mR.jpg?fit=800%2C445&ssl=1&resize=350%2C200 1x, https:\/\/i0.wp.com\/www.freidenker.org\/fw17\/wp-content\/uploads\/2018\/05\/Frieden_mit_Russland_komp_mR.jpg?fit=800%2C445&ssl=1&resize=525%2C300 1.5x, https:\/\/i0.wp.com\/www.freidenker.org\/fw17\/wp-content\/uploads\/2018\/05\/Frieden_mit_Russland_komp_mR.jpg?fit=800%2C445&ssl=1&resize=700%2C400 2x"},"classes":[]},{"id":7383,"url":"https:\/\/www.freidenker.org\/?p=7383","url_meta":{"origin":8979,"position":5},"title":"Freidenker im Gespr\u00e4ch am 13.01.2020: NATO macht mobil \u2013 gegen Russland","author":"Webredaktion","date":"5. Januar 2020","format":false,"excerpt":"Berliner Runde \u2013 Freidenker im Gespr\u00e4ch: Vortrag und Diskussion mit Klaus Hartmann, Bundesvorsitzender des Deutschen Freidenker-Verbandes Montag, den 13. Januar 2020, 16.00 Uhr, ND-Geb\u00e4ude, Seminarraum 1, Franz-Mehring-Platz 1, 10243 Berlin Von Januar bis Mai 2020 planen die USA und NATO-Staaten ein Gro\u00dfman\u00f6ver zur trans\u00adatlantischen Mobilmachung gegen Russland. Eine Invasion von\u2026","rel":"","context":"In &quot;Frieden - Antifaschismus - Solidarit\u00e4t&quot;","block_context":{"text":"Frieden - Antifaschismus - Solidarit\u00e4t","link":"https:\/\/www.freidenker.org\/?cat=13"},"img":{"alt_text":"","src":"https:\/\/i0.wp.com\/www.freidenker.org\/fw17\/wp-content\/uploads\/2020\/01\/Einladung_Berlin_2020-01-13.jpg?fit=800%2C445&ssl=1&resize=350%2C200","width":350,"height":200,"srcset":"https:\/\/i0.wp.com\/www.freidenker.org\/fw17\/wp-content\/uploads\/2020\/01\/Einladung_Berlin_2020-01-13.jpg?fit=800%2C445&ssl=1&resize=350%2C200 1x, https:\/\/i0.wp.com\/www.freidenker.org\/fw17\/wp-content\/uploads\/2020\/01\/Einladung_Berlin_2020-01-13.jpg?fit=800%2C445&ssl=1&resize=525%2C300 1.5x, https:\/\/i0.wp.com\/www.freidenker.org\/fw17\/wp-content\/uploads\/2020\/01\/Einladung_Berlin_2020-01-13.jpg?fit=800%2C445&ssl=1&resize=700%2C400 2x"},"classes":[]}],"_links":{"self":[{"href":"https:\/\/www.freidenker.org\/index.php?rest_route=\/wp\/v2\/posts\/8979","targetHints":{"allow":["GET"]}}],"collection":[{"href":"https:\/\/www.freidenker.org\/index.php?rest_route=\/wp\/v2\/posts"}],"about":[{"href":"https:\/\/www.freidenker.org\/index.php?rest_route=\/wp\/v2\/types\/post"}],"author":[{"embeddable":true,"href":"https:\/\/www.freidenker.org\/index.php?rest_route=\/wp\/v2\/users\/3"}],"replies":[{"embeddable":true,"href":"https:\/\/www.freidenker.org\/index.php?rest_route=%2Fwp%2Fv2%2Fcomments&post=8979"}],"version-history":[{"count":0,"href":"https:\/\/www.freidenker.org\/index.php?rest_route=\/wp\/v2\/posts\/8979\/revisions"}],"wp:featuredmedia":[{"embeddable":true,"href":"https:\/\/www.freidenker.org\/index.php?rest_route=\/wp\/v2\/media\/8980"}],"wp:attachment":[{"href":"https:\/\/www.freidenker.org\/index.php?rest_route=%2Fwp%2Fv2%2Fmedia&parent=8979"}],"wp:term":[{"taxonomy":"category","embeddable":true,"href":"https:\/\/www.freidenker.org\/index.php?rest_route=%2Fwp%2Fv2%2Fcategories&post=8979"},{"taxonomy":"post_tag","embeddable":true,"href":"https:\/\/www.freidenker.org\/index.php?rest_route=%2Fwp%2Fv2%2Ftags&post=8979"}],"curies":[{"name":"wp","href":"https:\/\/api.w.org\/{rel}","templated":true}]}}