{"id":8971,"date":"2020-12-08T00:46:36","date_gmt":"2020-12-07T23:46:36","guid":{"rendered":"https:\/\/www.freidenker.org\/?p=8971"},"modified":"2021-01-11T21:10:12","modified_gmt":"2021-01-11T20:10:12","slug":"zur-aussenpolitik-der-usa-unter-praesident-joe-biden","status":"publish","type":"post","link":"https:\/\/www.freidenker.org\/?p=8971","title":{"rendered":"Zur Au\u00dfenpolitik der USA unter Pr\u00e4sident Joe Biden"},"content":{"rendered":"<h5>Kr\u00e4fte und Probleme<\/h5>\n<p><em>von <strong>Prof. Dr. Anton Latzo<\/strong><\/em><\/p>\n<p>\u201eMit Joe Biden wird es auch nicht besser\u201c, so Sergej Lawrow, der Au\u00dfenminister Russlands, kurz und b\u00fcndig. Biden hat seinerseits erkl\u00e4rt, dass er eine R\u00fcckkehr zur \u201eNormalit\u00e4t\u201c anstrebe. Diese soll laut USA-Pr\u00e4sident darin bestehen, dass die USA wieder bereit seien, die Welt anzuf\u00fchren.<\/p>\n<p>Die Analyse der Entwicklung der USA und ihrer Politik sprechen nicht daf\u00fcr, dass eine Verbesserung im Sinne des Friedens und der gleichberechtigten Zusammenarbeit der Staaten auf der Grundlage der UNO-Charta sein wird. Ohne Zweifel ist aber die Biden-Regierung mit neuen nationalen und internationalen Bedingungen konfrontiert, die die internationale Stellung und die Verwirklichung ihrer au\u00dfenpolitischen Grundziele beeinflussen<\/p>\n<h5>Kr\u00e4fte<\/h5>\n<p>Das Neue h\u00e4lt sich in Grenzen, denn man muss festzustellen, dass die Kr\u00e4fte, die 2020 eine erbitterte Rivalit\u00e4t ausgefochten haben, schon 2016 bei den Wahlen miteinander gerungen haben. Der diesmalige Sieger, Joe Biden, hat den Segen vor allem der transnationalen Finanzoligarchie. Dieser Teil des amerikanischen Kapitals profitiert am meisten von der beschleunigten Globalisierung. Es sind die politischen Kreise, die eng mit Technologiegr\u00f6\u00dfen (Amazon, Microsoft, Apple, Facebook) und den Finanzkonglomeraten verbunden sind. Sie vertreten u.a. einen Kurs zur aktiven Bildung supranationaler Strukturen unter der Kontrolle von Megakonzernen und Finanzimperien. Au\u00dfenpolitisch kn\u00fcpfen sie auch an die Politik der Clinton-\u00c4ra an.<\/p>\n<p>Nat\u00fcrlich sind die politischen Kreise nicht durch starre Grenzen voneinander getrennt. Die au\u00dfenpolitischen Interessen des milit\u00e4risch-industriellen Komplexes, Energieunternehmen und einer Reihe anderer Branchen sind jedoch anders akzentuiert. Sie profitieren von einer strengen protektionistischen Politik. Der R\u00fcstungshaushalt kann als Beispiel genommen werden. Er hat in der Zwischenzeit 732 Milliarden Dollar erreicht. Zum Vergleich: selbst wenn er halbiert wird, betr\u00e4gt er mehr als die entsprechenden Haushalte der VR China (261 Milliarden) und Russlands (65,1 Milliarden) zusammen!<\/p>\n<p>Die verschiedenen Gruppen in den USA werden durch die Interessen vereint, die sich an der Ausweitung und Erhaltung der USA-Hegemonie ausrichten.<\/p>\n<h5>Rolle<\/h5>\n<p>Die USA bleiben \u00f6konomische, politische und milit\u00e4rische Hauptkraft des Westens. Damit bleibt auch die Abh\u00e4ngigkeit der meisten Staaten von ihnen. Aber die Zeit der absoluten Dominanz des USA-Imperialismus in der Welt geht trotzdem dem Ende entgegen. Die Ursache liegt nicht prim\u00e4r in einer absoluten Schw\u00e4chung der USA, sondern vor allem darin, dass es in dieser Gesellschaft gro\u00dfe Widerspr\u00fcche und auch auseinanderstrebende Interessen und Tendenzen gibt, welche die USA auf Dauer immer weniger unter Kontrolle halten und beherrschen k\u00f6nnen.<\/p>\n<p>Au\u00dferdem haben 50 Jahre verlustreicher Kriege in aller Welt an den Kr\u00e4ften des Systems im den USA gezehrt. Die R\u00fcstungsindustrie hat zwar konstant Profite erzielt, die Gesellschaft aber musste wachsende Sch\u00e4den ertragen. Zwei Beispiele: In der Woche bis 7.November 2020 erhielten 20,5 Millionen eine Form der Arbeitslosenhilfe. Ein Jahr zuvor waren es in der gleichen Woche \u201enur\u201c 1,5 Millionen gewesen!<\/p>\n<p>Au\u00dferdem haben viele Bereiche der Wirtschaft (z.B. Autoindustrie) gegen\u00fcber europ\u00e4ischen und asiatischen L\u00e4ndern an Leistungsf\u00e4higkeit eingeb\u00fc\u00dft. Das f\u00fchrte zu einer unausgeglichenen Zahlungsbilanz im Au\u00dfenhandel, besonders gegen\u00fcber Deutschland und China.<\/p>\n<p>Kennzeichnend f\u00fcr die innere Entwicklung in den USA ist die Verm\u00f6genskonzentration in den H\u00e4nden einer kleinen \u201eElite\u201c. Diese ist aber auch global aktiv und wirksam und wird ihre Aktivit\u00e4ten und ihren\u00a0 Einfluss auch international, weiter erh\u00f6hen wollen, wie aus diesbez\u00fcglichen Analysen hervorgeht. Die \u00dcberlegungen und Aktivit\u00e4ten zum \u201eGreat Reset\u201c sind ein Beispiel.<\/p>\n<p>Dieser Zustand ist nicht nur ein Ergebnis der Politik, sondern Folge der Gesetzm\u00e4\u00dfigkeiten des kapitalistischen Systems, seines Weltmarktes und der internationalen Arbeitsteilung unter diesen Bedingungen. Trump selbst hat darauf hingewiesen, dass ein gro\u00dfer Teil der Infrastruktur der USA sich in einem desolaten Zustand befindet.<\/p>\n<h5>Zustand<\/h5>\n<p>Zu den Bedingungen, die das au\u00dfenpolitische Verhalten der Biden-Regierung beeinflussen, geh\u00f6rt die innere Widerspr\u00fcchlichkeit und Zerrissenheit der Gesellschaft, die schon bei den Wahlen von 2016 sichtbar wurde und auch bei den neuesten Wahlen sehr anschaulich zum Ausdruck kam. Neben der Minderheitenproblematik werden die inneren Konflikte durch die Zunahme sozialer Forderungen verst\u00e4rkt. Eine L\u00f6sung ist nicht in Sicht, aber die Situation d\u00fcrfte immer schwerer kontrollierbar werden und die Aufmerksamkeit der Administration binden.<\/p>\n<p>Die USA sind international auch deshalb in eine schwierige Lage geraten, weil vor allem die Glaubw\u00fcrdigkeit ihrer Politik gelitten hat. Das Verhalten der USA in Zusammenhang mit der einseitigen K\u00fcndigung internationaler Abkommen (Atomwaffen, WHO, WTO) verst\u00e4rkte diese Tendenz. Ihre Fortsetzung f\u00fchrt unvermeidlich zu wachsenden Differenzen nicht nur innerhalb der NATO. Es verst\u00e4rkt bei wichtigen Verb\u00fcndeten der USA den Willen, einen eigenst\u00e4ndigen Weg zu gehen. Vor allem die\u00a0 Interessen zwischen den USA und den wichtigsten EU-M\u00e4chten driften auseinander. Spaltungseffekte in die EU hinein, die sich aus der unterschiedlichen Haltung der einzelnen Mitgliedstaaten zu den USA ergeben, sind nicht zu \u00fcbersehen. Das betrifft vor allem das Verh\u00e4ltnis zwischen osteurop\u00e4ischen (ehemals sozialistischen) und den westeurop\u00e4ischen EU-Mitgliedern, die schon in der Zeit von Pr\u00e4sident Bush als \u201eneues\u201c und \u201ealtes\u201c Europa klassifiziert wurden.<\/p>\n<h5>China und Russland<\/h5>\n<p>Das Aufkommen der VR China und Russlands als Konkurrenten auf der internationalen B\u00fchne stellt die USA vor langfristig wirkende Bedingungen. Das hat einschneidende Auswirkungen sowohl auf die Innen- als auch auf die Au\u00dfenpolitik der USA. Angesichts der gleichzeitigen Krisen, die das kapitalistische System mit zunehmender Regelm\u00e4\u00dfigkeit ersch\u00fcttern, f\u00fchrt das dazu, dass die USA nicht mehr die konkurrenzlose wirtschaftliche, milit\u00e4rische und diplomatische Macht der Welt sind.<\/p>\n<p>Die Entwicklung des internationalen Kr\u00e4fteverh\u00e4ltnisses beg\u00fcnstigt das internationale Streben nach Multilateralit\u00e4t bei der L\u00f6sung internationaler Probleme und Konflikte. Der Widerspruch zwischen der Hegemonie-Politik der USA und den unter dem Einfluss der aufkommenden Volksrepublik China und Russlands entstehenden Struktur der internationalen Beziehungen d\u00fcrfte den Druck auf die USA-Au\u00dfenpolitik weiter erh\u00f6hen. Die Zw\u00e4nge, die daraus f\u00fcr die USA resultierenen, kann die Biden-Regierung nicht unber\u00fccksichtigt \u00a0lassen.<\/p>\n<h5>Verb\u00fcndete<\/h5>\n<p>Pr\u00e4sident Biden hat versprochen, die Au\u00dfenpolitik seines Landes neu auszurichten, die Beziehungen zu den Verb\u00fcndeten der USA zu normalisieren und in internationale Abkommen zur\u00fcckzukehren (Pariser Klimaabkommen, WTO, WHO). Laut \u201eForeign Affairs\u201c erkl\u00e4rte er auch, wie das geschehen soll. Die politische Agenda seiner Administration werde \u201edie Vereinigten Staaten wieder am Kopfende der Tafel platzieren\u201c, von wo aus sie f\u00fchren werden und zwar \u201enicht nur durch unsere beispielhafte Macht, sondern durch die Macht unseres Beispiels\u201c. Man wird sie aber \u201eumsichtiger\u201c und mit einem \u201efreundlichen Gesicht\u201c einsetzen \u2013 was an der Substanz aber nichts \u00e4ndert.<\/p>\n<p>Biden hat sich bisher \u00fcber die Frage Krieg und Frieden ausgeschwiegen. Die verschiedenen Betrachtungen in den NATO- und EU-Staaten vor und auch nach den Wahlen behandeln zwar einzelne Programme, wie zum Beispiel das Programm zur Bek\u00e4mpfung des Klimawandels oder das Verhalten zur NATO bzw. EU. Die Frage Krieg und Frieden geh\u00f6rt aber nicht dazu! Viel Gutes ist von einem solchen Verhalten nicht zu erwarten. Es weist nicht nur auf die Politik hin, sondern zeigt auch, wer die Herrschaft \u00fcber die Medien hat und welche Kreise die Politik von Biden zumindest tolerieren.<\/p>\n<p>Die Verk\u00fcndungen von Pr\u00e4sident Biden werden nicht an der Charta der Vereinten Nationen gemessen, die daf\u00fcr noch immer eine ausreichende Grundlage ist. Bemerkenswert ist in diesem Zusammenhang, das sich Biden sowohl im Wahlkampf als auch danach nicht von den Positionen der Demokraten distanziert hat, wie sie von Hillary Clinton bez\u00fcglich Syrien, Libyen, Ukraine und besonders Russland vertreten wurden. Daf\u00fcr lie\u00df er keinen Zweifel an seiner Haltung gegen\u00fcber China und Russland.<\/p>\n<p>Insgesamt ergibt sich ein Bild, das keine Zeit zum ruhigen Durchatmen und Nachdenken l\u00e4sst.<\/p>\n<ul>\n<li>Die bisherigen Stellungnahmen des gew\u00e4hlten Pr\u00e4sidenten Joe Biden pl\u00e4dieren eindeutig f\u00fcr eine Politik zur Sicherung und zum Ausbau der Vorherrschaft der USA;<\/li>\n<li>Frieden und Sicherheit der V\u00f6lker und gleichberechtigte Zusammenarbeit der Staaten spielen in den bisherigen konzeptionellen Vorstellungen der Regierung Biden so gut wie keine Rolle;<\/li>\n<li>die Au\u00dfenpolitik der USA beruht auf wachsender Instabilit\u00e4t der innenpolitischen Verh\u00e4ltnisse, die schwer zu kontrollieren sind und voller Unsicherheitsfaktoren und Widerspr\u00fcchen sind;<\/li>\n<li>die Au\u00dfenpolitik der USA wird von einem aggressiven Verhalten gegen\u00fcber der VR China und gegen\u00fcber Russland gepr\u00e4gt;<\/li>\n<li>die NATO und andere B\u00fcndnisse der kapitalistischen Welt werden von den Machtfaktoren in den USA als Instrumente zur Durchsetzung der Anspr\u00fcche der Vereinigten Staaten in der Welt behandelt,<\/li>\n<li>die au\u00dfenpolitischen Vorstellungen von Pr\u00e4sident Joe Biden widerspiegeln die Interessen eines wichtigen Teils der US-amerikanischen Monopole und Finanzoligarchie und lassen ein geschlossenes Konzept zur Friedenssicherung nicht erwarten.<\/li>\n<\/ul>\n<p style=\"text-align: right;\"><em>Prof. Dr. Anton Latzo ist Historiker und Mitglied des Beirats des Deutschen Freidenker-Verbandes<\/em><\/p>\n<hr \/>\n<p><span style=\"font-size: 10pt;\">Bild: <a href=\"https:\/\/pixabay.com\/de\/illustrations\/banner-header-flagge-adler-usa-1008448\/\" target=\"_blank\" rel=\"noopener noreferrer\">pixabay.com<\/a> \/ <a class=\"hover_opacity\" href=\"https:\/\/pixabay.com\/de\/users\/kalhh-86169\/\">kalhh<\/a> \/ <a href=\"https:\/\/pixabay.com\/de\/service\/license\/\">Pixabay License<\/a><\/span><\/p>\n","protected":false},"excerpt":{"rendered":"<p><b>Beitrag von Prof. Dr. Anton Latzo<\/b><br \/>\n\u201eMit Joe Biden wird es auch nicht besser\u201c, so Sergej Lawrow, der Au\u00dfenminister Russlands, kurz und b\u00fcndig. Biden hat seinerseits erkl\u00e4rt, dass er eine R\u00fcckkehr zur \u201eNormalit\u00e4t\u201c anstrebe. Diese soll laut USA-Pr\u00e4sident darin bestehen, dass die USA wieder bereit seien, die Welt anzuf\u00fchren.<br \/>\nDie Analyse der Entwicklung der USA und ihrer Politik sprechen nicht daf\u00fcr, dass eine Verbesserung im Sinne des Friedens und der gleichberechtigten Zusammenarbeit der Staaten auf der Grundlage der UNO-Charta sein wird. <\/p>\n","protected":false},"author":3,"featured_media":8973,"comment_status":"closed","ping_status":"closed","sticky":false,"template":"","format":"standard","meta":{"colormag_page_container_layout":"default_layout","colormag_page_sidebar_layout":"default_layout","advanced_seo_description":"","jetpack_seo_html_title":"","jetpack_seo_noindex":false,"jetpack_post_was_ever_published":false,"footnotes":""},"categories":[13],"tags":[699,1155,1332,124,185],"class_list":["post-8971","post","type-post","status-publish","format-standard","has-post-thumbnail","hentry","category-frieden-antifaschismus-solidaritaet","tag-aussenpolitik","tag-hegemonie","tag-joe-biden","tag-politik","tag-usa"],"jetpack_featured_media_url":"https:\/\/i0.wp.com\/www.freidenker.org\/fw17\/wp-content\/uploads\/2020\/12\/usa_adler_1008448_800x450.jpg?fit=800%2C450&ssl=1","jetpack_shortlink":"https:\/\/wp.me\/p9stpK-2kH","jetpack-related-posts":[{"id":9407,"url":"https:\/\/www.freidenker.org\/?p=9407","url_meta":{"origin":8971,"position":0},"title":"Auch mit Joe Biden: Osteuropa bleibt im Visier der USA","author":"Webredaktion","date":"24. Januar 2021","format":false,"excerpt":"Beitrag von Prof. Dr. Anton Latzo Die au\u00dfenpolitische Praxis der USA nach dem zweiten Weltkrieg, einschlie\u00dflich der von Pr\u00e4sident Barack Obama und seinem Vize Joe Biden gef\u00fchrten Regierung, hat eine hegemoniale Politik verfolgt. Die USA haben sich von dem von Zbigniew Brzezinski formulierten Ziel, die \"einzige\" und sogar die \"letzte\"\u2026","rel":"","context":"In &quot;Frieden - Antifaschismus - Solidarit\u00e4t&quot;","block_context":{"text":"Frieden - Antifaschismus - Solidarit\u00e4t","link":"https:\/\/www.freidenker.org\/?cat=13"},"img":{"alt_text":"","src":"https:\/\/i0.wp.com\/www.freidenker.org\/fw17\/wp-content\/uploads\/2021\/01\/usa_osteuropa.jpg?fit=800%2C450&ssl=1&resize=350%2C200","width":350,"height":200,"srcset":"https:\/\/i0.wp.com\/www.freidenker.org\/fw17\/wp-content\/uploads\/2021\/01\/usa_osteuropa.jpg?fit=800%2C450&ssl=1&resize=350%2C200 1x, https:\/\/i0.wp.com\/www.freidenker.org\/fw17\/wp-content\/uploads\/2021\/01\/usa_osteuropa.jpg?fit=800%2C450&ssl=1&resize=525%2C300 1.5x, https:\/\/i0.wp.com\/www.freidenker.org\/fw17\/wp-content\/uploads\/2021\/01\/usa_osteuropa.jpg?fit=800%2C450&ssl=1&resize=700%2C400 2x"},"classes":[]},{"id":9626,"url":"https:\/\/www.freidenker.org\/?p=9626","url_meta":{"origin":8971,"position":1},"title":"Im Kampf um die Vorherrschaft: Biden zeigt lachend die Z\u00e4hne","author":"Webredaktion","date":"24. Februar 2021","format":false,"excerpt":"Beitrag von Prof. Dr. Anton Latzo Es geht im Verh\u00e4ltnis USA-Russland um die Behauptung der USA als Hegemonialmacht, wozu das Verf\u00fcgen \u00fcber das eurasische Kernland von zentraler Bedeutung ist. Laut Z. Brzezi\u0144ski, dessen Rat die US-amerikanische Au\u00dfenpolitik seit Jahrzehnten befolgt, geht es um \"das Schachbrett, auf dem der Kampf um\u2026","rel":"","context":"In &quot;Frieden - Antifaschismus - Solidarit\u00e4t&quot;","block_context":{"text":"Frieden - Antifaschismus - Solidarit\u00e4t","link":"https:\/\/www.freidenker.org\/?cat=13"},"img":{"alt_text":"","src":"https:\/\/i0.wp.com\/www.freidenker.org\/fw17\/wp-content\/uploads\/2021\/02\/biden-5837244_800x450.jpg?fit=800%2C450&ssl=1&resize=350%2C200","width":350,"height":200,"srcset":"https:\/\/i0.wp.com\/www.freidenker.org\/fw17\/wp-content\/uploads\/2021\/02\/biden-5837244_800x450.jpg?fit=800%2C450&ssl=1&resize=350%2C200 1x, https:\/\/i0.wp.com\/www.freidenker.org\/fw17\/wp-content\/uploads\/2021\/02\/biden-5837244_800x450.jpg?fit=800%2C450&ssl=1&resize=525%2C300 1.5x, https:\/\/i0.wp.com\/www.freidenker.org\/fw17\/wp-content\/uploads\/2021\/02\/biden-5837244_800x450.jpg?fit=800%2C450&ssl=1&resize=700%2C400 2x"},"classes":[]},{"id":19922,"url":"https:\/\/www.freidenker.org\/?p=19922","url_meta":{"origin":8971,"position":2},"title":"Offener Brief an den Pr\u00e4sidenten der Vereinigten Staaten Joe Biden","author":"Webredaktion","date":"27. September 2024","format":false,"excerpt":"Offener Brief von Wolfgang Effenberger und Dr. Amir Mortasawi (25. September 2024) Sehr geehrter Herr Pr\u00e4sident! Wir sind gespannt auf Ihren f\u00fcr den 10. Oktober 2024 geplanten Besuch in Deutschland und hoffen inst\u00e4ndig, dass Sie mit 81 Jahren, nach Ihrer \u00fcber 50-j\u00e4hrigen politischen T\u00e4tigkeit und am Ende Ihrer Amtszeit als\u2026","rel":"","context":"In &quot;Demokratie \u2013 Medien \u2013 Aufkl\u00e4rung&quot;","block_context":{"text":"Demokratie \u2013 Medien \u2013 Aufkl\u00e4rung","link":"https:\/\/www.freidenker.org\/?cat=12"},"img":{"alt_text":"","src":"https:\/\/i0.wp.com\/www.freidenker.org\/fw17\/wp-content\/uploads\/2024\/09\/biden_P20240919AS-0842_800x450.jpg?fit=800%2C450&ssl=1&resize=350%2C200","width":350,"height":200,"srcset":"https:\/\/i0.wp.com\/www.freidenker.org\/fw17\/wp-content\/uploads\/2024\/09\/biden_P20240919AS-0842_800x450.jpg?fit=800%2C450&ssl=1&resize=350%2C200 1x, https:\/\/i0.wp.com\/www.freidenker.org\/fw17\/wp-content\/uploads\/2024\/09\/biden_P20240919AS-0842_800x450.jpg?fit=800%2C450&ssl=1&resize=525%2C300 1.5x, https:\/\/i0.wp.com\/www.freidenker.org\/fw17\/wp-content\/uploads\/2024\/09\/biden_P20240919AS-0842_800x450.jpg?fit=800%2C450&ssl=1&resize=700%2C400 2x"},"classes":[]},{"id":8934,"url":"https:\/\/www.freidenker.org\/?p=8934","url_meta":{"origin":8971,"position":3},"title":"Biden-Administration hei\u00dft mehr Aggressionen","author":"Webredaktion","date":"30. November 2020","format":false,"excerpt":"Interview mit Christopher Black, Mitglied der Weltunion der Freidenker Ich erwarte, dass die Biden-Administration, wenn sie ihr Amt antritt, die gleiche aggressive Politik fortsetzt, die die USA seit Generationen verfolgt, wo immer sie ihre Interessen sieht, d.h. ihren Zugang zu M\u00e4rkten und Ressourcen, herausgefordert durch den Wettbewerb mit anderen Nationen,\u2026","rel":"","context":"In &quot;Frieden - Antifaschismus - Solidarit\u00e4t&quot;","block_context":{"text":"Frieden - Antifaschismus - Solidarit\u00e4t","link":"https:\/\/www.freidenker.org\/?cat=13"},"img":{"alt_text":"","src":"https:\/\/i0.wp.com\/www.freidenker.org\/fw17\/wp-content\/uploads\/2020\/11\/Joe_Biden_49405107506_800x450.jpg?fit=800%2C450&ssl=1&resize=350%2C200","width":350,"height":200,"srcset":"https:\/\/i0.wp.com\/www.freidenker.org\/fw17\/wp-content\/uploads\/2020\/11\/Joe_Biden_49405107506_800x450.jpg?fit=800%2C450&ssl=1&resize=350%2C200 1x, https:\/\/i0.wp.com\/www.freidenker.org\/fw17\/wp-content\/uploads\/2020\/11\/Joe_Biden_49405107506_800x450.jpg?fit=800%2C450&ssl=1&resize=525%2C300 1.5x, https:\/\/i0.wp.com\/www.freidenker.org\/fw17\/wp-content\/uploads\/2020\/11\/Joe_Biden_49405107506_800x450.jpg?fit=800%2C450&ssl=1&resize=700%2C400 2x"},"classes":[]},{"id":19620,"url":"https:\/\/www.freidenker.org\/?p=19620","url_meta":{"origin":8971,"position":4},"title":"Bidens gro\u00dfe Rede kollidiert mit der Realit\u00e4t","author":"Webredaktion","date":"2. August 2024","format":false,"excerpt":"Beitrag von Rainer Rupp Inmitten der politischen Turbulenzen und internationalen Spannungen stand Pr\u00e4sident Joe Biden k\u00fcrzlich im Rampenlicht und meldete sich mit einer bemerkenswerten Rede Mitte der Woche vom Wahlkampf 2024 ab. [...] Bidens Rede, die er ganz bestimmt nicht selbst geschrieben hat, sondern ein Produkt der pr\u00e4sidialen Puppenspieler im\u2026","rel":"","context":"In &quot;Demokratie \u2013 Medien \u2013 Aufkl\u00e4rung&quot;","block_context":{"text":"Demokratie \u2013 Medien \u2013 Aufkl\u00e4rung","link":"https:\/\/www.freidenker.org\/?cat=12"},"img":{"alt_text":"","src":"https:\/\/i0.wp.com\/www.freidenker.org\/fw17\/wp-content\/uploads\/2024\/08\/President_Joe_Biden_meets_with_Prime_Minister_Benjamin_Netanyahu_800x450.jpg?fit=800%2C450&ssl=1&resize=350%2C200","width":350,"height":200,"srcset":"https:\/\/i0.wp.com\/www.freidenker.org\/fw17\/wp-content\/uploads\/2024\/08\/President_Joe_Biden_meets_with_Prime_Minister_Benjamin_Netanyahu_800x450.jpg?fit=800%2C450&ssl=1&resize=350%2C200 1x, https:\/\/i0.wp.com\/www.freidenker.org\/fw17\/wp-content\/uploads\/2024\/08\/President_Joe_Biden_meets_with_Prime_Minister_Benjamin_Netanyahu_800x450.jpg?fit=800%2C450&ssl=1&resize=525%2C300 1.5x, https:\/\/i0.wp.com\/www.freidenker.org\/fw17\/wp-content\/uploads\/2024\/08\/President_Joe_Biden_meets_with_Prime_Minister_Benjamin_Netanyahu_800x450.jpg?fit=800%2C450&ssl=1&resize=700%2C400 2x"},"classes":[]},{"id":8894,"url":"https:\/\/www.freidenker.org\/?p=8894","url_meta":{"origin":8971,"position":5},"title":"Eine Alternative zum westlichen Neoliberalismus","author":"Webredaktion","date":"15. November 2020","format":false,"excerpt":"Ein Kommentar von Rainer Rupp. Bis zum 14. Dezember 2020, der Tag, an dem die Wahlm\u00e4nner der US-Bundesstaaten sich zum Electoral College versammeln und den US-Pr\u00e4sidenten f\u00fcr die n\u00e4chsten 4 Jahre w\u00e4hlen, sind es noch \u00fcber vier Wochen hin. Bis zu dem Zeitpunkt ist Joe Biden noch nicht Pr\u00e4sident, auch\u2026","rel":"","context":"In &quot;Demokratie \u2013 Medien \u2013 Aufkl\u00e4rung&quot;","block_context":{"text":"Demokratie \u2013 Medien \u2013 Aufkl\u00e4rung","link":"https:\/\/www.freidenker.org\/?cat=12"},"img":{"alt_text":"","src":"https:\/\/i0.wp.com\/www.freidenker.org\/fw17\/wp-content\/uploads\/2020\/11\/Putin_und_Jinping_800x450.jpg?fit=800%2C450&ssl=1&resize=350%2C200","width":350,"height":200,"srcset":"https:\/\/i0.wp.com\/www.freidenker.org\/fw17\/wp-content\/uploads\/2020\/11\/Putin_und_Jinping_800x450.jpg?fit=800%2C450&ssl=1&resize=350%2C200 1x, https:\/\/i0.wp.com\/www.freidenker.org\/fw17\/wp-content\/uploads\/2020\/11\/Putin_und_Jinping_800x450.jpg?fit=800%2C450&ssl=1&resize=525%2C300 1.5x, https:\/\/i0.wp.com\/www.freidenker.org\/fw17\/wp-content\/uploads\/2020\/11\/Putin_und_Jinping_800x450.jpg?fit=800%2C450&ssl=1&resize=700%2C400 2x"},"classes":[]}],"_links":{"self":[{"href":"https:\/\/www.freidenker.org\/index.php?rest_route=\/wp\/v2\/posts\/8971","targetHints":{"allow":["GET"]}}],"collection":[{"href":"https:\/\/www.freidenker.org\/index.php?rest_route=\/wp\/v2\/posts"}],"about":[{"href":"https:\/\/www.freidenker.org\/index.php?rest_route=\/wp\/v2\/types\/post"}],"author":[{"embeddable":true,"href":"https:\/\/www.freidenker.org\/index.php?rest_route=\/wp\/v2\/users\/3"}],"replies":[{"embeddable":true,"href":"https:\/\/www.freidenker.org\/index.php?rest_route=%2Fwp%2Fv2%2Fcomments&post=8971"}],"version-history":[{"count":0,"href":"https:\/\/www.freidenker.org\/index.php?rest_route=\/wp\/v2\/posts\/8971\/revisions"}],"wp:featuredmedia":[{"embeddable":true,"href":"https:\/\/www.freidenker.org\/index.php?rest_route=\/wp\/v2\/media\/8973"}],"wp:attachment":[{"href":"https:\/\/www.freidenker.org\/index.php?rest_route=%2Fwp%2Fv2%2Fmedia&parent=8971"}],"wp:term":[{"taxonomy":"category","embeddable":true,"href":"https:\/\/www.freidenker.org\/index.php?rest_route=%2Fwp%2Fv2%2Fcategories&post=8971"},{"taxonomy":"post_tag","embeddable":true,"href":"https:\/\/www.freidenker.org\/index.php?rest_route=%2Fwp%2Fv2%2Ftags&post=8971"}],"curies":[{"name":"wp","href":"https:\/\/api.w.org\/{rel}","templated":true}]}}