{"id":8967,"date":"2020-12-07T23:58:17","date_gmt":"2020-12-07T22:58:17","guid":{"rendered":"https:\/\/www.freidenker.org\/?p=8967"},"modified":"2021-01-11T21:10:21","modified_gmt":"2021-01-11T20:10:21","slug":"petition-menschenrechtspreis-fuer-die-medizinische-brigade-henry-reeve","status":"publish","type":"post","link":"https:\/\/www.freidenker.org\/?p=8967","title":{"rendered":"Petition: Menschenrechtspreis f\u00fcr die &#8222;Medizinische Brigade Henry Reeve&#8220;"},"content":{"rendered":"<p>In folgender Petition wird vorgeschlagen, den <strong>Internationalen N\u00fcrnberger Menschenrechtspreis<\/strong> an die <strong>Medizinische Brigade Henry Reeve<\/strong> aus Kuba zu vergeben. Diesen Vorschlag unterst\u00fctzen u.a. N\u00fcrnberger Freidenker.<\/p>\n<p>Die Petition kann hier unterzeichnet werden: <a href=\"https:\/\/www.change.org\/p\/oberb%C3%BCrgermeister-marcus-k%C3%B6nig-stadt-n%C3%BCrnberg-menschenrechtspreis-der-stadt-n%C3%BCrnberg-f%C3%BCr-die-medizinische-brigade-henry-reeve\" target=\"_blank\" rel=\"noopener noreferrer\">Petition auf change.org<\/a><\/p>\n<hr \/>\n<h5>Petition<\/h5>\n<p>Die internationale medizinische \u00c4rztebrigade genannt Henry Reeve aus Kuba \u2013 Warum ist Sie wohlverdiente Kandidatin f\u00fcr die Verleihung des Menschenrechtspreises\u00a0 der Stadt N\u00fcrnberg ?!<\/p>\n<p>W\u00e4hrend die Covid-19-Pandemie die Welt in Atem h\u00e4lt und keine nationalen Grenzen kennt, derweil Gesundheitssysteme an ihre Kapazit\u00e4tsgrenzen sto\u00dfen, gibt ein Inselstaat in der Karibik Anlass zur Hoffnung und Nachahmung. \u00c4rzte und medizinisches Personal aus Kuba werden von immer mehr Staaten um Hilfe gebeten. Die kubanische \u201eHenry Reeve International Medical Brigade\u201c ist derzeit mit 26 Arbeitsgruppen in 24 L\u00e4ndern gegen das Virus im Einsatz. Egal ob Andorra, Nicaragua, Honduras, Mosambik oder Italien.<\/p>\n<p>Es sind \u00fcber 1.500 \u00c4rzte, Krankenschwestern und Techniker aus kubanischen Brigaden in verschiedenen L\u00e4ndern &#8211; zum ersten Mal auch in Europa. Sie schreiben in diesen Zeiten von COVID -19 Seiten der Solidarit\u00e4t und des Altruismus, welche den Aufruf und die Verfechtung der Verleihung dieser angesehenen Auszeichnung schon fast bedingen. Dieser Preis ist Einzelpersonen oder Gruppen geschuldet, welche sich in vorbildlicher Weise und unter hohem pers\u00f6nlichem Risiko f\u00fcr die Wahrung der Menschenrechte einsetzen.<\/p>\n<p>Italien bat die internationale Gemeinschaft um Hilfe Als erstes Land bot Kuba seine Hilfe an und entsendete \u00c4rzte und Krankenpflegerinnen in die vom Coronavirus bedrohte Lombardei in Norditalien, um dort im Auftrag des kubanischen Gesundheitsministeriums zu helfen. In Turin im norditalienischen Piemont landeten weitere Mediziner der Brigade. Dieses Kontingent von medizinischem Personal das auf Katastrophensituationen und schwere Epidemien spezialisiert und ausgebildet ist, handelt unter hohem selbstlosem pers\u00f6nlichem Risiko ganz nach dem Motto: \u201eWir teilen nicht was wir \u00fcbrig haben, sondern wir teilen was wir haben, auch wenn wir dabei unser eigenes Leben riskieren.\u201c Diese gelebte Solidarit\u00e4t begr\u00fcndet sich auf gegenseitiger Hilfe und Zusammenarbeit zwischen den V\u00f6lkern und Nationen, ungeachtet der Unterschiede zwischen ihren politischen, wirtschaftlichen und sozialen Systemen oder ihrem Entwicklungsstand. Sie gr\u00fcndet auf Toleranz, die Achtung ihrer Traditionen und Ihrer Kultur und die F\u00f6rderung des Friedens.<\/p>\n<p>Seit seiner Gr\u00fcndung im Jahr 2005 hat die Henry Reeve Brigade Tausende von Leben in von Erdbeben, Hurrikanen, \u00dcberschwemmungen und Epidemien heimgesuchten Gebieten Afrikas, Lateinamerikas, der Karibik und Asiens behandelt. Jetzt kommt auch noch Europa hinzu. In Zahlen ausgedr\u00fcckt haben bis August 2020 mehr als 9000 medizinisch qualifizierte Kubaner in 46 Nationen \u00fcber 4 Mio. Personen medizinisch behandelt. Dadurch wurden mehr als 89.000 Menschenleben gerettet.<\/p>\n<p>Eine weitere Brigade mit Intensivmedizinern, Epidemiologen und Krankenschwestern landete in Togo, um die Ausweitung der Covid-19 Pandemie in Afrika verst\u00e4rkt zu bek\u00e4mpfen. Kubanische \u00c4rzte trafen in Nicaragua mit nationalen Fachkr\u00e4ften zusammen um ihre Erfahrungen im Rahmen der Strategie der Pr\u00e4vention und Eind\u00e4mmung der globalen Pandemie durch Covid-19 auszutauschen.<\/p>\n<p>Kurz nach seiner Gr\u00fcndung 2005 gingen 688 medizinische Fachkr\u00e4fte nach Guatemala um der von den \u00dcberschwemmungen im Oktober 2005 betroffenen Bev\u00f6lkerung zu helfen. Sie besuchten mehr als 477.000 Menschen und retteten mehr als 1.300 Leben.<\/p>\n<p>Es waren 40 kubanischen \u00c4rzte, die im M\u00e4rz 2019 nach Mosambik geflogen waren, um der Bev\u00f6lkerung nach dem Durchzug des Hurrikan qualifizierte Hilfe zukommen zu lassen.<\/p>\n<p>Die Brigade half z. B. 2005 im pakistanischen Kaschmir, das von einem schweren Erdbeben ersch\u00fcttert wurde. 2014-2015 waren mehr als 400 \u00c4rzte und Gesundheitsspezialisten gegen die Ebola-Pandemie in Westafrika im Einsatz.<\/p>\n<p>Es gab unter anderem Behandlungen ab M\u00e4rz 1990 von Kindern, die von dem schweren Unfall im Kernkraftwerk Tschernobyl in der Ukraine betroffen waren und nach Kuba ausgeflogen wurden. Brasilien hat Kuba parallel zum Tschernobyl-Programm die Behandlung einer gro\u00dfen Gruppe von Kindern anvertraut, die ebenfalls von einem radioaktiven Unfall betroffen waren. Dank der Professionalit\u00e4t und Erfahrung der \u00c4rzte und des medizinischen Personals wurden diese von ihren durch Radioaktivit\u00e4t verursachten Krankheiten geheilt.<\/p>\n<p>Die Brigade Henry Reeve ist Teil des kubanischen Gesundheitssystems, das bisher mehr medizinisches Fachpersonal ins Ausland entsandt hat als die gesamte Weltgesundheitsorganisation. Allein 2019 waren es 28.000 kubanische Gesundheitshelfer in 61 L\u00e4ndern. Die Teilnahme ist und bleibt auf freiwilliger Basis.<\/p>\n<p>Diese zahlreichen aktuellen und historischen Fakten begr\u00fcnden die Petition den N\u00fcrnberger Menschenrechtspreis der Henry Reeve Brigade zu verleihen. Diese humanistische und weitreichende Geste w\u00fcrde die kubanische Medizin als Ganzes in Anerkennung ihrer immer solidarischen, internationalistischen Dienste an der menschlichen Gesundheit, verdienen.<\/p>\n<p>\u201eWir\u201c als Zusammenschluss von Einzelpersonen, \u00fcber Kubaurlauber bis zu Organisationen wie Netzwerk Kuba, Cuba S\u00ed , Die Linke sowie der Freundschaftsgesellschaft BRD-Kuba und viele andere, wollen der Petition zur Verleihung des Menschenrechtspreises den n\u00f6tigen Ehrerbieten Nachdruck verleihen, damit er im Jahre 2021 in H\u00e4nde derer gereicht wird welche sich l\u00e4ngst und in ungez\u00e4hlter Weise f\u00fcr ihn verdient gemacht haben. Das menschliche Recht auf Gesundheit sollte auch als gesundes Menschrecht erhalten und gepflegt werden.<\/p>\n<p>&nbsp;<\/p>\n<p><span style=\"font-size: 10pt;\">Link zur Petition: <a href=\"https:\/\/www.change.org\/p\/oberb%C3%BCrgermeister-marcus-k%C3%B6nig-stadt-n%C3%BCrnberg-menschenrechtspreis-der-stadt-n%C3%BCrnberg-f%C3%BCr-die-medizinische-brigade-henry-reeve\" target=\"_blank\" rel=\"noopener noreferrer\">https:\/\/www.change.org\/p\/oberb%C3%BCrgermeister-marcus-k%C3%B6nig-stadt-n%C3%BCrnberg-menschenrechtspreis-der-stadt-n%C3%BCrnberg-f%C3%BCr-die-medizinische-brigade-henry-reeve<\/a><\/span><\/p>\n<hr \/>\n<p>Beachtet auch folgende Videos \u00fcber die medizinische Brigade Henry Reeve:<\/p>\n<p><img data-recalc-dims=\"1\" loading=\"lazy\" decoding=\"async\" data-attachment-id=\"5429\" data-permalink=\"https:\/\/www.freidenker.org\/?attachment_id=5429\" data-orig-file=\"https:\/\/i0.wp.com\/www.freidenker.org\/fw17\/wp-content\/uploads\/2018\/09\/video_icon_24x24.jpg?fit=24%2C24&amp;ssl=1\" data-orig-size=\"24,24\" data-comments-opened=\"0\" data-image-meta=\"{&quot;aperture&quot;:&quot;0&quot;,&quot;credit&quot;:&quot;&quot;,&quot;camera&quot;:&quot;&quot;,&quot;caption&quot;:&quot;&quot;,&quot;created_timestamp&quot;:&quot;0&quot;,&quot;copyright&quot;:&quot;&quot;,&quot;focal_length&quot;:&quot;0&quot;,&quot;iso&quot;:&quot;0&quot;,&quot;shutter_speed&quot;:&quot;0&quot;,&quot;title&quot;:&quot;&quot;,&quot;orientation&quot;:&quot;1&quot;}\" data-image-title=\"video_icon_24x24\" data-image-description=\"\" data-image-caption=\"\" data-large-file=\"https:\/\/i0.wp.com\/www.freidenker.org\/fw17\/wp-content\/uploads\/2018\/09\/video_icon_24x24.jpg?fit=24%2C24&amp;ssl=1\" class=\"alignnone size-full wp-image-5429\" src=\"https:\/\/i0.wp.com\/www.freidenker.org\/fw17\/wp-content\/uploads\/2018\/09\/video_icon_24x24.jpg?resize=24%2C24&#038;ssl=1\" alt=\"\" width=\"24\" height=\"24\" \/>\u00a0 <a href=\"https:\/\/youtu.be\/F7NyAJrO1Uw\" target=\"_blank\" rel=\"nofollow noopener noreferrer\">https:\/\/youtu.be\/F7NyAJrO1Uw<\/a> (spanisch) und<\/p>\n<p><img data-recalc-dims=\"1\" loading=\"lazy\" decoding=\"async\" data-attachment-id=\"5429\" data-permalink=\"https:\/\/www.freidenker.org\/?attachment_id=5429\" data-orig-file=\"https:\/\/i0.wp.com\/www.freidenker.org\/fw17\/wp-content\/uploads\/2018\/09\/video_icon_24x24.jpg?fit=24%2C24&amp;ssl=1\" data-orig-size=\"24,24\" data-comments-opened=\"0\" data-image-meta=\"{&quot;aperture&quot;:&quot;0&quot;,&quot;credit&quot;:&quot;&quot;,&quot;camera&quot;:&quot;&quot;,&quot;caption&quot;:&quot;&quot;,&quot;created_timestamp&quot;:&quot;0&quot;,&quot;copyright&quot;:&quot;&quot;,&quot;focal_length&quot;:&quot;0&quot;,&quot;iso&quot;:&quot;0&quot;,&quot;shutter_speed&quot;:&quot;0&quot;,&quot;title&quot;:&quot;&quot;,&quot;orientation&quot;:&quot;1&quot;}\" data-image-title=\"video_icon_24x24\" data-image-description=\"\" data-image-caption=\"\" data-large-file=\"https:\/\/i0.wp.com\/www.freidenker.org\/fw17\/wp-content\/uploads\/2018\/09\/video_icon_24x24.jpg?fit=24%2C24&amp;ssl=1\" class=\"alignnone size-full wp-image-5429\" src=\"https:\/\/i0.wp.com\/www.freidenker.org\/fw17\/wp-content\/uploads\/2018\/09\/video_icon_24x24.jpg?resize=24%2C24&#038;ssl=1\" alt=\"\" width=\"24\" height=\"24\" \/>\u00a0 <a href=\"https:\/\/youtu.be\/_pNBp0n08ak\" target=\"_blank\" rel=\"nofollow noopener noreferrer\">https:\/\/youtu.be\/_pNBp0n08ak<\/a> (spanisch mit englischen Untertiteln)<\/p>\n<hr \/>\n<p>&nbsp;<\/p>\n","protected":false},"excerpt":{"rendered":"<p><b>In folgender Petition wird vorgeschlagen, den Internationalen N\u00fcrnberger Menschenrechtspreis an die Medizinische Brigade Henry Reeve aus Kuba zu vergeben.<\/b><br \/>\nW\u00e4hrend die Covid-19-Pandemie die Welt in Atem h\u00e4lt und keine nationalen Grenzen kennt, derweil Gesundheitssysteme an ihre Kapazit\u00e4tsgrenzen sto\u00dfen, gibt ein Inselstaat in der Karibik Anlass zur Hoffnung und Nachahmung. \u00c4rzte und medizinisches Personal aus Kuba werden von immer mehr Staaten um Hilfe gebeten. Die kubanische \u201eHenry Reeve International Medical Brigade\u201c ist derzeit mit 26 Arbeitsgruppen in 24 L\u00e4ndern gegen das Virus im Einsatz. Egal ob Andorra, Nicaragua, Honduras, Mosambik oder Italien.<\/p>\n","protected":false},"author":3,"featured_media":8969,"comment_status":"closed","ping_status":"closed","sticky":false,"template":"","format":"standard","meta":{"colormag_page_container_layout":"default_layout","colormag_page_sidebar_layout":"default_layout","advanced_seo_description":"","jetpack_seo_html_title":"","jetpack_seo_noindex":false,"jetpack_post_was_ever_published":false,"footnotes":""},"categories":[13],"tags":[1256,742,1069,392,386],"class_list":["post-8967","post","type-post","status-publish","format-standard","has-post-thumbnail","hentry","category-frieden-antifaschismus-solidaritaet","tag-corona-virus","tag-internationale-solidaritaet","tag-katastrophe","tag-kuba","tag-medizin"],"jetpack_featured_media_url":"https:\/\/i0.wp.com\/www.freidenker.org\/fw17\/wp-content\/uploads\/2020\/12\/Brigade_Henry_Reeve.jpg?fit=800%2C450&ssl=1","jetpack_shortlink":"https:\/\/wp.me\/p9stpK-2kD","jetpack-related-posts":[{"id":13078,"url":"https:\/\/www.freidenker.org\/?p=13078","url_meta":{"origin":8967,"position":0},"title":"Neues aus Cuba &#8211; Menschlichkeit trotz Wirtschaftskrieg","author":"Webredaktion","date":"10. Mai 2022","format":false,"excerpt":"Veranstaltung\u00a0mit der kubanischen Botschafterin Juana Martinez Gonzales Freitag, 13.05.2022, 19.30 Uhr \/ Villa Leon, Philipp-Koerber-Weg 1, 90439 N\u00fcrnberg Im Januar 2022 verabschiedete sich Ramon Ripoll Diaz, der 4 Jahre lang als Botschafter sein Land Cuba in Berlin vertrat. Beim Abschied rief er zum Kampf gegen die seit mehr als 60\u2026","rel":"","context":"In &quot;Frieden - Antifaschismus - Solidarit\u00e4t&quot;","block_context":{"text":"Frieden - Antifaschismus - Solidarit\u00e4t","link":"https:\/\/www.freidenker.org\/?cat=13"},"img":{"alt_text":"","src":"https:\/\/i0.wp.com\/www.freidenker.org\/fw17\/wp-content\/uploads\/2022\/05\/Cuba_unblock_800x450.jpg?fit=800%2C450&ssl=1&resize=350%2C200","width":350,"height":200,"srcset":"https:\/\/i0.wp.com\/www.freidenker.org\/fw17\/wp-content\/uploads\/2022\/05\/Cuba_unblock_800x450.jpg?fit=800%2C450&ssl=1&resize=350%2C200 1x, https:\/\/i0.wp.com\/www.freidenker.org\/fw17\/wp-content\/uploads\/2022\/05\/Cuba_unblock_800x450.jpg?fit=800%2C450&ssl=1&resize=525%2C300 1.5x, https:\/\/i0.wp.com\/www.freidenker.org\/fw17\/wp-content\/uploads\/2022\/05\/Cuba_unblock_800x450.jpg?fit=800%2C450&ssl=1&resize=700%2C400 2x"},"classes":[]},{"id":10773,"url":"https:\/\/www.freidenker.org\/?p=10773","url_meta":{"origin":8967,"position":1},"title":"Rettet das Leben von Alex Saab!","author":"Webredaktion","date":"8. Juli 2021","format":false,"excerpt":"Das International Action Center hat einen Aufruf zur Freilassung des venezolanischen Diplomaten Alex Saab ver\u00f6ffentlicht. Saab wird seit einem Jahr auf Veranlassung der USA in Cabo Verde festgehalten. Es besteht die M\u00f6glichkeit online eine entsprechende Petition zu unterzeichnen. Wir ver\u00f6ffentlichen hier den Text des Aufrufes. .... Saab, ein venezolanischer Diplomat\u2026","rel":"","context":"In &quot;Frieden - Antifaschismus - Solidarit\u00e4t&quot;","block_context":{"text":"Frieden - Antifaschismus - Solidarit\u00e4t","link":"https:\/\/www.freidenker.org\/?cat=13"},"img":{"alt_text":"","src":"https:\/\/i0.wp.com\/www.freidenker.org\/fw17\/wp-content\/uploads\/2021\/07\/alex_saab_800x450.jpg?fit=800%2C450&ssl=1&resize=350%2C200","width":350,"height":200,"srcset":"https:\/\/i0.wp.com\/www.freidenker.org\/fw17\/wp-content\/uploads\/2021\/07\/alex_saab_800x450.jpg?fit=800%2C450&ssl=1&resize=350%2C200 1x, https:\/\/i0.wp.com\/www.freidenker.org\/fw17\/wp-content\/uploads\/2021\/07\/alex_saab_800x450.jpg?fit=800%2C450&ssl=1&resize=525%2C300 1.5x, https:\/\/i0.wp.com\/www.freidenker.org\/fw17\/wp-content\/uploads\/2021\/07\/alex_saab_800x450.jpg?fit=800%2C450&ssl=1&resize=700%2C400 2x"},"classes":[]},{"id":3216,"url":"https:\/\/www.freidenker.org\/?p=3216","url_meta":{"origin":8967,"position":2},"title":"Online-Petition gegen die Todesstrafe","author":"Webredaktion","date":"20. Januar 2010","format":false,"excerpt":"Aufruf an alle Freidenker eine Online-Petition gegen die Todesstrafe zu unterzeichnen Aus der Petition: \"Wir, die Unterzeichner, ersuchen Sie hiermit, sich gegen die Todesstrafe f\u00fcr Mumia Abu-Jamal auszusprechen sowie gegen die Todesstrafe f\u00fcr viele M\u00e4nner, Frauen und Kinder \u00fcberall auf der Welt, die ihrer Hinrichtung entgegensehen. Diese h\u00f6chste Form der\u2026","rel":"","context":"In &quot;Frieden - Antifaschismus - Solidarit\u00e4t&quot;","block_context":{"text":"Frieden - Antifaschismus - Solidarit\u00e4t","link":"https:\/\/www.freidenker.org\/?cat=13"},"img":{"alt_text":"","src":"https:\/\/i0.wp.com\/www.freidenker.org\/fw17\/wp-content\/uploads\/2010\/01\/mumia-abu-jamal-152820_800x445.jpg?fit=800%2C445&ssl=1&resize=350%2C200","width":350,"height":200,"srcset":"https:\/\/i0.wp.com\/www.freidenker.org\/fw17\/wp-content\/uploads\/2010\/01\/mumia-abu-jamal-152820_800x445.jpg?fit=800%2C445&ssl=1&resize=350%2C200 1x, https:\/\/i0.wp.com\/www.freidenker.org\/fw17\/wp-content\/uploads\/2010\/01\/mumia-abu-jamal-152820_800x445.jpg?fit=800%2C445&ssl=1&resize=525%2C300 1.5x, https:\/\/i0.wp.com\/www.freidenker.org\/fw17\/wp-content\/uploads\/2010\/01\/mumia-abu-jamal-152820_800x445.jpg?fit=800%2C445&ssl=1&resize=700%2C400 2x"},"classes":[]},{"id":332,"url":"https:\/\/www.freidenker.org\/?p=332","url_meta":{"origin":8967,"position":3},"title":"Die Lage der Kinder in Kuba","author":"Webmaster","date":"17. September 2010","format":false,"excerpt":"Beitrag von Marion Leonhardt aus FREIDENKER 3-10 Das Wohl und die Entwicklung der Kinder und Jugendlichen sind inh\u00e4rente Ziele beim Aufbau der sozialistischen Gesellschaft in Kuba. Das hat weitreichende Konsequenzen f\u00fcr die Gesetzgebung, die Ressourcensteuerung sowie die politische und gesellschaftliche Praxis, insbesondere in den beiden zentralen Bereichen Gesundheit und Bildung.\u2026","rel":"","context":"In &quot;Arbeit &amp; Soziales&quot;","block_context":{"text":"Arbeit &amp; Soziales","link":"https:\/\/www.freidenker.org\/?cat=11"},"img":{"alt_text":"","src":"https:\/\/i0.wp.com\/www.freidenker.org\/fw17\/wp-content\/uploads\/2016\/07\/Kuba_Kinder.jpg?fit=800%2C445&ssl=1&resize=350%2C200","width":350,"height":200,"srcset":"https:\/\/i0.wp.com\/www.freidenker.org\/fw17\/wp-content\/uploads\/2016\/07\/Kuba_Kinder.jpg?fit=800%2C445&ssl=1&resize=350%2C200 1x, https:\/\/i0.wp.com\/www.freidenker.org\/fw17\/wp-content\/uploads\/2016\/07\/Kuba_Kinder.jpg?fit=800%2C445&ssl=1&resize=525%2C300 1.5x, https:\/\/i0.wp.com\/www.freidenker.org\/fw17\/wp-content\/uploads\/2016\/07\/Kuba_Kinder.jpg?fit=800%2C445&ssl=1&resize=700%2C400 2x"},"classes":[]},{"id":16989,"url":"https:\/\/www.freidenker.org\/?p=16989","url_meta":{"origin":8967,"position":4},"title":"Petition: Frieden schaffen ohne Waffen!","author":"Webredaktion","date":"19. September 2023","format":false,"excerpt":"Mitglieder und Freunde des Deutschen Freidenker-Verbandes sammeln Unterschriften f\u00fcr eine Petition, die wir nachfolgend dokumentieren. Einhaltung des Friedensgebots laut Grundgesetz und 2+4-Vertrag im Hinblick auf die Ukraine vom 02.07.2023 Text der Petition: Frieden schaffen ohne Waffen! Mit der Petition wird gefordert, der Deutsche Bundestag m\u00f6ge die Bundesregierung auffordern, das Friedensgebot,\u2026","rel":"","context":"In &quot;Frieden - Antifaschismus - Solidarit\u00e4t&quot;","block_context":{"text":"Frieden - Antifaschismus - Solidarit\u00e4t","link":"https:\/\/www.freidenker.org\/?cat=13"},"img":{"alt_text":"","src":"https:\/\/i0.wp.com\/www.freidenker.org\/fw17\/wp-content\/uploads\/2023\/09\/Adler_Tauben_800x450.jpg?fit=800%2C450&ssl=1&resize=350%2C200","width":350,"height":200,"srcset":"https:\/\/i0.wp.com\/www.freidenker.org\/fw17\/wp-content\/uploads\/2023\/09\/Adler_Tauben_800x450.jpg?fit=800%2C450&ssl=1&resize=350%2C200 1x, https:\/\/i0.wp.com\/www.freidenker.org\/fw17\/wp-content\/uploads\/2023\/09\/Adler_Tauben_800x450.jpg?fit=800%2C450&ssl=1&resize=525%2C300 1.5x, https:\/\/i0.wp.com\/www.freidenker.org\/fw17\/wp-content\/uploads\/2023\/09\/Adler_Tauben_800x450.jpg?fit=800%2C450&ssl=1&resize=700%2C400 2x"},"classes":[]},{"id":26,"url":"https:\/\/www.freidenker.org\/?p=26","url_meta":{"origin":8967,"position":5},"title":"Freidenker-Brief 4-2012: Verantwortungslos &#8211; Verhalten der Bundesregierung im Syrien-Konflikt","author":"Webmaster","date":"18. November 2012","format":false,"excerpt":"Eine Petition an den Deutschen Bundestag unter der laufenden Nummer 37867, die sich gegen das verantwortungslose Verhalten der Bundesregierung im gegenw\u00e4rtigen Syrienkonflikt richtet, kann demn\u00e4chst online unterst\u00fctzt werden. Die Petition ist eine Initiative des Deutschen Freidenker-Verbands und des Frankfurter Solidarit\u00e4tskomitees f\u00fcr Syrien. Auszug: \u201eWir erheben Beschwerde dagegen, dass der Bundesminister\u2026","rel":"","context":"In &quot;Freidenker-Brief&quot;","block_context":{"text":"Freidenker-Brief","link":"https:\/\/www.freidenker.org\/?cat=341"},"img":{"alt_text":"","src":"https:\/\/i0.wp.com\/www.freidenker.org\/fw17\/wp-content\/uploads\/2012\/11\/syria-1886425_800_445.jpg?fit=800%2C445&ssl=1&resize=350%2C200","width":350,"height":200,"srcset":"https:\/\/i0.wp.com\/www.freidenker.org\/fw17\/wp-content\/uploads\/2012\/11\/syria-1886425_800_445.jpg?fit=800%2C445&ssl=1&resize=350%2C200 1x, https:\/\/i0.wp.com\/www.freidenker.org\/fw17\/wp-content\/uploads\/2012\/11\/syria-1886425_800_445.jpg?fit=800%2C445&ssl=1&resize=525%2C300 1.5x, https:\/\/i0.wp.com\/www.freidenker.org\/fw17\/wp-content\/uploads\/2012\/11\/syria-1886425_800_445.jpg?fit=800%2C445&ssl=1&resize=700%2C400 2x"},"classes":[]}],"_links":{"self":[{"href":"https:\/\/www.freidenker.org\/index.php?rest_route=\/wp\/v2\/posts\/8967","targetHints":{"allow":["GET"]}}],"collection":[{"href":"https:\/\/www.freidenker.org\/index.php?rest_route=\/wp\/v2\/posts"}],"about":[{"href":"https:\/\/www.freidenker.org\/index.php?rest_route=\/wp\/v2\/types\/post"}],"author":[{"embeddable":true,"href":"https:\/\/www.freidenker.org\/index.php?rest_route=\/wp\/v2\/users\/3"}],"replies":[{"embeddable":true,"href":"https:\/\/www.freidenker.org\/index.php?rest_route=%2Fwp%2Fv2%2Fcomments&post=8967"}],"version-history":[{"count":0,"href":"https:\/\/www.freidenker.org\/index.php?rest_route=\/wp\/v2\/posts\/8967\/revisions"}],"wp:featuredmedia":[{"embeddable":true,"href":"https:\/\/www.freidenker.org\/index.php?rest_route=\/wp\/v2\/media\/8969"}],"wp:attachment":[{"href":"https:\/\/www.freidenker.org\/index.php?rest_route=%2Fwp%2Fv2%2Fmedia&parent=8967"}],"wp:term":[{"taxonomy":"category","embeddable":true,"href":"https:\/\/www.freidenker.org\/index.php?rest_route=%2Fwp%2Fv2%2Fcategories&post=8967"},{"taxonomy":"post_tag","embeddable":true,"href":"https:\/\/www.freidenker.org\/index.php?rest_route=%2Fwp%2Fv2%2Ftags&post=8967"}],"curies":[{"name":"wp","href":"https:\/\/api.w.org\/{rel}","templated":true}]}}