{"id":8949,"date":"2020-12-05T02:27:42","date_gmt":"2020-12-05T01:27:42","guid":{"rendered":"https:\/\/www.freidenker.org\/?p=8949"},"modified":"2021-01-11T21:10:38","modified_gmt":"2021-01-11T20:10:38","slug":"meinungsfreiheit-staerken-strafrecht-modernisieren","status":"publish","type":"post","link":"https:\/\/www.freidenker.org\/?p=8949","title":{"rendered":"Meinungsfreiheit st\u00e4rken, Strafrecht modernisieren"},"content":{"rendered":"<h5 class=\"title\">KORSO fordert die Abschaffung des Blasphemieparagraphen<\/h5>\n<p class=\"postTitle\"><strong>Stellungnahme des Koordinierungsrats s\u00e4kularer Organisationen KORSO e.V.<br \/>\n<\/strong><\/p>\n<p>Im Oktober 2020 hat Markus Gr\u00fcbel MdB (CDU), Beauftragter der Bundesregierung f\u00fcr weltweite Religionsfreiheit, in dem Zweiten Bericht der Bundesregierung zur weltweiten Lage der Religionsfreiheit festgestellt, dass <a href=\"https:\/\/www.bmz.de\/religionsfreiheit\/de\/der-bericht\/index.html\" target=\"_blank\" rel=\"noopener noreferrer\">in mehr als 70 Staaten \u201emenschenrechtswidrige Blasphemiegesetze\u201c gelten<\/a>. Sie dienen dazu, \u201ereligi\u00f6se Minderheiten zu diskriminieren und die Meinungsfreiheit einzuschr\u00e4nken.\u201c<\/p>\n<p>Der Blick nach Deutschland zeigt: Auch hierzulande dient ein Blasphemiegesetz dazu, im Sinne von gewaltbereiten und den \u00f6ffentlichen Frieden st\u00f6renden religi\u00f6sen Fundamentalisten die Meinungs- und Kunstfreiheit einzuschr\u00e4nken. Deutschland geh\u00f6rt also selbst in besch\u00e4mender Weise immer noch zum Kreis der L\u00e4nder, in denen ein Blasphemiegesetz gilt, wie die <a href=\"https:\/\/end-blasphemy-laws.org\/\" target=\"_blank\" rel=\"noopener noreferrer\">internationale Kampagne zur Abschaffung von Blasphemie-Gesetzen<\/a> von <em>Humanists International<\/em> herausstellt. Es handelt sich um den \u00a7 166 Strafgesetzbuch (Beschimpfung von Bekenntnissen, Religionsgesellschaften und Weltanschauungsvereinigungen).<\/p>\n<p><strong>Die im KORSO versammelten s\u00e4kularen Verb\u00e4nde in Deutschland fordern die Bundesregierung und den Bundestag auf, nicht nur in der Au\u00dfenpolitik f\u00fcr die Errungenschaft der Meinungsfreiheit einzutreten, sondern auch in der Innenpolitik Konsequenz zu beweisen: Reformieren Sie das Strafgesetzbuch (StGB) und streichen Sie ersatzlos die Strafvorschrift des \u00a7 166 StGB!<\/strong><\/p>\n<p>Den Weg hat das Institut f\u00fcr Weltanschauungsrecht (ifw) mit einer Auswertung der Positionen der Bundestagsparteien zum \u00a7 166 StGB und dem Entwurf eines Gesetzes <a href=\"https:\/\/weltanschauungsrecht.de\/meldung\/gesetzentwurf-abschaffung-166-stgb\" target=\"_blank\" rel=\"noopener noreferrer\">aufgezeigt<\/a>:<\/p>\n<p style=\"padding-left: 40px;\">\u201eDer Schutz vor Beschimpfung und der Schutz des \u00f6ffentlichen Friedens erscheint durch die Straftatbest\u00e4nde der Beleidigung (\u00a7 185 StGB), der \u00fcblen Nachrede (\u00a7 186 StGB), der Verleumdung (\u00a7 187 StGB) und der Volksverhetzung (\u00a7 130 StGB) ausreichend. Die Vorstellung, religi\u00f6se oder weltanschauliche Bekenntnisse, Personen oder Gruppen ben\u00f6tigten einen \u00fcber die \u00a7\u00a7 130, 185, 186, 187 StGB hinausgehenden Schutz, erscheint nicht mehr zeitgem\u00e4\u00df. \u00a7 166 StGB ist daher entbehrlich und kann aufgehoben werden.\u201c<\/p>\n<p>Der Abschied des Gesetzgebers von dieser anachronistischen Vorschrift ist ein \u00fcberf\u00e4lliges Signal f\u00fcr eine offene Gesellschaft, die Meinungsvielfalt sch\u00fctzt statt mit bis zu drei Jahren Gef\u00e4ngnis zu bestrafen.<\/p>\n<p>Eindrucksvoll schildern uns das Erfordernis eines solchen Signals nicht zuletzt viele Menschen, die auf Grund von Blasphemievorw\u00fcrfen aus islamischen Staaten geflohen sind, und nun von Islamisten in Deutschland mit Blasphemievorw\u00fcrfen bedroht werden. Rana Ahmad, die 2015 aus Saudi-Arabien floh und in Deutschland die S\u00e4kulare Fl\u00fcchtlingshilfe e. V. mitgr\u00fcndete, <a href=\"https:\/\/atheist-refugees.com\/pressemitteilung\/rana-ahmad-wegweisende-initiative-der-fdp-im-bundestag-zu-apostaten-und-religionsfreien-menschen\/\" target=\"_blank\" rel=\"noopener noreferrer\">schreibt<\/a> \u00fcber lebensgef\u00e4hrliche Blasphemievorw\u00fcrfe gegen ihre Person durch Islamisten im deutschen Aufnahmeheim. Amed Sherwan, Autor des Buches \u201eKafir: Allah sei Dank bin ich Atheist\u201c (Edition Nautilus, 2020) <a href=\"https:\/\/hpd.de\/artikel\/ex-muslime-demonstrierten-hamburg-18714\" target=\"_blank\" rel=\"noopener noreferrer\">schreibt<\/a> im November 2020: \u201eWir haben heute wieder gegen einen islamistischen Aufmarsch in Hamburg demonstriert. Anders als vor zwei Wochen waren wir als Gegendemo deutlich mehr als die Islamist*innen und auch viel lauter [\u2026]. Vor zwei Wochen [\u2026] haben [wir] fassungslos zugeschaut, wie Hunderte mit Allahu Akbar-Gebru\u0308ll durch die Stra\u00dfen gezogen sind, um die Ehre ihres Propheten gegen Zeichnungen zu verteidigen.\u201c<\/p>\n<p>In der Tat ist es so, dass mit \u00a7 166 StGB derjenige bestraft wird, der friedliebend und tolerant ist, und Meinungsstreit nicht mit Gewalt eskaliert. Recht bekommt der religi\u00f6se Fundamentalist. Damit spielt diese Strafnorm der Einsch\u00fcchterung von Lehrern und Sch\u00fclern, K\u00fcnstlern, Journalisten und Staatsb\u00fcrgern durch gewaltbereiten Islamismus in die H\u00e4nde. <strong>\u00a7 166 StGB verfehlt seinen Zweck. Der Paragraf sch\u00fctzt keineswegs das Rechtsgut des \u00f6ffentlichen Friedens \u2013 im Gegenteil. Wir sagen: Der Staat darf sich nicht an die Seite der Gewaltbereiten stellen.<\/strong><\/p>\n<p><span style=\"font-size: 10pt;\">Quelle der Erstver\u00f6ffentlichung am 04.07.2019:<a href=\"https:\/\/www.korso-deutschland.de\/abschaffung-des-blasphemieparagraphen\/\" target=\"_blank\" rel=\"noopener noreferrer\"> https:\/\/www.korso-deutschland.de\/abschaffung-des-blasphemieparagraphen\/<\/a><\/span><\/p>\n<hr \/>\n<p><span style=\"font-size: 10pt;\">Bild: <a href=\"https:\/\/pixabay.com\/de\/photos\/gerechtigkeit-statue-lady-justice-2060093\/\" target=\"_blank\" rel=\"noopener noreferrer\">pixabay.com<\/a> \/ <a class=\"hover_opacity\" href=\"https:\/\/pixabay.com\/de\/users\/williamcho-1724357\/\">WilliamCho<\/a> \/ <a href=\"https:\/\/pixabay.com\/de\/service\/license\/\">Pixabay License<\/a><br \/>\n<\/span><\/p>\n","protected":false},"excerpt":{"rendered":"<p><b>KORSO fordert die Abschaffung des Blasphemieparagraphen<\/b><br \/>\n&#8230; Der Blick nach Deutschland zeigt: Auch hierzulande dient ein Blasphemiegesetz dazu, im Sinne von gewaltbereiten und den \u00f6ffentlichen Frieden st\u00f6renden religi\u00f6sen Fundamentalisten die Meinungs- und Kunstfreiheit einzuschr\u00e4nken. Deutschland geh\u00f6rt also selbst in besch\u00e4mender Weise immer noch zum Kreis der L\u00e4nder, in denen ein Blasphemiegesetz gilt, &#8230;.<br \/>\nDie im KORSO versammelten s\u00e4kularen Verb\u00e4nde in Deutschland fordern die Bundesregierung und den Bundestag auf, nicht nur in der Au\u00dfenpolitik f\u00fcr die Errungenschaft der Meinungsfreiheit einzutreten, sondern auch in der Innenpolitik Konsequenz zu beweisen: Reformieren Sie das Strafgesetzbuch (StGB) und streichen Sie ersatzlos die Strafvorschrift des \u00a7 166 StGB!<\/p>\n","protected":false},"author":3,"featured_media":8951,"comment_status":"closed","ping_status":"closed","sticky":false,"template":"","format":"standard","meta":{"colormag_page_container_layout":"default_layout","colormag_page_sidebar_layout":"default_layout","advanced_seo_description":"","jetpack_seo_html_title":"","jetpack_seo_noindex":false,"jetpack_post_was_ever_published":false,"footnotes":""},"categories":[15],"tags":[1336,452,1337,714,54,1338],"class_list":["post-8949","post","type-post","status-publish","format-standard","has-post-thumbnail","hentry","category-religions-kirchenkritik","tag-blasphemie","tag-deutschland","tag-gotteslaesterung","tag-islamismus","tag-kirche","tag-strafrecht"],"jetpack_featured_media_url":"https:\/\/i0.wp.com\/www.freidenker.org\/fw17\/wp-content\/uploads\/2020\/12\/justice-2060093_800x450.jpg?fit=800%2C450&ssl=1","jetpack_shortlink":"https:\/\/wp.me\/p9stpK-2kl","jetpack-related-posts":[{"id":11189,"url":"https:\/\/www.freidenker.org\/?p=11189","url_meta":{"origin":8949,"position":0},"title":"Schwangerschaftsabbruch ist Grundversorgung!","author":"Webredaktion","date":"5. September 2021","format":false,"excerpt":"Wortmeldung des\u00a0Koordinierungsrates s\u00e4kularer Organisationen KORSO e.V. vom 31.08.2021: Seit 150 Jahren k\u00e4mpfen Frauen nun schon gegen das Verbot und damit gegen die Kriminalisierung des Schwangerschaftsabbruchs. Dies schilderte die Historikerin und Sozialwissenschaftlerin Dr. Gisela Notz, eine der drei geladenen Expertinnen, sehr eindr\u00fccklich bei der Online-Themenwerkstatt des KORSO am 20. August vor\u2026","rel":"","context":"In &quot;Religions- &amp; Kirchenkritik, S\u00e4kulare Szene&quot;","block_context":{"text":"Religions- &amp; Kirchenkritik, S\u00e4kulare Szene","link":"https:\/\/www.freidenker.org\/?cat=15"},"img":{"alt_text":"","src":"https:\/\/i0.wp.com\/www.freidenker.org\/fw17\/wp-content\/uploads\/2021\/09\/korso-post_600px_2021-08-29_01-abtreibung_800x450.jpg?fit=800%2C450&ssl=1&resize=350%2C200","width":350,"height":200,"srcset":"https:\/\/i0.wp.com\/www.freidenker.org\/fw17\/wp-content\/uploads\/2021\/09\/korso-post_600px_2021-08-29_01-abtreibung_800x450.jpg?fit=800%2C450&ssl=1&resize=350%2C200 1x, https:\/\/i0.wp.com\/www.freidenker.org\/fw17\/wp-content\/uploads\/2021\/09\/korso-post_600px_2021-08-29_01-abtreibung_800x450.jpg?fit=800%2C450&ssl=1&resize=525%2C300 1.5x, https:\/\/i0.wp.com\/www.freidenker.org\/fw17\/wp-content\/uploads\/2021\/09\/korso-post_600px_2021-08-29_01-abtreibung_800x450.jpg?fit=800%2C450&ssl=1&resize=700%2C400 2x"},"classes":[]},{"id":11486,"url":"https:\/\/www.freidenker.org\/?p=11486","url_meta":{"origin":8949,"position":1},"title":"KORSO wird Zentralrat","author":"Webredaktion","date":"21. September 2021","format":false,"excerpt":"Mitteilung des KORSO vom 20.09.2021 Bei einer au\u00dferordentlichen Ratsversammlung hat der Koordinierungsrat s\u00e4kularer Organisationen (KORSO) am gestrigen Sonntag, 19. September 2021, eine umfassende Satzungsreform beschlossen. Die auff\u00e4lligste Neuerung betrifft den Namen der Organisation, die damit zum Zentralrat der Konfessionsfreien wird. Mit dieser Namens\u00e4nderung definiert der k\u00fcnftige Zentralrat auch seine Rolle\u2026","rel":"","context":"In &quot;Religions- &amp; Kirchenkritik, S\u00e4kulare Szene&quot;","block_context":{"text":"Religions- &amp; Kirchenkritik, S\u00e4kulare Szene","link":"https:\/\/www.freidenker.org\/?cat=15"},"img":{"alt_text":"","src":"https:\/\/i0.wp.com\/www.freidenker.org\/fw17\/wp-content\/uploads\/2021\/10\/korso-post_2021-09-20_01-zentralrat_800x450.jpg?fit=800%2C450&ssl=1&resize=350%2C200","width":350,"height":200,"srcset":"https:\/\/i0.wp.com\/www.freidenker.org\/fw17\/wp-content\/uploads\/2021\/10\/korso-post_2021-09-20_01-zentralrat_800x450.jpg?fit=800%2C450&ssl=1&resize=350%2C200 1x, https:\/\/i0.wp.com\/www.freidenker.org\/fw17\/wp-content\/uploads\/2021\/10\/korso-post_2021-09-20_01-zentralrat_800x450.jpg?fit=800%2C450&ssl=1&resize=525%2C300 1.5x, https:\/\/i0.wp.com\/www.freidenker.org\/fw17\/wp-content\/uploads\/2021\/10\/korso-post_2021-09-20_01-zentralrat_800x450.jpg?fit=800%2C450&ssl=1&resize=700%2C400 2x"},"classes":[]},{"id":4517,"url":"https:\/\/www.freidenker.org\/?p=4517","url_meta":{"origin":8949,"position":2},"title":"Selbstdarstellung des KORSO","author":"Webredaktion","date":"20. Dezember 2016","format":false,"excerpt":"Der Koordinierungsrat s\u00e4kularer Organisationen (KORSO) hat eine Selbstdarstellungsbrosch\u00fcre herausgegeben. Neben einem \u00dcberblick \u00fcber die Ziele und Forderungen des KORSO sind darin Kurzportraits aller Mitgliedsorganisationen enthalten. Aus dem Vorwort: Die Ziele und Strategien der s\u00e4kularen Organisationen sind keineswegs identisch. Sie sind zudem unterschiedlich alt, unterschiedlich gro\u00df, regional unterschiedlich entwickelt und in\u2026","rel":"","context":"In &quot;Publikationen f\u00fcr Freidenker&quot;","block_context":{"text":"Publikationen f\u00fcr Freidenker","link":"https:\/\/www.freidenker.org\/?cat=6"},"img":{"alt_text":"","src":"https:\/\/i0.wp.com\/www.freidenker.org\/fw17\/wp-content\/uploads\/2016\/12\/korso-broschuere_v5.jpg?fit=800%2C445&ssl=1&resize=350%2C200","width":350,"height":200,"srcset":"https:\/\/i0.wp.com\/www.freidenker.org\/fw17\/wp-content\/uploads\/2016\/12\/korso-broschuere_v5.jpg?fit=800%2C445&ssl=1&resize=350%2C200 1x, https:\/\/i0.wp.com\/www.freidenker.org\/fw17\/wp-content\/uploads\/2016\/12\/korso-broschuere_v5.jpg?fit=800%2C445&ssl=1&resize=525%2C300 1.5x, https:\/\/i0.wp.com\/www.freidenker.org\/fw17\/wp-content\/uploads\/2016\/12\/korso-broschuere_v5.jpg?fit=800%2C445&ssl=1&resize=700%2C400 2x"},"classes":[]},{"id":4300,"url":"https:\/\/www.freidenker.org\/?p=4300","url_meta":{"origin":8949,"position":3},"title":"\u00dcberlegungen zur Mitgliedschaft des DFV im KORSO","author":"Webredaktion","date":"18. September 2010","format":false,"excerpt":"Beitrag von Ralf Lux Nachdem jahrelang Diskussionen \u00fcber ein gemeinsames Gremium s\u00e4kularer Verb\u00e4nde zu keinem Erfolg f\u00fchrten, ging der eigentliche Gr\u00fcndungsprozess des KORSO im Jahre 2008 dann recht schnell vonstatten, so schnell, dass in unserem Verband keine Zeit mehr verblieb, das F\u00fcr und Wider einer Mitgliedschaft ausgiebig zu diskutieren. Die\u2026","rel":"","context":"In &quot;Positionen&quot;","block_context":{"text":"Positionen","link":"https:\/\/www.freidenker.org\/?cat=210"},"img":{"alt_text":"","src":"https:\/\/i0.wp.com\/www.freidenker.org\/fw17\/wp-content\/uploads\/2018\/01\/hands-korso_800x445.jpg?fit=800%2C445&ssl=1&resize=350%2C200","width":350,"height":200,"srcset":"https:\/\/i0.wp.com\/www.freidenker.org\/fw17\/wp-content\/uploads\/2018\/01\/hands-korso_800x445.jpg?fit=800%2C445&ssl=1&resize=350%2C200 1x, https:\/\/i0.wp.com\/www.freidenker.org\/fw17\/wp-content\/uploads\/2018\/01\/hands-korso_800x445.jpg?fit=800%2C445&ssl=1&resize=525%2C300 1.5x, https:\/\/i0.wp.com\/www.freidenker.org\/fw17\/wp-content\/uploads\/2018\/01\/hands-korso_800x445.jpg?fit=800%2C445&ssl=1&resize=700%2C400 2x"},"classes":[]},{"id":9822,"url":"https:\/\/www.freidenker.org\/?p=9822","url_meta":{"origin":8949,"position":4},"title":"HVD tritt aus dem KORSO aus","author":"Webredaktion","date":"31. M\u00e4rz 2021","format":false,"excerpt":"Der Humanistische Verband Deutschlands - 2008 Gr\u00fcndungsmitglied des Koordinierungsrates S\u00e4kularer Organisationen (KORSO) - hat am 27.03.2021 durch Beschluss seines Delegiertenrates auf Antrag des HVD-Bundesvorstandes entschieden, seine Mitgliedschaft im KORSO zu beenden.\u00a0 Wir ver\u00f6ffentlichen hier die Presseerkl\u00e4rungen des HVD und des KORSO zu diesem Schritt sowie eine erste Stellungnahme des Vorsitzenden\u2026","rel":"","context":"In &quot;Religions- &amp; Kirchenkritik, S\u00e4kulare Szene&quot;","block_context":{"text":"Religions- &amp; Kirchenkritik, S\u00e4kulare Szene","link":"https:\/\/www.freidenker.org\/?cat=15"},"img":{"alt_text":"","src":"https:\/\/i0.wp.com\/www.freidenker.org\/fw17\/wp-content\/uploads\/2021\/04\/hvd_korso_3_800x450.jpg?fit=800%2C450&ssl=1&resize=350%2C200","width":350,"height":200,"srcset":"https:\/\/i0.wp.com\/www.freidenker.org\/fw17\/wp-content\/uploads\/2021\/04\/hvd_korso_3_800x450.jpg?fit=800%2C450&ssl=1&resize=350%2C200 1x, https:\/\/i0.wp.com\/www.freidenker.org\/fw17\/wp-content\/uploads\/2021\/04\/hvd_korso_3_800x450.jpg?fit=800%2C450&ssl=1&resize=525%2C300 1.5x, https:\/\/i0.wp.com\/www.freidenker.org\/fw17\/wp-content\/uploads\/2021\/04\/hvd_korso_3_800x450.jpg?fit=800%2C450&ssl=1&resize=700%2C400 2x"},"classes":[]},{"id":6187,"url":"https:\/\/www.freidenker.org\/?p=6187","url_meta":{"origin":8949,"position":5},"title":"KORSO-Resolution zur Abl\u00f6sung der historischen Staatsleistungen an die Kirchen","author":"Webredaktion","date":"13. April 2019","format":false,"excerpt":"Vor 100 Jahren trat die Weimarer Reichsverfassung in Kraft, vor 70 Jahren das Grundgesetz der Bundesrepublik Deutschland. Anl\u00e4sslich dieses doppelten Verfassungsjubil\u00e4ums im Jahr 2019 stellt der Koordinierungsrat s\u00e4kularer Organisationen (KORSO e.V.) fest: Die Grundidee einer Entflechtung staatlicher und kirchlicher T\u00e4tigkeit war ein bedeutender zivilisatorischer Durchbruch im 20. Jahrhundert. Die durch\u2026","rel":"","context":"In &quot;Religions- &amp; Kirchenkritik, S\u00e4kulare Szene&quot;","block_context":{"text":"Religions- &amp; Kirchenkritik, S\u00e4kulare Szene","link":"https:\/\/www.freidenker.org\/?cat=15"},"img":{"alt_text":"","src":"https:\/\/i0.wp.com\/www.freidenker.org\/fw17\/wp-content\/uploads\/2019\/04\/korso-rv_2019-03-30_vorstand_800x445.jpg?fit=800%2C445&ssl=1&resize=350%2C200","width":350,"height":200,"srcset":"https:\/\/i0.wp.com\/www.freidenker.org\/fw17\/wp-content\/uploads\/2019\/04\/korso-rv_2019-03-30_vorstand_800x445.jpg?fit=800%2C445&ssl=1&resize=350%2C200 1x, https:\/\/i0.wp.com\/www.freidenker.org\/fw17\/wp-content\/uploads\/2019\/04\/korso-rv_2019-03-30_vorstand_800x445.jpg?fit=800%2C445&ssl=1&resize=525%2C300 1.5x, https:\/\/i0.wp.com\/www.freidenker.org\/fw17\/wp-content\/uploads\/2019\/04\/korso-rv_2019-03-30_vorstand_800x445.jpg?fit=800%2C445&ssl=1&resize=700%2C400 2x"},"classes":[]}],"_links":{"self":[{"href":"https:\/\/www.freidenker.org\/index.php?rest_route=\/wp\/v2\/posts\/8949","targetHints":{"allow":["GET"]}}],"collection":[{"href":"https:\/\/www.freidenker.org\/index.php?rest_route=\/wp\/v2\/posts"}],"about":[{"href":"https:\/\/www.freidenker.org\/index.php?rest_route=\/wp\/v2\/types\/post"}],"author":[{"embeddable":true,"href":"https:\/\/www.freidenker.org\/index.php?rest_route=\/wp\/v2\/users\/3"}],"replies":[{"embeddable":true,"href":"https:\/\/www.freidenker.org\/index.php?rest_route=%2Fwp%2Fv2%2Fcomments&post=8949"}],"version-history":[{"count":0,"href":"https:\/\/www.freidenker.org\/index.php?rest_route=\/wp\/v2\/posts\/8949\/revisions"}],"wp:featuredmedia":[{"embeddable":true,"href":"https:\/\/www.freidenker.org\/index.php?rest_route=\/wp\/v2\/media\/8951"}],"wp:attachment":[{"href":"https:\/\/www.freidenker.org\/index.php?rest_route=%2Fwp%2Fv2%2Fmedia&parent=8949"}],"wp:term":[{"taxonomy":"category","embeddable":true,"href":"https:\/\/www.freidenker.org\/index.php?rest_route=%2Fwp%2Fv2%2Fcategories&post=8949"},{"taxonomy":"post_tag","embeddable":true,"href":"https:\/\/www.freidenker.org\/index.php?rest_route=%2Fwp%2Fv2%2Ftags&post=8949"}],"curies":[{"name":"wp","href":"https:\/\/api.w.org\/{rel}","templated":true}]}}