{"id":8922,"date":"2020-11-26T07:51:14","date_gmt":"2020-11-26T06:51:14","guid":{"rendered":"https:\/\/www.freidenker.org\/?p=8922"},"modified":"2020-11-30T03:12:00","modified_gmt":"2020-11-30T02:12:00","slug":"abs-das-stueck-zur-tv-doku","status":"publish","type":"post","link":"https:\/\/www.freidenker.org\/?p=8922","title":{"rendered":"ABS  &#8211; Das St\u00fcck zur TV-Doku"},"content":{"rendered":"<p>Eine Sendeanstalt r\u00fcstet zu einer umfangreichen TV-Dokumentation. Es geht darum, DIE tragende Pers\u00f6nlichkeit nachkriegsdeutscher Finanz-Geschichte in ein m\u00f6glichst objektives, ein wahrhaft ausgewogenes Licht zu r\u00fccken: den Chef der Deutschen Bank, den engsten Berater der Adenauerschen Bundesregierung, deren Verhandlungschef bei der Londoner Schuldenkonferenz, wo ja alles auf dem Spiel stand, h\u00e4tte Deutschland die wahre, die gesamte Wiedergutmachung und Schuldenbegleichung tragen m\u00fcssen- auch f\u00fcr Polen und Griechenland. Um das zu verhindern, musste DER Dealer ran: \u00a0Dr. Dr. Hermann Josef Abs.<\/p>\n<p>Ihm historisch zu danken, wird eine gro\u00dfe TV-Show-Produktion geplant. Freilich, der Sender, seine Showstars, die angeheuerten Umfrage-Institute, der juristische wie der finanzielle Expertenverstand waren vor keine leichte Aufgabe gestellt. Immer wieder waren da Fakten &amp; Fakenews aus unbekannten Archiven hochgeploppt. Sogar mit der Verschw\u00f6rungstheorie, der verdiente Chefb\u00e4nker Dr. Abs habe mit dem Bau von Auschwitz, dem \u00dcberfall auf die Sowjetunion und dem Giftgas ZyklonB zu tun gehabt. Nachtr\u00e4glich k\u00f6nnte da die gesamte Geschichtsschreibung der alten Bundesrepublik ins Wanken kommen.<\/p>\n<p>Wie es aber dem Sender gegen alle Widerst\u00e4nde gelingt, am Ende die Geschichte dieses bedeutenden Ehrenb\u00fcrgers der Stadt Frankfurt wieder rein zu waschen und wieviel journalistische Finesse, Infotainment, Umfragen, Promi-Charme, Songs und Chor\u00e4le dabei zum Einsatz gelangen, zeigt dieses St\u00fcck, bei dem Peter Sodann und der Frankfurter Hannes Jaenicke besondere Rollen spielen werden.<\/p>\n<p>Dr. Dr. Abs selbst wird nur einmal gezeigt, wie er n\u00e4mlich der Ehefrau eines emigrierten j\u00fcdischen Gesch\u00e4ftsmanns eine werthaltige H\u00e4userzeile abkauft &#8211; freilich zu den &#8222;damals einzig m\u00f6glichen Gesch\u00e4ftsbedingungen&#8220;.<\/p>\n<hr \/>\n<p>Ein St\u00fcck von Diether Dehm<\/p>\n<p>Komposition: Jossi Mar Chaim (Tel Aviv)<br \/>\nMusikalische Leitung: Michael Letz<br \/>\nRegie: Reinhard Hinzpeter<\/p>\n<p>Mit Michaela Conrad, Axel Gottschick, Bettina Kaminski, Hans-Peter Schupp<\/p>\n<p><strong>G\u00e4ste: Hannes Jaenicke, Peter Sodann<\/strong><\/p>\n<p><strong><span style=\"font-size: 14pt;\">Sonntag, 29. November 2020, 20 Uhr<\/span> <\/strong><\/p>\n<p>Saalbau Gallus, Fritz-Bauer-Saal (Saal der Auschwitz-Prozesse)<br \/>\nFrankenallee 111, 60326 <strong>Frankfurt\/M.<\/strong><\/p>\n<p><strong>Kartenvorbestellung: <a href=\"mailto:kontakt@freiesschauspiel.de\">kontakt@freiesschauspiel.de<\/a><\/strong><\/p>\n<hr \/>\n<p><img data-recalc-dims=\"1\" loading=\"lazy\" decoding=\"async\" data-attachment-id=\"8926\" data-permalink=\"https:\/\/www.freidenker.org\/?attachment_id=8926\" data-orig-file=\"https:\/\/i0.wp.com\/www.freidenker.org\/fw17\/wp-content\/uploads\/2020\/11\/abs_v9.jpg?fit=874%2C1240&amp;ssl=1\" data-orig-size=\"874,1240\" data-comments-opened=\"0\" data-image-meta=\"{&quot;aperture&quot;:&quot;0&quot;,&quot;credit&quot;:&quot;&quot;,&quot;camera&quot;:&quot;&quot;,&quot;caption&quot;:&quot;&quot;,&quot;created_timestamp&quot;:&quot;0&quot;,&quot;copyright&quot;:&quot;&quot;,&quot;focal_length&quot;:&quot;0&quot;,&quot;iso&quot;:&quot;0&quot;,&quot;shutter_speed&quot;:&quot;0&quot;,&quot;title&quot;:&quot;&quot;,&quot;orientation&quot;:&quot;0&quot;}\" data-image-title=\"abs_v9\" data-image-description=\"\" data-image-caption=\"\" data-large-file=\"https:\/\/i0.wp.com\/www.freidenker.org\/fw17\/wp-content\/uploads\/2020\/11\/abs_v9.jpg?fit=722%2C1024&amp;ssl=1\" class=\"alignnone wp-image-8926\" src=\"https:\/\/i0.wp.com\/www.freidenker.org\/fw17\/wp-content\/uploads\/2020\/11\/abs_v9.jpg?resize=600%2C851&#038;ssl=1\" alt=\"\" width=\"600\" height=\"851\" srcset=\"https:\/\/i0.wp.com\/www.freidenker.org\/fw17\/wp-content\/uploads\/2020\/11\/abs_v9.jpg?w=874&amp;ssl=1 874w, https:\/\/i0.wp.com\/www.freidenker.org\/fw17\/wp-content\/uploads\/2020\/11\/abs_v9.jpg?resize=211%2C300&amp;ssl=1 211w, https:\/\/i0.wp.com\/www.freidenker.org\/fw17\/wp-content\/uploads\/2020\/11\/abs_v9.jpg?resize=722%2C1024&amp;ssl=1 722w, https:\/\/i0.wp.com\/www.freidenker.org\/fw17\/wp-content\/uploads\/2020\/11\/abs_v9.jpg?resize=768%2C1090&amp;ssl=1 768w\" sizes=\"auto, (max-width: 600px) 100vw, 600px\" \/><\/p>\n<hr \/>\n<p><img data-recalc-dims=\"1\" loading=\"lazy\" decoding=\"async\" data-attachment-id=\"1076\" data-permalink=\"https:\/\/www.freidenker.org\/?attachment_id=1076\" data-orig-file=\"https:\/\/i0.wp.com\/www.freidenker.org\/fw17\/wp-content\/uploads\/2017\/10\/pdf_icon-2.png?fit=32%2C32&amp;ssl=1\" data-orig-size=\"32,32\" data-comments-opened=\"0\" data-image-meta=\"{&quot;aperture&quot;:&quot;0&quot;,&quot;credit&quot;:&quot;&quot;,&quot;camera&quot;:&quot;&quot;,&quot;caption&quot;:&quot;&quot;,&quot;created_timestamp&quot;:&quot;0&quot;,&quot;copyright&quot;:&quot;&quot;,&quot;focal_length&quot;:&quot;0&quot;,&quot;iso&quot;:&quot;0&quot;,&quot;shutter_speed&quot;:&quot;0&quot;,&quot;title&quot;:&quot;&quot;,&quot;orientation&quot;:&quot;0&quot;}\" data-image-title=\"pdf_icon\" data-image-description=\"\" data-image-caption=\"\" data-large-file=\"https:\/\/i0.wp.com\/www.freidenker.org\/fw17\/wp-content\/uploads\/2017\/10\/pdf_icon-2.png?fit=32%2C32&amp;ssl=1\" class=\"alignnone size-full wp-image-1076\" src=\"https:\/\/i0.wp.com\/www.freidenker.org\/fw17\/wp-content\/uploads\/2017\/10\/pdf_icon-2.png?resize=32%2C32&#038;ssl=1\" alt=\"\" width=\"32\" height=\"32\" \/> <a href=\"https:\/\/www.freidenker.org\/fw17\/wp-content\/uploads\/2020\/11\/abs_v9.pdf\" target=\"_blank\" rel=\"noopener noreferrer\">Veranstaltungsflyer als PDF<\/a> (ca. 324 KB)<\/p>\n<hr \/>\n<p><span style=\"font-size: 10pt;\">Bilder oben:<\/span><\/p>\n<p><span style=\"font-size: 10pt;\">Herrmann Josef Abs in den 1970er Jahren<\/span><br \/>\n<span style=\"font-size: 10pt;\">Foto: Autor unbekannt &#8211; Deutsche Bank AG, Kultur und Gesellschaft Historisches Institut, Frankfurt am Main, CC BY-SA 3.0, <\/span><br \/>\n<span style=\"font-size: 10pt;\">Quelle: <a href=\"https:\/\/commons.wikimedia.org\/w\/index.php?curid=3852918\">https:\/\/commons.wikimedia.org\/w\/index.php?curid=3852918<\/a><\/span><\/p>\n<p><span style=\"font-size: 10pt;\">Deutsche-Bank-Hochhaus in Frankfurt a. M.<\/span><br \/>\n<span style=\"font-size: 10pt;\">Foto: Nordenfan &#8211; Eigenes Werk, CC BY-SA 4.0, <\/span><br \/>\n<span style=\"font-size: 10pt;\">Quelle: <a href=\"https:\/\/commons.wikimedia.org\/w\/index.php?curid=44011711\">https:\/\/commons.wikimedia.org\/w\/index.php?curid=44011711<\/a><\/span><\/p>\n","protected":false},"excerpt":{"rendered":"<p>Eine Sendeanstalt r\u00fcstet zu einer umfangreichen TV-Dokumentation. Es geht darum, DIE tragende Pers\u00f6nlichkeit nachkriegsdeutscher Finanz-Geschichte in ein m\u00f6glichst objektives, ein wahrhaft ausgewogenes Licht zu r\u00fccken: den Chef der Deutschen Bank, den engsten Berater der Adenauerschen Bundesregierung, deren Verhandlungschef bei der Londoner Schuldenkonferenz &#8230;<br \/>\n<b>Sonntag, 29. November 2020, 20 Uhr, Saalbau Gallus, Frankfurt\/M.<\/b><br \/>\nEin St\u00fcck von Diether Dehm, Komposition: Jossi Mar Chaim (Tel Aviv), Musikalische Leitung: Michael Letz<br \/>\nRegie: Reinhard Hinzpeter<br \/>\nMit Michaela Conrad, Axel Gottschick, Bettina Kaminski, Hans-Peter Schupp<br \/>\nG\u00e4ste: Hannes Jaenicke, Peter Sodann<\/p>\n","protected":false},"author":3,"featured_media":8923,"comment_status":"closed","ping_status":"closed","sticky":false,"template":"","format":"standard","meta":{"colormag_page_container_layout":"default_layout","colormag_page_sidebar_layout":"default_layout","advanced_seo_description":"","jetpack_seo_html_title":"","jetpack_seo_noindex":false,"jetpack_post_was_ever_published":false,"footnotes":""},"categories":[913,20],"tags":[433,1334,1050],"class_list":["post-8922","post","type-post","status-publish","format-standard","has-post-thumbnail","hentry","category-kultur-kunst","category-zentrale-veranstaltungen","tag-frankfurt-am-main","tag-theater","tag-veranstaltung"],"jetpack_featured_media_url":"https:\/\/i0.wp.com\/www.freidenker.org\/fw17\/wp-content\/uploads\/2020\/11\/Abs_TV-Doku.jpg?fit=800%2C450&ssl=1","jetpack_shortlink":"https:\/\/wp.me\/p9stpK-2jU","jetpack-related-posts":[{"id":9614,"url":"https:\/\/www.freidenker.org\/?p=9614","url_meta":{"origin":8922,"position":0},"title":"Video: ABS &#8211; Das St\u00fcck zur TV-Doku","author":"Webredaktion","date":"23. Februar 2021","format":false,"excerpt":"\"ABS\" \u2013 ein politisches Theaterst\u00fcck von Diether Dehm (Regie: Reinhard Hinzpeter, Musik Jossi Mar Chaim) mit: freies Frankfurter Schauspielensemble, Peter Sodann, Hannes Jaenicke - Hermann Josef Abs war nie Mitglied der sich \u201eNationalsozialistische Arbeiter\u201c nennenden Faschistenpartei. Aber f\u00fcr die Nazis kalkulierte er kalt und n\u00fcchtern (als Chef der Deutschen Bank!)\u2026","rel":"","context":"In &quot;Demokratie \u2013 Medien \u2013 Aufkl\u00e4rung&quot;","block_context":{"text":"Demokratie \u2013 Medien \u2013 Aufkl\u00e4rung","link":"https:\/\/www.freidenker.org\/?cat=12"},"img":{"alt_text":"","src":"https:\/\/i0.wp.com\/www.freidenker.org\/fw17\/wp-content\/uploads\/2021\/02\/abs_das_stueck_800x450.jpg?fit=800%2C450&ssl=1&resize=350%2C200","width":350,"height":200,"srcset":"https:\/\/i0.wp.com\/www.freidenker.org\/fw17\/wp-content\/uploads\/2021\/02\/abs_das_stueck_800x450.jpg?fit=800%2C450&ssl=1&resize=350%2C200 1x, https:\/\/i0.wp.com\/www.freidenker.org\/fw17\/wp-content\/uploads\/2021\/02\/abs_das_stueck_800x450.jpg?fit=800%2C450&ssl=1&resize=525%2C300 1.5x, https:\/\/i0.wp.com\/www.freidenker.org\/fw17\/wp-content\/uploads\/2021\/02\/abs_das_stueck_800x450.jpg?fit=800%2C450&ssl=1&resize=700%2C400 2x"},"classes":[]},{"id":12032,"url":"https:\/\/www.freidenker.org\/?p=12032","url_meta":{"origin":8922,"position":1},"title":"Stern TV und des Kaisers neue Kleider","author":"Webredaktion","date":"21. Januar 2022","format":false,"excerpt":"Beitrag von Dagmar Henn Jetzt fallen die Propagandisten der Ma\u00dfnahmen schon \u00fcbereinander her, wenn der kleinste Platz f\u00fcr Widerspruch gelassen wird. Die Sendung Stern TV hat sich den Fauxpas erlaubt, in 90 Minuten Impfwerbung und Ma\u00dfnahmenverteidigung einem Satz nicht sofort zu widersprechen. ... Was gab es einmal f\u00fcr gro\u00dfartige Gespr\u00e4che\u2026","rel":"","context":"In &quot;Demokratie \u2013 Medien \u2013 Aufkl\u00e4rung&quot;","block_context":{"text":"Demokratie \u2013 Medien \u2013 Aufkl\u00e4rung","link":"https:\/\/www.freidenker.org\/?cat=12"},"img":{"alt_text":"","src":"https:\/\/i0.wp.com\/www.freidenker.org\/fw17\/wp-content\/uploads\/2022\/01\/KaisersNeueKleider_fairy-tale-1750666_800x450.jpg?fit=800%2C450&ssl=1&resize=350%2C200","width":350,"height":200,"srcset":"https:\/\/i0.wp.com\/www.freidenker.org\/fw17\/wp-content\/uploads\/2022\/01\/KaisersNeueKleider_fairy-tale-1750666_800x450.jpg?fit=800%2C450&ssl=1&resize=350%2C200 1x, https:\/\/i0.wp.com\/www.freidenker.org\/fw17\/wp-content\/uploads\/2022\/01\/KaisersNeueKleider_fairy-tale-1750666_800x450.jpg?fit=800%2C450&ssl=1&resize=525%2C300 1.5x, https:\/\/i0.wp.com\/www.freidenker.org\/fw17\/wp-content\/uploads\/2022\/01\/KaisersNeueKleider_fairy-tale-1750666_800x450.jpg?fit=800%2C450&ssl=1&resize=700%2C400 2x"},"classes":[]},{"id":18862,"url":"https:\/\/www.freidenker.org\/?p=18862","url_meta":{"origin":8922,"position":2},"title":"Europ\u00e4ische Union \u2013 reaktion\u00e4r, imperialistisch, militaristisch, aggressiv","author":"Webredaktion","date":"25. April 2024","format":false,"excerpt":"Beitrag von Prof. Dr. Anton Latzo Am Anfang stand das Versprechen, ja die Verhei\u00dfung, die Europ\u00e4ische Union (EU) werde den Kontinent vereinen und Frieden und sozialen Fortschritt bringen. Es wurde die Illusion verbreitet, Europa k\u00f6nne unter kapitalistischen Bedingungen zu Einheit, Frieden und Wohlstand gelangen. Und was ist daraus geworden? Die\u2026","rel":"","context":"In &quot;Geschichte&quot;","block_context":{"text":"Geschichte","link":"https:\/\/www.freidenker.org\/?cat=1162"},"img":{"alt_text":"","src":"https:\/\/i0.wp.com\/www.freidenker.org\/fw17\/wp-content\/uploads\/2024\/04\/building-79221_800x450.jpg?fit=800%2C450&ssl=1&resize=350%2C200","width":350,"height":200,"srcset":"https:\/\/i0.wp.com\/www.freidenker.org\/fw17\/wp-content\/uploads\/2024\/04\/building-79221_800x450.jpg?fit=800%2C450&ssl=1&resize=350%2C200 1x, https:\/\/i0.wp.com\/www.freidenker.org\/fw17\/wp-content\/uploads\/2024\/04\/building-79221_800x450.jpg?fit=800%2C450&ssl=1&resize=525%2C300 1.5x, https:\/\/i0.wp.com\/www.freidenker.org\/fw17\/wp-content\/uploads\/2024\/04\/building-79221_800x450.jpg?fit=800%2C450&ssl=1&resize=700%2C400 2x"},"classes":[]},{"id":26,"url":"https:\/\/www.freidenker.org\/?p=26","url_meta":{"origin":8922,"position":3},"title":"Freidenker-Brief 4-2012: Verantwortungslos &#8211; Verhalten der Bundesregierung im Syrien-Konflikt","author":"Webmaster","date":"18. November 2012","format":false,"excerpt":"Eine Petition an den Deutschen Bundestag unter der laufenden Nummer 37867, die sich gegen das verantwortungslose Verhalten der Bundesregierung im gegenw\u00e4rtigen Syrienkonflikt richtet, kann demn\u00e4chst online unterst\u00fctzt werden. Die Petition ist eine Initiative des Deutschen Freidenker-Verbands und des Frankfurter Solidarit\u00e4tskomitees f\u00fcr Syrien. Auszug: \u201eWir erheben Beschwerde dagegen, dass der Bundesminister\u2026","rel":"","context":"In &quot;Freidenker-Brief&quot;","block_context":{"text":"Freidenker-Brief","link":"https:\/\/www.freidenker.org\/?cat=341"},"img":{"alt_text":"","src":"https:\/\/i0.wp.com\/www.freidenker.org\/fw17\/wp-content\/uploads\/2012\/11\/syria-1886425_800_445.jpg?fit=800%2C445&ssl=1&resize=350%2C200","width":350,"height":200,"srcset":"https:\/\/i0.wp.com\/www.freidenker.org\/fw17\/wp-content\/uploads\/2012\/11\/syria-1886425_800_445.jpg?fit=800%2C445&ssl=1&resize=350%2C200 1x, https:\/\/i0.wp.com\/www.freidenker.org\/fw17\/wp-content\/uploads\/2012\/11\/syria-1886425_800_445.jpg?fit=800%2C445&ssl=1&resize=525%2C300 1.5x, https:\/\/i0.wp.com\/www.freidenker.org\/fw17\/wp-content\/uploads\/2012\/11\/syria-1886425_800_445.jpg?fit=800%2C445&ssl=1&resize=700%2C400 2x"},"classes":[]},{"id":18741,"url":"https:\/\/www.freidenker.org\/?p=18741","url_meta":{"origin":8922,"position":4},"title":"Der gro\u00dfe Sodann ist tot (1. Juni 1936 \u2013 5. April 2024)","author":"Webredaktion","date":"10. April 2024","format":false,"excerpt":"Nachruf von Diether Dehm Der Einmeterachtundsechzig-Kleine musste \u00fcberwiegend mit kreativer Intelligenz zum Gro\u00dfen wachsen. Mit tiefer Stimme, mit endlos langen Spannungsb\u00f6gen \u00fcber seinen Sprechpausen, mit dem argw\u00f6hnisch zugekniffenen rechten Auge lud er sein Publikum zum Mitdenken ein. Ob er nun Karl May las, den Brecht oder ob er den ersten\u2026","rel":"","context":"In &quot;Kultur &amp; Kunst&quot;","block_context":{"text":"Kultur &amp; Kunst","link":"https:\/\/www.freidenker.org\/?cat=913"},"img":{"alt_text":"","src":"https:\/\/i0.wp.com\/www.freidenker.org\/fw17\/wp-content\/uploads\/2024\/04\/Sodann_01_800x450.jpg?fit=800%2C450&ssl=1&resize=350%2C200","width":350,"height":200,"srcset":"https:\/\/i0.wp.com\/www.freidenker.org\/fw17\/wp-content\/uploads\/2024\/04\/Sodann_01_800x450.jpg?fit=800%2C450&ssl=1&resize=350%2C200 1x, https:\/\/i0.wp.com\/www.freidenker.org\/fw17\/wp-content\/uploads\/2024\/04\/Sodann_01_800x450.jpg?fit=800%2C450&ssl=1&resize=525%2C300 1.5x, https:\/\/i0.wp.com\/www.freidenker.org\/fw17\/wp-content\/uploads\/2024\/04\/Sodann_01_800x450.jpg?fit=800%2C450&ssl=1&resize=700%2C400 2x"},"classes":[]},{"id":3092,"url":"https:\/\/www.freidenker.org\/?p=3092","url_meta":{"origin":8922,"position":5},"title":"Sagen Sie \u201eNEIN\u201c zur Kriegsbeteiligung gegen Syrien!","author":"Webredaktion","date":"5. Dezember 2012","format":false,"excerpt":"Offener Brief an die Abgeordneten des Deutschen Bundestags Am 12. Dezember 2012 sollen Sie \u00fcber den Antrag der Bundesregierung zwecks \u201eEntsendung bewaffneter deutscher Streitkr\u00e4fte zur Verst\u00e4rkung der integrierten Luftverteidigung der NATO (NATINADS) auf Ersuchen der T\u00fcrkei ...\u201c befinden.Obwohl Syrien nicht die Absicht hat, die T\u00fcrkei anzugreifen, sich vielmehr bewaffneter Banden\u2026","rel":"","context":"In &quot;Frieden - Antifaschismus - Solidarit\u00e4t&quot;","block_context":{"text":"Frieden - Antifaschismus - Solidarit\u00e4t","link":"https:\/\/www.freidenker.org\/?cat=13"},"img":{"alt_text":"","src":"https:\/\/i0.wp.com\/www.freidenker.org\/fw17\/wp-content\/uploads\/2012\/12\/Patriot_System_2_800x445.jpg?fit=800%2C445&ssl=1&resize=350%2C200","width":350,"height":200,"srcset":"https:\/\/i0.wp.com\/www.freidenker.org\/fw17\/wp-content\/uploads\/2012\/12\/Patriot_System_2_800x445.jpg?fit=800%2C445&ssl=1&resize=350%2C200 1x, https:\/\/i0.wp.com\/www.freidenker.org\/fw17\/wp-content\/uploads\/2012\/12\/Patriot_System_2_800x445.jpg?fit=800%2C445&ssl=1&resize=525%2C300 1.5x, https:\/\/i0.wp.com\/www.freidenker.org\/fw17\/wp-content\/uploads\/2012\/12\/Patriot_System_2_800x445.jpg?fit=800%2C445&ssl=1&resize=700%2C400 2x"},"classes":[]}],"_links":{"self":[{"href":"https:\/\/www.freidenker.org\/index.php?rest_route=\/wp\/v2\/posts\/8922","targetHints":{"allow":["GET"]}}],"collection":[{"href":"https:\/\/www.freidenker.org\/index.php?rest_route=\/wp\/v2\/posts"}],"about":[{"href":"https:\/\/www.freidenker.org\/index.php?rest_route=\/wp\/v2\/types\/post"}],"author":[{"embeddable":true,"href":"https:\/\/www.freidenker.org\/index.php?rest_route=\/wp\/v2\/users\/3"}],"replies":[{"embeddable":true,"href":"https:\/\/www.freidenker.org\/index.php?rest_route=%2Fwp%2Fv2%2Fcomments&post=8922"}],"version-history":[{"count":0,"href":"https:\/\/www.freidenker.org\/index.php?rest_route=\/wp\/v2\/posts\/8922\/revisions"}],"wp:featuredmedia":[{"embeddable":true,"href":"https:\/\/www.freidenker.org\/index.php?rest_route=\/wp\/v2\/media\/8923"}],"wp:attachment":[{"href":"https:\/\/www.freidenker.org\/index.php?rest_route=%2Fwp%2Fv2%2Fmedia&parent=8922"}],"wp:term":[{"taxonomy":"category","embeddable":true,"href":"https:\/\/www.freidenker.org\/index.php?rest_route=%2Fwp%2Fv2%2Fcategories&post=8922"},{"taxonomy":"post_tag","embeddable":true,"href":"https:\/\/www.freidenker.org\/index.php?rest_route=%2Fwp%2Fv2%2Ftags&post=8922"}],"curies":[{"name":"wp","href":"https:\/\/api.w.org\/{rel}","templated":true}]}}