{"id":8914,"date":"2020-11-21T00:49:24","date_gmt":"2020-11-20T23:49:24","guid":{"rendered":"https:\/\/www.freidenker.org\/?p=8914"},"modified":"2020-12-19T19:19:25","modified_gmt":"2020-12-19T18:19:25","slug":"verantwortung-uebernehmen-wie-wir-hinters-licht-gefuehrt-werden","status":"publish","type":"post","link":"https:\/\/www.freidenker.org\/?p=8914","title":{"rendered":"\u201eVerantwortung \u00fcbernehmen\u201c \u2013 Wie wir hinters Licht gef\u00fchrt werden"},"content":{"rendered":"<p>In der Rubrik <strong>Tagesdosis<\/strong> wurde am 20.11.2020 bei <a href=\"https:\/\/kenfm.de\/verantwortung-uebernehmen-wie-wir-hinters-licht-gefuehrt-werden-von-rainer-rupp\/\" target=\"_blank\" rel=\"noopener noreferrer\">KenFM<\/a> der Beitrag \u201e<strong>\u201eVerantwortung \u00fcbernehmen\u201c \u2013 Wie wir hinters Licht gef\u00fchrt werden\u201c <\/strong>von <em><strong>Rainer Rupp<\/strong><\/em>, Mitglied des Beirates des Deutschen Freidenker-Verbandes, ver\u00f6ffentlicht.<\/p>\n<p>Den Beitrag als Audio-Datei anh\u00f6ren:<\/p>\n<audio class=\"wp-audio-shortcode\" id=\"audio-8914-1\" preload=\"none\" style=\"width: 100%;\" controls=\"controls\"><source type=\"audio\/mpeg\" src=\"https:\/\/kenfm.de\/multimedia_kenfm\/podcast\/tagesdosis-20201120.mp3?_=1\" \/><a href=\"https:\/\/kenfm.de\/multimedia_kenfm\/podcast\/tagesdosis-20201120.mp3\">https:\/\/kenfm.de\/multimedia_kenfm\/podcast\/tagesdosis-20201120.mp3<\/a><\/audio>\n<p>&nbsp;<\/p>\n<p>Der Beitrag ist auch als Video verf\u00fcgbar:<br \/>\nKenTube: <a href=\"https:\/\/tube.kenfm.de\/videos\/watch\/2e2e6092-91fc-4cef-985e-1702bd7bd7dd\" target=\"_blank\" rel=\"noopener noreferrer\">https:\/\/tube.kenfm.de\/videos\/watch\/2e2e6092-91fc-4cef-985e-1702bd7bd7dd<\/a><\/p>\n<h4>\u201eVerantwortung \u00fcbernehmen\u201c \u2013 Wie wir hinters Licht gef\u00fchrt werden (Tagesdosis vom 20.11.2020)<\/h4>\n<p><i>Ein Kommentar <\/i><b><i>von Rainer Rupp.<\/i><\/b><\/p>\n<p>Zur Einleitung ein Zitat von dem am 10. November 2015 verstorbenen Bundeskanzler Helmut Schmidt aus seinem Artikel in der Wochenzeitung \u201eDie Zeit\u201c vom 30.10.2008.<\/p>\n<p><em>\u201eBisweilen h\u00f6rt man, wir m\u00fcssten uns aus Solidarit\u00e4t im Nato-B\u00fcndnis an milit\u00e4rischen Interventionen beteiligen. Das Argument passt besser in die Nibelungensage als in die heutige Wirklichkeit. Denn das nordatlantische B\u00fcndnis war und ist ein Verteidigungsb\u00fcndnis, nicht etwa ein B\u00fcndnis zur Umgestaltung der Welt. Solange es ein Verteidigungsb\u00fcndnis bleibt, ist es erw\u00fcnscht, weil f\u00fcr einen Notfall notwendig. Aber daraus ein Instrument zur Umgestaltung fremder Staaten zu machen, daran sollten wir nicht mitwirken, auch wenn von einigen Politikern oder Schreibern dergleichen als Ausdruck weltpolitischer Verantwortung dargestellt wird. Wo immer von weltpolitischer Verantwortung die Rede ist, dort muss man pr\u00fcfen, was die eigentlichen Motive sind.\u201c<\/em><\/p>\n<p>Wer den Fehler macht, sich \u00fcber \u00d6ffentlichrechtliche- und Konzernmedien zu informieren, der ist inzwischen \u00fcberzeugt, dass die US-Pr\u00e4sidentschaftswahlen bereits vor zwei Wochen beendet waren und Joe Biden der Gewinner ist. Tats\u00e4chlich wird es noch einige weitere Wochen keinen klaren Sieger geben. Aber warum wird die Bev\u00f6lkerung in Deutschland von unseren angeblichen \u201eQualit\u00e4tsmedien\u201c absichtlich in die Irre gef\u00fchrt?<\/p>\n<p>Laut den Mainstream Medien in den USA, Deutschland und in den anderen L\u00e4ndern des sogenannten Wertewestens ist der rassistische und rechtsradikale Trump ein orangefarbenes Monster, das nicht bereit ist, seine dem\u00fctigende Niederlage zu akzeptieren. Stattdessen will der b\u00f6se Trump, so das Narrativ, dem auserw\u00e4hlten Biden, der mit seiner makellosen Prinzessin Kamala Harris als Held in gl\u00e4nzender R\u00fcstung dargestellt wird, noch vor der ordnungsgem\u00e4\u00dfen Amts\u00fcbergabe so viele Steine wie m\u00f6glich in den Weg legen.<\/p>\n<p>Und andere Medien und Politiker munkeln sogar, dass Trump gar nicht bereit sei, freiwillig das Wei\u00dfe Haus zu verlassen, weshalb man ihn wom\u00f6glich mit dem Milit\u00e4r verjagen m\u00fcsse. Umso mehr weil Trump bereit sei, mit Hilfe schwer bewaffneter, faschistischen Milizen in einem Putsch die Macht zu ergreifen und als Diktator zu herrschen.<\/p>\n<p>Ob solch tr\u00fcber Aussichten f\u00fcr die Zukunft der amerikanischen Demokratie, genauer, f\u00fcr die gro\u00dfartigste aller Demokratien, vergie\u00dfen dann politische Sprechk\u00f6pfe in den Talkshows k\u00fcbelweise Sorgentr\u00e4nen. Dabei ist die US-Demokratie nur eine Fiktion der Propagandisten der westlichen Unwertegesellschaft, in der nicht die Herrschaft des Volkes regiert, sondern die Macht in den H\u00e4nden einiger Hundert extrem reichen Oligarchen liegt, egal wer gerade f\u00fcr sie die Regierung stellt. Das wird nat\u00fcrlich schnell als Verschw\u00f6rungstheorie abgetan, aber es gibt sogar eine wissenschaftliche Studie einer namhaften US-Uni, der Princeton University aus dem Jahr 2014, die zu dem Schluss kommt, dass die Vereinigten Staaten schon lang keine Demokratie mehr sind, sondern eine Oligarchie, in der wenige, sehr m\u00e4chtige Menschen den jeweiligen politischen Kurs bestimmen.<\/p>\n<p>Aber warum wird die Bev\u00f6lkerung in den USA ebenso wie in den Vasallenstaaten Washingtons \u00fcber den bisherigen Verlauf der US-Wahl von den eigenen Medien und Politikern absichtlich in die Irre gef\u00fchrt, vor allem auch in Deutschland?<\/p>\n<p>Als Erkl\u00e4rung m\u00f6chte ich anbieten:<\/p>\n<ul>\n<li>a)\u00a0\u00a0\u00a0 dass dadurch auf Trump und seine Anh\u00e4nger enormer moralischer Druck ausge\u00fcbt wird, weil er sich angeblich nicht an die demokratischen Spielregeln h\u00e4lt und endlich seine Niederlage eingestehen soll. Zugleich wird dadurch von Trumps Vorw\u00fcrfen des Wahlbetrugs durch die Demokraten abgelenkt.<\/li>\n<li>b)\u00a0\u00a0\u00a0 dass durch den propagandistischen Druck der \u201e<em>Machthaber Trump<\/em>\u201c als schwer verwundeter Verlierer dargestellt wird, der in seiner Verzweiflung zu allem f\u00e4hig ist, und deshalb gestoppt werden muss. Diese D\u00e4monisierung des zu entsorgenden Staatschefs Trump weist auff\u00e4llige Parallelen zu den US-gef\u00fchrten Farbenrevolutionen in Drittl\u00e4ndern auf, in denen das moralisch erh\u00f6hte Ziel die eingesetzten b\u00f6sen Mittel heiligt.<\/li>\n<li>c)\u00a0\u00a0\u00a0 dass es f\u00fcr die Au\u00dfen- und Innenpolitik der Bundesregierung in Berlin von gro\u00dfer Bedeutung ist, wenn die deutsche Bev\u00f6lkerung glaubt, dass Biden und sein gemeingef\u00e4hrlicher, neokonservativer Anhang aus dem kriegsversifften Washingtoner Sumpf in einer rechtm\u00e4\u00dfigen Wahl an die Macht gekommen sind, ohne den Makel des Wahlbetrugs. Auf diese Weise l\u00e4sst sich auch in der deutschen \u00d6ffentlichkeit die Fiktion von einer funktionieren Demokratie in den USA aufrechterhalten. Und so l\u00e4sst sich die von Berlin angestrebte, enge Zusammenarbeit mit Biden und seinen Kriegstreibern im Wei\u00dfen Haus legitimieren. Und nur so kann Berlin an der Seite des US-Leitwolfs \u00fcberall in der Welt <b>mehr<\/b> \u201eVerantwortung \u00fcbernehmen\u201c. Genau so hat es diese Woche die Frau Kramp-Karrenbauer angek\u00fcndigt , die f\u00fcr die wahren Herrscher in Deutschland die Rolle der Verteidigungsministerin spielen darf.<\/li>\n<\/ul>\n<p>Denn wer im NATO-Rudel brav mit dem Leitwolf jagt, f\u00fcr den fallen immer einige saftige Brocken der Beute ab. Wer sich aber gegen den Leitwolf stellt, der geht leer aus oder wird sogar selbst zur Zielscheibe. Sp\u00e4testens dann wird z.B. ein US-kritischer Ministerpr\u00e4sident von den Atlantikern in den eigenen Reihen weggebissen und aus dem Rudel verjagt.<\/p>\n<p>Nach dem von den Medien bereits proklamierten Wahlsieg von Joe Biden \u00fcber Trump hoffen nun die eingefleischten Transatlantiker in Europa auf einen Neuanfang in den Beziehungen zu Washington. Auch Kanzlerin Angela Merkel hat bereits deutlich gemacht, dass nach Trump die Europ\u00e4er sich wieder st\u00e4rker an der Seite der USA einbringen m\u00fcssen. Denn der \u201eZerst\u00f6rer\u201c Trump hat wie einst \u201eConan, der Barbar\u201c in den 4 Jahren seiner Pr\u00e4sidentschaft der neoliberalen Weltordnung des Wertewestens irreparable Sch\u00e4den zugef\u00fcgt. Damit hat er auch das lukrative Gesch\u00e4ftsmodell der deutschen Eliten in seinen Grundfesten ersch\u00fcttert.<\/p>\n<p>In ihrer zweite Grundsatzrede hat Verteidigungsministerin AKK am Dienstag dieser Woche (17.11.20) vor Studierenden der Bundeswehr Universit\u00e4t in Hamburg wieder ein klare Bekenntnis zu Deutschlands unentbehrlicher Schutzmacht USA abgelegt und dabei unter anderem die deutsche Beteiligung an der US-Nuklearstrategie beschworen.<\/p>\n<p>In der \u00dcberzeugung, dass in Washington der Regimewechsel geklappt hat, hat AKK in ihrer Hamburger Rede dem von deutschen Medien bereits zum neuen US-Pr\u00e4sidenten gek\u00fcrten notorischen Kriegstreiber Biden sich untert\u00e4nigst angedient. Nur zu Erinnerung: Biden hat sowohl als US-Senator als auch sp\u00e4ter als US-Vizepr\u00e4sident jeden US-Krieg freudig unterst\u00fctzt.<\/p>\n<p>In diesem Zusammenhang sei auf zwei aufschlussreiche, aktuelle Artikel verwiesen: In den Nachdenkseiten erschien unter dem Titel: \u201e<a href=\"https:\/\/www.nachdenkseiten.de\/?p=67064\" target=\"_blank\" rel=\"noopener noreferrer\">Die Medien, Joe Biden und die Kriegstreiber<\/a>\u201c. Dabei spricht die Zusammensetzung des von Biden ausgesuchten Teams wahre B\u00e4nde. Darin dominieren Falken, R\u00fcstungslobbyisten und Wirtschafts-Radikale. Diese aggressive Seite Bidens wird allerdings in gro\u00dfen deutschen Medien kaum thematisiert \u2013 schlie\u00dflich ist Biden das Licht und Donald Trump das Dunkel. Der durchaus kritikw\u00fcrdige Trump wird aber vor allem f\u00fcr die falschen Dinge kritisiert: etwa f\u00fcr seine milit\u00e4rischen Abzugspl\u00e4ne, schreibt Tobias Riegel. Der zweite, bei Heise erschienene Beitrag hat den vielsagenden Titel: \u201e<a href=\"https:\/\/www.heise.de\/tp\/features\/So-werden-Joe-Bidens-Mitarbeiter-von-der-Ruestungsindustrie-gesteuert-4960362.html\" target=\"_blank\" rel=\"noopener noreferrer\">So werden Joe Bidens Mitarbeiter von der R\u00fcstungsindustrie gesteuert<\/a>\u201c.<b>\u00a0<\/b><\/p>\n<p>Aber zur\u00fcck zur Rede von AKK in Hamburg und wie sie sich Biden angedient hat:<\/p>\n<p>Zitat: <em>\u201eDer neue amerikanische Pr\u00e4sident Joe Biden muss sehen und sp\u00fcren, dass wir anstreben, dass Europa f\u00fcr die USA ein starker Partner ist. Ich halte es f\u00fcr wichtig, dass wir Europ\u00e4er der kommenden Biden-Administration daher ein gemeinsames Angebot, einen New Deal, vorlegen. F\u00fcr mich sind aus der Sicht der deutschen Verteidigungspolitik drei Eckpunkte dabei besonders wichtig:<\/em><\/p>\n<ul>\n<li><em>Dass wir unsere F\u00e4higkeiten in der Verteidigung ausbauen und daf\u00fcr die Verteidigungshaushalte auch in der Corona-Zeit zuverl\u00e4ssig st\u00e4rken.<\/em><\/li>\n<\/ul>\n<p>(Anm. des Autors: <i>Mit anderen Worten hei\u00dft das: Eine markante weitere Erh\u00f6hung der Verteidigungsausgaben Deutschlands um Zig Milliarden Euro auf zwei Prozent des Bruttoinlandsprodukts, w\u00e4hrend f\u00fcr die n\u00f6tigsten Reparaturen unserer Schulen und des Bildungssystems das Geld fehlt.<\/i>) Weiter im O-Ton AKK<\/p>\n<ul>\n<li><em>Dass Deutschland sich zu seiner Rolle in der nuklearen Teilhabe in der NATO bekennt.<\/em><\/li>\n<\/ul>\n<p>(Anm. des Autors: <i>Diese nukleare Teilhabe sieht explizit auch den Ersteinsatz von den in Deutschland gelagerten US-Atomwaffen vor, und zwar mit deutschen, speziell zu diesem Zweck ausger\u00fcsteten Bombern. Wenn irgendwann mal zur Durchsetzung von US-Interessen, oder auch nur auf Grund eines \u201eUnfalls\u201c, diese Strategie in die Tat umgesetzt w\u00fcrde, bliebe von unserem Land nur ein rauchender, auf Jahrzehnte verseuchter Tr\u00fcmmerhaufen \u00fcbrig. Aber sowas kommt der obersten CDU-Parteifunktion\u00e4rin nicht in den Sinn.<\/i>) Und weiter mit AKK im O-Ton:<\/p>\n<ul>\n<li><em>\u201eDass beim Thema China dort, wo es mit unseren Interessen vereinbar ist, eine gemeinsame Agenda Europas mit den USA m\u00f6glich und gewollt ist.\u201c\u00a0<\/em><\/li>\n<\/ul>\n<p>(Anm. des Autors: <i>Die gemeinsame Strategie mit den USA gegen\u00fcber China, die auch deutsche Kriegsschiffe im S\u00fcdchinesischen Meer vorsieht, wird von Peking als eine milit\u00e4rische Provokation gesehen.<\/i>)<\/p>\n<p>Was tats\u00e4chlich hinter AKKs stark verklausuliertem Satz zum Thema China steckt, hatte die Ministerin vor fast genau einem Jahr in ihrer ersten Grundsatzrede an der M\u00fcnchner Bundeswehruniversit\u00e4t etwas deutlicher ausgedr\u00fcckt.<\/p>\n<p>Zuerst s\u00e4uselte sie von der Solidarit\u00e4t unter Partnern und Verb\u00fcndeten. Dieser Solidarit\u00e4t ma\u00df sie implizit einen sehr hohen Wert an sich bei, der auch Todesopfer rechtfertigte. Unerw\u00e4hnt lie\u00df sie dabei, dass man sich durch Solidarit\u00e4t mit den falschen Partnern durch Beihilfe selbst schuldig macht. So wird Deutschland zum Beispiel in Ramstein durch aktive Solidarit\u00e4t mit dem Kriegsverbrecher USA bei den au\u00dfergerichtlichen T\u00f6tungen durch Drohnen selbst zum Verbrecher.<\/p>\n<p>Hier folgt erneut im Originalton wie AKK in M\u00fcnchen mit der Erinnerung an gefallene Bundeswehrsoldaten anf\u00e4ngt und dann \u00fcber die Beschw\u00f6rung der Solidarit\u00e4t f\u00fcr asiatische Partner die deutsche Beteiligung an US-Provokationen vor den K\u00fcsten S\u00fcdchinas vorbereitet:<\/p>\n<p>Zitat AKK: <em>\u201eIch wei\u00df genau, wie viele unserer Soldaten beim ISAF International Security Assistance Force-Einsatz get\u00f6tet und verletzt worden sind. Und gerade weil ich es wei\u00df, ist mir die Bedeutung des Einsatzes unserer Partner und Verb\u00fcndeten umso bewusster und wertvoller. Und gerade deshalb sollten und d\u00fcrfen wir diesen Einsatz nie als Selbstverst\u00e4ndlichkeit annehmen, sondern als Teil gelebter Solidarit\u00e4t. Und Solidarit\u00e4t ist nie und darf nie eine Einbahnstra\u00dfe sein.\u201c\u00a0<\/em><\/p>\n<p>An dieser Stelle schwenkt AKK nach Fernost und f\u00e4hrt fort:<\/p>\n<p>Zitat: <em>\u201eUnsere Partner im Indo-Pazifischen Raum \u2013 allen voran Australien, Japan und S\u00fcdkorea, aber auch Indien \u2013 f\u00fchlen sich von Chinas Machtanspruch zunehmend bedr\u00e4ngt. Sie w\u00fcnschen sich ein klares Zeichen der Solidarit\u00e4t. \u2013 F\u00fcr geltendes internationales Recht, f\u00fcr unversehrtes Territorium, f\u00fcr freie Schifffahrt. Es ist an der Zeit, dass Deutschland auch ein solches Zeichen setzt, indem wir mit unseren Verb\u00fcndeten Pr\u00e4senz in der Region zeigen. Weil wir ein Interesse daran haben, dass bestehendes Recht respektiert wird. \u2026 Dabei, das ist meine tiefe \u00dcberzeugung, hilft uns ein starkes, einiges Europa.\u201c\u00a0<\/em><\/p>\n<p>Da haben wir den feuchten Traum unserer selbsterkl\u00e4ren Eliten: Deutschland als europ\u00e4ische F\u00fchrungsmacht \u00fcbernimmt mehr Verantwortung und h\u00e4lt f\u00fcr die USA nicht mehr nur die Wacht am Hindukusch, sondern bald schon im S\u00fcdchinesischen Meer. Von der neuen Position ganz eng an der Seite des Leitwolfs verspricht sich Berlin einen h\u00f6heren Anteil an der Beute in Form von wirtschaftlichem und politischem Einfluss und Privilegien in der wachstumsst\u00e4rksten Region des Globus.<\/p>\n<p>Was AKK dann auch noch zu Russland sagt, schl\u00e4gt dem Fass den Boden aus. Vollkommen unbek\u00fcmmert von den tats\u00e4chlichen Entwicklungen nach dem Ende des Kalten Kriegs stellt sie in ge\u00fcbtem Orwellschen Neusprech die Tatsachen auf den Kopf. Denn laut AKK ist nicht die NATO an die russischen Grenzen vorger\u00fcckt, sondern sie Russen an die NATO-Grenzen. Hier folgt im O-Ton, was AKK den Russen vorwirft:<\/p>\n<p>Zitat: <em>\u201eRussland setzt gleichzeitig unbeirrt seine stetige Aus-, ja Aufr\u00fcstung mit konventionell und nuklear best\u00fcckten Raketensystemen fort \u2013 in direkter Nachbarschaft der Europ\u00e4ischen Union, unmittelbar an der Ostgrenze der NATO. Das strategische Gleichgewicht und potenziell auch die nukleare Balance in Europa werden dadurch empfindlich gest\u00f6rt.\u201c<\/em><\/p>\n<p>Unglaublich! \u2014 Diese verdrehte, von AKK vorgetragene Logik ihrer Redenschreiber im Verteidigungsministerium erinnert an die Cartoon-Zeichnung, die eine Landkarte von Russland zeigt, auf der die real existierenden US- und NATO-Milit\u00e4rbasen rund um Russland geographisch exakt eingezeichnet sind. Der Text dazu lautet: Diese Karte zeigt wie aggressiv die Russen sind, denn ihre Grenzen liegen ganz dicht an unseren Milit\u00e4rbasen.<\/p>\n<p>Bei so viel aggressiver Volksverdummung durch AKK und den Rest der Bundesregierung kann man sich nur noch w\u00fcnschen, dass das Trump Team in den Swing-Staaten in den USA doch noch den Wahlbetrug schl\u00fcssig beweisen kann und der Donald mit all seinen Fehlern vier weitere Jahre im Amt bleibt und alle US-Truppen aus dem Mittleren Osten und Europa abzieht und die NATO im Atlantik versenkt.<\/p>\n<p>So ganz abwegig ist das nicht. Denn inzwischen hat das Trump Team bei der Aufdeckung von Betrug und Unstimmigkeiten bei den Stimmenausz\u00e4hlungen in fast allen US-Bundesstaaten, die das \u201eZ\u00fcnglein an der Waage\u201c spielen, erhebliche Fortschritte gemacht. Bei dem oft nur hauchd\u00fcnnen Vorsprung Bidens k\u00f6nnte das letztlich ausreichen, dass Trump die f\u00fcr den Sieg notwendigen Wahlm\u00e4nnerstimmen doch noch bekommt.<\/p>\n<p>Wie auch immer die Sache letztlich ausgeht, Graham Summers, Direktor f\u00fcr Marktstrategie des US-Finanzunternehmens \u201ePhoenix Capital\u201c hat sicher Recht, wenn er letzte Woche in einem Rundbrief an Kunden gewarnt hat: <em>\u201eDie n\u00e4chsten Monate werden in den USA extrem h\u00e4sslich sein. Das Land war bereits vor dieser Wahl tief gespalten. Und leider wird es nur noch schlimmer werden. Tatsache ist, dass Joe Biden diese Wahl noch nicht gewonnen hat.\u201c<\/em><\/p>\n<p style=\"text-align: right;\"><em>Rainer Rupp ist Mitglied des Beirats des Deutschen Freidenker-Verbandes<\/em><\/p>\n<p><span style=\"font-size: 10pt;\">Link zur Erstver\u00f6ffentlichung bei KenFM: <a href=\"https:\/\/kenfm.de\/verantwortung-uebernehmen-wie-wir-hinters-licht-gefuehrt-werden-von-rainer-rupp\/\" target=\"_blank\" rel=\"noopener noreferrer\">https:\/\/kenfm.de\/verantwortung-uebernehmen-wie-wir-hinters-licht-gefuehrt-werden-von-rainer-rupp\/<\/a><\/span><\/p>\n<hr \/>\n<p><span style=\"font-size: 10pt;\">Bildcollage: Ralf Lux, unter Verwendung von:<br \/>\n<\/span><span style=\"font-size: 10pt;\">&#8211; Donald Trump: <a href=\"https:\/\/pixabay.com\/de\/illustrations\/donald-trump-trump-donald-2005343\/\" target=\"_blank\" rel=\"noopener noreferrer\">pixabay.com<\/a> \/ <a class=\"hover_opacity\" href=\"https:\/\/pixabay.com\/de\/users\/heblo-1758675\/\">heblo<\/a> \/ <a href=\"https:\/\/pixabay.com\/de\/service\/license\/\">Pixabay License<\/a><br \/>\n<\/span><span style=\"font-size: 10pt;\">&#8211; Joe Biden: <a href=\"https:\/\/pixabay.com\/de\/illustrations\/l%C3%A4cheln-politiker-mann-erwachsene-5621670\/\" target=\"_blank\" rel=\"noopener noreferrer\">pixabay.com<\/a> \/ <a class=\"hover_opacity\" href=\"https:\/\/pixabay.com\/de\/users\/heblo-1758675\/\">heblo<\/a> \/ <a href=\"https:\/\/pixabay.com\/de\/service\/license\/\">Pixabay License<\/a><\/span><\/p>\n","protected":false},"excerpt":{"rendered":"<p><b>Ein Kommentar von Rainer Rupp.<\/b><br \/>\nWer den Fehler macht, sich \u00fcber \u00d6ffentlichrechtliche- und Konzernmedien zu informieren, der ist inzwischen \u00fcberzeugt, dass die US-Pr\u00e4sidentschaftswahlen bereits vor zwei Wochen beendet waren und Joe Biden der Gewinner ist. Tats\u00e4chlich wird es noch einige weitere Wochen keinen klaren Sieger geben. Aber warum wird die Bev\u00f6lkerung in Deutschland von unseren angeblichen \u201eQualit\u00e4tsmedien\u201c absichtlich in die Irre gef\u00fchrt?<br \/>\nLaut den Mainstream Medien in den USA, Deutschland und in den anderen L\u00e4ndern des sogenannten Wertewestens ist der rassistische und rechtsradikale Trump ein orangefarbenes Monster, das nicht bereit ist, seine dem\u00fctigende Niederlage zu akzeptieren. <\/p>\n","protected":false},"author":3,"featured_media":8918,"comment_status":"closed","ping_status":"closed","sticky":false,"template":"","format":"standard","meta":{"colormag_page_container_layout":"default_layout","colormag_page_sidebar_layout":"default_layout","advanced_seo_description":"","jetpack_seo_html_title":"","jetpack_seo_noindex":false,"jetpack_post_was_ever_published":false,"footnotes":""},"categories":[12],"tags":[1021,1332,56,1168,422,185,1313],"class_list":["post-8914","post","type-post","status-publish","format-standard","has-post-thumbnail","hentry","category-demokratie-medien-aufklaerung","tag-donald-trump","tag-joe-biden","tag-nato","tag-russophobie","tag-ruestung","tag-usa","tag-wahlen"],"jetpack_featured_media_url":"https:\/\/i0.wp.com\/www.freidenker.org\/fw17\/wp-content\/uploads\/2020\/11\/trump_biden_coll_800x450.jpg?fit=800%2C450&ssl=1","jetpack_shortlink":"https:\/\/wp.me\/p9stpK-2jM","jetpack-related-posts":[{"id":9078,"url":"https:\/\/www.freidenker.org\/?p=9078","url_meta":{"origin":8914,"position":0},"title":"Medizin gegen politischen Brechreiz","author":"Webredaktion","date":"25. Dezember 2020","format":false,"excerpt":"Ein Kommentar von Rainer Rupp Bei KenFM werden die Gr\u00fcnde f\u00fcr das erneut weitverbreitete und wachsende politische Unwohlsein in unserem Land regelm\u00e4\u00dfig thematisiert. Gegen einen dieser Gr\u00fcnde, n\u00e4mlich gegen die irrationale und den Interessen unseres Landes zuwiderlaufende Aggressivit\u00e4t der Bundesregierung gegen Russland, schlage ich im zweiten Teil der heutigen Tagesdosis\u2026","rel":"","context":"In &quot;Frieden - Antifaschismus - Solidarit\u00e4t&quot;","block_context":{"text":"Frieden - Antifaschismus - Solidarit\u00e4t","link":"https:\/\/www.freidenker.org\/?cat=13"},"img":{"alt_text":"","src":"https:\/\/i0.wp.com\/www.freidenker.org\/fw17\/wp-content\/uploads\/2020\/12\/putin_veteranen_kremlin_800x450.jpg?fit=800%2C450&ssl=1&resize=350%2C200","width":350,"height":200,"srcset":"https:\/\/i0.wp.com\/www.freidenker.org\/fw17\/wp-content\/uploads\/2020\/12\/putin_veteranen_kremlin_800x450.jpg?fit=800%2C450&ssl=1&resize=350%2C200 1x, https:\/\/i0.wp.com\/www.freidenker.org\/fw17\/wp-content\/uploads\/2020\/12\/putin_veteranen_kremlin_800x450.jpg?fit=800%2C450&ssl=1&resize=525%2C300 1.5x, https:\/\/i0.wp.com\/www.freidenker.org\/fw17\/wp-content\/uploads\/2020\/12\/putin_veteranen_kremlin_800x450.jpg?fit=800%2C450&ssl=1&resize=700%2C400 2x"},"classes":[]},{"id":8987,"url":"https:\/\/www.freidenker.org\/?p=8987","url_meta":{"origin":8914,"position":1},"title":"Umgang mit Russland in \u201ebester deutscher Tradition\u201c!","author":"Webredaktion","date":"13. Dezember 2020","format":false,"excerpt":"Ein Kommentar von Rainer Rupp. Anfang der Woche hatten die Au\u00dfenminister der Nordatlantischen Terror Organisation NATO ihr allj\u00e4hrliches Treffen abgehalten, diesmal Corona-konform per Videokonferenz. Im Visier der NATO-Angriffspolitiker haben stets die L\u00e4nder gestanden, die sich noch nicht aus freien St\u00fccken den Forderungen der westlichen Un-Wertegemeinschaft unterworfen und ihre nationale Souver\u00e4nit\u00e4t\u2026","rel":"","context":"In &quot;Frieden - Antifaschismus - Solidarit\u00e4t&quot;","block_context":{"text":"Frieden - Antifaschismus - Solidarit\u00e4t","link":"https:\/\/www.freidenker.org\/?cat=13"},"img":{"alt_text":"","src":"https:\/\/i0.wp.com\/www.freidenker.org\/fw17\/wp-content\/uploads\/2020\/12\/Kramp-Karrenbauer_CDU_Parteitag_2014_by_Olaf_Kosinsky-13_800x445.jpg?fit=800%2C450&ssl=1&resize=350%2C200","width":350,"height":200,"srcset":"https:\/\/i0.wp.com\/www.freidenker.org\/fw17\/wp-content\/uploads\/2020\/12\/Kramp-Karrenbauer_CDU_Parteitag_2014_by_Olaf_Kosinsky-13_800x445.jpg?fit=800%2C450&ssl=1&resize=350%2C200 1x, https:\/\/i0.wp.com\/www.freidenker.org\/fw17\/wp-content\/uploads\/2020\/12\/Kramp-Karrenbauer_CDU_Parteitag_2014_by_Olaf_Kosinsky-13_800x445.jpg?fit=800%2C450&ssl=1&resize=525%2C300 1.5x, https:\/\/i0.wp.com\/www.freidenker.org\/fw17\/wp-content\/uploads\/2020\/12\/Kramp-Karrenbauer_CDU_Parteitag_2014_by_Olaf_Kosinsky-13_800x445.jpg?fit=800%2C450&ssl=1&resize=700%2C400 2x"},"classes":[]},{"id":11044,"url":"https:\/\/www.freidenker.org\/?p=11044","url_meta":{"origin":8914,"position":2},"title":"Die Renaissance der Kohlekraftwerke","author":"Webredaktion","date":"14. August 2021","format":false,"excerpt":"Kommentar von Rainer Rupp Totgesagte leben l\u00e4nger. Das scheint auch beim angeblichen Klima-Killer Kohle der Fall zu sein. Denn inmitten all des Geredes \u00fcber die angeblich menschen-gemachte globale Erw\u00e4rmung ist das kurzzeitig in gr\u00fcnen Verruf gekommene \u201eschwarze Gold\u201c von den Kohlekraftwerken so begehrt wie schon lange nicht mehr. Angesichts der\u2026","rel":"","context":"In &quot;Arbeit &amp; Soziales&quot;","block_context":{"text":"Arbeit &amp; Soziales","link":"https:\/\/www.freidenker.org\/?cat=11"},"img":{"alt_text":"","src":"https:\/\/i0.wp.com\/www.freidenker.org\/fw17\/wp-content\/uploads\/2021\/08\/kohlekraftwerk-2411932_800x450.jpg?fit=800%2C450&ssl=1&resize=350%2C200","width":350,"height":200,"srcset":"https:\/\/i0.wp.com\/www.freidenker.org\/fw17\/wp-content\/uploads\/2021\/08\/kohlekraftwerk-2411932_800x450.jpg?fit=800%2C450&ssl=1&resize=350%2C200 1x, https:\/\/i0.wp.com\/www.freidenker.org\/fw17\/wp-content\/uploads\/2021\/08\/kohlekraftwerk-2411932_800x450.jpg?fit=800%2C450&ssl=1&resize=525%2C300 1.5x, https:\/\/i0.wp.com\/www.freidenker.org\/fw17\/wp-content\/uploads\/2021\/08\/kohlekraftwerk-2411932_800x450.jpg?fit=800%2C450&ssl=1&resize=700%2C400 2x"},"classes":[]},{"id":6702,"url":"https:\/\/www.freidenker.org\/?p=6702","url_meta":{"origin":8914,"position":3},"title":"USA-Iran: Makabrer Tanz am Rande des Abgrunds","author":"Webredaktion","date":"14. Juli 2019","format":false,"excerpt":"In der Rubrik Tagesdosis wurde am 12.07.2019 bei KenFM der Beitrag \u201eUSA-Iran: Makabrer Tanz am Rande des Abgrunds\u201c von Rainer Rupp, Mitglied des Beirats des Deutschen Freidenker-Verbandes, ver\u00f6ffentlicht. Weder Trump noch Iran wollen einen hei\u00dfen Krieg. Nicht nur die Weltwirtschaft, und damit auch die US-Wirtschaft, w\u00fcrden durch den Krieg schwer\u2026","rel":"","context":"In &quot;Frieden - Antifaschismus - Solidarit\u00e4t&quot;","block_context":{"text":"Frieden - Antifaschismus - Solidarit\u00e4t","link":"https:\/\/www.freidenker.org\/?cat=13"},"img":{"alt_text":"","src":"https:\/\/i0.wp.com\/www.freidenker.org\/fw17\/wp-content\/uploads\/2019\/07\/iran-usa-ziel-geopolitik-agnes-karikaturen-800x445.jpg?fit=800%2C445&ssl=1&resize=350%2C200","width":350,"height":200,"srcset":"https:\/\/i0.wp.com\/www.freidenker.org\/fw17\/wp-content\/uploads\/2019\/07\/iran-usa-ziel-geopolitik-agnes-karikaturen-800x445.jpg?fit=800%2C445&ssl=1&resize=350%2C200 1x, https:\/\/i0.wp.com\/www.freidenker.org\/fw17\/wp-content\/uploads\/2019\/07\/iran-usa-ziel-geopolitik-agnes-karikaturen-800x445.jpg?fit=800%2C445&ssl=1&resize=525%2C300 1.5x, https:\/\/i0.wp.com\/www.freidenker.org\/fw17\/wp-content\/uploads\/2019\/07\/iran-usa-ziel-geopolitik-agnes-karikaturen-800x445.jpg?fit=800%2C445&ssl=1&resize=700%2C400 2x"},"classes":[]},{"id":8566,"url":"https:\/\/www.freidenker.org\/?p=8566","url_meta":{"origin":8914,"position":4},"title":"Gates-Stiftung kauft von den Medien wohlwollende Berichterstattung","author":"Webredaktion","date":"31. August 2020","format":false,"excerpt":"Kommentar von Rainer Rupp Das US-Medien-Magazin \u201eColumbia Journalism Review (CJR)\u201c ... findet \u2013 ebenso wir die anderen blinden H\u00fchner New York Times, Washington Post und der CCN-Fake News Sender \u2013 hin und wieder auch ein Korn Wahrheit. Das war j\u00fcngst der Fall, als am 21. August Tim Schwab im CJR-Magazin\u2026","rel":"","context":"In &quot;Demokratie \u2013 Medien \u2013 Aufkl\u00e4rung&quot;","block_context":{"text":"Demokratie \u2013 Medien \u2013 Aufkl\u00e4rung","link":"https:\/\/www.freidenker.org\/?cat=12"},"img":{"alt_text":"","src":"https:\/\/i0.wp.com\/www.freidenker.org\/fw17\/wp-content\/uploads\/2020\/08\/dollar-1968710_800x450.jpg?fit=800%2C450&ssl=1&resize=350%2C200","width":350,"height":200,"srcset":"https:\/\/i0.wp.com\/www.freidenker.org\/fw17\/wp-content\/uploads\/2020\/08\/dollar-1968710_800x450.jpg?fit=800%2C450&ssl=1&resize=350%2C200 1x, https:\/\/i0.wp.com\/www.freidenker.org\/fw17\/wp-content\/uploads\/2020\/08\/dollar-1968710_800x450.jpg?fit=800%2C450&ssl=1&resize=525%2C300 1.5x, https:\/\/i0.wp.com\/www.freidenker.org\/fw17\/wp-content\/uploads\/2020\/08\/dollar-1968710_800x450.jpg?fit=800%2C450&ssl=1&resize=700%2C400 2x"},"classes":[]},{"id":9033,"url":"https:\/\/www.freidenker.org\/?p=9033","url_meta":{"origin":8914,"position":5},"title":"H\u00e4ssliche Fratzen hinter frommem Antlitz der EU-Menschenrechtsritter","author":"Webredaktion","date":"19. Dezember 2020","format":false,"excerpt":"Ein Kommentar von Rainer Rupp. Am Montag dieser Woche, am 7. Dezember, haben sich die Au\u00dfenminister der EU-Mitgliedstaaten \u00fcber neue Ma\u00dfnahmen der Europ\u00e4ischen Union verst\u00e4ndigt, um L\u00e4nder au\u00dferhalb der EU bei Menschenrechtsverletzungen schneller mit Strafen zu sanktionieren. Bei L\u00e4ndern in der EU, wie z.B. bei den groben Menschenrechtsverletzungen einschlie\u00dflich Folter\u2026","rel":"","context":"In &quot;Demokratie \u2013 Medien \u2013 Aufkl\u00e4rung&quot;","block_context":{"text":"Demokratie \u2013 Medien \u2013 Aufkl\u00e4rung","link":"https:\/\/www.freidenker.org\/?cat=12"},"img":{"alt_text":"","src":"https:\/\/i0.wp.com\/www.freidenker.org\/fw17\/wp-content\/uploads\/2020\/12\/Assange_demo_uz_800x450.jpg?fit=800%2C450&ssl=1&resize=350%2C200","width":350,"height":200,"srcset":"https:\/\/i0.wp.com\/www.freidenker.org\/fw17\/wp-content\/uploads\/2020\/12\/Assange_demo_uz_800x450.jpg?fit=800%2C450&ssl=1&resize=350%2C200 1x, https:\/\/i0.wp.com\/www.freidenker.org\/fw17\/wp-content\/uploads\/2020\/12\/Assange_demo_uz_800x450.jpg?fit=800%2C450&ssl=1&resize=525%2C300 1.5x, https:\/\/i0.wp.com\/www.freidenker.org\/fw17\/wp-content\/uploads\/2020\/12\/Assange_demo_uz_800x450.jpg?fit=800%2C450&ssl=1&resize=700%2C400 2x"},"classes":[]}],"_links":{"self":[{"href":"https:\/\/www.freidenker.org\/index.php?rest_route=\/wp\/v2\/posts\/8914","targetHints":{"allow":["GET"]}}],"collection":[{"href":"https:\/\/www.freidenker.org\/index.php?rest_route=\/wp\/v2\/posts"}],"about":[{"href":"https:\/\/www.freidenker.org\/index.php?rest_route=\/wp\/v2\/types\/post"}],"author":[{"embeddable":true,"href":"https:\/\/www.freidenker.org\/index.php?rest_route=\/wp\/v2\/users\/3"}],"replies":[{"embeddable":true,"href":"https:\/\/www.freidenker.org\/index.php?rest_route=%2Fwp%2Fv2%2Fcomments&post=8914"}],"version-history":[{"count":0,"href":"https:\/\/www.freidenker.org\/index.php?rest_route=\/wp\/v2\/posts\/8914\/revisions"}],"wp:featuredmedia":[{"embeddable":true,"href":"https:\/\/www.freidenker.org\/index.php?rest_route=\/wp\/v2\/media\/8918"}],"wp:attachment":[{"href":"https:\/\/www.freidenker.org\/index.php?rest_route=%2Fwp%2Fv2%2Fmedia&parent=8914"}],"wp:term":[{"taxonomy":"category","embeddable":true,"href":"https:\/\/www.freidenker.org\/index.php?rest_route=%2Fwp%2Fv2%2Fcategories&post=8914"},{"taxonomy":"post_tag","embeddable":true,"href":"https:\/\/www.freidenker.org\/index.php?rest_route=%2Fwp%2Fv2%2Ftags&post=8914"}],"curies":[{"name":"wp","href":"https:\/\/api.w.org\/{rel}","templated":true}]}}