{"id":8900,"date":"2020-11-16T21:19:32","date_gmt":"2020-11-16T20:19:32","guid":{"rendered":"https:\/\/www.freidenker.org\/?p=8900"},"modified":"2020-12-19T19:19:03","modified_gmt":"2020-12-19T18:19:03","slug":"gegen-das-neue-infektionsschutz-ermaechtigungsgesetz","status":"publish","type":"post","link":"https:\/\/www.freidenker.org\/?p=8900","title":{"rendered":"Gegen das neue &#8222;Infektionsschutz-Erm\u00e4chtigungsgesetz&#8220;"},"content":{"rendered":"<p><strong>Dokumentiert: Stellungnahme der Gewerkschaft ver.di<\/strong><\/p>\n<p>Auch wenn die Regierung und die ihr ergebene Journaille anderes behaupten: Kritik am &#8222;Corona-Regime&#8220; kommt keineswegs nur von &#8222;abseitigen Querdenkern&#8220; und &#8222;obskurantistischen Verschw\u00f6rungstheoretikern&#8220; oder wie die Diffamierungsvokabeln zur Ruhigstellung jeder Kritik noch lauten; sie kommen auch von angesehenen Wissenschaftlern, Juristen und Fachinstitutionen.<\/p>\n<p>J\u00fcngster Anlass ist der Plan der Bundesregierung, quasi als &#8222;Blitzgesetz&#8220; eine Novellierung des Infektionsschutzgesetzes durch das Parlament zu bringen, ausf\u00fchrlich: Entwurf eines Dritten Gesetzes zum Schutz der Bev\u00f6lkerung bei einer epidemischen Lage von nationaler Tragweite, Drucksache 19\/23944,\u00a0<a href=\"https:\/\/dip21.bundestag.de\/dip21\/btd\/19\/239\/1923944.pdf\">dip21.bundestag.de\/dip21\/btd\/19\/239\/1923944.pdf<\/a><\/p>\n<p>Trotz des unspektakul\u00e4ren Namens und der harmlosen Begr\u00fcndung, damit wolle man die Ma\u00dfnahmen &#8222;grundgesetzkonform&#8220; machen, ist die Tragweite immens und eher das Gegenteil von verfassungskonform: das Gesundheitsministerium soll ohne Zustimmung des Bundesrates durch Ukase &#8211; pardon: Verordnungen durchregieren, und Grundrechte wie Gewerbefreiheit einschr\u00e4nken k\u00f6nnen. Sogar die st\u00e4ndig dementierte &#8222;Verschw\u00f6rungstheorie&#8220; einer Impfpflicht soll durch die Hintert\u00fcr eingef\u00fchrt werden.<\/p>\n<p>Der Pr\u00e4sident des Verfassungsgerichtshofs Rheinland-Pfalz, Lars Brocker, nennt das ein &#8222;vom parlamentarischen Gesetzgeber abgekoppeltes Sonderrechtsregime&#8230; zunehmend in Konflikt mit den rechtsstaatlichen Vorgaben der Verfassung&#8220;. (<a href=\"https:\/\/www.n-tv.de\/politik\/Jurist-warnt-vor-Corona-Regelungsregime-article22101079.html\">https:\/\/www.n-tv.de\/politik\/Jurist-warnt-vor-Corona-Regelungsregime-article22101079.html<\/a>) Der ehemalige Pr\u00e4sident des Karlsruher Bundesverfassungsgerichts Hans-J\u00fcrgen Papier sieht &#8222;die Gefahr einer &#8218;Erosion des Rechtsstaats&#8216; und stellt fest: &#8222;Das verfassungsrechtlich legitime Anliegen, die Gesundheit und das Leben der Bev\u00f6lkerung zu sch\u00fctzen, berechtigt nicht zu Freiheitseinschr\u00e4nkungen jedweder Art.&#8220; (<a href=\"https:\/\/www.nzz.ch\/international\/hans-juergen-papier-warnt-vor-aushoehlung-der-grundrechte-ld.1582544\">www.nzz.ch\/international\/hans-juergen-papier-warnt-vor-aushoehlung-der-grundrechte-ld.1582544<\/a>).<\/p>\n<p>Zur Verdeutlichung der Breite der gesellschaftlichen Kritik dokumentieren wir die <strong>Stellungnahme der Vereinigten Dienstleistungsgewerkschaft ver.di vom 10.11.2020 zum Gesetzentwurf<\/strong>. Wir stimmen nicht mit allen Einsch\u00e4tzungen \u00fcberein, z.B. dass &#8222;die Pandemiebew\u00e4ltigungsstrategien in Deutschland weltweit Anerkennung erhalten&#8220; h\u00e4tten. Doch wo die Kritik konkret wird, ist sie \u00e4u\u00dferst treffend:<\/p>\n<ul>\n<li>dass der Infektions-Schwellenwert viel zu unbestimmt und beliebig ist, um daran ankn\u00fcpfend weitreichende Grundrechtseingriffe zu rechtfertigen;<\/li>\n<li>die willk\u00fcrliche Ausweitung von Tests auch asymptomatischer Personen;<\/li>\n<li>regelm\u00e4\u00dfig falsch positive Befunde der PCR-Tests;<\/li>\n<li>keine Differenzierung zwischen Regionen mit geringerer Ansteckungsgefahr und mit erh\u00f6htem Infektionsrisiko (&#8222;auch eine Gleichbehandlung von ungleichen Sachverhalten ist verboten&#8220;);<\/li>\n<li>medizinischer Nutzen vieler Ma\u00dfnahmen ist wissenschaftlich h\u00f6chst umstritten;<\/li>\n<li>viel zu weitgehende und unverh\u00e4ltnism\u00e4\u00dfige Einschr\u00e4nkung der Grundrechte von Besch\u00e4ftigten und<\/li>\n<li>die Gefahr von wirtschaftlichen und sozialen Kollateralsch\u00e4den f\u00fcr von Schlie\u00dfung und Verboten betroffenen Branchen.<\/li>\n<\/ul>\n<p>Weiterhin lehnt ver.di ab:<\/p>\n<ul>\n<li>die Einf\u00fchrung eines Immunit\u00e4tsnachweises durch die Hintert\u00fcr in Form einer Impfdokumentation durch RechtsVO mit entsprechender Diskriminierung bei Nichtnachweis;<\/li>\n<li>die Einf\u00fchrung einer Regelung, \u00e4rztliche Untersuchungen durch RechtsVO anweisen zu k\u00f6nnen &#8211; Beeintr\u00e4chtigung des Grundrecht auf k\u00f6rperliche Unversehrtheit, ohne Einwilligung der Betroffenen liegt sogar eine strafbare K\u00f6rperverletzung vor;<\/li>\n<li>dass Besch\u00e4ftigte von Verkehrsunternehmen und anderen verpflichtet werden sollen, Kontroll- und \u00dcberwachungsaufgaben (hoheitliche Aufgaben) auszuf\u00fchren.<\/li>\n<\/ul>\n<p>Nach einer Reihe detaillierter sozialpolitischer Forderungen kommt die Gewerkschaft zu dem Schluss: &#8222;die Verabschiedung eines formellen Gesetzes (kann) nicht \u00fcber den materiellrechtlich gleichwohl andauernden, gr\u00f6\u00dften kollektiven und teilweise durchaus unverh\u00e4ltnism\u00e4\u00dfigen Grundrechtseingriff in der Geschichte der Bundesrepublik hinwegt\u00e4uschen&#8220;.<\/p>\n<hr \/>\n<h4>Stellungnahme der Vereinten Dienstleistungsgewerkschaft \u2013 ver.di<\/h4>\n<p><span style=\"font-size: 14pt;\">zum<\/span><\/p>\n<h4>Gesetzentwurf der Fraktionen CDU\/CSU und SPD<\/h4>\n<h5>Entwurf eines Dritten Gesetzes zum Schutz der Bev\u00f6lkerung bei einer epidemischen Lage von nationaler Tragweite (BT-Drs. 19\/23944)<\/h5>\n<p><img data-recalc-dims=\"1\" loading=\"lazy\" decoding=\"async\" data-attachment-id=\"1076\" data-permalink=\"https:\/\/www.freidenker.org\/?attachment_id=1076\" data-orig-file=\"https:\/\/i0.wp.com\/www.freidenker.org\/fw17\/wp-content\/uploads\/2017\/10\/pdf_icon-2.png?fit=32%2C32&amp;ssl=1\" data-orig-size=\"32,32\" data-comments-opened=\"0\" data-image-meta=\"{&quot;aperture&quot;:&quot;0&quot;,&quot;credit&quot;:&quot;&quot;,&quot;camera&quot;:&quot;&quot;,&quot;caption&quot;:&quot;&quot;,&quot;created_timestamp&quot;:&quot;0&quot;,&quot;copyright&quot;:&quot;&quot;,&quot;focal_length&quot;:&quot;0&quot;,&quot;iso&quot;:&quot;0&quot;,&quot;shutter_speed&quot;:&quot;0&quot;,&quot;title&quot;:&quot;&quot;,&quot;orientation&quot;:&quot;0&quot;}\" data-image-title=\"pdf_icon\" data-image-description=\"\" data-image-caption=\"\" data-large-file=\"https:\/\/i0.wp.com\/www.freidenker.org\/fw17\/wp-content\/uploads\/2017\/10\/pdf_icon-2.png?fit=32%2C32&amp;ssl=1\" class=\"alignnone size-full wp-image-1076\" src=\"https:\/\/i0.wp.com\/www.freidenker.org\/fw17\/wp-content\/uploads\/2017\/10\/pdf_icon-2.png?resize=32%2C32&#038;ssl=1\" alt=\"\" width=\"32\" height=\"32\" \/> <span style=\"font-size: 14pt;\"><strong><a href=\"https:\/\/www.freidenker.org\/fw17\/wp-content\/uploads\/2020\/11\/19_14_0246-14-_Vereinte-Dienstleistungsgewerkschaft-3-BevSchG-data.pdf\" target=\"_blank\" rel=\"noopener noreferrer\">Download <\/a><\/strong>(PDF-Dokument, ca. 622 KB)<\/span><\/p>\n<hr \/>\n<p><span style=\"font-size: 10pt;\">Collage: Ralf Lux, unter Verwendung eines Fotos von Gerd Eichmann &#8211; Own work, <a href=\"https:\/\/creativecommons.org\/licenses\/by-sa\/4.0\" target=\"_blank\" rel=\"noopener noreferrer\">CC BY-SA 4.0<\/a>, <\/span><br \/>\n<span style=\"font-size: 10pt;\">Quelle: <a href=\"https:\/\/commons.wikimedia.org\/w\/index.php?curid=90747511\" target=\"_blank\" rel=\"noopener noreferrer\">https:\/\/commons.wikimedia.org\/w\/index.php?curid=90747511<\/a><\/span><\/p>\n","protected":false},"excerpt":{"rendered":"<p><b>Dokumentiert: Stellungnahme der Gewerkschaft ver.di<\/b><br \/>\nAuch wenn die Regierung und die ihr ergebene Journaille anderes behaupten: Kritik am &#8222;Corona-Regime&#8220; kommt keineswegs nur von &#8222;abseitigen Querdenkern&#8220; und &#8222;obskurantistischen Verschw\u00f6rungstheoretikern&#8220; oder wie die Diffamierungsvokabeln zur Ruhigstellung jeder Kritik noch lauten; sie kommen auch von angesehenen Wissenschaftlern, Juristen und Fachinstitutionen.<br \/>\nJ\u00fcngster Anlass ist der Plan der Bundesregierung, quasi als &#8222;Blitzgesetz&#8220; eine Novellierung des Infektionsschutzgesetzes durch das Parlament zu bringen, &#8230;.<br \/>\nZur Verdeutlichung der Breite der gesellschaftlichen Kritik dokumentieren wir die Stellungnahme der Vereinigten Dienstleistungsgewerkschaft ver.di vom 10.11.2020 zum Gesetzentwurf.<\/p>\n","protected":false},"author":3,"featured_media":8904,"comment_status":"closed","ping_status":"closed","sticky":false,"template":"","format":"standard","meta":{"colormag_page_container_layout":"default_layout","colormag_page_sidebar_layout":"default_layout","advanced_seo_description":"","jetpack_seo_html_title":"","jetpack_seo_noindex":false,"jetpack_post_was_ever_published":false,"footnotes":""},"categories":[11],"tags":[1032,477,1256,1273,1303,1257],"class_list":["post-8900","post","type-post","status-publish","format-standard","has-post-thumbnail","hentry","category-arbeit-soziales","tag-bundesregierung","tag-bundestag","tag-corona-virus","tag-demokratische-grundrechte","tag-gesetzentwurf","tag-pandemie"],"jetpack_featured_media_url":"https:\/\/i0.wp.com\/www.freidenker.org\/fw17\/wp-content\/uploads\/2020\/11\/verdi_covid_800x450.jpg?fit=800%2C450&ssl=1","jetpack_shortlink":"https:\/\/wp.me\/p9stpK-2jy","jetpack-related-posts":[{"id":17463,"url":"https:\/\/www.freidenker.org\/?p=17463","url_meta":{"origin":8900,"position":0},"title":"Hamas-Bet\u00e4tigungsverbot: Frau Faesers Gift f\u00fcr die Gesellschaft","author":"Webredaktion","date":"6. November 2023","format":false,"excerpt":"Beitrag von Gert Ewen Ungar \"Antisemitismus hat in Deutschland keinen Platz, wir werden ihn mit aller Kraft bek\u00e4mpfen.\" Dies erkl\u00e4rte Innenministerin Nancy Faeser, womit sie das Bet\u00e4tigungsverbot der Hamas in Deutschland begr\u00fcndete. Gleichzeitig wird der Verein Samidoun verboten, weil er nach Einsch\u00e4tzung der Bundesregierung israel- und judenfeindliche Propaganda verbreitet. Konkret\u2026","rel":"","context":"In &quot;Demokratie \u2013 Medien \u2013 Aufkl\u00e4rung&quot;","block_context":{"text":"Demokratie \u2013 Medien \u2013 Aufkl\u00e4rung","link":"https:\/\/www.freidenker.org\/?cat=12"},"img":{"alt_text":"","src":"https:\/\/i0.wp.com\/www.freidenker.org\/fw17\/wp-content\/uploads\/2023\/11\/Hamas_Verbot.jpg?fit=800%2C450&ssl=1&resize=350%2C200","width":350,"height":200,"srcset":"https:\/\/i0.wp.com\/www.freidenker.org\/fw17\/wp-content\/uploads\/2023\/11\/Hamas_Verbot.jpg?fit=800%2C450&ssl=1&resize=350%2C200 1x, https:\/\/i0.wp.com\/www.freidenker.org\/fw17\/wp-content\/uploads\/2023\/11\/Hamas_Verbot.jpg?fit=800%2C450&ssl=1&resize=525%2C300 1.5x, https:\/\/i0.wp.com\/www.freidenker.org\/fw17\/wp-content\/uploads\/2023\/11\/Hamas_Verbot.jpg?fit=800%2C450&ssl=1&resize=700%2C400 2x"},"classes":[]},{"id":7120,"url":"https:\/\/www.freidenker.org\/?p=7120","url_meta":{"origin":8900,"position":1},"title":"Debatte um die Verbannung der US-Kriegsmaschinerie kommt in den Bundestag","author":"Webredaktion","date":"30. Oktober 2019","format":false,"excerpt":"Beitrag von Anneliese Fikentscher und Andreas Neumann Das ist als beachtlicher Erfolg zu werten: zum ersten Mal wird im Deutschen Bundestag der \"Vertrag \u00fcber den Aufenthalt ausl\u00e4ndischer Streitkr\u00e4fte in der Bundesrepublik\" (Truppenstationierungsvertrag) und dessen K\u00fcndigungsm\u00f6glichkeit in die Debatte eingebracht. Dies geschieht durch den Antrag \"Abzug der US-Soldaten aus Deutschland \"\u2026","rel":"","context":"In &quot;Frieden - Antifaschismus - Solidarit\u00e4t&quot;","block_context":{"text":"Frieden - Antifaschismus - Solidarit\u00e4t","link":"https:\/\/www.freidenker.org\/?cat=13"},"img":{"alt_text":"","src":"https:\/\/i0.wp.com\/www.freidenker.org\/fw17\/wp-content\/uploads\/2019\/10\/us_air_800x445.jpg?fit=800%2C445&ssl=1&resize=350%2C200","width":350,"height":200,"srcset":"https:\/\/i0.wp.com\/www.freidenker.org\/fw17\/wp-content\/uploads\/2019\/10\/us_air_800x445.jpg?fit=800%2C445&ssl=1&resize=350%2C200 1x, https:\/\/i0.wp.com\/www.freidenker.org\/fw17\/wp-content\/uploads\/2019\/10\/us_air_800x445.jpg?fit=800%2C445&ssl=1&resize=525%2C300 1.5x, https:\/\/i0.wp.com\/www.freidenker.org\/fw17\/wp-content\/uploads\/2019\/10\/us_air_800x445.jpg?fit=800%2C445&ssl=1&resize=700%2C400 2x"},"classes":[]},{"id":9603,"url":"https:\/\/www.freidenker.org\/?p=9603","url_meta":{"origin":8900,"position":2},"title":"Corona und die Rechtsentwicklung","author":"Webredaktion","date":"23. Februar 2021","format":false,"excerpt":"Der obrigkeitliche Umgang mit dem Virus und die Proteste dagegen haben verwirrende und gegens\u00e4tzliche Debatten ausgel\u00f6st, wohin die Reise politisch geht und worin die Gefahr einer Rechtsentwicklung zu erblicken ist. Wir dokumentieren dazu eine Stellungnahme der DKP Hannover; sie kommt zwar aus dem parteipolitischen Bereich, aber wir machen diese Ausnahme\u2026","rel":"","context":"In &quot;Demokratie \u2013 Medien \u2013 Aufkl\u00e4rung&quot;","block_context":{"text":"Demokratie \u2013 Medien \u2013 Aufkl\u00e4rung","link":"https:\/\/www.freidenker.org\/?cat=12"},"img":{"alt_text":"","src":"https:\/\/i0.wp.com\/www.freidenker.org\/fw17\/wp-content\/uploads\/2021\/02\/zwangsimpfung_antifa_061001a_800x450.jpg?fit=800%2C450&ssl=1&resize=350%2C200","width":350,"height":200,"srcset":"https:\/\/i0.wp.com\/www.freidenker.org\/fw17\/wp-content\/uploads\/2021\/02\/zwangsimpfung_antifa_061001a_800x450.jpg?fit=800%2C450&ssl=1&resize=350%2C200 1x, https:\/\/i0.wp.com\/www.freidenker.org\/fw17\/wp-content\/uploads\/2021\/02\/zwangsimpfung_antifa_061001a_800x450.jpg?fit=800%2C450&ssl=1&resize=525%2C300 1.5x, https:\/\/i0.wp.com\/www.freidenker.org\/fw17\/wp-content\/uploads\/2021\/02\/zwangsimpfung_antifa_061001a_800x450.jpg?fit=800%2C450&ssl=1&resize=700%2C400 2x"},"classes":[]},{"id":15492,"url":"https:\/\/www.freidenker.org\/?p=15492","url_meta":{"origin":8900,"position":3},"title":"Impfsch\u00e4den und Freiheitsrechte: Medien best\u00e4tigen die Corona-Kritiker","author":"Webredaktion","date":"14. M\u00e4rz 2023","format":false,"excerpt":"Beitrag von Thomas R\u00f6per Um zu verstehen, was die derzeitigen Medienberichte \u00fcber Hunderttausende Impfsch\u00e4den und \u00fcber das Eingest\u00e4ndnis, dass die Corona-Ma\u00dfnahmen \"unsinnig, \u00fcberzogen, rechtswidrig\" waren (Spiegel), bedeuten, m\u00fcssen wir uns noch einmal an die leidige Corona-Zeit erinnern. ... Die Thesen der Querdenker waren erstens, dass COVID-19 keine gef\u00e4hrliche Seuche, sondern\u2026","rel":"","context":"In &quot;Demokratie \u2013 Medien \u2013 Aufkl\u00e4rung&quot;","block_context":{"text":"Demokratie \u2013 Medien \u2013 Aufkl\u00e4rung","link":"https:\/\/www.freidenker.org\/?cat=12"},"img":{"alt_text":"","src":"https:\/\/i0.wp.com\/www.freidenker.org\/fw17\/wp-content\/uploads\/2023\/03\/sitzplatz-abstandhalter_800x450.jpg?fit=800%2C450&ssl=1&resize=350%2C200","width":350,"height":200,"srcset":"https:\/\/i0.wp.com\/www.freidenker.org\/fw17\/wp-content\/uploads\/2023\/03\/sitzplatz-abstandhalter_800x450.jpg?fit=800%2C450&ssl=1&resize=350%2C200 1x, https:\/\/i0.wp.com\/www.freidenker.org\/fw17\/wp-content\/uploads\/2023\/03\/sitzplatz-abstandhalter_800x450.jpg?fit=800%2C450&ssl=1&resize=525%2C300 1.5x, https:\/\/i0.wp.com\/www.freidenker.org\/fw17\/wp-content\/uploads\/2023\/03\/sitzplatz-abstandhalter_800x450.jpg?fit=800%2C450&ssl=1&resize=700%2C400 2x"},"classes":[]},{"id":8153,"url":"https:\/\/www.freidenker.org\/?p=8153","url_meta":{"origin":8900,"position":4},"title":"Corona: Das gro\u00dfe Verwirrspiel","author":"Webredaktion","date":"25. Mai 2020","format":false,"excerpt":"In der Rubrik Tagesdosis wurde am 22.05.2020 bei KenFM der Beitrag \u201eCorona: Das gro\u00dfe Verwirrspiel\u201c von Rainer Rupp, Mitglied des Beirats des Deutschen Freidenker-Verbandes, ver\u00f6ffentlicht. Nach fast f\u00fcnf Monaten Corona-Erfahrung in Deutschland ... bin ich als aufmerksamer Beobachter der Szene heute genauso verwirrt wie zu Beginn des Jahres, allerdings jetzt\u2026","rel":"","context":"In &quot;Arbeit &amp; Soziales&quot;","block_context":{"text":"Arbeit &amp; Soziales","link":"https:\/\/www.freidenker.org\/?cat=11"},"img":{"alt_text":"","src":"https:\/\/i0.wp.com\/www.freidenker.org\/fw17\/wp-content\/uploads\/2020\/05\/KenFM-Covid19_800x450.jpg?fit=800%2C450&ssl=1&resize=350%2C200","width":350,"height":200,"srcset":"https:\/\/i0.wp.com\/www.freidenker.org\/fw17\/wp-content\/uploads\/2020\/05\/KenFM-Covid19_800x450.jpg?fit=800%2C450&ssl=1&resize=350%2C200 1x, https:\/\/i0.wp.com\/www.freidenker.org\/fw17\/wp-content\/uploads\/2020\/05\/KenFM-Covid19_800x450.jpg?fit=800%2C450&ssl=1&resize=525%2C300 1.5x, https:\/\/i0.wp.com\/www.freidenker.org\/fw17\/wp-content\/uploads\/2020\/05\/KenFM-Covid19_800x450.jpg?fit=800%2C450&ssl=1&resize=700%2C400 2x"},"classes":[]},{"id":10559,"url":"https:\/\/www.freidenker.org\/?p=10559","url_meta":{"origin":8900,"position":5},"title":"\u00d6ffentliche Erkl\u00e4rung zur Corona-Politik:","author":"Webredaktion","date":"16. Juni 2021","format":false,"excerpt":"Unser Mitglied Werner R\u00fcgemer ist Mitinitiator und Mitorganisator einer zu unterschreibenden Erkl\u00e4rung, die das komplette Versagen der politischen Elite Deutschlands in der Covid 19-Krise umfassend beschreibt und einen Diskussionsprozess \u00fcber zu ziehende Schlussfolgerungen ansto\u00dfen will. ... Diese Erkl\u00e4rung ruft dazu auf, eine \u00f6ffentliche Diskussion in Gang zu bringen, in der\u2026","rel":"","context":"In &quot;Arbeit &amp; Soziales&quot;","block_context":{"text":"Arbeit &amp; Soziales","link":"https:\/\/www.freidenker.org\/?cat=11"},"img":{"alt_text":"","src":"https:\/\/i0.wp.com\/www.freidenker.org\/fw17\/wp-content\/uploads\/2021\/06\/wegen_corona_geschlossen.jpg?fit=800%2C450&ssl=1&resize=350%2C200","width":350,"height":200,"srcset":"https:\/\/i0.wp.com\/www.freidenker.org\/fw17\/wp-content\/uploads\/2021\/06\/wegen_corona_geschlossen.jpg?fit=800%2C450&ssl=1&resize=350%2C200 1x, https:\/\/i0.wp.com\/www.freidenker.org\/fw17\/wp-content\/uploads\/2021\/06\/wegen_corona_geschlossen.jpg?fit=800%2C450&ssl=1&resize=525%2C300 1.5x, https:\/\/i0.wp.com\/www.freidenker.org\/fw17\/wp-content\/uploads\/2021\/06\/wegen_corona_geschlossen.jpg?fit=800%2C450&ssl=1&resize=700%2C400 2x"},"classes":[]}],"_links":{"self":[{"href":"https:\/\/www.freidenker.org\/index.php?rest_route=\/wp\/v2\/posts\/8900","targetHints":{"allow":["GET"]}}],"collection":[{"href":"https:\/\/www.freidenker.org\/index.php?rest_route=\/wp\/v2\/posts"}],"about":[{"href":"https:\/\/www.freidenker.org\/index.php?rest_route=\/wp\/v2\/types\/post"}],"author":[{"embeddable":true,"href":"https:\/\/www.freidenker.org\/index.php?rest_route=\/wp\/v2\/users\/3"}],"replies":[{"embeddable":true,"href":"https:\/\/www.freidenker.org\/index.php?rest_route=%2Fwp%2Fv2%2Fcomments&post=8900"}],"version-history":[{"count":0,"href":"https:\/\/www.freidenker.org\/index.php?rest_route=\/wp\/v2\/posts\/8900\/revisions"}],"wp:featuredmedia":[{"embeddable":true,"href":"https:\/\/www.freidenker.org\/index.php?rest_route=\/wp\/v2\/media\/8904"}],"wp:attachment":[{"href":"https:\/\/www.freidenker.org\/index.php?rest_route=%2Fwp%2Fv2%2Fmedia&parent=8900"}],"wp:term":[{"taxonomy":"category","embeddable":true,"href":"https:\/\/www.freidenker.org\/index.php?rest_route=%2Fwp%2Fv2%2Fcategories&post=8900"},{"taxonomy":"post_tag","embeddable":true,"href":"https:\/\/www.freidenker.org\/index.php?rest_route=%2Fwp%2Fv2%2Ftags&post=8900"}],"curies":[{"name":"wp","href":"https:\/\/api.w.org\/{rel}","templated":true}]}}