{"id":8894,"date":"2020-11-15T11:09:37","date_gmt":"2020-11-15T10:09:37","guid":{"rendered":"https:\/\/www.freidenker.org\/?p=8894"},"modified":"2020-12-19T19:18:51","modified_gmt":"2020-12-19T18:18:51","slug":"eine-alternative-zum-westlichen-neoliberalismus","status":"publish","type":"post","link":"https:\/\/www.freidenker.org\/?p=8894","title":{"rendered":"Eine Alternative zum westlichen Neoliberalismus"},"content":{"rendered":"<p>In der Rubrik <strong>Tagesdosis<\/strong> wurde am 13.11.2020 bei <a href=\"https:\/\/kenfm.de\/eine-alternative-zum-westlichen-neoliberalismus-von-rainer-rupp\/\" target=\"_blank\" rel=\"noopener noreferrer\">KenFM<\/a> der Beitrag \u201e<strong>Eine Alternative zum westlichen Neoliberalismus\u201c <\/strong>von <em><strong>Rainer Rupp<\/strong><\/em>, Mitglied des Beirates des Deutschen Freidenker-Verbandes, ver\u00f6ffentlicht.<\/p>\n<p>Den Beitrag als Audio-Datei anh\u00f6ren:<\/p>\n<audio class=\"wp-audio-shortcode\" id=\"audio-8894-1\" preload=\"none\" style=\"width: 100%;\" controls=\"controls\"><source type=\"audio\/mpeg\" src=\"https:\/\/kenfm.de\/multimedia_kenfm\/podcast\/tagesdosis-20201113.mp3?_=1\" \/><a href=\"https:\/\/kenfm.de\/multimedia_kenfm\/podcast\/tagesdosis-20201113.mp3\">https:\/\/kenfm.de\/multimedia_kenfm\/podcast\/tagesdosis-20201113.mp3<\/a><\/audio>\n<p>&nbsp;<\/p>\n<p>Der Beitrag ist auch als Video verf\u00fcgbar:<br \/>\nKenTube: <a href=\"https:\/\/tube.kenfm.de\/videos\/watch\/ecc9ed0b-c06d-46f2-9799-57a990031cb5\" target=\"_blank\" rel=\"noopener noreferrer\">https:\/\/tube.kenfm.de\/videos\/watch\/ecc9ed0b-c06d-46f2-9799-57a990031cb5<\/a><br \/>\nYouTube: derzeit nicht m\u00f6glich, siehe <a href=\"https:\/\/kenfm.de\/kenfm-youtube-kanal-stillgelegt\/\" target=\"_blank\" rel=\"noopener noreferrer\">https:\/\/kenfm.de\/kenfm-youtube-kanal-stillgelegt\/<\/a><\/p>\n<h4>Eine Alternative zum westlichen Neoliberalismus<\/h4>\n<h5>Aufstieg der russisch-chinesischen Partnerschaft nicht mehr zu stoppen. (Tagesdosis vom 13.11.2020)<\/h5>\n<p><em>Ein Kommentar <strong>von Rainer Rupp.<\/strong><\/em><\/p>\n<p>Bis zum 14. Dezember 2020, der Tag, an dem die Wahlm\u00e4nner der US-Bundesstaaten sich zum Electoral College versammeln und den US-Pr\u00e4sidenten f\u00fcr die n\u00e4chsten 4 Jahre w\u00e4hlen, sind es noch \u00fcber vier Wochen hin. Bis zu dem Zeitpunkt ist Joe Biden noch nicht Pr\u00e4sident, auch wenn deutsche Medien und Politiker bereits so tun, als ob das der Fall w\u00e4re. Aber weder die deutschen noch die US-Medien bestimmen, wer US-Pr\u00e4sident ist.<\/p>\n<p>F\u00fcr den Fall dass Biden Pr\u00e4sident werden sollte, tut sich au\u00dfenpolitisch bereits jetzt unter den Biden-Beratern eine Fraktion hervor, die gegen Russland eine h\u00e4rtere Gangart als bisher unter Trump verfolgt, kombiniert mit besseren Beziehungen zu NATO-Europa, um die Europ\u00e4er in die versch\u00e4rfte Konfrontationspolitik gegen Moskau einzuspannen.<\/p>\n<p>Derweil setzt sich eine andere Fraktion aus wirtschafts- und finanzpolitischen Gr\u00fcnden f\u00fcr die Entspannung mit Peking ein, um in Bidens Amtszeit wieder zum lukrativen Gesch\u00e4ftsmodell der US-Konzerne zur\u00fcckzukehren, n\u00e4mlich der Nutzung Chinas als verl\u00e4ngerte Werkbank der US-Wirtschaft. Denn die US-Wirtschaft hatte inzwischen gen\u00fcgend Zeit, um festzustellen, dass es f\u00fcr die Hunderte von Millionen disziplinierter, eifriger und inzwischen auch gut ausgebildeter chinesischer Arbeiter weder in Indien, noch Indonesien, noch in Vietnam eine Alternative zu China gibt. Gleiches gilt f\u00fcr die perfekt funktionierende Infrastruktur des Reiches der Mitte.<\/p>\n<p>Dieser US-Wirtschaftsfraktion, die mit China wieder gute Gesch\u00e4fte machen will, steht die nicht minder m\u00e4chtige und politisch einflussreiche Fraktion des Milit\u00e4risch-Industriellen Komplexes (MIK) gegen\u00fcber, der die US-Sicherheits- und Au\u00dfenpolitik dominiert. Dem hatte sich Biden im Wahlkampf angebiedert, nicht nur mit seiner harten Position gegen\u00fcber dem Kreml, sondern auch gegen China. W\u00e4hrend der zweiten und zugleich letzten Debatte der Pr\u00e4sidentschaftskandidaten am 23. Oktober <a href=\"https:\/\/eu.usatoday.com\/story\/news\/politics\/elections\/2020\/10\/23\/debate-transcript-trump-biden-final-presidential-debate-nashville\/3740152001\/\" target=\"_blank\" rel=\"noopener noreferrer\">hatte Biden n\u00e4mlich damit geprahlt,<\/a> dass Obama und er es waren, die im Zusammenhang mit der neuen \u201ePivot nach Asien\u201c-Strategie bereits 2015, also vor Trump, eine aggressivere Haltung gegen\u00fcber Chinas Anspr\u00fcchen auf gro\u00dfe Teile des S\u00fcdchinesischen Meers eingenommen hatten.<\/p>\n<p>W\u00f6rtlich sagte Biden: <em>\u201eAls ich Xi (<\/em>den chinesischen Pr\u00e4sidenten<em>) traf und noch Vizepr\u00e4sident war, sagte er: \u201aWir richten Luftidentifikationszonen im S\u00fcdchinesischen Meer ein, Ihr k\u00f6nnt da nicht durchfliegen\u2018. \u201aIch sagte: Wir haben sie gerade mit B52\/B1-Bombern durchflogen. Wir werden das Verbot ignorieren\u201c.<\/em><\/p>\n<p>Bei dem \u201ePivot nach Asien\u201c handelte es sich um den Beschluss, die geo-strategische Milit\u00e4rstruktur der US-Streitkr\u00e4fte radikal zu ver\u00e4ndern, mit neuem Schwerpunkt Asien. Bis dahin war in der strategischen US-Planung die Mehrheit der US-Milit\u00e4rkapazit\u00e4ten f\u00fcr m\u00f6gliche Kriege in Europa und dem Nahen und Mittleren Osten vorgesehen. Im Rahmen des \u201ePivot\u201c wurde damit begonnen, 60 Prozent des US-Milit\u00e4rpotentials f\u00fcr Konflikte in Asien, also gegen China, umzugruppieren. Daher ist davon auszugehen, dass sich daran in den n\u00e4chsten vier Jahren auch unter einem Pr\u00e4sident Biden nichts \u00e4ndern wird.<\/p>\n<p>Im Juli dieses Jahres hat die Trump-Administration die meisten Anspr\u00fcche Chinas auf die Gew\u00e4sser im S\u00fcdchinesischen Meer kategorisch zur\u00fcckgewiesen. Zugleich haben die Washingtoner Kriegstreiber die Zusammenarbeit mit asiatischen L\u00e4ndern gesucht, um sie vor den Karren ihres Konfrontations- und Eind\u00e4mmungskurses gegen China zu spannen. Auch dieser Kurs wird unter Biden mit hoher Wahrscheinlichkeit fortgesetzt.<\/p>\n<p>Niemand soll sich daher wundern, dass die seit 2014 offen aggressive US-Politik gegen Russland und die neuerdings versch\u00e4rfte konfrontative Politik gegen China dazu gef\u00fchrt hat, dass sich Moskau und Peking endg\u00fcltig auf derselben Seite der \u201eBarrikaden\u201c gegen den gro\u00dfen Hegemon in Washington vereinigt haben.<\/p>\n<p>In Berlin versuchen die au\u00dfenpolitischen Macher derweil allein schon aus \u00f6konomischen Gr\u00fcnden \u2013 China ist f\u00fcr den deutschen Export wichtiger geworden als die USA \u2013 sowas wie einen Balanceakt zwischen den beiden Polen hinzukriegen. Das aber geht nicht, solange Deutschland sich nicht aus seinem US-Vasallentum befreit. Aber daran haben die deutschen Eliten in Finanzwirtschaft, Politik, Medien und bezahlter Wissenschaft, die alle mit dem US-Finanzsystem innigst verwoben sind, \u00fcberhaupt kein Interesse.<\/p>\n<p>Nur vereinzelt hatte es w\u00e4hrend der ersten Amtszeit von Trump Appelle gegeben, dass sich die EU \u2013 mit Deutschland und Frankreich als F\u00fchrungsm\u00e4chte \u2013 von den USA abnabeln und eine unabh\u00e4ngige Politik betreiben sollte. Mit der Hoffnung auf 4 Jahre Biden im Wei\u00dfen Haus in Washington, in der das lukrative, aber von Trump schwer angeschlagene, neo-liberale Gesch\u00e4ftsmodell der westlichen Eliten wieder repariert werden soll, sind diese Stimmen f\u00fcr eine von den USA unabh\u00e4ngige EU wieder verschwunden.<\/p>\n<p>Der von Seiten der USA einseitig erkl\u00e4rte Kalte Krieg gegen Russland und China, der laut Ank\u00fcndigung unter Biden versch\u00e4rft fortgef\u00fchrt werden soll, wird auch an die noch (!) Supermacht USA Anforderungen stellen, denen sie allein nicht gewachsen ist. Deshalb soll auch Europa vor den Karren der anti-chinesischen US-Politik gespannt werden. An dem neuen, konfrontativen Ton der selbsternannten deutschen Qualit\u00e4tsmedien und an den Berliner politischen Stellungnahmen \u00fcber China kann man bereits erkennen, dass die deutschen Scho\u00dfh\u00fcndchen wieder brav \u00fcber jedes St\u00f6ckchen springen, das ihnen ihr Herrchen in Washington hinh\u00e4lt. Sie tun das, obwohl sie wissen, dass sie damit gegen die ureigensten Interessen der gro\u00dfen Mehrheit des deutschen Volkes handeln, die nichts anderes als Frieden und Ausbau des gegenseitig vorteilhaften Handels mit Russland und China will, statt Aufr\u00fcstung und gef\u00e4hrliche Machtspiele zur Sicherung der globalen US-Herrschaft.<\/p>\n<p>Dabei m\u00fcsste es auch den transatlantischen Vasallen in Berlin l\u00e4ngst klar geworden sein, dass sie mit ihrer US-H\u00f6rigkeit die wirtschaftliche Zukunft und Prosperit\u00e4t unseres Landes aufs Spiel setzen. Denn der gesellschaftliche und wirtschaftliche Niedergang des Westens kann kaum noch gestoppt werden, w\u00e4hrend weder Biden noch der m\u00f6glicherweise doch noch siegreiche Trump die zunehmend enger werdende chinesisch-russische Partnerschaft aufhalten. Diese bietet nicht nur ihren eigenen L\u00e4ndern, sondern der ganzen Welt, vom Staat gef\u00fchrte Wege zu Fortschritt und Wohlstand der gesamten Gesellschaft, statt westlichem Neoliberalismus mit der Gewinner-nimmt-alles-Mentalit\u00e4t.<\/p>\n<p>Nachfolgendes Beispiel macht den entscheidenden Unterschied zwischen dem US-gef\u00fchrten Westen auf der einen Seite und China und Russland auf der anderen deutlich:<\/p>\n<p>Eine der bedeutendsten Lehren aus der chinesischen Geschichte ist, dass die Versorgung der grundlegenden physischen Bed\u00fcrfnisse der Menschen die wichtigste Aufgabe f\u00fcr einen Herrscher ist. Die Herrscher jedoch, die in r\u00fccksichtslose oder endlose Kriege verwickelt sind, wodurch das Volk verarmt, oder die die Grundbed\u00fcrfnisse der Volksmassen auf andere Weise ignorieren, werden bald beiseite gefegt. Daher spielt auch im neuen 14. F\u00fcnf-Jahresplan der Volksrepublik China die Besch\u00e4ftigung und die Schaffungen sicherer und st\u00e4ndig qualitativ besserer Arbeitspl\u00e4tze eine so gro\u00dfe Rolle, verbunden mit wachsendem individuellem und gesellschaftlichem Wohlstand.<\/p>\n<p>Das totalit\u00e4re System des Neoliberalismus hat dagegen seit Jahrzehnten die unteren Bev\u00f6lkerungsschichten immer \u00e4rmer und die kleine Oberschicht sagenhaft reich gemacht. Die Instrumente daf\u00fcr waren in der Hauptsache a) die Privatisierung der bis dahin \u00f6ffentlichen Aufgaben bis hin zur Elektrizit\u00e4ts \u2013 und Wasserversorgung, zwecks privater Gewinnmaximierung der Aktienbesitzer der Gro\u00dfkonzerne, und b) die so genannte \u201eFinanzialisierung\u201c fast aller Bereiche des Lebens, in der inzwischen alles einen Preis aber nichts mehr einen Wert hat.<\/p>\n<p>Zudem wurde im Westen in den letzten Jahrzehnten der Anteil der L\u00f6hne und Geh\u00e4lter am Bruttoinlandsprodukt systematisch nach unten gedr\u00fcckt. Das bedeutet, dass das Kapital den Gro\u00dfteil der Arbeiter und Angestellten nicht mehr an den von ihnen selbst erarbeiteten Produktivit\u00e4tsfortschritten beteiligt hat. Zugleich haben die neoliberalen Bosse den Arbeitnehmern auch noch ein gro\u00dfes St\u00fcck von ihrem bisherigen Anteil am gesamtwirtschaftlichen Kuchen gestohlen. So ist z.B. laut dem staatlichen US-\u201eBureau for Economic Analysis\u201c in den letzten 50 Jahren der Anteil der L\u00f6hne und Geh\u00e4lter am Bruttoinlandsprodukt BIP der USA von 51, 5 Prozent Anfang der 1970er Jahre auf aktuell 43 Prozent gefallen.<\/p>\n<p><a href=\"https:\/\/time.com\/5888024\/50-trillion-income-inequality-america\/\" target=\"_blank\" rel=\"noopener noreferrer\">Selbst das US-Nachrichtenmagazin Time war erstaunt<\/a>, dass zusammengerechnet f\u00fcr den Zeitraum von 50 Jahren das eine Summe von 50 Billionen Dollar ergibt; 50 Tausend Milliarden Dollar, also eine f\u00fcnf mit 13 Nullen: 50.000.000.000.000 die den US-Arbeitern und Angestellten vorenthalten, bzw. gestohlen und den oberen 10 Prozent zugeschlagen worden sind. Auch in Deutschland geht die Entwicklung in dieselbe Richtung, wobei sie jedoch erst Anfang der 1990er Jahre angefangen hat und noch nicht so schlimm ist wie in den USA.<\/p>\n<p>Das Fazit lautet: das Gesch\u00e4ftsmodell der westlichen, neoliberalen Marktwirtschaft ist im Abstieg und das Modell der gelenkten Marktwirtschaften der russisch-chinesischen Strategischen Partnerschaft ist im Aufstieg. Damit bieten Russland und China vor allem den L\u00e4ndern des globalen S\u00fcdens zwei Entwicklungsmodelle an, die sich radikal vom neoliberalen Dogma des Westes unterscheiden, der zunehmend an Einfluss in diesen Weltregionen verliert und sein ausbeuterisches Gesch\u00e4ftsmodell in Gefahr sieht. Genau darin sehen die US- und EU-Eliten die angebliche russische und chinesische Bedrohung, gegen die sie nun milit\u00e4risch mobilisieren.<\/p>\n<p style=\"text-align: right;\"><em>Rainer Rupp ist Mitglied des Beirats des Deutschen Freidenker-Verbandes<\/em><\/p>\n<p><span style=\"font-size: 10pt;\">Link zur Erstver\u00f6ffentlichung bei KenFM: <a href=\"https:\/\/kenfm.de\/eine-alternative-zum-westlichen-neoliberalismus-von-rainer-rupp\/\" target=\"_blank\" rel=\"noopener noreferrer\">https:\/\/kenfm.de\/eine-alternative-zum-westlichen-neoliberalismus-von-rainer-rupp\/<\/a><\/span><\/p>\n<hr \/>\n<p><span style=\"font-size: 10pt;\">Bild: Der russische Pr\u00e4sident Vladimir Putin und der chinesische Pr\u00e4sident Xi Jinping bei einem Treffen 2017<\/span><br \/>\n<span style=\"font-size: 10pt;\">Quelle: The Russian Presidential Press and Information Office <a href=\"http:\/\/en.kremlin.ru\/events\/president\/trips\/54504\/photos\/48324\" target=\"_blank\" rel=\"noopener noreferrer\">http:\/\/en.kremlin.ru\/events\/president\/trips\/54504\/photos\/48324<\/a>, , <a href=\"https:\/\/creativecommons.org\/licenses\/by\/4.0\/deed.en\" target=\"_blank\" rel=\"noopener noreferrer\">CC-BY 4.0<\/a><\/span><\/p>\n<p>&nbsp;<\/p>\n","protected":false},"excerpt":{"rendered":"<p><b>Ein Kommentar von Rainer Rupp.<\/b><br \/>\nBis zum 14. Dezember 2020, der Tag, an dem die Wahlm\u00e4nner der US-Bundesstaaten sich zum Electoral College versammeln und den US-Pr\u00e4sidenten f\u00fcr die n\u00e4chsten 4 Jahre w\u00e4hlen, sind es noch \u00fcber vier Wochen hin. Bis zu dem Zeitpunkt ist Joe Biden noch nicht Pr\u00e4sident, auch wenn deutsche Medien und Politiker bereits so tun, als ob das der Fall w\u00e4re. &#8230; F\u00fcr den Fall dass Biden Pr\u00e4sident werden sollte, tut sich au\u00dfenpolitisch bereits jetzt unter den Biden-Beratern eine Fraktion hervor, die gegen Russland eine h\u00e4rtere Gangart als bisher unter Trump verfolgt, kombiniert mit besseren Beziehungen zu NATO-Europa, um die Europ\u00e4er in die versch\u00e4rfte Konfrontationspolitik gegen Moskau einzuspannen.<\/p>\n","protected":false},"author":3,"featured_media":8897,"comment_status":"closed","ping_status":"closed","sticky":false,"template":"","format":"standard","meta":{"colormag_page_container_layout":"default_layout","colormag_page_sidebar_layout":"default_layout","advanced_seo_description":"","jetpack_seo_html_title":"","jetpack_seo_noindex":false,"jetpack_post_was_ever_published":false,"footnotes":""},"categories":[12],"tags":[699,413,1021,182,1332,222,1168,185],"class_list":["post-8894","post","type-post","status-publish","format-standard","has-post-thumbnail","hentry","category-demokratie-medien-aufklaerung","tag-aussenpolitik","tag-china","tag-donald-trump","tag-eu","tag-joe-biden","tag-russland","tag-russophobie","tag-usa"],"jetpack_featured_media_url":"https:\/\/i0.wp.com\/www.freidenker.org\/fw17\/wp-content\/uploads\/2020\/11\/Putin_und_Jinping_800x450.jpg?fit=800%2C450&ssl=1","jetpack_shortlink":"https:\/\/wp.me\/p9stpK-2js","jetpack-related-posts":[{"id":9722,"url":"https:\/\/www.freidenker.org\/?p=9722","url_meta":{"origin":8894,"position":0},"title":"Die Wurzeln des Neuen Kalten Kriegs gegen Russland","author":"Webredaktion","date":"25. M\u00e4rz 2021","format":false,"excerpt":"Ein Kommentar von Rainer Rupp Um die Urspr\u00fcnge und Ursachen des \u201eNeuen Kalten Kriegs\u201c gegen Russland zu verstehen, m\u00fcssen wir zur\u00fcck in die Jahre 1990\/1991. Das war die Zeit, in der die Vereinigten Staaten als einzige verbliebene Supermacht damit begannen, ihre Vision f\u00fcr die postsowjetische Welt zu formulieren, die entsprechenden\u2026","rel":"","context":"In &quot;Frieden - Antifaschismus - Solidarit\u00e4t&quot;","block_context":{"text":"Frieden - Antifaschismus - Solidarit\u00e4t","link":"https:\/\/www.freidenker.org\/?cat=13"},"img":{"alt_text":"","src":"https:\/\/i0.wp.com\/www.freidenker.org\/fw17\/wp-content\/uploads\/2021\/03\/tree-3309057_800x450.jpg?fit=800%2C450&ssl=1&resize=350%2C200","width":350,"height":200,"srcset":"https:\/\/i0.wp.com\/www.freidenker.org\/fw17\/wp-content\/uploads\/2021\/03\/tree-3309057_800x450.jpg?fit=800%2C450&ssl=1&resize=350%2C200 1x, https:\/\/i0.wp.com\/www.freidenker.org\/fw17\/wp-content\/uploads\/2021\/03\/tree-3309057_800x450.jpg?fit=800%2C450&ssl=1&resize=525%2C300 1.5x, https:\/\/i0.wp.com\/www.freidenker.org\/fw17\/wp-content\/uploads\/2021\/03\/tree-3309057_800x450.jpg?fit=800%2C450&ssl=1&resize=700%2C400 2x"},"classes":[]},{"id":8987,"url":"https:\/\/www.freidenker.org\/?p=8987","url_meta":{"origin":8894,"position":1},"title":"Umgang mit Russland in \u201ebester deutscher Tradition\u201c!","author":"Webredaktion","date":"13. Dezember 2020","format":false,"excerpt":"Ein Kommentar von Rainer Rupp. Anfang der Woche hatten die Au\u00dfenminister der Nordatlantischen Terror Organisation NATO ihr allj\u00e4hrliches Treffen abgehalten, diesmal Corona-konform per Videokonferenz. Im Visier der NATO-Angriffspolitiker haben stets die L\u00e4nder gestanden, die sich noch nicht aus freien St\u00fccken den Forderungen der westlichen Un-Wertegemeinschaft unterworfen und ihre nationale Souver\u00e4nit\u00e4t\u2026","rel":"","context":"In &quot;Frieden - Antifaschismus - Solidarit\u00e4t&quot;","block_context":{"text":"Frieden - Antifaschismus - Solidarit\u00e4t","link":"https:\/\/www.freidenker.org\/?cat=13"},"img":{"alt_text":"","src":"https:\/\/i0.wp.com\/www.freidenker.org\/fw17\/wp-content\/uploads\/2020\/12\/Kramp-Karrenbauer_CDU_Parteitag_2014_by_Olaf_Kosinsky-13_800x445.jpg?fit=800%2C450&ssl=1&resize=350%2C200","width":350,"height":200,"srcset":"https:\/\/i0.wp.com\/www.freidenker.org\/fw17\/wp-content\/uploads\/2020\/12\/Kramp-Karrenbauer_CDU_Parteitag_2014_by_Olaf_Kosinsky-13_800x445.jpg?fit=800%2C450&ssl=1&resize=350%2C200 1x, https:\/\/i0.wp.com\/www.freidenker.org\/fw17\/wp-content\/uploads\/2020\/12\/Kramp-Karrenbauer_CDU_Parteitag_2014_by_Olaf_Kosinsky-13_800x445.jpg?fit=800%2C450&ssl=1&resize=525%2C300 1.5x, https:\/\/i0.wp.com\/www.freidenker.org\/fw17\/wp-content\/uploads\/2020\/12\/Kramp-Karrenbauer_CDU_Parteitag_2014_by_Olaf_Kosinsky-13_800x445.jpg?fit=800%2C450&ssl=1&resize=700%2C400 2x"},"classes":[]},{"id":9078,"url":"https:\/\/www.freidenker.org\/?p=9078","url_meta":{"origin":8894,"position":2},"title":"Medizin gegen politischen Brechreiz","author":"Webredaktion","date":"25. Dezember 2020","format":false,"excerpt":"Ein Kommentar von Rainer Rupp Bei KenFM werden die Gr\u00fcnde f\u00fcr das erneut weitverbreitete und wachsende politische Unwohlsein in unserem Land regelm\u00e4\u00dfig thematisiert. Gegen einen dieser Gr\u00fcnde, n\u00e4mlich gegen die irrationale und den Interessen unseres Landes zuwiderlaufende Aggressivit\u00e4t der Bundesregierung gegen Russland, schlage ich im zweiten Teil der heutigen Tagesdosis\u2026","rel":"","context":"In &quot;Frieden - Antifaschismus - Solidarit\u00e4t&quot;","block_context":{"text":"Frieden - Antifaschismus - Solidarit\u00e4t","link":"https:\/\/www.freidenker.org\/?cat=13"},"img":{"alt_text":"","src":"https:\/\/i0.wp.com\/www.freidenker.org\/fw17\/wp-content\/uploads\/2020\/12\/putin_veteranen_kremlin_800x450.jpg?fit=800%2C450&ssl=1&resize=350%2C200","width":350,"height":200,"srcset":"https:\/\/i0.wp.com\/www.freidenker.org\/fw17\/wp-content\/uploads\/2020\/12\/putin_veteranen_kremlin_800x450.jpg?fit=800%2C450&ssl=1&resize=350%2C200 1x, https:\/\/i0.wp.com\/www.freidenker.org\/fw17\/wp-content\/uploads\/2020\/12\/putin_veteranen_kremlin_800x450.jpg?fit=800%2C450&ssl=1&resize=525%2C300 1.5x, https:\/\/i0.wp.com\/www.freidenker.org\/fw17\/wp-content\/uploads\/2020\/12\/putin_veteranen_kremlin_800x450.jpg?fit=800%2C450&ssl=1&resize=700%2C400 2x"},"classes":[]},{"id":8871,"url":"https:\/\/www.freidenker.org\/?p=8871","url_meta":{"origin":8894,"position":3},"title":"Ein Modernes M\u00e4rchen","author":"Webredaktion","date":"3. November 2020","format":false,"excerpt":"Ein Kommentar von Rainer Rupp. Es war einmal ein Kaiser, der lebte ganz weit weg auf der anderen Seite des atlantischen Ozeans. Was er am liebsten machte war Kriege f\u00fchren, um sein Reich immer weiter rund um die Welt auszudehnen. Deshalb war er immer auf der Suche nach Vorw\u00e4nden und\u2026","rel":"","context":"In &quot;Frieden - Antifaschismus - Solidarit\u00e4t&quot;","block_context":{"text":"Frieden - Antifaschismus - Solidarit\u00e4t","link":"https:\/\/www.freidenker.org\/?cat=13"},"img":{"alt_text":"","src":"https:\/\/i0.wp.com\/www.freidenker.org\/fw17\/wp-content\/uploads\/2020\/11\/statue-of-liberty-992552_800x450.jpg?fit=800%2C450&ssl=1&resize=350%2C200","width":350,"height":200,"srcset":"https:\/\/i0.wp.com\/www.freidenker.org\/fw17\/wp-content\/uploads\/2020\/11\/statue-of-liberty-992552_800x450.jpg?fit=800%2C450&ssl=1&resize=350%2C200 1x, https:\/\/i0.wp.com\/www.freidenker.org\/fw17\/wp-content\/uploads\/2020\/11\/statue-of-liberty-992552_800x450.jpg?fit=800%2C450&ssl=1&resize=525%2C300 1.5x, https:\/\/i0.wp.com\/www.freidenker.org\/fw17\/wp-content\/uploads\/2020\/11\/statue-of-liberty-992552_800x450.jpg?fit=800%2C450&ssl=1&resize=700%2C400 2x"},"classes":[]},{"id":5501,"url":"https:\/\/www.freidenker.org\/?p=5501","url_meta":{"origin":8894,"position":4},"title":"Merkel und EU wollen Wahrheitsministerium","author":"Webredaktion","date":"27. Oktober 2018","format":false,"excerpt":"In der Rubrik Tagesdosis wurde am 26.10.2018 bei KenFM der Beitrag \u201eMerkel und EU wollen Wahrheitsministerium\u201c von Sebatian Bahlo, Stellvertretender Vorsitzender des Deutschen Freidenker-Verbandes, ver\u00f6ffentlicht. Am 17.10.2018 gab Bundeskanzlerin Merkel im Bundestag eine Regierungserkl\u00e4rung zum bevorstehenden \u201eEurop\u00e4ischen Rat\u201c ab. Zwischen wohlbekannten Allgemeinpl\u00e4tzen, Auslassungen zum \u201eBrexit\u201c, der den unbotm\u00e4\u00dfigen Briten nat\u00fcrlich\u2026","rel":"","context":"In &quot;Demokratie \u2013 Medien \u2013 Aufkl\u00e4rung&quot;","block_context":{"text":"Demokratie \u2013 Medien \u2013 Aufkl\u00e4rung","link":"https:\/\/www.freidenker.org\/?cat=12"},"img":{"alt_text":"","src":"https:\/\/i0.wp.com\/www.freidenker.org\/fw17\/wp-content\/uploads\/2018\/10\/angela_merkel_ttip_caricature_800x445.jpg?fit=800%2C445&ssl=1&resize=350%2C200","width":350,"height":200,"srcset":"https:\/\/i0.wp.com\/www.freidenker.org\/fw17\/wp-content\/uploads\/2018\/10\/angela_merkel_ttip_caricature_800x445.jpg?fit=800%2C445&ssl=1&resize=350%2C200 1x, https:\/\/i0.wp.com\/www.freidenker.org\/fw17\/wp-content\/uploads\/2018\/10\/angela_merkel_ttip_caricature_800x445.jpg?fit=800%2C445&ssl=1&resize=525%2C300 1.5x, https:\/\/i0.wp.com\/www.freidenker.org\/fw17\/wp-content\/uploads\/2018\/10\/angela_merkel_ttip_caricature_800x445.jpg?fit=800%2C445&ssl=1&resize=700%2C400 2x"},"classes":[]},{"id":8566,"url":"https:\/\/www.freidenker.org\/?p=8566","url_meta":{"origin":8894,"position":5},"title":"Gates-Stiftung kauft von den Medien wohlwollende Berichterstattung","author":"Webredaktion","date":"31. August 2020","format":false,"excerpt":"Kommentar von Rainer Rupp Das US-Medien-Magazin \u201eColumbia Journalism Review (CJR)\u201c ... findet \u2013 ebenso wir die anderen blinden H\u00fchner New York Times, Washington Post und der CCN-Fake News Sender \u2013 hin und wieder auch ein Korn Wahrheit. Das war j\u00fcngst der Fall, als am 21. August Tim Schwab im CJR-Magazin\u2026","rel":"","context":"In &quot;Demokratie \u2013 Medien \u2013 Aufkl\u00e4rung&quot;","block_context":{"text":"Demokratie \u2013 Medien \u2013 Aufkl\u00e4rung","link":"https:\/\/www.freidenker.org\/?cat=12"},"img":{"alt_text":"","src":"https:\/\/i0.wp.com\/www.freidenker.org\/fw17\/wp-content\/uploads\/2020\/08\/dollar-1968710_800x450.jpg?fit=800%2C450&ssl=1&resize=350%2C200","width":350,"height":200,"srcset":"https:\/\/i0.wp.com\/www.freidenker.org\/fw17\/wp-content\/uploads\/2020\/08\/dollar-1968710_800x450.jpg?fit=800%2C450&ssl=1&resize=350%2C200 1x, https:\/\/i0.wp.com\/www.freidenker.org\/fw17\/wp-content\/uploads\/2020\/08\/dollar-1968710_800x450.jpg?fit=800%2C450&ssl=1&resize=525%2C300 1.5x, https:\/\/i0.wp.com\/www.freidenker.org\/fw17\/wp-content\/uploads\/2020\/08\/dollar-1968710_800x450.jpg?fit=800%2C450&ssl=1&resize=700%2C400 2x"},"classes":[]}],"_links":{"self":[{"href":"https:\/\/www.freidenker.org\/index.php?rest_route=\/wp\/v2\/posts\/8894","targetHints":{"allow":["GET"]}}],"collection":[{"href":"https:\/\/www.freidenker.org\/index.php?rest_route=\/wp\/v2\/posts"}],"about":[{"href":"https:\/\/www.freidenker.org\/index.php?rest_route=\/wp\/v2\/types\/post"}],"author":[{"embeddable":true,"href":"https:\/\/www.freidenker.org\/index.php?rest_route=\/wp\/v2\/users\/3"}],"replies":[{"embeddable":true,"href":"https:\/\/www.freidenker.org\/index.php?rest_route=%2Fwp%2Fv2%2Fcomments&post=8894"}],"version-history":[{"count":0,"href":"https:\/\/www.freidenker.org\/index.php?rest_route=\/wp\/v2\/posts\/8894\/revisions"}],"wp:featuredmedia":[{"embeddable":true,"href":"https:\/\/www.freidenker.org\/index.php?rest_route=\/wp\/v2\/media\/8897"}],"wp:attachment":[{"href":"https:\/\/www.freidenker.org\/index.php?rest_route=%2Fwp%2Fv2%2Fmedia&parent=8894"}],"wp:term":[{"taxonomy":"category","embeddable":true,"href":"https:\/\/www.freidenker.org\/index.php?rest_route=%2Fwp%2Fv2%2Fcategories&post=8894"},{"taxonomy":"post_tag","embeddable":true,"href":"https:\/\/www.freidenker.org\/index.php?rest_route=%2Fwp%2Fv2%2Ftags&post=8894"}],"curies":[{"name":"wp","href":"https:\/\/api.w.org\/{rel}","templated":true}]}}