{"id":8857,"date":"2020-10-26T07:28:48","date_gmt":"2020-10-26T06:28:48","guid":{"rendered":"https:\/\/www.freidenker.org\/?p=8857"},"modified":"2020-12-19T19:20:40","modified_gmt":"2020-12-19T18:20:40","slug":"aktionstag-fuer-abruestung-und-neue-entspannungspolitik-am-5-dezember-2020","status":"publish","type":"post","link":"https:\/\/www.freidenker.org\/?p=8857","title":{"rendered":"Aktions\u00adtag \u00a0f\u00fcr \u201eAb\u00adr\u00fc\u00adstung und neue Ent\u00adspan\u00adnungs\u00adpoli\u00adtik\u201c am 5. De\u00adzem\u00adber 2020"},"content":{"rendered":"<p>In der Woche beginnend mit dem 7.12.2020 soll der Bundeshaushalt f\u00fcr 2021 verabschiedet werden. Der \u201eVerteidigungshaushalt\u201c soll erneut um 2,6% steigen, 50 Milliarden Euro f\u00fcr R\u00fcstung drohen!<\/p>\n<p>Deshalb ruft\u00a0 die \u201eInitiative abr\u00fcsten statt aufr\u00fcsten\u201c zum <strong>bundes\u00adweiten de\u00adzen\u00adtra\u00adlen Aktions\u00adtag am 05.12.2020<\/strong> auf. Der Deutsche Freidenker-Verband unterst\u00fctzt den Aufruf und ruft zur \u00f6rtlichen Beteiligung auf:<br \/>\n<a href=\"https:\/\/abruesten.jetzt\/2020\/10\/wir-rufen-auf-zum-bundesweiten-dezentralen-aktionstag-fuer-abruestung-und-neue-entspannungspolitik-am-5-dezember-2020-mitmachen\/\"><strong>https:\/\/abruesten.jetzt\/2020\/10\/wir-rufen-auf-zum-bundesweiten-dezentralen-aktionstag-fuer-abruestung-und-neue-entspannungspolitik-am-5-dezember-2020-mitmachen\/<\/strong><\/a><\/p>\n<p>Die Friedensbewegung erinnert zugleich an den erfolgreichen &#8222;Krefelder Appell&#8220;, der vor 40 Jahren in der BRD gestartet wurde und \u00fcber 5 Millionen Unterschriften gegen die neuen NATO-Atomraketen erbrachte. Die zwei &#8222;Urgesteine&#8220; der Friedensbewegung, Horst Trapp und Reiner Braun, waren damals dabei und erinnern sich.<\/p>\n<div class=\"jetpack-video-wrapper\"><span class=\"embed-youtube\" style=\"text-align:center; display: block;\"><iframe loading=\"lazy\" class=\"youtube-player\" width=\"800\" height=\"450\" src=\"https:\/\/www.youtube.com\/embed\/LanNZbQYEXI?version=3&#038;rel=1&#038;showsearch=0&#038;showinfo=1&#038;iv_load_policy=1&#038;fs=1&#038;hl=de-DE&#038;autohide=2&#038;wmode=transparent\" allowfullscreen=\"true\" style=\"border:0;\" sandbox=\"allow-scripts allow-same-origin allow-popups allow-presentation allow-popups-to-escape-sandbox\"><\/iframe><\/span><\/div>\n<p>Direktlink zum Video auf YouTube: <a href=\"https:\/\/www.youtube.com\/watch?v=LanNZbQYEXI\" target=\"_blank\" rel=\"noopener noreferrer\">https:\/\/www.youtube.com\/watch?v=LanNZbQYEXI<\/a><\/p>\n<p>&nbsp;<\/p>\n<hr \/>\n<p>&nbsp;<\/p>\n","protected":false},"excerpt":{"rendered":"<p>In der Woche beginnend mit dem 7.12.2020 soll der Bundeshaushalt f\u00fcr 2021 verabschiedet werden. Der \u201eVerteidigungshaushalt\u201c soll erneut um 2,6% steigen, 50 Milliarden Euro f\u00fcr R\u00fcstung drohen!<br \/>\nDeshalb ruft\u00a0 die \u201eInitiative abr\u00fcsten statt aufr\u00fcsten\u201c zum <b>bundes\u00adweiten de\u00adzen\u00adtra\u00adlen Aktions\u00adtag am 05.12.2020<\/b> auf. Der Deutsche Freidenker-Verband unterst\u00fctzt den Aufruf und ruft zur \u00f6rtlichen Beteiligung auf.<br \/>\nDie Friedensbewegung erinnert zugleich an den erfolgreichen &#8222;Krefelder Appell&#8220;, der vor 40 Jahren in der BRD gestartet wurde und \u00fcber 5 Millionen Unterschriften gegen die neuen NATO-Atomraketen erbrachte. Die zwei &#8222;Urgesteine&#8220; der Friedensbewegung, Horst Trapp und Reiner Braun, waren damals dabei und erinnern sich.<\/p>\n","protected":false},"author":3,"featured_media":8858,"comment_status":"closed","ping_status":"closed","sticky":false,"template":"","format":"standard","meta":{"colormag_page_container_layout":"default_layout","colormag_page_sidebar_layout":"default_layout","advanced_seo_description":"","jetpack_seo_html_title":"","jetpack_seo_noindex":false,"jetpack_post_was_ever_published":false,"footnotes":""},"categories":[13,20],"tags":[961,1329,1061,335,43],"class_list":["post-8857","post","type-post","status-publish","format-standard","has-post-thumbnail","hentry","category-frieden-antifaschismus-solidaritaet","category-zentrale-veranstaltungen","tag-abruestung","tag-aktionstag","tag-atomwaffen","tag-frieden","tag-friedensbewegung"],"jetpack_featured_media_url":"https:\/\/i0.wp.com\/www.freidenker.org\/fw17\/wp-content\/uploads\/2020\/10\/abruesten_statt_aufruesten_800x450.jpg?fit=800%2C450&ssl=1","jetpack_shortlink":"https:\/\/wp.me\/p9stpK-2iR","jetpack-related-posts":[{"id":22989,"url":"https:\/\/www.freidenker.org\/?p=22989","url_meta":{"origin":8857,"position":0},"title":"Bundesweite Demonstration am 03. Oktober: Nie wieder Krieg \u2013 die Waffen nieder","author":"Webredaktion","date":"28. September 2025","format":false,"excerpt":"Bundesweite Demonstration am 3. Oktober 2025 in Berlin und in Stuttgart Die Initiative \u201eNie wieder Krieg \u2013 die Waffen nieder!\u201c ruft f\u00fcr den 3. Oktober gemeinsam mit Friedensorganisationen zu einer bundesweiten Demonstration an zwei Orten in Berlin und Stuttgart auf. Aus dem Aufruf: Die Situation in Europa entwickelt sich gef\u00e4hrlich\u2026","rel":"","context":"In &quot;Frieden - Antifaschismus - Solidarit\u00e4t&quot;","block_context":{"text":"Frieden - Antifaschismus - Solidarit\u00e4t","link":"https:\/\/www.freidenker.org\/?cat=13"},"img":{"alt_text":"","src":"https:\/\/i0.wp.com\/www.freidenker.org\/fw17\/wp-content\/uploads\/2025\/09\/Plakat03-oktober_auszug_800x450.jpg?fit=800%2C450&ssl=1&resize=350%2C200","width":350,"height":200,"srcset":"https:\/\/i0.wp.com\/www.freidenker.org\/fw17\/wp-content\/uploads\/2025\/09\/Plakat03-oktober_auszug_800x450.jpg?fit=800%2C450&ssl=1&resize=350%2C200 1x, https:\/\/i0.wp.com\/www.freidenker.org\/fw17\/wp-content\/uploads\/2025\/09\/Plakat03-oktober_auszug_800x450.jpg?fit=800%2C450&ssl=1&resize=525%2C300 1.5x, https:\/\/i0.wp.com\/www.freidenker.org\/fw17\/wp-content\/uploads\/2025\/09\/Plakat03-oktober_auszug_800x450.jpg?fit=800%2C450&ssl=1&resize=700%2C400 2x"},"classes":[]},{"id":3880,"url":"https:\/\/www.freidenker.org\/?p=3880","url_meta":{"origin":8857,"position":1},"title":"Freidenker im Gespr\u00e4ch \u2013 Notwendige B\u00fcndnisse heute","author":"Webredaktion","date":"9. Januar 2018","format":false,"excerpt":"Berliner Runde \u2013 Freidenker im Gespr\u00e4ch mit Klaus Hartmann am 16. Januar 2018 Ramstein, B\u00fcchel, gegen US-Milit\u00e4r\u00adst\u00fctzpunkte, Anti-Drohnen-Bewegung, \u201eabr\u00fcsten statt aufr\u00fcsten\u201c, Deutschland raus aus der NATO \u2013 NATO raus aus Deutschland, weg mit Feindbildern, hin zum V\u00f6lkerrecht. Wenn diese Ziele anerkannt sind, wie steht es mit der \u00dcbereinstimmung \u00fcber den\u2026","rel":"","context":"In &quot;Veranstaltungen in den DFV-Landesverb\u00e4nden&quot;","block_context":{"text":"Veranstaltungen in den DFV-Landesverb\u00e4nden","link":"https:\/\/www.freidenker.org\/?cat=19"},"img":{"alt_text":"","src":"https:\/\/i0.wp.com\/www.freidenker.org\/fw17\/wp-content\/uploads\/2018\/01\/33-2017-11-18-gmv-5888_800x445.jpg?fit=800%2C445&ssl=1&resize=350%2C200","width":350,"height":200,"srcset":"https:\/\/i0.wp.com\/www.freidenker.org\/fw17\/wp-content\/uploads\/2018\/01\/33-2017-11-18-gmv-5888_800x445.jpg?fit=800%2C445&ssl=1&resize=350%2C200 1x, https:\/\/i0.wp.com\/www.freidenker.org\/fw17\/wp-content\/uploads\/2018\/01\/33-2017-11-18-gmv-5888_800x445.jpg?fit=800%2C445&ssl=1&resize=525%2C300 1.5x, https:\/\/i0.wp.com\/www.freidenker.org\/fw17\/wp-content\/uploads\/2018\/01\/33-2017-11-18-gmv-5888_800x445.jpg?fit=800%2C445&ssl=1&resize=700%2C400 2x"},"classes":[]},{"id":23579,"url":"https:\/\/www.freidenker.org\/?p=23579","url_meta":{"origin":8857,"position":2},"title":"Mobilisierung der Jugend: Strategien und Aktionen im Kampf gegen die Wehrpflicht","author":"Webredaktion","date":"20. November 2025","format":false,"excerpt":"Beitrag von Felicitas Rabe Auf dem 32. Bundesweiten Friedensratschlag, der am 2. Novemberwochenende in Kassel tagte, nahmen Vertreter von linken Jugendorganisationen in gestaltenden Funktionen teil. In der Podiumsdiskussion \"Wie verhindern wir die Wehrpflicht?\" pr\u00e4sentierten sich die Jugendvertreter \u00e4u\u00dferst informiert \u00fcber die politische Entwicklung in Deutschland und die Kriegsmotivation der herrschenden\u2026","rel":"","context":"In &quot;Demokratie \u2013 Medien \u2013 Aufkl\u00e4rung&quot;","block_context":{"text":"Demokratie \u2013 Medien \u2013 Aufkl\u00e4rung","link":"https:\/\/www.freidenker.org\/?cat=12"},"img":{"alt_text":"","src":"https:\/\/i0.wp.com\/www.freidenker.org\/fw17\/wp-content\/uploads\/2025\/11\/Rabe_Wehrpflicht_800x450.jpg?fit=800%2C450&ssl=1&resize=350%2C200","width":350,"height":200,"srcset":"https:\/\/i0.wp.com\/www.freidenker.org\/fw17\/wp-content\/uploads\/2025\/11\/Rabe_Wehrpflicht_800x450.jpg?fit=800%2C450&ssl=1&resize=350%2C200 1x, https:\/\/i0.wp.com\/www.freidenker.org\/fw17\/wp-content\/uploads\/2025\/11\/Rabe_Wehrpflicht_800x450.jpg?fit=800%2C450&ssl=1&resize=525%2C300 1.5x, https:\/\/i0.wp.com\/www.freidenker.org\/fw17\/wp-content\/uploads\/2025\/11\/Rabe_Wehrpflicht_800x450.jpg?fit=800%2C450&ssl=1&resize=700%2C400 2x"},"classes":[]},{"id":9000,"url":"https:\/\/www.freidenker.org\/?p=9000","url_meta":{"origin":8857,"position":3},"title":"&#8222;Den NATO-Kriegstreibern die H\u00e4nde zerschlagen!&#8220;","author":"Webredaktion","date":"13. Dezember 2020","format":false,"excerpt":"Rede von M\u00e4nne Gr\u00fc\u00df zum Aktionstag \"Abr\u00fcsten statt Aufr\u00fcsten\" am 05.12.2020 in Potsdam Liebe Friedensfreunde, ich freue mich, dass wir hier heute zusammengekommen sind \u2013 und ehrlich gesagt ist f\u00fcr mich entscheidender, DASS wir zusammengekommen sind \u2013 und weniger WIE VIELE wir sind. Denn wir zeigen etwas in diesen Zeiten,\u2026","rel":"","context":"In &quot;Frieden - Antifaschismus - Solidarit\u00e4t&quot;","block_context":{"text":"Frieden - Antifaschismus - Solidarit\u00e4t","link":"https:\/\/www.freidenker.org\/?cat=13"},"img":{"alt_text":"","src":"https:\/\/i0.wp.com\/www.freidenker.org\/fw17\/wp-content\/uploads\/2020\/12\/20201205_182850.jpg?fit=800%2C449&ssl=1&resize=350%2C200","width":350,"height":200,"srcset":"https:\/\/i0.wp.com\/www.freidenker.org\/fw17\/wp-content\/uploads\/2020\/12\/20201205_182850.jpg?fit=800%2C449&ssl=1&resize=350%2C200 1x, https:\/\/i0.wp.com\/www.freidenker.org\/fw17\/wp-content\/uploads\/2020\/12\/20201205_182850.jpg?fit=800%2C449&ssl=1&resize=525%2C300 1.5x, https:\/\/i0.wp.com\/www.freidenker.org\/fw17\/wp-content\/uploads\/2020\/12\/20201205_182850.jpg?fit=800%2C449&ssl=1&resize=700%2C400 2x"},"classes":[]},{"id":252,"url":"https:\/\/www.freidenker.org\/?p=252","url_meta":{"origin":8857,"position":4},"title":"Kein Drohnenkrieg \u2013 Stopp Ramstein","author":"Webmaster","date":"21. Mai 2016","format":false,"excerpt":"Appell der Planungskonferenz \u201eStopp Ramstein\u201c Kommt und macht mit bei der Menschenkette am 11. Juno 2016! Ramstein steht f\u00fcr die Politik von Interventionen und Krieg, von \u00dcberwachung und Militarismus. Von Ramstein gehen durch die weltweiten Drohneneins\u00e4tze tagt\u00e4glich Tod, Leid, Terror und Verderben aus. Drohnenkrieg ist Serienmord. Als erstes muss die\u2026","rel":"","context":"In &quot;Frieden - Antifaschismus - Solidarit\u00e4t&quot;","block_context":{"text":"Frieden - Antifaschismus - Solidarit\u00e4t","link":"https:\/\/www.freidenker.org\/?cat=13"},"img":{"alt_text":"","src":"https:\/\/i0.wp.com\/www.freidenker.org\/fw17\/wp-content\/uploads\/2016\/07\/Stop_Hand.jpg?fit=800%2C445&ssl=1&resize=350%2C200","width":350,"height":200,"srcset":"https:\/\/i0.wp.com\/www.freidenker.org\/fw17\/wp-content\/uploads\/2016\/07\/Stop_Hand.jpg?fit=800%2C445&ssl=1&resize=350%2C200 1x, https:\/\/i0.wp.com\/www.freidenker.org\/fw17\/wp-content\/uploads\/2016\/07\/Stop_Hand.jpg?fit=800%2C445&ssl=1&resize=525%2C300 1.5x, https:\/\/i0.wp.com\/www.freidenker.org\/fw17\/wp-content\/uploads\/2016\/07\/Stop_Hand.jpg?fit=800%2C445&ssl=1&resize=700%2C400 2x"},"classes":[]},{"id":5114,"url":"https:\/\/www.freidenker.org\/?p=5114","url_meta":{"origin":8857,"position":5},"title":"Frieden mit Russland &#8211; Kein 3. Weltkrieg","author":"Webredaktion","date":"14. Mai 2018","format":false,"excerpt":"Keine neue Ostfront - Macht uns Russland nicht zum Feind - Aufr\u00fcstung und NATO-Aufmarsch stoppen! - Raus aus der NATO! - NATO raus! - Kein 3. Weltkrieg Die Toten von zwei Weltkriegen mahnen uns: Wir brauchen keinen Milit\u00e4raufmarsch gegen Russland, keine neue Ostfront. Wir brauchen eine neue Entspannungspolitik und eine\u2026","rel":"","context":"In &quot;Frieden - Antifaschismus - Solidarit\u00e4t&quot;","block_context":{"text":"Frieden - Antifaschismus - Solidarit\u00e4t","link":"https:\/\/www.freidenker.org\/?cat=13"},"img":{"alt_text":"","src":"https:\/\/i0.wp.com\/www.freidenker.org\/fw17\/wp-content\/uploads\/2018\/05\/Frieden_mit_Russland_komp_mR.jpg?fit=800%2C445&ssl=1&resize=350%2C200","width":350,"height":200,"srcset":"https:\/\/i0.wp.com\/www.freidenker.org\/fw17\/wp-content\/uploads\/2018\/05\/Frieden_mit_Russland_komp_mR.jpg?fit=800%2C445&ssl=1&resize=350%2C200 1x, https:\/\/i0.wp.com\/www.freidenker.org\/fw17\/wp-content\/uploads\/2018\/05\/Frieden_mit_Russland_komp_mR.jpg?fit=800%2C445&ssl=1&resize=525%2C300 1.5x, https:\/\/i0.wp.com\/www.freidenker.org\/fw17\/wp-content\/uploads\/2018\/05\/Frieden_mit_Russland_komp_mR.jpg?fit=800%2C445&ssl=1&resize=700%2C400 2x"},"classes":[]}],"_links":{"self":[{"href":"https:\/\/www.freidenker.org\/index.php?rest_route=\/wp\/v2\/posts\/8857","targetHints":{"allow":["GET"]}}],"collection":[{"href":"https:\/\/www.freidenker.org\/index.php?rest_route=\/wp\/v2\/posts"}],"about":[{"href":"https:\/\/www.freidenker.org\/index.php?rest_route=\/wp\/v2\/types\/post"}],"author":[{"embeddable":true,"href":"https:\/\/www.freidenker.org\/index.php?rest_route=\/wp\/v2\/users\/3"}],"replies":[{"embeddable":true,"href":"https:\/\/www.freidenker.org\/index.php?rest_route=%2Fwp%2Fv2%2Fcomments&post=8857"}],"version-history":[{"count":0,"href":"https:\/\/www.freidenker.org\/index.php?rest_route=\/wp\/v2\/posts\/8857\/revisions"}],"wp:featuredmedia":[{"embeddable":true,"href":"https:\/\/www.freidenker.org\/index.php?rest_route=\/wp\/v2\/media\/8858"}],"wp:attachment":[{"href":"https:\/\/www.freidenker.org\/index.php?rest_route=%2Fwp%2Fv2%2Fmedia&parent=8857"}],"wp:term":[{"taxonomy":"category","embeddable":true,"href":"https:\/\/www.freidenker.org\/index.php?rest_route=%2Fwp%2Fv2%2Fcategories&post=8857"},{"taxonomy":"post_tag","embeddable":true,"href":"https:\/\/www.freidenker.org\/index.php?rest_route=%2Fwp%2Fv2%2Ftags&post=8857"}],"curies":[{"name":"wp","href":"https:\/\/api.w.org\/{rel}","templated":true}]}}