{"id":8807,"date":"2020-10-17T18:54:37","date_gmt":"2020-10-17T16:54:37","guid":{"rendered":"https:\/\/www.freidenker.org\/?p=8807"},"modified":"2021-01-22T01:46:32","modified_gmt":"2021-01-22T00:46:32","slug":"lockdown-2020-mehr-als-eine-buchbesprechung","status":"publish","type":"post","link":"https:\/\/www.freidenker.org\/?p=8807","title":{"rendered":"Lockdown 2020 \u2013 Mehr als eine Buchbesprechung"},"content":{"rendered":"<div class=\"single titleImage\">\n<article id=\"content\">\n<div class=\"articleContent\">\n<p><em>Von <strong>Wolf Wetzel<\/strong><\/em><br \/>\n<span id=\"more-65867\"><\/span><\/p>\n<p><span style=\"font-size: 10pt;\">\u00dcbernahme vom <a href=\"https:\/\/wolfwetzel.de\/index.php\/2020\/10\/15\/lockdown-2020-mehr-als-eine-buchbesprechung\/\" target=\"_blank\" rel=\"noopener noreferrer\">Blog des Autors<\/a> vom 15.10.2020<\/span><\/p>\n<p>Das Buch \u201e<em><strong>LOCKDOWN 2020. Wie ein Virus dazu benutzt wird, die Gesellschaft zu ver\u00e4ndern<\/strong><\/em>\u201c (Hg. Hannes Hofbauer &amp; Stefan Kraft) wird bald im Buchhandel sein. Es enth\u00e4lt zwanzig Beitr\u00e4ge, die das breite Feld abdecken, das Corona nicht entdeckt hat, sondern vorfindet. Es bringt biopolitische, staatstheoretische, \u00f6konomische und gesellschaftliche \u00dcberlegungen zusammen. Und manchmal sogar gibt es Verkn\u00fcpfungen, \u00dcberg\u00e4nge zwischen diesen Disziplinen. Es ist ein gelungener Versuch, zu belegen, dass nicht Corona unser Leben ver\u00e4ndert, sondern jene, die mit \u201eCorona\u201c handeln. Es geht um das Wissen und die Erfahrungen, die Angst nicht weiter zu n\u00e4hren, sondern zu ermutigen, sich nicht das Leben zu nehmen, aus Angst vor dem Tod. Das ist ganz und gar nicht biologistisch gemeint.<\/p>\n<p>Im Juli 2018, also in Vor-Corona-Zeiten sendete der Deutschlandfunk einen interessanten Beitrag, der hinter die Kulissen der Weltgesundheitsbeh\u00f6rde (WHO) blickte, mit dem Titel:<\/p>\n<blockquote><p>\u201eUnabh\u00e4ngigkeit der Weltgesundheitsorganisation gef\u00e4hrdet \u2013 <strong>Was gesund ist, bestimmt Bill Gates<\/strong>\u201c.<\/p><\/blockquote>\n<p>Dann tauchte Corona auf. Wenig sp\u00e4ter kam der Lockdown. Der Wind drehte sich, auch bei denen, die \u00fcber ein kritisches Bewusstsein verf\u00fcgen. Dazu z\u00e4hlt auch der Deutschlandfunk. Die Anpassung an die Politik der Bundesregierung ging sogar soweit, dass die Redaktion im Mai 2020 den Titel der 2018 ausgestrahlten Sendung ver\u00e4nderte. Seitdem hei\u00dft derselbe Beitrag, ganz weichgesp\u00fclt:<\/p>\n<blockquote><p>\u201eUnabh\u00e4ngigkeit der Weltgesundheitsorganisation gef\u00e4hrdet \u2013 <strong>Das Dilemma der WHO<\/strong>.\u201c<\/p><\/blockquote>\n<p>Eigentlich ist damit ein wesentliches Element des Corona-Bewusstseins vorgespielt:<\/p>\n<p>An den Fakten, die der Deutschlandfunk-Beitrag zusammengetragen hat, ist nichts falsch, nichts zur\u00fcckzunehmen. Aber die Bedeutung dieses Wissens hat sich gewaltig ver\u00e4ndert. Vor zwei Jahren stie\u00df diese gut begr\u00fcndete Kritik ins Leere. Jetzt w\u00e4re sie hilfreich, gegen weitverbreitete Kopflosigkeit. Man k\u00f6nnte einiges einordnen und die Frage beantworten helfen: Geht es bei all denen, die jetzt ganz arg um unsere Gesundheit besorgt sind, um unser Leben und um die makellose Befolgung des hippokratischen Eids?<\/p>\n<p>Der Titel vor zwei Jahren hat die Recherche \u2013 nach dem Gedankenstrich \u2013 auf den Punkt gebracht: <em>Was gesund ist, bestimmt Bill Gates.<\/em><\/p>\n<p>Der Titel sagt aus, dass Gesundheit, neben dem medizinischen Aspekt, eine Frage der Definitionsmacht ist und die bestimmt sich zu gro\u00dfem Teil \u00fcber das Kapital, das eingesetzt wird, um diese zu erlangen.<\/p>\n<p>Andrej Hunko f\u00fchrt das am Beispiel der Influenzapandemie aus:<\/p>\n<blockquote><p>\u201eBesonders umstritten war damals die wenige Wochen vor der Pandemie-Ausrufung von der WHO vorgenommene \u00c4nderung der Kriterien daf\u00fcr. So stellte der Bericht fest: \u201aVor dem 4. Mai 2009 lautete die Definition, dass eine Influenzapandemie dann vorliege, wenn ein neues Influenzavirus auftauche, gegen das die Bev\u00f6lkerung nicht immun sei, was zu weltweiten Epidemien mit einer hohen Zahl von Todesf\u00e4llen und Erkrankungen f\u00fchren werde\u2018. Der Schweregrad, also die Zahl der schweren Verl\u00e4ufe oder Todesf\u00e4lle, fand sich anders als zuvor nicht mehr in der Definition wieder. Die genauen Umst\u00e4nde dieser bis heute bestehenden \u00c4nderung der Pandemie-Definition bleiben unklar.\u201c (S. 48)<\/p><\/blockquote>\n<p><em>Was gesund ist, bestimmt Bill Gates<\/em>, besagt auch, dass es ganz stinknormale kapitalistische Interessen sind, die in der Gesundheitsindustrie eine Rolle spielen, um genau zu sein, eine immer dominantere Rolle. Wenn immer mehr H\u00fcft-OPs durchgef\u00fchrt werden, dann liegt das nicht an der medizinischen Notwendigkeit, sondern auch an dem Faktum, dass eine OP viel mehr Geld bringt als eine gute Beratung, die zu \u201ekonservativen\u201c Therapien r\u00e4t.<\/p>\n<p>Die krankmachende Rolle der Privatisierung des Gesundheitswesens, in der notwendigerweise Profitraten mehr z\u00e4hlen (m\u00fcssen) als ausschlie\u00dflich therapeutisch indizierte Diagnosen, darf zwei Jahre sp\u00e4ter, in Zeiten von Corona, nicht beachtet, nicht ausgef\u00fchrt, nicht in Erinnerung gebracht werden. Ein Erinnerungsverbot.<\/p>\n<p>Deshalb musste dieser Satz zwei Jahre sp\u00e4ter verschwinden. Ein sicherlich symbolischer Akt, der aber darauf verweist, dass man Zusammenh\u00e4nge zerst\u00f6ren, verwischen will, die keinem verschw\u00f6rerischen Geheimbund entspringen, sondern einem recht durchschnittlichen Allgemeinwissen.<\/p>\n<p>Diese Episode sagt noch etwas: Selbst Menschen, die es besser wissen, die eher mit kritischem Bewusstsein die Welt betrachten (m\u00f6chten), m\u00fcssen und wollen sich jetzt in Corona-Zeiten wegducken.<\/p>\n<h5>Verschw\u00f6rungstheorie und\/oder Kapitalismusanalyse<\/h5>\n<p>Mit dem oben genannten \u201eFraming\u201c vonseiten des Deutschlandfunks f\u00e4ngt der Beitrag von Andrej Hunko an: <em>WHO \u2013 Wer bestimmt, was gesund ist?<\/em><\/p>\n<p>Er stellt viele Fakten zur Verf\u00fcgung, die das Bild einer Weltgesundheitsbeh\u00f6rde, die von staatlichen und wirtschaftlichen Einflussnahmen unabh\u00e4ngig ist, m\u00e4chtig l\u00e4diert.<\/p>\n<blockquote><p>\u201eIm Falle der WHO setzten 1993 die USA unter George Bush zun\u00e4chst durch, dass die Pflichtbeitr\u00e4ge der Mitgliedsstaaten eingefroren wurden: Das schon in den 1980er-Jahren eingef\u00fchrte reale Nullwachstum wurde durch ein nominelles Nullwachstum ersetzt. Inflations- oder W\u00e4hrungsschwankungen wurden nicht mehr ausgeglichen und der Haushalt sinkt damit allj\u00e4hrlich real, also inflationsbereinigt. In die so organisierte Finanzierungsl\u00fccke traten zunehmend freiwillige programmgebundene Beitr\u00e4ge der Mitgliedsstaaten sowie private Akteure mit ihren jeweiligen Interessen. Unter dem Strich bedeutet diese Entwicklung, dass die WHO sich heute nur noch zu etwa 20 Prozent aus regul\u00e4ren Mitgliedsbeitr\u00e4gen finanziert, \u00fcber die sie frei verf\u00fcgen kann, w\u00e4hrend ca. 70 Prozent der Mittel zweckgebunden sind. Vor 30 Jahren machten die Mitgliedsbeitr\u00e4ge hingegen noch etwa die H\u00e4lfte der Einnahmen aus. (\u2026) Was auf der Hand liegt: Mit den \u201afreiwilligen Beitr\u00e4gen\u2018 bestimmt der Geber, was gemacht wird.\u201c (S. 45)<\/p><\/blockquote>\n<p>All das ist pr\u00e4gnant in diesem Beitrag zusammengefasst, wobei dies alles fast alles \u201aSchnee von gestern\u2018 ist. Lange vor Corona sind dazu ausgezeichnete Artikel geschrieben worden, auf die auch Andrej Hunko zur\u00fcckgreift.<\/p>\n<p>Was hier jedoch Aufmerksamkeit verdient, ist die in Corona-Zeiten stattfindende Zerst\u00f6rung von Zusammenh\u00e4ngen, die Denunziation eines Wissens, das der allseits gef\u00f6rderten und erw\u00fcnschten Angst die Grenzenlosigkeit nehmen w\u00fcrde.<\/p>\n<p>Andrej Hunko ist selbst in diesen Bannkreis geraten, als er die Rolle der WHO auf einer Kundgebung thematisierte und sogleich dem Verdacht ausgesetzt war, \u201e<em>Stichworte genannt (zu haben), die an Verschw\u00f6rungstheorien ankn\u00fcpfen<\/em>\u201c. (S. 43).<\/p>\n<h5>Der reale und der unterschlagene Ausnahmezustand\/Notstand<\/h5>\n<p>Zu dieser neuen Form der Wissenstilgung geh\u00f6rt auch das banale Wissen, dass \u201eNotst\u00e4nde\u201c ganz wenig mit dem Anlass zu tun haben, sondern mit einer Krise, die eine Regierung selten wie folgt kommunizieren m\u00f6chte:<\/p>\n<blockquote><p>Meine Damen und Herren, wir steuern auf schwierige Zeiten zu. Diese Krise werden wir nur gut \u00fcberstehen, wenn Sie daf\u00fcr bezahlen. Das geht eben nicht nur mit ihrem Einverst\u00e4ndnis. Also m\u00fcssen wir sie dazu zwingen und deshalb werden wir mehr Repressionsmittel bereithalten, um ihre Zustimmung zu bekommen. Es liegt an Ihnen, ob wir sie auch einsetzen. Sie werden verstehen lernen, dass wir noch keine Krise ausgebadet haben, es sei denn, es g\u00e4be eine Revolution. Damit es dazu nicht kommt, haben wir uns auch darauf vorbereitet und das kostet auch Geld, also ihr Geld.<\/p><\/blockquote>\n<p>Genau eine solche Regierungsansprache wird es nicht geben, gab es noch nicht. Vielmehr wird eine Bedrohung inszeniert, in der wir alle gleich sind, vor der wir alle gemeinsam Angst bekommen sollen. Eine Angst, die uns vergessen macht, wie gro\u00df die Unterscheide sind, \u00fcber die wir jetzt einfach hinwegsehen d\u00fcrfen\/m\u00fcssen.<\/p>\n<p>Es war einmal der Kommunismus, also das kommunistische Virus, das uns alle bedrohte. Dann war es die RAF, die nach unser aller Leben trachtete, dann der Islamismus, der zur Ausrufung des \u201eKrieges gegen den Terror\u201c f\u00fchrte und seitdem kein Ende findet.<\/p>\n<p>Daf\u00fcr, dass auch dieses Wissen nicht versch\u00fctt geht, sorgen zwei Texte: Ein Beitrag von Rolf G\u00f6ssner (<em>Menschenrechte, Demokratie und Rechtsstaat in Zeiten der Pandemie<\/em>, ab S. 165) und ein Beitrag von Joachim Hirsch: Sicherheitsstaat 4.0 (ab S. 143)<\/p>\n<p>Dazu f\u00fchrt der emeritierte Professor f\u00fcr Politikwissenschaften und Mitherausgeber von \u201eLinks-Netz\u201c aus:<\/p>\n<blockquote><p>\u201eDie Sicherheitsgesetzgebung, die eine wesentliche Einschr\u00e4nkung b\u00fcrgerlicher Freiheiten und rechtsstaatlicher Normen beinhaltete, wurde \u2013 diesmal im Zusammenhang mit dem Kampf gegen den \u201aislamischen Terrorismus\u2018 nach dem Anschlag auf das New Yorker World Trade Center 2001 \u2013 weiter versch\u00e4rft. Nimmt man die Notstandsgesetze vom Ende der 1960er-Jahre hinzu, so erleben wir heute die vierte sicherheitsstaatliche Phase der deutschen Nachkriegsgeschichte: Sicherheitsstaat 4.0. Die \u201aCorona-Krise\u2018 und die Form des Umgangs mit ihr bezeichnet nicht nur eine weitere, sondern auch sehr einschneidende Etappe dieses Prozesses. Sie weist einige hervorstechende Merkmale auf, die sie von fr\u00fcheren sicherheitsstaatlichen Entwicklungen unterscheiden. Dazu geh\u00f6ren der Umgang mit der Verfassung und mit rechtsstaatlichen Prinzipien sowie der Einsatz der neuen digitalen Informations- und \u00dcberwachungstechniken. (\u2026) Neu ist, dass im Gegensatz zu fr\u00fcher \u2013 etwa bei den stark umk\u00e4mpften Grundgesetz\u00e4nderungen beim Erlass der Notstandsgesetze \u2013 die Verfassung einfach nicht mehr beachtet wurde. Wesentliche Grundrechte wurden unter Ausschaltung des Parlaments per Regierungsdekret faktisch au\u00dfer Kraft gesetzt. Dies unter R\u00fcckgriff auf ein Seuchengesetz, das exekutive Erm\u00e4chtigungen nur sehr vage definiert. Das im M\u00e4rz 2020 neu gefasste Infektionsschutzgesetz enth\u00e4lt eine Generalklausel ohne jegliche Spezifizierung und bietet der Exekutive einen fast unbeschr\u00e4nkten Spielraum. Das ist nach den herrschenden Verfassungsgrunds\u00e4tzen unzul\u00e4ssig. Au\u00dfer Kraft gesetzt wurden nicht nur Freiheits- und Eigentumsrechte, sondern auch das Demonstrations- und Versammlungsrecht und damit ein zentrales Moment politischer Beteiligung. Die bei Grundrechtseinschr\u00e4nkungen notwendige Pr\u00fcfung der Verh\u00e4ltnism\u00e4\u00dfigkeit dieser Ma\u00dfnahmen fand nicht statt. Ein vom Grundgesetz \u00fcberhaupt nicht vorgesehenes, aus der Kanzlerin und den Ministerpr\u00e4sidentInnen der Bundesl\u00e4nder bestehendes Gremium wurde zum Gesetzgeber. Heraus kam ein autorit\u00e4rer Staat unter Beibehaltung eines institutionell-demokratischen Beiwerks.\u201c (S. 144\/45)<\/p><\/blockquote>\n<p>Dieser Beitrag ist auch deshalb so wichtig, weil sich (gro\u00dfe) Teile der Linken in Corona-Zeiten durch Zweierlei auszeichnen: Zum einen werden fast alle Ma\u00dfnahmen begr\u00fc\u00dft und geradezu ultra*legal eingehalten. Zum anderen ersch\u00f6pft sich Kritik an der Kritik dieser Ma\u00dfnahmen durch die \u201eQuerdenker*innen\u201c in blanker Denunziation, was sie in der Tat zu einer regierungsnahen \u201eStiftung\u201c macht, die mit Demonstrationen gegen die \u201eCovidioten\u201c solange Regierungspolitik betreiben wird, wie sie es unterl\u00e4sst, eine eigene Kritik an den Ausnahmezust\u00e4nden zu formulieren. Diesen Aspekt f\u00fchrt auch der Beitrag von Peter Nowak, \u201e<em>Die autorit\u00e4re Staatlichkeit und der Konformismus der Linken<\/em>\u201c, sehr eindrucksvoll aus:<\/p>\n<blockquote><p>\u201eSp\u00e4testens Ende April begannen vor allem in Berlin antifaschistische Gegenproteste, die allerdings sowohl praktisch als auch theoretisch extrem staatstragend auftraten.\u201c (S. 157)<\/p><\/blockquote>\n<p>Es ist erfreulich und wohltuend, die beiden Beitr\u00e4ge von Rolf G\u00f6ssner und Joachim Hirsch zu lesen. Und hoffentlich dienen sie als Ansto\u00df f\u00fcr die Linke, sich damit auseinanderzusetzen, um einem wesentlichen Fixpunkt linker Kritik gerecht zu werden: Herrschaftskritik zu \u00fcben und in einer Praxis zu beweisen, wie Herrschaft delegitimiert, wie sie blo\u00dfgestellt werden kann.<\/p>\n<h5>Wozu dieser ganze Corona-Wahnsinn?<\/h5>\n<p>Wenn man die Corona-Zeiten nicht als medizinisches Ph\u00e4nomen begreift, sondern als ein gesellschaftliches, herrschaftspolitisches, dann stellt sich die Frage: Wozu dieser ganze Aufwand? Wozu der Lockdown, der Milliarden Euro kosten wird? Wozu all diese Einschr\u00e4nkungen, die gerade auch jene emp\u00f6ren, die bisher noch nicht \u201eauf der Stra\u00dfe\u201c waren? Wozu eine Angst, die geradezu pandemisch alles \u2013 Menschen, Wissen und Erfahrungen \u2013 mit- und voneinander isoliert?<\/p>\n<p>Joachim Hirsch hat nicht nur zu dem Aspekt \u201eSicherheitsstaat\u201c gearbeitet. Er hat diese staatstheoretischen \u00dcberlegungen in eine kapitalistische Gesamtanalyse eingebettet. Dabei benutzt Joachim Hirsch als Werkzeug die Begriffe \u201eRegulations- und Akkumulationregime\u201c, also das Zusammenwirken von staatlichem Handeln und kapitalimmanenten Ver\u00e4nderungen. Diese Werkzeuge sind sehr gut geeignet, den Staat als etwas zu begreifen, was eben mehr ist als ein Laufjunge des Kapitals.<\/p>\n<p>Was macht also der Staat, der eigentlich ziemlich irre ist, wenn er als \u201eLaufjunge\u201c des Kapitals f\u00fcr milliardenschwere Verluste sorgt und die \u201eWirtschaft\u201c in eine tiefe Rezession treibt?<\/p>\n<p>Dazu bietet der Beitrag von Alfred J. Noll: Seuchenzeit: Der Staat als \u201e<em>ideeller Gesamtkapitalist<\/em>\u201c genug Futter.<\/p>\n<p>Mit dem \u201eideellen Gesamtkapitalisten\u201c greift Noll auf eine marxistische Kategorie zur\u00fcck, die ich f\u00fcr \u00e4u\u00dferst hilfreich und extrem schlau halte, wenn man das Zusammenspiel von Staat und Kapital\/Wirtschaft beschreiben will.<\/p>\n<p>Jeder Einzelkapitalist ist des anderen Feind. Wie k\u00f6nnen und m\u00fcssen sie aber dennoch ihre gemeinsamen Interessen formulieren und zur Geltung bringen? Hier kommt der Staat ins Spiel. Wenn er seine Rolle gekonnt aus\u00fcbt, dann ist er eben nicht nur Promoter eines Gro\u00dfunternehmens (sei es Siemens, VW oder RWE). Er muss es schaffen, sozusagen die Quersumme aller Kapitalinteressen zu verk\u00f6rpern. Das geht gelegentlich auch auf (\u00fcberschaubare) Kosten von Big Players, wie beim Atomausstieg.<\/p>\n<p>Der Staat als \u201eideeller Gesamtkapitalist\u201c ist deshalb ein ideeller, weil es f\u00fcr die \u201eQuersumme\u201c keine objektive Bestimmung gibt. Was also auch hei\u00dfen kann, dass es schiefgehen kann und der Staat, also die Regierung, auch Fraktionen innerhalb des Kapitals gegen sich aufbringt.<\/p>\n<p>Was gelingt dem Staat als \u201eideellem Gesamtkapitalisten\u201c in und mit der Corona-Krise?<\/p>\n<p>Zun\u00e4chst einmal hebt Noll hervor, dass, entgegen anderen Krisenverursachern, die Corona-Krise durch den Staat selbst, durch den verordneten Lockdown, ausgel\u00f6st wurde:<\/p>\n<blockquote><p>\u201eDer Covid-19-Staat ist der W\u00fcrgeengel der kapitalistischen Produktionsweise, indem er Produktion und Konsumtion \u00fcber weite Strecken verhindert \u2013 er macht also exakt das Gegenteil von dem, wozu er geschaffen wurde.\u201c (S. 93)<\/p><\/blockquote>\n<p>L\u00e4sst man einmal beiseite, ob es sich beim Lockdown um einen W\u00fcrgeengel handelt, dann besagt dies auf jeden Fall, dass sich der Staat ganz sch\u00f6n viel herausgenommen hat, auch und gerade gegen Einzelinteressen, die die Kapitalseite ber\u00fchren.<\/p>\n<p>Es kommt also jetzt darauf an, ob der Staat diese \u201eKosten\u201c rechtfertigen kann (vor allem gegen\u00fcber der Kapitalseite) und was er als Kompensation bietet.<\/p>\n<p>Und genau hier bekommen die Begriffe vom Regulations- und Akkumulationregime ihre Bedeutung:<\/p>\n<p>Der Staat wird \u2013 aller Voraussicht nach \u2013 nicht nur die Verluste auf Kapitalseite in Grenzen halten (was er bereits mit Milliarden-Hilfen unter Beweis gestellt hat). Er wird auch ein neues Akkumulationregime ansto\u00dfen, das in der Luft lag und durch Corona richtig Wind bekommt: Es geht um den ewig und drei Tage angek\u00fcndigten Umbau der Wirtschaft, um eine Transformation der Energiewirtschaft und fossilen Mobilit\u00e4t, um die Forcierung der Digitalisierung und den Einsatz von KI (K\u00fcnstlicher Intelligenz), wie es der Beitrag <em>Neues Akkumulationsmodell: Verhalten und K\u00f6rper im Visier des Kapitals (Hannes Hofbauer und Andrea Komlosy)<\/em> anschaulich ausf\u00fchrt. Das geht immer und notwendigerweise mit Friktionen einher, also Unstimmigkeiten zwischen den Verlierern und Gewinnern der Transformation. Ich w\u00fcrde in der Tat die These wagen, dass Corona der ideale Beschleuniger dieser \u201eWende\u201c ist.<\/p>\n<p>Damit einher geht das Ende des \u201eschlank\u201c-gemachten Staates, eines Nachtw\u00e4chterstaates, der tats\u00e4chlich dem Butler im Luxushotel sehr nahekommt. Es geht, wie Noll prognostiziert, um die \u201eR\u00fcckkehr des starken Staates\u201c (S. 94).<\/p>\n<p>Tats\u00e4chlich braucht es diesen \u201estarken\u201c Staat in vierfacher Hinsicht:<\/p>\n<p>Er muss als \u201eideeller Gesamtkapitalist\u201c den Kapitalismus auf 3.0 bringen, was eben auch bedeutet, R\u00fcckenwind auszuhalten, auch aus den \u201eeigenen Reihen\u201c, ideologisch und politisch (was sich auch in der Pr\u00e4senz der AfD ausdr\u00fcckt).<\/p>\n<p>Zum Zweiten wird diese Transformation ohne staatliche Subventionen und Absicherungen nicht gehen. Das hei\u00dft, dieser Staat braucht mehr und nicht weniger Steuerungsmittel, wozu im Kapitalismus auch ein Batzen Geld geh\u00f6rt, also erh\u00f6hte Steuereinnahmen. Die Au\u00dferkraftsetzung der \u201eSchuldenbremse\u201c ist ein Schritt in diese Richtung.<\/p>\n<p>Und dieser Staat wird eine gr\u00f6\u00dfere Rolle spielen (m\u00fcssen), wenn die Analyse richtig ist, dass die \u201eGlobalisierung\u201c, wie sie in den letzten 20 Jahren betrieben wurde, zu Ende ist. Es wird zu einer Renationalisierung kommen, die schon seit einiger Zeit die bestimmende Gegenbewegung ausmacht. Dazu z\u00e4hlen Handelsschranken\/-embargos (nicht anderes als Wirtschaftskriege), Abschottungsma\u00dfnahmen bis hin zur R\u00fcckverlagerung von \u201esystemrelevanten\u201c Produktionen. Die Schutzmasken, die in China hergestellt wurden und in Deutschland nicht verf\u00fcgbar waren, sind die Covergeschichte f\u00fcr diese \u201eWende\u201c. Es geht in Zukunft darum, Grenzen hochzuziehen, wozu es einen starken Staat braucht.<\/p>\n<p>Last not least, wird diese \u201eZeitenwende\u201c dreifach Geld kosten, vor allem zu Lasten derer, die schon immer f\u00fcrs Ausbaden da sind. Zum einen werden die nahe 1.000 Milliarden Euro, die der Lockdown gekostet hat, von denen genommen, die eh wenig haben.<\/p>\n<p>Zum Zweiten wird die Transformation viele Arbeitspl\u00e4tze kosten und \u2013 gerade in Corona-Zeiten \u2013 zu vielen Zugest\u00e4ndnissen f\u00fchren, die nichts anderes bedeuten, als dass die (noch) Besch\u00e4ftigten die Krise ausbaden.<\/p>\n<p>Und drittens wird die Renationalisierung Produkte notwendigerweise teurer machen und vor allem jene belasten, die eh jeden Cent umdrehen m\u00fcssen.<\/p>\n<p>Und bevor es vergessen wird: Die Einschr\u00e4nkungen von Grundrechten, die dank Corona gut einge\u00fcbt wurden, werden nicht r\u00fcckg\u00e4ngig gemacht.<\/p>\n<p>Dieser Beitrag ber\u00fccksichtigt ungef\u00e4hr f\u00fcnf Beitr\u00e4ge in diesem Buch. Ein Grund mehr, das ganze Buch zu lesen, das mit insgesamt zwanzig Beitr\u00e4gen beeindruckt.<\/p>\n<p style=\"text-align: right;\"><em>Wolf Wetzel<\/em><\/p>\n<p style=\"text-align: right;\"><em>Wir danken dem Autor f\u00fcr die Genehmigung, seine Rezension auf unserer Seite zu ver\u00f6ffentlichen.<\/em><\/p>\n<p><span style=\"font-size: 10pt;\">Link zur Ver\u00f6ffentlichung im Blog des Autors: <a href=\"https:\/\/wolfwetzel.de\/index.php\/2020\/10\/15\/lockdown-2020-mehr-als-eine-buchbesprechung\/\" target=\"_blank\" rel=\"noopener noreferrer\">https:\/\/wolfwetzel.de\/index.php\/2020\/10\/15\/lockdown-2020-mehr-als-eine-buchbesprechung\/<\/a><\/span><\/p>\n<p><span style=\"font-size: 10pt;\">Der Beitrag wurde auch publiziert auf den NachDenkSeiten am 15. Oktober 2020: <a href=\"https:\/\/www.nachdenkseiten.de\/?p=65867\">https:\/\/www.nachdenkseiten.de\/?p=65867<\/a><\/span><\/p>\n<p>&nbsp;<\/p>\n<p><strong>Anhang: Inhaltsverzeichnis<\/strong><\/p>\n<ul>\n<li>Vorwort<\/li>\n<li>DER N\u00c4HRBODEN F\u00dcR DIE PANDEMIE<\/li>\n<li>Chuang-Blog \u2013 Soziale Ansteckung<\/li>\n<li>Andrej Hunko \u2013 WHO \u2013 Wer bestimmt, was gesund ist?<\/li>\n<li>Andreas S\u00f6nnichsen \u2013 Covid-19: Wo ist die Evidenz?<\/li>\n<li>Armando Mattioli \u2013 Ursachen f\u00fcr die pandemiebedingte Krise in Italien<\/li>\n<li>SOZIO\u00d6KONOMISCHE FOLGEN<\/li>\n<li>Hannes Hofbauer und Andrea Komlosy \u2013 Neues Akkumulationsmodell: Verhalten und K\u00f6rper im Visier des Kapitals<\/li>\n<li>Alfred J. Noll \u2013 Seuchenzeit: Der Staat als \u00bbideeller Gesamtkapitalist\u00ab .<\/li>\n<li>Andrea Komlosy \u2013 Entflechtung oder Neuordnung: Globale G\u00fcterketten nach dem Lockdown<\/li>\n<li>STAATLICHE ZWANGSMASSNAHMEN UND DIE ROLLE DER MEDIEN<\/li>\n<li>Matthias Burchardt \u2013 Versuch \u00fcber den Homo hygienicus<\/li>\n<li>Roland Rottenfu\u00dfer \u2013 Die Gesundheitsdiktatur<\/li>\n<li>Joachim Hirsch \u2013 Sicherheitsstaat 4.0<\/li>\n<li>Peter Nowak \u2013 Die autorit\u00e4re Staatlichkeit und der Konformismus der Linken<\/li>\n<li>Rolf G\u00f6ssner \u2013 Menschenrechte, Demokratie und Rechtsstaat in Zeiten der Pandemie<\/li>\n<li>Walter van Rossum \u2013 Mediale Superspreader<\/li>\n<li>DER NEUE UMGANG<\/li>\n<li>Stefan Kraft \u2013 Der ausgeschlossene Tod<\/li>\n<li>Ulrike Baureithel \u2013 Die Angst, aussortiert zu werden<\/li>\n<li>Valentin Widmann \u2013 Die Menschenw\u00fcrde und der Wert des Lebens in Zeiten von Corona<\/li>\n<li>Jochen Krautz \u2013 Bildendes Lernen braucht Schule und Unterricht<\/li>\n<li>Bernhard Heinzlmaier \u2013 Jugendliche als Betroffene der Corona-Epidemie<\/li>\n<li>Gerhard Ruiss \u2013 Kulturpolitik in der Corona-Krise<\/li>\n<li>Nicole Selmer \u2013 Kein Zur\u00fcck zu einem kaputten System: Fu\u00dfball in der Krise<\/li>\n<li>Zitate zum Lockdown<\/li>\n<li>AutorInnenbiografien<\/li>\n<\/ul>\n<p><strong>Quellen und Hinweise:<\/strong><\/p>\n<ul>\n<li><em>LOCKDOWN 2020. Wie ein Virus dazu benutzt wird, die Gesellschaft zu ver\u00e4ndern<\/em>, Hg. Hannes Hofbauer &amp; Stefan Kraft, Promedia Verlag Wien, 2020<\/li>\n<li><em>Eine Geisel potenter Geldgeber<\/em>, Thomas Gebauer, Deutschlandfunk Kultur vom 18. Mai 2015, <a href=\"https:\/\/www.deutschlandfunkkultur.de\/weltgesundheitsorganisation-eine-geisel-potenter-geldgeber.1008.de.html?dram: article_id=320082\">deutschlandfunkkultur.de\/weltgesundheitsorganisation-eine-geisel-potenter-geldgeber.1008.de.html?dram:article_id=320082<\/a><\/li>\n<li><em>Der heimliche WHO-Chef hei\u00dft Bill Gates<\/em>, Jakob Simmank, Zeit Online vom 04. April 2017, <a href=\"https:\/\/www.zeit.de\/wissen\/gesundheit\/2017-03\/who-unabhaengigkeit-bill-gates-film\">zeit.de\/wissen\/gesundheit\/2017-03\/who-unabhaengigkeit-bill-gates-film.<\/a><\/li>\n<li><em>Die WHO am Bettelstab: Was gesund ist, bestimmt Bill Gates<\/em>, Thomas Kruchem, SWR, 22. Januar 2019, <a href=\"https:\/\/www.swr.de\/swr2\/wissen\/who-am-bettelstab-was-gesund-ist-bestimmt-bill-gates-100.html\">swr.de\/swr2\/wissen\/who-am-bettelstab-was-gesund-ist-bestimmt-bill-gates-100.html<\/a><\/li>\n<li><em>Unabh\u00e4ngigkeit der Weltgesundheitsorganisation: Das Dilemma der WHO<\/em>, Thomas Kruchem, Deutschlandfunk Kultur vom 17. Juli 2018, <a href=\"https:\/\/www.deutschlandfunkkultur.de\/unabhaengigkeit-der-weltgesundheitsorganisation-das-dilemma.976.de.html?dram:article_id=423076\">deutschlandfunkkultur.de\/unabhaengigkeit-der-weltgesundheitsorganisation-das-dilemma.976.de.html?dram:article_id=423076<\/a><\/li>\n<li><em>Die Corona-Krise. Die Linke. Und die Sterblichkeit. Eine Halbjahresbilanz<\/em>, Wolf Wetzel, Teil 1: <a href=\"https:\/\/wolfwetzel.de\/index.php\/2020\/09\/20\/die-corona-krise-die-linke-und-die-sterblichkeit-eine-halbjahresbilanz\/\">wolfwetzel.de\/index.php\/2020\/09\/20\/die-corona-krise-die-linke-und-die-sterblichkeit-eine-halbjahresbilanz\/<\/a><\/li>\n<li><em>Ausnahmezust\u00e4nde verschwinden nicht, sondern verwandeln sich in eine neue Form des Normalzustandes<\/em>, Wolf Wetzel, Teil 2: <a href=\"https:\/\/wolfwetzel.de\/index.php\/2020\/09\/26\/ausnahmezustaende-verschwinden-nicht-sondern-verwandeln-sich-in-eine-neue-form-des-normalzustandes-2-teil\/\">wolfwetzel.de\/index.php\/2020\/09\/26\/ausnahmezustaende-verschwinden-nicht-sondern-verwandeln-sich-in-eine-neue-form-des-normalzustandes-2-teil\/<\/a><\/li>\n<\/ul>\n<p><strong>Bibliographische Daten<\/strong><\/p>\n<p>Hannes Hofbauer, Stefan Kraft (Hrsg.)<br \/>\n<strong>Lockdown 2020: Wie ein Virus dazu benutzt wird, die Gesellschaft zu ver\u00e4ndern<\/strong><br \/>\nWien: Promedia Druck- und Verlagsgesellschaft, 2020<br \/>\nISBN 978-3-85371-473-7<br \/>\n280 S., Taschenbuch, 19,90 \u20ac<\/p>\n<hr \/>\n<p><span style=\"font-size: 10pt;\">Bild oben: Collage: Ralf Lux<\/span><br \/>\n<span style=\"font-size: 10pt;\">unter Verwendung eines Fotos von pixabay.com und dem Titelbild des rezensierten Buches<\/span><\/p>\n<div id=\"attributes\">\n<p>&nbsp;<\/p>\n<\/div>\n<\/div>\n<\/article>\n<\/div>\n","protected":false},"excerpt":{"rendered":"<p><b>Rezension von Wolf Wetzel<\/b><br \/>\nDas Buch \u201eLOCKDOWN 2020. Wie ein Virus dazu benutzt wird, die Gesellschaft zu ver\u00e4ndern\u201c (Hg. Hannes Hofbauer &#038; Stefan Kraft) &#8230; enth\u00e4lt zwanzig Beitr\u00e4ge, die das breite Feld abdecken, das Corona nicht entdeckt hat, sondern vorfindet. Es bringt biopolitische, staatstheoretische, \u00f6konomische und gesellschaftliche \u00dcberlegungen zusammen. Und manchmal sogar gibt es Verkn\u00fcpfungen, \u00dcberg\u00e4nge zwischen diesen Disziplinen. Es ist ein gelungener Versuch, zu belegen, dass nicht Corona unser Leben ver\u00e4ndert, sondern jene, die mit \u201eCorona\u201c handeln. Es geht um das Wissen und die Erfahrungen, die Angst nicht weiter zu n\u00e4hren, sondern zu ermutigen &#8230;<\/p>\n","protected":false},"author":3,"featured_media":8809,"comment_status":"closed","ping_status":"closed","sticky":false,"template":"","format":"standard","meta":{"colormag_page_container_layout":"default_layout","colormag_page_sidebar_layout":"default_layout","advanced_seo_description":"","jetpack_seo_html_title":"","jetpack_seo_noindex":false,"jetpack_post_was_ever_published":false,"footnotes":""},"categories":[11,12,6],"tags":[1256,1273,577,691,1351,832,1257,954,1144,122],"class_list":["post-8807","post","type-post","status-publish","format-standard","has-post-thumbnail","hentry","category-arbeit-soziales","category-demokratie-medien-aufklaerung","category-publikationen-fuer-freidenker","tag-corona-virus","tag-demokratische-grundrechte","tag-gesundheitspolitik","tag-kapitalismuskritik","tag-lockdown","tag-menschenwuerde","tag-pandemie","tag-rezension","tag-staat","tag-wirtschaft"],"jetpack_featured_media_url":"https:\/\/i0.wp.com\/www.freidenker.org\/fw17\/wp-content\/uploads\/2020\/10\/Lockdown2020_titelcollage_800x450.jpg?fit=800%2C450&ssl=1","jetpack_shortlink":"https:\/\/wp.me\/p9stpK-2i3","jetpack-related-posts":[{"id":9336,"url":"https:\/\/www.freidenker.org\/?p=9336","url_meta":{"origin":8807,"position":0},"title":"Haarige Angelegenheit: Lockdown-Verl\u00e4ngerung","author":"Webredaktion","date":"21. Januar 2021","format":false,"excerpt":"Beitrag von Klaus Hartmann Das Thema ist ernsthafter als die Darstellung, mit der es behandelt wird: Brechen die Politiker, die uns mit \u201eCorona-Regeln\u201c begl\u00fccken, etwa ihre eigenen Vorschriften? Der Lockdown: Wer nicht englisch kann, fragte sich, als das Wort im letzten Jahr Karriere machte: Hat das was mit einer Locke\u2026","rel":"","context":"In &quot;Arbeit &amp; Soziales&quot;","block_context":{"text":"Arbeit &amp; Soziales","link":"https:\/\/www.freidenker.org\/?cat=11"},"img":{"alt_text":"","src":"https:\/\/i0.wp.com\/www.freidenker.org\/fw17\/wp-content\/uploads\/2021\/01\/rapunzel_v2_800x450.jpg?fit=800%2C450&ssl=1&resize=350%2C200","width":350,"height":200,"srcset":"https:\/\/i0.wp.com\/www.freidenker.org\/fw17\/wp-content\/uploads\/2021\/01\/rapunzel_v2_800x450.jpg?fit=800%2C450&ssl=1&resize=350%2C200 1x, https:\/\/i0.wp.com\/www.freidenker.org\/fw17\/wp-content\/uploads\/2021\/01\/rapunzel_v2_800x450.jpg?fit=800%2C450&ssl=1&resize=525%2C300 1.5x, https:\/\/i0.wp.com\/www.freidenker.org\/fw17\/wp-content\/uploads\/2021\/01\/rapunzel_v2_800x450.jpg?fit=800%2C450&ssl=1&resize=700%2C400 2x"},"classes":[]},{"id":9155,"url":"https:\/\/www.freidenker.org\/?p=9155","url_meta":{"origin":8807,"position":1},"title":"Corona kontrovers","author":"Webredaktion","date":"3. Januar 2021","format":false,"excerpt":"Beitrag von Klaus Hartmann Angesichts unterschiedlicher Einsch\u00e4tzungen, Streit und Spaltungsgefahren hat sich der Deutsche Freidenker-Verband in seiner Stellungnahme \u201eDie sogenannte Corona-Krise\u201c (April 2020) f\u00fcr Diskussionen ausgesprochen, \u201edie rational und erkenntnisf\u00f6rdernd sind, die kontrovers sein d\u00fcrfen, aber im Geist des gegenseitigen Respekts und der Toleranz gef\u00fchrt werden, als kulturvoller Meinungsstreit\u201c. Es\u2026","rel":"","context":"In &quot;Demokratie \u2013 Medien \u2013 Aufkl\u00e4rung&quot;","block_context":{"text":"Demokratie \u2013 Medien \u2013 Aufkl\u00e4rung","link":"https:\/\/www.freidenker.org\/?cat=12"},"img":{"alt_text":"","src":"https:\/\/i0.wp.com\/www.freidenker.org\/fw17\/wp-content\/uploads\/2021\/01\/corona_sieben_schwaben_800x445.jpg?fit=800%2C450&ssl=1&resize=350%2C200","width":350,"height":200,"srcset":"https:\/\/i0.wp.com\/www.freidenker.org\/fw17\/wp-content\/uploads\/2021\/01\/corona_sieben_schwaben_800x445.jpg?fit=800%2C450&ssl=1&resize=350%2C200 1x, https:\/\/i0.wp.com\/www.freidenker.org\/fw17\/wp-content\/uploads\/2021\/01\/corona_sieben_schwaben_800x445.jpg?fit=800%2C450&ssl=1&resize=525%2C300 1.5x, https:\/\/i0.wp.com\/www.freidenker.org\/fw17\/wp-content\/uploads\/2021\/01\/corona_sieben_schwaben_800x445.jpg?fit=800%2C450&ssl=1&resize=700%2C400 2x"},"classes":[]},{"id":18566,"url":"https:\/\/www.freidenker.org\/?p=18566","url_meta":{"origin":8807,"position":2},"title":"Corona-Risikobewertung wurde politisch k\u00fcnstlich &#8222;hochskaliert&#8220;","author":"Webredaktion","date":"20. M\u00e4rz 2024","format":false,"excerpt":"Beitrag von Bernhard Loyen Es finden sich weiterhin unterschiedliche Gruppierungen von B\u00fcrgern, was das\u00a0Thema Corona-Aufarbeitung und R\u00fcckbetrachtung betrifft. Der giftige Corona-Spaltpilz bl\u00fcht weiterhin in den Fugen der Gesellschaft. Dazu mehr am Ende des Artikels. Diese Betrachtung erfolgt rund ein Jahr nachdem der unantastbare und skrupellose Karl Lauterbach\u00a0Anfang April 2023 vollkommen\u2026","rel":"","context":"In &quot;Demokratie \u2013 Medien \u2013 Aufkl\u00e4rung&quot;","block_context":{"text":"Demokratie \u2013 Medien \u2013 Aufkl\u00e4rung","link":"https:\/\/www.freidenker.org\/?cat=12"},"img":{"alt_text":"","src":"https:\/\/i0.wp.com\/www.freidenker.org\/fw17\/wp-content\/uploads\/2024\/03\/Spahn-Karikatur_800x450.jpg?fit=800%2C450&ssl=1&resize=350%2C200","width":350,"height":200,"srcset":"https:\/\/i0.wp.com\/www.freidenker.org\/fw17\/wp-content\/uploads\/2024\/03\/Spahn-Karikatur_800x450.jpg?fit=800%2C450&ssl=1&resize=350%2C200 1x, https:\/\/i0.wp.com\/www.freidenker.org\/fw17\/wp-content\/uploads\/2024\/03\/Spahn-Karikatur_800x450.jpg?fit=800%2C450&ssl=1&resize=525%2C300 1.5x, https:\/\/i0.wp.com\/www.freidenker.org\/fw17\/wp-content\/uploads\/2024\/03\/Spahn-Karikatur_800x450.jpg?fit=800%2C450&ssl=1&resize=700%2C400 2x"},"classes":[]},{"id":15492,"url":"https:\/\/www.freidenker.org\/?p=15492","url_meta":{"origin":8807,"position":3},"title":"Impfsch\u00e4den und Freiheitsrechte: Medien best\u00e4tigen die Corona-Kritiker","author":"Webredaktion","date":"14. M\u00e4rz 2023","format":false,"excerpt":"Beitrag von Thomas R\u00f6per Um zu verstehen, was die derzeitigen Medienberichte \u00fcber Hunderttausende Impfsch\u00e4den und \u00fcber das Eingest\u00e4ndnis, dass die Corona-Ma\u00dfnahmen \"unsinnig, \u00fcberzogen, rechtswidrig\" waren (Spiegel), bedeuten, m\u00fcssen wir uns noch einmal an die leidige Corona-Zeit erinnern. ... Die Thesen der Querdenker waren erstens, dass COVID-19 keine gef\u00e4hrliche Seuche, sondern\u2026","rel":"","context":"In &quot;Demokratie \u2013 Medien \u2013 Aufkl\u00e4rung&quot;","block_context":{"text":"Demokratie \u2013 Medien \u2013 Aufkl\u00e4rung","link":"https:\/\/www.freidenker.org\/?cat=12"},"img":{"alt_text":"","src":"https:\/\/i0.wp.com\/www.freidenker.org\/fw17\/wp-content\/uploads\/2023\/03\/sitzplatz-abstandhalter_800x450.jpg?fit=800%2C450&ssl=1&resize=350%2C200","width":350,"height":200,"srcset":"https:\/\/i0.wp.com\/www.freidenker.org\/fw17\/wp-content\/uploads\/2023\/03\/sitzplatz-abstandhalter_800x450.jpg?fit=800%2C450&ssl=1&resize=350%2C200 1x, https:\/\/i0.wp.com\/www.freidenker.org\/fw17\/wp-content\/uploads\/2023\/03\/sitzplatz-abstandhalter_800x450.jpg?fit=800%2C450&ssl=1&resize=525%2C300 1.5x, https:\/\/i0.wp.com\/www.freidenker.org\/fw17\/wp-content\/uploads\/2023\/03\/sitzplatz-abstandhalter_800x450.jpg?fit=800%2C450&ssl=1&resize=700%2C400 2x"},"classes":[]},{"id":8153,"url":"https:\/\/www.freidenker.org\/?p=8153","url_meta":{"origin":8807,"position":4},"title":"Corona: Das gro\u00dfe Verwirrspiel","author":"Webredaktion","date":"25. Mai 2020","format":false,"excerpt":"In der Rubrik Tagesdosis wurde am 22.05.2020 bei KenFM der Beitrag \u201eCorona: Das gro\u00dfe Verwirrspiel\u201c von Rainer Rupp, Mitglied des Beirats des Deutschen Freidenker-Verbandes, ver\u00f6ffentlicht. Nach fast f\u00fcnf Monaten Corona-Erfahrung in Deutschland ... bin ich als aufmerksamer Beobachter der Szene heute genauso verwirrt wie zu Beginn des Jahres, allerdings jetzt\u2026","rel":"","context":"In &quot;Arbeit &amp; Soziales&quot;","block_context":{"text":"Arbeit &amp; Soziales","link":"https:\/\/www.freidenker.org\/?cat=11"},"img":{"alt_text":"","src":"https:\/\/i0.wp.com\/www.freidenker.org\/fw17\/wp-content\/uploads\/2020\/05\/KenFM-Covid19_800x450.jpg?fit=800%2C450&ssl=1&resize=350%2C200","width":350,"height":200,"srcset":"https:\/\/i0.wp.com\/www.freidenker.org\/fw17\/wp-content\/uploads\/2020\/05\/KenFM-Covid19_800x450.jpg?fit=800%2C450&ssl=1&resize=350%2C200 1x, https:\/\/i0.wp.com\/www.freidenker.org\/fw17\/wp-content\/uploads\/2020\/05\/KenFM-Covid19_800x450.jpg?fit=800%2C450&ssl=1&resize=525%2C300 1.5x, https:\/\/i0.wp.com\/www.freidenker.org\/fw17\/wp-content\/uploads\/2020\/05\/KenFM-Covid19_800x450.jpg?fit=800%2C450&ssl=1&resize=700%2C400 2x"},"classes":[]},{"id":9834,"url":"https:\/\/www.freidenker.org\/?p=9834","url_meta":{"origin":8807,"position":5},"title":"Oster GLock down","author":"Webredaktion","date":"3. April 2021","format":false,"excerpt":"Beitrag von Klaus Hartmann Nach Monaten der Hoffnungslosigkeit \u2013 erinnern wir uns noch? Im November 2020 hie\u00df es, neue Einschr\u00e4nkungen sollten \u201eWeihnachten retten\u201c \u2013 titelte ntv am 22.03.2021: \u201e\u201aPhase der Hoffnungen\u2018 ist vorbei\u201c. An diesem Tag tagte das neue und offenkundig m\u00e4chtigste Verfassungsorgan Deutschlands (das Grundgesetz muss noch angepasst werden):\u2026","rel":"","context":"In &quot;Demokratie \u2013 Medien \u2013 Aufkl\u00e4rung&quot;","block_context":{"text":"Demokratie \u2013 Medien \u2013 Aufkl\u00e4rung","link":"https:\/\/www.freidenker.org\/?cat=12"},"img":{"alt_text":"","src":"https:\/\/i0.wp.com\/www.freidenker.org\/fw17\/wp-content\/uploads\/2021\/04\/osterglockdown_800x450.jpg?fit=800%2C450&ssl=1&resize=350%2C200","width":350,"height":200,"srcset":"https:\/\/i0.wp.com\/www.freidenker.org\/fw17\/wp-content\/uploads\/2021\/04\/osterglockdown_800x450.jpg?fit=800%2C450&ssl=1&resize=350%2C200 1x, https:\/\/i0.wp.com\/www.freidenker.org\/fw17\/wp-content\/uploads\/2021\/04\/osterglockdown_800x450.jpg?fit=800%2C450&ssl=1&resize=525%2C300 1.5x, https:\/\/i0.wp.com\/www.freidenker.org\/fw17\/wp-content\/uploads\/2021\/04\/osterglockdown_800x450.jpg?fit=800%2C450&ssl=1&resize=700%2C400 2x"},"classes":[]}],"_links":{"self":[{"href":"https:\/\/www.freidenker.org\/index.php?rest_route=\/wp\/v2\/posts\/8807","targetHints":{"allow":["GET"]}}],"collection":[{"href":"https:\/\/www.freidenker.org\/index.php?rest_route=\/wp\/v2\/posts"}],"about":[{"href":"https:\/\/www.freidenker.org\/index.php?rest_route=\/wp\/v2\/types\/post"}],"author":[{"embeddable":true,"href":"https:\/\/www.freidenker.org\/index.php?rest_route=\/wp\/v2\/users\/3"}],"replies":[{"embeddable":true,"href":"https:\/\/www.freidenker.org\/index.php?rest_route=%2Fwp%2Fv2%2Fcomments&post=8807"}],"version-history":[{"count":0,"href":"https:\/\/www.freidenker.org\/index.php?rest_route=\/wp\/v2\/posts\/8807\/revisions"}],"wp:featuredmedia":[{"embeddable":true,"href":"https:\/\/www.freidenker.org\/index.php?rest_route=\/wp\/v2\/media\/8809"}],"wp:attachment":[{"href":"https:\/\/www.freidenker.org\/index.php?rest_route=%2Fwp%2Fv2%2Fmedia&parent=8807"}],"wp:term":[{"taxonomy":"category","embeddable":true,"href":"https:\/\/www.freidenker.org\/index.php?rest_route=%2Fwp%2Fv2%2Fcategories&post=8807"},{"taxonomy":"post_tag","embeddable":true,"href":"https:\/\/www.freidenker.org\/index.php?rest_route=%2Fwp%2Fv2%2Ftags&post=8807"}],"curies":[{"name":"wp","href":"https:\/\/api.w.org\/{rel}","templated":true}]}}