{"id":8801,"date":"2020-10-15T22:11:45","date_gmt":"2020-10-15T20:11:45","guid":{"rendered":"https:\/\/www.freidenker.org\/?p=8801"},"modified":"2020-12-05T02:38:46","modified_gmt":"2020-12-05T01:38:46","slug":"abgedreht-merkel-scholz-maas-navalny","status":"publish","type":"post","link":"https:\/\/www.freidenker.org\/?p=8801","title":{"rendered":"Abgedreht: Merkel, Scholz, Maas, Navalny"},"content":{"rendered":"<h5>Mit dieser Regierung ist kein Staat zu machen und von ARD-aktuell kein Journalismus zu erwarten<\/h5>\n<p><em>Von <strong>Friedhelm Klinkhammer<\/strong> und <strong>Volker Br\u00e4utigam<\/strong><\/em><\/p>\n<p><strong><em>\u201eNicht der Krieg, der Frieden ist der Vater aller Dinge\u201c<\/em><\/strong> (1)<strong>, fand Willy Brandt, erster der vier sozialdemokratischen Au\u00dfenminister <\/strong>(2)<strong> in der 71j\u00e4hrigen Geschichte der Bundesrepublik \u2013 und deren einziger r\u00fchmlicher. <\/strong>(3) <strong>Nach ihm und nach jahrzehntelanger Pause hielt die Degeneration der SPD auch Einzug im Au\u00dfenamt. Auf dem absteigenden transatlantischen Ast lie\u00dfen sich Frank-Walter Steinmeier, hernach Sigmar Gabriel und schlie\u00dflich Heiko Maas nieder. Danach kann nur noch Mickymaus kommen. <\/strong><strong>Unfasslich, aber wahr: <\/strong><strong>Im krassen Gegensatz zu Brandt \u2013 dessen Ostpolitik war auf Entspannung und Friedenssicherung gerichtet \u2013 sucht Maas heute Provokation und Konfrontation mit Russland. Er hat Kanzlerin Merkels Segen. <\/strong><strong>Beide setzen erwartungsfroh aufs kurze Ged\u00e4chtnis ihrer W\u00e4hler \u2013 oder auf deren Apathie. Zeit, dass wir die Erinnerung an ein paar der \u00fcbelsten Machenschaften dieses Gespanns st\u00fctzen. Die <em>Tagesschau<\/em> bringt\u00b4s ja nicht.<\/strong><\/p>\n<p>F\u00fcr Agnostiker und Sonstige: Die <em>Gott-ist-tot<\/em>-Theologie ist belegt. Lebte der Allg\u00fctige noch, dann hie\u00dfe Maas mit Vornamen Heini und w\u00e4re nicht Au\u00dfenminister. Sein ideeller Hoflieferant <em>Deutsche Gesellschaft f\u00fcr Ausw\u00e4rtige Politik, <\/em>DGAP (4), w\u00e4re ungeboren geblieben oder h\u00e4tte zumindest keine transatlantisch-imperialistische AgitProp vom Stapel gelassen wie diese:<\/p>\n<blockquote><p><em>\u201c<\/em><em>Der Fall Nawalny f\u00fcgt sich in ein zunehmend negatives Bild Russlands im Westen ein, das durch den Skripal-Anschlag, den Tiergartenmord, die Hackerangriffe auf den Deutschen Bundestag und die Einmischungsversuche in die Wahlk\u00e4mpfe verschiedener westlicher Staaten gepr\u00e4gt ist.\u201c <\/em>(5)<\/p><\/blockquote>\n<p>Keine dieser Bezichtigungen ist mit Tatsachen belegt. Nicht einmal halbwegs diskutable Indizien sprechen f\u00fcr sie. Die Anw\u00fcrfe wurden in den Giftk\u00fcchen westlicher Geheimdienste und\u00a0Propaganda-Apparate kreiert, nach einer Rezeptur, die dem AgitProp-Gro\u00dfmeister Joseph Goebbels zugeschrieben wird, obwohl es keine Prim\u00e4rquelle daf\u00fcr gibt:<\/p>\n<blockquote><p><em>\u201e<\/em><em>Wenn man eine gro\u00dfe L\u00fcge erz\u00e4hlt und sie oft genug wiederholt, dann werden die Leute sie am Ende glauben. \u2026 Deshalb ist es von lebenswichtiger Bedeutung f\u00fcr den Staat, seine gesamte Macht f\u00fcr die Unterdr\u00fcckung abweichender Meinungen einzusetzen \u2026 die Wahrheit <\/em>(ist) <em>der gr\u00f6\u00dfte Feind des Staates.\u201c<\/em> (6)<\/p><\/blockquote>\n<p>Es geht der Kumpanei von bedenkenlosen Mainstream-Journalisten und hinterh\u00e4ltigen Politstrategen mit dem eingangs zitierten Befund um die Verfestigung russlandfeindlicher Einstellungen und die Unterdr\u00fcckung davon abweichender Meinungen. (Anm.5) Auf diesem Feld macht auch der \u201eFaktenfinder\u201c seinem Namen und der Institution der ARD-aktuell besondere Unehre, wie sein Beitrag \u00fcber Nawalny zeigt. (7)<\/p>\n<h5>Giftmischer am Werk<\/h5>\n<p>Pr\u00fcft man die Behauptungen auf Tatsachengehalt und logische Konsistenz, dann kommt rein gar nichts dabei heraus. Dr\u00f6seln wir\u00b4s auf:<\/p>\n<p>Der Skripal-Fall ist nicht gekl\u00e4rt. Die britischen Beh\u00f6rden haben Vater und Tochter Skripal einfach verschwinden lassen. Die Gruselm\u00e4r vom Nowitschok-Attentat auf die Beiden, ausgef\u00fchrt von erfundenen russischen Geheimdienstkillern nach Drehbuch von James Bond-Filmen, war rundum derart unhaltbar geworden, dass man sie einfach aus den Schlagzeilen verbannte und den \u201eFall\u201c der Vergessenheit \u00fcberlie\u00df. War da noch was? (8)<\/p>\n<p>Der \u201eTiergartenmord\u201c \u2013 K\u00e4seblattjournalisten lassen sich ums Verrecken nicht von diesen depperten Metaphern abbringen, <em>Tagesschau<\/em>-Redakteure schon gar nicht (9) \u2013 genauer: Motiv und Hintergr\u00fcnde der Ermordung eines dschihadistischen Gewaltverbrechers im Berliner Tiergarten \u2013 ist ebenfalls absolut unklar. (10) Auf der Anklagebank sitzt ein Russe, von dem man nicht mal den Namen mit Bestimmtheit wei\u00df. Auf Basis hauchd\u00fcnner, reichlich konstruiert wirkender Indizien behauptet der Generalbundesanwalt als oberster, jedoch weisungsgebundener Kl\u00e4ger der Regierung, der Beschuldigte sei ein geheimdienstlicher Auftragsm\u00f6rder. (11) Mehr ist nicht.<\/p>\n<p>Nach wie vor unbekannt sind die Verantwortlichen f\u00fcr die Hacker-Angriffe auf den Bundestag. (12) Hochprofessionelle Hacker lassen sich nun mal nicht einfach aufsp\u00fcren, sie k\u00f6nnen immer falsche Spuren legen. Nat\u00fcrlich verd\u00e4chtigt unsere politische Funktionselite so kaltschn\u00e4uzig wie beweislos den russischen Geheimdienst. Russophobie bis unter die Haarspitzen. Erwiesen hat sich hingegen, dass die US-amerikanischen Schn\u00fcffeldienste bei uns l\u00e4ngst Hausmeister sind und die NSA sogar das Handy der Kanzlerin abgriff. Der Merkel-Satz \u201eAbh\u00f6ren unter Freunden, das geht gar nicht\u201c (13, 14) geh\u00f6rt als weltweit d\u00e4mlichste Stellungnahme eines Spitzenpolitikers zu einem geplatzten Geheimdienstangriff auf seinen Staat ins Guinnessbuch der Rekorde.<\/p>\n<p>Auch die angeblichen russischen Einmischungsversuche in ausl\u00e4ndische Wahlvorg\u00e4nge sind nachweislich nur Propagandab\u00f6ller. Sie dienen jedoch fortw\u00e4hrend zur Rechtfertigung zunehmender staatlicher Kontrolle \u00fcber den \u00f6ffentlichen Meinungsaustausch. Die vom US-Kongress veranlassten Muller-Untersuchungen gegen Trump haben zweifelsfrei ergeben, dass an der intriganten Kabale\u00a0namens \u201eRussiagate\u201c nichts Wahres war. (15) Dennoch wird den Russen auch von deutscher Seite nach wie vor unterstellt, sie versuchten demokratische Prozesse im Ausland zu manipulieren.<\/p>\n<p>An Widerspr\u00fcchlichkeit, Stupidit\u00e4t und Realit\u00e4tsferne wie an Feindseligkeit und Gef\u00e4hrlichkeit unerreicht sind die Storys unterm Rubrum <em>Nawalny-Experiment<\/em>.<\/p>\n<p>Der Faktenfinder der ARD-aktuell hat in Erf\u00fcllung seines AgitProp-Auftrags die Einflussagentin Silvia St\u00f6ber Gift spritzen lassen, eine Autorin mit privilegiertem Arbeitsvertrag und bescheidener, von der Konrad-Adenauer-Stiftung geschulter Sichtweise. Ihr Artikel beweist, wie billig man Fakten mit Meinung ersetzen und gutes Geld mit schlechtem Journalismus machen kann. (Anm. 7)<\/p>\n<h5>Inkompatibilit\u00e4t, was ist das?<\/h5>\n<p>Dass auch im Journalismus Unvereinbarkeitsregeln gelten, hat sich ersichtlich nicht bis zur ARD-aktuell-Chefredaktion und erst recht nicht bei den zust\u00e4ndigen NDR-Rundfunkr\u00e4ten herumgesprochen. \u00dcber St\u00f6ber ist eigentlich bekannt, dass sie in Georgien an einer Regierungskonferenz teilnahm, die vom <em>Atlantic Council<\/em>, dem <em>German Marshall Fund of the United States<\/em> und der <em>Konrad Adenauer Stiftung <\/em>unterst\u00fctzt wurde. Wohlgemerkt: Die ARD-Journalistin agierte dort nicht als Berichterstatterin, sondern als Mitwirkende an der Seite von Ministern und NATO-Gener\u00e4len.\u00a0(16)<\/p>\n<p>Der zweite Autor des in Rede stehenden Beitrages (Anm. 7) ist Patrick Gensing, Redaktionsleiter des <em>Tagesschau<\/em>-Faktenfinders. Von ihm wei\u00df man aus eigenem Bekenntnis, wes Geistes Kind er ist:<\/p>\n<blockquote><p>\u201e<em>Ich glaube, dass man die Leute eher gewinnen kann, wenn im Journalismus eine Haltung vertreten wird, als wenn man da irgendwie einfach nur Fakten angeh\u00e4uft werden. <\/em><em>(sic)<\/em><em> Das ist in meinen Augen auch \u00fcberhaupt nicht Journalismus.<\/em>\u201c (17)<\/p><\/blockquote>\n<p>Ach so. Gesinnung also statt Fakten. \u201eLeute gewinnen\u201c statt informieren. Die neue Ma\u00dfeinheit f\u00fcr miesen Journalismus im \u00fcbergesetzlichen Notstand: \u00a0der \u201eGensing\u201c. Der werte Kollege glaubt doch tats\u00e4chlich, er d\u00fcrfe die staatsvertragliche Pflicht des \u00f6ffentlich-rechtlichen Rundfunks zu faktenorientierter, objektiver Berichterstattung in faktenfreie Beeinflussung umkehren. Wenn er das nicht auch noch im Qualit\u00e4tsdeutsch eines BILD-Reporters gestammelt h\u00e4tte, w\u00fcrde man zum Schreikissen greifen.<\/p>\n<p>Seine \u201eHaltung\u201c zeigt er reichlich ungeniert:<\/p>\n<blockquote><p><em>\u201eRussland weist stets jede Beteiligung zur\u00fcck &#8211; und schl\u00e4gt mit Desinformation zur\u00fcck\u2026 <\/em><em>Attacken, Vorw\u00fcrfe &#8211; aber keine Angaben zum eigentlichen Thema &#8230;: So reagierte Russland oft, wenn der Kreml in der Kritik stand.\u201c <\/em><\/p><\/blockquote>\n<p>Gensing und Seinesgleichen demonstrieren damit ein absurdes Rechtsverst\u00e4ndnis: Wenn Russland nicht beweist, dass die Beschuldigungen unzutreffend sind, dann stimmen die eben. Der Beitrag ist gespickt mit derlei Anw\u00fcrfen unter Beweislast-Umkehr: \u201e\u2026offenbar von russischen Beh\u00f6rden\u2026, \u201e\u2026mutma\u00dflich \u2026\u201c, \u201e\u2026 es k\u00f6nnte sich um Rache handeln \u2026\u201c<\/p>\n<p>Es zeichnet diesen \u201eFaktenfinder\u201c aus, dass er keine Fehler einr\u00e4umt und Falsches nicht richtigstellt. Die fraglos russlandfeindlichen Aussagen der Regierung reflektiert er als unstreitig zutreffend, auf Gegenrecherche und Ber\u00fccksichtigung der russischen Sichtweise verzichtet er konsequent.<\/p>\n<h5>Ohne Ehrgef\u00fchl<\/h5>\n<p>Auf politischen Konformismus abgerichtete Journalisten interessiert eben nicht, warum die Bundesregierung sich weiterhin weigert, den russischen Ermittlern Zugang zur deutschen Untersuchung des Nawalny-Vorfalls und den vorl\u00e4ufigen Ermittlungsergebnissen zu gew\u00e4hren. Mehrere russische Rechtshilfeersuchen \u201epr\u00fcft\u201c die Berliner Justizverwaltung seit Wochen, erf\u00fcllt ist bisher keines. (18) Dabei liegt doch nahe, die Blut-, Urin- und Gewebeproben, die dem Patienten Nawalny im Krankenhaus Omsk und danach in der Berliner Charit\u00e9 entnommen wurden, noch einmal von unabh\u00e4ngigen Instituten au\u00dferhalb Russlands und Deutschlands abgleichen und pr\u00fcfen zu lassen. So k\u00e4me man der Wahrheit auf die Spur. (19) Die deutsche Weigerung kann nur einen Grund haben: Merkel, Seibert, Maas &amp; Co. haben etwas zu verbergen, sagen die Unwahrheit und manipulieren die \u00d6ffentlichkeit.\u00a0Eine schlechte Kopie der britischen Skripal-Farce.<\/p>\n<p>Nawalny, der \u201ef\u00fchrende Oppositionspolitiker\u201c, kam ihnen nun in die Quere, unverfroren p\u00f6belnd, wie man ihn halt kennt. Knapp vier Wochen nach seiner vorgeblichen lebensgef\u00e4hrlichen Vergiftung mit Nowitschok sonnt er sich erwartungsgem\u00e4\u00df und mopsfidel wieder in medialer Aufmerksamkeit. Ungeachtet seiner medizinischen Erste-Klasse-Versorgung in Deutschland und des ihm gew\u00e4hrten, extrem teuren Personenschutzes, ungeachtet der deutschen Gastfreundschaft, die auch seine Angeh\u00f6rigen und seine politische Entourage einbezog, erdreistete er sich, im Gespr\u00e4ch mit dem Schmutzblatt <em>BILD<\/em> den Alt-Kanzler Gerhard Schr\u00f6der als korrupten, aus Schwarzen Kassen bezahlten \u201eLaufburschen Putins\u201c zu beschimpfen. (20)<\/p>\n<p>Bundeskanzlerin Merkel h\u00e4tte die Anw\u00fcrfe umgehend zur\u00fcckzuweisen m\u00fcssen, schon aus Selbstachtung und aus Respekt vor der W\u00fcrde des Amtes, das Schr\u00f6der vor ihr bekleidet hatte. Nawalny hat sein Gastrecht missbraucht. Schon deshalb h\u00e4tte Merkel ihn auffordern m\u00fcssen, das Land zu verlassen. Desgleichen waren Vizekanzler Olaf Scholz und die SPD-Vorsitzenden gefordert, klare Kante zu zeigen. Aber auch sie best\u00e4tigten nur ihre Stillosigkeit und Mangel an Ehrgef\u00fchl.<\/p>\n<p>Und wie verhielten sich ARD-aktuell und die anderen Medien des Mainstreams angesichts dieses Skandals? Sie schienen ihn feixend zu goutieren. Ihr auff\u00e4llig neutrales Wiederk\u00e4uen des Groschenblatt-Interviews konnte nicht dar\u00fcber hinwegt\u00e4uschen.<\/p>\n<h5>Gro\u00dfmaul im Staatsschutz<\/h5>\n<p>Gr\u00f6\u00dfere Verkommenheit und weitergehender Verzicht auf politischen Anstand waren nicht denkbar. Ein rassistisches Gro\u00dfmaul, zuhause mehrmals vorbestraft, unter anderem wegen Steuerbetrugs, gerade erst einen Monat vor dem angeblichen Nowitschok-Attentat mit dem Politreklame-Institut \u201eFPK\u201c pleite gegangen (21), darf sich weiterhin auf Staatskosten unbesorgt in Deutschland erholen. Toll. Merkel kann von Gl\u00fcck sagen, dass Schr\u00f6der ihr erspart, ihren Proteg\u00e9 Nawalny auch noch vor deutscher Strafverfolgung wegen Verleumdung in Schutz nehmen zu m\u00fcssen; die politischen Kollateralsch\u00e4den der Nawalny-Aff\u00e4re f\u00fcr Deutschland sind schon genug. (22) Schr\u00f6der ist lediglich gegen <em>BILD<\/em> zivilrechtlich vorgegangen. Nawalny ist zu klein f\u00fcr eine Begegnung vor Gericht.<\/p>\n<p>Auch Norbert R\u00f6ttgen, Nullnummer im Vorsitz des Ausw\u00e4rtigen Ausschusses des Bundestags, schaffte es nicht, Schr\u00f6der zu provozieren. Sein Geifern:<\/p>\n<blockquote><p><em>\u201eDass sich Gerhard Schr\u00f6der, der ja in bezahlten Diensten im russischen \u00d6l- und Gasgesch\u00e4ft steht, an der Vertuschung und Verwischung der Verantwortung, die in Russland liegt, beteiligt, erf\u00fcllt in Deutschland viele mit Scham. (\u2026) Das trifft auch f\u00fcr mich zu.\u201c\u00a0<\/em>(23, 24)<\/p><\/blockquote>\n<p>Wer im Glashaus sitzt, sollte nicht mit Steinen werfen. Hatte der sich so gschamig gebende Herr, selbst Laufbursche der Amis auf der \u201eAtlantikbr\u00fccke\u201c, nicht anno 2006 neben seinem Bundestagsmandat unbedingt auch noch Hauptgesch\u00e4ftsf\u00fchrer des Bundesverbandes der Deutschen Industrie werden wollen, weil er den Hals gar nicht voll genug kriegen konnte?<\/p>\n<p>Aus einem anderen tr\u00fcben T\u00fcmpel quakt der sozialdemokratische \u201eRusslandexperte\u201c Gernot Erler. Putin solle beweisen, dass staatliche russische Stellen nicht in den Nawalny-Fall verwickelt seien. Schr\u00f6der habe zwar recht, wenn er sage, dass es keine gesicherten Fakten gebe. Aber:<\/p>\n<blockquote><p><em>\u201eWenn man rein rechtlich das betrachtet, rein juristisch, ist das zutreffend, aber nat\u00fcrlich nicht politisch. \u2026 Es ist auch schwer beweisbar, dass Putin hinter diesem Anschlag steht. Aber die politische Verantwortung \u00e4ndert sich ja dadurch nicht und der muss sich Russland stellen. Und da k\u00f6nnen wir nicht l\u00e4nger akzeptieren, dass dieser Spruch, der immer wieder kommt \u2013 \u201ekeine Beweise\u201c \u2013 dann die einzige Antwort ist\u201d.\u00a0<\/em>(25)<\/p><\/blockquote>\n<p>Zu Brandts und Wehners Zeiten h\u00e4tte ein sozialdemokratischer Exponent f\u00fcr diese gleicherma\u00dfen hinterh\u00e4ltige, diffamierende und dummdreiste Spr\u00fccheklopferei von seiner Parteif\u00fchrung eine Abreibung der Extraklasse bekommen. Heute sind solche rechtsdrehenden Absonderungen politische Norm. W\u00fcrde \u201eder Kreml\u201c sich derartige Denkweisen zu eigen machte, k\u00f6nnte er Kanzlerin Merkel politisch und den deutschen Staatsschutz juristisch f\u00fcr jeden relevanten Mord hierzulande verantwortlich machen, vom Attentat beim M\u00fcnchner Oktoberfest bis zum Anschlag auf dem Berliner Breitscheid-Platz; Moskau k\u00f6nnte \u2013 nach dem Prinzip \u201eWie du mir, so ich dir\u201c \u2013 unter Hinweis auf rechtsextreme Netzwerke im deutschen Sicherheitsapparat und auf deutsche Demokratiedefizite Sanktionen verh\u00e4ngen, beispielsweise mal den Gashahn zudrehen.<\/p>\n<h5>Die Sanktionitis ist endemisch<\/h5>\n<p>Womit wir wieder zu Maas kommen, fast w\u00e4re er uns durchs Sieb gefallen. Seine sanktionsbewehrten Demarchen sind ja im Grund nur hochfrequente Hilfeschreie, ihn doch bitte bitte endlich auch f\u00fcr voll zu nehmen. Ob mit Vorst\u00f6\u00dfen in der UNO, in Syrien, in Libyen, in der Ukraine oder in Wei\u00dfrussland, die s\u00fcdamerikanischen und die fern\u00f6stlichen Gefilde nicht zu vergessen: \u00dcberall hat der Mann nur Pups im Parf\u00fcmladen gespielt, statt seines Amtes zum Nutzen unseres Landes zu walten. Jetzt hat er doch tats\u00e4chlich mithilfe Frankreichs neue EU-Sanktionen gegen ein paar vermeintlich schuldige russische Amtstr\u00e4ger erwirkt. Beflissen bot sich ihm die <em>Tagesschau<\/em> als B\u00fchne an, auf der er wieder Warmluft ablassen konnte. (26) Nun denn, wenigstens fordert er nicht mehr, \u00fcber den Verzicht auf die Fertigstellung der Gasrohrleitung <em>Nord Stream 2<\/em> nachzudenken.<\/p>\n<p>Moskau hat nat\u00fcrlich Gegensanktionen angek\u00fcndigt. Originell w\u00e4re es, unserem Staatsgast Nawalny bis zur einwandfreien Kl\u00e4rung des vorgeblichen Nowitschok-Anschlages die R\u00fcckkehr nach Russland zu verweigern. Dann m\u00fcsste Heikos Kabinettskollege Horst Seehofer schauen, wie er mit dem \u201ebedeutendsten russischen Exil-Oppositionspolitiker\u201c und dessen Effekthaschereien klarkommt.<\/p>\n<p>Nicht ausgeschlossen ist, dass Maas aus schierer Geltungssucht selbst von den Oliv-Gr\u00fcnen abkupfert: Deren \u201eExperte\u201c Stefan Meister n\u00e4mlich, wohlbestallter Mitarbeiter der Heinrich-B\u00f6ll-Stiftung, verstieg sich zu der Empfehlung, Russland mit einer \u201erobusten EU-Mission\u201c in der Ost-Ukraine unter Druck zu setzen. Einen v\u00f6lkerrechtswidrigen Krieg beginnen, um einen der westlichen Gesch\u00e4ftemacherei hinderlichen B\u00fcrgerkrieg in der Ukraine zu beenden: Auf solche hirnrissigen Einf\u00e4lle kann nicht mal Maas ohne gr\u00fcne Nachhilfe kommen. (27, 28, 29)<\/p>\n<p>Zu Beginn unserer \u00dcberlegungen hatte der aufrichtige Friedenspolitiker Willy Brandt das Wort. Am Schluss wollen wir Frank-Walter Steinmeier zitieren, einst Handlanger in Schr\u00f6ders v\u00f6lkerrechtswidrigem Angriffskrieg auf Jugoslawien, sp\u00e4ter Mitwirkender an der Vorbereitung des blutigen Staatsstreichs in Kiew. Heute gibt er die pastoral s\u00e4uselnde Silberpappel:<\/p>\n<blockquote><p><em>\u201eFeindbilder, Stimmungsmache und Kampagnenjournalismus sind ein Missbrauch dieser vierten Gewalt, ebenso wie eine fortgesetzte Verletzung der Sorgfaltspflicht\u201c<\/em> (30)<\/p><\/blockquote>\n<p>psalmodierte er bei der Er\u00f6ffnung des Springer-Neubaus am 6. Oktober in Berlin. Er muss l\u00e4ngst nicht mehr bef\u00fcrchten, dass ihm ein Journalist den Spiegel vorh\u00e4lt. Berufen zu dergestalt kritischem Nachrichtenjournalismus w\u00e4ren die Redakteure im ARD-Hauptstadtstudio. Aber \u2013 wir sagten das eingangs schon \u2013 die bringen es einfach nicht.<\/p>\n<p>&nbsp;<\/p>\n<p><strong>Quellen und Anmerkungen: <\/strong><\/p>\n<p>(1) <a href=\"https:\/\/www.zitate.de\/autor\/Brandt%2C+Willy\">https:\/\/www.zitate.de\/autor\/Brandt%2C+Willy<\/a><\/p>\n<p>(2) In dieser Reihe ist Helmut Schmidt nicht ber\u00fccksichtigt, er hatte das Amt im Herbst 1982 nur 17 Tage \u00fcbergangsweise inne.<\/p>\n<p>(3) <a href=\"https:\/\/www.auswaertiges-amt.de\/de\/aamt\/geschichte-des-auswaertigen-amts\/aussenminister-node\">https:\/\/www.auswaertiges-amt.de\/de\/aamt\/geschichte-des-auswaertigen-amts\/aussenminister-node<\/a><\/p>\n<p>(4) <a href=\"https:\/\/dgap.org\/de\/forschung\/publikationen\/europaeische-ostpolitik-mit-augenmass\">https:\/\/dgap.org\/de\/forschung\/publikationen\/europaeische-ostpolitik-mit-augenmass<\/a><\/p>\n<p>(5) <a href=\"https:\/\/dgap.org\/sites\/default\/files\/article_pdfs\/dgap-policy_brief-2020-19-de_6.pdf\">https:\/\/dgap.org\/sites\/default\/files\/article_pdfs\/dgap-policy_brief-2020-19-de_6.pdf<\/a><\/p>\n<p>(6) <a href=\"https:\/\/beruhmte-zitate.de\/zitate\/1974292-joseph-goebbels-wenn-man-eine-grosse-luge-erzahlt-und-sie-oft-genug\/\">https:\/\/beruhmte-zitate.de\/zitate\/1974292-joseph-goebbels-wenn-man-eine-grosse-luge-erzahlt-und-sie-oft-genug\/<\/a><\/p>\n<p>(7) <a href=\"https:\/\/www.tagesschau.de\/faktenfinder\/russland-nawalny-desinformation-101.html\">https:\/\/www.tagesschau.de\/faktenfinder\/russland-nawalny-desinformation-101.html<\/a><\/p>\n<p>(8) <a href=\"https:\/\/www.heise.de\/tp\/features\/Und-die-Skripals-4619504.html\">https:\/\/www.heise.de\/tp\/features\/Und-die-Skripals-4619504.html<\/a><\/p>\n<p>(9) <a href=\"https:\/\/www.tagesschau.de\/suche2.html?query=Tiergartenmord&amp;sort_by=date\">https:\/\/www.tagesschau.de\/suche2.html?query=Tiergartenmord&amp;sort_by=date<\/a><\/p>\n<p>(10) <a href=\"https:\/\/www.tagesschau.de\/inland\/prozess-tiergartenmord-russland-103.html\">https:\/\/www.tagesschau.de\/inland\/prozess-tiergartenmord-russland-103.html<\/a><\/p>\n<p>(11) <a href=\"https:\/\/www.anti-spiegel.ru\/2020\/tiergartenmord-wie-der-spiegel-propaganda-als-enthuellungen-verkauft\/\">https:\/\/www.anti-spiegel.ru\/2020\/tiergartenmord-wie-der-spiegel-propaganda-als-enthuellungen-verkauft\/<\/a><\/p>\n<p>(12) <a href=\"https:\/\/de.wikipedia.org\/wiki\/Hackerangriffe_auf_den_Deutschen_Bundestag\">https:\/\/de.wikipedia.org\/wiki\/Hackerangriffe_auf_den_Deutschen_Bundestag<\/a><\/p>\n<p>(13) <a href=\"https:\/\/rp-online.de\/politik\/deutschland\/nsa-ausschuss-mein-name-ist-angela-dorothea-kasner_aid-19267741\">https:\/\/rp-online.de\/politik\/deutschland\/nsa-ausschuss-mein-name-ist-angela-dorothea-kasner_aid-19267741<\/a><\/p>\n<p>(14) <a href=\"https:\/\/programm.ard.de\/TV\/Programm\/Sender\/?sendung=2810676942639\">https:\/\/programm.ard.de\/TV\/Programm\/Sender\/?sendung=2810676942639<\/a><\/p>\n<p>(15) <a href=\"https:\/\/www.heise.de\/tp\/features\/Die-Mueller-Daemmerung-4353673.html\">https:\/\/www.heise.de\/tp\/features\/Die-Mueller-Daemmerung-4353673.html<\/a><\/p>\n<p>(16) <a href=\"https:\/\/linkezeitung.de\/2018\/03\/20\/ard-im-tiefschlaf-das-seltsame-desinteresse-an-einer-aufklaerung-der-maidan-morde\/\">https:\/\/linkezeitung.de\/2018\/03\/20\/ard-im-tiefschlaf-das-seltsame-desinteresse-an-einer-aufklaerung-der-maidan-morde\/<\/a><\/p>\n<p>(17) <a href=\"https:\/\/www.vocer.org\/patrick-gensing-medien-duerfen-keine-aengste-schueren\/\">https:\/\/www.vocer.org\/patrick-gensing-medien-duerfen-keine-aengste-schueren\/<\/a><\/p>\n<p>(18) <a href=\"https:\/\/www.stern.de\/panorama\/weltgeschehen\/news-von-heute--russland-schickt-drittes-rechtshilfeersuchen-wegen-nawalny-9431310.html\">https:\/\/www.stern.de\/panorama\/weltgeschehen\/news-von-heute&#8211;russland-schickt-drittes-rechtshilfeersuchen-wegen-nawalny-9431310.html<\/a><\/p>\n<p>(19) <a href=\"https:\/\/www.heise.de\/tp\/features\/Informationskrieg-ueber-mutmassliche-Nawalny-Vergiftung-4925886.html\">https:\/\/www.heise.de\/tp\/features\/Informationskrieg-ueber-mutmassliche-Nawalny-Vergiftung-4925886.html<\/a><\/p>\n<p>(20) <a href=\"https:\/\/www.nachdenkseiten.de\/?p=65630\">https:\/\/www.nachdenkseiten.de\/?p=65630<\/a><\/p>\n<p>(21) <a href=\"https:\/\/www.fairobserver.com\/region\/europe\/dmitri-gorelov-alexei-navalny-poisoning-anti-corruption-foundation-smart-voting-russia-elections-2020-news-15211\/\">https:\/\/www.fairobserver.com\/region\/europe\/dmitri-gorelov-alexei-navalny-poisoning-anti-corruption-foundation-smart-voting-russia-elections-2020-news-15211\/<\/a><\/p>\n<p>(22) <a href=\"https:\/\/www.nachdenkseiten.de\/?p=64877\">https:\/\/www.nachdenkseiten.de\/?p=64877<\/a><\/p>\n<p>(23) <a href=\"https:\/\/www.nachdenkseiten.de\/?p=65630\">https:\/\/www.nachdenkseiten.de\/?p=65630<\/a><\/p>\n<p>(24) <a href=\"https:\/\/de.wikipedia.org\/wiki\/Norbert_R%C3%B6ttgen\">https:\/\/de.wikipedia.org\/wiki\/Norbert_R%C3%B6ttgen<\/a><\/p>\n<p>(25) <a href=\"https:\/\/www.deutschlandfunk.de\/schroeder-und-putin-eine-maennerfreundschaft-ohne.694.de.html?dram:article_id=485436\">https:\/\/www.deutschlandfunk.de\/schroeder-und-putin-eine-maennerfreundschaft-ohne.694.de.html?dram:article_id=485436<\/a><\/p>\n<p>(26) <a href=\"https:\/\/www.tagesschau.de\/multimedia\/sendung\/ts-39525.html\">https:\/\/www.tagesschau.de\/multimedia\/sendung\/ts-39525.html<\/a><\/p>\n<p>(27) <a href=\"https:\/\/dgap.org\/sites\/default\/files\/article_pdfs\/dgap-policy_brief-2020-19-de_6.pdf\">https:\/\/dgap.org\/sites\/default\/files\/article_pdfs\/dgap-policy_brief-2020-19-de_6.pdf<\/a><\/p>\n<p>(28) <a href=\"https:\/\/www.german-foreign-policy.com\/news\/detail\/8404\/\">https:\/\/www.german-foreign-policy.com\/news\/detail\/8404\/<\/a><\/p>\n<p>(29) <a href=\"https:\/\/kenfm.de\/deutsche-aussenpolitik-gedopt-durch-ecstasy-oder-chrystal-meth-von-hermann-ploppa\/\">https:\/\/kenfm.de\/deutsche-aussenpolitik-gedopt-durch-ecstasy-oder-chrystal-meth-von-hermann-ploppa\/<\/a><\/p>\n<p>(30) <a href=\"https:\/\/www.bundespraesident.de\/SharedDocs\/Reden\/DE\/Frank-Walter-Steinmeier\/Reden\/2020\/10\/201006-Axel-Spinger-Neubau.html;jsessionid=B633859DC2F5097E1C702F85A8EFEE58.1_cid370\">https:\/\/www.bundespraesident.de\/SharedDocs\/Reden\/DE\/Frank-Walter-Steinmeier\/Reden\/2020\/10\/201006-Axel-Spinger-Neubau.html;jsessionid=B633859DC2F5097E1C702F85A8EFEE58.1_cid370<\/a><\/p>\n<p>&nbsp;<\/p>\n<p style=\"text-align: right;\"><em><strong>Das\u00a0Autoren-Team:\u00a0<\/strong><\/em><\/p>\n<p style=\"text-align: right;\"><em>Friedhelm Klinkhammer, Jahrgang\u00a01944, Jurist. 1975 bis 2008 Mitarbeiter des NDR, zeitweise Vorsitzender des NDR-Gesamtpersonalrats und des ver.di-Betriebsverbandes\u00a0sowie Referent einer Funkhausdirektorin.<\/em><\/p>\n<p style=\"text-align: right;\"><em>Volker Br\u00e4utigam, Jahrgang 1941, Redakteur. 1975 bis 1996 Mitarbeiter des NDR, zun\u00e4chst in der Tagesschau, von 1992 an in der Kulturredaktion f\u00fcr N3. Danach Lehrauftrag an der Fu-Jen-Universit\u00e4t\u00a0in Taipeh.<\/em><\/p>\n<p style=\"text-align: right;\"><em>Beide Autoren sind Mitglieder des Beirates des Deutschen Freidenker-Verbandes.<\/em><\/p>\n<p><strong>\u00a0<\/strong><\/p>\n<p>Dieser Beitrag erschien am 13.10.2020 auch auf <a href=\"https:\/\/publikumskonferenz.de\/blog\/2020\/10\/13\/abgedreht-merkel-scholz-maas-navalny\/\" target=\"_blank\" rel=\"noopener noreferrer\">publikumskonferenz.de<\/a><\/p>\n<hr \/>\n<p><span style=\"font-size: 10pt;\">Bildcollage: Ralf Lux<\/span><\/p>\n<p>&nbsp;<\/p>\n","protected":false},"excerpt":{"rendered":"<p><b>Beitrag von Friedhelm Klinkhammer und Volker Br\u00e4utigam<\/b><br \/>\n\u201eNicht der Krieg, der Frieden ist der Vater aller Dinge\u201c, fand Willy Brandt, erster der vier sozialdemokratischen Au\u00dfenminister in der 71j\u00e4hrigen Geschichte der Bundesrepublik \u2013 und deren einziger r\u00fchmlicher. Nach ihm und nach jahrzehntelanger Pause hielt die Degeneration der SPD auch Einzug im Au\u00dfenamt. Auf dem absteigenden transatlantischen Ast lie\u00dfen sich Frank-Walter Steinmeier, hernach Sigmar Gabriel und schlie\u00dflich Heiko Maas nieder. Danach kann nur noch Mickymaus kommen. Unfasslich, aber wahr: Im krassen Gegensatz zu Brandt \u2013 dessen Ostpolitik war auf Entspannung und Friedenssicherung gerichtet \u2013 sucht Maas heute Provokation und Konfrontation mit Russland.<\/p>\n","protected":false},"author":3,"featured_media":8803,"comment_status":"closed","ping_status":"closed","sticky":false,"template":"","format":"standard","meta":{"colormag_page_container_layout":"default_layout","colormag_page_sidebar_layout":"default_layout","advanced_seo_description":"","jetpack_seo_html_title":"","jetpack_seo_noindex":false,"jetpack_post_was_ever_published":false,"footnotes":""},"categories":[12,13],"tags":[682,1094,699,1327,1136,222,1126],"class_list":["post-8801","post","type-post","status-publish","format-standard","has-post-thumbnail","hentry","category-demokratie-medien-aufklaerung","category-frieden-antifaschismus-solidaritaet","tag-angela-merkel","tag-ard","tag-aussenpolitik","tag-entspannungspolitik","tag-friedenspolitik","tag-russland","tag-tagesschau"],"jetpack_featured_media_url":"https:\/\/i0.wp.com\/www.freidenker.org\/fw17\/wp-content\/uploads\/2020\/10\/russland_sanktionen_800x450.jpg?fit=800%2C450&ssl=1","jetpack_shortlink":"https:\/\/wp.me\/p9stpK-2hX","jetpack-related-posts":[{"id":8430,"url":"https:\/\/www.freidenker.org\/?p=8430","url_meta":{"origin":8801,"position":0},"title":"Offener Brief: Ihre Verlogenheit wie die der Medien ist unertr\u00e4glich!","author":"Webredaktion","date":"15. Juli 2020","format":false,"excerpt":"Offener Brief von Ursula Mathern Sehr geehrter Herr Maas, seit Tagen wird in der Tagesschau geklagt \u00fcber die unzureichenden Zugangsm\u00f6glichkeiten f\u00fcr UN-Hilfslieferungen nach Nordwest-Syrien. Nur ein statt zweier Grenz\u00fcberg\u00e4nge aus der T\u00fcrkei. Weitere \u00d6ffnungen w\u00fcrden von Russland und China abgelehnt. ... Ihre pl\u00f6tzliche Sorge mutet erstaunlich an. Sind die Kinder\u2026","rel":"","context":"In &quot;Frieden - Antifaschismus - Solidarit\u00e4t&quot;","block_context":{"text":"Frieden - Antifaschismus - Solidarit\u00e4t","link":"https:\/\/www.freidenker.org\/?cat=13"},"img":{"alt_text":"","src":"https:\/\/i0.wp.com\/www.freidenker.org\/fw17\/wp-content\/uploads\/2020\/07\/fluechtlinge_kind_800x450.jpg?fit=800%2C450&ssl=1&resize=350%2C200","width":350,"height":200,"srcset":"https:\/\/i0.wp.com\/www.freidenker.org\/fw17\/wp-content\/uploads\/2020\/07\/fluechtlinge_kind_800x450.jpg?fit=800%2C450&ssl=1&resize=350%2C200 1x, https:\/\/i0.wp.com\/www.freidenker.org\/fw17\/wp-content\/uploads\/2020\/07\/fluechtlinge_kind_800x450.jpg?fit=800%2C450&ssl=1&resize=525%2C300 1.5x, https:\/\/i0.wp.com\/www.freidenker.org\/fw17\/wp-content\/uploads\/2020\/07\/fluechtlinge_kind_800x450.jpg?fit=800%2C450&ssl=1&resize=700%2C400 2x"},"classes":[]},{"id":9608,"url":"https:\/\/www.freidenker.org\/?p=9608","url_meta":{"origin":8801,"position":1},"title":"Die bornierte Falschheit von Maas und Merkel","author":"Webredaktion","date":"22. Februar 2021","format":false,"excerpt":"Beitrag von Friedhelm Klinkhammer und Volker Br\u00e4utigam F\u00fcr den Hausgebrauch formuliert unser aller Kanzlerin Angela Merkel ihren Kategorischen Imperativ: \u201eRechtsextremismus m\u00fcssen wir in den Anf\u00e4ngen bek\u00e4mpfen, ohne jedes Tabu \u2026 sonst haben wir einen vollkommenen Verlust der Glaubw\u00fcrdigkeit.\u201c Beachtet man allerdings, wie Merkels Regierungssprecher sich ahnungslos und nicht-wissend gegen\u00fcber dem\u2026","rel":"","context":"In &quot;Demokratie \u2013 Medien \u2013 Aufkl\u00e4rung&quot;","block_context":{"text":"Demokratie \u2013 Medien \u2013 Aufkl\u00e4rung","link":"https:\/\/www.freidenker.org\/?cat=12"},"img":{"alt_text":"","src":"https:\/\/i0.wp.com\/www.freidenker.org\/fw17\/wp-content\/uploads\/2021\/02\/maas_merkel_800x450_v2.jpg.jpg?fit=800%2C450&ssl=1&resize=350%2C200","width":350,"height":200,"srcset":"https:\/\/i0.wp.com\/www.freidenker.org\/fw17\/wp-content\/uploads\/2021\/02\/maas_merkel_800x450_v2.jpg.jpg?fit=800%2C450&ssl=1&resize=350%2C200 1x, https:\/\/i0.wp.com\/www.freidenker.org\/fw17\/wp-content\/uploads\/2021\/02\/maas_merkel_800x450_v2.jpg.jpg?fit=800%2C450&ssl=1&resize=525%2C300 1.5x, https:\/\/i0.wp.com\/www.freidenker.org\/fw17\/wp-content\/uploads\/2021\/02\/maas_merkel_800x450_v2.jpg.jpg?fit=800%2C450&ssl=1&resize=700%2C400 2x"},"classes":[]},{"id":6967,"url":"https:\/\/www.freidenker.org\/?p=6967","url_meta":{"origin":8801,"position":2},"title":"Die M\u00e4r von Deutschlands humanit\u00e4rer Au\u00dfenpolitik","author":"Webredaktion","date":"15. September 2019","format":false,"excerpt":"Beitrag von Friedhelm Klinkhammer und Volker Br\u00e4utigam Wir sind die Guten! Wei\u00df doch jeder. Deutschland tritt weltweit f\u00fcr Frieden, Freiheit, Humanit\u00e4t und Rechtswahrung ein. Unser Au\u00dfenminister Heiko Maas ist die menschgewordene Geradlinigkeit. Schaut, wie aufrecht er da steht und geht! \u2013 Glaubt man dem regelm\u00e4\u00dfig in der Tagesschau nachgebeteten \u201eDeutschland-Trend\u201c\u2026","rel":"","context":"In &quot;Demokratie \u2013 Medien \u2013 Aufkl\u00e4rung&quot;","block_context":{"text":"Demokratie \u2013 Medien \u2013 Aufkl\u00e4rung","link":"https:\/\/www.freidenker.org\/?cat=12"},"img":{"alt_text":"","src":"https:\/\/i0.wp.com\/www.freidenker.org\/fw17\/wp-content\/uploads\/2019\/09\/Heiko_Maas_SPD_MdB_by_Olaf_Kosinsky-7911_800x445.jpg?fit=800%2C445&ssl=1&resize=350%2C200","width":350,"height":200,"srcset":"https:\/\/i0.wp.com\/www.freidenker.org\/fw17\/wp-content\/uploads\/2019\/09\/Heiko_Maas_SPD_MdB_by_Olaf_Kosinsky-7911_800x445.jpg?fit=800%2C445&ssl=1&resize=350%2C200 1x, https:\/\/i0.wp.com\/www.freidenker.org\/fw17\/wp-content\/uploads\/2019\/09\/Heiko_Maas_SPD_MdB_by_Olaf_Kosinsky-7911_800x445.jpg?fit=800%2C445&ssl=1&resize=525%2C300 1.5x, https:\/\/i0.wp.com\/www.freidenker.org\/fw17\/wp-content\/uploads\/2019\/09\/Heiko_Maas_SPD_MdB_by_Olaf_Kosinsky-7911_800x445.jpg?fit=800%2C445&ssl=1&resize=700%2C400 2x"},"classes":[]},{"id":9410,"url":"https:\/\/www.freidenker.org\/?p=9410","url_meta":{"origin":8801,"position":3},"title":"Die sch\u00f6ne Maas-M\u00e4r der Tagesschau","author":"Webredaktion","date":"25. Januar 2021","format":false,"excerpt":"Beitrag von Friedhelm Klinkhammer und Volker Br\u00e4utigam Heiko Maas, der Allesk\u00f6nner: H\u00f6chste Zeit f\u00fcr die l\u00e4ngst verdiente W\u00fcrdigung. Hat er doch gerade erst eine politische Volte der Extraklasse vollbracht: dem vorigen US-Pr\u00e4sidenten bis zu dessen Abgang die Stiefel geleckt und nun gleich dem Neuen von oben herab angeboten, \u201emit den\u2026","rel":"","context":"In &quot;Demokratie \u2013 Medien \u2013 Aufkl\u00e4rung&quot;","block_context":{"text":"Demokratie \u2013 Medien \u2013 Aufkl\u00e4rung","link":"https:\/\/www.freidenker.org\/?cat=12"},"img":{"alt_text":"","src":"https:\/\/i0.wp.com\/www.freidenker.org\/fw17\/wp-content\/uploads\/2021\/01\/Heiko_Maas_dreifach_800x450.jpg?fit=800%2C450&ssl=1&resize=350%2C200","width":350,"height":200,"srcset":"https:\/\/i0.wp.com\/www.freidenker.org\/fw17\/wp-content\/uploads\/2021\/01\/Heiko_Maas_dreifach_800x450.jpg?fit=800%2C450&ssl=1&resize=350%2C200 1x, https:\/\/i0.wp.com\/www.freidenker.org\/fw17\/wp-content\/uploads\/2021\/01\/Heiko_Maas_dreifach_800x450.jpg?fit=800%2C450&ssl=1&resize=525%2C300 1.5x, https:\/\/i0.wp.com\/www.freidenker.org\/fw17\/wp-content\/uploads\/2021\/01\/Heiko_Maas_dreifach_800x450.jpg?fit=800%2C450&ssl=1&resize=700%2C400 2x"},"classes":[]},{"id":8160,"url":"https:\/\/www.freidenker.org\/?p=8160","url_meta":{"origin":8801,"position":4},"title":"Maas f\u00fcr \u201enukleare Teilhabe\u201c \u2013 bei der Selbstzerst\u00f6rung","author":"Webredaktion","date":"31. Mai 2020","format":false,"excerpt":"Beitrag von Friedhelm Klinkhammer und Volker Br\u00e4utigam Die gro\u00dfe Mehrheit der Bundesb\u00fcrger ist gegen die Stationierung von Atombomben auf deutschem Boden. F\u00fcr ein Verbot, hierzulande US-amerikanische Massenvernichtungswaffen zu lagern, sprechen sich 86 Prozent der Befragten aus. Das prinzipielle \u201eNein\u201c des Volkes besteht schon l\u00e4nger als ein halbes Jahrhundert. Entsprechend haben\u2026","rel":"","context":"In &quot;Demokratie \u2013 Medien \u2013 Aufkl\u00e4rung&quot;","block_context":{"text":"Demokratie \u2013 Medien \u2013 Aufkl\u00e4rung","link":"https:\/\/www.freidenker.org\/?cat=12"},"img":{"alt_text":"","src":"https:\/\/i0.wp.com\/www.freidenker.org\/fw17\/wp-content\/uploads\/2020\/05\/Ivy_Mike_Eniwetok-Atoll_800x450.jpg?fit=800%2C449&ssl=1&resize=350%2C200","width":350,"height":200,"srcset":"https:\/\/i0.wp.com\/www.freidenker.org\/fw17\/wp-content\/uploads\/2020\/05\/Ivy_Mike_Eniwetok-Atoll_800x450.jpg?fit=800%2C449&ssl=1&resize=350%2C200 1x, https:\/\/i0.wp.com\/www.freidenker.org\/fw17\/wp-content\/uploads\/2020\/05\/Ivy_Mike_Eniwetok-Atoll_800x450.jpg?fit=800%2C449&ssl=1&resize=525%2C300 1.5x, https:\/\/i0.wp.com\/www.freidenker.org\/fw17\/wp-content\/uploads\/2020\/05\/Ivy_Mike_Eniwetok-Atoll_800x450.jpg?fit=800%2C449&ssl=1&resize=700%2C400 2x"},"classes":[]},{"id":14419,"url":"https:\/\/www.freidenker.org\/?p=14419","url_meta":{"origin":8801,"position":5},"title":"Deutschlands Absturz: Scholz, Baerbock, Habeck und das neue deutsche Elend","author":"Webredaktion","date":"12. Oktober 2022","format":false,"excerpt":"Beitrag von Friedhelm Klinkhammer und Volker Br\u00e4utigam Deutschland im Herbst: kurz vor dem Absturz in gro\u00dfe Not. Mit Kanzler Scholz voran, dem Bademeister im Schuldensumpf, Vergangenheitsbew\u00e4ltiger ohne Cum-Ex-Erinnerung und auch angesichts der Gegenwartsgefahren ziemlich einfallslos. Mit einer Au\u00dfenministerin Baerbock am Bein, selbsternannte Fachfrau f\u00fcr V\u00f6lkerrecht, zumindest aber f\u00fcr L\u00fcgengeschichten und\u2026","rel":"","context":"In &quot;Demokratie \u2013 Medien \u2013 Aufkl\u00e4rung&quot;","block_context":{"text":"Demokratie \u2013 Medien \u2013 Aufkl\u00e4rung","link":"https:\/\/www.freidenker.org\/?cat=12"},"img":{"alt_text":"","src":"https:\/\/i0.wp.com\/www.freidenker.org\/fw17\/wp-content\/uploads\/2022\/10\/Unterzeichnung_des_Koalitionsvertrages_800x450.jpg?fit=800%2C450&ssl=1&resize=350%2C200","width":350,"height":200,"srcset":"https:\/\/i0.wp.com\/www.freidenker.org\/fw17\/wp-content\/uploads\/2022\/10\/Unterzeichnung_des_Koalitionsvertrages_800x450.jpg?fit=800%2C450&ssl=1&resize=350%2C200 1x, https:\/\/i0.wp.com\/www.freidenker.org\/fw17\/wp-content\/uploads\/2022\/10\/Unterzeichnung_des_Koalitionsvertrages_800x450.jpg?fit=800%2C450&ssl=1&resize=525%2C300 1.5x, https:\/\/i0.wp.com\/www.freidenker.org\/fw17\/wp-content\/uploads\/2022\/10\/Unterzeichnung_des_Koalitionsvertrages_800x450.jpg?fit=800%2C450&ssl=1&resize=700%2C400 2x"},"classes":[]}],"_links":{"self":[{"href":"https:\/\/www.freidenker.org\/index.php?rest_route=\/wp\/v2\/posts\/8801","targetHints":{"allow":["GET"]}}],"collection":[{"href":"https:\/\/www.freidenker.org\/index.php?rest_route=\/wp\/v2\/posts"}],"about":[{"href":"https:\/\/www.freidenker.org\/index.php?rest_route=\/wp\/v2\/types\/post"}],"author":[{"embeddable":true,"href":"https:\/\/www.freidenker.org\/index.php?rest_route=\/wp\/v2\/users\/3"}],"replies":[{"embeddable":true,"href":"https:\/\/www.freidenker.org\/index.php?rest_route=%2Fwp%2Fv2%2Fcomments&post=8801"}],"version-history":[{"count":0,"href":"https:\/\/www.freidenker.org\/index.php?rest_route=\/wp\/v2\/posts\/8801\/revisions"}],"wp:featuredmedia":[{"embeddable":true,"href":"https:\/\/www.freidenker.org\/index.php?rest_route=\/wp\/v2\/media\/8803"}],"wp:attachment":[{"href":"https:\/\/www.freidenker.org\/index.php?rest_route=%2Fwp%2Fv2%2Fmedia&parent=8801"}],"wp:term":[{"taxonomy":"category","embeddable":true,"href":"https:\/\/www.freidenker.org\/index.php?rest_route=%2Fwp%2Fv2%2Fcategories&post=8801"},{"taxonomy":"post_tag","embeddable":true,"href":"https:\/\/www.freidenker.org\/index.php?rest_route=%2Fwp%2Fv2%2Ftags&post=8801"}],"curies":[{"name":"wp","href":"https:\/\/api.w.org\/{rel}","templated":true}]}}