{"id":8772,"date":"2020-10-12T23:59:28","date_gmt":"2020-10-12T21:59:28","guid":{"rendered":"https:\/\/www.freidenker.org\/?p=8772"},"modified":"2020-12-05T02:38:23","modified_gmt":"2020-12-05T01:38:23","slug":"roland-vogt-friedenspreis-fuer-konni-schmidt","status":"publish","type":"post","link":"https:\/\/www.freidenker.org\/?p=8772","title":{"rendered":"Roland-Vogt-Friedenspreis f\u00fcr Konni Schmidt"},"content":{"rendered":"<h4>Verleihung des Roland-Vogt-Friedenspreises der Kampagne Stopp Air Base Ramstein an Konni Schmidt<\/h4>\n<p><em><strong>Die Kampagne \u201eStopp Air Base Ramstein\u201c hat am 12.09.2020 den ersten \u201eRoland-Vogt-Friedenspreis\u201c an den langj\u00e4hrigen Friedensaktivisten Konni Schmidt aus Kaiserslautern vergeben. Die Feierstunde fand in der Apostelkirche Kaiserslautern statt, unter den rund 100 G\u00e4sten war auch ein gutes Dutzend Freidenker. Der Freidenkerverband war mit einem Infostand vor der Apostelkirche vertreten, Klaus Hartmann gratulierte Konni, mit dem er seit Gr\u00fcndung im Koordinierungskreis der Kampagne zusammenarbeitet, herzlich zur Verleihung des Friedenspreises.<\/strong><\/em><\/p>\n<p><em><strong>Roland Vogt (1941-2018), \u201elebenslang\u201c Pazifist und Friedensaktivist, war u.a. mit Petra Kelly Gr\u00fcndungsmitglied der Partei \u201eDie Gr\u00fcnen\u201c und 1983-85 Abgeordneter im Deutschen Bundestag. 1994 wurde er Referatsleiter f\u00fcr Konversion im Wirtschaftsministerium Brandenburg und 2015 Mitbegr\u00fcnder der Kampagne \u201eStopp Air Base Ramstein\u201c. Der Preis, der mit Zustimmung der Familie Vogt den Namen \u201eRoland-Vogt-Friedenspreis der Kampagne Stopp Air Base Ramstein\u201c tragen darf, wird von einer Jury vergeben, der auch die Tochter von Roland Vogt angeh\u00f6rt, ist mit 3000 Euro dotiert.<\/strong><\/em><\/p>\n<figure id=\"attachment_8773\" aria-describedby=\"caption-attachment-8773\" style=\"width: 876px\" class=\"wp-caption alignnone\"><img data-recalc-dims=\"1\" loading=\"lazy\" decoding=\"async\" data-attachment-id=\"8773\" data-permalink=\"https:\/\/www.freidenker.org\/?attachment_id=8773\" data-orig-file=\"https:\/\/i0.wp.com\/www.freidenker.org\/fw17\/wp-content\/uploads\/2020\/10\/FriedenspreisKonniSchmidt_01.jpg?fit=876%2C603&amp;ssl=1\" data-orig-size=\"876,603\" data-comments-opened=\"0\" data-image-meta=\"{&quot;aperture&quot;:&quot;0&quot;,&quot;credit&quot;:&quot;&quot;,&quot;camera&quot;:&quot;&quot;,&quot;caption&quot;:&quot;&quot;,&quot;created_timestamp&quot;:&quot;0&quot;,&quot;copyright&quot;:&quot;&quot;,&quot;focal_length&quot;:&quot;0&quot;,&quot;iso&quot;:&quot;0&quot;,&quot;shutter_speed&quot;:&quot;0&quot;,&quot;title&quot;:&quot;&quot;,&quot;orientation&quot;:&quot;0&quot;}\" data-image-title=\"FriedenspreisKonniSchmidt_01\" data-image-description=\"\" data-image-caption=\"\" data-large-file=\"https:\/\/i0.wp.com\/www.freidenker.org\/fw17\/wp-content\/uploads\/2020\/10\/FriedenspreisKonniSchmidt_01.jpg?fit=800%2C551&amp;ssl=1\" class=\"wp-image-8773 size-full\" src=\"https:\/\/i0.wp.com\/www.freidenker.org\/fw17\/wp-content\/uploads\/2020\/10\/FriedenspreisKonniSchmidt_01.jpg?resize=800%2C551&#038;ssl=1\" alt=\"Reiner Braun, \u201eUrgestein\u201c der Friedensbewegung, bei der Verleihung des Roland-Vogt-Friedenspreises\" width=\"800\" height=\"551\" srcset=\"https:\/\/i0.wp.com\/www.freidenker.org\/fw17\/wp-content\/uploads\/2020\/10\/FriedenspreisKonniSchmidt_01.jpg?w=876&amp;ssl=1 876w, https:\/\/i0.wp.com\/www.freidenker.org\/fw17\/wp-content\/uploads\/2020\/10\/FriedenspreisKonniSchmidt_01.jpg?resize=300%2C207&amp;ssl=1 300w, https:\/\/i0.wp.com\/www.freidenker.org\/fw17\/wp-content\/uploads\/2020\/10\/FriedenspreisKonniSchmidt_01.jpg?resize=768%2C529&amp;ssl=1 768w, https:\/\/i0.wp.com\/www.freidenker.org\/fw17\/wp-content\/uploads\/2020\/10\/FriedenspreisKonniSchmidt_01.jpg?resize=130%2C90&amp;ssl=1 130w\" sizes=\"auto, (max-width: 800px) 100vw, 800px\" \/><figcaption id=\"caption-attachment-8773\" class=\"wp-caption-text\">Reiner Braun, \u201eUrgestein\u201c der Friedensbewegung, bei der Verleihung des Roland-Vogt-Friedenspreises<\/figcaption><\/figure>\n<p>&nbsp;<\/p>\n<p><em><strong>Wir dokumentieren nachfolgend die Rede von Konni Schmidt, mit der er sich f\u00fcr die Auszeichnung bedankte.<\/strong><\/em><\/p>\n<p>Liebe Familie, liebe Friedensfreundinnen und Friedensfreunde,<\/p>\n<p>zun\u00e4chst mal m\u00f6chte ich mich bei Euch allen sehr, sehr herzlichen bedanken, dass Ihr hierher gekommen seid, und dass Ihr so viele Aktionen, so viele Schritte gemeinsam mit mir gegangen seid.<\/p>\n<p>Als ich vor eineinhalb Jahren erfahren habe, dass ich vielleicht nur noch ganz kurz zu leben habe, da war es die Reaktion meiner Familie, meiner Schwester, meines Bruders, meiner Kinder, die mich wieder aus dem gro\u00dfen tiefen schwarzen Loch herausgeholt haben. Dass ich heute noch leben w\u00fcrde, hatte ich damals f\u00fcr vollkommen unm\u00f6glich gehalten. Es war ein vietnamesischer Arzt, der mich zwei Mal dem Tod von der Schippe geholt hat, und im Kopf operiert hat, nachdem zwei andere Kliniken gesagt haben: \u201eNein, das ist nicht m\u00f6glich. Sie werden hinterher halbseitig gel\u00e4hmt sein, mindestens, oder noch Schlimmeres.\u201c Er hat es geschafft, und daran m\u00f6chte ich jetzt auch einmal erinnern.<\/p>\n<p>Immerhin war der Anfang, dass ich nach Saarbr\u00fccken kam als Erstsemester, und als Allererstes auf eine Demo gegangen bin gegen den Vietnam-Krieg \u2013 und das hat dann niemals aufgeh\u00f6rt. Der Roland Vogt war f\u00fcr mich ein Freund und ein Orientierungspunkt in der Gr\u00fcndungsphase der Initiative \u201eStopp Air Base Ramstein\u201c. Das war nicht ganz so unkompliziert. Es gab ja viele, die uns ganz b\u00f6se angegangen sind, und die Partei von Roland Vogt war ja auch nicht unbedingt die Friedenspartei, aber der Roland war f\u00fcr mich ein totales Ph\u00e4nomen und gro\u00dfes Vorbild. Wir sind nach jeder Sitzung der Initiative \u201eStopp Air Base Ramstein\u201c im St. Martin am Martinsplatz noch einen Rotwein trinken gegangen und haben uns wirklich tief angefreundet.<\/p>\n<figure id=\"attachment_8774\" aria-describedby=\"caption-attachment-8774\" style=\"width: 916px\" class=\"wp-caption alignnone\"><img data-recalc-dims=\"1\" loading=\"lazy\" decoding=\"async\" data-attachment-id=\"8774\" data-permalink=\"https:\/\/www.freidenker.org\/?attachment_id=8774\" data-orig-file=\"https:\/\/i0.wp.com\/www.freidenker.org\/fw17\/wp-content\/uploads\/2020\/10\/FriedenspreisKonniSchmidt_02.jpg?fit=916%2C637&amp;ssl=1\" data-orig-size=\"916,637\" data-comments-opened=\"0\" data-image-meta=\"{&quot;aperture&quot;:&quot;0&quot;,&quot;credit&quot;:&quot;&quot;,&quot;camera&quot;:&quot;&quot;,&quot;caption&quot;:&quot;&quot;,&quot;created_timestamp&quot;:&quot;0&quot;,&quot;copyright&quot;:&quot;&quot;,&quot;focal_length&quot;:&quot;0&quot;,&quot;iso&quot;:&quot;0&quot;,&quot;shutter_speed&quot;:&quot;0&quot;,&quot;title&quot;:&quot;&quot;,&quot;orientation&quot;:&quot;0&quot;}\" data-image-title=\"FriedenspreisKonniSchmidt_02\" data-image-description=\"\" data-image-caption=\"\" data-large-file=\"https:\/\/i0.wp.com\/www.freidenker.org\/fw17\/wp-content\/uploads\/2020\/10\/FriedenspreisKonniSchmidt_02.jpg?fit=800%2C556&amp;ssl=1\" class=\"wp-image-8774 size-full\" src=\"https:\/\/i0.wp.com\/www.freidenker.org\/fw17\/wp-content\/uploads\/2020\/10\/FriedenspreisKonniSchmidt_02.jpg?resize=800%2C556&#038;ssl=1\" alt=\"Konni Schmidt bei seiner Dankesrede\" width=\"800\" height=\"556\" srcset=\"https:\/\/i0.wp.com\/www.freidenker.org\/fw17\/wp-content\/uploads\/2020\/10\/FriedenspreisKonniSchmidt_02.jpg?w=916&amp;ssl=1 916w, https:\/\/i0.wp.com\/www.freidenker.org\/fw17\/wp-content\/uploads\/2020\/10\/FriedenspreisKonniSchmidt_02.jpg?resize=300%2C209&amp;ssl=1 300w, https:\/\/i0.wp.com\/www.freidenker.org\/fw17\/wp-content\/uploads\/2020\/10\/FriedenspreisKonniSchmidt_02.jpg?resize=768%2C534&amp;ssl=1 768w, https:\/\/i0.wp.com\/www.freidenker.org\/fw17\/wp-content\/uploads\/2020\/10\/FriedenspreisKonniSchmidt_02.jpg?resize=392%2C272&amp;ssl=1 392w, https:\/\/i0.wp.com\/www.freidenker.org\/fw17\/wp-content\/uploads\/2020\/10\/FriedenspreisKonniSchmidt_02.jpg?resize=130%2C90&amp;ssl=1 130w\" sizes=\"auto, (max-width: 800px) 100vw, 800px\" \/><figcaption id=\"caption-attachment-8774\" class=\"wp-caption-text\">Konni Schmidt bei seiner Dankesrede<\/figcaption><\/figure>\n<p>Bestimmt war es auch dieser Preis und die damit verbundene Anerkennung, die mir \u00fcber eine sehr schwierige Phase meines Lebens hinweggeholfen hat. Die vielen E-Mails, die ich bekommen habe, Briefe, Telefonate usw. haben mir ebenfalls sehr viel Kraft gegeben, die lange Kette von Operationen, Therapien zu \u00fcberstehen. Daf\u00fcr Euch allen Dank! Es w\u00fcrde mir ja jetzt auf der Zunge liegen, ganz vielen Menschen, die ich hier sehe, pers\u00f6nlich zu danken, aber das w\u00fcrde ja ewig dauern.<\/p>\n<p>Ich m\u00f6chte euch nur auf Folgendes hinweisen: Meine Tochter, die hier gerade am Fotografieren ist, hat mir ganz spontan eine halbe, dreiviertel Stunde im Stehen zugeh\u00f6rt, und ich sagte: \u201eSetz Doch doch hin!\u201c, aber sie: \u201eNein, nein, das ist alles so spannend\u201c, und dann haben wir uns darauf verst\u00e4ndigt, dass ich das eigentlich mal \u00f6fter machen sollte. Und ich m\u00f6chte Euch gerne einladen, am n\u00e4chsten Dienstag, das ist der 15. September 2020, da treffen wir uns bei mir, in meinem Wohnzimmer, zu einem \u201eFriedens-Erz\u00e4hlcaf\u00e9\u201c. Weil es eben besonders schade ist, wenn ein Mensch stirbt, dass seine ganzen Erfahrungen und sein ganzes Wissen verloren gehen. Ich bin dankbar f\u00fcr diese eineinhalb Jahre, die mir doch noch geg\u00f6nnt wurden, um ein bisschen von dem an andere weiterzugeben. Ich bin dabei, ein Buch zusammenzustellen, mit Beitr\u00e4gen, Reden, meiner Diplomarbeit, die auch keineswegs unpolitisch war. Der Professor, der sie betreut hat \u2013 er ist schon weit \u00fcber 80 \u2013 hat mir gerade vorgestern noch einmal seinen Respekt ausgedr\u00fcckt.<\/p>\n<p>Ein Zitat: \u201eIch wei\u00df nicht, ob meine Teilnahme an so vielen Versammlungen, Demonstrationen und Kundgebungen f\u00fcr uns einen Unterschied gemacht hat, aber sie hat eines bewirkt: Das Zusammentreffen mit wunderbaren Menschen, die mich oft mein ganzes Leben begleitet haben\u201c. Das hat Pete Seeger gesagt, und er hat mir damit derma\u00dfen aus der Seele gesprochen.<\/p>\n<p>Ich bin nicht weit von hier geboren, in Miesenbach im Schulhaus, heute Ortsteil von Ramstein-Miesenbach, keine 2 km entfernt von der Rollbahn der gr\u00f6\u00dften Milit\u00e4ranlage der Welt au\u00dferhalb der USA, der US Air Base Ramstein. Die Ramsteiner sagen noch heute etwas sehr verniedlichend: \u201eDer Flugplatz\u201c.<\/p>\n<p>Es gibt ein Buch, vor ca. 100 Jahren geschrieben, \u201eDie P\u00e4lzisch Weltgeschicht\u201c. Darin hat ein Pf\u00e4lzer namens Paul M\u00fcnch die Weltgeschichte auf pf\u00e4lzisch umgeschrieben:<\/p>\n<p><em>\u201eIch han emol e Buch gel\u00e4s,<br \/>\ndes war e kollosaler Kees.<br \/>\ndes hie\u00df \u201ade bello gallico\u2018<br \/>\nun dodrin schreibt de Caesar jo,<br \/>\ner h\u00e4tt des p\u00e4lzisch Heer bezwung<br \/>\nun w\u00e4r dann bei uns ingedrung.\u201c<\/em><\/p>\n<p>In diesem Buch beschreibt Paul M\u00fcnch, die Weltachs, die steht selbstverst\u00e4ndlich in de Palz, die steht bei Waldleiningen, und die P\u00e4lzer m\u00fcssen die Weltachs \u201eschmeere\u201c, uff Deutsch: \u00f6len. Damit die Welt sich immer weiterdreht und nicht stehenbleibt. Und danach sagt er: das Paradies \u2013 selbstverst\u00e4ndlich war das hier in de Palz. Und da kann ich nur sagen, da hat er Recht! Der Pf\u00e4lzerwald, heute \u201eBiosph\u00e4renreservat Pf\u00e4lzer Wald\/Nordvogesen\u201c, ja, das war ein Paradies!.<\/p>\n<p>Ich habe dieses Paradies Pf\u00e4lzer Wald als Kind ungeheuer genossen. Vielleicht w\u00fcrde ich gar nicht mehr leben ohne den Pf\u00e4lzer Wald. Ich hatte eine chronische Bronchitis, ich war st\u00e4ndig krank, und dann hat meine Mutter gesagte: \u201eOpa, geh\u2018 mit dem Konrad in den Wald, damit\u2019s ihm wieder besser geht.\u201c Und dann ging es mir besser.<\/p>\n<p>Und dann frag ich mal: Warum, warum macht ihr mein Paradies kaputt? Warum verteilt ihr jedes Jahr hunderte Tonnen hochgiftigen Treibstoff \u00fcber unseren K\u00f6pfen?. Wenn es ja noch Kerosin w\u00e4re, das ist auch nicht ganz ungef\u00e4hrlich. Aber es ist \u201eJP8\u201c, das ist einhochgiftiger NATO-Treibstoff. Wer einmal ein Foto gesehen hat von einem Tankwart, der die Flugzeuge mit \u201eJP8\u201c betankt, der ist eingeh\u00fcllt in eine komplette Plastikhaut, einem Ganzk\u00f6rper-Gummianzug mit Sauerstoff-Beatmung, er atmet aus einer Sauerstoffflasche, weil er das sonst nicht \u00fcberleben w\u00fcrde, wer das gesehen hat, der glaubt nicht mehr an die Beruhigungserkl\u00e4rungen der Medien.<\/p>\n<p>Ich kann ja nicht beweisen, woher meine 3 Tumore kamen, aber ganz so weit hergeholt ist der Zusammenhang wohl nicht. Jedenfalls ist die Krebsrate in unserer Region deutlich erh\u00f6ht. Und der L\u00e4rm!! Gebt mir mein Paradies zur\u00fcck!<\/p>\n<p>Die SAGA, die Studentische Arbeitsgemeinschaft Astronomie (ich bin nebenher auch noch Hobby-Astronom), fordert das \u201eSternenparadies Pf\u00e4lzer Wald\u201c. Aber da gibt es ein Hindernis: Die Tag- und Nachtbeleuchtung der Air Base. Kostet ja nix! Den Strom bezahlt der Konni Schmidt mit seiner Stromrechnung, den bezahlen nicht die Amis.<\/p>\n<p>Wei\u00df jemand von euch noch, was ein Gl\u00fchw\u00fcrmchen ist?\u00a0 Ja, wir wissen das. Wenn Du in der D\u00e4mmerung in den Pf\u00e4lzer Wald gegangen bist, wir Kinder hatten teilweise sogar Angst davor gehabt. Wo sehen wir heute noch Gl\u00fchw\u00fcrmchen? Wann hab ich zum letzten Mal welche gesehen? Sterben die aus? Ja! Warum ist das so? Die Gl\u00fchw\u00fcrmchen erkennen sich gegenseitig f\u00fcr die Paarung durch ihr Licht. Dieses winzige Licht wird aber heute durch die Lichtverschmutzung der Air Base v\u00f6llig \u00fcberstrahlt.<\/p>\n<p>Die Air Base Ramstein ist, was die Lichtverschmutzung angeht, schlimmer als der Ballungsraum Ludwigshafen\/Mannheim, als Saarbr\u00fccken, als Stra\u00dfburg \u2013 all die hellen Orte, die uns als Astronomen gar nicht so gut gefallen, aber das Allerschlimmste, der gr\u00f6\u00dfte Lichtverschmutzer des gesamten S\u00fcdens unserer Republik, ist die Air Base Ramstein.<\/p>\n<p>\u201eGebt uns unsere Nacht zur\u00fcck!<br \/>\nGebt uns unsere Sterne zur\u00fcck!<br \/>\nGebt uns unsere Gl\u00fchw\u00fcrmchen zur\u00fcck!\u201c<\/p>\n<p>In meinen Kindertagen bin ich mit meinem Opa viel durch den Pf\u00e4lzer Wald gewandert. An der Waschm\u00fchle, die Pf\u00e4lzer kennen das alle, das ist eines der gr\u00f6\u00dften Freib\u00e4der in der Region, stand ein Br\u00fcckenpfeiler der (noch unfertigen) Autobahn (heute die A6.) \u201eOpa was ist hinter dieser T\u00fcr?\u201c (In dem Br\u00fcckenpfeiler war eine Stahlt\u00fcr.) \u201eDas, das ist eine Sprengkammer.\u201c \u201eWas ist eine Sprengkammer?\u201c \u2013 \u201eDa macht man Pulver rein und sprengt die Br\u00fccke in die Luft.\u201c \u2013 \u201eWarum bauen wir f\u00fcr unsere Feinde eine Sprengkammer in unsere Br\u00fccke, damit die unsere Br\u00fccke in die Luft sprengen k\u00f6nnen?\u201c \u2013 \u201eNicht die Feinde, wir sprengen die Br\u00fccke in die Luft.\u201c Ich habe nicht mehr weitergefragt. Wie kann das sein, dass wir eine Br\u00fccke bauen, und bei der Br\u00fccke schon die Sprengkammer einbauen, um unsere eigene Heimat selbst zu zerst\u00f6ren? Ich habe es nicht verstanden. Ich verstehe es auch heute nicht. Ich will es nicht verstehen. Warum bereiten wir selbst die Zerst\u00f6rung unserer Br\u00fccken, Geb\u00e4ude, unserer ganzen Region, unseres Paradieses vor?<\/p>\n<p>Und dann m\u00f6chte ich sagen: was ist die Sprengung einer Br\u00fccke gegen das, was wir im Moment vorbereiten? Was f\u00fcr eine Katastrophe wird es werden, wenn die Zerst\u00f6rung, die wir jetzt gerade vorbereiten, in die Tat umgesetzt wird? Einen Atomkrieg wird niemand, der hier in diesem Raum sitzt, \u00fcberleben. Eine einzige Atombombe, wie sie in B\u00fcchel lagern, hat die 20-fache Sprengkraft einer Hiroshima-Bombe. Eine halbe Stunde nach dem Beginn eines gro\u00dfen Krieges in Europa lebt von uns niemand mehr. Wir steuern mit einer Geschwindigkeit darauf zu. Mit der Erh\u00f6hung der R\u00fcstungsausgaben auf 50 Mrd.\u20ac, bald sollen es dann 70 Mrd. werden, soll sich die BRD an den Kriegsvorbereitungen beteiligen? Wof\u00fcr? Gegen welchen Feind?<\/p>\n<p>Ich bin nun seit \u00fcber 50 Jahren in der Friedensbewegung, aber so brenzlig wie heute war es noch nie. Wenn wir heute Filme sehen, wie knapp das war 1982, als ein einziger russischer Oberstleutnant gesagt hat: \u201eNein, das kann nicht sein, das glaube ich nicht. Wenn die Amis uns \u00fcberfallen, dann schicken die uns nicht eine oder zwei Raketen, sondern dann schicken die uns tausend.\u201c Und er hatte Recht gehabt. Aber er hat gegen seinen Befehl versto\u00dfen, er h\u00e4tte die Atomrakete starten m\u00fcssen, und er hat es nicht getan. Stanislaw Petrow ist vor drei Jahren gestorben.<\/p>\n<p>Im Nachlass meiner Mutter habe ich ein Buch gefunden, ihr Lesebuch f\u00fcr die 2. Volksschulklasse. Ich habeetwas darin gebl\u00e4ttert, und dort wird uns bzw. den 7-8-J\u00e4hrigen ausf\u00fchrlich erkl\u00e4rt, warum Frankreich unser \u201eErbfeind\u201c ist.<\/p>\n<p>Wir sind so oft von Paris aus gestartet, mit der Friedens-Radfahrt Paris-Moskau, und immer haben Franzosen uns geholfen, diese Tour zu organisieren oder sind zum Teil ganz mitgefahren. Heute ist Frankreich ein befreundetes Land. Also: Gegen wen r\u00fcsten wir? In den letzten Jahren haben wir die R\u00fcstungsausgaben von 30 Milliarden auf 50 Milliarden Euro erh\u00f6ht. Wof\u00fcr? Laut Internationalem Gerichtshof ist der Einsatz von Atombomben menschenrechtswidrig, und auch die Vorbereitung eines Atomkrieges ist menschenrechtswidrig.<\/p>\n<p>Wer ist unser Feind? Ein Blick in die Zeitungen oder die Nachrichten gen\u00fcgt, dann wisst Ihr es ganz schnell: Heute geht es nicht mehr gegen den Erbfeind Frankreich, Russland ist der neue Erbfeind!<\/p>\n<p>Wer muss sich vor wem f\u00fcrchten? Die deutschen Armeen haben vor 75 Jahren die Sowjetunion \u00fcberfallen und 27 Millionen Menschen umgebracht. Wer muss sich vor wem f\u00fcrchten? Wir werden im n\u00e4chsten Jahr die R\u00fcstungsausgaben des riesigen Landes, des gr\u00f6\u00dften Fl\u00e4chenlandes der Welt, \u00fcberschreiten. Diese kleine Mini-Bundesrepublik! Schaut mal auf einen Globus, wie gro\u00df wir sind, und wie gro\u00df Russland ist. Aber wir m\u00fcssen mehr f\u00fcr R\u00fcstung ausgeben als dieses riesige Russland. Und dieses riesige Russland m\u00fcssen wir dann auch noch verleumden, und Dinge behaupten, die alle erfunden, erstunken und erlogen sind.<\/p>\n<p>Bike for Peace ist f\u00fcnfmal mal von Paris nach Moskau mit dem Fahrrad gefahren, um gegen diesen Wahnsinn zu demonstrieren. Wir hatten immer in unserem Flugblatt ein Zitat von Albert Einstein: <em>\u201eWas f\u00fcr eine Welt k\u00f6nnten wir bauen, wenn wir die Kr\u00e4fte, die ein Krieg entfesselt, f\u00fcr den Aufbau einsetzten. Ein Zehntel der Energien, ein Bruchteil des Geldes w\u00e4re ausreichend, um den Menschen aller L\u00e4nder zu einem menschenw\u00fcrdigen Leben zu verhelfen und die Katastrophe der Arbeitslosigkeit zu verhindern.\u201c <\/em>(1932)<\/p>\n<p>Die franz\u00f6sische Friedensbewegung hat vor 15 Jahren eine Grafik herausgegeben, es ist der Vergleich der weltweiten R\u00fcstungsausgaben mit den notwendigen Sozialausgaben gegen Armut, Hunger, Krankheiten, Wohnungsnot, verseuchtes Wasser, Bildungsnotstand usw. Die UNO hat in den 90er Jahren die Beseitigung dieser schreienden Ungerechtigkeit als Milleniumsziele formuliert.<\/p>\n<p>In blau eingef\u00e4rbt sehen wir die weltweiten Ausgaben f\u00fcr R\u00fcstung (2003), in dem kleinen unteren Abschnitt stehen die Kosten zur Erreichung der Milleniumsziele. All das k\u00f6nnten wir mit einem Sechstel der R\u00fcstungsausgaben l\u00f6sen. Ja sind wir denn wahnsinnig? Warum tun wir das nicht? Was soll denn mit einer Waffe, gar einer Massenvernichtungswaffe gel\u00f6st werden?<\/p>\n<p><img data-recalc-dims=\"1\" loading=\"lazy\" decoding=\"async\" data-attachment-id=\"8775\" data-permalink=\"https:\/\/www.freidenker.org\/?attachment_id=8775\" data-orig-file=\"https:\/\/i0.wp.com\/www.freidenker.org\/fw17\/wp-content\/uploads\/2020\/10\/FriedenspreisKonniSchmidt_03-scaled.jpg?fit=1819%2C2560&amp;ssl=1\" data-orig-size=\"1819,2560\" data-comments-opened=\"0\" data-image-meta=\"{&quot;aperture&quot;:&quot;0&quot;,&quot;credit&quot;:&quot;&quot;,&quot;camera&quot;:&quot;&quot;,&quot;caption&quot;:&quot;&quot;,&quot;created_timestamp&quot;:&quot;0&quot;,&quot;copyright&quot;:&quot;&quot;,&quot;focal_length&quot;:&quot;0&quot;,&quot;iso&quot;:&quot;0&quot;,&quot;shutter_speed&quot;:&quot;0&quot;,&quot;title&quot;:&quot;&quot;,&quot;orientation&quot;:&quot;0&quot;}\" data-image-title=\"FriedenspreisKonniSchmidt_03\" data-image-description=\"\" data-image-caption=\"\" data-large-file=\"https:\/\/i0.wp.com\/www.freidenker.org\/fw17\/wp-content\/uploads\/2020\/10\/FriedenspreisKonniSchmidt_03-scaled.jpg?fit=728%2C1024&amp;ssl=1\" class=\"alignnone wp-image-8775 size-large\" src=\"https:\/\/i0.wp.com\/www.freidenker.org\/fw17\/wp-content\/uploads\/2020\/10\/FriedenspreisKonniSchmidt_03.jpg?resize=728%2C1024&#038;ssl=1\" alt=\"Grafik der franz\u00f6sischen Friedensbewegung\" width=\"728\" height=\"1024\" srcset=\"https:\/\/i0.wp.com\/www.freidenker.org\/fw17\/wp-content\/uploads\/2020\/10\/FriedenspreisKonniSchmidt_03-scaled.jpg?resize=728%2C1024&amp;ssl=1 728w, https:\/\/i0.wp.com\/www.freidenker.org\/fw17\/wp-content\/uploads\/2020\/10\/FriedenspreisKonniSchmidt_03-scaled.jpg?resize=213%2C300&amp;ssl=1 213w, https:\/\/i0.wp.com\/www.freidenker.org\/fw17\/wp-content\/uploads\/2020\/10\/FriedenspreisKonniSchmidt_03-scaled.jpg?resize=768%2C1081&amp;ssl=1 768w, https:\/\/i0.wp.com\/www.freidenker.org\/fw17\/wp-content\/uploads\/2020\/10\/FriedenspreisKonniSchmidt_03-scaled.jpg?resize=1092%2C1536&amp;ssl=1 1092w, https:\/\/i0.wp.com\/www.freidenker.org\/fw17\/wp-content\/uploads\/2020\/10\/FriedenspreisKonniSchmidt_03-scaled.jpg?resize=1455%2C2048&amp;ssl=1 1455w, https:\/\/i0.wp.com\/www.freidenker.org\/fw17\/wp-content\/uploads\/2020\/10\/FriedenspreisKonniSchmidt_03-scaled.jpg?w=1819&amp;ssl=1 1819w, https:\/\/i0.wp.com\/www.freidenker.org\/fw17\/wp-content\/uploads\/2020\/10\/FriedenspreisKonniSchmidt_03-scaled.jpg?w=1600&amp;ssl=1 1600w\" sizes=\"auto, (max-width: 728px) 100vw, 728px\" \/><\/p>\n<p>Und wir, allein die NATO, geben mehr als eintausend Milliarden Dollar f\u00fcr R\u00fcstung aus. Gegen wen? Was hatten wir gehofft, 1989: Jetzt ist der Systemgegensatz zu Ende, und jetzt werden wir abr\u00fcsten. Ich habe noch im Ohr, wie der damalige Verteidigungsminister W\u00f6rner den Gr\u00fcnen im Bundestag vorgeworfen hat: \u201eWenn die Ost-Staaten ihren Warschauer Pakt aufl\u00f6sen w\u00fcrden, dann w\u00fcrden wir am n\u00e4chsten Tag die NATO aufl\u00f6sen.\u201c Ach ja \u2013 kann man einem Politiker irgendetwas glauben?<\/p>\n<p>Die Antwort, die wir geben m\u00fcssen, kann nur lauten: Wir brauchen wieder eine starke Friedensbewegung, kein anderer tr\u00e4gt zur L\u00f6sung des Problems bei. Jedes Jahr demonstrieren wir mit 5000 Menschen vor dem Maingate der Air Base Ramstein gegen Drohnen, gegen Hochr\u00fcstung und Krieg. In den 80er Jahren erkl\u00e4rte der damalige Innenminister, er ist \u00fcbrigens heute Parlamentspr\u00e4sident, der Herr Sch\u00e4uble: \u201eDie Friedensbewegung hat uns an den Rand der Unregierbarkeit gebracht!&#8220; Genau. Gut so! Da wollen wir wieder hin! Dass die Politiker sich nicht durchsetzen k\u00f6nnen. Dass eine Kriegsvorbereitungspolitik nicht nur unpopul\u00e4r \u2013 80% der Bev\u00f6lkerung sind dagegen \u2013 , sondern undurchf\u00fchrbar wird.<\/p>\n<p>Nie wieder Krieg! Nie wieder Faschismus! Ich habe die Generation meiner Eltern mehr als einmal gefragt: \u201eWas habt ihr getan, als sie die Juden, die Roma, die russischen Kriegsgefangenen durch die Stra\u00dfen getrieben haben, was habt ihr da getan? \u201eWas h\u00e4tten wir denn tun sollen? Wir w\u00e4ren doch sofort an die Wand gestellt worden! Wir wussten doch auch gar nichts davon (was ja in sich schon ein Widerspruch ist)\u201c<\/p>\n<p>Nun gut: Heute d\u00fcrfen wir (noch) demonstrieren, uns engagieren gegen Faschismus und Krieg. Wer es nicht tut, l\u00e4sst diese Dinge geschehen, wer es wei\u00df und nichts tut, ist Mitt\u00e4ter. \u201eDann gibt es nur Eins: Sag Nein!\u201c sagte Wolfgang Borchert nach dem Zweiten Weltkrieg. Das, mindestens das, ist unsere Pflicht. \u201eWir konnten ja nichts tun\u201c, das gilt nicht mehr, es war auch damals schon eine L\u00fcge gewesen.<\/p>\n<p>Wie kann man glauben, dass man uns durch einen &#8222;Raketenschutzschirm&#8220; besch\u00fctzen wolle \u2013 oder k\u00f6nne? Vor unseren Augen wird der n\u00e4chste Krieg vorbereitet. Wir sagen: \u201eNein!\u201c Der Inhalt unserer Verfassung, des Grundgesetzes hei\u00dft in zwei S\u00e4tzen: Nie wieder Krieg &#8211; Nie wieder Faschismus. Was denken sich die Leute, die auf dieses Grundgesetz schw\u00f6ren, \u201eso wahr mir Gott helfe\u201c, was denken die sich, wenn sie einen Haushalt unterschreiben, in dem 50 Milliarden f\u00fcr die T\u00f6tung von Menschen ausgegeben werden?<\/p>\n<p>Nie wieder Krieg &#8211; Nie wieder Faschismus &#8211;\u00a0 das war unsere Losung auch in Russland. W\u00e4hrend der ersten Friedensradfahrt 2006 nach einer Gedenkveranstaltung in der Festung Brest direkt hinter der Grenze, kam eine Friedensfreundin aus Bayern, die Johanna, auf mich zu und sagte: Konni, ich f\u00fchle mich hier nicht so wohl, ich bin Pazifistin, und wir werden hier fotografiert mit den russischen Soldaten mit der Maschinenpistole in der Hand. Wir w\u00fcrden gerne ein Transparent in russischer Sprache malen mit der Aufschrift: \u201eFrieden schaffen ohne Waffen\u201c. Ich habe gesagt, ja, ich bin einverstanden, aber schreibt oben dr\u00fcber: \u201eNie wieder Krieg &#8211; Nie wieder Faschismus\u201c. Und dieses Transparent haben wir f\u00fcnf Mal durch ganz Europa, von Paris nach Moskau getragen.<\/p>\n<p>Es erschien im russischen Fernsehen, in den Tageszeitungen usw. \u2013 und ich m\u00f6chte dazu auch sagen: meine Erfahrungen in Polen, Russland, Belarus \u2013 niemals, wir waren Deutsche! \u2013 niemals hat jemand zu uns gesagt: \u201eIhr Schweine, Ihr habt so viele von meinen Verwandten umgebracht\u201c. In der Stadt Zhodino, ich hatte dort die Abschlussrede gehalten, kamen zwei Frauen auf mich zu, die eine hat \u00fcbersetzt, und die andere sagte dann: \u201eMeine Mutter und meine Gro\u00dfmutter wurden im Gas ermordet.\u201c Und dann hat sie mich umarmt. Was ist das f\u00fcr eine Kraft der Vers\u00f6hnung!<\/p>\n<figure id=\"attachment_8776\" aria-describedby=\"caption-attachment-8776\" style=\"width: 832px\" class=\"wp-caption alignnone\"><img data-recalc-dims=\"1\" loading=\"lazy\" decoding=\"async\" data-attachment-id=\"8776\" data-permalink=\"https:\/\/www.freidenker.org\/?attachment_id=8776\" data-orig-file=\"https:\/\/i0.wp.com\/www.freidenker.org\/fw17\/wp-content\/uploads\/2020\/10\/FriedenspreisKonniSchmidt_04.jpg?fit=832%2C477&amp;ssl=1\" data-orig-size=\"832,477\" data-comments-opened=\"0\" data-image-meta=\"{&quot;aperture&quot;:&quot;0&quot;,&quot;credit&quot;:&quot;&quot;,&quot;camera&quot;:&quot;&quot;,&quot;caption&quot;:&quot;&quot;,&quot;created_timestamp&quot;:&quot;0&quot;,&quot;copyright&quot;:&quot;&quot;,&quot;focal_length&quot;:&quot;0&quot;,&quot;iso&quot;:&quot;0&quot;,&quot;shutter_speed&quot;:&quot;0&quot;,&quot;title&quot;:&quot;&quot;,&quot;orientation&quot;:&quot;0&quot;}\" data-image-title=\"FriedenspreisKonniSchmidt_04\" data-image-description=\"\" data-image-caption=\"\" data-large-file=\"https:\/\/i0.wp.com\/www.freidenker.org\/fw17\/wp-content\/uploads\/2020\/10\/FriedenspreisKonniSchmidt_04.jpg?fit=800%2C459&amp;ssl=1\" class=\"wp-image-8776 size-full\" src=\"https:\/\/i0.wp.com\/www.freidenker.org\/fw17\/wp-content\/uploads\/2020\/10\/FriedenspreisKonniSchmidt_04.jpg?resize=800%2C459&#038;ssl=1\" alt=\"Brot und Salz \u2013 der klassische Willkommensgru\u00df f\u00fcr die Friedensfahrer in Russland\" width=\"800\" height=\"459\" srcset=\"https:\/\/i0.wp.com\/www.freidenker.org\/fw17\/wp-content\/uploads\/2020\/10\/FriedenspreisKonniSchmidt_04.jpg?w=832&amp;ssl=1 832w, https:\/\/i0.wp.com\/www.freidenker.org\/fw17\/wp-content\/uploads\/2020\/10\/FriedenspreisKonniSchmidt_04.jpg?resize=300%2C172&amp;ssl=1 300w, https:\/\/i0.wp.com\/www.freidenker.org\/fw17\/wp-content\/uploads\/2020\/10\/FriedenspreisKonniSchmidt_04.jpg?resize=768%2C440&amp;ssl=1 768w\" sizes=\"auto, (max-width: 800px) 100vw, 800px\" \/><figcaption id=\"caption-attachment-8776\" class=\"wp-caption-text\">Brot und Salz \u2013 der klassische Willkommensgru\u00df f\u00fcr die Friedensfahrer in Russland<\/figcaption><\/figure>\n<p>Sollten wir nicht mal so auf die Russen zugehen? Sie haben uns die Hand zur Vers\u00f6hnung gereicht. Reiche den Menschen in Frankreich, in Polen, in Russland die Hand. Dazu kann ich nur sagen: Das kann man von Bike for Peace lernen. Daf\u00fcr hat es sich gelohnt, sich anzustrengen, 4000 km mit dem Fahrrad zur\u00fcckzulegen, zu werben, Flugbl\u00e4tter in f\u00fcnf Sprachen zu verteilen, eine Website anzulegen \u2013 und vieles mehr.<\/p>\n<p>Ich m\u00f6chte nicht in einem bis an die Z\u00e4hne bewaffneten Staat leben. Von der Air Base Ramstein geht eine ungeheure Bedrohung aus. Deshalb: Geh auf die Stra\u00dfe! Sag Nein! Nie wieder Krieg! Nie wieder Faschismus! Frieden schaffen ohne Waffen! Gebt uns unser Paradies zur\u00fcck!<\/p>\n<p>Daf\u00fcr hat sich alles gelohnt! Und es lohnt sich weiterhin!<\/p>\n<figure id=\"attachment_8777\" aria-describedby=\"caption-attachment-8777\" style=\"width: 992px\" class=\"wp-caption alignnone\"><img data-recalc-dims=\"1\" loading=\"lazy\" decoding=\"async\" data-attachment-id=\"8777\" data-permalink=\"https:\/\/www.freidenker.org\/?attachment_id=8777\" data-orig-file=\"https:\/\/i0.wp.com\/www.freidenker.org\/fw17\/wp-content\/uploads\/2020\/10\/FriedenspreisKonniSchmidt_05.jpg?fit=992%2C638&amp;ssl=1\" data-orig-size=\"992,638\" data-comments-opened=\"0\" data-image-meta=\"{&quot;aperture&quot;:&quot;0&quot;,&quot;credit&quot;:&quot;&quot;,&quot;camera&quot;:&quot;&quot;,&quot;caption&quot;:&quot;&quot;,&quot;created_timestamp&quot;:&quot;0&quot;,&quot;copyright&quot;:&quot;&quot;,&quot;focal_length&quot;:&quot;0&quot;,&quot;iso&quot;:&quot;0&quot;,&quot;shutter_speed&quot;:&quot;0&quot;,&quot;title&quot;:&quot;&quot;,&quot;orientation&quot;:&quot;0&quot;}\" data-image-title=\"FriedenspreisKonniSchmidt_05\" data-image-description=\"\" data-image-caption=\"\" data-large-file=\"https:\/\/i0.wp.com\/www.freidenker.org\/fw17\/wp-content\/uploads\/2020\/10\/FriedenspreisKonniSchmidt_05.jpg?fit=800%2C515&amp;ssl=1\" class=\"wp-image-8777 size-full\" src=\"https:\/\/i0.wp.com\/www.freidenker.org\/fw17\/wp-content\/uploads\/2020\/10\/FriedenspreisKonniSchmidt_05.jpg?resize=800%2C515&#038;ssl=1\" alt=\"Auf Wunsch von Konni Schmidt sang die Freidenkerin Sonja Gottlieb anl\u00e4sslich der Preisverleihung\" width=\"800\" height=\"515\" srcset=\"https:\/\/i0.wp.com\/www.freidenker.org\/fw17\/wp-content\/uploads\/2020\/10\/FriedenspreisKonniSchmidt_05.jpg?w=992&amp;ssl=1 992w, https:\/\/i0.wp.com\/www.freidenker.org\/fw17\/wp-content\/uploads\/2020\/10\/FriedenspreisKonniSchmidt_05.jpg?resize=300%2C193&amp;ssl=1 300w, https:\/\/i0.wp.com\/www.freidenker.org\/fw17\/wp-content\/uploads\/2020\/10\/FriedenspreisKonniSchmidt_05.jpg?resize=768%2C494&amp;ssl=1 768w\" sizes=\"auto, (max-width: 800px) 100vw, 800px\" \/><figcaption id=\"caption-attachment-8777\" class=\"wp-caption-text\">Auf Wunsch von Konni Schmidt sang die Freidenkerin Sonja Gottlieb anl\u00e4sslich der Preisverleihung<\/figcaption><\/figure>\n<p>&nbsp;<\/p>\n<hr \/>\n<p><img data-recalc-dims=\"1\" loading=\"lazy\" decoding=\"async\" data-attachment-id=\"5427\" data-permalink=\"https:\/\/www.freidenker.org\/?attachment_id=5427\" data-orig-file=\"https:\/\/i0.wp.com\/www.freidenker.org\/fw17\/wp-content\/uploads\/2018\/09\/video_icon_32x32.jpg?fit=32%2C32&amp;ssl=1\" data-orig-size=\"32,32\" data-comments-opened=\"0\" data-image-meta=\"{&quot;aperture&quot;:&quot;0&quot;,&quot;credit&quot;:&quot;&quot;,&quot;camera&quot;:&quot;&quot;,&quot;caption&quot;:&quot;&quot;,&quot;created_timestamp&quot;:&quot;0&quot;,&quot;copyright&quot;:&quot;&quot;,&quot;focal_length&quot;:&quot;0&quot;,&quot;iso&quot;:&quot;0&quot;,&quot;shutter_speed&quot;:&quot;0&quot;,&quot;title&quot;:&quot;&quot;,&quot;orientation&quot;:&quot;1&quot;}\" data-image-title=\"video_icon_32x32\" data-image-description=\"\" data-image-caption=\"\" data-large-file=\"https:\/\/i0.wp.com\/www.freidenker.org\/fw17\/wp-content\/uploads\/2018\/09\/video_icon_32x32.jpg?fit=32%2C32&amp;ssl=1\" class=\"alignnone size-full wp-image-5427\" src=\"https:\/\/i0.wp.com\/www.freidenker.org\/fw17\/wp-content\/uploads\/2018\/09\/video_icon_32x32.jpg?resize=32%2C32&#038;ssl=1\" alt=\"\" width=\"32\" height=\"32\" \/> Die komplette Veranstaltung in Kaiserlautern kann man hier als Video ansehen:<\/p>\n<div class=\"jetpack-video-wrapper\"><span class=\"embed-youtube\" style=\"text-align:center; display: block;\"><iframe loading=\"lazy\" class=\"youtube-player\" width=\"800\" height=\"450\" src=\"https:\/\/www.youtube.com\/embed\/s1GkpbR04yU?version=3&#038;rel=1&#038;showsearch=0&#038;showinfo=1&#038;iv_load_policy=1&#038;fs=1&#038;hl=de-DE&#038;autohide=2&#038;wmode=transparent\" allowfullscreen=\"true\" style=\"border:0;\" sandbox=\"allow-scripts allow-same-origin allow-popups allow-presentation allow-popups-to-escape-sandbox\"><\/iframe><\/span><\/div>\n<p><span style=\"font-size: 10pt;\">Direktlink zum Video von MoveNow.TV auf YouTube: <a href=\"https:\/\/www.youtube.com\/watch?v=s1GkpbR04yU\">https:\/\/www.youtube.com\/watch?v=s1GkpbR04yU<\/a><\/span><\/p>\n<hr \/>\n<p><span style=\"font-size: 10pt;\">Bild oben: Screenshot aus dem Video von <a href=\"https:\/\/www.youtube.com\/watch?v=s1GkpbR04yU\" target=\"_blank\" rel=\"noopener noreferrer\">MoveNow.TV<\/a><\/span><\/p>\n<p>&nbsp;<\/p>\n","protected":false},"excerpt":{"rendered":"<p>Die Kampagne \u201eStopp Air Base Ramstein\u201c hat am 12.09.2020 den ersten \u201eRoland-Vogt-Friedenspreis\u201c an den langj\u00e4hrigen Friedensaktivisten Konni Schmidt aus Kaiserslautern vergeben. Die Feierstunde fand in der Apostelkirche Kaiserslautern statt, unter den rund 100 G\u00e4sten war auch ein gutes Dutzend Freidenker. Der Freidenkerverband war mit einem Infostand vor der Apostelkirche vertreten, Klaus Hartmann gratulierte Konni, mit dem er seit Gr\u00fcndung im Koordinierungskreis der Kampagne zusammenarbeitet, herzlich zur Verleihung des Friedenspreises.<br \/>\nWir dokumentieren nachfolgend die Rede von Konni Schmidt, mit der er sich f\u00fcr die Auszeichnung bedankte.<\/p>\n","protected":false},"author":3,"featured_media":8782,"comment_status":"closed","ping_status":"closed","sticky":false,"template":"","format":"standard","meta":{"colormag_page_container_layout":"default_layout","colormag_page_sidebar_layout":"default_layout","advanced_seo_description":"","jetpack_seo_html_title":"","jetpack_seo_noindex":false,"jetpack_post_was_ever_published":false,"footnotes":""},"categories":[13],"tags":[335,43,60,56,1325],"class_list":["post-8772","post","type-post","status-publish","format-standard","has-post-thumbnail","hentry","category-frieden-antifaschismus-solidaritaet","tag-frieden","tag-friedensbewegung","tag-kampagne-stopp-ramstein","tag-nato","tag-preisverleihung"],"jetpack_featured_media_url":"https:\/\/i0.wp.com\/www.freidenker.org\/fw17\/wp-content\/uploads\/2020\/10\/Friedenspreis_an_Konni_Schmidt_800x450.jpg?fit=800%2C450&ssl=1","jetpack_shortlink":"https:\/\/wp.me\/p9stpK-2hu","jetpack-related-posts":[{"id":2988,"url":"https:\/\/www.freidenker.org\/?p=2988","url_meta":{"origin":8772,"position":0},"title":"Freidenker-Brief 6-2015: Deutschland raus aus der NATO &#8211; NATO raus aus Deutschland","author":"Webredaktion","date":"27. August 2015","format":false,"excerpt":"W\u00e4hrend manche \"Institutionen\" der Friedensbewegung fortgesetzt die Diskussion \u201eWie weiter mit der Friedensbewegung?\u201c f\u00fchren, gibt es erfreulicherweise auch Friedenskr\u00e4fte, die angesichts der gef\u00e4hrlichen internationalen Entwicklung aktiv werden, die auf Aktionen und auf Klarheit dr\u00e4ngen: Einerseits die im \"AK Frieden \/ Internationales\" des Deutschen Freidenker-Verbandes erarbeitete programmatische Erkl\u00e4rung zu Fragen von\u2026","rel":"","context":"In &quot;Freidenker-Brief&quot;","block_context":{"text":"Freidenker-Brief","link":"https:\/\/www.freidenker.org\/?cat=341"},"img":{"alt_text":"","src":"https:\/\/i0.wp.com\/www.freidenker.org\/fw17\/wp-content\/uploads\/2015\/08\/Global_Hawk_800x445_mLogo.jpg?fit=800%2C445&ssl=1&resize=350%2C200","width":350,"height":200,"srcset":"https:\/\/i0.wp.com\/www.freidenker.org\/fw17\/wp-content\/uploads\/2015\/08\/Global_Hawk_800x445_mLogo.jpg?fit=800%2C445&ssl=1&resize=350%2C200 1x, https:\/\/i0.wp.com\/www.freidenker.org\/fw17\/wp-content\/uploads\/2015\/08\/Global_Hawk_800x445_mLogo.jpg?fit=800%2C445&ssl=1&resize=525%2C300 1.5x, https:\/\/i0.wp.com\/www.freidenker.org\/fw17\/wp-content\/uploads\/2015\/08\/Global_Hawk_800x445_mLogo.jpg?fit=800%2C445&ssl=1&resize=700%2C400 2x"},"classes":[]},{"id":275,"url":"https:\/\/www.freidenker.org\/?p=275","url_meta":{"origin":8772,"position":1},"title":"Freidenker-Brief 2-2016: Kampagne Stopp Ramstein \u2013 Aktionswochenende im Juni","author":"Webmaster","date":"3. Juni 2016","format":false,"excerpt":"Der Deutsche Freidenker-Verband appelliert an seine Mitglieder und Sympathisanten, die Kampagne \u201eStopp Ramstein\u201c zu unterst\u00fctzen und an dem Aktionswochenende in Kaiserslautern\/Ramstein, 10. \u2013 12. Juni 2016, teilzunehmen. \u201eDie US-Airbase in Ramstein repr\u00e4sentiert fast alle Friedensbedrohungen, denen wir heute ausgesetzt sind.\u201c So Klaus Hartmann, der Vorsitzende des Deutschen Freidenker-Verbands in einem\u2026","rel":"","context":"In &quot;Freidenker-Brief&quot;","block_context":{"text":"Freidenker-Brief","link":"https:\/\/www.freidenker.org\/?cat=341"},"img":{"alt_text":"","src":"https:\/\/i0.wp.com\/www.freidenker.org\/fw17\/wp-content\/uploads\/2016\/07\/Megaphone.jpg?fit=800%2C445&ssl=1&resize=350%2C200","width":350,"height":200,"srcset":"https:\/\/i0.wp.com\/www.freidenker.org\/fw17\/wp-content\/uploads\/2016\/07\/Megaphone.jpg?fit=800%2C445&ssl=1&resize=350%2C200 1x, https:\/\/i0.wp.com\/www.freidenker.org\/fw17\/wp-content\/uploads\/2016\/07\/Megaphone.jpg?fit=800%2C445&ssl=1&resize=525%2C300 1.5x, https:\/\/i0.wp.com\/www.freidenker.org\/fw17\/wp-content\/uploads\/2016\/07\/Megaphone.jpg?fit=800%2C445&ssl=1&resize=700%2C400 2x"},"classes":[]},{"id":5273,"url":"https:\/\/www.freidenker.org\/?p=5273","url_meta":{"origin":8772,"position":2},"title":"Ramstein 2018: Die &#8222;neue Ostfront&#8220;","author":"Webredaktion","date":"4. Juli 2018","format":false,"excerpt":"Warum brauchen wir \"kriegsverwendungsf\u00e4hige Stra\u00dfen\"? Rede von Klaus Hartmann auf der Auftaktkundgebung zur Demonstration \"Stopp Air Base Ramstein 2018\" in Landstuhl am 30. Juni 2018 Es ist Aktiven wie dem Freidenker-Vorsitzenden Klaus Hartmann hoch anzurechnen, dass sie nicht davon ablassen, darauf aufmerksam zu machen, dass mit der K\u00fcndigung des Truppenstationierungsvertrages\u2026","rel":"","context":"In &quot;Frieden - Antifaschismus - Solidarit\u00e4t&quot;","block_context":{"text":"Frieden - Antifaschismus - Solidarit\u00e4t","link":"https:\/\/www.freidenker.org\/?cat=13"},"img":{"alt_text":"","src":"https:\/\/i0.wp.com\/www.freidenker.org\/fw17\/wp-content\/uploads\/2018\/07\/ramstein2018_hartmann_800x445.jpg?fit=800%2C445&ssl=1&resize=350%2C200","width":350,"height":200,"srcset":"https:\/\/i0.wp.com\/www.freidenker.org\/fw17\/wp-content\/uploads\/2018\/07\/ramstein2018_hartmann_800x445.jpg?fit=800%2C445&ssl=1&resize=350%2C200 1x, https:\/\/i0.wp.com\/www.freidenker.org\/fw17\/wp-content\/uploads\/2018\/07\/ramstein2018_hartmann_800x445.jpg?fit=800%2C445&ssl=1&resize=525%2C300 1.5x, https:\/\/i0.wp.com\/www.freidenker.org\/fw17\/wp-content\/uploads\/2018\/07\/ramstein2018_hartmann_800x445.jpg?fit=800%2C445&ssl=1&resize=700%2C400 2x"},"classes":[]},{"id":252,"url":"https:\/\/www.freidenker.org\/?p=252","url_meta":{"origin":8772,"position":3},"title":"Kein Drohnenkrieg \u2013 Stopp Ramstein","author":"Webmaster","date":"21. Mai 2016","format":false,"excerpt":"Appell der Planungskonferenz \u201eStopp Ramstein\u201c Kommt und macht mit bei der Menschenkette am 11. Juno 2016! Ramstein steht f\u00fcr die Politik von Interventionen und Krieg, von \u00dcberwachung und Militarismus. Von Ramstein gehen durch die weltweiten Drohneneins\u00e4tze tagt\u00e4glich Tod, Leid, Terror und Verderben aus. Drohnenkrieg ist Serienmord. Als erstes muss die\u2026","rel":"","context":"In &quot;Frieden - Antifaschismus - Solidarit\u00e4t&quot;","block_context":{"text":"Frieden - Antifaschismus - Solidarit\u00e4t","link":"https:\/\/www.freidenker.org\/?cat=13"},"img":{"alt_text":"","src":"https:\/\/i0.wp.com\/www.freidenker.org\/fw17\/wp-content\/uploads\/2016\/07\/Stop_Hand.jpg?fit=800%2C445&ssl=1&resize=350%2C200","width":350,"height":200,"srcset":"https:\/\/i0.wp.com\/www.freidenker.org\/fw17\/wp-content\/uploads\/2016\/07\/Stop_Hand.jpg?fit=800%2C445&ssl=1&resize=350%2C200 1x, https:\/\/i0.wp.com\/www.freidenker.org\/fw17\/wp-content\/uploads\/2016\/07\/Stop_Hand.jpg?fit=800%2C445&ssl=1&resize=525%2C300 1.5x, https:\/\/i0.wp.com\/www.freidenker.org\/fw17\/wp-content\/uploads\/2016\/07\/Stop_Hand.jpg?fit=800%2C445&ssl=1&resize=700%2C400 2x"},"classes":[]},{"id":6514,"url":"https:\/\/www.freidenker.org\/?p=6514","url_meta":{"origin":8772,"position":4},"title":"Die U.S. Milit\u00e4rbasis in Ramstein &#038; die anstehende Demonstration dagegen","author":"Webredaktion","date":"20. Juni 2019","format":false,"excerpt":"Video-Interview mit Reiner Braun Vom 23.06. bis 30.06.2019 findet die diesj\u00e4hrige Aktionswoche \"Stopp Air Base Ramstein\" statt. In einem Video nimmt Reiner Braun Stellung zur Bedeutung der Kriegsdrehscheibe Ramstein und den notwendigen Protest dagegen.","rel":"","context":"In &quot;Frieden - Antifaschismus - Solidarit\u00e4t&quot;","block_context":{"text":"Frieden - Antifaschismus - Solidarit\u00e4t","link":"https:\/\/www.freidenker.org\/?cat=13"},"img":{"alt_text":"","src":"https:\/\/i0.wp.com\/www.freidenker.org\/fw17\/wp-content\/uploads\/2019\/06\/ramstein_27-2018-06-30-_800x445.jpg?fit=800%2C445&ssl=1&resize=350%2C200","width":350,"height":200,"srcset":"https:\/\/i0.wp.com\/www.freidenker.org\/fw17\/wp-content\/uploads\/2019\/06\/ramstein_27-2018-06-30-_800x445.jpg?fit=800%2C445&ssl=1&resize=350%2C200 1x, https:\/\/i0.wp.com\/www.freidenker.org\/fw17\/wp-content\/uploads\/2019\/06\/ramstein_27-2018-06-30-_800x445.jpg?fit=800%2C445&ssl=1&resize=525%2C300 1.5x, https:\/\/i0.wp.com\/www.freidenker.org\/fw17\/wp-content\/uploads\/2019\/06\/ramstein_27-2018-06-30-_800x445.jpg?fit=800%2C445&ssl=1&resize=700%2C400 2x"},"classes":[]},{"id":19313,"url":"https:\/\/www.freidenker.org\/?p=19313","url_meta":{"origin":8772,"position":5},"title":"Milit\u00e4r in der Nachbarschaft: US-Milit\u00e4r in Rheinland-Pfalz","author":"Webredaktion","date":"11. Juni 2024","format":false,"excerpt":"Video eines Vortrages von Karl-Heinz Peil gehalten auf einer Veranstaltung des Deutschen Freidenker-Verbandes, Landesverband Rheinland-Pfalz \/ Saarland am 07.06.2024 in Idar-Oberstein Rheinland-Pfalz ist reich an milit\u00e4rischen Einrichtungen. B\u00fcchel ist als Standort der Bundeswehr durch die Lagerung von Atomraketen, Ramstein als die gr\u00f6\u00dfte Milit\u00e4rdrehscheibe der USA durch die Aktion \u201eStopp Ramstein\u201c\u2026","rel":"","context":"In &quot;Frieden - Antifaschismus - Solidarit\u00e4t&quot;","block_context":{"text":"Frieden - Antifaschismus - Solidarit\u00e4t","link":"https:\/\/www.freidenker.org\/?cat=13"},"img":{"alt_text":"","src":"https:\/\/i0.wp.com\/www.freidenker.org\/fw17\/wp-content\/uploads\/2024\/06\/Peil_Idar-Oberstein_2024-06-07_800x450.jpg?fit=800%2C450&ssl=1&resize=350%2C200","width":350,"height":200,"srcset":"https:\/\/i0.wp.com\/www.freidenker.org\/fw17\/wp-content\/uploads\/2024\/06\/Peil_Idar-Oberstein_2024-06-07_800x450.jpg?fit=800%2C450&ssl=1&resize=350%2C200 1x, https:\/\/i0.wp.com\/www.freidenker.org\/fw17\/wp-content\/uploads\/2024\/06\/Peil_Idar-Oberstein_2024-06-07_800x450.jpg?fit=800%2C450&ssl=1&resize=525%2C300 1.5x, https:\/\/i0.wp.com\/www.freidenker.org\/fw17\/wp-content\/uploads\/2024\/06\/Peil_Idar-Oberstein_2024-06-07_800x450.jpg?fit=800%2C450&ssl=1&resize=700%2C400 2x"},"classes":[]}],"_links":{"self":[{"href":"https:\/\/www.freidenker.org\/index.php?rest_route=\/wp\/v2\/posts\/8772","targetHints":{"allow":["GET"]}}],"collection":[{"href":"https:\/\/www.freidenker.org\/index.php?rest_route=\/wp\/v2\/posts"}],"about":[{"href":"https:\/\/www.freidenker.org\/index.php?rest_route=\/wp\/v2\/types\/post"}],"author":[{"embeddable":true,"href":"https:\/\/www.freidenker.org\/index.php?rest_route=\/wp\/v2\/users\/3"}],"replies":[{"embeddable":true,"href":"https:\/\/www.freidenker.org\/index.php?rest_route=%2Fwp%2Fv2%2Fcomments&post=8772"}],"version-history":[{"count":0,"href":"https:\/\/www.freidenker.org\/index.php?rest_route=\/wp\/v2\/posts\/8772\/revisions"}],"wp:featuredmedia":[{"embeddable":true,"href":"https:\/\/www.freidenker.org\/index.php?rest_route=\/wp\/v2\/media\/8782"}],"wp:attachment":[{"href":"https:\/\/www.freidenker.org\/index.php?rest_route=%2Fwp%2Fv2%2Fmedia&parent=8772"}],"wp:term":[{"taxonomy":"category","embeddable":true,"href":"https:\/\/www.freidenker.org\/index.php?rest_route=%2Fwp%2Fv2%2Fcategories&post=8772"},{"taxonomy":"post_tag","embeddable":true,"href":"https:\/\/www.freidenker.org\/index.php?rest_route=%2Fwp%2Fv2%2Ftags&post=8772"}],"curies":[{"name":"wp","href":"https:\/\/api.w.org\/{rel}","templated":true}]}}