{"id":8757,"date":"2020-10-06T00:29:50","date_gmt":"2020-10-05T22:29:50","guid":{"rendered":"https:\/\/www.freidenker.org\/?p=8757"},"modified":"2020-12-05T02:37:58","modified_gmt":"2020-12-05T01:37:58","slug":"corona-ein-geschenk-des-himmels-fuer-die-finanzelite","status":"publish","type":"post","link":"https:\/\/www.freidenker.org\/?p=8757","title":{"rendered":"Corona \u2013 Ein Geschenk des Himmels f\u00fcr die Finanzelite"},"content":{"rendered":"<p>In der Rubrik <strong>Tagesdosis<\/strong> wurde am 02.10.2020 bei <a href=\"https:\/\/kenfm.de\/corona-ein-geschenk-des-himmels-fuer-die-finanzelite-von-rainer-rupp\/\" target=\"_blank\" rel=\"noopener noreferrer\">KenFM<\/a> der Beitrag \u201e<strong>Corona \u2013 Ein Geschenk des Himmels f\u00fcr die Finanzelite\u201c <\/strong>von <em><strong>Rainer Rupp<\/strong><\/em>, Mitglied des Beirates des Deutschen Freidenker-Verbandes, ver\u00f6ffentlicht.<\/p>\n<p>Den Beitrag als Audio-Datei anh\u00f6ren:<\/p>\n<audio class=\"wp-audio-shortcode\" id=\"audio-8757-1\" preload=\"none\" style=\"width: 100%;\" controls=\"controls\"><source type=\"audio\/mpeg\" src=\"https:\/\/kenfm.de\/multimedia_kenfm\/podcast\/tagesdosis-20201002.mp3?_=1\" \/><a href=\"https:\/\/kenfm.de\/multimedia_kenfm\/podcast\/tagesdosis-20201002.mp3\">https:\/\/kenfm.de\/multimedia_kenfm\/podcast\/tagesdosis-20201002.mp3<\/a><\/audio>\n<p>&nbsp;<\/p>\n<p>Der Beitrag ist auch als Video verf\u00fcgbar:<br \/>\nKenTube: <a href=\"https:\/\/tube.kenfm.de\/videos\/watch\/0efc7b15-032e-4dd6-87bb-8bf95324d017\" target=\"_blank\" rel=\"noopener noreferrer\">https:\/\/tube.kenfm.de\/videos\/watch\/5cdd4fee-f695-453e-a73d-e8faff89105f<\/a><br \/>\nYouTube: <a href=\"https:\/\/www.youtube.com\/watch?v=B8_tGz4pOB8\" target=\"_blank\" rel=\"noopener noreferrer\">https:\/\/www.youtube.com\/watch?v=Or3F92b5hic<\/a><\/p>\n<h4>Corona \u2013 Ein Geschenk des Himmels f\u00fcr die Finanzelite \u2013 Tagesdosis 02.10.2020<\/h4>\n<div class=\"article-content\">\n<p><em>Ein Kommentar <strong>von Rainer Rupp.<\/strong><\/em><\/p>\n<\/div>\n<p>Nicht nur in Deutschland, sondern auch in der EU und in den USA erschrecken aktuell die m\u00e4chtigen Entscheider wieder die Bev\u00f6lkerung mit neuen Hiobsbotschaften \u00fcber eine zweite Corona-Welle.<\/p>\n<p><em>\u201eWeltweit eine Million COVID-19 Todesf\u00e4lle\u201c<\/em> lauteten die Balken\u00fcberschriften in den letzten Tagen. Weltweit seien inzwischen 33 Millionen Menschen infiziert. Global erreichte die Zahl der neuen, positiv getesteten F\u00e4lle mit 277.937 neue H\u00f6chstst\u00e4nde. T\u00e4glich seien in den letzten Tagen um 300.000 F\u00e4lle neu hinzugekommen.<\/p>\n<p>Allerdings wird f\u00fcr den aufmerksamen Leser hin und wieder, versteckt im Text der Hiobsnachrichten, der d\u00fcstere Schleier etwas gel\u00fcftet. Dabei wird ein Teil des Corona-Puzzles sichtbar, das verr\u00e4t, dass die Lage doch nicht so schlimm ist, wie den braven Sch\u00e4fchen mit dem angeblich \u00fcberall lauernden Wolfsvirus glauben gemacht werden soll. So konnte man z.B. in US-Medien den Satz lesen: <em>\u201eDie Zahl der F\u00e4lle in den USA hat sich am Wochenende weiter beschleunigt, \u2026 Die Zahl der t\u00e4glichen Todesf\u00e4lle geht jedoch zur\u00fcck\u201c<\/em>. Nicht anders sieht die Situation in Europa und auch Deutschland aus. Was bedeutet das?<\/p>\n<p>Das bedeutet nichts anderes, als dass aufgrund der Verdopplung und teilweise Verdreifachung der Corona-Tests es nat\u00fcrlich auch neue Rekordzahlen f\u00fcr positiv Getestete gibt. Aber mehr positiv Getestete zusammen mit r\u00fcckl\u00e4ufigen Todesf\u00e4llen ist doch eine gute Nachricht, weil es auf eine sinkende Gef\u00e4hrlichkeit des Virus hindeutet. Das w\u00e4re zumindest eine logische Schlussfolgerung. Auch die neusten Zahlen aus der angeblichen Corona-H\u00f6lle USA best\u00e4tigen das, wie wir weiter unten sehen werden. Aber mit Logik ist der politischen Corona-Pandemie nicht beizukommen, denn aktuell werden die Corona-Ma\u00dfnahmen zur Kontrolle der Bev\u00f6lkerung auch in Deutschland wieder angezogen.<\/p>\n<p>Spanien und Gro\u00dfbritannien haben bereits wieder mit einem teilweisen Lock Down begonnen. Dennoch hatten letztes Wochenende viele Tausende in London gegen die neuen Corona-Auflagen demonstriert. Die Regierungen in Frankreich und Italien spielen ebenfalls mit dem Gedanken an einen neuen Lockdown, aber auf Grund der widerborstigen \u00f6ffentlichen Meinung zum Thema sind sie erst einmal in Wartestellung gegangen. Derweil hat auch Kanzlerin Merkel wegen der h\u00f6heren Zahlen von positive Getesteten auch den verschlafenen deutschen Michel auf neue Corona-H\u00e4rten eingestimmt, wenn er nicht brav die Hygiene-Anordnungen und die Demonstrationsverbote befolgt.<\/p>\n<p>Bei all der neuen Aufregung trifft die \u00c4rztekammer von Ober\u00f6sterreich den Nagel auf den Kopf, wenn sie von einem \u201etechnischem Labor-Tsunami\u201c spricht. Im Gespr\u00e4ch mit dem Regionalzeitungsverbund tips.at erkl\u00e4rte der Pr\u00e4sident der ober\u00f6sterreichischen \u00c4rztekammer Peter Niedermoser, die steigenden Corona-Infektionszahlen seien kein Grund zur Panik. COVID-19 sei zwar eine gef\u00e4hrliche Krankheit, die man nicht bagatellisieren sollte, aber es g\u00e4be keine zweite Welle, denn die deutlich h\u00f6heren Zahlen, seien bedingt durch die erheblich h\u00f6here Zahl an Tests. Au\u00dferdem d\u00fcrfe man in Anbetracht generell h\u00f6herer Virenaktivit\u00e4ten im Herbst auch die anderen Krankheiten wie Influenza nicht aus dem Auge verlieren.<\/p>\n<p>Ein Kollege von Niedermoser, der Facharzt f\u00fcr Klinische Mikrobiologie und Hygiene, Franz Allerberger, der Abteilungsleiter f\u00fcr \u201e\u00d6ffentliche Gesundheit\u201c der \u00f6sterreichischen Ern\u00e4hrungsagentur AGES ist, sagte gegen\u00fcber \u201etips.at\u201c, dass er bei Corona von einer etwa doppelt so hohen Mortalit\u00e4t wie bei einer saisonalen Grippe ausgeht. Aber damit liege die Erkrankung immer noch deutlich unter der Gef\u00e4hrlichkeit von SARS oder MERS.<\/p>\n<p>SARS trat auch in Europa in den Jahren 2002-2003 auf und MERS im Jahr 2012. Beide kommen aus der Familie der Corona-Viren. Die Anfang des Jahres gegen besseres Wissen gestreute Nachricht, dass es sich bei Corona um einen v\u00f6llig unbekannten Virus handelt, gegen das unser Immunsystem nicht gewappnet sei, geh\u00f6rte ebenfalls zu den eingesetzten Instrumenten der Panikmache, um die Gesellschaft f\u00fcr die sich damals bereits abzeichnende, neue Finanzkrise gef\u00fcgig zu machen. Dar\u00fcber mehr weiter unten.<\/p>\n<p>Der inzwischen global verwendete, vom deutschen Charit\u00e9 Virologen Christian Drosten zur Corona-Identifikation durchgesetzte PCR-Test identifiziert extrem kleine Partikel. Im Blut von Testpersonen zeigt er sogar Tr\u00fcmmerst\u00fccke von Coronaviren an, die das k\u00f6rpereigene Immunsystem bereits vor vielen Jahren eliminiert hatte. Die gefundenen Corona-Tr\u00fcmmerst\u00fcck weist der PCR-Test dann als Corona positiv aus, was erkl\u00e4rt, warum viele angeblich infizierte Menschen keine Covid-19 Symptome zeigen und auch sp\u00e4ter nicht erkranken.<\/p>\n<p>Laut dem Nobelpreistr\u00e4ger Kary B. Mullis, Erfinder der PCR-Test-Methode, ist der Test f\u00fcr medizinische Diagnosen ungeeignet, vor allem dann, wenn es darum geht, die Viruslast im Blut festzustellen. Mit der Viruslast ist die tats\u00e4chliche Anzahl von Viren im Blut gemeint, wovon die Wahrscheinlichkeit abh\u00e4ngt, ob die getestet Person krank wird oder nicht. Laut Mullis ist der derzeit \u00fcberall benutzte quantitative PCR-Test ein Widerspruch in sich selbst.<\/p>\n<p><a href=\"https:\/\/www.ncbi.nlm.nih.gov\/pmc\/articles\/PMC4172096\/#B29\" target=\"_blank\" rel=\"noopener noreferrer\">W\u00f6rtlich sagte der Erfinder des Tests<\/a>: \u201e<em>Quantitative PCR ist ein Oxymoron. PCR soll Stoffe qualitativ identifizieren und ist daher naturgem\u00e4\u00df f\u00fcr die Sch\u00e4tzung von Zahlen ungeeignet. Auch ist f\u00e4lschlicherweise die Meinung weit verbreitet, dass ein Virus-Last-Tests tats\u00e4chlich die Anzahl der Viren im Blut z\u00e4hlen kann.\u201c Im Zusammenhang mit der Suche nach dem Ausl\u00f6ser von AIDS mit Hilfe von PCR-Tests f\u00fchrte Mullis seinerzeit aus: \u201eTats\u00e4chlich k\u00f6nnen diese PCR-Tests \u00fcberhaupt keine freien, infekti\u00f6sen Viren erkennen; sie k\u00f6nnen nur Proteine erkennen, von denen man glaubt, dass sie in einigen F\u00e4llen \u2013 f\u00e4lschlicherweise \u2013 einzigartig f\u00fcr den HIV-Virus sind. Die Tests k\u00f6nnen genetische Sequenzen von Viren erkennen, aber nicht Viren selbst\u201c.<\/em><\/p>\n<p>Dennoch hat die Weltgesundheitsorganisation (WHO) am 17. Januar 2020 <a href=\"https:\/\/web.archive.org\/web\/20200805121305\/https:\/apps.who.int\/iris\/bitstream\/handle\/10665\/330676\/9789240000971-eng.pdf\" target=\"_blank\" rel=\"noopener noreferrer\">Empfehlungen \u00fcber den Nachweis des neuartigen Coronavirus<\/a> mithilfe eines PCR-Tests ver\u00f6ffentlicht. Diese Empfehlungen gehen zur\u00fcck auf ein Testprotokoll, das ein Team um den Berliner Virologen Christian Drosten im Januar 2020 entwickelt hat. Seither wird der Drosten PCR-Corona-Test weltweit eingesetzt. In einem dem Autor dieser Zeilen pers\u00f6nlich bekannten Fall kostetet ein Test 149 Euro. Es w\u00e4re interessant zu wissen, wer alles an dem PCR-Test wie viel verdient?<\/p>\n<p>Derweil hat der Begleitchor in den \u00d6ffentlich-Rechtlichen und in den Konzernmedien bereits in das neue Horror-Musical von der Zweiten Corona-Welle eingestimmt. Die die dunkle Warnung lautet, die zweite Welle k\u00f6nnte noch schlimmer seien als die Erste. Und mit dieser Warnung k\u00f6nnten sie sogar Recht behalten, denn jetzt kommt der Winter und saisonal sterben dann bekanntlich mehr alte und kranke Menschen als in anderen Jahreszeiten. Da in den Zeiten von Corona niemand mehr an Grippe, an chronischen Lungenentz\u00fcndungen oder an anderen Krankheiten stirbt, werden nat\u00fcrlich die Zahlen der an und mit Corona-Symptomen Verstorbenen weiter nach oben gehen.<\/p>\n<p>Dass allerdings die Zahlen \u00fcber Corona-Tote von Anfang an k\u00fcnstlich aufgebl\u00e4ht wurden, ist nicht neu. Zur Erinnerung sei hier meine Tagesdosis vom 4. September dieses Jahres mit dem Titel: \u201e<a href=\"https:\/\/kenfm.de\/die-totalitaere-neue-normalitaet-von-rainer-rupp\/\" target=\"_blank\" rel=\"noopener noreferrer\">Die totalit\u00e4re \u201eNeue Normalit\u00e4t<\/a>\u201c erw\u00e4hnt, in der drei Untersuchungen aus den USA und Gro\u00dfbritannien vorgestellt wurden, die aufzeigen, wie die Statistiken \u00fcber Corona Erkrankungen und vor allem \u00fcber Corona-Tote nach oben frisiert wurden. Das wird wahrscheinlich auch weiterhin so bleiben, denn in vielen L\u00e4ndern hat der Staat falsche Anreize geschaffen. Denn f\u00fcr Corona-Behandlungen, und somit auch f\u00fcr Corona-Tote bekommen die Krankenh\u00e4user \u00fcber die staatlichen Corona-Hilfsfonds mehr Geld als f\u00fcr Patienten mit Grippe oder Lungenentz\u00fcndung.<\/p>\n<p>Hier nur zur Erinnerung einige kurze Passagen aus der Tagesdosis vom 04.09.:<\/p>\n<p>Am 22.08. 2020 berichtete <a href=\"https:\/\/21stcenturywire.com\/2020\/08\/21\/revealed-uk-officials-inflated-covid-hospital-numbers-at-height-of-pandemic\/\" target=\"_blank\" rel=\"noopener noreferrer\"><i>21stCenturyWire<\/i><\/a>, dass Britische Gesundheitsbeamte dabei ertappt worden sind, wie sie auf dem H\u00f6hepunkt der \u201ePandemie\u201c die Covid-19 Krankenhauszahlen in betr\u00fcgerischer Absicht gef\u00e4lscht und verdoppelt hatten. \u00c4hnliche Enth\u00fcllungen \u00fcber zweifelhafte Zahlen in den offiziellen Corona-Statistiken der Regierung hatte es schon fr\u00fcher gegeben. Bereits im Juli dieses Jahres musste der britische Gesundheitsminister Matt Hancock zugeben, dass Daten von der \u201e\u00d6ffentlichen Gesundheitsbeh\u00f6rde England\u201c \u00fcber Corona-Todesf\u00e4lle gef\u00e4lscht wurden.<\/p>\n<p>Diese falschen Statistiken haben entscheidend dazu beigetragen, den Lock Down durchzusetzen, denn der \u00d6ffentlichkeit wurde der falsche Eindruck vermittelt, dass es mehr Covid-19-Tote gab, als tats\u00e4chlich an Covid-19 gestorben waren.<\/p>\n<p>Die Wirkung der \u2013 wider besseres Wissen \u2013 von Medien und Politikern gesch\u00fcrten Corona-Hysterie auf die ver\u00e4ngstigte Bev\u00f6lkerung l\u00e4sst eine <a href=\"https:\/\/summit.news\/2020\/08\/05\/survey-americans-think-coronavirus-has-killed-30-million-people-in-the-u-s-225-times-higher-than-actual-figure\/\" target=\"_blank\" rel=\"noopener noreferrer\">Umfrage<\/a> vom Juli dieses Jahres erahnen. Die Briten waren offensichtlich derart manipuliert, dass sie glaubten, mit einer Pest \u00e4hnlichen Pandemie zu tun zu haben. Denn die Umfrage ergab, dass sie der Meinung waren, dass 7 Prozent der britischen Bev\u00f6lkerung, also 5 Millionen Menschen bereits durch COVID-19 get\u00f6tet worden waren.<\/p>\n<p>Derweil hat in den USA die politische Instrumentalisierung der Deutungshoheit \u00fcber den Corona-Virus im Pr\u00e4sidentschaftswahlkampf geradezu groteske Z\u00fcge angenommen. Das erkl\u00e4rt auch die gro\u00dfe Aufregung um die Ver\u00f6ffentlichung der Covid-19 Sterblichkeitsdaten durch das \u201eNationale Zentrum f\u00fcr Gesundheitsstatistik (National Center for Health Statistics \u2013 NCHS) der USA am <a href=\"https:\/\/www.cdc.gov\/nchs\/nvss\/vsrr\/covid_weekly\/index.htm?fbclid=IwAR3-wrg3tTKK5-9tOHPGAHWFVO3DfslkJ0KsDEPQpWmPbKtp6EsoVV2Qs1Q&amp;_ga=2.83596054.1497558416.1598967201-386365132.1598967194#Comorbidities\" target=\"_blank\" rel=\"noopener noreferrer\">26. August <\/a>dieses Jahres. Das NCHS geh\u00f6rt zum US-Zentrum f\u00fcr Seuchenkontrolle, das eine \u00e4hnliche Funktionen erf\u00fcllt wie das Robert Koch Institut in Deutschland.<\/p>\n<p>In dem Bericht des NCHS hei\u00dft es, dass nur bei 6 Prozent der als COVID-19 deklarierten Todesf\u00e4lle der Corona-Virus die einzige genannte Ursache war. Bei den \u00fcbrigen 94 Prozent der als Covid-19 registrierten Todesf\u00e4lle gab es im Durchschnitt 2,6 zus\u00e4tzliche schwere Erkrankungen wie chronische Lungenerkrankungen, schwerer Bluthochdruck, und vor allem Grippeerkrankungen, die neben Corona den Tod verursacht hatten. Von den offiziell ausgewiesenen 200.000 Covid-19-Toten in den USA sind also nur 6 Prozent, d.h. 12.000 Menschen ausschlie\u00dflich an Corona verstorben. Bei dem gro\u00dfe Rest von 188.000 der Toten, die offiziell ebenfalls als Corona-Tote gez\u00e4hlt werden, wurden im Durchschnitt zwei bis drei andere, lebensgef\u00e4hrliche Krankheiten zus\u00e4tzlich festgestellt.<\/p>\n<p>Ob und wie viele von den 188.000 Menschen nun tats\u00e4chlich an Corona gestorben oder an den anderen schweren Krankheiten gestorben sind, wei\u00df niemand. Sie waren lediglich positiv auf Corona getestet worden. Aber wie wir bereits wissen, k\u00f6nnen die benutzen PCR-Tests keine Auskunft dar\u00fcber geben, ob im Blut der Patient nur noch Corona Tr\u00fcmmer gefunden wurden, oder ob die Corona-Virenlast auf eine leichte oder schwere Infektion hinwies.<\/p>\n<p>Im Gegensatz zu den aktuell wieder kursierenden Schreckensnachrichten \u00fcber immer neue Rekordzahlen von positiven PCR-Tests zeigen die j\u00fcngst vom US- Center for Disease Control ver\u00f6ffentlichten Daten, dass seit M\u00e4rz dieses Jahres die T\u00f6dlichkeit von COVID-19 zur\u00fcck gegangen ist. Im M\u00e4rz hatte n\u00e4mlich der gute Dr. Anthony Fauci, der amerikanische Dr. Dorsten, die Corona-Sterblichkeitsrate auf 2% gesch\u00e4tzt, w\u00e4hrend die Weltgesundheitsorganisation (WHO) mit 3,4% noch mehr Panik gesch\u00fcrt hatte.<\/p>\n<p>Eine Sterberate von 2 Prozent h\u00e4tte einen Toten auf 50 Infizierte bedeutet und eine Sterberate von 3.4 Prozent ein Toter pro 29.4 Infizierten. Das liegt meilenweit \u00fcber den aktuellen Zahlen des US- Center for Disease Control, die auf Basis der tats\u00e4chlichen Entwicklung von Covid-19 erstellt wurden und auf der Webseite des CDC ver\u00f6ffentlicht sind.<\/p>\n<p>Die neue Sch\u00e4tzung des CDC ist zum ersten Mal auch nach Altersgruppen aufgeschl\u00fcsselt. Demnach ist in den USA die Wahrscheinlichkeit, nach einer Infektion mit dem Coronavirus zu sterben wie folgt:<\/p>\n<ul>\n<li>Bei 0 bis 19 Jahre stirbt 1 von 34.000 Infizierten;<\/li>\n<li>Im Alter von 20 bis 49 Jahren 1 von 5.000;<\/li>\n<li>Im Alter von 50 bis 69 Jahre 1 von 200,<\/li>\n<li>und im Alter ab 70 Jahren 1 von 20 Infizierten<\/li>\n<\/ul>\n<p>Auf Basis der gleichen Zahlen sind nach einer Ansteckung die \u00dcberlebenschancen wie folgt:<\/p>\n<p>Altersgruppe \u00a0\u00a0\u00a0 \u00dcberlebenswahrscheinlichkeit<\/p>\n<ul>\n<li>0-19\u00a0\u00a0\u00a0 \u00a0\u00a0\u00a0 \u00a0\u00a0\u00a0 \u00a0\u00a0\u00a0 99.997%<\/li>\n<li>20-49\u00a0\u00a0\u00a0 \u00a0\u00a0\u00a0 \u00a0\u00a0\u00a0\u00a0 99.98%<\/li>\n<li>50-69\u00a0\u00a0\u00a0 \u00a0\u00a0\u00a0 \u00a0\u00a0\u00a0\u00a0 99.5%<\/li>\n<li>70+\u00a0\u00a0\u00a0 \u00a0\u00a0\u00a0 \u00a0\u00a0\u00a0 \u00a0\u00a0\u00a0\u00a0 94.6%<\/li>\n<\/ul>\n<p>Allerdings sollte hier festgehalten werden, dass die Schreckenszahlen von Dr. Fauci und der WHO eine umfangreiche Berichterstattung in der Presse und einen entsprechenden Widerhall bei den Politikern erfahren haben. An den neuen, weitaus weniger dramatischen Zahlen scheinen die Herrschaften jedoch nicht interessiert. Warum? Weil Angst und Panik der Bev\u00f6lkerung f\u00fcr das was kommt, weiterhin notwendig sind?<\/p>\n<p>Warum h\u00e4lt sich auch in den USA hartn\u00e4ckig die M\u00e4r vom Killervirus Corona, der dort bereits 200.000 Tote dahingerafft habe. Partei\u00fcbergreifend wird diese Panik- und Angstmache von interessierten Stellen nicht nur in den USA, sondern auch hierzulande weiterhin mit gro\u00dfem Aufwand gepflegt. Denn wer Angst hat und gar in Panik versetzt ist, der h\u00f6rt auf klar zu denken, wodurch die Gesellschaft als Ganzes leichter in die Unterw\u00fcrfigkeit manipuliert werden kann. Aktuell ist Letzteres f\u00fcr die herrschenden Eliten mehr denn je das Gebot der Stunde. Und hier folgt eine Erkl\u00e4rung, warum das so ist:<\/p>\n<p>Nach der letzten gro\u00dfen Banken-, Finanz-, Wirtschafts- und Schuldenkrise vor inzwischen \u00fcber 10 Jahren ist das marode System weder in den USA noch in Europa saniert worden. Stattdessen hat man den Tag der Abrechnung durch noch mehr Schuldenmachen, noch mehr Gelddrucken und noch mehr riskante Spekulationsgesch\u00e4fte mit immer neuen Tricks von Jahr zu Jahr hinausgeschoben. Dabei wurde die Stabilit\u00e4t der Fundamente, auf denen die neoliberale, westliche Wirtschaft und ihr Gesellschaftssystem ruht, immer weiter ausgeh\u00f6hlt.<\/p>\n<p>Egal ob in den USA oder in der EU, allen Akteuren in diesem riskanten Zockerspiel am Rande des Abgrunds war klar, dass im Fall einer neuen Banken- und Finanzkrise die Bev\u00f6lkerung eine weitere Rettung der Bankster und Finanzkasinos auf Kosten der arbeitenden Bev\u00f6lkerung nicht mehr akzeptieren w\u00fcrde. Dessen war sich auch die herrschende Klasse und die von ihnen gekauften und bezahlten Eliten seit langem bewusst. Eine neue Finanzkrise w\u00fcrde f\u00fcr sie und ihre gesch\u00e4ftsf\u00fchrenden Minister und Ministerpr\u00e4sidenten unberechenbar gef\u00e4hrliche politische Folgen haben. Und tats\u00e4chlich, eine solche Krise zeichnete sich bereits im Fr\u00fchjahr 2019 ab. Sie konnte dann etwas aufgehalten werden, nur um sich im Herbst 2019 weiter zuzuspitzen, um dann in den ersten zwei Monaten des Jahres 2020 kurz vor dem Kollaps zu stehen.<\/p>\n<h5>Und dann kam zum Gl\u00fcck Corona.<\/h5>\n<p>Anfang Januar 2019 begannen sich wieder dunkle Wolken \u00fcber dem US-Finanzmarkt zusammenzuziehen, wodurch auch die M\u00e4rkte der westlichen Welt, die von New York abh\u00e4ngig sind, unmittelbar bedroht waren. Nachdem die US-Zentralbank Fed noch wenige Monate zuvor schwadroniert hatte, sie wolle ihre Niedrigzinspolitik beenden, machte sie am 4. Januar 2019 unter dem Eindruck der scharfen Einbr\u00fcche an den B\u00f6rsen wieder eine Kehrtwende \u2014 zur\u00fcck zu noch tieferen Zinsen knapp \u00fcber Null. Damit sollte die Baisse an den Wertpapierb\u00f6rsen gestoppt werden, die drohte, die US-Kreditm\u00e4rkte ins Chaos zu st\u00fcrzen. Im M\u00e4rz 2019 liefen die Gelddruckmaschinen der Fed schon wieder auf Hochtouren.<\/p>\n<p>Auch im August und September 2019 wurden die Marktrettungsoperationen fortgesetzt. Die Fed senkte ihre Zinsen im August zum zweiten Mal f\u00fcr das Jahr, und die Europ\u00e4ische Zentralbank in Frankfurt dr\u00fcckte die Zinsen weiter ins Minus und startete im September 2019 ein neues QE-Programm zur Flutung der Finanzm\u00e4rkte mit zinsfreiem Geld. So konnte die Fed und die Notenbanker der anderen westlichen L\u00e4nder die Krise auf Mitte September 2019 hinausschieben. Dann begannen die Probleme in den Repo-M\u00e4rkten.<\/p>\n<p>Am 16. September 2019 verstopften sich die <a href=\"blank\" target=\"_blank\" rel=\"noopener noreferrer\">Repo-M\u00e4rkte<\/a> wieder und die Fed begann zum ersten Mal seit 2009 erneut mit ihren Notfall-Repo-Operationen. Zuerst wurden \u00fcber Nacht 60 Milliarden \u00fcber Repo-Operationen in das Bankensystem gesteckt, um zu verhindern, dass am n\u00e4chsten Morgen irgendwelche Banken zahlungsunf\u00e4hig waren. Seitens der Fed hie\u00df es damals, dass dies eine einmalige Aktion gewesen sei. Aber schon in den folgenden Wochen wurden die n\u00e4chtlichen Notfall-Repo-Operationen zur Regel, und zwar mit immer h\u00f6heren Betr\u00e4gen; von bis zu 180 Milliarden in manchen Dezembern\u00e4chten des ausgehenden Jahres 2019.<\/p>\n<p>Laut dem finnischen Finanzexperten <a href=\"https:\/\/gnseconomics.com\/en\/author\/tuomas-malinen\/\" target=\"_blank\" rel=\"noopener noreferrer\">Tuomas Malinen<\/a> h\u00e4tte \u201eohne diese Marktrettungsoperationen die globale Finanzkrise wahrscheinlich schon im Januar 2019 mit dem Sturz der US-Kreditm\u00e4rkte begonnen\u201c. So wurde sie erneut hinausgeschoben und der globale Zusammenbruch wurde schlie\u00dflich im Fr\u00fchjahr 2020 erwartet.<\/p>\n<p>Tats\u00e4chlich wurde die Situation im Januar und Februar immer verzweifelter. Aber da war bereits die Rettung in Form von Corona in Sicht. F\u00fcr die herrschenden Eliten und die Finanzm\u00e4rkte war Corona ein Geschenk des Himmels, von dem nun Geld wie Mana regnete. Corona \u00fcberdeckte erfolgreich alle Ursachen der neuen Finanz- und Wirtschaftskrise und die herrschenden Eliten brauchten nicht mehr nach Erkl\u00e4rungen und Rechtfertigungen zu suchen, um mit Steuergeldern absurd-gigantische Summen in die Wirtschaft und Finanzm\u00e4rkte zu pumpen, um L\u00f6cher zu stopfen, die auf Grund ihrer langj\u00e4hrigen Fehler entstanden waren.<\/p>\n<p>Am Montag den 16. M\u00e4rz 2020 k\u00fcndigte die New Yorker Fed an, den Repo-Markt mit \u00dcbernachtkrediten von 500 Milliarden Dollar zu st\u00fctzen. Am Dienstag k\u00fcndigte die Fed an, dass sie eine Billion Dollar verwenden werde, um Schuldscheine von privaten Unternehmen von den Emittenten aufzukaufen. Dann k\u00fcndigte die Fed an, eine Kreditfazilit\u00e4t zu schaffen, um eingefrorene Geldmarktfonds wieder liquide zu machen. So hatte die Fed nach und nach die Funktionen der US-Finanzm\u00e4rkte \u00fcbernommen und im Juni 2020 war die Fed faktisch zur Herz-Lungenmaschine der kaputten US-Finanzm\u00e4rkte geworden.<\/p>\n<p>Dank Corona konnten die sonst so knauserigen Regierungen pl\u00f6tzlich im Schnellverfahren Billionen von Dollar und Euros auf Kosten des gemeinen Volkes in die Wirtschaft und Finanzm\u00e4rkte pumpen, w\u00e4hrend gro\u00dfe Teile des Volks ob dieser F\u00fcrsorge der Eliten f\u00fcr ihre Arbeitspl\u00e4tze sogar noch gl\u00fccklich waren. Kaum jemand dachte daran zu hinterfragen, wer letztlich f\u00fcr all das bezahlen muss, entweder durch Inflation oder h\u00f6here Steuern oder weniger Sozialausgaben oder letztlich durch einen verheerenden Kollaps der Wirtschaft.<\/p>\n<p>Dank des Corona-Wunders ist weder das marode, neo-liberale Wirtschaftssystem, noch die korrupte Politik samt Bankster und Finanzkasinos f\u00fcr die erneute Finanzkrise verantwortlich. Die herrschende Klasse und ihre Eliten waschen sich die H\u00e4nde in Unschuld. Und weil die Finanz- und Gesellschaftskrise noch lange nicht vorbei ist, muss auch der Corona-Virus weiterhin hochgef\u00e4hrlich bleiben. Denn die Angst l\u00e4hmt weiterhin gro\u00dfe Teile der Bev\u00f6lkerung und die Gruppen aufm\u00fcpfiger B\u00fcrgerinnen und B\u00fcrger kann man durch Corona-Hygiene Ma\u00dfnahmen in Form von Demonstrations- und Versammlungsverboten in Schach halten. Und dabei k\u00f6nnen die Herrschenden auch noch auf die Zustimmung gro\u00dfer Teile der Bev\u00f6lkerung setzen, die sie mit Hilfe willf\u00e4hriger \u201eQualit\u00e4tsmedien\u201c erfolgreich gegen die Andersdenkenden aufgehetzt haben.<\/p>\n<p style=\"text-align: right;\"><em>Rainer Rupp ist Mitglied des Beirats des Deutschen Freidenker-Verbandes<\/em><\/p>\n<p><span style=\"font-size: 10pt;\">Link zur Erstver\u00f6ffentlichung bei KenFM: <a href=\"https:\/\/kenfm.de\/corona-ein-geschenk-des-himmels-fuer-die-finanzelite-von-rainer-rupp\/\" target=\"_blank\" rel=\"noopener noreferrer\">https:\/\/kenfm.de\/corona-ein-geschenk-des-himmels-fuer-die-finanzelite-von-rainer-rupp\/<\/a><\/span><\/p>\n<hr \/>\n<p><span style=\"font-size: 10pt;\">Bild: <a href=\"https:\/\/pixabay.com\/de\/illustrations\/b%C3%B6rse-finanzkrise-covid-19-4880802\/\" target=\"_blank\" rel=\"noopener noreferrer\">pixabay.com<\/a> \/ <a class=\"hover_opacity\" href=\"https:\/\/pixabay.com\/de\/users\/geralt-9301\/\">geralt<\/a> \/ <a href=\"https:\/\/pixabay.com\/de\/service\/license\/\">Pixabay License<\/a><br \/>\n<\/span><\/p>\n<p>&nbsp;<\/p>\n","protected":false},"excerpt":{"rendered":"<p><b>Kommentar von Rainer Rupp<\/b><br \/>\nNicht nur in Deutschland, sondern auch in der EU und in den USA erschrecken aktuell die m\u00e4chtigen Entscheider wieder die Bev\u00f6lkerung mit neuen Hiobsbotschaften \u00fcber eine zweite Corona-Welle.<br \/>\n\u201eWeltweit eine Million COVID-19 Todesf\u00e4lle\u201c lauteten die Balken\u00fcberschriften in den letzten Tagen. Weltweit seien inzwischen 33 Millionen Menschen infiziert. Global erreichte die Zahl der neuen, positiv getesteten F\u00e4lle mit 277.937 neue H\u00f6chstst\u00e4nde. T\u00e4glich seien in den letzten Tagen um 300.000 F\u00e4lle neu hinzugekommen.<br \/>\nAllerdings wird f\u00fcr den aufmerksamen Leser hin und wieder, versteckt im Text der Hiobsnachrichten, der d\u00fcstere Schleier etwas gel\u00fcftet.<\/p>\n","protected":false},"author":3,"featured_media":8769,"comment_status":"closed","ping_status":"closed","sticky":false,"template":"","format":"standard","meta":{"colormag_page_container_layout":"default_layout","colormag_page_sidebar_layout":"default_layout","advanced_seo_description":"","jetpack_seo_html_title":"","jetpack_seo_noindex":false,"jetpack_post_was_ever_published":false,"footnotes":""},"categories":[11,12],"tags":[1256,577,180,1286,121,122],"class_list":["post-8757","post","type-post","status-publish","format-standard","has-post-thumbnail","hentry","category-arbeit-soziales","category-demokratie-medien-aufklaerung","tag-corona-virus","tag-gesundheitspolitik","tag-krise","tag-krisenmanagement","tag-medien","tag-wirtschaft"],"jetpack_featured_media_url":"https:\/\/i0.wp.com\/www.freidenker.org\/fw17\/wp-content\/uploads\/2020\/10\/corona_boerse-4880802_800x450.jpg?fit=800%2C450&ssl=1","jetpack_shortlink":"https:\/\/wp.me\/p9stpK-2hf","jetpack-related-posts":[{"id":7880,"url":"https:\/\/www.freidenker.org\/?p=7880","url_meta":{"origin":8757,"position":0},"title":"Israelische Soldaten zerst\u00f6ren pal\u00e4stinensische Behelfsklinik","author":"Webredaktion","date":"5. April 2020","format":false,"excerpt":"In der Rubrik Tagesdosis wurde am 03.04.2020 bei KenFM der Beitrag \u201eIsraelische Soldaten bestehlen und zerst\u00f6ren pal\u00e4stinensische Behelfsklinik gegen Covid-19\u201c von Rainer Rupp ver\u00f6ffentlicht. Unvorstellbar aber wahr, w\u00e4hrend sich der Corona Virus auch in den besetzten Gebieten verbreitet, hatte die israelische Soldateska nichts Besseres zu tun, als mit Planierraupen, Hebekr\u00e4nen\u2026","rel":"","context":"In &quot;Arbeit &amp; Soziales&quot;","block_context":{"text":"Arbeit &amp; Soziales","link":"https:\/\/www.freidenker.org\/?cat=11"},"img":{"alt_text":"","src":"https:\/\/i0.wp.com\/www.freidenker.org\/fw17\/wp-content\/uploads\/2020\/04\/pal%C3%A4stina_klinik_800x449.jpg?fit=800%2C449&ssl=1&resize=350%2C200","width":350,"height":200,"srcset":"https:\/\/i0.wp.com\/www.freidenker.org\/fw17\/wp-content\/uploads\/2020\/04\/pal%C3%A4stina_klinik_800x449.jpg?fit=800%2C449&ssl=1&resize=350%2C200 1x, https:\/\/i0.wp.com\/www.freidenker.org\/fw17\/wp-content\/uploads\/2020\/04\/pal%C3%A4stina_klinik_800x449.jpg?fit=800%2C449&ssl=1&resize=525%2C300 1.5x, https:\/\/i0.wp.com\/www.freidenker.org\/fw17\/wp-content\/uploads\/2020\/04\/pal%C3%A4stina_klinik_800x449.jpg?fit=800%2C449&ssl=1&resize=700%2C400 2x"},"classes":[]},{"id":8566,"url":"https:\/\/www.freidenker.org\/?p=8566","url_meta":{"origin":8757,"position":1},"title":"Gates-Stiftung kauft von den Medien wohlwollende Berichterstattung","author":"Webredaktion","date":"31. August 2020","format":false,"excerpt":"Kommentar von Rainer Rupp Das US-Medien-Magazin \u201eColumbia Journalism Review (CJR)\u201c ... findet \u2013 ebenso wir die anderen blinden H\u00fchner New York Times, Washington Post und der CCN-Fake News Sender \u2013 hin und wieder auch ein Korn Wahrheit. Das war j\u00fcngst der Fall, als am 21. August Tim Schwab im CJR-Magazin\u2026","rel":"","context":"In &quot;Demokratie \u2013 Medien \u2013 Aufkl\u00e4rung&quot;","block_context":{"text":"Demokratie \u2013 Medien \u2013 Aufkl\u00e4rung","link":"https:\/\/www.freidenker.org\/?cat=12"},"img":{"alt_text":"","src":"https:\/\/i0.wp.com\/www.freidenker.org\/fw17\/wp-content\/uploads\/2020\/08\/dollar-1968710_800x450.jpg?fit=800%2C450&ssl=1&resize=350%2C200","width":350,"height":200,"srcset":"https:\/\/i0.wp.com\/www.freidenker.org\/fw17\/wp-content\/uploads\/2020\/08\/dollar-1968710_800x450.jpg?fit=800%2C450&ssl=1&resize=350%2C200 1x, https:\/\/i0.wp.com\/www.freidenker.org\/fw17\/wp-content\/uploads\/2020\/08\/dollar-1968710_800x450.jpg?fit=800%2C450&ssl=1&resize=525%2C300 1.5x, https:\/\/i0.wp.com\/www.freidenker.org\/fw17\/wp-content\/uploads\/2020\/08\/dollar-1968710_800x450.jpg?fit=800%2C450&ssl=1&resize=700%2C400 2x"},"classes":[]},{"id":7838,"url":"https:\/\/www.freidenker.org\/?p=7838","url_meta":{"origin":8757,"position":2},"title":"Corona Patentl\u00f6sung","author":"Webredaktion","date":"2. April 2020","format":false,"excerpt":"In der Rubrik Tagesdosis wurde am 27.03.2020 bei KenFM der Beitrag \u201eCorona Patentl\u00f6sung\u201c von Rainer Rupp, Mitglied des Beirats des Deutschen Freidenker-Verbandes, ver\u00f6ffentlicht. Eigentlich wollte ich in meinem heutigen Beitrag darauf eingehen, mit welchen menschenverachtenden Mitteln die Kriegstreiber in Washington die Corona-Krise dazu benutzen, um die Regierung in Teheran und\u2026","rel":"","context":"In &quot;Arbeit &amp; Soziales&quot;","block_context":{"text":"Arbeit &amp; Soziales","link":"https:\/\/www.freidenker.org\/?cat=11"},"img":{"alt_text":"","src":"https:\/\/i0.wp.com\/www.freidenker.org\/fw17\/wp-content\/uploads\/2020\/04\/Corona_Patentl%C3%B6sung_800x450.jpg?fit=800%2C450&ssl=1&resize=350%2C200","width":350,"height":200,"srcset":"https:\/\/i0.wp.com\/www.freidenker.org\/fw17\/wp-content\/uploads\/2020\/04\/Corona_Patentl%C3%B6sung_800x450.jpg?fit=800%2C450&ssl=1&resize=350%2C200 1x, https:\/\/i0.wp.com\/www.freidenker.org\/fw17\/wp-content\/uploads\/2020\/04\/Corona_Patentl%C3%B6sung_800x450.jpg?fit=800%2C450&ssl=1&resize=525%2C300 1.5x, https:\/\/i0.wp.com\/www.freidenker.org\/fw17\/wp-content\/uploads\/2020\/04\/Corona_Patentl%C3%B6sung_800x450.jpg?fit=800%2C450&ssl=1&resize=700%2C400 2x"},"classes":[]},{"id":8208,"url":"https:\/\/www.freidenker.org\/?p=8208","url_meta":{"origin":8757,"position":3},"title":"Kommt nach dem Corona-Schock jetzt ItalExit?","author":"Webredaktion","date":"14. Juni 2020","format":false,"excerpt":"Ein Kommentar von Rainer Rupp Am 27. Mai legte die politische Bewegung \u201eItalia Libera\u201c dem Obersten Kassationsgerichtshof einen Verfassungsentwurf vor, in dem eine Volksabstimmung f\u00fcr den Austritt Italiens aus der EU gefordert wird. Der Gesetzentwurf tr\u00e4gt den Titel \u201eAufruf zu einem Referendum \u00fcber den Austritt des Staates aus der Europ\u00e4ischen\u2026","rel":"","context":"In &quot;Arbeit &amp; Soziales&quot;","block_context":{"text":"Arbeit &amp; Soziales","link":"https:\/\/www.freidenker.org\/?cat=11"},"img":{"alt_text":"","src":"https:\/\/i0.wp.com\/www.freidenker.org\/fw17\/wp-content\/uploads\/2020\/06\/italien_eu_v2_800x450.jpg?fit=800%2C450&ssl=1&resize=350%2C200","width":350,"height":200,"srcset":"https:\/\/i0.wp.com\/www.freidenker.org\/fw17\/wp-content\/uploads\/2020\/06\/italien_eu_v2_800x450.jpg?fit=800%2C450&ssl=1&resize=350%2C200 1x, https:\/\/i0.wp.com\/www.freidenker.org\/fw17\/wp-content\/uploads\/2020\/06\/italien_eu_v2_800x450.jpg?fit=800%2C450&ssl=1&resize=525%2C300 1.5x, https:\/\/i0.wp.com\/www.freidenker.org\/fw17\/wp-content\/uploads\/2020\/06\/italien_eu_v2_800x450.jpg?fit=800%2C450&ssl=1&resize=700%2C400 2x"},"classes":[]},{"id":8173,"url":"https:\/\/www.freidenker.org\/?p=8173","url_meta":{"origin":8757,"position":4},"title":"Sind Corona-Hygienedemos \u201edie falschen Proteste?\u201c","author":"Webredaktion","date":"5. Juni 2020","format":false,"excerpt":"In der Rubrik Tagesdosis wurde am 29.05.2020 bei KenFM der Beitrag \u201eSind Corona-Hygienedemos \u201edie falschen Proteste?\u201c von Rainer Rupp, Mitglied des Beirats des Deutschen Freidenker-Verbandes, ver\u00f6ffentlicht. Heute wie damals gilt der Satz von Kurt Tucholsky: \u201eNichts ist schwerer und nichts erfordert mehr Charakter als sich im Gegensatz zu seiner Zeit\u2026","rel":"","context":"In &quot;Arbeit &amp; Soziales&quot;","block_context":{"text":"Arbeit &amp; Soziales","link":"https:\/\/www.freidenker.org\/?cat=11"},"img":{"alt_text":"","src":"https:\/\/i0.wp.com\/www.freidenker.org\/fw17\/wp-content\/uploads\/2020\/05\/CoronaDemokratieHauk_800x450.jpg?fit=800%2C450&ssl=1&resize=350%2C200","width":350,"height":200,"srcset":"https:\/\/i0.wp.com\/www.freidenker.org\/fw17\/wp-content\/uploads\/2020\/05\/CoronaDemokratieHauk_800x450.jpg?fit=800%2C450&ssl=1&resize=350%2C200 1x, https:\/\/i0.wp.com\/www.freidenker.org\/fw17\/wp-content\/uploads\/2020\/05\/CoronaDemokratieHauk_800x450.jpg?fit=800%2C450&ssl=1&resize=525%2C300 1.5x, https:\/\/i0.wp.com\/www.freidenker.org\/fw17\/wp-content\/uploads\/2020\/05\/CoronaDemokratieHauk_800x450.jpg?fit=800%2C450&ssl=1&resize=700%2C400 2x"},"classes":[]},{"id":8153,"url":"https:\/\/www.freidenker.org\/?p=8153","url_meta":{"origin":8757,"position":5},"title":"Corona: Das gro\u00dfe Verwirrspiel","author":"Webredaktion","date":"25. Mai 2020","format":false,"excerpt":"In der Rubrik Tagesdosis wurde am 22.05.2020 bei KenFM der Beitrag \u201eCorona: Das gro\u00dfe Verwirrspiel\u201c von Rainer Rupp, Mitglied des Beirats des Deutschen Freidenker-Verbandes, ver\u00f6ffentlicht. Nach fast f\u00fcnf Monaten Corona-Erfahrung in Deutschland ... bin ich als aufmerksamer Beobachter der Szene heute genauso verwirrt wie zu Beginn des Jahres, allerdings jetzt\u2026","rel":"","context":"In &quot;Arbeit &amp; Soziales&quot;","block_context":{"text":"Arbeit &amp; Soziales","link":"https:\/\/www.freidenker.org\/?cat=11"},"img":{"alt_text":"","src":"https:\/\/i0.wp.com\/www.freidenker.org\/fw17\/wp-content\/uploads\/2020\/05\/KenFM-Covid19_800x450.jpg?fit=800%2C450&ssl=1&resize=350%2C200","width":350,"height":200,"srcset":"https:\/\/i0.wp.com\/www.freidenker.org\/fw17\/wp-content\/uploads\/2020\/05\/KenFM-Covid19_800x450.jpg?fit=800%2C450&ssl=1&resize=350%2C200 1x, https:\/\/i0.wp.com\/www.freidenker.org\/fw17\/wp-content\/uploads\/2020\/05\/KenFM-Covid19_800x450.jpg?fit=800%2C450&ssl=1&resize=525%2C300 1.5x, https:\/\/i0.wp.com\/www.freidenker.org\/fw17\/wp-content\/uploads\/2020\/05\/KenFM-Covid19_800x450.jpg?fit=800%2C450&ssl=1&resize=700%2C400 2x"},"classes":[]}],"_links":{"self":[{"href":"https:\/\/www.freidenker.org\/index.php?rest_route=\/wp\/v2\/posts\/8757","targetHints":{"allow":["GET"]}}],"collection":[{"href":"https:\/\/www.freidenker.org\/index.php?rest_route=\/wp\/v2\/posts"}],"about":[{"href":"https:\/\/www.freidenker.org\/index.php?rest_route=\/wp\/v2\/types\/post"}],"author":[{"embeddable":true,"href":"https:\/\/www.freidenker.org\/index.php?rest_route=\/wp\/v2\/users\/3"}],"replies":[{"embeddable":true,"href":"https:\/\/www.freidenker.org\/index.php?rest_route=%2Fwp%2Fv2%2Fcomments&post=8757"}],"version-history":[{"count":0,"href":"https:\/\/www.freidenker.org\/index.php?rest_route=\/wp\/v2\/posts\/8757\/revisions"}],"wp:featuredmedia":[{"embeddable":true,"href":"https:\/\/www.freidenker.org\/index.php?rest_route=\/wp\/v2\/media\/8769"}],"wp:attachment":[{"href":"https:\/\/www.freidenker.org\/index.php?rest_route=%2Fwp%2Fv2%2Fmedia&parent=8757"}],"wp:term":[{"taxonomy":"category","embeddable":true,"href":"https:\/\/www.freidenker.org\/index.php?rest_route=%2Fwp%2Fv2%2Fcategories&post=8757"},{"taxonomy":"post_tag","embeddable":true,"href":"https:\/\/www.freidenker.org\/index.php?rest_route=%2Fwp%2Fv2%2Ftags&post=8757"}],"curies":[{"name":"wp","href":"https:\/\/api.w.org\/{rel}","templated":true}]}}