{"id":8696,"date":"2020-09-25T00:10:35","date_gmt":"2020-09-24T22:10:35","guid":{"rendered":"https:\/\/www.freidenker.org\/?p=8696"},"modified":"2026-03-26T12:02:45","modified_gmt":"2026-03-26T11:02:45","slug":"vor-10-jahren-erschienen-doch-hoch-aktuell","status":"publish","type":"post","link":"https:\/\/www.freidenker.org\/?p=8696","title":{"rendered":"Vor 10 Jahren erschienen, doch hoch aktuell"},"content":{"rendered":"<p><span style=\"font-size: 14pt;\"><strong>FREIDENKER-Themenheft<\/strong><\/span><\/p>\n<hr \/>\n<p>FREIDENKER Nr. 4-10, Dezember 2010, 69. Jahrgang<\/p>\n<h4>Friedrich Engels 1820 &#8211; 1895<\/h4>\n<p>Mit Beitr\u00e4gen von<\/p>\n<ul>\n<li><strong><em>Dr. Horst Schild<\/em><\/strong><\/li>\n<li><strong><em>Profes. Dres. Helga und Herbert H\u00f6rz<\/em><\/strong><\/li>\n<li><strong><em>Prof. Dr. Erich Hahn<\/em><\/strong><\/li>\n<li><strong><em>Rainer Thiel<\/em><\/strong><\/li>\n<li><strong><em>Dr. Robert Steigerwald<\/em><\/strong><\/li>\n<li><strong><em>Dr. Werner Seppmann<\/em><\/strong><\/li>\n<\/ul>\n<p>Es ist noch eine Restauflage vorhanden,<br \/>\nHeftpreis 2,50 Euro + Porto<\/p>\n<p>Bestellungen an Monique Broquard,<br \/>\nAm Friedhof 10, 66280 Sulzbach<\/p>\n<p>E-Mail: <u>m.broquard@freidenker.de<\/u><\/p>\n<p><img data-recalc-dims=\"1\" loading=\"lazy\" decoding=\"async\" data-attachment-id=\"8697\" data-permalink=\"https:\/\/www.freidenker.org\/?attachment_id=8697\" data-orig-file=\"https:\/\/i0.wp.com\/www.freidenker.org\/fw17\/wp-content\/uploads\/2020\/09\/FD_2010-04_Titel_kh.jpg?fit=516%2C737&amp;ssl=1\" data-orig-size=\"516,737\" data-comments-opened=\"0\" data-image-meta=\"{&quot;aperture&quot;:&quot;0&quot;,&quot;credit&quot;:&quot;&quot;,&quot;camera&quot;:&quot;&quot;,&quot;caption&quot;:&quot;&quot;,&quot;created_timestamp&quot;:&quot;0&quot;,&quot;copyright&quot;:&quot;&quot;,&quot;focal_length&quot;:&quot;0&quot;,&quot;iso&quot;:&quot;0&quot;,&quot;shutter_speed&quot;:&quot;0&quot;,&quot;title&quot;:&quot;&quot;,&quot;orientation&quot;:&quot;1&quot;}\" data-image-title=\"FD_2010-04_Titel_kh\" data-image-description=\"\" data-image-caption=\"\" data-large-file=\"https:\/\/i0.wp.com\/www.freidenker.org\/fw17\/wp-content\/uploads\/2020\/09\/FD_2010-04_Titel_kh.jpg?fit=516%2C737&amp;ssl=1\" class=\"alignnone wp-image-8697\" src=\"https:\/\/i0.wp.com\/www.freidenker.org\/fw17\/wp-content\/uploads\/2020\/09\/FD_2010-04_Titel_kh.jpg?resize=420%2C600&#038;ssl=1\" alt=\"\" width=\"420\" height=\"600\" srcset=\"https:\/\/i0.wp.com\/www.freidenker.org\/fw17\/wp-content\/uploads\/2020\/09\/FD_2010-04_Titel_kh.jpg?w=516&amp;ssl=1 516w, https:\/\/i0.wp.com\/www.freidenker.org\/fw17\/wp-content\/uploads\/2020\/09\/FD_2010-04_Titel_kh.jpg?resize=210%2C300&amp;ssl=1 210w\" sizes=\"auto, (max-width: 420px) 100vw, 420px\" \/><\/p>\n<p><span style=\"font-size: 10pt;\">Link zur urspr\u00fcnglichen Vorstellung des Heftes: <a href=\"https:\/\/www.freidenker.org\/?p=733\">https:\/\/www.freidenker.org\/?p=733<\/a><\/span><\/p>\n<hr \/>\n<p><strong>Online-Ausgabe:<\/strong><\/p>\n<p>Das Heft kann hier als PDF-Dokument angesehen und heruntergeladen werden:<\/p>\n<p><img loading=\"lazy\" decoding=\"async\" data-attachment-id=\"1076\" data-permalink=\"https:\/\/www.freidenker.org\/?attachment_id=1076\" data-orig-file=\"https:\/\/i0.wp.com\/www.freidenker.org\/fw17\/wp-content\/uploads\/2017\/10\/pdf_icon-2.png?fit=32%2C32&amp;ssl=1\" data-orig-size=\"32,32\" data-comments-opened=\"0\" data-image-meta=\"{&quot;aperture&quot;:&quot;0&quot;,&quot;credit&quot;:&quot;&quot;,&quot;camera&quot;:&quot;&quot;,&quot;caption&quot;:&quot;&quot;,&quot;created_timestamp&quot;:&quot;0&quot;,&quot;copyright&quot;:&quot;&quot;,&quot;focal_length&quot;:&quot;0&quot;,&quot;iso&quot;:&quot;0&quot;,&quot;shutter_speed&quot;:&quot;0&quot;,&quot;title&quot;:&quot;&quot;,&quot;orientation&quot;:&quot;0&quot;}\" data-image-title=\"pdf_icon\" data-image-description=\"\" data-image-caption=\"\" data-large-file=\"https:\/\/i0.wp.com\/www.freidenker.org\/fw17\/wp-content\/uploads\/2017\/10\/pdf_icon-2.png?fit=32%2C32&amp;ssl=1\" class=\"alignnone size-full wp-image-1076\" src=\"https:\/\/i0.wp.com\/www.freidenker.org\/fw17\/wp-content\/uploads\/2017\/10\/pdf_icon-2.png?resize=32%2C32&amp;ssl=1\" alt=\"\" width=\"32\" height=\"32\" data-attachment-id=\"1076\" data-permalink=\"https:\/\/www.freidenker.org\/?attachment_id=1076\" data-orig-file=\"https:\/\/i1.wp.com\/www.freidenker.org\/fw17\/wp-content\/uploads\/2017\/10\/pdf_icon-2.png?fit=32%2C32&amp;ssl=1\" data-orig-size=\"32,32\" data-comments-opened=\"0\" data-image-meta=\"{&quot;aperture&quot;:&quot;0&quot;,&quot;credit&quot;:&quot;&quot;,&quot;camera&quot;:&quot;&quot;,&quot;caption&quot;:&quot;&quot;,&quot;created_timestamp&quot;:&quot;0&quot;,&quot;copyright&quot;:&quot;&quot;,&quot;focal_length&quot;:&quot;0&quot;,&quot;iso&quot;:&quot;0&quot;,&quot;shutter_speed&quot;:&quot;0&quot;,&quot;title&quot;:&quot;&quot;,&quot;orientation&quot;:&quot;0&quot;}\" data-image-title=\"pdf_icon\" data-image-description=\"\" data-medium-file=\"https:\/\/i1.wp.com\/www.freidenker.org\/fw17\/wp-content\/uploads\/2017\/10\/pdf_icon-2.png?fit=32%2C32&amp;ssl=1\" data-large-file=\"https:\/\/i1.wp.com\/www.freidenker.org\/fw17\/wp-content\/uploads\/2017\/10\/pdf_icon-2.png?fit=32%2C32&amp;ssl=1\" \/> <a href=\"https:\/\/www.freidenker.org\/fw17\/wp-content\/uploads\/2020\/09\/Freidenker_2010-04_online.pdf\" target=\"_blank\" rel=\"noopener noreferrer\">Verbandsorgan FREIDENKER 4-10 im PDF-Format<\/a> (ca. 2,4 MB)<\/p>\n<p>Zum <a href=\"https:\/\/www.freidenker.org\/?page_id=1682\">\u00dcberblick \u00fcber alle Online-Ausgaben<\/a><\/p>\n","protected":false},"excerpt":{"rendered":"<p><b>FREIDENKER-Themenheft &#8222;Friedrich Engels 1820 &#8211; 1895&#8220;<\/b> (Nr. 4-10, Dezember 2010)<br \/>\nMit Beitr\u00e4gen von<br \/>\n&#8211; Dr. Horst Schild<br \/>\n&#8211; Profes. Dres. Helga und Herbert H\u00f6rz<br \/>\n&#8211; Prof. Dr. Erich Hahn<br \/>\n&#8211; Rainer Thiel<br \/>\n&#8211; Dr. Robert Steigerwald<br \/>\n&#8211; Dr. Werner Seppmann<br \/>\nEs ist noch eine Restauflage vorhanden, Heftpreis 2,50 Euro + Porto<\/p>\n","protected":false},"author":3,"featured_media":8703,"comment_status":"closed","ping_status":"closed","sticky":false,"template":"","format":"standard","meta":{"colormag_page_container_layout":"default_layout","colormag_page_sidebar_layout":"default_layout","advanced_seo_description":"","jetpack_seo_html_title":"","jetpack_seo_noindex":false,"jetpack_post_was_ever_published":false,"footnotes":""},"categories":[8],"tags":[561,876,534,1034,495,38,1320],"class_list":["post-8696","post","type-post","status-publish","format-standard","has-post-thumbnail","hentry","category-verbandsorgan-freidenker","tag-atheismus","tag-dialektik","tag-friedrich-engels","tag-marxismus","tag-philosophie","tag-weltanschauung","tag-wissenschaftlicher-sozialismus"],"jetpack_featured_media_url":"https:\/\/i0.wp.com\/www.freidenker.org\/fw17\/wp-content\/uploads\/2020\/09\/FD_Retro_10-04_Engels.jpg?fit=800%2C450&ssl=1","jetpack_shortlink":"https:\/\/wp.me\/p9stpK-2gg","jetpack-related-posts":[{"id":733,"url":"https:\/\/www.freidenker.org\/?p=733","url_meta":{"origin":8696,"position":0},"title":"FREIDENKER 4-10 &#8211; Friedrich Engels 1820-1895","author":"Webmaster","date":"16. Dezember 2010","format":false,"excerpt":"Die Ausgabe 4-10 des Verbandsorgans FREIDENKER hat das Schwerpunkt-Thema \u201eFriedrich Engels 1820-1895\u201c und enth\u00e4lt u.a folgende Beitr\u00e4ge: - Horst Schild: Kann wissenschaftlicher Fortschritt den Atheismus infrage stellen - Helga E. H\u00f6rz\/Herbert H\u00f6rz: Seelsorge: ein Monopol f\u00fcr Religionen? - Erich Hahn: Wissenschaftlicher Sozialismus - Rainer Thiel: Friedrich Engels und die Dialektik\u2026","rel":"","context":"In &quot;Verbandsorgan FREIDENKER&quot;","block_context":{"text":"Verbandsorgan FREIDENKER","link":"https:\/\/www.freidenker.org\/?cat=8"},"img":{"alt_text":"","src":"https:\/\/i0.wp.com\/www.freidenker.org\/fw17\/wp-content\/uploads\/2017\/12\/FD_2010-04_Titel_mR.jpg?fit=800%2C445&ssl=1&resize=350%2C200","width":350,"height":200,"srcset":"https:\/\/i0.wp.com\/www.freidenker.org\/fw17\/wp-content\/uploads\/2017\/12\/FD_2010-04_Titel_mR.jpg?fit=800%2C445&ssl=1&resize=350%2C200 1x, https:\/\/i0.wp.com\/www.freidenker.org\/fw17\/wp-content\/uploads\/2017\/12\/FD_2010-04_Titel_mR.jpg?fit=800%2C445&ssl=1&resize=525%2C300 1.5x, https:\/\/i0.wp.com\/www.freidenker.org\/fw17\/wp-content\/uploads\/2017\/12\/FD_2010-04_Titel_mR.jpg?fit=800%2C445&ssl=1&resize=700%2C400 2x"},"classes":[]},{"id":1487,"url":"https:\/\/www.freidenker.org\/?p=1487","url_meta":{"origin":8696,"position":1},"title":"Bildung ist Menschenrecht","author":"Webredaktion","date":"5. September 2009","format":false,"excerpt":"Buchver\u00f6ffentlichung im Eigenverlag des Deutschen Freidenker-Verbandes e.V. Materialien der Konferenz \"Bildung ist Menschenrecht\" am 4. Oktober 2008 in Erfurt und weitere Beitr\u00e4ge zum Thema Mit Beitr\u00e4gen von Klaus Hartmann, Cornelia Hirsch (MdB), Gottfried Schunke, Witold Fischer, Waltraut Roth, Frank Bauer, Rainer Rupp, Prof. Dr. Horst Schneider, Henrik Volkert, Heike D\u00f6bler,\u2026","rel":"","context":"In &quot;B\u00fccher des Verbandes&quot;","block_context":{"text":"B\u00fccher des Verbandes","link":"https:\/\/www.freidenker.org\/?cat=5"},"img":{"alt_text":"","src":"https:\/\/i0.wp.com\/www.freidenker.org\/fw17\/wp-content\/uploads\/2017\/12\/FD_Buch_2009_Bildung.jpg?fit=800%2C445&ssl=1&resize=350%2C200","width":350,"height":200,"srcset":"https:\/\/i0.wp.com\/www.freidenker.org\/fw17\/wp-content\/uploads\/2017\/12\/FD_Buch_2009_Bildung.jpg?fit=800%2C445&ssl=1&resize=350%2C200 1x, https:\/\/i0.wp.com\/www.freidenker.org\/fw17\/wp-content\/uploads\/2017\/12\/FD_Buch_2009_Bildung.jpg?fit=800%2C445&ssl=1&resize=525%2C300 1.5x, https:\/\/i0.wp.com\/www.freidenker.org\/fw17\/wp-content\/uploads\/2017\/12\/FD_Buch_2009_Bildung.jpg?fit=800%2C445&ssl=1&resize=700%2C400 2x"},"classes":[]},{"id":4850,"url":"https:\/\/www.freidenker.org\/?p=4850","url_meta":{"origin":8696,"position":2},"title":"FREIDENKER 1-18 &#8211; Karl Marx zum 200. Geburtstag","author":"Webredaktion","date":"23. M\u00e4rz 2018","format":false,"excerpt":"Die Ausgabe 1-18 des Verbandsorgans FREIDENKER hat das Schwerpunkt-Thema \"Karl Marx zum 200. Geburtstag\" und enth\u00e4lt u.a. folgende Beitr\u00e4ge: - Horst Schild: Dialog mit Karl - Gerhard Steinl: Marx und das idealistische Erbe - Thomas Metscher: Marx\u2018 Gespenst und die Zukunft des Marxismus - Freidenker vor 35 Jahren: Erich Wernig:\u2026","rel":"","context":"In &quot;Verbandsorgan FREIDENKER&quot;","block_context":{"text":"Verbandsorgan FREIDENKER","link":"https:\/\/www.freidenker.org\/?cat=8"},"img":{"alt_text":"","src":"https:\/\/i0.wp.com\/www.freidenker.org\/fw17\/wp-content\/uploads\/2018\/03\/FD_2018-01_Titel_mR.jpg?fit=800%2C445&ssl=1&resize=350%2C200","width":350,"height":200,"srcset":"https:\/\/i0.wp.com\/www.freidenker.org\/fw17\/wp-content\/uploads\/2018\/03\/FD_2018-01_Titel_mR.jpg?fit=800%2C445&ssl=1&resize=350%2C200 1x, https:\/\/i0.wp.com\/www.freidenker.org\/fw17\/wp-content\/uploads\/2018\/03\/FD_2018-01_Titel_mR.jpg?fit=800%2C445&ssl=1&resize=525%2C300 1.5x, https:\/\/i0.wp.com\/www.freidenker.org\/fw17\/wp-content\/uploads\/2018\/03\/FD_2018-01_Titel_mR.jpg?fit=800%2C445&ssl=1&resize=700%2C400 2x"},"classes":[]},{"id":22382,"url":"https:\/\/www.freidenker.org\/?p=22382","url_meta":{"origin":8696,"position":3},"title":"Wir trauern um Prof. Dr. Erich Hahn","author":"Webredaktion","date":"14. Juli 2025","format":false,"excerpt":"Wir trauern um unseren Freund und Genossen Prof. Dr. Erich Hahn, 5. M\u00e4rz 1930 - 24. Juni 2025 Erich war Mitglied des Zentralkomitees der Sozialistischen Einheitspartei Deutschlands und Nationalpreistr\u00e4ger der DDR, er leitete an der Akademie f\u00fcr Gesellschaftswissenschaften beim ZK der SED das Institut f\u00fcr Marxistisch-Leninistische Philosophie und war Vorsitzender\u2026","rel":"","context":"In &quot;Weltliche Trauerkultur&quot;","block_context":{"text":"Weltliche Trauerkultur","link":"https:\/\/www.freidenker.org\/?cat=17"},"img":{"alt_text":"","src":"https:\/\/i0.wp.com\/www.freidenker.org\/fw17\/wp-content\/uploads\/2025\/07\/Erich_Hahn_Berlin_2007_v2_800x445_mR.jpg?fit=800%2C445&ssl=1&resize=350%2C200","width":350,"height":200,"srcset":"https:\/\/i0.wp.com\/www.freidenker.org\/fw17\/wp-content\/uploads\/2025\/07\/Erich_Hahn_Berlin_2007_v2_800x445_mR.jpg?fit=800%2C445&ssl=1&resize=350%2C200 1x, https:\/\/i0.wp.com\/www.freidenker.org\/fw17\/wp-content\/uploads\/2025\/07\/Erich_Hahn_Berlin_2007_v2_800x445_mR.jpg?fit=800%2C445&ssl=1&resize=525%2C300 1.5x, https:\/\/i0.wp.com\/www.freidenker.org\/fw17\/wp-content\/uploads\/2025\/07\/Erich_Hahn_Berlin_2007_v2_800x445_mR.jpg?fit=800%2C445&ssl=1&resize=700%2C400 2x"},"classes":[]},{"id":824,"url":"https:\/\/www.freidenker.org\/?p=824","url_meta":{"origin":8696,"position":4},"title":"FREIDENKER 2-15 &#8211; Fortschritt &#8211; Wissenschaft &#8211; Technik: Im Dienst des Menschen?","author":"Webmaster","date":"16. Juni 2015","format":false,"excerpt":"Die Ausgabe 2-15 des Verbandsorgans FREIDENKER hat das Schwerpunkt-Thema \u201eFortschritt - Wissenschaft - Technik: Im Dienst des Menschen?\u201c und enth\u00e4lt u.a folgende Beitr\u00e4ge von der Konferenz \u201eZweifel und Kritik an Fortschritt, Wissenschaft und Technik\u201c am 08.10.2011 in Dresden: - Klaus Hartmann: \"Zweifel \u2013 Kritik \u2013 Anklage: Fortschritt \u2013 Wissenschaft \u2013\u2026","rel":"","context":"In &quot;Verbandsorgan FREIDENKER&quot;","block_context":{"text":"Verbandsorgan FREIDENKER","link":"https:\/\/www.freidenker.org\/?cat=8"},"img":{"alt_text":"","src":"https:\/\/i0.wp.com\/www.freidenker.org\/fw17\/wp-content\/uploads\/2017\/12\/FD_2015-02_Titel_mR.jpg?fit=800%2C445&ssl=1&resize=350%2C200","width":350,"height":200,"srcset":"https:\/\/i0.wp.com\/www.freidenker.org\/fw17\/wp-content\/uploads\/2017\/12\/FD_2015-02_Titel_mR.jpg?fit=800%2C445&ssl=1&resize=350%2C200 1x, https:\/\/i0.wp.com\/www.freidenker.org\/fw17\/wp-content\/uploads\/2017\/12\/FD_2015-02_Titel_mR.jpg?fit=800%2C445&ssl=1&resize=525%2C300 1.5x, https:\/\/i0.wp.com\/www.freidenker.org\/fw17\/wp-content\/uploads\/2017\/12\/FD_2015-02_Titel_mR.jpg?fit=800%2C445&ssl=1&resize=700%2C400 2x"},"classes":[]},{"id":475,"url":"https:\/\/www.freidenker.org\/?p=475","url_meta":{"origin":8696,"position":5},"title":"FREIDENKER 1-07 &#8211; Irrationalismus und Herrschaft","author":"Webmaster","date":"16. M\u00e4rz 2007","format":false,"excerpt":"Die Ausgabe 1-07 des Verbandsorgans FREIDENKER hat das Schwerpunkt-Thema \u201eIrrationalismus und Herrschaft\u201c und enth\u00e4lt u.a folgende Beitr\u00e4ge: - Robert Steigerwald: Zur Auseinandersetzung mit dem Irrationalismus - Horst Schild: Anmerkungen zu Gebrauch und Missbrauch von Sprache - Arnold Sch\u00f6lzel: Imperialer Irrationalismus - Werner Seppmann: Auf dem Weg in die Armutsgesellschaft -\u2026","rel":"","context":"In &quot;Verbandsorgan FREIDENKER&quot;","block_context":{"text":"Verbandsorgan FREIDENKER","link":"https:\/\/www.freidenker.org\/?cat=8"},"img":{"alt_text":"","src":"https:\/\/i0.wp.com\/www.freidenker.org\/fw17\/wp-content\/uploads\/2017\/12\/FD_2007-01_Titel_mR.jpg?fit=800%2C445&ssl=1&resize=350%2C200","width":350,"height":200,"srcset":"https:\/\/i0.wp.com\/www.freidenker.org\/fw17\/wp-content\/uploads\/2017\/12\/FD_2007-01_Titel_mR.jpg?fit=800%2C445&ssl=1&resize=350%2C200 1x, https:\/\/i0.wp.com\/www.freidenker.org\/fw17\/wp-content\/uploads\/2017\/12\/FD_2007-01_Titel_mR.jpg?fit=800%2C445&ssl=1&resize=525%2C300 1.5x, https:\/\/i0.wp.com\/www.freidenker.org\/fw17\/wp-content\/uploads\/2017\/12\/FD_2007-01_Titel_mR.jpg?fit=800%2C445&ssl=1&resize=700%2C400 2x"},"classes":[]}],"_links":{"self":[{"href":"https:\/\/www.freidenker.org\/index.php?rest_route=\/wp\/v2\/posts\/8696","targetHints":{"allow":["GET"]}}],"collection":[{"href":"https:\/\/www.freidenker.org\/index.php?rest_route=\/wp\/v2\/posts"}],"about":[{"href":"https:\/\/www.freidenker.org\/index.php?rest_route=\/wp\/v2\/types\/post"}],"author":[{"embeddable":true,"href":"https:\/\/www.freidenker.org\/index.php?rest_route=\/wp\/v2\/users\/3"}],"replies":[{"embeddable":true,"href":"https:\/\/www.freidenker.org\/index.php?rest_route=%2Fwp%2Fv2%2Fcomments&post=8696"}],"version-history":[{"count":1,"href":"https:\/\/www.freidenker.org\/index.php?rest_route=\/wp\/v2\/posts\/8696\/revisions"}],"predecessor-version":[{"id":24737,"href":"https:\/\/www.freidenker.org\/index.php?rest_route=\/wp\/v2\/posts\/8696\/revisions\/24737"}],"wp:featuredmedia":[{"embeddable":true,"href":"https:\/\/www.freidenker.org\/index.php?rest_route=\/wp\/v2\/media\/8703"}],"wp:attachment":[{"href":"https:\/\/www.freidenker.org\/index.php?rest_route=%2Fwp%2Fv2%2Fmedia&parent=8696"}],"wp:term":[{"taxonomy":"category","embeddable":true,"href":"https:\/\/www.freidenker.org\/index.php?rest_route=%2Fwp%2Fv2%2Fcategories&post=8696"},{"taxonomy":"post_tag","embeddable":true,"href":"https:\/\/www.freidenker.org\/index.php?rest_route=%2Fwp%2Fv2%2Ftags&post=8696"}],"curies":[{"name":"wp","href":"https:\/\/api.w.org\/{rel}","templated":true}]}}