{"id":8669,"date":"2020-09-26T11:50:58","date_gmt":"2020-09-26T09:50:58","guid":{"rendered":"https:\/\/www.freidenker.org\/?p=8669"},"modified":"2020-10-18T12:43:35","modified_gmt":"2020-10-18T10:43:35","slug":"nextgenerationeu-permanente-schockstrategie-fuer-die-eu","status":"publish","type":"post","link":"https:\/\/www.freidenker.org\/?p=8669","title":{"rendered":"NextGenerationEU &#8211; Permanente Schockstrategie f\u00fcr die EU"},"content":{"rendered":"<p><strong>Auf dem EU-Gipfel im Juli wurde beschlossen, dass die Kommission Schulden zur Bek\u00e4mpfung der Corona-Krise aufnehmen darf. In ihrer Rede zum Zustand der EU macht Kommissionspr\u00e4sidentin von der Leyen deutlich, dies soll zum Regelfall werden. Die EU wird zum Staat.<\/strong><\/p>\n<p><em>Meinung von <strong>Gert Ewen Ungar<\/strong><\/em><\/p>\n<p><span style=\"font-size: 10pt;\">Erstver\u00f6ffentlichung am 19.09.2020 auf <a href=\"https:\/\/deutsch.rt.com\/meinung\/106877-nextgenerationeu-permanente-schockstrategie-fuer-die-eu\/\" target=\"_blank\" rel=\"noopener noreferrer\">RT Deutsch<\/a> [1]<\/span><\/p>\n<p>Krisen bieten den M\u00e4chtigen und politisch Verantwortlichen immer auch die M\u00f6glichkeit, Fakten zu schaffen, die sich in ruhigen, krisenfreien Zeiten nicht umsetzen lie\u00dfen. Die Europ\u00e4ische Union macht hier keine Ausnahme.<\/p>\n<p>Auf dem Gipfeltreffen im Juli einigte sich der Europ\u00e4ische Rat mit der Europ\u00e4ischen Kommission darauf, dass die Kommission zur Bek\u00e4mpfung der \u00f6konomischen Folgen der COVID-19-Pandemie an den Finanzm\u00e4rkten Anleihen ausgibt, um sie den betroffenen Nationalstaaten der EU im Rahmen von Zuwendungen oder Krediten zu g\u00fcnstigen Konditionen weiterzureichen. Das Verfahren der Verteilung war dabei heftig umstritten, die Kreditaufnahme durch die Kommission dagegen kaum. Das ist einigerma\u00dfen erstaunlich, denn der Kommission ist die Kreditaufnahme ganz grunds\u00e4tzlich verboten.<\/p>\n<p>Die EU-Kommission nutzte die durch den Lockdown in den Mitgliedsstaaten ausgel\u00f6ste \u00f6konomische Krise, um ihre staatlichen Strukturen durch eine Schockstrategie zu vertiefen.<\/p>\n<p>Ein wesentliches Element der Staatlichkeit aller modernen Staaten ist das Vorhandensein einer Zentralbank, f\u00fcr die eine Regierung die Regeln erstellt und bei der sich diese Regierung in der eigenen W\u00e4hrung &#8222;verschuldet&#8220;. Verschuldet ist hier in Anf\u00fchrungszeichen geschrieben, denn der Begriff f\u00fchrt bei genauerer Betrachtung in die Irre. Verschuldung suggeriert die M\u00f6glichkeit, die Schulden nicht zur\u00fcckzahlen und bankrottgehen zu k\u00f6nnen. Das ist im Fall einer staatlichen Kreditaufnahme bei der eigenen Zentralbank nicht der Fall. Ein Staat kann in der eigenen W\u00e4hrung niemals pleitegehen. Und mit diesem Satz ist der wichtige Punkt auch schon genannt. Denn die Kommission gibt sich mit der Verschuldung in Euro bei einer Zentralbank, deren Regeln sie macht, eine staatliche Struktur.<\/p>\n<p>Kommissionspr\u00e4sidentin von der Leyen hat jetzt in ihrer Rede zur Lage der EU angek\u00fcndigt, diesen Weg weiter gehen zu wollen und die staatlichen Strukturen der EU noch weiter zu vertiefen.\u00a0 Sie sagt nach <a href=\"https:\/\/ec.europa.eu\/info\/sites\/info\/files\/soteu_2020_de.pdf\">Redeskript<\/a> [2]:<\/p>\n<p>&#8222;In diesen au\u00dfergew\u00f6hnlichen Zeiten hat Europa erstmals sein eigenes Instrumentarium geschaffen, um die Stabilisierungselemente nationaler Haushalte zu erg\u00e4nzen.&#8220; Dieses Instrumentarium ist die Schuldenaufnahme der Kommission.<\/p>\n<blockquote><p>Wir m\u00fcssen nun auf Kurs bleiben. Wir alle haben die Prognosen gesehen. Wir erwarten, dass unsere Wirtschaft wieder anzieht, nach dem zw\u00f6lfprozentigen R\u00fcckgang des Bruttoinlandsprodukts im zweiten Quartal. Doch so schleichend wie das Virus ist auch die Unsicherheit \u2013 hier in Europa wie im Rest der Welt. Deshalb ist jetzt definitiv nicht die Zeit, die Unterst\u00fctzung einzustellen.<\/p><\/blockquote>\n<p>Von der Leyen wird das Instrumentarium, das ihr an die Hand gegeben wurde, nicht wieder loslassen.<\/p>\n<p>Im Gegenteil soll der zunehmend staatliche Charakter der EU durch eigene EU-Steuern noch weiter vertieft werden.<\/p>\n<p>Es erstaunt einigerma\u00dfen, was hier passiert, denn die B\u00fcrger der EU haben immer dann, wenn sie befragt wurden, deutlich gemacht, dass sie genau diesen Prozess nicht wollen. Was man mit den Mitteln der Demokratie nicht durchsetzen konnte, macht man eben in Krisenzeiten ohne Demokratie per Beschluss.<\/p>\n<p>Was von der Leyen unter dem Titel &#8222;NextGenerationEU&#8220; pr\u00e4sentiert, sind aber keine zuf\u00e4lligen Abl\u00e4ufe, die dem Druck der Situation geschuldet sind. Schon vor dem EU-Gipfel, der die Schuldenaufnahme der Kommission und damit den deutlich sichtbaren Aufbau eines EU-Staates brachte, schrieb Bundestagspr\u00e4sident Wolfgang Sch\u00e4uble (CDU) in einem <a href=\"https:\/\/www.faz.net\/aktuell\/politik\/inland\/gastbeitrag-wolfgang-schaeuble-aus-eigener-staerke-16846887.html?premium\">Gastbeitrag<\/a> [3] f\u00fcr die <em>Frankfurter Allgemeine Zeitung<\/em>, der sich leider hinter einer Bezahlschranke befindet, dass die Corona-Krise genutzt werden soll, um die EU weiter zusammenzuf\u00fchren. Er schreibt ganz offen:<\/p>\n<blockquote><p>Die Erfahrung lehrt: Ver\u00e4nderungen lassen sich europ\u00e4isch ohne den Druck einer gr\u00f6\u00dferen Krise, die neue Handlungsr\u00e4ume \u00f6ffnet und Blockaden \u00fcberwinden hilft, kaum durchsetzen.<\/p><\/blockquote>\n<p>Sch\u00e4uble zeichnet hier den Weg einer aus seiner Sicht geradezu nat\u00fcrlicherweise immer weitergehenden Vertiefung der Europ\u00e4ischen Union. Nach der Einf\u00fchrung des Euro und damit der Vereinheitlichung der W\u00e4hrungspolitik soll diese Krise dazu genutzt werden, auch die Wirtschaftspolitik nicht mehr den Nationalstaaten zu \u00fcberlassen, sondern auf EU-Ebene zu koordinieren. Die Nationalstaaten m\u00fcssen dazu weiter Souver\u00e4nit\u00e4t abgeben.<\/p>\n<p>Auch G\u00fcnther Oettinger (CDU), EU-Kommissar in der Juncker-Kommission, sieht in einem <a href=\"https:\/\/www.handelsblatt.com\/politik\/international\/analyse-serie-global-challenges-der-euro-hat-die-chance-zum-big-player-der-waehrungswelt-zu-werden\/26104436.html\">Gastbeitrag<\/a> [4] im <em>Handelsblatt<\/em> in der Schuldenaufnahme durch die Kommission gro\u00dfe Chancen f\u00fcr die EU. Er schw\u00e4rmt, der EU-Gipfel k\u00f6nne als ein neues Bretton Woods in die Geschichte eingehen. Das allerdings wird mit Sicherheit nicht passieren. Bretton Woods war ein Regelsystem basierend auf festen Wechselkursen und einer nachfrageorientierten Wirtschaftspolitik, das die Grundlage f\u00fcr den breiten wirtschaftlichen Aufschwung nach dem Zweiten Weltkrieg in den westlichen L\u00e4ndern erm\u00f6glichte.<\/p>\n<p>Das Regelwerk der EU jedoch wirkt sich d\u00e4mpfend auf die wirtschaftliche Entwicklung aus. Seit der Finanzkrise bleibt die EU hinter der weltweiten Entwicklung zur\u00fcck, da die Regeln die Nachfrage in den Mitgliedsl\u00e4ndern nicht nur d\u00e4mpfen, sondern \u2013 das Beispiel Griechenland macht das deutlich \u2013 komplett abw\u00fcrgen. Breite Teile der Bev\u00f6lkerung verarmen und steigen sozial ab. Was in der EU passiert, ist das genaue Gegenteil von Bretton Woods.<\/p>\n<p>Oettinger meint, mit der Ausgabe von Schuldtiteln durch die Kommission k\u00f6nnten andere L\u00e4nder EU-Anleihen kaufen und der Euro so zur Leitw\u00e4hrung aufsteigen und die Dominanz des Dollar abl\u00f6sen. Nun gibt es zahlreiche Bestrebungen, die Vorherrschaft des Dollar abzul\u00f6sen. Ob die L\u00e4nder, die ein gro\u00dfes Interesse an der Abl\u00f6sung haben, statt des Dollars ausgerechnet den Euro in den Stand einer Leitw\u00e4hrung zu heben, kann bezweifelt werden. Mit diesem Status n\u00e4mlich geht die M\u00f6glichkeit einher, Wirtschaftssanktionen durchzusetzen. Zu glauben, dass L\u00e4nder wie China und Russland nun ausgerechnet der Europ\u00e4ischen Union die F\u00e4higkeit zu umfassenden Sanktionen \u00fcbertragen wollen, ist bestenfalls naiv. Wahrscheinlicher ist daher auch, dass sich etwas durchsetzt, das einer der V\u00e4ter des Systems von Bretton Woods, der britische \u00d6konom John Maynard Keynes, ohnehin im Sinn hatte: ein Korb von W\u00e4hrungen als Ma\u00dfstab n\u00e4mlich.<\/p>\n<p>Dessen ungeachtet pl\u00e4diert Oettinger f\u00fcr die weitere Ausgabe von Schuldtiteln durch die Union und wirbt daf\u00fcr, dass weitere EU-Staaten der W\u00e4hrungsunion beitreten.<\/p>\n<p>R\u00fcckwirkend betrachtet wirkt die Vertiefung der staatlichen Strukturen abgesprochen und geplant. Das von der EU geschn\u00fcrte Paket zur Bek\u00e4mpfung der \u00f6konomischen Auswirkungen der Corona-Krise ist ohnehin viel zu klein bemessen. Es entsteht daher zunehmend der Anschein, dass die Krise vornehmlich dazu benutzt werden sollte, den Integrationsprozess der EU voranzutreiben und der EU staatliche Strukturen zu geben.<\/p>\n<p>Allerdings m\u00fcsste sp\u00e4testens an dieser Stelle auch den allergr\u00f6\u00dften EU-Fans auffallen, wie problematisch diese Entwicklung ist. All das passiert ohne jede demokratische Legitimation. Zwar wird immer wieder beteuert, die gravierenden Demokratiedefizite der EU in Zukunft anzugehen und zu beheben. Sch\u00e4uble beispielsweise tut das in seinem Gastbeitrag. Allerdings wird genau dies seit Jahrzehnten angek\u00fcndigt, ohne dass darauf konkrete Schritte folgen. Im Gegenteil. So gab es beispielsweise das Versprechen, den Kommissionspr\u00e4sidenten aus dem Kreis der EU-Parlamentarier zu nehmen, damit die B\u00fcrger der EU zumindest die Illusion haben, sie k\u00f6nnten etwas mitbestimmen.<\/p>\n<p>Als Kandidaten f\u00fcr das Amt des Kommissionspr\u00e4sidenten sind der Niederl\u00e4nder Frans Timmermans und der Deutsche Manfred Weber angetreten. Geworden ist es dann von der Leyen, die bei der Wahl zum EU-Parlament als Kandidatin erst gar nicht angetreten war. Was sich wie eine Anekdote erz\u00e4hlt, ist signifikant f\u00fcr die Entwicklung der EU. W\u00e4hrend die staatlichen Strukturen immer weiter vertieft und ausgebaut werden, geschieht dies mit den demokratischen Strukturen nicht. Die EU ist auf einem schlechten Weg, der von den immer wieder proklamierten Werten der EU immer weiter wegf\u00fchrt.<\/p>\n<p style=\"text-align: right;\"><em><strong>Gert-Ewen Ungar<\/strong>, Jahrgang 1969, studierte in Frankfurt am Main Philosophie und Germanistik, lebt jetzt in Berlin und arbeitet als P\u00e4dagoge in der Sozialpsychiatrie.<\/em><br \/>\n<em>Er ist regelm\u00e4\u00dfiger Autor bei RT Deutsch.<\/em><\/p>\n<p><strong>Quellen<\/strong><\/p>\n<p>[1] <a class=\"moz-txt-link-freetext\" href=\"https:\/\/deutsch.rt.com\/meinung\/106877-nextgenerationeu-permanente-schockstrategie-fuer-die-eu\/\">https:\/\/deutsch.rt.com\/meinung\/106877-nextgenerationeu-permanente-schockstrategie-fuer-die-eu\/<\/a><br \/>\n[2] <a class=\"moz-txt-link-freetext\" href=\"https:\/\/ec.europa.eu\/info\/sites\/info\/files\/soteu_2020_de.pdf\">https:\/\/ec.europa.eu\/info\/sites\/info\/files\/soteu_2020_de.pdf<\/a><br \/>\n[3] <a class=\"moz-txt-link-freetext\" href=\"https:\/\/www.faz.net\/aktuell\/politik\/inland\/gastbeitrag-wolfgang-schaeuble-aus-eigener-staerke-16846887.html?premium\">https:\/\/www.faz.net\/aktuell\/politik\/inland\/gastbeitrag-wolfgang-schaeuble-aus-eigener-staerke-16846887.html?premium<\/a><br \/>\n[4] <a class=\"moz-txt-link-freetext\" href=\"https:\/\/www.handelsblatt.com\/politik\/international\/analyse-serie-global-challenges-der-euro-hat-die-chance-zum-big-player-der-waehrungswelt-zu-werden\/26104436.html\">https:\/\/www.handelsblatt.com\/politik\/international\/analyse-serie-global-challenges-der-euro-hat-die-chance-zum-big-player-der-waehrungswelt-zu-werden\/26104436.html<\/a><\/p>\n<p>&nbsp;<\/p>\n<p>Wir danken RT Deutsch f\u00fcr die Genehmigung zur Ver\u00f6ffentlichung des Artikels auf unserer Seite.<\/p>\n<hr \/>\n<p><span style=\"font-size: 10pt;\">Bild: <span class=\"mw-mmv-title\">Hauptquartier der Europ\u00e4ischen Kommission in Br\u00fcssel (Berlaymont-Geb\u00e4ude)<\/span><br \/>\nFoto: EmDee, <a href=\"https:\/\/creativecommons.org\/licenses\/by-sa\/4.0\" target=\"_blank\" rel=\"noopener noreferrer\">CC BY-SA 4.0<\/a><br \/>\nQuelle: <a href=\"https:\/\/commons.wikimedia.org\/w\/index.php?curid=91781296\" target=\"_blank\" rel=\"noopener noreferrer\">https:\/\/commons.wikimedia.org\/w\/index.php?curid=91781296<\/a><br \/>\n<\/span><\/p>\n","protected":false},"excerpt":{"rendered":"<p><b>Meinung von Gert Ewen Ungar<\/b><br \/>\nAuf dem Gipfeltreffen im Juli einigte sich der Europ\u00e4ische Rat mit der Europ\u00e4ischen Kommission darauf, dass die Kommission zur Bek\u00e4mpfung der \u00f6konomischen Folgen der COVID-19-Pandemie an den Finanzm\u00e4rkten Anleihen ausgibt, um sie den betroffenen Nationalstaaten der EU im Rahmen von Zuwendungen oder Krediten zu g\u00fcnstigen Konditionen weiterzureichen. Das Verfahren der Verteilung war dabei heftig umstritten, die Kreditaufnahme durch die Kommission dagegen kaum. Das ist einigerma\u00dfen erstaunlich, denn der Kommission ist die Kreditaufnahme ganz grunds\u00e4tzlich verboten.<\/p>\n","protected":false},"author":3,"featured_media":8672,"comment_status":"closed","ping_status":"closed","sticky":false,"template":"","format":"standard","meta":{"colormag_page_container_layout":"default_layout","colormag_page_sidebar_layout":"default_layout","advanced_seo_description":"","jetpack_seo_html_title":"","jetpack_seo_noindex":false,"jetpack_post_was_ever_published":false,"footnotes":""},"categories":[12],"tags":[1256,182,1151,180,1257,624,122],"class_list":["post-8669","post","type-post","status-publish","format-standard","has-post-thumbnail","hentry","category-demokratie-medien-aufklaerung","tag-corona-virus","tag-eu","tag-europa","tag-krise","tag-pandemie","tag-staatsschulden","tag-wirtschaft"],"jetpack_featured_media_url":"https:\/\/i0.wp.com\/www.freidenker.org\/fw17\/wp-content\/uploads\/2020\/09\/EU-Kommission_01_800x450.jpg?fit=800%2C450&ssl=1","jetpack_shortlink":"https:\/\/wp.me\/p9stpK-2fP","jetpack-related-posts":[{"id":14253,"url":"https:\/\/www.freidenker.org\/?p=14253","url_meta":{"origin":8669,"position":0},"title":"Warnlampen an!","author":"Webredaktion","date":"28. September 2022","format":false,"excerpt":"Beitrag von Dagmar Henn Am Montag ver\u00f6ffentlichte die EU-Kommission einen Gesetzentwurf, den sie \"Notfallinstrument f\u00fcr den Binnenmarkt\" (Single Market Emergency Instrument: SMEI) betitelt. Dieser Entwurf sollte sehr aufmerksam gelesen werden, denn das ist ein wirtschaftlicher Putsch in der Europ\u00e4ischen Union (EU). Seine Lekt\u00fcre ist \u2013 wie bei allen EU-Normen \u2013\u2026","rel":"","context":"In &quot;Demokratie \u2013 Medien \u2013 Aufkl\u00e4rung&quot;","block_context":{"text":"Demokratie \u2013 Medien \u2013 Aufkl\u00e4rung","link":"https:\/\/www.freidenker.org\/?cat=12"},"img":{"alt_text":"","src":"https:\/\/i0.wp.com\/www.freidenker.org\/fw17\/wp-content\/uploads\/2022\/09\/construction-site-541197_800x450.jpg?fit=800%2C450&ssl=1&resize=350%2C200","width":350,"height":200,"srcset":"https:\/\/i0.wp.com\/www.freidenker.org\/fw17\/wp-content\/uploads\/2022\/09\/construction-site-541197_800x450.jpg?fit=800%2C450&ssl=1&resize=350%2C200 1x, https:\/\/i0.wp.com\/www.freidenker.org\/fw17\/wp-content\/uploads\/2022\/09\/construction-site-541197_800x450.jpg?fit=800%2C450&ssl=1&resize=525%2C300 1.5x, https:\/\/i0.wp.com\/www.freidenker.org\/fw17\/wp-content\/uploads\/2022\/09\/construction-site-541197_800x450.jpg?fit=800%2C450&ssl=1&resize=700%2C400 2x"},"classes":[]},{"id":23111,"url":"https:\/\/www.freidenker.org\/?p=23111","url_meta":{"origin":8669,"position":1},"title":"Das Ende ist eingeleitet: Ukraine pleite \u2013 EU zerf\u00e4llt","author":"Webredaktion","date":"13. Oktober 2025","format":false,"excerpt":"Beitrag von Gert Ewen Ungar Die politische Krise in Frankreich ist nur ein Symptom einer tiefer liegenden Krise der EU. Die Europ\u00e4ische Union hat mit ihrem Willen zur Unterst\u00fctzung der Ukraine ihren Mitgliedstaaten zu viel aufgeb\u00fcrdet. Sie bluten finanziell aus, ihre Gesellschaften werden instabil. Der Zerfall der EU beginnt. [...]\u2026","rel":"","context":"In &quot;Demokratie \u2013 Medien \u2013 Aufkl\u00e4rung&quot;","block_context":{"text":"Demokratie \u2013 Medien \u2013 Aufkl\u00e4rung","link":"https:\/\/www.freidenker.org\/?cat=12"},"img":{"alt_text":"","src":"https:\/\/i0.wp.com\/www.freidenker.org\/fw17\/wp-content\/uploads\/2025\/10\/eu-flagge_stein_800x450.jpg?fit=800%2C450&ssl=1&resize=350%2C200","width":350,"height":200,"srcset":"https:\/\/i0.wp.com\/www.freidenker.org\/fw17\/wp-content\/uploads\/2025\/10\/eu-flagge_stein_800x450.jpg?fit=800%2C450&ssl=1&resize=350%2C200 1x, https:\/\/i0.wp.com\/www.freidenker.org\/fw17\/wp-content\/uploads\/2025\/10\/eu-flagge_stein_800x450.jpg?fit=800%2C450&ssl=1&resize=525%2C300 1.5x, https:\/\/i0.wp.com\/www.freidenker.org\/fw17\/wp-content\/uploads\/2025\/10\/eu-flagge_stein_800x450.jpg?fit=800%2C450&ssl=1&resize=700%2C400 2x"},"classes":[]},{"id":22849,"url":"https:\/\/www.freidenker.org\/?p=22849","url_meta":{"origin":8669,"position":2},"title":"Corona-Enquete-Kommission konstituiert: CDU-&#8222;Impfbef\u00fcrworterin&#8220; als Vorsitzende","author":"Webredaktion","date":"15. September 2025","format":false,"excerpt":"Beitrag von Bernhard Loyen Der windige und unantastbare Karl Lauterbach hatte im April\u00a02023 kurzerhand die \"Corona-Pandemie f\u00fcr beendet\" erkl\u00e4rt. Was folgte, ist so weit bekannt und dokumentiert.\u00a0Am 8.\u00a0September dieses Jahres\u00a0\u2013 und damit zweieinhalb Jahre nach Lauterbachs willk\u00fcrlicher Mitteilung\u00a0\u2013\u00a0verk\u00fcndet nun die Website des Bundestags, dass sich die \"Enquete-Kommission zur Corona-Pandemie\" konstituiert\u2026","rel":"","context":"In &quot;Demokratie \u2013 Medien \u2013 Aufkl\u00e4rung&quot;","block_context":{"text":"Demokratie \u2013 Medien \u2013 Aufkl\u00e4rung","link":"https:\/\/www.freidenker.org\/?cat=12"},"img":{"alt_text":"","src":"https:\/\/i0.wp.com\/www.freidenker.org\/fw17\/wp-content\/uploads\/2025\/09\/covid-5859407_800x450.jpg?fit=800%2C450&ssl=1&resize=350%2C200","width":350,"height":200,"srcset":"https:\/\/i0.wp.com\/www.freidenker.org\/fw17\/wp-content\/uploads\/2025\/09\/covid-5859407_800x450.jpg?fit=800%2C450&ssl=1&resize=350%2C200 1x, https:\/\/i0.wp.com\/www.freidenker.org\/fw17\/wp-content\/uploads\/2025\/09\/covid-5859407_800x450.jpg?fit=800%2C450&ssl=1&resize=525%2C300 1.5x, https:\/\/i0.wp.com\/www.freidenker.org\/fw17\/wp-content\/uploads\/2025\/09\/covid-5859407_800x450.jpg?fit=800%2C450&ssl=1&resize=700%2C400 2x"},"classes":[]},{"id":23747,"url":"https:\/\/www.freidenker.org\/?p=23747","url_meta":{"origin":8669,"position":3},"title":"Was der Korruptionsfall in der EU mit dem \u201eReparationskredit\u201c f\u00fcr Kiew zu tun hat","author":"Webredaktion","date":"8. Dezember 2025","format":false,"excerpt":"Machtk\u00e4mpfe und Korruption von Anti-Spiegel Ich habe es bereits in der letzten Tacheles-Sendung gesagt, komme aber erst jetzt dazu, dar\u00fcber zu schreiben und es ausf\u00fchrlich zu begr\u00fcnden: Die Bem\u00fchungen der EU-Kommission, die in der EU eingefrorenen russischen Verm\u00f6genswerte zu enteignen und f\u00fcr einen \u201eReparationskredit\u201c f\u00fcr die Ukraine zu benutzen, stehen\u2026","rel":"","context":"In &quot;Demokratie \u2013 Medien \u2013 Aufkl\u00e4rung&quot;","block_context":{"text":"Demokratie \u2013 Medien \u2013 Aufkl\u00e4rung","link":"https:\/\/www.freidenker.org\/?cat=12"},"img":{"alt_text":"","src":"https:\/\/i0.wp.com\/www.freidenker.org\/fw17\/wp-content\/uploads\/2025\/12\/Federica_Mogherini_12_800x450.jpg?fit=800%2C450&ssl=1&resize=350%2C200","width":350,"height":200,"srcset":"https:\/\/i0.wp.com\/www.freidenker.org\/fw17\/wp-content\/uploads\/2025\/12\/Federica_Mogherini_12_800x450.jpg?fit=800%2C450&ssl=1&resize=350%2C200 1x, https:\/\/i0.wp.com\/www.freidenker.org\/fw17\/wp-content\/uploads\/2025\/12\/Federica_Mogherini_12_800x450.jpg?fit=800%2C450&ssl=1&resize=525%2C300 1.5x, https:\/\/i0.wp.com\/www.freidenker.org\/fw17\/wp-content\/uploads\/2025\/12\/Federica_Mogherini_12_800x450.jpg?fit=800%2C450&ssl=1&resize=700%2C400 2x"},"classes":[]},{"id":6404,"url":"https:\/\/www.freidenker.org\/?p=6404","url_meta":{"origin":8669,"position":4},"title":"Kein echtes Parlament","author":"Webredaktion","date":"15. Mai 2019","format":false,"excerpt":"Beitrag von Andreas Wehr Die Europ\u00e4ische Union greift immer tiefer in das Leben ihrer B\u00fcrger ein. Hervorgegangen aus einer Wirtschaftsgemeinschaft, die die Schaffung einer Zollunion und eines unbegrenzten Binnenmarktes als Ziele hatte, ist sie l\u00e4ngst zu einem Gebilde mutiert, das sich anma\u00dft, immer mehr Bereiche des gesellschaftlichen Lebens der Mitgliedsl\u00e4nder\u2026","rel":"","context":"In &quot;Demokratie \u2013 Medien \u2013 Aufkl\u00e4rung&quot;","block_context":{"text":"Demokratie \u2013 Medien \u2013 Aufkl\u00e4rung","link":"https:\/\/www.freidenker.org\/?cat=12"},"img":{"alt_text":"","src":"https:\/\/i0.wp.com\/www.freidenker.org\/fw17\/wp-content\/uploads\/2019\/05\/European_Parliament_Strasbourg_Hemicycle_800x445.jpg?fit=800%2C445&ssl=1&resize=350%2C200","width":350,"height":200,"srcset":"https:\/\/i0.wp.com\/www.freidenker.org\/fw17\/wp-content\/uploads\/2019\/05\/European_Parliament_Strasbourg_Hemicycle_800x445.jpg?fit=800%2C445&ssl=1&resize=350%2C200 1x, https:\/\/i0.wp.com\/www.freidenker.org\/fw17\/wp-content\/uploads\/2019\/05\/European_Parliament_Strasbourg_Hemicycle_800x445.jpg?fit=800%2C445&ssl=1&resize=525%2C300 1.5x, https:\/\/i0.wp.com\/www.freidenker.org\/fw17\/wp-content\/uploads\/2019\/05\/European_Parliament_Strasbourg_Hemicycle_800x445.jpg?fit=800%2C445&ssl=1&resize=700%2C400 2x"},"classes":[]},{"id":16701,"url":"https:\/\/www.freidenker.org\/?p=16701","url_meta":{"origin":8669,"position":5},"title":"&#8222;Europ\u00e4ische Souver\u00e4nit\u00e4t&#8220; \u2013 Macron bremst von der Leyen aus","author":"Webredaktion","date":"28. Juli 2023","format":false,"excerpt":"Beitrag von Pierre Levy Am 11. Juli hatte die EU-Kommissarin bekannt gegeben, dass sie den seltenen Vogel f\u00fcr diesen entscheidenden Posten gefunden hatte: eine Amerikanerin der renommierten Yale-Universit\u00e4t, eine Expertin f\u00fcr Wettbewerbsrecht, die ihre F\u00e4higkeiten im Dienst der Obama-Regierung unter Beweis gestellt hatte, dann als Beraterin f\u00fcr Apple, Amazon, Microsoft\u2026","rel":"","context":"In &quot;Demokratie \u2013 Medien \u2013 Aufkl\u00e4rung&quot;","block_context":{"text":"Demokratie \u2013 Medien \u2013 Aufkl\u00e4rung","link":"https:\/\/www.freidenker.org\/?cat=12"},"img":{"alt_text":"","src":"https:\/\/i0.wp.com\/www.freidenker.org\/fw17\/wp-content\/uploads\/2023\/07\/Visit_of_Ursula_von_der_Leyen_to_Moldova_P061234-606259_800x450.jpg?fit=800%2C450&ssl=1&resize=350%2C200","width":350,"height":200,"srcset":"https:\/\/i0.wp.com\/www.freidenker.org\/fw17\/wp-content\/uploads\/2023\/07\/Visit_of_Ursula_von_der_Leyen_to_Moldova_P061234-606259_800x450.jpg?fit=800%2C450&ssl=1&resize=350%2C200 1x, https:\/\/i0.wp.com\/www.freidenker.org\/fw17\/wp-content\/uploads\/2023\/07\/Visit_of_Ursula_von_der_Leyen_to_Moldova_P061234-606259_800x450.jpg?fit=800%2C450&ssl=1&resize=525%2C300 1.5x, https:\/\/i0.wp.com\/www.freidenker.org\/fw17\/wp-content\/uploads\/2023\/07\/Visit_of_Ursula_von_der_Leyen_to_Moldova_P061234-606259_800x450.jpg?fit=800%2C450&ssl=1&resize=700%2C400 2x"},"classes":[]}],"_links":{"self":[{"href":"https:\/\/www.freidenker.org\/index.php?rest_route=\/wp\/v2\/posts\/8669","targetHints":{"allow":["GET"]}}],"collection":[{"href":"https:\/\/www.freidenker.org\/index.php?rest_route=\/wp\/v2\/posts"}],"about":[{"href":"https:\/\/www.freidenker.org\/index.php?rest_route=\/wp\/v2\/types\/post"}],"author":[{"embeddable":true,"href":"https:\/\/www.freidenker.org\/index.php?rest_route=\/wp\/v2\/users\/3"}],"replies":[{"embeddable":true,"href":"https:\/\/www.freidenker.org\/index.php?rest_route=%2Fwp%2Fv2%2Fcomments&post=8669"}],"version-history":[{"count":0,"href":"https:\/\/www.freidenker.org\/index.php?rest_route=\/wp\/v2\/posts\/8669\/revisions"}],"wp:featuredmedia":[{"embeddable":true,"href":"https:\/\/www.freidenker.org\/index.php?rest_route=\/wp\/v2\/media\/8672"}],"wp:attachment":[{"href":"https:\/\/www.freidenker.org\/index.php?rest_route=%2Fwp%2Fv2%2Fmedia&parent=8669"}],"wp:term":[{"taxonomy":"category","embeddable":true,"href":"https:\/\/www.freidenker.org\/index.php?rest_route=%2Fwp%2Fv2%2Fcategories&post=8669"},{"taxonomy":"post_tag","embeddable":true,"href":"https:\/\/www.freidenker.org\/index.php?rest_route=%2Fwp%2Fv2%2Ftags&post=8669"}],"curies":[{"name":"wp","href":"https:\/\/api.w.org\/{rel}","templated":true}]}}