{"id":8650,"date":"2020-09-21T23:17:54","date_gmt":"2020-09-21T21:17:54","guid":{"rendered":"https:\/\/www.freidenker.org\/?p=8650"},"modified":"2020-10-13T03:19:10","modified_gmt":"2020-10-13T01:19:10","slug":"bruessel-dreht-nicht-das-grosse-rad-bruessel-dreht-durch","status":"publish","type":"post","link":"https:\/\/www.freidenker.org\/?p=8650","title":{"rendered":"&#8222;Br\u00fcssel dreht nicht das gro\u00dfe Rad, Br\u00fcssel dreht durch&#8220;"},"content":{"rendered":"<div>\n<h5 class=\"article__heading \">Willy Wimmer zum Fall Nawalny<\/h5>\n<\/div>\n<div class=\"article__text \">\n<p><em>Der CDU-Politiker und ehemalige Staatssekret\u00e4r <strong>Willy Wimmer<\/strong> \u00e4u\u00dfert sich im RT-Interview zum Fall Nawalny und zu den Forderungen des EU-Parlaments nach h\u00e4rteren Sanktionen gegen Russland.<\/em><\/p>\n<p><span style=\"font-size: 10pt;\">Erstver\u00f6ffentlichung am 18.09.2020 auf <a href=\"https:\/\/deutsch.rt.com\/europa\/106848-staatssekretar-ad-willy-wimmer-bruessel-dreht-nicht-das-grosse-rad-bruessel-dreht-durch\/\" target=\"_blank\" rel=\"noopener noreferrer\">RT Deutsch<\/a><\/span><\/p>\n<p>&nbsp;<\/p>\n<p><strong>Die Resolution wurde angenommen, aber erwarten Sie angesichts ihres unverbindlichen Charakters weitere ernsthafte Schritte gegen Russland?<\/strong><\/p>\n<p>Warum &#8222;ernsthafte Schritte&#8220; gegen Russland? Bislang liegen keine Beweise auf dem Tisch, die auf staatlicher Ebene ein deutsches oder westeurop\u00e4isches Vorgehen gegen Russland rechtfertigen w\u00fcrden. Selbst die <em>BBC<\/em> macht darauf aufmerksam, wie seltsam dieser &#8222;Fall&#8220; ist. Die Bundeskanzlerin muss sich fragen, ob sie an einer diplomatischen &#8222;R\u00e4uberpistole&#8220; beteiligt ist. Aufkl\u00e4rung sieht anders aus, und diplomatisches Verhalten sch\u00fctzt vor Politisierung.<\/p>\n<p><strong>Die EU fordert, dass Russland den Fall untersucht und seine Ergebnisse mit der internationalen Gemeinschaft teilt. Aber warum wurde nicht ber\u00fccksichtigt, dass Russland von der deutschen Seite immer noch keine Beweise f\u00fcr die Vergiftung erhalten hat? Warum sind Moskaus Bitten um Weitergabe der deutschen Ergebnisse auf taube Ohren gesto\u00dfen?<\/strong><\/p>\n<p>Das deutsche Verhalten wurde von der ersten Sekunde nach den Regeln, die in diesen F\u00e4llen zwischen Staaten gelten, nicht von einer sachgerechten Aufkl\u00e4rung bestimmt. W\u00e4re man daran interessiert gewesen, h\u00e4tte man in Abstimmung mit den russischen Beh\u00f6rden ein neutrales Institut mit der Untersuchung von Proben beauftragt und nicht die der NATO unterstehende Bundeswehr.<\/p>\n<p><strong>Russland hatte die EU zuvor aufgefordert, den Fall Nawalny nicht zu politisieren. Aber war es \u00fcberhaupt m\u00f6glich, dass dieser Fall nicht politisiert w\u00fcrde?<\/strong><\/p>\n<p>Wenn man bis zum Fund von Nowitschok-Flaschen im Hotel in Tomsk die Geschichte bis heute sieht, dr\u00e4ngt sich der Eindruck einer erstaunlichen nachrichtendienstlichen Operation auf. Das h\u00e4tte vermieden werden k\u00f6nnen, wenn die deutsche Seite nach den internationalen Regeln und Gepflogenheiten die Aufkl\u00e4rung betrieben h\u00e4tte.<\/p>\n<p><strong>Wie steht es mit dem R\u00fcckzug von Nord Stream 2? Einige L\u00e4nder innerhalb der EU fordern diesen. Glauben Sie, dass das Projekt gef\u00e4hrdet ist?<\/strong><\/p>\n<p>Es geht um nicht mehr oder weniger als darum, ob Deutschland \u00f6konomische Vorhaben nach nationalen Interessen entscheiden kann oder will. Die Ber\u00fccksichtigung von Interessen Dritter bedeutet nicht, eigene Interessen nicht mehr wahrnehmen zu k\u00f6nnen. Russland ist seit 150 Jahren der verl\u00e4sslichste Handelspartner Deutschlands. Diese guten Beziehungen, die schwerste Zeiten \u00fcberstanden haben, sollten nicht durch Staaten gef\u00e4hrdet werden, die sich wie Wegelagerer verhalten. Man ist in Berlin so souver\u00e4n, wie man sich verh\u00e4lt.<\/p>\n<p><strong>Das EU-Parlament hat den Koordinierungsrat von Belarus als vor\u00fcbergehenden Regierungsvertreter, das Ergebnis der j\u00fcngsten Wahlen jedoch nicht anerkannt. Wie beurteilen Sie diesen Druck auf ein souver\u00e4nes Land?<\/strong><\/p>\n<p>Nach dem Pompeo-Besuch vor einigen Wochen in Wien hat \u00d6sterreichs Au\u00dfenminister [<em>Alexander; Anm. d. Red.<\/em>] Schallenberg in Siegerlaune verk\u00fcndet, dass man in den letzten Jahren nichts anderes getan habe, als Minsk aus der N\u00e4he zu Moskau rauszubrechen. Das macht die Dimension deutlich. Das Europ\u00e4ische Parlament muss sich heute bereits fragen lassen, ob es nach der Anstiftung durch bestimmte Kr\u00e4fte jetzt darum geht, diejenigen im Stich zu lassen, die man vorher mit Milliarden Dollar in Stimmung gebracht hatte. Die &#8222;roten Linien&#8220; sind klar, und so sehen die Stellungnahmen aus Br\u00fcssel auch aus.<\/p>\n<p><strong>Das EU-Parlament schl\u00e4gt vor, &#8222;eine EU-Strategie zur Unterst\u00fctzung russischer Dissidenten, Nichtregierungsorganisationen und Organisationen der Zivilgesellschaft sowie unabh\u00e4ngiger Medien&#8220; zu verabschieden. Ist das Europ\u00e4ische Parlament daran interessiert, Nichtregierungsorganisationen und die Zivilgesellschaft zu unterst\u00fctzen, die den EU-Mitgliedstaaten kritisch gegen\u00fcberstehen (z. B. die Gelbwesten)?<\/strong><\/p>\n<p>Br\u00fcssel dreht nicht das &#8222;gro\u00dfe Rad&#8220;, Br\u00fcssel dreht durch. So sieht Einmischung in die inneren Angelegenheiten anderer Staaten und eine v\u00f6llige Missachtung der Beziehungen zu anderen Staaten aus. Das ist die Fortsetzung der &#8222;Asselborn-Doktrin&#8220;, die gegen Ungarn und andere unliebsame Staaten selbst in der Europ\u00e4ischen Union angewendet wird. Das Europ\u00e4ische Parlament ist offenbar der verl\u00e4ngerte Arm der neuen Machtelite der volksfernen &#8222;Nichtregierungsorganisationen&#8220;. Doppelmoral ist westeurop\u00e4ische &#8222;Staatsr\u00e4son&#8220;.<\/p>\n<p style=\"text-align: right;\"><em>Willy Wimmer (CDU), ehem. Bundestagsabgeordneter sowie Parlamentarischer Staatssekret\u00e4r im Bundesministerium f\u00fcr Verteidigung, 1994 bis 2000 Vizepr\u00e4sident der Parlamentarischen Versammlung der OSZE (Organisation f\u00fcr Sicherheit und Zusammenarbeit in Europa).<\/em><\/p>\n<p><span style=\"font-size: 10pt;\">Link zur Erstver\u00f6ffentlichung: <a href=\"https:\/\/deutsch.rt.com\/europa\/106848-staatssekretar-ad-willy-wimmer-bruessel-dreht-nicht-das-grosse-rad-bruessel-dreht-durch\/\" target=\"_blank\" rel=\"noopener noreferrer\">https:\/\/deutsch.rt.com\/europa\/106848-staatssekretar-ad-willy-wimmer-bruessel-dreht-nicht-das-grosse-rad-bruessel-dreht-durch\/<\/a><\/span><\/p>\n<hr \/>\n<p><span style=\"font-size: 10pt;\">Bild: Willy Wimmer<br \/>\nFoto: RT Deutsch<\/span><\/p>\n<\/div>\n","protected":false},"excerpt":{"rendered":"<p><b>Interview von RT Deutsch mit Willy Wimmer<\/b><br \/>\nDer CDU-Politiker und ehemalige Staatssekret\u00e4r Willy Wimmer \u00e4u\u00dfert sich im RT-Interview zum Fall Nawalny und zu den Forderungen des EU-Parlaments nach h\u00e4rteren Sanktionen gegen Russland.<br \/>\n<i>F: Die Resolution wurde angenommen, aber erwarten Sie angesichts ihres unverbindlichen Charakters weitere ernsthafte Schritte gegen Russland?<\/i><br \/>\nA: Warum &#8222;ernsthafte Schritte&#8220; gegen Russland? Bislang liegen keine Beweise auf dem Tisch, die auf staatlicher Ebene ein deutsches oder westeurop\u00e4isches Vorgehen gegen Russland rechtfertigen w\u00fcrden. Selbst die BBC macht darauf aufmerksam, wie seltsam dieser &#8222;Fall&#8220; ist. Die Bundeskanzlerin muss sich fragen, ob sie an einer diplomatischen &#8222;R\u00e4uberpistole&#8220; beteiligt ist.<\/p>\n","protected":false},"author":3,"featured_media":8652,"comment_status":"closed","ping_status":"closed","sticky":false,"template":"","format":"standard","meta":{"colormag_page_container_layout":"default_layout","colormag_page_sidebar_layout":"default_layout","advanced_seo_description":"","jetpack_seo_html_title":"","jetpack_seo_noindex":false,"jetpack_post_was_ever_published":false,"footnotes":""},"categories":[12],"tags":[699,1312,182,56,222,185],"class_list":["post-8650","post","type-post","status-publish","format-standard","has-post-thumbnail","hentry","category-demokratie-medien-aufklaerung","tag-aussenpolitik","tag-belarus","tag-eu","tag-nato","tag-russland","tag-usa"],"jetpack_featured_media_url":"https:\/\/i0.wp.com\/www.freidenker.org\/fw17\/wp-content\/uploads\/2020\/09\/willy_wimmer_rt_800x450.jpg?fit=800%2C450&ssl=1","jetpack_shortlink":"https:\/\/wp.me\/p9stpK-2fw","jetpack-related-posts":[{"id":8547,"url":"https:\/\/www.freidenker.org\/?p=8547","url_meta":{"origin":8650,"position":0},"title":"Wei\u00dfrussland \u2013 eine Einsch\u00e4tzung des Umgangs mit diesem Land","author":"Webredaktion","date":"20. August 2020","format":false,"excerpt":"Beitrag von Willy Wimmer Der fr\u00fchere CDU-Politiker hatte am 2. Mai 2000 einen Brief an den damaligen Bundeskanzler Gerhard Schr\u00f6der (SPD) geschrieben und darin von einer Konferenz berichtet, die von zwei US-amerikanischen Organisationen in der slowakischen Hauptstadt Bratislava ausgerichtet worden war. Was dort beraten und von US-amerikanischer Seite als Planung\u2026","rel":"","context":"In &quot;Frieden - Antifaschismus - Solidarit\u00e4t&quot;","block_context":{"text":"Frieden - Antifaschismus - Solidarit\u00e4t","link":"https:\/\/www.freidenker.org\/?cat=13"},"img":{"alt_text":"","src":"https:\/\/i0.wp.com\/www.freidenker.org\/fw17\/wp-content\/uploads\/2020\/08\/belarus_pexels-artem-podrez-5119453.jpg?fit=1200%2C800&ssl=1&resize=350%2C200","width":350,"height":200,"srcset":"https:\/\/i0.wp.com\/www.freidenker.org\/fw17\/wp-content\/uploads\/2020\/08\/belarus_pexels-artem-podrez-5119453.jpg?fit=1200%2C800&ssl=1&resize=350%2C200 1x, https:\/\/i0.wp.com\/www.freidenker.org\/fw17\/wp-content\/uploads\/2020\/08\/belarus_pexels-artem-podrez-5119453.jpg?fit=1200%2C800&ssl=1&resize=525%2C300 1.5x, https:\/\/i0.wp.com\/www.freidenker.org\/fw17\/wp-content\/uploads\/2020\/08\/belarus_pexels-artem-podrez-5119453.jpg?fit=1200%2C800&ssl=1&resize=700%2C400 2x, https:\/\/i0.wp.com\/www.freidenker.org\/fw17\/wp-content\/uploads\/2020\/08\/belarus_pexels-artem-podrez-5119453.jpg?fit=1200%2C800&ssl=1&resize=1050%2C600 3x"},"classes":[]},{"id":12907,"url":"https:\/\/www.freidenker.org\/?p=12907","url_meta":{"origin":8650,"position":1},"title":"&#8222;Entscheidung auf dem Schlachtfeld&#8220;? Das klingt wie 1944","author":"Webredaktion","date":"25. April 2022","format":false,"excerpt":"Beitrag von Willy Wimmer Die Tonlagen aus Berlin, Br\u00fcssel und Washington wecken Erinnerungen. W\u00e4hrend in Deutschland jeder, der nicht auf Mainstream geschaltet ist, jederzeit mit dem Vorwurf rechnen muss, dass er Extremist und schlimmstenfalls Nazi ist, klingen die \u00f6ffentlichen Erkl\u00e4rungen aus der jeweiligen F\u00fchrungsetage so, wie es 1944 oder 1945\u2026","rel":"","context":"In &quot;Frieden - Antifaschismus - Solidarit\u00e4t&quot;","block_context":{"text":"Frieden - Antifaschismus - Solidarit\u00e4t","link":"https:\/\/www.freidenker.org\/?cat=13"},"img":{"alt_text":"","src":"https:\/\/i0.wp.com\/www.freidenker.org\/fw17\/wp-content\/uploads\/2022\/04\/mariupol_6261953548fbef4bfd3c97ec_800x450.jpg?fit=800%2C450&ssl=1&resize=350%2C200","width":350,"height":200,"srcset":"https:\/\/i0.wp.com\/www.freidenker.org\/fw17\/wp-content\/uploads\/2022\/04\/mariupol_6261953548fbef4bfd3c97ec_800x450.jpg?fit=800%2C450&ssl=1&resize=350%2C200 1x, https:\/\/i0.wp.com\/www.freidenker.org\/fw17\/wp-content\/uploads\/2022\/04\/mariupol_6261953548fbef4bfd3c97ec_800x450.jpg?fit=800%2C450&ssl=1&resize=525%2C300 1.5x, https:\/\/i0.wp.com\/www.freidenker.org\/fw17\/wp-content\/uploads\/2022\/04\/mariupol_6261953548fbef4bfd3c97ec_800x450.jpg?fit=800%2C450&ssl=1&resize=700%2C400 2x"},"classes":[]},{"id":7456,"url":"https:\/\/www.freidenker.org\/?p=7456","url_meta":{"origin":8650,"position":2},"title":"Man\u00f6ver der Schande","author":"Webredaktion","date":"21. Januar 2020","format":false,"excerpt":"Beitrag von Willy Wimmer Wenn eine Feststellung jemals zutreffend gewesen sein sollte, dann ist es diese: so etwas h\u00e4tte es bei Helmut Kohl als Bundeskanzler nicht gegeben. Jedem Zeitgenossen sind noch die Bilder von Verdun, dem gro\u00dfen. Schlachtfeld des Ersten Weltkrieges in Erinnerung. Vor dem Mahnmal von Douaumont reichten sich\u2026","rel":"","context":"In &quot;Frieden - Antifaschismus - Solidarit\u00e4t&quot;","block_context":{"text":"Frieden - Antifaschismus - Solidarit\u00e4t","link":"https:\/\/www.freidenker.org\/?cat=13"},"img":{"alt_text":"","src":"https:\/\/i0.wp.com\/www.freidenker.org\/fw17\/wp-content\/uploads\/2020\/01\/willy_wimmer_800x445.jpg?fit=800%2C445&ssl=1&resize=350%2C200","width":350,"height":200,"srcset":"https:\/\/i0.wp.com\/www.freidenker.org\/fw17\/wp-content\/uploads\/2020\/01\/willy_wimmer_800x445.jpg?fit=800%2C445&ssl=1&resize=350%2C200 1x, https:\/\/i0.wp.com\/www.freidenker.org\/fw17\/wp-content\/uploads\/2020\/01\/willy_wimmer_800x445.jpg?fit=800%2C445&ssl=1&resize=525%2C300 1.5x, https:\/\/i0.wp.com\/www.freidenker.org\/fw17\/wp-content\/uploads\/2020\/01\/willy_wimmer_800x445.jpg?fit=800%2C445&ssl=1&resize=700%2C400 2x"},"classes":[]},{"id":12035,"url":"https:\/\/www.freidenker.org\/?p=12035","url_meta":{"origin":8650,"position":3},"title":"Lawrow und Blinken in Genf: high noon am See","author":"Webredaktion","date":"21. Januar 2022","format":false,"excerpt":"Beitrag von Willy Wimmer Die Dinge treiben auf die Spitze zu. Nicht f\u00fcr Russland, nicht f\u00fcr die USA, es geht um uns alle. Scheitern die Gespr\u00e4che, scheitern wir. Dahin hat die Welt es kommen lassen. Dabei liegen die Dinge, um die es geht, seit langem auf dem Tisch. Sie wurden\u2026","rel":"","context":"In &quot;Frieden - Antifaschismus - Solidarit\u00e4t&quot;","block_context":{"text":"Frieden - Antifaschismus - Solidarit\u00e4t","link":"https:\/\/www.freidenker.org\/?cat=13"},"img":{"alt_text":"","src":"https:\/\/i0.wp.com\/www.freidenker.org\/fw17\/wp-content\/uploads\/2022\/01\/lawrow_blinken_800x450.jpg?fit=800%2C450&ssl=1&resize=350%2C200","width":350,"height":200,"srcset":"https:\/\/i0.wp.com\/www.freidenker.org\/fw17\/wp-content\/uploads\/2022\/01\/lawrow_blinken_800x450.jpg?fit=800%2C450&ssl=1&resize=350%2C200 1x, https:\/\/i0.wp.com\/www.freidenker.org\/fw17\/wp-content\/uploads\/2022\/01\/lawrow_blinken_800x450.jpg?fit=800%2C450&ssl=1&resize=525%2C300 1.5x, https:\/\/i0.wp.com\/www.freidenker.org\/fw17\/wp-content\/uploads\/2022\/01\/lawrow_blinken_800x450.jpg?fit=800%2C450&ssl=1&resize=700%2C400 2x"},"classes":[]},{"id":11353,"url":"https:\/\/www.freidenker.org\/?p=11353","url_meta":{"origin":8650,"position":4},"title":"Rote Linie \u00fcberschritten!","author":"Webredaktion","date":"5. Oktober 2021","format":false,"excerpt":"Kommentar von Rainer Rupp. Der \u201eInternationale Tag des allgemeinen Informationszugangs\u201c findet j\u00e4hrlich am 28. September statt. Es ist der Gedenktag der Vereinten Nationen zur F\u00f6rderung der Informationsfreiheit. Allgemein wird er auch als \u201eInternationaler Tag der Informationsfreiheit\u201c bezeichnet. ... Aber ausgerechnet an diesem 28. September, als der \u201eInternationale Tag der Informationsfreiheit\u201c\u2026","rel":"","context":"In &quot;Demokratie \u2013 Medien \u2013 Aufkl\u00e4rung&quot;","block_context":{"text":"Demokratie \u2013 Medien \u2013 Aufkl\u00e4rung","link":"https:\/\/www.freidenker.org\/?cat=12"},"img":{"alt_text":"","src":"https:\/\/i0.wp.com\/www.freidenker.org\/fw17\/wp-content\/uploads\/2021\/10\/RT-DE_YouTube_800x450.jpg?fit=800%2C450&ssl=1&resize=350%2C200","width":350,"height":200,"srcset":"https:\/\/i0.wp.com\/www.freidenker.org\/fw17\/wp-content\/uploads\/2021\/10\/RT-DE_YouTube_800x450.jpg?fit=800%2C450&ssl=1&resize=350%2C200 1x, https:\/\/i0.wp.com\/www.freidenker.org\/fw17\/wp-content\/uploads\/2021\/10\/RT-DE_YouTube_800x450.jpg?fit=800%2C450&ssl=1&resize=525%2C300 1.5x, https:\/\/i0.wp.com\/www.freidenker.org\/fw17\/wp-content\/uploads\/2021\/10\/RT-DE_YouTube_800x450.jpg?fit=800%2C450&ssl=1&resize=700%2C400 2x"},"classes":[]},{"id":9552,"url":"https:\/\/www.freidenker.org\/?p=9552","url_meta":{"origin":8650,"position":5},"title":"Verurteilung von Nawalny in Russland: Deutsche Rechtsauffassung ist falsch","author":"Webredaktion","date":"11. Februar 2021","format":false,"excerpt":"Beitrag von Gert Ewen Ungar Zahllose westliche Politiker sehen in Russland Willk\u00fcr und den autorit\u00e4ren Unrechtsstaat am Werk, der seine Widersacher ohne triftigen Grund ermordet oder durch politisch motivierte Prozesse hinter Gitter bringt. In Deutschland folgt das gesamte politische Establishment dieser Deutung und die Medien helfen eifrig mit beim Verbreiten\u2026","rel":"","context":"In &quot;Demokratie \u2013 Medien \u2013 Aufkl\u00e4rung&quot;","block_context":{"text":"Demokratie \u2013 Medien \u2013 Aufkl\u00e4rung","link":"https:\/\/www.freidenker.org\/?cat=12"},"img":{"alt_text":"","src":"https:\/\/i0.wp.com\/www.freidenker.org\/fw17\/wp-content\/uploads\/2021\/02\/nawalny_gericht_2011_bearb_800x450.jpg?fit=800%2C450&ssl=1&resize=350%2C200","width":350,"height":200,"srcset":"https:\/\/i0.wp.com\/www.freidenker.org\/fw17\/wp-content\/uploads\/2021\/02\/nawalny_gericht_2011_bearb_800x450.jpg?fit=800%2C450&ssl=1&resize=350%2C200 1x, https:\/\/i0.wp.com\/www.freidenker.org\/fw17\/wp-content\/uploads\/2021\/02\/nawalny_gericht_2011_bearb_800x450.jpg?fit=800%2C450&ssl=1&resize=525%2C300 1.5x, https:\/\/i0.wp.com\/www.freidenker.org\/fw17\/wp-content\/uploads\/2021\/02\/nawalny_gericht_2011_bearb_800x450.jpg?fit=800%2C450&ssl=1&resize=700%2C400 2x"},"classes":[]}],"_links":{"self":[{"href":"https:\/\/www.freidenker.org\/index.php?rest_route=\/wp\/v2\/posts\/8650","targetHints":{"allow":["GET"]}}],"collection":[{"href":"https:\/\/www.freidenker.org\/index.php?rest_route=\/wp\/v2\/posts"}],"about":[{"href":"https:\/\/www.freidenker.org\/index.php?rest_route=\/wp\/v2\/types\/post"}],"author":[{"embeddable":true,"href":"https:\/\/www.freidenker.org\/index.php?rest_route=\/wp\/v2\/users\/3"}],"replies":[{"embeddable":true,"href":"https:\/\/www.freidenker.org\/index.php?rest_route=%2Fwp%2Fv2%2Fcomments&post=8650"}],"version-history":[{"count":0,"href":"https:\/\/www.freidenker.org\/index.php?rest_route=\/wp\/v2\/posts\/8650\/revisions"}],"wp:featuredmedia":[{"embeddable":true,"href":"https:\/\/www.freidenker.org\/index.php?rest_route=\/wp\/v2\/media\/8652"}],"wp:attachment":[{"href":"https:\/\/www.freidenker.org\/index.php?rest_route=%2Fwp%2Fv2%2Fmedia&parent=8650"}],"wp:term":[{"taxonomy":"category","embeddable":true,"href":"https:\/\/www.freidenker.org\/index.php?rest_route=%2Fwp%2Fv2%2Fcategories&post=8650"},{"taxonomy":"post_tag","embeddable":true,"href":"https:\/\/www.freidenker.org\/index.php?rest_route=%2Fwp%2Fv2%2Ftags&post=8650"}],"curies":[{"name":"wp","href":"https:\/\/api.w.org\/{rel}","templated":true}]}}