{"id":8616,"date":"2020-09-20T12:23:30","date_gmt":"2020-09-20T10:23:30","guid":{"rendered":"https:\/\/www.freidenker.org\/?p=8616"},"modified":"2020-10-13T03:18:51","modified_gmt":"2020-10-13T01:18:51","slug":"kafkaesker-schauprozess","status":"publish","type":"post","link":"https:\/\/www.freidenker.org\/?p=8616","title":{"rendered":"Kafkaesker Schauprozess"},"content":{"rendered":"<h5><span class=\"text_small\">Das Verfahren zur Auslieferung von Julian Assange geht weiter<\/span><\/h5>\n<p><em>v<span class=\"text_small\">on <strong>Peter Betscher<\/strong><\/span><\/em><\/p>\n<p><span style=\"font-size: 10pt;\">Erstver\u00f6ffentlichung in der <a href=\"http:\/\/www.nrhz.de\/flyer\/beitrag.php?id=27032\" target=\"_blank\" rel=\"noopener noreferrer\">NRhZ, <span class=\"text_small_linespace\">Online-Flyer Nr. 753\u00a0 vom 09.09.2020<\/span><\/a><\/span><\/p>\n<p>Am 7. September 2020 wurde das Anh\u00f6rungsverfahren zur Auslieferung von Julian Assange im Zentralen Strafgerichtshof Old Bailey im Zentrum von London fortgesetzt &#8211; nicht wie im Februar 2020 im Woolwich Crown Court, das dem Hochsicherheitsgef\u00e4ngnis Belmarsh direkt angeschlossen ist. Zur Erinnerung: Julian Assange sitzt unschuldig im Hochsicherheitsgef\u00e4ngnis Belmarsh, das wegen seiner harten Haftbedingungen in der ZEIT vom 05.02.2020 als die britische Version von Guantanamo Bay bezeichnet wurde. Seine Haftstrafe wegen Versto\u00df gegen Kautionsauflagen hat er l\u00e4ngst abgesessen, und er wird nur wegen des Auslieferungsantrags der USA festgehalten, der sich auf ein Spionagegesetz von 1917 st\u00fctzt. Damit soll ein Pr\u00e4zedenzfall geschaffen werden. Erstmals wird versucht einen Publizisten als &#8222;Hacker&#8220; anzuklagen. Die Gesundheit von Julian Assange ist durch das mehrj\u00e4hrige Exil in der ecuadorianischen Botschaft und der Isolationshaft in Belmarsh extrem angeschlagen. (1) Der t\u00e4gliche Transport vom Stadtrand Londons in den Zentralen Gerichtshofs wird seine Gesundheit zus\u00e4tzlich belasten.<\/p>\n<div class=\"tiled-gallery type-rectangular tiled-gallery-unresized\" data-original-width=\"800\" data-carousel-extra='{&quot;blog_id&quot;:1,&quot;permalink&quot;:&quot;https:\\\/\\\/www.freidenker.org\\\/?p=8616&quot;,&quot;likes_blog_id&quot;:139773280}' itemscope itemtype=\"http:\/\/schema.org\/ImageGallery\" > <div class=\"gallery-row\" style=\"width: 800px; height: 235px;\" data-original-width=\"800\" data-original-height=\"235\" > <div class=\"gallery-group images-1\" style=\"width: 312px; height: 235px;\" data-original-width=\"312\" data-original-height=\"235\" > <div class=\"tiled-gallery-item tiled-gallery-item-large\" itemprop=\"associatedMedia\" itemscope itemtype=\"http:\/\/schema.org\/ImageObject\"> <a href=\"https:\/\/www.freidenker.org\/?attachment_id=8618\" border=\"0\" itemprop=\"url\"> <meta itemprop=\"width\" content=\"308\"> <meta itemprop=\"height\" content=\"231\"> <img decoding=\"async\" class=\"\" data-attachment-id=\"8618\" data-orig-file=\"https:\/\/www.freidenker.org\/fw17\/wp-content\/uploads\/2020\/09\/01-2020-09-05-pb-0951.jpg\" data-orig-size=\"440,330\" data-comments-opened=\"\" data-image-meta=\"{&quot;aperture&quot;:&quot;3.3&quot;,&quot;credit&quot;:&quot;&quot;,&quot;camera&quot;:&quot;DMC-TZ71&quot;,&quot;caption&quot;:&quot;&quot;,&quot;created_timestamp&quot;:&quot;1564161762&quot;,&quot;copyright&quot;:&quot;&quot;,&quot;focal_length&quot;:&quot;4.3&quot;,&quot;iso&quot;:&quot;80&quot;,&quot;shutter_speed&quot;:&quot;0.004&quot;,&quot;title&quot;:&quot;&quot;,&quot;orientation&quot;:&quot;1&quot;}\" data-image-title=\"01-2020-09-05-pb-0951\" data-image-description=\"\" data-medium-file=\"https:\/\/i0.wp.com\/www.freidenker.org\/fw17\/wp-content\/uploads\/2020\/09\/01-2020-09-05-pb-0951.jpg?fit=300%2C225&#038;ssl=1\" data-large-file=\"https:\/\/i0.wp.com\/www.freidenker.org\/fw17\/wp-content\/uploads\/2020\/09\/01-2020-09-05-pb-0951.jpg?fit=440%2C330&#038;ssl=1\" src=\"https:\/\/i0.wp.com\/www.freidenker.org\/fw17\/wp-content\/uploads\/2020\/09\/01-2020-09-05-pb-0951.jpg?w=308&#038;h=231&#038;ssl=1\" srcset=\"https:\/\/i0.wp.com\/www.freidenker.org\/fw17\/wp-content\/uploads\/2020\/09\/01-2020-09-05-pb-0951.jpg?w=440&amp;ssl=1 440w, https:\/\/i0.wp.com\/www.freidenker.org\/fw17\/wp-content\/uploads\/2020\/09\/01-2020-09-05-pb-0951.jpg?resize=300%2C225&amp;ssl=1 300w\" width=\"308\" height=\"231\" loading=\"lazy\" data-original-width=\"308\" data-original-height=\"231\" itemprop=\"http:\/\/schema.org\/image\" title=\"01-2020-09-05-pb-0951\" alt=\"Mahnwache und &quot;We are Millions&quot; in Bornheim Mitte\" style=\"width: 308px; height: 231px;\" \/> <\/a> <div class=\"tiled-gallery-caption\" itemprop=\"caption description\"> Mahnwache und &#8222;We are Millions&#8220; in Bornheim Mitte <\/div> <\/div> <\/div> <!-- close group --> <div class=\"gallery-group images-1\" style=\"width: 177px; height: 235px;\" data-original-width=\"177\" data-original-height=\"235\" > <div class=\"tiled-gallery-item tiled-gallery-item-small\" itemprop=\"associatedMedia\" itemscope itemtype=\"http:\/\/schema.org\/ImageObject\"> <a href=\"https:\/\/www.freidenker.org\/?attachment_id=8619\" border=\"0\" itemprop=\"url\"> <meta itemprop=\"width\" content=\"173\"> <meta itemprop=\"height\" content=\"231\"> <img decoding=\"async\" class=\"\" data-attachment-id=\"8619\" data-orig-file=\"https:\/\/www.freidenker.org\/fw17\/wp-content\/uploads\/2020\/09\/02-2020-09-05-pb-0953.jpg\" data-orig-size=\"440,587\" data-comments-opened=\"\" data-image-meta=\"{&quot;aperture&quot;:&quot;3.3&quot;,&quot;credit&quot;:&quot;&quot;,&quot;camera&quot;:&quot;DMC-TZ71&quot;,&quot;caption&quot;:&quot;&quot;,&quot;created_timestamp&quot;:&quot;1564162399&quot;,&quot;copyright&quot;:&quot;&quot;,&quot;focal_length&quot;:&quot;4.3&quot;,&quot;iso&quot;:&quot;80&quot;,&quot;shutter_speed&quot;:&quot;0.016666666666667&quot;,&quot;title&quot;:&quot;&quot;,&quot;orientation&quot;:&quot;1&quot;}\" data-image-title=\"02-2020-09-05-pb-0953\" data-image-description=\"\" data-medium-file=\"https:\/\/i0.wp.com\/www.freidenker.org\/fw17\/wp-content\/uploads\/2020\/09\/02-2020-09-05-pb-0953.jpg?fit=225%2C300&#038;ssl=1\" data-large-file=\"https:\/\/i0.wp.com\/www.freidenker.org\/fw17\/wp-content\/uploads\/2020\/09\/02-2020-09-05-pb-0953.jpg?fit=440%2C587&#038;ssl=1\" src=\"https:\/\/i0.wp.com\/www.freidenker.org\/fw17\/wp-content\/uploads\/2020\/09\/02-2020-09-05-pb-0953.jpg?w=173&#038;h=231&#038;ssl=1\" srcset=\"https:\/\/i0.wp.com\/www.freidenker.org\/fw17\/wp-content\/uploads\/2020\/09\/02-2020-09-05-pb-0953.jpg?w=440&amp;ssl=1 440w, https:\/\/i0.wp.com\/www.freidenker.org\/fw17\/wp-content\/uploads\/2020\/09\/02-2020-09-05-pb-0953.jpg?resize=225%2C300&amp;ssl=1 225w\" width=\"173\" height=\"231\" loading=\"lazy\" data-original-width=\"173\" data-original-height=\"231\" itemprop=\"http:\/\/schema.org\/image\" title=\"02-2020-09-05-pb-0953\" alt=\"&quot;Freiheit f\u00fcr Assange&quot;\" style=\"width: 173px; height: 231px;\" \/> <\/a> <div class=\"tiled-gallery-caption\" itemprop=\"caption description\"> &#8222;Freiheit f\u00fcr Assange&#8220; <\/div> <\/div> <\/div> <!-- close group --> <div class=\"gallery-group images-1\" style=\"width: 311px; height: 235px;\" data-original-width=\"311\" data-original-height=\"235\" > <div class=\"tiled-gallery-item tiled-gallery-item-large\" itemprop=\"associatedMedia\" itemscope itemtype=\"http:\/\/schema.org\/ImageObject\"> <a href=\"https:\/\/www.freidenker.org\/?attachment_id=8620\" border=\"0\" itemprop=\"url\"> <meta itemprop=\"width\" content=\"307\"> <meta itemprop=\"height\" content=\"231\"> <img decoding=\"async\" class=\"\" data-attachment-id=\"8620\" data-orig-file=\"https:\/\/www.freidenker.org\/fw17\/wp-content\/uploads\/2020\/09\/03-2020-09-05-pb-0957.jpg\" data-orig-size=\"440,330\" data-comments-opened=\"\" data-image-meta=\"{&quot;aperture&quot;:&quot;3.3&quot;,&quot;credit&quot;:&quot;&quot;,&quot;camera&quot;:&quot;DMC-TZ71&quot;,&quot;caption&quot;:&quot;&quot;,&quot;created_timestamp&quot;:&quot;1564169201&quot;,&quot;copyright&quot;:&quot;&quot;,&quot;focal_length&quot;:&quot;4.3&quot;,&quot;iso&quot;:&quot;80&quot;,&quot;shutter_speed&quot;:&quot;0.00076923076923077&quot;,&quot;title&quot;:&quot;&quot;,&quot;orientation&quot;:&quot;1&quot;}\" data-image-title=\"03-2020-09-05-pb-0957\" data-image-description=\"\" data-medium-file=\"https:\/\/i0.wp.com\/www.freidenker.org\/fw17\/wp-content\/uploads\/2020\/09\/03-2020-09-05-pb-0957.jpg?fit=300%2C225&#038;ssl=1\" data-large-file=\"https:\/\/i0.wp.com\/www.freidenker.org\/fw17\/wp-content\/uploads\/2020\/09\/03-2020-09-05-pb-0957.jpg?fit=440%2C330&#038;ssl=1\" src=\"https:\/\/i0.wp.com\/www.freidenker.org\/fw17\/wp-content\/uploads\/2020\/09\/03-2020-09-05-pb-0957.jpg?w=307&#038;h=231&#038;ssl=1\" srcset=\"https:\/\/i0.wp.com\/www.freidenker.org\/fw17\/wp-content\/uploads\/2020\/09\/03-2020-09-05-pb-0957.jpg?w=440&amp;ssl=1 440w, https:\/\/i0.wp.com\/www.freidenker.org\/fw17\/wp-content\/uploads\/2020\/09\/03-2020-09-05-pb-0957.jpg?resize=300%2C225&amp;ssl=1 300w\" width=\"307\" height=\"231\" loading=\"lazy\" data-original-width=\"307\" data-original-height=\"231\" itemprop=\"http:\/\/schema.org\/image\" title=\"03-2020-09-05-pb-0957\" alt=\"&quot;Freiheit f\u00fcr Assange&quot;\" style=\"width: 307px; height: 231px;\" \/> <\/a> <div class=\"tiled-gallery-caption\" itemprop=\"caption description\"> &#8222;Freiheit f\u00fcr Assange&#8220; <\/div> <\/div> <\/div> <!-- close group --> <\/div> <!-- close row --> <div class=\"gallery-row\" style=\"width: 800px; height: 384px;\" data-original-width=\"800\" data-original-height=\"384\" > <div class=\"gallery-group images-1\" style=\"width: 289px; height: 384px;\" data-original-width=\"289\" data-original-height=\"384\" > <div class=\"tiled-gallery-item tiled-gallery-item-large\" itemprop=\"associatedMedia\" itemscope itemtype=\"http:\/\/schema.org\/ImageObject\"> <a href=\"https:\/\/www.freidenker.org\/?attachment_id=8621\" border=\"0\" itemprop=\"url\"> <meta itemprop=\"width\" content=\"285\"> <meta itemprop=\"height\" content=\"380\"> <img decoding=\"async\" class=\"\" data-attachment-id=\"8621\" data-orig-file=\"https:\/\/www.freidenker.org\/fw17\/wp-content\/uploads\/2020\/09\/04-2020-09-05-pb-0954.jpg\" data-orig-size=\"440,587\" data-comments-opened=\"\" data-image-meta=\"{&quot;aperture&quot;:&quot;3.3&quot;,&quot;credit&quot;:&quot;&quot;,&quot;camera&quot;:&quot;DMC-TZ71&quot;,&quot;caption&quot;:&quot;&quot;,&quot;created_timestamp&quot;:&quot;1564162416&quot;,&quot;copyright&quot;:&quot;&quot;,&quot;focal_length&quot;:&quot;4.3&quot;,&quot;iso&quot;:&quot;80&quot;,&quot;shutter_speed&quot;:&quot;0.01&quot;,&quot;title&quot;:&quot;&quot;,&quot;orientation&quot;:&quot;1&quot;}\" data-image-title=\"04-2020-09-05-pb-0954\" data-image-description=\"\" data-medium-file=\"https:\/\/i0.wp.com\/www.freidenker.org\/fw17\/wp-content\/uploads\/2020\/09\/04-2020-09-05-pb-0954.jpg?fit=225%2C300&#038;ssl=1\" data-large-file=\"https:\/\/i0.wp.com\/www.freidenker.org\/fw17\/wp-content\/uploads\/2020\/09\/04-2020-09-05-pb-0954.jpg?fit=440%2C587&#038;ssl=1\" src=\"https:\/\/i0.wp.com\/www.freidenker.org\/fw17\/wp-content\/uploads\/2020\/09\/04-2020-09-05-pb-0954.jpg?w=285&#038;h=380&#038;ssl=1\" srcset=\"https:\/\/i0.wp.com\/www.freidenker.org\/fw17\/wp-content\/uploads\/2020\/09\/04-2020-09-05-pb-0954.jpg?w=440&amp;ssl=1 440w, https:\/\/i0.wp.com\/www.freidenker.org\/fw17\/wp-content\/uploads\/2020\/09\/04-2020-09-05-pb-0954.jpg?resize=225%2C300&amp;ssl=1 225w\" width=\"285\" height=\"380\" loading=\"lazy\" data-original-width=\"285\" data-original-height=\"380\" itemprop=\"http:\/\/schema.org\/image\" title=\"04-2020-09-05-pb-0954\" alt=\"&quot;Freiheit f\u00fcr Assange&quot;\" style=\"width: 285px; height: 380px;\" \/> <\/a> <div class=\"tiled-gallery-caption\" itemprop=\"caption description\"> &#8222;Freiheit f\u00fcr Assange&#8220; <\/div> <\/div> <\/div> <!-- close group --> <div class=\"gallery-group images-1\" style=\"width: 511px; height: 384px;\" data-original-width=\"511\" data-original-height=\"384\" > <div class=\"tiled-gallery-item tiled-gallery-item-large\" itemprop=\"associatedMedia\" itemscope itemtype=\"http:\/\/schema.org\/ImageObject\"> <a href=\"https:\/\/www.freidenker.org\/?attachment_id=8622\" border=\"0\" itemprop=\"url\"> <meta itemprop=\"width\" content=\"507\"> <meta itemprop=\"height\" content=\"380\"> <img decoding=\"async\" class=\"\" data-attachment-id=\"8622\" data-orig-file=\"https:\/\/www.freidenker.org\/fw17\/wp-content\/uploads\/2020\/09\/05-2020-09-05-pb-0962.jpg\" data-orig-size=\"440,330\" data-comments-opened=\"\" data-image-meta=\"{&quot;aperture&quot;:&quot;3.3&quot;,&quot;credit&quot;:&quot;&quot;,&quot;camera&quot;:&quot;DMC-TZ71&quot;,&quot;caption&quot;:&quot;&quot;,&quot;created_timestamp&quot;:&quot;1564188699&quot;,&quot;copyright&quot;:&quot;&quot;,&quot;focal_length&quot;:&quot;4.3&quot;,&quot;iso&quot;:&quot;640&quot;,&quot;shutter_speed&quot;:&quot;0.066666666666667&quot;,&quot;title&quot;:&quot;&quot;,&quot;orientation&quot;:&quot;1&quot;}\" data-image-title=\"05-2020-09-05-pb-0962\" data-image-description=\"\" data-medium-file=\"https:\/\/i0.wp.com\/www.freidenker.org\/fw17\/wp-content\/uploads\/2020\/09\/05-2020-09-05-pb-0962.jpg?fit=300%2C225&#038;ssl=1\" data-large-file=\"https:\/\/i0.wp.com\/www.freidenker.org\/fw17\/wp-content\/uploads\/2020\/09\/05-2020-09-05-pb-0962.jpg?fit=440%2C330&#038;ssl=1\" src=\"https:\/\/i0.wp.com\/www.freidenker.org\/fw17\/wp-content\/uploads\/2020\/09\/05-2020-09-05-pb-0962.jpg?w=507&#038;h=380&#038;ssl=1\" srcset=\"https:\/\/i0.wp.com\/www.freidenker.org\/fw17\/wp-content\/uploads\/2020\/09\/05-2020-09-05-pb-0962.jpg?w=440&amp;ssl=1 440w, https:\/\/i0.wp.com\/www.freidenker.org\/fw17\/wp-content\/uploads\/2020\/09\/05-2020-09-05-pb-0962.jpg?resize=300%2C225&amp;ssl=1 300w\" width=\"507\" height=\"380\" loading=\"lazy\" data-original-width=\"507\" data-original-height=\"380\" itemprop=\"http:\/\/schema.org\/image\" title=\"05-2020-09-05-pb-0962\" alt=\"Kunstverein Familie Montez\" style=\"width: 507px; height: 380px;\" \/> <\/a> <div class=\"tiled-gallery-caption\" itemprop=\"caption description\"> Kunstverein Familie Montez <\/div> <\/div> <\/div> <!-- close group --> <\/div> <!-- close row --> <div class=\"gallery-row\" style=\"width: 800px; height: 366px;\" data-original-width=\"800\" data-original-height=\"366\" > <div class=\"gallery-group images-1\" style=\"width: 305px; height: 366px;\" data-original-width=\"305\" data-original-height=\"366\" > <div class=\"tiled-gallery-item tiled-gallery-item-large\" itemprop=\"associatedMedia\" itemscope itemtype=\"http:\/\/schema.org\/ImageObject\"> <a href=\"https:\/\/www.freidenker.org\/?attachment_id=8623\" border=\"0\" itemprop=\"url\"> <meta itemprop=\"width\" content=\"301\"> <meta itemprop=\"height\" content=\"362\"> <img decoding=\"async\" class=\"\" data-attachment-id=\"8623\" data-orig-file=\"https:\/\/www.freidenker.org\/fw17\/wp-content\/uploads\/2020\/09\/06-2020-09-05-pb-0965.jpg\" data-orig-size=\"440,529\" data-comments-opened=\"\" data-image-meta=\"{&quot;aperture&quot;:&quot;3.3&quot;,&quot;credit&quot;:&quot;&quot;,&quot;camera&quot;:&quot;DMC-TZ71&quot;,&quot;caption&quot;:&quot;&quot;,&quot;created_timestamp&quot;:&quot;1564189088&quot;,&quot;copyright&quot;:&quot;&quot;,&quot;focal_length&quot;:&quot;4.3&quot;,&quot;iso&quot;:&quot;400&quot;,&quot;shutter_speed&quot;:&quot;0.04&quot;,&quot;title&quot;:&quot;&quot;,&quot;orientation&quot;:&quot;1&quot;}\" data-image-title=\"06-2020-09-05-pb-0965\" data-image-description=\"\" data-medium-file=\"https:\/\/i0.wp.com\/www.freidenker.org\/fw17\/wp-content\/uploads\/2020\/09\/06-2020-09-05-pb-0965.jpg?fit=250%2C300&#038;ssl=1\" data-large-file=\"https:\/\/i0.wp.com\/www.freidenker.org\/fw17\/wp-content\/uploads\/2020\/09\/06-2020-09-05-pb-0965.jpg?fit=440%2C529&#038;ssl=1\" src=\"https:\/\/i0.wp.com\/www.freidenker.org\/fw17\/wp-content\/uploads\/2020\/09\/06-2020-09-05-pb-0965.jpg?w=301&#038;h=362&#038;ssl=1\" srcset=\"https:\/\/i0.wp.com\/www.freidenker.org\/fw17\/wp-content\/uploads\/2020\/09\/06-2020-09-05-pb-0965.jpg?w=440&amp;ssl=1 440w, https:\/\/i0.wp.com\/www.freidenker.org\/fw17\/wp-content\/uploads\/2020\/09\/06-2020-09-05-pb-0965.jpg?resize=250%2C300&amp;ssl=1 250w\" width=\"301\" height=\"362\" loading=\"lazy\" data-original-width=\"301\" data-original-height=\"362\" itemprop=\"http:\/\/schema.org\/image\" title=\"06-2020-09-05-pb-0965\" alt=\"&quot;We are Millions&quot;\" style=\"width: 301px; height: 362px;\" \/> <\/a> <div class=\"tiled-gallery-caption\" itemprop=\"caption description\"> &#8222;We are Millions&#8220; <\/div> <\/div> <\/div> <!-- close group --> <div class=\"gallery-group images-1\" style=\"width: 495px; height: 366px;\" data-original-width=\"495\" data-original-height=\"366\" > <div class=\"tiled-gallery-item tiled-gallery-item-large\" itemprop=\"associatedMedia\" itemscope itemtype=\"http:\/\/schema.org\/ImageObject\"> <a href=\"https:\/\/www.freidenker.org\/?attachment_id=8624\" border=\"0\" itemprop=\"url\"> <meta itemprop=\"width\" content=\"491\"> <meta itemprop=\"height\" content=\"362\"> <img decoding=\"async\" class=\"\" data-attachment-id=\"8624\" data-orig-file=\"https:\/\/www.freidenker.org\/fw17\/wp-content\/uploads\/2020\/09\/07-2020-09-05-pb-0964.jpg\" data-orig-size=\"440,325\" data-comments-opened=\"\" data-image-meta=\"{&quot;aperture&quot;:&quot;3.3&quot;,&quot;credit&quot;:&quot;&quot;,&quot;camera&quot;:&quot;DMC-TZ71&quot;,&quot;caption&quot;:&quot;&quot;,&quot;created_timestamp&quot;:&quot;1564188777&quot;,&quot;copyright&quot;:&quot;&quot;,&quot;focal_length&quot;:&quot;4.3&quot;,&quot;iso&quot;:&quot;400&quot;,&quot;shutter_speed&quot;:&quot;0.025&quot;,&quot;title&quot;:&quot;&quot;,&quot;orientation&quot;:&quot;1&quot;}\" data-image-title=\"07-2020-09-05-pb-0964\" data-image-description=\"\" data-medium-file=\"https:\/\/i0.wp.com\/www.freidenker.org\/fw17\/wp-content\/uploads\/2020\/09\/07-2020-09-05-pb-0964.jpg?fit=300%2C222&#038;ssl=1\" data-large-file=\"https:\/\/i0.wp.com\/www.freidenker.org\/fw17\/wp-content\/uploads\/2020\/09\/07-2020-09-05-pb-0964.jpg?fit=440%2C325&#038;ssl=1\" src=\"https:\/\/i0.wp.com\/www.freidenker.org\/fw17\/wp-content\/uploads\/2020\/09\/07-2020-09-05-pb-0964.jpg?w=491&#038;h=362&#038;ssl=1\" srcset=\"https:\/\/i0.wp.com\/www.freidenker.org\/fw17\/wp-content\/uploads\/2020\/09\/07-2020-09-05-pb-0964.jpg?w=440&amp;ssl=1 440w, https:\/\/i0.wp.com\/www.freidenker.org\/fw17\/wp-content\/uploads\/2020\/09\/07-2020-09-05-pb-0964.jpg?resize=300%2C222&amp;ssl=1 300w\" width=\"491\" height=\"362\" loading=\"lazy\" data-original-width=\"491\" data-original-height=\"362\" itemprop=\"http:\/\/schema.org\/image\" title=\"07-2020-09-05-pb-0964\" alt=\"&quot;We are Millions&quot;\" style=\"width: 491px; height: 362px;\" \/> <\/a> <div class=\"tiled-gallery-caption\" itemprop=\"caption description\"> &#8222;We are Millions&#8220; <\/div> <\/div> <\/div> <!-- close group --> <\/div> <!-- close row --> <div class=\"gallery-row\" style=\"width: 800px; height: 670px;\" data-original-width=\"800\" data-original-height=\"670\" > <div class=\"gallery-group images-1\" style=\"width: 503px; height: 670px;\" data-original-width=\"503\" data-original-height=\"670\" > <div class=\"tiled-gallery-item tiled-gallery-item-large\" itemprop=\"associatedMedia\" itemscope itemtype=\"http:\/\/schema.org\/ImageObject\"> <a href=\"https:\/\/www.freidenker.org\/?attachment_id=8625\" border=\"0\" itemprop=\"url\"> <meta itemprop=\"width\" content=\"499\"> <meta itemprop=\"height\" content=\"666\"> <img decoding=\"async\" class=\"\" data-attachment-id=\"8625\" data-orig-file=\"https:\/\/www.freidenker.org\/fw17\/wp-content\/uploads\/2020\/09\/08-2020-09-05-pb-0971.jpg\" data-orig-size=\"440,587\" data-comments-opened=\"\" data-image-meta=\"{&quot;aperture&quot;:&quot;3.3&quot;,&quot;credit&quot;:&quot;&quot;,&quot;camera&quot;:&quot;DMC-TZ71&quot;,&quot;caption&quot;:&quot;&quot;,&quot;created_timestamp&quot;:&quot;1564189971&quot;,&quot;copyright&quot;:&quot;&quot;,&quot;focal_length&quot;:&quot;4.3&quot;,&quot;iso&quot;:&quot;320&quot;,&quot;shutter_speed&quot;:&quot;0.016666666666667&quot;,&quot;title&quot;:&quot;&quot;,&quot;orientation&quot;:&quot;1&quot;}\" data-image-title=\"08-2020-09-05-pb-0971\" data-image-description=\"\" data-medium-file=\"https:\/\/i0.wp.com\/www.freidenker.org\/fw17\/wp-content\/uploads\/2020\/09\/08-2020-09-05-pb-0971.jpg?fit=225%2C300&#038;ssl=1\" data-large-file=\"https:\/\/i0.wp.com\/www.freidenker.org\/fw17\/wp-content\/uploads\/2020\/09\/08-2020-09-05-pb-0971.jpg?fit=440%2C587&#038;ssl=1\" src=\"https:\/\/i0.wp.com\/www.freidenker.org\/fw17\/wp-content\/uploads\/2020\/09\/08-2020-09-05-pb-0971.jpg?w=499&#038;h=666&#038;ssl=1\" srcset=\"https:\/\/i0.wp.com\/www.freidenker.org\/fw17\/wp-content\/uploads\/2020\/09\/08-2020-09-05-pb-0971.jpg?w=440&amp;ssl=1 440w, https:\/\/i0.wp.com\/www.freidenker.org\/fw17\/wp-content\/uploads\/2020\/09\/08-2020-09-05-pb-0971.jpg?resize=225%2C300&amp;ssl=1 225w\" width=\"499\" height=\"666\" loading=\"lazy\" data-original-width=\"499\" data-original-height=\"666\" itemprop=\"http:\/\/schema.org\/image\" title=\"08-2020-09-05-pb-0971\" alt=\"&quot;Freiheit f\u00fcr Assange&quot;\" style=\"width: 499px; height: 666px;\" \/> <\/a> <div class=\"tiled-gallery-caption\" itemprop=\"caption description\"> &#8222;Freiheit f\u00fcr Assange&#8220; <\/div> <\/div> <\/div> <!-- close group --> <div class=\"gallery-group images-3\" style=\"width: 297px; height: 670px;\" data-original-width=\"297\" data-original-height=\"670\" > <div class=\"tiled-gallery-item tiled-gallery-item-large\" itemprop=\"associatedMedia\" itemscope itemtype=\"http:\/\/schema.org\/ImageObject\"> <a href=\"https:\/\/www.freidenker.org\/?attachment_id=8626\" border=\"0\" itemprop=\"url\"> <meta itemprop=\"width\" content=\"293\"> <meta itemprop=\"height\" content=\"220\"> <img decoding=\"async\" class=\"\" data-attachment-id=\"8626\" data-orig-file=\"https:\/\/www.freidenker.org\/fw17\/wp-content\/uploads\/2020\/09\/09-2020-09-05-pb-0973.jpg\" data-orig-size=\"440,330\" data-comments-opened=\"\" data-image-meta=\"{&quot;aperture&quot;:&quot;3.3&quot;,&quot;credit&quot;:&quot;&quot;,&quot;camera&quot;:&quot;DMC-TZ71&quot;,&quot;caption&quot;:&quot;&quot;,&quot;created_timestamp&quot;:&quot;1564190319&quot;,&quot;copyright&quot;:&quot;&quot;,&quot;focal_length&quot;:&quot;4.3&quot;,&quot;iso&quot;:&quot;320&quot;,&quot;shutter_speed&quot;:&quot;0.016666666666667&quot;,&quot;title&quot;:&quot;&quot;,&quot;orientation&quot;:&quot;1&quot;}\" data-image-title=\"09-2020-09-05-pb-0973\" data-image-description=\"\" data-medium-file=\"https:\/\/i0.wp.com\/www.freidenker.org\/fw17\/wp-content\/uploads\/2020\/09\/09-2020-09-05-pb-0973.jpg?fit=300%2C225&#038;ssl=1\" data-large-file=\"https:\/\/i0.wp.com\/www.freidenker.org\/fw17\/wp-content\/uploads\/2020\/09\/09-2020-09-05-pb-0973.jpg?fit=440%2C330&#038;ssl=1\" src=\"https:\/\/i0.wp.com\/www.freidenker.org\/fw17\/wp-content\/uploads\/2020\/09\/09-2020-09-05-pb-0973.jpg?w=293&#038;h=220&#038;ssl=1\" srcset=\"https:\/\/i0.wp.com\/www.freidenker.org\/fw17\/wp-content\/uploads\/2020\/09\/09-2020-09-05-pb-0973.jpg?w=440&amp;ssl=1 440w, https:\/\/i0.wp.com\/www.freidenker.org\/fw17\/wp-content\/uploads\/2020\/09\/09-2020-09-05-pb-0973.jpg?resize=300%2C225&amp;ssl=1 300w\" width=\"293\" height=\"220\" loading=\"lazy\" data-original-width=\"293\" data-original-height=\"220\" itemprop=\"http:\/\/schema.org\/image\" title=\"09-2020-09-05-pb-0973\" alt=\"Andrej Hunko mit Plakat f\u00fcr die Befreiung von Jorge Glas\" style=\"width: 293px; height: 220px;\" \/> <\/a> <div class=\"tiled-gallery-caption\" itemprop=\"caption description\"> Andrej Hunko mit Plakat f\u00fcr die Befreiung von Jorge Glas <\/div> <\/div> <div class=\"tiled-gallery-item tiled-gallery-item-large\" itemprop=\"associatedMedia\" itemscope itemtype=\"http:\/\/schema.org\/ImageObject\"> <a href=\"https:\/\/www.freidenker.org\/?attachment_id=8627\" border=\"0\" itemprop=\"url\"> <meta itemprop=\"width\" content=\"293\"> <meta itemprop=\"height\" content=\"219\"> <img decoding=\"async\" class=\"\" data-attachment-id=\"8627\" data-orig-file=\"https:\/\/www.freidenker.org\/fw17\/wp-content\/uploads\/2020\/09\/10-2020-09-05-pb-0972.jpg\" data-orig-size=\"440,330\" data-comments-opened=\"\" data-image-meta=\"{&quot;aperture&quot;:&quot;3.3&quot;,&quot;credit&quot;:&quot;&quot;,&quot;camera&quot;:&quot;DMC-TZ71&quot;,&quot;caption&quot;:&quot;&quot;,&quot;created_timestamp&quot;:&quot;1564190069&quot;,&quot;copyright&quot;:&quot;&quot;,&quot;focal_length&quot;:&quot;4.3&quot;,&quot;iso&quot;:&quot;200&quot;,&quot;shutter_speed&quot;:&quot;0.016666666666667&quot;,&quot;title&quot;:&quot;&quot;,&quot;orientation&quot;:&quot;1&quot;}\" data-image-title=\"10-2020-09-05-pb-0972\" data-image-description=\"\" data-medium-file=\"https:\/\/i0.wp.com\/www.freidenker.org\/fw17\/wp-content\/uploads\/2020\/09\/10-2020-09-05-pb-0972.jpg?fit=300%2C225&#038;ssl=1\" data-large-file=\"https:\/\/i0.wp.com\/www.freidenker.org\/fw17\/wp-content\/uploads\/2020\/09\/10-2020-09-05-pb-0972.jpg?fit=440%2C330&#038;ssl=1\" src=\"https:\/\/i0.wp.com\/www.freidenker.org\/fw17\/wp-content\/uploads\/2020\/09\/10-2020-09-05-pb-0972.jpg?w=293&#038;h=219&#038;ssl=1\" srcset=\"https:\/\/i0.wp.com\/www.freidenker.org\/fw17\/wp-content\/uploads\/2020\/09\/10-2020-09-05-pb-0972.jpg?w=440&amp;ssl=1 440w, https:\/\/i0.wp.com\/www.freidenker.org\/fw17\/wp-content\/uploads\/2020\/09\/10-2020-09-05-pb-0972.jpg?resize=300%2C225&amp;ssl=1 300w\" width=\"293\" height=\"219\" loading=\"lazy\" data-original-width=\"293\" data-original-height=\"219\" itemprop=\"http:\/\/schema.org\/image\" title=\"10-2020-09-05-pb-0972\" alt=\"Guy Dawson singt\" style=\"width: 293px; height: 219px;\" \/> <\/a> <div class=\"tiled-gallery-caption\" itemprop=\"caption description\"> Guy Dawson singt <\/div> <\/div> <div class=\"tiled-gallery-item tiled-gallery-item-large\" itemprop=\"associatedMedia\" itemscope itemtype=\"http:\/\/schema.org\/ImageObject\"> <a href=\"https:\/\/www.freidenker.org\/?attachment_id=8628\" border=\"0\" itemprop=\"url\"> <meta itemprop=\"width\" content=\"293\"> <meta itemprop=\"height\" content=\"219\"> <img decoding=\"async\" class=\"\" data-attachment-id=\"8628\" data-orig-file=\"https:\/\/www.freidenker.org\/fw17\/wp-content\/uploads\/2020\/09\/11-2020-09-05-pb-0974.jpg\" data-orig-size=\"440,330\" data-comments-opened=\"\" data-image-meta=\"{&quot;aperture&quot;:&quot;3.3&quot;,&quot;credit&quot;:&quot;&quot;,&quot;camera&quot;:&quot;DMC-TZ71&quot;,&quot;caption&quot;:&quot;&quot;,&quot;created_timestamp&quot;:&quot;1564190546&quot;,&quot;copyright&quot;:&quot;&quot;,&quot;focal_length&quot;:&quot;4.3&quot;,&quot;iso&quot;:&quot;320&quot;,&quot;shutter_speed&quot;:&quot;0.016666666666667&quot;,&quot;title&quot;:&quot;&quot;,&quot;orientation&quot;:&quot;1&quot;}\" data-image-title=\"11-2020-09-05-pb-0974\" data-image-description=\"\" data-medium-file=\"https:\/\/i0.wp.com\/www.freidenker.org\/fw17\/wp-content\/uploads\/2020\/09\/11-2020-09-05-pb-0974.jpg?fit=300%2C225&#038;ssl=1\" data-large-file=\"https:\/\/i0.wp.com\/www.freidenker.org\/fw17\/wp-content\/uploads\/2020\/09\/11-2020-09-05-pb-0974.jpg?fit=440%2C330&#038;ssl=1\" src=\"https:\/\/i0.wp.com\/www.freidenker.org\/fw17\/wp-content\/uploads\/2020\/09\/11-2020-09-05-pb-0974.jpg?w=293&#038;h=219&#038;ssl=1\" srcset=\"https:\/\/i0.wp.com\/www.freidenker.org\/fw17\/wp-content\/uploads\/2020\/09\/11-2020-09-05-pb-0974.jpg?w=440&amp;ssl=1 440w, https:\/\/i0.wp.com\/www.freidenker.org\/fw17\/wp-content\/uploads\/2020\/09\/11-2020-09-05-pb-0974.jpg?resize=300%2C225&amp;ssl=1 300w\" width=\"293\" height=\"219\" loading=\"lazy\" data-original-width=\"293\" data-original-height=\"219\" itemprop=\"http:\/\/schema.org\/image\" title=\"11-2020-09-05-pb-0974\" alt=\"Andrej Hunko mit Plakaten f\u00fcr die Befreiung von Julian Assange und Jorge Glas\" style=\"width: 293px; height: 219px;\" \/> <\/a> <div class=\"tiled-gallery-caption\" itemprop=\"caption description\"> Andrej Hunko mit Plakaten f\u00fcr die Befreiung von Julian Assange und Jorge Glas <\/div> <\/div> <\/div> <!-- close group --> <\/div> <!-- close row --> <div class=\"gallery-row\" style=\"width: 800px; height: 301px;\" data-original-width=\"800\" data-original-height=\"301\" > <div class=\"gallery-group images-1\" style=\"width: 400px; height: 301px;\" data-original-width=\"400\" data-original-height=\"301\" > <div class=\"tiled-gallery-item tiled-gallery-item-large\" itemprop=\"associatedMedia\" itemscope itemtype=\"http:\/\/schema.org\/ImageObject\"> <a href=\"https:\/\/www.freidenker.org\/?attachment_id=8629\" border=\"0\" itemprop=\"url\"> <meta itemprop=\"width\" content=\"396\"> <meta itemprop=\"height\" content=\"297\"> <img decoding=\"async\" class=\"\" data-attachment-id=\"8629\" data-orig-file=\"https:\/\/www.freidenker.org\/fw17\/wp-content\/uploads\/2020\/09\/12-2020-09-05-pb-0976.jpg\" data-orig-size=\"440,330\" data-comments-opened=\"\" data-image-meta=\"{&quot;aperture&quot;:&quot;3.3&quot;,&quot;credit&quot;:&quot;&quot;,&quot;camera&quot;:&quot;DMC-TZ71&quot;,&quot;caption&quot;:&quot;&quot;,&quot;created_timestamp&quot;:&quot;1564190655&quot;,&quot;copyright&quot;:&quot;&quot;,&quot;focal_length&quot;:&quot;4.3&quot;,&quot;iso&quot;:&quot;400&quot;,&quot;shutter_speed&quot;:&quot;0.066666666666667&quot;,&quot;title&quot;:&quot;&quot;,&quot;orientation&quot;:&quot;1&quot;}\" data-image-title=\"12-2020-09-05-pb-0976\" data-image-description=\"\" data-medium-file=\"https:\/\/i0.wp.com\/www.freidenker.org\/fw17\/wp-content\/uploads\/2020\/09\/12-2020-09-05-pb-0976.jpg?fit=300%2C225&#038;ssl=1\" data-large-file=\"https:\/\/i0.wp.com\/www.freidenker.org\/fw17\/wp-content\/uploads\/2020\/09\/12-2020-09-05-pb-0976.jpg?fit=440%2C330&#038;ssl=1\" src=\"https:\/\/i0.wp.com\/www.freidenker.org\/fw17\/wp-content\/uploads\/2020\/09\/12-2020-09-05-pb-0976.jpg?w=396&#038;h=297&#038;ssl=1\" srcset=\"https:\/\/i0.wp.com\/www.freidenker.org\/fw17\/wp-content\/uploads\/2020\/09\/12-2020-09-05-pb-0976.jpg?w=440&amp;ssl=1 440w, https:\/\/i0.wp.com\/www.freidenker.org\/fw17\/wp-content\/uploads\/2020\/09\/12-2020-09-05-pb-0976.jpg?resize=300%2C225&amp;ssl=1 300w\" width=\"396\" height=\"297\" loading=\"lazy\" data-original-width=\"396\" data-original-height=\"297\" itemprop=\"http:\/\/schema.org\/image\" title=\"12-2020-09-05-pb-0976\" alt=\"Claudia Trapp, Pressesprecherin von DiEM25 bei ihrer Performance\" style=\"width: 396px; height: 297px;\" \/> <\/a> <div class=\"tiled-gallery-caption\" itemprop=\"caption description\"> Claudia Trapp, Pressesprecherin von DiEM25 bei ihrer Performance <\/div> <\/div> <\/div> <!-- close group --> <div class=\"gallery-group images-1\" style=\"width: 400px; height: 301px;\" data-original-width=\"400\" data-original-height=\"301\" > <div class=\"tiled-gallery-item tiled-gallery-item-large\" itemprop=\"associatedMedia\" itemscope itemtype=\"http:\/\/schema.org\/ImageObject\"> <a href=\"https:\/\/www.freidenker.org\/?attachment_id=8630\" border=\"0\" itemprop=\"url\"> <meta itemprop=\"width\" content=\"396\"> <meta itemprop=\"height\" content=\"297\"> <img decoding=\"async\" class=\"\" data-attachment-id=\"8630\" data-orig-file=\"https:\/\/www.freidenker.org\/fw17\/wp-content\/uploads\/2020\/09\/13-2020-09-05-pb-0977.jpg\" data-orig-size=\"440,330\" data-comments-opened=\"\" data-image-meta=\"{&quot;aperture&quot;:&quot;3.3&quot;,&quot;credit&quot;:&quot;&quot;,&quot;camera&quot;:&quot;DMC-TZ71&quot;,&quot;caption&quot;:&quot;&quot;,&quot;created_timestamp&quot;:&quot;1564195049&quot;,&quot;copyright&quot;:&quot;&quot;,&quot;focal_length&quot;:&quot;4.3&quot;,&quot;iso&quot;:&quot;800&quot;,&quot;shutter_speed&quot;:&quot;0.125&quot;,&quot;title&quot;:&quot;&quot;,&quot;orientation&quot;:&quot;1&quot;}\" data-image-title=\"13-2020-09-05-pb-0977\" data-image-description=\"\" data-medium-file=\"https:\/\/i0.wp.com\/www.freidenker.org\/fw17\/wp-content\/uploads\/2020\/09\/13-2020-09-05-pb-0977.jpg?fit=300%2C225&#038;ssl=1\" data-large-file=\"https:\/\/i0.wp.com\/www.freidenker.org\/fw17\/wp-content\/uploads\/2020\/09\/13-2020-09-05-pb-0977.jpg?fit=440%2C330&#038;ssl=1\" src=\"https:\/\/i0.wp.com\/www.freidenker.org\/fw17\/wp-content\/uploads\/2020\/09\/13-2020-09-05-pb-0977.jpg?w=396&#038;h=297&#038;ssl=1\" srcset=\"https:\/\/i0.wp.com\/www.freidenker.org\/fw17\/wp-content\/uploads\/2020\/09\/13-2020-09-05-pb-0977.jpg?w=440&amp;ssl=1 440w, https:\/\/i0.wp.com\/www.freidenker.org\/fw17\/wp-content\/uploads\/2020\/09\/13-2020-09-05-pb-0977.jpg?resize=300%2C225&amp;ssl=1 300w\" width=\"396\" height=\"297\" loading=\"lazy\" data-original-width=\"396\" data-original-height=\"297\" itemprop=\"http:\/\/schema.org\/image\" title=\"13-2020-09-05-pb-0977\" alt=\"Chilli, Aktivist f\u00fcr die Befreiung von Jorge Glas\" style=\"width: 396px; height: 297px;\" \/> <\/a> <div class=\"tiled-gallery-caption\" itemprop=\"caption description\"> Chilli, Aktivist f\u00fcr die Befreiung von Jorge Glas <\/div> <\/div> <\/div> <!-- close group --> <\/div> <!-- close row --> <\/div>\n<p><span style=\"font-size: 10pt;\">Alle Fotos: \u00a9 arbeiterfotografie.com<\/span><\/p>\n<p>&nbsp;<\/p>\n<h5>We are Millions<\/h5>\n<p>Am Samstag, dem 5. September 2020, gab es zahlreiche Protestveranstaltungen in verschiedenen St\u00e4dten, so auch in Frankfurt. Von 11 bis 14 Uhr gab es eine Mahnwache auf der Bergerstrasse in Bornheim. Abends wurden Teile der Ausstellung \u201eWe are Millions\u201c (2) im Kunstverein Familie Montez gezeigt, und gleichzeitig fand ein Fotoportrait-shooting statt, um die Ausstellung zu erweitern. Es begann mit einer Performance der Pressesprecherin von DiEM_25 (Democracy in Europe Movement 2025) Claudia Trapp, die einen Text mit einer Maske von Julian Assange verlas. Danach referierte Andrej Hunko, MdP und Mitglied der Parlamentarischen Versammlung des Europarats, \u00fcber den Fall Julian Assange. Er hob besonders die Verdienste von Nils Melzer (Sonderberichtserstatter \u00fcber Folter bei den Vereinten Nationen) hervor, der durch seine Untersuchung des Falls Julian Assange die \u00f6ffentliche Meinung gedreht hat. Vor allem gelang es ihm die Vergewaltigungsvorw\u00fcrfe gegen Julian Assange als Konstruktion der schwedischen Polizei (3) zu entlarven und den Nachweis zu erbringen, dass Julian Assange \u201ealle Symptome zeigt, die typisch f\u00fcr Personen sind, die \u00fcber l\u00e4ngere Zeit psychologischer Folter ausgesetzt sind.\u201c (4) Hunko sprach den Fall des fr\u00fcheren Vizepr\u00e4sident Jorge Glas an, der im April ebenso wie Pr\u00e4sident Rafael Correa wegen Korruption in Ecuador verurteilt wurde. Dieses Urteil steht direkt im Zusammenhang mit dem Fall Julian Assange, und es soll verhindern, dass Rafael Correa bei den Wahlen 2021 in Ecuador kandidieren kann. (5)<\/p>\n<blockquote><p>&#8222;Denn ist es erst einmal ein Verbrechen, die Wahrheit zu sagen, w\u00e4hrend die M\u00e4chtigen Straflosigkeit genie\u00dfen, wird es zu sp\u00e4t sein, den Kurs zu korrigieren. Wir werden unsere Stimme der Zensur und unser Schicksal der ungez\u00fcgelten Tyrannei \u00fcberlassen haben.&#8220;<br \/>\n<em>(Nils Melzer, UNO-Sonderberichterstatter \u00fcber Folter)<\/em><\/p><\/blockquote>\n<h5>\u201eHeute konnte man im Gerichtssaal den Schwefel riechen!\u201c<\/h5>\n<p>Es war abzusehen, dass die Pandemie-Ma\u00dfnahmen dazu genutzt w\u00fcrden, die Verteidigung von Julian Assange zu behindern, die \u00d6ffentlichkeit weitgehend vom Verfahren auszuschlie\u00dfen und gr\u00f6\u00dfere Proteste zu verhindern. Der ehemalige britische Diplomat und heutige Menschenrechtsaktivist Craig Murray liefert wie gewohnt die Prozessberichtserstattung \u00fcber den Schauprozess gegen Julian Assange. Craig Murray ist inzwischen selbst wegen Verachtung des Gerichts und wegen des Schreibens von Blog-Posts im Falle des schottischen Unabh\u00e4ngigkeitsaktivisten Alex Salmond angeklagt (6), obwohl die Anklagen gegen Salmond inzwischen fallen gelassen wurden. Ich gebe seinen Bericht vom ersten Prozesstag gek\u00fcrzt wieder, aber es empfiehlt sich, den ganzen und die weiteren Berichte zu lesen (7)<\/p>\n<blockquote><p>Lesen Sie dies und sagen Sie mir, dass der Schauprozess gegen Assange sich nicht nach einer Geschichte von Kafka anh\u00f6rt. Der Richter l\u00e4sst zu, dass die Anklagepunkte so h\u00e4ufig ge\u00e4ndert werden, dass die Verteidigung nicht einmal wei\u00df, worin sie bestehen. Die grundlegendsten Forderungen werden abgelehnt. Niemand kann h\u00f6ren, was der Angeklagte sagt \u2013 es ist eine Farce.&#8220;<br \/>\n<em>(Edward Snowden auf Twitter zu dem Bericht von Craig Murray)<\/em><\/p><\/blockquote>\n<p>Julian Assange war wie im Woolwich Crown Court wieder hinter Panzerglas, aber im Old Bailey schien die Kommunikation mit seinen Anw\u00e4lten m\u00f6glich zu sein. Auf der Zuschauergalerie waren nur 5 Personen bei 40 verf\u00fcgbaren Pl\u00e4tzen zugelassen und die anderen Prozessberichterstatter mussten sich in einem anderen Raum um einen winzigen Bildschirm mit kaum h\u00f6rbaren Ton versammeln. Viele wurden erst gar nicht zugelassen wie z.B. Amnesty International, Reporter ohne Grenzen oder Abgeordnete des Deutschen Bundestages. Die beiden letzteren bekamen durch Intervention der deutschen Botschaft sp\u00e4ter Zugang zu dem winzigen Bildschirm. Die online-Zuschaltung in den Gerichtssal wurde 40 Prozessbeobachtern w\u00e4hrend des Verfahrens wieder entzogen, angeblich weil die Zugangsdaten ohne Zustimmung von Richterin Baraitser versandt wurden. So sieht also \u00d6ffentlichkeitsbeteiligung in einem so gewichtigen Verfahren aus!<\/p>\n<p>Richterin Baraitser versuchte die Redezeit der Zeugen der Verteidigung zu beschr\u00e4nken und die Zeugen gleich ins Kreuzverh\u00f6r zu nehmen. Die Verteidigung konterte, dass dies einer rechtm\u00e4\u00dfigen Verfahrensf\u00fchrung widersprechen w\u00fcrde. Als Kompromiss wurde den Zeugen der Verteidigung eine halbe Stunde zugestanden. Murray kommentiert: \u201eAber der Einfall, dass eine Standard-Halbstunden-Guillotine f\u00fcr alle Zeugen angemessen ist, unabh\u00e4ngig davon, ob sie \u00fcber einen einzelnen Sachverhalt oder zu Entwicklungen \u00fcber Jahre hinweg aussagen, ist schlichtweg absurd. Man sp\u00fcrte in dieser Frage f\u00f6rmlich den Wunsch sowohl der Richterin als auch der Staatsanwaltschaft die Auslieferung durchzupeitschen, wobei so wenig wie m\u00f6glich des Falles \u00f6ffentlich zur Sprache kommen sollte.\u201c Die US-Regierung hatte eine erweiterte Anklage nachgeschoben mit dem Schwerpunkt Julian Assange als \u201eHacker\u201c und nicht als Journalisten zu belasten. Diese erweiterte Anklage wurde aber erst am 21.08.2020 offiziell in das Verfahren eingef\u00fchrt. Die Verteidigung bem\u00e4ngelte, dass in dieser kurzen Zeit keine ausreichende Vorbereitung auf die neuen Anschuldigungen m\u00f6glich w\u00e4re, selbst wenn man die erschwerten Besuchsbedingungen in Belmarsh nicht ber\u00fccksichtigen w\u00fcrde. Die Verteidigung beantragte darauf hin eine Vertagung auf den Januar. Der Antrag wurde von Richterin Baraitser kaltbl\u00fctig abgelehnt mit der Begr\u00fcndung, dass sie am 14.08.der Verteidigung eine Vertagung offerierte, obwohl die neuen Anklagepunkte erst am 21.08. offiziell in das Verfahren eingef\u00fchrt wurden. Murray res\u00fcmiert: \u201eEs ging darum, die Anh\u00f6rung so schnell wie m\u00f6glich und mit so wenig \u00f6ffentlicher Aufmerksamkeit wie m\u00f6glich durchzuziehen. Zugang verweigert, Vertagung verweigert, Vorlage von Beweisen der Verteidigung verweigert, Entfernung der ersetzenden Anklagepunkte verweigert. Die Staatsanwaltschaft scheiterte in der Februarwoche in Woolwich schlicht und einfach, was wie eine Ewigkeit her scheint. Jetzt hat sie neuen Auftrieb erhalten.(&#8230;) Die Verteidigung m\u00fcsste eigentlich neue Zeugen benennen, die auf die neuen Anklagepunkte eingehen, aber die Zeugenlisten wurden aufgrund der alten Anklagepunkte erstellt. Es erscheint verr\u00fcckt, dass die Verteidigung mit den falschen Zeugen weiter machen soll, aber offen gesagt, es wundert mich nichts mehr in diesem Schauprozess\u201c. (7) Es ist offensichtlich, dass die Staatsanwaltschaft im Februar grandios gescheitert ist und die neuen Anklagepunkte, die sich zudem auf zweifelhaften Zeugen wie Sigurdur Thordarson st\u00fctzt, eingebracht wurden, um die Auslieferung von Assange an die USA zu erzwingen.<\/p>\n<blockquote><p>\u201eSp\u00e4ter werden die Leute sagen: Oh, wenn ich gewusst h\u00e4tte, was wir verlieren, als sie diesen anst\u00e4ndigen und couragierten Mann auslieferten. Dann h\u00e4tte ich etwas getan! Aber was kann ich jetzt tun. Seit diesen Tagen traue ich mich nicht mehr auszusprechen, was ich wei\u00df und was ich denke. Bedauern ist oft die Frucht des Schweigens.\u201c<br \/>\n<em>(Alice Walker &#8211; mit dem Publitzer Preis ausgezeichnete Schriftstellerin)<\/em><\/p><\/blockquote>\n<h5>Unsere Unterst\u00fctzung wird gebraucht!<\/h5>\n<p>1) Wenn es Ihnen m\u00f6glich ist, beteiligen sie sich an den Protesten in London w\u00e4hrend der Anh\u00f6rungsphase. An den Prozesstagen vom 7. bis 25.09.2020 finden Proteste jeweils ab 9:00 Uhr vor dem Zentralen Strafgerichtshof Old Bailey im Zentrum von London statt. (8)<\/p>\n<p>2) Beteiligen Sie sich an den zahlreichen Mahnwachen im Bundesgebiet (9)<\/p>\n<p>3) Schreiben Sie an Ihre Volksvertreter. Es entfaltet Wirkung, wenn es massenhaft geschieht. Sie k\u00f6nnen dies in jedem Land tun, in dem Sie sich befinden. Die wichtigsten Punkte sind folgende:<\/p>\n<ul>\n<li>Die Ver\u00f6ffentlichung der Wahrheit sollte kein Verbrechen sein. Wikileaks hat \u00a0\u00a0\u00a0 Kriegsverbrechen und weltweite Korruption von Regierungen aufgedeckt.<\/li>\n<li>Der Fall der Strafverfolgung beruht vollst\u00e4ndig auf dem Argument, dass der Auslieferungsvertrag zwischen Gro\u00dfbritannien und den USA von 2007 rechtlich durchsetzbar ist, dass aber gerade die Klausel 4.i des Vertrags, die die Auslieferung wegen politischer Vergehen verbietet, keine Gesetzeskraft hat. Dies ist ein absurdes Argument.<\/li>\n<li>Fragen Sie speziell Ihren gew\u00e4hlten Vertreter, ob sie pers\u00f6nlich der Meinung sind, dass politische Straftaten auslieferungsf\u00e4hig sein sollten, und welche Auswirkungen ihrer Meinung nach weltweit auf politische Dissidenten im Exil haben k\u00f6nnten.<\/li>\n<li>Machen Sie darauf aufmerksam, dass die sch\u00e4ndlichen Bedingungen unter denen Julian festgehalten wird, sie zum Handeln gezwungen haben. Darunter v\u00f6llig unn\u00f6tige Leibesvisitationen und Man\u00f6ver, fehlender Zugang zu seinen juristischen Papieren und fehlender Zugang zu seinen Anw\u00e4lten. Weisen Sie darauf hin, dass er nicht verurteilt wurde und dass diese mit seinem Status als unschuldiger Untersuchungsh\u00e4ftling unvereinbar sind. Weisen Sie darauf hin, dass er wie die gewaltt\u00e4tigsten verurteilten Terroristen behandelt, dass er jedoch nicht verurteilt und eines friedlichen politischen Vergehens beschuldigt wird. (10)<\/li>\n<\/ul>\n<p>4) Spenden Sie zur Unterst\u00fctzung der Verteidigung:<br \/>\n<a href=\"https:\/\/www.crowdjustice.com\/case\/julianassange\/?fbclid=IwAR3PXRmAGRB9g9tfKFJzC12nF0hxrXVEPplkYzhYB8H7IW7jBpH5RtRU8l4\">https:\/\/www.crowdjustice.com&#8230;<\/a><\/p>\n<p>5) Schreiben Sie an Julian Assange:<br \/>\nJulian Assange<br \/>\nA9379 \u2013 AY<br \/>\nHMP Belmarsh, Western Way<br \/>\nLondon SE 28 DEB<br \/>\nUnited Kingdom<\/p>\n<blockquote><p>\u201eJulian Assange ist ein Verleger der Wahrheit. Er hat trotz seiner unmenschlichen Behandlung gro\u00dfe Arbeit f\u00fcr die Menschheit geleistet. Dieser Fall ist entscheidend f\u00fcr unser Recht auf Wissen und unsere essentielle Freiheit gegen die USA und Gro\u00dfbritannien &#8211; &#8211; und jetzt gegen die Tyrannei!\u201c<br \/>\n<em>(Oliver Stone, Filmregisseur)<\/em><\/p><\/blockquote>\n<p><strong>Anmerkungen: <\/strong><\/p>\n<p>(1) <a href=\"http:\/\/www.nrhz.de\/flyer\/beitrag.php?id=26843\">http:\/\/www.nrhz.de\/flyer\/beitrag.php?id=26843<\/a><br \/>\n(2) <a href=\"https:\/\/wearemillions.org\/de\/\">https:\/\/wearemillions.org\/de\/<\/a><br \/>\n(3) <a href=\"https:\/\/www.republik.ch\/2020\/01\/31\/nils-melzer-spricht-ueber-wikileaks-gruender-julian-assange\">https:\/\/www.republik.ch\/2020\/01\/31\/nils-melzer-spricht-ueber-wikileaks-gruender-julian-assange<\/a><br \/>\n(4) <a href=\"https:\/\/www.zeit-fragen.ch\/de\/ausgaben\/2019\/nr-2627-3-dezember-2019\/der-un-sonderberichterstatter-ueber-folter-nils-melzer-hat-erneut-ein-ende-der-folter-von-julian-assange-gefordert.html\">https:\/\/www.zeit-fragen.ch\/de\/ausgaben\/2019\/nr-2627-3-dezember-2019\/der-un-sonderberichterstatter-ueber-folter-nils-melzer-hat-erneut-ein-ende-der-folter-von-julian-assange-gefordert.html<\/a><br \/>\n(5) <a href=\"https:\/\/amerika21.de\/dokument\/238947\/erklaerung-correa-glas\">https:\/\/amerika21.de\/dokument\/238947\/erklaerung-correa-glas<\/a><br \/>\n(6) <a href=\"https:\/\/cooptv.wordpress.com\/2020\/04\/28\/britischer-exdiplomat-craig-murray-wegen-blog-beitraegen-angeklagt\/\">https:\/\/cooptv.wordpress.com\/2020\/04\/28\/britischer-exdiplomat-craig-murray-wegen-blog-beitraegen-angeklagt\/<\/a><br \/>\n(7) <a href=\"https:\/\/www.craigmurray.org.uk\/archives\/2020\/09\/your-man-in-the-public-gallery-the-assange-hearing-day-6\/\">https:\/\/www.craigmurray.org.uk\/archives\/2020\/09\/your-man-in-the-public-gallery-the-assange-hearing-day-6\/<\/a><br \/>\n(8) <a href=\"https:\/\/www.candles4assange.com\/\">https:\/\/www.candles4assange.com\/<\/a><br \/>\n(9) <a href=\"https:\/\/www.freeassange.eu\/#naechste-termine\">https:\/\/www.freeassange.eu\/#naechste-termine<\/a><br \/>\n(10) <a href=\"https:\/\/www.craigmurray.org.uk\/archives\/2020\/03\/julian-assange-hearing-your-help-wanted\/\">https:\/\/www.craigmurray.org.uk\/archives\/2020\/03\/julian-assange-hearing-your-help-wanted\/<\/a><\/p>\n<p style=\"text-align: right;\"><em>Peter Betscher ist Mitglied des Deutschen Freidenker-Verbandes<\/em><\/p>\n<p><span style=\"font-size: 10pt;\">Link zur Erstver\u00f6ffentlichung: <a href=\"http:\/\/www.nrhz.de\/flyer\/beitrag.php?id=27032\" target=\"_blank\" rel=\"noopener noreferrer\">http:\/\/www.nrhz.de\/flyer\/beitrag.php?id=27032<\/a><\/span><\/p>\n<hr \/>\n<p><span style=\"font-size: 10pt;\">Beitragsbild oben: \u00a9 arbeiterfotografie.com<br \/>\nBearbeitung: Ralf Lux<br \/>\n<\/span><\/p>\n","protected":false},"excerpt":{"rendered":"<p><b>Beitrag von Peter Betscher<\/b><br \/>\nAm 7. September 2020 wurde das Anh\u00f6rungsverfahren zur Auslieferung von Julian Assange im Zentralen Strafgerichtshof Old Bailey im Zentrum von London fortgesetzt &#8211; nicht wie im Februar 2020 im Woolwich Crown Court, das dem Hochsicherheitsgef\u00e4ngnis Belmarsh direkt angeschlossen ist. Zur Erinnerung: Julian Assange sitzt unschuldig im Hochsicherheitsgef\u00e4ngnis Belmarsh, das wegen seiner harten Haftbedingungen ,,, als die britische Version von Guantanamo Bay bezeichnet wurde. Seine Haftstrafe wegen Versto\u00df gegen Kautionsauflagen hat er l\u00e4ngst abgesessen, und er wird nur wegen des Auslieferungsantrags der USA festgehalten, der sich auf ein Spionagegesetz von 1917 st\u00fctzt. Damit soll ein Pr\u00e4zedenzfall geschaffen werden. Erstmals wird versucht einen Publizisten als &#8222;Hacker&#8220; anzuklagen.<\/p>\n","protected":false},"author":3,"featured_media":8642,"comment_status":"closed","ping_status":"closed","sticky":false,"template":"","format":"standard","meta":{"colormag_page_container_layout":"default_layout","colormag_page_sidebar_layout":"default_layout","advanced_seo_description":"","jetpack_seo_html_title":"","jetpack_seo_noindex":false,"jetpack_post_was_ever_published":false,"footnotes":""},"categories":[13],"tags":[1137,211,1255,716,812,344,1138],"class_list":["post-8616","post","type-post","status-publish","format-standard","has-post-thumbnail","hentry","category-frieden-antifaschismus-solidaritaet","tag-assange","tag-aufklaerung","tag-gerichtsprozess","tag-hacking","tag-protest","tag-solidaritaet","tag-wikileaks"],"jetpack_featured_media_url":"https:\/\/i0.wp.com\/www.freidenker.org\/fw17\/wp-content\/uploads\/2020\/09\/assange_02-2020-09-05-pb-0953_800x450_v2.jpg?fit=800%2C450&ssl=1","jetpack_shortlink":"https:\/\/wp.me\/p9stpK-2eY","jetpack-related-posts":[{"id":8193,"url":"https:\/\/www.freidenker.org\/?p=8193","url_meta":{"origin":8616,"position":0},"title":"Befreit Julian Assange!","author":"Webredaktion","date":"14. Juni 2020","format":false,"excerpt":"Beitrag von Peter Betscher Befreit Julian Assange! Free, Julian Assange! Dieser Ruf wurde bei der Mahnwache am 18. Mai 2020 anl\u00e4sslich des Global Protest Day f\u00fcr Julian Assange und Chelsea Manning von der Gruppe \"Free Assange Frankfurt\" immer wieder skandiert. An diesem Tag sollte urspr\u00fcnglich der Prozess gegen den Wikileaks-Gr\u00fcnder\u2026","rel":"","context":"In &quot;Demokratie \u2013 Medien \u2013 Aufkl\u00e4rung&quot;","block_context":{"text":"Demokratie \u2013 Medien \u2013 Aufkl\u00e4rung","link":"https:\/\/www.freidenker.org\/?cat=12"},"img":{"alt_text":"","src":"https:\/\/i0.wp.com\/www.freidenker.org\/fw17\/wp-content\/uploads\/2020\/06\/assange_fam_800x450.jpg?fit=800%2C450&ssl=1&resize=350%2C200","width":350,"height":200,"srcset":"https:\/\/i0.wp.com\/www.freidenker.org\/fw17\/wp-content\/uploads\/2020\/06\/assange_fam_800x450.jpg?fit=800%2C450&ssl=1&resize=350%2C200 1x, https:\/\/i0.wp.com\/www.freidenker.org\/fw17\/wp-content\/uploads\/2020\/06\/assange_fam_800x450.jpg?fit=800%2C450&ssl=1&resize=525%2C300 1.5x, https:\/\/i0.wp.com\/www.freidenker.org\/fw17\/wp-content\/uploads\/2020\/06\/assange_fam_800x450.jpg?fit=800%2C450&ssl=1&resize=700%2C400 2x"},"classes":[]},{"id":7702,"url":"https:\/\/www.freidenker.org\/?p=7702","url_meta":{"origin":8616,"position":1},"title":"Den Prozess gegen Julian Assange sofort abbrechen!","author":"Webredaktion","date":"16. M\u00e4rz 2020","format":false,"excerpt":"Beitrag von Anneliese Fikentscher und Andreas Neumann \u00dcber dem Haupteingang zum Londoner Gef\u00e4ngnis, in dem Wikileaks-Gr\u00fcnder Julian Assange zurzeit unter menschenverachtenden Bedingungen festgehalten wird, ist zu lesen: \"HMP Belmarsh\". Das bedeutet: \"Her Majesty's Prison Belmarsh\" \u2013 \"Das Gef\u00e4ngnis ihrer Majest\u00e4t\" der K\u00f6nigin von England. Und das Gericht, an dem \u00fcber\u2026","rel":"","context":"In &quot;Demokratie \u2013 Medien \u2013 Aufkl\u00e4rung&quot;","block_context":{"text":"Demokratie \u2013 Medien \u2013 Aufkl\u00e4rung","link":"https:\/\/www.freidenker.org\/?cat=12"},"img":{"alt_text":"","src":"https:\/\/i0.wp.com\/www.freidenker.org\/fw17\/wp-content\/uploads\/2020\/03\/belmarsh_2020-02-24_800x445.jpg?fit=800%2C445&ssl=1&resize=350%2C200","width":350,"height":200,"srcset":"https:\/\/i0.wp.com\/www.freidenker.org\/fw17\/wp-content\/uploads\/2020\/03\/belmarsh_2020-02-24_800x445.jpg?fit=800%2C445&ssl=1&resize=350%2C200 1x, https:\/\/i0.wp.com\/www.freidenker.org\/fw17\/wp-content\/uploads\/2020\/03\/belmarsh_2020-02-24_800x445.jpg?fit=800%2C445&ssl=1&resize=525%2C300 1.5x, https:\/\/i0.wp.com\/www.freidenker.org\/fw17\/wp-content\/uploads\/2020\/03\/belmarsh_2020-02-24_800x445.jpg?fit=800%2C445&ssl=1&resize=700%2C400 2x"},"classes":[]},{"id":13793,"url":"https:\/\/www.freidenker.org\/?p=13793","url_meta":{"origin":8616,"position":2},"title":"K\u00e4mpfen wir Julian Assange frei!","author":"Webredaktion","date":"22. Juli 2022","format":false,"excerpt":"Die finale Version auf deutsch Text: Diether Dehm, Musik: Michael Letz Dank Eurer zahlreichen Vorschl\u00e4ge haben wir nun die finale deutsche Version des Songs f\u00fcr Julian Assange fertig bekommen. Diese Version hat auch weiterhin den Refrain zu Beginn jeder Strophe und eine eing\u00e4ngige Melodie, die zur Weiterverbreitung einl\u00e4dt. Julian Assange\u2026","rel":"","context":"In &quot;Demokratie \u2013 Medien \u2013 Aufkl\u00e4rung&quot;","block_context":{"text":"Demokratie \u2013 Medien \u2013 Aufkl\u00e4rung","link":"https:\/\/www.freidenker.org\/?cat=12"},"img":{"alt_text":"","src":"https:\/\/i0.wp.com\/www.freidenker.org\/fw17\/wp-content\/uploads\/2022\/07\/Dehm_Assange_freikaempfen_800x450.jpg?fit=800%2C450&ssl=1&resize=350%2C200","width":350,"height":200,"srcset":"https:\/\/i0.wp.com\/www.freidenker.org\/fw17\/wp-content\/uploads\/2022\/07\/Dehm_Assange_freikaempfen_800x450.jpg?fit=800%2C450&ssl=1&resize=350%2C200 1x, https:\/\/i0.wp.com\/www.freidenker.org\/fw17\/wp-content\/uploads\/2022\/07\/Dehm_Assange_freikaempfen_800x450.jpg?fit=800%2C450&ssl=1&resize=525%2C300 1.5x, https:\/\/i0.wp.com\/www.freidenker.org\/fw17\/wp-content\/uploads\/2022\/07\/Dehm_Assange_freikaempfen_800x450.jpg?fit=800%2C450&ssl=1&resize=700%2C400 2x"},"classes":[]},{"id":9452,"url":"https:\/\/www.freidenker.org\/?p=9452","url_meta":{"origin":8616,"position":3},"title":"Der beschr\u00e4nkte Debattenraum","author":"Webredaktion","date":"31. Januar 2021","format":false,"excerpt":"Amnesty International und der Fall Julian Assange - Beitrag von Ansgar Schneider und Thespina Lazaridu. Am 26. November 2020 richteten sich 152 Erstunterzeichner eines Offenen Briefes, darunter zahlreiche Freidenker und die Autoren dieses Beitrages sowie auch der Herausgeber und Autoren der NachDenkSeiten, an Amnesty International Deutschland (AID). Darin wurde AID\u2026","rel":"","context":"In &quot;Frieden - Antifaschismus - Solidarit\u00e4t&quot;","block_context":{"text":"Frieden - Antifaschismus - Solidarit\u00e4t","link":"https:\/\/www.freidenker.org\/?cat=13"},"img":{"alt_text":"","src":"https:\/\/i0.wp.com\/www.freidenker.org\/fw17\/wp-content\/uploads\/2021\/01\/amnesty_assange_800x450.jpg?fit=800%2C450&ssl=1&resize=350%2C200","width":350,"height":200,"srcset":"https:\/\/i0.wp.com\/www.freidenker.org\/fw17\/wp-content\/uploads\/2021\/01\/amnesty_assange_800x450.jpg?fit=800%2C450&ssl=1&resize=350%2C200 1x, https:\/\/i0.wp.com\/www.freidenker.org\/fw17\/wp-content\/uploads\/2021\/01\/amnesty_assange_800x450.jpg?fit=800%2C450&ssl=1&resize=525%2C300 1.5x, https:\/\/i0.wp.com\/www.freidenker.org\/fw17\/wp-content\/uploads\/2021\/01\/amnesty_assange_800x450.jpg?fit=800%2C450&ssl=1&resize=700%2C400 2x"},"classes":[]},{"id":9033,"url":"https:\/\/www.freidenker.org\/?p=9033","url_meta":{"origin":8616,"position":4},"title":"H\u00e4ssliche Fratzen hinter frommem Antlitz der EU-Menschenrechtsritter","author":"Webredaktion","date":"19. Dezember 2020","format":false,"excerpt":"Ein Kommentar von Rainer Rupp. Am Montag dieser Woche, am 7. Dezember, haben sich die Au\u00dfenminister der EU-Mitgliedstaaten \u00fcber neue Ma\u00dfnahmen der Europ\u00e4ischen Union verst\u00e4ndigt, um L\u00e4nder au\u00dferhalb der EU bei Menschenrechtsverletzungen schneller mit Strafen zu sanktionieren. Bei L\u00e4ndern in der EU, wie z.B. bei den groben Menschenrechtsverletzungen einschlie\u00dflich Folter\u2026","rel":"","context":"In &quot;Demokratie \u2013 Medien \u2013 Aufkl\u00e4rung&quot;","block_context":{"text":"Demokratie \u2013 Medien \u2013 Aufkl\u00e4rung","link":"https:\/\/www.freidenker.org\/?cat=12"},"img":{"alt_text":"","src":"https:\/\/i0.wp.com\/www.freidenker.org\/fw17\/wp-content\/uploads\/2020\/12\/Assange_demo_uz_800x450.jpg?fit=800%2C450&ssl=1&resize=350%2C200","width":350,"height":200,"srcset":"https:\/\/i0.wp.com\/www.freidenker.org\/fw17\/wp-content\/uploads\/2020\/12\/Assange_demo_uz_800x450.jpg?fit=800%2C450&ssl=1&resize=350%2C200 1x, https:\/\/i0.wp.com\/www.freidenker.org\/fw17\/wp-content\/uploads\/2020\/12\/Assange_demo_uz_800x450.jpg?fit=800%2C450&ssl=1&resize=525%2C300 1.5x, https:\/\/i0.wp.com\/www.freidenker.org\/fw17\/wp-content\/uploads\/2020\/12\/Assange_demo_uz_800x450.jpg?fit=800%2C450&ssl=1&resize=700%2C400 2x"},"classes":[]},{"id":8487,"url":"https:\/\/www.freidenker.org\/?p=8487","url_meta":{"origin":8616,"position":5},"title":"WikiLeaks: wichtige Waffe in der Hand des Widerstands","author":"Webredaktion","date":"1. August 2020","format":false,"excerpt":"Beitrag von Markus & Eva Heizmann Die Entf\u00fchrung von Julian Assange aus der ecuadorianischen Botschaft in London, seine Festsetzung im Foltergef\u00e4ngnis von Belmarsh, ebenfalls in London, seine Folterungen - kurz, das Schicksal von Julian Assange, war schon mehrfach Thema in verschiedenen Artikeln der NRhZ. ... Wenn wir \u00fcber Julian Assange\u2026","rel":"","context":"In &quot;Demokratie \u2013 Medien \u2013 Aufkl\u00e4rung&quot;","block_context":{"text":"Demokratie \u2013 Medien \u2013 Aufkl\u00e4rung","link":"https:\/\/www.freidenker.org\/?cat=12"},"img":{"alt_text":"","src":"https:\/\/i0.wp.com\/www.freidenker.org\/fw17\/wp-content\/uploads\/2020\/08\/wikileaks_irak_2_800x450.jpg?fit=800%2C450&ssl=1&resize=350%2C200","width":350,"height":200,"srcset":"https:\/\/i0.wp.com\/www.freidenker.org\/fw17\/wp-content\/uploads\/2020\/08\/wikileaks_irak_2_800x450.jpg?fit=800%2C450&ssl=1&resize=350%2C200 1x, https:\/\/i0.wp.com\/www.freidenker.org\/fw17\/wp-content\/uploads\/2020\/08\/wikileaks_irak_2_800x450.jpg?fit=800%2C450&ssl=1&resize=525%2C300 1.5x, https:\/\/i0.wp.com\/www.freidenker.org\/fw17\/wp-content\/uploads\/2020\/08\/wikileaks_irak_2_800x450.jpg?fit=800%2C450&ssl=1&resize=700%2C400 2x"},"classes":[]}],"_links":{"self":[{"href":"https:\/\/www.freidenker.org\/index.php?rest_route=\/wp\/v2\/posts\/8616","targetHints":{"allow":["GET"]}}],"collection":[{"href":"https:\/\/www.freidenker.org\/index.php?rest_route=\/wp\/v2\/posts"}],"about":[{"href":"https:\/\/www.freidenker.org\/index.php?rest_route=\/wp\/v2\/types\/post"}],"author":[{"embeddable":true,"href":"https:\/\/www.freidenker.org\/index.php?rest_route=\/wp\/v2\/users\/3"}],"replies":[{"embeddable":true,"href":"https:\/\/www.freidenker.org\/index.php?rest_route=%2Fwp%2Fv2%2Fcomments&post=8616"}],"version-history":[{"count":0,"href":"https:\/\/www.freidenker.org\/index.php?rest_route=\/wp\/v2\/posts\/8616\/revisions"}],"wp:featuredmedia":[{"embeddable":true,"href":"https:\/\/www.freidenker.org\/index.php?rest_route=\/wp\/v2\/media\/8642"}],"wp:attachment":[{"href":"https:\/\/www.freidenker.org\/index.php?rest_route=%2Fwp%2Fv2%2Fmedia&parent=8616"}],"wp:term":[{"taxonomy":"category","embeddable":true,"href":"https:\/\/www.freidenker.org\/index.php?rest_route=%2Fwp%2Fv2%2Fcategories&post=8616"},{"taxonomy":"post_tag","embeddable":true,"href":"https:\/\/www.freidenker.org\/index.php?rest_route=%2Fwp%2Fv2%2Ftags&post=8616"}],"curies":[{"name":"wp","href":"https:\/\/api.w.org\/{rel}","templated":true}]}}