{"id":8600,"date":"2020-09-15T21:02:00","date_gmt":"2020-09-15T19:02:00","guid":{"rendered":"https:\/\/www.freidenker.org\/?p=8600"},"modified":"2020-09-27T10:56:38","modified_gmt":"2020-09-27T08:56:38","slug":"auf-die-strasse-gegen-die-mobilmachung-gen-osten","status":"publish","type":"post","link":"https:\/\/www.freidenker.org\/?p=8600","title":{"rendered":"Auf die Stra\u00dfe &#8211; gegen die Mobilmachung gen Osten!"},"content":{"rendered":"<p><em>von <strong>Liane Kilinc<\/strong><br \/>\n<\/em><\/p>\n<p><strong>Der folgende Text wurde verfasst als Redebeitrag f\u00fcr die Initiative \u201eKein Aufmarschgebiet gegen Russland\u201c bei der Demonstration und Menschenkette der Kampagne \u201eStopp Air Base Ramstein\u201c, die f\u00fcr den 26.9.2020 in Berlin geplant war. Leider wurde diese Kundgebung abgesagt. Wir dokumentieren die \u201eungehaltene\u201c Rede hier, weil wir meinen, dass sie als Blick auf die Gesamtlage vor dem 3. Oktober 2020 wichtige friedens- und gesellschaftspolitische Zusammenh\u00e4nge anspricht.<\/strong><\/p>\n<p>Liebe Friedensfreundinnen und Friedensfreunde,<\/p>\n<p>noch Ende Juli 1914 fanden in Berlin Demonstrationen statt, die die Losung trugen: \u201eNieder mit dem imperialistischen Krieg!\u201c Sie wurden von der Polizei aufgel\u00f6st \u2013 mit der Begr\u00fcndung, es handele sich um \u201egroben Unfug\u201c. So wurde es damals in den Polizeiprotokollen festgehalten.<\/p>\n<p>Wir wundern uns, so wenige zu sein, dabei ist es doch schon seit Jahren nicht mehr m\u00f6glich, eine Zeitung aufzuschlagen oder den Fernseher anzuschalten, ohne dass einem das Kriegsgetrommel in den Ohren dr\u00f6hnt. Wir bekommen mit, wie absurd und konstruiert die Brocken sind, die Stimmung machen sollen. Man denke nur an die R\u00e4uberpistole Skripal, an die Schmierenkom\u00f6die \u00fcber &#8218;russisches Staatsdoping&#8216;, an die hemmungslosen L\u00fcgen zur Ukraine. Bei jedem Tr\u00e4ger auch nur eines halben Gehirns m\u00fcsste die neueste Seifenoper \u00fcber Nawalny, dem n\u00e4chsten Opfer des wohl unzuverl\u00e4ssigsten Giftes der Weltgeschichte, schallendes Gel\u00e4chter ausl\u00f6sen. Stattdessen werden ernsthaft neue Sanktionen gegen Russland gefordert, bis in die Linkspartei. Alles ist recht, das einen m\u00f6glichst finsteren Feind im Osten heraufbeschw\u00f6rt, oder, nein, zwei finstere Feinde, einer schlitzohriger schlitz\u00e4ugiger als der andere. Alles ist recht, das die Menschen auf den Aufmarsch gen Osten einstimmt.<\/p>\n<p>Und doch sind wir heute wenige, verglichen mit den Massen, die gegen die Corona-Ma\u00dfnahmen der Bundesregierung protestierten.<\/p>\n<p>Wir, die in der DDR geboren sind, sind mit Liedzeilen vom \u201eFrieden, der das Gl\u00fcck erh\u00e4lt\u201c aufgewachsen. Und selbst im Westen gab es das Zitat, der Frieden sei nicht alles, aber ohne den Frieden sei alles nichts. Die Demonstration gegen den NATO-Raketenbeschluss war die gr\u00f6\u00dfte, die die alte Bundesrepublik gesehen hatte. Was hat sich ver\u00e4ndert?<\/p>\n<p>Wir wissen, die Man\u00f6ver, die unter dem zynischen Titel &#8218;Defender 2020&#8216; ablaufen, sind direkte Kriegsvorbereitungen. Wir h\u00f6ren und lesen die Drohungen, die seitens der westlichen Staaten gegen China und Russland ausgesto\u00dfen werden. Wir sehen, wie die Panzer in Richtung Osten rollen, aber nicht wieder zur\u00fcck. Es m\u00fcsste doch einen Aufschrei geben, die Menschen wollen doch keinen Krieg. Warum sind sie nicht in Massen auf der Stra\u00dfe?<\/p>\n<p>\u201eFrieden, der das Gl\u00fcck erh\u00e4lt\u201c, diese Zeile aus dem Kinderlied geht mir nicht aus dem Kopf, denn was ist Gl\u00fcck f\u00fcr uns? Mit den Menschen zusammen sein, die wir lieben, eine Arbeit verrichten, auf die wir stolz sein k\u00f6nnen, mit Zuversicht in die Zukunft blicken.<\/p>\n<p>Wie viel Gl\u00fcck hat diese Republik noch zu bieten? Worauf richtet er sich, der Blick in die Zukunft?<\/p>\n<p>In Wirklichkeit haben wir es mit zwei Kriegen zu tun, und einer \u00fcberdeckt den anderen. Jeder kennt den Spruch des Milliard\u00e4rs Warren Buffet, es gebe einen Krieg der Reichen gegen die Armen, und seine Klasse, die der Reichen, sei dabei, ihn zu gewinnen. Es gibt diesen Krieg. Er spielt in den Corona-Protesten eine gewaltige Rolle, selbst wenn die Beteiligten das nicht wahrnehmen. Denn pl\u00f6tzlich wurde aus der abstrakten Zahl, dass die H\u00e4lfte der bundesdeutschen Bev\u00f6lkerung \u00fcber keinerlei Verm\u00f6gen verf\u00fcgt, konkretes Erleben. Menschen stehen vor dem Nichts, weil sie keine Reserven haben, die sie \u00fcber schwierige Zeiten retten k\u00f6nnten. Im Gegenteil, die schwierigen Zeiten wurden ihnen schon vor Corona aufgezwungen, mit Hartz 4, den Niedrigl\u00f6hnen, den Rentenk\u00fcrzungen. Jetzt, mit Corona, wird der Not nur die Maske heruntergezogen.<\/p>\n<p>Wo ist das Gl\u00fcck, das erhalten werden soll?<\/p>\n<p>&#8218;Geh mir weg mit dem Zeug&#8216;, das ist im Grunde die Haltung, die einem oft begegnet, wenn man vor der steigenden Kriegsgefahr warnen will. Es ist ja nicht so, dass die Leute tats\u00e4chlich alles glauben, was ihnen so serviert wird. Aber die vielen Geschichten, die gesponnen werden, verdichten sich zu einem Gespinst, klebrig wie Spinnenf\u00e4den, und man wendet sich lieber ab, als es ber\u00fchren zu m\u00fcssen, um es zerteilen zu k\u00f6nnen. Die Zukunft, auf die man blicken mag, oder ohne Schauder blicken kann, wird immer k\u00fcrzer, und das verbliebene private Gl\u00fcck wird desto st\u00e4rker eingehegt.<\/p>\n<p>Ich sehe es ja, zugegeben, mit einem lachenden und einem weinenden Auge, wie in der letzten Zeit all das, was uns fr\u00fcher als Errungenschaft des goldenen Westens angepriesen wurde, erst verteufelt und dann verboten wird. Lachend, weil jetzt Autos b\u00f6se sind, Fernreisen seit Corona auch, ja, selbst das Strahlen der Sonne wird zum Vorboten der nahenden Katastrophe. Weinend, weil viele immer noch glauben, dass Autos und Reisen Freiheit bedeuten, und jetzt auch um diese Freiheit ringen. Dabei ist die entscheidende Freiheit keine &#8218;Freiheit zu&#8216;, wie zu reisen, sondern &#8218;Freiheit von&#8216;. Freiheit von Armut, Freiheit von Sorge und Unsicherheit, Freiheit von Krieg.<\/p>\n<p>Das ist noch nicht das Gl\u00fcck, das ist noch nicht die Erwartung einer besseren Zukunft, aber es ist deren Vorbedingung.<\/p>\n<p>Bewusst oder unbewusst erleben wir eine wachsende Inhumanit\u00e4t, die gerade von einer politischen Klasse ausgeht, die stets ihre Werte betont. Das beginnt nach Au\u00dfen mit der stetigen Verachtung anderer V\u00f6lker, denen vorgeschrieben wird, welche Regierung sie gef\u00e4lligst haben sollen, wie Belarus, die mit Sanktionen gen\u00f6tigt und ausgehungert werden, wie Venezuela und Libanon, setzt sich fort in Putschen wie in Bolivien oder Interventionskriegen wie in Syrien.<\/p>\n<p>Dabei sind die widerlichsten Verb\u00fcndeten gerade gut genug. W\u00e4hrend eine inszenierte kleine Demonstration mit den Fahnen des deutschen Kaiserreichs, die ganz zuf\u00e4llig bis zum Reichstagsgeb\u00e4ude gelangte, vor dem ganz zuf\u00e4llig kaum Polizei stand, hierzulande belegen soll, wie gef\u00e4hrdet die Demokratie sei, auch wenn die Hitlerfaschisten nie unter dieser Fahne marschierten, sind Demonstranten in Belarus, die wirklich die Fahne der Nazikollaborateure verwenden, gute und liebe Demokraten. So, wie auf dem Maidan die Hakenkreuze und die Bandera-Portraits \u00fcbersehen wurden, und wie man \u00fcbersieht, dass die Putschbarbie in Bolivien in Drogengesch\u00e4fte verwickelt ist und gegen Indios hetzt. Da passt auch Nawalny ins Schema, der verurteilte Betr\u00fcger, der Georgier mal &#8218;Nagetiere&#8216; nannte und eine Arbeitskollegin aus dem Kaukasus einen &#8218;Schwarzarsch&#8216;.<br \/>\nImmer wieder die gleiche Menschenverachtung.<\/p>\n<p>Nach innen ist das nicht anders. Wenn, wie in G\u00f6ttingen geschehen, ein Hochhaus voller armer Bewohner wegen Corona abgeriegelt wird und man erst vergisst, dass die Menschen Nahrung brauchen, und dann, nach ein paar Tagen, sie von der Tafel versorgen l\u00e4sst, weil das f\u00fcr Arme ja gut genug ist.<\/p>\n<p>Oder die F\u00e4lle, in denen Kinder infiziert sind und alleine in Quarant\u00e4ne sollen. Den Eltern vorgeschrieben wird, das Kind in ein Zimmer zu sperren, keine gemeinsamen Mahlzeiten einzunehmen, zwei Wochen lang, statt die ganze Familie mit in Quarant\u00e4ne zu nehmen und daf\u00fcr angemessen zu versorgen. Ja, den Familien wird sogar damit gedroht, ihnen die Kinder zu nehmen, wenn sie sich an diese Vorgaben nicht halten.<\/p>\n<p>Damals, in der DDR, wurde viel Wert darauf gelegt, uns mit Vorbildern bekannt zu machen, die einer humanistischen Haltung auch in der Not treu blieben. Erinnert ihr euch noch an Janusz Korcak, den polnischen P\u00e4dagogen? Ich war auf einer Schule, die nach ihm benannt war. Er nahm die F\u00fcrsorge f\u00fcr die ihm anvertrauten Kinder so ernst, dass er sie in die Gaskammer begleitete.<\/p>\n<p>&#8218;Wenn die Herrschenden vom Frieden reden&#8216;, schrieb Brecht, &#8218;wei\u00df das gemeine Volk, dass es Krieg gibt.&#8216; Man kann den Satz erg\u00e4nzen. Wenn die Herrschenden von Menschlichkeit reden, wei\u00df das gemeine Volk, dass es ihm an den Kragen geht.<\/p>\n<p>Es geht uns an den Kragen. Der Krieg nach innen, der damals, mit der Annektion unseres Vaterlands, mit den Raubz\u00fcgen der Treuhand begonnen wurde, trifft inzwischen so weite Teile der Bev\u00f6lkerung, dass er nicht mehr verdr\u00e4ngt werden kann. Der Unmut ist gro\u00df.<\/p>\n<p>Aber er hat keine klare Richtung. Noch kann er genutzt werden, solange die &#8218;Freiheit von&#8216; nicht vor die &#8218;Freiheit zu&#8216; tritt.<\/p>\n<p>Wir, die wir uns gegen den Aufmarsch wenden, der gegen Russland und China vollzogen wird, wissen, der Krieg nach innen und der Krieg nach au\u00dfen dienen denselben Interessen, werden von der gleichen Klasse betrieben; es ist stets der Krieg der Krupps gegen die Krauses.<\/p>\n<p>Es ist unsere Aufgabe, diese Klarheit nicht preiszugeben, sondern unser Bestes zu tun, den Kriegstreibern beider Art die Masken vom Gesicht zu rei\u00dfen, damit der so sichtbar schwelende Zorn sein wahres Ziel finden kann. Nur gegen sie kann das Gl\u00fcck errungen werden, das der Frieden beh\u00fcten soll.<\/p>\n<p>Damit die Sonne sch\u00f6n wie nie \u00fcber Deutschland scheint.<\/p>\n<p style=\"text-align: right;\"><em>Liane Kilinc ist Vorsitzende des <a href=\"https:\/\/www.fbko.org\/\" target=\"_blank\" rel=\"noopener noreferrer\">Vereins \u201eFriedensbr\u00fccke \u2013 Kriegsopferhilfe e.V.\u201c<\/a> sowie Mitglied im Deutschen Freidenker-Verband, Landesverband Berlin.<\/em><\/p>\n<hr \/>\n<p><span style=\"font-size: 10pt;\">Collage: Ralf Lux<br \/>\nunter Verwendung eines Bildes von <a href=\"https:\/\/pixabay.com\/de\/photos\/taube-flug-fliegen-bokeh-pfingsten-4241708\/\" target=\"_blank\" rel=\"noopener noreferrer\">pixabay.com<\/a> \/ <a class=\"hover_opacity\" href=\"https:\/\/pixabay.com\/de\/users\/geralt-9301\/\">geralt<\/a> \/ <a href=\"https:\/\/pixabay.com\/de\/service\/license\/\">Pixabay License<\/a><br \/>\n<\/span><\/p>\n","protected":false},"excerpt":{"rendered":"<p><b>Rede von Liane Kilinc<\/b> f\u00fcr die Initiative \u201eKein Aufmarschgebiet gegen Russland\u201c bei der Demonstration und Menschenkette der Kampagne \u201eStopp Air Base Ramstein\u201c, die f\u00fcr den 26.9.2020 in Berlin geplant war. &#8230;<br \/>\nWir wundern uns, so wenige zu sein, dabei ist es doch schon seit Jahren nicht mehr m\u00f6glich, eine Zeitung aufzuschlagen oder den Fernseher anzuschalten, ohne dass einem das Kriegsgetrommel in den Ohren dr\u00f6hnt. Wir bekommen mit, wie absurd und konstruiert die Brocken sind, die Stimmung machen sollen. &#8230; Bei jedem Tr\u00e4ger auch nur eines halben Gehirns m\u00fcsste die neueste Seifenoper \u00fcber Nawalny, dem n\u00e4chsten Opfer des wohl unzuverl\u00e4ssigsten Giftes der Weltgeschichte, schallendes Gel\u00e4chter ausl\u00f6sen. Stattdessen werden ernsthaft neue Sanktionen gegen Russland gefordert, bis in die Linkspartei.<\/p>\n","protected":false},"author":3,"featured_media":8607,"comment_status":"closed","ping_status":"closed","sticky":false,"template":"","format":"standard","meta":{"colormag_page_container_layout":"default_layout","colormag_page_sidebar_layout":"default_layout","advanced_seo_description":"","jetpack_seo_html_title":"","jetpack_seo_noindex":false,"jetpack_post_was_ever_published":false,"footnotes":""},"categories":[13],"tags":[1256,454,335,60,56,222],"class_list":["post-8600","post","type-post","status-publish","format-standard","has-post-thumbnail","hentry","category-frieden-antifaschismus-solidaritaet","tag-corona-virus","tag-ddr","tag-frieden","tag-kampagne-stopp-ramstein","tag-nato","tag-russland"],"jetpack_featured_media_url":"https:\/\/i0.wp.com\/www.freidenker.org\/fw17\/wp-content\/uploads\/2020\/09\/friedenstaube-4241708_mLogo_800x450.jpg?fit=800%2C450&ssl=1","jetpack_shortlink":"https:\/\/wp.me\/p9stpK-2eI","jetpack-related-posts":[{"id":272,"url":"https:\/\/www.freidenker.org\/?p=272","url_meta":{"origin":8600,"position":0},"title":"Gro\u00dfdemo gegen US-Basis Ramstein &#8211; Interview mit dem Vorsitzenden des Deutschen Freidenker-Verbandes","author":"Webmaster","date":"31. Mai 2016","format":false,"excerpt":"Rainer Rupp im Gespr\u00e4ch mit dem Bundesvorsitzenden des Deutschen Freidenker-Verbandes Klaus Hartmann \u00fcber die Kampagne \"Stopp Ramstein\", geplante Aktionen im Juni 2016 sowie die Initiative \"Deutschland raus aus der NATO \u2013 NATO raus aus Deutschland\u201c. \u201eVon deutschem Boden soll nie wieder Krieg ausgehen\u201c \u2013 das versicherte die Bundesregierung feierlich zum\u2026","rel":"","context":"In &quot;Frieden - Antifaschismus - Solidarit\u00e4t&quot;","block_context":{"text":"Frieden - Antifaschismus - Solidarit\u00e4t","link":"https:\/\/www.freidenker.org\/?cat=13"},"img":{"alt_text":"","src":"https:\/\/i0.wp.com\/www.freidenker.org\/fw17\/wp-content\/uploads\/2016\/07\/drone.jpg?fit=1200%2C763&ssl=1&resize=350%2C200","width":350,"height":200,"srcset":"https:\/\/i0.wp.com\/www.freidenker.org\/fw17\/wp-content\/uploads\/2016\/07\/drone.jpg?fit=1200%2C763&ssl=1&resize=350%2C200 1x, https:\/\/i0.wp.com\/www.freidenker.org\/fw17\/wp-content\/uploads\/2016\/07\/drone.jpg?fit=1200%2C763&ssl=1&resize=525%2C300 1.5x, https:\/\/i0.wp.com\/www.freidenker.org\/fw17\/wp-content\/uploads\/2016\/07\/drone.jpg?fit=1200%2C763&ssl=1&resize=700%2C400 2x, https:\/\/i0.wp.com\/www.freidenker.org\/fw17\/wp-content\/uploads\/2016\/07\/drone.jpg?fit=1200%2C763&ssl=1&resize=1050%2C600 3x"},"classes":[]},{"id":275,"url":"https:\/\/www.freidenker.org\/?p=275","url_meta":{"origin":8600,"position":1},"title":"Freidenker-Brief 2-2016: Kampagne Stopp Ramstein \u2013 Aktionswochenende im Juni","author":"Webmaster","date":"3. Juni 2016","format":false,"excerpt":"Der Deutsche Freidenker-Verband appelliert an seine Mitglieder und Sympathisanten, die Kampagne \u201eStopp Ramstein\u201c zu unterst\u00fctzen und an dem Aktionswochenende in Kaiserslautern\/Ramstein, 10. \u2013 12. Juni 2016, teilzunehmen. \u201eDie US-Airbase in Ramstein repr\u00e4sentiert fast alle Friedensbedrohungen, denen wir heute ausgesetzt sind.\u201c So Klaus Hartmann, der Vorsitzende des Deutschen Freidenker-Verbands in einem\u2026","rel":"","context":"In &quot;Freidenker-Brief&quot;","block_context":{"text":"Freidenker-Brief","link":"https:\/\/www.freidenker.org\/?cat=341"},"img":{"alt_text":"","src":"https:\/\/i0.wp.com\/www.freidenker.org\/fw17\/wp-content\/uploads\/2016\/07\/Megaphone.jpg?fit=800%2C445&ssl=1&resize=350%2C200","width":350,"height":200,"srcset":"https:\/\/i0.wp.com\/www.freidenker.org\/fw17\/wp-content\/uploads\/2016\/07\/Megaphone.jpg?fit=800%2C445&ssl=1&resize=350%2C200 1x, https:\/\/i0.wp.com\/www.freidenker.org\/fw17\/wp-content\/uploads\/2016\/07\/Megaphone.jpg?fit=800%2C445&ssl=1&resize=525%2C300 1.5x, https:\/\/i0.wp.com\/www.freidenker.org\/fw17\/wp-content\/uploads\/2016\/07\/Megaphone.jpg?fit=800%2C445&ssl=1&resize=700%2C400 2x"},"classes":[]},{"id":2988,"url":"https:\/\/www.freidenker.org\/?p=2988","url_meta":{"origin":8600,"position":2},"title":"Freidenker-Brief 6-2015: Deutschland raus aus der NATO &#8211; NATO raus aus Deutschland","author":"Webredaktion","date":"27. August 2015","format":false,"excerpt":"W\u00e4hrend manche \"Institutionen\" der Friedensbewegung fortgesetzt die Diskussion \u201eWie weiter mit der Friedensbewegung?\u201c f\u00fchren, gibt es erfreulicherweise auch Friedenskr\u00e4fte, die angesichts der gef\u00e4hrlichen internationalen Entwicklung aktiv werden, die auf Aktionen und auf Klarheit dr\u00e4ngen: Einerseits die im \"AK Frieden \/ Internationales\" des Deutschen Freidenker-Verbandes erarbeitete programmatische Erkl\u00e4rung zu Fragen von\u2026","rel":"","context":"In &quot;Freidenker-Brief&quot;","block_context":{"text":"Freidenker-Brief","link":"https:\/\/www.freidenker.org\/?cat=341"},"img":{"alt_text":"","src":"https:\/\/i0.wp.com\/www.freidenker.org\/fw17\/wp-content\/uploads\/2015\/08\/Global_Hawk_800x445_mLogo.jpg?fit=800%2C445&ssl=1&resize=350%2C200","width":350,"height":200,"srcset":"https:\/\/i0.wp.com\/www.freidenker.org\/fw17\/wp-content\/uploads\/2015\/08\/Global_Hawk_800x445_mLogo.jpg?fit=800%2C445&ssl=1&resize=350%2C200 1x, https:\/\/i0.wp.com\/www.freidenker.org\/fw17\/wp-content\/uploads\/2015\/08\/Global_Hawk_800x445_mLogo.jpg?fit=800%2C445&ssl=1&resize=525%2C300 1.5x, https:\/\/i0.wp.com\/www.freidenker.org\/fw17\/wp-content\/uploads\/2015\/08\/Global_Hawk_800x445_mLogo.jpg?fit=800%2C445&ssl=1&resize=700%2C400 2x"},"classes":[]},{"id":252,"url":"https:\/\/www.freidenker.org\/?p=252","url_meta":{"origin":8600,"position":3},"title":"Kein Drohnenkrieg \u2013 Stopp Ramstein","author":"Webmaster","date":"21. Mai 2016","format":false,"excerpt":"Appell der Planungskonferenz \u201eStopp Ramstein\u201c Kommt und macht mit bei der Menschenkette am 11. Juno 2016! Ramstein steht f\u00fcr die Politik von Interventionen und Krieg, von \u00dcberwachung und Militarismus. Von Ramstein gehen durch die weltweiten Drohneneins\u00e4tze tagt\u00e4glich Tod, Leid, Terror und Verderben aus. Drohnenkrieg ist Serienmord. Als erstes muss die\u2026","rel":"","context":"In &quot;Frieden - Antifaschismus - Solidarit\u00e4t&quot;","block_context":{"text":"Frieden - Antifaschismus - Solidarit\u00e4t","link":"https:\/\/www.freidenker.org\/?cat=13"},"img":{"alt_text":"","src":"https:\/\/i0.wp.com\/www.freidenker.org\/fw17\/wp-content\/uploads\/2016\/07\/Stop_Hand.jpg?fit=800%2C445&ssl=1&resize=350%2C200","width":350,"height":200,"srcset":"https:\/\/i0.wp.com\/www.freidenker.org\/fw17\/wp-content\/uploads\/2016\/07\/Stop_Hand.jpg?fit=800%2C445&ssl=1&resize=350%2C200 1x, https:\/\/i0.wp.com\/www.freidenker.org\/fw17\/wp-content\/uploads\/2016\/07\/Stop_Hand.jpg?fit=800%2C445&ssl=1&resize=525%2C300 1.5x, https:\/\/i0.wp.com\/www.freidenker.org\/fw17\/wp-content\/uploads\/2016\/07\/Stop_Hand.jpg?fit=800%2C445&ssl=1&resize=700%2C400 2x"},"classes":[]},{"id":5128,"url":"https:\/\/www.freidenker.org\/?p=5128","url_meta":{"origin":8600,"position":4},"title":"Rufmord","author":"Webredaktion","date":"15. November 2017","format":false,"excerpt":"Beitrag von Helene und Ansgar Klein In dem Internetauftritt der Kampagne \u201eKrieg beginnt hier\u201c erschien nach der \u201eStopp Ramstein-Aktion 2017\u201c der Artikel: \u201eKampagne \u201aStopp Airbase Ramstein 2017\u2019: Licht und Schatten\u201c. Dieser Artikel ist in unseren Augen ein derma\u00dfen massiver Angriff auf eine wichtige Kampagne der Friedensbewegung und auf deren Organisatoren\u2026","rel":"","context":"In &quot;Zeit der Verleumder - Freidenker f\u00fcr Klartext&quot;","block_context":{"text":"Zeit der Verleumder - Freidenker f\u00fcr Klartext","link":"https:\/\/www.freidenker.org\/?cat=937"},"img":{"alt_text":"","src":"https:\/\/i0.wp.com\/www.freidenker.org\/fw17\/wp-content\/uploads\/2017\/11\/Ganser_800x445.jpg?fit=800%2C445&ssl=1&resize=350%2C200","width":350,"height":200,"srcset":"https:\/\/i0.wp.com\/www.freidenker.org\/fw17\/wp-content\/uploads\/2017\/11\/Ganser_800x445.jpg?fit=800%2C445&ssl=1&resize=350%2C200 1x, https:\/\/i0.wp.com\/www.freidenker.org\/fw17\/wp-content\/uploads\/2017\/11\/Ganser_800x445.jpg?fit=800%2C445&ssl=1&resize=525%2C300 1.5x, https:\/\/i0.wp.com\/www.freidenker.org\/fw17\/wp-content\/uploads\/2017\/11\/Ganser_800x445.jpg?fit=800%2C445&ssl=1&resize=700%2C400 2x"},"classes":[]},{"id":4491,"url":"https:\/\/www.freidenker.org\/?p=4491","url_meta":{"origin":8600,"position":5},"title":"Aktionswoche Stopp Air Base Ramstein 2017","author":"Webredaktion","date":"12. September 2017","format":false,"excerpt":"Kurzbericht von der Aktionswoche an der Ramstein Air Base vom 3. bis zum 10.09.2017 Die diesj\u00e4hrigen Aktionen gegen die Air Base Ramstein wurden von den Veranstaltern als gro\u00dfer Erfolg gewertet: Sie waren eine der gro\u00dfen Aktionen der Friedensbewegung, als Einzelaktion 2017 mit Abstand die gr\u00f6\u00dfte Friedensaktion in Deutschland. Die Gr\u00fcndung\u2026","rel":"","context":"In &quot;Frieden - Antifaschismus - Solidarit\u00e4t&quot;","block_context":{"text":"Frieden - Antifaschismus - Solidarit\u00e4t","link":"https:\/\/www.freidenker.org\/?cat=13"},"img":{"alt_text":"","src":"https:\/\/i0.wp.com\/www.freidenker.org\/fw17\/wp-content\/uploads\/2018\/02\/Ramstein-2017.jpg?fit=800%2C445&ssl=1&resize=350%2C200","width":350,"height":200,"srcset":"https:\/\/i0.wp.com\/www.freidenker.org\/fw17\/wp-content\/uploads\/2018\/02\/Ramstein-2017.jpg?fit=800%2C445&ssl=1&resize=350%2C200 1x, https:\/\/i0.wp.com\/www.freidenker.org\/fw17\/wp-content\/uploads\/2018\/02\/Ramstein-2017.jpg?fit=800%2C445&ssl=1&resize=525%2C300 1.5x, https:\/\/i0.wp.com\/www.freidenker.org\/fw17\/wp-content\/uploads\/2018\/02\/Ramstein-2017.jpg?fit=800%2C445&ssl=1&resize=700%2C400 2x"},"classes":[]}],"_links":{"self":[{"href":"https:\/\/www.freidenker.org\/index.php?rest_route=\/wp\/v2\/posts\/8600","targetHints":{"allow":["GET"]}}],"collection":[{"href":"https:\/\/www.freidenker.org\/index.php?rest_route=\/wp\/v2\/posts"}],"about":[{"href":"https:\/\/www.freidenker.org\/index.php?rest_route=\/wp\/v2\/types\/post"}],"author":[{"embeddable":true,"href":"https:\/\/www.freidenker.org\/index.php?rest_route=\/wp\/v2\/users\/3"}],"replies":[{"embeddable":true,"href":"https:\/\/www.freidenker.org\/index.php?rest_route=%2Fwp%2Fv2%2Fcomments&post=8600"}],"version-history":[{"count":0,"href":"https:\/\/www.freidenker.org\/index.php?rest_route=\/wp\/v2\/posts\/8600\/revisions"}],"wp:featuredmedia":[{"embeddable":true,"href":"https:\/\/www.freidenker.org\/index.php?rest_route=\/wp\/v2\/media\/8607"}],"wp:attachment":[{"href":"https:\/\/www.freidenker.org\/index.php?rest_route=%2Fwp%2Fv2%2Fmedia&parent=8600"}],"wp:term":[{"taxonomy":"category","embeddable":true,"href":"https:\/\/www.freidenker.org\/index.php?rest_route=%2Fwp%2Fv2%2Fcategories&post=8600"},{"taxonomy":"post_tag","embeddable":true,"href":"https:\/\/www.freidenker.org\/index.php?rest_route=%2Fwp%2Fv2%2Ftags&post=8600"}],"curies":[{"name":"wp","href":"https:\/\/api.w.org\/{rel}","templated":true}]}}